{"id":46314,"date":"2024-04-10T19:15:55","date_gmt":"2024-04-10T22:15:55","guid":{"rendered":"https:\/\/noticiasribeiraopreto.com.br\/index.php\/2024\/04\/10\/veja-por-qual-motivo-ribeirao-preto-e-conhecida-como-california-brasileira\/"},"modified":"2024-04-10T19:15:55","modified_gmt":"2024-04-10T22:15:55","slug":"veja-por-qual-motivo-ribeirao-preto-e-conhecida-como-california-brasileira","status":"publish","type":"post","link":"https:\/\/noticiasribeiraopreto.com.br\/index.php\/2024\/04\/10\/veja-por-qual-motivo-ribeirao-preto-e-conhecida-como-california-brasileira\/","title":{"rendered":"Veja por qual motivo Ribeir\u00e3o Preto \u00e9 conhecida como &#8216;Calif\u00f3rnia Brasileira&#8217;"},"content":{"rendered":"<div class='code-block code-block-1' style='margin: 8px 0 8px auto; text-align: right; display: block; clear: both;'>\n<p><a href=\"https:\/\/wa.link\/vpicfd\"><img data-recalc-dims=\"1\" class=\"wp-image-4922\" style=\"aspect-ratio: 2.0253164556962027; width: 561px; height: auto;\" src=\"https:\/\/i0.wp.com\/ismaelcolosi.com.br\/wp-content\/uploads\/2023\/11\/grupo-de-empregos-whatsapp-e-facebook-ismael-colosi-vagas.jpg?ssl=1\" alt=\"\" \/><\/a><\/p>\n<!-- \/wp:image -->\n<\/div>\n<p> <br \/>\n<\/p>\n<div>\n<p>Voc\u00ea sabe por que a cidade de <strong>Ribeir\u00e3o Preto<\/strong> \u00e9 conhecida como \u201c<strong>Calif\u00f3rnia Brasileira<\/strong>\u201d? Nos \u00faltimos dias, o termo voltou a ser um dos <strong>assuntos em alta<\/strong> na internet e portal <strong>acidade on<\/strong> foi atr\u00e1s dessa resposta para voc\u00ea. <em>Confira<\/em>:<\/p>\n<p>Popularizado no fim dos anos 1980 e in\u00edcio de 1990, o <strong>termo <\/strong>foi utilizado em reportagens de jornal e televis\u00e3o. Inclusive, em um <strong>especial do Globo Rep\u00f3rter<\/strong>, que mostrava o <strong>desenvolvimento <\/strong>da <strong>agroind\u00fastria <\/strong>na regi\u00e3o.<\/p>\n<p>O apelido <strong>\u201cCalif\u00f3rnia Brasileira<\/strong>\u201d foi criado pelo escritor e jornalista <strong>Ricardo Kotscho<\/strong>, rep\u00f3rter do Jornal do Brasil na \u00e9poca.<\/p>\n<p>Em entrevista ao <strong>acidade on Ribeir\u00e3o<\/strong>, em junho de 2022, <strong>Kotscho <\/strong>contou como surgiu o t\u00edtulo, que inicialmente se referia a cidade como \u201cCalif\u00f3rnia Paulista\u201d, em mat\u00e9ria publicada no dia 22 de mar\u00e7o de 1987.<\/p>\n<p>Segundo o jornalista, <mark style=\"background-color:#fcb900\" class=\"has-inline-color\">o tema da reportagem surgiu a pedido do ent\u00e3o chefe da sucursal de S\u00e3o Paulo do Jornal do Brasil, Augusto Nunes, que \u00e9 natural de <strong>Taquaritinga<\/strong>.<\/mark> Kotscho recorda que Nunes era amigo do ex-ministro da Ind\u00fastria do governo Jos\u00e9 Sarney Roberto Gusm\u00e3o, que presidia a <strong>Cervejaria Antarctica Paulista em Ribeir\u00e3o Preto<\/strong>.\u00a0<\/p>\n<figure class=\"wp-block-pullquote\">\n<blockquote>\n<p>Roberto Gusm\u00e3o comentou com o Augusto como a cidade estava se desenvolvendo, as coisas boas, o crescimento, aquele neg\u00f3cio todo. Saiu um dado socioecon\u00f4mico sobre Ribeir\u00e3o Preto, que tinha melhor renda m\u00e9dia, n\u00e3o tinha, na \u00e9poca, menores abandonados na rua, e a ind\u00fastria e a agricultura estavam crescendo<\/p>\n<p><cite>Ricardo Kotscho em entrevista ao portal acidade on Ribeir\u00e3o<\/cite><\/p><\/blockquote>\n<\/figure>\n<p>Ele lembra que ficou em Ribeir\u00e3o Preto por 15 dias realizando entrevistas e pesquisas para a mat\u00e9ria. \u201cEnt\u00e3o, nas conversas que eu tive, surgiu essa express\u00e3o \u2018isso aqui est\u00e1 parecendo a Calif\u00f3rnia\u2019. E eu falei \u2018a Calif\u00f3rnia Paulista\u2019\u201d, recordou o jornalista de 76 anos.<\/p>\n<p>Na \u00e9poca, ele disse que ap\u00f3s a publica\u00e7\u00e3o da mat\u00e9ria, <strong>a cidade foi tema de diversas reportagens no mesmo sentido<\/strong>, inclusive da televis\u00e3o. \u201cE, a partir da\u00ed, um monte de gente da regi\u00e3o, de outros lugares, come\u00e7ou ir para a\u00ed em busca de empregos. Achando que a\u00ed era uma maravilha, que tinha lugar para todo mundo\u201d.<\/p>\n<h4 class=\"wp-block-heading\"><strong>Virou uma cidade grande<\/strong><\/h4>\n<p>Durante a entrevista, Kotscho recordou que vinha com frequ\u00eancia para regi\u00e3o de <strong>Ribeir\u00e3o Preto<\/strong> para escrever reportagens, criando uma rela\u00e7\u00e3o com a cidade.<\/p>\n<p>Ele voltou para o munic\u00edpio outras vezes para escrever mat\u00e9rias sobre a situa\u00e7\u00e3o de Ribeir\u00e3o que n\u00e3o foi t\u00e3o afetada pela crise econ\u00f4mica nos anos seguintes.<\/p>\n<figure class=\"wp-block-pullquote\">\n<blockquote>\n<p>At\u00e9 hoje eu gosto, s\u00f3 que para o meu gosto, cresceu demais. Virou uma cidade grande. Antigamente, Ribeir\u00e3o tinha as vantagens da cidade grande, que era teatro, cinema, uma vida cultural agitada, um bom chope e belos parques e ao mesmo tempo parecia uma cidade do interior. Depois virou uma baita cidade grande, muito pr\u00e9dio<\/p>\n<p><cite>Ricardo Kotscho em entrevista ao portal acidade on Ribeir\u00e3o<\/cite><\/p><\/blockquote>\n<\/figure>\n<p>Contudo, o escritor tamb\u00e9m disse que ainda v\u00ea em Ribeir\u00e3o Preto um <strong>lugar de excel\u00eancia no Estado de S\u00e3o Paulo<\/strong> e no <strong>Brasil<\/strong>.<\/p>\n<p>\u201cMuito em circunst\u00e2ncias porque \u00e9 uma cidade universit\u00e1ria. Acho que esse \u00e9 o grande motor do desenvolvimento da cidade. Tem belas faculdades, universidades, ent\u00e3o acho que isso contribui para manter o centro de excel\u00eancia\u201d, finalizou.<\/p>\n<h4 class=\"wp-block-heading\"><strong>N\u00fameros em Ribeir\u00e3o Preto<\/strong><\/h4>\n<p>Na mat\u00e9ria publicada em <strong>mar\u00e7o de 1987<\/strong>, <strong>Kotscho <\/strong>destacou alguns n\u00fameros sobre Ribeir\u00e3o Preto naquela ocasi\u00e3o, como a renda per capita de 5,6 mil d\u00f3lares por ano. <mark style=\"background-color:#fcb900\" class=\"has-inline-color\">Hoje a renda per capita anual, calculada a partir do <strong>PIB (Produto Interno Bruto) <\/strong>de 2021, \u00e9 equivalente a <strong>R$ 42,2 mil<\/strong> \u2013 cerca de 8,2 mil d\u00f3lares.<\/mark><\/p>\n<p>Na reportagem, Kotscho cita que o ent\u00e3o<strong> prefeito de Ribeir\u00e3o Preto Jo\u00e3o Gilberto Sampaio<\/strong> havia assumido a gest\u00e3o, em 1983, com a cidade tendo uma popula\u00e7\u00e3o estimada em 318 mil habitantes. Contudo, em 1987, a proje\u00e7\u00e3o j\u00e1 indicava quase 500 mil habitantes.<\/p>\n<p>De acordo com o <strong>Censo 2022<\/strong>, realizado pelo <strong>IBGE (Instituto Brasileiro de Geografia e Estat\u00edstica)<\/strong>, a popula\u00e7\u00e3o de <strong>Ribeir\u00e3o Preto<\/strong> \u00e9 de 698.642 moradores.<\/p>\n<p>Na ocasi\u00e3o, o or\u00e7amento da prefeitura era de 700 milh\u00f5es de Cruzados \u2013 equivalente a R$ 422,8 milh\u00f5es nos valores atuais, segundo o<strong> Banco Central<\/strong>. Hoje, o or\u00e7amento da <strong>Prefeitura de Ribeir\u00e3o Preto<\/strong> \u00e9 de <strong>R$ 4,8 bilh\u00f5es<\/strong>.<\/p>\n<p>Apontado como \u201cmovimentado\u201d por Kotscho na reportagem, o <strong>aeroporto Leite Lopes<\/strong> recebeu 9 mil voos e decolagens por ano em 1986, ano anterior \u00e0 publica\u00e7\u00e3o da mat\u00e9ria.<\/p>\n<p>Al\u00e9m disso, 94 mil passageiros passaram pelo aer\u00f3dromo na ocasi\u00e3o. Em 2019, antes da pandemia da covid-19, o aeroporto de Ribeir\u00e3o Preto recebeu 923,6 mil passageiros e 34,9 mil pousos e decolagens, de acordo com o Daesp.<\/p>\n<p><em>*A reportagem foi publicada originalmente no dia 16 de junho de 2022 na s\u00e9rie de reportagens sobre o anivers\u00e1rio de 166 anos de Ribeir\u00e3o Preto.<\/em><\/p>\n<hr class=\"wp-block-separator has-alpha-channel-opacity\"\/>\n<p>SAIBA MAIS<\/p>\n<p>Carnaval fora de \u00e9poca: \u2018Um Amor em Cada Bloco\u2019 agita Ribeir\u00e3o Preto; Veja quando<\/p>\n<h4 class=\"wp-block-heading\"><strong><mark style=\"background-color:#fcb900\" class=\"has-inline-color\">FIQUE ON<\/mark><\/strong><\/h4>\n<p>Fique ligado em tudo que acontece em Ribeir\u00e3o Preto e regi\u00e3o. Siga os perfis do\u00a0<strong>acidade on\u00a0<\/strong>no\u00a0<a href=\"https:\/\/www.instagram.com\/acidadeonribeirao\" target=\"_blank\" rel=\"noreferrer noopener\">Instagram<\/a>\u00a0e no\u00a0<a href=\"https:\/\/www.facebook.com\/acidadeonribeirao\" target=\"_blank\" rel=\"noreferrer noopener\">Facebook<\/a>.<\/p>\n<p>Receba not\u00edcias do acidade on no WhatsApp. Para entrar no grupo, basta\u00a0<a href=\"https:\/\/chat.whatsapp.com\/GFH9HUMUTHNFJdnyEd0xxq\" target=\"_blank\" rel=\"noreferrer noopener\">clicar aqui<\/a>.<\/p>\n<p>Fa\u00e7a uma den\u00fancia ou sugira uma reportagem sobre Ribeir\u00e3o Preto e regi\u00e3o pelo WhatsApp: 16 99117 7802.<\/p>\n<p>VEJA TAMB\u00c9M<\/p>\n<p>Gil do Vigor comenta rejei\u00e7\u00e3o de Beatriz no BBB 24<\/p>\n<p><!-- AI CONTENT END 1 -->\n<\/div>\n<p><script async src=\"\/\/www.instagram.com\/embed.js\"><\/script><br \/>\n<br \/><br \/>\n<br \/><a href=\"https:\/\/www.acidadeon.com\/ribeiraopreto\/cotidiano\/veja-por-qual-motivo-ribeirao-preto-e-conhecida-como-california-brasileira\/\">Source link <\/a><\/p>\n<!-- CONTENT END 1 -->\n","protected":false},"excerpt":{"rendered":"<p>Voc\u00ea sabe por que a cidade de Ribeir\u00e3o Preto \u00e9 conhecida como \u201cCalif\u00f3rnia Brasileira\u201d? Nos \u00faltimos dias, o termo voltou a ser um dos assuntos&#8230;<\/p>\n","protected":false},"author":1,"featured_media":46315,"comment_status":"open","ping_status":"open","sticky":false,"template":"","format":"standard","meta":{"advanced_seo_description":"","jetpack_seo_html_title":"","jetpack_seo_noindex":false,"jetpack_post_was_ever_published":false,"_jetpack_newsletter_access":"","_jetpack_dont_email_post_to_subs":false,"_jetpack_newsletter_tier_id":0,"_jetpack_memberships_contains_paywalled_content":false,"_jetpack_memberships_contains_paid_content":false,"footnotes":"","jetpack_publicize_message":"","jetpack_publicize_feature_enabled":true,"jetpack_social_post_already_shared":true,"jetpack_social_options":{"image_generator_settings":{"template":"highway","default_image_id":0,"font":"","enabled":false},"version":2}},"categories":[11],"tags":[],"class_list":["post-46314","post","type-post","status-publish","format-standard","has-post-thumbnail","hentry","category-noticias-de-ribeirao-preto-sp-e-regiao-ismael-colosi"],"jetpack_publicize_connections":[],"jetpack_featured_media_url":"https:\/\/i0.wp.com\/noticiasribeiraopreto.com.br\/wp-content\/uploads\/2024\/04\/FrioetemposecoVejatemperaturasprevistasemRibeiroPretonosprximosdias_Tamanho_2_image.jpg?fit=1200%2C900&ssl=1","jetpack-related-posts":[{"id":61139,"url":"https:\/\/noticiasribeiraopreto.com.br\/index.php\/2024\/12\/04\/quem-criou-o-termo-california-brasileira-para-ribeirao-preto\/","url_meta":{"origin":46314,"position":0},"title":"Quem criou o termo &#8216;Calif\u00f3rnia Brasileira&#8217; para Ribeir\u00e3o Preto?","author":"noticiasribeiraopreto.com.br","date":"4 de December de 2024","format":false,"excerpt":"Um dos termos que mais s\u00e3o relacionados com Ribeir\u00e3o Preto na internet \u00e9 \u201cCalif\u00f3rnia Brasileira\u201d, contudo, poucas pessoas sabem quem foi o respons\u00e1vel por criar o apelido que ganhou popularidade entre o fim dos anos de 1980 e o in\u00edcio dos anos de 1990. A express\u00e3o foi muito utilizada por\u2026","rel":"","context":"In &quot;Not\u00edcias de Ribeir\u00e3o Preto-SP e Regi\u00e3o&quot;","block_context":{"text":"Not\u00edcias de Ribeir\u00e3o Preto-SP e Regi\u00e3o","link":"https:\/\/noticiasribeiraopreto.com.br\/index.php\/category\/noticias-de-ribeirao-preto-sp-e-regiao-ismael-colosi\/"},"img":{"alt_text":"","src":"https:\/\/i0.wp.com\/noticiasribeiraopreto.com.br\/wp-content\/uploads\/2024\/08\/PORTICO-FERNANDO-GONZAGA_2024-07-05_14-45-59_jpeg_2024-07-05_14-45-59.webp.webp?fit=1200%2C800&ssl=1&resize=350%2C200","width":350,"height":200,"srcset":"https:\/\/i0.wp.com\/noticiasribeiraopreto.com.br\/wp-content\/uploads\/2024\/08\/PORTICO-FERNANDO-GONZAGA_2024-07-05_14-45-59_jpeg_2024-07-05_14-45-59.webp.webp?fit=1200%2C800&ssl=1&resize=350%2C200 1x, https:\/\/i0.wp.com\/noticiasribeiraopreto.com.br\/wp-content\/uploads\/2024\/08\/PORTICO-FERNANDO-GONZAGA_2024-07-05_14-45-59_jpeg_2024-07-05_14-45-59.webp.webp?fit=1200%2C800&ssl=1&resize=525%2C300 1.5x, https:\/\/i0.wp.com\/noticiasribeiraopreto.com.br\/wp-content\/uploads\/2024\/08\/PORTICO-FERNANDO-GONZAGA_2024-07-05_14-45-59_jpeg_2024-07-05_14-45-59.webp.webp?fit=1200%2C800&ssl=1&resize=700%2C400 2x, https:\/\/i0.wp.com\/noticiasribeiraopreto.com.br\/wp-content\/uploads\/2024\/08\/PORTICO-FERNANDO-GONZAGA_2024-07-05_14-45-59_jpeg_2024-07-05_14-45-59.webp.webp?fit=1200%2C800&ssl=1&resize=1050%2C600 3x"},"classes":[]},{"id":53318,"url":"https:\/\/noticiasribeiraopreto.com.br\/index.php\/2024\/06\/18\/aniversario-de-ribeirao-preto-suposto-vulcao-california-brasileira-e-outras-curiosidades-sobre-a-cidade\/","url_meta":{"origin":46314,"position":1},"title":"Anivers\u00e1rio de Ribeir\u00e3o Preto: Suposto vulc\u00e3o, Calif\u00f3rnia Brasileira e outras curiosidades sobre a cidade","author":"noticiasribeiraopreto.com.br","date":"18 de June de 2024","format":false,"excerpt":"Ribeir\u00e3o Preto \u00e9 uma cidade que alia tradi\u00e7\u00e3o e modernidade, guardando hist\u00f3rias fascinantes e curiosidades \u00fanicas. O munic\u00edpio completa 168 anos nesta quarta-feira, 19 de junho, e o acidadeon preparou uma lista com cinco curiosidades sobre a cidade. Confira: Vulc\u00e3o Adormecido Uma antiga hist\u00f3ria sobre a exist\u00eancia de um vulc\u00e3o\u2026","rel":"","context":"In &quot;Not\u00edcias de Ribeir\u00e3o Preto-SP e Regi\u00e3o&quot;","block_context":{"text":"Not\u00edcias de Ribeir\u00e3o Preto-SP e Regi\u00e3o","link":"https:\/\/noticiasribeiraopreto.com.br\/index.php\/category\/noticias-de-ribeirao-preto-sp-e-regiao-ismael-colosi\/"},"img":{"alt_text":"","src":"https:\/\/i0.wp.com\/noticiasribeiraopreto.com.br\/wp-content\/uploads\/2024\/06\/WhatsApp-Image-2024-06-13-at-10.11.31_2024-06-13_13-22-04_jpeg_2024-06-13_13-22-05-scaled.webp.webp?fit=1200%2C675&ssl=1&resize=350%2C200","width":350,"height":200,"srcset":"https:\/\/i0.wp.com\/noticiasribeiraopreto.com.br\/wp-content\/uploads\/2024\/06\/WhatsApp-Image-2024-06-13-at-10.11.31_2024-06-13_13-22-04_jpeg_2024-06-13_13-22-05-scaled.webp.webp?fit=1200%2C675&ssl=1&resize=350%2C200 1x, https:\/\/i0.wp.com\/noticiasribeiraopreto.com.br\/wp-content\/uploads\/2024\/06\/WhatsApp-Image-2024-06-13-at-10.11.31_2024-06-13_13-22-04_jpeg_2024-06-13_13-22-05-scaled.webp.webp?fit=1200%2C675&ssl=1&resize=525%2C300 1.5x, https:\/\/i0.wp.com\/noticiasribeiraopreto.com.br\/wp-content\/uploads\/2024\/06\/WhatsApp-Image-2024-06-13-at-10.11.31_2024-06-13_13-22-04_jpeg_2024-06-13_13-22-05-scaled.webp.webp?fit=1200%2C675&ssl=1&resize=700%2C400 2x, https:\/\/i0.wp.com\/noticiasribeiraopreto.com.br\/wp-content\/uploads\/2024\/06\/WhatsApp-Image-2024-06-13-at-10.11.31_2024-06-13_13-22-04_jpeg_2024-06-13_13-22-05-scaled.webp.webp?fit=1200%2C675&ssl=1&resize=1050%2C600 3x"},"classes":[]},{"id":67314,"url":"https:\/\/noticiasribeiraopreto.com.br\/index.php\/2025\/04\/12\/sabado-de-sol-confira-a-previsao-do-tempo-para-ribeirao-preto\/","url_meta":{"origin":46314,"position":2},"title":"S\u00e1bado de sol? Confira a previs\u00e3o do tempo para Ribeir\u00e3o Preto","author":"noticiasribeiraopreto.com.br","date":"12 de April de 2025","format":false,"excerpt":"O s\u00e1bado come\u00e7ou com tempo firme e c\u00e9u claro em Ribeir\u00e3o Preto, conhecida como a \u201cCalif\u00f3rnia Brasileira\u201d. Apesar das temperaturas mais amenas durante a manh\u00e3, os moradores podem esperar um dia t\u00edpico de outono, marcado pelo sol entre nuvens e aus\u00eancia de chuva. Como fica o tempo em Ribeir\u00e3o Preto\u2026","rel":"","context":"In &quot;Not\u00edcias de Ribeir\u00e3o Preto-SP e Regi\u00e3o&quot;","block_context":{"text":"Not\u00edcias de Ribeir\u00e3o Preto-SP e Regi\u00e3o","link":"https:\/\/noticiasribeiraopreto.com.br\/index.php\/category\/noticias-de-ribeirao-preto-sp-e-regiao-ismael-colosi\/"},"img":{"alt_text":"","src":"https:\/\/i0.wp.com\/noticiasribeiraopreto.com.br\/wp-content\/uploads\/2024\/12\/DIA-DE-SOL_2024-12-30_10-53-15_jpg_2024-12-30_10-53-15.webp.webp?fit=1200%2C960&ssl=1&resize=350%2C200","width":350,"height":200,"srcset":"https:\/\/i0.wp.com\/noticiasribeiraopreto.com.br\/wp-content\/uploads\/2024\/12\/DIA-DE-SOL_2024-12-30_10-53-15_jpg_2024-12-30_10-53-15.webp.webp?fit=1200%2C960&ssl=1&resize=350%2C200 1x, https:\/\/i0.wp.com\/noticiasribeiraopreto.com.br\/wp-content\/uploads\/2024\/12\/DIA-DE-SOL_2024-12-30_10-53-15_jpg_2024-12-30_10-53-15.webp.webp?fit=1200%2C960&ssl=1&resize=525%2C300 1.5x, https:\/\/i0.wp.com\/noticiasribeiraopreto.com.br\/wp-content\/uploads\/2024\/12\/DIA-DE-SOL_2024-12-30_10-53-15_jpg_2024-12-30_10-53-15.webp.webp?fit=1200%2C960&ssl=1&resize=700%2C400 2x, https:\/\/i0.wp.com\/noticiasribeiraopreto.com.br\/wp-content\/uploads\/2024\/12\/DIA-DE-SOL_2024-12-30_10-53-15_jpg_2024-12-30_10-53-15.webp.webp?fit=1200%2C960&ssl=1&resize=1050%2C600 3x"},"classes":[]},{"id":63865,"url":"https:\/\/noticiasribeiraopreto.com.br\/index.php\/2025\/02\/24\/descer-para-bc-cidade-conhecida-pelos-predios-altos-sera-discutida-em-ribeirao-preto\/","url_meta":{"origin":46314,"position":3},"title":"Descer para BC? Cidade conhecida pelos pr\u00e9dios altos ser\u00e1 discutida em Ribeir\u00e3o Preto","author":"noticiasribeiraopreto.com.br","date":"24 de February de 2025","format":false,"excerpt":"O ex-prefeito de Balne\u00e1rio Cambori\u00fa-SC Fabr\u00edcio Oliveira realiza em Ribeir\u00e3o Preto, nesta segunda-feira (24), uma palestra sobre o mercado imobili\u00e1rio. Balne\u00e1rio Camburi\u00fa, que foi retratada no hit de ver\u00e3o \u201cDescer Pra BC\u201d, ficou conhecida como a \u201cDubai Brasileira\u201d, em raz\u00e3o dos pr\u00e9dios altos constru\u00eddos nos \u00faltimos anos. O tema da\u2026","rel":"","context":"In &quot;Not\u00edcias de Ribeir\u00e3o Preto-SP e Regi\u00e3o&quot;","block_context":{"text":"Not\u00edcias de Ribeir\u00e3o Preto-SP e Regi\u00e3o","link":"https:\/\/noticiasribeiraopreto.com.br\/index.php\/category\/noticias-de-ribeirao-preto-sp-e-regiao-ismael-colosi\/"},"img":{"alt_text":"","src":"https:\/\/i0.wp.com\/noticiasribeiraopreto.com.br\/wp-content\/uploads\/2025\/02\/balenario-camburiu_2025-02-24_16-17-28_jpg_2025-02-24_16-17-28.webp.webp?fit=1051%2C642&ssl=1&resize=350%2C200","width":350,"height":200,"srcset":"https:\/\/i0.wp.com\/noticiasribeiraopreto.com.br\/wp-content\/uploads\/2025\/02\/balenario-camburiu_2025-02-24_16-17-28_jpg_2025-02-24_16-17-28.webp.webp?fit=1051%2C642&ssl=1&resize=350%2C200 1x, https:\/\/i0.wp.com\/noticiasribeiraopreto.com.br\/wp-content\/uploads\/2025\/02\/balenario-camburiu_2025-02-24_16-17-28_jpg_2025-02-24_16-17-28.webp.webp?fit=1051%2C642&ssl=1&resize=525%2C300 1.5x, https:\/\/i0.wp.com\/noticiasribeiraopreto.com.br\/wp-content\/uploads\/2025\/02\/balenario-camburiu_2025-02-24_16-17-28_jpg_2025-02-24_16-17-28.webp.webp?fit=1051%2C642&ssl=1&resize=700%2C400 2x, https:\/\/i0.wp.com\/noticiasribeiraopreto.com.br\/wp-content\/uploads\/2025\/02\/balenario-camburiu_2025-02-24_16-17-28_jpg_2025-02-24_16-17-28.webp.webp?fit=1051%2C642&ssl=1&resize=1050%2C600 3x"},"classes":[]},{"id":79003,"url":"https:\/\/noticiasribeiraopreto.com.br\/index.php\/2025\/10\/22\/bloco-california-de-ribeirao-preto-anuncia-novos-socios-confira\/","url_meta":{"origin":46314,"position":4},"title":"Bloco Calif\u00f3rnia de Ribeir\u00e3o Preto anuncia novos s\u00f3cios; Confira","author":"noticiasribeiraopreto.com.br","date":"22 de October de 2025","format":false,"excerpt":"O pr\u00e9-carnaval do Bloco Calif\u00f3rnia, de Ribeir\u00e3o Preto, anunciou nesta quarta-feira (22) a chegada de dois novos s\u00f3cios: Matheus Calil, do Viola Show, e Luiz Casagrande Junior, da Casagrande Eventos, nomes conhecidos pela cena sertaneja e respons\u00e1veis por festivais e turn\u00eas no interior paulista. \u201cRibeir\u00e3o Preto tem uma liga\u00e7\u00e3o muito\u2026","rel":"","context":"In &quot;Not\u00edcias de Ribeir\u00e3o Preto-SP e Regi\u00e3o&quot;","block_context":{"text":"Not\u00edcias de Ribeir\u00e3o Preto-SP e Regi\u00e3o","link":"https:\/\/noticiasribeiraopreto.com.br\/index.php\/category\/noticias-de-ribeirao-preto-sp-e-regiao-ismael-colosi\/"},"img":{"alt_text":"","src":"https:\/\/i0.wp.com\/noticiasribeiraopreto.com.br\/wp-content\/uploads\/2025\/10\/bloco-california-11_2025-10-22_16-11-17.webp.webp?fit=1200%2C874&ssl=1&resize=350%2C200","width":350,"height":200,"srcset":"https:\/\/i0.wp.com\/noticiasribeiraopreto.com.br\/wp-content\/uploads\/2025\/10\/bloco-california-11_2025-10-22_16-11-17.webp.webp?fit=1200%2C874&ssl=1&resize=350%2C200 1x, https:\/\/i0.wp.com\/noticiasribeiraopreto.com.br\/wp-content\/uploads\/2025\/10\/bloco-california-11_2025-10-22_16-11-17.webp.webp?fit=1200%2C874&ssl=1&resize=525%2C300 1.5x, https:\/\/i0.wp.com\/noticiasribeiraopreto.com.br\/wp-content\/uploads\/2025\/10\/bloco-california-11_2025-10-22_16-11-17.webp.webp?fit=1200%2C874&ssl=1&resize=700%2C400 2x, https:\/\/i0.wp.com\/noticiasribeiraopreto.com.br\/wp-content\/uploads\/2025\/10\/bloco-california-11_2025-10-22_16-11-17.webp.webp?fit=1200%2C874&ssl=1&resize=1050%2C600 3x"},"classes":[]},{"id":66997,"url":"https:\/\/noticiasribeiraopreto.com.br\/index.php\/2025\/04\/08\/orgaos-sao-transportados-de-ribeirao-para-sp-com-ajuda-da-policia-civil\/","url_meta":{"origin":46314,"position":5},"title":"\u00d3rg\u00e3os s\u00e3o transportados de Ribeir\u00e3o para SP com ajuda da Pol\u00edcia Civil","author":"noticiasribeiraopreto.com.br","date":"8 de April de 2025","format":false,"excerpt":"Uma equipe do Servi\u00e7o Aerot\u00e1tico da Pol\u00edcia Civil de S\u00e3o Paulo realizou o transporte de \u00f3rg\u00e3os para um transplante, de Ribeir\u00e3o Preto para a Capital Paulista, no \u00faltimo domingo (6). De acordo com o Governo do Estado, os policiais foram acionados pela Central de Transplantes e se deslocaram para a\u2026","rel":"","context":"In &quot;Not\u00edcias de Ribeir\u00e3o Preto-SP e Regi\u00e3o&quot;","block_context":{"text":"Not\u00edcias de Ribeir\u00e3o Preto-SP e Regi\u00e3o","link":"https:\/\/noticiasribeiraopreto.com.br\/index.php\/category\/noticias-de-ribeirao-preto-sp-e-regiao-ismael-colosi\/"},"img":{"alt_text":"","src":"https:\/\/i0.wp.com\/noticiasribeiraopreto.com.br\/wp-content\/uploads\/2025\/04\/Aeronave-da-policia-e1744120335286-1024x809-1_2025-04-08_15-57-12_jpg_2025-04-08_15-57-12.webp.webp?fit=1024%2C809&ssl=1&resize=350%2C200","width":350,"height":200,"srcset":"https:\/\/i0.wp.com\/noticiasribeiraopreto.com.br\/wp-content\/uploads\/2025\/04\/Aeronave-da-policia-e1744120335286-1024x809-1_2025-04-08_15-57-12_jpg_2025-04-08_15-57-12.webp.webp?fit=1024%2C809&ssl=1&resize=350%2C200 1x, https:\/\/i0.wp.com\/noticiasribeiraopreto.com.br\/wp-content\/uploads\/2025\/04\/Aeronave-da-policia-e1744120335286-1024x809-1_2025-04-08_15-57-12_jpg_2025-04-08_15-57-12.webp.webp?fit=1024%2C809&ssl=1&resize=525%2C300 1.5x, https:\/\/i0.wp.com\/noticiasribeiraopreto.com.br\/wp-content\/uploads\/2025\/04\/Aeronave-da-policia-e1744120335286-1024x809-1_2025-04-08_15-57-12_jpg_2025-04-08_15-57-12.webp.webp?fit=1024%2C809&ssl=1&resize=700%2C400 2x"},"classes":[]}],"jetpack_sharing_enabled":true,"jetpack_shortlink":"https:\/\/wp.me\/peQAOb-c30","_links":{"self":[{"href":"https:\/\/noticiasribeiraopreto.com.br\/index.php\/wp-json\/wp\/v2\/posts\/46314","targetHints":{"allow":["GET"]}}],"collection":[{"href":"https:\/\/noticiasribeiraopreto.com.br\/index.php\/wp-json\/wp\/v2\/posts"}],"about":[{"href":"https:\/\/noticiasribeiraopreto.com.br\/index.php\/wp-json\/wp\/v2\/types\/post"}],"author":[{"embeddable":true,"href":"https:\/\/noticiasribeiraopreto.com.br\/index.php\/wp-json\/wp\/v2\/users\/1"}],"replies":[{"embeddable":true,"href":"https:\/\/noticiasribeiraopreto.com.br\/index.php\/wp-json\/wp\/v2\/comments?post=46314"}],"version-history":[{"count":0,"href":"https:\/\/noticiasribeiraopreto.com.br\/index.php\/wp-json\/wp\/v2\/posts\/46314\/revisions"}],"wp:featuredmedia":[{"embeddable":true,"href":"https:\/\/noticiasribeiraopreto.com.br\/index.php\/wp-json\/wp\/v2\/media\/46315"}],"wp:attachment":[{"href":"https:\/\/noticiasribeiraopreto.com.br\/index.php\/wp-json\/wp\/v2\/media?parent=46314"}],"wp:term":[{"taxonomy":"category","embeddable":true,"href":"https:\/\/noticiasribeiraopreto.com.br\/index.php\/wp-json\/wp\/v2\/categories?post=46314"},{"taxonomy":"post_tag","embeddable":true,"href":"https:\/\/noticiasribeiraopreto.com.br\/index.php\/wp-json\/wp\/v2\/tags?post=46314"}],"curies":[{"name":"wp","href":"https:\/\/api.w.org\/{rel}","templated":true}]}}