{"id":46316,"date":"2024-04-10T19:32:12","date_gmt":"2024-04-10T22:32:12","guid":{"rendered":"https:\/\/noticiasribeiraopreto.com.br\/index.php\/2024\/04\/10\/olha-o-golpe-receita-alerta-para-falso-aplicativo-do-imposto-de-renda\/"},"modified":"2024-04-10T19:32:12","modified_gmt":"2024-04-10T22:32:12","slug":"olha-o-golpe-receita-alerta-para-falso-aplicativo-do-imposto-de-renda","status":"publish","type":"post","link":"https:\/\/noticiasribeiraopreto.com.br\/index.php\/2024\/04\/10\/olha-o-golpe-receita-alerta-para-falso-aplicativo-do-imposto-de-renda\/","title":{"rendered":"Olha o golpe: Receita alerta para falso aplicativo do Imposto de Renda"},"content":{"rendered":"<div class='code-block code-block-1' style='margin: 8px 0 8px auto; text-align: right; display: block; clear: both;'>\n<p><a href=\"https:\/\/wa.link\/vpicfd\"><img data-recalc-dims=\"1\" class=\"wp-image-4922\" style=\"aspect-ratio: 2.0253164556962027; width: 561px; height: auto;\" src=\"https:\/\/i0.wp.com\/ismaelcolosi.com.br\/wp-content\/uploads\/2023\/11\/grupo-de-empregos-whatsapp-e-facebook-ismael-colosi-vagas.jpg?ssl=1\" alt=\"\" \/><\/a><\/p>\n<!-- \/wp:image -->\n<\/div>\n<p> <br \/>\n<\/p>\n<div>\n<p>A <strong>Receita Federal<\/strong> alertou os contribuintes para ficarem atentos neste per\u00edodo de entrega da <strong>Declara\u00e7\u00e3o do Imposto de Renda<\/strong> Pessoa F\u00edsica, por causa de <strong>criminosos <\/strong>que est\u00e3o se aproveitando do momento para dar <strong>golpes <\/strong>por meio de <strong>falsos aplicativos<\/strong>.<\/p>\n<p>O<strong> Centro de Preven\u00e7\u00e3o, Tratamento e Resposta a Incidentes Cibern\u00e9ticos de Governo (CTIR Gov)<\/strong> identificou a atividade de fraudadores e emitiu um alerta. <mark style=\"background-color:#fcb900\" class=\"has-inline-color\">Estelionat\u00e1rios induzem o contribuinte a baixar e a instalar aplicativos falsos de preenchimento da declara\u00e7\u00e3o nas lojas para dispositivos m\u00f3veis, como Google Play Store e App Store.<\/mark><\/p>\n<p>Segundo a <strong>Receita Federal<\/strong>, os aplicativos s\u00e3o muito parecidos com o original da Receita, inclusive <strong>reproduzindo a logomarca<\/strong>. Quem usa a vers\u00e3o dos golpistas acaba tendo os <strong>dados roubados<\/strong>, como nome completo, n\u00famero de documentos e dados financeiros.<\/p>\n<h4 class=\"wp-block-heading\"><strong>Como se prevenir?<\/strong><\/h4>\n<p>Para evitar cair em um desses golpes, a <strong>Receita Federal<\/strong> recomenda que o cidad\u00e3o baixe somente o aplicativo dispon\u00edvel no\u00a0<a href=\"https:\/\/mir.receita.fazenda.gov.br\/portalmir\/\" target=\"_blank\" rel=\"noreferrer noopener\"><strong><em>site<\/em>\u00a0oficial do Imposto de Renda<\/strong><\/a>, na internet. Quem quiser preencher a declara\u00e7\u00e3o por dispositivos m\u00f3veis deve baixar o aplicativo oficial, dispon\u00edvel\u00a0<a href=\"https:\/\/play.google.com\/store\/apps\/details?id=br.gov.economia.receita.rfb\" target=\"_blank\" rel=\"noreferrer noopener\">neste<em>\u00a0link<\/em><\/a>\u00a0para Android e\u00a0<a href=\"https:\/\/apps.apple.com\/br\/app\/receita-federal\/id1558883724\" target=\"_blank\" rel=\"noreferrer noopener\">neste\u00a0<\/a>para o sistema iOS.<\/p>\n<p>A Receita tamb\u00e9m refor\u00e7a que<strong> n\u00e3o envia informa\u00e7\u00f5es por\u00a0<em>e-mail<\/em>\u00a0ou mensagens de texto<\/strong>, pedindo a corre\u00e7\u00e3o de erros na declara\u00e7\u00e3o. <mark style=\"background-color:#fcb900\" class=\"has-inline-color\">Essa se tornou outra pr\u00e1tica comum dos estelionat\u00e1rios.<\/mark><\/p>\n<p><strong>A Declara\u00e7\u00e3o do Imposto de Renda 2024 deve ser feita at\u00e9 as 23h59 de 31 de maio.<\/strong> At\u00e9 l\u00e1, a Receita Federal espera receber 43 milh\u00f5es de declara\u00e7\u00f5es. At\u00e9 as 15h46 desta quarta-feira (10), 12.904.537 contribuintes tinham enviado o documento. Isso representa 30% do total esperado para este ano.<\/p>\n<hr class=\"wp-block-separator has-alpha-channel-opacity\"\/>\n<p>SAIBA MAIS<\/p>\n<p>Obra da Saerp provoca interdi\u00e7\u00e3o total em cruzamento no Centro de Ribeir\u00e3o Preto<\/p>\n<h4 class=\"wp-block-heading\"><strong><mark style=\"background-color:#fcb900\" class=\"has-inline-color\">FIQUE ON<\/mark><\/strong><\/h4>\n<p>Fique ligado em tudo que acontece em Ribeir\u00e3o Preto e regi\u00e3o. Siga os perfis do\u00a0<strong>acidade on\u00a0<\/strong>no\u00a0<a href=\"https:\/\/www.instagram.com\/acidadeonribeirao\" target=\"_blank\" rel=\"noreferrer noopener\">Instagram<\/a>\u00a0e no\u00a0<a href=\"https:\/\/www.facebook.com\/acidadeonribeirao\" target=\"_blank\" rel=\"noreferrer noopener\">Facebook<\/a>.<\/p>\n<p>Receba not\u00edcias do acidade on no WhatsApp. Para entrar no grupo, basta\u00a0<a href=\"https:\/\/chat.whatsapp.com\/GFH9HUMUTHNFJdnyEd0xxq\" target=\"_blank\" rel=\"noreferrer noopener\">clicar aqui<\/a>.<\/p>\n<p>Fa\u00e7a uma den\u00fancia ou sugira uma reportagem sobre Ribeir\u00e3o Preto e regi\u00e3o pelo WhatsApp: 16 99117 7802.<\/p>\n<p>VEJA TAMB\u00c9M<\/p>\n<p>Lucas, Fernanda e Giovanna se reencontram fora do BBB 24<\/p>\n<p><!-- AI CONTENT END 1 -->\n<\/div>\n<p><script async src=\"\/\/www.instagram.com\/embed.js\"><\/script><br \/>\n<br \/><br \/>\n<br \/><a href=\"https:\/\/www.acidadeon.com\/ribeiraopreto\/cotidiano\/olha-o-golpe-receita-alerta-para-falso-aplicativo-do-imposto-de-renda\/\">Source link <\/a><\/p>\n<!-- CONTENT END 1 -->\n","protected":false},"excerpt":{"rendered":"<p>A Receita Federal alertou os contribuintes para ficarem atentos neste per\u00edodo de entrega da Declara\u00e7\u00e3o do Imposto de Renda Pessoa F\u00edsica, por causa de criminosos&#8230;<\/p>\n","protected":false},"author":1,"featured_media":41061,"comment_status":"open","ping_status":"open","sticky":false,"template":"","format":"standard","meta":{"advanced_seo_description":"","jetpack_seo_html_title":"","jetpack_seo_noindex":false,"jetpack_post_was_ever_published":false,"_jetpack_newsletter_access":"","_jetpack_dont_email_post_to_subs":false,"_jetpack_newsletter_tier_id":0,"_jetpack_memberships_contains_paywalled_content":false,"_jetpack_memberships_contains_paid_content":false,"footnotes":"","jetpack_publicize_message":"","jetpack_publicize_feature_enabled":true,"jetpack_social_post_already_shared":true,"jetpack_social_options":{"image_generator_settings":{"template":"highway","default_image_id":0,"font":"","enabled":false},"version":2}},"categories":[11],"tags":[],"class_list":["post-46316","post","type-post","status-publish","format-standard","has-post-thumbnail","hentry","category-noticias-de-ribeirao-preto-sp-e-regiao-ismael-colosi"],"jetpack_publicize_connections":[],"jetpack_featured_media_url":"https:\/\/i0.wp.com\/noticiasribeiraopreto.com.br\/wp-content\/uploads\/2024\/03\/imposto-de-renda.webp.webp?fit=1170%2C700&ssl=1","jetpack-related-posts":[{"id":67888,"url":"https:\/\/noticiasribeiraopreto.com.br\/index.php\/2025\/04\/20\/jornal-da-franca-receita-federal-alerta-sobre-fake-news-envolvendo-a-declaracao-do-imposto-de-renda\/","url_meta":{"origin":46316,"position":0},"title":"Jornal da Franca &#8211; Receita Federal alerta sobre fake news envolvendo a declara\u00e7\u00e3o do Imposto de Renda","author":"noticiasribeiraopreto.com.br","date":"20 de April de 2025","format":false,"excerpt":"compartilhar no whatsapp compartilhar no telegram compartilhar no facebook compartilhar no linkedin Segundo comunicado da Receita Federal, deixar de declarar o Imposto de Renda n\u00e3o bloqueia o CPF e tamb\u00e9m n\u00e3o leva \u00e0 pris\u00e3o Receita Federal emitiu uma nota de esclarecimento negando informa\u00e7\u00f5es falsas (Foto: Jo\u00e9dson Alves\/Ag\u00eancia Brasil) Faltam alguns\u2026","rel":"","context":"In &quot;Not\u00edcias de Franca-SP&quot;","block_context":{"text":"Not\u00edcias de Franca-SP","link":"https:\/\/noticiasribeiraopreto.com.br\/index.php\/category\/noticias-de-ribeirao-preto-sp-e-regiao-ismael-colosi\/noticias-franca-sp\/"},"img":{"alt_text":"","src":"https:\/\/i0.wp.com\/noticiasribeiraopreto.com.br\/wp-content\/uploads\/2025\/04\/Servicos-00.jpg?fit=1170%2C700&ssl=1&resize=350%2C200","width":350,"height":200,"srcset":"https:\/\/i0.wp.com\/noticiasribeiraopreto.com.br\/wp-content\/uploads\/2025\/04\/Servicos-00.jpg?fit=1170%2C700&ssl=1&resize=350%2C200 1x, https:\/\/i0.wp.com\/noticiasribeiraopreto.com.br\/wp-content\/uploads\/2025\/04\/Servicos-00.jpg?fit=1170%2C700&ssl=1&resize=525%2C300 1.5x, https:\/\/i0.wp.com\/noticiasribeiraopreto.com.br\/wp-content\/uploads\/2025\/04\/Servicos-00.jpg?fit=1170%2C700&ssl=1&resize=700%2C400 2x, https:\/\/i0.wp.com\/noticiasribeiraopreto.com.br\/wp-content\/uploads\/2025\/04\/Servicos-00.jpg?fit=1170%2C700&ssl=1&resize=1050%2C600 3x"},"classes":[]},{"id":59460,"url":"https:\/\/noticiasribeiraopreto.com.br\/index.php\/2024\/10\/24\/receita-federal-abre-consulta-ao-lote-da-malha-fina-do-imposto-de-renda\/","url_meta":{"origin":46316,"position":1},"title":"Receita Federal Abre Consulta ao Lote da Malha Fina do Imposto de Renda","author":"noticiasribeiraopreto.com.br","date":"24 de October de 2024","format":false,"excerpt":"A Receita Federal abriu a consulta ao novo lote da malha fina do Imposto de Renda de 2024. Contribuintes de todo o pa\u00eds j\u00e1 podem acessar o portal da Receita para verificar se suas declara\u00e7\u00f5es ficaram retidas para an\u00e1lise mais detalhada. A reten\u00e7\u00e3o na malha fina ocorre quando s\u00e3o identificadas\u2026","rel":"","context":"In &quot;Not\u00edcias de Ribeir\u00e3o Preto-SP e Regi\u00e3o&quot;","block_context":{"text":"Not\u00edcias de Ribeir\u00e3o Preto-SP e Regi\u00e3o","link":"https:\/\/noticiasribeiraopreto.com.br\/index.php\/category\/noticias-de-ribeirao-preto-sp-e-regiao-ismael-colosi\/"},"img":{"alt_text":"","src":"https:\/\/i0.wp.com\/noticiasribeiraopreto.com.br\/wp-content\/uploads\/2024\/10\/irpf_2024_-_6_0.webp.webp?fit=1170%2C700&ssl=1&resize=350%2C200","width":350,"height":200,"srcset":"https:\/\/i0.wp.com\/noticiasribeiraopreto.com.br\/wp-content\/uploads\/2024\/10\/irpf_2024_-_6_0.webp.webp?fit=1170%2C700&ssl=1&resize=350%2C200 1x, https:\/\/i0.wp.com\/noticiasribeiraopreto.com.br\/wp-content\/uploads\/2024\/10\/irpf_2024_-_6_0.webp.webp?fit=1170%2C700&ssl=1&resize=525%2C300 1.5x, https:\/\/i0.wp.com\/noticiasribeiraopreto.com.br\/wp-content\/uploads\/2024\/10\/irpf_2024_-_6_0.webp.webp?fit=1170%2C700&ssl=1&resize=700%2C400 2x, https:\/\/i0.wp.com\/noticiasribeiraopreto.com.br\/wp-content\/uploads\/2024\/10\/irpf_2024_-_6_0.webp.webp?fit=1170%2C700&ssl=1&resize=1050%2C600 3x"},"classes":[]},{"id":66348,"url":"https:\/\/noticiasribeiraopreto.com.br\/index.php\/2025\/03\/31\/receita-paga-lote-da-malha-fina-do-imposto-de-renda-nesta-segunda\/","url_meta":{"origin":46316,"position":2},"title":"Receita paga lote da malha fina do Imposto de Renda nesta segunda","author":"noticiasribeiraopreto.com.br","date":"31 de March de 2025","format":false,"excerpt":"A Receita Federal pagar\u00e1, nesta segunda-feira (31), o lote residual de restitui\u00e7\u00f5es do Imposto de Renda, beneficiando 120.039 contribuintes que regularizaram pend\u00eancias com o Fisco. O montante total a ser distribu\u00eddo \u00e9 de R$ 253,88 milh\u00f5es. Prioridades no Reembolso Do valor total, R$ 168,86 milh\u00f5es ser\u00e3o destinados a contribuintes com\u2026","rel":"","context":"In &quot;Not\u00edcias de Ribeir\u00e3o Preto-SP e Regi\u00e3o&quot;","block_context":{"text":"Not\u00edcias de Ribeir\u00e3o Preto-SP e Regi\u00e3o","link":"https:\/\/noticiasribeiraopreto.com.br\/index.php\/category\/noticias-de-ribeirao-preto-sp-e-regiao-ismael-colosi\/"},"img":{"alt_text":"","src":"https:\/\/i0.wp.com\/noticiasribeiraopreto.com.br\/wp-content\/uploads\/2025\/03\/real_nota_moedas_8.webp.webp?fit=1170%2C700&ssl=1&resize=350%2C200","width":350,"height":200,"srcset":"https:\/\/i0.wp.com\/noticiasribeiraopreto.com.br\/wp-content\/uploads\/2025\/03\/real_nota_moedas_8.webp.webp?fit=1170%2C700&ssl=1&resize=350%2C200 1x, https:\/\/i0.wp.com\/noticiasribeiraopreto.com.br\/wp-content\/uploads\/2025\/03\/real_nota_moedas_8.webp.webp?fit=1170%2C700&ssl=1&resize=525%2C300 1.5x, https:\/\/i0.wp.com\/noticiasribeiraopreto.com.br\/wp-content\/uploads\/2025\/03\/real_nota_moedas_8.webp.webp?fit=1170%2C700&ssl=1&resize=700%2C400 2x, https:\/\/i0.wp.com\/noticiasribeiraopreto.com.br\/wp-content\/uploads\/2025\/03\/real_nota_moedas_8.webp.webp?fit=1170%2C700&ssl=1&resize=1050%2C600 3x"},"classes":[]},{"id":61973,"url":"https:\/\/noticiasribeiraopreto.com.br\/index.php\/2024\/12\/30\/receita-federal-libera-pagamento-de-lote-da-malha-fina-do-imposto-de-renda\/","url_meta":{"origin":46316,"position":3},"title":"Receita Federal Libera Pagamento de Lote da Malha Fina do Imposto de Renda","author":"noticiasribeiraopreto.com.br","date":"30 de December de 2024","format":false,"excerpt":"Nesta ter\u00e7a-feira (21), a Receita Federal iniciou o pagamento de um novo lote de restitui\u00e7\u00f5es para contribuintes que ca\u00edram na malha fina do Imposto de Renda e regularizaram suas pend\u00eancias. O montante liberado faz parte de um processo cont\u00ednuo de an\u00e1lise e corre\u00e7\u00e3o das declara\u00e7\u00f5es retidas por inconsist\u00eancias, como omiss\u00f5es\u2026","rel":"","context":"In &quot;Not\u00edcias de Ribeir\u00e3o Preto-SP e Regi\u00e3o&quot;","block_context":{"text":"Not\u00edcias de Ribeir\u00e3o Preto-SP e Regi\u00e3o","link":"https:\/\/noticiasribeiraopreto.com.br\/index.php\/category\/noticias-de-ribeirao-preto-sp-e-regiao-ismael-colosi\/"},"img":{"alt_text":"","src":"https:\/\/i0.wp.com\/noticiasribeiraopreto.com.br\/wp-content\/uploads\/2024\/12\/irpf_2024_-_5_0.webp.webp?fit=1170%2C700&ssl=1&resize=350%2C200","width":350,"height":200,"srcset":"https:\/\/i0.wp.com\/noticiasribeiraopreto.com.br\/wp-content\/uploads\/2024\/12\/irpf_2024_-_5_0.webp.webp?fit=1170%2C700&ssl=1&resize=350%2C200 1x, https:\/\/i0.wp.com\/noticiasribeiraopreto.com.br\/wp-content\/uploads\/2024\/12\/irpf_2024_-_5_0.webp.webp?fit=1170%2C700&ssl=1&resize=525%2C300 1.5x, https:\/\/i0.wp.com\/noticiasribeiraopreto.com.br\/wp-content\/uploads\/2024\/12\/irpf_2024_-_5_0.webp.webp?fit=1170%2C700&ssl=1&resize=700%2C400 2x, https:\/\/i0.wp.com\/noticiasribeiraopreto.com.br\/wp-content\/uploads\/2024\/12\/irpf_2024_-_5_0.webp.webp?fit=1170%2C700&ssl=1&resize=1050%2C600 3x"},"classes":[]},{"id":84952,"url":"https:\/\/noticiasribeiraopreto.com.br\/index.php\/2026\/04\/18\/cashback-na-restituicao-do-ir-veja-o-que-muda-e-quem-tem-direito\/","url_meta":{"origin":46316,"position":4},"title":"Cashback na restitui\u00e7\u00e3o do IR: veja o que muda e quem tem direito","author":"noticiasribeiraopreto.com.br","date":"18 de April de 2026","format":false,"excerpt":"Ler o resumo da not\u00edcia \r A Receita Federal lan\u00e7ar\u00e1 em 15\u202fde\u202fjulho\u202fde\u202f2024 o \u201ccashback\u201d da restitui\u00e7\u00e3o do IR para quem n\u00e3o precisou declarar em 2025, mas tem direito a at\u00e9 R$\u202f1\u202fmil.\r Para receber, o contribuinte deve ter CPF regular, dados banc\u00e1rios atualizados (chave Pix) e estar sem restri\u00e7\u00e3o na Receita.\r\u2026","rel":"","context":"In &quot;Not\u00edcias de Ribeir\u00e3o Preto-SP e Regi\u00e3o&quot;","block_context":{"text":"Not\u00edcias de Ribeir\u00e3o Preto-SP e Regi\u00e3o","link":"https:\/\/noticiasribeiraopreto.com.br\/index.php\/category\/noticias-de-ribeirao-preto-sp-e-regiao-ismael-colosi\/"},"img":{"alt_text":"","src":"https:\/\/i0.wp.com\/noticiasribeiraopreto.com.br\/wp-content\/uploads\/2026\/04\/novo_lote_1024x576_22072020125933_2026-04-18_14-28-17.webp.webp?fit=1024%2C575&ssl=1&resize=350%2C200","width":350,"height":200,"srcset":"https:\/\/i0.wp.com\/noticiasribeiraopreto.com.br\/wp-content\/uploads\/2026\/04\/novo_lote_1024x576_22072020125933_2026-04-18_14-28-17.webp.webp?fit=1024%2C575&ssl=1&resize=350%2C200 1x, https:\/\/i0.wp.com\/noticiasribeiraopreto.com.br\/wp-content\/uploads\/2026\/04\/novo_lote_1024x576_22072020125933_2026-04-18_14-28-17.webp.webp?fit=1024%2C575&ssl=1&resize=525%2C300 1.5x, https:\/\/i0.wp.com\/noticiasribeiraopreto.com.br\/wp-content\/uploads\/2026\/04\/novo_lote_1024x576_22072020125933_2026-04-18_14-28-17.webp.webp?fit=1024%2C575&ssl=1&resize=700%2C400 2x"},"classes":[]},{"id":65087,"url":"https:\/\/noticiasribeiraopreto.com.br\/index.php\/2025\/03\/15\/jornal-da-franca-cuidado-golpe-da-falsa-regularizacao-de-cpf-cresce-no-periodo-do-imposto-de-renda\/","url_meta":{"origin":46316,"position":5},"title":"Jornal da Franca &#8211; Cuidado: Golpe da falsa regulariza\u00e7\u00e3o de CPF cresce no per\u00edodo do Imposto de Renda","author":"noticiasribeiraopreto.com.br","date":"15 de March de 2025","format":false,"excerpt":"compartilhar no whatsapp compartilhar no telegram compartilhar no facebook compartilhar no linkedin Cartas, mensagens e e-mails simulam comunica\u00e7\u00e3o da Receita Federal e com isso v\u00e3o fazendo v\u00edtimas em todo o pa\u00eds Com a proximidade do prazo para a entrega da Declara\u00e7\u00e3o do Imposto de Renda 2025, que come\u00e7a dia 17\u2026","rel":"","context":"In &quot;Not\u00edcias de Franca-SP&quot;","block_context":{"text":"Not\u00edcias de Franca-SP","link":"https:\/\/noticiasribeiraopreto.com.br\/index.php\/category\/noticias-de-ribeirao-preto-sp-e-regiao-ismael-colosi\/noticias-franca-sp\/"},"img":{"alt_text":"","src":"https:\/\/i0.wp.com\/noticiasribeiraopreto.com.br\/wp-content\/uploads\/2025\/03\/3f3cf589-4417-4bf3-9810-9c6a484f0749.jpg?fit=1170%2C773&ssl=1&resize=350%2C200","width":350,"height":200,"srcset":"https:\/\/i0.wp.com\/noticiasribeiraopreto.com.br\/wp-content\/uploads\/2025\/03\/3f3cf589-4417-4bf3-9810-9c6a484f0749.jpg?fit=1170%2C773&ssl=1&resize=350%2C200 1x, https:\/\/i0.wp.com\/noticiasribeiraopreto.com.br\/wp-content\/uploads\/2025\/03\/3f3cf589-4417-4bf3-9810-9c6a484f0749.jpg?fit=1170%2C773&ssl=1&resize=525%2C300 1.5x, https:\/\/i0.wp.com\/noticiasribeiraopreto.com.br\/wp-content\/uploads\/2025\/03\/3f3cf589-4417-4bf3-9810-9c6a484f0749.jpg?fit=1170%2C773&ssl=1&resize=700%2C400 2x, https:\/\/i0.wp.com\/noticiasribeiraopreto.com.br\/wp-content\/uploads\/2025\/03\/3f3cf589-4417-4bf3-9810-9c6a484f0749.jpg?fit=1170%2C773&ssl=1&resize=1050%2C600 3x"},"classes":[]}],"jetpack_sharing_enabled":true,"jetpack_shortlink":"https:\/\/wp.me\/peQAOb-c32","_links":{"self":[{"href":"https:\/\/noticiasribeiraopreto.com.br\/index.php\/wp-json\/wp\/v2\/posts\/46316","targetHints":{"allow":["GET"]}}],"collection":[{"href":"https:\/\/noticiasribeiraopreto.com.br\/index.php\/wp-json\/wp\/v2\/posts"}],"about":[{"href":"https:\/\/noticiasribeiraopreto.com.br\/index.php\/wp-json\/wp\/v2\/types\/post"}],"author":[{"embeddable":true,"href":"https:\/\/noticiasribeiraopreto.com.br\/index.php\/wp-json\/wp\/v2\/users\/1"}],"replies":[{"embeddable":true,"href":"https:\/\/noticiasribeiraopreto.com.br\/index.php\/wp-json\/wp\/v2\/comments?post=46316"}],"version-history":[{"count":0,"href":"https:\/\/noticiasribeiraopreto.com.br\/index.php\/wp-json\/wp\/v2\/posts\/46316\/revisions"}],"wp:featuredmedia":[{"embeddable":true,"href":"https:\/\/noticiasribeiraopreto.com.br\/index.php\/wp-json\/wp\/v2\/media\/41061"}],"wp:attachment":[{"href":"https:\/\/noticiasribeiraopreto.com.br\/index.php\/wp-json\/wp\/v2\/media?parent=46316"}],"wp:term":[{"taxonomy":"category","embeddable":true,"href":"https:\/\/noticiasribeiraopreto.com.br\/index.php\/wp-json\/wp\/v2\/categories?post=46316"},{"taxonomy":"post_tag","embeddable":true,"href":"https:\/\/noticiasribeiraopreto.com.br\/index.php\/wp-json\/wp\/v2\/tags?post=46316"}],"curies":[{"name":"wp","href":"https:\/\/api.w.org\/{rel}","templated":true}]}}