{"id":46325,"date":"2024-04-10T20:54:22","date_gmt":"2024-04-10T23:54:22","guid":{"rendered":"https:\/\/noticiasribeiraopreto.com.br\/index.php\/2024\/04\/10\/policia-ouve-motorista-envolvido-em-acidente-com-morte-durante-despedida-de-solteiro\/"},"modified":"2024-04-10T20:54:22","modified_gmt":"2024-04-10T23:54:22","slug":"policia-ouve-motorista-envolvido-em-acidente-com-morte-durante-despedida-de-solteiro","status":"publish","type":"post","link":"https:\/\/noticiasribeiraopreto.com.br\/index.php\/2024\/04\/10\/policia-ouve-motorista-envolvido-em-acidente-com-morte-durante-despedida-de-solteiro\/","title":{"rendered":"Pol\u00edcia ouve motorista envolvido em acidente com morte durante despedida de solteiro"},"content":{"rendered":"<div class='code-block code-block-1' style='margin: 8px 0 8px auto; text-align: right; display: block; clear: both;'>\n<p><a href=\"https:\/\/wa.link\/vpicfd\"><img data-recalc-dims=\"1\" class=\"wp-image-4922\" style=\"aspect-ratio: 2.0253164556962027; width: 561px; height: auto;\" src=\"https:\/\/i0.wp.com\/ismaelcolosi.com.br\/wp-content\/uploads\/2023\/11\/grupo-de-empregos-whatsapp-e-facebook-ismael-colosi-vagas.jpg?ssl=1\" alt=\"\" \/><\/a><\/p>\n<!-- \/wp:image -->\n<\/div>\n<p> <br \/>\n<\/p>\n<div>\n<p>A <strong>Pol\u00edcia Civil<\/strong> ouviu nesta quarta-feira (10), o motorista que dirigia uma das caminhonetes envolvidas em um <strong>acidente que terminou com a morte Alexandre Eliseu da Silva<\/strong>, no \u00faltimo s\u00e1bado (16), na rodovia C\u00e2ndido Portinari (SP-334), em <strong>Rifaina<\/strong>, cidade no <strong>interior de S\u00e3o Paulo<\/strong>.<\/p>\n<p>O delegado <strong>F\u00e1bio Jos\u00e9 Branquinho Pereira<\/strong>, respons\u00e1vel pelas investiga\u00e7\u00f5es do caso, <strong>n\u00e3o informou detalhes do depoimento<\/strong> de Bruno Tosta Silveira, de 32 anos, contudo, <mark style=\"background-color:#fcb900\" class=\"has-inline-color\">informou que \u201cas dilig\u00eancias prosseguem para o cabal esclarecimento dos fatos\u201d.<\/mark><\/p>\n<p>Ainda de acordo com a nota enviada pelo delegado, foi instaurado um inqu\u00e9rito policial para apurar o <strong>homic\u00eddio<\/strong> e <strong>les\u00e3o corporal culposa<\/strong>, ou seja, quando n\u00e3o h\u00e1 inten\u00e7\u00e3o de matar.<\/p>\n<p>Nesta quarta, a <strong>Delegacia de Pol\u00edcia do Munic\u00edpio de Rifaina<\/strong> informou que est\u00e1 aguardando a remessa dos <strong>laudos periciais<\/strong> m\u00e9dico-legais das v\u00edtimas e do local onde aconteceu o acidente. Al\u00e9m disso, outras pessoas j\u00e1 foram ouvidas, incluindo o motorista da outra caminhonete envolvida na colis\u00e3o.<\/p>\n<p>A defesa de Bruno Tosta Silveira n\u00e3o foi localizada para comentar sobre o assunto.<\/p>\n<h4 class=\"wp-block-heading\"><strong>Relembre o caso<\/strong><\/h4>\n<p>Uma despedida de solteiro terminou com a morte de um homem, de 30 anos, ap\u00f3s uma colis\u00e3o entre duas caminhonetes, na noite do dia 6 de abril, na rodovia C\u00e2ndido Portinari (SP-334), em Rifaina.<\/p>\n<p>De acordo com as informa\u00e7\u00f5es do boletim de ocorr\u00eancia (BO), o acidente aconteceu na altura do quil\u00f4metro 462. Uma Dodge Ram foi realizar uma convers\u00e3o na rodovia, contudo, acabou sendo atingido por uma caminhonete Ford Ranger.<\/p>\n<p>Com o impacto da batida, a Ram foi para o acostamento e as pessoas que estavam na ca\u00e7amba do ve\u00edculo foram arremessadas. J\u00e1 a Ranger ficou completamente destru\u00edda.<\/p>\n<p>Al\u00e9m do homem que morreu na hora, Murilo Silva de Oliveira, de 32 anos, tamb\u00e9m estava na ca\u00e7amba da Dodge Ram. Ele foi socorrido em estado grave para Santa Casa de Pedregulho e transferido para Franca, onde os m\u00e9dicos atestaram morte cerebral.<\/p>\n<p>Outros dois homens foram socorridos com ferimentos leves e quatro pessoas n\u00e3o se feriram na colis\u00e3o.<\/p>\n<p>Ainda de acordo com o boletim de ocorr\u00eancia registrado, os policiais que atenderam a ocorr\u00eancia informara o condutor da Dodge Ram, Bruno Tosta, deixou o local a p\u00e9 ap\u00f3s o acidente.<\/p>\n<hr class=\"wp-block-separator has-alpha-channel-opacity\"\/>\n<p>SAIBA MAIS<\/p>\n<p>Obra da Saerp provoca interdi\u00e7\u00e3o total em cruzamento no Centro de Ribeir\u00e3o Preto<\/p>\n<h4 class=\"wp-block-heading\"><strong><mark style=\"background-color:#fcb900\" class=\"has-inline-color\">FIQUE ON<\/mark><\/strong><\/h4>\n<p>Fique ligado em tudo que acontece em Ribeir\u00e3o Preto e regi\u00e3o. Siga os perfis do\u00a0<strong>acidade on\u00a0<\/strong>no\u00a0<a href=\"https:\/\/www.instagram.com\/acidadeonribeirao\" target=\"_blank\" rel=\"noreferrer noopener\">Instagram<\/a>\u00a0e no\u00a0<a href=\"https:\/\/www.facebook.com\/acidadeonribeirao\" target=\"_blank\" rel=\"noreferrer noopener\">Facebook<\/a>.<\/p>\n<p>Receba not\u00edcias do acidade on no WhatsApp. Para entrar no grupo, basta\u00a0<a href=\"https:\/\/chat.whatsapp.com\/GFH9HUMUTHNFJdnyEd0xxq\" target=\"_blank\" rel=\"noreferrer noopener\">clicar aqui<\/a>.<\/p>\n<p>Fa\u00e7a uma den\u00fancia ou sugira uma reportagem sobre Ribeir\u00e3o Preto e regi\u00e3o pelo WhatsApp: 16 99117 7802.<\/p>\n<p>VEJA TAMB\u00c9M<\/p>\n<p>Vai ter Festa no BBB 24 hoje? Veja din\u00e2mica desta quarta<\/p>\n<p><!-- AI CONTENT END 1 -->\n<\/div>\n<p><script async src=\"\/\/www.instagram.com\/embed.js\"><\/script><br \/>\n<br \/><br \/>\n<br \/><a href=\"https:\/\/www.acidadeon.com\/ribeiraopreto\/cotidiano\/policia-ouve-motorista-envolvido-em-acidente-com-morte-durante-despedida-de-solteiro\/\">Source link <\/a><\/p>\n<!-- CONTENT END 1 -->\n","protected":false},"excerpt":{"rendered":"<p>A Pol\u00edcia Civil ouviu nesta quarta-feira (10), o motorista que dirigia uma das caminhonetes envolvidas em um acidente que terminou com a morte Alexandre Eliseu&#8230;<\/p>\n","protected":false},"author":1,"featured_media":45775,"comment_status":"open","ping_status":"open","sticky":false,"template":"","format":"standard","meta":{"advanced_seo_description":"","jetpack_seo_html_title":"","jetpack_seo_noindex":false,"jetpack_post_was_ever_published":false,"_jetpack_newsletter_access":"","_jetpack_dont_email_post_to_subs":false,"_jetpack_newsletter_tier_id":0,"_jetpack_memberships_contains_paywalled_content":false,"_jetpack_memberships_contains_paid_content":false,"footnotes":"","jetpack_publicize_message":"","jetpack_publicize_feature_enabled":true,"jetpack_social_post_already_shared":true,"jetpack_social_options":{"image_generator_settings":{"template":"highway","default_image_id":0,"font":"","enabled":false},"version":2}},"categories":[11],"tags":[],"class_list":["post-46325","post","type-post","status-publish","format-standard","has-post-thumbnail","hentry","category-noticias-de-ribeirao-preto-sp-e-regiao-ismael-colosi"],"jetpack_publicize_connections":[],"jetpack_featured_media_url":"https:\/\/i0.wp.com\/noticiasribeiraopreto.com.br\/wp-content\/uploads\/2024\/04\/AnyConv.com__ACIDENTE-RIFAINA.webp.webp?fit=1600%2C900&ssl=1","jetpack-related-posts":[{"id":46615,"url":"https:\/\/noticiasribeiraopreto.com.br\/index.php\/2024\/04\/12\/veja-o-que-motorista-envolvido-em-acidente-com-mortes-durante-despedida-de-solteiro-disse-a-policia\/","url_meta":{"origin":46325,"position":0},"title":"Veja o que motorista envolvido em acidente com mortes durante despedida de solteiro disse \u00e0 pol\u00edcia","author":"noticiasribeiraopreto.com.br","date":"12 de April de 2024","format":false,"excerpt":"A Pol\u00edcia Civil ouviu na quarta-feira (10), Bruno Tosta Silveira, o motorista que dirigia uma das caminhonetes envolvidas em um acidente com duas mortes, na rodovia C\u00e2ndido Portinari (SP-334), em Rifaina, cidade no interior de S\u00e3o Paulo. A colis\u00e3o aconteceu durante uma despedida de solteiro, no \u00faltimo final de semana.\u2026","rel":"","context":"In &quot;Not\u00edcias de Ribeir\u00e3o Preto-SP e Regi\u00e3o&quot;","block_context":{"text":"Not\u00edcias de Ribeir\u00e3o Preto-SP e Regi\u00e3o","link":"https:\/\/noticiasribeiraopreto.com.br\/index.php\/category\/noticias-de-ribeirao-preto-sp-e-regiao-ismael-colosi\/"},"img":{"alt_text":"","src":"https:\/\/i0.wp.com\/noticiasribeiraopreto.com.br\/wp-content\/uploads\/2024\/04\/AnyConv.com__ACIDENTE-RIFAINA.webp.webp?fit=1200%2C675&ssl=1&resize=350%2C200","width":350,"height":200,"srcset":"https:\/\/i0.wp.com\/noticiasribeiraopreto.com.br\/wp-content\/uploads\/2024\/04\/AnyConv.com__ACIDENTE-RIFAINA.webp.webp?fit=1200%2C675&ssl=1&resize=350%2C200 1x, https:\/\/i0.wp.com\/noticiasribeiraopreto.com.br\/wp-content\/uploads\/2024\/04\/AnyConv.com__ACIDENTE-RIFAINA.webp.webp?fit=1200%2C675&ssl=1&resize=525%2C300 1.5x, https:\/\/i0.wp.com\/noticiasribeiraopreto.com.br\/wp-content\/uploads\/2024\/04\/AnyConv.com__ACIDENTE-RIFAINA.webp.webp?fit=1200%2C675&ssl=1&resize=700%2C400 2x, https:\/\/i0.wp.com\/noticiasribeiraopreto.com.br\/wp-content\/uploads\/2024\/04\/AnyConv.com__ACIDENTE-RIFAINA.webp.webp?fit=1200%2C675&ssl=1&resize=1050%2C600 3x"},"classes":[]},{"id":45944,"url":"https:\/\/noticiasribeiraopreto.com.br\/index.php\/2024\/04\/08\/o-que-se-sabe-sobre-acidente-com-morte-em-despedida-de-solteiro\/","url_meta":{"origin":46325,"position":1},"title":"O que se sabe sobre acidente com morte em despedida de solteiro","author":"noticiasribeiraopreto.com.br","date":"8 de April de 2024","format":false,"excerpt":"Uma despedida de solteiro terminou com a morte de um homem ap\u00f3s uma colis\u00e3o entre duas caminhonetes, na noite de s\u00e1bado (6), na rodovia C\u00e2ndido Portinari (SP-334), em Rifaina, cidade no interior de S\u00e3o Paulo. De acordo com as informa\u00e7\u00f5es do boletim de ocorr\u00eancia (BO), o acidente aconteceu na altura\u2026","rel":"","context":"In &quot;Not\u00edcias de Ribeir\u00e3o Preto-SP e Regi\u00e3o&quot;","block_context":{"text":"Not\u00edcias de Ribeir\u00e3o Preto-SP e Regi\u00e3o","link":"https:\/\/noticiasribeiraopreto.com.br\/index.php\/category\/noticias-de-ribeirao-preto-sp-e-regiao-ismael-colosi\/"},"img":{"alt_text":"","src":"https:\/\/i0.wp.com\/noticiasribeiraopreto.com.br\/wp-content\/uploads\/2024\/04\/AnyConv.com__Copia-de-Copia-de-TAMANHO-EXATO-PARA-FOTOS-NO-SISTEMA-NOVO-10.webp.webp?fit=1200%2C675&ssl=1&resize=350%2C200","width":350,"height":200,"srcset":"https:\/\/i0.wp.com\/noticiasribeiraopreto.com.br\/wp-content\/uploads\/2024\/04\/AnyConv.com__Copia-de-Copia-de-TAMANHO-EXATO-PARA-FOTOS-NO-SISTEMA-NOVO-10.webp.webp?fit=1200%2C675&ssl=1&resize=350%2C200 1x, https:\/\/i0.wp.com\/noticiasribeiraopreto.com.br\/wp-content\/uploads\/2024\/04\/AnyConv.com__Copia-de-Copia-de-TAMANHO-EXATO-PARA-FOTOS-NO-SISTEMA-NOVO-10.webp.webp?fit=1200%2C675&ssl=1&resize=525%2C300 1.5x, https:\/\/i0.wp.com\/noticiasribeiraopreto.com.br\/wp-content\/uploads\/2024\/04\/AnyConv.com__Copia-de-Copia-de-TAMANHO-EXATO-PARA-FOTOS-NO-SISTEMA-NOVO-10.webp.webp?fit=1200%2C675&ssl=1&resize=700%2C400 2x, https:\/\/i0.wp.com\/noticiasribeiraopreto.com.br\/wp-content\/uploads\/2024\/04\/AnyConv.com__Copia-de-Copia-de-TAMANHO-EXATO-PARA-FOTOS-NO-SISTEMA-NOVO-10.webp.webp?fit=1200%2C675&ssl=1&resize=1050%2C600 3x"},"classes":[]},{"id":45774,"url":"https:\/\/noticiasribeiraopreto.com.br\/index.php\/2024\/04\/07\/acidente-entre-duas-caminhonetes-termina-com-morte-na-regiao-de-ribeirao\/","url_meta":{"origin":46325,"position":2},"title":"Acidente entre duas caminhonetes termina com morte na regi\u00e3o de Ribeir\u00e3o","author":"noticiasribeiraopreto.com.br","date":"7 de April de 2024","format":false,"excerpt":"Um acidente envolvendo duas caminhonetes na rodovia Candido Portinari, em Rifaina, na regi\u00e3o de Ribeir\u00e3o Preto, deixou duas mortes e uma pessoa ferida na noite do \u00faltimo s\u00e1bado (6). A batida aconteceu na altura do quil\u00f4metro 462, pr\u00f3ximo da entrada da cidade, segundo a Prefeitura de Rifaina. O relato aponta\u2026","rel":"","context":"In &quot;Not\u00edcias de Ribeir\u00e3o Preto-SP e Regi\u00e3o&quot;","block_context":{"text":"Not\u00edcias de Ribeir\u00e3o Preto-SP e Regi\u00e3o","link":"https:\/\/noticiasribeiraopreto.com.br\/index.php\/category\/noticias-de-ribeirao-preto-sp-e-regiao-ismael-colosi\/"},"img":{"alt_text":"","src":"https:\/\/i0.wp.com\/noticiasribeiraopreto.com.br\/wp-content\/uploads\/2024\/04\/AnyConv.com__ACIDENTE-RIFAINA.webp.webp?fit=1200%2C675&ssl=1&resize=350%2C200","width":350,"height":200,"srcset":"https:\/\/i0.wp.com\/noticiasribeiraopreto.com.br\/wp-content\/uploads\/2024\/04\/AnyConv.com__ACIDENTE-RIFAINA.webp.webp?fit=1200%2C675&ssl=1&resize=350%2C200 1x, https:\/\/i0.wp.com\/noticiasribeiraopreto.com.br\/wp-content\/uploads\/2024\/04\/AnyConv.com__ACIDENTE-RIFAINA.webp.webp?fit=1200%2C675&ssl=1&resize=525%2C300 1.5x, https:\/\/i0.wp.com\/noticiasribeiraopreto.com.br\/wp-content\/uploads\/2024\/04\/AnyConv.com__ACIDENTE-RIFAINA.webp.webp?fit=1200%2C675&ssl=1&resize=700%2C400 2x, https:\/\/i0.wp.com\/noticiasribeiraopreto.com.br\/wp-content\/uploads\/2024\/04\/AnyConv.com__ACIDENTE-RIFAINA.webp.webp?fit=1200%2C675&ssl=1&resize=1050%2C600 3x"},"classes":[]},{"id":65487,"url":"https:\/\/noticiasribeiraopreto.com.br\/index.php\/2025\/03\/20\/carro-de-motorista-que-matou-entregador-em-ribeirao-preto-e-apreendido-pela-policia\/","url_meta":{"origin":46325,"position":3},"title":"Carro de motorista que matou entregador em Ribeir\u00e3o Preto \u00e9 apreendido pela pol\u00edcia","author":"noticiasribeiraopreto.com.br","date":"20 de March de 2025","format":false,"excerpt":"A Pol\u00edcia Civil localizou, nesta quinta-feira (20), o carro envolvido no acidente que resultou na morte do entregador R\u00e9gis Antonillo no Anel Vi\u00e1rio Sul, em Ribeir\u00e3o Preto. O ve\u00edculo, um Kia Niro, apresentava danos na parte frontal e estava com o airbag acionado. O autom\u00f3vel foi encaminhado \u00e0 Central de\u2026","rel":"","context":"In &quot;Not\u00edcias de Ribeir\u00e3o Preto-SP e Regi\u00e3o&quot;","block_context":{"text":"Not\u00edcias de Ribeir\u00e3o Preto-SP e Regi\u00e3o","link":"https:\/\/noticiasribeiraopreto.com.br\/index.php\/category\/noticias-de-ribeirao-preto-sp-e-regiao-ismael-colosi\/"},"img":{"alt_text":"","src":"https:\/\/i0.wp.com\/noticiasribeiraopreto.com.br\/wp-content\/uploads\/2025\/03\/Copia-de-Copia-de-Copia-de-TAMANHO-EXATO-PARA-FOTOS-NO-SISTEMA-NOVO-2025-03-20T182335.664_2025-03-20_21-23-58_png_2025-03-20_21-23-58.webp.webp?fit=1200%2C675&ssl=1&resize=350%2C200","width":350,"height":200,"srcset":"https:\/\/i0.wp.com\/noticiasribeiraopreto.com.br\/wp-content\/uploads\/2025\/03\/Copia-de-Copia-de-Copia-de-TAMANHO-EXATO-PARA-FOTOS-NO-SISTEMA-NOVO-2025-03-20T182335.664_2025-03-20_21-23-58_png_2025-03-20_21-23-58.webp.webp?fit=1200%2C675&ssl=1&resize=350%2C200 1x, https:\/\/i0.wp.com\/noticiasribeiraopreto.com.br\/wp-content\/uploads\/2025\/03\/Copia-de-Copia-de-Copia-de-TAMANHO-EXATO-PARA-FOTOS-NO-SISTEMA-NOVO-2025-03-20T182335.664_2025-03-20_21-23-58_png_2025-03-20_21-23-58.webp.webp?fit=1200%2C675&ssl=1&resize=525%2C300 1.5x, https:\/\/i0.wp.com\/noticiasribeiraopreto.com.br\/wp-content\/uploads\/2025\/03\/Copia-de-Copia-de-Copia-de-TAMANHO-EXATO-PARA-FOTOS-NO-SISTEMA-NOVO-2025-03-20T182335.664_2025-03-20_21-23-58_png_2025-03-20_21-23-58.webp.webp?fit=1200%2C675&ssl=1&resize=700%2C400 2x, https:\/\/i0.wp.com\/noticiasribeiraopreto.com.br\/wp-content\/uploads\/2025\/03\/Copia-de-Copia-de-Copia-de-TAMANHO-EXATO-PARA-FOTOS-NO-SISTEMA-NOVO-2025-03-20T182335.664_2025-03-20_21-23-58_png_2025-03-20_21-23-58.webp.webp?fit=1200%2C675&ssl=1&resize=1050%2C600 3x"},"classes":[]},{"id":46708,"url":"https:\/\/noticiasribeiraopreto.com.br\/index.php\/2024\/04\/13\/imagens-mostram-pessoas-em-carroceria-de-caminhonete-antes-de-acidente-fatal-em-rodovia\/","url_meta":{"origin":46325,"position":4},"title":"Imagens mostram pessoas em carroceria de caminhonete antes de acidente fatal em rodovia","author":"noticiasribeiraopreto.com.br","date":"13 de April de 2024","format":false,"excerpt":"V\u00eddeos obtidos pela EPTV mostram momentos antes do acidente que terminou com a morte de dois homens, na rodovia C\u00e2ndido Portinari (SP-334), em Rifaina, cidade no interior de S\u00e3o Paulo, no \u00faltimo final de semana. Os v\u00eddeos s\u00e3o de c\u00e2meras de seguran\u00e7a e mostram diferentes trechos da cidade onde foi\u2026","rel":"","context":"In &quot;Not\u00edcias de Ribeir\u00e3o Preto-SP e Regi\u00e3o&quot;","block_context":{"text":"Not\u00edcias de Ribeir\u00e3o Preto-SP e Regi\u00e3o","link":"https:\/\/noticiasribeiraopreto.com.br\/index.php\/category\/noticias-de-ribeirao-preto-sp-e-regiao-ismael-colosi\/"},"img":{"alt_text":"","src":"https:\/\/i0.wp.com\/noticiasribeiraopreto.com.br\/wp-content\/uploads\/2024\/04\/WhatsApp-Image-2024-04-13-at-12.10.56.webp.webp?fit=750%2C427&ssl=1&resize=350%2C200","width":350,"height":200,"srcset":"https:\/\/i0.wp.com\/noticiasribeiraopreto.com.br\/wp-content\/uploads\/2024\/04\/WhatsApp-Image-2024-04-13-at-12.10.56.webp.webp?fit=750%2C427&ssl=1&resize=350%2C200 1x, https:\/\/i0.wp.com\/noticiasribeiraopreto.com.br\/wp-content\/uploads\/2024\/04\/WhatsApp-Image-2024-04-13-at-12.10.56.webp.webp?fit=750%2C427&ssl=1&resize=525%2C300 1.5x, https:\/\/i0.wp.com\/noticiasribeiraopreto.com.br\/wp-content\/uploads\/2024\/04\/WhatsApp-Image-2024-04-13-at-12.10.56.webp.webp?fit=750%2C427&ssl=1&resize=700%2C400 2x"},"classes":[]},{"id":84890,"url":"https:\/\/noticiasribeiraopreto.com.br\/index.php\/2026\/04\/17\/veja-o-que-a-policia-civil-concluiu-na-investigacao-do-acidente-com-lancha-que-deixou-seis-mortos\/","url_meta":{"origin":46325,"position":5},"title":"Veja o que a Pol\u00edcia Civil concluiu na investiga\u00e7\u00e3o do acidente com lancha que deixou seis mortos","author":"noticiasribeiraopreto.com.br","date":"17 de April de 2026","format":false,"excerpt":"Ler o resumo da not\u00edcia A Pol\u00edcia Civil de Minas Gerais encerrou o inqu\u00e9rito sobre a lancha que tombou na represa do rio Grande na noite de 21\/02, entre Rifaina (SP) e Sacramento (MG). O piloto, Wesley Carlos da Silva, 45, conduzia a embarca\u00e7\u00e3o sem habilita\u00e7\u00e3o e com documenta\u00e7\u00e3o irregular,\u2026","rel":"","context":"In &quot;Not\u00edcias de Ribeir\u00e3o Preto-SP e Regi\u00e3o&quot;","block_context":{"text":"Not\u00edcias de Ribeir\u00e3o Preto-SP e Regi\u00e3o","link":"https:\/\/noticiasribeiraopreto.com.br\/index.php\/category\/noticias-de-ribeirao-preto-sp-e-regiao-ismael-colosi\/"},"img":{"alt_text":"","src":"https:\/\/i0.wp.com\/noticiasribeiraopreto.com.br\/wp-content\/uploads\/2026\/04\/acidente-rifaina_2026-02-22_12-20-48.webp.webp?fit=1200%2C670&ssl=1&resize=350%2C200","width":350,"height":200,"srcset":"https:\/\/i0.wp.com\/noticiasribeiraopreto.com.br\/wp-content\/uploads\/2026\/04\/acidente-rifaina_2026-02-22_12-20-48.webp.webp?fit=1200%2C670&ssl=1&resize=350%2C200 1x, https:\/\/i0.wp.com\/noticiasribeiraopreto.com.br\/wp-content\/uploads\/2026\/04\/acidente-rifaina_2026-02-22_12-20-48.webp.webp?fit=1200%2C670&ssl=1&resize=525%2C300 1.5x, https:\/\/i0.wp.com\/noticiasribeiraopreto.com.br\/wp-content\/uploads\/2026\/04\/acidente-rifaina_2026-02-22_12-20-48.webp.webp?fit=1200%2C670&ssl=1&resize=700%2C400 2x, https:\/\/i0.wp.com\/noticiasribeiraopreto.com.br\/wp-content\/uploads\/2026\/04\/acidente-rifaina_2026-02-22_12-20-48.webp.webp?fit=1200%2C670&ssl=1&resize=1050%2C600 3x"},"classes":[]}],"jetpack_sharing_enabled":true,"jetpack_shortlink":"https:\/\/wp.me\/peQAOb-c3b","_links":{"self":[{"href":"https:\/\/noticiasribeiraopreto.com.br\/index.php\/wp-json\/wp\/v2\/posts\/46325","targetHints":{"allow":["GET"]}}],"collection":[{"href":"https:\/\/noticiasribeiraopreto.com.br\/index.php\/wp-json\/wp\/v2\/posts"}],"about":[{"href":"https:\/\/noticiasribeiraopreto.com.br\/index.php\/wp-json\/wp\/v2\/types\/post"}],"author":[{"embeddable":true,"href":"https:\/\/noticiasribeiraopreto.com.br\/index.php\/wp-json\/wp\/v2\/users\/1"}],"replies":[{"embeddable":true,"href":"https:\/\/noticiasribeiraopreto.com.br\/index.php\/wp-json\/wp\/v2\/comments?post=46325"}],"version-history":[{"count":0,"href":"https:\/\/noticiasribeiraopreto.com.br\/index.php\/wp-json\/wp\/v2\/posts\/46325\/revisions"}],"wp:featuredmedia":[{"embeddable":true,"href":"https:\/\/noticiasribeiraopreto.com.br\/index.php\/wp-json\/wp\/v2\/media\/45775"}],"wp:attachment":[{"href":"https:\/\/noticiasribeiraopreto.com.br\/index.php\/wp-json\/wp\/v2\/media?parent=46325"}],"wp:term":[{"taxonomy":"category","embeddable":true,"href":"https:\/\/noticiasribeiraopreto.com.br\/index.php\/wp-json\/wp\/v2\/categories?post=46325"},{"taxonomy":"post_tag","embeddable":true,"href":"https:\/\/noticiasribeiraopreto.com.br\/index.php\/wp-json\/wp\/v2\/tags?post=46325"}],"curies":[{"name":"wp","href":"https:\/\/api.w.org\/{rel}","templated":true}]}}