{"id":46340,"date":"2024-04-11T08:01:37","date_gmt":"2024-04-11T11:01:37","guid":{"rendered":"https:\/\/noticiasribeiraopreto.com.br\/index.php\/2024\/04\/11\/frente-fria-se-aproxima-do-estado-de-sp-veja-se-vai-chover-e-esfriar-nos-proximos-dias\/"},"modified":"2024-04-11T08:01:37","modified_gmt":"2024-04-11T11:01:37","slug":"frente-fria-se-aproxima-do-estado-de-sp-veja-se-vai-chover-e-esfriar-nos-proximos-dias","status":"publish","type":"post","link":"https:\/\/noticiasribeiraopreto.com.br\/index.php\/2024\/04\/11\/frente-fria-se-aproxima-do-estado-de-sp-veja-se-vai-chover-e-esfriar-nos-proximos-dias\/","title":{"rendered":"Frente fria se aproxima do estado de SP; Veja se vai chover e esfriar nos pr\u00f3ximos dias"},"content":{"rendered":"<div class='code-block code-block-1' style='margin: 8px 0 8px auto; text-align: right; display: block; clear: both;'>\n<p><a href=\"https:\/\/wa.link\/vpicfd\"><img data-recalc-dims=\"1\" class=\"wp-image-4922\" style=\"aspect-ratio: 2.0253164556962027; width: 561px; height: auto;\" src=\"https:\/\/i0.wp.com\/ismaelcolosi.com.br\/wp-content\/uploads\/2023\/11\/grupo-de-empregos-whatsapp-e-facebook-ismael-colosi-vagas.jpg?ssl=1\" alt=\"\" \/><\/a><\/p>\n<!-- \/wp:image -->\n<\/div>\n<p> <br \/>\n<\/p>\n<div data-td-block-uid=\"tdi_101\">\n<div class=\"tdb-block-inner td-fix-index\">\n<p><strong>A frente fria que avan\u00e7ou da Argentina segue em deslocamento pelo alto mar em dire\u00e7\u00e3o ao Sudeste brasileiro nesta quinta-feira (11).<\/strong><\/p>\n<p>Segundo a <a href=\"https:\/\/www.climatempo.com.br\/\" target=\"_blank\" rel=\"noreferrer noopener\">Climatempo<\/a>,<span style=\"background-color:#f7cc62\" class=\"td_text_highlight_marker\"> este sistema n\u00e3o deve avan\u00e7ar sobre o interior de S\u00e3o Paulo<\/span>, mas ajuda a levar <strong>umidade <\/strong>e a formar <strong>nuvens carregadas <\/strong>sobre a <strong>regi\u00e3o de Ribeir\u00e3o Preto<\/strong>.<\/p>\n<h4 class=\"wp-block-heading\"><strong>Manh\u00e3 nublada<\/strong><\/h4>\n<p><strong>Ribeir\u00e3o Preto<\/strong> amanheceu com o <strong>tempo nublado<\/strong> nesta quinta, contudo a <strong>meteorologia <\/strong>indica aberturas de <strong>sol <\/strong>ao longo do dia e possibilidade de <strong>pancadas isoladas <\/strong>de <strong>chuva <\/strong>\u00e0 tarde e \u00e0 noite.<\/p>\n<p><span style=\"background-color:#f7cc62\" class=\"td_text_highlight_marker\">H\u00e1 alerta para chuva mais forte em Franca<\/span> hoje, onde est\u00e3o previstas rajadas de vento de at\u00e9 70 km\/h.<\/p>\n<h4 class=\"wp-block-heading\"><strong>Vai esfriar?<\/strong><\/h4>\n<p><strong>Ribeir\u00e3o Preto<\/strong> ainda deve seguir com as <strong>temperaturas elevadas<\/strong>, com os term\u00f4metros acima de <strong>30\u00b0C<\/strong> pelo menos at\u00e9 o pr\u00f3ximo s\u00e1bado (13).<\/p>\n<p>Com a entrada do <strong>ar frio<\/strong> na <strong>retaguarda <\/strong>da <strong>frente fria<\/strong>, a meteorologia aponta <strong>diminui\u00e7\u00e3o <\/strong>nas <strong>temperaturas <\/strong>na cidade de <strong>S\u00e3o Paulo<\/strong> e no <strong>litoral paulista<\/strong>.<\/p>\n<h4 class=\"wp-block-heading\"><strong>Veja mais detalhes da previs\u00e3o nos pr\u00f3ximos dias em Ribeir\u00e3o Preto:<\/strong><\/h4>\n<p><strong>Quinta-feira (11)<\/strong><\/p>\n<p>21\u00b0C \/ 32\u00b0C<\/p>\n<p>Sol e aumento de nuvens de manh\u00e3. Pancadas de chuva \u00e0 tarde. \u00c0 noite o tempo fica aberto.<\/p>\n<p>Chuva: 5 mm \/ 21%<\/p>\n<p>Umidade do ar: 62% \/ 97%<\/p>\n<p><strong>Sexta-feira (12)<\/strong><\/p>\n<p>21\u00b0C \/ 31\u00b0C<\/p>\n<p>Sol e aumento de nuvens de manh\u00e3. Pancadas de chuva \u00e0 tarde e \u00e0 noite.<\/p>\n<p>Chuva: 8 mm \/ 32%<\/p>\n<p>Umidade do ar: 63% \/ 92%<\/p>\n<p><strong>S\u00e1bado (13)<\/strong><\/p>\n<p>21\u00b0C \/ 31\u00b0C<\/p>\n<p>Sol e aumento de nuvens de manh\u00e3. Pancadas de chuva \u00e0 tarde e \u00e0 noite.<\/p>\n<p>Chuva: 10 mm \/ 31%<\/p>\n<p>Umidade do ar: 58% \/ 90%<\/p>\n<p><strong>Domingo (14)<\/strong><\/p>\n<p>21\u00b0C \/ 29\u00b0C<\/p>\n<p>Sol com muitas nuvens. Pancadas de chuva \u00e0 tarde e \u00e0 noite.<\/p>\n<p>Chuva: 12 mm \/ 28%<\/p>\n<p>Umidade do ar: 62% \/ 88%<\/p>\n<p>Fonte: Climatempo<\/p>\n<p>SAIBA MAIS<\/p>\n<p>Obra da Saerp provoca interdi\u00e7\u00e3o total em cruzamento no Centro de Ribeir\u00e3o Preto<\/p>\n<h4 class=\"wp-block-heading\"><strong><mark>FIQUE ON<\/mark><\/strong><\/h4>\n<p>Fique ligado em tudo que acontece em Ribeir\u00e3o Preto e regi\u00e3o. Siga os perfis do\u00a0<strong>acidade on\u00a0<\/strong>no\u00a0<a href=\"https:\/\/www.instagram.com\/acidadeonribeirao\" target=\"_blank\" rel=\"noreferrer noopener\">Instagram<\/a>\u00a0e no\u00a0<a href=\"https:\/\/www.facebook.com\/acidadeonribeirao\" target=\"_blank\" rel=\"noreferrer noopener\">Facebook<\/a>.<\/p>\n<p>Receba not\u00edcias do acidade on no WhatsApp. Para entrar no grupo, basta\u00a0<a href=\"https:\/\/chat.whatsapp.com\/GFH9HUMUTHNFJdnyEd0xxq\" target=\"_blank\" rel=\"noreferrer noopener\">clicar aqui<\/a>.<\/p>\n<p>Fa\u00e7a uma den\u00fancia ou sugira uma reportagem sobre Ribeir\u00e3o Preto e regi\u00e3o pelo WhatsApp: 16 99117 7802.<\/p>\n<p>VEJA TAMB\u00c9M<\/p>\n<p>DPVAT vai voltar? Saiba como receber o dinheiro do seguro<\/p>\n<p><!-- AI CONTENT END 1 -->\n<\/div>\n<\/div>\n<p><script async src=\"\/\/www.instagram.com\/embed.js\"><\/script><br \/>\n<br \/><br \/>\n<br \/><a href=\"https:\/\/www.acidadeon.com\/ribeiraopreto\/cotidiano\/frente-fria-se-aproxima-do-estado-de-sp-veja-se-vai-chover-e-esfriar-nos-proximos-dias\/\">Source link <\/a><\/p>\n<!-- CONTENT END 1 -->\n","protected":false},"excerpt":{"rendered":"<p>A frente fria que avan\u00e7ou da Argentina segue em deslocamento pelo alto mar em dire\u00e7\u00e3o ao Sudeste brasileiro nesta quinta-feira (11). Segundo a Climatempo, este&#8230;<\/p>\n","protected":false},"author":1,"featured_media":46341,"comment_status":"open","ping_status":"open","sticky":false,"template":"","format":"standard","meta":{"advanced_seo_description":"","jetpack_seo_html_title":"","jetpack_seo_noindex":false,"jetpack_post_was_ever_published":false,"_jetpack_newsletter_access":"","_jetpack_dont_email_post_to_subs":false,"_jetpack_newsletter_tier_id":0,"_jetpack_memberships_contains_paywalled_content":false,"_jetpack_memberships_contains_paid_content":false,"footnotes":"","jetpack_publicize_message":"","jetpack_publicize_feature_enabled":true,"jetpack_social_post_already_shared":true,"jetpack_social_options":{"image_generator_settings":{"template":"highway","default_image_id":0,"font":"","enabled":false},"version":2}},"categories":[11],"tags":[],"class_list":["post-46340","post","type-post","status-publish","format-standard","has-post-thumbnail","hentry","category-noticias-de-ribeirao-preto-sp-e-regiao-ismael-colosi"],"jetpack_publicize_connections":[],"jetpack_featured_media_url":"https:\/\/i0.wp.com\/noticiasribeiraopreto.com.br\/wp-content\/uploads\/2024\/04\/WhatsApp-Image-2023-11-02-at-09.38.15.jpeg?fit=1600%2C737&ssl=1","jetpack-related-posts":[{"id":65257,"url":"https:\/\/noticiasribeiraopreto.com.br\/index.php\/2025\/03\/18\/nova-frente-fria-chega-nesta-semana-e-traz-mais-chuva-ao-estado-de-sp-veja-previsao\/","url_meta":{"origin":46340,"position":0},"title":"Nova frente fria chega nesta semana e traz mais chuva ao estado de SP; Veja previs\u00e3o","author":"noticiasribeiraopreto.com.br","date":"18 de March de 2025","format":false,"excerpt":"Uma nova frente fria deve chegar ao Sudeste e estimular mais instabilidades sobre o estado de S\u00e3o Paulo nestes \u00faltimos dias do ver\u00e3o 2025. O outono come\u00e7a oficialmente na pr\u00f3xima quinta-feira (20), \u00e0s 6h01. \u201cNo decorrer da quarta-feira [dia 19 de mar\u00e7o], esta frente fria j\u00e1 estar\u00e1 avan\u00e7ando pela costa\u2026","rel":"","context":"In &quot;Not\u00edcias de Ribeir\u00e3o Preto-SP e Regi\u00e3o&quot;","block_context":{"text":"Not\u00edcias de Ribeir\u00e3o Preto-SP e Regi\u00e3o","link":"https:\/\/noticiasribeiraopreto.com.br\/index.php\/category\/noticias-de-ribeirao-preto-sp-e-regiao-ismael-colosi\/"},"img":{"alt_text":"","src":"https:\/\/i0.wp.com\/noticiasribeiraopreto.com.br\/wp-content\/uploads\/2025\/03\/WhatsApp-Image-2024-03-22-at-12.17.55.jpeg?fit=1200%2C540&ssl=1&resize=350%2C200","width":350,"height":200,"srcset":"https:\/\/i0.wp.com\/noticiasribeiraopreto.com.br\/wp-content\/uploads\/2025\/03\/WhatsApp-Image-2024-03-22-at-12.17.55.jpeg?fit=1200%2C540&ssl=1&resize=350%2C200 1x, https:\/\/i0.wp.com\/noticiasribeiraopreto.com.br\/wp-content\/uploads\/2025\/03\/WhatsApp-Image-2024-03-22-at-12.17.55.jpeg?fit=1200%2C540&ssl=1&resize=525%2C300 1.5x, https:\/\/i0.wp.com\/noticiasribeiraopreto.com.br\/wp-content\/uploads\/2025\/03\/WhatsApp-Image-2024-03-22-at-12.17.55.jpeg?fit=1200%2C540&ssl=1&resize=700%2C400 2x, https:\/\/i0.wp.com\/noticiasribeiraopreto.com.br\/wp-content\/uploads\/2025\/03\/WhatsApp-Image-2024-03-22-at-12.17.55.jpeg?fit=1200%2C540&ssl=1&resize=1050%2C600 3x"},"classes":[]},{"id":71368,"url":"https:\/\/noticiasribeiraopreto.com.br\/index.php\/2025\/06\/05\/nova-frente-fria-chega-ao-estado-de-sp-veja-como-fica-o-tempo-em-ribeirao-preto\/","url_meta":{"origin":46340,"position":1},"title":"Nova frente fria chega ao estado de SP; Veja como fica o tempo em Ribeir\u00e3o Preto","author":"noticiasribeiraopreto.com.br","date":"5 de June de 2025","format":false,"excerpt":"Uma nova frente fria deve passa pelo litoral de S\u00e3o Paulo. A Climatempo prev\u00ea que esse sistema alcance a altura de S\u00e3o Paulo nesta sexta-feira (6) e pode trazer pancadas de chuva com raios para a regi\u00e3o de Ribeir\u00e3o Preto. N\u00e3o h\u00e1, por\u00e9m, previs\u00e3o de grandes instabilidades sobre a regi\u00e3o\u2026","rel":"","context":"In &quot;Not\u00edcias de Ribeir\u00e3o Preto-SP e Regi\u00e3o&quot;","block_context":{"text":"Not\u00edcias de Ribeir\u00e3o Preto-SP e Regi\u00e3o","link":"https:\/\/noticiasribeiraopreto.com.br\/index.php\/category\/noticias-de-ribeirao-preto-sp-e-regiao-ismael-colosi\/"},"img":{"alt_text":"","src":"https:\/\/i0.wp.com\/noticiasribeiraopreto.com.br\/wp-content\/uploads\/2025\/06\/WhatsApp-Image-2024-04-09-at-07.20.27.jpeg?fit=1200%2C541&ssl=1&resize=350%2C200","width":350,"height":200,"srcset":"https:\/\/i0.wp.com\/noticiasribeiraopreto.com.br\/wp-content\/uploads\/2025\/06\/WhatsApp-Image-2024-04-09-at-07.20.27.jpeg?fit=1200%2C541&ssl=1&resize=350%2C200 1x, https:\/\/i0.wp.com\/noticiasribeiraopreto.com.br\/wp-content\/uploads\/2025\/06\/WhatsApp-Image-2024-04-09-at-07.20.27.jpeg?fit=1200%2C541&ssl=1&resize=525%2C300 1.5x, https:\/\/i0.wp.com\/noticiasribeiraopreto.com.br\/wp-content\/uploads\/2025\/06\/WhatsApp-Image-2024-04-09-at-07.20.27.jpeg?fit=1200%2C541&ssl=1&resize=700%2C400 2x, https:\/\/i0.wp.com\/noticiasribeiraopreto.com.br\/wp-content\/uploads\/2025\/06\/WhatsApp-Image-2024-04-09-at-07.20.27.jpeg?fit=1200%2C541&ssl=1&resize=1050%2C600 3x"},"classes":[]},{"id":48873,"url":"https:\/\/noticiasribeiraopreto.com.br\/index.php\/2024\/05\/07\/frente-fria-chega-ao-estado-de-sp-nesta-semana-veja-se-o-tempo-muda-no-interior\/","url_meta":{"origin":46340,"position":2},"title":"Frente fria chega ao estado de SP nesta semana; Veja se o tempo muda no interior","author":"noticiasribeiraopreto.com.br","date":"7 de May de 2024","format":false,"excerpt":"A meteorologia indica a passagem de uma frente fria pelo litoral do estado de S\u00e3o Paulo na pr\u00f3xima quinta-feira (9). Segundo a Climatempo, h\u00e1 previs\u00e3o de chuva apenas para o litoral paulista. Mesmo assim, a quantidade de chuva \u00e9 baixa. Ainda conforme a meteorologia, esta frente fria n\u00e3o ter\u00e1 for\u00e7a\u2026","rel":"","context":"In &quot;Not\u00edcias de Ribeir\u00e3o Preto-SP e Regi\u00e3o&quot;","block_context":{"text":"Not\u00edcias de Ribeir\u00e3o Preto-SP e Regi\u00e3o","link":"https:\/\/noticiasribeiraopreto.com.br\/index.php\/category\/noticias-de-ribeirao-preto-sp-e-regiao-ismael-colosi\/"},"img":{"alt_text":"","src":"https:\/\/i0.wp.com\/noticiasribeiraopreto.com.br\/wp-content\/uploads\/2024\/05\/chuva.jpeg?fit=1200%2C903&ssl=1&resize=350%2C200","width":350,"height":200,"srcset":"https:\/\/i0.wp.com\/noticiasribeiraopreto.com.br\/wp-content\/uploads\/2024\/05\/chuva.jpeg?fit=1200%2C903&ssl=1&resize=350%2C200 1x, https:\/\/i0.wp.com\/noticiasribeiraopreto.com.br\/wp-content\/uploads\/2024\/05\/chuva.jpeg?fit=1200%2C903&ssl=1&resize=525%2C300 1.5x, https:\/\/i0.wp.com\/noticiasribeiraopreto.com.br\/wp-content\/uploads\/2024\/05\/chuva.jpeg?fit=1200%2C903&ssl=1&resize=700%2C400 2x, https:\/\/i0.wp.com\/noticiasribeiraopreto.com.br\/wp-content\/uploads\/2024\/05\/chuva.jpeg?fit=1200%2C903&ssl=1&resize=1050%2C600 3x"},"classes":[]},{"id":45864,"url":"https:\/\/noticiasribeiraopreto.com.br\/index.php\/2024\/04\/08\/nova-frente-fria-avanca-em-direcao-ao-estado-de-sp-nesta-semana-confira-a-previsao\/","url_meta":{"origin":46340,"position":3},"title":"Nova frente fria avan\u00e7a em dire\u00e7\u00e3o ao estado de SP nesta semana; Confira a previs\u00e3o","author":"noticiasribeiraopreto.com.br","date":"8 de April de 2024","format":false,"excerpt":"Uma nova frente fria deve se deslocar nesta semana em dire\u00e7\u00e3o ao estado de S\u00e3o Paulo e aumentar a condi\u00e7\u00e3o para chuva e queda de temperatura no pr\u00f3ximo fim de semana. Segundo a Climatempo, o sistema come\u00e7a a se formar ao longo desta ter\u00e7a-feira (9) e se aproxima do Rio\u2026","rel":"","context":"In &quot;Not\u00edcias de Ribeir\u00e3o Preto-SP e Regi\u00e3o&quot;","block_context":{"text":"Not\u00edcias de Ribeir\u00e3o Preto-SP e Regi\u00e3o","link":"https:\/\/noticiasribeiraopreto.com.br\/index.php\/category\/noticias-de-ribeirao-preto-sp-e-regiao-ismael-colosi\/"},"img":{"alt_text":"","src":"https:\/\/i0.wp.com\/noticiasribeiraopreto.com.br\/wp-content\/uploads\/2024\/04\/WhatsApp-Image-2024-04-08-at-12.03.16.jpeg?fit=1200%2C639&ssl=1&resize=350%2C200","width":350,"height":200,"srcset":"https:\/\/i0.wp.com\/noticiasribeiraopreto.com.br\/wp-content\/uploads\/2024\/04\/WhatsApp-Image-2024-04-08-at-12.03.16.jpeg?fit=1200%2C639&ssl=1&resize=350%2C200 1x, https:\/\/i0.wp.com\/noticiasribeiraopreto.com.br\/wp-content\/uploads\/2024\/04\/WhatsApp-Image-2024-04-08-at-12.03.16.jpeg?fit=1200%2C639&ssl=1&resize=525%2C300 1.5x, https:\/\/i0.wp.com\/noticiasribeiraopreto.com.br\/wp-content\/uploads\/2024\/04\/WhatsApp-Image-2024-04-08-at-12.03.16.jpeg?fit=1200%2C639&ssl=1&resize=700%2C400 2x, https:\/\/i0.wp.com\/noticiasribeiraopreto.com.br\/wp-content\/uploads\/2024\/04\/WhatsApp-Image-2024-04-08-at-12.03.16.jpeg?fit=1200%2C639&ssl=1&resize=1050%2C600 3x"},"classes":[]},{"id":46284,"url":"https:\/\/noticiasribeiraopreto.com.br\/index.php\/2024\/04\/10\/frente-fria-chega-ao-interior-de-sp-nesta-quinta-feira-veja-a-previsao\/","url_meta":{"origin":46340,"position":4},"title":"Frente fria chega ao interior de SP nesta quinta-feira; Veja a previs\u00e3o","author":"noticiasribeiraopreto.com.br","date":"10 de April de 2024","format":false,"excerpt":"Uma frente fria formada na Argentina deve causar chuva e temperaturas mais amenas no Sul, antes de chegar ao Sudeste do pa\u00eds, incluindo o estado de S\u00e3o Paulo e o litoral paulista, nesta semana. A alta press\u00e3o que vem na retaguarda desse sistema deve trazer um pouco de ar frio,\u2026","rel":"","context":"In &quot;Not\u00edcias de Ribeir\u00e3o Preto-SP e Regi\u00e3o&quot;","block_context":{"text":"Not\u00edcias de Ribeir\u00e3o Preto-SP e Regi\u00e3o","link":"https:\/\/noticiasribeiraopreto.com.br\/index.php\/category\/noticias-de-ribeirao-preto-sp-e-regiao-ismael-colosi\/"},"img":{"alt_text":"","src":"https:\/\/noticiasribeiraopreto.com.br\/wp-content\/uploads\/2024\/04\/whatsapp_image_2022-08-08_at_07_42_08.jpe","width":350,"height":200,"srcset":"https:\/\/noticiasribeiraopreto.com.br\/wp-content\/uploads\/2024\/04\/whatsapp_image_2022-08-08_at_07_42_08.jpe 1x, https:\/\/noticiasribeiraopreto.com.br\/wp-content\/uploads\/2024\/04\/whatsapp_image_2022-08-08_at_07_42_08.jpe 1.5x, https:\/\/noticiasribeiraopreto.com.br\/wp-content\/uploads\/2024\/04\/whatsapp_image_2022-08-08_at_07_42_08.jpe 2x, https:\/\/noticiasribeiraopreto.com.br\/wp-content\/uploads\/2024\/04\/whatsapp_image_2022-08-08_at_07_42_08.jpe 3x"},"classes":[]},{"id":62071,"url":"https:\/\/noticiasribeiraopreto.com.br\/index.php\/2025\/01\/02\/primeira-frente-fria-de-2025-se-aproxima-do-estado-de-sp-veja-previsao\/","url_meta":{"origin":46340,"position":5},"title":"Primeira frente fria de 2025 se aproxima do Estado de SP; Veja previs\u00e3o","author":"noticiasribeiraopreto.com.br","date":"2 de January de 2025","format":false,"excerpt":"A primeira frente fria de 2025 deve se formar ao longo dos pr\u00f3ximos dias em todo o Estado de S\u00e3o Paulo. De acordo com os meteorologistas, o fen\u00f4meno trar\u00e1 mais chuva para a regi\u00e3o, caracter\u00edstica que deve se manter durante todo o m\u00eas de janeiro. Nesta quinta-feira (2), o c\u00e9u\u2026","rel":"","context":"In &quot;Not\u00edcias de Ribeir\u00e3o Preto-SP e Regi\u00e3o&quot;","block_context":{"text":"Not\u00edcias de Ribeir\u00e3o Preto-SP e Regi\u00e3o","link":"https:\/\/noticiasribeiraopreto.com.br\/index.php\/category\/noticias-de-ribeirao-preto-sp-e-regiao-ismael-colosi\/"},"img":{"alt_text":"","src":"https:\/\/i0.wp.com\/noticiasribeiraopreto.com.br\/wp-content\/uploads\/2024\/11\/chuva_sexta_06_2024-11-29_16-33-16.webp.webp?fit=1024%2C768&ssl=1&resize=350%2C200","width":350,"height":200,"srcset":"https:\/\/i0.wp.com\/noticiasribeiraopreto.com.br\/wp-content\/uploads\/2024\/11\/chuva_sexta_06_2024-11-29_16-33-16.webp.webp?fit=1024%2C768&ssl=1&resize=350%2C200 1x, https:\/\/i0.wp.com\/noticiasribeiraopreto.com.br\/wp-content\/uploads\/2024\/11\/chuva_sexta_06_2024-11-29_16-33-16.webp.webp?fit=1024%2C768&ssl=1&resize=525%2C300 1.5x, https:\/\/i0.wp.com\/noticiasribeiraopreto.com.br\/wp-content\/uploads\/2024\/11\/chuva_sexta_06_2024-11-29_16-33-16.webp.webp?fit=1024%2C768&ssl=1&resize=700%2C400 2x"},"classes":[]}],"jetpack_sharing_enabled":true,"jetpack_shortlink":"https:\/\/wp.me\/peQAOb-c3q","_links":{"self":[{"href":"https:\/\/noticiasribeiraopreto.com.br\/index.php\/wp-json\/wp\/v2\/posts\/46340","targetHints":{"allow":["GET"]}}],"collection":[{"href":"https:\/\/noticiasribeiraopreto.com.br\/index.php\/wp-json\/wp\/v2\/posts"}],"about":[{"href":"https:\/\/noticiasribeiraopreto.com.br\/index.php\/wp-json\/wp\/v2\/types\/post"}],"author":[{"embeddable":true,"href":"https:\/\/noticiasribeiraopreto.com.br\/index.php\/wp-json\/wp\/v2\/users\/1"}],"replies":[{"embeddable":true,"href":"https:\/\/noticiasribeiraopreto.com.br\/index.php\/wp-json\/wp\/v2\/comments?post=46340"}],"version-history":[{"count":0,"href":"https:\/\/noticiasribeiraopreto.com.br\/index.php\/wp-json\/wp\/v2\/posts\/46340\/revisions"}],"wp:featuredmedia":[{"embeddable":true,"href":"https:\/\/noticiasribeiraopreto.com.br\/index.php\/wp-json\/wp\/v2\/media\/46341"}],"wp:attachment":[{"href":"https:\/\/noticiasribeiraopreto.com.br\/index.php\/wp-json\/wp\/v2\/media?parent=46340"}],"wp:term":[{"taxonomy":"category","embeddable":true,"href":"https:\/\/noticiasribeiraopreto.com.br\/index.php\/wp-json\/wp\/v2\/categories?post=46340"},{"taxonomy":"post_tag","embeddable":true,"href":"https:\/\/noticiasribeiraopreto.com.br\/index.php\/wp-json\/wp\/v2\/tags?post=46340"}],"curies":[{"name":"wp","href":"https:\/\/api.w.org\/{rel}","templated":true}]}}