{"id":46342,"date":"2024-04-11T08:18:50","date_gmt":"2024-04-11T11:18:50","guid":{"rendered":"https:\/\/noticiasribeiraopreto.com.br\/index.php\/2024\/04\/11\/carro-pega-fogo-em-avenida-da-zona-oeste-de-ribeirao-preto-assista-ao-video\/"},"modified":"2024-04-11T08:18:50","modified_gmt":"2024-04-11T11:18:50","slug":"carro-pega-fogo-em-avenida-da-zona-oeste-de-ribeirao-preto-assista-ao-video","status":"publish","type":"post","link":"https:\/\/noticiasribeiraopreto.com.br\/index.php\/2024\/04\/11\/carro-pega-fogo-em-avenida-da-zona-oeste-de-ribeirao-preto-assista-ao-video\/","title":{"rendered":"Carro pega fogo em avenida da zona Oeste de Ribeir\u00e3o Preto; Assista ao v\u00eddeo"},"content":{"rendered":"<div class='code-block code-block-1' style='margin: 8px 0 8px auto; text-align: right; display: block; clear: both;'>\n<p><a href=\"https:\/\/wa.link\/vpicfd\"><img data-recalc-dims=\"1\" class=\"wp-image-4922\" style=\"aspect-ratio: 2.0253164556962027; width: 561px; height: auto;\" src=\"https:\/\/i0.wp.com\/ismaelcolosi.com.br\/wp-content\/uploads\/2023\/11\/grupo-de-empregos-whatsapp-e-facebook-ismael-colosi-vagas.jpg?ssl=1\" alt=\"\" \/><\/a><\/p>\n<!-- \/wp:image -->\n<\/div>\n<p> <br \/>\n<\/p>\n<div data-td-block-uid=\"tdi_101\">\n<div class=\"tdb-block-inner td-fix-index\">\n<p><strong>Um carro pegou fogo na manh\u00e3 desta quinta-feira (11), na avenida Ant\u00f4nio e Helena Zerrener, zona Oeste de Ribeir\u00e3o Preto.<\/strong><\/p>\n<p>Segundo o <strong>Corpo de Bombeiros<\/strong>,<span style=\"background-color:#f7cc62\" class=\"td_text_highlight_marker\"> n\u00e3o h\u00e1 feridos no inc\u00eandio<\/span>, que ocorreu no <strong>cruzamento <\/strong>da <strong>avenida <\/strong>com a <strong>rua Coronel Luiz da Cunha<\/strong>.<\/p>\n<p>As <strong>causas<\/strong>, contudo, ainda dever\u00e3o ser <strong>apuradas<\/strong>.<\/p>\n<blockquote class=\"twitter-tweet\" data-media-max-width=\"560\">\n<p lang=\"pt\" dir=\"ltr\">Um carro pegou fogo na manh\u00e3 desta quinta-feira (11), na avenida Ant\u00f4nio e Helena Zerrener, zona Oeste de Ribeir\u00e3o Preto. Segundo o Corpo de Bombeiros, n\u00e3o h\u00e1 v\u00edtimas. As causas ainda dever\u00e3o ser apuradas. <a href=\"https:\/\/t.co\/HkD82G0FW8\">pic.twitter.com\/HkD82G0FW8<\/a><\/p>\n<p>\u2014 acidade on Ribeir\u00e3o e Regi\u00e3o (@acidadeonrp) <a href=\"https:\/\/twitter.com\/acidadeonrp\/status\/1778376191633707286?ref_src=twsrc%5Etfw\">April 11, 2024<\/a><\/p><\/blockquote>\n<p>SAIBA MAIS<\/p>\n<p>Frente fria se aproxima do estado de SP; Veja se vai chover e esfriar nos pr\u00f3ximos dias<\/p>\n<h4 class=\"wp-block-heading\"><strong><mark>FIQUE ON<\/mark><\/strong><\/h4>\n<p>Fique ligado em tudo que acontece em Ribeir\u00e3o Preto e regi\u00e3o. Siga os perfis do\u00a0<strong>acidade on\u00a0<\/strong>no\u00a0<a href=\"https:\/\/www.instagram.com\/acidadeonribeirao\" target=\"_blank\" rel=\"noreferrer noopener\">Instagram<\/a>\u00a0e no\u00a0<a href=\"https:\/\/www.facebook.com\/acidadeonribeirao\" target=\"_blank\" rel=\"noreferrer noopener\">Facebook<\/a>.<\/p>\n<p>Receba not\u00edcias do acidade on no WhatsApp. Para entrar no grupo, basta\u00a0<a href=\"https:\/\/chat.whatsapp.com\/GFH9HUMUTHNFJdnyEd0xxq\" target=\"_blank\" rel=\"noreferrer noopener\">clicar aqui<\/a>.<\/p>\n<p>Fa\u00e7a uma den\u00fancia ou sugira uma reportagem sobre Ribeir\u00e3o Preto e regi\u00e3o pelo WhatsApp: 16 99117 7802.<\/p>\n<p>VEJA TAMB\u00c9M<\/p>\n<p>DPVAT vai voltar? Saiba como receber o dinheiro do seguro<\/p>\n<p><!-- AI CONTENT END 1 -->\n<\/div>\n<\/div>\n<p><script async src=\"\/\/platform.twitter.com\/widgets.js\" charset=\"utf-8\"><\/script><script async src=\"\/\/www.instagram.com\/embed.js\"><\/script><br \/>\n<br \/><br \/>\n<br \/><a href=\"https:\/\/www.acidadeon.com\/ribeiraopreto\/cotidiano\/carro-pega-fogo-em-avenida-da-zona-oeste-de-ribeirao-preto-assista-ao-video\/\">Source link <\/a><\/p>\n<!-- CONTENT END 1 -->\n","protected":false},"excerpt":{"rendered":"<p>Um carro pegou fogo na manh\u00e3 desta quinta-feira (11), na avenida Ant\u00f4nio e Helena Zerrener, zona Oeste de Ribeir\u00e3o Preto. Segundo o Corpo de Bombeiros,&#8230;<\/p>\n","protected":false},"author":1,"featured_media":46343,"comment_status":"open","ping_status":"open","sticky":false,"template":"","format":"standard","meta":{"advanced_seo_description":"","jetpack_seo_html_title":"","jetpack_seo_noindex":false,"jetpack_post_was_ever_published":false,"_jetpack_newsletter_access":"","_jetpack_dont_email_post_to_subs":false,"_jetpack_newsletter_tier_id":0,"_jetpack_memberships_contains_paywalled_content":false,"_jetpack_memberships_contains_paid_content":false,"footnotes":"","jetpack_publicize_message":"","jetpack_publicize_feature_enabled":true,"jetpack_social_post_already_shared":true,"jetpack_social_options":{"image_generator_settings":{"template":"highway","default_image_id":0,"font":"","enabled":false},"version":2}},"categories":[11],"tags":[],"class_list":["post-46342","post","type-post","status-publish","format-standard","has-post-thumbnail","hentry","category-noticias-de-ribeirao-preto-sp-e-regiao-ismael-colosi"],"jetpack_publicize_connections":[],"jetpack_featured_media_url":"https:\/\/i0.wp.com\/noticiasribeiraopreto.com.br\/wp-content\/uploads\/2024\/04\/FOGO.jpg?fit=2000%2C1241&ssl=1","jetpack-related-posts":[{"id":47959,"url":"https:\/\/noticiasribeiraopreto.com.br\/index.php\/2024\/04\/29\/incendio-em-academia-na-zona-oeste-de-ribeirao-preto-mobiliza-bombeiros-veja-video\/","url_meta":{"origin":46342,"position":0},"title":"Inc\u00eandio em academia na zona Oeste de Ribeir\u00e3o Preto mobiliza bombeiros; Veja v\u00eddeo","author":"noticiasribeiraopreto.com.br","date":"29 de April de 2024","format":false,"excerpt":"Uma academia que fica na avenida Ant\u00f4nio e Helena Zerrener, na zona Oeste de Ribeir\u00e3o Preto, pegou fogo no in\u00edcio da noite desta segunda-feira (29). Imagens registradas por moradores de um pr\u00e9dio vizinho mostram as chamas altas e muita fuma\u00e7a (veja abaixo). Segundo o Corpo de Bombeiros, n\u00e3o houve v\u00edtimas\u2026","rel":"","context":"In &quot;Not\u00edcias de Ribeir\u00e3o Preto-SP e Regi\u00e3o&quot;","block_context":{"text":"Not\u00edcias de Ribeir\u00e3o Preto-SP e Regi\u00e3o","link":"https:\/\/noticiasribeiraopreto.com.br\/index.php\/category\/noticias-de-ribeirao-preto-sp-e-regiao-ismael-colosi\/"},"img":{"alt_text":"","src":"https:\/\/i0.wp.com\/noticiasribeiraopreto.com.br\/wp-content\/uploads\/2024\/04\/Copia-de-Copia-de-TAMANHO-EXATO-PARA-FOTOS-NO-SISTEMA-NOVO-21-2_2024-04-29_22-16-51_jpg.webp.webp?fit=1200%2C675&ssl=1&resize=350%2C200","width":350,"height":200,"srcset":"https:\/\/i0.wp.com\/noticiasribeiraopreto.com.br\/wp-content\/uploads\/2024\/04\/Copia-de-Copia-de-TAMANHO-EXATO-PARA-FOTOS-NO-SISTEMA-NOVO-21-2_2024-04-29_22-16-51_jpg.webp.webp?fit=1200%2C675&ssl=1&resize=350%2C200 1x, https:\/\/i0.wp.com\/noticiasribeiraopreto.com.br\/wp-content\/uploads\/2024\/04\/Copia-de-Copia-de-TAMANHO-EXATO-PARA-FOTOS-NO-SISTEMA-NOVO-21-2_2024-04-29_22-16-51_jpg.webp.webp?fit=1200%2C675&ssl=1&resize=525%2C300 1.5x, https:\/\/i0.wp.com\/noticiasribeiraopreto.com.br\/wp-content\/uploads\/2024\/04\/Copia-de-Copia-de-TAMANHO-EXATO-PARA-FOTOS-NO-SISTEMA-NOVO-21-2_2024-04-29_22-16-51_jpg.webp.webp?fit=1200%2C675&ssl=1&resize=700%2C400 2x, https:\/\/i0.wp.com\/noticiasribeiraopreto.com.br\/wp-content\/uploads\/2024\/04\/Copia-de-Copia-de-TAMANHO-EXATO-PARA-FOTOS-NO-SISTEMA-NOVO-21-2_2024-04-29_22-16-51_jpg.webp.webp?fit=1200%2C675&ssl=1&resize=1050%2C600 3x"},"classes":[]},{"id":79920,"url":"https:\/\/noticiasribeiraopreto.com.br\/index.php\/2025\/11\/11\/carro-pega-fogo-e-fica-destruido-em-avenida-de-ribeirao-preto\/","url_meta":{"origin":46342,"position":1},"title":"Carro pega fogo e fica destru\u00eddo em avenida de Ribeir\u00e3o Preto","author":"noticiasribeiraopreto.com.br","date":"11 de November de 2025","format":false,"excerpt":"Um carro pegou fogo na manh\u00e3 desta ter\u00e7a-feira (11), na avenida Thomaz Alberto Whately, zona Norte de Ribeir\u00e3o Preto. Apesar do susto, n\u00e3o houve registro de feridos. Assista ao v\u00eddeo abaixo. A motorista disse que parou no sem\u00e1foro, no cruzamento com a rua Amparo, quando percebeu que havia uma fuma\u00e7a\u2026","rel":"","context":"In &quot;Not\u00edcias de Ribeir\u00e3o Preto-SP e Regi\u00e3o&quot;","block_context":{"text":"Not\u00edcias de Ribeir\u00e3o Preto-SP e Regi\u00e3o","link":"https:\/\/noticiasribeiraopreto.com.br\/index.php\/category\/noticias-de-ribeirao-preto-sp-e-regiao-ismael-colosi\/"},"img":{"alt_text":"","src":"https:\/\/i0.wp.com\/noticiasribeiraopreto.com.br\/wp-content\/uploads\/2025\/11\/carro-fogo_2025-11-11_10-47-55.webp.webp?fit=1200%2C928&ssl=1&resize=350%2C200","width":350,"height":200,"srcset":"https:\/\/i0.wp.com\/noticiasribeiraopreto.com.br\/wp-content\/uploads\/2025\/11\/carro-fogo_2025-11-11_10-47-55.webp.webp?fit=1200%2C928&ssl=1&resize=350%2C200 1x, https:\/\/i0.wp.com\/noticiasribeiraopreto.com.br\/wp-content\/uploads\/2025\/11\/carro-fogo_2025-11-11_10-47-55.webp.webp?fit=1200%2C928&ssl=1&resize=525%2C300 1.5x, https:\/\/i0.wp.com\/noticiasribeiraopreto.com.br\/wp-content\/uploads\/2025\/11\/carro-fogo_2025-11-11_10-47-55.webp.webp?fit=1200%2C928&ssl=1&resize=700%2C400 2x, https:\/\/i0.wp.com\/noticiasribeiraopreto.com.br\/wp-content\/uploads\/2025\/11\/carro-fogo_2025-11-11_10-47-55.webp.webp?fit=1200%2C928&ssl=1&resize=1050%2C600 3x"},"classes":[]},{"id":70630,"url":"https:\/\/noticiasribeiraopreto.com.br\/index.php\/2025\/05\/28\/carro-pega-fogo-e-mobiliza-corpo-de-bombeiros-em-rodovia\/","url_meta":{"origin":46342,"position":2},"title":"Carro pega fogo e mobiliza Corpo de Bombeiros em rodovia","author":"noticiasribeiraopreto.com.br","date":"28 de May de 2025","format":false,"excerpt":"Um carro pegou fogo na manh\u00e3 desta quarta-feira (28), na rodovia Engenheiro Ronan Rocha (SP-345), em Franca. Apesar do susto, n\u00e3o houve registro de feridos. A suspeita \u00e9 que tenha ocorrido uma pane el\u00e9trica. O motorista disse que havia abastecido o ve\u00edculo momentos antes do inc\u00eandio e conseguiu estacionar no\u2026","rel":"","context":"In &quot;Not\u00edcias de Ribeir\u00e3o Preto-SP e Regi\u00e3o&quot;","block_context":{"text":"Not\u00edcias de Ribeir\u00e3o Preto-SP e Regi\u00e3o","link":"https:\/\/noticiasribeiraopreto.com.br\/index.php\/category\/noticias-de-ribeirao-preto-sp-e-regiao-ismael-colosi\/"},"img":{"alt_text":"","src":"https:\/\/i0.wp.com\/noticiasribeiraopreto.com.br\/wp-content\/uploads\/2025\/05\/CARRO_2025-05-28_17-12-51.webp.webp?fit=1200%2C725&ssl=1&resize=350%2C200","width":350,"height":200,"srcset":"https:\/\/i0.wp.com\/noticiasribeiraopreto.com.br\/wp-content\/uploads\/2025\/05\/CARRO_2025-05-28_17-12-51.webp.webp?fit=1200%2C725&ssl=1&resize=350%2C200 1x, https:\/\/i0.wp.com\/noticiasribeiraopreto.com.br\/wp-content\/uploads\/2025\/05\/CARRO_2025-05-28_17-12-51.webp.webp?fit=1200%2C725&ssl=1&resize=525%2C300 1.5x, https:\/\/i0.wp.com\/noticiasribeiraopreto.com.br\/wp-content\/uploads\/2025\/05\/CARRO_2025-05-28_17-12-51.webp.webp?fit=1200%2C725&ssl=1&resize=700%2C400 2x, https:\/\/i0.wp.com\/noticiasribeiraopreto.com.br\/wp-content\/uploads\/2025\/05\/CARRO_2025-05-28_17-12-51.webp.webp?fit=1200%2C725&ssl=1&resize=1050%2C600 3x"},"classes":[]},{"id":59861,"url":"https:\/\/noticiasribeiraopreto.com.br\/index.php\/2024\/10\/31\/carro-pega-fogo-em-avenida-da-zona-sul-de-ribeirao-preto-veja-video\/","url_meta":{"origin":46342,"position":3},"title":"Carro pega fogo em avenida da zona Sul de Ribeir\u00e3o Preto; Veja v\u00eddeo","author":"noticiasribeiraopreto.com.br","date":"31 de October de 2024","format":false,"excerpt":"Um carro pegou fogo na manh\u00e3 desta quinta-feira (31), na avenida Portugal, pr\u00f3ximo ao Santur\u00e1rio de Nossa Senhora Aparecida, em Ribeir\u00e3o Preto. De acordo com o Corpo de Bombeiros, as chamas j\u00e1 foram apagadas e ningu\u00e9m ficou ferido. Comerciantes locais informaram que o motorista do ve\u00edculo n\u00e3o permaneceu no local.\u2026","rel":"","context":"In &quot;Not\u00edcias de Ribeir\u00e3o Preto-SP e Regi\u00e3o&quot;","block_context":{"text":"Not\u00edcias de Ribeir\u00e3o Preto-SP e Regi\u00e3o","link":"https:\/\/noticiasribeiraopreto.com.br\/index.php\/category\/noticias-de-ribeirao-preto-sp-e-regiao-ismael-colosi\/"},"img":{"alt_text":"","src":"https:\/\/i0.wp.com\/noticiasribeiraopreto.com.br\/wp-content\/uploads\/2024\/10\/Copia-de-Copia-de-Copia-de-TAMANHO-EXATO-PARA-FOTOS-NO-SISTEMA-NOVO-63_2024-10-31_14-57-30_png_2024-10-31_14-57-31.webp.webp?fit=1200%2C675&ssl=1&resize=350%2C200","width":350,"height":200,"srcset":"https:\/\/i0.wp.com\/noticiasribeiraopreto.com.br\/wp-content\/uploads\/2024\/10\/Copia-de-Copia-de-Copia-de-TAMANHO-EXATO-PARA-FOTOS-NO-SISTEMA-NOVO-63_2024-10-31_14-57-30_png_2024-10-31_14-57-31.webp.webp?fit=1200%2C675&ssl=1&resize=350%2C200 1x, https:\/\/i0.wp.com\/noticiasribeiraopreto.com.br\/wp-content\/uploads\/2024\/10\/Copia-de-Copia-de-Copia-de-TAMANHO-EXATO-PARA-FOTOS-NO-SISTEMA-NOVO-63_2024-10-31_14-57-30_png_2024-10-31_14-57-31.webp.webp?fit=1200%2C675&ssl=1&resize=525%2C300 1.5x, https:\/\/i0.wp.com\/noticiasribeiraopreto.com.br\/wp-content\/uploads\/2024\/10\/Copia-de-Copia-de-Copia-de-TAMANHO-EXATO-PARA-FOTOS-NO-SISTEMA-NOVO-63_2024-10-31_14-57-30_png_2024-10-31_14-57-31.webp.webp?fit=1200%2C675&ssl=1&resize=700%2C400 2x, https:\/\/i0.wp.com\/noticiasribeiraopreto.com.br\/wp-content\/uploads\/2024\/10\/Copia-de-Copia-de-Copia-de-TAMANHO-EXATO-PARA-FOTOS-NO-SISTEMA-NOVO-63_2024-10-31_14-57-30_png_2024-10-31_14-57-31.webp.webp?fit=1200%2C675&ssl=1&resize=1050%2C600 3x"},"classes":[]},{"id":47359,"url":"https:\/\/noticiasribeiraopreto.com.br\/index.php\/2024\/04\/25\/carro-capota-depois-de-batida-em-avenida-na-zona-sul-de-ribeirao-preto\/","url_meta":{"origin":46342,"position":4},"title":"Carro capota depois de batida em avenida na zona Sul de Ribeir\u00e3o Preto","author":"noticiasribeiraopreto.com.br","date":"25 de April de 2024","format":false,"excerpt":"Na manh\u00e3 desta quinta-feira (25), um carro capotou depois de uma batida com outro ve\u00edculo no cruzamento da avenida Independ\u00eancia com a rua Jos\u00e9 Leal, na zona Sul de Ribeir\u00e3o Preto. Segundo o Corpo de Bombeiros, duas v\u00edtimas sofreram ferimentos leves e est\u00e3o sendo atendidas pela corpora\u00e7\u00e3o. N\u00e3o h\u00e1 informa\u00e7\u00f5es\u2026","rel":"","context":"In &quot;Not\u00edcias de Ribeir\u00e3o Preto-SP e Regi\u00e3o&quot;","block_context":{"text":"Not\u00edcias de Ribeir\u00e3o Preto-SP e Regi\u00e3o","link":"https:\/\/noticiasribeiraopreto.com.br\/index.php\/category\/noticias-de-ribeirao-preto-sp-e-regiao-ismael-colosi\/"},"img":{"alt_text":"","src":"https:\/\/i0.wp.com\/noticiasribeiraopreto.com.br\/wp-content\/uploads\/2024\/04\/ACIDENTE-2_2024-04-25_12-03-48_jpg.webp.webp?fit=1200%2C870&ssl=1&resize=350%2C200","width":350,"height":200,"srcset":"https:\/\/i0.wp.com\/noticiasribeiraopreto.com.br\/wp-content\/uploads\/2024\/04\/ACIDENTE-2_2024-04-25_12-03-48_jpg.webp.webp?fit=1200%2C870&ssl=1&resize=350%2C200 1x, https:\/\/i0.wp.com\/noticiasribeiraopreto.com.br\/wp-content\/uploads\/2024\/04\/ACIDENTE-2_2024-04-25_12-03-48_jpg.webp.webp?fit=1200%2C870&ssl=1&resize=525%2C300 1.5x, https:\/\/i0.wp.com\/noticiasribeiraopreto.com.br\/wp-content\/uploads\/2024\/04\/ACIDENTE-2_2024-04-25_12-03-48_jpg.webp.webp?fit=1200%2C870&ssl=1&resize=700%2C400 2x, https:\/\/i0.wp.com\/noticiasribeiraopreto.com.br\/wp-content\/uploads\/2024\/04\/ACIDENTE-2_2024-04-25_12-03-48_jpg.webp.webp?fit=1200%2C870&ssl=1&resize=1050%2C600 3x"},"classes":[]},{"id":78644,"url":"https:\/\/noticiasribeiraopreto.com.br\/index.php\/2025\/10\/15\/carro-bate-em-mureta-e-deixa-dois-feridos-em-avenida-de-ribeirao-preto\/","url_meta":{"origin":46342,"position":5},"title":"Carro bate em mureta e deixa dois feridos em avenida de Ribeir\u00e3o Preto","author":"noticiasribeiraopreto.com.br","date":"15 de October de 2025","format":false,"excerpt":"Duas pessoas ficaram feridas na manh\u00e3 desta quarta-feira (15), depois que o carro em que estavam bateu em uma mureta de prote\u00e7\u00e3o na avenida do Caf\u00e9, pr\u00f3ximo do acesso \u00e0 USP, na zona Oeste de Ribeir\u00e3o Preto. Segundo informa\u00e7\u00f5es, o motorista, de 69 anos, e o passageiro, de 67 anos,\u2026","rel":"","context":"In &quot;Not\u00edcias de Ribeir\u00e3o Preto-SP e Regi\u00e3o&quot;","block_context":{"text":"Not\u00edcias de Ribeir\u00e3o Preto-SP e Regi\u00e3o","link":"https:\/\/noticiasribeiraopreto.com.br\/index.php\/category\/noticias-de-ribeirao-preto-sp-e-regiao-ismael-colosi\/"},"img":{"alt_text":"","src":"https:\/\/i0.wp.com\/noticiasribeiraopreto.com.br\/wp-content\/uploads\/2025\/10\/WhatsApp-Image-2025-10-15-at-12.17.12_2025-10-15_16-25-47.webp.webp?fit=1200%2C675&ssl=1&resize=350%2C200","width":350,"height":200,"srcset":"https:\/\/i0.wp.com\/noticiasribeiraopreto.com.br\/wp-content\/uploads\/2025\/10\/WhatsApp-Image-2025-10-15-at-12.17.12_2025-10-15_16-25-47.webp.webp?fit=1200%2C675&ssl=1&resize=350%2C200 1x, https:\/\/i0.wp.com\/noticiasribeiraopreto.com.br\/wp-content\/uploads\/2025\/10\/WhatsApp-Image-2025-10-15-at-12.17.12_2025-10-15_16-25-47.webp.webp?fit=1200%2C675&ssl=1&resize=525%2C300 1.5x, https:\/\/i0.wp.com\/noticiasribeiraopreto.com.br\/wp-content\/uploads\/2025\/10\/WhatsApp-Image-2025-10-15-at-12.17.12_2025-10-15_16-25-47.webp.webp?fit=1200%2C675&ssl=1&resize=700%2C400 2x, https:\/\/i0.wp.com\/noticiasribeiraopreto.com.br\/wp-content\/uploads\/2025\/10\/WhatsApp-Image-2025-10-15-at-12.17.12_2025-10-15_16-25-47.webp.webp?fit=1200%2C675&ssl=1&resize=1050%2C600 3x"},"classes":[]}],"jetpack_sharing_enabled":true,"jetpack_shortlink":"https:\/\/wp.me\/peQAOb-c3s","_links":{"self":[{"href":"https:\/\/noticiasribeiraopreto.com.br\/index.php\/wp-json\/wp\/v2\/posts\/46342","targetHints":{"allow":["GET"]}}],"collection":[{"href":"https:\/\/noticiasribeiraopreto.com.br\/index.php\/wp-json\/wp\/v2\/posts"}],"about":[{"href":"https:\/\/noticiasribeiraopreto.com.br\/index.php\/wp-json\/wp\/v2\/types\/post"}],"author":[{"embeddable":true,"href":"https:\/\/noticiasribeiraopreto.com.br\/index.php\/wp-json\/wp\/v2\/users\/1"}],"replies":[{"embeddable":true,"href":"https:\/\/noticiasribeiraopreto.com.br\/index.php\/wp-json\/wp\/v2\/comments?post=46342"}],"version-history":[{"count":0,"href":"https:\/\/noticiasribeiraopreto.com.br\/index.php\/wp-json\/wp\/v2\/posts\/46342\/revisions"}],"wp:featuredmedia":[{"embeddable":true,"href":"https:\/\/noticiasribeiraopreto.com.br\/index.php\/wp-json\/wp\/v2\/media\/46343"}],"wp:attachment":[{"href":"https:\/\/noticiasribeiraopreto.com.br\/index.php\/wp-json\/wp\/v2\/media?parent=46342"}],"wp:term":[{"taxonomy":"category","embeddable":true,"href":"https:\/\/noticiasribeiraopreto.com.br\/index.php\/wp-json\/wp\/v2\/categories?post=46342"},{"taxonomy":"post_tag","embeddable":true,"href":"https:\/\/noticiasribeiraopreto.com.br\/index.php\/wp-json\/wp\/v2\/tags?post=46342"}],"curies":[{"name":"wp","href":"https:\/\/api.w.org\/{rel}","templated":true}]}}