{"id":46345,"date":"2024-04-11T08:33:31","date_gmt":"2024-04-11T11:33:31","guid":{"rendered":"https:\/\/noticiasribeiraopreto.com.br\/index.php\/2024\/04\/11\/ribeirao-preto-realiza-campanha-de-vacinacao-no-final-de-semana-veja-quem-pode-participar\/"},"modified":"2024-04-11T08:33:31","modified_gmt":"2024-04-11T11:33:31","slug":"ribeirao-preto-realiza-campanha-de-vacinacao-no-final-de-semana-veja-quem-pode-participar","status":"publish","type":"post","link":"https:\/\/noticiasribeiraopreto.com.br\/index.php\/2024\/04\/11\/ribeirao-preto-realiza-campanha-de-vacinacao-no-final-de-semana-veja-quem-pode-participar\/","title":{"rendered":"Ribeir\u00e3o Preto realiza campanha de vacina\u00e7\u00e3o no final de semana; Veja quem pode participar"},"content":{"rendered":"<div class='code-block code-block-1' style='margin: 8px 0 8px auto; text-align: right; display: block; clear: both;'>\n<p><a href=\"https:\/\/wa.link\/vpicfd\"><img data-recalc-dims=\"1\" class=\"wp-image-4922\" style=\"aspect-ratio: 2.0253164556962027; width: 561px; height: auto;\" src=\"https:\/\/i0.wp.com\/ismaelcolosi.com.br\/wp-content\/uploads\/2023\/11\/grupo-de-empregos-whatsapp-e-facebook-ismael-colosi-vagas.jpg?ssl=1\" alt=\"\" \/><\/a><\/p>\n<!-- \/wp:image -->\n<\/div>\n<p> <br \/>\n<\/p>\n<div>\n<p>A <strong>Secretaria Municipal da Sa\u00fade<\/strong> promove neste <strong>s\u00e1bado (13)<\/strong>, o Dia \u201cD\u201d de vacina\u00e7\u00e3o contra <strong>Gripe Influenza <\/strong>em <strong>Ribeir\u00e3o Preto<\/strong>, das 8h \u00e0s 16h30.<\/p>\n<p><mark style=\"background-color:#fcb900\" class=\"has-inline-color\">A meta \u00e9 vacinar 90% das pessoas de cada grupo priorit\u00e1rio. A imuniza\u00e7\u00e3o acontece nas <strong>36 salas de vacina<\/strong> que funcionam em unidades de sa\u00fade diversas da cidade \u2013 veja abaixo.<\/mark><\/p>\n<p>A campanha de vacina\u00e7\u00e3o come\u00e7ou no dia 25 de mar\u00e7o e tem o com objetivo de<strong> reduzir a transmiss\u00e3o de doen\u00e7a e, principalmente, evitar casos graves e \u00f3bitos.<\/strong><\/p>\n<p>Para ser vacinada, a pessoa deve comparecer a uma das unidades de sa\u00fade com <strong>documento pessoal<\/strong> e <strong>comprova\u00e7\u00e3o de que pertence a um dos grupos priorit\u00e1rios<\/strong> \u2013 caso possua a carteira de vacinas, \u00e9 importante levar para registro da dose recebida.<\/p>\n<h3 class=\"wp-block-heading\"><strong>Grupos priorit\u00e1rios<\/strong><\/h3>\n<ul>\n<li>Crian\u00e7as de 6 meses a menores de 6 anos (5 anos, 11 meses e 29 dias)<\/li>\n<\/ul>\n<ul>\n<li>Pessoas com defici\u00eancia permanente<\/li>\n<\/ul>\n<ul>\n<li>Adolescentes em medidas socioeducativas (menores de 18 anos)<\/li>\n<\/ul>\n<ul>\n<li>Popula\u00e7\u00e3o privada de liberdade<\/li>\n<\/ul>\n<ul>\n<li>Funcion\u00e1rios do sistema de priva\u00e7\u00e3o de liberdade<\/li>\n<\/ul>\n<ul>\n<li>Pessoas em situa\u00e7\u00e3o de rua<\/li>\n<\/ul>\n<ul>\n<li>For\u00e7as de Seguran\u00e7a e Salvamento<\/li>\n<\/ul>\n<ul>\n<li>Trabalhadores de transporte coletivo rodovi\u00e1rio passageiros urbano e de longo Curso<\/li>\n<\/ul>\n<ul>\n<li>Trabalhadores Portu\u00e1rios<\/li>\n<\/ul>\n<h3 class=\"wp-block-heading\"><strong>Comorbidades<\/strong><\/h3>\n<h4 class=\"wp-block-heading\"><strong>Doen\u00e7a respirat\u00f3ria cr\u00f4nica<\/strong><\/h4>\n<p>Asma em uso de corticoide inalat\u00f3rio ou sist\u00eamico (Moderada ou Grave); Doen\u00e7a Pulmonar Obstrutiva Cr\u00f4nica (DPOC); Bronquiectasia; Fibrose C\u00edstica; Doen\u00e7as Intersticiais do pulm\u00e3o; Displasia bronco pulmonar; Hipertens\u00e3o arterial pulmonar; Crian\u00e7as com doen\u00e7a pulmonar cr\u00f4nica da prematuridade<\/p>\n<h4 class=\"wp-block-heading\"><strong>Doen\u00e7a card\u00edaca cr\u00f4nica<\/strong><\/h4>\n<p>Doen\u00e7a card\u00edaca cong\u00eanita; Hipertens\u00e3o arterial sist\u00eamica com comorbidade; Doen\u00e7a card\u00edaca isqu\u00eamica; Insufici\u00eancia card\u00edaca<\/p>\n<h4 class=\"wp-block-heading\"><strong>Doen\u00e7a renal cr\u00f4nica<\/strong><\/h4>\n<p>Doen\u00e7a renal nos est\u00e1gios 3, 4 e 5; S\u00edndrome nefr\u00f3tica; Paciente em di\u00e1lise<\/p>\n<h4 class=\"wp-block-heading\"><strong>Doen\u00e7a hep\u00e1tica cr\u00f4nica<\/strong><\/h4>\n<p>Atresia biliar; Hepatites cr\u00f4nicas; Cirrose<\/p>\n<p>Doen\u00e7a neurol\u00f3gica cr\u00f4nica<\/p>\n<p>Condi\u00e7\u00f5es em que a fun\u00e7\u00e3o respirat\u00f3ria pode estar comprometida pela doen\u00e7a neurol\u00f3gica; Considerar as necessidades cl\u00ednicas individuais dos pacientes incluindo: AVC, indiv\u00edduos com paralisia cerebral, esclerose m\u00faltipla e condi\u00e7\u00f5es similares; Doen\u00e7as heredit\u00e1rias e degenerativas do sistema nervoso ou muscular; Defici\u00eancia neurol\u00f3gica grave<\/p>\n<h4 class=\"wp-block-heading\"><strong>Diabetes<\/strong><\/h4>\n<p>Diabetes Mellitus tipo I e tipo II em uso de medicamentos<\/p>\n<h4 class=\"wp-block-heading\"><strong>Imunossupress\u00e3o<\/strong><\/h4>\n<p>Imunodefici\u00eancia cong\u00eanita ou adquirida; Imunossupress\u00e3o por doen\u00e7as ou medicamentos<\/p>\n<h4 class=\"wp-block-heading\"><strong>Obesos<\/strong><\/h4>\n<p>Obesidade grau III<\/p>\n<h4 class=\"wp-block-heading\"><strong>Transplantados<\/strong><\/h4>\n<p>\u00d3rg\u00e3os s\u00f3lidos; Medula \u00f3ssea<\/p>\n<h4 class=\"wp-block-heading\"><strong>Portadores de trissomias<\/strong><\/h4>\n<p>S\u00edndrome de Down; S\u00edndrome de Klinefelter; S\u00edndrome de Wakany, dentre outras trissomias<\/p>\n<h3 class=\"wp-block-heading\"><strong>Salas de vacina<\/strong><\/h3>\n<p>CRE CENTRAL (n\u00e3o vacina crian\u00e7as)\u00a0 \u2013 Rua Prudente de Morais, 35<\/p>\n<p>CSE VILA TIB\u00c9RIO \u2013 Rua Gon\u00e7alves Dias, 790<\/p>\n<p>UBS VILA TIB\u00c9RIO \u2013 Rua 21 de abril, 779<\/p>\n<p>UBS CAMPOS EL\u00cdSEOS\u00a0 -Avenia da Saudade, 1.452<\/p>\n<p>UBS JO\u00c3O ROSSI\u00a0 \u2013 Avenida Independ\u00eancia, 4.315<\/p>\n<p>CSE JD. AEROPORTO \u2013 Estrada Ant\u00f4nia Mugnato Marinceck, 994<\/p>\n<p>UBS QUINTINO I \u2013 Rua C\u00e9sar Montagnana, 35<\/p>\n<p>UBS RIBEIR\u00c3O VERDE \u2013 Rua Jo\u00e3oToniolli, 3.461<\/p>\n<p>UBS SIMIONI \u2013 Rua Ant\u00f4nio Aaugusto Carvalho, 672<\/p>\n<p>UBS VILA MARIANA \u2013 Rua Ribeir\u00e3o Preto, 1.070<\/p>\n<p>USF JD HEITOR RIGON \u2013 Avenida Maestro Alfredo Pires, 391<\/p>\n<p>UBS VALENTINA FIGUEIREDO \u2013 Rua Jo\u00e3o Felipe Elias de Andrade, 451<\/p>\n<p>UBS CRISTO REDENTOR \u2013 Rua Zilda Faria, 675<\/p>\n<p>UBDS CASTELO BRANCO \u2013 Rua Dom Luiz do Amaral Mousinho, 3.300<\/p>\n<p>UBS SANTA CRUZ \u2013 Rua Triunfo, 1.070<\/p>\n<p>UBS BONFIM PAULISTA \u2013 Rua Azarias Vieira de Almeida, 620<\/p>\n<p>UBS JD. JULIANA \u2013 Avenida Dr. Marcos Ant\u00f4nio Mac\u00e1rio dos Santos, 602<\/p>\n<p>UBS S\u00c3O JOS\u00c9 \u2013 Rua Madre Maria Teodora Voiron, 110<\/p>\n<p>UBS VILA ABRANCHES \u2013 Rua Maria Abranches de Faria, 550<\/p>\n<p>UBS JD. ZARA \u2013 Rua St\u00e9fano Barufi, 1.639<\/p>\n<p>UBS VILA VIRG\u00cdNIA \u2013 Rua Franco da Rocha, 1.110<\/p>\n<p>UBS AD\u00c3O DO CARMO \u2013 Rua Ant\u00f4nio Vicco, 201<\/p>\n<p>UBS JD. MARIA DAS GRA\u00c7AS \u2013 Rua Cruz e Souza, 3.170<\/p>\n<p>UBS PARQUE RIBEIR\u00c3O PRETO \u2013 Rua Guy Saad Salom\u00e3o, 225<\/p>\n<p>USF JD. MARCHESI\u00a0 \u2013 Rua Professor Renato Jardim, 925<\/p>\n<p>CSE SUMAREZINHO\u00a0 \u2013 Rua Terezina, 690<\/p>\n<p>CSE IPIRANGA \u2013 Avenida Dom Pedro I, 753<\/p>\n<p>UBS DOM MIELLE \u2013 Rua Cec\u00edlio Elias Seba, 139<\/p>\n<p>UBS JD. PAIVA \u2013 Rua Francisco Peixoto, 195<\/p>\n<p>UBS PRESIDENTE DUTRA \u2013 Rua Carolina Maria de Jesus, 365<\/p>\n<p>UBS JOS\u00c9 SAMPAIO \u2013 Rua Elydio Vieira de Souza, 50<\/p>\n<p>UBS VILA RECREIO \u2013 Rua Tabatinga, 320<\/p>\n<p>USF MARIA CASAGRANDE\u00a0 \u2013 Rua Paulo Gerardi, 350<\/p>\n<p>USF VILA ALBERTINA \u2013 Rua Apeninos, 941<\/p>\n<p>CMSC VILA LOBATO \u2013 Rua Jo\u00e3o Alves Pereira, 175<\/p>\n<p>USF PAULO GOMES ROMEO \u2013 Rua Victor Jo\u00e3o Castania, 960<\/p>\n<hr class=\"wp-block-separator has-alpha-channel-opacity\"\/>\n<p>SAIBA MAIS<\/p>\n<p>Veja por qual motivo Ribeir\u00e3o Preto \u00e9 conhecida como \u2018Calif\u00f3rnia Brasileira\u2019<\/p>\n<h4 class=\"wp-block-heading\"><strong><mark style=\"background-color:#fcb900\" class=\"has-inline-color\">FIQUE ON<\/mark><\/strong><\/h4>\n<p>Fique ligado em tudo que acontece em Ribeir\u00e3o Preto e regi\u00e3o. Siga os perfis do\u00a0<strong>acidade on\u00a0<\/strong>no\u00a0<a href=\"https:\/\/www.instagram.com\/acidadeonribeirao\" target=\"_blank\" rel=\"noreferrer noopener\">Instagram<\/a>\u00a0e no\u00a0<a href=\"https:\/\/www.facebook.com\/acidadeonribeirao\" target=\"_blank\" rel=\"noreferrer noopener\">Facebook<\/a>.<\/p>\n<p>Receba not\u00edcias do acidade on no WhatsApp. Para entrar no grupo, basta\u00a0<a href=\"https:\/\/chat.whatsapp.com\/GFH9HUMUTHNFJdnyEd0xxq\" target=\"_blank\" rel=\"noreferrer noopener\">clicar aqui<\/a>.<\/p>\n<p>Fa\u00e7a uma den\u00fancia ou sugira uma reportagem sobre Ribeir\u00e3o Preto e regi\u00e3o pelo WhatsApp: 16 99117 7802.<\/p>\n<p>VEJA TAMB\u00c9M<\/p>\n<p>Gil do Vigor comenta rejei\u00e7\u00e3o de Beatriz no BBB 24<\/p>\n<p><!-- AI CONTENT END 1 -->\n<\/div>\n<p><script async src=\"\/\/www.instagram.com\/embed.js\"><\/script><br \/>\n<br \/><br \/>\n<br \/><a href=\"https:\/\/www.acidadeon.com\/ribeiraopreto\/cotidiano\/ribeirao-preto-realiza-campanha-de-vacinacao-no-final-de-semana-veja-quem-pode-participar\/\">Source link <\/a><\/p>\n<!-- CONTENT END 1 -->\n","protected":false},"excerpt":{"rendered":"<p>A Secretaria Municipal da Sa\u00fade promove neste s\u00e1bado (13), o Dia \u201cD\u201d de vacina\u00e7\u00e3o contra Gripe Influenza em Ribeir\u00e3o Preto, das 8h \u00e0s 16h30. A&#8230;<\/p>\n","protected":false},"author":1,"featured_media":46346,"comment_status":"open","ping_status":"open","sticky":false,"template":"","format":"standard","meta":{"advanced_seo_description":"","jetpack_seo_html_title":"","jetpack_seo_noindex":false,"jetpack_post_was_ever_published":false,"_jetpack_newsletter_access":"","_jetpack_dont_email_post_to_subs":false,"_jetpack_newsletter_tier_id":0,"_jetpack_memberships_contains_paywalled_content":false,"_jetpack_memberships_contains_paid_content":false,"footnotes":"","jetpack_publicize_message":"","jetpack_publicize_feature_enabled":true,"jetpack_social_post_already_shared":true,"jetpack_social_options":{"image_generator_settings":{"template":"highway","default_image_id":0,"font":"","enabled":false},"version":2}},"categories":[11],"tags":[],"class_list":["post-46345","post","type-post","status-publish","format-standard","has-post-thumbnail","hentry","category-noticias-de-ribeirao-preto-sp-e-regiao-ismael-colosi"],"jetpack_publicize_connections":[],"jetpack_featured_media_url":"https:\/\/i0.wp.com\/noticiasribeiraopreto.com.br\/wp-content\/uploads\/2024\/04\/AnyConv.com__2021_07_15_vacinacao_otoniel_motta_-_foto_guilherme_sircili_99.webp.webp?fit=1620%2C1080&ssl=1","jetpack-related-posts":[{"id":83901,"url":"https:\/\/noticiasribeiraopreto.com.br\/index.php\/2026\/03\/28\/rp-promove-dia-d-neste-sabado\/","url_meta":{"origin":46345,"position":0},"title":"RP promove \u2018Dia D\u2019 neste s\u00e1bado","author":"noticiasribeiraopreto.com.br","date":"28 de March de 2026","format":false,"excerpt":"A partir deste s\u00e1bado, 28 de mar\u00e7o, idosos a partir de 60 anos, crian\u00e7as de 6 meses a menores de 6 anos, gestantes e pu\u00e9rperas podem tomar a vacina contra a gripe no estado de S\u00e3o Paulo. O imunizante estar\u00e1 dispon\u00edvel para o grupo priorit\u00e1rio em todas as Unidades B\u00e1sicas\u2026","rel":"","context":"In &quot;Not\u00edcias de Ribeir\u00e3o Preto-SP e Regi\u00e3o&quot;","block_context":{"text":"Not\u00edcias de Ribeir\u00e3o Preto-SP e Regi\u00e3o","link":"https:\/\/noticiasribeiraopreto.com.br\/index.php\/category\/noticias-de-ribeirao-preto-sp-e-regiao-ismael-colosi\/"},"img":{"alt_text":"","src":"https:\/\/i0.wp.com\/noticiasribeiraopreto.com.br\/wp-content\/uploads\/2026\/03\/GripeRP-Governo-de-Sao-Paulo-scaled.jpg?fit=1200%2C723&ssl=1&resize=350%2C200","width":350,"height":200,"srcset":"https:\/\/i0.wp.com\/noticiasribeiraopreto.com.br\/wp-content\/uploads\/2026\/03\/GripeRP-Governo-de-Sao-Paulo-scaled.jpg?fit=1200%2C723&ssl=1&resize=350%2C200 1x, https:\/\/i0.wp.com\/noticiasribeiraopreto.com.br\/wp-content\/uploads\/2026\/03\/GripeRP-Governo-de-Sao-Paulo-scaled.jpg?fit=1200%2C723&ssl=1&resize=525%2C300 1.5x, https:\/\/i0.wp.com\/noticiasribeiraopreto.com.br\/wp-content\/uploads\/2026\/03\/GripeRP-Governo-de-Sao-Paulo-scaled.jpg?fit=1200%2C723&ssl=1&resize=700%2C400 2x, https:\/\/i0.wp.com\/noticiasribeiraopreto.com.br\/wp-content\/uploads\/2026\/03\/GripeRP-Governo-de-Sao-Paulo-scaled.jpg?fit=1200%2C723&ssl=1&resize=1050%2C600 3x"},"classes":[]},{"id":69751,"url":"https:\/\/noticiasribeiraopreto.com.br\/index.php\/2025\/05\/08\/dia-d-de-vacinacao-contra-gripe-acontece-em-ribeirao-veja-quando-e-locais-para-se-vacinar\/","url_meta":{"origin":46345,"position":1},"title":"&#8216;Dia D&#8217; de vacina\u00e7\u00e3o contra gripe acontece em Ribeir\u00e3o; Veja quando e locais para se vacinar","author":"noticiasribeiraopreto.com.br","date":"8 de May de 2025","format":false,"excerpt":"O \u201cDia D\u201d de vacina\u00e7\u00e3o contra gripe acontece neste s\u00e1bado (10), em Ribeir\u00e3o Preto, das 8h \u00e0s 16h30, em diferentes UBSs (Unidades B\u00e1sicas de Sa\u00fade) e UBDS (Unidade B\u00e1sica Distrital de Sa\u00fade) \u2013 veja abaixo. A a\u00e7\u00e3o faz parte da campanha nacional de imuniza\u00e7\u00e3o e \u00e9 voltada a pessoas pertencentes\u2026","rel":"","context":"In &quot;Not\u00edcias de Ribeir\u00e3o Preto-SP e Regi\u00e3o&quot;","block_context":{"text":"Not\u00edcias de Ribeir\u00e3o Preto-SP e Regi\u00e3o","link":"https:\/\/noticiasribeiraopreto.com.br\/index.php\/category\/noticias-de-ribeirao-preto-sp-e-regiao-ismael-colosi\/"},"img":{"alt_text":"","src":"https:\/\/i0.wp.com\/noticiasribeiraopreto.com.br\/wp-content\/uploads\/2025\/05\/vacinacao_h1n1_-_foto_fernando_gonzaga_2_2025-05-08_20-40-07.webp.webp?fit=1200%2C800&ssl=1&resize=350%2C200","width":350,"height":200,"srcset":"https:\/\/i0.wp.com\/noticiasribeiraopreto.com.br\/wp-content\/uploads\/2025\/05\/vacinacao_h1n1_-_foto_fernando_gonzaga_2_2025-05-08_20-40-07.webp.webp?fit=1200%2C800&ssl=1&resize=350%2C200 1x, https:\/\/i0.wp.com\/noticiasribeiraopreto.com.br\/wp-content\/uploads\/2025\/05\/vacinacao_h1n1_-_foto_fernando_gonzaga_2_2025-05-08_20-40-07.webp.webp?fit=1200%2C800&ssl=1&resize=525%2C300 1.5x, https:\/\/i0.wp.com\/noticiasribeiraopreto.com.br\/wp-content\/uploads\/2025\/05\/vacinacao_h1n1_-_foto_fernando_gonzaga_2_2025-05-08_20-40-07.webp.webp?fit=1200%2C800&ssl=1&resize=700%2C400 2x, https:\/\/i0.wp.com\/noticiasribeiraopreto.com.br\/wp-content\/uploads\/2025\/05\/vacinacao_h1n1_-_foto_fernando_gonzaga_2_2025-05-08_20-40-07.webp.webp?fit=1200%2C800&ssl=1&resize=1050%2C600 3x"},"classes":[]},{"id":69815,"url":"https:\/\/noticiasribeiraopreto.com.br\/index.php\/2025\/05\/09\/amanha-tem-dia-d-de-vacinacao\/","url_meta":{"origin":46345,"position":2},"title":"Amanh\u00e3 tem Dia D de vacina\u00e7\u00e3o\u00a0","author":"noticiasribeiraopreto.com.br","date":"9 de May de 2025","format":false,"excerpt":"9 de maio de 2025 13:309 de maio de 2025 09:1610 Compartilhar0 A Secretaria Municipal da Sa\u00fade promove neste s\u00e1bado, 10 de maio, o Dia D de Vacina\u00e7\u00e3o Contra a Gripe como parte da campanha nacional de imuniza\u00e7\u00e3o. A a\u00e7\u00e3o ocorrer\u00e1 das oito horas \u00e0s 16h30 e \u00e9 voltada \u00e0s\u2026","rel":"","context":"In &quot;Not\u00edcias de Ribeir\u00e3o Preto-SP e Regi\u00e3o&quot;","block_context":{"text":"Not\u00edcias de Ribeir\u00e3o Preto-SP e Regi\u00e3o","link":"https:\/\/noticiasribeiraopreto.com.br\/index.php\/category\/noticias-de-ribeirao-preto-sp-e-regiao-ismael-colosi\/"},"img":{"alt_text":"","src":"https:\/\/i0.wp.com\/noticiasribeiraopreto.com.br\/wp-content\/uploads\/2025\/05\/GripeRP-Marcelo-Camargo-Ag.Br_.-2.jpg?fit=1170%2C700&ssl=1&resize=350%2C200","width":350,"height":200,"srcset":"https:\/\/i0.wp.com\/noticiasribeiraopreto.com.br\/wp-content\/uploads\/2025\/05\/GripeRP-Marcelo-Camargo-Ag.Br_.-2.jpg?fit=1170%2C700&ssl=1&resize=350%2C200 1x, https:\/\/i0.wp.com\/noticiasribeiraopreto.com.br\/wp-content\/uploads\/2025\/05\/GripeRP-Marcelo-Camargo-Ag.Br_.-2.jpg?fit=1170%2C700&ssl=1&resize=525%2C300 1.5x, https:\/\/i0.wp.com\/noticiasribeiraopreto.com.br\/wp-content\/uploads\/2025\/05\/GripeRP-Marcelo-Camargo-Ag.Br_.-2.jpg?fit=1170%2C700&ssl=1&resize=700%2C400 2x, https:\/\/i0.wp.com\/noticiasribeiraopreto.com.br\/wp-content\/uploads\/2025\/05\/GripeRP-Marcelo-Camargo-Ag.Br_.-2.jpg?fit=1170%2C700&ssl=1&resize=1050%2C600 3x"},"classes":[]},{"id":37551,"url":"https:\/\/noticiasribeiraopreto.com.br\/index.php\/2024\/02\/16\/ribeirao-tem-nova-estrategia-para-vacinacao-de-covid-19-entenda\/","url_meta":{"origin":46345,"position":3},"title":"Ribeir\u00e3o tem nova estrat\u00e9gia para vacina\u00e7\u00e3o de Covid-19; Entenda","author":"noticiasribeiraopreto.com.br","date":"16 de February de 2024","format":false,"excerpt":"A Prefeitura de Ribeir\u00e3o Preto informou, nesta sexta-feira (16), que por determina\u00e7\u00e3o do Minist\u00e9rio da Sa\u00fade, uma nova estrat\u00e9gia para a vacina\u00e7\u00e3o contra a Covid-19 ser\u00e1 adotada no munic\u00edpio. At\u00e9 o dia 7 de fevereiro deste ano, Ribeir\u00e3o Preto registrou 1.341 notifica\u00e7\u00f5es e 489 casos confirmados de Covid-19, de acordo\u2026","rel":"","context":"In &quot;Not\u00edcias de Ribeir\u00e3o Preto-SP e Regi\u00e3o&quot;","block_context":{"text":"Not\u00edcias de Ribeir\u00e3o Preto-SP e Regi\u00e3o","link":"https:\/\/noticiasribeiraopreto.com.br\/index.php\/category\/noticias-de-ribeirao-preto-sp-e-regiao-ismael-colosi\/"},"img":{"alt_text":"","src":"https:\/\/i0.wp.com\/noticiasribeiraopreto.com.br\/wp-content\/uploads\/2024\/02\/coronavac_vacina_1024x576_22072020163339.jpg?fit=1024%2C576&ssl=1&resize=350%2C200","width":350,"height":200,"srcset":"https:\/\/i0.wp.com\/noticiasribeiraopreto.com.br\/wp-content\/uploads\/2024\/02\/coronavac_vacina_1024x576_22072020163339.jpg?fit=1024%2C576&ssl=1&resize=350%2C200 1x, https:\/\/i0.wp.com\/noticiasribeiraopreto.com.br\/wp-content\/uploads\/2024\/02\/coronavac_vacina_1024x576_22072020163339.jpg?fit=1024%2C576&ssl=1&resize=525%2C300 1.5x, https:\/\/i0.wp.com\/noticiasribeiraopreto.com.br\/wp-content\/uploads\/2024\/02\/coronavac_vacina_1024x576_22072020163339.jpg?fit=1024%2C576&ssl=1&resize=700%2C400 2x"},"classes":[]},{"id":43976,"url":"https:\/\/noticiasribeiraopreto.com.br\/index.php\/2024\/03\/25\/saude-abre-vacinacao-contra-a-gripe\/","url_meta":{"origin":46345,"position":4},"title":"Sa\u00fade abre vacina\u00e7\u00e3o contra a gripe \u00a0","author":"noticiasribeiraopreto.com.br","date":"25 de March de 2024","format":false,"excerpt":"A Secretaria Municipal da Sa\u00fade inicia nesta segunda-feira, 25 de mar\u00e7o, a Campanha de Vacina\u00e7\u00e3o contra a Influenza (gripe). O objetivo \u00e9 reduzir a transmiss\u00e3o da doen\u00e7a e, principalmente, evitar casos graves e \u00f3bitos. Ribeir\u00e3o Preto vai disponibilizar \u00e1 popula\u00e7\u00e3o\u00a0 36 salas de vacina que funcionam em hor\u00e1rios distintos. A\u2026","rel":"","context":"In &quot;Not\u00edcias de Ribeir\u00e3o Preto-SP e Regi\u00e3o&quot;","block_context":{"text":"Not\u00edcias de Ribeir\u00e3o Preto-SP e Regi\u00e3o","link":"https:\/\/noticiasribeiraopreto.com.br\/index.php\/category\/noticias-de-ribeirao-preto-sp-e-regiao-ismael-colosi\/"},"img":{"alt_text":"","src":"https:\/\/i0.wp.com\/noticiasribeiraopreto.com.br\/wp-content\/uploads\/2024\/03\/GripeRP-Marcelo-Camargo-Ag.Br_.-1.jpg?fit=1170%2C700&ssl=1&resize=350%2C200","width":350,"height":200,"srcset":"https:\/\/i0.wp.com\/noticiasribeiraopreto.com.br\/wp-content\/uploads\/2024\/03\/GripeRP-Marcelo-Camargo-Ag.Br_.-1.jpg?fit=1170%2C700&ssl=1&resize=350%2C200 1x, https:\/\/i0.wp.com\/noticiasribeiraopreto.com.br\/wp-content\/uploads\/2024\/03\/GripeRP-Marcelo-Camargo-Ag.Br_.-1.jpg?fit=1170%2C700&ssl=1&resize=525%2C300 1.5x, https:\/\/i0.wp.com\/noticiasribeiraopreto.com.br\/wp-content\/uploads\/2024\/03\/GripeRP-Marcelo-Camargo-Ag.Br_.-1.jpg?fit=1170%2C700&ssl=1&resize=700%2C400 2x, https:\/\/i0.wp.com\/noticiasribeiraopreto.com.br\/wp-content\/uploads\/2024\/03\/GripeRP-Marcelo-Camargo-Ag.Br_.-1.jpg?fit=1170%2C700&ssl=1&resize=1050%2C600 3x"},"classes":[]},{"id":65603,"url":"https:\/\/noticiasribeiraopreto.com.br\/index.php\/2025\/03\/21\/campanha-nacional-de-vacinacao-contra-a-gripe-comeca-em-7-de-abril\/","url_meta":{"origin":46345,"position":5},"title":"Campanha Nacional de Vacina\u00e7\u00e3o contra a Gripe Come\u00e7a em 7 de Abril","author":"noticiasribeiraopreto.com.br","date":"21 de March de 2025","format":false,"excerpt":"O Minist\u00e9rio da Sa\u00fade anunciou que a Campanha Nacional de Vacina\u00e7\u00e3o contra a Gripe ter\u00e1 in\u00edcio no dia 7 de abril em todo o pa\u00eds. A iniciativa busca imunizar milh\u00f5es de brasileiros contra o v\u00edrus Influenza, prevenindo complica\u00e7\u00f5es respirat\u00f3rias e reduzindo a sobrecarga no sistema de sa\u00fade. A campanha ser\u00e1\u2026","rel":"","context":"In &quot;Not\u00edcias de Ribeir\u00e3o Preto-SP e Regi\u00e3o&quot;","block_context":{"text":"Not\u00edcias de Ribeir\u00e3o Preto-SP e Regi\u00e3o","link":"https:\/\/noticiasribeiraopreto.com.br\/index.php\/category\/noticias-de-ribeirao-preto-sp-e-regiao-ismael-colosi\/"},"img":{"alt_text":"","src":"https:\/\/i0.wp.com\/noticiasribeiraopreto.com.br\/wp-content\/uploads\/2025\/03\/41610170502_a63f103d7f_o.webp.webp?fit=1170%2C700&ssl=1&resize=350%2C200","width":350,"height":200,"srcset":"https:\/\/i0.wp.com\/noticiasribeiraopreto.com.br\/wp-content\/uploads\/2025\/03\/41610170502_a63f103d7f_o.webp.webp?fit=1170%2C700&ssl=1&resize=350%2C200 1x, https:\/\/i0.wp.com\/noticiasribeiraopreto.com.br\/wp-content\/uploads\/2025\/03\/41610170502_a63f103d7f_o.webp.webp?fit=1170%2C700&ssl=1&resize=525%2C300 1.5x, https:\/\/i0.wp.com\/noticiasribeiraopreto.com.br\/wp-content\/uploads\/2025\/03\/41610170502_a63f103d7f_o.webp.webp?fit=1170%2C700&ssl=1&resize=700%2C400 2x, https:\/\/i0.wp.com\/noticiasribeiraopreto.com.br\/wp-content\/uploads\/2025\/03\/41610170502_a63f103d7f_o.webp.webp?fit=1170%2C700&ssl=1&resize=1050%2C600 3x"},"classes":[]}],"jetpack_sharing_enabled":true,"jetpack_shortlink":"https:\/\/wp.me\/peQAOb-c3v","_links":{"self":[{"href":"https:\/\/noticiasribeiraopreto.com.br\/index.php\/wp-json\/wp\/v2\/posts\/46345","targetHints":{"allow":["GET"]}}],"collection":[{"href":"https:\/\/noticiasribeiraopreto.com.br\/index.php\/wp-json\/wp\/v2\/posts"}],"about":[{"href":"https:\/\/noticiasribeiraopreto.com.br\/index.php\/wp-json\/wp\/v2\/types\/post"}],"author":[{"embeddable":true,"href":"https:\/\/noticiasribeiraopreto.com.br\/index.php\/wp-json\/wp\/v2\/users\/1"}],"replies":[{"embeddable":true,"href":"https:\/\/noticiasribeiraopreto.com.br\/index.php\/wp-json\/wp\/v2\/comments?post=46345"}],"version-history":[{"count":0,"href":"https:\/\/noticiasribeiraopreto.com.br\/index.php\/wp-json\/wp\/v2\/posts\/46345\/revisions"}],"wp:featuredmedia":[{"embeddable":true,"href":"https:\/\/noticiasribeiraopreto.com.br\/index.php\/wp-json\/wp\/v2\/media\/46346"}],"wp:attachment":[{"href":"https:\/\/noticiasribeiraopreto.com.br\/index.php\/wp-json\/wp\/v2\/media?parent=46345"}],"wp:term":[{"taxonomy":"category","embeddable":true,"href":"https:\/\/noticiasribeiraopreto.com.br\/index.php\/wp-json\/wp\/v2\/categories?post=46345"},{"taxonomy":"post_tag","embeddable":true,"href":"https:\/\/noticiasribeiraopreto.com.br\/index.php\/wp-json\/wp\/v2\/tags?post=46345"}],"curies":[{"name":"wp","href":"https:\/\/api.w.org\/{rel}","templated":true}]}}