{"id":46351,"date":"2024-04-11T09:33:46","date_gmt":"2024-04-11T12:33:46","guid":{"rendered":"https:\/\/noticiasribeiraopreto.com.br\/index.php\/2024\/04\/11\/rompimento-de-cano-causa-grande-vazamento-de-agua-em-rua-na-zona-norte-de-ribeirao\/"},"modified":"2024-04-11T09:33:46","modified_gmt":"2024-04-11T12:33:46","slug":"rompimento-de-cano-causa-grande-vazamento-de-agua-em-rua-na-zona-norte-de-ribeirao","status":"publish","type":"post","link":"https:\/\/noticiasribeiraopreto.com.br\/index.php\/2024\/04\/11\/rompimento-de-cano-causa-grande-vazamento-de-agua-em-rua-na-zona-norte-de-ribeirao\/","title":{"rendered":"Rompimento de cano causa grande vazamento de \u00e1gua em rua na zona Norte de Ribeir\u00e3o"},"content":{"rendered":"<div class='code-block code-block-1' style='margin: 8px 0 8px auto; text-align: right; display: block; clear: both;'>\n<p><a href=\"https:\/\/wa.link\/vpicfd\"><img data-recalc-dims=\"1\" class=\"wp-image-4922\" style=\"aspect-ratio: 2.0253164556962027; width: 561px; height: auto;\" src=\"https:\/\/i0.wp.com\/ismaelcolosi.com.br\/wp-content\/uploads\/2023\/11\/grupo-de-empregos-whatsapp-e-facebook-ismael-colosi-vagas.jpg?ssl=1\" alt=\"\" \/><\/a><\/p>\n<!-- \/wp:image -->\n<\/div>\n<p> <br \/>\n<\/p>\n<div data-td-block-uid=\"tdi_101\">\n<div class=\"tdb-block-inner td-fix-index\">\n<p><strong>O rompimento de um cano provoca um grande vazamento de \u00e1gua limpa na manh\u00e3 desta quinta-feira (11) pela rua Javari, na zona Norte de Ribeir\u00e3o Preto.<\/strong> <strong>Assista <\/strong>ao <strong>v\u00eddeo <\/strong>abaixo. <\/p>\n<p>A <strong>\u00e1gua <\/strong>est\u00e1 <strong>jorrando forte <\/strong>e forma uma <strong>enxurrada <\/strong>pela rua em dire\u00e7\u00e3o \u00e0 <strong>avenida Jo\u00e3o Goulart<\/strong>.<\/p>\n<p>Segundo as primeiras informa\u00e7\u00f5es, no local do <strong>rompimento <\/strong>est\u00e1 sendo feita uma <strong>obra particular<\/strong> e os <strong>oper\u00e1rios <\/strong>teriam <strong>perfurado <\/strong>o <strong>cano <\/strong>durante uma <strong>escava\u00e7\u00e3o<\/strong>. As <strong>causas<\/strong>, contudo, ainda dever\u00e3o ser <strong>apuradas<\/strong>.<\/p>\n<p><span style=\"background-color:#f7cc62\" class=\"td_text_highlight_marker\">Motoristas e pedestres devem redobrar a aten\u00e7\u00e3o ao passarem pela rua, pois \u00e9 grande o volume de \u00e1gua.<\/span><\/p>\n<h4 class=\"wp-block-heading\"><strong>O que diz a Saerp<\/strong><\/h4>\n<p>A <a href=\"https:\/\/www.ribeiraopreto.sp.gov.br\/portal\/saerp\/\" target=\"_blank\" rel=\"noreferrer noopener\">Saerp (Secretaria de \u00c1gua e Esgoto de Ribeir\u00e3o Preto)<\/a> informou, por meio de nota de imprensa, que uma <strong>equipe <\/strong>atua no <strong>reparo<\/strong>.<span style=\"background-color:#f7cc62\" class=\"td_text_highlight_marker\"> A previs\u00e3o \u00e9 normalizar a situa\u00e7\u00e3o o mais r\u00e1pido poss\u00edvel, segundo a Pasta.<\/span><\/p>\n<blockquote class=\"instagram-media\" data-instgrm-permalink=\"https:\/\/www.instagram.com\/reel\/C5nri86O8ff\/?utm_source=ig_embed&amp;utm_campaign=loading\" data-instgrm-version=\"14\" style=\" background:#FFF; border:0; border-radius:3px; box-shadow:0 0 1px 0 rgba(0,0,0,0.5),0 1px 10px 0 rgba(0,0,0,0.15); margin: 1px; max-width:540px; min-width:326px; padding:0; width:99.375%; width:-webkit-calc(100% - 2px); width:calc(100% - 2px);\"\/>\n<p>SAIBA MAIS<\/p>\n<p>Carro pega fogo em avenida da zona Oeste de Ribeir\u00e3o Preto; Assista ao v\u00eddeo<\/p>\n<h4 class=\"wp-block-heading\"><strong><mark>FIQUE ON<\/mark><\/strong><\/h4>\n<p>Fique ligado em tudo que acontece em Ribeir\u00e3o Preto e regi\u00e3o. Siga os perfis do\u00a0<strong>acidade on\u00a0<\/strong>no\u00a0<a href=\"https:\/\/www.instagram.com\/acidadeonribeirao\" target=\"_blank\" rel=\"noreferrer noopener\">Instagram<\/a>\u00a0e no\u00a0<a href=\"https:\/\/www.facebook.com\/acidadeonribeirao\" target=\"_blank\" rel=\"noreferrer noopener\">Facebook<\/a>.<\/p>\n<p>Receba not\u00edcias do acidade on no WhatsApp. Para entrar no grupo, basta\u00a0<a href=\"https:\/\/chat.whatsapp.com\/GFH9HUMUTHNFJdnyEd0xxq\" target=\"_blank\" rel=\"noreferrer noopener\">clicar aqui<\/a>.<\/p>\n<p>Fa\u00e7a uma den\u00fancia ou sugira uma reportagem sobre Ribeir\u00e3o Preto e regi\u00e3o pelo WhatsApp: 16 99117 7802.<\/p>\n<p>VEJA TAMB\u00c9M<\/p>\n<p>DPVAT vai voltar? Saiba como receber o dinheiro do seguro<\/p>\n<p><!-- AI CONTENT END 1 -->\n<\/div>\n<\/div>\n<p><script async src=\"\/\/www.instagram.com\/embed.js\"><\/script><br \/>\n<br \/><br \/>\n<br \/><a href=\"https:\/\/www.acidadeon.com\/ribeiraopreto\/cotidiano\/rompimento-de-cano-causa-grande-vazamento-de-agua-em-rua-na-zona-norte-de-ribeirao\/\">Source link <\/a><\/p>\n<!-- CONTENT END 1 -->\n","protected":false},"excerpt":{"rendered":"<p>O rompimento de um cano provoca um grande vazamento de \u00e1gua limpa na manh\u00e3 desta quinta-feira (11) pela rua Javari, na zona Norte de Ribeir\u00e3o&#8230;<\/p>\n","protected":false},"author":1,"featured_media":46352,"comment_status":"open","ping_status":"open","sticky":false,"template":"","format":"standard","meta":{"advanced_seo_description":"","jetpack_seo_html_title":"","jetpack_seo_noindex":false,"jetpack_post_was_ever_published":false,"_jetpack_newsletter_access":"","_jetpack_dont_email_post_to_subs":false,"_jetpack_newsletter_tier_id":0,"_jetpack_memberships_contains_paywalled_content":false,"_jetpack_memberships_contains_paid_content":false,"footnotes":"","jetpack_publicize_message":"","jetpack_publicize_feature_enabled":true,"jetpack_social_post_already_shared":true,"jetpack_social_options":{"image_generator_settings":{"template":"highway","default_image_id":0,"font":"","enabled":false},"version":2}},"categories":[11],"tags":[],"class_list":["post-46351","post","type-post","status-publish","format-standard","has-post-thumbnail","hentry","category-noticias-de-ribeirao-preto-sp-e-regiao-ismael-colosi"],"jetpack_publicize_connections":[],"jetpack_featured_media_url":"https:\/\/i0.wp.com\/noticiasribeiraopreto.com.br\/wp-content\/uploads\/2024\/04\/1712838826_WhatsApp-Image-2024-04-11-at-08.28.48-scaled.jpeg?fit=2560%2C1920&ssl=1","jetpack-related-posts":[{"id":46349,"url":"https:\/\/noticiasribeiraopreto.com.br\/index.php\/2024\/04\/11\/rompimento-de-cano-causa-grande-vazamento-de-agua-em-rua-na-zona-acnorte-de-ribeirao\/","url_meta":{"origin":46351,"position":0},"title":"Rompimento de cano causa grande vazamento de \u00e1gua em rua na zona acNorte de Ribeir\u00e3o","author":"noticiasribeiraopreto.com.br","date":"11 de April de 2024","format":false,"excerpt":"O rompimento de um cano provoca um grande vazamento de \u00e1gua limpa na manh\u00e3 desta quinta-feira (11) pela rua Javari, na zona Norte de Ribeir\u00e3o Preto. Assista ao v\u00eddeo abaixo. A \u00e1gua est\u00e1 jorrando forte e forma uma enxurrada pela rua em dire\u00e7\u00e3o \u00e0 avenida Jo\u00e3o Goulart. Segundo as primeiras\u2026","rel":"","context":"In &quot;Not\u00edcias de Ribeir\u00e3o Preto-SP e Regi\u00e3o&quot;","block_context":{"text":"Not\u00edcias de Ribeir\u00e3o Preto-SP e Regi\u00e3o","link":"https:\/\/noticiasribeiraopreto.com.br\/index.php\/category\/noticias-de-ribeirao-preto-sp-e-regiao-ismael-colosi\/"},"img":{"alt_text":"","src":"https:\/\/i0.wp.com\/noticiasribeiraopreto.com.br\/wp-content\/uploads\/2024\/04\/WhatsApp-Image-2024-04-11-at-08.28.48-scaled.jpeg?fit=1200%2C900&ssl=1&resize=350%2C200","width":350,"height":200,"srcset":"https:\/\/i0.wp.com\/noticiasribeiraopreto.com.br\/wp-content\/uploads\/2024\/04\/WhatsApp-Image-2024-04-11-at-08.28.48-scaled.jpeg?fit=1200%2C900&ssl=1&resize=350%2C200 1x, https:\/\/i0.wp.com\/noticiasribeiraopreto.com.br\/wp-content\/uploads\/2024\/04\/WhatsApp-Image-2024-04-11-at-08.28.48-scaled.jpeg?fit=1200%2C900&ssl=1&resize=525%2C300 1.5x, https:\/\/i0.wp.com\/noticiasribeiraopreto.com.br\/wp-content\/uploads\/2024\/04\/WhatsApp-Image-2024-04-11-at-08.28.48-scaled.jpeg?fit=1200%2C900&ssl=1&resize=700%2C400 2x, https:\/\/i0.wp.com\/noticiasribeiraopreto.com.br\/wp-content\/uploads\/2024\/04\/WhatsApp-Image-2024-04-11-at-08.28.48-scaled.jpeg?fit=1200%2C900&ssl=1&resize=1050%2C600 3x"},"classes":[]},{"id":62835,"url":"https:\/\/noticiasribeiraopreto.com.br\/index.php\/2025\/01\/25\/rompimento-de-adutora-em-obra-causa-grande-vazamento-de-agua-no-centro-de-ribeirao-preto\/","url_meta":{"origin":46351,"position":1},"title":"Rompimento de adutora em obra causa grande vazamento de \u00e1gua no Centro de Ribeir\u00e3o Preto","author":"noticiasribeiraopreto.com.br","date":"25 de January de 2025","format":false,"excerpt":"O rompimento de uma adutora na obra das ruas S\u00e3o Jos\u00e9 e Bernardino de Campos, no Centro de Ribeir\u00e3o Preto, provoca\u00a0um grande vazamento de \u00e1gua no local e poder deixar moradores sem o recurso na regi\u00e3o central, Vila Seixas e no Jardim Sumar\u00e9, neste s\u00e1bado (25). Assista ao v\u00eddeo abaixo.\u2026","rel":"","context":"In &quot;Not\u00edcias de Ribeir\u00e3o Preto-SP e Regi\u00e3o&quot;","block_context":{"text":"Not\u00edcias de Ribeir\u00e3o Preto-SP e Regi\u00e3o","link":"https:\/\/noticiasribeiraopreto.com.br\/index.php\/category\/noticias-de-ribeirao-preto-sp-e-regiao-ismael-colosi\/"},"img":{"alt_text":"","src":"https:\/\/i0.wp.com\/noticiasribeiraopreto.com.br\/wp-content\/uploads\/2025\/01\/VAZAMENTO_2025-01-25_18-36-23_jpg_2025-01-25_18-36-23.webp.webp?fit=1200%2C958&ssl=1&resize=350%2C200","width":350,"height":200,"srcset":"https:\/\/i0.wp.com\/noticiasribeiraopreto.com.br\/wp-content\/uploads\/2025\/01\/VAZAMENTO_2025-01-25_18-36-23_jpg_2025-01-25_18-36-23.webp.webp?fit=1200%2C958&ssl=1&resize=350%2C200 1x, https:\/\/i0.wp.com\/noticiasribeiraopreto.com.br\/wp-content\/uploads\/2025\/01\/VAZAMENTO_2025-01-25_18-36-23_jpg_2025-01-25_18-36-23.webp.webp?fit=1200%2C958&ssl=1&resize=525%2C300 1.5x, https:\/\/i0.wp.com\/noticiasribeiraopreto.com.br\/wp-content\/uploads\/2025\/01\/VAZAMENTO_2025-01-25_18-36-23_jpg_2025-01-25_18-36-23.webp.webp?fit=1200%2C958&ssl=1&resize=700%2C400 2x, https:\/\/i0.wp.com\/noticiasribeiraopreto.com.br\/wp-content\/uploads\/2025\/01\/VAZAMENTO_2025-01-25_18-36-23_jpg_2025-01-25_18-36-23.webp.webp?fit=1200%2C958&ssl=1&resize=1050%2C600 3x"},"classes":[]},{"id":46359,"url":"https:\/\/noticiasribeiraopreto.com.br\/index.php\/2024\/04\/11\/motorista-cai-com-carro-em-buraco-de-obra-no-centro-de-ribeirao-preto\/","url_meta":{"origin":46351,"position":2},"title":"Motorista cai com carro em buraco de obra no Centro de Ribeir\u00e3o Preto","author":"noticiasribeiraopreto.com.br","date":"11 de April de 2024","format":false,"excerpt":"Um motorista caiu com o carro em uma obra na manh\u00e3 desta quinta-feira (11), no cruzamento das ruas S\u00e3o Sebasti\u00e3o e Visconde de Inha\u00fama, no Centro de Ribeir\u00e3o Preto. O condutor afirmou que no local, onde ocorre um reparo emergencial devido ao rompimento de uma adutora, n\u00e3o havia sinaliza\u00e7\u00e3o. Houve\u2026","rel":"","context":"In &quot;Not\u00edcias de Ribeir\u00e3o Preto-SP e Regi\u00e3o&quot;","block_context":{"text":"Not\u00edcias de Ribeir\u00e3o Preto-SP e Regi\u00e3o","link":"https:\/\/noticiasribeiraopreto.com.br\/index.php\/category\/noticias-de-ribeirao-preto-sp-e-regiao-ismael-colosi\/"},"img":{"alt_text":"","src":"https:\/\/i0.wp.com\/noticiasribeiraopreto.com.br\/wp-content\/uploads\/2024\/04\/CARRO_BURACO.jpg?fit=1200%2C784&ssl=1&resize=350%2C200","width":350,"height":200,"srcset":"https:\/\/i0.wp.com\/noticiasribeiraopreto.com.br\/wp-content\/uploads\/2024\/04\/CARRO_BURACO.jpg?fit=1200%2C784&ssl=1&resize=350%2C200 1x, https:\/\/i0.wp.com\/noticiasribeiraopreto.com.br\/wp-content\/uploads\/2024\/04\/CARRO_BURACO.jpg?fit=1200%2C784&ssl=1&resize=525%2C300 1.5x, https:\/\/i0.wp.com\/noticiasribeiraopreto.com.br\/wp-content\/uploads\/2024\/04\/CARRO_BURACO.jpg?fit=1200%2C784&ssl=1&resize=700%2C400 2x, https:\/\/i0.wp.com\/noticiasribeiraopreto.com.br\/wp-content\/uploads\/2024\/04\/CARRO_BURACO.jpg?fit=1200%2C784&ssl=1&resize=1050%2C600 3x"},"classes":[]},{"id":72099,"url":"https:\/\/noticiasribeiraopreto.com.br\/index.php\/2025\/06\/13\/rompimento-de-adutora-causa-grande-vazamento-de-agua-em-ribeirao-preto\/","url_meta":{"origin":46351,"position":3},"title":"Rompimento de adutora causa grande vazamento de \u00e1gua em Ribeir\u00e3o Preto","author":"noticiasribeiraopreto.com.br","date":"13 de June de 2025","format":false,"excerpt":"O rompimento de uma adutora da Saerp (Secretaria de \u00c1gua e Esgoto de Ribeir\u00e3o Preto) causa um grande vazamento de \u00e1gua limpa na manh\u00e3 desta sexta-feira (13), na avenida Caramuru, na pista sentido \u00e0 Adelmo Perdizza, na altura do bairro Rep\u00fablica, em Ribeir\u00e3o Preto. Assista ao v\u00eddeo abaixo. Outro lado\u2026","rel":"","context":"In &quot;Not\u00edcias de Ribeir\u00e3o Preto-SP e Regi\u00e3o&quot;","block_context":{"text":"Not\u00edcias de Ribeir\u00e3o Preto-SP e Regi\u00e3o","link":"https:\/\/noticiasribeiraopreto.com.br\/index.php\/category\/noticias-de-ribeirao-preto-sp-e-regiao-ismael-colosi\/"},"img":{"alt_text":"","src":"https:\/\/i0.wp.com\/noticiasribeiraopreto.com.br\/wp-content\/uploads\/2025\/06\/VAZAMENTO_2025-06-13_10-48-05.webp.webp?fit=1200%2C745&ssl=1&resize=350%2C200","width":350,"height":200,"srcset":"https:\/\/i0.wp.com\/noticiasribeiraopreto.com.br\/wp-content\/uploads\/2025\/06\/VAZAMENTO_2025-06-13_10-48-05.webp.webp?fit=1200%2C745&ssl=1&resize=350%2C200 1x, https:\/\/i0.wp.com\/noticiasribeiraopreto.com.br\/wp-content\/uploads\/2025\/06\/VAZAMENTO_2025-06-13_10-48-05.webp.webp?fit=1200%2C745&ssl=1&resize=525%2C300 1.5x, https:\/\/i0.wp.com\/noticiasribeiraopreto.com.br\/wp-content\/uploads\/2025\/06\/VAZAMENTO_2025-06-13_10-48-05.webp.webp?fit=1200%2C745&ssl=1&resize=700%2C400 2x, https:\/\/i0.wp.com\/noticiasribeiraopreto.com.br\/wp-content\/uploads\/2025\/06\/VAZAMENTO_2025-06-13_10-48-05.webp.webp?fit=1200%2C745&ssl=1&resize=1050%2C600 3x"},"classes":[]},{"id":9612,"url":"https:\/\/noticiasribeiraopreto.com.br\/index.php\/2023\/12\/02\/obra-no-centro-de-ribeirao-causa-vazamento-de-agua-limpa-veja-o-video\/","url_meta":{"origin":46351,"position":4},"title":"Obra no Centro de Ribeir\u00e3o causa vazamento de \u00e1gua limpa; Veja o v\u00eddeo","author":"noticiasribeiraopreto.com.br","date":"2 de December de 2023","format":false,"excerpt":"O rompimento de uma tubula\u00e7\u00e3o da rede de \u00e1gua em frente \u00e0 pra\u00e7a 7 de Setembro, entre as ruas Lafaiete e Marechal Deodoro, no Centro de Ribeir\u00e3o Preto, chamou a aten\u00e7\u00e3o dos moradores da cidade neste s\u00e1bado (2). O local foi interditado pela Prefeitura de Ribeir\u00e3o, na \u00faltima sexta-feira (1\u00ba),\u2026","rel":"","context":"In &quot;Not\u00edcias de Ribeir\u00e3o Preto-SP e Regi\u00e3o&quot;","block_context":{"text":"Not\u00edcias de Ribeir\u00e3o Preto-SP e Regi\u00e3o","link":"https:\/\/noticiasribeiraopreto.com.br\/index.php\/category\/noticias-de-ribeirao-preto-sp-e-regiao-ismael-colosi\/"},"img":{"alt_text":"","src":"https:\/\/i0.wp.com\/noticiasribeiraopreto.com.br\/wp-content\/uploads\/2023\/12\/WhatsApp-Image-2023-12-02-at-11.11.02.jpeg?fit=1200%2C900&ssl=1&resize=350%2C200","width":350,"height":200,"srcset":"https:\/\/i0.wp.com\/noticiasribeiraopreto.com.br\/wp-content\/uploads\/2023\/12\/WhatsApp-Image-2023-12-02-at-11.11.02.jpeg?fit=1200%2C900&ssl=1&resize=350%2C200 1x, https:\/\/i0.wp.com\/noticiasribeiraopreto.com.br\/wp-content\/uploads\/2023\/12\/WhatsApp-Image-2023-12-02-at-11.11.02.jpeg?fit=1200%2C900&ssl=1&resize=525%2C300 1.5x, https:\/\/i0.wp.com\/noticiasribeiraopreto.com.br\/wp-content\/uploads\/2023\/12\/WhatsApp-Image-2023-12-02-at-11.11.02.jpeg?fit=1200%2C900&ssl=1&resize=700%2C400 2x, https:\/\/i0.wp.com\/noticiasribeiraopreto.com.br\/wp-content\/uploads\/2023\/12\/WhatsApp-Image-2023-12-02-at-11.11.02.jpeg?fit=1200%2C900&ssl=1&resize=1050%2C600 3x"},"classes":[]},{"id":65446,"url":"https:\/\/noticiasribeiraopreto.com.br\/index.php\/2025\/03\/20\/vazamento-de-agua-limpa-forma-enxurrada-em-rua-na-zona-sul-de-ribeirao-preto-video\/","url_meta":{"origin":46351,"position":5},"title":"Vazamento de \u00e1gua limpa forma enxurrada em rua na zona Sul de Ribeir\u00e3o Preto; V\u00eddeo","author":"noticiasribeiraopreto.com.br","date":"20 de March de 2025","format":false,"excerpt":"Uma moradora registrou um grande vazamento de \u00e1gua limpa na manh\u00e3 desta quinta-feira (20), na equina das ruas\u00a0Sir\u00f3\u00a0K\u00e1ku\u00a0e Newton\u00a0Stilac\u00a0Leal, no Jardim Bot\u00e2nico, zona Sul de Ribeir\u00e3o Preto.Rosilene Almeida disse que o vazamento\u00a0come\u00e7ou h\u00e1\u00a0dois dias e aumentou at\u00e9 formar uma enxurrada pela rua\u00a0Sir\u00f3\u00a0K\u00e1ku. Outro lado A\u00a0Saerp\u00a0(Secretaria de \u00c1gua e Esgoto de\u2026","rel":"","context":"In &quot;Not\u00edcias de Ribeir\u00e3o Preto-SP e Regi\u00e3o&quot;","block_context":{"text":"Not\u00edcias de Ribeir\u00e3o Preto-SP e Regi\u00e3o","link":"https:\/\/noticiasribeiraopreto.com.br\/index.php\/category\/noticias-de-ribeirao-preto-sp-e-regiao-ismael-colosi\/"},"img":{"alt_text":"","src":"https:\/\/i0.wp.com\/noticiasribeiraopreto.com.br\/wp-content\/uploads\/2025\/03\/WhatsApp-Image-2025-03-20-at-09.23.27_2025-03-20_12-23-48_jpeg_2025-03-20_12-23-48.webp.webp?fit=1200%2C675&ssl=1&resize=350%2C200","width":350,"height":200,"srcset":"https:\/\/i0.wp.com\/noticiasribeiraopreto.com.br\/wp-content\/uploads\/2025\/03\/WhatsApp-Image-2025-03-20-at-09.23.27_2025-03-20_12-23-48_jpeg_2025-03-20_12-23-48.webp.webp?fit=1200%2C675&ssl=1&resize=350%2C200 1x, https:\/\/i0.wp.com\/noticiasribeiraopreto.com.br\/wp-content\/uploads\/2025\/03\/WhatsApp-Image-2025-03-20-at-09.23.27_2025-03-20_12-23-48_jpeg_2025-03-20_12-23-48.webp.webp?fit=1200%2C675&ssl=1&resize=525%2C300 1.5x, https:\/\/i0.wp.com\/noticiasribeiraopreto.com.br\/wp-content\/uploads\/2025\/03\/WhatsApp-Image-2025-03-20-at-09.23.27_2025-03-20_12-23-48_jpeg_2025-03-20_12-23-48.webp.webp?fit=1200%2C675&ssl=1&resize=700%2C400 2x, https:\/\/i0.wp.com\/noticiasribeiraopreto.com.br\/wp-content\/uploads\/2025\/03\/WhatsApp-Image-2025-03-20-at-09.23.27_2025-03-20_12-23-48_jpeg_2025-03-20_12-23-48.webp.webp?fit=1200%2C675&ssl=1&resize=1050%2C600 3x"},"classes":[]}],"jetpack_sharing_enabled":true,"jetpack_shortlink":"https:\/\/wp.me\/peQAOb-c3B","_links":{"self":[{"href":"https:\/\/noticiasribeiraopreto.com.br\/index.php\/wp-json\/wp\/v2\/posts\/46351","targetHints":{"allow":["GET"]}}],"collection":[{"href":"https:\/\/noticiasribeiraopreto.com.br\/index.php\/wp-json\/wp\/v2\/posts"}],"about":[{"href":"https:\/\/noticiasribeiraopreto.com.br\/index.php\/wp-json\/wp\/v2\/types\/post"}],"author":[{"embeddable":true,"href":"https:\/\/noticiasribeiraopreto.com.br\/index.php\/wp-json\/wp\/v2\/users\/1"}],"replies":[{"embeddable":true,"href":"https:\/\/noticiasribeiraopreto.com.br\/index.php\/wp-json\/wp\/v2\/comments?post=46351"}],"version-history":[{"count":0,"href":"https:\/\/noticiasribeiraopreto.com.br\/index.php\/wp-json\/wp\/v2\/posts\/46351\/revisions"}],"wp:featuredmedia":[{"embeddable":true,"href":"https:\/\/noticiasribeiraopreto.com.br\/index.php\/wp-json\/wp\/v2\/media\/46352"}],"wp:attachment":[{"href":"https:\/\/noticiasribeiraopreto.com.br\/index.php\/wp-json\/wp\/v2\/media?parent=46351"}],"wp:term":[{"taxonomy":"category","embeddable":true,"href":"https:\/\/noticiasribeiraopreto.com.br\/index.php\/wp-json\/wp\/v2\/categories?post=46351"},{"taxonomy":"post_tag","embeddable":true,"href":"https:\/\/noticiasribeiraopreto.com.br\/index.php\/wp-json\/wp\/v2\/tags?post=46351"}],"curies":[{"name":"wp","href":"https:\/\/api.w.org\/{rel}","templated":true}]}}