{"id":46357,"date":"2024-04-11T10:03:51","date_gmt":"2024-04-11T13:03:51","guid":{"rendered":"https:\/\/noticiasribeiraopreto.com.br\/index.php\/2024\/04\/11\/como-surgiu-o-concurso-comida-di-buteco\/"},"modified":"2024-04-11T10:03:51","modified_gmt":"2024-04-11T13:03:51","slug":"como-surgiu-o-concurso-comida-di-buteco","status":"publish","type":"post","link":"https:\/\/noticiasribeiraopreto.com.br\/index.php\/2024\/04\/11\/como-surgiu-o-concurso-comida-di-buteco\/","title":{"rendered":"Como surgiu o concurso Comida di Buteco?"},"content":{"rendered":"<div class='code-block code-block-1' style='margin: 8px 0 8px auto; text-align: right; display: block; clear: both;'>\n<p><a href=\"https:\/\/wa.link\/vpicfd\"><img data-recalc-dims=\"1\" class=\"wp-image-4922\" style=\"aspect-ratio: 2.0253164556962027; width: 561px; height: auto;\" src=\"https:\/\/i0.wp.com\/ismaelcolosi.com.br\/wp-content\/uploads\/2023\/11\/grupo-de-empregos-whatsapp-e-facebook-ismael-colosi-vagas.jpg?ssl=1\" alt=\"\" \/><\/a><\/p>\n<!-- \/wp:image -->\n<\/div>\n<p> <br \/>\n<\/p>\n<div data-td-block-uid=\"tdi_118\">\n<div class=\"tdb-block-inner td-fix-index\">\n<h3 class=\"wp-block-heading\">Mais que um concurso, uma chave de impacto socioecon\u00f4mico.<\/h3>\n<p>O Comida di Buteco nasceu no ano 2000, na cidade de Belo Horizonte, na extinta R\u00e1dio Geraes FM, com objetivo de resgatar butecos familiares e a cozinha raiz.<\/p>\n<p>\u00c9 um concurso e n\u00e3o um festival! Com voto popular e de jurados \u00e9 eleito o melhor buteco da cidade e depois o melhor do pa\u00eds.\u00a0<\/p>\n<p>P\u00fablico e jurados visitam os estabelecimentos dando notas de 1 a 10 em:<\/p>\n<p>atendimento, temperatura da bebida, higiene e petisco. O petisco leva 70% do peso da nota e as demais categorias 10% cada uma. O voto do p\u00fablico vale 50% do peso total e dos jurados 50%.<\/p>\n<h4 class=\"wp-block-heading\">A cada edi\u00e7\u00e3o 20% da base de participantes \u00e9 renovada, oxigenando o roteiro e mantendo a competitividade sempre animada.<\/h4>\n<p>Desde 2016 o Comida di Buteco \u00e9 realizado em duas etapas: a primeira etapa \u00e9 regional onde a vota\u00e7\u00e3o \u00e9 feita pelo p\u00fablico e jurados da pr\u00f3pria cidade. Depois de eleitos os campe\u00f5es de cada circuito, um outro corpo de jurados visita e avalia os campe\u00f5es para que seja eleito ent\u00e3o, o MELHOR BUTECO DO BRASIL. E em julho, numa festa realizada em S\u00e3o Paulo \u00e9 revelado o CAMPE\u00c3O NACIONAL, O MELHOR BUTECO DO BRASIL.<\/p>\n<p>Realizado h\u00e1 24 anos sempre no mesmo m\u00eas, abril tem-se tornado, a cada ano, o m\u00eas da cultura de buteco no Brasil. Mais que um concurso, uma chave de impacto socioecon\u00f4mico.<\/p>\n<h4 class=\"wp-block-heading\">O Comida di Buteco tem e pratica a miss\u00e3o: \u201cTransformar vidas atrav\u00e9s da cozinha de raiz \u2013 buteco extens\u00e3o de sua casa\u201d.<\/h4>\n<p>Tem como denominador comum nos participantes: a presen\u00e7a do dono no local. S\u00e3o comerciantes que, junto as suas fam\u00edlias, vivem do neg\u00f3cio e n\u00e3o pertencem \u00e0s redes nem franquias. Lugares que levam a identidade dos seus propriet\u00e1rios e por isso encantam cada novo cliente.<\/p>\n<h5 class=\"wp-block-heading\">2023 foi um ano de recordes para a hist\u00f3ria do concurso:<\/h5>\n<ul>\n<li>+ de 10 milh\u00f5es pessoas impactadas diretamente nos butecos<\/li>\n<li>+ de R$300 milh\u00f5es de impacto na cadeia produtiva do ecossistema comida di buteco<\/li>\n<\/ul>\n<h5 class=\"wp-block-heading\">Quase 1 Milh\u00e3o de f\u00e3s e 160 milh\u00f5es de impress\u00f5es nas redes sociais Cerca de 10 milh\u00f5es de pageviews no site.<\/h5>\n<h3 class=\"wp-block-heading\">Conhe\u00e7a os botecos participantes deste ano:<\/h3>\n<h5 class=\"wp-block-heading\">Organize seu tour pelos botecos participantes e eleja o melhor petisco de 2024.<\/h5>\n<figure class=\"wp-block-image size-full\"><img data-recalc-dims=\"1\" loading=\"lazy\" decoding=\"async\" width=\"771\" height=\"474\" src=\"https:\/\/i0.wp.com\/www.acidadeon.com\/ribeiraopreto\/wp-content\/uploads\/sites\/3\/2024\/04\/Screenshot_1-3.jpg?resize=771%2C474&#038;ssl=1\" alt=\"\" class=\"wp-image-77851\" srcset=\"https:\/\/www.acidadeon.com\/ribeiraopreto\/wp-content\/uploads\/sites\/3\/2024\/04\/Screenshot_1-3.jpg 771w, https:\/\/www.acidadeon.com\/ribeiraopreto\/wp-content\/uploads\/sites\/3\/2024\/04\/Screenshot_1-3-300x184.jpg 300w, https:\/\/www.acidadeon.com\/ribeiraopreto\/wp-content\/uploads\/sites\/3\/2024\/04\/Screenshot_1-3-768x472.jpg 768w, https:\/\/www.acidadeon.com\/ribeiraopreto\/wp-content\/uploads\/sites\/3\/2024\/04\/Screenshot_1-3-696x428.jpg 696w\" sizes=\"auto, (max-width: 771px) 100vw, 771px\"\/><\/figure>\n<p><!-- AI CONTENT END 3 -->\n<\/div>\n<\/div>\n<p><br \/>\n<br \/><a href=\"https:\/\/www.acidadeon.com\/ribeiraopreto\/comida-di-buteco\/como-surgiu-o-comida-di-buteco\/\">Source link <\/a><\/p>\n<!-- CONTENT END 1 -->\n","protected":false},"excerpt":{"rendered":"<p>Mais que um concurso, uma chave de impacto socioecon\u00f4mico. O Comida di Buteco nasceu no ano 2000, na cidade de Belo Horizonte, na extinta R\u00e1dio&#8230;<\/p>\n","protected":false},"author":1,"featured_media":46358,"comment_status":"open","ping_status":"open","sticky":false,"template":"","format":"standard","meta":{"advanced_seo_description":"","jetpack_seo_html_title":"","jetpack_seo_noindex":false,"jetpack_post_was_ever_published":false,"_jetpack_newsletter_access":"","_jetpack_dont_email_post_to_subs":false,"_jetpack_newsletter_tier_id":0,"_jetpack_memberships_contains_paywalled_content":false,"_jetpack_memberships_contains_paid_content":false,"footnotes":"","jetpack_publicize_message":"","jetpack_publicize_feature_enabled":true,"jetpack_social_post_already_shared":true,"jetpack_social_options":{"image_generator_settings":{"template":"highway","default_image_id":0,"font":"","enabled":false},"version":2}},"categories":[11],"tags":[],"class_list":["post-46357","post","type-post","status-publish","format-standard","has-post-thumbnail","hentry","category-noticias-de-ribeirao-preto-sp-e-regiao-ismael-colosi"],"jetpack_publicize_connections":[],"jetpack_featured_media_url":"https:\/\/i0.wp.com\/noticiasribeiraopreto.com.br\/wp-content\/uploads\/2024\/04\/comida-di-buteco.jpg?fit=570%2C300&ssl=1","jetpack-related-posts":[{"id":46107,"url":"https:\/\/noticiasribeiraopreto.com.br\/index.php\/2024\/04\/09\/o-comida-di-buteco-2024-comecou-trazendo-o-slogan-somos-todos-buteco\/","url_meta":{"origin":46357,"position":0},"title":"O Comida di Buteco 2024 come\u00e7ou trazendo o slogan \u201cSomos todos Buteco\u201d.","author":"noticiasribeiraopreto.com.br","date":"9 de April de 2024","format":false,"excerpt":"De 5 de abril a 28 de maio, o primeiro e maior concurso de \u201cbutecos\u201d do Brasil convoca a grande e democr\u00e1tica comunidade botequeira a eleger o melhor buteco do pa\u00eds, com o lema: \u201cSOMOS TODOS BUTECO\u201d. Com esse slogan de campanha o Comida di Buteco 2024, que comemora 24\u2026","rel":"","context":"In &quot;Not\u00edcias de Ribeir\u00e3o Preto-SP e Regi\u00e3o&quot;","block_context":{"text":"Not\u00edcias de Ribeir\u00e3o Preto-SP e Regi\u00e3o","link":"https:\/\/noticiasribeiraopreto.com.br\/index.php\/category\/noticias-de-ribeirao-preto-sp-e-regiao-ismael-colosi\/"},"img":{"alt_text":"","src":"https:\/\/i0.wp.com\/noticiasribeiraopreto.com.br\/wp-content\/uploads\/2024\/04\/Screenshot_1-1.jpg?fit=771%2C474&ssl=1&resize=350%2C200","width":350,"height":200,"srcset":"https:\/\/i0.wp.com\/noticiasribeiraopreto.com.br\/wp-content\/uploads\/2024\/04\/Screenshot_1-1.jpg?fit=771%2C474&ssl=1&resize=350%2C200 1x, https:\/\/i0.wp.com\/noticiasribeiraopreto.com.br\/wp-content\/uploads\/2024\/04\/Screenshot_1-1.jpg?fit=771%2C474&ssl=1&resize=525%2C300 1.5x, https:\/\/i0.wp.com\/noticiasribeiraopreto.com.br\/wp-content\/uploads\/2024\/04\/Screenshot_1-1.jpg?fit=771%2C474&ssl=1&resize=700%2C400 2x"},"classes":[]},{"id":84505,"url":"https:\/\/noticiasribeiraopreto.com.br\/index.php\/2026\/04\/10\/comida-di-buteco-comeca-em-ribeirao-preto-com-32-bares-e-tema-verduras\/","url_meta":{"origin":46357,"position":1},"title":"Comida di Buteco come\u00e7a em Ribeir\u00e3o Preto com 32 bares e tema &#8216;Verduras&#8217;","author":"noticiasribeiraopreto.com.br","date":"10 de April de 2026","format":false,"excerpt":"Ler o resumo da not\u00edcia \r Comida di Buteco 2026 come\u00e7a nesta sexta-feira (10) em Ribeir\u00e3o Preto com 32 bares participantes.\r O tema do ano \u00e9 \"Verduras\", orientando a cria\u00e7\u00e3o de petiscos com folhas, talos e flores comest\u00edveis.\r O evento segue at\u00e9 3 de maio e faz parte de um\u2026","rel":"","context":"In &quot;Not\u00edcias de Ribeir\u00e3o Preto-SP e Regi\u00e3o&quot;","block_context":{"text":"Not\u00edcias de Ribeir\u00e3o Preto-SP e Regi\u00e3o","link":"https:\/\/noticiasribeiraopreto.com.br\/index.php\/category\/noticias-de-ribeirao-preto-sp-e-regiao-ismael-colosi\/"},"img":{"alt_text":"","src":"https:\/\/i0.wp.com\/noticiasribeiraopreto.com.br\/wp-content\/uploads\/2026\/04\/palace-61_2026-03-10_22-35-25.webp.webp?fit=1200%2C675&ssl=1&resize=350%2C200","width":350,"height":200,"srcset":"https:\/\/i0.wp.com\/noticiasribeiraopreto.com.br\/wp-content\/uploads\/2026\/04\/palace-61_2026-03-10_22-35-25.webp.webp?fit=1200%2C675&ssl=1&resize=350%2C200 1x, https:\/\/i0.wp.com\/noticiasribeiraopreto.com.br\/wp-content\/uploads\/2026\/04\/palace-61_2026-03-10_22-35-25.webp.webp?fit=1200%2C675&ssl=1&resize=525%2C300 1.5x, https:\/\/i0.wp.com\/noticiasribeiraopreto.com.br\/wp-content\/uploads\/2026\/04\/palace-61_2026-03-10_22-35-25.webp.webp?fit=1200%2C675&ssl=1&resize=700%2C400 2x, https:\/\/i0.wp.com\/noticiasribeiraopreto.com.br\/wp-content\/uploads\/2026\/04\/palace-61_2026-03-10_22-35-25.webp.webp?fit=1200%2C675&ssl=1&resize=1050%2C600 3x"},"classes":[]},{"id":70547,"url":"https:\/\/noticiasribeiraopreto.com.br\/index.php\/2025\/05\/27\/campeao-do-comida-di-buteco-em-ribeirao-preto-sera-revelado-nesta-quarta-feira\/","url_meta":{"origin":46357,"position":2},"title":"Campe\u00e3o do Comida di Buteco em Ribeir\u00e3o Preto ser\u00e1 revelado nesta quarta-feira","author":"noticiasribeiraopreto.com.br","date":"27 de May de 2025","format":false,"excerpt":"O campe\u00e3o do Comida di Buteco 2025 em Ribeir\u00e3o Preto ser\u00e1 revelado nesta quarta-feira (28). A 15\u00aa edi\u00e7\u00e3o do concurso durou 24 dias, de 11 de abril a 4 de maio, com 27 participantes. A cerim\u00f4nia de premia\u00e7\u00e3o do melhor bar do circuito vai acontecer em evento fechado para os\u2026","rel":"","context":"In &quot;Not\u00edcias de Ribeir\u00e3o Preto-SP e Regi\u00e3o&quot;","block_context":{"text":"Not\u00edcias de Ribeir\u00e3o Preto-SP e Regi\u00e3o","link":"https:\/\/noticiasribeiraopreto.com.br\/index.php\/category\/noticias-de-ribeirao-preto-sp-e-regiao-ismael-colosi\/"},"img":{"alt_text":"","src":"https:\/\/i0.wp.com\/noticiasribeiraopreto.com.br\/wp-content\/uploads\/2025\/03\/Copia-de-Copia-de-Copia-de-TAMANHO-EXATO-PARA-FOTOS-NO-SISTEMA-NOVO-38_2025-03-31_14-51-05_jpg_2025-03-31_14-51-05.webp.webp?fit=1200%2C675&ssl=1&resize=350%2C200","width":350,"height":200,"srcset":"https:\/\/i0.wp.com\/noticiasribeiraopreto.com.br\/wp-content\/uploads\/2025\/03\/Copia-de-Copia-de-Copia-de-TAMANHO-EXATO-PARA-FOTOS-NO-SISTEMA-NOVO-38_2025-03-31_14-51-05_jpg_2025-03-31_14-51-05.webp.webp?fit=1200%2C675&ssl=1&resize=350%2C200 1x, https:\/\/i0.wp.com\/noticiasribeiraopreto.com.br\/wp-content\/uploads\/2025\/03\/Copia-de-Copia-de-Copia-de-TAMANHO-EXATO-PARA-FOTOS-NO-SISTEMA-NOVO-38_2025-03-31_14-51-05_jpg_2025-03-31_14-51-05.webp.webp?fit=1200%2C675&ssl=1&resize=525%2C300 1.5x, https:\/\/i0.wp.com\/noticiasribeiraopreto.com.br\/wp-content\/uploads\/2025\/03\/Copia-de-Copia-de-Copia-de-TAMANHO-EXATO-PARA-FOTOS-NO-SISTEMA-NOVO-38_2025-03-31_14-51-05_jpg_2025-03-31_14-51-05.webp.webp?fit=1200%2C675&ssl=1&resize=700%2C400 2x, https:\/\/i0.wp.com\/noticiasribeiraopreto.com.br\/wp-content\/uploads\/2025\/03\/Copia-de-Copia-de-Copia-de-TAMANHO-EXATO-PARA-FOTOS-NO-SISTEMA-NOVO-38_2025-03-31_14-51-05_jpg_2025-03-31_14-51-05.webp.webp?fit=1200%2C675&ssl=1&resize=1050%2C600 3x"},"classes":[]},{"id":83165,"url":"https:\/\/noticiasribeiraopreto.com.br\/index.php\/2026\/03\/11\/petiscos-tradicao-e-disputa-32-bares-participam-do-comida-di-buteco-em-ribeirao-preto\/","url_meta":{"origin":46357,"position":3},"title":"Petiscos, tradi\u00e7\u00e3o e disputa: 32 bares participam do Comida di Buteco em Ribeir\u00e3o Preto","author":"noticiasribeiraopreto.com.br","date":"11 de March de 2026","format":false,"excerpt":"Ribeir\u00e3o Preto recebe, entre 10 de abril e 3 de maio, mais uma edi\u00e7\u00e3o do Comida di Buteco, considerado um dos maiores concursos gastron\u00f4micos do Brasil. Neste ano, 32 bares da cidade participam do circuito local, com petiscos in\u00e9ditos criados especialmente para a competi\u00e7\u00e3o. A edi\u00e7\u00e3o de 2026 tem como\u2026","rel":"","context":"In &quot;Not\u00edcias de Ribeir\u00e3o Preto-SP e Regi\u00e3o&quot;","block_context":{"text":"Not\u00edcias de Ribeir\u00e3o Preto-SP e Regi\u00e3o","link":"https:\/\/noticiasribeiraopreto.com.br\/index.php\/category\/noticias-de-ribeirao-preto-sp-e-regiao-ismael-colosi\/"},"img":{"alt_text":"","src":"https:\/\/i0.wp.com\/noticiasribeiraopreto.com.br\/wp-content\/uploads\/2026\/03\/palace-61_2026-03-10_22-35-25.webp.webp?fit=1200%2C675&ssl=1&resize=350%2C200","width":350,"height":200,"srcset":"https:\/\/i0.wp.com\/noticiasribeiraopreto.com.br\/wp-content\/uploads\/2026\/03\/palace-61_2026-03-10_22-35-25.webp.webp?fit=1200%2C675&ssl=1&resize=350%2C200 1x, https:\/\/i0.wp.com\/noticiasribeiraopreto.com.br\/wp-content\/uploads\/2026\/03\/palace-61_2026-03-10_22-35-25.webp.webp?fit=1200%2C675&ssl=1&resize=525%2C300 1.5x, https:\/\/i0.wp.com\/noticiasribeiraopreto.com.br\/wp-content\/uploads\/2026\/03\/palace-61_2026-03-10_22-35-25.webp.webp?fit=1200%2C675&ssl=1&resize=700%2C400 2x, https:\/\/i0.wp.com\/noticiasribeiraopreto.com.br\/wp-content\/uploads\/2026\/03\/palace-61_2026-03-10_22-35-25.webp.webp?fit=1200%2C675&ssl=1&resize=1050%2C600 3x"},"classes":[]},{"id":44441,"url":"https:\/\/noticiasribeiraopreto.com.br\/index.php\/2024\/03\/27\/confira-os-bares-participantes-do-comida-di-buteco-em-ribeirao-preto\/","url_meta":{"origin":46357,"position":4},"title":"Confira os bares participantes do \u2018Comida di Buteco\u2019 em Ribeir\u00e3o Preto","author":"noticiasribeiraopreto.com.br","date":"27 de March de 2024","format":false,"excerpt":"A 24\u00aa edi\u00e7\u00e3o do Comida di Buteco em Ribeir\u00e3o Preto acontece de 5 a 28 de abril. Este ano, com o lema \u201cSomos Todos Buteco\u201d, o concurso que re\u00fane 27 estabelecimentos de regi\u00f5es diversas vai eleger o melhor bar da cidade. Ap\u00f3s essa primeira etapa do concurso, o vencedor vai\u2026","rel":"","context":"In &quot;Not\u00edcias de Ribeir\u00e3o Preto-SP e Regi\u00e3o&quot;","block_context":{"text":"Not\u00edcias de Ribeir\u00e3o Preto-SP e Regi\u00e3o","link":"https:\/\/noticiasribeiraopreto.com.br\/index.php\/category\/noticias-de-ribeirao-preto-sp-e-regiao-ismael-colosi\/"},"img":{"alt_text":"","src":"https:\/\/i0.wp.com\/noticiasribeiraopreto.com.br\/wp-content\/uploads\/2024\/03\/bar-do-jefferson-bolinguica-ribeirao-preto2022-renata-prado.webp.webp?fit=984%2C656&ssl=1&resize=350%2C200","width":350,"height":200,"srcset":"https:\/\/i0.wp.com\/noticiasribeiraopreto.com.br\/wp-content\/uploads\/2024\/03\/bar-do-jefferson-bolinguica-ribeirao-preto2022-renata-prado.webp.webp?fit=984%2C656&ssl=1&resize=350%2C200 1x, https:\/\/i0.wp.com\/noticiasribeiraopreto.com.br\/wp-content\/uploads\/2024\/03\/bar-do-jefferson-bolinguica-ribeirao-preto2022-renata-prado.webp.webp?fit=984%2C656&ssl=1&resize=525%2C300 1.5x, https:\/\/i0.wp.com\/noticiasribeiraopreto.com.br\/wp-content\/uploads\/2024\/03\/bar-do-jefferson-bolinguica-ribeirao-preto2022-renata-prado.webp.webp?fit=984%2C656&ssl=1&resize=700%2C400 2x"},"classes":[]},{"id":70677,"url":"https:\/\/noticiasribeiraopreto.com.br\/index.php\/2025\/05\/28\/conheca-o-bar-campeao-do-comida-di-buteco-2025-em-ribeirao-preto\/","url_meta":{"origin":46357,"position":5},"title":"Conhe\u00e7a o bar campe\u00e3o do Comida di Buteco 2025 em Ribeir\u00e3o Preto","author":"noticiasribeiraopreto.com.br","date":"28 de May de 2025","format":false,"excerpt":"O Emp\u00f3rio Paulistano venceu o Comida di Buteco 2025 em Ribeir\u00e3o Preto. O resultado foi divulgado na noite desta quarta-feira (28). O petisco apresentado pelo vencedor foi um bolinho de carne su\u00edna recheado com bacon, acompanhado de molho de geleia de pimenta. O bar fica localizado na rua Ces\u00e1rio Motta,\u2026","rel":"","context":"In &quot;Not\u00edcias de Ribeir\u00e3o Preto-SP e Regi\u00e3o&quot;","block_context":{"text":"Not\u00edcias de Ribeir\u00e3o Preto-SP e Regi\u00e3o","link":"https:\/\/noticiasribeiraopreto.com.br\/index.php\/category\/noticias-de-ribeirao-preto-sp-e-regiao-ismael-colosi\/"},"img":{"alt_text":"","src":"https:\/\/i0.wp.com\/noticiasribeiraopreto.com.br\/wp-content\/uploads\/2025\/05\/Copia-de-Copia-de-Copia-de-TAMANHO-EXATO-PARA-FOTOS-NO-SISTEMA-NOVO-2025-05-28T200108.821_2025-05-28_23-01-25.webp.webp?fit=1200%2C675&ssl=1&resize=350%2C200","width":350,"height":200,"srcset":"https:\/\/i0.wp.com\/noticiasribeiraopreto.com.br\/wp-content\/uploads\/2025\/05\/Copia-de-Copia-de-Copia-de-TAMANHO-EXATO-PARA-FOTOS-NO-SISTEMA-NOVO-2025-05-28T200108.821_2025-05-28_23-01-25.webp.webp?fit=1200%2C675&ssl=1&resize=350%2C200 1x, https:\/\/i0.wp.com\/noticiasribeiraopreto.com.br\/wp-content\/uploads\/2025\/05\/Copia-de-Copia-de-Copia-de-TAMANHO-EXATO-PARA-FOTOS-NO-SISTEMA-NOVO-2025-05-28T200108.821_2025-05-28_23-01-25.webp.webp?fit=1200%2C675&ssl=1&resize=525%2C300 1.5x, https:\/\/i0.wp.com\/noticiasribeiraopreto.com.br\/wp-content\/uploads\/2025\/05\/Copia-de-Copia-de-Copia-de-TAMANHO-EXATO-PARA-FOTOS-NO-SISTEMA-NOVO-2025-05-28T200108.821_2025-05-28_23-01-25.webp.webp?fit=1200%2C675&ssl=1&resize=700%2C400 2x, https:\/\/i0.wp.com\/noticiasribeiraopreto.com.br\/wp-content\/uploads\/2025\/05\/Copia-de-Copia-de-Copia-de-TAMANHO-EXATO-PARA-FOTOS-NO-SISTEMA-NOVO-2025-05-28T200108.821_2025-05-28_23-01-25.webp.webp?fit=1200%2C675&ssl=1&resize=1050%2C600 3x"},"classes":[]}],"jetpack_sharing_enabled":true,"jetpack_shortlink":"https:\/\/wp.me\/peQAOb-c3H","_links":{"self":[{"href":"https:\/\/noticiasribeiraopreto.com.br\/index.php\/wp-json\/wp\/v2\/posts\/46357","targetHints":{"allow":["GET"]}}],"collection":[{"href":"https:\/\/noticiasribeiraopreto.com.br\/index.php\/wp-json\/wp\/v2\/posts"}],"about":[{"href":"https:\/\/noticiasribeiraopreto.com.br\/index.php\/wp-json\/wp\/v2\/types\/post"}],"author":[{"embeddable":true,"href":"https:\/\/noticiasribeiraopreto.com.br\/index.php\/wp-json\/wp\/v2\/users\/1"}],"replies":[{"embeddable":true,"href":"https:\/\/noticiasribeiraopreto.com.br\/index.php\/wp-json\/wp\/v2\/comments?post=46357"}],"version-history":[{"count":0,"href":"https:\/\/noticiasribeiraopreto.com.br\/index.php\/wp-json\/wp\/v2\/posts\/46357\/revisions"}],"wp:featuredmedia":[{"embeddable":true,"href":"https:\/\/noticiasribeiraopreto.com.br\/index.php\/wp-json\/wp\/v2\/media\/46358"}],"wp:attachment":[{"href":"https:\/\/noticiasribeiraopreto.com.br\/index.php\/wp-json\/wp\/v2\/media?parent=46357"}],"wp:term":[{"taxonomy":"category","embeddable":true,"href":"https:\/\/noticiasribeiraopreto.com.br\/index.php\/wp-json\/wp\/v2\/categories?post=46357"},{"taxonomy":"post_tag","embeddable":true,"href":"https:\/\/noticiasribeiraopreto.com.br\/index.php\/wp-json\/wp\/v2\/tags?post=46357"}],"curies":[{"name":"wp","href":"https:\/\/api.w.org\/{rel}","templated":true}]}}