{"id":46359,"date":"2024-04-11T10:19:53","date_gmt":"2024-04-11T13:19:53","guid":{"rendered":"https:\/\/noticiasribeiraopreto.com.br\/index.php\/2024\/04\/11\/motorista-cai-com-carro-em-buraco-de-obra-no-centro-de-ribeirao-preto\/"},"modified":"2024-04-11T10:19:53","modified_gmt":"2024-04-11T13:19:53","slug":"motorista-cai-com-carro-em-buraco-de-obra-no-centro-de-ribeirao-preto","status":"publish","type":"post","link":"https:\/\/noticiasribeiraopreto.com.br\/index.php\/2024\/04\/11\/motorista-cai-com-carro-em-buraco-de-obra-no-centro-de-ribeirao-preto\/","title":{"rendered":"Motorista cai com carro em buraco de obra no Centro de Ribeir\u00e3o Preto"},"content":{"rendered":"<div class='code-block code-block-1' style='margin: 8px 0 8px auto; text-align: right; display: block; clear: both;'>\n<p><a href=\"https:\/\/wa.link\/vpicfd\"><img data-recalc-dims=\"1\" class=\"wp-image-4922\" style=\"aspect-ratio: 2.0253164556962027; width: 561px; height: auto;\" src=\"https:\/\/i0.wp.com\/ismaelcolosi.com.br\/wp-content\/uploads\/2023\/11\/grupo-de-empregos-whatsapp-e-facebook-ismael-colosi-vagas.jpg?ssl=1\" alt=\"\" \/><\/a><\/p>\n<!-- \/wp:image -->\n<\/div>\n<p> <br \/>\n<\/p>\n<div data-td-block-uid=\"tdi_101\">\n<div class=\"tdb-block-inner td-fix-index\">\n<p><strong>Um motorista caiu com o carro em uma obra na manh\u00e3 desta quinta-feira (11), no cruzamento das ruas S\u00e3o Sebasti\u00e3o e Visconde de Inha\u00fama, no Centro de Ribeir\u00e3o Preto.<\/strong><\/p>\n<p>O <strong>condutor <\/strong>afirmou que no local, onde ocorre um <strong>reparo emergencial<\/strong> devido ao <strong>rompimento <\/strong>de uma <strong>adutora<\/strong>, <span style=\"background-color:#f7cc62\" class=\"td_text_highlight_marker\">n\u00e3o havia sinaliza\u00e7\u00e3o.<\/span><\/p>\n<p>Houve <strong>danos <\/strong>na parte dianteira do <strong>ve\u00edculo<\/strong>. <span style=\"background-color:#f7cc62\" class=\"td_text_highlight_marker\">O motorista, contudo, n\u00e3o se feriu.<\/span><\/p>\n<h4 class=\"wp-block-heading\"><strong>O que diz a RP Mobi<\/strong><\/h4>\n<p>A <a href=\"https:\/\/www.ribeiraopreto.sp.gov.br\/portal\/rpmobi\/\" target=\"_blank\" rel=\"noreferrer noopener\">RP Mobi <\/a>informou, por meio de nota de imprensa, que <span style=\"background-color:#f7cc62\" class=\"td_text_highlight_marker\">a obra foi sinalizada<\/span>, mas que dever\u00e1 encaminhar equipes para verificar se os dispositivos de seguran\u00e7a permanecem de modo adequado nas vias.<\/p>\n<p>SAIBA MAIS<\/p>\n<p>Rompimento de cano causa grande vazamento de \u00e1gua em rua na zona Norte de Ribeir\u00e3o<\/p>\n<h4 class=\"wp-block-heading\"><strong><mark>FIQUE ON<\/mark><\/strong><\/h4>\n<p>Fique ligado em tudo que acontece em Ribeir\u00e3o Preto e regi\u00e3o. Siga os perfis do\u00a0<strong>acidade on\u00a0<\/strong>no\u00a0<a href=\"https:\/\/www.instagram.com\/acidadeonribeirao\" target=\"_blank\" rel=\"noreferrer noopener\">Instagram<\/a>\u00a0e no\u00a0<a href=\"https:\/\/www.facebook.com\/acidadeonribeirao\" target=\"_blank\" rel=\"noreferrer noopener\">Facebook<\/a>.<\/p>\n<p>Receba not\u00edcias do acidade on no WhatsApp. Para entrar no grupo, basta\u00a0<a href=\"https:\/\/chat.whatsapp.com\/GFH9HUMUTHNFJdnyEd0xxq\" target=\"_blank\" rel=\"noreferrer noopener\">clicar aqui<\/a>.<\/p>\n<p>Fa\u00e7a uma den\u00fancia ou sugira uma reportagem sobre Ribeir\u00e3o Preto e regi\u00e3o pelo WhatsApp: 16 99117 7802.<\/p>\n<p>VEJA TAMB\u00c9M<\/p>\n<p>DPVAT vai voltar? Saiba como receber o dinheiro do seguro<\/p>\n<p><!-- AI CONTENT END 1 -->\n<\/div>\n<\/div>\n<p><script async src=\"\/\/www.instagram.com\/embed.js\"><\/script><br \/>\n<br \/><br \/>\n<br \/><a href=\"https:\/\/www.acidadeon.com\/ribeiraopreto\/cotidiano\/motorista-cai-com-carro-em-buraco-de-obra-no-centro-de-ribeirao-preto\/\">Source link <\/a><\/p>\n<!-- CONTENT END 1 -->\n","protected":false},"excerpt":{"rendered":"<p>Um motorista caiu com o carro em uma obra na manh\u00e3 desta quinta-feira (11), no cruzamento das ruas S\u00e3o Sebasti\u00e3o e Visconde de Inha\u00fama, no&#8230;<\/p>\n","protected":false},"author":1,"featured_media":46360,"comment_status":"open","ping_status":"open","sticky":false,"template":"","format":"standard","meta":{"advanced_seo_description":"","jetpack_seo_html_title":"","jetpack_seo_noindex":false,"jetpack_post_was_ever_published":false,"_jetpack_newsletter_access":"","_jetpack_dont_email_post_to_subs":false,"_jetpack_newsletter_tier_id":0,"_jetpack_memberships_contains_paywalled_content":false,"_jetpack_memberships_contains_paid_content":false,"footnotes":"","jetpack_publicize_message":"","jetpack_publicize_feature_enabled":true,"jetpack_social_post_already_shared":true,"jetpack_social_options":{"image_generator_settings":{"template":"highway","default_image_id":0,"font":"","enabled":false},"version":2}},"categories":[11],"tags":[],"class_list":["post-46359","post","type-post","status-publish","format-standard","has-post-thumbnail","hentry","category-noticias-de-ribeirao-preto-sp-e-regiao-ismael-colosi"],"jetpack_publicize_connections":[],"jetpack_featured_media_url":"https:\/\/i0.wp.com\/noticiasribeiraopreto.com.br\/wp-content\/uploads\/2024\/04\/CARRO_BURACO.jpg?fit=2000%2C1307&ssl=1","jetpack-related-posts":[{"id":63550,"url":"https:\/\/noticiasribeiraopreto.com.br\/index.php\/2025\/02\/15\/motorista-bate-o-carro-e-arranca-poste-em-avenida-de-ribeirao-preto\/","url_meta":{"origin":46359,"position":0},"title":"Motorista bate o carro e arranca poste em avenida de Ribeir\u00e3o Preto","author":"noticiasribeiraopreto.com.br","date":"15 de February de 2025","format":false,"excerpt":"Na tarde deste s\u00e1bado (15), um motorista bateu o carro e arrancou o poste na via Francisco Maggioni, ap\u00f3s o viaduto da rua Capit\u00e3o Salom\u00e3o, em Ribeir\u00e3o Preto. De acordo com o Corpo de Bombeiros, o condutor se recusou a receber atendimento m\u00e9dico. A RP Mobi est\u00e1 no local para\u2026","rel":"","context":"In &quot;Not\u00edcias de Ribeir\u00e3o Preto-SP e Regi\u00e3o&quot;","block_context":{"text":"Not\u00edcias de Ribeir\u00e3o Preto-SP e Regi\u00e3o","link":"https:\/\/noticiasribeiraopreto.com.br\/index.php\/category\/noticias-de-ribeirao-preto-sp-e-regiao-ismael-colosi\/"},"img":{"alt_text":"","src":"https:\/\/i0.wp.com\/noticiasribeiraopreto.com.br\/wp-content\/uploads\/2025\/02\/Imagem-do-WhatsApp-de-2025-02-15-as-16.18.44_68504224_2025-02-15_19-28-55_jpg_2025-02-15_19-28-56-e1739647781178.webp.webp?fit=1196%2C840&ssl=1&resize=350%2C200","width":350,"height":200,"srcset":"https:\/\/i0.wp.com\/noticiasribeiraopreto.com.br\/wp-content\/uploads\/2025\/02\/Imagem-do-WhatsApp-de-2025-02-15-as-16.18.44_68504224_2025-02-15_19-28-55_jpg_2025-02-15_19-28-56-e1739647781178.webp.webp?fit=1196%2C840&ssl=1&resize=350%2C200 1x, https:\/\/i0.wp.com\/noticiasribeiraopreto.com.br\/wp-content\/uploads\/2025\/02\/Imagem-do-WhatsApp-de-2025-02-15-as-16.18.44_68504224_2025-02-15_19-28-55_jpg_2025-02-15_19-28-56-e1739647781178.webp.webp?fit=1196%2C840&ssl=1&resize=525%2C300 1.5x, https:\/\/i0.wp.com\/noticiasribeiraopreto.com.br\/wp-content\/uploads\/2025\/02\/Imagem-do-WhatsApp-de-2025-02-15-as-16.18.44_68504224_2025-02-15_19-28-55_jpg_2025-02-15_19-28-56-e1739647781178.webp.webp?fit=1196%2C840&ssl=1&resize=700%2C400 2x, https:\/\/i0.wp.com\/noticiasribeiraopreto.com.br\/wp-content\/uploads\/2025\/02\/Imagem-do-WhatsApp-de-2025-02-15-as-16.18.44_68504224_2025-02-15_19-28-55_jpg_2025-02-15_19-28-56-e1739647781178.webp.webp?fit=1196%2C840&ssl=1&resize=1050%2C600 3x"},"classes":[]},{"id":59272,"url":"https:\/\/noticiasribeiraopreto.com.br\/index.php\/2024\/10\/18\/carros-sao-guinchados-apos-inauguracao-do-corredor-de-onibus-no-centro-de-ribeirao\/","url_meta":{"origin":46359,"position":1},"title":"Carros s\u00e3o guinchados ap\u00f3s inaugura\u00e7\u00e3o do corredor de \u00f4nibus no Centro de Ribeir\u00e3o","author":"noticiasribeiraopreto.com.br","date":"18 de October de 2024","format":false,"excerpt":"Um dia ap\u00f3s a inaugura\u00e7\u00e3o dos corredores de \u00f4nibus na regi\u00e3o central de Ribeir\u00e3o Preto, comerciantes da \u00e1rea reclamam que a fiscaliza\u00e7\u00e3o come\u00e7ou antes do previsto. Nesta sexta-feira (18), pelo menos dois carros que estavam estacionados na rua Bar\u00e3o do Amazonas foram apreendidos pela Pol\u00edcia Militar (PM). As faixas do\u2026","rel":"","context":"In &quot;Not\u00edcias de Ribeir\u00e3o Preto-SP e Regi\u00e3o&quot;","block_context":{"text":"Not\u00edcias de Ribeir\u00e3o Preto-SP e Regi\u00e3o","link":"https:\/\/noticiasribeiraopreto.com.br\/index.php\/category\/noticias-de-ribeirao-preto-sp-e-regiao-ismael-colosi\/"},"img":{"alt_text":"","src":"https:\/\/i0.wp.com\/noticiasribeiraopreto.com.br\/wp-content\/uploads\/2024\/10\/Copia-de-Copia-de-Copia-de-TAMANHO-EXATO-PARA-FOTOS-NO-SISTEMA-NOVO-2024-10-18T191806.243_2024-10-18_22-18-55_png_2024-10-18_22-18-55.webp.webp?fit=1200%2C675&ssl=1&resize=350%2C200","width":350,"height":200,"srcset":"https:\/\/i0.wp.com\/noticiasribeiraopreto.com.br\/wp-content\/uploads\/2024\/10\/Copia-de-Copia-de-Copia-de-TAMANHO-EXATO-PARA-FOTOS-NO-SISTEMA-NOVO-2024-10-18T191806.243_2024-10-18_22-18-55_png_2024-10-18_22-18-55.webp.webp?fit=1200%2C675&ssl=1&resize=350%2C200 1x, https:\/\/i0.wp.com\/noticiasribeiraopreto.com.br\/wp-content\/uploads\/2024\/10\/Copia-de-Copia-de-Copia-de-TAMANHO-EXATO-PARA-FOTOS-NO-SISTEMA-NOVO-2024-10-18T191806.243_2024-10-18_22-18-55_png_2024-10-18_22-18-55.webp.webp?fit=1200%2C675&ssl=1&resize=525%2C300 1.5x, https:\/\/i0.wp.com\/noticiasribeiraopreto.com.br\/wp-content\/uploads\/2024\/10\/Copia-de-Copia-de-Copia-de-TAMANHO-EXATO-PARA-FOTOS-NO-SISTEMA-NOVO-2024-10-18T191806.243_2024-10-18_22-18-55_png_2024-10-18_22-18-55.webp.webp?fit=1200%2C675&ssl=1&resize=700%2C400 2x, https:\/\/i0.wp.com\/noticiasribeiraopreto.com.br\/wp-content\/uploads\/2024\/10\/Copia-de-Copia-de-Copia-de-TAMANHO-EXATO-PARA-FOTOS-NO-SISTEMA-NOVO-2024-10-18T191806.243_2024-10-18_22-18-55_png_2024-10-18_22-18-55.webp.webp?fit=1200%2C675&ssl=1&resize=1050%2C600 3x"},"classes":[]},{"id":42386,"url":"https:\/\/noticiasribeiraopreto.com.br\/index.php\/2024\/03\/14\/duplo-verde-motoristas-culpam-semaforo-por-colisao\/","url_meta":{"origin":46359,"position":2},"title":"Duplo verde? Motoristas culpam sem\u00e1foro por colis\u00e3o","author":"noticiasribeiraopreto.com.br","date":"14 de March de 2024","format":false,"excerpt":"Acidente ocorreu em movimentada avenida da zona Sul e RP Mobi nega ter ocorrido falha no equipamento 14 de mar\u00e7o de 2024 | 11:24 0Por: Adalberto LuqueUm carro capotou ap\u00f3s uma colis\u00e3o, na manh\u00e3 desta quinta-feira (14). O acidente ocorreu no cruzamento da Avenida Independ\u00eancia com Avenida Nove de Julho,\u2026","rel":"","context":"In &quot;Not\u00edcias de Ribeir\u00e3o Preto-SP e Regi\u00e3o&quot;","block_context":{"text":"Not\u00edcias de Ribeir\u00e3o Preto-SP e Regi\u00e3o","link":"https:\/\/noticiasribeiraopreto.com.br\/index.php\/category\/noticias-de-ribeirao-preto-sp-e-regiao-ismael-colosi\/"},"img":{"alt_text":"","src":"https:\/\/i0.wp.com\/noticiasribeiraopreto.com.br\/wp-content\/uploads\/2024\/03\/00-14-mar-2024-acidente-nove-com-independencia-foto-x-tudo-scaled.jpg?fit=860%2C645&ssl=1&resize=350%2C200","width":350,"height":200,"srcset":"https:\/\/i0.wp.com\/noticiasribeiraopreto.com.br\/wp-content\/uploads\/2024\/03\/00-14-mar-2024-acidente-nove-com-independencia-foto-x-tudo-scaled.jpg?fit=860%2C645&ssl=1&resize=350%2C200 1x, https:\/\/i0.wp.com\/noticiasribeiraopreto.com.br\/wp-content\/uploads\/2024\/03\/00-14-mar-2024-acidente-nove-com-independencia-foto-x-tudo-scaled.jpg?fit=860%2C645&ssl=1&resize=525%2C300 1.5x, https:\/\/i0.wp.com\/noticiasribeiraopreto.com.br\/wp-content\/uploads\/2024\/03\/00-14-mar-2024-acidente-nove-com-independencia-foto-x-tudo-scaled.jpg?fit=860%2C645&ssl=1&resize=700%2C400 2x"},"classes":[]},{"id":64114,"url":"https:\/\/noticiasribeiraopreto.com.br\/index.php\/2025\/03\/02\/carro-da-rp-mobi-se-envolve-em-acidente-em-avenida-de-ribeirao-preto\/","url_meta":{"origin":46359,"position":3},"title":"Carro da RP Mobi se envolve em acidente em avenida de Ribeir\u00e3o Preto","author":"noticiasribeiraopreto.com.br","date":"2 de March de 2025","format":false,"excerpt":"Um carro da RP Mobi, empresa respons\u00e1vel pelo gerenciamento do tr\u00e2nsito em Ribeir\u00e3o Preto, se envolveu em um acidente no in\u00edcio da tarde deste domingo (2), no cruzamento da avenida Independ\u00eancia com a rua Campos Sales. N\u00e3o h\u00e1 informa\u00e7\u00f5es sobre feridos. Em nota, a RP Mobi informou que o outro\u2026","rel":"","context":"In &quot;Not\u00edcias de Ribeir\u00e3o Preto-SP e Regi\u00e3o&quot;","block_context":{"text":"Not\u00edcias de Ribeir\u00e3o Preto-SP e Regi\u00e3o","link":"https:\/\/noticiasribeiraopreto.com.br\/index.php\/category\/noticias-de-ribeirao-preto-sp-e-regiao-ismael-colosi\/"},"img":{"alt_text":"","src":"https:\/\/i0.wp.com\/noticiasribeiraopreto.com.br\/wp-content\/uploads\/2025\/03\/acidente-rp-mobi_2025-03-02_18-41-03_jpg_2025-03-02_18-41-03.webp.webp?fit=1200%2C720&ssl=1&resize=350%2C200","width":350,"height":200,"srcset":"https:\/\/i0.wp.com\/noticiasribeiraopreto.com.br\/wp-content\/uploads\/2025\/03\/acidente-rp-mobi_2025-03-02_18-41-03_jpg_2025-03-02_18-41-03.webp.webp?fit=1200%2C720&ssl=1&resize=350%2C200 1x, https:\/\/i0.wp.com\/noticiasribeiraopreto.com.br\/wp-content\/uploads\/2025\/03\/acidente-rp-mobi_2025-03-02_18-41-03_jpg_2025-03-02_18-41-03.webp.webp?fit=1200%2C720&ssl=1&resize=525%2C300 1.5x, https:\/\/i0.wp.com\/noticiasribeiraopreto.com.br\/wp-content\/uploads\/2025\/03\/acidente-rp-mobi_2025-03-02_18-41-03_jpg_2025-03-02_18-41-03.webp.webp?fit=1200%2C720&ssl=1&resize=700%2C400 2x, https:\/\/i0.wp.com\/noticiasribeiraopreto.com.br\/wp-content\/uploads\/2025\/03\/acidente-rp-mobi_2025-03-02_18-41-03_jpg_2025-03-02_18-41-03.webp.webp?fit=1200%2C720&ssl=1&resize=1050%2C600 3x"},"classes":[]},{"id":74583,"url":"https:\/\/noticiasribeiraopreto.com.br\/index.php\/2025\/07\/24\/obra-emergencial-causa-interdicao-no-centro-de-ribeirao-preto-veja-rota-alternativa\/","url_meta":{"origin":46359,"position":4},"title":"Obra emergencial causa interdi\u00e7\u00e3o no Centro de Ribeir\u00e3o Preto; veja rota alternativa","author":"noticiasribeiraopreto.com.br","date":"24 de July de 2025","format":false,"excerpt":"Agentes de Tr\u00e2nsito interditaram, na noite desta quinta-feira (24), o trecho da rua Campos Sales a partir do cruzamento com a rua Amador Bueno, no Centro de Ribeir\u00e3o Preto. A interdi\u00e7\u00e3o total ocorre devido a uma obra emergencial feita por uma empresa terceirizada da Secretaria Municipal de \u00c1gua e Esgotos\u2026","rel":"","context":"In &quot;Not\u00edcias de Ribeir\u00e3o Preto-SP e Regi\u00e3o&quot;","block_context":{"text":"Not\u00edcias de Ribeir\u00e3o Preto-SP e Regi\u00e3o","link":"https:\/\/noticiasribeiraopreto.com.br\/index.php\/category\/noticias-de-ribeirao-preto-sp-e-regiao-ismael-colosi\/"},"img":{"alt_text":"","src":"https:\/\/i0.wp.com\/noticiasribeiraopreto.com.br\/wp-content\/uploads\/2025\/07\/Copia-de-Copia-de-Copia-de-TAMANHO-EXATO-PARA-FOTOS-NO-SISTEMA-NOVO-2025-07-24T195432.425_2025-07-24_22-54-47.webp.webp?fit=1200%2C675&ssl=1&resize=350%2C200","width":350,"height":200,"srcset":"https:\/\/i0.wp.com\/noticiasribeiraopreto.com.br\/wp-content\/uploads\/2025\/07\/Copia-de-Copia-de-Copia-de-TAMANHO-EXATO-PARA-FOTOS-NO-SISTEMA-NOVO-2025-07-24T195432.425_2025-07-24_22-54-47.webp.webp?fit=1200%2C675&ssl=1&resize=350%2C200 1x, https:\/\/i0.wp.com\/noticiasribeiraopreto.com.br\/wp-content\/uploads\/2025\/07\/Copia-de-Copia-de-Copia-de-TAMANHO-EXATO-PARA-FOTOS-NO-SISTEMA-NOVO-2025-07-24T195432.425_2025-07-24_22-54-47.webp.webp?fit=1200%2C675&ssl=1&resize=525%2C300 1.5x, https:\/\/i0.wp.com\/noticiasribeiraopreto.com.br\/wp-content\/uploads\/2025\/07\/Copia-de-Copia-de-Copia-de-TAMANHO-EXATO-PARA-FOTOS-NO-SISTEMA-NOVO-2025-07-24T195432.425_2025-07-24_22-54-47.webp.webp?fit=1200%2C675&ssl=1&resize=700%2C400 2x, https:\/\/i0.wp.com\/noticiasribeiraopreto.com.br\/wp-content\/uploads\/2025\/07\/Copia-de-Copia-de-Copia-de-TAMANHO-EXATO-PARA-FOTOS-NO-SISTEMA-NOVO-2025-07-24T195432.425_2025-07-24_22-54-47.webp.webp?fit=1200%2C675&ssl=1&resize=1050%2C600 3x"},"classes":[]},{"id":37306,"url":"https:\/\/noticiasribeiraopreto.com.br\/index.php\/2024\/02\/15\/carro-para-em-cima-de-monte-de-pedras-em-avenida-de-ribeirao-preto-veja-video\/","url_meta":{"origin":46359,"position":5},"title":"Carro para em cima de monte de pedras em avenida de Ribeir\u00e3o Preto; Veja v\u00eddeo","author":"noticiasribeiraopreto.com.br","date":"15 de February de 2024","format":false,"excerpt":"Um carro que passava pela avenida Jos\u00e9 Ant\u00f4nio Ferrarezi, no bairro Jardim Helena, na zona Leste de Ribeir\u00e3o Preto foi parar em cima de um monte de pedras que estava amontoado no meio da via p\u00fablica (veja v\u00eddeo). O motorista, a esposa e a sogra voltavam para casa quando foram\u2026","rel":"","context":"In &quot;Not\u00edcias de Ribeir\u00e3o Preto-SP e Regi\u00e3o&quot;","block_context":{"text":"Not\u00edcias de Ribeir\u00e3o Preto-SP e Regi\u00e3o","link":"https:\/\/noticiasribeiraopreto.com.br\/index.php\/category\/noticias-de-ribeirao-preto-sp-e-regiao-ismael-colosi\/"},"img":{"alt_text":"","src":"https:\/\/i0.wp.com\/noticiasribeiraopreto.com.br\/wp-content\/uploads\/2024\/02\/3-1.jpg?fit=1200%2C675&ssl=1&resize=350%2C200","width":350,"height":200,"srcset":"https:\/\/i0.wp.com\/noticiasribeiraopreto.com.br\/wp-content\/uploads\/2024\/02\/3-1.jpg?fit=1200%2C675&ssl=1&resize=350%2C200 1x, https:\/\/i0.wp.com\/noticiasribeiraopreto.com.br\/wp-content\/uploads\/2024\/02\/3-1.jpg?fit=1200%2C675&ssl=1&resize=525%2C300 1.5x, https:\/\/i0.wp.com\/noticiasribeiraopreto.com.br\/wp-content\/uploads\/2024\/02\/3-1.jpg?fit=1200%2C675&ssl=1&resize=700%2C400 2x, https:\/\/i0.wp.com\/noticiasribeiraopreto.com.br\/wp-content\/uploads\/2024\/02\/3-1.jpg?fit=1200%2C675&ssl=1&resize=1050%2C600 3x"},"classes":[]}],"jetpack_sharing_enabled":true,"jetpack_shortlink":"https:\/\/wp.me\/peQAOb-c3J","_links":{"self":[{"href":"https:\/\/noticiasribeiraopreto.com.br\/index.php\/wp-json\/wp\/v2\/posts\/46359","targetHints":{"allow":["GET"]}}],"collection":[{"href":"https:\/\/noticiasribeiraopreto.com.br\/index.php\/wp-json\/wp\/v2\/posts"}],"about":[{"href":"https:\/\/noticiasribeiraopreto.com.br\/index.php\/wp-json\/wp\/v2\/types\/post"}],"author":[{"embeddable":true,"href":"https:\/\/noticiasribeiraopreto.com.br\/index.php\/wp-json\/wp\/v2\/users\/1"}],"replies":[{"embeddable":true,"href":"https:\/\/noticiasribeiraopreto.com.br\/index.php\/wp-json\/wp\/v2\/comments?post=46359"}],"version-history":[{"count":0,"href":"https:\/\/noticiasribeiraopreto.com.br\/index.php\/wp-json\/wp\/v2\/posts\/46359\/revisions"}],"wp:featuredmedia":[{"embeddable":true,"href":"https:\/\/noticiasribeiraopreto.com.br\/index.php\/wp-json\/wp\/v2\/media\/46360"}],"wp:attachment":[{"href":"https:\/\/noticiasribeiraopreto.com.br\/index.php\/wp-json\/wp\/v2\/media?parent=46359"}],"wp:term":[{"taxonomy":"category","embeddable":true,"href":"https:\/\/noticiasribeiraopreto.com.br\/index.php\/wp-json\/wp\/v2\/categories?post=46359"},{"taxonomy":"post_tag","embeddable":true,"href":"https:\/\/noticiasribeiraopreto.com.br\/index.php\/wp-json\/wp\/v2\/tags?post=46359"}],"curies":[{"name":"wp","href":"https:\/\/api.w.org\/{rel}","templated":true}]}}