{"id":46363,"date":"2024-04-11T10:36:24","date_gmt":"2024-04-11T13:36:24","guid":{"rendered":"https:\/\/noticiasribeiraopreto.com.br\/index.php\/2024\/04\/11\/5-dicas-do-bilionario-jorge-paulo-lemann-para-os-empreendedores\/"},"modified":"2024-04-11T10:36:24","modified_gmt":"2024-04-11T13:36:24","slug":"5-dicas-do-bilionario-jorge-paulo-lemann-para-os-empreendedores","status":"publish","type":"post","link":"https:\/\/noticiasribeiraopreto.com.br\/index.php\/2024\/04\/11\/5-dicas-do-bilionario-jorge-paulo-lemann-para-os-empreendedores\/","title":{"rendered":"5 dicas do bilion\u00e1rio Jorge Paulo Lemann para os empreendedores"},"content":{"rendered":"<div class='code-block code-block-1' style='margin: 8px 0 8px auto; text-align: right; display: block; clear: both;'>\n<p><a href=\"https:\/\/wa.link\/vpicfd\"><img data-recalc-dims=\"1\" class=\"wp-image-4922\" style=\"aspect-ratio: 2.0253164556962027; width: 561px; height: auto;\" src=\"https:\/\/i0.wp.com\/ismaelcolosi.com.br\/wp-content\/uploads\/2023\/11\/grupo-de-empregos-whatsapp-e-facebook-ismael-colosi-vagas.jpg?ssl=1\" alt=\"\" \/><\/a><\/p>\n<!-- \/wp:image -->\n<\/div>\n<p> <br \/>\n<\/p>\n<div>\n<div id=\"attachment_604073\" class=\"wp-caption alignnone style=\" max-width:=\"\"><img data-recalc-dims=\"1\" fetchpriority=\"high\" decoding=\"async\" class=\"alignnone wp-image-604073 size-medium\" src=\"https:\/\/i0.wp.com\/forbes.com.br\/wp-content\/uploads\/2024\/04\/jorge-paulo-lemann-768x512.jpg?resize=678%2C452&#038;ssl=1\" http:=\"\" alt=\"\" width=\"678\" height=\"452\" data-lazy-src=\"https:\/\/forbes.com.br\/wp-content\/uploads\/2024\/04\/jorge-paulo-lemann-768x512.jpg\"\/><noscript><img data-recalc-dims=\"1\" fetchpriority=\"high\" decoding=\"async\" class=\"alignnone wp-image-604073 size-medium\" src=\"https:\/\/i0.wp.com\/forbes.com.br\/wp-content\/uploads\/2024\/04\/jorge-paulo-lemann-768x512.jpg?resize=678%2C452&#038;ssl=1\" alt=\"\" width=\"678\" height=\"452\"\/><\/noscript><\/p>\n<p class=\"wp-caption-text\">Na inf\u00e2ncia, o empres\u00e1rio diz que foi uma crian\u00e7a muito livre e que com essa liberdade aprendeu a criar sua independ\u00eancia<\/p>\n<\/div>\n<p>O empres\u00e1rio e economista <strong>Jorge Paulo Lemann<\/strong>, bilion\u00e1rio com fortuna avaliada pela Forbes em<strong> US$ 16,1 bilh\u00f5es (R$ 81,4 bilh\u00f5es)<\/strong>, \u00e9 uma das mentes \u00e0 frente da <strong>3G Capital<\/strong>, gestora dona de empresas como Ambev, Burger King, Heinz e Americanas. Apesar dos \u00faltimos trope\u00e7os de sua gigante de varejo, o executivo afirma que teve mais sucessos do que \u201cn\u00e3o sucessos\u201d \u2013 como ele gosta de dizer \u2013 em sua carreira de mais de 60 anos.<\/p>\n<p>Esse foi o tema da palestra dada pelo executivo na universidade de <strong>Harvard, Massachusetts, durante a Brazil Conference<\/strong>. Por l\u00e1, Lemann contou um pouco sobre sua trajet\u00f3ria de vida, seus trope\u00e7os e acertos e seus novos sonhos, que continuam a surgir.<\/p>\n<h3>Siga a <a href=\"https:\/\/whatsapp.com\/channel\/0029Va9gQKwBFLgM96cJnu0u\" target=\"_blank\" rel=\"noopener\">Forbes<\/a> no WhatsApp e receba as principais not\u00edcias sobre neg\u00f3cios, carreira, tecnologia e estilo de vida<\/h3>\n<p>Na inf\u00e2ncia, o empres\u00e1rio diz que foi uma crian\u00e7a muito livre e que com essa liberdade aprendeu a criar sua independ\u00eancia, caracter\u00edstica que ele levou para os neg\u00f3cios. Foi tamb\u00e9m nessa \u00e9poca que come\u00e7ou a praticar surfe e t\u00eanis, esportes que ama at\u00e9 hoje e que o ensinaram a competir, a saber perder e a entender os seus oponentes, fatores essenciais para seu sucesso nos neg\u00f3cios.<\/p>\n<p>Na adolesc\u00eancia, Lemann <strong>precisou desenvolver um m\u00e9todo para aprender a priorizar as coisas realmente relevantes na faculdade, no trabalho e at\u00e9 em quest\u00f5es familiares<\/strong>. Ele conta que sempre procura os 5 t\u00f3picos realmente importantes sobre o assunto e que os prioriza como o objetivo daquela tarefa, deixando de lado o que n\u00e3o vai fazer diferen\u00e7a no fim do dia. \u201cAs pessoas em que eu me inspiro sempre tiveram uma no\u00e7\u00e3o \u00f3bvia de qual era a quest\u00e3o principal do assunto, tornando aquele processo muito simples\u201d, afirma.<\/p>\n<p>Esse foi um dos conselhos que o bilion\u00e1rio deu durante a palestra para os empreendedores que querem ter sucesso. Confira outras<strong> 5 dicas essenciais para quem est\u00e1 come\u00e7ando:<\/strong><\/p>\n<h2>1. Sonhe alto<\/h2>\n<p>Para o executivo, sonhar alto \u00e9 o primeiro passo para quem quer ser um empreendedor de sucesso.<\/p>\n<p>\u201cQuando eu era jovem, meu pensamento era muito curto. Eu s\u00f3 queria saber onde iria surfar amanh\u00e3. Mas, ao entrar na faculdade, eu percebi que existia um mundo muito maior do que eu imaginava e que, para alcan\u00e7ar o meu potencial, era preciso pensar grande e no longo prazo, sabendo que eu atingiria aquele objetivo algum dia\u201d, diz Lemann.<\/p>\n<h2>2. Tome riscos<\/h2>\n<p>Lemann se mostrou avesso \u00e0 teoria de que o estudo \u00e9 tudo na vida das pessoas. Obviamente \u00e9 necess\u00e1rio estudar e ele, que se formou em Harvard, sabe da import\u00e2ncia disso. Por\u00e9m, pessoas muito acad\u00eamicas costumam ficar travadas na teoria e n\u00e3o levar os neg\u00f3cios para a pr\u00e1tica.<\/p>\n<p>\u201cQuem estuda demais confia muito nos estudos e n\u00e3o desenvolve o lado do risco. Nos neg\u00f3cios \u00e9 preciso saber tomar risco e desenvolver esse feeling\u201d, afirma. \u201cN\u00e3o tomar risco tamb\u00e9m \u00e9 um risco.\u201d<\/p>\n<h2>3. Tenha um produto um pouco diferente dos outros<\/h2>\n<p>Para o executivo, o empreendedor n\u00e3o precisa buscar pelo produto ou servi\u00e7o que tenha a maior inova\u00e7\u00e3o do mercado para ter sucesso. Ele acredita que \u00e9 preciso fazer algo levemente diferente dos concorrentes para chegar l\u00e1.<\/p>\n<p>\u201cSe voc\u00ea fizer tudo exatamente como os outros est\u00e3o fazendo, n\u00e3o ter\u00e1 sucesso. Ent\u00e3o tente ser um pouco diferente, inove de alguma forma para conquistar o seu lugar no mercado\u201d, afirma o executivo.<\/p>\n<h2>4. Tenha as melhores pessoas ao seu lado<\/h2>\n<p>Na vis\u00e3o de Lemann, saber selecionar as melhores pessoas para atuar ao seu lado \u00e9 um talento important\u00edssimo a ser desenvolvido pelos empreendedores.<\/p>\n<p>Ele conta que, no in\u00edcio de sua carreira, acreditava ser necess\u00e1rio se unir a pessoas semelhantes a ele na busca do sucesso. Ent\u00e3o, ele se uniu a estudantes de faculdades renomadas dos Estados Unidos e abriu uma companhia. \u201cN\u00f3s quebramos em tr\u00eas anos\u201d, conta Lemann. \u201cFoi ali que entendi que \u00e9 preciso ter pessoas diferentes para construir um neg\u00f3cio saud\u00e1vel\u201d.<\/p>\n<h2>5. Medir, medir e medir<\/h2>\n<p>Ele ressalta a import\u00e2ncia de medir, medir e medir. Para o executivo, \u00e9 necess\u00e1rio saber a todo tempo como o seu neg\u00f3cio est\u00e1 indo, se ele est\u00e1 progredindo ou n\u00e3o. E, mesmo quando voc\u00ea erra, \u00e9 preciso come\u00e7ar de novo, medindo o que voc\u00ea deve fazer de diferente e como isso j\u00e1 trouxe novos resultados.<\/p>\n<p>\u201cEntenda quais s\u00e3o os objetivos, fa\u00e7a e mensure como voc\u00ea chega l\u00e1 e est\u00e1 chegando l\u00e1\u201d, complementa o executivo.<\/p>\n<\/div>\n<p><script type=\"rocketlazyloadscript\">\n\t\t\t\t(function(d, s, id){\n\t\t\t\t\tvar js, fjs = d.getElementsByTagName(s)[0];\n\t\t\t\t\tif (d.getElementById(id)) return;\n\t\t\t\t\tjs = d.createElement(s); js.id = id;\n\t\t\t\t\tjs.src = \"\/\/connect.facebook.net\/pt_BR\/sdk.js#xfbml=1&version=v2.9\";\n\t\t\t\t\tfjs.parentNode.insertBefore(js, fjs);\n\t\t\t\t}(document, 'script', 'facebook-jssdk'));\n\t\t\t<\/script><br \/>\n<br \/><br \/>\n<br \/><a href=\"https:\/\/forbes.com.br\/forbes-money\/2024\/04\/5-dicas-do-bilionario-jorge-paulo-lemann-para-os-empreendedores\/\">Source link <\/a><\/p>\n<!-- CONTENT END 1 -->\n","protected":false},"excerpt":{"rendered":"<p>Na inf\u00e2ncia, o empres\u00e1rio diz que foi uma crian\u00e7a muito livre e que com essa liberdade aprendeu a criar sua independ\u00eancia O empres\u00e1rio e economista&#8230;<\/p>\n","protected":false},"author":1,"featured_media":46364,"comment_status":"open","ping_status":"open","sticky":false,"template":"","format":"standard","meta":{"advanced_seo_description":"","jetpack_seo_html_title":"","jetpack_seo_noindex":false,"jetpack_post_was_ever_published":false,"_jetpack_newsletter_access":"","_jetpack_dont_email_post_to_subs":false,"_jetpack_newsletter_tier_id":0,"_jetpack_memberships_contains_paywalled_content":false,"_jetpack_memberships_contains_paid_content":false,"footnotes":"","jetpack_publicize_message":"","jetpack_publicize_feature_enabled":true,"jetpack_social_post_already_shared":true,"jetpack_social_options":{"image_generator_settings":{"template":"highway","default_image_id":0,"font":"","enabled":false},"version":2}},"categories":[1],"tags":[],"class_list":["post-46363","post","type-post","status-publish","format-standard","has-post-thumbnail","hentry","category-blog"],"jetpack_publicize_connections":[],"jetpack_featured_media_url":"https:\/\/i0.wp.com\/noticiasribeiraopreto.com.br\/wp-content\/uploads\/2024\/04\/jorge-paulo-lemann-1024x683.jpg?fit=1024%2C683&ssl=1","jetpack-related-posts":[{"id":27059,"url":"https:\/\/noticiasribeiraopreto.com.br\/index.php\/2024\/01\/11\/escandalo-da-americanas-amer3-completa-1-ano-com-lemann-e-socios-mais-ricos-plano-aprovado-e-troca-de-acusacoes\/","url_meta":{"origin":46363,"position":0},"title":"Esc\u00e2ndalo da Americanas (AMER3) completa 1 ano com Lemann e s\u00f3cios mais ricos, plano aprovado e troca de acusa\u00e7\u00f5es","author":"noticiasribeiraopreto.com.br","date":"11 de January de 2024","format":false,"excerpt":"Maior esc\u00e2ndalo da hist\u00f3ria do mercado de capitais brasileiro, a fraude cont\u00e1bil na Americanas (AMER3) completa um ano nesta quinta-feira (11) ainda com muitas pe\u00e7as soltas. Entre elas, a investiga\u00e7\u00e3o dos respons\u00e1veis pelo rombo de R$ 25 bilh\u00f5es na varejista. A Americanas atribui o esquema \u00e0 antiga diretoria, sob o\u2026","rel":"","context":"In &quot;Dinheiro e Investimento&quot;","block_context":{"text":"Dinheiro e Investimento","link":"https:\/\/noticiasribeiraopreto.com.br\/index.php\/category\/dinheiro-e-investimento-como-fazer-como-ganhar\/"},"img":{"alt_text":"","src":"https:\/\/i0.wp.com\/noticiasribeiraopreto.com.br\/wp-content\/uploads\/2024\/01\/Lemann-Sicupira-e-Telles-em-frente-a-fachada-da-Americanas-creditos-Shutterstock-site-oficial-Ambev-Seu-Dinheiro-montagem-Brenda-Silva-628x353.jpg?fit=628%2C353&ssl=1&resize=350%2C200","width":350,"height":200,"srcset":"https:\/\/i0.wp.com\/noticiasribeiraopreto.com.br\/wp-content\/uploads\/2024\/01\/Lemann-Sicupira-e-Telles-em-frente-a-fachada-da-Americanas-creditos-Shutterstock-site-oficial-Ambev-Seu-Dinheiro-montagem-Brenda-Silva-628x353.jpg?fit=628%2C353&ssl=1&resize=350%2C200 1x, https:\/\/i0.wp.com\/noticiasribeiraopreto.com.br\/wp-content\/uploads\/2024\/01\/Lemann-Sicupira-e-Telles-em-frente-a-fachada-da-Americanas-creditos-Shutterstock-site-oficial-Ambev-Seu-Dinheiro-montagem-Brenda-Silva-628x353.jpg?fit=628%2C353&ssl=1&resize=525%2C300 1.5x"},"classes":[]},{"id":20161,"url":"https:\/\/noticiasribeiraopreto.com.br\/index.php\/2023\/12\/24\/trio-de-bilionarios-da-americanas-ficou-r-16-bi-mais-rico-em-2023\/","url_meta":{"origin":46363,"position":1},"title":"Trio de bilion\u00e1rios da Americanas ficou R$ 16 bi mais rico em 2023","author":"noticiasribeiraopreto.com.br","date":"24 de December de 2023","format":false,"excerpt":"O ano de 2023 foi uma verdadeira montanha-russa no mercado financeiro brasileiro \u2014 especialmente para quem acompanhou de perto o notici\u00e1rio corporativo local logo no in\u00edcio\u00a0 do ano. Afinal, o m\u00eas de janeiro se iniciou com a descoberta de fraude cont\u00e1bil e rombo bilion\u00e1rio na Americanas (AMER3), uma das maiores\u2026","rel":"","context":"In &quot;Dinheiro e Investimento&quot;","block_context":{"text":"Dinheiro e Investimento","link":"https:\/\/noticiasribeiraopreto.com.br\/index.php\/category\/dinheiro-e-investimento-como-fazer-como-ganhar\/"},"img":{"alt_text":"","src":"https:\/\/i0.wp.com\/noticiasribeiraopreto.com.br\/wp-content\/uploads\/2023\/12\/1703432331_Lemann-Sicupira-e-Telles-em-frente-a-fachada-da-Americanas-creditos-Shutterstock-site-oficial-Ambev-Seu-Dinheiro-montagem-Brenda-Silva-628x353.jpg?fit=628%2C353&ssl=1&resize=350%2C200","width":350,"height":200,"srcset":"https:\/\/i0.wp.com\/noticiasribeiraopreto.com.br\/wp-content\/uploads\/2023\/12\/1703432331_Lemann-Sicupira-e-Telles-em-frente-a-fachada-da-Americanas-creditos-Shutterstock-site-oficial-Ambev-Seu-Dinheiro-montagem-Brenda-Silva-628x353.jpg?fit=628%2C353&ssl=1&resize=350%2C200 1x, https:\/\/i0.wp.com\/noticiasribeiraopreto.com.br\/wp-content\/uploads\/2023\/12\/1703432331_Lemann-Sicupira-e-Telles-em-frente-a-fachada-da-Americanas-creditos-Shutterstock-site-oficial-Ambev-Seu-Dinheiro-montagem-Brenda-Silva-628x353.jpg?fit=628%2C353&ssl=1&resize=525%2C300 1.5x"},"classes":[]},{"id":17844,"url":"https:\/\/noticiasribeiraopreto.com.br\/index.php\/2023\/12\/19\/lemann-e-socios-podem-ficar-com-quase-50-da-americanas-amer3-apos-capitalizacao-bilionaria\/","url_meta":{"origin":46363,"position":2},"title":"Lemann e s\u00f3cios podem ficar com quase 50% da Americanas (AMER3) ap\u00f3s capitaliza\u00e7\u00e3o bilion\u00e1ria","author":"noticiasribeiraopreto.com.br","date":"19 de December de 2023","format":false,"excerpt":"No \"Dia D\" em que os credores v\u00e3o decidir sobre o plano de recupera\u00e7\u00e3o judicial da Americanas (AMER3), a varejista revelou mais um importante detalhe sobre como pretende reduzir o rombo bilion\u00e1rio do balan\u00e7o. O pre\u00e7o por a\u00e7\u00e3o na capitaliza\u00e7\u00e3o de R$ 24 bilh\u00f5es que a companhia pretende fazer ficou\u2026","rel":"","context":"In &quot;Dinheiro e Investimento&quot;","block_context":{"text":"Dinheiro e Investimento","link":"https:\/\/noticiasribeiraopreto.com.br\/index.php\/category\/dinheiro-e-investimento-como-fazer-como-ganhar\/"},"img":{"alt_text":"","src":"https:\/\/i0.wp.com\/noticiasribeiraopreto.com.br\/wp-content\/uploads\/2023\/12\/Lemann-Sicupira-e-Telles-em-frente-a-fachada-da-Americanas-creditos-Shutterstock-site-oficial-Ambev-Seu-Dinheiro-montagem-Brenda-Silva-628x353.jpg?fit=628%2C353&ssl=1&resize=350%2C200","width":350,"height":200,"srcset":"https:\/\/i0.wp.com\/noticiasribeiraopreto.com.br\/wp-content\/uploads\/2023\/12\/Lemann-Sicupira-e-Telles-em-frente-a-fachada-da-Americanas-creditos-Shutterstock-site-oficial-Ambev-Seu-Dinheiro-montagem-Brenda-Silva-628x353.jpg?fit=628%2C353&ssl=1&resize=350%2C200 1x, https:\/\/i0.wp.com\/noticiasribeiraopreto.com.br\/wp-content\/uploads\/2023\/12\/Lemann-Sicupira-e-Telles-em-frente-a-fachada-da-Americanas-creditos-Shutterstock-site-oficial-Ambev-Seu-Dinheiro-montagem-Brenda-Silva-628x353.jpg?fit=628%2C353&ssl=1&resize=525%2C300 1.5x"},"classes":[]},{"id":20904,"url":"https:\/\/noticiasribeiraopreto.com.br\/index.php\/2023\/12\/26\/um-brinde-de-pai-o-que-levou-o-bilionario-marcel-telles-a-doar-toda-a-participacao-na-ab-inbev-para-o-filho\/","url_meta":{"origin":46363,"position":3},"title":"Um brinde de pai: o que levou o bilion\u00e1rio Marcel Telles a doar toda a participa\u00e7\u00e3o na AB InBev para o filho","author":"noticiasribeiraopreto.com.br","date":"26 de December de 2023","format":false,"excerpt":"H\u00e1 quem ganhe uma lembrancinha e h\u00e1 quem ganhe presentes inesquec\u00edveis de Natal \u2014 e esse foi o caso de Max Herrmann Telles, filho do bilion\u00e1rio brasileiro Marcel Telles, cofundador da empresas de aquisi\u00e7\u00f5es 3G Capital e um dos acionistas de refer\u00eancia da Americanas (AMER3).\u00a0 E Max nem precisou esperar\u2026","rel":"","context":"In &quot;Dinheiro e Investimento&quot;","block_context":{"text":"Dinheiro e Investimento","link":"https:\/\/noticiasribeiraopreto.com.br\/index.php\/category\/dinheiro-e-investimento-como-fazer-como-ganhar\/"},"img":{"alt_text":"","src":"https:\/\/i0.wp.com\/noticiasribeiraopreto.com.br\/wp-content\/uploads\/2023\/12\/Marcel-Herrmann-Telles-Ambev-creditos-Shutterstock-site-oficial-Ambev-Seu-Dinheiro-montagem-Brenda-Silva-628x353.jpg?fit=628%2C353&ssl=1&resize=350%2C200","width":350,"height":200,"srcset":"https:\/\/i0.wp.com\/noticiasribeiraopreto.com.br\/wp-content\/uploads\/2023\/12\/Marcel-Herrmann-Telles-Ambev-creditos-Shutterstock-site-oficial-Ambev-Seu-Dinheiro-montagem-Brenda-Silva-628x353.jpg?fit=628%2C353&ssl=1&resize=350%2C200 1x, https:\/\/i0.wp.com\/noticiasribeiraopreto.com.br\/wp-content\/uploads\/2023\/12\/Marcel-Herrmann-Telles-Ambev-creditos-Shutterstock-site-oficial-Ambev-Seu-Dinheiro-montagem-Brenda-Silva-628x353.jpg?fit=628%2C353&ssl=1&resize=525%2C300 1.5x"},"classes":[]},{"id":31548,"url":"https:\/\/noticiasribeiraopreto.com.br\/index.php\/2024\/01\/22\/top-10-homens-mais-ricos-do-brasil-em-2023\/","url_meta":{"origin":46363,"position":4},"title":"Top 10 homens mais ricos do Brasil em 2023","author":"noticiasribeiraopreto.com.br","date":"22 de January de 2024","format":false,"excerpt":"A vasta riqueza do Brasil n\u00e3o \u00e9 medida apenas pela sua vibrante cultura, praias paradis\u00edacas e paix\u00e3o pelo futebol, mas tamb\u00e9m pelos impressionantes imp\u00e9rios financeiros constru\u00eddos pelos homens mais ricos do Brasil. Apesar dos frequentes desafios econ\u00f4micos do pa\u00eds, estes tit\u00e3s da ind\u00fastria conseguiram amassar fortunas significativas atrav\u00e9s de uma\u2026","rel":"","context":"In &quot;Blog&quot;","block_context":{"text":"Blog","link":"https:\/\/noticiasribeiraopreto.com.br\/index.php\/category\/blog\/"},"img":{"alt_text":"","src":"https:\/\/i0.wp.com\/noticiasribeiraopreto.com.br\/wp-content\/uploads\/2024\/01\/Homens-mais-ricos-do-Brasil.jpg?fit=1200%2C676&ssl=1&resize=350%2C200","width":350,"height":200,"srcset":"https:\/\/i0.wp.com\/noticiasribeiraopreto.com.br\/wp-content\/uploads\/2024\/01\/Homens-mais-ricos-do-Brasil.jpg?fit=1200%2C676&ssl=1&resize=350%2C200 1x, https:\/\/i0.wp.com\/noticiasribeiraopreto.com.br\/wp-content\/uploads\/2024\/01\/Homens-mais-ricos-do-Brasil.jpg?fit=1200%2C676&ssl=1&resize=525%2C300 1.5x, https:\/\/i0.wp.com\/noticiasribeiraopreto.com.br\/wp-content\/uploads\/2024\/01\/Homens-mais-ricos-do-Brasil.jpg?fit=1200%2C676&ssl=1&resize=700%2C400 2x, https:\/\/i0.wp.com\/noticiasribeiraopreto.com.br\/wp-content\/uploads\/2024\/01\/Homens-mais-ricos-do-Brasil.jpg?fit=1200%2C676&ssl=1&resize=1050%2C600 3x"},"classes":[]},{"id":14682,"url":"https:\/\/noticiasribeiraopreto.com.br\/index.php\/2023\/12\/12\/justica-nega-pedido-do-safra-para-anular-assembleia-de-credores-da-americanas\/","url_meta":{"origin":46363,"position":5},"title":"Justi\u00e7a nega pedido do Safra para anular assembleia de credores da Americanas","author":"noticiasribeiraopreto.com.br","date":"12 de December de 2023","format":false,"excerpt":"A Justi\u00e7a do Rio de Janeiro negou o pedido do Banco Safra para anular a assembleia geral de credores que vai discutir o Plano de Recupera\u00e7\u00e3o Judicial da Americanas. Na peti\u00e7\u00e3o, o banco denunciava cinco tentativas de fraude no acordo e questionava a data da assembleia de credores. Para os\u2026","rel":"","context":"In &quot;Dinheiro e Investimento&quot;","block_context":{"text":"Dinheiro e Investimento","link":"https:\/\/noticiasribeiraopreto.com.br\/index.php\/category\/dinheiro-e-investimento-como-fazer-como-ganhar\/"},"img":{"alt_text":"","src":"https:\/\/i0.wp.com\/noticiasribeiraopreto.com.br\/wp-content\/uploads\/2023\/12\/Americanas-Foto-2021-Credito-Divulgacao-scaled-1-715x402.jpg?fit=715%2C402&ssl=1&resize=350%2C200","width":350,"height":200,"srcset":"https:\/\/i0.wp.com\/noticiasribeiraopreto.com.br\/wp-content\/uploads\/2023\/12\/Americanas-Foto-2021-Credito-Divulgacao-scaled-1-715x402.jpg?fit=715%2C402&ssl=1&resize=350%2C200 1x, https:\/\/i0.wp.com\/noticiasribeiraopreto.com.br\/wp-content\/uploads\/2023\/12\/Americanas-Foto-2021-Credito-Divulgacao-scaled-1-715x402.jpg?fit=715%2C402&ssl=1&resize=525%2C300 1.5x, https:\/\/i0.wp.com\/noticiasribeiraopreto.com.br\/wp-content\/uploads\/2023\/12\/Americanas-Foto-2021-Credito-Divulgacao-scaled-1-715x402.jpg?fit=715%2C402&ssl=1&resize=700%2C400 2x"},"classes":[]}],"jetpack_sharing_enabled":true,"jetpack_shortlink":"https:\/\/wp.me\/peQAOb-c3N","_links":{"self":[{"href":"https:\/\/noticiasribeiraopreto.com.br\/index.php\/wp-json\/wp\/v2\/posts\/46363","targetHints":{"allow":["GET"]}}],"collection":[{"href":"https:\/\/noticiasribeiraopreto.com.br\/index.php\/wp-json\/wp\/v2\/posts"}],"about":[{"href":"https:\/\/noticiasribeiraopreto.com.br\/index.php\/wp-json\/wp\/v2\/types\/post"}],"author":[{"embeddable":true,"href":"https:\/\/noticiasribeiraopreto.com.br\/index.php\/wp-json\/wp\/v2\/users\/1"}],"replies":[{"embeddable":true,"href":"https:\/\/noticiasribeiraopreto.com.br\/index.php\/wp-json\/wp\/v2\/comments?post=46363"}],"version-history":[{"count":0,"href":"https:\/\/noticiasribeiraopreto.com.br\/index.php\/wp-json\/wp\/v2\/posts\/46363\/revisions"}],"wp:featuredmedia":[{"embeddable":true,"href":"https:\/\/noticiasribeiraopreto.com.br\/index.php\/wp-json\/wp\/v2\/media\/46364"}],"wp:attachment":[{"href":"https:\/\/noticiasribeiraopreto.com.br\/index.php\/wp-json\/wp\/v2\/media?parent=46363"}],"wp:term":[{"taxonomy":"category","embeddable":true,"href":"https:\/\/noticiasribeiraopreto.com.br\/index.php\/wp-json\/wp\/v2\/categories?post=46363"},{"taxonomy":"post_tag","embeddable":true,"href":"https:\/\/noticiasribeiraopreto.com.br\/index.php\/wp-json\/wp\/v2\/tags?post=46363"}],"curies":[{"name":"wp","href":"https:\/\/api.w.org\/{rel}","templated":true}]}}