{"id":46365,"date":"2024-04-11T10:49:55","date_gmt":"2024-04-11T13:49:55","guid":{"rendered":"https:\/\/noticiasribeiraopreto.com.br\/index.php\/2024\/04\/11\/empresario-acusa-enteada-de-furto-de-joias-avaliadas-em-r-40-mil-em-ribeirao\/"},"modified":"2024-04-11T10:49:55","modified_gmt":"2024-04-11T13:49:55","slug":"empresario-acusa-enteada-de-furto-de-joias-avaliadas-em-r-40-mil-em-ribeirao","status":"publish","type":"post","link":"https:\/\/noticiasribeiraopreto.com.br\/index.php\/2024\/04\/11\/empresario-acusa-enteada-de-furto-de-joias-avaliadas-em-r-40-mil-em-ribeirao\/","title":{"rendered":"Empres\u00e1rio acusa enteada de furto de joias avaliadas em R$ 40 mil em Ribeir\u00e3o"},"content":{"rendered":"<div class='code-block code-block-1' style='margin: 8px 0 8px auto; text-align: right; display: block; clear: both;'>\n<p><a href=\"https:\/\/wa.link\/vpicfd\"><img data-recalc-dims=\"1\" class=\"wp-image-4922\" style=\"aspect-ratio: 2.0253164556962027; width: 561px; height: auto;\" src=\"https:\/\/i0.wp.com\/ismaelcolosi.com.br\/wp-content\/uploads\/2023\/11\/grupo-de-empregos-whatsapp-e-facebook-ismael-colosi-vagas.jpg?ssl=1\" alt=\"\" \/><\/a><\/p>\n<!-- \/wp:image -->\n<\/div>\n<p> <br \/>\n<\/p>\n<div data-td-block-uid=\"tdi_101\">\n<div class=\"tdb-block-inner td-fix-index\">\n<p>Um empres\u00e1rio de 55 anos acusa a enteada de furtar joias avaliadas em R$ 40 mil do apartamento da fam\u00edlia, no <strong>Centro <\/strong>de <strong>Ribeir\u00e3o Preto<\/strong>. De acordo com o <strong>B.O. (boletim de ocorr\u00eancia)<\/strong>, os furtos aconteceram no final de mar\u00e7o e na \u00faltima quarta-feira (10).<\/p>\n<p><mark style=\"background-color:#fcb900\" class=\"has-inline-color has-black-color\">O relato aponta que a acusada \u00e9 filha da mulher do empres\u00e1rio e foi contratada para trabalhar no apartamento da m\u00e3e e do padrasto como diarista.<\/mark> A suspeita n\u00e3o mora no local.<\/p>\n<p>Ele alega que a mulher teria furtado duas correntes de<strong> ouro maci\u00e7o<\/strong> e vendido para compradores no Centro da cidade. <mark style=\"background-color:#fcb900\" class=\"has-inline-color has-black-color\">Uma das pe\u00e7as, avaliada em R$ 30 mil, foi vendida por R$ 10,9 mil. A outra, avaliada em R$ 10 mil, foi vendida por R$ 2,2 mil.<\/mark><\/p>\n<p>No B.O., o empres\u00e1rio conta que notou o desaparecimento das joias nesta quarta-feira e questionou a esposa sobre o sumi\u00e7o. A mulher, ent\u00e3o, perguntou para filha sobre o paradeiro das correntes e a suspeita teria confirmado o furto.<\/p>\n<p>O caso foi registrado como furto na<strong> CPJ (Central de Pol\u00edcia Judici\u00e1ria) de Ribeir\u00e3o Preto <\/strong>e ser\u00e1 investigado pela <strong>Pol\u00edcia Civil<\/strong>.<\/p>\n<p>SAIBA MAIS<br \/>Motorista cai com carro em buraco de obra no Centro de Ribeir\u00e3o Preto<\/p>\n<h4 class=\"wp-block-heading\"><strong>FIQUE ON<\/strong><\/h4>\n<p>Fique ligado em tudo que acontece em Ribeir\u00e3o Preto e regi\u00e3o. Siga os perfis do <strong>acidade on <\/strong>no <a href=\"https:\/\/www.instagram.com\/acidadeonribeirao\" target=\"_blank\" rel=\"noreferrer noopener nofollow\">Instagram<\/a> e no <a href=\"https:\/\/www.facebook.com\/acidadeonribeirao\" target=\"_blank\" rel=\"noreferrer noopener nofollow\">Facebook<\/a>.<\/p>\n<p>Receba not\u00edcias do <strong>acidade on <\/strong>no WhatsApp. <a href=\"https:\/\/chat.whatsapp.com\/GFH9HUMUTHNFJdnyEd0xxq\" target=\"_blank\" rel=\"noreferrer noopener nofollow\">Para entrar no grupo, basta clicar aqui.<\/a><\/p>\n<p>Fa\u00e7a uma den\u00fancia ou sugira uma reportagem sobre Ribeir\u00e3o Preto e regi\u00e3o pelo WhatsApp: 16 99117 7802.<\/p>\n<p>VEJA TAMB\u00c9M<br \/>DPVAT vai voltar? Saiba como receber o dinheiro do seguro<\/p>\n<p><!-- AI CONTENT END 1 -->\n<\/div>\n<\/div>\n<p><script async src=\"\/\/www.instagram.com\/embed.js\"><\/script><br \/>\n<br \/><br \/>\n<br \/><a href=\"https:\/\/www.acidadeon.com\/ribeiraopreto\/cotidiano\/empresario-acusa-enteada-de-furto-de-joias-avaliadas-em-r-40-mil-em-ribeirao\/\">Source link <\/a><\/p>\n<!-- CONTENT END 1 -->\n","protected":false},"excerpt":{"rendered":"<p>Um empres\u00e1rio de 55 anos acusa a enteada de furtar joias avaliadas em R$ 40 mil do apartamento da fam\u00edlia, no Centro de Ribeir\u00e3o Preto&#8230;.<\/p>\n","protected":false},"author":1,"featured_media":46366,"comment_status":"open","ping_status":"open","sticky":false,"template":"","format":"standard","meta":{"advanced_seo_description":"","jetpack_seo_html_title":"","jetpack_seo_noindex":false,"jetpack_post_was_ever_published":false,"_jetpack_newsletter_access":"","_jetpack_dont_email_post_to_subs":false,"_jetpack_newsletter_tier_id":0,"_jetpack_memberships_contains_paywalled_content":false,"_jetpack_memberships_contains_paid_content":false,"footnotes":"","jetpack_publicize_message":"","jetpack_publicize_feature_enabled":true,"jetpack_social_post_already_shared":true,"jetpack_social_options":{"image_generator_settings":{"template":"highway","default_image_id":0,"font":"","enabled":false},"version":2}},"categories":[11],"tags":[],"class_list":["post-46365","post","type-post","status-publish","format-standard","has-post-thumbnail","hentry","category-noticias-de-ribeirao-preto-sp-e-regiao-ismael-colosi"],"jetpack_publicize_connections":[],"jetpack_featured_media_url":"https:\/\/i0.wp.com\/noticiasribeiraopreto.com.br\/wp-content\/uploads\/2024\/04\/1712843395_cpj_1024x576_04082020121137.jpg?fit=1024%2C575&ssl=1","jetpack-related-posts":[{"id":74370,"url":"https:\/\/noticiasribeiraopreto.com.br\/index.php\/2025\/07\/21\/jovem-e-preso-por-furto-de-placas-solares-avaliadas-em-r-100-mil-em-fazenda\/","url_meta":{"origin":46365,"position":0},"title":"Jovem \u00e9 preso por furto de placas solares avaliadas em R$ 100 mil em fazenda","author":"noticiasribeiraopreto.com.br","date":"21 de July de 2025","format":false,"excerpt":"Um jovem de 20 anos foi preso neste domingo (20), em Ituverava, a 100 quil\u00f4metros de Ribeir\u00e3o Preto, suspeito de furto de 50 placas solares em uma fazenda de caf\u00e9, em Pedregulho. O crime ocorreu na noite do s\u00e1bado (19) e as placas s\u00e3o avaliadas em R$ 100 mil. De\u2026","rel":"","context":"In &quot;Not\u00edcias de Ribeir\u00e3o Preto-SP e Regi\u00e3o&quot;","block_context":{"text":"Not\u00edcias de Ribeir\u00e3o Preto-SP e Regi\u00e3o","link":"https:\/\/noticiasribeiraopreto.com.br\/index.php\/category\/noticias-de-ribeirao-preto-sp-e-regiao-ismael-colosi\/"},"img":{"alt_text":"","src":"https:\/\/i0.wp.com\/noticiasribeiraopreto.com.br\/wp-content\/uploads\/2025\/07\/WhatsApp-Image-2025-07-21-at-09.16.12_2025-07-21_14-57-09.webp.webp?fit=1200%2C900&ssl=1&resize=350%2C200","width":350,"height":200,"srcset":"https:\/\/i0.wp.com\/noticiasribeiraopreto.com.br\/wp-content\/uploads\/2025\/07\/WhatsApp-Image-2025-07-21-at-09.16.12_2025-07-21_14-57-09.webp.webp?fit=1200%2C900&ssl=1&resize=350%2C200 1x, https:\/\/i0.wp.com\/noticiasribeiraopreto.com.br\/wp-content\/uploads\/2025\/07\/WhatsApp-Image-2025-07-21-at-09.16.12_2025-07-21_14-57-09.webp.webp?fit=1200%2C900&ssl=1&resize=525%2C300 1.5x, https:\/\/i0.wp.com\/noticiasribeiraopreto.com.br\/wp-content\/uploads\/2025\/07\/WhatsApp-Image-2025-07-21-at-09.16.12_2025-07-21_14-57-09.webp.webp?fit=1200%2C900&ssl=1&resize=700%2C400 2x, https:\/\/i0.wp.com\/noticiasribeiraopreto.com.br\/wp-content\/uploads\/2025\/07\/WhatsApp-Image-2025-07-21-at-09.16.12_2025-07-21_14-57-09.webp.webp?fit=1200%2C900&ssl=1&resize=1050%2C600 3x"},"classes":[]},{"id":81526,"url":"https:\/\/noticiasribeiraopreto.com.br\/index.php\/2026\/01\/08\/baep-recupera-bike-de-r-100-mil\/","url_meta":{"origin":46365,"position":1},"title":"BAEP recupera bike de R$ 100 mil","author":"noticiasribeiraopreto.com.br","date":"8 de January de 2026","format":false,"excerpt":"\r Bicicleta havia sido furtada de atleta da Sele\u00e7\u00e3o Brasileira de Ciclismo\r \r 8 de janeiro de 2026 10:36 \r Compartilhar1 Por: Adalberto Luque \u2013 Uma bicicleta avaliada em R$ 100 mil e que havia sido furtada, foi recuperada na noite desta ter\u00e7a-feira (6). O Batalh\u00e3o de A\u00e7\u00f5es Especiais de\u2026","rel":"","context":"In &quot;Not\u00edcias de Ribeir\u00e3o Preto-SP e Regi\u00e3o&quot;","block_context":{"text":"Not\u00edcias de Ribeir\u00e3o Preto-SP e Regi\u00e3o","link":"https:\/\/noticiasribeiraopreto.com.br\/index.php\/category\/noticias-de-ribeirao-preto-sp-e-regiao-ismael-colosi\/"},"img":{"alt_text":"","src":"https:\/\/i0.wp.com\/noticiasribeiraopreto.com.br\/wp-content\/uploads\/2026\/01\/08-jan-2025-bikerecuperada1.jpg?fit=960%2C540&ssl=1&resize=350%2C200","width":350,"height":200,"srcset":"https:\/\/i0.wp.com\/noticiasribeiraopreto.com.br\/wp-content\/uploads\/2026\/01\/08-jan-2025-bikerecuperada1.jpg?fit=960%2C540&ssl=1&resize=350%2C200 1x, https:\/\/i0.wp.com\/noticiasribeiraopreto.com.br\/wp-content\/uploads\/2026\/01\/08-jan-2025-bikerecuperada1.jpg?fit=960%2C540&ssl=1&resize=525%2C300 1.5x, https:\/\/i0.wp.com\/noticiasribeiraopreto.com.br\/wp-content\/uploads\/2026\/01\/08-jan-2025-bikerecuperada1.jpg?fit=960%2C540&ssl=1&resize=700%2C400 2x"},"classes":[]},{"id":62046,"url":"https:\/\/noticiasribeiraopreto.com.br\/index.php\/2025\/01\/02\/ladroes-levam-100-mil-dolares-e-joias-avaliadas-em-r-4-milhoes-de-casa-em-ribeirao-preto\/","url_meta":{"origin":46365,"position":2},"title":"Ladr\u00f5es levam 100 mil d\u00f3lares e joias avaliadas em R$ 4 milh\u00f5es de casa em Ribeir\u00e3o Preto","author":"noticiasribeiraopreto.com.br","date":"2 de January de 2025","format":false,"excerpt":"Ladr\u00f5es invadiram uma casa e levaram 100 mil d\u00f3lares em dinheiro e uma maleta com joias avaliadas em R$ 4 milh\u00f5es de uma casa no Alto da Boa Vista, na zona Sul de Ribeir\u00e3o Preto. Segundo o BO (boletim de ocorr\u00eancia), o crime aconteceu na manh\u00e3 da \u00faltima ter\u00e7a-feira (31).\u2026","rel":"","context":"In &quot;Not\u00edcias de Ribeir\u00e3o Preto-SP e Regi\u00e3o&quot;","block_context":{"text":"Not\u00edcias de Ribeir\u00e3o Preto-SP e Regi\u00e3o","link":"https:\/\/noticiasribeiraopreto.com.br\/index.php\/category\/noticias-de-ribeirao-preto-sp-e-regiao-ismael-colosi\/"},"img":{"alt_text":"","src":"https:\/\/i0.wp.com\/noticiasribeiraopreto.com.br\/wp-content\/uploads\/2025\/01\/HomemmorreapscairdeandaimeenquantotrabalhavaemRibeiroPreto_Tamanho_2_image.jpg?fit=1200%2C900&ssl=1&resize=350%2C200","width":350,"height":200,"srcset":"https:\/\/i0.wp.com\/noticiasribeiraopreto.com.br\/wp-content\/uploads\/2025\/01\/HomemmorreapscairdeandaimeenquantotrabalhavaemRibeiroPreto_Tamanho_2_image.jpg?fit=1200%2C900&ssl=1&resize=350%2C200 1x, https:\/\/i0.wp.com\/noticiasribeiraopreto.com.br\/wp-content\/uploads\/2025\/01\/HomemmorreapscairdeandaimeenquantotrabalhavaemRibeiroPreto_Tamanho_2_image.jpg?fit=1200%2C900&ssl=1&resize=525%2C300 1.5x, https:\/\/i0.wp.com\/noticiasribeiraopreto.com.br\/wp-content\/uploads\/2025\/01\/HomemmorreapscairdeandaimeenquantotrabalhavaemRibeiroPreto_Tamanho_2_image.jpg?fit=1200%2C900&ssl=1&resize=700%2C400 2x, https:\/\/i0.wp.com\/noticiasribeiraopreto.com.br\/wp-content\/uploads\/2025\/01\/HomemmorreapscairdeandaimeenquantotrabalhavaemRibeiroPreto_Tamanho_2_image.jpg?fit=1200%2C900&ssl=1&resize=1050%2C600 3x"},"classes":[]},{"id":81829,"url":"https:\/\/noticiasribeiraopreto.com.br\/index.php\/2026\/01\/27\/empresaria-tranca-suspeito-de-furto-na-empresa-ate-chegada-da-pm\/","url_meta":{"origin":46365,"position":3},"title":"Empres\u00e1ria tranca suspeito de furto na empresa at\u00e9 chegada da PM","author":"noticiasribeiraopreto.com.br","date":"27 de January de 2026","format":false,"excerpt":"\r Homem ficou trancado no vesti\u00e1rio da empresa e foi encontrado com pe\u00e7as avaliadas em R$ 6 mil\r \r 26 de janeiro de 2026 10:4826 de janeiro de 2026 11:00 \r Compartilhar3 Por: Adalberto Luque \u2013 Um homem de 46 anos foi preso, ap\u00f3s ser trancado pela dona de uma\u2026","rel":"","context":"In &quot;Not\u00edcias de Ribeir\u00e3o Preto-SP e Regi\u00e3o&quot;","block_context":{"text":"Not\u00edcias de Ribeir\u00e3o Preto-SP e Regi\u00e3o","link":"https:\/\/noticiasribeiraopreto.com.br\/index.php\/category\/noticias-de-ribeirao-preto-sp-e-regiao-ismael-colosi\/"},"img":{"alt_text":"","src":"https:\/\/i0.wp.com\/noticiasribeiraopreto.com.br\/wp-content\/uploads\/2026\/01\/CPJ-Fachada-07-2025-01-Foto-Alfredo-Risk-e1752593364815.jpg?fit=1200%2C900&ssl=1&resize=350%2C200","width":350,"height":200,"srcset":"https:\/\/i0.wp.com\/noticiasribeiraopreto.com.br\/wp-content\/uploads\/2026\/01\/CPJ-Fachada-07-2025-01-Foto-Alfredo-Risk-e1752593364815.jpg?fit=1200%2C900&ssl=1&resize=350%2C200 1x, https:\/\/i0.wp.com\/noticiasribeiraopreto.com.br\/wp-content\/uploads\/2026\/01\/CPJ-Fachada-07-2025-01-Foto-Alfredo-Risk-e1752593364815.jpg?fit=1200%2C900&ssl=1&resize=525%2C300 1.5x, https:\/\/i0.wp.com\/noticiasribeiraopreto.com.br\/wp-content\/uploads\/2026\/01\/CPJ-Fachada-07-2025-01-Foto-Alfredo-Risk-e1752593364815.jpg?fit=1200%2C900&ssl=1&resize=700%2C400 2x, https:\/\/i0.wp.com\/noticiasribeiraopreto.com.br\/wp-content\/uploads\/2026\/01\/CPJ-Fachada-07-2025-01-Foto-Alfredo-Risk-e1752593364815.jpg?fit=1200%2C900&ssl=1&resize=1050%2C600 3x"},"classes":[]},{"id":80652,"url":"https:\/\/noticiasribeiraopreto.com.br\/index.php\/2025\/12\/09\/video-ladroes-roubam-r-440-mil-em-joias-na-zona-norte\/","url_meta":{"origin":46365,"position":4},"title":"V\u00cdDEO &#8211; Ladr\u00f5es roubam R$ 440 mil em joias na zona Norte","author":"noticiasribeiraopreto.com.br","date":"9 de December de 2025","format":false,"excerpt":"\r \r \r Pe\u00e7as eram consignadas e estavam com professora que foi abordada por dois homens, um deles armados, que chegaram em uma moto\r \r 9 de dezembro de 2025 10:349 de dezembro de 2025 10:35 \r Compartilhar2 \r Por: Adalberto Luque \u2013 Dois homens, um deles armados, levaram um\u2026","rel":"","context":"In &quot;Not\u00edcias de Ribeir\u00e3o Preto-SP e Regi\u00e3o&quot;","block_context":{"text":"Not\u00edcias de Ribeir\u00e3o Preto-SP e Regi\u00e3o","link":"https:\/\/noticiasribeiraopreto.com.br\/index.php\/category\/noticias-de-ribeirao-preto-sp-e-regiao-ismael-colosi\/"},"img":{"alt_text":"","src":"https:\/\/i0.wp.com\/noticiasribeiraopreto.com.br\/wp-content\/uploads\/2025\/12\/09-dez-2025-roubojoias-scaled.jpg?fit=1200%2C666&ssl=1&resize=350%2C200","width":350,"height":200,"srcset":"https:\/\/i0.wp.com\/noticiasribeiraopreto.com.br\/wp-content\/uploads\/2025\/12\/09-dez-2025-roubojoias-scaled.jpg?fit=1200%2C666&ssl=1&resize=350%2C200 1x, https:\/\/i0.wp.com\/noticiasribeiraopreto.com.br\/wp-content\/uploads\/2025\/12\/09-dez-2025-roubojoias-scaled.jpg?fit=1200%2C666&ssl=1&resize=525%2C300 1.5x, https:\/\/i0.wp.com\/noticiasribeiraopreto.com.br\/wp-content\/uploads\/2025\/12\/09-dez-2025-roubojoias-scaled.jpg?fit=1200%2C666&ssl=1&resize=700%2C400 2x, https:\/\/i0.wp.com\/noticiasribeiraopreto.com.br\/wp-content\/uploads\/2025\/12\/09-dez-2025-roubojoias-scaled.jpg?fit=1200%2C666&ssl=1&resize=1050%2C600 3x"},"classes":[]},{"id":62104,"url":"https:\/\/noticiasribeiraopreto.com.br\/index.php\/2025\/01\/03\/empresario-e-faxineira-quem-sao-os-suspeitos-de-roubo-milionario-em-ribeirao-preto\/","url_meta":{"origin":46365,"position":5},"title":"Empres\u00e1rio e faxineira: Quem s\u00e3o os suspeitos de roubo milion\u00e1rio em Ribeir\u00e3o Preto","author":"noticiasribeiraopreto.com.br","date":"3 de January de 2025","format":false,"excerpt":"A Pol\u00edcia Civil realizou, no final da manh\u00e3 desta sexta-feira (3), uma coletiva de imprensa para divulgar mais detalhes sobre o roubo de 600 mil d\u00f3lares e uma maleta com joias avaliadas em R$ 4 milh\u00f5es, na zona Sul de Ribeir\u00e3o Preto. Entre os suspeitos que foram presos est\u00e3o o\u2026","rel":"","context":"In &quot;Not\u00edcias de Ribeir\u00e3o Preto-SP e Regi\u00e3o&quot;","block_context":{"text":"Not\u00edcias de Ribeir\u00e3o Preto-SP e Regi\u00e3o","link":"https:\/\/noticiasribeiraopreto.com.br\/index.php\/category\/noticias-de-ribeirao-preto-sp-e-regiao-ismael-colosi\/"},"img":{"alt_text":"","src":"https:\/\/i0.wp.com\/noticiasribeiraopreto.com.br\/wp-content\/uploads\/2025\/01\/WhatsApp-Image-2025-01-02-at-18.39.58_2025-01-02_22-03-57_jpeg_2025-01-02_22-03-59-scaled-e1735855462382.webp.webp?fit=1200%2C900&ssl=1&resize=350%2C200","width":350,"height":200,"srcset":"https:\/\/i0.wp.com\/noticiasribeiraopreto.com.br\/wp-content\/uploads\/2025\/01\/WhatsApp-Image-2025-01-02-at-18.39.58_2025-01-02_22-03-57_jpeg_2025-01-02_22-03-59-scaled-e1735855462382.webp.webp?fit=1200%2C900&ssl=1&resize=350%2C200 1x, https:\/\/i0.wp.com\/noticiasribeiraopreto.com.br\/wp-content\/uploads\/2025\/01\/WhatsApp-Image-2025-01-02-at-18.39.58_2025-01-02_22-03-57_jpeg_2025-01-02_22-03-59-scaled-e1735855462382.webp.webp?fit=1200%2C900&ssl=1&resize=525%2C300 1.5x, https:\/\/i0.wp.com\/noticiasribeiraopreto.com.br\/wp-content\/uploads\/2025\/01\/WhatsApp-Image-2025-01-02-at-18.39.58_2025-01-02_22-03-57_jpeg_2025-01-02_22-03-59-scaled-e1735855462382.webp.webp?fit=1200%2C900&ssl=1&resize=700%2C400 2x, https:\/\/i0.wp.com\/noticiasribeiraopreto.com.br\/wp-content\/uploads\/2025\/01\/WhatsApp-Image-2025-01-02-at-18.39.58_2025-01-02_22-03-57_jpeg_2025-01-02_22-03-59-scaled-e1735855462382.webp.webp?fit=1200%2C900&ssl=1&resize=1050%2C600 3x"},"classes":[]}],"jetpack_sharing_enabled":true,"jetpack_shortlink":"https:\/\/wp.me\/peQAOb-c3P","_links":{"self":[{"href":"https:\/\/noticiasribeiraopreto.com.br\/index.php\/wp-json\/wp\/v2\/posts\/46365","targetHints":{"allow":["GET"]}}],"collection":[{"href":"https:\/\/noticiasribeiraopreto.com.br\/index.php\/wp-json\/wp\/v2\/posts"}],"about":[{"href":"https:\/\/noticiasribeiraopreto.com.br\/index.php\/wp-json\/wp\/v2\/types\/post"}],"author":[{"embeddable":true,"href":"https:\/\/noticiasribeiraopreto.com.br\/index.php\/wp-json\/wp\/v2\/users\/1"}],"replies":[{"embeddable":true,"href":"https:\/\/noticiasribeiraopreto.com.br\/index.php\/wp-json\/wp\/v2\/comments?post=46365"}],"version-history":[{"count":0,"href":"https:\/\/noticiasribeiraopreto.com.br\/index.php\/wp-json\/wp\/v2\/posts\/46365\/revisions"}],"wp:featuredmedia":[{"embeddable":true,"href":"https:\/\/noticiasribeiraopreto.com.br\/index.php\/wp-json\/wp\/v2\/media\/46366"}],"wp:attachment":[{"href":"https:\/\/noticiasribeiraopreto.com.br\/index.php\/wp-json\/wp\/v2\/media?parent=46365"}],"wp:term":[{"taxonomy":"category","embeddable":true,"href":"https:\/\/noticiasribeiraopreto.com.br\/index.php\/wp-json\/wp\/v2\/categories?post=46365"},{"taxonomy":"post_tag","embeddable":true,"href":"https:\/\/noticiasribeiraopreto.com.br\/index.php\/wp-json\/wp\/v2\/tags?post=46365"}],"curies":[{"name":"wp","href":"https:\/\/api.w.org\/{rel}","templated":true}]}}