{"id":46382,"date":"2024-04-11T12:00:04","date_gmt":"2024-04-11T15:00:04","guid":{"rendered":"https:\/\/noticiasribeiraopreto.com.br\/index.php\/2024\/04\/11\/plataforma-oferece-curso-online-de-libras-gratuito-e-com-certificado\/"},"modified":"2024-04-11T12:00:04","modified_gmt":"2024-04-11T15:00:04","slug":"plataforma-oferece-curso-online-de-libras-gratuito-e-com-certificado","status":"publish","type":"post","link":"https:\/\/noticiasribeiraopreto.com.br\/index.php\/2024\/04\/11\/plataforma-oferece-curso-online-de-libras-gratuito-e-com-certificado\/","title":{"rendered":"Plataforma oferece curso online de Libras gratuito e com certificado"},"content":{"rendered":"<p> <br \/>\n<\/p>\n<div>\n<p>Aprender a L\u00edngua Brasileira de Sinais (Libras) n\u00e3o \u00e9 apenas uma quest\u00e3o de adquirir uma nova habilidade lingu\u00edstica, \u00e9 um passo importante para a inclus\u00e3o, o respeito e a acessibilidade. Com o crescente reconhecimento da import\u00e2ncia da comunica\u00e7\u00e3o inclusiva, um curso online gratuito de Libras surge como uma excelente oportunidade para todos que desejam se capacitar e se conectar mais efetivamente com a comunidade surda.<\/p>\n<h2>Por que aprender Libras?<\/h2>\n<p>Libras \u00e9 mais do que apenas um idioma; \u00e9 uma ferramenta essencial para a inclus\u00e3o social. Ao aprender Libras, voc\u00ea se habilita a romper barreiras comunicativas, contribuindo para uma sociedade mais acess\u00edvel e igualit\u00e1ria.<\/p>\n<h2>Sobre o curso<\/h2>\n<p>Este curso compreende uma jornada extensiva atrav\u00e9s de 70 v\u00eddeos e 60 aulas detalhadas, totalizando 20 horas de conte\u00fado enriquecedor. Destinado a quem deseja iniciar ou aprofundar seus conhecimentos em Libras, o curso abrange desde os conceitos b\u00e1sicos e nomenclaturas at\u00e9 sinais utilizados no cotidiano, incluindo vocabul\u00e1rio sobre objetos, locais, al\u00e9m de estruturas lingu\u00edsticas mais complexas como verbos, adjetivos, substantivos e classificadores.<\/p>\n<h2>Certifica\u00e7\u00e3o gratuita<\/h2>\n<p>Um dos grandes atrativos deste curso \u00e9 a certifica\u00e7\u00e3o gratuita fornecida ao concluir o programa. Este certificado \u00e9 um excelente adicional ao seu curr\u00edculo, evidenciando seu compromisso com a aprendizagem cont\u00ednua e com a inclus\u00e3o social.<\/p>\n<h2>Como se inscrever<\/h2>\n<p>Pronto para come\u00e7ar sua jornada no aprendizado de Libras e fazer a diferen\u00e7a no mundo ao seu redor? A inscri\u00e7\u00e3o \u00e9 simples e gratuita. Acesse o curso<a href=\"https:\/\/kultivi.com\/cursos\/idiomas\/libras-pratica-e-inclusao\" target=\"_blank\" rel=\"noopener\"><strong> [POR ESTE LINK]<\/strong>,<\/a> registre-se e voc\u00ea estar\u00e1 no caminho para se tornar um comunicador mais inclusivo.<\/p>\n<p>Este curso \u00e9 uma oportunidade imperd\u00edvel para estudantes, profissionais e qualquer pessoa interessada em expandir suas habilidades comunicativas e promover a inclus\u00e3o. <strong>Inscreva-se hoje<\/strong> e comece a aprender Libras de uma maneira pr\u00e1tica e acess\u00edvel!<\/p>\n<h2>Veduca \u2013 Cursos online gratuitos de professores USP e outras institui\u00e7\u00f5es renomadas<\/h2>\n<p>O Veduca \u00e9 um site que j\u00e1 ultrapassou mais de 4 milh\u00f5es de alunos e oferece cursos online gratuitos com professores da USP e profissionais de mercado. S\u00e3o cursos que far\u00e3o a diferen\u00e7a na sua carreira, pois combinam conceitos fundamentais dos mais diferentes assuntos com exemplos pr\u00e1ticos e depoimentos.<\/p>\n<ol>\n<li><strong>ChatGPT:\u00a0<\/strong>Esse curso ensina conceitos essenciais do Chat GPT para melhorar seu entendimento e dar um UP na carreira.<\/li>\n<li><strong>Espanhol:<\/strong>\u00a0Esse curso ensina conceitos essenciais do espanhol para melhorar seu entendimento e dar um UP na carreira.<\/li>\n<li><strong>Ingl\u00eas:\u00a0<\/strong>compreende os conceitos essenciais do ingl\u00eas, voc\u00ea ir\u00e1 aprender sobre o verbo to be, dias da semana, n\u00fameros, continentes, pa\u00edses, nacionalidades, vocabul\u00e1rio, frases, adjetivos, sentimentos, imperativo e at\u00e9 sobre empregos.<\/li>\n<li><strong>Fundamentos da Administra\u00e7\u00e3o:<\/strong>\u00a0voc\u00ea ir\u00e1 aprender conceitos e metodologias para colocar na pr\u00e1tica o melhor da fun\u00e7\u00e3o administrativa, planejamento, organiza\u00e7\u00e3o, dire\u00e7\u00e3o e controle, casos de sucesso no Brasil, no mundo e muito mais.<\/li>\n<li><strong>Gest\u00e3o de Projetos:<\/strong>\u00a0nesse curso, voc\u00ea aprender\u00e1 gest\u00e3o de stakeholders. Como administrar o escopo de um projeto. M\u00e9todos de an\u00e1lise de um projeto. Como fazer um planejamento excelente.<\/li>\n<li><strong>Engenharia Econ\u00f4mica:<\/strong>\u00a0voc\u00ea ir\u00e1 aprender sobre juros.Taxa de mercado. Dinheiro no tempo. Sistema de amortiza\u00e7\u00e3o de financiamento. Payback e VPL. Taxa interna de retorno.Op\u00e7\u00f5es e fechamento. Estimativa do custo de capital. Modelando um projeto de gera\u00e7\u00e3o de energia e\u00f3lica.<\/li>\n<li><strong>Gest\u00e3o da Inova\u00e7\u00e3o:<\/strong>\u00a0voc\u00ea aprender\u00e1 sobre o\u00a0que \u00e9 inova\u00e7\u00e3o, princ\u00edpios da criatividade, financiamento de ideias, lean startup, gerenciamento de incertezas.<\/li>\n<li><strong>Desenvolvimento de Produtos e Servi\u00e7os:\u00a0<\/strong>A cria\u00e7\u00e3o de um novo produto ou servi\u00e7o requer estrat\u00e9gia, organiza\u00e7\u00e3o e planejamento. Saiba neste curso quais as etapas, atividades e m\u00e9todos para desenvolver novos produtos e servi\u00e7os desde a sua concep\u00e7\u00e3o at\u00e9 o primeiro contato com o cliente.<\/li>\n<li><strong>Eletromagnetismo:<\/strong>\u00a0O curso online gratuito compreende os conceitos b\u00e1sicos de eletromagnetismo, o conceito de cargas e de como elas interagem entre si, o movimento de carga denominado corrente el\u00e9trica, as leis b\u00e1sicas da corrente el\u00e9trica, o circuito onde elas percorrem e o conceito de magnetismo. O objetivo do curso \u00e9 mostrar a conex\u00e3o entre a eletricidade e o magnetismo em uma unifica\u00e7\u00e3o atrav\u00e9s das equa\u00e7\u00f5es de Maxwell.<\/li>\n<li><strong>F\u00edsica B\u00e1sica:<\/strong>\u00a0O curso online de F\u00edsica B\u00e1sica, ministrado pelo professor doutor Vanderlei Salvador Bagnato, traz um estudo te\u00f3rico e pr\u00e1tico sobre o movimento, as leis de Newton, energia, a evolu\u00e7\u00e3o no tempo e seus deslocamentos sob a a\u00e7\u00e3o de for\u00e7as e seus efeitos subsequentes sobre seu ambiente. O curso traz uma vis\u00e3o aprofundada e precisa, com descri\u00e7\u00e3o das fun\u00e7\u00f5es matem\u00e1ticas da f\u00edsica, seu prop\u00f3sito e aplica\u00e7\u00e3o, com exemplos trazidos do mundo real.<\/li>\n<li><strong>Gest\u00e3o Ambiental:<\/strong>\u00a0Conhec\u0327a os fundamentos que orientam a implementac\u0327a\u0303o de poli\u0301ticas de meio ambiente e sistemas de gesta\u0303o ambiental no contexto da gesta\u0303o da sustentabilidade empresarial. Entenda como acontecem as relac\u0327o\u0303es entre as esferas pu\u0301blica e privada da gesta\u0303o ambiental no Brasil.<\/li>\n<li><strong>Medicina do Sono:<\/strong>\u00a0O curso online gratuito trata de diversos aspectos relacionado ao sono. Com uma vis\u00e3o cient\u00edfica e psicol\u00f3gica, o curso aborda os principais transtornos do sono, com enfoque pr\u00e1tico para os interessados na \u00e1rea da medicina do sono. O curso \u00e9 voltado para estudantes de medicina, fisioterapia, enfermagem e toda \u00e1rea de ci\u00eancias biol\u00f3gicas, al\u00e9m das pessoas que se interessam em entender os transtornos do sono, fen\u00f4meno que afeta mais de 33% da popula\u00e7\u00e3o.<\/li>\n<li><strong>Ecoinova\u00e7\u00e3o:<\/strong>\u00a0Neste curso voc\u00ea ver\u00e1 conte\u00fados relacionados a sustentabilidade e gest\u00e3o ambiental, ser\u00e1 abordado alguns conceitos e aplica\u00e7\u00f5es para a \u00e1rea de engenharia e inova\u00e7\u00e3o. Entre os assuntos discutidos est\u00e3o as \u201cpegadas ecol\u00f3gicas\u201d, gest\u00e3o e avalia\u00e7\u00e3o do ciclo de vida e novas tecnologias em energia.<\/li>\n<li><strong>Coronav\u00edrus:<\/strong>\u00a0Este curso, produzido pela Faculdade de Medicina de Ribeir\u00e3o Preto USP e disponibilizado gratuitamente pelo Veduca, tem como objetivo informar toda a SOCIEDADE sobre a pandemia do coronav\u00edrus (SARS-CoV-2). O Brasil est\u00e1 reduzindo suas atividades e todos devemos saber o PORQU\u00ca que essas medidas s\u00e3o necess\u00e1rias e COMO podemos contribuir para minimizar a dissemina\u00e7\u00e3o da doen\u00e7a no pa\u00eds. S\u00e3o quatro m\u00f3dulos curtos e bem simples. Esperamos que este curso ajude voc\u00ea a entender melhor o que est\u00e1 acontecendo, sendo uma fonte segura e confi\u00e1vel de informa\u00e7\u00e3o sobre o coronav\u00edrus para seus amigos, familiares e contatos.<\/li>\n<li><strong>Ecologia Industrial:<\/strong>\u00a0Neste curso apresentamos a defini\u00e7\u00e3o do conceito de P+L (Produ\u00e7\u00e3o Mais Limpa) e o roteiro para a sua aplica\u00e7\u00e3o e seus indicadores de desempenho numa empresa. Ao final do curso voc\u00ea ter\u00e1 uma vis\u00e3o n\u00e3o apenas da Ecologia Industrial, mas de alternativas para desenvolver processos produtivos mais limpos.<\/li>\n<li><strong>Metodologia Cient\u00edfica:<\/strong>\u00a0Metodologia cient\u00edfica \u00e9 um conjunto de t\u00e9cnicas e processos empregados para a pesquisa e a formula\u00e7\u00e3o de uma produ\u00e7\u00e3o cient\u00edfica. Aprenda a elaborar um trabalho de conclus\u00e3o de curso (TCC), e saiba como selecionar um tema, definir objetivos, identificar e descrever um problema, fundamentar sua argumenta\u00e7\u00e3o com base em trabalhos de outros autores, coletar e analisar dados e como apresentar resultados e conclus\u00f5es de forma concisa e clara.<\/li>\n<li><strong>Probabilidade e Estat\u00edstica:<\/strong>\u00a0Neste curso online gratuito voc\u00ea ver\u00e1 como o c\u00e1lculo de probabilidade \u00e9 uma importante ferramenta estat\u00edstica e como trata de situa\u00e7\u00f5es que n\u00e3o s\u00e3o totalmente previs\u00edveis. Esse conhecimento \u00e9 fundamental para interpretar resultados obtidos pelos m\u00e9todos estat\u00edsticos e pode ser aplicado de diversas formas no dia a dia.<\/li>\n<li><strong>Planejamento Estrat\u00e9gico:<\/strong>\u00a0voc\u00ea ir\u00e1 aprender conceitos e ferramentas da estrat\u00e9gia empresarial para utiliz\u00e1-los em suas organiza\u00e7\u00f5es, construindo um planejamento estrat\u00e9gico de neg\u00f3cio adequado a din\u00e2mica do mercado em que se encontram e um acompanhamento alinhado com as ferramentas de gest\u00e3o mais utilizadas.<\/li>\n<li><strong>LGBTQIA+ Conceitos e Hist\u00f3rias:<\/strong>\u00a0O curso oferece uma vis\u00e3o geral sobre quest\u00f5es que envolvem a sexualidade humana e a identidade de g\u00eanero. S\u00e3o apresentados conceitos e informa\u00e7\u00f5es sobre quatro caracter\u00edsticas \u2013 Sexo Biol\u00f3gico, Identidade de G\u00eanero, Express\u00e3o de G\u00eanero e Orienta\u00e7\u00e3o Afetivo-sexual \u2013 e tamb\u00e9m sobre o significado da sigla LGBT+. As hist\u00f3rias de vida s\u00e3o um convite para que voc\u00ea amplie seu olhar de mundo. Esses v\u00eddeos contam com a participa\u00e7\u00e3o de colaboradores do Veduca, da Serasa e tamb\u00e9m de convidados e convidadas que compartilham suas experi\u00eancias e vis\u00f5es.<\/li>\n<\/ol>\n<h2>Inscri\u00e7\u00e3o Cursos Online Gratuitos Veduca<\/h2>\n<p>Para se inscrever nos cursos da Veduca:\u00a0<strong>[Acesse aqui]<\/strong><\/p>\n<p><!-- CONTENT END 1 --><\/p>\n<p><!-- #comments --><\/p>\n<\/div>\n<p><script>\n                    (function(d, s, id) {\n                        var js, fjs = d.getElementsByTagName(s)[0];\n                        if (d.getElementById(id)) return;\n                        js = d.createElement(s);\n                        js.id = id;\n                        js.src = \"\/\/connect.facebook.net\/pt_PT\/sdk.js#xfbml=1&version=v2.5\";\n                        fjs.parentNode.insertBefore(js, fjs);\n                    }(document, 'script', 'facebook-jssdk'));\n                <\/script><script type=\"text\/javascript\">\n\t    (function(d){\n\t        var js, id = 'facebook-jssdk', ref = d.getElementsByTagName('script')[0];\n\t        if (d.getElementById(id)) {return;}\n\t        js = d.createElement('script'); js.id = id; js.async = true;\n\t        js.src = \"https:\/\/connect.facebook.net\/en_US\/all.js\";\n\t        ref.parentNode.insertBefore(js, ref);\n\t    }(document));\n\t    window.fbAsyncInit = function() {\n\t      \t\tFB.init({\n\t            \tappId: facebook_app_ID,\n\t            \tstatus: true,\n\t            \tcookie: true,\n\t            \txfbml: true\n\t        \t});  \n\t    };\n\t\tfunction login() {\n\t\t\tFB.login(function(response) {\n\t\t\t\tFB.api('\/me', { locale: 'en_US', fields: 'name, email' },\n\t\t\t\t\tfunction(response2) {\n\t\t\t\t\t\tif (typeof response2.error == 'undefined') {\n\t\t\t\t\t\t\tjQuery(document).ready(function($){'use strict';\n      \t\t\t\t\t\/\/console.log(response2);\n\t\t\t\t\t\t\t\t$.ajax({\n\t\t\t\t\t\t\t        type: 'POST',\n\t\t\t\t\t\t\t        dataType: 'json',\n\t\t\t\t\t\t\t        url: ajax_object.ajaxurl,\n\t\t\t\t\t\t\t        data: { \n\t\t\t\t\t\t\t            'action': 'ajaxfacebooklogin', \/\/calls wp_ajax_nopriv_ajaxlogin\n\t\t\t\t\t\t\t            'id_token': response.authResponse.accessToken,\n\t\t\t\t\t\t\t            'useremail': response2.email,\n\t\t\t\t\t\t\t            'username': response2.name,\n\t\t\t\t\t\t\t            'security': $( 'form#login #security2').val() },\n\t\t\t\t\t\t\t        success: function(data){\n\t\t\t\t\t\t\t            \/\/$('form#login div.login-error').text(data.message);\n\t\t\t\t\t\t\t            if (data.loggedin == true){\n      \t\t\t\t\t\t\t\t\t\t\t\t$('form#login div.login-error').removeClass('alert-danger').addClass('alert-success');\n      \t\t\t\t\t\t\t\t\t\t\t\t$('form#login div.login-error').text(data.message);\n\t\t\t\t\t\t\t                document.location.href = ajax_object.redirecturl;\n\t\t\t\t\t\t\t            }else{\n      \t\t\t\t\t\t\t\t\t\t\t\t$('form#login div.login-error').removeClass('alert-success').addClass('alert-danger');\n      \t\t\t\t\t\t\t\t\t\t\t\t$('form#login div.login-error').text(data.message);\n      \t\t\t\t\t\t\t\t\t\t}\n\t\t\t\t\t\t\t            if($('.login-error').text() == ''){\n\t\t\t\t\t\t\t                $('form#login div.login-error').hide();\n\t\t\t\t\t\t\t            }else{\n\t\t\t\t\t\t\t                $('form#login div.login-error').show();\n\t\t\t\t\t\t\t            }\n\t\t\t\t\t\t\t        }\n\t\t\t\t\t\t\t    });\n\t\t\t\t\t\t    });\n\t\t\t\t\t\t\t\/\/ console.log('FB Login Working!');\n\t\t\t\t\t\t\t\/\/ console.log(response2);\n\t\t\t\t\t\t}else{\n\t\t\t\t\t\t\t\/\/ console.log('FB Login Error!');\n\t\t\t\t\t\t\t\/\/ console.log(response);\n\t\t\t\t\t\t}\n\t\t\t\t\t}\n\t\t\t\t);\n\t\t\t}, {scope: 'public_profile,user_friends,email'});    \n\t\t}\n\t<\/script><br \/>\n<br \/><br \/>\n<br \/><a href=\"https:\/\/veduca.org\/plataforma-oferece-curso-online-de-libras-gratuito-e-com-certificado\/\">Source link <\/a><\/p>\n","protected":false},"excerpt":{"rendered":"<p>Aprender a L\u00edngua Brasileira de Sinais (Libras) n\u00e3o \u00e9 apenas uma quest\u00e3o de adquirir uma nova habilidade lingu\u00edstica, \u00e9 um passo importante para a inclus\u00e3o,&#8230;<\/p>\n","protected":false},"author":1,"featured_media":46383,"comment_status":"open","ping_status":"open","sticky":false,"template":"","format":"standard","meta":{"advanced_seo_description":"","jetpack_seo_html_title":"","jetpack_seo_noindex":false,"jetpack_post_was_ever_published":false,"_jetpack_newsletter_access":"","_jetpack_dont_email_post_to_subs":false,"_jetpack_newsletter_tier_id":0,"_jetpack_memberships_contains_paywalled_content":false,"_jetpack_memberships_contains_paid_content":false,"footnotes":"","jetpack_publicize_message":"","jetpack_publicize_feature_enabled":true,"jetpack_social_post_already_shared":true,"jetpack_social_options":{"image_generator_settings":{"template":"highway","default_image_id":0,"font":"","enabled":false},"version":2}},"categories":[1],"tags":[],"class_list":["post-46382","post","type-post","status-publish","format-standard","has-post-thumbnail","hentry","category-blog"],"jetpack_publicize_connections":[],"jetpack_featured_media_url":"https:\/\/i0.wp.com\/noticiasribeiraopreto.com.br\/wp-content\/uploads\/2024\/04\/Plataforma-oferece-curso-online-de-Libras-gratuito-e-com-certificado.png?fit=1200%2C630&ssl=1","jetpack-related-posts":[{"id":21312,"url":"https:\/\/noticiasribeiraopreto.com.br\/index.php\/2023\/12\/27\/curso-de-libras-gratuito-para-criancas-e-adolescentes-em-sp-saiba-como-se-inscrever-2\/","url_meta":{"origin":46382,"position":0},"title":"Curso de Libras gratuito para crian\u00e7as e adolescentes em SP: saiba como se inscrever","author":"noticiasribeiraopreto.com.br","date":"27 de December de 2023","format":false,"excerpt":"Voc\u00ea quer aprender a se comunicar com pessoas surdas usando a L\u00edngua Brasileira de Sinais (Libras)? Se voc\u00ea tem entre 10 e 17 anos, essa \u00e9 a sua chance de participar de um curso de Libras online e gratuito oferecido pelo Governo do Estado de S\u00e3o Paulo. O curso de\u2026","rel":"","context":"In &quot;Vagas de Emprego em Ribeir\u00e3o Preto-SP&quot;","block_context":{"text":"Vagas de Emprego em Ribeir\u00e3o Preto-SP","link":"https:\/\/noticiasribeiraopreto.com.br\/index.php\/category\/empregos-classificados-vagas-trabalho\/vagas-de-empregos-em-ribeirao-preto-regiao-brasil\/"},"img":{"alt_text":"","src":"https:\/\/i0.wp.com\/noticiasribeiraopreto.com.br\/wp-content\/uploads\/2023\/12\/curso-libras.jpg?fit=1200%2C675&ssl=1&resize=350%2C200","width":350,"height":200,"srcset":"https:\/\/i0.wp.com\/noticiasribeiraopreto.com.br\/wp-content\/uploads\/2023\/12\/curso-libras.jpg?fit=1200%2C675&ssl=1&resize=350%2C200 1x, https:\/\/i0.wp.com\/noticiasribeiraopreto.com.br\/wp-content\/uploads\/2023\/12\/curso-libras.jpg?fit=1200%2C675&ssl=1&resize=525%2C300 1.5x, https:\/\/i0.wp.com\/noticiasribeiraopreto.com.br\/wp-content\/uploads\/2023\/12\/curso-libras.jpg?fit=1200%2C675&ssl=1&resize=700%2C400 2x, https:\/\/i0.wp.com\/noticiasribeiraopreto.com.br\/wp-content\/uploads\/2023\/12\/curso-libras.jpg?fit=1200%2C675&ssl=1&resize=1050%2C600 3x"},"classes":[]},{"id":22341,"url":"https:\/\/noticiasribeiraopreto.com.br\/index.php\/2023\/12\/29\/aprenda-libras-online-e-de-graca-com-o-curso-oferecido-pelo-governo-de-sp-2\/","url_meta":{"origin":46382,"position":1},"title":"Aprenda Libras online e de gra\u00e7a com o curso oferecido pelo Governo de SP","author":"noticiasribeiraopreto.com.br","date":"29 de December de 2023","format":false,"excerpt":"Voc\u00ea sabia que a Libras, a L\u00edngua Brasileira de Sinais, \u00e9 reconhecida como meio legal de comunica\u00e7\u00e3o e express\u00e3o pela Lei n\u00ba 10.436\/2002? Voc\u00ea sabia que existem mais de 10 milh\u00f5es de pessoas surdas ou com defici\u00eancia auditiva no Brasil, segundo o IBGE? Voc\u00ea sabia que aprender Libras pode ampliar\u2026","rel":"","context":"In &quot;Vagas de Emprego em Ribeir\u00e3o Preto-SP&quot;","block_context":{"text":"Vagas de Emprego em Ribeir\u00e3o Preto-SP","link":"https:\/\/noticiasribeiraopreto.com.br\/index.php\/category\/empregos-classificados-vagas-trabalho\/vagas-de-empregos-em-ribeirao-preto-regiao-brasil\/"},"img":{"alt_text":"","src":"https:\/\/i0.wp.com\/noticiasribeiraopreto.com.br\/wp-content\/uploads\/2023\/12\/1703880725_curso-libras.jpg?fit=1200%2C675&ssl=1&resize=350%2C200","width":350,"height":200,"srcset":"https:\/\/i0.wp.com\/noticiasribeiraopreto.com.br\/wp-content\/uploads\/2023\/12\/1703880725_curso-libras.jpg?fit=1200%2C675&ssl=1&resize=350%2C200 1x, https:\/\/i0.wp.com\/noticiasribeiraopreto.com.br\/wp-content\/uploads\/2023\/12\/1703880725_curso-libras.jpg?fit=1200%2C675&ssl=1&resize=525%2C300 1.5x, https:\/\/i0.wp.com\/noticiasribeiraopreto.com.br\/wp-content\/uploads\/2023\/12\/1703880725_curso-libras.jpg?fit=1200%2C675&ssl=1&resize=700%2C400 2x, https:\/\/i0.wp.com\/noticiasribeiraopreto.com.br\/wp-content\/uploads\/2023\/12\/1703880725_curso-libras.jpg?fit=1200%2C675&ssl=1&resize=1050%2C600 3x"},"classes":[]},{"id":22739,"url":"https:\/\/noticiasribeiraopreto.com.br\/index.php\/2023\/12\/30\/cursos-gratuitos-e-ead-de-ingles-espanhol-frances-libras-e-coreano-sao-ofertados-por-startup-brasileira\/","url_meta":{"origin":46382,"position":2},"title":"Cursos gratuitos e EAD de ingl\u00eas, espanhol, franc\u00eas, libras e coreano s\u00e3o ofertados por startup brasileira","author":"noticiasribeiraopreto.com.br","date":"30 de December de 2023","format":false,"excerpt":"Foto: Reprodu\u00e7\u00e3o Kultivi Segundo o site da Kultivi, muitos cursos online gratuitos est\u00e3o sendo oferecidos pela curitibana Kultivi, considerada uma das melhores plataformas de ensino do pa\u00eds. A startup do estado do Paran\u00e1 oferece cursos online gratuitos de idiomas. Al\u00e9m dos cursos de idiomas, a Kultivi oferece cursos online gratuitos\u2026","rel":"","context":"In &quot;Vagas de Emprego em Ribeir\u00e3o Preto-SP&quot;","block_context":{"text":"Vagas de Emprego em Ribeir\u00e3o Preto-SP","link":"https:\/\/noticiasribeiraopreto.com.br\/index.php\/category\/empregos-classificados-vagas-trabalho\/vagas-de-empregos-em-ribeirao-preto-regiao-brasil\/"},"img":{"alt_text":"","src":"https:\/\/i0.wp.com\/noticiasribeiraopreto.com.br\/wp-content\/uploads\/2023\/12\/kultive-guiadeti-esseeee-830x450.jpg?fit=830%2C450&ssl=1&resize=350%2C200","width":350,"height":200,"srcset":"https:\/\/i0.wp.com\/noticiasribeiraopreto.com.br\/wp-content\/uploads\/2023\/12\/kultive-guiadeti-esseeee-830x450.jpg?fit=830%2C450&ssl=1&resize=350%2C200 1x, https:\/\/i0.wp.com\/noticiasribeiraopreto.com.br\/wp-content\/uploads\/2023\/12\/kultive-guiadeti-esseeee-830x450.jpg?fit=830%2C450&ssl=1&resize=525%2C300 1.5x, https:\/\/i0.wp.com\/noticiasribeiraopreto.com.br\/wp-content\/uploads\/2023\/12\/kultive-guiadeti-esseeee-830x450.jpg?fit=830%2C450&ssl=1&resize=700%2C400 2x"},"classes":[]},{"id":8263,"url":"https:\/\/noticiasribeiraopreto.com.br\/index.php\/2023\/11\/29\/este-curso-de-libras-na-usp-e-gratuito-e-online-veja-como-fazer\/","url_meta":{"origin":46382,"position":3},"title":"Este curso de Libras na USP \u00e9 gratuito e online; veja como fazer","author":"noticiasribeiraopreto.com.br","date":"29 de November de 2023","format":false,"excerpt":"A Universidade de S\u00e3o Paulo (USP) disponibiliza gratuitamente um curso online de Libras (Linguagem Brasileira de Sinais). O curso, composto por videoaulas e por conte\u00fado te\u00f3rico e pr\u00e1tico, visa capacitar mais pessoas para se comunicarem com a comunidade surda. Cr\u00e9ditos: Depositphotos\/KucherAndreyUSP oferece curso de Libras O que \u00e9 esperado do\u2026","rel":"","context":"In &quot;Variedades&quot;","block_context":{"text":"Variedades","link":"https:\/\/noticiasribeiraopreto.com.br\/index.php\/category\/variedades\/"},"img":{"alt_text":"","src":"https:\/\/i0.wp.com\/noticiasribeiraopreto.com.br\/wp-content\/uploads\/2023\/11\/depositphotos-461844848-xl-scaled.jpg?fit=1200%2C638&ssl=1&resize=350%2C200","width":350,"height":200,"srcset":"https:\/\/i0.wp.com\/noticiasribeiraopreto.com.br\/wp-content\/uploads\/2023\/11\/depositphotos-461844848-xl-scaled.jpg?fit=1200%2C638&ssl=1&resize=350%2C200 1x, https:\/\/i0.wp.com\/noticiasribeiraopreto.com.br\/wp-content\/uploads\/2023\/11\/depositphotos-461844848-xl-scaled.jpg?fit=1200%2C638&ssl=1&resize=525%2C300 1.5x, https:\/\/i0.wp.com\/noticiasribeiraopreto.com.br\/wp-content\/uploads\/2023\/11\/depositphotos-461844848-xl-scaled.jpg?fit=1200%2C638&ssl=1&resize=700%2C400 2x, https:\/\/i0.wp.com\/noticiasribeiraopreto.com.br\/wp-content\/uploads\/2023\/11\/depositphotos-461844848-xl-scaled.jpg?fit=1200%2C638&ssl=1&resize=1050%2C600 3x"},"classes":[]},{"id":68967,"url":"https:\/\/noticiasribeiraopreto.com.br\/index.php\/2025\/04\/30\/inscricoes-para-curso-gratuito-basico-de-libras-acontecem-neste-dia-30-4\/","url_meta":{"origin":46382,"position":4},"title":"Inscri\u00e7\u00f5es para curso gratuito b\u00e1sico de libras acontecem neste dia 30\/4","author":"noticiasribeiraopreto.com.br","date":"30 de April de 2025","format":false,"excerpt":"A Secretaria de Estado dos Direitos da Pessoa com Defici\u00eancia (SEDPcD), por meio da Escola da Inclus\u00e3o, abre nesta quarta-feira (30), \u00e0s 10h, as inscri\u00e7\u00f5es para uma nova edi\u00e7\u00e3o do Curso B\u00e1sico de Libras, oferecido gratuitamente em plataforma online. Nesta fase, ser\u00e3o disponibilizadas oito turmas, cada uma com 70 vagas,\u2026","rel":"","context":"In &quot;Not\u00edcias de Franca-SP&quot;","block_context":{"text":"Not\u00edcias de Franca-SP","link":"https:\/\/noticiasribeiraopreto.com.br\/index.php\/category\/noticias-de-ribeirao-preto-sp-e-regiao-ismael-colosi\/noticias-franca-sp\/"},"img":{"alt_text":"","src":"https:\/\/i0.wp.com\/noticiasribeiraopreto.com.br\/wp-content\/uploads\/2025\/04\/Curso-de-libras-gratuito-e1730993641115.png?fit=1198%2C802&ssl=1&resize=350%2C200","width":350,"height":200,"srcset":"https:\/\/i0.wp.com\/noticiasribeiraopreto.com.br\/wp-content\/uploads\/2025\/04\/Curso-de-libras-gratuito-e1730993641115.png?fit=1198%2C802&ssl=1&resize=350%2C200 1x, https:\/\/i0.wp.com\/noticiasribeiraopreto.com.br\/wp-content\/uploads\/2025\/04\/Curso-de-libras-gratuito-e1730993641115.png?fit=1198%2C802&ssl=1&resize=525%2C300 1.5x, https:\/\/i0.wp.com\/noticiasribeiraopreto.com.br\/wp-content\/uploads\/2025\/04\/Curso-de-libras-gratuito-e1730993641115.png?fit=1198%2C802&ssl=1&resize=700%2C400 2x, https:\/\/i0.wp.com\/noticiasribeiraopreto.com.br\/wp-content\/uploads\/2025\/04\/Curso-de-libras-gratuito-e1730993641115.png?fit=1198%2C802&ssl=1&resize=1050%2C600 3x"},"classes":[]},{"id":22250,"url":"https:\/\/noticiasribeiraopreto.com.br\/index.php\/2023\/12\/29\/sp-abre-vagas-em-curso-gratuito-de-libras-para-criancas\/","url_meta":{"origin":46382,"position":5},"title":"SP abre vagas em curso gratuito de Libras para crian\u00e7as","author":"noticiasribeiraopreto.com.br","date":"29 de December de 2023","format":false,"excerpt":"O Governo do Estado de S\u00e3o Paulo vai abrir inscri\u00e7\u00f5es no dia 2 de janeiro de 2024 para curso gratuito de Libras destinado a crian\u00e7as e adolescentes. S\u00e3o 40 vagas com aulas online As aulas come\u00e7am dia 4 de janeiro e terminam em 8 de fevereiro, sempre das 14h \u00e0s\u2026","rel":"","context":"In &quot;Variedades&quot;","block_context":{"text":"Variedades","link":"https:\/\/noticiasribeiraopreto.com.br\/index.php\/category\/variedades\/"},"img":{"alt_text":"","src":"https:\/\/i0.wp.com\/noticiasribeiraopreto.com.br\/wp-content\/uploads\/2023\/12\/libras.jpg?fit=1200%2C638&ssl=1&resize=350%2C200","width":350,"height":200,"srcset":"https:\/\/i0.wp.com\/noticiasribeiraopreto.com.br\/wp-content\/uploads\/2023\/12\/libras.jpg?fit=1200%2C638&ssl=1&resize=350%2C200 1x, https:\/\/i0.wp.com\/noticiasribeiraopreto.com.br\/wp-content\/uploads\/2023\/12\/libras.jpg?fit=1200%2C638&ssl=1&resize=525%2C300 1.5x, https:\/\/i0.wp.com\/noticiasribeiraopreto.com.br\/wp-content\/uploads\/2023\/12\/libras.jpg?fit=1200%2C638&ssl=1&resize=700%2C400 2x, https:\/\/i0.wp.com\/noticiasribeiraopreto.com.br\/wp-content\/uploads\/2023\/12\/libras.jpg?fit=1200%2C638&ssl=1&resize=1050%2C600 3x"},"classes":[]}],"jetpack_sharing_enabled":true,"jetpack_shortlink":"https:\/\/wp.me\/peQAOb-c46","_links":{"self":[{"href":"https:\/\/noticiasribeiraopreto.com.br\/index.php\/wp-json\/wp\/v2\/posts\/46382","targetHints":{"allow":["GET"]}}],"collection":[{"href":"https:\/\/noticiasribeiraopreto.com.br\/index.php\/wp-json\/wp\/v2\/posts"}],"about":[{"href":"https:\/\/noticiasribeiraopreto.com.br\/index.php\/wp-json\/wp\/v2\/types\/post"}],"author":[{"embeddable":true,"href":"https:\/\/noticiasribeiraopreto.com.br\/index.php\/wp-json\/wp\/v2\/users\/1"}],"replies":[{"embeddable":true,"href":"https:\/\/noticiasribeiraopreto.com.br\/index.php\/wp-json\/wp\/v2\/comments?post=46382"}],"version-history":[{"count":0,"href":"https:\/\/noticiasribeiraopreto.com.br\/index.php\/wp-json\/wp\/v2\/posts\/46382\/revisions"}],"wp:featuredmedia":[{"embeddable":true,"href":"https:\/\/noticiasribeiraopreto.com.br\/index.php\/wp-json\/wp\/v2\/media\/46383"}],"wp:attachment":[{"href":"https:\/\/noticiasribeiraopreto.com.br\/index.php\/wp-json\/wp\/v2\/media?parent=46382"}],"wp:term":[{"taxonomy":"category","embeddable":true,"href":"https:\/\/noticiasribeiraopreto.com.br\/index.php\/wp-json\/wp\/v2\/categories?post=46382"},{"taxonomy":"post_tag","embeddable":true,"href":"https:\/\/noticiasribeiraopreto.com.br\/index.php\/wp-json\/wp\/v2\/tags?post=46382"}],"curies":[{"name":"wp","href":"https:\/\/api.w.org\/{rel}","templated":true}]}}