{"id":46388,"date":"2024-04-11T12:20:10","date_gmt":"2024-04-11T15:20:10","guid":{"rendered":"https:\/\/noticiasribeiraopreto.com.br\/index.php\/2024\/04\/11\/nomes-de-cidades-nas-placas-de-carros-podem-voltar-entenda\/"},"modified":"2024-04-11T12:20:10","modified_gmt":"2024-04-11T15:20:10","slug":"nomes-de-cidades-nas-placas-de-carros-podem-voltar-entenda","status":"publish","type":"post","link":"https:\/\/noticiasribeiraopreto.com.br\/index.php\/2024\/04\/11\/nomes-de-cidades-nas-placas-de-carros-podem-voltar-entenda\/","title":{"rendered":"Nomes de cidades nas placas de carros podem voltar? Entenda"},"content":{"rendered":"<div class='code-block code-block-1' style='margin: 8px 0 8px auto; text-align: right; display: block; clear: both;'>\n<p><a href=\"https:\/\/wa.link\/vpicfd\"><img data-recalc-dims=\"1\" class=\"wp-image-4922\" style=\"aspect-ratio: 2.0253164556962027; width: 561px; height: auto;\" src=\"https:\/\/i0.wp.com\/ismaelcolosi.com.br\/wp-content\/uploads\/2023\/11\/grupo-de-empregos-whatsapp-e-facebook-ismael-colosi-vagas.jpg?ssl=1\" alt=\"\" \/><\/a><\/p>\n<!-- \/wp:image -->\n<\/div>\n<p> <br \/>\n<\/p>\n<div>\n<p>O <strong><a href=\"https:\/\/www12.senado.leg.br\/hpsenado\" target=\"_blank\" rel=\"noreferrer noopener nofollow\">Senado <\/a><\/strong>realizou uma audi\u00eancia p\u00fablica para <mark style=\"background-color:#fcb900\" class=\"has-inline-color has-black-color\">discutir a reintrodu\u00e7\u00e3o do nome da cidade e do estado nas placas dos ve\u00edculos que circulam no Pa\u00eds.<\/mark> Segundo os participantes do debate, a proposta contribui para a seguran\u00e7a no tr\u00e2nsito e facilita a identifica\u00e7\u00e3o da frota que circula no Brasil.<\/p>\n<p>O debate foi comandado pelo senador Esperidi\u00e3o Amin (PP-SC), autor do projeto que altera o<strong> CTB (C\u00f3digo de Tr\u00e2nsito Brasileiro) <\/strong>para prever que as placas veiculares informem o munic\u00edpio e o estado no qual o ve\u00edculo est\u00e1 registrado.<\/p>\n<p><mark style=\"background-color:#fcb900\" class=\"has-inline-color has-black-color\">O parlamentar alega que o projeto n\u00e3o obriga a substitui\u00e7\u00e3o nos ve\u00edculos j\u00e1 emplacados. <\/mark>A nova regra seria v\u00e1lida para os novos emplacamentos e entraria em vigor um ano ap\u00f3s a publica\u00e7\u00e3o da lei que resultar da aprova\u00e7\u00e3o da mat\u00e9ria.<\/p>\n<h4 class=\"wp-block-heading\"><strong>Fiscaliza\u00e7\u00e3o<\/strong><\/h4>\n<p>O coordenador-geral de Seguran\u00e7a Vi\u00e1ria do<strong> Minist\u00e9rio da Justi\u00e7a<\/strong>, Jeferson Almeida Moraes, disse que <mark style=\"background-color:#fcb900\" class=\"has-inline-color has-black-color\">o registro da cidade e do estado nas placas contribui para a fiscaliza\u00e7\u00e3o nas estradas.<\/mark><\/p>\n<p>\u201cVoltar a constar informa\u00e7\u00e3o da unidade da Federa\u00e7\u00e3o e do munic\u00edpio facilita a investiga\u00e7\u00e3o da PRF [Pol\u00edcia Rodovi\u00e1ria Federal]. Quando temos que fiscalizar na abordagem, estando escrito no ve\u00edculo o munic\u00edpio, facilita a identifica\u00e7\u00e3o, a rota e a origem do ve\u00edculo\u201d, explica.<\/p>\n<p>\u201cNo caso de um ve\u00edculo de carga, o caminho que percorreu e at\u00e9 a presun\u00e7\u00e3o do tipo de carga que est\u00e1 sendo transportada. Deixar de constar a identifica\u00e7\u00e3o dificulta a sele\u00e7\u00e3o dos ve\u00edculos a serem abordados\u201d, completa Jeferson.<\/p>\n<h4 class=\"wp-block-heading\"><strong>Mercosul<\/strong><\/h4>\n<p>J\u00e1 o secret\u00e1rio da Divis\u00e3o de Coordena\u00e7\u00e3o Econ\u00f4mica e Assuntos Comerciais do Mercosul, Rodrigo Lara Pinto, afirma que o Minist\u00e9rio das Rela\u00e7\u00f5es Exteriores ainda n\u00e3o tem uma posi\u00e7\u00e3o sobre o assunto.<\/p>\n<p>Al\u00e9m disso, ele refor\u00e7a que a resolu\u00e7\u00e3o que instituiu a placa Mercosul vem sendo objeto de consulta junto aos \u00f3rg\u00e3os de tr\u00e2nsito (com informa\u00e7\u00f5es Ag\u00eancia Senado).<\/p>\n<p>SAIBA MAIS<br \/>Frente fria se aproxima do estado de SP; Veja se vai chover e esfriar nos pr\u00f3ximos dias<\/p>\n<h4 class=\"wp-block-heading\"><strong>FIQUE ON<\/strong><\/h4>\n<p>Fique ligado em tudo que acontece em Ribeir\u00e3o Preto e regi\u00e3o. Siga os perfis do <strong>acidade on<\/strong> no<a href=\"https:\/\/www.instagram.com\/acidadeonribeirao\" target=\"_blank\" rel=\"noreferrer noopener nofollow\"> Instagram<\/a> e no <a href=\"https:\/\/www.facebook.com\/acidadeonribeirao\" target=\"_blank\" rel=\"noreferrer noopener nofollow\">Facebook.<\/a><\/p>\n<p>Receba not\u00edcias do<strong> acidade on <\/strong>no WhatsApp. <a href=\"https:\/\/chat.whatsapp.com\/GFH9HUMUTHNFJdnyEd0xxq\" target=\"_blank\" rel=\"noreferrer noopener nofollow\">Para entrar no grupo, basta clicar aqui.<\/a><\/p>\n<p>Fa\u00e7a uma den\u00fancia ou sugira uma reportagem sobre Ribeir\u00e3o Preto e regi\u00e3o pelo WhatsApp: 16 99117 7802.<\/p>\n<p>VEJA TAMB\u00c9M<br \/>DPVAT vai voltar? Saiba como receber o dinheiro do seguro<\/p>\n<p><!-- AI CONTENT END 1 -->\n<\/div>\n<p><script async src=\"\/\/www.instagram.com\/embed.js\"><\/script><br \/>\n<br \/><br \/>\n<br \/><a href=\"https:\/\/www.acidadeon.com\/ribeiraopreto\/politica\/nomes-de-cidades-nas-placas-de-carros-podem-voltar-entenda\/\">Source link <\/a><\/p>\n<!-- CONTENT END 1 -->\n","protected":false},"excerpt":{"rendered":"<p>O Senado realizou uma audi\u00eancia p\u00fablica para discutir a reintrodu\u00e7\u00e3o do nome da cidade e do estado nas placas dos ve\u00edculos que circulam no Pa\u00eds&#8230;.<\/p>\n","protected":false},"author":1,"featured_media":46389,"comment_status":"open","ping_status":"open","sticky":false,"template":"","format":"standard","meta":{"advanced_seo_description":"","jetpack_seo_html_title":"","jetpack_seo_noindex":false,"jetpack_post_was_ever_published":false,"_jetpack_newsletter_access":"","_jetpack_dont_email_post_to_subs":false,"_jetpack_newsletter_tier_id":0,"_jetpack_memberships_contains_paywalled_content":false,"_jetpack_memberships_contains_paid_content":false,"footnotes":"","jetpack_publicize_message":"","jetpack_publicize_feature_enabled":true,"jetpack_social_post_already_shared":true,"jetpack_social_options":{"image_generator_settings":{"template":"highway","default_image_id":0,"font":"","enabled":false},"version":2}},"categories":[11],"tags":[],"class_list":["post-46388","post","type-post","status-publish","format-standard","has-post-thumbnail","hentry","category-noticias-de-ribeirao-preto-sp-e-regiao-ismael-colosi"],"jetpack_publicize_connections":[],"jetpack_featured_media_url":"https:\/\/i0.wp.com\/noticiasribeiraopreto.com.br\/wp-content\/uploads\/2024\/04\/AnyConv.com__placa-carro.webp.webp?fit=1164%2C694&ssl=1","jetpack-related-posts":[{"id":65372,"url":"https:\/\/noticiasribeiraopreto.com.br\/index.php\/2025\/03\/19\/solicitacao-para-instalacao-de-placa-veicular-tera-mudancas-veja-quais\/","url_meta":{"origin":46388,"position":0},"title":"Solicita\u00e7\u00e3o para instala\u00e7\u00e3o de placa veicular ter\u00e1 mudan\u00e7as; Veja quais","author":"noticiasribeiraopreto.com.br","date":"19 de March de 2025","format":false,"excerpt":"O processo de emplacamento de ve\u00edculos, tanto para carros e motos zero quil\u00f4metro, como para aqueles que necessitam trocar de placa, ter\u00e1 mudan\u00e7as a partir de 1\u00ba de julho. A autoriza\u00e7\u00e3o para a instala\u00e7\u00e3o da PIV (placa de identifica\u00e7\u00e3o veicular), antes encomendada pelo propriet\u00e1rio diretamente a uma empresa de estampagem\u2026","rel":"","context":"In &quot;Not\u00edcias de Ribeir\u00e3o Preto-SP e Regi\u00e3o&quot;","block_context":{"text":"Not\u00edcias de Ribeir\u00e3o Preto-SP e Regi\u00e3o","link":"https:\/\/noticiasribeiraopreto.com.br\/index.php\/category\/noticias-de-ribeirao-preto-sp-e-regiao-ismael-colosi\/"},"img":{"alt_text":"","src":"https:\/\/i0.wp.com\/noticiasribeiraopreto.com.br\/wp-content\/uploads\/2024\/09\/transito_ribeirao_1024x576_15122019171112_2024-09-24_16-27-41_jpg_2024-09-24_16-27-41.webp.webp?fit=1024%2C576&ssl=1&resize=350%2C200","width":350,"height":200,"srcset":"https:\/\/i0.wp.com\/noticiasribeiraopreto.com.br\/wp-content\/uploads\/2024\/09\/transito_ribeirao_1024x576_15122019171112_2024-09-24_16-27-41_jpg_2024-09-24_16-27-41.webp.webp?fit=1024%2C576&ssl=1&resize=350%2C200 1x, https:\/\/i0.wp.com\/noticiasribeiraopreto.com.br\/wp-content\/uploads\/2024\/09\/transito_ribeirao_1024x576_15122019171112_2024-09-24_16-27-41_jpg_2024-09-24_16-27-41.webp.webp?fit=1024%2C576&ssl=1&resize=525%2C300 1.5x, https:\/\/i0.wp.com\/noticiasribeiraopreto.com.br\/wp-content\/uploads\/2024\/09\/transito_ribeirao_1024x576_15122019171112_2024-09-24_16-27-41_jpg_2024-09-24_16-27-41.webp.webp?fit=1024%2C576&ssl=1&resize=700%2C400 2x"},"classes":[]},{"id":61466,"url":"https:\/\/noticiasribeiraopreto.com.br\/index.php\/2024\/12\/13\/ipva-2025-governo-de-sao-paulo-divulga-regras-e-calendario-de-pagamento\/","url_meta":{"origin":46388,"position":1},"title":"IPVA 2025: Governo de S\u00e3o Paulo Divulga Regras e Calend\u00e1rio de Pagamento","author":"noticiasribeiraopreto.com.br","date":"13 de December de 2024","format":false,"excerpt":"O Governo do Estado de S\u00e3o Paulo publicou nesta sexta-feira (13) as regras e o calend\u00e1rio para o pagamento do Imposto sobre a Propriedade de Ve\u00edculos Automotores (IPVA) em 2025. Propriet\u00e1rios de ve\u00edculos registrados no estado j\u00e1 podem se planejar para quitar o tributo, que \u00e9 uma das principais fontes\u2026","rel":"","context":"In &quot;Not\u00edcias de Ribeir\u00e3o Preto-SP e Regi\u00e3o&quot;","block_context":{"text":"Not\u00edcias de Ribeir\u00e3o Preto-SP e Regi\u00e3o","link":"https:\/\/noticiasribeiraopreto.com.br\/index.php\/category\/noticias-de-ribeirao-preto-sp-e-regiao-ismael-colosi\/"},"img":{"alt_text":"","src":"https:\/\/i0.wp.com\/noticiasribeiraopreto.com.br\/wp-content\/uploads\/2024\/12\/rovros_abr_04122018-_9660.webp.webp?fit=1170%2C700&ssl=1&resize=350%2C200","width":350,"height":200,"srcset":"https:\/\/i0.wp.com\/noticiasribeiraopreto.com.br\/wp-content\/uploads\/2024\/12\/rovros_abr_04122018-_9660.webp.webp?fit=1170%2C700&ssl=1&resize=350%2C200 1x, https:\/\/i0.wp.com\/noticiasribeiraopreto.com.br\/wp-content\/uploads\/2024\/12\/rovros_abr_04122018-_9660.webp.webp?fit=1170%2C700&ssl=1&resize=525%2C300 1.5x, https:\/\/i0.wp.com\/noticiasribeiraopreto.com.br\/wp-content\/uploads\/2024\/12\/rovros_abr_04122018-_9660.webp.webp?fit=1170%2C700&ssl=1&resize=700%2C400 2x, https:\/\/i0.wp.com\/noticiasribeiraopreto.com.br\/wp-content\/uploads\/2024\/12\/rovros_abr_04122018-_9660.webp.webp?fit=1170%2C700&ssl=1&resize=1050%2C600 3x"},"classes":[]},{"id":74925,"url":"https:\/\/noticiasribeiraopreto.com.br\/index.php\/2025\/07\/31\/como-fazer-o-emplacamento-de-veiculos-com-as-novas-regras-do-detran-sp\/","url_meta":{"origin":46388,"position":2},"title":"Como fazer o emplacamento de ve\u00edculos com as novas regras do Detran-SP","author":"noticiasribeiraopreto.com.br","date":"31 de July de 2025","format":false,"excerpt":"O processo de emplacamento de ve\u00edculos, tanto para carros e motos zero quil\u00f4metro, como para os que necessitam substituir a placa, vai mudar a partir desta sexta-feira (1\u00ba de agosto). Agora, o pedido passar\u00e1 a ser feito diretamente ao Detran-SP (Departamento Estadual de Tr\u00e2nsito de S\u00e3o Paulo) no in\u00edcio do\u2026","rel":"","context":"In &quot;Not\u00edcias de Ribeir\u00e3o Preto-SP e Regi\u00e3o&quot;","block_context":{"text":"Not\u00edcias de Ribeir\u00e3o Preto-SP e Regi\u00e3o","link":"https:\/\/noticiasribeiraopreto.com.br\/index.php\/category\/noticias-de-ribeirao-preto-sp-e-regiao-ismael-colosi\/"},"img":{"alt_text":"","src":"https:\/\/i0.wp.com\/noticiasribeiraopreto.com.br\/wp-content\/uploads\/2025\/07\/placa-mercosul_2025-07-31_14-36-49.webp.webp?fit=1024%2C683&ssl=1&resize=350%2C200","width":350,"height":200,"srcset":"https:\/\/i0.wp.com\/noticiasribeiraopreto.com.br\/wp-content\/uploads\/2025\/07\/placa-mercosul_2025-07-31_14-36-49.webp.webp?fit=1024%2C683&ssl=1&resize=350%2C200 1x, https:\/\/i0.wp.com\/noticiasribeiraopreto.com.br\/wp-content\/uploads\/2025\/07\/placa-mercosul_2025-07-31_14-36-49.webp.webp?fit=1024%2C683&ssl=1&resize=525%2C300 1.5x, https:\/\/i0.wp.com\/noticiasribeiraopreto.com.br\/wp-content\/uploads\/2025\/07\/placa-mercosul_2025-07-31_14-36-49.webp.webp?fit=1024%2C683&ssl=1&resize=700%2C400 2x"},"classes":[]},{"id":12823,"url":"https:\/\/noticiasribeiraopreto.com.br\/index.php\/2023\/12\/08\/acidente-entre-caminhao-e-carreta-na-br-282-deixa-vitimas-fatais-e-detalhes-sobre-a-colisao-sao-expostos\/","url_meta":{"origin":46388,"position":3},"title":"Acidente entre caminh\u00e3o e carreta na BR-282 deixa v\u00edtimas fatais e detalhes sobre a colis\u00e3o s\u00e3o expostos","author":"noticiasribeiraopreto.com.br","date":"8 de December de 2023","format":false,"excerpt":"Na manh\u00e3 desta sexta-feira (8), um grave acidente provocou uma enorme trag\u00e9dia deixando v\u00edtimas fatais. As primeiras informa\u00e7\u00f5es repassadas pelas autoridades respons\u00e1veis por atender a ocorr\u00eancia.Segundo as informa\u00e7\u00f5es, a colis\u00e3o frontal entre um caminh\u00e3o e uma carreta aconteceu por volta das 7h30, na rodovia BR-282, na altura do munic\u00edpio de\u2026","rel":"","context":"In &quot;Blog&quot;","block_context":{"text":"Blog","link":"https:\/\/noticiasribeiraopreto.com.br\/index.php\/category\/blog\/"},"img":{"alt_text":"","src":"https:\/\/i0.wp.com\/noticiasribeiraopreto.com.br\/wp-content\/uploads\/2023\/12\/postimg-6573712feb1b31817.jpg?fit=1200%2C628&ssl=1&resize=350%2C200","width":350,"height":200,"srcset":"https:\/\/i0.wp.com\/noticiasribeiraopreto.com.br\/wp-content\/uploads\/2023\/12\/postimg-6573712feb1b31817.jpg?fit=1200%2C628&ssl=1&resize=350%2C200 1x, https:\/\/i0.wp.com\/noticiasribeiraopreto.com.br\/wp-content\/uploads\/2023\/12\/postimg-6573712feb1b31817.jpg?fit=1200%2C628&ssl=1&resize=525%2C300 1.5x, https:\/\/i0.wp.com\/noticiasribeiraopreto.com.br\/wp-content\/uploads\/2023\/12\/postimg-6573712feb1b31817.jpg?fit=1200%2C628&ssl=1&resize=700%2C400 2x, https:\/\/i0.wp.com\/noticiasribeiraopreto.com.br\/wp-content\/uploads\/2023\/12\/postimg-6573712feb1b31817.jpg?fit=1200%2C628&ssl=1&resize=1050%2C600 3x"},"classes":[]},{"id":81474,"url":"https:\/\/noticiasribeiraopreto.com.br\/index.php\/2026\/01\/07\/licenciamento-2026-ja-esta-disponivel-em-sp-confira-o-calendario\/","url_meta":{"origin":46388,"position":4},"title":"Licenciamento 2026 j\u00e1 est\u00e1 dispon\u00edvel em SP; confira o calend\u00e1rio","author":"noticiasribeiraopreto.com.br","date":"7 de January de 2026","format":false,"excerpt":"O licenciamento de ve\u00edculos para 2026 j\u00e1 est\u00e1 dispon\u00edvel para motoristas do estado de S\u00e3o Paulo. O Departamento Estadual de Tr\u00e2nsito de S\u00e3o Paulo (Detran-SP) permite a regulariza\u00e7\u00e3o antecipada no primeiro semestre do ano para ve\u00edculos de todos os finais de placa, antes do in\u00edcio do calend\u00e1rio obrigat\u00f3rio, que vai\u2026","rel":"","context":"In &quot;Not\u00edcias de Ribeir\u00e3o Preto-SP e Regi\u00e3o&quot;","block_context":{"text":"Not\u00edcias de Ribeir\u00e3o Preto-SP e Regi\u00e3o","link":"https:\/\/noticiasribeiraopreto.com.br\/index.php\/category\/noticias-de-ribeirao-preto-sp-e-regiao-ismael-colosi\/"},"img":{"alt_text":"","src":"https:\/\/i0.wp.com\/noticiasribeiraopreto.com.br\/wp-content\/uploads\/2025\/07\/WhatsApp-Image-2025-04-28-at-07.17.05_2025-04-28_10-22-30.webp.webp?fit=1200%2C900&ssl=1&resize=350%2C200","width":350,"height":200,"srcset":"https:\/\/i0.wp.com\/noticiasribeiraopreto.com.br\/wp-content\/uploads\/2025\/07\/WhatsApp-Image-2025-04-28-at-07.17.05_2025-04-28_10-22-30.webp.webp?fit=1200%2C900&ssl=1&resize=350%2C200 1x, https:\/\/i0.wp.com\/noticiasribeiraopreto.com.br\/wp-content\/uploads\/2025\/07\/WhatsApp-Image-2025-04-28-at-07.17.05_2025-04-28_10-22-30.webp.webp?fit=1200%2C900&ssl=1&resize=525%2C300 1.5x, https:\/\/i0.wp.com\/noticiasribeiraopreto.com.br\/wp-content\/uploads\/2025\/07\/WhatsApp-Image-2025-04-28-at-07.17.05_2025-04-28_10-22-30.webp.webp?fit=1200%2C900&ssl=1&resize=700%2C400 2x, https:\/\/i0.wp.com\/noticiasribeiraopreto.com.br\/wp-content\/uploads\/2025\/07\/WhatsApp-Image-2025-04-28-at-07.17.05_2025-04-28_10-22-30.webp.webp?fit=1200%2C900&ssl=1&resize=1050%2C600 3x"},"classes":[]},{"id":11599,"url":"https:\/\/noticiasribeiraopreto.com.br\/index.php\/2023\/12\/06\/ipva-2024-em-sao-paulo-calendario-comeca-em-11-de-janeiro-veja-quando-vence-o-imposto-do-seu-carro-de-acordo-com-a-placa\/","url_meta":{"origin":46388,"position":5},"title":"IPVA 2024 em S\u00e3o Paulo: calend\u00e1rio come\u00e7a em 11 de janeiro; veja quando vence o imposto do seu carro, de acordo com a placa","author":"noticiasribeiraopreto.com.br","date":"6 de December de 2023","format":false,"excerpt":"Aten\u00e7\u00e3o: as despesas da virada do ano v\u00eam a\u00ed! O governo do estado de S\u00e3o Paulo publicou no Di\u00e1rio Oficial paulista desta quarta-feira (06) o calend\u00e1rio com as datas de vencimento do Imposto sobre a Propriedade de Ve\u00edculos Automotores - IPVA 2024, de acordo com o tipo e a placa\u2026","rel":"","context":"In &quot;Dinheiro e Investimento&quot;","block_context":{"text":"Dinheiro e Investimento","link":"https:\/\/noticiasribeiraopreto.com.br\/index.php\/category\/dinheiro-e-investimento-como-fazer-como-ganhar\/"},"img":{"alt_text":"","src":"https:\/\/i0.wp.com\/noticiasribeiraopreto.com.br\/wp-content\/uploads\/2023\/12\/shutterstock_420463105-628x353.jpg?fit=628%2C353&ssl=1&resize=350%2C200","width":350,"height":200,"srcset":"https:\/\/i0.wp.com\/noticiasribeiraopreto.com.br\/wp-content\/uploads\/2023\/12\/shutterstock_420463105-628x353.jpg?fit=628%2C353&ssl=1&resize=350%2C200 1x, https:\/\/i0.wp.com\/noticiasribeiraopreto.com.br\/wp-content\/uploads\/2023\/12\/shutterstock_420463105-628x353.jpg?fit=628%2C353&ssl=1&resize=525%2C300 1.5x"},"classes":[]}],"jetpack_sharing_enabled":true,"jetpack_shortlink":"https:\/\/wp.me\/peQAOb-c4c","_links":{"self":[{"href":"https:\/\/noticiasribeiraopreto.com.br\/index.php\/wp-json\/wp\/v2\/posts\/46388","targetHints":{"allow":["GET"]}}],"collection":[{"href":"https:\/\/noticiasribeiraopreto.com.br\/index.php\/wp-json\/wp\/v2\/posts"}],"about":[{"href":"https:\/\/noticiasribeiraopreto.com.br\/index.php\/wp-json\/wp\/v2\/types\/post"}],"author":[{"embeddable":true,"href":"https:\/\/noticiasribeiraopreto.com.br\/index.php\/wp-json\/wp\/v2\/users\/1"}],"replies":[{"embeddable":true,"href":"https:\/\/noticiasribeiraopreto.com.br\/index.php\/wp-json\/wp\/v2\/comments?post=46388"}],"version-history":[{"count":0,"href":"https:\/\/noticiasribeiraopreto.com.br\/index.php\/wp-json\/wp\/v2\/posts\/46388\/revisions"}],"wp:featuredmedia":[{"embeddable":true,"href":"https:\/\/noticiasribeiraopreto.com.br\/index.php\/wp-json\/wp\/v2\/media\/46389"}],"wp:attachment":[{"href":"https:\/\/noticiasribeiraopreto.com.br\/index.php\/wp-json\/wp\/v2\/media?parent=46388"}],"wp:term":[{"taxonomy":"category","embeddable":true,"href":"https:\/\/noticiasribeiraopreto.com.br\/index.php\/wp-json\/wp\/v2\/categories?post=46388"},{"taxonomy":"post_tag","embeddable":true,"href":"https:\/\/noticiasribeiraopreto.com.br\/index.php\/wp-json\/wp\/v2\/tags?post=46388"}],"curies":[{"name":"wp","href":"https:\/\/api.w.org\/{rel}","templated":true}]}}