{"id":46390,"date":"2024-04-11T12:32:18","date_gmt":"2024-04-11T15:32:18","guid":{"rendered":"https:\/\/noticiasribeiraopreto.com.br\/index.php\/2024\/04\/11\/explosao-de-rechaud-deixa-3-mulheres-feridas-em-restaurante-na-regiao-de-ribeirao\/"},"modified":"2024-04-11T12:32:18","modified_gmt":"2024-04-11T15:32:18","slug":"explosao-de-rechaud-deixa-3-mulheres-feridas-em-restaurante-na-regiao-de-ribeirao","status":"publish","type":"post","link":"https:\/\/noticiasribeiraopreto.com.br\/index.php\/2024\/04\/11\/explosao-de-rechaud-deixa-3-mulheres-feridas-em-restaurante-na-regiao-de-ribeirao\/","title":{"rendered":"Explos\u00e3o de rechaud deixa 3 mulheres feridas em restaurante na regi\u00e3o de Ribeir\u00e3o"},"content":{"rendered":"<div class='code-block code-block-1' style='margin: 8px 0 8px auto; text-align: right; display: block; clear: both;'>\n<p><a href=\"https:\/\/wa.link\/vpicfd\"><img data-recalc-dims=\"1\" class=\"wp-image-4922\" style=\"aspect-ratio: 2.0253164556962027; width: 561px; height: auto;\" src=\"https:\/\/i0.wp.com\/ismaelcolosi.com.br\/wp-content\/uploads\/2023\/11\/grupo-de-empregos-whatsapp-e-facebook-ismael-colosi-vagas.jpg?ssl=1\" alt=\"\" \/><\/a><\/p>\n<!-- \/wp:image -->\n<\/div>\n<p> <br \/>\n<\/p>\n<div data-td-block-uid=\"tdi_101\">\n<div class=\"tdb-block-inner td-fix-index\">\n<p><strong>A explos\u00e3o de um rechaud feriu tr\u00eas mulheres na tarde desta quarta-feira (10), durante o almo\u00e7o em um restaurante de Cravinhos, na regi\u00e3o de Ribeir\u00e3o Preto. <\/strong>Uma das <strong>v\u00edtimas <\/strong>\u00e9 <strong>cliente <\/strong>do estabelecimento, localizado no <strong>Jardim Itapu\u00e3<\/strong>.<\/p>\n<p>Segundo <strong>boletim de ocorr\u00eancia (BO)<\/strong>, as <strong>v\u00edtimas <\/strong>sofreram <strong>queimaduras <\/strong>e foram <strong>socorridas <\/strong>pelo <strong>Samu <\/strong>at\u00e9 a <strong>Santa Casa de Cravinhos<\/strong>. N\u00e3o h\u00e1, por\u00e9m, informa\u00e7\u00f5es sobre o estado de sa\u00fade delas.<\/p>\n<h4 class=\"wp-block-heading\"><strong>Como foi a explos\u00e3o?<\/strong><\/h4>\n<p>A <strong>propriet\u00e1ria <\/strong>do <strong>restaurante <\/strong>chamou a <strong>PM (Pol\u00edcia Militar)<\/strong> e declarou que uma <strong>adolescente<\/strong>, identificada como atendente, adicionava <strong>\u00e1lcool <\/strong>ao manipular o <strong>rechaud<\/strong>, quando ocorreu a <strong>explos\u00e3o<\/strong>. Al\u00e9m dela, outras duas mulheres \u2013 uma <strong>funcion\u00e1ria <\/strong>do estabelecimento e uma <strong>cliente<\/strong>, de 32 e 29 anos, respectivamente \u2013 tamb\u00e9m ficaram <strong>feridas<\/strong>. <\/p>\n<p>O <strong>BO <\/strong>foi registrado na <strong>Delegacia de Cravinhos<\/strong> como <strong>les\u00e3o corporal culposa (sem inten\u00e7\u00e3o) <\/strong>para <strong>investiga\u00e7\u00e3o <\/strong>da <strong>Pol\u00edcia Civil<\/strong>.<\/p>\n<p>SAIBA MAIS<\/p>\n<p>Motorista cai com carro em buraco de obra no Centro de Ribeir\u00e3o Preto<\/p>\n<h4 class=\"wp-block-heading\"><strong><mark>FIQUE ON<\/mark><\/strong><\/h4>\n<p>Fique ligado em tudo que acontece em Ribeir\u00e3o Preto e regi\u00e3o. Siga os perfis do\u00a0<strong>acidade on\u00a0<\/strong>no\u00a0<a href=\"https:\/\/www.instagram.com\/acidadeonribeirao\" target=\"_blank\" rel=\"noreferrer noopener\">Instagram<\/a>\u00a0e no\u00a0<a href=\"https:\/\/www.facebook.com\/acidadeonribeirao\" target=\"_blank\" rel=\"noreferrer noopener\">Facebook<\/a>.<\/p>\n<p>Receba not\u00edcias do acidade on no WhatsApp. Para entrar no grupo, basta\u00a0<a href=\"https:\/\/chat.whatsapp.com\/GFH9HUMUTHNFJdnyEd0xxq\" target=\"_blank\" rel=\"noreferrer noopener\">clicar aqui<\/a>.<\/p>\n<p>Fa\u00e7a uma den\u00fancia ou sugira uma reportagem sobre Ribeir\u00e3o Preto e regi\u00e3o pelo WhatsApp: 16 99117 7802.<\/p>\n<p>VEJA TAMB\u00c9M<\/p>\n<p>DPVAT vai voltar? Saiba como receber o dinheiro do seguro<\/p>\n<p><!-- AI CONTENT END 1 -->\n<\/div>\n<\/div>\n<p><script async src=\"\/\/www.instagram.com\/embed.js\"><\/script><br \/>\n<br \/><br \/>\n<br \/><a href=\"https:\/\/www.acidadeon.com\/ribeiraopreto\/cotidiano\/explosao-de-rechaud-deixa-3-mulheres-feridas-em-restaurante-na-regiao-de-ribeirao\/\">Source link <\/a><\/p>\n<!-- CONTENT END 1 -->\n","protected":false},"excerpt":{"rendered":"<p>A explos\u00e3o de um rechaud feriu tr\u00eas mulheres na tarde desta quarta-feira (10), durante o almo\u00e7o em um restaurante de Cravinhos, na regi\u00e3o de Ribeir\u00e3o&#8230;<\/p>\n","protected":false},"author":1,"featured_media":46391,"comment_status":"open","ping_status":"open","sticky":false,"template":"","format":"standard","meta":{"advanced_seo_description":"","jetpack_seo_html_title":"","jetpack_seo_noindex":false,"jetpack_post_was_ever_published":false,"_jetpack_newsletter_access":"","_jetpack_dont_email_post_to_subs":false,"_jetpack_newsletter_tier_id":0,"_jetpack_memberships_contains_paywalled_content":false,"_jetpack_memberships_contains_paid_content":false,"footnotes":"","jetpack_publicize_message":"","jetpack_publicize_feature_enabled":true,"jetpack_social_post_already_shared":true,"jetpack_social_options":{"image_generator_settings":{"template":"highway","default_image_id":0,"font":"","enabled":false},"version":2}},"categories":[11],"tags":[],"class_list":["post-46390","post","type-post","status-publish","format-standard","has-post-thumbnail","hentry","category-noticias-de-ribeirao-preto-sp-e-regiao-ismael-colosi"],"jetpack_publicize_connections":[],"jetpack_featured_media_url":"https:\/\/i0.wp.com\/noticiasribeiraopreto.com.br\/wp-content\/uploads\/2024\/04\/policia_qru_1024x576_05012021161940.jpg?fit=1024%2C576&ssl=1","jetpack-related-posts":[{"id":78313,"url":"https:\/\/noticiasribeiraopreto.com.br\/index.php\/2025\/10\/08\/parte-do-teto-de-restaurante-de-henrique-fogaca-desaba-apos-explosao-de-gas-em-sp\/","url_meta":{"origin":46390,"position":0},"title":"Parte do teto de restaurante de Henrique Foga\u00e7a desaba ap\u00f3s explos\u00e3o de g\u00e1s em SP","author":"noticiasribeiraopreto.com.br","date":"8 de October de 2025","format":false,"excerpt":"Parte do teto do restaurante Jamile, localizado no Centro de S\u00e3o Paulo, desabou na tarde desta quarta-feira (8) \u2013 veja v\u00eddeo abaixo. O estabelecimento pertence ao chef Henrique Foga\u00e7a, que morou por muitos anos em Ribeir\u00e3o Preto. De acordo com as primeiras informa\u00e7\u00f5es do Corpo de Bombeiros, a explos\u00e3o teria\u2026","rel":"","context":"In &quot;Not\u00edcias de Ribeir\u00e3o Preto-SP e Regi\u00e3o&quot;","block_context":{"text":"Not\u00edcias de Ribeir\u00e3o Preto-SP e Regi\u00e3o","link":"https:\/\/noticiasribeiraopreto.com.br\/index.php\/category\/noticias-de-ribeirao-preto-sp-e-regiao-ismael-colosi\/"},"img":{"alt_text":"","src":"https:\/\/i0.wp.com\/noticiasribeiraopreto.com.br\/wp-content\/uploads\/2025\/10\/Copia-de-Copia-de-Copia-de-TAMANHO-EXATO-PARA-FOTOS-NO-SISTEMA-NOVO-2025-10-08T134352.809_2025-10-08_16-43-58.webp.webp?fit=1200%2C675&ssl=1&resize=350%2C200","width":350,"height":200,"srcset":"https:\/\/i0.wp.com\/noticiasribeiraopreto.com.br\/wp-content\/uploads\/2025\/10\/Copia-de-Copia-de-Copia-de-TAMANHO-EXATO-PARA-FOTOS-NO-SISTEMA-NOVO-2025-10-08T134352.809_2025-10-08_16-43-58.webp.webp?fit=1200%2C675&ssl=1&resize=350%2C200 1x, https:\/\/i0.wp.com\/noticiasribeiraopreto.com.br\/wp-content\/uploads\/2025\/10\/Copia-de-Copia-de-Copia-de-TAMANHO-EXATO-PARA-FOTOS-NO-SISTEMA-NOVO-2025-10-08T134352.809_2025-10-08_16-43-58.webp.webp?fit=1200%2C675&ssl=1&resize=525%2C300 1.5x, https:\/\/i0.wp.com\/noticiasribeiraopreto.com.br\/wp-content\/uploads\/2025\/10\/Copia-de-Copia-de-Copia-de-TAMANHO-EXATO-PARA-FOTOS-NO-SISTEMA-NOVO-2025-10-08T134352.809_2025-10-08_16-43-58.webp.webp?fit=1200%2C675&ssl=1&resize=700%2C400 2x, https:\/\/i0.wp.com\/noticiasribeiraopreto.com.br\/wp-content\/uploads\/2025\/10\/Copia-de-Copia-de-Copia-de-TAMANHO-EXATO-PARA-FOTOS-NO-SISTEMA-NOVO-2025-10-08T134352.809_2025-10-08_16-43-58.webp.webp?fit=1200%2C675&ssl=1&resize=1050%2C600 3x"},"classes":[]},{"id":45084,"url":"https:\/\/noticiasribeiraopreto.com.br\/index.php\/2024\/04\/02\/mulher-morre-apos-explosao-de-rechaud\/","url_meta":{"origin":46390,"position":1},"title":"Mulher morre ap\u00f3s explos\u00e3o de rechaud","author":"noticiasribeiraopreto.com.br","date":"2 de April de 2024","format":false,"excerpt":"2 de abril de 2024 | 9:45 0 Maria Cristina Graminha Rossini, de 68 anos, morreu nesta segunda-feira, 1\u00ba, depois de sofrer queimaduras pelo corpo durante a explos\u00e3o de um rechaud. Segundo o boletim de ocorr\u00eancia ela havia havia utilizado \u00e1lcool para acender o fogareiro de metal na noite do\u2026","rel":"","context":"In &quot;Not\u00edcias de Ribeir\u00e3o Preto-SP e Regi\u00e3o&quot;","block_context":{"text":"Not\u00edcias de Ribeir\u00e3o Preto-SP e Regi\u00e3o","link":"https:\/\/noticiasribeiraopreto.com.br\/index.php\/category\/noticias-de-ribeirao-preto-sp-e-regiao-ismael-colosi\/"},"img":{"alt_text":"","src":"https:\/\/i0.wp.com\/noticiasribeiraopreto.com.br\/wp-content\/uploads\/2024\/04\/hcemergencia.jpg?fit=800%2C500&ssl=1&resize=350%2C200","width":350,"height":200,"srcset":"https:\/\/i0.wp.com\/noticiasribeiraopreto.com.br\/wp-content\/uploads\/2024\/04\/hcemergencia.jpg?fit=800%2C500&ssl=1&resize=350%2C200 1x, https:\/\/i0.wp.com\/noticiasribeiraopreto.com.br\/wp-content\/uploads\/2024\/04\/hcemergencia.jpg?fit=800%2C500&ssl=1&resize=525%2C300 1.5x, https:\/\/i0.wp.com\/noticiasribeiraopreto.com.br\/wp-content\/uploads\/2024\/04\/hcemergencia.jpg?fit=800%2C500&ssl=1&resize=700%2C400 2x"},"classes":[]},{"id":59300,"url":"https:\/\/noticiasribeiraopreto.com.br\/index.php\/2024\/10\/20\/morre-3a-vitima-de-explosao-em-industria-quimica-de-sertaozinho\/","url_meta":{"origin":46390,"position":2},"title":"Morre 3\u00aa v\u00edtima de explos\u00e3o em ind\u00fastria qu\u00edmica de Sert\u00e3ozinho","author":"noticiasribeiraopreto.com.br","date":"20 de October de 2024","format":false,"excerpt":"Morreu na manh\u00e3 deste domingo (20) a terceira v\u00edtima da explos\u00e3o em ind\u00fastria qu\u00edmica de Sert\u00e3ozinho, na regi\u00e3o de Ribeir\u00e3o Preto. A fam\u00edlia e a empresa Innove Qu\u00edmica confirmaram o falecimento de Gabriel Augusto da Silva, 24 anos. Ele estava internado em um hospital particular de Ribeir\u00e3o. A fam\u00edlia informou\u2026","rel":"","context":"In &quot;Not\u00edcias de Ribeir\u00e3o Preto-SP e Regi\u00e3o&quot;","block_context":{"text":"Not\u00edcias de Ribeir\u00e3o Preto-SP e Regi\u00e3o","link":"https:\/\/noticiasribeiraopreto.com.br\/index.php\/category\/noticias-de-ribeirao-preto-sp-e-regiao-ismael-colosi\/"},"img":{"alt_text":"","src":"https:\/\/i0.wp.com\/noticiasribeiraopreto.com.br\/wp-content\/uploads\/2024\/10\/WhatsApp-Image-2024-10-11-at-15.37.58_2024-10-11_18-45-56_jpeg_2024-10-11_18-45-57-scaled.webp.webp?fit=1200%2C900&ssl=1&resize=350%2C200","width":350,"height":200,"srcset":"https:\/\/i0.wp.com\/noticiasribeiraopreto.com.br\/wp-content\/uploads\/2024\/10\/WhatsApp-Image-2024-10-11-at-15.37.58_2024-10-11_18-45-56_jpeg_2024-10-11_18-45-57-scaled.webp.webp?fit=1200%2C900&ssl=1&resize=350%2C200 1x, https:\/\/i0.wp.com\/noticiasribeiraopreto.com.br\/wp-content\/uploads\/2024\/10\/WhatsApp-Image-2024-10-11-at-15.37.58_2024-10-11_18-45-56_jpeg_2024-10-11_18-45-57-scaled.webp.webp?fit=1200%2C900&ssl=1&resize=525%2C300 1.5x, https:\/\/i0.wp.com\/noticiasribeiraopreto.com.br\/wp-content\/uploads\/2024\/10\/WhatsApp-Image-2024-10-11-at-15.37.58_2024-10-11_18-45-56_jpeg_2024-10-11_18-45-57-scaled.webp.webp?fit=1200%2C900&ssl=1&resize=700%2C400 2x, https:\/\/i0.wp.com\/noticiasribeiraopreto.com.br\/wp-content\/uploads\/2024\/10\/WhatsApp-Image-2024-10-11-at-15.37.58_2024-10-11_18-45-56_jpeg_2024-10-11_18-45-57-scaled.webp.webp?fit=1200%2C900&ssl=1&resize=1050%2C600 3x"},"classes":[]},{"id":59080,"url":"https:\/\/noticiasribeiraopreto.com.br\/index.php\/2024\/10\/14\/tres-vitimas-de-explosao-em-industria-quimica-seguem-internadas-no-hc-ribeirao\/","url_meta":{"origin":46390,"position":3},"title":"Tr\u00eas v\u00edtimas de explos\u00e3o em ind\u00fastria qu\u00edmica seguem internadas no HC Ribeir\u00e3o","author":"noticiasribeiraopreto.com.br","date":"14 de October de 2024","format":false,"excerpt":"O HC-UE (Hospital das Cl\u00ednicas \u2013 Unidade de Emerg\u00eancia) de Ribeir\u00e3o Preto informou que tr\u00eas v\u00edtimas da explos\u00e3o em ind\u00fastria qu\u00edmica em Sert\u00e3ozinho seguem internadas na unidade. O acidente aconteceu na tarde da \u00faltima sexta-feira (11). O estado de sa\u00fade delas n\u00e3o foi informado. Em nota, o hospital informou que\u2026","rel":"","context":"In &quot;Not\u00edcias de Ribeir\u00e3o Preto-SP e Regi\u00e3o&quot;","block_context":{"text":"Not\u00edcias de Ribeir\u00e3o Preto-SP e Regi\u00e3o","link":"https:\/\/noticiasribeiraopreto.com.br\/index.php\/category\/noticias-de-ribeirao-preto-sp-e-regiao-ismael-colosi\/"},"img":{"alt_text":"","src":"https:\/\/i0.wp.com\/noticiasribeiraopreto.com.br\/wp-content\/uploads\/2024\/10\/WhatsApp-Image-2024-10-11-at-15.37.58_2024-10-11_18-45-56_jpeg_2024-10-11_18-45-57-scaled.webp.webp?fit=1200%2C900&ssl=1&resize=350%2C200","width":350,"height":200,"srcset":"https:\/\/i0.wp.com\/noticiasribeiraopreto.com.br\/wp-content\/uploads\/2024\/10\/WhatsApp-Image-2024-10-11-at-15.37.58_2024-10-11_18-45-56_jpeg_2024-10-11_18-45-57-scaled.webp.webp?fit=1200%2C900&ssl=1&resize=350%2C200 1x, https:\/\/i0.wp.com\/noticiasribeiraopreto.com.br\/wp-content\/uploads\/2024\/10\/WhatsApp-Image-2024-10-11-at-15.37.58_2024-10-11_18-45-56_jpeg_2024-10-11_18-45-57-scaled.webp.webp?fit=1200%2C900&ssl=1&resize=525%2C300 1.5x, https:\/\/i0.wp.com\/noticiasribeiraopreto.com.br\/wp-content\/uploads\/2024\/10\/WhatsApp-Image-2024-10-11-at-15.37.58_2024-10-11_18-45-56_jpeg_2024-10-11_18-45-57-scaled.webp.webp?fit=1200%2C900&ssl=1&resize=700%2C400 2x, https:\/\/i0.wp.com\/noticiasribeiraopreto.com.br\/wp-content\/uploads\/2024\/10\/WhatsApp-Image-2024-10-11-at-15.37.58_2024-10-11_18-45-56_jpeg_2024-10-11_18-45-57-scaled.webp.webp?fit=1200%2C900&ssl=1&resize=1050%2C600 3x"},"classes":[]},{"id":59157,"url":"https:\/\/noticiasribeiraopreto.com.br\/index.php\/2024\/10\/16\/morre-vitima-de-explosao-em-industria-quimica-de-sertaozinho\/","url_meta":{"origin":46390,"position":4},"title":"Morre v\u00edtima de explos\u00e3o em ind\u00fastria qu\u00edmica de Sert\u00e3ozinho","author":"noticiasribeiraopreto.com.br","date":"16 de October de 2024","format":false,"excerpt":"Um homem de 27 anos, v\u00edtima da explos\u00e3o em ind\u00fastria qu\u00edmica de\u00a0Sert\u00e3ozinho, na regi\u00e3o de Ribeir\u00e3o Preto, morreu na madrugada desta quarta-feira (16). O Hospital das Cl\u00ednicas \u2013 Unidade de Emerg\u00eancia (HC-UE) confirmou o falecimento de Estev\u00e3o Felisberto Campanini, ocorrido \u00e0s 3h28. Outras tr\u00eas v\u00edtimas ainda seguiam internadas, das quais\u2026","rel":"","context":"In &quot;Not\u00edcias de Ribeir\u00e3o Preto-SP e Regi\u00e3o&quot;","block_context":{"text":"Not\u00edcias de Ribeir\u00e3o Preto-SP e Regi\u00e3o","link":"https:\/\/noticiasribeiraopreto.com.br\/index.php\/category\/noticias-de-ribeirao-preto-sp-e-regiao-ismael-colosi\/"},"img":{"alt_text":"","src":"https:\/\/i0.wp.com\/noticiasribeiraopreto.com.br\/wp-content\/uploads\/2024\/10\/hcue_hospital_500x320_08052018121430.jpg?fit=500%2C322&ssl=1&resize=350%2C200","width":350,"height":200},"classes":[]},{"id":42670,"url":"https:\/\/noticiasribeiraopreto.com.br\/index.php\/2024\/03\/15\/homem-fica-em-estado-grave-apos-explosao-de-forno-industrial-na-regiao-de-ribeirao\/","url_meta":{"origin":46390,"position":5},"title":"Homem fica em estado grave ap\u00f3s explos\u00e3o de forno industrial na regi\u00e3o de Ribeir\u00e3o","author":"noticiasribeiraopreto.com.br","date":"15 de March de 2024","format":false,"excerpt":"Um jovem de 26 anos ficou em estado grave ap\u00f3s um forno industrial explodir em uma f\u00e1brica de frios no Parque das \u00c1rvores, em Franca, na regi\u00e3o de Ribeir\u00e3o Preto. O acidente aconteceu na manh\u00e3 da \u00faltima quarta (13). A v\u00edtima sofreu ferimentos no rosto. De acordo com os familiares,\u2026","rel":"","context":"In &quot;Not\u00edcias de Ribeir\u00e3o Preto-SP e Regi\u00e3o&quot;","block_context":{"text":"Not\u00edcias de Ribeir\u00e3o Preto-SP e Regi\u00e3o","link":"https:\/\/noticiasribeiraopreto.com.br\/index.php\/category\/noticias-de-ribeirao-preto-sp-e-regiao-ismael-colosi\/"},"img":{"alt_text":"","src":"https:\/\/i0.wp.com\/noticiasribeiraopreto.com.br\/wp-content\/uploads\/2024\/03\/AnyConv.com__claudio-ademir.webp.webp?fit=1200%2C675&ssl=1&resize=350%2C200","width":350,"height":200,"srcset":"https:\/\/i0.wp.com\/noticiasribeiraopreto.com.br\/wp-content\/uploads\/2024\/03\/AnyConv.com__claudio-ademir.webp.webp?fit=1200%2C675&ssl=1&resize=350%2C200 1x, https:\/\/i0.wp.com\/noticiasribeiraopreto.com.br\/wp-content\/uploads\/2024\/03\/AnyConv.com__claudio-ademir.webp.webp?fit=1200%2C675&ssl=1&resize=525%2C300 1.5x, https:\/\/i0.wp.com\/noticiasribeiraopreto.com.br\/wp-content\/uploads\/2024\/03\/AnyConv.com__claudio-ademir.webp.webp?fit=1200%2C675&ssl=1&resize=700%2C400 2x, https:\/\/i0.wp.com\/noticiasribeiraopreto.com.br\/wp-content\/uploads\/2024\/03\/AnyConv.com__claudio-ademir.webp.webp?fit=1200%2C675&ssl=1&resize=1050%2C600 3x"},"classes":[]}],"jetpack_sharing_enabled":true,"jetpack_shortlink":"https:\/\/wp.me\/peQAOb-c4e","_links":{"self":[{"href":"https:\/\/noticiasribeiraopreto.com.br\/index.php\/wp-json\/wp\/v2\/posts\/46390","targetHints":{"allow":["GET"]}}],"collection":[{"href":"https:\/\/noticiasribeiraopreto.com.br\/index.php\/wp-json\/wp\/v2\/posts"}],"about":[{"href":"https:\/\/noticiasribeiraopreto.com.br\/index.php\/wp-json\/wp\/v2\/types\/post"}],"author":[{"embeddable":true,"href":"https:\/\/noticiasribeiraopreto.com.br\/index.php\/wp-json\/wp\/v2\/users\/1"}],"replies":[{"embeddable":true,"href":"https:\/\/noticiasribeiraopreto.com.br\/index.php\/wp-json\/wp\/v2\/comments?post=46390"}],"version-history":[{"count":0,"href":"https:\/\/noticiasribeiraopreto.com.br\/index.php\/wp-json\/wp\/v2\/posts\/46390\/revisions"}],"wp:featuredmedia":[{"embeddable":true,"href":"https:\/\/noticiasribeiraopreto.com.br\/index.php\/wp-json\/wp\/v2\/media\/46391"}],"wp:attachment":[{"href":"https:\/\/noticiasribeiraopreto.com.br\/index.php\/wp-json\/wp\/v2\/media?parent=46390"}],"wp:term":[{"taxonomy":"category","embeddable":true,"href":"https:\/\/noticiasribeiraopreto.com.br\/index.php\/wp-json\/wp\/v2\/categories?post=46390"},{"taxonomy":"post_tag","embeddable":true,"href":"https:\/\/noticiasribeiraopreto.com.br\/index.php\/wp-json\/wp\/v2\/tags?post=46390"}],"curies":[{"name":"wp","href":"https:\/\/api.w.org\/{rel}","templated":true}]}}