{"id":46394,"date":"2024-04-11T12:44:16","date_gmt":"2024-04-11T15:44:16","guid":{"rendered":"https:\/\/noticiasribeiraopreto.com.br\/index.php\/2024\/04\/11\/curso-de-culinaria-gratuito-esta-com-inscricoes-abertas-na-regiao-de-ribeirao-preto-2\/"},"modified":"2024-04-11T12:44:16","modified_gmt":"2024-04-11T15:44:16","slug":"curso-de-culinaria-gratuito-esta-com-inscricoes-abertas-na-regiao-de-ribeirao-preto-2","status":"publish","type":"post","link":"https:\/\/noticiasribeiraopreto.com.br\/index.php\/2024\/04\/11\/curso-de-culinaria-gratuito-esta-com-inscricoes-abertas-na-regiao-de-ribeirao-preto-2\/","title":{"rendered":"Curso de culin\u00e1ria gratuito est\u00e1 com inscri\u00e7\u00f5es abertas na regi\u00e3o de Ribeir\u00e3o Preto"},"content":{"rendered":"<div class='code-block code-block-1' style='margin: 8px 0 8px auto; text-align: right; display: block; clear: both;'>\n<p><a href=\"https:\/\/wa.link\/vpicfd\"><img data-recalc-dims=\"1\" class=\"wp-image-4922\" style=\"aspect-ratio: 2.0253164556962027; width: 561px; height: auto;\" src=\"https:\/\/i0.wp.com\/ismaelcolosi.com.br\/wp-content\/uploads\/2023\/11\/grupo-de-empregos-whatsapp-e-facebook-ismael-colosi-vagas.jpg?ssl=1\" alt=\"\" \/><\/a><\/p>\n<!-- \/wp:image -->\n<\/div>\n<p> <br \/>\n<\/p>\n<div data-td-block-uid=\"tdi_101\">\n<div class=\"tdb-block-inner td-fix-index\">\n<p>Para quem busca <strong>oportunidade no mercado de trabalho<\/strong> e <strong>gosta da \u00e1rea de gastronomia<\/strong>, est\u00e3o <strong>abertas<\/strong> as <strong>inscri\u00e7\u00f5es<\/strong> para o <strong>curso de culin\u00e1ria<\/strong> do <strong>projeto <a href=\"https:\/\/www.instagram.com\/cozinhapaulistasp\" target=\"_blank\" rel=\"noreferrer noopener nofollow\">Cozinha Paulista<\/a><\/strong>.<\/p>\n<p>Em <strong>Jaboticabal<\/strong>, cidade a 57 quil\u00f4metros de Ribeir\u00e3o Preto, <span style=\"background-color:#f7cc62\" class=\"td_text_highlight_marker\"><mark style=\"background-color:rgba(0, 0, 0, 0)\" class=\"has-inline-color has-black-color\">s\u00e3o 50 vagas dispon\u00edveis para jovens a partir de 16 anos de idade que estejam cursando ou tenha conclu\u00eddo o ensino m\u00e9dio em escola p\u00fablica<\/mark><\/span>.<\/p>\n<p>Os <strong>interessados<\/strong> devem se inscrever por meio de um <strong>formul\u00e1rio on-line<\/strong> (<strong><a href=\"https:\/\/forms.gle\/hGfPFeo2ZFEruBc59\" target=\"_blank\" rel=\"noreferrer noopener nofollow\">clique aqui<\/a><\/strong>) at\u00e9 o<strong> dia 9 de maio<\/strong>. No mesmo dia, ser\u00e1 divulgada a lista dos selecionados nas redes sociais do projeto.<\/p>\n<h4 class=\"wp-block-heading\"><strong>Sobre o curso<\/strong><\/h4>\n<p>As <strong>aulas<\/strong> do curso <strong>come\u00e7am<\/strong> no dia <strong>13 de maio<\/strong> e acontecer\u00e3o <strong>dois encontros<\/strong> semanais de <strong>tr\u00eas horas<\/strong> cada, sendo de s<strong>egundas e quartas<\/strong> e <strong>ter\u00e7as e quintas<\/strong>, das 18h30 \u00e0s 21h30. Ao todo, ser\u00e3o <strong>duas turmas<\/strong> de 25 alunos cada. \u00a0<\/p>\n<p>Dentro do <strong>programa das aulas<\/strong> ser\u00e3o ensinados <strong>pratos da culin\u00e1ria tradicional paulista<\/strong>. Al\u00e9m dos alunos serem <strong>capacitados para empreender<\/strong> no setor com no\u00e7\u00f5es de precifica\u00e7\u00e3o, constru\u00e7\u00e3o de um plano de neg\u00f3cios, entre outros conte\u00fados oferecidos em parceria com o <strong>Sebrae<\/strong>.<\/p>\n<h4 class=\"wp-block-heading\"><strong>Servi\u00e7o:<\/strong><\/h4>\n<p><strong>Curso de culin\u00e1ria \u201cCozinha Paulista<\/strong><\/p>\n<p>Inscri\u00e7\u00f5es: at\u00e9 9 de maio<br \/>In\u00edcio das aulas: 13 de maio<br \/>Local:  rua Get\u00falio Vargas, 91, bairro Sorocabano<br \/>Faixa et\u00e1ria: jovens a partir de 16 anos<br \/>Carga hor\u00e1ria: 96 horas<br \/>Gratuito<\/p>\n<p>SAIBA MAIS <\/p>\n<p>Nomes de cidades nas placas de carros podem voltar? Entenda<\/p>\n<h4 class=\"wp-block-heading\"><strong>FIQUE ON<\/strong><\/h4>\n<p>Fique ligado em tudo que acontece em Ribeir\u00e3o Preto e regi\u00e3o. Siga os perfis do\u00a0<strong>acidade on<\/strong>\u00a0no<a href=\"https:\/\/www.instagram.com\/acidadeonribeirao\" target=\"_blank\" rel=\"noreferrer noopener\">\u00a0Instagram<\/a>\u00a0e no\u00a0<a href=\"https:\/\/www.facebook.com\/acidadeonribeirao\" target=\"_blank\" rel=\"noreferrer noopener\">Facebook.<\/a><\/p>\n<p>Receba not\u00edcias do<strong>\u00a0acidade on\u00a0<\/strong>no WhatsApp.\u00a0<a href=\"https:\/\/chat.whatsapp.com\/GFH9HUMUTHNFJdnyEd0xxq\" target=\"_blank\" rel=\"noreferrer noopener\">Para entrar no grupo, basta clicar aqui.<\/a><\/p>\n<p>Fa\u00e7a uma den\u00fancia ou sugira uma reportagem sobre Ribeir\u00e3o Preto e regi\u00e3o pelo WhatsApp: 16 99117 7802.<\/p>\n<p>VEJA TAMB\u00c9M<br \/>DPVAT vai voltar? Saiba como receber o dinheiro do seguro<\/p>\n<p><!-- AI CONTENT END 1 -->\n<\/div>\n<\/div>\n<p><script async src=\"\/\/www.instagram.com\/embed.js\"><\/script><br \/>\n<br \/><br \/>\n<br \/><a href=\"https:\/\/www.acidadeon.com\/ribeiraopreto\/cotidiano\/curso-de-culinaria-gratuito-esta-com-inscricoes-abertas-na-regiao-de-ribeirao-preto1\/\">Source link <\/a><\/p>\n<!-- CONTENT END 1 -->\n","protected":false},"excerpt":{"rendered":"<p>Para quem busca oportunidade no mercado de trabalho e gosta da \u00e1rea de gastronomia, est\u00e3o abertas as inscri\u00e7\u00f5es para o curso de culin\u00e1ria do projeto&#8230;<\/p>\n","protected":false},"author":1,"featured_media":46395,"comment_status":"open","ping_status":"open","sticky":false,"template":"","format":"standard","meta":{"advanced_seo_description":"","jetpack_seo_html_title":"","jetpack_seo_noindex":false,"jetpack_post_was_ever_published":false,"_jetpack_newsletter_access":"","_jetpack_dont_email_post_to_subs":false,"_jetpack_newsletter_tier_id":0,"_jetpack_memberships_contains_paywalled_content":false,"_jetpack_memberships_contains_paid_content":false,"footnotes":"","jetpack_publicize_message":"","jetpack_publicize_feature_enabled":true,"jetpack_social_post_already_shared":true,"jetpack_social_options":{"image_generator_settings":{"template":"highway","default_image_id":0,"font":"","enabled":false},"version":2}},"categories":[11],"tags":[],"class_list":["post-46394","post","type-post","status-publish","format-standard","has-post-thumbnail","hentry","category-noticias-de-ribeirao-preto-sp-e-regiao-ismael-colosi"],"jetpack_publicize_connections":[],"jetpack_featured_media_url":"https:\/\/i0.wp.com\/noticiasribeiraopreto.com.br\/wp-content\/uploads\/2024\/04\/download.png?fit=1920%2C1280&ssl=1","jetpack-related-posts":[{"id":46384,"url":"https:\/\/noticiasribeiraopreto.com.br\/index.php\/2024\/04\/11\/curso-de-culinaria-gratuito-esta-com-inscricoes-abertas-na-regiao-de-ribeirao-preto\/","url_meta":{"origin":46394,"position":0},"title":"Curso de culin\u00e1ria gratuito est\u00e1 com inscri\u00e7\u00f5es abertas na regi\u00e3o de Ribeir\u00e3o Preto","author":"noticiasribeiraopreto.com.br","date":"11 de April de 2024","format":false,"excerpt":"Para quem busca oportunidade no mercado de trabalho e gosta da \u00e1rea de gastronomia, est\u00e3o abertas as inscri\u00e7\u00f5es para o curso de culin\u00e1ria do projeto Cozinha Paulista. Em Jaboticabal, cidade a 57 quil\u00f4metros de Ribeir\u00e3o Preto, s\u00e3o 50 vagas dispon\u00edveis para jovens a partir de 16 anos de idade que\u2026","rel":"","context":"In &quot;Not\u00edcias de Ribeir\u00e3o Preto-SP e Regi\u00e3o&quot;","block_context":{"text":"Not\u00edcias de Ribeir\u00e3o Preto-SP e Regi\u00e3o","link":"https:\/\/noticiasribeiraopreto.com.br\/index.php\/category\/noticias-de-ribeirao-preto-sp-e-regiao-ismael-colosi\/"},"img":{"alt_text":"","src":"https:\/\/i0.wp.com\/noticiasribeiraopreto.com.br\/wp-content\/uploads\/2024\/04\/Copia-de-Copia-de-TAMANHO-EXATO-PARA-FOTOS-NO-SISTEMA-NOVO-3-1.png?fit=1200%2C675&ssl=1&resize=350%2C200","width":350,"height":200,"srcset":"https:\/\/i0.wp.com\/noticiasribeiraopreto.com.br\/wp-content\/uploads\/2024\/04\/Copia-de-Copia-de-TAMANHO-EXATO-PARA-FOTOS-NO-SISTEMA-NOVO-3-1.png?fit=1200%2C675&ssl=1&resize=350%2C200 1x, https:\/\/i0.wp.com\/noticiasribeiraopreto.com.br\/wp-content\/uploads\/2024\/04\/Copia-de-Copia-de-TAMANHO-EXATO-PARA-FOTOS-NO-SISTEMA-NOVO-3-1.png?fit=1200%2C675&ssl=1&resize=525%2C300 1.5x, https:\/\/i0.wp.com\/noticiasribeiraopreto.com.br\/wp-content\/uploads\/2024\/04\/Copia-de-Copia-de-TAMANHO-EXATO-PARA-FOTOS-NO-SISTEMA-NOVO-3-1.png?fit=1200%2C675&ssl=1&resize=700%2C400 2x, https:\/\/i0.wp.com\/noticiasribeiraopreto.com.br\/wp-content\/uploads\/2024\/04\/Copia-de-Copia-de-TAMANHO-EXATO-PARA-FOTOS-NO-SISTEMA-NOVO-3-1.png?fit=1200%2C675&ssl=1&resize=1050%2C600 3x"},"classes":[]},{"id":79744,"url":"https:\/\/noticiasribeiraopreto.com.br\/index.php\/2025\/11\/06\/ribeirao-oferece-382-vagas-para-cursos-gratuitos-veja-como-participar\/","url_meta":{"origin":46394,"position":1},"title":"Ribeir\u00e3o oferece 382 vagas para cursos gratuitos; veja como participar","author":"noticiasribeiraopreto.com.br","date":"6 de November de 2025","format":false,"excerpt":"Ribeir\u00e3o Preto abre na pr\u00f3xima segunda-feira (10), as inscri\u00e7\u00f5es para 382 vagas em 26 cursos gratuitos, oferecidos pelo Centro de Qualifica\u00e7\u00e3o Social e Profissional do munic\u00edpio. Entre as oportunidades est\u00e3o cursos de est\u00e9tica, panifica\u00e7\u00e3o, culin\u00e1ria natalina, empreendedorismo e administra\u00e7\u00e3o \u2013 veja a lista completa logo abaixo. De acordo com a\u2026","rel":"","context":"In &quot;Not\u00edcias de Ribeir\u00e3o Preto-SP e Regi\u00e3o&quot;","block_context":{"text":"Not\u00edcias de Ribeir\u00e3o Preto-SP e Regi\u00e3o","link":"https:\/\/noticiasribeiraopreto.com.br\/index.php\/category\/noticias-de-ribeirao-preto-sp-e-regiao-ismael-colosi\/"},"img":{"alt_text":"","src":"https:\/\/i0.wp.com\/noticiasribeiraopreto.com.br\/wp-content\/uploads\/2025\/11\/centro-de-qualificacao_2025-04-16_19-24-49_jpg_2025-04-16_19-24-49.webp.webp?fit=1000%2C667&ssl=1&resize=350%2C200","width":350,"height":200,"srcset":"https:\/\/i0.wp.com\/noticiasribeiraopreto.com.br\/wp-content\/uploads\/2025\/11\/centro-de-qualificacao_2025-04-16_19-24-49_jpg_2025-04-16_19-24-49.webp.webp?fit=1000%2C667&ssl=1&resize=350%2C200 1x, https:\/\/i0.wp.com\/noticiasribeiraopreto.com.br\/wp-content\/uploads\/2025\/11\/centro-de-qualificacao_2025-04-16_19-24-49_jpg_2025-04-16_19-24-49.webp.webp?fit=1000%2C667&ssl=1&resize=525%2C300 1.5x, https:\/\/i0.wp.com\/noticiasribeiraopreto.com.br\/wp-content\/uploads\/2025\/11\/centro-de-qualificacao_2025-04-16_19-24-49_jpg_2025-04-16_19-24-49.webp.webp?fit=1000%2C667&ssl=1&resize=700%2C400 2x"},"classes":[]},{"id":32677,"url":"https:\/\/noticiasribeiraopreto.com.br\/index.php\/2024\/01\/26\/funtec-esta-com-inscricoes-abertas-para-29-cursos-gratuitos-em-ribeirao-preto\/","url_meta":{"origin":46394,"position":2},"title":"Funtec est\u00e1 com inscri\u00e7\u00f5es abertas para 29 cursos gratuitos em Ribeir\u00e3o Preto","author":"noticiasribeiraopreto.com.br","date":"26 de January de 2024","format":false,"excerpt":"A Prefeitura de Ribeir\u00e3o Preto informou, nesta quinta-feira (25), que a Funtec (Funda\u00e7\u00e3o de Forma\u00e7\u00e3o Tecnol\u00f3gica) est\u00e1 com as inscri\u00e7\u00f5es abertas para 29 cursos de qualifica\u00e7\u00e3o profissional. Os interessados devem procurar a sede da funda\u00e7\u00e3o na rua \u00c1lvares Cabral, 629, no Centro da cidade, entre \u00e0s 9h e \u00e0s 16h30h,\u2026","rel":"","context":"In &quot;Not\u00edcias de Ribeir\u00e3o Preto-SP e Regi\u00e3o&quot;","block_context":{"text":"Not\u00edcias de Ribeir\u00e3o Preto-SP e Regi\u00e3o","link":"https:\/\/noticiasribeiraopreto.com.br\/index.php\/category\/noticias-de-ribeirao-preto-sp-e-regiao-ismael-colosi\/"},"img":{"alt_text":"","src":"https:\/\/i0.wp.com\/noticiasribeiraopreto.com.br\/wp-content\/uploads\/2024\/01\/cursos_funtec_-_foto_guilherme_sircili_4.jpg?fit=1200%2C799&ssl=1&resize=350%2C200","width":350,"height":200,"srcset":"https:\/\/i0.wp.com\/noticiasribeiraopreto.com.br\/wp-content\/uploads\/2024\/01\/cursos_funtec_-_foto_guilherme_sircili_4.jpg?fit=1200%2C799&ssl=1&resize=350%2C200 1x, https:\/\/i0.wp.com\/noticiasribeiraopreto.com.br\/wp-content\/uploads\/2024\/01\/cursos_funtec_-_foto_guilherme_sircili_4.jpg?fit=1200%2C799&ssl=1&resize=525%2C300 1.5x, https:\/\/i0.wp.com\/noticiasribeiraopreto.com.br\/wp-content\/uploads\/2024\/01\/cursos_funtec_-_foto_guilherme_sircili_4.jpg?fit=1200%2C799&ssl=1&resize=700%2C400 2x, https:\/\/i0.wp.com\/noticiasribeiraopreto.com.br\/wp-content\/uploads\/2024\/01\/cursos_funtec_-_foto_guilherme_sircili_4.jpg?fit=1200%2C799&ssl=1&resize=1050%2C600 3x"},"classes":[]},{"id":43500,"url":"https:\/\/noticiasribeiraopreto.com.br\/index.php\/2024\/03\/21\/ribeirao-preto-esta-com-inscricoes-abertas-para-cursos-profissionalizantes-gratuitos-veja-opcoes\/","url_meta":{"origin":46394,"position":3},"title":"Ribeir\u00e3o Preto est\u00e1 com inscri\u00e7\u00f5es abertas para cursos profissionalizantes gratuitos; Veja op\u00e7\u00f5es","author":"noticiasribeiraopreto.com.br","date":"21 de March de 2024","format":false,"excerpt":"O Centro de Qualifica\u00e7\u00e3o Social e Profissional de Ribeir\u00e3o Preto est\u00e1 com as inscri\u00e7\u00f5es abertas para diferentes cursos profissionalizantes, em seis locais diferentes da cidade. No total, 230 vagas est\u00e3o sendo ofertadas. Por meio da Secretaria de Assist\u00eancia Social, os cursos buscam \u201cproporcionar aos alunos uma forma\u00e7\u00e3o abrangente e alinhada\u2026","rel":"","context":"In &quot;Not\u00edcias de Ribeir\u00e3o Preto-SP e Regi\u00e3o&quot;","block_context":{"text":"Not\u00edcias de Ribeir\u00e3o Preto-SP e Regi\u00e3o","link":"https:\/\/noticiasribeiraopreto.com.br\/index.php\/category\/noticias-de-ribeirao-preto-sp-e-regiao-ismael-colosi\/"},"img":{"alt_text":"","src":"https:\/\/i0.wp.com\/noticiasribeiraopreto.com.br\/wp-content\/uploads\/2024\/03\/centro_de_1200x675_06042022214121.jpg?fit=1200%2C674&ssl=1&resize=350%2C200","width":350,"height":200,"srcset":"https:\/\/i0.wp.com\/noticiasribeiraopreto.com.br\/wp-content\/uploads\/2024\/03\/centro_de_1200x675_06042022214121.jpg?fit=1200%2C674&ssl=1&resize=350%2C200 1x, https:\/\/i0.wp.com\/noticiasribeiraopreto.com.br\/wp-content\/uploads\/2024\/03\/centro_de_1200x675_06042022214121.jpg?fit=1200%2C674&ssl=1&resize=525%2C300 1.5x, https:\/\/i0.wp.com\/noticiasribeiraopreto.com.br\/wp-content\/uploads\/2024\/03\/centro_de_1200x675_06042022214121.jpg?fit=1200%2C674&ssl=1&resize=700%2C400 2x, https:\/\/i0.wp.com\/noticiasribeiraopreto.com.br\/wp-content\/uploads\/2024\/03\/centro_de_1200x675_06042022214121.jpg?fit=1200%2C674&ssl=1&resize=1050%2C600 3x"},"classes":[]},{"id":84270,"url":"https:\/\/noticiasribeiraopreto.com.br\/index.php\/2026\/04\/06\/caminho-da-capacitacao-abre-inscricoes-para-cursos-gratuitos-na-regiao-de-ribeirao-preto\/","url_meta":{"origin":46394,"position":4},"title":"Caminho da Capacita\u00e7\u00e3o abre inscri\u00e7\u00f5es para cursos gratuitos na regi\u00e3o de Ribeir\u00e3o Preto","author":"noticiasribeiraopreto.com.br","date":"6 de April de 2026","format":false,"excerpt":"Ler o resumo da not\u00edcia Caminho da Capacita\u00e7\u00e3o abre inscri\u00e7\u00f5es para cursos gratuitos na regi\u00e3o de Ribeir\u00e3o Preto O programa Caminho da Capacita\u00e7\u00e3o, do Fundo Social de S\u00e3o Paulo, chega pela primeira vez \u00e0 regi\u00e3o de Ribeir\u00e3o Preto com inscri\u00e7\u00f5es abertas para cursos gratuitos de qualifica\u00e7\u00e3o profissional. As aulas ser\u00e3o\u2026","rel":"","context":"In &quot;Not\u00edcias de Ribeir\u00e3o Preto-SP e Regi\u00e3o&quot;","block_context":{"text":"Not\u00edcias de Ribeir\u00e3o Preto-SP e Regi\u00e3o","link":"https:\/\/noticiasribeiraopreto.com.br\/index.php\/category\/noticias-de-ribeirao-preto-sp-e-regiao-ismael-colosi\/"},"img":{"alt_text":"","src":"https:\/\/i0.wp.com\/noticiasribeiraopreto.com.br\/wp-content\/uploads\/2026\/04\/caminho-da-capacitacao-2_2026-04-06_18-03-32.webp.webp?fit=750%2C347&ssl=1&resize=350%2C200","width":350,"height":200,"srcset":"https:\/\/i0.wp.com\/noticiasribeiraopreto.com.br\/wp-content\/uploads\/2026\/04\/caminho-da-capacitacao-2_2026-04-06_18-03-32.webp.webp?fit=750%2C347&ssl=1&resize=350%2C200 1x, https:\/\/i0.wp.com\/noticiasribeiraopreto.com.br\/wp-content\/uploads\/2026\/04\/caminho-da-capacitacao-2_2026-04-06_18-03-32.webp.webp?fit=750%2C347&ssl=1&resize=525%2C300 1.5x, https:\/\/i0.wp.com\/noticiasribeiraopreto.com.br\/wp-content\/uploads\/2026\/04\/caminho-da-capacitacao-2_2026-04-06_18-03-32.webp.webp?fit=750%2C347&ssl=1&resize=700%2C400 2x"},"classes":[]},{"id":76235,"url":"https:\/\/noticiasribeiraopreto.com.br\/index.php\/2025\/08\/25\/ribeirao-preto-tem-mais-de-300-vagas-em-cursos-gratuitos-confira-opcoes\/","url_meta":{"origin":46394,"position":5},"title":"Ribeir\u00e3o Preto tem mais de 300 vagas em cursos gratuitos; Confira op\u00e7\u00f5es","author":"noticiasribeiraopreto.com.br","date":"25 de August de 2025","format":false,"excerpt":"Ribeir\u00e3o Preto est\u00e1 com inscri\u00e7\u00f5es abertas para 306 vagas em 20 cursos profissionalizantes gratuitos. As aulas acontecem na sede do Centro de Qualifica\u00e7\u00e3o Social e Profissional, no bairro Ipiranga, nos per\u00edodos da manh\u00e3 e da tarde. Entre as op\u00e7\u00f5es est\u00e3o os cursos de \u201cAtendimento ao Cliente\u201d, \u201cPetiscos e Por\u00e7\u00f5es\u201d, \u201cPanifica\u00e7\u00e3o\u2026","rel":"","context":"In &quot;Not\u00edcias de Ribeir\u00e3o Preto-SP e Regi\u00e3o&quot;","block_context":{"text":"Not\u00edcias de Ribeir\u00e3o Preto-SP e Regi\u00e3o","link":"https:\/\/noticiasribeiraopreto.com.br\/index.php\/category\/noticias-de-ribeirao-preto-sp-e-regiao-ismael-colosi\/"},"img":{"alt_text":"","src":"https:\/\/i0.wp.com\/noticiasribeiraopreto.com.br\/wp-content\/uploads\/2025\/08\/cursos_centro_qualificacao_-_foto_guilherme_sircili_136_2025-08-25_12-41-51.webp.webp?fit=1200%2C800&ssl=1&resize=350%2C200","width":350,"height":200,"srcset":"https:\/\/i0.wp.com\/noticiasribeiraopreto.com.br\/wp-content\/uploads\/2025\/08\/cursos_centro_qualificacao_-_foto_guilherme_sircili_136_2025-08-25_12-41-51.webp.webp?fit=1200%2C800&ssl=1&resize=350%2C200 1x, https:\/\/i0.wp.com\/noticiasribeiraopreto.com.br\/wp-content\/uploads\/2025\/08\/cursos_centro_qualificacao_-_foto_guilherme_sircili_136_2025-08-25_12-41-51.webp.webp?fit=1200%2C800&ssl=1&resize=525%2C300 1.5x, https:\/\/i0.wp.com\/noticiasribeiraopreto.com.br\/wp-content\/uploads\/2025\/08\/cursos_centro_qualificacao_-_foto_guilherme_sircili_136_2025-08-25_12-41-51.webp.webp?fit=1200%2C800&ssl=1&resize=700%2C400 2x, https:\/\/i0.wp.com\/noticiasribeiraopreto.com.br\/wp-content\/uploads\/2025\/08\/cursos_centro_qualificacao_-_foto_guilherme_sircili_136_2025-08-25_12-41-51.webp.webp?fit=1200%2C800&ssl=1&resize=1050%2C600 3x"},"classes":[]}],"jetpack_sharing_enabled":true,"jetpack_shortlink":"https:\/\/wp.me\/peQAOb-c4i","_links":{"self":[{"href":"https:\/\/noticiasribeiraopreto.com.br\/index.php\/wp-json\/wp\/v2\/posts\/46394","targetHints":{"allow":["GET"]}}],"collection":[{"href":"https:\/\/noticiasribeiraopreto.com.br\/index.php\/wp-json\/wp\/v2\/posts"}],"about":[{"href":"https:\/\/noticiasribeiraopreto.com.br\/index.php\/wp-json\/wp\/v2\/types\/post"}],"author":[{"embeddable":true,"href":"https:\/\/noticiasribeiraopreto.com.br\/index.php\/wp-json\/wp\/v2\/users\/1"}],"replies":[{"embeddable":true,"href":"https:\/\/noticiasribeiraopreto.com.br\/index.php\/wp-json\/wp\/v2\/comments?post=46394"}],"version-history":[{"count":0,"href":"https:\/\/noticiasribeiraopreto.com.br\/index.php\/wp-json\/wp\/v2\/posts\/46394\/revisions"}],"wp:featuredmedia":[{"embeddable":true,"href":"https:\/\/noticiasribeiraopreto.com.br\/index.php\/wp-json\/wp\/v2\/media\/46395"}],"wp:attachment":[{"href":"https:\/\/noticiasribeiraopreto.com.br\/index.php\/wp-json\/wp\/v2\/media?parent=46394"}],"wp:term":[{"taxonomy":"category","embeddable":true,"href":"https:\/\/noticiasribeiraopreto.com.br\/index.php\/wp-json\/wp\/v2\/categories?post=46394"},{"taxonomy":"post_tag","embeddable":true,"href":"https:\/\/noticiasribeiraopreto.com.br\/index.php\/wp-json\/wp\/v2\/tags?post=46394"}],"curies":[{"name":"wp","href":"https:\/\/api.w.org\/{rel}","templated":true}]}}