{"id":46402,"date":"2024-04-11T14:03:09","date_gmt":"2024-04-11T17:03:09","guid":{"rendered":"https:\/\/noticiasribeiraopreto.com.br\/index.php\/2024\/04\/11\/prefeitura-na-regiao-de-ribeirao-preto-abre-processo-seletivo-veja-como-participar\/"},"modified":"2024-04-11T14:03:09","modified_gmt":"2024-04-11T17:03:09","slug":"prefeitura-na-regiao-de-ribeirao-preto-abre-processo-seletivo-veja-como-participar","status":"publish","type":"post","link":"https:\/\/noticiasribeiraopreto.com.br\/index.php\/2024\/04\/11\/prefeitura-na-regiao-de-ribeirao-preto-abre-processo-seletivo-veja-como-participar\/","title":{"rendered":"Prefeitura na regi\u00e3o de Ribeir\u00e3o Preto abre processo seletivo; Veja como participar"},"content":{"rendered":"<div class='code-block code-block-1' style='margin: 8px 0 8px auto; text-align: right; display: block; clear: both;'>\n<p><a href=\"https:\/\/wa.link\/vpicfd\"><img data-recalc-dims=\"1\" class=\"wp-image-4922\" style=\"aspect-ratio: 2.0253164556962027; width: 561px; height: auto;\" src=\"https:\/\/i0.wp.com\/ismaelcolosi.com.br\/wp-content\/uploads\/2023\/11\/grupo-de-empregos-whatsapp-e-facebook-ismael-colosi-vagas.jpg?ssl=1\" alt=\"\" \/><\/a><\/p>\n<!-- \/wp:image -->\n<\/div>\n<p> <br \/>\n<\/p>\n<p>A <strong><a href=\"https:\/\/www.jardinopolis.sp.gov.br\/portal\/editais\/0\/3\/1500\/\" target=\"_blank\" rel=\"noreferrer noopener nofollow\">Prefeitura de Jardin\u00f3polis<\/a><\/strong>, na regi\u00e3o de <strong>Ribeir\u00e3o Preto<\/strong>, abriu <strong>processo seletivo<\/strong> <mark style=\"background-color:#fcb900\" class=\"has-inline-color has-black-color\">para o cadastro de reserva de professores em 11 \u00e1reas de ensino<\/mark>. Os vencimentos s\u00e3o de R$ 22,11 hora\/aula para cargas hor\u00e1rias de 18 e 25 horas semanais.<\/p>\n<p>As inscri\u00e7\u00f5es devem ser realizadas na internet (<a href=\"https:\/\/portal.asectta.com.br\/edital\/ver\/35\" target=\"_blank\" rel=\"noreferrer noopener nofollow\">clique aqui<\/a>) at\u00e9 as 16h do dia 22 de abril. O valor da taxa de inscri\u00e7\u00e3o custa R$ 60.<\/p>\n<h4 class=\"wp-block-heading\"><strong>Veja as vagas dispon\u00edveis<\/strong><\/h4>\n<ul>\n<li>Professor de educa\u00e7\u00e3o b\u00e1sica I, professor de educa\u00e7\u00e3o b\u00e1sica II \u2013 educa\u00e7\u00e3o especial, Libras, arte, ci\u00eancias da natureza, educa\u00e7\u00e3o f\u00edsica, geografia, hist\u00f3ria, L\u00edngua Inglesa, L\u00edngua Portuguesa, matem\u00e1tica.<\/li>\n<\/ul>\n<p>A prova objetiva ser\u00e1 realizada em Jardin\u00f3polis no dia 5 de maio de 2024. O edital completo pode ser conferido <strong><a href=\"https:\/\/www.jardinopolis.sp.gov.br\/portal\/editais\/0\/3\/1500\/\" target=\"_blank\" rel=\"noreferrer noopener nofollow\">clicando aqui<\/a><\/strong>.<\/p>\n<p>SAIBA MAIS<br \/>Curso de culin\u00e1ria gratuito est\u00e1 com inscri\u00e7\u00f5es abertas na regi\u00e3o de Ribeir\u00e3o Preto<\/p>\n<h4 class=\"wp-block-heading\"><strong>FIQUE ON<\/strong><\/h4>\n<p>Fique ligado em tudo que acontece em Ribeir\u00e3o Preto e regi\u00e3o. Siga os perfis do <strong>acidade on <\/strong>no <a href=\"https:\/\/www.instagram.com\/acidadeonribeirao\" target=\"_blank\" rel=\"noreferrer noopener nofollow\">Instagram<\/a> e no <a href=\"https:\/\/www.facebook.com\/acidadeonribeirao\" target=\"_blank\" rel=\"noreferrer noopener nofollow\">Facebook<\/a>.<\/p>\n<p>Receba not\u00edcias do<strong> acidade on<\/strong> no WhatsApp.<a href=\"https:\/\/chat.whatsapp.com\/GFH9HUMUTHNFJdnyEd0xxq\" target=\"_blank\" rel=\"noreferrer noopener nofollow\"> Para entrar no grupo, basta clicar aqui.<\/a><\/p>\n<p>Fa\u00e7a uma den\u00fancia ou sugira uma reportagem sobre Ribeir\u00e3o Preto e regi\u00e3o pelo WhatsApp: 16 99117 7802.<\/p>\n<p>VEJA TAMB\u00c9M<br \/>DPVAT vai voltar? Saiba como receber o dinheiro do seguro<\/p>\n<p>O post Prefeitura na regi\u00e3o de Ribeir\u00e3o Preto abre processo seletivo; Veja como participar apareceu primeiro em ACidade ON Ribeir\u00e3o Preto.<\/p>\n<p><script async src=\"\/\/www.instagram.com\/embed.js\"><\/script><br \/>\n<br \/><br \/>\n<br \/><a href=\"https:\/\/www.acidadeon.com\/ribeiraopreto\/economia\/prefeitura-na-regiao-de-ribeirao-preto-abre-processo-seletivo-veja-como-participar\/\">Source link <\/a><\/p>\n<!-- CONTENT END 1 -->\n","protected":false},"excerpt":{"rendered":"<p>A Prefeitura de Jardin\u00f3polis, na regi\u00e3o de Ribeir\u00e3o Preto, abriu processo seletivo para o cadastro de reserva de professores em 11 \u00e1reas de ensino. Os&#8230;<\/p>\n","protected":false},"author":1,"featured_media":46403,"comment_status":"open","ping_status":"open","sticky":false,"template":"","format":"standard","meta":{"advanced_seo_description":"","jetpack_seo_html_title":"","jetpack_seo_noindex":false,"jetpack_post_was_ever_published":false,"_jetpack_newsletter_access":"","_jetpack_dont_email_post_to_subs":false,"_jetpack_newsletter_tier_id":0,"_jetpack_memberships_contains_paywalled_content":false,"_jetpack_memberships_contains_paid_content":false,"footnotes":"","jetpack_publicize_message":"","jetpack_publicize_feature_enabled":true,"jetpack_social_post_already_shared":true,"jetpack_social_options":{"image_generator_settings":{"template":"highway","default_image_id":0,"font":"","enabled":false},"version":2}},"categories":[11],"tags":[],"class_list":["post-46402","post","type-post","status-publish","format-standard","has-post-thumbnail","hentry","category-noticias-de-ribeirao-preto-sp-e-regiao-ismael-colosi"],"jetpack_publicize_connections":[],"jetpack_featured_media_url":"https:\/\/i0.wp.com\/noticiasribeiraopreto.com.br\/wp-content\/uploads\/2024\/04\/AnyConv.com__sala-de-aulas.webp.webp?fit=1170%2C779&ssl=1","jetpack-related-posts":[{"id":78018,"url":"https:\/\/noticiasribeiraopreto.com.br\/index.php\/2025\/09\/30\/prefeitura-na-regiao-de-ribeirao-abre-processo-seletivo-para-professores-salarios-chegam-a-r-38-mil\/","url_meta":{"origin":46402,"position":0},"title":"Prefeitura na regi\u00e3o de Ribeir\u00e3o abre processo seletivo para professores; Sal\u00e1rios chegam a R$ 3,8 mil","author":"noticiasribeiraopreto.com.br","date":"30 de September de 2025","format":false,"excerpt":"A Prefeitura de Jaboticabal, cidade na regi\u00e3o de Ribeir\u00e3o Preto, abriu processo seletivo para forma\u00e7\u00e3o de cadastro reserva no cargo de professor. As vagas abrangem diferentes \u00e1reas de atua\u00e7\u00e3o, com remunera\u00e7\u00e3o entre R$ 25,78 e R$ 29,93 por hora\/aula \u2013 veja as oportunidades logo abaixo. Para a fun\u00e7\u00e3o de Professor\u2026","rel":"","context":"In &quot;Not\u00edcias de Ribeir\u00e3o Preto-SP e Regi\u00e3o&quot;","block_context":{"text":"Not\u00edcias de Ribeir\u00e3o Preto-SP e Regi\u00e3o","link":"https:\/\/noticiasribeiraopreto.com.br\/index.php\/category\/noticias-de-ribeirao-preto-sp-e-regiao-ismael-colosi\/"},"img":{"alt_text":"","src":"https:\/\/i0.wp.com\/noticiasribeiraopreto.com.br\/wp-content\/uploads\/2025\/06\/concurso-publico-7_2025-01-22_20-01-23_jpg_2025-01-22_20-01-23.webp.webp?fit=1200%2C800&ssl=1&resize=350%2C200","width":350,"height":200,"srcset":"https:\/\/i0.wp.com\/noticiasribeiraopreto.com.br\/wp-content\/uploads\/2025\/06\/concurso-publico-7_2025-01-22_20-01-23_jpg_2025-01-22_20-01-23.webp.webp?fit=1200%2C800&ssl=1&resize=350%2C200 1x, https:\/\/i0.wp.com\/noticiasribeiraopreto.com.br\/wp-content\/uploads\/2025\/06\/concurso-publico-7_2025-01-22_20-01-23_jpg_2025-01-22_20-01-23.webp.webp?fit=1200%2C800&ssl=1&resize=525%2C300 1.5x, https:\/\/i0.wp.com\/noticiasribeiraopreto.com.br\/wp-content\/uploads\/2025\/06\/concurso-publico-7_2025-01-22_20-01-23_jpg_2025-01-22_20-01-23.webp.webp?fit=1200%2C800&ssl=1&resize=700%2C400 2x, https:\/\/i0.wp.com\/noticiasribeiraopreto.com.br\/wp-content\/uploads\/2025\/06\/concurso-publico-7_2025-01-22_20-01-23_jpg_2025-01-22_20-01-23.webp.webp?fit=1200%2C800&ssl=1&resize=1050%2C600 3x"},"classes":[]},{"id":82602,"url":"https:\/\/noticiasribeiraopreto.com.br\/index.php\/2026\/02\/20\/prefeitura-no-interior-de-sp-abre-processo-seletivo-com-salarios-de-ate-r-54-mil\/","url_meta":{"origin":46402,"position":1},"title":"Prefeitura no interior de SP abre processo seletivo com sal\u00e1rios de at\u00e9 R$ 5,4 mil","author":"noticiasribeiraopreto.com.br","date":"20 de February de 2026","format":false,"excerpt":"A Prefeitura de Ituverava, no interior de S\u00e3o Paulo, publicou um edital de processo seletivo que pretende contratar profissionais de n\u00edvel m\u00e9dio e superior. As vagas s\u00e3o para diferentes cargos e os sal\u00e1rios variam entre R$ 2.008,43 e R$ 5.495,96 \u2013 veja abaixo. A remunera\u00e7\u00e3o para as oportunidades de professor\u2026","rel":"","context":"In &quot;Not\u00edcias de Ribeir\u00e3o Preto-SP e Regi\u00e3o&quot;","block_context":{"text":"Not\u00edcias de Ribeir\u00e3o Preto-SP e Regi\u00e3o","link":"https:\/\/noticiasribeiraopreto.com.br\/index.php\/category\/noticias-de-ribeirao-preto-sp-e-regiao-ismael-colosi\/"},"img":{"alt_text":"","src":"https:\/\/i0.wp.com\/noticiasribeiraopreto.com.br\/wp-content\/uploads\/2026\/02\/Copia-de-Copia-de-TAMANHO-EXATO-PARA-FOTOS-NO-SISTEMA-NOVO-53_2024-05-27_20-53-10_jpg_2024-05-27_20-53-10.webp.webp?fit=1200%2C675&ssl=1&resize=350%2C200","width":350,"height":200,"srcset":"https:\/\/i0.wp.com\/noticiasribeiraopreto.com.br\/wp-content\/uploads\/2026\/02\/Copia-de-Copia-de-TAMANHO-EXATO-PARA-FOTOS-NO-SISTEMA-NOVO-53_2024-05-27_20-53-10_jpg_2024-05-27_20-53-10.webp.webp?fit=1200%2C675&ssl=1&resize=350%2C200 1x, https:\/\/i0.wp.com\/noticiasribeiraopreto.com.br\/wp-content\/uploads\/2026\/02\/Copia-de-Copia-de-TAMANHO-EXATO-PARA-FOTOS-NO-SISTEMA-NOVO-53_2024-05-27_20-53-10_jpg_2024-05-27_20-53-10.webp.webp?fit=1200%2C675&ssl=1&resize=525%2C300 1.5x, https:\/\/i0.wp.com\/noticiasribeiraopreto.com.br\/wp-content\/uploads\/2026\/02\/Copia-de-Copia-de-TAMANHO-EXATO-PARA-FOTOS-NO-SISTEMA-NOVO-53_2024-05-27_20-53-10_jpg_2024-05-27_20-53-10.webp.webp?fit=1200%2C675&ssl=1&resize=700%2C400 2x, https:\/\/i0.wp.com\/noticiasribeiraopreto.com.br\/wp-content\/uploads\/2026\/02\/Copia-de-Copia-de-TAMANHO-EXATO-PARA-FOTOS-NO-SISTEMA-NOVO-53_2024-05-27_20-53-10_jpg_2024-05-27_20-53-10.webp.webp?fit=1200%2C675&ssl=1&resize=1050%2C600 3x"},"classes":[]},{"id":77793,"url":"https:\/\/noticiasribeiraopreto.com.br\/index.php\/2025\/09\/25\/ribeirao-preto-abre-processo-seletivo-para-contratacao-emergencial-veja-como-participar\/","url_meta":{"origin":46402,"position":2},"title":"Ribeir\u00e3o Preto abre processo seletivo para contrata\u00e7\u00e3o emergencial; Veja como participar","author":"noticiasribeiraopreto.com.br","date":"25 de September de 2025","format":false,"excerpt":"A Prefeitura de Ribeir\u00e3o Preto abriu processo seletivo para contrata\u00e7\u00e3o de professores em car\u00e1ter tempor\u00e1rio e emergencial. H\u00e1 vagas para diversas disciplinas e a remunera\u00e7\u00e3o \u00e9 de R$ 27,96 hora\/aula. As inscri\u00e7\u00f5es ser\u00e3o realizadas via Internet, no site da RBO Concursos (clique aqui) no per\u00edodo entre 26 de setembro e\u2026","rel":"","context":"In &quot;Not\u00edcias de Ribeir\u00e3o Preto-SP e Regi\u00e3o&quot;","block_context":{"text":"Not\u00edcias de Ribeir\u00e3o Preto-SP e Regi\u00e3o","link":"https:\/\/noticiasribeiraopreto.com.br\/index.php\/category\/noticias-de-ribeirao-preto-sp-e-regiao-ismael-colosi\/"},"img":{"alt_text":"","src":"https:\/\/i0.wp.com\/noticiasribeiraopreto.com.br\/wp-content\/uploads\/2025\/09\/processo-seletivo_2025-09-25_21-10-27.webp.webp?fit=1200%2C800&ssl=1&resize=350%2C200","width":350,"height":200,"srcset":"https:\/\/i0.wp.com\/noticiasribeiraopreto.com.br\/wp-content\/uploads\/2025\/09\/processo-seletivo_2025-09-25_21-10-27.webp.webp?fit=1200%2C800&ssl=1&resize=350%2C200 1x, https:\/\/i0.wp.com\/noticiasribeiraopreto.com.br\/wp-content\/uploads\/2025\/09\/processo-seletivo_2025-09-25_21-10-27.webp.webp?fit=1200%2C800&ssl=1&resize=525%2C300 1.5x, https:\/\/i0.wp.com\/noticiasribeiraopreto.com.br\/wp-content\/uploads\/2025\/09\/processo-seletivo_2025-09-25_21-10-27.webp.webp?fit=1200%2C800&ssl=1&resize=700%2C400 2x, https:\/\/i0.wp.com\/noticiasribeiraopreto.com.br\/wp-content\/uploads\/2025\/09\/processo-seletivo_2025-09-25_21-10-27.webp.webp?fit=1200%2C800&ssl=1&resize=1050%2C600 3x"},"classes":[]},{"id":79165,"url":"https:\/\/noticiasribeiraopreto.com.br\/index.php\/2025\/10\/25\/prefeitura-no-interior-de-sp-prorroga-inscricoes-para-processo-seletivo-de-professores\/","url_meta":{"origin":46402,"position":3},"title":"Prefeitura no interior de SP prorroga inscri\u00e7\u00f5es para processo seletivo de professores","author":"noticiasribeiraopreto.com.br","date":"25 de October de 2025","format":false,"excerpt":"A Prefeitura de Jaboticabal, no interior de S\u00e3o Paulo, prorrogou as inscri\u00e7\u00f5es do processo seletivo para forma\u00e7\u00e3o de cadastro reserva no cargo de professor. As oportunidades abrangem diferentes \u00e1reas de atua\u00e7\u00e3o, com remunera\u00e7\u00e3o entre R$ 25,78 e R$ 29,93 por hora\/aula \u2013 veja as oportunidades logo abaixo. Para a fun\u00e7\u00e3o\u2026","rel":"","context":"In &quot;Not\u00edcias de Ribeir\u00e3o Preto-SP e Regi\u00e3o&quot;","block_context":{"text":"Not\u00edcias de Ribeir\u00e3o Preto-SP e Regi\u00e3o","link":"https:\/\/noticiasribeiraopreto.com.br\/index.php\/category\/noticias-de-ribeirao-preto-sp-e-regiao-ismael-colosi\/"},"img":{"alt_text":"","src":"https:\/\/i0.wp.com\/noticiasribeiraopreto.com.br\/wp-content\/uploads\/2025\/10\/Copia-de-Copia-de-Copia-de-TAMANHO-EXATO-PARA-FOTOS-NO-SISTEMA-NOVO-2025-09-30T183837.662_2025-09-30_21-39-01.webp.webp?fit=1200%2C675&ssl=1&resize=350%2C200","width":350,"height":200,"srcset":"https:\/\/i0.wp.com\/noticiasribeiraopreto.com.br\/wp-content\/uploads\/2025\/10\/Copia-de-Copia-de-Copia-de-TAMANHO-EXATO-PARA-FOTOS-NO-SISTEMA-NOVO-2025-09-30T183837.662_2025-09-30_21-39-01.webp.webp?fit=1200%2C675&ssl=1&resize=350%2C200 1x, https:\/\/i0.wp.com\/noticiasribeiraopreto.com.br\/wp-content\/uploads\/2025\/10\/Copia-de-Copia-de-Copia-de-TAMANHO-EXATO-PARA-FOTOS-NO-SISTEMA-NOVO-2025-09-30T183837.662_2025-09-30_21-39-01.webp.webp?fit=1200%2C675&ssl=1&resize=525%2C300 1.5x, https:\/\/i0.wp.com\/noticiasribeiraopreto.com.br\/wp-content\/uploads\/2025\/10\/Copia-de-Copia-de-Copia-de-TAMANHO-EXATO-PARA-FOTOS-NO-SISTEMA-NOVO-2025-09-30T183837.662_2025-09-30_21-39-01.webp.webp?fit=1200%2C675&ssl=1&resize=700%2C400 2x, https:\/\/i0.wp.com\/noticiasribeiraopreto.com.br\/wp-content\/uploads\/2025\/10\/Copia-de-Copia-de-Copia-de-TAMANHO-EXATO-PARA-FOTOS-NO-SISTEMA-NOVO-2025-09-30T183837.662_2025-09-30_21-39-01.webp.webp?fit=1200%2C675&ssl=1&resize=1050%2C600 3x"},"classes":[]},{"id":54172,"url":"https:\/\/noticiasribeiraopreto.com.br\/index.php\/2024\/07\/02\/prefeitura-de-ribeirao-abre-inscricoes-para-novo-processo-seletivo-veja-como-participar\/","url_meta":{"origin":46402,"position":4},"title":"Prefeitura de Ribeir\u00e3o abre inscri\u00e7\u00f5es para novo processo seletivo; Veja como participar","author":"noticiasribeiraopreto.com.br","date":"2 de July de 2024","format":false,"excerpt":"A Prefeitura de Ribeir\u00e3o Preto publicou no Di\u00e1rio Oficial do Munic\u00edpio desta ter\u00e7a-feira (2), a abertura de processo seletivo destinado \u00e0 forma\u00e7\u00e3o de cadastro reserva para a contrata\u00e7\u00e3o de profissionais de n\u00edvel superior. As vagas s\u00e3o para a contrata\u00e7\u00e3o de professores em car\u00e1ter tempor\u00e1rio e emergencial. Os vencimentos variam entre\u2026","rel":"","context":"In &quot;Not\u00edcias de Ribeir\u00e3o Preto-SP e Regi\u00e3o&quot;","block_context":{"text":"Not\u00edcias de Ribeir\u00e3o Preto-SP e Regi\u00e3o","link":"https:\/\/noticiasribeiraopreto.com.br\/index.php\/category\/noticias-de-ribeirao-preto-sp-e-regiao-ismael-colosi\/"},"img":{"alt_text":"","src":"https:\/\/i0.wp.com\/noticiasribeiraopreto.com.br\/wp-content\/uploads\/2024\/05\/Copia-de-Copia-de-TAMANHO-EXATO-PARA-FOTOS-NO-SISTEMA-NOVO-14-1.webp.webp?fit=1200%2C675&ssl=1&resize=350%2C200","width":350,"height":200,"srcset":"https:\/\/i0.wp.com\/noticiasribeiraopreto.com.br\/wp-content\/uploads\/2024\/05\/Copia-de-Copia-de-TAMANHO-EXATO-PARA-FOTOS-NO-SISTEMA-NOVO-14-1.webp.webp?fit=1200%2C675&ssl=1&resize=350%2C200 1x, https:\/\/i0.wp.com\/noticiasribeiraopreto.com.br\/wp-content\/uploads\/2024\/05\/Copia-de-Copia-de-TAMANHO-EXATO-PARA-FOTOS-NO-SISTEMA-NOVO-14-1.webp.webp?fit=1200%2C675&ssl=1&resize=525%2C300 1.5x, https:\/\/i0.wp.com\/noticiasribeiraopreto.com.br\/wp-content\/uploads\/2024\/05\/Copia-de-Copia-de-TAMANHO-EXATO-PARA-FOTOS-NO-SISTEMA-NOVO-14-1.webp.webp?fit=1200%2C675&ssl=1&resize=700%2C400 2x, https:\/\/i0.wp.com\/noticiasribeiraopreto.com.br\/wp-content\/uploads\/2024\/05\/Copia-de-Copia-de-TAMANHO-EXATO-PARA-FOTOS-NO-SISTEMA-NOVO-14-1.webp.webp?fit=1200%2C675&ssl=1&resize=1050%2C600 3x"},"classes":[]},{"id":7566,"url":"https:\/\/noticiasribeiraopreto.com.br\/index.php\/2023\/11\/28\/prefeitura-na-regiao-de-ribeirao-abre-processo-seletivo-com-salarios-de-r-35-mil\/","url_meta":{"origin":46402,"position":5},"title":"Prefeitura na regi\u00e3o de Ribeir\u00e3o abre processo seletivo com sal\u00e1rios de R$ 3,5 mil","author":"noticiasribeiraopreto.com.br","date":"28 de November de 2023","format":false,"excerpt":"A Prefeitura de Barrinha, na regi\u00e3o de Ribeir\u00e3o Preto, est\u00e1 com as inscri\u00e7\u00f5es abertas em processo seletivo para o cadastro de reserva. Ao todo, s\u00e3o 28 fun\u00e7\u00f5es dispon\u00edveis com sal\u00e1rios de at\u00e9 R$ 3.562,50. As inscri\u00e7\u00f5es devem ser realizadas pela internet (clique aqui) at\u00e9 o dia 14 de dezembro de\u2026","rel":"","context":"In &quot;Not\u00edcias de Ribeir\u00e3o Preto-SP e Regi\u00e3o&quot;","block_context":{"text":"Not\u00edcias de Ribeir\u00e3o Preto-SP e Regi\u00e3o","link":"https:\/\/noticiasribeiraopreto.com.br\/index.php\/category\/noticias-de-ribeirao-preto-sp-e-regiao-ismael-colosi\/"},"img":{"alt_text":"","src":"https:\/\/i0.wp.com\/noticiasribeiraopreto.com.br\/wp-content\/uploads\/2023\/11\/1701185859_prova-concurso-publico-3.jpg?fit=1200%2C800&ssl=1&resize=350%2C200","width":350,"height":200,"srcset":"https:\/\/i0.wp.com\/noticiasribeiraopreto.com.br\/wp-content\/uploads\/2023\/11\/1701185859_prova-concurso-publico-3.jpg?fit=1200%2C800&ssl=1&resize=350%2C200 1x, https:\/\/i0.wp.com\/noticiasribeiraopreto.com.br\/wp-content\/uploads\/2023\/11\/1701185859_prova-concurso-publico-3.jpg?fit=1200%2C800&ssl=1&resize=525%2C300 1.5x, https:\/\/i0.wp.com\/noticiasribeiraopreto.com.br\/wp-content\/uploads\/2023\/11\/1701185859_prova-concurso-publico-3.jpg?fit=1200%2C800&ssl=1&resize=700%2C400 2x, https:\/\/i0.wp.com\/noticiasribeiraopreto.com.br\/wp-content\/uploads\/2023\/11\/1701185859_prova-concurso-publico-3.jpg?fit=1200%2C800&ssl=1&resize=1050%2C600 3x"},"classes":[]}],"jetpack_sharing_enabled":true,"jetpack_shortlink":"https:\/\/wp.me\/peQAOb-c4q","_links":{"self":[{"href":"https:\/\/noticiasribeiraopreto.com.br\/index.php\/wp-json\/wp\/v2\/posts\/46402","targetHints":{"allow":["GET"]}}],"collection":[{"href":"https:\/\/noticiasribeiraopreto.com.br\/index.php\/wp-json\/wp\/v2\/posts"}],"about":[{"href":"https:\/\/noticiasribeiraopreto.com.br\/index.php\/wp-json\/wp\/v2\/types\/post"}],"author":[{"embeddable":true,"href":"https:\/\/noticiasribeiraopreto.com.br\/index.php\/wp-json\/wp\/v2\/users\/1"}],"replies":[{"embeddable":true,"href":"https:\/\/noticiasribeiraopreto.com.br\/index.php\/wp-json\/wp\/v2\/comments?post=46402"}],"version-history":[{"count":0,"href":"https:\/\/noticiasribeiraopreto.com.br\/index.php\/wp-json\/wp\/v2\/posts\/46402\/revisions"}],"wp:featuredmedia":[{"embeddable":true,"href":"https:\/\/noticiasribeiraopreto.com.br\/index.php\/wp-json\/wp\/v2\/media\/46403"}],"wp:attachment":[{"href":"https:\/\/noticiasribeiraopreto.com.br\/index.php\/wp-json\/wp\/v2\/media?parent=46402"}],"wp:term":[{"taxonomy":"category","embeddable":true,"href":"https:\/\/noticiasribeiraopreto.com.br\/index.php\/wp-json\/wp\/v2\/categories?post=46402"},{"taxonomy":"post_tag","embeddable":true,"href":"https:\/\/noticiasribeiraopreto.com.br\/index.php\/wp-json\/wp\/v2\/tags?post=46402"}],"curies":[{"name":"wp","href":"https:\/\/api.w.org\/{rel}","templated":true}]}}