{"id":46406,"date":"2024-04-11T14:42:38","date_gmt":"2024-04-11T17:42:38","guid":{"rendered":"https:\/\/noticiasribeiraopreto.com.br\/index.php\/2024\/04\/11\/em-cartaz-confira-os-lancamentos-dos-cinemas-em-ribeirao-preto-veja-trailers\/"},"modified":"2024-04-11T14:42:38","modified_gmt":"2024-04-11T17:42:38","slug":"em-cartaz-confira-os-lancamentos-dos-cinemas-em-ribeirao-preto-veja-trailers","status":"publish","type":"post","link":"https:\/\/noticiasribeiraopreto.com.br\/index.php\/2024\/04\/11\/em-cartaz-confira-os-lancamentos-dos-cinemas-em-ribeirao-preto-veja-trailers\/","title":{"rendered":"Em Cartaz: Confira os lan\u00e7amentos dos cinemas em Ribeir\u00e3o Preto; Veja trailers"},"content":{"rendered":"<div class='code-block code-block-1' style='margin: 8px 0 8px auto; text-align: right; display: block; clear: both;'>\n<p><a href=\"https:\/\/wa.link\/vpicfd\"><img data-recalc-dims=\"1\" class=\"wp-image-4922\" style=\"aspect-ratio: 2.0253164556962027; width: 561px; height: auto;\" src=\"https:\/\/i0.wp.com\/ismaelcolosi.com.br\/wp-content\/uploads\/2023\/11\/grupo-de-empregos-whatsapp-e-facebook-ismael-colosi-vagas.jpg?ssl=1\" alt=\"\" \/><\/a><\/p>\n<!-- \/wp:image -->\n<\/div>\n<p> <br \/>\n<\/p>\n<div>\n<p>Os <strong>cinemas <\/strong>de <strong>Ribeir\u00e3o Preto<\/strong> contam com op\u00e7\u00f5es de <strong>filmes <\/strong>de diferentes g\u00eaneros e que agradam todas as idades: <strong>Ghostbusters<\/strong>, <strong>O Sabor da Vida<\/strong> e <strong>Depois da Morte<\/strong> s\u00e3o alguns dos nomes que chegam \u00e0s salas de cinema nesta <strong>quinta-feira (11)<\/strong>. <span style=\"background-color:#f7cc62\" class=\"td_text_highlight_marker\">Confira:<\/span><\/p>\n<h4 class=\"wp-block-heading\"><strong>Ghostbusters: Apocalipse de Gelo<\/strong><\/h4>\n<p>Na sequ\u00eancia da franquia<strong> Ghostbusters<\/strong>, a fam\u00edlia Spengles retorna para onde tudo come\u00e7ou: a famosa esta\u00e7\u00e3o de bombeiros em Nova Iorque. Neste filme, eles pretendem se unir aos ca\u00e7a-fantasmas originais.<\/p>\n<p>Por\u00e9m, quando a descoberta de um artefato antigo libera uma grande for\u00e7a do mal, os <strong>Ghostbusters<\/strong> das duas gera\u00e7\u00f5es precisam juntar as for\u00e7as para proteger suas casas e salvar o mundo de uma segunda<strong> Era do Gelo<\/strong>.<\/p>\n<p>O filme de a\u00e7\u00e3o e aventura de <strong>Gil Kenan<\/strong> tem <strong>classifica\u00e7\u00e3o indicativa de 12 anos<\/strong> e conta com nomes como <strong>Finn Wolfhard<\/strong>, <strong>Carrie Coon<\/strong> e <strong>Paul Rudd<\/strong> em seu elenco. <strong>Assista ao trailer:<\/strong><\/p>\n<figure class=\"wp-block-embed is-type-video is-provider-youtube wp-block-embed-youtube wp-embed-aspect-16-9 wp-has-aspect-ratio\">\n<div class=\"wp-block-embed__wrapper\">\n<p><iframe loading=\"lazy\" title=\"Ghostbusters: Apocalipse de Gelo | Trailer Oficial Dublado\" width=\"500\" height=\"281\" src=\"https:\/\/www.youtube.com\/embed\/pjzOZCXs0oo?feature=oembed\" frameborder=\"0\" allow=\"accelerometer; autoplay; clipboard-write; encrypted-media; gyroscope; picture-in-picture; web-share\" referrerpolicy=\"strict-origin-when-cross-origin\" allowfullscreen><\/iframe><\/p>\n<\/div>\n<\/figure>\n<h4 class=\"wp-block-heading\"><strong>Evid\u00eancias do Amor<\/strong><\/h4>\n<p>A com\u00e9dia rom\u00e2ntica dirigida por <strong>Pedro Antonio Paes<\/strong> \u00e9 inspirada na m\u00fasica <strong>Evid\u00eancias<\/strong>, composta por <strong>Jos\u00e9 Augusto<\/strong> e <strong>Paulo S\u00e9rgio Valle<\/strong>, e lan\u00e7ada pela dupla <strong>Chit\u00e3ozinho &amp; Xoror\u00f3<\/strong>. O filme conta a hist\u00f3ria de um casal que se apaixona ap\u00f3s os dois cantarem juntos em um karaok\u00ea.<\/p>\n<p>Em meio a muitos altos e baixos, o casal termina, mas, mesmo assim, toda vez que escuta <strong>Evid\u00eancias<\/strong>, <strong>Marco Ant\u00f4nio<\/strong>, interpretado por <strong>F\u00e1bio Porchat<\/strong>, volta \u00e0s situa\u00e7\u00f5es do passado, especificamente as discuss\u00f5es que teve com a ex, <strong>Laura<\/strong>, interpretada por <strong>Sandy Leah<\/strong>.<\/p>\n<p>A jornada de Marco inicia quando ele decide se livrar dessas lembran\u00e7as indesejadas e se livrar desta maldi\u00e7\u00e3o misteriosa. O filme tem <strong>classifica\u00e7\u00e3o indicativa de 12 anos<\/strong>. <strong>Confira o trailer:<\/strong><\/p>\n<figure class=\"wp-block-embed is-type-video is-provider-youtube wp-block-embed-youtube wp-embed-aspect-16-9 wp-has-aspect-ratio\">\n<div class=\"wp-block-embed__wrapper\">\n<p><iframe loading=\"lazy\" title=\"Evid\u00eancias do Amor | Trailer Oficial\" width=\"500\" height=\"281\" src=\"https:\/\/www.youtube.com\/embed\/hz8mfWOXFOw?feature=oembed\" frameborder=\"0\" allow=\"accelerometer; autoplay; clipboard-write; encrypted-media; gyroscope; picture-in-picture; web-share\" referrerpolicy=\"strict-origin-when-cross-origin\" allowfullscreen><\/iframe><\/p>\n<\/div>\n<\/figure>\n<h4 class=\"wp-block-heading\"><strong>O Sabor da Vida<\/strong><\/h4>\n<p>O <strong>drama rom\u00e2ntico<\/strong> se passa em<strong> 1885 <\/strong>e acompanha a vida profissional de<strong> Eugenie<\/strong>, interpretada por <strong>Juliette Binoche<\/strong>, uma conceituada cozinheira, e sua rela\u00e7\u00e3o com <strong>Dodin<\/strong>, interpretado por <strong>Beno\u00eet Magimel<\/strong>, com quem trabalha h\u00e1 20 anos.<\/p>\n<p>O romance entre os dois d\u00e1 origem a pratos deliciosos que impressionam at\u00e9 os chefs mais conceituados do mundo. Por\u00e9m, <strong>Eugenie<\/strong> n\u00e3o quer se casar, o que leva <strong>Dodin <\/strong>a fazer algo que nunca tinha feito antes: cozinhar para ela.<\/p>\n<p>A <strong>classifica\u00e7\u00e3o indicativa<\/strong> do filme \u00e9 de <strong>14 anos<\/strong>. <strong>Assista ao trailer:<\/strong><\/p>\n<figure class=\"wp-block-embed is-type-video is-provider-youtube wp-block-embed-youtube wp-embed-aspect-16-9 wp-has-aspect-ratio\">\n<div class=\"wp-block-embed__wrapper\">\n<p><iframe loading=\"lazy\" title=\"O SABOR DA VIDA | Trailer Legendado\" width=\"500\" height=\"281\" src=\"https:\/\/www.youtube.com\/embed\/dXUKHCqqFis?feature=oembed\" frameborder=\"0\" allow=\"accelerometer; autoplay; clipboard-write; encrypted-media; gyroscope; picture-in-picture; web-share\" referrerpolicy=\"strict-origin-when-cross-origin\" allowfullscreen><\/iframe><\/p>\n<\/div>\n<\/figure>\n<h4 class=\"wp-block-heading\"><strong>Depois da Morte<\/strong><\/h4>\n<p>O document\u00e1rio dirigido por <strong>Stephen Gray<\/strong> e <strong>Chris Radtke<\/strong> \u00e9 baseado em experi\u00eancias e explora a vida ap\u00f3s a morte com a orienta\u00e7\u00e3o de best-sellers do <strong>New York Times<\/strong>, especialistas, m\u00e9dicos e sobreviventes que ajudam a lan\u00e7ar uma luz sobre o que nos espera.<\/p>\n<p>O longa n\u00e3o \u00e9 recomendado para <strong>menores de 12 anos<\/strong> e tem dura\u00e7\u00e3o de <strong>1 hora e 50 minutos<\/strong>. <strong>Assista ao trailer:<\/strong><\/p>\n<figure class=\"wp-block-embed is-type-video is-provider-youtube wp-block-embed-youtube wp-embed-aspect-16-9 wp-has-aspect-ratio\">\n<div class=\"wp-block-embed__wrapper\">\n<p><iframe loading=\"lazy\" title=\"Depois da Morte | Trailer Dublado\" width=\"500\" height=\"281\" src=\"https:\/\/www.youtube.com\/embed\/vK61IYMT8Qs?feature=oembed\" frameborder=\"0\" allow=\"accelerometer; autoplay; clipboard-write; encrypted-media; gyroscope; picture-in-picture; web-share\" referrerpolicy=\"strict-origin-when-cross-origin\" allowfullscreen><\/iframe><\/p>\n<\/div>\n<\/figure>\n<h4 class=\"wp-block-heading\"><strong>Um Gato de Sorte<\/strong><\/h4>\n<p>A anima\u00e7\u00e3o de <strong>Christopher Jenkins<\/strong> acompanha <strong>Beckett<\/strong>, um gato mimado que n\u00e3o reconhece a sorte que teve ao ser resgatado e acolhido por <strong>Rose<\/strong>, uma estudante apaixonada e de bom cora\u00e7\u00e3o.<\/p>\n<p>Contra sua vontade, <strong>Beckett <\/strong>v\u00ea sua rotina sofrer mudan\u00e7as quando cai por acidente em um bueiro e perde sua boa vida, fazendo com que o destino entre em cena para coloca-lo em uma jornada transformadora.<\/p>\n<p>A <strong>classifica\u00e7\u00e3o indicativa<\/strong> \u00e9<strong> livre<\/strong>. O diretor tamb\u00e9m \u00e9 respons\u00e1vel por dirigir obras como <strong>T\u00e1 Dando Onda<\/strong> (2007) e<strong> Atlantis: O Reino Perdido<\/strong>. <strong>Confira o trailer:<\/strong><\/p>\n<figure class=\"wp-block-embed is-type-video is-provider-youtube wp-block-embed-youtube wp-embed-aspect-16-9 wp-has-aspect-ratio\">\n<div class=\"wp-block-embed__wrapper\">\n<p><iframe loading=\"lazy\" title=\"Um Gato De Sorte | Trailer Dublado\" width=\"500\" height=\"281\" src=\"https:\/\/www.youtube.com\/embed\/t2VPfjxw8Ro?feature=oembed\" frameborder=\"0\" allow=\"accelerometer; autoplay; clipboard-write; encrypted-media; gyroscope; picture-in-picture; web-share\" referrerpolicy=\"strict-origin-when-cross-origin\" allowfullscreen><\/iframe><\/p>\n<\/div>\n<\/figure>\n<p>SAIBA MAIS<br \/>Carro pega fogo em avenida da zona Oeste de Ribeir\u00e3o Preto; Assista ao v\u00eddeo<\/p>\n<h4 class=\"wp-block-heading\"><strong>FIQUE ON<\/strong><\/h4>\n<p>Fique ligado em tudo que acontece em Ribeir\u00e3o Preto e regi\u00e3o. Siga os perfis do <strong>acidade on <\/strong>no <a href=\"https:\/\/www.instagram.com\/acidadeonribeirao\" target=\"_blank\" rel=\"noreferrer noopener\">Instagram<\/a> e no <a href=\"https:\/\/www.facebook.com\/acidadeonribeirao\" target=\"_blank\" rel=\"noreferrer noopener\">Facebook<\/a>.<\/p>\n<p>Receba not\u00edcias do acidade on no WhatsApp. Para entrar no grupo, basta <a href=\"https:\/\/chat.whatsapp.com\/GFH9HUMUTHNFJdnyEd0xxq\" target=\"_blank\" rel=\"noreferrer noopener\">clicar aqui<\/a>.<\/p>\n<p>Fa\u00e7a uma den\u00fancia ou sugira uma reportagem sobre Ribeir\u00e3o Preto e regi\u00e3o pelo WhatsApp: 16 99117 7802.<\/p>\n<p>VEJA TAMB\u00c9M<br \/>Quem \u00e9 o namorado da cantora Iza? Cantora anunciou gravidez<\/p>\n<p><!-- AI CONTENT END 1 -->\n<\/div>\n<p><script async src=\"\/\/www.instagram.com\/embed.js\"><\/script><br \/>\n<br \/><br \/>\n<br \/><a href=\"https:\/\/www.acidadeon.com\/ribeiraopreto\/lazer-e-cultura\/em-cartaz-confira-os-lancamentos-dos-cinemas-em-ribeirao-preto-veja-trailers\/\">Source link <\/a><\/p>\n<!-- CONTENT END 1 -->\n","protected":false},"excerpt":{"rendered":"<p>Os cinemas de Ribeir\u00e3o Preto contam com op\u00e7\u00f5es de filmes de diferentes g\u00eaneros e que agradam todas as idades: Ghostbusters, O Sabor da Vida e&#8230;<\/p>\n","protected":false},"author":1,"featured_media":46407,"comment_status":"open","ping_status":"open","sticky":false,"template":"","format":"standard","meta":{"advanced_seo_description":"","jetpack_seo_html_title":"","jetpack_seo_noindex":false,"jetpack_post_was_ever_published":false,"_jetpack_newsletter_access":"","_jetpack_dont_email_post_to_subs":false,"_jetpack_newsletter_tier_id":0,"_jetpack_memberships_contains_paywalled_content":false,"_jetpack_memberships_contains_paid_content":false,"footnotes":"","jetpack_publicize_message":"","jetpack_publicize_feature_enabled":true,"jetpack_social_post_already_shared":true,"jetpack_social_options":{"image_generator_settings":{"template":"highway","default_image_id":0,"font":"","enabled":false},"version":2}},"categories":[11],"tags":[],"class_list":["post-46406","post","type-post","status-publish","format-standard","has-post-thumbnail","hentry","category-noticias-de-ribeirao-preto-sp-e-regiao-ismael-colosi"],"jetpack_publicize_connections":[],"jetpack_featured_media_url":"https:\/\/i0.wp.com\/noticiasribeiraopreto.com.br\/wp-content\/uploads\/2024\/04\/homem-assistindo-filme-no-cinema-completo_23-2147803812.jpg?fit=740%2C494&ssl=1","jetpack-related-posts":[{"id":56632,"url":"https:\/\/noticiasribeiraopreto.com.br\/index.php\/2024\/08\/15\/cinema-faz-maratona-de-harry-potter-com-os-tres-primeiros-filmes-da-franquia\/","url_meta":{"origin":46406,"position":0},"title":"Cinema faz maratona de Harry Potter com os tr\u00eas primeiros filmes da franquia","author":"noticiasribeiraopreto.com.br","date":"15 de August de 2024","format":false,"excerpt":"Para os f\u00e3s de Harry Potter, a rede de cinema UCI traz uma maratona dos tr\u00eas primeiros filmes da saga. \u201cHarry Potter e a Pedra Filosofal\u201d, \u201cHarry Potter e a C\u00e2mera Secreta\u201d e \u201cHarry Potter e o Prisioneiro de Azkaban\u201d, ganham espa\u00e7o na programa\u00e7\u00e3o das telonas no pr\u00f3ximo dia 31\u2026","rel":"","context":"In &quot;Not\u00edcias de Ribeir\u00e3o Preto-SP e Regi\u00e3o&quot;","block_context":{"text":"Not\u00edcias de Ribeir\u00e3o Preto-SP e Regi\u00e3o","link":"https:\/\/noticiasribeiraopreto.com.br\/index.php\/category\/noticias-de-ribeirao-preto-sp-e-regiao-ismael-colosi\/"},"img":{"alt_text":"","src":"https:\/\/i0.wp.com\/noticiasribeiraopreto.com.br\/wp-content\/uploads\/2024\/08\/de835d37-b10e-425b-92a2-d899effab108_2024-08-15_13-18-38_jpg_2024-08-15_13-18-38.webp.webp?fit=1100%2C600&ssl=1&resize=350%2C200","width":350,"height":200,"srcset":"https:\/\/i0.wp.com\/noticiasribeiraopreto.com.br\/wp-content\/uploads\/2024\/08\/de835d37-b10e-425b-92a2-d899effab108_2024-08-15_13-18-38_jpg_2024-08-15_13-18-38.webp.webp?fit=1100%2C600&ssl=1&resize=350%2C200 1x, https:\/\/i0.wp.com\/noticiasribeiraopreto.com.br\/wp-content\/uploads\/2024\/08\/de835d37-b10e-425b-92a2-d899effab108_2024-08-15_13-18-38_jpg_2024-08-15_13-18-38.webp.webp?fit=1100%2C600&ssl=1&resize=525%2C300 1.5x, https:\/\/i0.wp.com\/noticiasribeiraopreto.com.br\/wp-content\/uploads\/2024\/08\/de835d37-b10e-425b-92a2-d899effab108_2024-08-15_13-18-38_jpg_2024-08-15_13-18-38.webp.webp?fit=1100%2C600&ssl=1&resize=700%2C400 2x, https:\/\/i0.wp.com\/noticiasribeiraopreto.com.br\/wp-content\/uploads\/2024\/08\/de835d37-b10e-425b-92a2-d899effab108_2024-08-15_13-18-38_jpg_2024-08-15_13-18-38.webp.webp?fit=1100%2C600&ssl=1&resize=1050%2C600 3x"},"classes":[]},{"id":59599,"url":"https:\/\/noticiasribeiraopreto.com.br\/index.php\/2024\/10\/26\/cinemas-anunciam-programacao-de-terror-com-ingressos-a-r-13-veja-filmes\/","url_meta":{"origin":46406,"position":1},"title":"Cinemas anunciam programa\u00e7\u00e3o de terror com ingressos a R$ 13; Veja filmes \u00a0","author":"noticiasribeiraopreto.com.br","date":"26 de October de 2024","format":false,"excerpt":"Os cinemas de Ribeir\u00e3o Preto entraram no clima de Halloween e anunciaram uma programa\u00e7\u00e3o especial com diversos filmes de terror, al\u00e9m disso, h\u00e1 promo\u00e7\u00f5es de ingressos por R$ 13. Os longas entram em cartaz no dia 31 de outubro. Ribeir\u00e3o Preto\u00a0conta com quatro cinemas, o\u00a0UCI\u00a0localizado no Ribeir\u00e3o Shopping, o\u00a0Cinep\u00f3lis\u00a0nos shoppings\u2026","rel":"","context":"In &quot;Not\u00edcias de Ribeir\u00e3o Preto-SP e Regi\u00e3o&quot;","block_context":{"text":"Not\u00edcias de Ribeir\u00e3o Preto-SP e Regi\u00e3o","link":"https:\/\/noticiasribeiraopreto.com.br\/index.php\/category\/noticias-de-ribeirao-preto-sp-e-regiao-ismael-colosi\/"},"img":{"alt_text":"","src":"https:\/\/i0.wp.com\/noticiasribeiraopreto.com.br\/wp-content\/uploads\/2024\/10\/terrifier-3_2024-10-26_18-22-06_jpg_2024-10-26_18-22-06.webp.webp?fit=1200%2C700&ssl=1&resize=350%2C200","width":350,"height":200,"srcset":"https:\/\/i0.wp.com\/noticiasribeiraopreto.com.br\/wp-content\/uploads\/2024\/10\/terrifier-3_2024-10-26_18-22-06_jpg_2024-10-26_18-22-06.webp.webp?fit=1200%2C700&ssl=1&resize=350%2C200 1x, https:\/\/i0.wp.com\/noticiasribeiraopreto.com.br\/wp-content\/uploads\/2024\/10\/terrifier-3_2024-10-26_18-22-06_jpg_2024-10-26_18-22-06.webp.webp?fit=1200%2C700&ssl=1&resize=525%2C300 1.5x, https:\/\/i0.wp.com\/noticiasribeiraopreto.com.br\/wp-content\/uploads\/2024\/10\/terrifier-3_2024-10-26_18-22-06_jpg_2024-10-26_18-22-06.webp.webp?fit=1200%2C700&ssl=1&resize=700%2C400 2x, https:\/\/i0.wp.com\/noticiasribeiraopreto.com.br\/wp-content\/uploads\/2024\/10\/terrifier-3_2024-10-26_18-22-06_jpg_2024-10-26_18-22-06.webp.webp?fit=1200%2C700&ssl=1&resize=1050%2C600 3x"},"classes":[]},{"id":67166,"url":"https:\/\/noticiasribeiraopreto.com.br\/index.php\/2025\/04\/10\/operacao-vinganca-e-em-drop-chegam-aos-cinemas-de-ribeirao-preto\/","url_meta":{"origin":46406,"position":2},"title":"\u2018Opera\u00e7\u00e3o Vingan\u00e7a\u2019 e \u2018Em Drop\u2019 chegam aos cinemas de Ribeir\u00e3o Preto","author":"noticiasribeiraopreto.com.br","date":"10 de April de 2025","format":false,"excerpt":"Quinta-feira \u00e9 dia de estreia nos cinemas de Ribeir\u00e3o Preto. Entram em cartaz cinco filmes nesta semana. Os destaques da programa\u00e7\u00e3o s\u00e3o os filmes \u201cOpera\u00e7\u00e3o Vingan\u00e7a\u201d e\u00a0 \u201cEm Drop: Amea\u00e7a An\u00f4nima\u201d. Ribeir\u00e3o Preto conta com quatro cinemas, o UCI localizado no Ribeir\u00e3o Shopping, o Cinep\u00f3lis nos shoppings Santa \u00darsula e\u2026","rel":"","context":"In &quot;Not\u00edcias de Ribeir\u00e3o Preto-SP e Regi\u00e3o&quot;","block_context":{"text":"Not\u00edcias de Ribeir\u00e3o Preto-SP e Regi\u00e3o","link":"https:\/\/noticiasribeiraopreto.com.br\/index.php\/category\/noticias-de-ribeirao-preto-sp-e-regiao-ismael-colosi\/"},"img":{"alt_text":"","src":"https:\/\/i0.wp.com\/noticiasribeiraopreto.com.br\/wp-content\/uploads\/2025\/04\/operacao-vinganca-poster-do-filme_2025-04-10_13-52-25_jpg_2025-04-10_13-52-25.webp.webp?fit=920%2C517&ssl=1&resize=350%2C200","width":350,"height":200,"srcset":"https:\/\/i0.wp.com\/noticiasribeiraopreto.com.br\/wp-content\/uploads\/2025\/04\/operacao-vinganca-poster-do-filme_2025-04-10_13-52-25_jpg_2025-04-10_13-52-25.webp.webp?fit=920%2C517&ssl=1&resize=350%2C200 1x, https:\/\/i0.wp.com\/noticiasribeiraopreto.com.br\/wp-content\/uploads\/2025\/04\/operacao-vinganca-poster-do-filme_2025-04-10_13-52-25_jpg_2025-04-10_13-52-25.webp.webp?fit=920%2C517&ssl=1&resize=525%2C300 1.5x, https:\/\/i0.wp.com\/noticiasribeiraopreto.com.br\/wp-content\/uploads\/2025\/04\/operacao-vinganca-poster-do-filme_2025-04-10_13-52-25_jpg_2025-04-10_13-52-25.webp.webp?fit=920%2C517&ssl=1&resize=700%2C400 2x"},"classes":[]},{"id":51780,"url":"https:\/\/noticiasribeiraopreto.com.br\/index.php\/2024\/05\/30\/confira-as-estreias-nos-cinemas-de-ribeirao-no-feriado-assista-aos-trailers-dos-filmes\/","url_meta":{"origin":46406,"position":3},"title":"Confira as estreias nos cinemas de Ribeir\u00e3o no feriado; Assista aos trailers dos filmes","author":"noticiasribeiraopreto.com.br","date":"30 de May de 2024","format":false,"excerpt":"O feriado de Corpus Christi chegou e uma boa op\u00e7\u00e3o de lazer s\u00e3o os cinemas de Ribeir\u00e3o Preto. Entre os lan\u00e7amentos, est\u00e3o: Meu Sangue Ferve Por Voc\u00ea, Imaculada e The Choosen. \u00a0\u00a0 Ribeir\u00e3o Preto conta com quatro cinemas: o UCI, localizado no Ribeir\u00e3oShopping; Cinep\u00f3lis, nos shoppings Santa \u00darsula e Iguatemi,\u2026","rel":"","context":"In &quot;Not\u00edcias de Ribeir\u00e3o Preto-SP e Regi\u00e3o&quot;","block_context":{"text":"Not\u00edcias de Ribeir\u00e3o Preto-SP e Regi\u00e3o","link":"https:\/\/noticiasribeiraopreto.com.br\/index.php\/category\/noticias-de-ribeirao-preto-sp-e-regiao-ismael-colosi\/"},"img":{"alt_text":"","src":"https:\/\/i0.wp.com\/noticiasribeiraopreto.com.br\/wp-content\/uploads\/2024\/05\/meu-sangue-ferve-por-voce_2024-05-29_13-08-28_jpg_2024-05-29_13-08-28.webp.webp?fit=721%2C400&ssl=1&resize=350%2C200","width":350,"height":200,"srcset":"https:\/\/i0.wp.com\/noticiasribeiraopreto.com.br\/wp-content\/uploads\/2024\/05\/meu-sangue-ferve-por-voce_2024-05-29_13-08-28_jpg_2024-05-29_13-08-28.webp.webp?fit=721%2C400&ssl=1&resize=350%2C200 1x, https:\/\/i0.wp.com\/noticiasribeiraopreto.com.br\/wp-content\/uploads\/2024\/05\/meu-sangue-ferve-por-voce_2024-05-29_13-08-28_jpg_2024-05-29_13-08-28.webp.webp?fit=721%2C400&ssl=1&resize=525%2C300 1.5x, https:\/\/i0.wp.com\/noticiasribeiraopreto.com.br\/wp-content\/uploads\/2024\/05\/meu-sangue-ferve-por-voce_2024-05-29_13-08-28_jpg_2024-05-29_13-08-28.webp.webp?fit=721%2C400&ssl=1&resize=700%2C400 2x"},"classes":[]},{"id":76415,"url":"https:\/\/noticiasribeiraopreto.com.br\/index.php\/2025\/08\/28\/comedia-e-terror-confira-os-lancamentos-dos-cinemas-nesta-quinta-feira\/","url_meta":{"origin":46406,"position":4},"title":"Com\u00e9dia e terror: Confira os lan\u00e7amentos dos cinemas nesta quinta-feira","author":"noticiasribeiraopreto.com.br","date":"28 de August de 2025","format":false,"excerpt":"Novos filmes de com\u00e9dia e terror chegam aos cinemas de Ribeir\u00e3o Preto nesta quinta-feira (28). O destaque \u00e9 o filme \u201cOs Roses: At\u00e9 Que A Morte Os Separe\u201d, dirigido por Jay Roach (Entrando Numa Fria). Os cinemas tamb\u00e9m recebem relan\u00e7amentos de cl\u00e1ssicos. Al\u00e9m disso, at\u00e9 o dia 3 de setembro,\u2026","rel":"","context":"In &quot;Not\u00edcias de Ribeir\u00e3o Preto-SP e Regi\u00e3o&quot;","block_context":{"text":"Not\u00edcias de Ribeir\u00e3o Preto-SP e Regi\u00e3o","link":"https:\/\/noticiasribeiraopreto.com.br\/index.php\/category\/noticias-de-ribeirao-preto-sp-e-regiao-ismael-colosi\/"},"img":{"alt_text":"","src":"https:\/\/i0.wp.com\/noticiasribeiraopreto.com.br\/wp-content\/uploads\/2025\/08\/os-roses-ate-que-a-morte-os-separe-faz-do-caos-conjugal-dos-outros-a-nossa-diversao_widelg_2025-08-28_15-25-51.webp.webp?fit=882%2C496&ssl=1&resize=350%2C200","width":350,"height":200,"srcset":"https:\/\/i0.wp.com\/noticiasribeiraopreto.com.br\/wp-content\/uploads\/2025\/08\/os-roses-ate-que-a-morte-os-separe-faz-do-caos-conjugal-dos-outros-a-nossa-diversao_widelg_2025-08-28_15-25-51.webp.webp?fit=882%2C496&ssl=1&resize=350%2C200 1x, https:\/\/i0.wp.com\/noticiasribeiraopreto.com.br\/wp-content\/uploads\/2025\/08\/os-roses-ate-que-a-morte-os-separe-faz-do-caos-conjugal-dos-outros-a-nossa-diversao_widelg_2025-08-28_15-25-51.webp.webp?fit=882%2C496&ssl=1&resize=525%2C300 1.5x, https:\/\/i0.wp.com\/noticiasribeiraopreto.com.br\/wp-content\/uploads\/2025\/08\/os-roses-ate-que-a-morte-os-separe-faz-do-caos-conjugal-dos-outros-a-nossa-diversao_widelg_2025-08-28_15-25-51.webp.webp?fit=882%2C496&ssl=1&resize=700%2C400 2x"},"classes":[]},{"id":62137,"url":"https:\/\/noticiasribeiraopreto.com.br\/index.php\/2025\/01\/04\/ferias-confira-opcoes-de-filmes-em-cartaz-nos-cinemas-de-ribeirao-preto\/","url_meta":{"origin":46406,"position":5},"title":"F\u00e9rias: Confira op\u00e7\u00f5es de filmes em cartaz nos cinemas de Ribeir\u00e3o Preto","author":"noticiasribeiraopreto.com.br","date":"4 de January de 2025","format":false,"excerpt":"Durante as f\u00e9rias, os cinemas de Ribeir\u00e3o Preto oferecem uma programa\u00e7\u00e3o diversificada para todos os gostos. Al\u00e9m disso, as recentes estreias nos servi\u00e7os de streaming tamb\u00e9m garantem boas op\u00e7\u00f5es de longas e s\u00e9ries. Cinemas Ribeir\u00e3o Preto conta com quatro cinemas espalhados pela cidade, sendo o Cinemark, no Novo Shopping, duas\u2026","rel":"","context":"In &quot;Not\u00edcias de Ribeir\u00e3o Preto-SP e Regi\u00e3o&quot;","block_context":{"text":"Not\u00edcias de Ribeir\u00e3o Preto-SP e Regi\u00e3o","link":"https:\/\/noticiasribeiraopreto.com.br\/index.php\/category\/noticias-de-ribeirao-preto-sp-e-regiao-ismael-colosi\/"},"img":{"alt_text":"","src":"https:\/\/i0.wp.com\/noticiasribeiraopreto.com.br\/wp-content\/uploads\/2024\/09\/pexels-tima-miroshnichenko-7991158_2024-09-09_14-25-55.webp.webp?fit=888%2C592&ssl=1&resize=350%2C200","width":350,"height":200,"srcset":"https:\/\/i0.wp.com\/noticiasribeiraopreto.com.br\/wp-content\/uploads\/2024\/09\/pexels-tima-miroshnichenko-7991158_2024-09-09_14-25-55.webp.webp?fit=888%2C592&ssl=1&resize=350%2C200 1x, https:\/\/i0.wp.com\/noticiasribeiraopreto.com.br\/wp-content\/uploads\/2024\/09\/pexels-tima-miroshnichenko-7991158_2024-09-09_14-25-55.webp.webp?fit=888%2C592&ssl=1&resize=525%2C300 1.5x, https:\/\/i0.wp.com\/noticiasribeiraopreto.com.br\/wp-content\/uploads\/2024\/09\/pexels-tima-miroshnichenko-7991158_2024-09-09_14-25-55.webp.webp?fit=888%2C592&ssl=1&resize=700%2C400 2x"},"classes":[]}],"jetpack_sharing_enabled":true,"jetpack_shortlink":"https:\/\/wp.me\/peQAOb-c4u","_links":{"self":[{"href":"https:\/\/noticiasribeiraopreto.com.br\/index.php\/wp-json\/wp\/v2\/posts\/46406","targetHints":{"allow":["GET"]}}],"collection":[{"href":"https:\/\/noticiasribeiraopreto.com.br\/index.php\/wp-json\/wp\/v2\/posts"}],"about":[{"href":"https:\/\/noticiasribeiraopreto.com.br\/index.php\/wp-json\/wp\/v2\/types\/post"}],"author":[{"embeddable":true,"href":"https:\/\/noticiasribeiraopreto.com.br\/index.php\/wp-json\/wp\/v2\/users\/1"}],"replies":[{"embeddable":true,"href":"https:\/\/noticiasribeiraopreto.com.br\/index.php\/wp-json\/wp\/v2\/comments?post=46406"}],"version-history":[{"count":0,"href":"https:\/\/noticiasribeiraopreto.com.br\/index.php\/wp-json\/wp\/v2\/posts\/46406\/revisions"}],"wp:featuredmedia":[{"embeddable":true,"href":"https:\/\/noticiasribeiraopreto.com.br\/index.php\/wp-json\/wp\/v2\/media\/46407"}],"wp:attachment":[{"href":"https:\/\/noticiasribeiraopreto.com.br\/index.php\/wp-json\/wp\/v2\/media?parent=46406"}],"wp:term":[{"taxonomy":"category","embeddable":true,"href":"https:\/\/noticiasribeiraopreto.com.br\/index.php\/wp-json\/wp\/v2\/categories?post=46406"},{"taxonomy":"post_tag","embeddable":true,"href":"https:\/\/noticiasribeiraopreto.com.br\/index.php\/wp-json\/wp\/v2\/tags?post=46406"}],"curies":[{"name":"wp","href":"https:\/\/api.w.org\/{rel}","templated":true}]}}