{"id":46410,"date":"2024-04-11T15:31:06","date_gmt":"2024-04-11T18:31:06","guid":{"rendered":"https:\/\/noticiasribeiraopreto.com.br\/index.php\/2024\/04\/11\/bolsa-familia-novo-pagamento-de-r-1-002-disponivel-a-partir-de-17-de-abril-veja-detalhes\/"},"modified":"2024-04-11T15:31:06","modified_gmt":"2024-04-11T18:31:06","slug":"bolsa-familia-novo-pagamento-de-r-1-002-disponivel-a-partir-de-17-de-abril-veja-detalhes","status":"publish","type":"post","link":"https:\/\/noticiasribeiraopreto.com.br\/index.php\/2024\/04\/11\/bolsa-familia-novo-pagamento-de-r-1-002-disponivel-a-partir-de-17-de-abril-veja-detalhes\/","title":{"rendered":"Bolsa Fam\u00edlia: Novo pagamento de R$ 1.002 dispon\u00edvel a partir de 17 de Abril; Veja detalhes"},"content":{"rendered":"<div class='code-block code-block-1' style='margin: 8px 0 8px auto; text-align: right; display: block; clear: both;'>\n<p><a href=\"https:\/\/wa.link\/vpicfd\"><img data-recalc-dims=\"1\" class=\"wp-image-4922\" style=\"aspect-ratio: 2.0253164556962027; width: 561px; height: auto;\" src=\"https:\/\/i0.wp.com\/ismaelcolosi.com.br\/wp-content\/uploads\/2023\/11\/grupo-de-empregos-whatsapp-e-facebook-ismael-colosi-vagas.jpg?ssl=1\" alt=\"\" \/><\/a><\/p>\n<!-- \/wp:image -->\n<\/div>\n<p> <br \/>\n<\/p>\n<div data-td-block-uid=\"tdi_88\">\n<div class=\"tdb-block-inner td-fix-index\">\n<p style=\"text-align: justify;\"><span style=\"font-family: arial, helvetica, sans-serif; font-size: 14pt;\">Al\u00e9m do valor habitual, os benefici\u00e1rios do Bolsa Fam\u00edlia receber\u00e3o um pagamento adicional em Abril deste ano, que pode chegar a um lucro de R$ 1.002. Um dos b\u00f4nus mais aguardados \u00e9 o famoso vale-g\u00e1s com um total de R$ 102,00, que \u00e9 distribu\u00eddo bimestralmente pelo Governo Federal.<\/span><\/p>\n<p style=\"text-align: justify;\"><span style=\"font-family: arial, helvetica, sans-serif; font-size: 14pt;\">O objetivo do vale-g\u00e1s e do Bolsa Fam\u00edlia \u00e9 dar mais apoio financeiro \u00e0s fam\u00edlias que dependem desse programa e reduzir suas despesas di\u00e1rias. Para receber os benef\u00edcios, \u00e9 fundamental que os interessados solicitem o cadastro no Cadastro Integrado (Cad\u00danico) e garantam o acesso ao aux\u00edlio.<\/span><\/p>\n<p style=\"text-align: justify;\"><span style=\"font-family: arial, helvetica, sans-serif; font-size: 14pt;\">O Bolsa Fam\u00edlia tem o compromisso de apoiar fam\u00edlias vulner\u00e1veis e oferece uma s\u00e9rie de benef\u00edcios adicionais para complementar esse apoio. Entre esses benef\u00edcios est\u00e3o a assist\u00eancia \u00e0 educa\u00e7\u00e3o, alimenta\u00e7\u00e3o, sa\u00fade e inclus\u00e3o produtiva, que busca atender diferentes aspectos das necessidades familiares.<\/span><\/p>\n<p style=\"text-align: justify;\"><span style=\"font-family: arial, helvetica, sans-serif; font-size: 14pt;\">Esses recursos adicionais visam proporcionar uma rede de prote\u00e7\u00e3o mais abrangente e que atenda \u00e0s demandas espec\u00edficas de cada fam\u00edlia assistida pelo programa. Ao facilitar esses benef\u00edcios adicionais, o Bolsa Fam\u00edlia visa n\u00e3o apenas aliviar a pobreza, mas tamb\u00e9m promover o desenvolvimento socioecon\u00f4mico das comunidades que atende. Aqui est\u00e1 um resumo das vers\u00f5es adicionais:<\/span><\/p>\n<p style=\"text-align: justify;\"><span style=\"font-family: arial, helvetica, sans-serif; font-size: 14pt;\">R$ 600,00 \u2013 o valor base do programa.<\/span><\/p>\n<p style=\"text-align: justify;\"><span style=\"font-family: arial, helvetica, sans-serif; font-size: 14pt;\">R$ 150,00 \u2013 adicional por crian\u00e7a de 0 a 6 anos.<\/span><\/p>\n<p style=\"text-align: justify;\"><span style=\"font-family: arial, helvetica, sans-serif; font-size: 14pt;\">R$ 50,00 \u2013 adicional para cada crian\u00e7a ou adolescente de 7 a 17 anos.<\/span><\/p>\n<p style=\"text-align: justify;\"><span style=\"font-family: arial, helvetica, sans-serif; font-size: 14pt;\">R$ 50,00 \u2013 adicional para gestantes.<\/span><\/p>\n<p style=\"text-align: justify;\"><span style=\"font-family: arial, helvetica, sans-serif; font-size: 14pt;\">R$ 102,00 \u2013 Vale g\u00e1s.<\/span><\/p>\n<p style=\"text-align: justify;\"><span style=\"font-family: arial, helvetica, sans-serif; font-size: 14pt;\">O benef\u00edcio de R$ 1.002 do Bolsa Fam\u00edlia ser\u00e1 pago nesta Qarta-Feira,<strong> 17 de Abril<\/strong>. Voc\u00ea pode ver o cronograma completo de pagamento abaixo.<\/span><\/p>\n<h2><strong><span style=\"font-family: arial, helvetica, sans-serif;\">Quais s\u00e3o as regras para o Bolsa Fam\u00edlia em Abril?<\/span><\/strong><\/h2>\n<ul>\n<li><span style=\"font-family: arial, helvetica, sans-serif; font-size: 14pt;\">As fam\u00edlias devem cumprir suas promessas no campo da sa\u00fade e da educa\u00e7\u00e3o. S\u00e3o eles:<\/span><\/li>\n<li><span style=\"font-family: arial, helvetica, sans-serif; font-size: 14pt;\">Pr\u00e9-natal;<\/span><\/li>\n<li><span style=\"font-family: arial, helvetica, sans-serif; font-size: 14pt;\">Monitoramento do calend\u00e1rio de vacina\u00e7\u00e3o do pa\u00eds<\/span><\/li>\n<li><span style=\"font-family: arial, helvetica, sans-serif; font-size: 14pt;\">acompanhamento do estado nutricional de crian\u00e7as menores de 7 anos;<\/span><\/li>\n<li><span style=\"font-family: arial, helvetica, sans-serif; font-size: 14pt;\">Crian\u00e7as de 4 a 5 anos t\u00eam taxa m\u00ednima de matr\u00edcula de 60%, e benefici\u00e1rios de 6 a 18 anos que n\u00e3o conclu\u00edram o ensino fundamental t\u00eam taxa m\u00ednima de matr\u00edcula de 75% ou mais.<\/span><\/li>\n<li><span style=\"font-family: arial, helvetica, sans-serif; font-size: 14pt;\">As fam\u00edlias devem sempre (pelo menos a cada 24 meses) manter o Cadastro \u00danico atualizado.<\/span><\/li>\n<\/ul>\n<h2><strong><span style=\"font-family: arial, helvetica, sans-serif;\">Calend\u00e1rio do Bolsa Fam\u00edlia para Abril<\/span><\/strong><\/h2>\n<ul>\n<li style=\"text-align: justify;\"><span style=\"font-size: 14pt; font-family: arial, helvetica, sans-serif;\">NIS final 1: 17 de abril;<\/span><\/li>\n<li style=\"text-align: justify;\"><span style=\"font-size: 14pt; font-family: arial, helvetica, sans-serif;\">NIS final 2: 18 de abril;<\/span><\/li>\n<li style=\"text-align: justify;\"><span style=\"font-size: 14pt; font-family: arial, helvetica, sans-serif;\">NIS final 3: 19 de abril;<\/span><\/li>\n<li style=\"text-align: justify;\"><span style=\"font-size: 14pt; font-family: arial, helvetica, sans-serif;\">NIS final 4: 22 de abril;<\/span><\/li>\n<li style=\"text-align: justify;\"><span style=\"font-size: 14pt; font-family: arial, helvetica, sans-serif;\">NIS final 5: 23 de abril;<\/span><\/li>\n<li style=\"text-align: justify;\"><span style=\"font-size: 14pt; font-family: arial, helvetica, sans-serif;\">NIS final 6: 24 de abril;<\/span><\/li>\n<li style=\"text-align: justify;\"><span style=\"font-size: 14pt; font-family: arial, helvetica, sans-serif;\">NIS final 7: 25 de abril;<\/span><\/li>\n<li style=\"text-align: justify;\"><span style=\"font-size: 14pt; font-family: arial, helvetica, sans-serif;\">NIS final 8: 26 de abril;<\/span><\/li>\n<li style=\"text-align: justify;\"><span style=\"font-size: 14pt; font-family: arial, helvetica, sans-serif;\">NIS final 9: 29 de abril;<\/span><\/li>\n<li style=\"text-align: justify;\"><span style=\"font-size: 14pt; font-family: arial, helvetica, sans-serif;\">NIS final 0: 30 de abril.<\/span><\/li>\n<\/ul>\n<\/div>\n<\/div>\n<p><br \/>\n<br \/><a href=\"https:\/\/www.financasbrasil.org\/2024\/04\/bolsa-familia-novo-pagamento-d.html\">Source link <\/a><\/p>\n<!-- CONTENT END 1 -->\n","protected":false},"excerpt":{"rendered":"<p>Al\u00e9m do valor habitual, os benefici\u00e1rios do Bolsa Fam\u00edlia receber\u00e3o um pagamento adicional em Abril deste ano, que pode chegar a um lucro de R$&#8230;<\/p>\n","protected":false},"author":1,"featured_media":46411,"comment_status":"open","ping_status":"open","sticky":false,"template":"","format":"standard","meta":{"advanced_seo_description":"","jetpack_seo_html_title":"","jetpack_seo_noindex":false,"jetpack_post_was_ever_published":false,"_jetpack_newsletter_access":"","_jetpack_dont_email_post_to_subs":false,"_jetpack_newsletter_tier_id":0,"_jetpack_memberships_contains_paywalled_content":false,"_jetpack_memberships_contains_paid_content":false,"footnotes":"","jetpack_publicize_message":"","jetpack_publicize_feature_enabled":true,"jetpack_social_post_already_shared":true,"jetpack_social_options":{"image_generator_settings":{"template":"highway","default_image_id":0,"font":"","enabled":false},"version":2}},"categories":[1235],"tags":[],"class_list":["post-46410","post","type-post","status-publish","format-standard","has-post-thumbnail","hentry","category-dinheiro-e-investimento-como-fazer-como-ganhar"],"jetpack_publicize_connections":[],"jetpack_featured_media_url":"https:\/\/i0.wp.com\/noticiasribeiraopreto.com.br\/wp-content\/uploads\/2024\/04\/STARTUP.webp.webp?fit=1200%2C630&ssl=1","jetpack-related-posts":[{"id":43088,"url":"https:\/\/noticiasribeiraopreto.com.br\/index.php\/2024\/03\/19\/bolsa-familia-confira-as-datas-de-pagamento-do-mes-de-abril\/","url_meta":{"origin":46410,"position":0},"title":"Bolsa Fam\u00edlia: Confira as datas de pagamento do m\u00eas de Abril","author":"noticiasribeiraopreto.com.br","date":"19 de March de 2024","format":false,"excerpt":"O programa Bolsa Fam\u00edlia, que d\u00e1 assist\u00eancia financeira a milh\u00f5es de brasileiros, se prepara para come\u00e7ar a distribuir a parcela de abril entre os dias 17 e 30. Al\u00e9m do cronograma de pagamento, h\u00e1 tamb\u00e9m um an\u00fancio animador para alguns benefici\u00e1rios: a devolu\u00e7\u00e3o dos pagamentos do vale-g\u00e1s. Atualmente, cerca de\u2026","rel":"","context":"In &quot;Dinheiro e Investimento&quot;","block_context":{"text":"Dinheiro e Investimento","link":"https:\/\/noticiasribeiraopreto.com.br\/index.php\/category\/dinheiro-e-investimento-como-fazer-como-ganhar\/"},"img":{"alt_text":"","src":"https:\/\/i0.wp.com\/noticiasribeiraopreto.com.br\/wp-content\/uploads\/2024\/03\/reuniao-semanal-equipe-borcelle.webp.webp?fit=1200%2C630&ssl=1&resize=350%2C200","width":350,"height":200,"srcset":"https:\/\/i0.wp.com\/noticiasribeiraopreto.com.br\/wp-content\/uploads\/2024\/03\/reuniao-semanal-equipe-borcelle.webp.webp?fit=1200%2C630&ssl=1&resize=350%2C200 1x, https:\/\/i0.wp.com\/noticiasribeiraopreto.com.br\/wp-content\/uploads\/2024\/03\/reuniao-semanal-equipe-borcelle.webp.webp?fit=1200%2C630&ssl=1&resize=525%2C300 1.5x, https:\/\/i0.wp.com\/noticiasribeiraopreto.com.br\/wp-content\/uploads\/2024\/03\/reuniao-semanal-equipe-borcelle.webp.webp?fit=1200%2C630&ssl=1&resize=700%2C400 2x, https:\/\/i0.wp.com\/noticiasribeiraopreto.com.br\/wp-content\/uploads\/2024\/03\/reuniao-semanal-equipe-borcelle.webp.webp?fit=1200%2C630&ssl=1&resize=1050%2C600 3x"},"classes":[]},{"id":43436,"url":"https:\/\/noticiasribeiraopreto.com.br\/index.php\/2024\/03\/21\/aumento-no-bolsa-familia-abril-traz-valores-maiores-para-beneficiarios-nis-final-123456789-e-0-entenda\/","url_meta":{"origin":46410,"position":1},"title":"Aumento no Bolsa Fam\u00edlia: Abril traz valores maiores para benefici\u00e1rios NIS final 1,2,3,4,5,6,7,8,9 e 0 ; Entenda","author":"noticiasribeiraopreto.com.br","date":"21 de March de 2024","format":false,"excerpt":"O programa Bolsa Fam\u00edlia vai distribuir as parcelas de Abril, e os benefici\u00e1rios podem esperar uma boa not\u00edcia: O valor ser\u00e1 maior neste m\u00eas. Ser\u00e3o considerados portadores com N\u00famero de Identifica\u00e7\u00e3o Social (NIS) terminado em 1, 2, 3, 4, 5, 6, 7, 8, 9 e 0 entre o 17\u00ba e\u2026","rel":"","context":"In &quot;Dinheiro e Investimento&quot;","block_context":{"text":"Dinheiro e Investimento","link":"https:\/\/noticiasribeiraopreto.com.br\/index.php\/category\/dinheiro-e-investimento-como-fazer-como-ganhar\/"},"img":{"alt_text":"","src":"https:\/\/i0.wp.com\/noticiasribeiraopreto.com.br\/wp-content\/uploads\/2024\/03\/13o-Salario.png?fit=1200%2C630&ssl=1&resize=350%2C200","width":350,"height":200,"srcset":"https:\/\/i0.wp.com\/noticiasribeiraopreto.com.br\/wp-content\/uploads\/2024\/03\/13o-Salario.png?fit=1200%2C630&ssl=1&resize=350%2C200 1x, https:\/\/i0.wp.com\/noticiasribeiraopreto.com.br\/wp-content\/uploads\/2024\/03\/13o-Salario.png?fit=1200%2C630&ssl=1&resize=525%2C300 1.5x, https:\/\/i0.wp.com\/noticiasribeiraopreto.com.br\/wp-content\/uploads\/2024\/03\/13o-Salario.png?fit=1200%2C630&ssl=1&resize=700%2C400 2x, https:\/\/i0.wp.com\/noticiasribeiraopreto.com.br\/wp-content\/uploads\/2024\/03\/13o-Salario.png?fit=1200%2C630&ssl=1&resize=1050%2C600 3x"},"classes":[]},{"id":49972,"url":"https:\/\/noticiasribeiraopreto.com.br\/index.php\/2024\/05\/14\/maio-chega-com-novidades-pagamento-em-dobro-do-bolsa-familia-entenda-tudo-sobre-isso\/","url_meta":{"origin":46410,"position":2},"title":"Maio chega com novidades: Pagamento em dobro do Bolsa Fam\u00edlia; Entenda tudo sobre isso","author":"noticiasribeiraopreto.com.br","date":"14 de May de 2024","format":false,"excerpt":"O Governo de Luiz In\u00e1cio Lula da Silva anunciou nesta quinta-feira um pacote econ\u00f4mico que visa dar assist\u00eancia financeira a cerca de 583 mil fam\u00edlias vulner\u00e1veis no Rio Grande do Sul. Esse conjunto de a\u00e7\u00f5es inclui o ac\u00famulo do pagamento do Bolsa Fam\u00edlia e o aux\u00edlio g\u00e1s, que injetar\u00e1 diretamente\u2026","rel":"","context":"In &quot;Dinheiro e Investimento&quot;","block_context":{"text":"Dinheiro e Investimento","link":"https:\/\/noticiasribeiraopreto.com.br\/index.php\/category\/dinheiro-e-investimento-como-fazer-como-ganhar\/"},"img":{"alt_text":"","src":"https:\/\/i0.wp.com\/noticiasribeiraopreto.com.br\/wp-content\/uploads\/2024\/05\/Design-sem-nome-1.webp.webp?fit=1200%2C630&ssl=1&resize=350%2C200","width":350,"height":200,"srcset":"https:\/\/i0.wp.com\/noticiasribeiraopreto.com.br\/wp-content\/uploads\/2024\/05\/Design-sem-nome-1.webp.webp?fit=1200%2C630&ssl=1&resize=350%2C200 1x, https:\/\/i0.wp.com\/noticiasribeiraopreto.com.br\/wp-content\/uploads\/2024\/05\/Design-sem-nome-1.webp.webp?fit=1200%2C630&ssl=1&resize=525%2C300 1.5x, https:\/\/i0.wp.com\/noticiasribeiraopreto.com.br\/wp-content\/uploads\/2024\/05\/Design-sem-nome-1.webp.webp?fit=1200%2C630&ssl=1&resize=700%2C400 2x, https:\/\/i0.wp.com\/noticiasribeiraopreto.com.br\/wp-content\/uploads\/2024\/05\/Design-sem-nome-1.webp.webp?fit=1200%2C630&ssl=1&resize=1050%2C600 3x"},"classes":[]},{"id":2479,"url":"https:\/\/noticiasribeiraopreto.com.br\/index.php\/2023\/11\/15\/abono-natalino-no-bolsa-familia-chegara-em-2023-confira-os-detalhes\/","url_meta":{"origin":46410,"position":3},"title":"Abono natalino no Bolsa Fam\u00edlia chegar\u00e1 em 2023? confira os detalhes","author":"noticiasribeiraopreto.com.br","date":"15 de November de 2023","format":false,"excerpt":"O Bolsa Fam\u00edlia, programa de assist\u00eancia social crucial do Brasil, continua a ser uma remunera\u00e7\u00e3o para in\u00fameras fam\u00edlias em todo o pa\u00eds. No entanto, com o final do ano se aproximando, muitos se perguntam se haver\u00e1 um abono natalino, uma ajuda financeira extra para enfrentar as despesas festivas. Cr\u00e9ditos: Istock\/Leonidas\u2026","rel":"","context":"In &quot;Variedades&quot;","block_context":{"text":"Variedades","link":"https:\/\/noticiasribeiraopreto.com.br\/index.php\/category\/variedades\/"},"img":{"alt_text":"","src":"https:\/\/i0.wp.com\/noticiasribeiraopreto.com.br\/wp-content\/uploads\/2023\/11\/istock-1413148950.jpg?fit=1200%2C638&ssl=1&resize=350%2C200","width":350,"height":200,"srcset":"https:\/\/i0.wp.com\/noticiasribeiraopreto.com.br\/wp-content\/uploads\/2023\/11\/istock-1413148950.jpg?fit=1200%2C638&ssl=1&resize=350%2C200 1x, https:\/\/i0.wp.com\/noticiasribeiraopreto.com.br\/wp-content\/uploads\/2023\/11\/istock-1413148950.jpg?fit=1200%2C638&ssl=1&resize=525%2C300 1.5x, https:\/\/i0.wp.com\/noticiasribeiraopreto.com.br\/wp-content\/uploads\/2023\/11\/istock-1413148950.jpg?fit=1200%2C638&ssl=1&resize=700%2C400 2x, https:\/\/i0.wp.com\/noticiasribeiraopreto.com.br\/wp-content\/uploads\/2023\/11\/istock-1413148950.jpg?fit=1200%2C638&ssl=1&resize=1050%2C600 3x"},"classes":[]},{"id":6856,"url":"https:\/\/noticiasribeiraopreto.com.br\/index.php\/2023\/11\/27\/governo-federal-anuncia-novo-corte-no-bolsa-familia\/","url_meta":{"origin":46410,"position":4},"title":"Governo Federal anuncia novo corte no Bolsa Fam\u00edlia","author":"noticiasribeiraopreto.com.br","date":"27 de November de 2023","format":false,"excerpt":"Cr\u00e9ditos: Ag\u00eancia BrasilNot\u00edcia DEVASTADORA assusta benefici\u00e1rios do Bolsa Fam\u00edlia O m\u00eas de novembro trouxe uma not\u00edcia desanimadora para os benefici\u00e1rios do Bolsa Fam\u00edlia, pois o Governo Federal anunciou um novo corte no programa. Dessa vez, a medida est\u00e1 relacionada ao valor do benef\u00edcio, resultando em uma redu\u00e7\u00e3o de R$ 100\u2026","rel":"","context":"In &quot;Variedades&quot;","block_context":{"text":"Variedades","link":"https:\/\/noticiasribeiraopreto.com.br\/index.php\/category\/variedades\/"},"img":{"alt_text":"","src":"https:\/\/i0.wp.com\/noticiasribeiraopreto.com.br\/wp-content\/uploads\/2023\/11\/1701074614_bolsa-familia-na-conta-saiba-se-voce-vai-receber-hoje.jpg?fit=1200%2C638&ssl=1&resize=350%2C200","width":350,"height":200,"srcset":"https:\/\/i0.wp.com\/noticiasribeiraopreto.com.br\/wp-content\/uploads\/2023\/11\/1701074614_bolsa-familia-na-conta-saiba-se-voce-vai-receber-hoje.jpg?fit=1200%2C638&ssl=1&resize=350%2C200 1x, https:\/\/i0.wp.com\/noticiasribeiraopreto.com.br\/wp-content\/uploads\/2023\/11\/1701074614_bolsa-familia-na-conta-saiba-se-voce-vai-receber-hoje.jpg?fit=1200%2C638&ssl=1&resize=525%2C300 1.5x, https:\/\/i0.wp.com\/noticiasribeiraopreto.com.br\/wp-content\/uploads\/2023\/11\/1701074614_bolsa-familia-na-conta-saiba-se-voce-vai-receber-hoje.jpg?fit=1200%2C638&ssl=1&resize=700%2C400 2x, https:\/\/i0.wp.com\/noticiasribeiraopreto.com.br\/wp-content\/uploads\/2023\/11\/1701074614_bolsa-familia-na-conta-saiba-se-voce-vai-receber-hoje.jpg?fit=1200%2C638&ssl=1&resize=1050%2C600 3x"},"classes":[]},{"id":48009,"url":"https:\/\/noticiasribeiraopreto.com.br\/index.php\/2024\/04\/30\/brasileiros-comemoram-presidente-lula-amplia-o-bolsa-familia-entenda-o-que-isso-significa-para-os-beneficiarios\/","url_meta":{"origin":46410,"position":5},"title":"Brasileiros comemoram! Presidente Lula amplia o Bolsa Fam\u00edlia; Entenda o que isso significa para os benefici\u00e1rios","author":"noticiasribeiraopreto.com.br","date":"30 de April de 2024","format":false,"excerpt":"O Governo, liderado por Luiz In\u00e1cio Lula da Silva, anunciou a inclus\u00e3o de 120 mil novas fam\u00edlias como benefici\u00e1rias do programa Bolsa Fam\u00edlia, em um movimento que visa fortalecer a rede de assist\u00eancia social do pa\u00eds. Com essa medida, o programa passa a abranger um total de 20,88 milh\u00f5es de\u2026","rel":"","context":"In &quot;Dinheiro e Investimento&quot;","block_context":{"text":"Dinheiro e Investimento","link":"https:\/\/noticiasribeiraopreto.com.br\/index.php\/category\/dinheiro-e-investimento-como-fazer-como-ganhar\/"},"img":{"alt_text":"","src":"https:\/\/i0.wp.com\/noticiasribeiraopreto.com.br\/wp-content\/uploads\/2024\/04\/Lula-amplia-Bolsa-Familia.webp.webp?fit=1200%2C630&ssl=1&resize=350%2C200","width":350,"height":200,"srcset":"https:\/\/i0.wp.com\/noticiasribeiraopreto.com.br\/wp-content\/uploads\/2024\/04\/Lula-amplia-Bolsa-Familia.webp.webp?fit=1200%2C630&ssl=1&resize=350%2C200 1x, https:\/\/i0.wp.com\/noticiasribeiraopreto.com.br\/wp-content\/uploads\/2024\/04\/Lula-amplia-Bolsa-Familia.webp.webp?fit=1200%2C630&ssl=1&resize=525%2C300 1.5x, https:\/\/i0.wp.com\/noticiasribeiraopreto.com.br\/wp-content\/uploads\/2024\/04\/Lula-amplia-Bolsa-Familia.webp.webp?fit=1200%2C630&ssl=1&resize=700%2C400 2x, https:\/\/i0.wp.com\/noticiasribeiraopreto.com.br\/wp-content\/uploads\/2024\/04\/Lula-amplia-Bolsa-Familia.webp.webp?fit=1200%2C630&ssl=1&resize=1050%2C600 3x"},"classes":[]}],"jetpack_sharing_enabled":true,"jetpack_shortlink":"https:\/\/wp.me\/peQAOb-c4y","_links":{"self":[{"href":"https:\/\/noticiasribeiraopreto.com.br\/index.php\/wp-json\/wp\/v2\/posts\/46410","targetHints":{"allow":["GET"]}}],"collection":[{"href":"https:\/\/noticiasribeiraopreto.com.br\/index.php\/wp-json\/wp\/v2\/posts"}],"about":[{"href":"https:\/\/noticiasribeiraopreto.com.br\/index.php\/wp-json\/wp\/v2\/types\/post"}],"author":[{"embeddable":true,"href":"https:\/\/noticiasribeiraopreto.com.br\/index.php\/wp-json\/wp\/v2\/users\/1"}],"replies":[{"embeddable":true,"href":"https:\/\/noticiasribeiraopreto.com.br\/index.php\/wp-json\/wp\/v2\/comments?post=46410"}],"version-history":[{"count":0,"href":"https:\/\/noticiasribeiraopreto.com.br\/index.php\/wp-json\/wp\/v2\/posts\/46410\/revisions"}],"wp:featuredmedia":[{"embeddable":true,"href":"https:\/\/noticiasribeiraopreto.com.br\/index.php\/wp-json\/wp\/v2\/media\/46411"}],"wp:attachment":[{"href":"https:\/\/noticiasribeiraopreto.com.br\/index.php\/wp-json\/wp\/v2\/media?parent=46410"}],"wp:term":[{"taxonomy":"category","embeddable":true,"href":"https:\/\/noticiasribeiraopreto.com.br\/index.php\/wp-json\/wp\/v2\/categories?post=46410"},{"taxonomy":"post_tag","embeddable":true,"href":"https:\/\/noticiasribeiraopreto.com.br\/index.php\/wp-json\/wp\/v2\/tags?post=46410"}],"curies":[{"name":"wp","href":"https:\/\/api.w.org\/{rel}","templated":true}]}}