{"id":46418,"date":"2024-04-11T16:05:26","date_gmt":"2024-04-11T19:05:26","guid":{"rendered":"https:\/\/noticiasribeiraopreto.com.br\/index.php\/2024\/04\/11\/saiba-qual-e-o-cancer-terminal-enfrentado-por-jovem-que-vai-se-casar\/"},"modified":"2024-04-11T16:05:26","modified_gmt":"2024-04-11T19:05:26","slug":"saiba-qual-e-o-cancer-terminal-enfrentado-por-jovem-que-vai-se-casar","status":"publish","type":"post","link":"https:\/\/noticiasribeiraopreto.com.br\/index.php\/2024\/04\/11\/saiba-qual-e-o-cancer-terminal-enfrentado-por-jovem-que-vai-se-casar\/","title":{"rendered":"Saiba qual \u00e9 o c\u00e2ncer terminal enfrentado por jovem que vai se casar"},"content":{"rendered":"<div class='code-block code-block-1' style='margin: 8px 0 8px auto; text-align: right; display: block; clear: both;'>\n<p><a href=\"https:\/\/wa.link\/vpicfd\"><img data-recalc-dims=\"1\" class=\"wp-image-4922\" style=\"aspect-ratio: 2.0253164556962027; width: 561px; height: auto;\" src=\"https:\/\/i0.wp.com\/ismaelcolosi.com.br\/wp-content\/uploads\/2023\/11\/grupo-de-empregos-whatsapp-e-facebook-ismael-colosi-vagas.jpg?ssl=1\" alt=\"\" \/><\/a><\/p>\n<!-- \/wp:image -->\n<\/div>\n<p> <br \/>\n<\/p>\n<div>\n<p>A jovem<strong> Isabel Veloso<\/strong>, de 17 anos, emocionou milh\u00f5es de seguidores nas redes sociais ap\u00f3s revelar que em <em>podcasts<\/em> que enfrenta um <strong>c\u00e2ncer terminal<\/strong>. Ela vai se casar no pr\u00f3ximo s\u00e1bado (13), com o namorado <strong>Lucas Borbas<\/strong>, um sonho que pretende realizar.<\/p>\n<p>Isabel Veloso foi diagnosticada com<strong> linfoma de Hodgkin <\/strong>aos 15 anos. A paranaense chegou a passar pelo tratamento com quimioterapia e transplante de medula \u00f3ssea. No final de 2023, o c\u00e2ncer apresentou remiss\u00e3o, mas tr\u00eas meses depois a doen\u00e7a voltou.<\/p>\n<p>De acordo com a jovem, <mark style=\"background-color:#fcb900\" class=\"has-inline-color has-black-color\">ela sofre com um tumor de 17 cent\u00edmetros, que atinge parte do cora\u00e7\u00e3o e pulm\u00e3o.<\/mark> No come\u00e7o de mar\u00e7o, a jovem publicou no Instagram que recebeu o diagn\u00f3stico paliativo dos m\u00e9dicos, com previs\u00e3o de alguns meses de vida.<\/p>\n<h4 class=\"wp-block-heading\"><strong>O que \u00e9 o linfoma de Hodgkin?<\/strong><\/h4>\n<p>De acordo com o <strong><a href=\"https:\/\/www.gov.br\/inca\/pt-br\/assuntos\/cancer\/tipos\/linfoma-de-hodgkin\" target=\"_blank\" rel=\"noreferrer noopener nofollow\">INCA (Instituto Nacional de C\u00e2ncer)<\/a><\/strong>, o linfoma de Hodgkin \u00e9 um tipo de c\u00e2ncer que se origina no sistema linf\u00e1tico, conjunto composto por \u00f3rg\u00e3os (linfonodos ou g\u00e2nglios) e tecidos que produzem as c\u00e9lulas respons\u00e1veis pela imunidade e vasos que conduzem essas c\u00e9lulas atrav\u00e9s do corpo.<\/p>\n<p>A doen\u00e7a \u00e9 a mesma que tem um novo tratamento em teste realizado pelo <strong>Hemocentro de Ribeir\u00e3o Preto<\/strong> \u2013 clique aqui.<\/p>\n<p>O linfoma de Hodgkin tem a caracter\u00edstica de se espalhar de forma ordenada, de um grupo de linfonodos para outro grupo, por meio dos vasos linf\u00e1ticos.<\/p>\n<p>A doen\u00e7a surge quando um linf\u00f3cito (c\u00e9lula de defesa do corpo), mais frequentemente um do tipo B, se transforma em uma c\u00e9lula maligna, capaz de multiplicar-se descontroladamente e disseminar-se.<\/p>\n<p>A c\u00e9lula maligna come\u00e7a a produzir, nos linfonodos, c\u00f3pias id\u00eanticas, tamb\u00e9m chamadas de clones. Com o passar do tempo, essas c\u00e9lulas malignas podem se disseminar para tecidos pr\u00f3ximos, e, se n\u00e3o tratadas, podem atingir outras partes do corpo.<\/p>\n<p>A doen\u00e7a origina-se com maior frequ\u00eancia na regi\u00e3o do pesco\u00e7o e na regi\u00e3o do t\u00f3rax denominada mediastino.<\/p>\n<p><mark style=\"background-color:#fcb900\" class=\"has-inline-color has-black-color\">A doen\u00e7a pode ocorrer em qualquer faixa et\u00e1ria, por\u00e9m \u00e9 mais comum entre adolescentes e adultos jovens (15 a 29 anos), adultos (30 a 39 anos) e idosos (75 anos ou mais). Os homens t\u00eam maior propens\u00e3o a desenvolver o linfoma de Hodgkin do que as mulheres.<\/mark><\/p>\n<p>A incid\u00eancia de casos novos permaneceu est\u00e1vel nas \u00faltimas cinco d\u00e9cadas, enquanto a mortalidade foi reduzida em mais de 60% desde o in\u00edcio dos anos 1970 devido aos avan\u00e7os no tratamento. A maioria dos pacientes com linfoma de Hodgkin pode ser curada com o tratamento dispon\u00edvel atualmente.<\/p>\n<p>SAIBA MAIS<br \/>Prefeitura na regi\u00e3o de Ribeir\u00e3o Preto abre processo seletivo; Veja como participar<\/p>\n<h4 class=\"wp-block-heading\"><strong>FIQUE ON<\/strong><\/h4>\n<p>Fique ligado em tudo que acontece em Ribeir\u00e3o Preto e regi\u00e3o. Siga os perfis do<strong> acidade on <\/strong>no <a href=\"https:\/\/www.instagram.com\/acidadeonribeirao\" target=\"_blank\" rel=\"noreferrer noopener nofollow\">Instagram<\/a> e no <a href=\"https:\/\/www.facebook.com\/acidadeonribeirao\" target=\"_blank\" rel=\"noreferrer noopener nofollow\">Facebook<\/a>.<\/p>\n<p>Receba not\u00edcias do <strong>acidade on <\/strong>no WhatsApp. <a href=\"https:\/\/chat.whatsapp.com\/GFH9HUMUTHNFJdnyEd0xxq\" target=\"_blank\" rel=\"noreferrer noopener nofollow\">Para entrar no grupo, basta clicar aqui.<\/a><\/p>\n<p>Fa\u00e7a uma den\u00fancia ou sugira uma reportagem sobre Ribeir\u00e3o Preto e regi\u00e3o pelo WhatsApp: 16 99117 7802.<\/p>\n<p>VEJA TAMB\u00c9M<br \/>DPVAT vai voltar? Saiba como receber o dinheiro do seguro<\/p>\n<p><!-- AI CONTENT END 1 -->\n<\/div>\n<p><script async src=\"\/\/www.instagram.com\/embed.js\"><\/script><br \/>\n<br \/><br \/>\n<br \/><a href=\"https:\/\/www.acidadeon.com\/ribeiraopreto\/cotidiano\/saiba-qual-e-o-cancer-terminal-enfrentado-por-jovem-que-vai-se-casar\/\">Source link <\/a><\/p>\n<!-- CONTENT END 1 -->\n","protected":false},"excerpt":{"rendered":"<p>A jovem Isabel Veloso, de 17 anos, emocionou milh\u00f5es de seguidores nas redes sociais ap\u00f3s revelar que em podcasts que enfrenta um c\u00e2ncer terminal. Ela&#8230;<\/p>\n","protected":false},"author":1,"featured_media":46419,"comment_status":"open","ping_status":"open","sticky":false,"template":"","format":"standard","meta":{"advanced_seo_description":"","jetpack_seo_html_title":"","jetpack_seo_noindex":false,"jetpack_post_was_ever_published":false,"_jetpack_newsletter_access":"","_jetpack_dont_email_post_to_subs":false,"_jetpack_newsletter_tier_id":0,"_jetpack_memberships_contains_paywalled_content":false,"_jetpack_memberships_contains_paid_content":false,"footnotes":"","jetpack_publicize_message":"","jetpack_publicize_feature_enabled":true,"jetpack_social_post_already_shared":true,"jetpack_social_options":{"image_generator_settings":{"template":"highway","default_image_id":0,"font":"","enabled":false},"version":2}},"categories":[11],"tags":[],"class_list":["post-46418","post","type-post","status-publish","format-standard","has-post-thumbnail","hentry","category-noticias-de-ribeirao-preto-sp-e-regiao-ismael-colosi"],"jetpack_publicize_connections":[],"jetpack_featured_media_url":"https:\/\/i0.wp.com\/noticiasribeiraopreto.com.br\/wp-content\/uploads\/2024\/04\/AnyConv.com__isabel-veloso.webp.webp?fit=1080%2C865&ssl=1","jetpack-related-posts":[{"id":81606,"url":"https:\/\/noticiasribeiraopreto.com.br\/index.php\/2026\/01\/11\/morre-isabel-veloso-influenciadora-que-compartilhava-rotina-contra-cancer-terminal\/","url_meta":{"origin":46418,"position":0},"title":"Morre Isabel Veloso, influenciadora que compartilhava rotina contra c\u00e2ncer terminal","author":"noticiasribeiraopreto.com.br","date":"11 de January de 2026","format":false,"excerpt":"Isabel Veloso, influenciadora que compartilhava sua rotina de tratamento contra um c\u00e2ncer terminal, morreu neste s\u00e1bado (10), aos 19 anos. A informa\u00e7\u00e3o foi confirmada pelo marido de Isabel, Lucas Borbas, por meio de uma publica\u00e7\u00e3o no Instagram. Ela foi diagnosticada com linfoma de Hodgkin em 2021. Isabel estava internada desde\u2026","rel":"","context":"In &quot;Not\u00edcias de Ribeir\u00e3o Preto-SP e Regi\u00e3o&quot;","block_context":{"text":"Not\u00edcias de Ribeir\u00e3o Preto-SP e Regi\u00e3o","link":"https:\/\/noticiasribeiraopreto.com.br\/index.php\/category\/noticias-de-ribeirao-preto-sp-e-regiao-ismael-colosi\/"},"img":{"alt_text":"","src":"https:\/\/i0.wp.com\/noticiasribeiraopreto.com.br\/wp-content\/uploads\/2026\/01\/isabel-veloso_2026-01-10_16-01-56-e1768060942139.webp.webp?fit=1080%2C826&ssl=1&resize=350%2C200","width":350,"height":200,"srcset":"https:\/\/i0.wp.com\/noticiasribeiraopreto.com.br\/wp-content\/uploads\/2026\/01\/isabel-veloso_2026-01-10_16-01-56-e1768060942139.webp.webp?fit=1080%2C826&ssl=1&resize=350%2C200 1x, https:\/\/i0.wp.com\/noticiasribeiraopreto.com.br\/wp-content\/uploads\/2026\/01\/isabel-veloso_2026-01-10_16-01-56-e1768060942139.webp.webp?fit=1080%2C826&ssl=1&resize=525%2C300 1.5x, https:\/\/i0.wp.com\/noticiasribeiraopreto.com.br\/wp-content\/uploads\/2026\/01\/isabel-veloso_2026-01-10_16-01-56-e1768060942139.webp.webp?fit=1080%2C826&ssl=1&resize=700%2C400 2x, https:\/\/i0.wp.com\/noticiasribeiraopreto.com.br\/wp-content\/uploads\/2026\/01\/isabel-veloso_2026-01-10_16-01-56-e1768060942139.webp.webp?fit=1080%2C826&ssl=1&resize=1050%2C600 3x"},"classes":[]},{"id":59688,"url":"https:\/\/noticiasribeiraopreto.com.br\/index.php\/2024\/10\/28\/linfoma-nao-hodgkin-entenda-o-cancer-de-eduardo-suplicy\/","url_meta":{"origin":46418,"position":1},"title":"Linfoma n\u00e3o-Hodgkin: entenda o c\u00e2ncer de Eduardo Suplicy","author":"noticiasribeiraopreto.com.br","date":"28 de October de 2024","format":false,"excerpt":"Nesta segunda-feira (28), o deputado Eduardo Suplicy (PT) anunciou que est\u00e1 com linfoma n\u00e3o-Hodgkin. Em comunicado publicado nas redes sociais, Suplicy confirmou que recebeu o diagn\u00f3stico em julho e que est\u00e1 realizando tratamento imunoquimioter\u00e1pico para a doen\u00e7a. O que \u00e9 Linfoma n\u00e3o-Hodgkin? De acordo com o Instituto Nacional do C\u00e2ncer\u2026","rel":"","context":"In &quot;Not\u00edcias de Ribeir\u00e3o Preto-SP e Regi\u00e3o&quot;","block_context":{"text":"Not\u00edcias de Ribeir\u00e3o Preto-SP e Regi\u00e3o","link":"https:\/\/noticiasribeiraopreto.com.br\/index.php\/category\/noticias-de-ribeirao-preto-sp-e-regiao-ismael-colosi\/"},"img":{"alt_text":"","src":"https:\/\/i0.wp.com\/noticiasribeiraopreto.com.br\/wp-content\/uploads\/2024\/10\/Copia-de-Copia-de-Copia-de-TAMANHO-EXATO-PARA-FOTOS-NO-SISTEMA-NOVO-51_2024-10-28_18-52-14_png_2024-10-28_18-52-14.webp.webp?fit=1200%2C675&ssl=1&resize=350%2C200","width":350,"height":200,"srcset":"https:\/\/i0.wp.com\/noticiasribeiraopreto.com.br\/wp-content\/uploads\/2024\/10\/Copia-de-Copia-de-Copia-de-TAMANHO-EXATO-PARA-FOTOS-NO-SISTEMA-NOVO-51_2024-10-28_18-52-14_png_2024-10-28_18-52-14.webp.webp?fit=1200%2C675&ssl=1&resize=350%2C200 1x, https:\/\/i0.wp.com\/noticiasribeiraopreto.com.br\/wp-content\/uploads\/2024\/10\/Copia-de-Copia-de-Copia-de-TAMANHO-EXATO-PARA-FOTOS-NO-SISTEMA-NOVO-51_2024-10-28_18-52-14_png_2024-10-28_18-52-14.webp.webp?fit=1200%2C675&ssl=1&resize=525%2C300 1.5x, https:\/\/i0.wp.com\/noticiasribeiraopreto.com.br\/wp-content\/uploads\/2024\/10\/Copia-de-Copia-de-Copia-de-TAMANHO-EXATO-PARA-FOTOS-NO-SISTEMA-NOVO-51_2024-10-28_18-52-14_png_2024-10-28_18-52-14.webp.webp?fit=1200%2C675&ssl=1&resize=700%2C400 2x, https:\/\/i0.wp.com\/noticiasribeiraopreto.com.br\/wp-content\/uploads\/2024\/10\/Copia-de-Copia-de-Copia-de-TAMANHO-EXATO-PARA-FOTOS-NO-SISTEMA-NOVO-51_2024-10-28_18-52-14_png_2024-10-28_18-52-14.webp.webp?fit=1200%2C675&ssl=1&resize=1050%2C600 3x"},"classes":[]},{"id":65724,"url":"https:\/\/noticiasribeiraopreto.com.br\/index.php\/2025\/03\/23\/entenda-o-que-e-o-cancer-no-sistema-linfatico-doenca-que-afeta-o-cantor-netinho\/","url_meta":{"origin":46418,"position":2},"title":"Entenda o que \u00e9 o c\u00e2ncer no sistema linf\u00e1tico, doen\u00e7a que afeta o cantor Netinho","author":"noticiasribeiraopreto.com.br","date":"23 de March de 2025","format":false,"excerpt":"O cantor Netinho foi diagnosticado com c\u00e2ncer do sistema linf\u00e1tico. O an\u00fancio da descoberta do linfoma foi feito atrav\u00e9s da divulga\u00e7\u00e3o do boletim m\u00e9dico no site oficial do artista, no \u00faltimo s\u00e1bado (22). O comunicado, assinado pela diretoria m\u00e9dica do Hospital Alian\u00e7a Star, em Salvador, afirma que Netinho est\u00e1 com\u2026","rel":"","context":"In &quot;Not\u00edcias de Ribeir\u00e3o Preto-SP e Regi\u00e3o&quot;","block_context":{"text":"Not\u00edcias de Ribeir\u00e3o Preto-SP e Regi\u00e3o","link":"https:\/\/noticiasribeiraopreto.com.br\/index.php\/category\/noticias-de-ribeirao-preto-sp-e-regiao-ismael-colosi\/"},"img":{"alt_text":"","src":"https:\/\/i0.wp.com\/noticiasribeiraopreto.com.br\/wp-content\/uploads\/2025\/03\/netinho_2025-03-23_19-59-55_jpg_2025-03-23_19-59-55.webp.webp?fit=1200%2C800&ssl=1&resize=350%2C200","width":350,"height":200,"srcset":"https:\/\/i0.wp.com\/noticiasribeiraopreto.com.br\/wp-content\/uploads\/2025\/03\/netinho_2025-03-23_19-59-55_jpg_2025-03-23_19-59-55.webp.webp?fit=1200%2C800&ssl=1&resize=350%2C200 1x, https:\/\/i0.wp.com\/noticiasribeiraopreto.com.br\/wp-content\/uploads\/2025\/03\/netinho_2025-03-23_19-59-55_jpg_2025-03-23_19-59-55.webp.webp?fit=1200%2C800&ssl=1&resize=525%2C300 1.5x, https:\/\/i0.wp.com\/noticiasribeiraopreto.com.br\/wp-content\/uploads\/2025\/03\/netinho_2025-03-23_19-59-55_jpg_2025-03-23_19-59-55.webp.webp?fit=1200%2C800&ssl=1&resize=700%2C400 2x, https:\/\/i0.wp.com\/noticiasribeiraopreto.com.br\/wp-content\/uploads\/2025\/03\/netinho_2025-03-23_19-59-55_jpg_2025-03-23_19-59-55.webp.webp?fit=1200%2C800&ssl=1&resize=1050%2C600 3x"},"classes":[]},{"id":60544,"url":"https:\/\/noticiasribeiraopreto.com.br\/index.php\/2024\/11\/17\/quem-era-o-cantor-que-morreu-em-acidente-no-interior-de-sp-depois-de-curar-um-cancer\/","url_meta":{"origin":46418,"position":3},"title":"Quem era o cantor que morreu em acidente no interior de SP depois de curar um c\u00e2ncer","author":"noticiasribeiraopreto.com.br","date":"17 de November de 2024","format":false,"excerpt":"O cantor Cau\u00ea Felici Muniz dos Santos, de 34 anos, morreu em um acidente de carro na rodovia Washington Lu\u00eds (SP-310), em Araraquara, no interior de S\u00e3o Paulo, na madrugada de s\u00e1bado (16), aos 34 anos. Cau\u00ea foi diagnosticado com c\u00e2ncer aos 18 anos, e estava curado \u2013 saiba mais\u2026","rel":"","context":"In &quot;Not\u00edcias de Ribeir\u00e3o Preto-SP e Regi\u00e3o&quot;","block_context":{"text":"Not\u00edcias de Ribeir\u00e3o Preto-SP e Regi\u00e3o","link":"https:\/\/noticiasribeiraopreto.com.br\/index.php\/category\/noticias-de-ribeirao-preto-sp-e-regiao-ismael-colosi\/"},"img":{"alt_text":"","src":"https:\/\/i0.wp.com\/noticiasribeiraopreto.com.br\/wp-content\/uploads\/2024\/11\/322848539_501442848744271_29082597581295656_n_2024-11-17_18-02-09_jpg_2024-11-17_18-02-09.webp.webp?fit=1013%2C1013&ssl=1&resize=350%2C200","width":350,"height":200,"srcset":"https:\/\/i0.wp.com\/noticiasribeiraopreto.com.br\/wp-content\/uploads\/2024\/11\/322848539_501442848744271_29082597581295656_n_2024-11-17_18-02-09_jpg_2024-11-17_18-02-09.webp.webp?fit=1013%2C1013&ssl=1&resize=350%2C200 1x, https:\/\/i0.wp.com\/noticiasribeiraopreto.com.br\/wp-content\/uploads\/2024\/11\/322848539_501442848744271_29082597581295656_n_2024-11-17_18-02-09_jpg_2024-11-17_18-02-09.webp.webp?fit=1013%2C1013&ssl=1&resize=525%2C300 1.5x, https:\/\/i0.wp.com\/noticiasribeiraopreto.com.br\/wp-content\/uploads\/2024\/11\/322848539_501442848744271_29082597581295656_n_2024-11-17_18-02-09_jpg_2024-11-17_18-02-09.webp.webp?fit=1013%2C1013&ssl=1&resize=700%2C400 2x"},"classes":[]},{"id":42017,"url":"https:\/\/noticiasribeiraopreto.com.br\/index.php\/2024\/03\/12\/usp-inicia-teste-contra-o-cancer\/","url_meta":{"origin":46418,"position":4},"title":"USP inicia teste contra o c\u00e2ncer\u00a0","author":"noticiasribeiraopreto.com.br","date":"12 de March de 2024","format":false,"excerpt":"12 de mar\u00e7o de 2024 | 15:0012 de mar\u00e7o de 2024 | 9:27 0Com informa\u00e7\u00f5es de Carlos Fioravanti \u00a0(Revista Fapesp)\u00a0\u00a0Come\u00e7a na pr\u00f3xima sexta-feira, 15 de mar\u00e7o, o estudo cl\u00ednico com o uso de terapia CAR-T conduzido pelo Hemocentro de Ribeir\u00e3o Preto, em parceria com o Hospital das Cl\u00ednicas da Faculdade\u2026","rel":"","context":"In &quot;Not\u00edcias de Ribeir\u00e3o Preto-SP e Regi\u00e3o&quot;","block_context":{"text":"Not\u00edcias de Ribeir\u00e3o Preto-SP e Regi\u00e3o","link":"https:\/\/noticiasribeiraopreto.com.br\/index.php\/category\/noticias-de-ribeirao-preto-sp-e-regiao-ismael-colosi\/"},"img":{"alt_text":"","src":"https:\/\/i0.wp.com\/noticiasribeiraopreto.com.br\/wp-content\/uploads\/2024\/03\/Linfoma-Nut-Guilherme-Sircili-scaled.jpg?fit=1000%2C585&ssl=1&resize=350%2C200","width":350,"height":200,"srcset":"https:\/\/i0.wp.com\/noticiasribeiraopreto.com.br\/wp-content\/uploads\/2024\/03\/Linfoma-Nut-Guilherme-Sircili-scaled.jpg?fit=1000%2C585&ssl=1&resize=350%2C200 1x, https:\/\/i0.wp.com\/noticiasribeiraopreto.com.br\/wp-content\/uploads\/2024\/03\/Linfoma-Nut-Guilherme-Sircili-scaled.jpg?fit=1000%2C585&ssl=1&resize=525%2C300 1.5x, https:\/\/i0.wp.com\/noticiasribeiraopreto.com.br\/wp-content\/uploads\/2024\/03\/Linfoma-Nut-Guilherme-Sircili-scaled.jpg?fit=1000%2C585&ssl=1&resize=700%2C400 2x"},"classes":[]},{"id":47921,"url":"https:\/\/noticiasribeiraopreto.com.br\/index.php\/2024\/04\/29\/ex-jogadora-do-corinthians-e-diagnosticada-com-linfoma-de-hodgkin\/","url_meta":{"origin":46418,"position":5},"title":"Ex-jogadora do Corinthians \u00e9 diagnosticada com Linfoma de Hodgkin","author":"noticiasribeiraopreto.com.br","date":"29 de April de 2024","format":false,"excerpt":"A meio-campista da sele\u00e7\u00e3o brasileira feminina de futebol, Luana Bertolucci, ex-jogadora do Corinthians, revelou nesta segunda-feira (29) que foi diagnosticada com Linfoma de Hodgkin, um tipo de c\u00e2ncer que ser origina no sistema linf\u00e1tico. Em comunicado em rede social, a jogadora de 30 anos disse que recebeu o diagn\u00f3stico ap\u00f3s\u2026","rel":"","context":"In &quot;Not\u00edcias de Ribeir\u00e3o Preto-SP e Regi\u00e3o&quot;","block_context":{"text":"Not\u00edcias de Ribeir\u00e3o Preto-SP e Regi\u00e3o","link":"https:\/\/noticiasribeiraopreto.com.br\/index.php\/category\/noticias-de-ribeirao-preto-sp-e-regiao-ismael-colosi\/"},"img":{"alt_text":"","src":"https:\/\/i0.wp.com\/noticiasribeiraopreto.com.br\/wp-content\/uploads\/2024\/04\/luana_2024-04-29_17-56-21_jpg.webp.webp?fit=941%2C627&ssl=1&resize=350%2C200","width":350,"height":200,"srcset":"https:\/\/i0.wp.com\/noticiasribeiraopreto.com.br\/wp-content\/uploads\/2024\/04\/luana_2024-04-29_17-56-21_jpg.webp.webp?fit=941%2C627&ssl=1&resize=350%2C200 1x, https:\/\/i0.wp.com\/noticiasribeiraopreto.com.br\/wp-content\/uploads\/2024\/04\/luana_2024-04-29_17-56-21_jpg.webp.webp?fit=941%2C627&ssl=1&resize=525%2C300 1.5x, https:\/\/i0.wp.com\/noticiasribeiraopreto.com.br\/wp-content\/uploads\/2024\/04\/luana_2024-04-29_17-56-21_jpg.webp.webp?fit=941%2C627&ssl=1&resize=700%2C400 2x"},"classes":[]}],"jetpack_sharing_enabled":true,"jetpack_shortlink":"https:\/\/wp.me\/peQAOb-c4G","_links":{"self":[{"href":"https:\/\/noticiasribeiraopreto.com.br\/index.php\/wp-json\/wp\/v2\/posts\/46418","targetHints":{"allow":["GET"]}}],"collection":[{"href":"https:\/\/noticiasribeiraopreto.com.br\/index.php\/wp-json\/wp\/v2\/posts"}],"about":[{"href":"https:\/\/noticiasribeiraopreto.com.br\/index.php\/wp-json\/wp\/v2\/types\/post"}],"author":[{"embeddable":true,"href":"https:\/\/noticiasribeiraopreto.com.br\/index.php\/wp-json\/wp\/v2\/users\/1"}],"replies":[{"embeddable":true,"href":"https:\/\/noticiasribeiraopreto.com.br\/index.php\/wp-json\/wp\/v2\/comments?post=46418"}],"version-history":[{"count":0,"href":"https:\/\/noticiasribeiraopreto.com.br\/index.php\/wp-json\/wp\/v2\/posts\/46418\/revisions"}],"wp:featuredmedia":[{"embeddable":true,"href":"https:\/\/noticiasribeiraopreto.com.br\/index.php\/wp-json\/wp\/v2\/media\/46419"}],"wp:attachment":[{"href":"https:\/\/noticiasribeiraopreto.com.br\/index.php\/wp-json\/wp\/v2\/media?parent=46418"}],"wp:term":[{"taxonomy":"category","embeddable":true,"href":"https:\/\/noticiasribeiraopreto.com.br\/index.php\/wp-json\/wp\/v2\/categories?post=46418"},{"taxonomy":"post_tag","embeddable":true,"href":"https:\/\/noticiasribeiraopreto.com.br\/index.php\/wp-json\/wp\/v2\/tags?post=46418"}],"curies":[{"name":"wp","href":"https:\/\/api.w.org\/{rel}","templated":true}]}}