{"id":46426,"date":"2024-04-11T16:28:21","date_gmt":"2024-04-11T19:28:21","guid":{"rendered":"https:\/\/noticiasribeiraopreto.com.br\/index.php\/2024\/04\/11\/vagas-de-emprego-para-engenheiro-civil-em-ribeirao-preto-sp-3\/"},"modified":"2024-04-11T16:28:21","modified_gmt":"2024-04-11T19:28:21","slug":"vagas-de-emprego-para-engenheiro-civil-em-ribeirao-preto-sp-3","status":"publish","type":"post","link":"https:\/\/noticiasribeiraopreto.com.br\/index.php\/2024\/04\/11\/vagas-de-emprego-para-engenheiro-civil-em-ribeirao-preto-sp-3\/","title":{"rendered":"Vagas de emprego para Engenheiro Civil em Ribeir\u00e3o Preto-SP"},"content":{"rendered":"<div class='code-block code-block-1' style='margin: 8px 0 8px auto; text-align: right; display: block; clear: both;'>\n<p><a href=\"https:\/\/wa.link\/vpicfd\"><img data-recalc-dims=\"1\" class=\"wp-image-4922\" style=\"aspect-ratio: 2.0253164556962027; width: 561px; height: auto;\" src=\"https:\/\/i0.wp.com\/ismaelcolosi.com.br\/wp-content\/uploads\/2023\/11\/grupo-de-empregos-whatsapp-e-facebook-ismael-colosi-vagas.jpg?ssl=1\" alt=\"\" \/><\/a><\/p>\n<!-- \/wp:image -->\n<\/div>\n<p><a class=\"base-card__full-link absolute top-0 right-0 bottom-0 left-0 p-0 z-[2]\" href=\"https:\/\/br.linkedin.com\/jobs\/view\/engenheiro-civil-at-sele%C3%A7%C3%A3o-engenharia-3851192889?position=2&amp;pageNum=0&amp;refId=Z7anNXwaB4Vvg5kzM1jvmQ%3D%3D&amp;trackingId=nR9%2FG2A1D8OgwWUXIfjY2w%3D%3D&amp;trk=public_jobs_jserp-result_search-card\" data-tracking-control-name=\"public_jobs_jserp-result_search-card\" data-tracking-client-ingraph data-tracking-will-navigate><\/p>\n<p>          <span class=\"sr-only\"><\/p>\n<p>        Engenheiro Civil<\/p>\n<p>          <\/span><br \/>\n        <\/a><br \/>\n<a class=\"base-card__full-link absolute top-0 right-0 bottom-0 left-0 p-0 z-[2]\" href=\"https:\/\/br.linkedin.com\/jobs\/view\/est%C3%A1gio-em-engenharia-civil-s%C3%A3o-paulo-ribeir%C3%A3o-preto-at-direcional-engenharia-3880769988?position=3&amp;pageNum=0&amp;refId=Z7anNXwaB4Vvg5kzM1jvmQ%3D%3D&amp;trackingId=EORibRy3xlNVbzmP2NLvgA%3D%3D&amp;trk=public_jobs_jserp-result_search-card\" data-tracking-control-name=\"public_jobs_jserp-result_search-card\" data-tracking-client-ingraph data-tracking-will-navigate><\/p>\n<p>          <span class=\"sr-only\"><\/p>\n<p>        EST\u00c1GIO EM ENGENHARIA CIVIL S\u00c3O PAULO- RIBEIR\u00c3O PRETO<\/p>\n<p>          <\/span><br \/>\n        <\/a><br \/>\n<a class=\"base-card__full-link absolute top-0 right-0 bottom-0 left-0 p-0 z-[2]\" href=\"https:\/\/br.linkedin.com\/jobs\/view\/est%C3%A1gio-em-engenharia-civil-ribeir%C3%A3o-preto-sp-at-direcional-engenharia-3838944218?position=4&amp;pageNum=0&amp;refId=Z7anNXwaB4Vvg5kzM1jvmQ%3D%3D&amp;trackingId=l1G0rf6lZU2KhynoRllryg%3D%3D&amp;trk=public_jobs_jserp-result_search-card\" data-tracking-control-name=\"public_jobs_jserp-result_search-card\" data-tracking-client-ingraph data-tracking-will-navigate><\/p>\n<p>          <span class=\"sr-only\"><\/p>\n<p>        EST\u00c1GIO EM ENGENHARIA CIVIL &#8211; RIBEIR\u00c3O PRETO SP<\/p>\n<p>          <\/span><br \/>\n        <\/a><br \/>\n<a class=\"base-card__full-link absolute top-0 right-0 bottom-0 left-0 p-0 z-[2]\" href=\"https:\/\/br.linkedin.com\/jobs\/view\/est%C3%A1gio-em-engenharia-civil-ribeir%C3%A3o-preto-sp-at-direcional-engenharia-3838944218?position=4&amp;pageNum=0&amp;refId=Z7anNXwaB4Vvg5kzM1jvmQ%3D%3D&amp;trackingId=l1G0rf6lZU2KhynoRllryg%3D%3D&amp;trk=public_jobs_jserp-result_search-card\" data-tracking-control-name=\"public_jobs_jserp-result_search-card\" data-tracking-client-ingraph data-tracking-will-navigate><\/p>\n<p>          <span class=\"sr-only\"><\/p>\n<p>        EST\u00c1GIO EM ENGENHARIA CIVIL &#8211; RIBEIR\u00c3O PRETO SP<\/p>\n<p>          <\/span><br \/>\n        <\/a><br \/>\n<a class=\"base-card__full-link absolute top-0 right-0 bottom-0 left-0 p-0 z-[2]\" href=\"https:\/\/br.linkedin.com\/jobs\/view\/est%C3%A1gio-engenharia-civil-arquitetura-at-sensia-incorporadora-3855778929?position=5&amp;pageNum=0&amp;refId=Z7anNXwaB4Vvg5kzM1jvmQ%3D%3D&amp;trackingId=ICHQMc0f5J8pABKYy1szxw%3D%3D&amp;trk=public_jobs_jserp-result_search-card\" data-tracking-control-name=\"public_jobs_jserp-result_search-card\" data-tracking-client-ingraph data-tracking-will-navigate><\/p>\n<p>          <span class=\"sr-only\"><\/p>\n<p>        Est\u00e1gio Engenharia Civil\/Arquitetura<\/p>\n<p>          <\/span><br \/>\n        <\/a><br \/>\n<a class=\"base-card__full-link absolute top-0 right-0 bottom-0 left-0 p-0 z-[2]\" href=\"https:\/\/br.linkedin.com\/jobs\/view\/est%C3%A1gio-engenharia-civil-at-nube-n%C3%BAcleo-brasileiro-de-est%C3%A1gios-3867894693?position=9&amp;pageNum=0&amp;refId=Z7anNXwaB4Vvg5kzM1jvmQ%3D%3D&amp;trackingId=quPNdMNYXIkTScer5zsmrw%3D%3D&amp;trk=public_jobs_jserp-result_search-card\" data-tracking-control-name=\"public_jobs_jserp-result_search-card\" data-tracking-client-ingraph data-tracking-will-navigate><\/p>\n<p>          <span class=\"sr-only\"><\/p>\n<p>        Est\u00e1gio: Engenharia Civil<\/p>\n<p>          <\/span><br \/>\n        <\/a><br \/>\n<main id=\"main-content\" class=\"two-pane-serp-page__results\" role=\"main\"><\/p>\n<section class=\"two-pane-serp-page__search-header\">\n<p><!----><\/p>\n<section class=\"job-alert-redirect-section job-alert-redirect-section--jserp\">\n      <icon class=\"job-alert-redirect-section__icon\" data-delayed-url=\"https:\/\/static.licdn.com\/aero-v1\/sc\/h\/dd4yq8pu9gycnw9c7p5uro8qn\"><\/icon><\/p>\n<div class=\"job-alert-redirect-section__container\">\n<p>\n           Receba alertas de novas vagas de <span class=\"break-words t-bold\">Engenheiro Civil<\/span> em: <strong>Ribeir\u00e3o Preto e Regi\u00e3o<\/strong>.\n                  <\/p>\n<p>        <a class=\"job-alert-redirect-section__cta\" href=\"https:\/\/www.linkedin.com\/login?emailAddress=&amp;fromSignIn=&amp;session_redirect=https%3A%2F%2Fbr.linkedin.com%2Fjobs%2Fengenheiro-civil-vagas-ribeir%25C3%25A3o-preto-e-regi%25C3%25A3o%3Fposition%3D1%26pageNum%3D0&amp;trk=public_jobs_job-alert-guest-redirect-cta\" data-impression-id=\"public_jobs_job-alert-guest-redirect-cta\" data-tracking-control-name=\"public_jobs_job-alert-guest-redirect-cta\" data-tracking-will-navigate><br \/>\n            Entre para criar um alerta de vaga<br \/>\n        <\/a>\n      <\/div>\n<\/section>\n<\/section>\n<p><!----><\/p>\n<div class=\"results-context-header\">\n<h1 class=\"results-context-header__context\">\n          <span class=\"results-context-header__job-count\">11<\/span> <span class=\"results-context-header__query-search\">Engenheiro Civil vagas em Ribeir\u00e3o Preto e Regi\u00e3o<\/span><br \/>\n      <\/h1>\n<\/p><\/div>\n<section class=\"two-pane-serp-page__results-list\">\n<ul class=\"jobs-search__results-list\">\n<li>\n<p>      <a href=\"https:\/\/br.linkedin.com\/jobs\/view\/engenharia-civil-ribeir%C3%A3o-preto-3892696636?position=1&amp;pageNum=0&amp;refId=Z7anNXwaB4Vvg5kzM1jvmQ%3D%3D&amp;trackingId=sgGEEIMEfEl0WwwXHNcltA%3D%3D&amp;trk=public_jobs_jserp-result_search-card\" target=\"_self\" data-impression-id=\"jobs-search-desktop-0\" data-tracking-control-name=\"public_jobs_jserp-result_search-card\" data-tracking-will-navigate class=\"base-card relative w-full hover:no-underline focus:no-underline base-card--link base-search-card base-search-card--link job-search-card\" data-tracking-client-ingraph data-entity-urn=\"urn:li:jobPosting:3892696636\" data-reference-id=\"Z7anNXwaB4Vvg5kzM1jvmQ==\" data-tracking-id=\"sgGEEIMEfEl0WwwXHNcltA==\" data-column=\"1\" data-row=\"1\" rel=\"noopener\"><\/p>\n<p><!----><\/p>\n<div class=\"search-entity-media\">\n<p>      <img class=\"artdeco-entity-image artdeco-entity-image--square-4\n          artdeco-entity-image--ghost\" data-delayed-url=\"https:\/\/static.licdn.com\/aero-v1\/sc\/h\/9a9u41thxt325ucfh5z8ga4m8\" data-ghost-classes=\"artdeco-entity-image--ghost\" data-ghost-url=\"https:\/\/static.licdn.com\/aero-v1\/sc\/h\/9a9u41thxt325ucfh5z8ga4m8\" alt><\/p><\/div>\n<div class=\"base-search-card__info\">\n<h3 class=\"base-search-card__title\">\n<p>        Engenharia Civil &#8211; Ribeir\u00e3o Preto<\/p>\n<\/h3>\n<h4 class=\"base-search-card__subtitle\">\n<p>          REDE CIDAD\u00c3<\/p>\n<\/h4>\n<p><!----><\/p>\n<div class=\"base-search-card__metadata\">\n<p>          <span class=\"job-search-card__location\"><br \/>\n            Ribeir\u00e3o Preto, SP<br \/>\n          <\/span><\/p>\n<div class=\"job-posting-benefits text-sm\">\n        <icon class=\"job-posting-benefits__icon\" data-delayed-url=\"https:\/\/static.licdn.com\/aero-v1\/sc\/h\/8zmuwb93gzlb935fk4ao4z779\" data-svg-class-name=\"job-posting-benefits__icon-svg\"><\/icon><br \/>\n        <span class=\"job-posting-benefits__text\"><br \/>\n          Seja um dos primeiros a se candidatar<br \/>\n<!---->        <\/span>\n      <\/div>\n<p>          <time class=\"job-search-card__listdate--new\" datetime=\"2024-04-11\"><\/p>\n<p>      H\u00e1 13 horas<\/p>\n<p>          <\/time><\/p>\n<p><!---->\n            <\/div>\n<\/p><\/div>\n<p><!---->      <\/p>\n<p>      <\/a><\/p>\n<\/li>\n<li>\n<div class=\"base-card relative w-full hover:no-underline focus:no-underline base-card--link base-search-card base-search-card--link job-search-card\" data-entity-urn=\"urn:li:jobPosting:3851192889\" data-impression-id=\"jobs-search-desktop-1\" data-reference-id=\"Z7anNXwaB4Vvg5kzM1jvmQ==\" data-tracking-id=\"nR9\/G2A1D8OgwWUXIfjY2w==\" data-column=\"1\" data-row=\"2\">\n<p>        <a class=\"base-card__full-link absolute top-0 right-0 bottom-0 left-0 p-0 z-[2]\" href=\"https:\/\/br.linkedin.com\/jobs\/view\/engenheiro-civil-at-sele%C3%A7%C3%A3o-engenharia-3851192889?position=2&amp;pageNum=0&amp;refId=Z7anNXwaB4Vvg5kzM1jvmQ%3D%3D&amp;trackingId=nR9%2FG2A1D8OgwWUXIfjY2w%3D%3D&amp;trk=public_jobs_jserp-result_search-card\" data-tracking-control-name=\"public_jobs_jserp-result_search-card\" data-tracking-client-ingraph data-tracking-will-navigate><\/p>\n<p>          <span class=\"sr-only\"><\/p>\n<p>        Engenheiro Civil<\/p>\n<p>          <\/span><br \/>\n        <\/a><\/p>\n<div class=\"search-entity-media\">\n<p>      <img class=\"artdeco-entity-image artdeco-entity-image--square-4\n          \" data-delayed-url=\"https:\/\/media.licdn.com\/dms\/image\/C4E0BAQFsT94_up1fJA\/company-logo_100_100\/0\/1630607025759\/seleo_engenharia_logo?e=2147483647&amp;v=beta&amp;t=fTh3SEazPLyhy6UZGO8VjPe5BE5sZNWPeq-axaGrrmA\" data-ghost-classes=\"artdeco-entity-image--ghost\" data-ghost-url=\"https:\/\/static.licdn.com\/aero-v1\/sc\/h\/9a9u41thxt325ucfh5z8ga4m8\" alt><\/p><\/div>\n<div class=\"base-search-card__info\">\n<h3 class=\"base-search-card__title\">\n<p>        Engenheiro Civil<\/p>\n<\/h3>\n<h4 class=\"base-search-card__subtitle\">\n<p>          <a class=\"hidden-nested-link\" data-tracking-client-ingraph data-tracking-control-name=\"public_jobs_jserp-result_job-search-card-subtitle\" data-tracking-will-navigate href=\"https:\/\/br.linkedin.com\/company\/sele%C3%A7%C3%A3o-engenharia?trk=public_jobs_jserp-result_job-search-card-subtitle\"><br \/>\n            Sele\u00e7\u00e3o Engenharia<br \/>\n          <\/a><\/p>\n<\/h4>\n<p><!----><\/p>\n<div class=\"base-search-card__metadata\">\n<p>          <span class=\"job-search-card__location\"><br \/>\n            Ribeir\u00e3o Preto e Regi\u00e3o<br \/>\n          <\/span><\/p>\n<p><!---->  <\/p>\n<p>          <time class=\"job-search-card__listdate\" datetime=\"2024-03-13\"><\/p>\n<p>      H\u00e1 4 semanas<\/p>\n<p>          <\/time><\/p>\n<p><!---->\n            <\/div>\n<\/p><\/div>\n<p><!---->      <\/p><\/div>\n<\/li>\n<li>\n<div class=\"base-card relative w-full hover:no-underline focus:no-underline base-card--link base-search-card base-search-card--link job-search-card\" data-entity-urn=\"urn:li:jobPosting:3880769988\" data-impression-id=\"jobs-search-desktop-2\" data-reference-id=\"Z7anNXwaB4Vvg5kzM1jvmQ==\" data-tracking-id=\"EORibRy3xlNVbzmP2NLvgA==\" data-column=\"1\" data-row=\"3\">\n<p>        <a class=\"base-card__full-link absolute top-0 right-0 bottom-0 left-0 p-0 z-[2]\" href=\"https:\/\/br.linkedin.com\/jobs\/view\/est%C3%A1gio-em-engenharia-civil-s%C3%A3o-paulo-ribeir%C3%A3o-preto-at-direcional-engenharia-3880769988?position=3&amp;pageNum=0&amp;refId=Z7anNXwaB4Vvg5kzM1jvmQ%3D%3D&amp;trackingId=EORibRy3xlNVbzmP2NLvgA%3D%3D&amp;trk=public_jobs_jserp-result_search-card\" data-tracking-control-name=\"public_jobs_jserp-result_search-card\" data-tracking-client-ingraph data-tracking-will-navigate><\/p>\n<p>          <span class=\"sr-only\"><\/p>\n<p>        EST\u00c1GIO EM ENGENHARIA CIVIL S\u00c3O PAULO- RIBEIR\u00c3O PRETO<\/p>\n<p>          <\/span><br \/>\n        <\/a><\/p>\n<div class=\"search-entity-media\">\n<p>      <img class=\"artdeco-entity-image artdeco-entity-image--square-4\n          \" data-delayed-url=\"https:\/\/media.licdn.com\/dms\/image\/C4E0BAQEJUDEooxp5DA\/company-logo_100_100\/0\/1630611991759\/direcional_engenharia_logo?e=2147483647&amp;v=beta&amp;t=bwxi_m3WhioRaTuAA-KndCaZBdu_fj2k4rqLxUiwhWQ\" data-ghost-classes=\"artdeco-entity-image--ghost\" data-ghost-url=\"https:\/\/static.licdn.com\/aero-v1\/sc\/h\/9a9u41thxt325ucfh5z8ga4m8\" alt><\/p><\/div>\n<div class=\"base-search-card__info\">\n<h3 class=\"base-search-card__title\">\n<p>        EST\u00c1GIO EM ENGENHARIA CIVIL S\u00c3O PAULO- RIBEIR\u00c3O PRETO<\/p>\n<\/h3>\n<h4 class=\"base-search-card__subtitle\">\n<p>          <a class=\"hidden-nested-link\" data-tracking-client-ingraph data-tracking-control-name=\"public_jobs_jserp-result_job-search-card-subtitle\" data-tracking-will-navigate href=\"https:\/\/br.linkedin.com\/company\/direcional-engenharia?trk=public_jobs_jserp-result_job-search-card-subtitle\"><br \/>\n            Direcional Engenharia<br \/>\n          <\/a><\/p>\n<\/h4>\n<p><!----><\/p>\n<div class=\"base-search-card__metadata\">\n<p>          <span class=\"job-search-card__location\"><br \/>\n            Ribeir\u00e3o Preto, SP<br \/>\n          <\/span><\/p>\n<div class=\"job-posting-benefits text-sm\">\n        <icon class=\"job-posting-benefits__icon\" data-delayed-url=\"https:\/\/static.licdn.com\/aero-v1\/sc\/h\/8zmuwb93gzlb935fk4ao4z779\" data-svg-class-name=\"job-posting-benefits__icon-svg\"><\/icon><br \/>\n        <span class=\"job-posting-benefits__text\"><br \/>\n          Seja um dos primeiros a se candidatar<br \/>\n<!---->        <\/span>\n      <\/div>\n<p>          <time class=\"job-search-card__listdate\" datetime=\"2024-04-01\"><\/p>\n<p>      H\u00e1 1 semana<\/p>\n<p>          <\/time><\/p>\n<p><!---->\n            <\/div>\n<\/p><\/div>\n<p><!---->      <\/p><\/div>\n<\/li>\n<li>\n<div class=\"base-card relative w-full hover:no-underline focus:no-underline base-card--link base-search-card base-search-card--link job-search-card\" data-entity-urn=\"urn:li:jobPosting:3838944218\" data-impression-id=\"jobs-search-desktop-3\" data-reference-id=\"Z7anNXwaB4Vvg5kzM1jvmQ==\" data-tracking-id=\"l1G0rf6lZU2KhynoRllryg==\" data-column=\"1\" data-row=\"4\">\n<p>        <a class=\"base-card__full-link absolute top-0 right-0 bottom-0 left-0 p-0 z-[2]\" href=\"https:\/\/br.linkedin.com\/jobs\/view\/est%C3%A1gio-em-engenharia-civil-ribeir%C3%A3o-preto-sp-at-direcional-engenharia-3838944218?position=4&amp;pageNum=0&amp;refId=Z7anNXwaB4Vvg5kzM1jvmQ%3D%3D&amp;trackingId=l1G0rf6lZU2KhynoRllryg%3D%3D&amp;trk=public_jobs_jserp-result_search-card\" data-tracking-control-name=\"public_jobs_jserp-result_search-card\" data-tracking-client-ingraph data-tracking-will-navigate><\/p>\n<p>          <span class=\"sr-only\"><\/p>\n<p>        EST\u00c1GIO EM ENGENHARIA CIVIL &#8211; RIBEIR\u00c3O PRETO SP<\/p>\n<p>          <\/span><br \/>\n        <\/a><\/p>\n<div class=\"search-entity-media\">\n<p>      <img class=\"artdeco-entity-image artdeco-entity-image--square-4\n          \" data-delayed-url=\"https:\/\/media.licdn.com\/dms\/image\/C4E0BAQEJUDEooxp5DA\/company-logo_100_100\/0\/1630611991759\/direcional_engenharia_logo?e=2147483647&amp;v=beta&amp;t=bwxi_m3WhioRaTuAA-KndCaZBdu_fj2k4rqLxUiwhWQ\" data-ghost-classes=\"artdeco-entity-image--ghost\" data-ghost-url=\"https:\/\/static.licdn.com\/aero-v1\/sc\/h\/9a9u41thxt325ucfh5z8ga4m8\" alt><\/p><\/div>\n<div class=\"base-search-card__info\">\n<h3 class=\"base-search-card__title\">\n<p>        EST\u00c1GIO EM ENGENHARIA CIVIL &#8211; RIBEIR\u00c3O PRETO SP<\/p>\n<\/h3>\n<h4 class=\"base-search-card__subtitle\">\n<p>          <a class=\"hidden-nested-link\" data-tracking-client-ingraph data-tracking-control-name=\"public_jobs_jserp-result_job-search-card-subtitle\" data-tracking-will-navigate href=\"https:\/\/br.linkedin.com\/company\/direcional-engenharia?trk=public_jobs_jserp-result_job-search-card-subtitle\"><br \/>\n            Direcional Engenharia<br \/>\n          <\/a><\/p>\n<\/h4>\n<p><!----><\/p>\n<div class=\"base-search-card__metadata\">\n<p>          <span class=\"job-search-card__location\"><br \/>\n            Ribeir\u00e3o Preto, SP<br \/>\n          <\/span><\/p>\n<div class=\"job-posting-benefits text-sm\">\n        <icon class=\"job-posting-benefits__icon\" data-delayed-url=\"https:\/\/static.licdn.com\/aero-v1\/sc\/h\/8zmuwb93gzlb935fk4ao4z779\" data-svg-class-name=\"job-posting-benefits__icon-svg\"><\/icon><br \/>\n        <span class=\"job-posting-benefits__text\"><br \/>\n          Seja um dos primeiros a se candidatar<br \/>\n<!---->        <\/span>\n      <\/div>\n<p>          <time class=\"job-search-card__listdate\" datetime=\"2024-02-23\"><\/p>\n<p>      H\u00e1 1 m\u00eas<\/p>\n<p>          <\/time><\/p>\n<p><!---->\n            <\/div>\n<\/p><\/div>\n<p><!---->      <\/p><\/div>\n<\/li>\n<li>\n<div class=\"base-card relative w-full hover:no-underline focus:no-underline base-card--link base-search-card base-search-card--link job-search-card\" data-entity-urn=\"urn:li:jobPosting:3855778929\" data-impression-id=\"jobs-search-desktop-4\" data-reference-id=\"Z7anNXwaB4Vvg5kzM1jvmQ==\" data-tracking-id=\"ICHQMc0f5J8pABKYy1szxw==\" data-column=\"1\" data-row=\"5\">\n<p>        <a class=\"base-card__full-link absolute top-0 right-0 bottom-0 left-0 p-0 z-[2]\" href=\"https:\/\/br.linkedin.com\/jobs\/view\/est%C3%A1gio-engenharia-civil-arquitetura-at-sensia-incorporadora-3855778929?position=5&amp;pageNum=0&amp;refId=Z7anNXwaB4Vvg5kzM1jvmQ%3D%3D&amp;trackingId=ICHQMc0f5J8pABKYy1szxw%3D%3D&amp;trk=public_jobs_jserp-result_search-card\" data-tracking-control-name=\"public_jobs_jserp-result_search-card\" data-tracking-client-ingraph data-tracking-will-navigate><\/p>\n<p>          <span class=\"sr-only\"><\/p>\n<p>        Est\u00e1gio Engenharia Civil\/Arquitetura<\/p>\n<p>          <\/span><br \/>\n        <\/a><\/p>\n<div class=\"search-entity-media\">\n<p>      <img class=\"artdeco-entity-image artdeco-entity-image--square-4\n          \" data-delayed-url=\"https:\/\/media.licdn.com\/dms\/image\/C4E0BAQHfL9SOstuDUg\/company-logo_100_100\/0\/1630628737954\/sensiaincorporadora_logo?e=2147483647&amp;v=beta&amp;t=eE6otP9L-KmwcEkJfxL95vfmVUV-JLrMfSKYBECdhdw\" data-ghost-classes=\"artdeco-entity-image--ghost\" data-ghost-url=\"https:\/\/static.licdn.com\/aero-v1\/sc\/h\/9a9u41thxt325ucfh5z8ga4m8\" alt><\/p><\/div>\n<div class=\"base-search-card__info\">\n<h3 class=\"base-search-card__title\">\n<p>        Est\u00e1gio Engenharia Civil\/Arquitetura<\/p>\n<\/h3>\n<h4 class=\"base-search-card__subtitle\">\n<p>          <a class=\"hidden-nested-link\" data-tracking-client-ingraph data-tracking-control-name=\"public_jobs_jserp-result_job-search-card-subtitle\" data-tracking-will-navigate href=\"https:\/\/br.linkedin.com\/company\/sensiaincorporadora?trk=public_jobs_jserp-result_job-search-card-subtitle\"><br \/>\n            Sensia Incorporadora<br \/>\n          <\/a><\/p>\n<\/h4>\n<p><!----><\/p>\n<div class=\"base-search-card__metadata\">\n<p>          <span class=\"job-search-card__location\"><br \/>\n            Ribeir\u00e3o Preto, SP<br \/>\n          <\/span><\/p>\n<div class=\"job-posting-benefits text-sm\">\n        <icon class=\"job-posting-benefits__icon\" data-delayed-url=\"https:\/\/static.licdn.com\/aero-v1\/sc\/h\/8zmuwb93gzlb935fk4ao4z779\" data-svg-class-name=\"job-posting-benefits__icon-svg\"><\/icon><br \/>\n        <span class=\"job-posting-benefits__text\"><br \/>\n          Seja um dos primeiros a se candidatar<br \/>\n<!---->        <\/span>\n      <\/div>\n<p>          <time class=\"job-search-card__listdate\" datetime=\"2024-03-14\"><\/p>\n<p>      H\u00e1 4 semanas<\/p>\n<p>          <\/time><\/p>\n<p><!---->\n            <\/div>\n<\/p><\/div>\n<p><!---->      <\/p><\/div>\n<\/li>\n<li>\n<div class=\"base-card relative w-full hover:no-underline focus:no-underline base-card--link base-search-card base-search-card--link job-search-card\" data-entity-urn=\"urn:li:jobPosting:3881694969\" data-impression-id=\"jobs-search-desktop-5\" data-reference-id=\"Z7anNXwaB4Vvg5kzM1jvmQ==\" data-tracking-id=\"ztoVApwEymyNAij2JwHjnA==\" data-column=\"1\" data-row=\"6\">\n<p>        <a class=\"base-card__full-link absolute top-0 right-0 bottom-0 left-0 p-0 z-[2]\" href=\"https:\/\/br.linkedin.com\/jobs\/view\/est%C3%A1gio-engenharia-civil-e-arquitetura-at-sensia-incorporadora-3881694969?position=6&amp;pageNum=0&amp;refId=Z7anNXwaB4Vvg5kzM1jvmQ%3D%3D&amp;trackingId=ztoVApwEymyNAij2JwHjnA%3D%3D&amp;trk=public_jobs_jserp-result_search-card\" data-tracking-control-name=\"public_jobs_jserp-result_search-card\" data-tracking-client-ingraph data-tracking-will-navigate><\/p>\n<p>          <span class=\"sr-only\"><\/p>\n<p>        Est\u00e1gio Engenharia Civil e Arquitetura<\/p>\n<p>          <\/span><br \/>\n        <\/a><\/p>\n<div class=\"search-entity-media\">\n<p>      <img class=\"artdeco-entity-image artdeco-entity-image--square-4\n          \" data-delayed-url=\"https:\/\/media.licdn.com\/dms\/image\/C4E0BAQHfL9SOstuDUg\/company-logo_100_100\/0\/1630628737954\/sensiaincorporadora_logo?e=2147483647&amp;v=beta&amp;t=eE6otP9L-KmwcEkJfxL95vfmVUV-JLrMfSKYBECdhdw\" data-ghost-classes=\"artdeco-entity-image--ghost\" data-ghost-url=\"https:\/\/static.licdn.com\/aero-v1\/sc\/h\/9a9u41thxt325ucfh5z8ga4m8\" alt><\/p><\/div>\n<div class=\"base-search-card__info\">\n<h3 class=\"base-search-card__title\">\n<p>        Est\u00e1gio Engenharia Civil e Arquitetura<\/p>\n<\/h3>\n<h4 class=\"base-search-card__subtitle\">\n<p>          <a class=\"hidden-nested-link\" data-tracking-client-ingraph data-tracking-control-name=\"public_jobs_jserp-result_job-search-card-subtitle\" data-tracking-will-navigate href=\"https:\/\/br.linkedin.com\/company\/sensiaincorporadora?trk=public_jobs_jserp-result_job-search-card-subtitle\"><br \/>\n            Sensia Incorporadora<br \/>\n          <\/a><\/p>\n<\/h4>\n<p><!----><\/p>\n<div class=\"base-search-card__metadata\">\n<p>          <span class=\"job-search-card__location\"><br \/>\n            Ribeir\u00e3o Preto, SP<br \/>\n          <\/span><\/p>\n<div class=\"job-posting-benefits text-sm\">\n        <icon class=\"job-posting-benefits__icon\" data-delayed-url=\"https:\/\/static.licdn.com\/aero-v1\/sc\/h\/8zmuwb93gzlb935fk4ao4z779\" data-svg-class-name=\"job-posting-benefits__icon-svg\"><\/icon><br \/>\n        <span class=\"job-posting-benefits__text\"><br \/>\n          Seja um dos primeiros a se candidatar<br \/>\n<!---->        <\/span>\n      <\/div>\n<p>          <time class=\"job-search-card__listdate\" datetime=\"2024-04-03\"><\/p>\n<p>      H\u00e1 1 semana<\/p>\n<p>          <\/time><\/p>\n<p><!---->\n            <\/div>\n<\/p><\/div>\n<p><!---->      <\/p><\/div>\n<\/li>\n<li>\n<div class=\"base-card relative w-full hover:no-underline focus:no-underline base-card--link base-search-card base-search-card--link job-search-card\" data-entity-urn=\"urn:li:jobPosting:3882415279\" data-impression-id=\"jobs-search-desktop-6\" data-reference-id=\"Z7anNXwaB4Vvg5kzM1jvmQ==\" data-tracking-id=\"jfelbNxhKQKEsNxkYhI2OQ==\" data-column=\"1\" data-row=\"7\">\n<p>        <a class=\"base-card__full-link absolute top-0 right-0 bottom-0 left-0 p-0 z-[2]\" href=\"https:\/\/br.linkedin.com\/jobs\/view\/est%C3%A1gio-engenharia-civil-e-arquitetura-at-mrv-co-3882415279?position=7&amp;pageNum=0&amp;refId=Z7anNXwaB4Vvg5kzM1jvmQ%3D%3D&amp;trackingId=jfelbNxhKQKEsNxkYhI2OQ%3D%3D&amp;trk=public_jobs_jserp-result_search-card\" data-tracking-control-name=\"public_jobs_jserp-result_search-card\" data-tracking-client-ingraph data-tracking-will-navigate><\/p>\n<p>          <span class=\"sr-only\"><\/p>\n<p>        Est\u00e1gio Engenharia Civil e Arquitetura<\/p>\n<p>          <\/span><br \/>\n        <\/a><\/p>\n<div class=\"search-entity-media\">\n<p>      <img class=\"artdeco-entity-image artdeco-entity-image--square-4\n          \" data-delayed-url=\"https:\/\/media.licdn.com\/dms\/image\/C4D0BAQFiMTX4fTHngw\/company-logo_100_100\/0\/1656681625557\/mrveco_logo?e=2147483647&amp;v=beta&amp;t=HrV7SLK5X9GlhfjVif-1QFExpYnEp0xlojsAgmgNf3E\" data-ghost-classes=\"artdeco-entity-image--ghost\" data-ghost-url=\"https:\/\/static.licdn.com\/aero-v1\/sc\/h\/9a9u41thxt325ucfh5z8ga4m8\" alt><\/p><\/div>\n<div class=\"base-search-card__info\">\n<h3 class=\"base-search-card__title\">\n<p>        Est\u00e1gio Engenharia Civil e Arquitetura<\/p>\n<\/h3>\n<h4 class=\"base-search-card__subtitle\">\n<p>          <a class=\"hidden-nested-link\" data-tracking-client-ingraph data-tracking-control-name=\"public_jobs_jserp-result_job-search-card-subtitle\" data-tracking-will-navigate href=\"https:\/\/br.linkedin.com\/company\/mrveco?trk=public_jobs_jserp-result_job-search-card-subtitle\"><br \/>\n            MRV&amp;CO<br \/>\n          <\/a><\/p>\n<\/h4>\n<p><!----><\/p>\n<div class=\"base-search-card__metadata\">\n<p>          <span class=\"job-search-card__location\"><br \/>\n            Ribeir\u00e3o Preto, SP<br \/>\n          <\/span><\/p>\n<div class=\"job-posting-benefits text-sm\">\n        <icon class=\"job-posting-benefits__icon\" data-delayed-url=\"https:\/\/static.licdn.com\/aero-v1\/sc\/h\/8zmuwb93gzlb935fk4ao4z779\" data-svg-class-name=\"job-posting-benefits__icon-svg\"><\/icon><br \/>\n        <span class=\"job-posting-benefits__text\"><br \/>\n          Seja um dos primeiros a se candidatar<br \/>\n<!---->        <\/span>\n      <\/div>\n<p>          <time class=\"job-search-card__listdate\" datetime=\"2024-04-03\"><\/p>\n<p>      H\u00e1 1 semana<\/p>\n<p>          <\/time><\/p>\n<p><!---->\n            <\/div>\n<\/p><\/div>\n<p><!---->      <\/p><\/div>\n<\/li>\n<li>\n<p>      <a href=\"https:\/\/br.linkedin.com\/jobs\/view\/est%C3%A1gio-em-engenharia-civil-10814-3889338318?position=8&amp;pageNum=0&amp;refId=Z7anNXwaB4Vvg5kzM1jvmQ%3D%3D&amp;trackingId=yHKLP0NSW8lGJc5qdGZfEw%3D%3D&amp;trk=public_jobs_jserp-result_search-card\" target=\"_self\" data-impression-id=\"jobs-search-desktop-7\" data-tracking-control-name=\"public_jobs_jserp-result_search-card\" data-tracking-will-navigate class=\"base-card relative w-full hover:no-underline focus:no-underline base-card--link base-search-card base-search-card--link job-search-card\" data-tracking-client-ingraph data-entity-urn=\"urn:li:jobPosting:3889338318\" data-reference-id=\"Z7anNXwaB4Vvg5kzM1jvmQ==\" data-tracking-id=\"yHKLP0NSW8lGJc5qdGZfEw==\" data-column=\"1\" data-row=\"8\" rel=\"noopener\"><\/p>\n<p><!----><\/p>\n<div class=\"search-entity-media\">\n<p>      <img class=\"artdeco-entity-image artdeco-entity-image--square-4\n          artdeco-entity-image--ghost\" data-delayed-url=\"https:\/\/static.licdn.com\/aero-v1\/sc\/h\/9a9u41thxt325ucfh5z8ga4m8\" data-ghost-classes=\"artdeco-entity-image--ghost\" data-ghost-url=\"https:\/\/static.licdn.com\/aero-v1\/sc\/h\/9a9u41thxt325ucfh5z8ga4m8\" alt><\/p><\/div>\n<div class=\"base-search-card__info\">\n<h3 class=\"base-search-card__title\">\n<p>        Est\u00e1gio Em Engenharia Civil (10814)<\/p>\n<\/h3>\n<h4 class=\"base-search-card__subtitle\">\n<p>          REDE CIDAD\u00c3<\/p>\n<\/h4>\n<p><!----><\/p>\n<div class=\"base-search-card__metadata\">\n<p>          <span class=\"job-search-card__location\"><br \/>\n            Ribeir\u00e3o Preto, SP<br \/>\n          <\/span><\/p>\n<div class=\"job-posting-benefits text-sm\">\n        <icon class=\"job-posting-benefits__icon\" data-delayed-url=\"https:\/\/static.licdn.com\/aero-v1\/sc\/h\/8zmuwb93gzlb935fk4ao4z779\" data-svg-class-name=\"job-posting-benefits__icon-svg\"><\/icon><br \/>\n        <span class=\"job-posting-benefits__text\"><br \/>\n          Seja um dos primeiros a se candidatar<br \/>\n<!---->        <\/span>\n      <\/div>\n<p>          <time class=\"job-search-card__listdate\" datetime=\"2024-04-09\"><\/p>\n<p>      H\u00e1 2 dias<\/p>\n<p>          <\/time><\/p>\n<p><!---->\n            <\/div>\n<\/p><\/div>\n<p><!---->      <\/p>\n<p>      <\/a><\/p>\n<\/li>\n<li>\n<div class=\"base-card relative w-full hover:no-underline focus:no-underline base-card--link base-search-card base-search-card--link job-search-card\" data-entity-urn=\"urn:li:jobPosting:3867894693\" data-impression-id=\"jobs-search-desktop-8\" data-reference-id=\"Z7anNXwaB4Vvg5kzM1jvmQ==\" data-tracking-id=\"quPNdMNYXIkTScer5zsmrw==\" data-column=\"1\" data-row=\"9\">\n<p>        <a class=\"base-card__full-link absolute top-0 right-0 bottom-0 left-0 p-0 z-[2]\" href=\"https:\/\/br.linkedin.com\/jobs\/view\/est%C3%A1gio-engenharia-civil-at-nube-n%C3%BAcleo-brasileiro-de-est%C3%A1gios-3867894693?position=9&amp;pageNum=0&amp;refId=Z7anNXwaB4Vvg5kzM1jvmQ%3D%3D&amp;trackingId=quPNdMNYXIkTScer5zsmrw%3D%3D&amp;trk=public_jobs_jserp-result_search-card\" data-tracking-control-name=\"public_jobs_jserp-result_search-card\" data-tracking-client-ingraph data-tracking-will-navigate><\/p>\n<p>          <span class=\"sr-only\"><\/p>\n<p>        Est\u00e1gio: Engenharia Civil<\/p>\n<p>          <\/span><br \/>\n        <\/a><\/p>\n<div class=\"search-entity-media\">\n<p>      <img class=\"artdeco-entity-image artdeco-entity-image--square-4\n          \" data-delayed-url=\"https:\/\/media.licdn.com\/dms\/image\/D4D0BAQFroY4KyhzEZw\/company-logo_100_100\/0\/1696259399211\/nubevagas_logo?e=2147483647&amp;v=beta&amp;t=ZTrbWXB8XFdS8UpeNmi69fcilJ-vHxiMgEr_vg-9n0o\" data-ghost-classes=\"artdeco-entity-image--ghost\" data-ghost-url=\"https:\/\/static.licdn.com\/aero-v1\/sc\/h\/9a9u41thxt325ucfh5z8ga4m8\" alt><\/p><\/div>\n<div class=\"base-search-card__info\">\n<h3 class=\"base-search-card__title\">\n<p>        Est\u00e1gio: Engenharia Civil<\/p>\n<\/h3>\n<h4 class=\"base-search-card__subtitle\">\n<p>          <a class=\"hidden-nested-link\" data-tracking-client-ingraph data-tracking-control-name=\"public_jobs_jserp-result_job-search-card-subtitle\" data-tracking-will-navigate href=\"https:\/\/br.linkedin.com\/company\/nubevagas?trk=public_jobs_jserp-result_job-search-card-subtitle\"><br \/>\n            Nube &#8211; N\u00facleo Brasileiro de Est\u00e1gios<br \/>\n          <\/a><\/p>\n<\/h4>\n<p><!----><\/p>\n<div class=\"base-search-card__metadata\">\n<p>          <span class=\"job-search-card__location\"><br \/>\n            Ribeir\u00e3o Preto, SP<br \/>\n          <\/span><\/p>\n<div class=\"job-posting-benefits text-sm\">\n        <icon class=\"job-posting-benefits__icon\" data-delayed-url=\"https:\/\/static.licdn.com\/aero-v1\/sc\/h\/8zmuwb93gzlb935fk4ao4z779\" data-svg-class-name=\"job-posting-benefits__icon-svg\"><\/icon><br \/>\n        <span class=\"job-posting-benefits__text\"><br \/>\n          Seja um dos primeiros a se candidatar<br \/>\n<!---->        <\/span>\n      <\/div>\n<p>          <time class=\"job-search-card__listdate\" datetime=\"2024-03-22\"><\/p>\n<p>      H\u00e1 2 semanas<\/p>\n<p>          <\/time><\/p>\n<p><!---->\n            <\/div>\n<\/p><\/div>\n<p><!---->      <\/p><\/div>\n<\/li>\n<li>\n<p>      <a href=\"https:\/\/br.linkedin.com\/jobs\/view\/estagi%C3%A1rio-3823741831?position=10&amp;pageNum=0&amp;refId=Z7anNXwaB4Vvg5kzM1jvmQ%3D%3D&amp;trackingId=cdAgWTs%2B6T9vEX7VWQkTNQ%3D%3D&amp;trk=public_jobs_jserp-result_search-card\" target=\"_self\" data-impression-id=\"jobs-search-desktop-9\" data-tracking-control-name=\"public_jobs_jserp-result_search-card\" data-tracking-will-navigate class=\"base-card relative w-full hover:no-underline focus:no-underline base-card--link base-search-card base-search-card--link job-search-card\" data-tracking-client-ingraph data-entity-urn=\"urn:li:jobPosting:3823741831\" data-reference-id=\"Z7anNXwaB4Vvg5kzM1jvmQ==\" data-tracking-id=\"cdAgWTs+6T9vEX7VWQkTNQ==\" data-column=\"1\" data-row=\"10\" rel=\"noopener\"><\/p>\n<p><!----><\/p>\n<div class=\"search-entity-media\">\n<p>      <img class=\"artdeco-entity-image artdeco-entity-image--square-4\n          artdeco-entity-image--ghost\" data-delayed-url=\"https:\/\/static.licdn.com\/aero-v1\/sc\/h\/9a9u41thxt325ucfh5z8ga4m8\" data-ghost-classes=\"artdeco-entity-image--ghost\" data-ghost-url=\"https:\/\/static.licdn.com\/aero-v1\/sc\/h\/9a9u41thxt325ucfh5z8ga4m8\" alt><\/p><\/div>\n<div class=\"base-search-card__info\">\n<h3 class=\"base-search-card__title\">\n<p>        Estagi\u00e1rio<\/p>\n<\/h3>\n<h4 class=\"base-search-card__subtitle\">\n<p>          Engeprest<\/p>\n<\/h4>\n<p><!----><\/p>\n<div class=\"base-search-card__metadata\">\n<p>          <span class=\"job-search-card__location\"><br \/>\n            Ribeir\u00e3o Preto e Regi\u00e3o<br \/>\n          <\/span><\/p>\n<div class=\"job-posting-benefits text-sm\">\n        <icon class=\"job-posting-benefits__icon\" data-delayed-url=\"https:\/\/static.licdn.com\/aero-v1\/sc\/h\/8zmuwb93gzlb935fk4ao4z779\" data-svg-class-name=\"job-posting-benefits__icon-svg\"><\/icon><br \/>\n        <span class=\"job-posting-benefits__text\"><br \/>\n          Seja um dos primeiros a se candidatar<br \/>\n<!---->        <\/span>\n      <\/div>\n<p>          <time class=\"job-search-card__listdate\" datetime=\"2024-02-12\"><\/p>\n<p>      H\u00e1 1 m\u00eas<\/p>\n<p>          <\/time><\/p>\n<p><!---->\n            <\/div>\n<\/p><\/div>\n<p><!---->      <\/p>\n<p>      <\/a><\/p>\n<\/li>\n<li>\n<div class=\"base-card relative w-full hover:no-underline focus:no-underline base-card--link base-search-card base-search-card--link job-search-card\" data-entity-urn=\"urn:li:jobPosting:3886781249\" data-impression-id=\"jobs-search-desktop-10\" data-reference-id=\"Z7anNXwaB4Vvg5kzM1jvmQ==\" data-tracking-id=\"iYqJdmoXXAcm38Ijrgi5Lw==\" data-column=\"1\" data-row=\"11\">\n<p>        <a class=\"base-card__full-link absolute top-0 right-0 bottom-0 left-0 p-0 z-[2]\" href=\"https:\/\/br.linkedin.com\/jobs\/view\/banco-de-talentos-est%C3%A1gio-engenharia-civil-e-arquitetura-at-sensia-incorporadora-3886781249?position=11&amp;pageNum=0&amp;refId=Z7anNXwaB4Vvg5kzM1jvmQ%3D%3D&amp;trackingId=iYqJdmoXXAcm38Ijrgi5Lw%3D%3D&amp;trk=public_jobs_jserp-result_search-card\" data-tracking-control-name=\"public_jobs_jserp-result_search-card\" data-tracking-client-ingraph data-tracking-will-navigate><\/p>\n<p>          <span class=\"sr-only\"><\/p>\n<p>        Banco de Talentos | Est\u00e1gio Engenharia Civil e Arquitetura<\/p>\n<p>          <\/span><br \/>\n        <\/a><\/p>\n<div class=\"search-entity-media\">\n<p>      <img class=\"artdeco-entity-image artdeco-entity-image--square-4\n          \" data-delayed-url=\"https:\/\/media.licdn.com\/dms\/image\/C4E0BAQHfL9SOstuDUg\/company-logo_100_100\/0\/1630628737954\/sensiaincorporadora_logo?e=2147483647&amp;v=beta&amp;t=eE6otP9L-KmwcEkJfxL95vfmVUV-JLrMfSKYBECdhdw\" data-ghost-classes=\"artdeco-entity-image--ghost\" data-ghost-url=\"https:\/\/static.licdn.com\/aero-v1\/sc\/h\/9a9u41thxt325ucfh5z8ga4m8\" alt><\/p><\/div>\n<div class=\"base-search-card__info\">\n<h3 class=\"base-search-card__title\">\n<p>        Banco de Talentos | Est\u00e1gio Engenharia Civil e Arquitetura<\/p>\n<\/h3>\n<h4 class=\"base-search-card__subtitle\">\n<p>          <a class=\"hidden-nested-link\" data-tracking-client-ingraph data-tracking-control-name=\"public_jobs_jserp-result_job-search-card-subtitle\" data-tracking-will-navigate href=\"https:\/\/br.linkedin.com\/company\/sensiaincorporadora?trk=public_jobs_jserp-result_job-search-card-subtitle\"><br \/>\n            Sensia Incorporadora<br \/>\n          <\/a><\/p>\n<\/h4>\n<p><!----><\/p>\n<div class=\"base-search-card__metadata\">\n<p>          <span class=\"job-search-card__location\"><br \/>\n            Ribeir\u00e3o Preto, SP<br \/>\n          <\/span><\/p>\n<div class=\"job-posting-benefits text-sm\">\n        <icon class=\"job-posting-benefits__icon\" data-delayed-url=\"https:\/\/static.licdn.com\/aero-v1\/sc\/h\/8zmuwb93gzlb935fk4ao4z779\" data-svg-class-name=\"job-posting-benefits__icon-svg\"><\/icon><br \/>\n        <span class=\"job-posting-benefits__text\"><br \/>\n          Seja um dos primeiros a se candidatar<br \/>\n<!---->        <\/span>\n      <\/div>\n<p>          <time class=\"job-search-card__listdate\" datetime=\"2024-04-08\"><\/p>\n<p>      H\u00e1 3 dias<\/p>\n<p>          <\/time><\/p>\n<p><!---->\n            <\/div>\n<\/p><\/div>\n<p><!---->      <\/p><\/div>\n<\/li>\n<\/ul>\n<p><!----><\/p>\n<div class=\"px-1.5 flex inline-notification text-color-signal-positive see-more-jobs__viewed-all\" role=\"alert\" type=\"success\">\n      <icon class=\"inline-notification__icon w-[20px] h-[20px] shrink-0 mr-[10px] inline-block\" data-delayed-url=\"https:\/\/static.licdn.com\/aero-v1\/sc\/h\/5y10kyxw0tpa4rk80dkbjhk6b\"><\/icon><\/p>\n<p class=\"inline-notification__text text-sm leading-regular\">\n        Voc\u00ea visualizou todas as vagas desta pesquisa<br \/>\n<!---->      <\/p>\n<\/p><\/div>\n<section class=\"similar-titles\">\n<h3 class=\"similar-titles__heading\">\n          Pesquisar cargos semelhantes<br \/>\n        <\/h3>\n<ul class=\"similar-titles__list\">\n<li class=\"similar-titles__title\">\n              <a class=\"similar-titles__link\" data-tracking-control-name=\"public_jobs_similar-title\" data-tracking-will-navigate href=\"https:\/\/br.linkedin.com\/jobs\/engenheiro-residente-vagas?trk=public_jobs_similar-title\"><br \/>\n                Vagas de Engenheiro residente<br \/>\n              <\/a>\n            <\/li>\n<li class=\"similar-titles__title\">\n              <a class=\"similar-titles__link\" data-tracking-control-name=\"public_jobs_similar-title\" data-tracking-will-navigate href=\"https:\/\/br.linkedin.com\/jobs\/engenheiro-de-obras-vagas?trk=public_jobs_similar-title\"><br \/>\n                Vagas de Engenheiro de obras<br \/>\n              <\/a>\n            <\/li>\n<li class=\"similar-titles__title\">\n              <a class=\"similar-titles__link\" data-tracking-control-name=\"public_jobs_similar-title\" data-tracking-will-navigate href=\"https:\/\/br.linkedin.com\/jobs\/engenheiro-estrutural-vagas?trk=public_jobs_similar-title\"><br \/>\n                Vagas de Engenheiro estrutural<br \/>\n              <\/a>\n            <\/li>\n<\/ul>\n<\/section>\n<\/section>\n<p>        <\/main><br \/>\n<a class=\"base-card__full-link absolute top-0 right-0 bottom-0 left-0 p-0 z-[2]\" href=\"https:\/\/br.linkedin.com\/jobs\/view\/engenheiro-civil-at-sele%C3%A7%C3%A3o-engenharia-3851192889?position=2&amp;pageNum=0&amp;refId=Z7anNXwaB4Vvg5kzM1jvmQ%3D%3D&amp;trackingId=nR9%2FG2A1D8OgwWUXIfjY2w%3D%3D&amp;trk=public_jobs_jserp-result_search-card\" data-tracking-control-name=\"public_jobs_jserp-result_search-card\" data-tracking-client-ingraph data-tracking-will-navigate><\/p>\n<p>          <span class=\"sr-only\"><\/p>\n<p>        Engenheiro Civil<\/p>\n<p>          <\/span><br \/>\n        <\/a><br \/>\n<a class=\"base-card__full-link absolute top-0 right-0 bottom-0 left-0 p-0 z-[2]\" href=\"https:\/\/br.linkedin.com\/jobs\/view\/banco-de-talentos-est%C3%A1gio-engenharia-civil-e-arquitetura-at-sensia-incorporadora-3886781249?position=11&amp;pageNum=0&amp;refId=Z7anNXwaB4Vvg5kzM1jvmQ%3D%3D&amp;trackingId=iYqJdmoXXAcm38Ijrgi5Lw%3D%3D&amp;trk=public_jobs_jserp-result_search-card\" data-tracking-control-name=\"public_jobs_jserp-result_search-card\" data-tracking-client-ingraph data-tracking-will-navigate><\/p>\n<p>          <span class=\"sr-only\"><\/p>\n<p>        Banco de Talentos | Est\u00e1gio Engenharia Civil e Arquitetura<\/p>\n<p>          <\/span><br \/>\n        <\/a><\/p>\n<!-- CONTENT END 1 -->\n","protected":false},"excerpt":{"rendered":"<p>Engenheiro Civil EST\u00c1GIO EM ENGENHARIA CIVIL S\u00c3O PAULO- RIBEIR\u00c3O PRETO EST\u00c1GIO EM ENGENHARIA CIVIL &#8211; RIBEIR\u00c3O PRETO SP EST\u00c1GIO EM ENGENHARIA CIVIL &#8211; RIBEIR\u00c3O PRETO&#8230;<\/p>\n","protected":false},"author":1,"featured_media":46427,"comment_status":"open","ping_status":"open","sticky":false,"template":"","format":"standard","meta":{"advanced_seo_description":"","jetpack_seo_html_title":"","jetpack_seo_noindex":false,"jetpack_post_was_ever_published":false,"_jetpack_newsletter_access":"","_jetpack_dont_email_post_to_subs":false,"_jetpack_newsletter_tier_id":0,"_jetpack_memberships_contains_paywalled_content":false,"_jetpack_memberships_contains_paid_content":false,"footnotes":"","jetpack_publicize_message":"","jetpack_publicize_feature_enabled":true,"jetpack_social_post_already_shared":true,"jetpack_social_options":{"image_generator_settings":{"template":"highway","default_image_id":0,"font":"","enabled":false},"version":2}},"categories":[7],"tags":[],"class_list":["post-46426","post","type-post","status-publish","format-standard","has-post-thumbnail","hentry","category-vagas-de-empregos-em-ribeirao-preto-regiao-brasil"],"jetpack_publicize_connections":[],"jetpack_featured_media_url":"https:\/\/i0.wp.com\/noticiasribeiraopreto.com.br\/wp-content\/uploads\/2024\/04\/quanto-ganha-engenheiro-civil.png?fit=1200%2C635&ssl=1","jetpack-related-posts":[{"id":49279,"url":"https:\/\/noticiasribeiraopreto.com.br\/index.php\/2024\/05\/09\/vagas-de-emprego-para-engenheiro-civil-em-ribeirao-preto-sp-5\/","url_meta":{"origin":46426,"position":0},"title":"Vagas de emprego para Engenheiro Civil em Ribeir\u00e3o Preto-SP","author":"noticiasribeiraopreto.com.br","date":"9 de May de 2024","format":false,"excerpt":"Estagi\u00e1rio - Engenharia Civil EST\u00c1GIO EM ENGENHARIA CIVIL S\u00c3O PAULO- RIBEIR\u00c3O PRETO Assistente de Planejamento Receba alertas de novas vagas de Engenheiro Civil em: Ribeir\u00e3o Preto e Regi\u00e3o. Entre para criar um alerta de vaga 7 Engenheiro Civil vagas em Ribeir\u00e3o Preto e Regi\u00e3o Estagi\u00e1rio - Engenharia Civil Estagi\u00e1rio -\u2026","rel":"","context":"In &quot;Vagas de Emprego em Ribeir\u00e3o Preto-SP&quot;","block_context":{"text":"Vagas de Emprego em Ribeir\u00e3o Preto-SP","link":"https:\/\/noticiasribeiraopreto.com.br\/index.php\/category\/empregos-classificados-vagas-trabalho\/vagas-de-empregos-em-ribeirao-preto-regiao-brasil\/"},"img":{"alt_text":"","src":"https:\/\/i0.wp.com\/noticiasribeiraopreto.com.br\/wp-content\/uploads\/2024\/05\/quanto-ganha-engenheiro-civil.png?fit=1200%2C635&ssl=1&resize=350%2C200","width":350,"height":200,"srcset":"https:\/\/i0.wp.com\/noticiasribeiraopreto.com.br\/wp-content\/uploads\/2024\/05\/quanto-ganha-engenheiro-civil.png?fit=1200%2C635&ssl=1&resize=350%2C200 1x, https:\/\/i0.wp.com\/noticiasribeiraopreto.com.br\/wp-content\/uploads\/2024\/05\/quanto-ganha-engenheiro-civil.png?fit=1200%2C635&ssl=1&resize=525%2C300 1.5x, https:\/\/i0.wp.com\/noticiasribeiraopreto.com.br\/wp-content\/uploads\/2024\/05\/quanto-ganha-engenheiro-civil.png?fit=1200%2C635&ssl=1&resize=700%2C400 2x, https:\/\/i0.wp.com\/noticiasribeiraopreto.com.br\/wp-content\/uploads\/2024\/05\/quanto-ganha-engenheiro-civil.png?fit=1200%2C635&ssl=1&resize=1050%2C600 3x"},"classes":[]},{"id":52359,"url":"https:\/\/noticiasribeiraopreto.com.br\/index.php\/2024\/06\/06\/vagas-de-emprego-para-engenheiro-civil-em-ribeirao-preto-sp-7\/","url_meta":{"origin":46426,"position":1},"title":"Vagas de emprego para Engenheiro Civil em Ribeir\u00e3o Preto-SP","author":"noticiasribeiraopreto.com.br","date":"6 de June de 2024","format":false,"excerpt":"Engenheiro(a) Civil COORDENADOR ASSISTENCIA TECNICA EST\u00c1GIO EM ENGENHARIA CIVIL S\u00c3O PAULO- RIBEIR\u00c3O PRETO EST\u00c1GIO EM ENGENHARIA CIVIL S\u00c3O PAULO- RIBEIR\u00c3O PRETO Est\u00e1gio Engenharia Civil\/Arquitetura Engenheiro Civil-Desenhista Projetista Est\u00e1gio Engenharia Civil\/Arquitetura Receba alertas de novas vagas de Engenheiro Civil em: Ribeir\u00e3o Preto e Regi\u00e3o. Entre para criar um alerta de vaga\u2026","rel":"","context":"In &quot;Vagas de Emprego em Ribeir\u00e3o Preto-SP&quot;","block_context":{"text":"Vagas de Emprego em Ribeir\u00e3o Preto-SP","link":"https:\/\/noticiasribeiraopreto.com.br\/index.php\/category\/empregos-classificados-vagas-trabalho\/vagas-de-empregos-em-ribeirao-preto-regiao-brasil\/"},"img":{"alt_text":"","src":"https:\/\/i0.wp.com\/noticiasribeiraopreto.com.br\/wp-content\/uploads\/2024\/06\/quanto-ganha-engenheiro-civil.png?fit=1200%2C635&ssl=1&resize=350%2C200","width":350,"height":200,"srcset":"https:\/\/i0.wp.com\/noticiasribeiraopreto.com.br\/wp-content\/uploads\/2024\/06\/quanto-ganha-engenheiro-civil.png?fit=1200%2C635&ssl=1&resize=350%2C200 1x, https:\/\/i0.wp.com\/noticiasribeiraopreto.com.br\/wp-content\/uploads\/2024\/06\/quanto-ganha-engenheiro-civil.png?fit=1200%2C635&ssl=1&resize=525%2C300 1.5x, https:\/\/i0.wp.com\/noticiasribeiraopreto.com.br\/wp-content\/uploads\/2024\/06\/quanto-ganha-engenheiro-civil.png?fit=1200%2C635&ssl=1&resize=700%2C400 2x, https:\/\/i0.wp.com\/noticiasribeiraopreto.com.br\/wp-content\/uploads\/2024\/06\/quanto-ganha-engenheiro-civil.png?fit=1200%2C635&ssl=1&resize=1050%2C600 3x"},"classes":[]},{"id":42442,"url":"https:\/\/noticiasribeiraopreto.com.br\/index.php\/2024\/03\/14\/vagas-de-emprego-para-engenheiro-civil-em-ribeirao-preto-sp\/","url_meta":{"origin":46426,"position":2},"title":"Vagas de emprego para Engenheiro Civil em Ribeir\u00e3o Preto-SP","author":"noticiasribeiraopreto.com.br","date":"14 de March de 2024","format":false,"excerpt":"Engenheiro Civil J\u00fanior Engenheiro Civil Engenheiro Civil Ribeir\u00e3o Preto SP Engenheiro Civil Estagi\u00e1rio - Engenharia Civil EST\u00c1GIO EM ENGENHARIA CIVIL - RIBEIR\u00c3O PRETO SP Receba alertas de novas vagas de Engenheiro Civil em: Greater Ribeir\u00e3o Preto. Entre para criar um alerta de vaga 18 vagas de Engenheiro Civil em: Greater\u2026","rel":"","context":"In &quot;Vagas de Emprego em Ribeir\u00e3o Preto-SP&quot;","block_context":{"text":"Vagas de Emprego em Ribeir\u00e3o Preto-SP","link":"https:\/\/noticiasribeiraopreto.com.br\/index.php\/category\/empregos-classificados-vagas-trabalho\/vagas-de-empregos-em-ribeirao-preto-regiao-brasil\/"},"img":{"alt_text":"","src":"https:\/\/i0.wp.com\/noticiasribeiraopreto.com.br\/wp-content\/uploads\/2024\/03\/1710442159_Novas-vagas-de-emprego-na-area-de-logistica-Saiba-como-enviar-seu-curriculo.jpg?fit=1199%2C675&ssl=1&resize=350%2C200","width":350,"height":200,"srcset":"https:\/\/i0.wp.com\/noticiasribeiraopreto.com.br\/wp-content\/uploads\/2024\/03\/1710442159_Novas-vagas-de-emprego-na-area-de-logistica-Saiba-como-enviar-seu-curriculo.jpg?fit=1199%2C675&ssl=1&resize=350%2C200 1x, https:\/\/i0.wp.com\/noticiasribeiraopreto.com.br\/wp-content\/uploads\/2024\/03\/1710442159_Novas-vagas-de-emprego-na-area-de-logistica-Saiba-como-enviar-seu-curriculo.jpg?fit=1199%2C675&ssl=1&resize=525%2C300 1.5x, https:\/\/i0.wp.com\/noticiasribeiraopreto.com.br\/wp-content\/uploads\/2024\/03\/1710442159_Novas-vagas-de-emprego-na-area-de-logistica-Saiba-como-enviar-seu-curriculo.jpg?fit=1199%2C675&ssl=1&resize=700%2C400 2x, https:\/\/i0.wp.com\/noticiasribeiraopreto.com.br\/wp-content\/uploads\/2024\/03\/1710442159_Novas-vagas-de-emprego-na-area-de-logistica-Saiba-como-enviar-seu-curriculo.jpg?fit=1199%2C675&ssl=1&resize=1050%2C600 3x"},"classes":[]},{"id":42450,"url":"https:\/\/noticiasribeiraopreto.com.br\/index.php\/2024\/03\/14\/vagas-de-emprego-para-engenheiro-civil-em-ribeirao-preto-sp-2\/","url_meta":{"origin":46426,"position":3},"title":"Vagas de emprego para Engenheiro Civil em Ribeir\u00e3o Preto-SP","author":"noticiasribeiraopreto.com.br","date":"14 de March de 2024","format":false,"excerpt":"Engenheiro Civil J\u00fanior Engenheiro Civil Engenheiro Civil Ribeir\u00e3o Preto SP Engenheiro Civil Estagi\u00e1rio - Engenharia Civil EST\u00c1GIO EM ENGENHARIA CIVIL - RIBEIR\u00c3O PRETO SP Receba alertas de novas vagas de Engenheiro Civil em: Greater Ribeir\u00e3o Preto. Entre para criar um alerta de vaga 19 vagas de Engenheiro Civil em: Greater\u2026","rel":"","context":"In &quot;Vagas de Emprego em Ribeir\u00e3o Preto-SP&quot;","block_context":{"text":"Vagas de Emprego em Ribeir\u00e3o Preto-SP","link":"https:\/\/noticiasribeiraopreto.com.br\/index.php\/category\/empregos-classificados-vagas-trabalho\/vagas-de-empregos-em-ribeirao-preto-regiao-brasil\/"},"img":{"alt_text":"","src":"https:\/\/i0.wp.com\/noticiasribeiraopreto.com.br\/wp-content\/uploads\/2024\/03\/quanto-ganha-engenheiro-civil.png?fit=1200%2C635&ssl=1&resize=350%2C200","width":350,"height":200,"srcset":"https:\/\/i0.wp.com\/noticiasribeiraopreto.com.br\/wp-content\/uploads\/2024\/03\/quanto-ganha-engenheiro-civil.png?fit=1200%2C635&ssl=1&resize=350%2C200 1x, https:\/\/i0.wp.com\/noticiasribeiraopreto.com.br\/wp-content\/uploads\/2024\/03\/quanto-ganha-engenheiro-civil.png?fit=1200%2C635&ssl=1&resize=525%2C300 1.5x, https:\/\/i0.wp.com\/noticiasribeiraopreto.com.br\/wp-content\/uploads\/2024\/03\/quanto-ganha-engenheiro-civil.png?fit=1200%2C635&ssl=1&resize=700%2C400 2x, https:\/\/i0.wp.com\/noticiasribeiraopreto.com.br\/wp-content\/uploads\/2024\/03\/quanto-ganha-engenheiro-civil.png?fit=1200%2C635&ssl=1&resize=1050%2C600 3x"},"classes":[]},{"id":55533,"url":"https:\/\/noticiasribeiraopreto.com.br\/index.php\/2024\/08\/02\/vagas-de-emprego-para-engenheiro-civil-em-ribeirao-preto-sp-11\/","url_meta":{"origin":46426,"position":4},"title":"Vagas de emprego para Engenheiro Civil em Ribeir\u00e3o Preto-SP","author":"noticiasribeiraopreto.com.br","date":"2 de August de 2024","format":false,"excerpt":"Engenheiro(a) Civil Engenheiro Civil Engenheiro Civil Engenheiro Civil Est\u00e1gio em Engenharia Civil Engenharia Civil - Ribeir\u00e3o Preto REDE CIDAD\u00c3 Ribeir\u00e3o Preto, SP Seja um dos primeiros a se candidatar H\u00e1 2 semanas COORDENADOR ASSIST\u00caNCIA T\u00c9CNICA Ribeir\u00e3o Preto - SP Efetivo Engenheiro Civil-Engenheiro de Projetos Receba alertas de novas vagas de\u2026","rel":"","context":"In &quot;Vagas de Emprego em Ribeir\u00e3o Preto-SP&quot;","block_context":{"text":"Vagas de Emprego em Ribeir\u00e3o Preto-SP","link":"https:\/\/noticiasribeiraopreto.com.br\/index.php\/category\/empregos-classificados-vagas-trabalho\/vagas-de-empregos-em-ribeirao-preto-regiao-brasil\/"},"img":{"alt_text":"","src":"https:\/\/i0.wp.com\/noticiasribeiraopreto.com.br\/wp-content\/uploads\/2024\/08\/quanto-ganha-engenheiro-civil.png?fit=1200%2C635&ssl=1&resize=350%2C200","width":350,"height":200,"srcset":"https:\/\/i0.wp.com\/noticiasribeiraopreto.com.br\/wp-content\/uploads\/2024\/08\/quanto-ganha-engenheiro-civil.png?fit=1200%2C635&ssl=1&resize=350%2C200 1x, https:\/\/i0.wp.com\/noticiasribeiraopreto.com.br\/wp-content\/uploads\/2024\/08\/quanto-ganha-engenheiro-civil.png?fit=1200%2C635&ssl=1&resize=525%2C300 1.5x, https:\/\/i0.wp.com\/noticiasribeiraopreto.com.br\/wp-content\/uploads\/2024\/08\/quanto-ganha-engenheiro-civil.png?fit=1200%2C635&ssl=1&resize=700%2C400 2x, https:\/\/i0.wp.com\/noticiasribeiraopreto.com.br\/wp-content\/uploads\/2024\/08\/quanto-ganha-engenheiro-civil.png?fit=1200%2C635&ssl=1&resize=1050%2C600 3x"},"classes":[]},{"id":54229,"url":"https:\/\/noticiasribeiraopreto.com.br\/index.php\/2024\/07\/05\/vagas-de-emprego-para-engenheiro-civil-em-ribeirao-preto-sp-9\/","url_meta":{"origin":46426,"position":5},"title":"Vagas de emprego para Engenheiro Civil em Ribeir\u00e3o Preto-SP","author":"noticiasribeiraopreto.com.br","date":"5 de July de 2024","format":false,"excerpt":"Engenheiro(a) Civil Engenheiro Civil Engenheiro Civil COORDENADOR ASSISTENCIA TECNICA Ribeir\u00e3o Preto - SP Efetivo Engenheiro Civil Parma Consultoria Ribeir\u00e3o Preto e Regi\u00e3o Seja um dos primeiros a se candidatar H\u00e1 1 semana Est\u00e1gio em Engenharia Civil Receba alertas de novas vagas de Engenheiro Civil em: Ribeir\u00e3o Preto e Regi\u00e3o. Entre\u2026","rel":"","context":"In &quot;Vagas de Emprego em Ribeir\u00e3o Preto-SP&quot;","block_context":{"text":"Vagas de Emprego em Ribeir\u00e3o Preto-SP","link":"https:\/\/noticiasribeiraopreto.com.br\/index.php\/category\/empregos-classificados-vagas-trabalho\/vagas-de-empregos-em-ribeirao-preto-regiao-brasil\/"},"img":{"alt_text":"","src":"https:\/\/i0.wp.com\/noticiasribeiraopreto.com.br\/wp-content\/uploads\/2024\/07\/quanto-ganha-engenheiro-civil.png?fit=1200%2C635&ssl=1&resize=350%2C200","width":350,"height":200,"srcset":"https:\/\/i0.wp.com\/noticiasribeiraopreto.com.br\/wp-content\/uploads\/2024\/07\/quanto-ganha-engenheiro-civil.png?fit=1200%2C635&ssl=1&resize=350%2C200 1x, https:\/\/i0.wp.com\/noticiasribeiraopreto.com.br\/wp-content\/uploads\/2024\/07\/quanto-ganha-engenheiro-civil.png?fit=1200%2C635&ssl=1&resize=525%2C300 1.5x, https:\/\/i0.wp.com\/noticiasribeiraopreto.com.br\/wp-content\/uploads\/2024\/07\/quanto-ganha-engenheiro-civil.png?fit=1200%2C635&ssl=1&resize=700%2C400 2x, https:\/\/i0.wp.com\/noticiasribeiraopreto.com.br\/wp-content\/uploads\/2024\/07\/quanto-ganha-engenheiro-civil.png?fit=1200%2C635&ssl=1&resize=1050%2C600 3x"},"classes":[]}],"jetpack_sharing_enabled":true,"jetpack_shortlink":"https:\/\/wp.me\/peQAOb-c4O","_links":{"self":[{"href":"https:\/\/noticiasribeiraopreto.com.br\/index.php\/wp-json\/wp\/v2\/posts\/46426","targetHints":{"allow":["GET"]}}],"collection":[{"href":"https:\/\/noticiasribeiraopreto.com.br\/index.php\/wp-json\/wp\/v2\/posts"}],"about":[{"href":"https:\/\/noticiasribeiraopreto.com.br\/index.php\/wp-json\/wp\/v2\/types\/post"}],"author":[{"embeddable":true,"href":"https:\/\/noticiasribeiraopreto.com.br\/index.php\/wp-json\/wp\/v2\/users\/1"}],"replies":[{"embeddable":true,"href":"https:\/\/noticiasribeiraopreto.com.br\/index.php\/wp-json\/wp\/v2\/comments?post=46426"}],"version-history":[{"count":0,"href":"https:\/\/noticiasribeiraopreto.com.br\/index.php\/wp-json\/wp\/v2\/posts\/46426\/revisions"}],"wp:featuredmedia":[{"embeddable":true,"href":"https:\/\/noticiasribeiraopreto.com.br\/index.php\/wp-json\/wp\/v2\/media\/46427"}],"wp:attachment":[{"href":"https:\/\/noticiasribeiraopreto.com.br\/index.php\/wp-json\/wp\/v2\/media?parent=46426"}],"wp:term":[{"taxonomy":"category","embeddable":true,"href":"https:\/\/noticiasribeiraopreto.com.br\/index.php\/wp-json\/wp\/v2\/categories?post=46426"},{"taxonomy":"post_tag","embeddable":true,"href":"https:\/\/noticiasribeiraopreto.com.br\/index.php\/wp-json\/wp\/v2\/tags?post=46426"}],"curies":[{"name":"wp","href":"https:\/\/api.w.org\/{rel}","templated":true}]}}