{"id":46428,"date":"2024-04-11T16:48:40","date_gmt":"2024-04-11T19:48:40","guid":{"rendered":"https:\/\/noticiasribeiraopreto.com.br\/index.php\/2024\/04\/11\/falsas-agentes-de-saude-enganam-idosa-e-furtam-r-750-em-ribeirao-preto\/"},"modified":"2024-04-11T16:48:40","modified_gmt":"2024-04-11T19:48:40","slug":"falsas-agentes-de-saude-enganam-idosa-e-furtam-r-750-em-ribeirao-preto","status":"publish","type":"post","link":"https:\/\/noticiasribeiraopreto.com.br\/index.php\/2024\/04\/11\/falsas-agentes-de-saude-enganam-idosa-e-furtam-r-750-em-ribeirao-preto\/","title":{"rendered":"Falsas agentes de sa\u00fade enganam idosa e furtam R$ 750 em Ribeir\u00e3o Preto"},"content":{"rendered":"<div class='code-block code-block-1' style='margin: 8px 0 8px auto; text-align: right; display: block; clear: both;'>\n<p><a href=\"https:\/\/wa.link\/vpicfd\"><img data-recalc-dims=\"1\" class=\"wp-image-4922\" style=\"aspect-ratio: 2.0253164556962027; width: 561px; height: auto;\" src=\"https:\/\/i0.wp.com\/ismaelcolosi.com.br\/wp-content\/uploads\/2023\/11\/grupo-de-empregos-whatsapp-e-facebook-ismael-colosi-vagas.jpg?ssl=1\" alt=\"\" \/><\/a><\/p>\n<!-- \/wp:image -->\n<\/div>\n<p> <br \/>\n<\/p>\n<div data-td-block-uid=\"tdi_101\">\n<div class=\"tdb-block-inner td-fix-index\">\n<p><strong>Duas mulheres<\/strong>, ainda n\u00e3o identificadas pela pol\u00edcia, <strong>furtaram R$ 750<\/strong> de uma <strong>idosa de 81 anos<\/strong>, no bairro <strong>Vila Albertina<\/strong>, na zona Norte de <strong>Ribeir\u00e3o Preto<\/strong>. O <strong>crime<\/strong> aconteceu na manh\u00e3 de <strong>quarta-feira<\/strong> (10).<\/p>\n<p>Segundo a <strong>pol\u00edcia<\/strong>, a <strong>v\u00edtima <\/strong>informou que as <strong>suspeitas se passaram por agentes de sa\u00fade<\/strong> e, no momento em que uma conversava com a idosa, a outra havia pedido para ir ao banheiro.\u00a0<\/p>\n<p>Ap\u00f3s a dupla ir embora, que o furto foi percebido pela idosa, pois a bolsa em que estava o dinheiro havia sido revirada.<\/p>\n<p>A fam\u00edlia da idosa registrou <strong>boletim de ocorr\u00eancia<\/strong> e o <strong>crime<\/strong> est\u00e1 sendo <strong>investigado<\/strong> pela Pol\u00edcia Civil.<\/p>\n<h4 class=\"wp-block-heading\"><strong>Secretaria Municipal da Sa\u00fade <\/strong><\/h4>\n<p>O portal <strong>acidade on<\/strong> Ribeir\u00e3o pediu retorno para a Secretaria Municipal da Sa\u00fade, mas at\u00e9 o momento da publica\u00e7\u00e3o da reportagem n\u00e3o teve retorno. <\/p>\n<p>SAIBA MAIS <\/p>\n<p>Saiba qual \u00e9 o c\u00e2ncer terminal enfrentado por jovem que vai se casar<\/p>\n<h4 class=\"wp-block-heading\"><strong>FIQUE ON<\/strong><\/h4>\n<p>Fique ligado em tudo que acontece em Ribeir\u00e3o Preto e regi\u00e3o. Siga os perfis do<strong>\u00a0acidade on\u00a0<\/strong>no\u00a0<a href=\"https:\/\/www.instagram.com\/acidadeonribeirao\" target=\"_blank\" rel=\"noreferrer noopener\">Instagram<\/a>\u00a0e no\u00a0<a href=\"https:\/\/www.facebook.com\/acidadeonribeirao\" target=\"_blank\" rel=\"noreferrer noopener\">Facebook<\/a>.<\/p>\n<p>Receba not\u00edcias do\u00a0<strong>acidade on\u00a0<\/strong>no WhatsApp.\u00a0<a href=\"https:\/\/chat.whatsapp.com\/GFH9HUMUTHNFJdnyEd0xxq\" target=\"_blank\" rel=\"noreferrer noopener\">Para entrar no grupo, basta clicar aqui.<\/a><\/p>\n<p>Fa\u00e7a uma den\u00fancia ou sugira uma reportagem sobre Ribeir\u00e3o Preto e regi\u00e3o pelo WhatsApp: 16 99117 7802.<\/p>\n<p>VEJA TAMB\u00c9M<br \/>DPVAT vai voltar? Saiba como receber o dinheiro do seguro<\/p>\n<p><!-- AI CONTENT END 1 -->\n<\/div>\n<\/div>\n<p><script async src=\"\/\/www.instagram.com\/embed.js\"><\/script><br \/>\n<br \/><br \/>\n<br \/><a href=\"https:\/\/www.acidadeon.com\/ribeiraopreto\/cotidiano\/falsas-agentes-de-saude-enganam-idosa-e-furtam-r-750-em-ribeirao-preto\/\">Source link <\/a><\/p>\n<!-- CONTENT END 1 -->\n","protected":false},"excerpt":{"rendered":"<p>Duas mulheres, ainda n\u00e3o identificadas pela pol\u00edcia, furtaram R$ 750 de uma idosa de 81 anos, no bairro Vila Albertina, na zona Norte de Ribeir\u00e3o&#8230;<\/p>\n","protected":false},"author":1,"featured_media":46429,"comment_status":"open","ping_status":"open","sticky":false,"template":"","format":"standard","meta":{"advanced_seo_description":"","jetpack_seo_html_title":"","jetpack_seo_noindex":false,"jetpack_post_was_ever_published":false,"_jetpack_newsletter_access":"","_jetpack_dont_email_post_to_subs":false,"_jetpack_newsletter_tier_id":0,"_jetpack_memberships_contains_paywalled_content":false,"_jetpack_memberships_contains_paid_content":false,"footnotes":"","jetpack_publicize_message":"","jetpack_publicize_feature_enabled":true,"jetpack_social_post_already_shared":true,"jetpack_social_options":{"image_generator_settings":{"template":"highway","default_image_id":0,"font":"","enabled":false},"version":2}},"categories":[11],"tags":[],"class_list":["post-46428","post","type-post","status-publish","format-standard","has-post-thumbnail","hentry","category-noticias-de-ribeirao-preto-sp-e-regiao-ismael-colosi"],"jetpack_publicize_connections":[],"jetpack_featured_media_url":"https:\/\/i0.wp.com\/noticiasribeiraopreto.com.br\/wp-content\/uploads\/2024\/04\/Copia-de-Copia-de-TAMANHO-EXATO-PARA-FOTOS-NO-SISTEMA-NOVO-20-2.jpg?fit=1200%2C675&ssl=1","jetpack-related-posts":[{"id":57906,"url":"https:\/\/noticiasribeiraopreto.com.br\/index.php\/2024\/09\/13\/policia-prende-suspeito-de-roubar-e-matar-idosa-na-vila-virginia-em-ribeirao-preto\/","url_meta":{"origin":46428,"position":0},"title":"Pol\u00edcia prende suspeito de roubar e matar idosa na Vila Virg\u00ednia em Ribeir\u00e3o Preto","author":"noticiasribeiraopreto.com.br","date":"13 de September de 2024","format":false,"excerpt":"A Pol\u00edcia Civil prendeu nesta sexta-feira (13) um homem suspeito de roubar e matar uma idosa na Vila Virg\u00ednia, zona Oeste de Ribeir\u00e3o Preto. Segundo o boletim de ocorr\u00eancia (BO), a v\u00edtima, identificada como Maria Angela Sales Avelino, de 72 anos, foi achada morta no \u00faltimo dia 21 de agosto,\u2026","rel":"","context":"In &quot;Not\u00edcias de Ribeir\u00e3o Preto-SP e Regi\u00e3o&quot;","block_context":{"text":"Not\u00edcias de Ribeir\u00e3o Preto-SP e Regi\u00e3o","link":"https:\/\/noticiasribeiraopreto.com.br\/index.php\/category\/noticias-de-ribeirao-preto-sp-e-regiao-ismael-colosi\/"},"img":{"alt_text":"","src":"https:\/\/i0.wp.com\/noticiasribeiraopreto.com.br\/wp-content\/uploads\/2024\/09\/LATROCINIO_2024-09-13_13-49-39_jpg_2024-09-13_13-49-39.webp.webp?fit=1200%2C790&ssl=1&resize=350%2C200","width":350,"height":200,"srcset":"https:\/\/i0.wp.com\/noticiasribeiraopreto.com.br\/wp-content\/uploads\/2024\/09\/LATROCINIO_2024-09-13_13-49-39_jpg_2024-09-13_13-49-39.webp.webp?fit=1200%2C790&ssl=1&resize=350%2C200 1x, https:\/\/i0.wp.com\/noticiasribeiraopreto.com.br\/wp-content\/uploads\/2024\/09\/LATROCINIO_2024-09-13_13-49-39_jpg_2024-09-13_13-49-39.webp.webp?fit=1200%2C790&ssl=1&resize=525%2C300 1.5x, https:\/\/i0.wp.com\/noticiasribeiraopreto.com.br\/wp-content\/uploads\/2024\/09\/LATROCINIO_2024-09-13_13-49-39_jpg_2024-09-13_13-49-39.webp.webp?fit=1200%2C790&ssl=1&resize=700%2C400 2x, https:\/\/i0.wp.com\/noticiasribeiraopreto.com.br\/wp-content\/uploads\/2024\/09\/LATROCINIO_2024-09-13_13-49-39_jpg_2024-09-13_13-49-39.webp.webp?fit=1200%2C790&ssl=1&resize=1050%2C600 3x"},"classes":[]},{"id":75754,"url":"https:\/\/noticiasribeiraopreto.com.br\/index.php\/2025\/08\/14\/idosa-morre-e-cinco-ficam-feridos-em-incendio-na-regiao-de-ribeirao-preto\/","url_meta":{"origin":46428,"position":1},"title":"Idosa morre e cinco ficam feridos em inc\u00eandio na regi\u00e3o de Ribeir\u00e3o Preto","author":"noticiasribeiraopreto.com.br","date":"14 de August de 2025","format":false,"excerpt":"Uma idosa de 62 anos morreu ap\u00f3s um inc\u00eandio atingir uma resid\u00eancia em Jardin\u00f3polis, na regi\u00e3o de Ribeir\u00e3o Preto, na noite desta quarta-feira (14). Segundo a Pol\u00edcia Militar, outras cinco pessoas ficaram feridas. Uma das v\u00edtimas foi encaminhada ao pronto-socorro de Jardin\u00f3polis, enquanto as outras quatro foram transferidas para unidades\u2026","rel":"","context":"In &quot;Not\u00edcias de Ribeir\u00e3o Preto-SP e Regi\u00e3o&quot;","block_context":{"text":"Not\u00edcias de Ribeir\u00e3o Preto-SP e Regi\u00e3o","link":"https:\/\/noticiasribeiraopreto.com.br\/index.php\/category\/noticias-de-ribeirao-preto-sp-e-regiao-ismael-colosi\/"},"img":{"alt_text":"","src":"https:\/\/i0.wp.com\/noticiasribeiraopreto.com.br\/wp-content\/uploads\/2025\/08\/Copia-de-Copia-de-Copia-de-TAMANHO-EXATO-PARA-FOTOS-NO-SISTEMA-NOVO-2025-08-14T151232.087_2025-08-14_18-12-45.webp.webp?fit=1200%2C675&ssl=1&resize=350%2C200","width":350,"height":200,"srcset":"https:\/\/i0.wp.com\/noticiasribeiraopreto.com.br\/wp-content\/uploads\/2025\/08\/Copia-de-Copia-de-Copia-de-TAMANHO-EXATO-PARA-FOTOS-NO-SISTEMA-NOVO-2025-08-14T151232.087_2025-08-14_18-12-45.webp.webp?fit=1200%2C675&ssl=1&resize=350%2C200 1x, https:\/\/i0.wp.com\/noticiasribeiraopreto.com.br\/wp-content\/uploads\/2025\/08\/Copia-de-Copia-de-Copia-de-TAMANHO-EXATO-PARA-FOTOS-NO-SISTEMA-NOVO-2025-08-14T151232.087_2025-08-14_18-12-45.webp.webp?fit=1200%2C675&ssl=1&resize=525%2C300 1.5x, https:\/\/i0.wp.com\/noticiasribeiraopreto.com.br\/wp-content\/uploads\/2025\/08\/Copia-de-Copia-de-Copia-de-TAMANHO-EXATO-PARA-FOTOS-NO-SISTEMA-NOVO-2025-08-14T151232.087_2025-08-14_18-12-45.webp.webp?fit=1200%2C675&ssl=1&resize=700%2C400 2x, https:\/\/i0.wp.com\/noticiasribeiraopreto.com.br\/wp-content\/uploads\/2025\/08\/Copia-de-Copia-de-Copia-de-TAMANHO-EXATO-PARA-FOTOS-NO-SISTEMA-NOVO-2025-08-14T151232.087_2025-08-14_18-12-45.webp.webp?fit=1200%2C675&ssl=1&resize=1050%2C600 3x"},"classes":[]},{"id":63857,"url":"https:\/\/noticiasribeiraopreto.com.br\/index.php\/2025\/02\/24\/idosa-bate-carro-em-cacamba-e-arvore-e-morre-em-avenida-de-ribeirao-preto\/","url_meta":{"origin":46428,"position":2},"title":"Idosa bate carro em ca\u00e7amba e \u00e1rvore e morre em avenida de Ribeir\u00e3o Preto","author":"noticiasribeiraopreto.com.br","date":"24 de February de 2025","format":false,"excerpt":"Uma mulher de 76 anos bateu o carro em uma ca\u00e7amba e em uma \u00e1rvore, e morreu no fim da noite deste domingo (23), na avenida Presidente Kennedy, no bairro Ribeir\u00e2nia, zona Leste de Ribeir\u00e3o Preto. Segundo o boletim de ocorr\u00eancia (BO), equipes de socorro foram chamadas, mas Vera Joana\u2026","rel":"","context":"In &quot;Not\u00edcias de Ribeir\u00e3o Preto-SP e Regi\u00e3o&quot;","block_context":{"text":"Not\u00edcias de Ribeir\u00e3o Preto-SP e Regi\u00e3o","link":"https:\/\/noticiasribeiraopreto.com.br\/index.php\/category\/noticias-de-ribeirao-preto-sp-e-regiao-ismael-colosi\/"},"img":{"alt_text":"","src":"https:\/\/i0.wp.com\/noticiasribeiraopreto.com.br\/wp-content\/uploads\/2025\/02\/WhatsApp-Image-2025-02-24-at-09.53.21_2025-02-24_13-34-27_jpeg_2025-02-24_13-34-27.webp.webp?fit=580%2C261&ssl=1&resize=350%2C200","width":350,"height":200,"srcset":"https:\/\/i0.wp.com\/noticiasribeiraopreto.com.br\/wp-content\/uploads\/2025\/02\/WhatsApp-Image-2025-02-24-at-09.53.21_2025-02-24_13-34-27_jpeg_2025-02-24_13-34-27.webp.webp?fit=580%2C261&ssl=1&resize=350%2C200 1x, https:\/\/i0.wp.com\/noticiasribeiraopreto.com.br\/wp-content\/uploads\/2025\/02\/WhatsApp-Image-2025-02-24-at-09.53.21_2025-02-24_13-34-27_jpeg_2025-02-24_13-34-27.webp.webp?fit=580%2C261&ssl=1&resize=525%2C300 1.5x"},"classes":[]},{"id":46137,"url":"https:\/\/noticiasribeiraopreto.com.br\/index.php\/2024\/04\/09\/drone-e-usado-em-buscas-por-idosa-desaparecida-ha-mais-de-40-dias-em-ribeirao\/","url_meta":{"origin":46428,"position":3},"title":"Drone \u00e9 usado em buscas por idosa desaparecida h\u00e1 mais de 40 dias em Ribeir\u00e3o","author":"noticiasribeiraopreto.com.br","date":"9 de April de 2024","format":false,"excerpt":"A Pol\u00edcia Civil de Ribeir\u00e3o Preto usou um drone para realizar buscas pela idosa de 79 anos com Alzheimer que est\u00e1 desaparecida h\u00e1 44 dias. A a\u00e7\u00e3o aconteceu na tarde desta ter\u00e7a-feira (9), no assentamento no bairro Jardim Pedra Branca, na zona Leste da cidade. Segundo a pol\u00edcia, uma equipe\u2026","rel":"","context":"In &quot;Not\u00edcias de Ribeir\u00e3o Preto-SP e Regi\u00e3o&quot;","block_context":{"text":"Not\u00edcias de Ribeir\u00e3o Preto-SP e Regi\u00e3o","link":"https:\/\/noticiasribeiraopreto.com.br\/index.php\/category\/noticias-de-ribeirao-preto-sp-e-regiao-ismael-colosi\/"},"img":{"alt_text":"","src":"https:\/\/i0.wp.com\/noticiasribeiraopreto.com.br\/wp-content\/uploads\/2024\/04\/Copia-de-Copia-de-TAMANHO-EXATO-PARA-FOTOS-NO-SISTEMA-NOVO-38.jpg?fit=1200%2C675&ssl=1&resize=350%2C200","width":350,"height":200,"srcset":"https:\/\/i0.wp.com\/noticiasribeiraopreto.com.br\/wp-content\/uploads\/2024\/04\/Copia-de-Copia-de-TAMANHO-EXATO-PARA-FOTOS-NO-SISTEMA-NOVO-38.jpg?fit=1200%2C675&ssl=1&resize=350%2C200 1x, https:\/\/i0.wp.com\/noticiasribeiraopreto.com.br\/wp-content\/uploads\/2024\/04\/Copia-de-Copia-de-TAMANHO-EXATO-PARA-FOTOS-NO-SISTEMA-NOVO-38.jpg?fit=1200%2C675&ssl=1&resize=525%2C300 1.5x, https:\/\/i0.wp.com\/noticiasribeiraopreto.com.br\/wp-content\/uploads\/2024\/04\/Copia-de-Copia-de-TAMANHO-EXATO-PARA-FOTOS-NO-SISTEMA-NOVO-38.jpg?fit=1200%2C675&ssl=1&resize=700%2C400 2x, https:\/\/i0.wp.com\/noticiasribeiraopreto.com.br\/wp-content\/uploads\/2024\/04\/Copia-de-Copia-de-TAMANHO-EXATO-PARA-FOTOS-NO-SISTEMA-NOVO-38.jpg?fit=1200%2C675&ssl=1&resize=1050%2C600 3x"},"classes":[]},{"id":44217,"url":"https:\/\/noticiasribeiraopreto.com.br\/index.php\/2024\/03\/26\/desaparecimento-de-idosa-com-alzheimer-completa-um-mes-em-ribeirao-preto\/","url_meta":{"origin":46428,"position":4},"title":"Desaparecimento de idosa com Alzheimer completa um m\u00eas em Ribeir\u00e3o Preto","author":"noticiasribeiraopreto.com.br","date":"26 de March de 2024","format":false,"excerpt":"Completou nesta ter\u00e7a-feira (26), um m\u00eas que a idosa Ana de Jesus Novais, de 79 anos, est\u00e1 desaparecida em Ribeir\u00e3o Preto. A fam\u00edlia registrou boletim de ocorr\u00eancia sobre o caso, mas at\u00e9 o momento diz n\u00e3o ter informa\u00e7\u00e3o sobre o paradeiro da mulher. Ao portal acidade on Ribeir\u00e3o, a neta\u2026","rel":"","context":"In &quot;Not\u00edcias de Ribeir\u00e3o Preto-SP e Regi\u00e3o&quot;","block_context":{"text":"Not\u00edcias de Ribeir\u00e3o Preto-SP e Regi\u00e3o","link":"https:\/\/noticiasribeiraopreto.com.br\/index.php\/category\/noticias-de-ribeirao-preto-sp-e-regiao-ismael-colosi\/"},"img":{"alt_text":"","src":"https:\/\/i0.wp.com\/noticiasribeiraopreto.com.br\/wp-content\/uploads\/2024\/03\/1711478892_Copia-de-Copia-de-TAMANHO-EXATO-PARA-FOTOS-NO-SISTEMA-NOVO-38.jpg?fit=1200%2C675&ssl=1&resize=350%2C200","width":350,"height":200,"srcset":"https:\/\/i0.wp.com\/noticiasribeiraopreto.com.br\/wp-content\/uploads\/2024\/03\/1711478892_Copia-de-Copia-de-TAMANHO-EXATO-PARA-FOTOS-NO-SISTEMA-NOVO-38.jpg?fit=1200%2C675&ssl=1&resize=350%2C200 1x, https:\/\/i0.wp.com\/noticiasribeiraopreto.com.br\/wp-content\/uploads\/2024\/03\/1711478892_Copia-de-Copia-de-TAMANHO-EXATO-PARA-FOTOS-NO-SISTEMA-NOVO-38.jpg?fit=1200%2C675&ssl=1&resize=525%2C300 1.5x, https:\/\/i0.wp.com\/noticiasribeiraopreto.com.br\/wp-content\/uploads\/2024\/03\/1711478892_Copia-de-Copia-de-TAMANHO-EXATO-PARA-FOTOS-NO-SISTEMA-NOVO-38.jpg?fit=1200%2C675&ssl=1&resize=700%2C400 2x, https:\/\/i0.wp.com\/noticiasribeiraopreto.com.br\/wp-content\/uploads\/2024\/03\/1711478892_Copia-de-Copia-de-TAMANHO-EXATO-PARA-FOTOS-NO-SISTEMA-NOVO-38.jpg?fit=1200%2C675&ssl=1&resize=1050%2C600 3x"},"classes":[]},{"id":83800,"url":"https:\/\/noticiasribeiraopreto.com.br\/index.php\/2026\/03\/26\/casa-de-repouso-e-fechada-apos-denuncias\/","url_meta":{"origin":46428,"position":5},"title":"Casa de repouso \u00e9 fechada ap\u00f3s den\u00fancias","author":"noticiasribeiraopreto.com.br","date":"26 de March de 2026","format":false,"excerpt":"Por: Adalberto Luque \u2013 Uma casa de repouso foi fechada, no final da tarde desta quarta-feira (25), por, segundo a Prefeitura de Ribeir\u00e3o Preto, operar de forma irregular, sem alvar\u00e1. O fechamento ocorreu ap\u00f3s uma idosa, de 87 anos, ser retirada da cl\u00ednica pela fam\u00edlia e levada, em estado grave,\u2026","rel":"","context":"In &quot;Not\u00edcias de Ribeir\u00e3o Preto-SP e Regi\u00e3o&quot;","block_context":{"text":"Not\u00edcias de Ribeir\u00e3o Preto-SP e Regi\u00e3o","link":"https:\/\/noticiasribeiraopreto.com.br\/index.php\/category\/noticias-de-ribeirao-preto-sp-e-regiao-ismael-colosi\/"},"img":{"alt_text":"","src":"https:\/\/i0.wp.com\/noticiasribeiraopreto.com.br\/wp-content\/uploads\/2026\/03\/26-mar-2026-casarepousoclandestina3-scaled.jpg?fit=1170%2C780&ssl=1&resize=350%2C200","width":350,"height":200,"srcset":"https:\/\/i0.wp.com\/noticiasribeiraopreto.com.br\/wp-content\/uploads\/2026\/03\/26-mar-2026-casarepousoclandestina3-scaled.jpg?fit=1170%2C780&ssl=1&resize=350%2C200 1x, https:\/\/i0.wp.com\/noticiasribeiraopreto.com.br\/wp-content\/uploads\/2026\/03\/26-mar-2026-casarepousoclandestina3-scaled.jpg?fit=1170%2C780&ssl=1&resize=525%2C300 1.5x, https:\/\/i0.wp.com\/noticiasribeiraopreto.com.br\/wp-content\/uploads\/2026\/03\/26-mar-2026-casarepousoclandestina3-scaled.jpg?fit=1170%2C780&ssl=1&resize=700%2C400 2x, https:\/\/i0.wp.com\/noticiasribeiraopreto.com.br\/wp-content\/uploads\/2026\/03\/26-mar-2026-casarepousoclandestina3-scaled.jpg?fit=1170%2C780&ssl=1&resize=1050%2C600 3x"},"classes":[]}],"jetpack_sharing_enabled":true,"jetpack_shortlink":"https:\/\/wp.me\/peQAOb-c4Q","_links":{"self":[{"href":"https:\/\/noticiasribeiraopreto.com.br\/index.php\/wp-json\/wp\/v2\/posts\/46428","targetHints":{"allow":["GET"]}}],"collection":[{"href":"https:\/\/noticiasribeiraopreto.com.br\/index.php\/wp-json\/wp\/v2\/posts"}],"about":[{"href":"https:\/\/noticiasribeiraopreto.com.br\/index.php\/wp-json\/wp\/v2\/types\/post"}],"author":[{"embeddable":true,"href":"https:\/\/noticiasribeiraopreto.com.br\/index.php\/wp-json\/wp\/v2\/users\/1"}],"replies":[{"embeddable":true,"href":"https:\/\/noticiasribeiraopreto.com.br\/index.php\/wp-json\/wp\/v2\/comments?post=46428"}],"version-history":[{"count":0,"href":"https:\/\/noticiasribeiraopreto.com.br\/index.php\/wp-json\/wp\/v2\/posts\/46428\/revisions"}],"wp:featuredmedia":[{"embeddable":true,"href":"https:\/\/noticiasribeiraopreto.com.br\/index.php\/wp-json\/wp\/v2\/media\/46429"}],"wp:attachment":[{"href":"https:\/\/noticiasribeiraopreto.com.br\/index.php\/wp-json\/wp\/v2\/media?parent=46428"}],"wp:term":[{"taxonomy":"category","embeddable":true,"href":"https:\/\/noticiasribeiraopreto.com.br\/index.php\/wp-json\/wp\/v2\/categories?post=46428"},{"taxonomy":"post_tag","embeddable":true,"href":"https:\/\/noticiasribeiraopreto.com.br\/index.php\/wp-json\/wp\/v2\/tags?post=46428"}],"curies":[{"name":"wp","href":"https:\/\/api.w.org\/{rel}","templated":true}]}}