{"id":46432,"date":"2024-04-11T17:02:27","date_gmt":"2024-04-11T20:02:27","guid":{"rendered":"https:\/\/noticiasribeiraopreto.com.br\/index.php\/2024\/04\/11\/ribeirao-recebe-etapa-mundial-de-beach-tennis-ate-domingo-ingressos-ainda-estao-disponiveis\/"},"modified":"2024-04-11T17:02:27","modified_gmt":"2024-04-11T20:02:27","slug":"ribeirao-recebe-etapa-mundial-de-beach-tennis-ate-domingo-ingressos-ainda-estao-disponiveis","status":"publish","type":"post","link":"https:\/\/noticiasribeiraopreto.com.br\/index.php\/2024\/04\/11\/ribeirao-recebe-etapa-mundial-de-beach-tennis-ate-domingo-ingressos-ainda-estao-disponiveis\/","title":{"rendered":"Ribeir\u00e3o recebe etapa Mundial de Beach Tennis at\u00e9 domingo; Ingressos ainda est\u00e3o dispon\u00edveis"},"content":{"rendered":"<div class='code-block code-block-1' style='margin: 8px 0 8px auto; text-align: right; display: block; clear: both;'>\n<p><a href=\"https:\/\/wa.link\/vpicfd\"><img data-recalc-dims=\"1\" class=\"wp-image-4922\" style=\"aspect-ratio: 2.0253164556962027; width: 561px; height: auto;\" src=\"https:\/\/i0.wp.com\/ismaelcolosi.com.br\/wp-content\/uploads\/2023\/11\/grupo-de-empregos-whatsapp-e-facebook-ismael-colosi-vagas.jpg?ssl=1\" alt=\"\" \/><\/a><\/p>\n<!-- \/wp:image -->\n<\/div>\n<p> <br \/>\n<\/p>\n<div>\n<p>A partir desta quinta-feira (11), <strong>Ribeir\u00e3o Preto<\/strong> recebe pelo segundo ano consecutivo, etapa do <strong>Sand Series<\/strong>, um dos principais torneio de <strong>Beach Tennis<\/strong>.<\/p>\n<p><mark style=\"background-color:#fcb900\" class=\"has-inline-color\">O evento acontece na Arena Beach Ribeir\u00e3o, zona Sul do munic\u00edpio, <strong>at\u00e9 o domingo (14).<\/strong> Os interessados em assistir as disputas podem adquirir os ingressos de <strong>forma on-line (<a href=\"https:\/\/www.eventim.com.br\/artist\/sand-series\/\" target=\"_blank\" rel=\"noreferrer noopener\">clique aqui<\/a>)<\/strong>.<\/mark><\/p>\n<p>De acordo com a organiza\u00e7\u00e3o, h\u00e1 ainda a op\u00e7\u00e3o de <a href=\"https:\/\/www.instagram.com\/reel\/C5WFoFwr244\/?utm_source=ig_web_copy_link&amp;igsh=MzRlODBiNWFlZA==\" target=\"_blank\" rel=\"noreferrer noopener\">assistir aos jogos de <strong>forma gratuita<\/strong><\/a>, nas quadras secund\u00e1rias, contudo, a entrada \u00e9 por <strong>ordem de chegada<\/strong> e mediante a <strong>lota\u00e7\u00e3o do espa\u00e7o<\/strong>.<\/p>\n<p>No total, o torneio vai reunir 40 duplas masculinas e femininas, com atletas <strong>nacionais <\/strong>e <strong>internacionais<\/strong>. Os competidores participar\u00e3o de tr\u00eas fases at\u00e9 a grande final.<\/p>\n<h4 class=\"wp-block-heading\"><strong>Ingressos e setores<\/strong><\/h4>\n<ul>\n<li><strong>Cadeira descoberta<\/strong> \u2013 R$ 100 (inteira) e R$ 50 (entrada social ou meia-entrada)<\/li>\n<\/ul>\n<ul>\n<li><strong>Cadeira coberta<\/strong> \u2013 R$ 200 (inteira) e R$ 100 (entrada social ou meia-entrada)<\/li>\n<\/ul>\n<ul>\n<li><strong>\u00c1rea Vip<\/strong> \u2013 R$ 290 (open bar com Chopp, Cerveja, \u00c1gua, Refrigerante e Drinks)<\/li>\n<\/ul>\n<p><em>Vale ressaltar que os valores poder\u00e3o ser alterados devido a virada de lote<\/em><\/p>\n<h4 class=\"wp-block-heading\"><strong>Alimenta\u00e7\u00e3o<\/strong><\/h4>\n<p>De acordo com a organiza\u00e7\u00e3o do evento, a etapa do <strong>Sand Series em Ribeir\u00e3o Preto<\/strong> tamb\u00e9m contar\u00e1 com <em>food trucks<\/em> com variados tipos de culin\u00e1ria.<\/p>\n<p>Al\u00e9m disso, o local tamb\u00e9m ter\u00e1 um <strong>restaurante <\/strong>com op\u00e7\u00f5es de buffet e \u00e0 la carte.<\/p>\n<p><strong>Servi\u00e7o<\/strong><\/p>\n<p><em>Sand Series Ribeir\u00e3o Preto 2024<\/em><\/p>\n<p>Quando: entre os dias 11 e 14 de abril<\/p>\n<p>Hor\u00e1rio: a partir das 9h<\/p>\n<p>Onde: Arena Beach \u2013 rua Padre Modesto Nones, 115 \u2013 Bonfim Paulista<\/p>\n<p>Ingressos: a partir de R$ 50<\/p>\n<p><a href=\"https:\/\/www.instagram.com\/sandseriesoficial?igsh=NGEyc3lsYm96OTR2\" target=\"_blank\" rel=\"noreferrer noopener\"><strong>Clique aqui para mais informa\u00e7\u00f5es<\/strong><\/a><\/p>\n<hr class=\"wp-block-separator has-alpha-channel-opacity\"\/>\n<p>SAIBA MAIS<\/p>\n<p>Atleta de Ribeir\u00e3o Preto \u00e9 convocada para o Mundial Paral\u00edmpico do Jap\u00e3o<\/p>\n<h4 class=\"wp-block-heading\"><strong><mark style=\"background-color:#fcb900\" class=\"has-inline-color\">FIQUE ON<\/mark><\/strong><\/h4>\n<p>Fique ligado em tudo que acontece em Ribeir\u00e3o Preto e regi\u00e3o. Siga os perfis do\u00a0<strong>acidade on<\/strong>\u00a0no\u00a0<a href=\"https:\/\/www.instagram.com\/acidadeonribeirao\" target=\"_blank\" rel=\"noreferrer noopener\">Instagram<\/a>\u00a0e no\u00a0<a href=\"https:\/\/www.facebook.com\/acidadeonribeirao\" target=\"_blank\" rel=\"noreferrer noopener\">Facebook<\/a>.<\/p>\n<p>Receba not\u00edcias do\u00a0<strong>acidade on<\/strong>\u00a0no WhatsApp.<a href=\"https:\/\/chat.whatsapp.com\/GFH9HUMUTHNFJdnyEd0xxq\" target=\"_blank\" rel=\"noreferrer noopener\">\u00a0Para entrar no grupo, basta clicar aqui.<\/a><\/p>\n<p>Fa\u00e7a uma den\u00fancia ou sugira uma reportagem sobre Ribeir\u00e3o Preto e regi\u00e3o pelo WhatsApp: 16 99117 7802.<\/p>\n<p>VEJA TAMB\u00c9M<\/p>\n<p>MC Binn muda de ideia sobre futuro de romance com Giovanna Lima<\/p>\n<p><!-- AI CONTENT END 1 -->\n<\/div>\n<p><script async src=\"\/\/www.instagram.com\/embed.js\"><\/script><br \/>\n<br \/><br \/>\n<br \/><a href=\"https:\/\/www.acidadeon.com\/ribeiraopreto\/esportes\/ribeirao-recebe-etapa-mundial-de-beach-tennis-ate-domingo-ingressos-ainda-estao-disponiveis\/\">Source link <\/a><\/p>\n<!-- CONTENT END 1 -->\n","protected":false},"excerpt":{"rendered":"<p>A partir desta quinta-feira (11), Ribeir\u00e3o Preto recebe pelo segundo ano consecutivo, etapa do Sand Series, um dos principais torneio de Beach Tennis. O evento&#8230;<\/p>\n","protected":false},"author":1,"featured_media":46433,"comment_status":"open","ping_status":"open","sticky":false,"template":"","format":"standard","meta":{"advanced_seo_description":"","jetpack_seo_html_title":"","jetpack_seo_noindex":false,"jetpack_post_was_ever_published":false,"_jetpack_newsletter_access":"","_jetpack_dont_email_post_to_subs":false,"_jetpack_newsletter_tier_id":0,"_jetpack_memberships_contains_paywalled_content":false,"_jetpack_memberships_contains_paid_content":false,"footnotes":"","jetpack_publicize_message":"","jetpack_publicize_feature_enabled":true,"jetpack_social_post_already_shared":true,"jetpack_social_options":{"image_generator_settings":{"template":"highway","default_image_id":0,"font":"","enabled":false},"version":2}},"categories":[11],"tags":[],"class_list":["post-46432","post","type-post","status-publish","format-standard","has-post-thumbnail","hentry","category-noticias-de-ribeirao-preto-sp-e-regiao-ismael-colosi"],"jetpack_publicize_connections":[],"jetpack_featured_media_url":"https:\/\/i0.wp.com\/noticiasribeiraopreto.com.br\/wp-content\/uploads\/2024\/04\/RibeiroPretorecebeetapadoMundialdeBeachTennisatestesbado_Tamanho_2_image.jpg?fit=1200%2C900&ssl=1","jetpack-related-posts":[{"id":78607,"url":"https:\/\/noticiasribeiraopreto.com.br\/index.php\/2025\/10\/14\/torneio-internacional-de-beach-tennis-acontece-em-ribeirao-preto-veja-ate-quando\/","url_meta":{"origin":46432,"position":0},"title":"Torneio internacional de beach tennis acontece em Ribeir\u00e3o Preto; Veja at\u00e9 quando","author":"noticiasribeiraopreto.com.br","date":"14 de October de 2025","format":false,"excerpt":"Ribeir\u00e3o Preto recebe pelo terceiro ano consecutivo um dos principais torneios de beach tennis do mundo, o Sand Series. O evento teve in\u00edcio nesta segunda-feira (13) e segue at\u00e9 domingo (19). O evento acontece na Arena Beach Ribeir\u00e3o, zona Sul do munic\u00edpio, e re\u00fane 64 atletas, sendo 18 duplas masculinas\u2026","rel":"","context":"In &quot;Not\u00edcias de Ribeir\u00e3o Preto-SP e Regi\u00e3o&quot;","block_context":{"text":"Not\u00edcias de Ribeir\u00e3o Preto-SP e Regi\u00e3o","link":"https:\/\/noticiasribeiraopreto.com.br\/index.php\/category\/noticias-de-ribeirao-preto-sp-e-regiao-ismael-colosi\/"},"img":{"alt_text":"","src":"https:\/\/i0.wp.com\/noticiasribeiraopreto.com.br\/wp-content\/uploads\/2025\/09\/Copia-de-Copia-de-Copia-de-TAMANHO-EXATO-PARA-FOTOS-NO-SISTEMA-NOVO-2025-09-26T132836.731_2025-09-26_16-28-42.webp.webp?fit=1200%2C675&ssl=1&resize=350%2C200","width":350,"height":200,"srcset":"https:\/\/i0.wp.com\/noticiasribeiraopreto.com.br\/wp-content\/uploads\/2025\/09\/Copia-de-Copia-de-Copia-de-TAMANHO-EXATO-PARA-FOTOS-NO-SISTEMA-NOVO-2025-09-26T132836.731_2025-09-26_16-28-42.webp.webp?fit=1200%2C675&ssl=1&resize=350%2C200 1x, https:\/\/i0.wp.com\/noticiasribeiraopreto.com.br\/wp-content\/uploads\/2025\/09\/Copia-de-Copia-de-Copia-de-TAMANHO-EXATO-PARA-FOTOS-NO-SISTEMA-NOVO-2025-09-26T132836.731_2025-09-26_16-28-42.webp.webp?fit=1200%2C675&ssl=1&resize=525%2C300 1.5x, https:\/\/i0.wp.com\/noticiasribeiraopreto.com.br\/wp-content\/uploads\/2025\/09\/Copia-de-Copia-de-Copia-de-TAMANHO-EXATO-PARA-FOTOS-NO-SISTEMA-NOVO-2025-09-26T132836.731_2025-09-26_16-28-42.webp.webp?fit=1200%2C675&ssl=1&resize=700%2C400 2x, https:\/\/i0.wp.com\/noticiasribeiraopreto.com.br\/wp-content\/uploads\/2025\/09\/Copia-de-Copia-de-Copia-de-TAMANHO-EXATO-PARA-FOTOS-NO-SISTEMA-NOVO-2025-09-26T132836.731_2025-09-26_16-28-42.webp.webp?fit=1200%2C675&ssl=1&resize=1050%2C600 3x"},"classes":[]},{"id":78839,"url":"https:\/\/noticiasribeiraopreto.com.br\/index.php\/2025\/10\/19\/organizadores-anunciam-reembolso-e-alteracoes-no-torneio-internacional-de-beach-tennis-apos-incidente\/","url_meta":{"origin":46432,"position":1},"title":"Organizadores anunciam reembolso e altera\u00e7\u00f5es no torneio internacional de beach tennis ap\u00f3s incidente","author":"noticiasribeiraopreto.com.br","date":"19 de October de 2025","format":false,"excerpt":"Os organizadores do torneio internacional de beach tennis em Ribeir\u00e3o Preto anunciaram a devolu\u00e7\u00e3o integral dos ingressos comprados para os dias 18 e 19 de outubro. A decis\u00e3o ocorre ap\u00f3s o vendaval que atingiu a cidade no s\u00e1bado (18) e derrubou parte da estrutura montada na arena do evento. Nove\u2026","rel":"","context":"In &quot;Not\u00edcias de Ribeir\u00e3o Preto-SP e Regi\u00e3o&quot;","block_context":{"text":"Not\u00edcias de Ribeir\u00e3o Preto-SP e Regi\u00e3o","link":"https:\/\/noticiasribeiraopreto.com.br\/index.php\/category\/noticias-de-ribeirao-preto-sp-e-regiao-ismael-colosi\/"},"img":{"alt_text":"","src":"https:\/\/i0.wp.com\/noticiasribeiraopreto.com.br\/wp-content\/uploads\/2025\/10\/arena-beach-tennis-ribeirao-preto_2025-10-18_20-56-52.webp.webp?fit=1200%2C675&ssl=1&resize=350%2C200","width":350,"height":200,"srcset":"https:\/\/i0.wp.com\/noticiasribeiraopreto.com.br\/wp-content\/uploads\/2025\/10\/arena-beach-tennis-ribeirao-preto_2025-10-18_20-56-52.webp.webp?fit=1200%2C675&ssl=1&resize=350%2C200 1x, https:\/\/i0.wp.com\/noticiasribeiraopreto.com.br\/wp-content\/uploads\/2025\/10\/arena-beach-tennis-ribeirao-preto_2025-10-18_20-56-52.webp.webp?fit=1200%2C675&ssl=1&resize=525%2C300 1.5x, https:\/\/i0.wp.com\/noticiasribeiraopreto.com.br\/wp-content\/uploads\/2025\/10\/arena-beach-tennis-ribeirao-preto_2025-10-18_20-56-52.webp.webp?fit=1200%2C675&ssl=1&resize=700%2C400 2x, https:\/\/i0.wp.com\/noticiasribeiraopreto.com.br\/wp-content\/uploads\/2025\/10\/arena-beach-tennis-ribeirao-preto_2025-10-18_20-56-52.webp.webp?fit=1200%2C675&ssl=1&resize=1050%2C600 3x"},"classes":[]},{"id":78802,"url":"https:\/\/noticiasribeiraopreto.com.br\/index.php\/2025\/10\/18\/video-temporal-derruba-parte-da-estrutura-da-arena-beach-ribeirao-durante-etapa-do-mundial\/","url_meta":{"origin":46432,"position":2},"title":"V\u00cdDEO: Temporal derruba parte da estrutura da Arena Beach Ribeir\u00e3o durante etapa do Mundial","author":"noticiasribeiraopreto.com.br","date":"18 de October de 2025","format":false,"excerpt":"18 de outubro de 2025 16:091 Compartilhar0 Um temporal que atingiu a tarde deste s\u00e1bado (18) em Ribeir\u00e3o Preto provocou a queda de parte da estrutura da Arena Beach Ribeir\u00e3o \u2014 montada para receber a etapa do torneio internacional Sand Series Ribeir\u00e3o Preto de beach tennis, em Bonfim Paulista. Segundo\u2026","rel":"","context":"In &quot;Not\u00edcias de Ribeir\u00e3o Preto-SP e Regi\u00e3o&quot;","block_context":{"text":"Not\u00edcias de Ribeir\u00e3o Preto-SP e Regi\u00e3o","link":"https:\/\/noticiasribeiraopreto.com.br\/index.php\/category\/noticias-de-ribeirao-preto-sp-e-regiao-ismael-colosi\/"},"img":{"alt_text":"","src":"https:\/\/i0.wp.com\/noticiasribeiraopreto.com.br\/wp-content\/uploads\/2025\/10\/chuva-scaled.jpg?fit=1200%2C675&ssl=1&resize=350%2C200","width":350,"height":200,"srcset":"https:\/\/i0.wp.com\/noticiasribeiraopreto.com.br\/wp-content\/uploads\/2025\/10\/chuva-scaled.jpg?fit=1200%2C675&ssl=1&resize=350%2C200 1x, https:\/\/i0.wp.com\/noticiasribeiraopreto.com.br\/wp-content\/uploads\/2025\/10\/chuva-scaled.jpg?fit=1200%2C675&ssl=1&resize=525%2C300 1.5x, https:\/\/i0.wp.com\/noticiasribeiraopreto.com.br\/wp-content\/uploads\/2025\/10\/chuva-scaled.jpg?fit=1200%2C675&ssl=1&resize=700%2C400 2x, https:\/\/i0.wp.com\/noticiasribeiraopreto.com.br\/wp-content\/uploads\/2025\/10\/chuva-scaled.jpg?fit=1200%2C675&ssl=1&resize=1050%2C600 3x"},"classes":[]},{"id":80023,"url":"https:\/\/noticiasribeiraopreto.com.br\/index.php\/2025\/11\/12\/ribeirao-preto-sera-palco-da-maior-premiacao-da-historia-do-beach-tennis-mundial\/","url_meta":{"origin":46432,"position":3},"title":"Ribeir\u00e3o Preto ser\u00e1 palco da maior premia\u00e7\u00e3o da hist\u00f3ria do beach tennis mundial","author":"noticiasribeiraopreto.com.br","date":"12 de November de 2025","format":false,"excerpt":"Ribeir\u00e3o Preto recebe entre os dias 29 de novembro de 6 de dezembro, a segunda edi\u00e7\u00e3o do ITF Sand Series Tour Finals, com premia\u00e7\u00e3o recorde de US$ 125 mil, a maior quantia j\u00e1 oferecida na hist\u00f3ria da modalidade. O evento acontece na Arena Beach Ribeir\u00e3o, na zona Sul do munic\u00edpio,\u2026","rel":"","context":"In &quot;Not\u00edcias de Ribeir\u00e3o Preto-SP e Regi\u00e3o&quot;","block_context":{"text":"Not\u00edcias de Ribeir\u00e3o Preto-SP e Regi\u00e3o","link":"https:\/\/noticiasribeiraopreto.com.br\/index.php\/category\/noticias-de-ribeirao-preto-sp-e-regiao-ismael-colosi\/"},"img":{"alt_text":"","src":"https:\/\/i0.wp.com\/noticiasribeiraopreto.com.br\/wp-content\/uploads\/2025\/11\/54872377684_a29e732f41_b_2025-11-12_19-41-45.webp.webp?fit=1024%2C684&ssl=1&resize=350%2C200","width":350,"height":200,"srcset":"https:\/\/i0.wp.com\/noticiasribeiraopreto.com.br\/wp-content\/uploads\/2025\/11\/54872377684_a29e732f41_b_2025-11-12_19-41-45.webp.webp?fit=1024%2C684&ssl=1&resize=350%2C200 1x, https:\/\/i0.wp.com\/noticiasribeiraopreto.com.br\/wp-content\/uploads\/2025\/11\/54872377684_a29e732f41_b_2025-11-12_19-41-45.webp.webp?fit=1024%2C684&ssl=1&resize=525%2C300 1.5x, https:\/\/i0.wp.com\/noticiasribeiraopreto.com.br\/wp-content\/uploads\/2025\/11\/54872377684_a29e732f41_b_2025-11-12_19-41-45.webp.webp?fit=1024%2C684&ssl=1&resize=700%2C400 2x"},"classes":[]},{"id":78846,"url":"https:\/\/noticiasribeiraopreto.com.br\/index.php\/2025\/10\/19\/saiba-o-estado-de-saude-das-vitimas-do-acidente-em-torneio-de-beach-tennis-em-ribeirao-preto\/","url_meta":{"origin":46432,"position":4},"title":"Saiba o estado de sa\u00fade das v\u00edtimas do acidente em torneio de beach tennis em Ribeir\u00e3o Preto","author":"noticiasribeiraopreto.com.br","date":"19 de October de 2025","format":false,"excerpt":"Duas pessoas permanecem hospitalizadas ap\u00f3s a queda da cobertura da arquibancada em um torneio de beach tennis realizado em Ribeir\u00e3o Preto no s\u00e1bado (18). O acidente deixou nove feridos, segundo a organiza\u00e7\u00e3o do evento. Entre os internados, est\u00e1 um homem de 44 anos, morador de Orl\u00e2ndia, que sofreu ferimentos na\u2026","rel":"","context":"In &quot;Not\u00edcias de Ribeir\u00e3o Preto-SP e Regi\u00e3o&quot;","block_context":{"text":"Not\u00edcias de Ribeir\u00e3o Preto-SP e Regi\u00e3o","link":"https:\/\/noticiasribeiraopreto.com.br\/index.php\/category\/noticias-de-ribeirao-preto-sp-e-regiao-ismael-colosi\/"},"img":{"alt_text":"","src":"https:\/\/i0.wp.com\/noticiasribeiraopreto.com.br\/wp-content\/uploads\/2025\/10\/arena-beach-ribeirao_2025-10-18_19-20-34.webp.webp?fit=1200%2C674&ssl=1&resize=350%2C200","width":350,"height":200,"srcset":"https:\/\/i0.wp.com\/noticiasribeiraopreto.com.br\/wp-content\/uploads\/2025\/10\/arena-beach-ribeirao_2025-10-18_19-20-34.webp.webp?fit=1200%2C674&ssl=1&resize=350%2C200 1x, https:\/\/i0.wp.com\/noticiasribeiraopreto.com.br\/wp-content\/uploads\/2025\/10\/arena-beach-ribeirao_2025-10-18_19-20-34.webp.webp?fit=1200%2C674&ssl=1&resize=525%2C300 1.5x, https:\/\/i0.wp.com\/noticiasribeiraopreto.com.br\/wp-content\/uploads\/2025\/10\/arena-beach-ribeirao_2025-10-18_19-20-34.webp.webp?fit=1200%2C674&ssl=1&resize=700%2C400 2x, https:\/\/i0.wp.com\/noticiasribeiraopreto.com.br\/wp-content\/uploads\/2025\/10\/arena-beach-ribeirao_2025-10-18_19-20-34.webp.webp?fit=1200%2C674&ssl=1&resize=1050%2C600 3x"},"classes":[]},{"id":78844,"url":"https:\/\/noticiasribeiraopreto.com.br\/index.php\/2025\/10\/19\/nasci-novamente-diz-vitima-de-acidente-em-torneio-de-beach-tennis-em-ribeirao-preto\/","url_meta":{"origin":46432,"position":5},"title":"\u2018Nasci novamente\u2019, diz v\u00edtima de acidente em torneio de beach tennis em Ribeir\u00e3o Preto","author":"noticiasribeiraopreto.com.br","date":"19 de October de 2025","format":false,"excerpt":"O gestor Fabiano Palari, de 44 anos, foi uma das v\u00edtimas do desabamento da cobertura de uma arquibancada durante um torneio de beach tennis em Ribeir\u00e3o Preto. Ele sofreu traumatismo craniano e foi socorrido em estado grave para um hospital particular da cidade. Em conversa com o acidade on, Palari\u2026","rel":"","context":"In &quot;Not\u00edcias de Ribeir\u00e3o Preto-SP e Regi\u00e3o&quot;","block_context":{"text":"Not\u00edcias de Ribeir\u00e3o Preto-SP e Regi\u00e3o","link":"https:\/\/noticiasribeiraopreto.com.br\/index.php\/category\/noticias-de-ribeirao-preto-sp-e-regiao-ismael-colosi\/"},"img":{"alt_text":"","src":"https:\/\/i0.wp.com\/noticiasribeiraopreto.com.br\/wp-content\/uploads\/2025\/10\/Copia-de-Copia-de-Copia-de-TAMANHO-EXATO-PARA-FOTOS-NO-SISTEMA-NOVO-2025-10-19T151502.404_2025-10-19_18-15-13.webp.webp?fit=1200%2C675&ssl=1&resize=350%2C200","width":350,"height":200,"srcset":"https:\/\/i0.wp.com\/noticiasribeiraopreto.com.br\/wp-content\/uploads\/2025\/10\/Copia-de-Copia-de-Copia-de-TAMANHO-EXATO-PARA-FOTOS-NO-SISTEMA-NOVO-2025-10-19T151502.404_2025-10-19_18-15-13.webp.webp?fit=1200%2C675&ssl=1&resize=350%2C200 1x, https:\/\/i0.wp.com\/noticiasribeiraopreto.com.br\/wp-content\/uploads\/2025\/10\/Copia-de-Copia-de-Copia-de-TAMANHO-EXATO-PARA-FOTOS-NO-SISTEMA-NOVO-2025-10-19T151502.404_2025-10-19_18-15-13.webp.webp?fit=1200%2C675&ssl=1&resize=525%2C300 1.5x, https:\/\/i0.wp.com\/noticiasribeiraopreto.com.br\/wp-content\/uploads\/2025\/10\/Copia-de-Copia-de-Copia-de-TAMANHO-EXATO-PARA-FOTOS-NO-SISTEMA-NOVO-2025-10-19T151502.404_2025-10-19_18-15-13.webp.webp?fit=1200%2C675&ssl=1&resize=700%2C400 2x, https:\/\/i0.wp.com\/noticiasribeiraopreto.com.br\/wp-content\/uploads\/2025\/10\/Copia-de-Copia-de-Copia-de-TAMANHO-EXATO-PARA-FOTOS-NO-SISTEMA-NOVO-2025-10-19T151502.404_2025-10-19_18-15-13.webp.webp?fit=1200%2C675&ssl=1&resize=1050%2C600 3x"},"classes":[]}],"jetpack_sharing_enabled":true,"jetpack_shortlink":"https:\/\/wp.me\/peQAOb-c4U","_links":{"self":[{"href":"https:\/\/noticiasribeiraopreto.com.br\/index.php\/wp-json\/wp\/v2\/posts\/46432","targetHints":{"allow":["GET"]}}],"collection":[{"href":"https:\/\/noticiasribeiraopreto.com.br\/index.php\/wp-json\/wp\/v2\/posts"}],"about":[{"href":"https:\/\/noticiasribeiraopreto.com.br\/index.php\/wp-json\/wp\/v2\/types\/post"}],"author":[{"embeddable":true,"href":"https:\/\/noticiasribeiraopreto.com.br\/index.php\/wp-json\/wp\/v2\/users\/1"}],"replies":[{"embeddable":true,"href":"https:\/\/noticiasribeiraopreto.com.br\/index.php\/wp-json\/wp\/v2\/comments?post=46432"}],"version-history":[{"count":0,"href":"https:\/\/noticiasribeiraopreto.com.br\/index.php\/wp-json\/wp\/v2\/posts\/46432\/revisions"}],"wp:featuredmedia":[{"embeddable":true,"href":"https:\/\/noticiasribeiraopreto.com.br\/index.php\/wp-json\/wp\/v2\/media\/46433"}],"wp:attachment":[{"href":"https:\/\/noticiasribeiraopreto.com.br\/index.php\/wp-json\/wp\/v2\/media?parent=46432"}],"wp:term":[{"taxonomy":"category","embeddable":true,"href":"https:\/\/noticiasribeiraopreto.com.br\/index.php\/wp-json\/wp\/v2\/categories?post=46432"},{"taxonomy":"post_tag","embeddable":true,"href":"https:\/\/noticiasribeiraopreto.com.br\/index.php\/wp-json\/wp\/v2\/tags?post=46432"}],"curies":[{"name":"wp","href":"https:\/\/api.w.org\/{rel}","templated":true}]}}