{"id":46438,"date":"2024-04-11T17:33:17","date_gmt":"2024-04-11T20:33:17","guid":{"rendered":"https:\/\/noticiasribeiraopreto.com.br\/index.php\/2024\/04\/11\/vacinacao-contra-dengue-comeca-nesta-sexta-feira-em-ribeirao-preto-saiba-mais\/"},"modified":"2024-04-11T17:33:17","modified_gmt":"2024-04-11T20:33:17","slug":"vacinacao-contra-dengue-comeca-nesta-sexta-feira-em-ribeirao-preto-saiba-mais","status":"publish","type":"post","link":"https:\/\/noticiasribeiraopreto.com.br\/index.php\/2024\/04\/11\/vacinacao-contra-dengue-comeca-nesta-sexta-feira-em-ribeirao-preto-saiba-mais\/","title":{"rendered":"Vacina\u00e7\u00e3o contra dengue come\u00e7a nesta sexta-feira em Ribeir\u00e3o Preto; Saiba mais"},"content":{"rendered":"<div class='code-block code-block-1' style='margin: 8px 0 8px auto; text-align: right; display: block; clear: both;'>\n<p><a href=\"https:\/\/wa.link\/vpicfd\"><img data-recalc-dims=\"1\" class=\"wp-image-4922\" style=\"aspect-ratio: 2.0253164556962027; width: 561px; height: auto;\" src=\"https:\/\/i0.wp.com\/ismaelcolosi.com.br\/wp-content\/uploads\/2023\/11\/grupo-de-empregos-whatsapp-e-facebook-ismael-colosi-vagas.jpg?ssl=1\" alt=\"\" \/><\/a><\/p>\n<!-- \/wp:image -->\n<\/div>\n<p> <br \/>\n<\/p>\n<div data-td-block-uid=\"tdi_101\">\n<div class=\"tdb-block-inner td-fix-index\">\n<p>A <span style=\"background-color:#f7cc62\" class=\"td_text_highlight_marker\"><mark style=\"background-color:rgba(0, 0, 0, 0)\" class=\"has-inline-color has-black-color\"><strong>vacina\u00e7\u00e3o contra dengue para crian\u00e7as de 10 e 11 anos de idade come\u00e7a nesta sexta-feira (12) em Ribeir\u00e3o Preto<\/strong><\/mark><\/span>, nas <a href=\"https:\/\/www.ribeiraopreto.sp.gov.br\/portal\/saude\/salas-vacinas\" target=\"_blank\" rel=\"noreferrer noopener nofollow\">34 salas de vacinas<\/a> nas unidades de sa\u00fade. <\/p>\n<p>Com <strong>11 mil doses dispon\u00edveis<\/strong>, a\u00a0<strong>imuniza\u00e7\u00e3o<\/strong>\u00a0segue na\u00a0<strong>segunda-feira<\/strong>\u00a0(15) e pode ser agendada pelo <a href=\"https:\/\/www.ribeiraopreto.sp.gov.br\/portal\/\" target=\"_blank\" rel=\"noreferrer noopener nofollow\">site da Prefeitura de Ribeir\u00e3o Preto<\/a>.<\/p>\n<p>Para receber a vacina \u00e9 necess\u00e1rio\u00a0<strong>apresentar um documento pessoal com foto<\/strong>\u00a0e\u00a0<strong>comprovante de resid\u00eancia<\/strong>.<\/p>\n<h4 class=\"wp-block-heading\"><strong>Primeira dose aplicada em Ribeir\u00e3o Preto<\/strong><\/h4>\n<p>A <strong>primeira dose da vacina contra dengue<\/strong> ser\u00e1 <strong>aplicada<\/strong> \u00e0s 8h, na <strong>UBDS <\/strong>(Unidade B\u00e1sica Distrital de Sa\u00fade) Dr. \u00cdtalo Baruffi, no bairro <strong>Castelo Branco<\/strong>.<\/p>\n<h4 class=\"wp-block-heading\"><strong>Servi\u00e7o<\/strong>:<\/h4>\n<p><strong>Vacina\u00e7\u00e3o contra dengue 1\u00aa dose para crian\u00e7as de 10 e 11 anos<\/strong><br \/>Agendamento: a partir das 10h do dia 10 de abril pelo site da Prefeitura de Ribeir\u00e3o Preto<br \/>Vacina\u00e7\u00e3o: 12 de abril e 15 de abril<br \/>Local: 34 salas de vacinas<\/p>\n<p>SAIBA MAIS <\/p>\n<p>Falsas agentes de sa\u00fade enganam idosa e furtam R$ 750 em Ribeir\u00e3o Preto<\/p>\n<h4 class=\"wp-block-heading\"><strong>FIQUE ON<\/strong><\/h4>\n<p>Fique ligado em tudo que acontece em Ribeir\u00e3o Preto e regi\u00e3o. Siga os perfis do<strong>\u00a0acidade on\u00a0<\/strong>no\u00a0<a href=\"https:\/\/www.instagram.com\/acidadeonribeirao\" target=\"_blank\" rel=\"noreferrer noopener\">Instagram<\/a>\u00a0e no\u00a0<a href=\"https:\/\/www.facebook.com\/acidadeonribeirao\" target=\"_blank\" rel=\"noreferrer noopener\">Facebook<\/a>.<\/p>\n<p>Receba not\u00edcias do\u00a0<strong>acidade on\u00a0<\/strong>no WhatsApp.\u00a0<a href=\"https:\/\/chat.whatsapp.com\/GFH9HUMUTHNFJdnyEd0xxq\" target=\"_blank\" rel=\"noreferrer noopener\">Para entrar no grupo, basta clicar aqui.<\/a><\/p>\n<p>Fa\u00e7a uma den\u00fancia ou sugira uma reportagem sobre Ribeir\u00e3o Preto e regi\u00e3o pelo WhatsApp: 16 99117 7802.<\/p>\n<p>VEJA TAMB\u00c9M<br \/>DPVAT vai voltar? Saiba como receber o dinheiro do seguro<\/p>\n<p><!-- AI CONTENT END 1 -->\n<\/div>\n<\/div>\n<p><script async src=\"\/\/www.instagram.com\/embed.js\"><\/script><br \/>\n<br \/><br \/>\n<br \/><a href=\"https:\/\/www.acidadeon.com\/ribeiraopreto\/cotidiano\/vacinacao-contra-dengue-comeca-nesta-sexta-feira-em-ribeirao-preto-saiba-mais\/\">Source link <\/a><\/p>\n<!-- CONTENT END 1 -->\n","protected":false},"excerpt":{"rendered":"<p>A vacina\u00e7\u00e3o contra dengue para crian\u00e7as de 10 e 11 anos de idade come\u00e7a nesta sexta-feira (12) em Ribeir\u00e3o Preto, nas 34 salas de vacinas&#8230;<\/p>\n","protected":false},"author":1,"featured_media":46439,"comment_status":"open","ping_status":"open","sticky":false,"template":"","format":"standard","meta":{"advanced_seo_description":"","jetpack_seo_html_title":"","jetpack_seo_noindex":false,"jetpack_post_was_ever_published":false,"_jetpack_newsletter_access":"","_jetpack_dont_email_post_to_subs":false,"_jetpack_newsletter_tier_id":0,"_jetpack_memberships_contains_paywalled_content":false,"_jetpack_memberships_contains_paid_content":false,"footnotes":"","jetpack_publicize_message":"","jetpack_publicize_feature_enabled":true,"jetpack_social_post_already_shared":true,"jetpack_social_options":{"image_generator_settings":{"template":"highway","default_image_id":0,"font":"","enabled":false},"version":2}},"categories":[11],"tags":[],"class_list":["post-46438","post","type-post","status-publish","format-standard","has-post-thumbnail","hentry","category-noticias-de-ribeirao-preto-sp-e-regiao-ismael-colosi"],"jetpack_publicize_connections":[],"jetpack_featured_media_url":"https:\/\/i0.wp.com\/noticiasribeiraopreto.com.br\/wp-content\/uploads\/2024\/04\/Copia-de-Copia-de-TAMANHO-EXATO-PARA-FOTOS-NO-SISTEMA-NOVO-21-1.jpg?fit=1200%2C675&ssl=1","jetpack-related-posts":[{"id":46195,"url":"https:\/\/noticiasribeiraopreto.com.br\/index.php\/2024\/04\/10\/veja-como-agendar-a-vacinacao-contra-dengue-em-ribeirao-preto\/","url_meta":{"origin":46438,"position":0},"title":"Veja como agendar a vacina\u00e7\u00e3o contra dengue em Ribeir\u00e3o Preto","author":"noticiasribeiraopreto.com.br","date":"10 de April de 2024","format":false,"excerpt":"Come\u00e7ou nesta quarta-feira (10), \u00e0s 10h, o agendamento para vacina\u00e7\u00e3o contra a dengue para crian\u00e7as com idades entre 10 e 11 anos. O cadastro deve ser realizado no site da Secretaria da Sa\u00fade de Ribeir\u00e3o Preto (clique aqui). A vacina\u00e7\u00e3o acontecer\u00e1 na sexta-feira (12) e na segunda-feira (15), nas 34\u2026","rel":"","context":"In &quot;Not\u00edcias de Ribeir\u00e3o Preto-SP e Regi\u00e3o&quot;","block_context":{"text":"Not\u00edcias de Ribeir\u00e3o Preto-SP e Regi\u00e3o","link":"https:\/\/noticiasribeiraopreto.com.br\/index.php\/category\/noticias-de-ribeirao-preto-sp-e-regiao-ismael-colosi\/"},"img":{"alt_text":"","src":"https:\/\/i0.wp.com\/noticiasribeiraopreto.com.br\/wp-content\/uploads\/2024\/04\/2021_09_03_vacinacao_bonfim_18_-_foto_guilherme_sircili_24.jpg?fit=1200%2C800&ssl=1&resize=350%2C200","width":350,"height":200,"srcset":"https:\/\/i0.wp.com\/noticiasribeiraopreto.com.br\/wp-content\/uploads\/2024\/04\/2021_09_03_vacinacao_bonfim_18_-_foto_guilherme_sircili_24.jpg?fit=1200%2C800&ssl=1&resize=350%2C200 1x, https:\/\/i0.wp.com\/noticiasribeiraopreto.com.br\/wp-content\/uploads\/2024\/04\/2021_09_03_vacinacao_bonfim_18_-_foto_guilherme_sircili_24.jpg?fit=1200%2C800&ssl=1&resize=525%2C300 1.5x, https:\/\/i0.wp.com\/noticiasribeiraopreto.com.br\/wp-content\/uploads\/2024\/04\/2021_09_03_vacinacao_bonfim_18_-_foto_guilherme_sircili_24.jpg?fit=1200%2C800&ssl=1&resize=700%2C400 2x, https:\/\/i0.wp.com\/noticiasribeiraopreto.com.br\/wp-content\/uploads\/2024\/04\/2021_09_03_vacinacao_bonfim_18_-_foto_guilherme_sircili_24.jpg?fit=1200%2C800&ssl=1&resize=1050%2C600 3x"},"classes":[]},{"id":46098,"url":"https:\/\/noticiasribeiraopreto.com.br\/index.php\/2024\/04\/09\/ribeirao-preto-abre-agendamento-para-vacinacao-contra-dengue-saiba-mais\/","url_meta":{"origin":46438,"position":1},"title":"Ribeir\u00e3o Preto abre agendamento para vacina\u00e7\u00e3o contra dengue; Saiba mais","author":"noticiasribeiraopreto.com.br","date":"9 de April de 2024","format":false,"excerpt":"A Secretaria Municipal da Sa\u00fade abrir\u00e1 a partir das 10h desta quarta-feira (10) o agendamento da primeira dose da vacina contra dengue para crian\u00e7as de 10 e 11 anos. Para agendar basta acessar o site da Prefeitura de Ribeir\u00e3o Preto. A imuniza\u00e7\u00e3o acontecer\u00e1 na sexta-feira (12) e na segunda-feira (15),\u2026","rel":"","context":"In &quot;Not\u00edcias de Ribeir\u00e3o Preto-SP e Regi\u00e3o&quot;","block_context":{"text":"Not\u00edcias de Ribeir\u00e3o Preto-SP e Regi\u00e3o","link":"https:\/\/noticiasribeiraopreto.com.br\/index.php\/category\/noticias-de-ribeirao-preto-sp-e-regiao-ismael-colosi\/"},"img":{"alt_text":"","src":"https:\/\/i0.wp.com\/noticiasribeiraopreto.com.br\/wp-content\/uploads\/2024\/03\/AnyConv.com__vacina-dengue-1.webp.webp?fit=845%2C561&ssl=1&resize=350%2C200","width":350,"height":200,"srcset":"https:\/\/i0.wp.com\/noticiasribeiraopreto.com.br\/wp-content\/uploads\/2024\/03\/AnyConv.com__vacina-dengue-1.webp.webp?fit=845%2C561&ssl=1&resize=350%2C200 1x, https:\/\/i0.wp.com\/noticiasribeiraopreto.com.br\/wp-content\/uploads\/2024\/03\/AnyConv.com__vacina-dengue-1.webp.webp?fit=845%2C561&ssl=1&resize=525%2C300 1.5x, https:\/\/i0.wp.com\/noticiasribeiraopreto.com.br\/wp-content\/uploads\/2024\/03\/AnyConv.com__vacina-dengue-1.webp.webp?fit=845%2C561&ssl=1&resize=700%2C400 2x"},"classes":[]},{"id":46510,"url":"https:\/\/noticiasribeiraopreto.com.br\/index.php\/2024\/04\/12\/dengue-ainda-ha-vagas-disponiveis-para-agendamento-de-vacina-em-ribeirao\/","url_meta":{"origin":46438,"position":2},"title":"Dengue: Ainda h\u00e1 vagas dispon\u00edveis para agendamento de vacina em Ribeir\u00e3o","author":"noticiasribeiraopreto.com.br","date":"12 de April de 2024","format":false,"excerpt":"A vacina\u00e7\u00e3o contra a dengue em crian\u00e7as de 10 e 11 aos ainda tem vagas dispon\u00edveis para agendamento no site da Prefeitura de Ribeir\u00e3o Preto. Clique aqui para fazer a reserva. A aplica\u00e7\u00e3o da 1\u00aa dose do imunizante ser\u00e1 realizada pela Secretaria Municipal Sa\u00fade de Ribeir\u00e3o nesta sexta-feira (12) e\u2026","rel":"","context":"In &quot;Not\u00edcias de Ribeir\u00e3o Preto-SP e Regi\u00e3o&quot;","block_context":{"text":"Not\u00edcias de Ribeir\u00e3o Preto-SP e Regi\u00e3o","link":"https:\/\/noticiasribeiraopreto.com.br\/index.php\/category\/noticias-de-ribeirao-preto-sp-e-regiao-ismael-colosi\/"},"img":{"alt_text":"","src":"https:\/\/i0.wp.com\/noticiasribeiraopreto.com.br\/wp-content\/uploads\/2024\/03\/AnyConv.com__vacina-dengue-1.webp.webp?fit=845%2C561&ssl=1&resize=350%2C200","width":350,"height":200,"srcset":"https:\/\/i0.wp.com\/noticiasribeiraopreto.com.br\/wp-content\/uploads\/2024\/03\/AnyConv.com__vacina-dengue-1.webp.webp?fit=845%2C561&ssl=1&resize=350%2C200 1x, https:\/\/i0.wp.com\/noticiasribeiraopreto.com.br\/wp-content\/uploads\/2024\/03\/AnyConv.com__vacina-dengue-1.webp.webp?fit=845%2C561&ssl=1&resize=525%2C300 1.5x, https:\/\/i0.wp.com\/noticiasribeiraopreto.com.br\/wp-content\/uploads\/2024\/03\/AnyConv.com__vacina-dengue-1.webp.webp?fit=845%2C561&ssl=1&resize=700%2C400 2x"},"classes":[]},{"id":46232,"url":"https:\/\/noticiasribeiraopreto.com.br\/index.php\/2024\/04\/10\/moradores-reclamam-que-site-para-agendar-vacina-contra-dengue-nao-abre-em-ribeirao\/","url_meta":{"origin":46438,"position":3},"title":"Moradores reclamam que site para agendar vacina contra dengue n\u00e3o abre em Ribeir\u00e3o","author":"noticiasribeiraopreto.com.br","date":"10 de April de 2024","format":false,"excerpt":"Moradores que est\u00e3o em busca do agendamento da vacina contra a dengue para crian\u00e7as de 10 e 11 anos relatam que o site disponibilizado pela Secretaria Municipal da Sa\u00fade de Ribeir\u00e3o Preto n\u00e3o abre na manh\u00e3 desta quarta-feira (10). A Pasta anunciou nesta ter\u00e7a-feira (9) que o agendamento on-line estaria\u2026","rel":"","context":"In &quot;Not\u00edcias de Ribeir\u00e3o Preto-SP e Regi\u00e3o&quot;","block_context":{"text":"Not\u00edcias de Ribeir\u00e3o Preto-SP e Regi\u00e3o","link":"https:\/\/noticiasribeiraopreto.com.br\/index.php\/category\/noticias-de-ribeirao-preto-sp-e-regiao-ismael-colosi\/"},"img":{"alt_text":"","src":"https:\/\/i0.wp.com\/noticiasribeiraopreto.com.br\/wp-content\/uploads\/2024\/04\/1712764413_VACINA-DENGUE.jpg?fit=1200%2C812&ssl=1&resize=350%2C200","width":350,"height":200,"srcset":"https:\/\/i0.wp.com\/noticiasribeiraopreto.com.br\/wp-content\/uploads\/2024\/04\/1712764413_VACINA-DENGUE.jpg?fit=1200%2C812&ssl=1&resize=350%2C200 1x, https:\/\/i0.wp.com\/noticiasribeiraopreto.com.br\/wp-content\/uploads\/2024\/04\/1712764413_VACINA-DENGUE.jpg?fit=1200%2C812&ssl=1&resize=525%2C300 1.5x, https:\/\/i0.wp.com\/noticiasribeiraopreto.com.br\/wp-content\/uploads\/2024\/04\/1712764413_VACINA-DENGUE.jpg?fit=1200%2C812&ssl=1&resize=700%2C400 2x, https:\/\/i0.wp.com\/noticiasribeiraopreto.com.br\/wp-content\/uploads\/2024\/04\/1712764413_VACINA-DENGUE.jpg?fit=1200%2C812&ssl=1&resize=1050%2C600 3x"},"classes":[]},{"id":46214,"url":"https:\/\/noticiasribeiraopreto.com.br\/index.php\/2024\/04\/10\/mortes-por-dengue-sobem-para-seis-em-ribeirao-preto\/","url_meta":{"origin":46438,"position":4},"title":"Mortes por dengue sobem para seis em Ribeir\u00e3o Preto","author":"noticiasribeiraopreto.com.br","date":"10 de April de 2024","format":false,"excerpt":"Foi confirmado nesta quarta-feira (10) que Ribeir\u00e3o Preto tem seis mortes causadas por dengue este ano. Al\u00e9m dos \u00f3bitos, a cidade registra 12.990 casos confirmados da doen\u00e7a e 25.227 suspeitos. Segundo consta na divulga\u00e7\u00e3o, a zona Leste continua sendo a regi\u00e3o com mais casos confirmados, s\u00e3o 3.566. Em seguida, vem\u2026","rel":"","context":"In &quot;Not\u00edcias de Ribeir\u00e3o Preto-SP e Regi\u00e3o&quot;","block_context":{"text":"Not\u00edcias de Ribeir\u00e3o Preto-SP e Regi\u00e3o","link":"https:\/\/noticiasribeiraopreto.com.br\/index.php\/category\/noticias-de-ribeirao-preto-sp-e-regiao-ismael-colosi\/"},"img":{"alt_text":"","src":"https:\/\/i0.wp.com\/noticiasribeiraopreto.com.br\/wp-content\/uploads\/2024\/04\/1712760997_Copia-de-Copia-de-TAMANHO-EXATO-PARA-FOTOS-NO-SISTEMA-NOVO-13.jpg?fit=1200%2C675&ssl=1&resize=350%2C200","width":350,"height":200,"srcset":"https:\/\/i0.wp.com\/noticiasribeiraopreto.com.br\/wp-content\/uploads\/2024\/04\/1712760997_Copia-de-Copia-de-TAMANHO-EXATO-PARA-FOTOS-NO-SISTEMA-NOVO-13.jpg?fit=1200%2C675&ssl=1&resize=350%2C200 1x, https:\/\/i0.wp.com\/noticiasribeiraopreto.com.br\/wp-content\/uploads\/2024\/04\/1712760997_Copia-de-Copia-de-TAMANHO-EXATO-PARA-FOTOS-NO-SISTEMA-NOVO-13.jpg?fit=1200%2C675&ssl=1&resize=525%2C300 1.5x, https:\/\/i0.wp.com\/noticiasribeiraopreto.com.br\/wp-content\/uploads\/2024\/04\/1712760997_Copia-de-Copia-de-TAMANHO-EXATO-PARA-FOTOS-NO-SISTEMA-NOVO-13.jpg?fit=1200%2C675&ssl=1&resize=700%2C400 2x, https:\/\/i0.wp.com\/noticiasribeiraopreto.com.br\/wp-content\/uploads\/2024\/04\/1712760997_Copia-de-Copia-de-TAMANHO-EXATO-PARA-FOTOS-NO-SISTEMA-NOVO-13.jpg?fit=1200%2C675&ssl=1&resize=1050%2C600 3x"},"classes":[]},{"id":63535,"url":"https:\/\/noticiasribeiraopreto.com.br\/index.php\/2025\/02\/15\/saude-amplia-idade-para-vacinacao-contra-dengue-confira-nova-faixa-etaria\/","url_meta":{"origin":46438,"position":5},"title":"Sa\u00fade amplia idade para vacina\u00e7\u00e3o contra dengue; confira nova faixa et\u00e1ria","author":"noticiasribeiraopreto.com.br","date":"15 de February de 2025","format":false,"excerpt":"Na sexta-feira (14), o Minist\u00e9rio da Sa\u00fade anunciou uma nova medida que autoriza estados e o Distrito Federal a ampliar o p\u00fablico-alvo da vacina contra a dengue, al\u00e9m de permitir o remanejamento de doses para novos munic\u00edpios. A medida \u00e9 uma resposta \u00e0 baixa ades\u00e3o \u00e0 vacina contra a dengue.\u2026","rel":"","context":"In &quot;Not\u00edcias de Ribeir\u00e3o Preto-SP e Regi\u00e3o&quot;","block_context":{"text":"Not\u00edcias de Ribeir\u00e3o Preto-SP e Regi\u00e3o","link":"https:\/\/noticiasribeiraopreto.com.br\/index.php\/category\/noticias-de-ribeirao-preto-sp-e-regiao-ismael-colosi\/"},"img":{"alt_text":"","src":"https:\/\/i0.wp.com\/noticiasribeiraopreto.com.br\/wp-content\/uploads\/2024\/06\/Capturar_2024-06-26_21-15-26_jpg_2024-06-26_21-15-26.webp.webp?fit=825%2C477&ssl=1&resize=350%2C200","width":350,"height":200,"srcset":"https:\/\/i0.wp.com\/noticiasribeiraopreto.com.br\/wp-content\/uploads\/2024\/06\/Capturar_2024-06-26_21-15-26_jpg_2024-06-26_21-15-26.webp.webp?fit=825%2C477&ssl=1&resize=350%2C200 1x, https:\/\/i0.wp.com\/noticiasribeiraopreto.com.br\/wp-content\/uploads\/2024\/06\/Capturar_2024-06-26_21-15-26_jpg_2024-06-26_21-15-26.webp.webp?fit=825%2C477&ssl=1&resize=525%2C300 1.5x, https:\/\/i0.wp.com\/noticiasribeiraopreto.com.br\/wp-content\/uploads\/2024\/06\/Capturar_2024-06-26_21-15-26_jpg_2024-06-26_21-15-26.webp.webp?fit=825%2C477&ssl=1&resize=700%2C400 2x"},"classes":[]}],"jetpack_sharing_enabled":true,"jetpack_shortlink":"https:\/\/wp.me\/peQAOb-c50","_links":{"self":[{"href":"https:\/\/noticiasribeiraopreto.com.br\/index.php\/wp-json\/wp\/v2\/posts\/46438","targetHints":{"allow":["GET"]}}],"collection":[{"href":"https:\/\/noticiasribeiraopreto.com.br\/index.php\/wp-json\/wp\/v2\/posts"}],"about":[{"href":"https:\/\/noticiasribeiraopreto.com.br\/index.php\/wp-json\/wp\/v2\/types\/post"}],"author":[{"embeddable":true,"href":"https:\/\/noticiasribeiraopreto.com.br\/index.php\/wp-json\/wp\/v2\/users\/1"}],"replies":[{"embeddable":true,"href":"https:\/\/noticiasribeiraopreto.com.br\/index.php\/wp-json\/wp\/v2\/comments?post=46438"}],"version-history":[{"count":0,"href":"https:\/\/noticiasribeiraopreto.com.br\/index.php\/wp-json\/wp\/v2\/posts\/46438\/revisions"}],"wp:featuredmedia":[{"embeddable":true,"href":"https:\/\/noticiasribeiraopreto.com.br\/index.php\/wp-json\/wp\/v2\/media\/46439"}],"wp:attachment":[{"href":"https:\/\/noticiasribeiraopreto.com.br\/index.php\/wp-json\/wp\/v2\/media?parent=46438"}],"wp:term":[{"taxonomy":"category","embeddable":true,"href":"https:\/\/noticiasribeiraopreto.com.br\/index.php\/wp-json\/wp\/v2\/categories?post=46438"},{"taxonomy":"post_tag","embeddable":true,"href":"https:\/\/noticiasribeiraopreto.com.br\/index.php\/wp-json\/wp\/v2\/tags?post=46438"}],"curies":[{"name":"wp","href":"https:\/\/api.w.org\/{rel}","templated":true}]}}