{"id":46474,"date":"2024-04-11T21:08:04","date_gmt":"2024-04-12T00:08:04","guid":{"rendered":"https:\/\/noticiasribeiraopreto.com.br\/index.php\/2024\/04\/11\/celebridades-marcam-presenca-em-desfile-de-oculos-em-sao-paulo\/"},"modified":"2024-04-11T21:08:04","modified_gmt":"2024-04-12T00:08:04","slug":"celebridades-marcam-presenca-em-desfile-de-oculos-em-sao-paulo","status":"publish","type":"post","link":"https:\/\/noticiasribeiraopreto.com.br\/index.php\/2024\/04\/11\/celebridades-marcam-presenca-em-desfile-de-oculos-em-sao-paulo\/","title":{"rendered":"Celebridades marcam presen\u00e7a em desfile de \u00f3culos em S\u00e3o Paulo"},"content":{"rendered":"<div class='code-block code-block-1' style='margin: 8px 0 8px auto; text-align: right; display: block; clear: both;'>\n<p><a href=\"https:\/\/wa.link\/vpicfd\"><img data-recalc-dims=\"1\" class=\"wp-image-4922\" style=\"aspect-ratio: 2.0253164556962027; width: 561px; height: auto;\" src=\"https:\/\/i0.wp.com\/ismaelcolosi.com.br\/wp-content\/uploads\/2023\/11\/grupo-de-empregos-whatsapp-e-facebook-ismael-colosi-vagas.jpg?ssl=1\" alt=\"\" \/><\/a><\/p>\n<!-- \/wp:image -->\n<\/div>\n<p> <br \/>\n<\/p>\n<div>\n<h3 class=\"fn__maintitle\"><span>Celebridades marcam presen\u00e7a em desfile de \u00f3culos em S\u00e3o Paulo<\/span><\/h3>\n<\/div>\n<div>\n<p><strong><i>Na capital paulista, nomes como Ana Hickmann, Edu Guedes, Karina Bacci e Costanza Pascolato prestigiaram o desfile da GO Eyewear<\/i><\/strong><\/p>\n<p>Nesta quarta-feira (10), aconteceu o desfile da Fashion Eyes Week em S\u00e3o Paulo. O evento apresentou os novos modelos e as principais tend\u00eancias em \u00f3culos para este ano. Nomes como Ana Hickmann, Edu Guedes, Karina Bacci, Costanza Pascolato, Felipe Foguinho, Isabel Hickmann, Wagner Santisteban, Vi Kakinho e Leandro D\u2019Lucca marcaram presen\u00e7a no evento, que aconteceu no Pal\u00e1cio dos Cedros.<br \/><strong>Sobre GO Eyewear<\/strong><\/p>\n<p>A GO Eyewear est\u00e1 presente no mercado brasileiro h\u00e1 mais de 19 anos, criando, produzindo e distribuindo \u00f3culos que s\u00e3o sin\u00f4nimo de design, tecnologia e qualidade. A cada cole\u00e7\u00e3o, as marcas apresentam novos conceitos e ideias que permitem uma abrang\u00eancia de diversos perfis e necessidades, seguindo as tend\u00eancias e inova\u00e7\u00f5es a cada lan\u00e7amento.<\/p>\n<p>\u00a0<\/p>\n<p><\/p>\n<p><img data-recalc-dims=\"1\" loading=\"lazy\" decoding=\"async\" class=\"alignnone size-full wp-image-2024\" src=\"https:\/\/i0.wp.com\/popito.com.br\/wp-content\/uploads\/2024\/04\/Leandro-DLucca_Creditos_Ale-Virgilio.jpg?resize=1200%2C1802&#038;ssl=1\" alt=\"\" width=\"1200\" height=\"1802\" srcset=\"https:\/\/popito.com.br\/wp-content\/uploads\/2024\/04\/Leandro-DLucca_Creditos_Ale-Virgilio.jpg 1200w, https:\/\/popito.com.br\/wp-content\/uploads\/2024\/04\/Leandro-DLucca_Creditos_Ale-Virgilio-200x300.jpg 200w, https:\/\/popito.com.br\/wp-content\/uploads\/2024\/04\/Leandro-DLucca_Creditos_Ale-Virgilio-682x1024.jpg 682w, https:\/\/popito.com.br\/wp-content\/uploads\/2024\/04\/Leandro-DLucca_Creditos_Ale-Virgilio-768x1153.jpg 768w, https:\/\/popito.com.br\/wp-content\/uploads\/2024\/04\/Leandro-DLucca_Creditos_Ale-Virgilio-1023x1536.jpg 1023w, https:\/\/popito.com.br\/wp-content\/uploads\/2024\/04\/Leandro-DLucca_Creditos_Ale-Virgilio-600x901.jpg 600w\" sizes=\"auto, (max-width: 1200px) 100vw, 1200px\"\/><\/p>\n<p><img data-recalc-dims=\"1\" loading=\"lazy\" decoding=\"async\" class=\"alignnone size-full wp-image-2023\" src=\"https:\/\/i0.wp.com\/popito.com.br\/wp-content\/uploads\/2024\/04\/Karina-Bacchi_Creditos_Ale-Virgilio.jpg?resize=1200%2C1802&#038;ssl=1\" alt=\"\" width=\"1200\" height=\"1802\" srcset=\"https:\/\/popito.com.br\/wp-content\/uploads\/2024\/04\/Karina-Bacchi_Creditos_Ale-Virgilio.jpg 1200w, https:\/\/popito.com.br\/wp-content\/uploads\/2024\/04\/Karina-Bacchi_Creditos_Ale-Virgilio-200x300.jpg 200w, https:\/\/popito.com.br\/wp-content\/uploads\/2024\/04\/Karina-Bacchi_Creditos_Ale-Virgilio-682x1024.jpg 682w, https:\/\/popito.com.br\/wp-content\/uploads\/2024\/04\/Karina-Bacchi_Creditos_Ale-Virgilio-768x1153.jpg 768w, https:\/\/popito.com.br\/wp-content\/uploads\/2024\/04\/Karina-Bacchi_Creditos_Ale-Virgilio-1023x1536.jpg 1023w, https:\/\/popito.com.br\/wp-content\/uploads\/2024\/04\/Karina-Bacchi_Creditos_Ale-Virgilio-600x901.jpg 600w\" sizes=\"auto, (max-width: 1200px) 100vw, 1200px\"\/><\/p>\n<p><img data-recalc-dims=\"1\" loading=\"lazy\" decoding=\"async\" class=\"alignnone size-full wp-image-2022\" src=\"https:\/\/i0.wp.com\/popito.com.br\/wp-content\/uploads\/2024\/04\/Isabel-Hickmann_Creditos_Ale-Virgilio.jpg?resize=1200%2C1802&#038;ssl=1\" alt=\"\" width=\"1200\" height=\"1802\" srcset=\"https:\/\/popito.com.br\/wp-content\/uploads\/2024\/04\/Isabel-Hickmann_Creditos_Ale-Virgilio.jpg 1200w, https:\/\/popito.com.br\/wp-content\/uploads\/2024\/04\/Isabel-Hickmann_Creditos_Ale-Virgilio-200x300.jpg 200w, https:\/\/popito.com.br\/wp-content\/uploads\/2024\/04\/Isabel-Hickmann_Creditos_Ale-Virgilio-682x1024.jpg 682w, https:\/\/popito.com.br\/wp-content\/uploads\/2024\/04\/Isabel-Hickmann_Creditos_Ale-Virgilio-768x1153.jpg 768w, https:\/\/popito.com.br\/wp-content\/uploads\/2024\/04\/Isabel-Hickmann_Creditos_Ale-Virgilio-1023x1536.jpg 1023w, https:\/\/popito.com.br\/wp-content\/uploads\/2024\/04\/Isabel-Hickmann_Creditos_Ale-Virgilio-600x901.jpg 600w\" sizes=\"auto, (max-width: 1200px) 100vw, 1200px\"\/><\/p>\n<p><img data-recalc-dims=\"1\" loading=\"lazy\" decoding=\"async\" class=\"alignnone size-full wp-image-2021\" src=\"https:\/\/i0.wp.com\/popito.com.br\/wp-content\/uploads\/2024\/04\/Ana-Hickmann-2_Creditos_Ale-Virgilio.jpg?resize=1200%2C1802&#038;ssl=1\" alt=\"\" width=\"1200\" height=\"1802\" srcset=\"https:\/\/popito.com.br\/wp-content\/uploads\/2024\/04\/Ana-Hickmann-2_Creditos_Ale-Virgilio.jpg 1200w, https:\/\/popito.com.br\/wp-content\/uploads\/2024\/04\/Ana-Hickmann-2_Creditos_Ale-Virgilio-200x300.jpg 200w, https:\/\/popito.com.br\/wp-content\/uploads\/2024\/04\/Ana-Hickmann-2_Creditos_Ale-Virgilio-682x1024.jpg 682w, https:\/\/popito.com.br\/wp-content\/uploads\/2024\/04\/Ana-Hickmann-2_Creditos_Ale-Virgilio-768x1153.jpg 768w, https:\/\/popito.com.br\/wp-content\/uploads\/2024\/04\/Ana-Hickmann-2_Creditos_Ale-Virgilio-1023x1536.jpg 1023w, https:\/\/popito.com.br\/wp-content\/uploads\/2024\/04\/Ana-Hickmann-2_Creditos_Ale-Virgilio-600x901.jpg 600w\" sizes=\"auto, (max-width: 1200px) 100vw, 1200px\"\/><\/p>\n<p><img data-recalc-dims=\"1\" loading=\"lazy\" decoding=\"async\" class=\"alignnone size-full wp-image-2020\" src=\"https:\/\/i0.wp.com\/popito.com.br\/wp-content\/uploads\/2024\/04\/Felipe-Foguinho_Creditos_Ale-Virgilio.jpg?resize=1200%2C1802&#038;ssl=1\" alt=\"\" width=\"1200\" height=\"1802\" srcset=\"https:\/\/popito.com.br\/wp-content\/uploads\/2024\/04\/Felipe-Foguinho_Creditos_Ale-Virgilio.jpg 1200w, https:\/\/popito.com.br\/wp-content\/uploads\/2024\/04\/Felipe-Foguinho_Creditos_Ale-Virgilio-200x300.jpg 200w, https:\/\/popito.com.br\/wp-content\/uploads\/2024\/04\/Felipe-Foguinho_Creditos_Ale-Virgilio-682x1024.jpg 682w, https:\/\/popito.com.br\/wp-content\/uploads\/2024\/04\/Felipe-Foguinho_Creditos_Ale-Virgilio-768x1153.jpg 768w, https:\/\/popito.com.br\/wp-content\/uploads\/2024\/04\/Felipe-Foguinho_Creditos_Ale-Virgilio-1023x1536.jpg 1023w, https:\/\/popito.com.br\/wp-content\/uploads\/2024\/04\/Felipe-Foguinho_Creditos_Ale-Virgilio-600x901.jpg 600w\" sizes=\"auto, (max-width: 1200px) 100vw, 1200px\"\/><\/p>\n<p><img data-recalc-dims=\"1\" loading=\"lazy\" decoding=\"async\" class=\"alignnone size-full wp-image-2019\" src=\"https:\/\/i0.wp.com\/popito.com.br\/wp-content\/uploads\/2024\/04\/Edu-Guedes_Creditos_Ale-Virgilio.jpg?resize=1200%2C1802&#038;ssl=1\" alt=\"\" width=\"1200\" height=\"1802\" srcset=\"https:\/\/popito.com.br\/wp-content\/uploads\/2024\/04\/Edu-Guedes_Creditos_Ale-Virgilio.jpg 1200w, https:\/\/popito.com.br\/wp-content\/uploads\/2024\/04\/Edu-Guedes_Creditos_Ale-Virgilio-200x300.jpg 200w, https:\/\/popito.com.br\/wp-content\/uploads\/2024\/04\/Edu-Guedes_Creditos_Ale-Virgilio-682x1024.jpg 682w, https:\/\/popito.com.br\/wp-content\/uploads\/2024\/04\/Edu-Guedes_Creditos_Ale-Virgilio-768x1153.jpg 768w, https:\/\/popito.com.br\/wp-content\/uploads\/2024\/04\/Edu-Guedes_Creditos_Ale-Virgilio-1023x1536.jpg 1023w, https:\/\/popito.com.br\/wp-content\/uploads\/2024\/04\/Edu-Guedes_Creditos_Ale-Virgilio-600x901.jpg 600w\" sizes=\"auto, (max-width: 1200px) 100vw, 1200px\"\/><\/p>\n<p><img data-recalc-dims=\"1\" loading=\"lazy\" decoding=\"async\" class=\"alignnone size-full wp-image-2018\" src=\"https:\/\/i0.wp.com\/popito.com.br\/wp-content\/uploads\/2024\/04\/Edu-Guedes-e-Ana-Hickmann_Creditos_Ale-Virgilio.jpg?resize=1200%2C799&#038;ssl=1\" alt=\"\" width=\"1200\" height=\"799\" srcset=\"https:\/\/popito.com.br\/wp-content\/uploads\/2024\/04\/Edu-Guedes-e-Ana-Hickmann_Creditos_Ale-Virgilio.jpg 1200w, https:\/\/popito.com.br\/wp-content\/uploads\/2024\/04\/Edu-Guedes-e-Ana-Hickmann_Creditos_Ale-Virgilio-300x200.jpg 300w, https:\/\/popito.com.br\/wp-content\/uploads\/2024\/04\/Edu-Guedes-e-Ana-Hickmann_Creditos_Ale-Virgilio-1024x682.jpg 1024w, https:\/\/popito.com.br\/wp-content\/uploads\/2024\/04\/Edu-Guedes-e-Ana-Hickmann_Creditos_Ale-Virgilio-768x511.jpg 768w, https:\/\/popito.com.br\/wp-content\/uploads\/2024\/04\/Edu-Guedes-e-Ana-Hickmann_Creditos_Ale-Virgilio-600x400.jpg 600w\" sizes=\"auto, (max-width: 1200px) 100vw, 1200px\"\/><\/p>\n<p><img data-recalc-dims=\"1\" loading=\"lazy\" decoding=\"async\" class=\"alignnone size-full wp-image-2017\" src=\"https:\/\/i0.wp.com\/popito.com.br\/wp-content\/uploads\/2024\/04\/Costanza-Pascolato_Creditos_Ale-Virgilio.jpg?resize=1200%2C799&#038;ssl=1\" alt=\"\" width=\"1200\" height=\"799\" srcset=\"https:\/\/popito.com.br\/wp-content\/uploads\/2024\/04\/Costanza-Pascolato_Creditos_Ale-Virgilio.jpg 1200w, https:\/\/popito.com.br\/wp-content\/uploads\/2024\/04\/Costanza-Pascolato_Creditos_Ale-Virgilio-300x200.jpg 300w, https:\/\/popito.com.br\/wp-content\/uploads\/2024\/04\/Costanza-Pascolato_Creditos_Ale-Virgilio-1024x682.jpg 1024w, https:\/\/popito.com.br\/wp-content\/uploads\/2024\/04\/Costanza-Pascolato_Creditos_Ale-Virgilio-768x511.jpg 768w, https:\/\/popito.com.br\/wp-content\/uploads\/2024\/04\/Costanza-Pascolato_Creditos_Ale-Virgilio-600x400.jpg 600w\" sizes=\"auto, (max-width: 1200px) 100vw, 1200px\"\/><\/p>\n<p><img data-recalc-dims=\"1\" loading=\"lazy\" decoding=\"async\" class=\"alignnone size-full wp-image-2016\" src=\"https:\/\/i0.wp.com\/popito.com.br\/wp-content\/uploads\/2024\/04\/Costanza-Pascolato-1_Creditos_Ale-Virgilio.jpg?resize=1200%2C799&#038;ssl=1\" alt=\"\" width=\"1200\" height=\"799\" srcset=\"https:\/\/popito.com.br\/wp-content\/uploads\/2024\/04\/Costanza-Pascolato-1_Creditos_Ale-Virgilio.jpg 1200w, https:\/\/popito.com.br\/wp-content\/uploads\/2024\/04\/Costanza-Pascolato-1_Creditos_Ale-Virgilio-300x200.jpg 300w, https:\/\/popito.com.br\/wp-content\/uploads\/2024\/04\/Costanza-Pascolato-1_Creditos_Ale-Virgilio-1024x682.jpg 1024w, https:\/\/popito.com.br\/wp-content\/uploads\/2024\/04\/Costanza-Pascolato-1_Creditos_Ale-Virgilio-768x511.jpg 768w, https:\/\/popito.com.br\/wp-content\/uploads\/2024\/04\/Costanza-Pascolato-1_Creditos_Ale-Virgilio-600x400.jpg 600w\" sizes=\"auto, (max-width: 1200px) 100vw, 1200px\"\/><\/p>\n<p><img data-recalc-dims=\"1\" loading=\"lazy\" decoding=\"async\" class=\"alignnone size-full wp-image-2015\" src=\"https:\/\/i0.wp.com\/popito.com.br\/wp-content\/uploads\/2024\/04\/Ana-Hickmann_Creditos_Ale-Virgilio.jpg?resize=1200%2C1796&#038;ssl=1\" alt=\"\" width=\"1200\" height=\"1796\" srcset=\"https:\/\/popito.com.br\/wp-content\/uploads\/2024\/04\/Ana-Hickmann_Creditos_Ale-Virgilio.jpg 1200w, https:\/\/popito.com.br\/wp-content\/uploads\/2024\/04\/Ana-Hickmann_Creditos_Ale-Virgilio-200x300.jpg 200w, https:\/\/popito.com.br\/wp-content\/uploads\/2024\/04\/Ana-Hickmann_Creditos_Ale-Virgilio-684x1024.jpg 684w, https:\/\/popito.com.br\/wp-content\/uploads\/2024\/04\/Ana-Hickmann_Creditos_Ale-Virgilio-768x1149.jpg 768w, https:\/\/popito.com.br\/wp-content\/uploads\/2024\/04\/Ana-Hickmann_Creditos_Ale-Virgilio-1026x1536.jpg 1026w, https:\/\/popito.com.br\/wp-content\/uploads\/2024\/04\/Ana-Hickmann_Creditos_Ale-Virgilio-600x898.jpg 600w\" sizes=\"auto, (max-width: 1200px) 100vw, 1200px\"\/><\/p>\n<p><img data-recalc-dims=\"1\" loading=\"lazy\" decoding=\"async\" class=\"alignnone size-full wp-image-2014\" src=\"https:\/\/i0.wp.com\/popito.com.br\/wp-content\/uploads\/2024\/04\/Ana-Hickmann-e-Isabel-Hickmann_Creditos_Ale-Virgilio.jpg?resize=1200%2C1802&#038;ssl=1\" alt=\"\" width=\"1200\" height=\"1802\" srcset=\"https:\/\/popito.com.br\/wp-content\/uploads\/2024\/04\/Ana-Hickmann-e-Isabel-Hickmann_Creditos_Ale-Virgilio.jpg 1200w, https:\/\/popito.com.br\/wp-content\/uploads\/2024\/04\/Ana-Hickmann-e-Isabel-Hickmann_Creditos_Ale-Virgilio-200x300.jpg 200w, https:\/\/popito.com.br\/wp-content\/uploads\/2024\/04\/Ana-Hickmann-e-Isabel-Hickmann_Creditos_Ale-Virgilio-682x1024.jpg 682w, https:\/\/popito.com.br\/wp-content\/uploads\/2024\/04\/Ana-Hickmann-e-Isabel-Hickmann_Creditos_Ale-Virgilio-768x1153.jpg 768w, https:\/\/popito.com.br\/wp-content\/uploads\/2024\/04\/Ana-Hickmann-e-Isabel-Hickmann_Creditos_Ale-Virgilio-1023x1536.jpg 1023w, https:\/\/popito.com.br\/wp-content\/uploads\/2024\/04\/Ana-Hickmann-e-Isabel-Hickmann_Creditos_Ale-Virgilio-600x901.jpg 600w\" sizes=\"auto, (max-width: 1200px) 100vw, 1200px\"\/><\/p>\n<p><img data-recalc-dims=\"1\" loading=\"lazy\" decoding=\"async\" class=\"alignnone size-full wp-image-2013\" src=\"https:\/\/i0.wp.com\/popito.com.br\/wp-content\/uploads\/2024\/04\/Ana-Hickmann-e-Edu-Guedes_Creditos_Ale-Virgilio.jpg?resize=1200%2C799&#038;ssl=1\" alt=\"\" width=\"1200\" height=\"799\" srcset=\"https:\/\/popito.com.br\/wp-content\/uploads\/2024\/04\/Ana-Hickmann-e-Edu-Guedes_Creditos_Ale-Virgilio.jpg 1200w, https:\/\/popito.com.br\/wp-content\/uploads\/2024\/04\/Ana-Hickmann-e-Edu-Guedes_Creditos_Ale-Virgilio-300x200.jpg 300w, https:\/\/popito.com.br\/wp-content\/uploads\/2024\/04\/Ana-Hickmann-e-Edu-Guedes_Creditos_Ale-Virgilio-1024x682.jpg 1024w, https:\/\/popito.com.br\/wp-content\/uploads\/2024\/04\/Ana-Hickmann-e-Edu-Guedes_Creditos_Ale-Virgilio-768x511.jpg 768w, https:\/\/popito.com.br\/wp-content\/uploads\/2024\/04\/Ana-Hickmann-e-Edu-Guedes_Creditos_Ale-Virgilio-600x400.jpg 600w\" sizes=\"auto, (max-width: 1200px) 100vw, 1200px\"\/><\/p>\n<p><img data-recalc-dims=\"1\" loading=\"lazy\" decoding=\"async\" class=\"alignnone size-full wp-image-2012\" src=\"https:\/\/i0.wp.com\/popito.com.br\/wp-content\/uploads\/2024\/04\/Wagner-Santisteban_Creditos_Ale-Virgilio.jpg?resize=1200%2C799&#038;ssl=1\" alt=\"\" width=\"1200\" height=\"799\" srcset=\"https:\/\/popito.com.br\/wp-content\/uploads\/2024\/04\/Wagner-Santisteban_Creditos_Ale-Virgilio.jpg 1200w, https:\/\/popito.com.br\/wp-content\/uploads\/2024\/04\/Wagner-Santisteban_Creditos_Ale-Virgilio-300x200.jpg 300w, https:\/\/popito.com.br\/wp-content\/uploads\/2024\/04\/Wagner-Santisteban_Creditos_Ale-Virgilio-1024x682.jpg 1024w, https:\/\/popito.com.br\/wp-content\/uploads\/2024\/04\/Wagner-Santisteban_Creditos_Ale-Virgilio-768x511.jpg 768w, https:\/\/popito.com.br\/wp-content\/uploads\/2024\/04\/Wagner-Santisteban_Creditos_Ale-Virgilio-600x400.jpg 600w\" sizes=\"auto, (max-width: 1200px) 100vw, 1200px\"\/><\/p>\n<p>\u00a0<\/p>\n<div class=\"popito_fn_votewrap\">\n<h3 class=\"vote_title\">Como voc\u00ea vota? <\/h3>\n<div class=\"popito_fn_votes \" data-id=\"2010\">\n<p>0 People voted this article. 0 Upvotes &#8211; 0 Downvotes.<\/p>\n<\/div>\n<\/div>\n<\/div>\n<p><br \/>\n<br \/><a href=\"https:\/\/popito.com.br\/celebridades-marcam-presenca-em-desfile-de-oculos-em-sao-paulo\/\">Source link <\/a><\/p>\n<!-- CONTENT END 1 -->\n","protected":false},"excerpt":{"rendered":"<p>Celebridades marcam presen\u00e7a em desfile de \u00f3culos em S\u00e3o Paulo Na capital paulista, nomes como Ana Hickmann, Edu Guedes, Karina Bacci e Costanza Pascolato prestigiaram&#8230;<\/p>\n","protected":false},"author":1,"featured_media":46475,"comment_status":"open","ping_status":"open","sticky":false,"template":"","format":"standard","meta":{"advanced_seo_description":"","jetpack_seo_html_title":"","jetpack_seo_noindex":false,"jetpack_post_was_ever_published":false,"_jetpack_newsletter_access":"","_jetpack_dont_email_post_to_subs":false,"_jetpack_newsletter_tier_id":0,"_jetpack_memberships_contains_paywalled_content":false,"_jetpack_memberships_contains_paid_content":false,"footnotes":"","jetpack_publicize_message":"","jetpack_publicize_feature_enabled":true,"jetpack_social_post_already_shared":true,"jetpack_social_options":{"image_generator_settings":{"template":"highway","default_image_id":0,"font":"","enabled":false},"version":2}},"categories":[11],"tags":[5564,3429,5565,5566,161,3051,50],"class_list":["post-46474","post","type-post","status-publish","format-standard","has-post-thumbnail","hentry","category-noticias-de-ribeirao-preto-sp-e-regiao-ismael-colosi","tag-celebridades","tag-desfile","tag-marcam","tag-oculos","tag-paulo","tag-presenca","tag-sao"],"jetpack_publicize_connections":[],"jetpack_featured_media_url":"https:\/\/i0.wp.com\/noticiasribeiraopreto.com.br\/wp-content\/uploads\/2024\/04\/Edu-Guedes-e-Ana-Hickmann_Creditos_Ale-Virgilio.jpg?fit=1200%2C799&ssl=1","jetpack-related-posts":[{"id":28734,"url":"https:\/\/noticiasribeiraopreto.com.br\/index.php\/2024\/01\/16\/edu-guedes-finalmente-rompe-o-silencio-e-conta-a-verdade-sobre-os-rumores-de-seu-relacionamento-com-ana-hickmann\/","url_meta":{"origin":46474,"position":0},"title":"Edu Guedes finalmente rompe o sil\u00eancio e conta a verdade sobre os rumores de seu relacionamento com Ana Hickmann","author":"noticiasribeiraopreto.com.br","date":"16 de January de 2024","format":false,"excerpt":"O mundo das celebridades brasileiras foi recentemente abalado por rumores de um novo casal: Edu Guedes e Ana Hickmann. A hist\u00f3ria surgiu ap\u00f3s declara\u00e7\u00e3o do colunista Ricardo Feltrin.No entanto, o famoso chef de cozinha, Edu Guedes, de 49 anos, veio a p\u00fablico para esclarecer a verdadeira natureza de sua rela\u00e7\u00e3o\u2026","rel":"","context":"In &quot;Blog&quot;","block_context":{"text":"Blog","link":"https:\/\/noticiasribeiraopreto.com.br\/index.php\/category\/blog\/"},"img":{"alt_text":"","src":"https:\/\/i0.wp.com\/noticiasribeiraopreto.com.br\/wp-content\/uploads\/2024\/01\/postimg-65a6b632c7f057828.jpg?fit=1200%2C628&ssl=1&resize=350%2C200","width":350,"height":200,"srcset":"https:\/\/i0.wp.com\/noticiasribeiraopreto.com.br\/wp-content\/uploads\/2024\/01\/postimg-65a6b632c7f057828.jpg?fit=1200%2C628&ssl=1&resize=350%2C200 1x, https:\/\/i0.wp.com\/noticiasribeiraopreto.com.br\/wp-content\/uploads\/2024\/01\/postimg-65a6b632c7f057828.jpg?fit=1200%2C628&ssl=1&resize=525%2C300 1.5x, https:\/\/i0.wp.com\/noticiasribeiraopreto.com.br\/wp-content\/uploads\/2024\/01\/postimg-65a6b632c7f057828.jpg?fit=1200%2C628&ssl=1&resize=700%2C400 2x, https:\/\/i0.wp.com\/noticiasribeiraopreto.com.br\/wp-content\/uploads\/2024\/01\/postimg-65a6b632c7f057828.jpg?fit=1200%2C628&ssl=1&resize=1050%2C600 3x"},"classes":[]},{"id":2383,"url":"https:\/\/noticiasribeiraopreto.com.br\/index.php\/2023\/11\/15\/marido-de-ana-hickmann-baixa-a-guarda-e-se-declara-em-entrevista\/","url_meta":{"origin":46474,"position":1},"title":"marido de Ana Hickmann baixa a guarda e se declara em entrevista","author":"noticiasribeiraopreto.com.br","date":"15 de November de 2023","format":false,"excerpt":"A briga da apresentadora Ana Hickmann com o marido, Alexandre Corr\u00eaa, continua entre os assuntos mais comentados das redes sociais. O casal teve um desentendimento s\u00e9rio no \u00faltimo final de semana e a pol\u00edcia foi chamada para atender \u00e0 ocorr\u00eancia na casa do casal, situada em Itu, no interior de\u2026","rel":"","context":"In &quot;Blog&quot;","block_context":{"text":"Blog","link":"https:\/\/noticiasribeiraopreto.com.br\/index.php\/category\/blog\/"},"img":{"alt_text":"","src":"https:\/\/i0.wp.com\/noticiasribeiraopreto.com.br\/wp-content\/uploads\/2023\/11\/postimg-6553f116699d12049.jpg?fit=1200%2C628&ssl=1&resize=350%2C200","width":350,"height":200,"srcset":"https:\/\/i0.wp.com\/noticiasribeiraopreto.com.br\/wp-content\/uploads\/2023\/11\/postimg-6553f116699d12049.jpg?fit=1200%2C628&ssl=1&resize=350%2C200 1x, https:\/\/i0.wp.com\/noticiasribeiraopreto.com.br\/wp-content\/uploads\/2023\/11\/postimg-6553f116699d12049.jpg?fit=1200%2C628&ssl=1&resize=525%2C300 1.5x, https:\/\/i0.wp.com\/noticiasribeiraopreto.com.br\/wp-content\/uploads\/2023\/11\/postimg-6553f116699d12049.jpg?fit=1200%2C628&ssl=1&resize=700%2C400 2x, https:\/\/i0.wp.com\/noticiasribeiraopreto.com.br\/wp-content\/uploads\/2023\/11\/postimg-6553f116699d12049.jpg?fit=1200%2C628&ssl=1&resize=1050%2C600 3x"},"classes":[]},{"id":64064,"url":"https:\/\/noticiasribeiraopreto.com.br\/index.php\/2025\/02\/28\/carnaval-2025-veja-como-assistir-os-desfiles-das-escolas-de-samba-de-sao-paulo\/","url_meta":{"origin":46474,"position":2},"title":"Carnaval 2025: Veja como assistir os desfiles das escolas de samba de S\u00e3o Paulo","author":"noticiasribeiraopreto.com.br","date":"28 de February de 2025","format":false,"excerpt":"O Carnaval de S\u00e3o Paulo come\u00e7a nesta sexta-feira (28), com os desfiles das escolas de samba do Grupo Especial, no Samb\u00f3dromo do Anhembi. Quem for assistir o espet\u00e1culo de casa, a transmiss\u00e3o acontece pela EPTV\/ TV Globo e pelo Globoplay, e come\u00e7a \u00e0s 22h55, logo ap\u00f3s o BBB 25. No\u2026","rel":"","context":"In &quot;Not\u00edcias de Ribeir\u00e3o Preto-SP e Regi\u00e3o&quot;","block_context":{"text":"Not\u00edcias de Ribeir\u00e3o Preto-SP e Regi\u00e3o","link":"https:\/\/noticiasribeiraopreto.com.br\/index.php\/category\/noticias-de-ribeirao-preto-sp-e-regiao-ismael-colosi\/"},"img":{"alt_text":"","src":"https:\/\/i0.wp.com\/noticiasribeiraopreto.com.br\/wp-content\/uploads\/2025\/02\/mocidade_alegre_08_2025-02-28_16-21-18_jpg_2025-02-28_16-21-20-scaled.webp.webp?fit=1200%2C800&ssl=1&resize=350%2C200","width":350,"height":200,"srcset":"https:\/\/i0.wp.com\/noticiasribeiraopreto.com.br\/wp-content\/uploads\/2025\/02\/mocidade_alegre_08_2025-02-28_16-21-18_jpg_2025-02-28_16-21-20-scaled.webp.webp?fit=1200%2C800&ssl=1&resize=350%2C200 1x, https:\/\/i0.wp.com\/noticiasribeiraopreto.com.br\/wp-content\/uploads\/2025\/02\/mocidade_alegre_08_2025-02-28_16-21-18_jpg_2025-02-28_16-21-20-scaled.webp.webp?fit=1200%2C800&ssl=1&resize=525%2C300 1.5x, https:\/\/i0.wp.com\/noticiasribeiraopreto.com.br\/wp-content\/uploads\/2025\/02\/mocidade_alegre_08_2025-02-28_16-21-18_jpg_2025-02-28_16-21-20-scaled.webp.webp?fit=1200%2C800&ssl=1&resize=700%2C400 2x, https:\/\/i0.wp.com\/noticiasribeiraopreto.com.br\/wp-content\/uploads\/2025\/02\/mocidade_alegre_08_2025-02-28_16-21-18_jpg_2025-02-28_16-21-20-scaled.webp.webp?fit=1200%2C800&ssl=1&resize=1050%2C600 3x"},"classes":[]},{"id":37905,"url":"https:\/\/noticiasribeiraopreto.com.br\/index.php\/2024\/02\/19\/ana-hickmann-se-cansa-e-decide-falar-a-verdade-sobre-seu-relacionamento-amoroso-com-edu-guedes-eu-estouver-mais\/","url_meta":{"origin":46474,"position":3},"title":"Ana Hickmann SE CANSA e decide falar a verdade sobre seu RELACIONAMENTO AMOROSO com Edu Guedes: \u201cEu estou\u2026Ver mais","author":"noticiasribeiraopreto.com.br","date":"19 de February de 2024","format":false,"excerpt":"Uma not\u00edcia bomb\u00e1stica sobre a apresentadora Ana Hickmann foi divulgada nesta Segunda-Feira (15) e a artista veio a se pronunciar sobre os rumores de um novo relacionamento. Depois de sair de um casamento conturbado com o seu ex Alexandre Correa, o jornalista Ricardo Feltrin soltou uma exclusiva e revelou que\u2026","rel":"","context":"In &quot;Variedades&quot;","block_context":{"text":"Variedades","link":"https:\/\/noticiasribeiraopreto.com.br\/index.php\/category\/variedades\/"},"img":{"alt_text":"","src":"https:\/\/i0.wp.com\/noticiasribeiraopreto.com.br\/wp-content\/uploads\/2024\/02\/Apresentacao-sem-titulo-1.png?fit=960%2C540&ssl=1&resize=350%2C200","width":350,"height":200,"srcset":"https:\/\/i0.wp.com\/noticiasribeiraopreto.com.br\/wp-content\/uploads\/2024\/02\/Apresentacao-sem-titulo-1.png?fit=960%2C540&ssl=1&resize=350%2C200 1x, https:\/\/i0.wp.com\/noticiasribeiraopreto.com.br\/wp-content\/uploads\/2024\/02\/Apresentacao-sem-titulo-1.png?fit=960%2C540&ssl=1&resize=525%2C300 1.5x, https:\/\/i0.wp.com\/noticiasribeiraopreto.com.br\/wp-content\/uploads\/2024\/02\/Apresentacao-sem-titulo-1.png?fit=960%2C540&ssl=1&resize=700%2C400 2x"},"classes":[]},{"id":1571,"url":"https:\/\/noticiasribeiraopreto.com.br\/index.php\/2023\/11\/13\/ana-hickmann-o-que-se-sabe-sobre-a-denuncia-contra-o-marido\/","url_meta":{"origin":46474,"position":4},"title":"Ana Hickmann: o que se sabe sobre a den\u00fancia contra o marido","author":"noticiasribeiraopreto.com.br","date":"13 de November de 2023","format":false,"excerpt":"A apresentadora e ex-modelo Ana Hickmann registrou um boletim de ocorr\u00eancia por viol\u00eancia dom\u00e9stica e les\u00e3o corporal contra o marido, o empres\u00e1rio Alexandre Correa, no \u00faltimo s\u00e1bado, 11. Em nota divulgada neste domingo, 12, Ana afirmou que teve um \u201cdesentendimento\u201d com o parceiro. Em outra nota, Correa negou a agress\u00e3o.Em\u2026","rel":"","context":"In &quot;Not\u00edcias de Ribeir\u00e3o Preto-SP e Regi\u00e3o&quot;","block_context":{"text":"Not\u00edcias de Ribeir\u00e3o Preto-SP e Regi\u00e3o","link":"https:\/\/noticiasribeiraopreto.com.br\/index.php\/category\/noticias-de-ribeirao-preto-sp-e-regiao-ismael-colosi\/"},"img":{"alt_text":"","src":"https:\/\/i0.wp.com\/noticiasribeiraopreto.com.br\/wp-content\/uploads\/2023\/11\/ana-scaled.jpg?fit=1000%2C552&ssl=1&resize=350%2C200","width":350,"height":200,"srcset":"https:\/\/i0.wp.com\/noticiasribeiraopreto.com.br\/wp-content\/uploads\/2023\/11\/ana-scaled.jpg?fit=1000%2C552&ssl=1&resize=350%2C200 1x, https:\/\/i0.wp.com\/noticiasribeiraopreto.com.br\/wp-content\/uploads\/2023\/11\/ana-scaled.jpg?fit=1000%2C552&ssl=1&resize=525%2C300 1.5x, https:\/\/i0.wp.com\/noticiasribeiraopreto.com.br\/wp-content\/uploads\/2023\/11\/ana-scaled.jpg?fit=1000%2C552&ssl=1&resize=700%2C400 2x"},"classes":[]},{"id":29186,"url":"https:\/\/noticiasribeiraopreto.com.br\/index.php\/2024\/01\/17\/influenciadora-jaque-ciocci-abre-o-jogo-sobre-relacionamento-com-edu-guedes-e-anuncia-o-fim-do-namoro\/","url_meta":{"origin":46474,"position":5},"title":"Influenciadora Jaque Ciocci abre o jogo sobre relacionamento com Edu Guedes e anuncia o fim do namoro","author":"noticiasribeiraopreto.com.br","date":"17 de January de 2024","format":false,"excerpt":"O mundo dos famosos presenciou mais um cap\u00edtulo de t\u00e9rminos amorosos com a confirma\u00e7\u00e3o de Jaque Ciocci sobre o fim de seu relacionamento com o apresentador Edu Guedes.Ap\u00f3s um per\u00edodo de especula\u00e7\u00f5es e rumores, a influenciadora digital e ex-bailarina do Faust\u00e3o esclareceu a situa\u00e7\u00e3o, revelando que est\u00e1 solteira desde novembro\u2026","rel":"","context":"In &quot;Blog&quot;","block_context":{"text":"Blog","link":"https:\/\/noticiasribeiraopreto.com.br\/index.php\/category\/blog\/"},"img":{"alt_text":"","src":"https:\/\/i0.wp.com\/noticiasribeiraopreto.com.br\/wp-content\/uploads\/2024\/01\/postimg-65a8355265b3e7553.jpg?fit=1200%2C628&ssl=1&resize=350%2C200","width":350,"height":200,"srcset":"https:\/\/i0.wp.com\/noticiasribeiraopreto.com.br\/wp-content\/uploads\/2024\/01\/postimg-65a8355265b3e7553.jpg?fit=1200%2C628&ssl=1&resize=350%2C200 1x, https:\/\/i0.wp.com\/noticiasribeiraopreto.com.br\/wp-content\/uploads\/2024\/01\/postimg-65a8355265b3e7553.jpg?fit=1200%2C628&ssl=1&resize=525%2C300 1.5x, https:\/\/i0.wp.com\/noticiasribeiraopreto.com.br\/wp-content\/uploads\/2024\/01\/postimg-65a8355265b3e7553.jpg?fit=1200%2C628&ssl=1&resize=700%2C400 2x, https:\/\/i0.wp.com\/noticiasribeiraopreto.com.br\/wp-content\/uploads\/2024\/01\/postimg-65a8355265b3e7553.jpg?fit=1200%2C628&ssl=1&resize=1050%2C600 3x"},"classes":[]}],"jetpack_sharing_enabled":true,"jetpack_shortlink":"https:\/\/wp.me\/peQAOb-c5A","_links":{"self":[{"href":"https:\/\/noticiasribeiraopreto.com.br\/index.php\/wp-json\/wp\/v2\/posts\/46474","targetHints":{"allow":["GET"]}}],"collection":[{"href":"https:\/\/noticiasribeiraopreto.com.br\/index.php\/wp-json\/wp\/v2\/posts"}],"about":[{"href":"https:\/\/noticiasribeiraopreto.com.br\/index.php\/wp-json\/wp\/v2\/types\/post"}],"author":[{"embeddable":true,"href":"https:\/\/noticiasribeiraopreto.com.br\/index.php\/wp-json\/wp\/v2\/users\/1"}],"replies":[{"embeddable":true,"href":"https:\/\/noticiasribeiraopreto.com.br\/index.php\/wp-json\/wp\/v2\/comments?post=46474"}],"version-history":[{"count":0,"href":"https:\/\/noticiasribeiraopreto.com.br\/index.php\/wp-json\/wp\/v2\/posts\/46474\/revisions"}],"wp:featuredmedia":[{"embeddable":true,"href":"https:\/\/noticiasribeiraopreto.com.br\/index.php\/wp-json\/wp\/v2\/media\/46475"}],"wp:attachment":[{"href":"https:\/\/noticiasribeiraopreto.com.br\/index.php\/wp-json\/wp\/v2\/media?parent=46474"}],"wp:term":[{"taxonomy":"category","embeddable":true,"href":"https:\/\/noticiasribeiraopreto.com.br\/index.php\/wp-json\/wp\/v2\/categories?post=46474"},{"taxonomy":"post_tag","embeddable":true,"href":"https:\/\/noticiasribeiraopreto.com.br\/index.php\/wp-json\/wp\/v2\/tags?post=46474"}],"curies":[{"name":"wp","href":"https:\/\/api.w.org\/{rel}","templated":true}]}}