{"id":46577,"date":"2024-04-12T15:13:58","date_gmt":"2024-04-12T18:13:58","guid":{"rendered":"https:\/\/noticiasribeiraopreto.com.br\/index.php\/2024\/04\/12\/festival-feira-preta-marcelo-d2-apresentara-seu-show-iboru-em-homenagem-a-arlindo-cruz-com-arlindinho-leci-brandao-e-maria-rita\/"},"modified":"2024-04-12T15:13:58","modified_gmt":"2024-04-12T18:13:58","slug":"festival-feira-preta-marcelo-d2-apresentara-seu-show-iboru-em-homenagem-a-arlindo-cruz-com-arlindinho-leci-brandao-e-maria-rita","status":"publish","type":"post","link":"https:\/\/noticiasribeiraopreto.com.br\/index.php\/2024\/04\/12\/festival-feira-preta-marcelo-d2-apresentara-seu-show-iboru-em-homenagem-a-arlindo-cruz-com-arlindinho-leci-brandao-e-maria-rita\/","title":{"rendered":"Festival Feira Preta: Marcelo D2 apresentar\u00e1 seu show IBORU em homenagem a Arlindo Cruz com Arlindinho, Leci Brand\u00e3o e Maria Rita"},"content":{"rendered":"<div class='code-block code-block-1' style='margin: 8px 0 8px auto; text-align: right; display: block; clear: both;'>\n<p><a href=\"https:\/\/wa.link\/vpicfd\"><img data-recalc-dims=\"1\" class=\"wp-image-4922\" style=\"aspect-ratio: 2.0253164556962027; width: 561px; height: auto;\" src=\"https:\/\/i0.wp.com\/ismaelcolosi.com.br\/wp-content\/uploads\/2023\/11\/grupo-de-empregos-whatsapp-e-facebook-ismael-colosi-vagas.jpg?ssl=1\" alt=\"\" \/><\/a><\/p>\n<!-- \/wp:image -->\n<\/div>\n<p> <br \/>\n<\/p>\n<div>\n<h3 class=\"fn__maintitle\"><span>Festival Feira Preta: Marcelo D2 apresentar\u00e1 seu show IBORU em homenagem a Arlindo Cruz com Arlindinho, Leci Brand\u00e3o e Maria Rita<\/span><\/h3>\n<\/div>\n<div>\n<p><strong><i>Com tr\u00eas dias de programa\u00e7\u00e3o os ingressos j\u00e1 v\u00e3o para o terceiro lote<\/i><\/strong><\/p>\n<p>O Festival Feira Preta, maior evento de cultura e afroempreendedorismo da Am\u00e9rica Latina, anunciou o line up com detalhes das atra\u00e7\u00f5es confirmadas. Com o tema \u201cSer Feliz \u00e9 a Nossa Revolu\u00e7\u00e3o\u201d, a 22\u00aa edi\u00e7\u00e3o ser\u00e1 realizada de 03 a 05 de maio de 2024, no Parque do Ibirapuera, em S\u00e3o Paulo. A expectativa de p\u00fablico \u00e9 de 50 mil pessoas e a festividade contar\u00e1 com tr\u00eas palcos na programa\u00e7\u00e3o, ativa\u00e7\u00f5es de marcas, feira de empreendedores, palestras e espa\u00e7o gastron\u00f4mico.<\/p>\n<p>O evento confirmou mais atra\u00e7\u00f5es que completam a programa\u00e7\u00e3o musical, sendo elas: Marcelo D2 com apresenta\u00e7\u00e3o do seu show IBORU em homenagem a Arlindo Cruz, com Arlindinho, Leci Brand\u00e3o e Maria Rita. Al\u00e9m disso, a festividade contar\u00e1 com os shows Baile da Preta, com Preta Gil e participa\u00e7\u00e3o de Majur, o encontro de Dona Onete e Lia de Itamarac\u00e1, Attooxxaa com Rincon Sapi\u00eancia e Larissa Luz, Tasha &amp; Tracie, com Mc Luanna e Duquesa, as festas e festivais pretos de v\u00e1rios estados, como Psica (PA), Batekoo (BA) com Evehive, Bronx (RS), Latinidades (DF), Baile Black Bom (RJ), Afrolovers (SP); as rodas de samba Prettos, com Fabiana Cozza, Resenha da Nala, com A Dama; Sambadela, da Thelminha; Cacique de Ramos; e os blocos afro Zumbiido, com Il\u00ea Aye.<\/p>\n<p>O Festival tem como patrocinadores masters as marcas Mercado Livre, Mercado Pago, Doritos\u00ae, Seda\u00ae, Budweiser e Beats. Juntas, elas se uniram ao evento com o intuito de possibilitar uma experi\u00eancia enriquecedora para o p\u00fablico, sobretudo no que diz respeito \u00e0 cultura, ao social e \u00e0 economia criativa preta.<\/p>\n<p>Informa\u00e7\u00f5es acesse:\u00a0www\u0702festivalfeirapreta\u0702com\u0702br<\/p>\n<p><strong>Servi\u00e7o:<\/strong><\/p>\n<p><strong>Quando:\u00a0<\/strong>3\/05 (para empreendedores negros), 4\/05 e 5\/05 (p\u00fablico geral)<\/p>\n<p><strong>Onde:<\/strong>\u00a0Parque do Ibirapuera (Rua Borges Lagoa, 1755 \u2013 Vila Clementino)<\/p>\n<p><strong>Ingressos:\u00a0<\/strong>entre R\uff04 40 e R\uff04 80 (<a href=\"https:\/\/s2404.imxsnd29.com\/link.php?code=bDpodHRwcyUzQSUyRiUyRnd3dy5ibHVldGlja2V0LmNvbS5iciUyRmV2ZW50byUyRjM0NDc0OjI4NDgwNDA3NDQ6ZmFiaW9AcG9waXRvLmNvbS5icjo5ZmUyNWM6NzY=\" target=\"_blank\" rel=\"noopener noreferrer\">via Blue Ticket<\/a>)<br \/><strong>S\u00e1bado \u2013 4 de maio<\/strong><\/p>\n<ul>\n<li>Tasha e Tracie (Palco Or\u00ed)<\/li>\n<li>Dona Onete (Palco Or\u00ed)<\/li>\n<li>Psica (Palco Ginga)<\/li>\n<li>Marcelo D2 (Palco Or\u00ed)<\/li>\n<li>Festival Latinidades (Palco Ginga)<\/li>\n<li>Batekoo (Palco Ginga)<\/li>\n<li>Quintal dos Prettos (Palco As\u00e9)<\/li>\n<li>Resenha da Nala (Palco As\u00e9)<\/li>\n<li>Zumbiido (Palco As\u00e9)<\/li>\n<\/ul>\n<p><strong>Domingo \u2013 5 de maio<\/strong><\/p>\n<ul>\n<li>Bloco da Preta (Palco Or\u00ed)<\/li>\n<li>\u00c0TT\u00d8\u00d8XX\u00c1 (Palco Or\u00ed)<\/li>\n<li>Luedji Luna (Palco Or\u00ed)<\/li>\n<li>Ginga Bronx \u2013 Set DJ Hustla (Palco Ginga)<\/li>\n<li>Ginga Afro Lovers (Palco Ginga)<\/li>\n<li>Cacique de Ramos (Palco As\u00e9)<\/li>\n<li>Sambadela (Palco As\u00e9)<\/li>\n<li>Ilu Ob\u00e1 (Palco As\u00e9)<\/li>\n<\/ul>\n<p><strong>Sobre a Feira Preta<\/strong><\/p>\n<p>A Feira Preta nasceu em 2002, focada na venda de produtos de empreendedores negros. Com o passar dos anos, se tornou um festival com conte\u00fados, produtos e servi\u00e7os nos mais diversos segmentos. Assim, o Festival Feira Preta pauta tend\u00eancias, lifestyle e o que h\u00e1 de mais inventivo e inovador na criatividade afrobrasileira.<\/p>\n<p>O Festival Feira Preta re\u00fane, tamb\u00e9m, diversos artistas e empreendedores negros expoentes no Brasil e Am\u00e9rica Latina, tornando-se assim um dos maiores festivais de cultura negra latino-americana.<\/p>\n<p>\u00a0<\/p>\n<div class=\"popito_fn_votewrap\">\n<h3 class=\"vote_title\">Como voc\u00ea vota? <\/h3>\n<div class=\"popito_fn_votes \" data-id=\"2041\">\n<p>0 People voted this article. 0 Upvotes &#8211; 0 Downvotes.<\/p>\n<\/div>\n<\/div>\n<\/div>\n<p><br \/>\n<br \/><a href=\"https:\/\/popito.com.br\/festival-feira-preta-marcelo-d2-apresentara-seu-show-iboru-em-homenagem-a-arlindo-cruz-com-arlindinho-leci-brandao-e-maria-rita\/\">Source link <\/a><\/p>\n<!-- CONTENT END 1 -->\n","protected":false},"excerpt":{"rendered":"<p>Festival Feira Preta: Marcelo D2 apresentar\u00e1 seu show IBORU em homenagem a Arlindo Cruz com Arlindinho, Leci Brand\u00e3o e Maria Rita Com tr\u00eas dias de&#8230;<\/p>\n","protected":false},"author":1,"featured_media":46578,"comment_status":"open","ping_status":"open","sticky":false,"template":"","format":"standard","meta":{"advanced_seo_description":"","jetpack_seo_html_title":"","jetpack_seo_noindex":false,"jetpack_post_was_ever_published":false,"_jetpack_newsletter_access":"","_jetpack_dont_email_post_to_subs":false,"_jetpack_newsletter_tier_id":0,"_jetpack_memberships_contains_paywalled_content":false,"_jetpack_memberships_contains_paid_content":false,"footnotes":"","jetpack_publicize_message":"","jetpack_publicize_feature_enabled":true,"jetpack_social_post_already_shared":true,"jetpack_social_options":{"image_generator_settings":{"template":"highway","default_image_id":0,"font":"","enabled":false},"version":2}},"categories":[11],"tags":[5587,5590,5589,5592,2466,202,141,1405,5588,5591,1583,1105,4143,4572,1750,360],"class_list":["post-46577","post","type-post","status-publish","format-standard","has-post-thumbnail","hentry","category-noticias-de-ribeirao-preto-sp-e-regiao-ismael-colosi","tag-apresentara","tag-arlindinho","tag-arlindo","tag-brandao","tag-cruz","tag-feira","tag-festival","tag-homenagem","tag-iboru","tag-leci","tag-marcelo","tag-maria","tag-preta","tag-rita","tag-seu","tag-show"],"jetpack_publicize_connections":[],"jetpack_featured_media_url":"https:\/\/i0.wp.com\/noticiasribeiraopreto.com.br\/wp-content\/uploads\/2024\/04\/MARCELO-d2.jpg?fit=1640%2C924&ssl=1","jetpack-related-posts":[{"id":72400,"url":"https:\/\/noticiasribeiraopreto.com.br\/index.php\/2025\/06\/16\/aniversario-de-ribeirao-tera-esquadrilha-da-fumaca-e-show-de-leci-brandao-veja-programacao\/","url_meta":{"origin":46577,"position":0},"title":"Anivers\u00e1rio de Ribeir\u00e3o ter\u00e1 Esquadrilha da Fuma\u00e7a e show de Leci Brand\u00e3o; veja programa\u00e7\u00e3o","author":"noticiasribeiraopreto.com.br","date":"16 de June de 2025","format":false,"excerpt":"Ribeir\u00e3o Preto celebra 169 anos nesta quinta-feira (19), com uma programa\u00e7\u00e3o gratuita que ocupa diversos espa\u00e7os da cidade com arte, cultura e atividades para todas as idades. O destaque do dia fica por conta da apresenta\u00e7\u00e3o da Esquadrilha da Fuma\u00e7a e do show da cantora Leci Brand\u00e3o. As a\u00e7\u00f5es t\u00eam\u2026","rel":"","context":"In &quot;Not\u00edcias de Ribeir\u00e3o Preto-SP e Regi\u00e3o&quot;","block_context":{"text":"Not\u00edcias de Ribeir\u00e3o Preto-SP e Regi\u00e3o","link":"https:\/\/noticiasribeiraopreto.com.br\/index.php\/category\/noticias-de-ribeirao-preto-sp-e-regiao-ismael-colosi\/"},"img":{"alt_text":"","src":"https:\/\/i0.wp.com\/noticiasribeiraopreto.com.br\/wp-content\/uploads\/2025\/06\/Copia-de-Copia-de-Copia-de-TAMANHO-EXATO-PARA-FOTOS-NO-SISTEMA-NOVO-2025-06-16T193946.543_2025-06-16_22-44-17.webp.webp?fit=1200%2C675&ssl=1&resize=350%2C200","width":350,"height":200,"srcset":"https:\/\/i0.wp.com\/noticiasribeiraopreto.com.br\/wp-content\/uploads\/2025\/06\/Copia-de-Copia-de-Copia-de-TAMANHO-EXATO-PARA-FOTOS-NO-SISTEMA-NOVO-2025-06-16T193946.543_2025-06-16_22-44-17.webp.webp?fit=1200%2C675&ssl=1&resize=350%2C200 1x, https:\/\/i0.wp.com\/noticiasribeiraopreto.com.br\/wp-content\/uploads\/2025\/06\/Copia-de-Copia-de-Copia-de-TAMANHO-EXATO-PARA-FOTOS-NO-SISTEMA-NOVO-2025-06-16T193946.543_2025-06-16_22-44-17.webp.webp?fit=1200%2C675&ssl=1&resize=525%2C300 1.5x, https:\/\/i0.wp.com\/noticiasribeiraopreto.com.br\/wp-content\/uploads\/2025\/06\/Copia-de-Copia-de-Copia-de-TAMANHO-EXATO-PARA-FOTOS-NO-SISTEMA-NOVO-2025-06-16T193946.543_2025-06-16_22-44-17.webp.webp?fit=1200%2C675&ssl=1&resize=700%2C400 2x, https:\/\/i0.wp.com\/noticiasribeiraopreto.com.br\/wp-content\/uploads\/2025\/06\/Copia-de-Copia-de-Copia-de-TAMANHO-EXATO-PARA-FOTOS-NO-SISTEMA-NOVO-2025-06-16T193946.543_2025-06-16_22-44-17.webp.webp?fit=1200%2C675&ssl=1&resize=1050%2C600 3x"},"classes":[]},{"id":72637,"url":"https:\/\/noticiasribeiraopreto.com.br\/index.php\/2025\/06\/19\/aniversario-de-ribeirao-programacao-especial-tem-bolo-esquadrilha-da-fumaca-e-leci-brandao\/","url_meta":{"origin":46577,"position":1},"title":"Anivers\u00e1rio de Ribeir\u00e3o: Programa\u00e7\u00e3o especial tem bolo, Esquadrilha da Fuma\u00e7a e Leci Brand\u00e3o","author":"noticiasribeiraopreto.com.br","date":"19 de June de 2025","format":false,"excerpt":"Ribeir\u00e3o Preto completa 169 anos nesta quinta-feira (19) e tem uma programa\u00e7\u00e3o gratuita preparada especialmente para este dia, inclusive com bolo e o tradicional \u201cparab\u00e9ns\u201d. Confira os eventos: 8h30 \u00e0s 17h\u00a0\u2013\u00a0Palacete Camilo de MatosVisita\u00e7\u00e3o guiada ao edif\u00edcio hist\u00f3rico no centro da cidade 9h \u2013 Pra\u00e7a XVParab\u00e9ns com bolo comunit\u00e1rio e\u2026","rel":"","context":"In &quot;Not\u00edcias de Ribeir\u00e3o Preto-SP e Regi\u00e3o&quot;","block_context":{"text":"Not\u00edcias de Ribeir\u00e3o Preto-SP e Regi\u00e3o","link":"https:\/\/noticiasribeiraopreto.com.br\/index.php\/category\/noticias-de-ribeirao-preto-sp-e-regiao-ismael-colosi\/"},"img":{"alt_text":"","src":"https:\/\/i0.wp.com\/noticiasribeiraopreto.com.br\/wp-content\/uploads\/2025\/06\/totem_eu_amo_ribeirao_-_foto_fernando_gonzaga_2_2024-06-04_11-49-25_jpeg_2024-06-04_11-49-25.webp.webp?fit=1200%2C800&ssl=1&resize=350%2C200","width":350,"height":200,"srcset":"https:\/\/i0.wp.com\/noticiasribeiraopreto.com.br\/wp-content\/uploads\/2025\/06\/totem_eu_amo_ribeirao_-_foto_fernando_gonzaga_2_2024-06-04_11-49-25_jpeg_2024-06-04_11-49-25.webp.webp?fit=1200%2C800&ssl=1&resize=350%2C200 1x, https:\/\/i0.wp.com\/noticiasribeiraopreto.com.br\/wp-content\/uploads\/2025\/06\/totem_eu_amo_ribeirao_-_foto_fernando_gonzaga_2_2024-06-04_11-49-25_jpeg_2024-06-04_11-49-25.webp.webp?fit=1200%2C800&ssl=1&resize=525%2C300 1.5x, https:\/\/i0.wp.com\/noticiasribeiraopreto.com.br\/wp-content\/uploads\/2025\/06\/totem_eu_amo_ribeirao_-_foto_fernando_gonzaga_2_2024-06-04_11-49-25_jpeg_2024-06-04_11-49-25.webp.webp?fit=1200%2C800&ssl=1&resize=700%2C400 2x, https:\/\/i0.wp.com\/noticiasribeiraopreto.com.br\/wp-content\/uploads\/2025\/06\/totem_eu_amo_ribeirao_-_foto_fernando_gonzaga_2_2024-06-04_11-49-25_jpeg_2024-06-04_11-49-25.webp.webp?fit=1200%2C800&ssl=1&resize=1050%2C600 3x"},"classes":[]},{"id":72623,"url":"https:\/\/noticiasribeiraopreto.com.br\/index.php\/2025\/06\/19\/leci-brandao-canta-nos-169-anos-de-rp\/","url_meta":{"origin":46577,"position":2},"title":"Leci Brand\u00e3o canta nos 169 anos de RP","author":"noticiasribeiraopreto.com.br","date":"19 de June de 2025","format":false,"excerpt":"Ribeir\u00e3o Preto completa 169 anos nesta quinta-feira, 19 de junho, Dia de Santa Juliana Falconieri e de Corpus Christi. Para comemorar, a cidade se transforma em um grande palco a c\u00e9u aberto. Com uma programa\u00e7\u00e3o gratuita e diversa durante todo o m\u00eas de junho, a popula\u00e7\u00e3o \u00e9 convidada a ocupar\u2026","rel":"","context":"In &quot;Not\u00edcias de Ribeir\u00e3o Preto-SP e Regi\u00e3o&quot;","block_context":{"text":"Not\u00edcias de Ribeir\u00e3o Preto-SP e Regi\u00e3o","link":"https:\/\/noticiasribeiraopreto.com.br\/index.php\/category\/noticias-de-ribeirao-preto-sp-e-regiao-ismael-colosi\/"},"img":{"alt_text":"","src":"https:\/\/i0.wp.com\/noticiasribeiraopreto.com.br\/wp-content\/uploads\/2025\/06\/NiverRP-Divulgacao-scaled.jpeg?fit=750%2C500&ssl=1&resize=350%2C200","width":350,"height":200,"srcset":"https:\/\/i0.wp.com\/noticiasribeiraopreto.com.br\/wp-content\/uploads\/2025\/06\/NiverRP-Divulgacao-scaled.jpeg?fit=750%2C500&ssl=1&resize=350%2C200 1x, https:\/\/i0.wp.com\/noticiasribeiraopreto.com.br\/wp-content\/uploads\/2025\/06\/NiverRP-Divulgacao-scaled.jpeg?fit=750%2C500&ssl=1&resize=525%2C300 1.5x, https:\/\/i0.wp.com\/noticiasribeiraopreto.com.br\/wp-content\/uploads\/2025\/06\/NiverRP-Divulgacao-scaled.jpeg?fit=750%2C500&ssl=1&resize=700%2C400 2x"},"classes":[]},{"id":71291,"url":"https:\/\/noticiasribeiraopreto.com.br\/index.php\/2025\/06\/04\/teatro-de-arena-recebe-leci-brandao-no-aniversario-de-169-anos-de-ribeirao-preto\/","url_meta":{"origin":46577,"position":3},"title":"Teatro de Arena recebe Leci Brand\u00e3o no anivers\u00e1rio de 169 anos de Ribeir\u00e3o Preto","author":"noticiasribeiraopreto.com.br","date":"4 de June de 2025","format":false,"excerpt":"O Teatro de Arena recebe a sambista Leci Brand\u00e3o, no pr\u00f3ximo dia 19 de junho, a partir das 20h, para show em comemora\u00e7\u00e3o ao anivers\u00e1rio de 169 anos de Ribeir\u00e3o Preto. A entrada \u00e9 gratuita e aberta ao p\u00fablico. Com 50 anos de carreira, Leci Brand\u00e3o se tornou um dos\u2026","rel":"","context":"In &quot;Not\u00edcias de Ribeir\u00e3o Preto-SP e Regi\u00e3o&quot;","block_context":{"text":"Not\u00edcias de Ribeir\u00e3o Preto-SP e Regi\u00e3o","link":"https:\/\/noticiasribeiraopreto.com.br\/index.php\/category\/noticias-de-ribeirao-preto-sp-e-regiao-ismael-colosi\/"},"img":{"alt_text":"","src":"https:\/\/i0.wp.com\/noticiasribeiraopreto.com.br\/wp-content\/uploads\/2025\/06\/Leci-Branda-o-CREDITOS-ROGER-CIPO-2023-01-21-17-17-33.webp.webp?fit=414%2C280&ssl=1&resize=350%2C200","width":350,"height":200},"classes":[]},{"id":69379,"url":"https:\/\/noticiasribeiraopreto.com.br\/index.php\/2025\/05\/05\/pagode-do-pericao-anuncia-atracao-especial-para-show-em-ribeirao-preto\/","url_meta":{"origin":46577,"position":4},"title":"Pagode do Peric\u00e3o anuncia atra\u00e7\u00e3o especial para show em Ribeir\u00e3o Preto","author":"noticiasribeiraopreto.com.br","date":"5 de May de 2025","format":false,"excerpt":"No dia 24 de maio, a turn\u00ea \u201cPagode do Peric\u00e3o\u201d chega a Ribeir\u00e3o Preto. O evento, que ser\u00e1 realizado no Est\u00e1dio do Comercial, \u00e0s 16h, contar\u00e1 com a participa\u00e7\u00e3o especial do grupo Jeito Moleque. Com dura\u00e7\u00e3o aproximada de tr\u00eas horas, o artista interpreta cl\u00e1ssicos do samba e do pagode, incluindo\u2026","rel":"","context":"In &quot;Not\u00edcias de Ribeir\u00e3o Preto-SP e Regi\u00e3o&quot;","block_context":{"text":"Not\u00edcias de Ribeir\u00e3o Preto-SP e Regi\u00e3o","link":"https:\/\/noticiasribeiraopreto.com.br\/index.php\/category\/noticias-de-ribeirao-preto-sp-e-regiao-ismael-colosi\/"},"img":{"alt_text":"","src":"https:\/\/i0.wp.com\/noticiasribeiraopreto.com.br\/wp-content\/uploads\/2025\/05\/Copia-de-Copia-de-Copia-de-TAMANHO-EXATO-PARA-FOTOS-NO-SISTEMA-NOVO-39_2025-05-05_17-44-48.webp.webp?fit=1200%2C675&ssl=1&resize=350%2C200","width":350,"height":200,"srcset":"https:\/\/i0.wp.com\/noticiasribeiraopreto.com.br\/wp-content\/uploads\/2025\/05\/Copia-de-Copia-de-Copia-de-TAMANHO-EXATO-PARA-FOTOS-NO-SISTEMA-NOVO-39_2025-05-05_17-44-48.webp.webp?fit=1200%2C675&ssl=1&resize=350%2C200 1x, https:\/\/i0.wp.com\/noticiasribeiraopreto.com.br\/wp-content\/uploads\/2025\/05\/Copia-de-Copia-de-Copia-de-TAMANHO-EXATO-PARA-FOTOS-NO-SISTEMA-NOVO-39_2025-05-05_17-44-48.webp.webp?fit=1200%2C675&ssl=1&resize=525%2C300 1.5x, https:\/\/i0.wp.com\/noticiasribeiraopreto.com.br\/wp-content\/uploads\/2025\/05\/Copia-de-Copia-de-Copia-de-TAMANHO-EXATO-PARA-FOTOS-NO-SISTEMA-NOVO-39_2025-05-05_17-44-48.webp.webp?fit=1200%2C675&ssl=1&resize=700%2C400 2x, https:\/\/i0.wp.com\/noticiasribeiraopreto.com.br\/wp-content\/uploads\/2025\/05\/Copia-de-Copia-de-Copia-de-TAMANHO-EXATO-PARA-FOTOS-NO-SISTEMA-NOVO-39_2025-05-05_17-44-48.webp.webp?fit=1200%2C675&ssl=1&resize=1050%2C600 3x"},"classes":[]},{"id":75452,"url":"https:\/\/noticiasribeiraopreto.com.br\/index.php\/2025\/08\/08\/morre-arlindo-cruz-icone-do-samba-aos-66-anos-2\/","url_meta":{"origin":46577,"position":5},"title":"Morre Arlindo Cruz, \u00edcone do samba, aos 66 anos","author":"noticiasribeiraopreto.com.br","date":"8 de August de 2025","format":false,"excerpt":"O cantor, multi-instrumentista e compositor Arlindo Cruz morreu no Rio de Janeiro nesta sexta-feira (8), aos 66 anos. A mulher do artista, Babi Cruz, confirmou a not\u00edcia. Arlindo faleceu no hospital Barra D\u2019Or, na Zona Oeste da cidade. O sambista lutava contra as sequelas de um acidente vascular cerebral (AVC)\u2026","rel":"","context":"In &quot;Not\u00edcias de Ribeir\u00e3o Preto-SP e Regi\u00e3o&quot;","block_context":{"text":"Not\u00edcias de Ribeir\u00e3o Preto-SP e Regi\u00e3o","link":"https:\/\/noticiasribeiraopreto.com.br\/index.php\/category\/noticias-de-ribeirao-preto-sp-e-regiao-ismael-colosi\/"},"img":{"alt_text":"","src":"https:\/\/i0.wp.com\/noticiasribeiraopreto.com.br\/wp-content\/uploads\/2025\/08\/Copia-de-Copia-de-Copia-de-TAMANHO-EXATO-PARA-FOTOS-NO-SISTEMA-NOVO-2025-08-08T153135.776_2025-08-08_18-31-47.webp.webp?fit=1200%2C675&ssl=1&resize=350%2C200","width":350,"height":200,"srcset":"https:\/\/i0.wp.com\/noticiasribeiraopreto.com.br\/wp-content\/uploads\/2025\/08\/Copia-de-Copia-de-Copia-de-TAMANHO-EXATO-PARA-FOTOS-NO-SISTEMA-NOVO-2025-08-08T153135.776_2025-08-08_18-31-47.webp.webp?fit=1200%2C675&ssl=1&resize=350%2C200 1x, https:\/\/i0.wp.com\/noticiasribeiraopreto.com.br\/wp-content\/uploads\/2025\/08\/Copia-de-Copia-de-Copia-de-TAMANHO-EXATO-PARA-FOTOS-NO-SISTEMA-NOVO-2025-08-08T153135.776_2025-08-08_18-31-47.webp.webp?fit=1200%2C675&ssl=1&resize=525%2C300 1.5x, https:\/\/i0.wp.com\/noticiasribeiraopreto.com.br\/wp-content\/uploads\/2025\/08\/Copia-de-Copia-de-Copia-de-TAMANHO-EXATO-PARA-FOTOS-NO-SISTEMA-NOVO-2025-08-08T153135.776_2025-08-08_18-31-47.webp.webp?fit=1200%2C675&ssl=1&resize=700%2C400 2x, https:\/\/i0.wp.com\/noticiasribeiraopreto.com.br\/wp-content\/uploads\/2025\/08\/Copia-de-Copia-de-Copia-de-TAMANHO-EXATO-PARA-FOTOS-NO-SISTEMA-NOVO-2025-08-08T153135.776_2025-08-08_18-31-47.webp.webp?fit=1200%2C675&ssl=1&resize=1050%2C600 3x"},"classes":[]}],"jetpack_sharing_enabled":true,"jetpack_shortlink":"https:\/\/wp.me\/peQAOb-c7f","_links":{"self":[{"href":"https:\/\/noticiasribeiraopreto.com.br\/index.php\/wp-json\/wp\/v2\/posts\/46577","targetHints":{"allow":["GET"]}}],"collection":[{"href":"https:\/\/noticiasribeiraopreto.com.br\/index.php\/wp-json\/wp\/v2\/posts"}],"about":[{"href":"https:\/\/noticiasribeiraopreto.com.br\/index.php\/wp-json\/wp\/v2\/types\/post"}],"author":[{"embeddable":true,"href":"https:\/\/noticiasribeiraopreto.com.br\/index.php\/wp-json\/wp\/v2\/users\/1"}],"replies":[{"embeddable":true,"href":"https:\/\/noticiasribeiraopreto.com.br\/index.php\/wp-json\/wp\/v2\/comments?post=46577"}],"version-history":[{"count":0,"href":"https:\/\/noticiasribeiraopreto.com.br\/index.php\/wp-json\/wp\/v2\/posts\/46577\/revisions"}],"wp:featuredmedia":[{"embeddable":true,"href":"https:\/\/noticiasribeiraopreto.com.br\/index.php\/wp-json\/wp\/v2\/media\/46578"}],"wp:attachment":[{"href":"https:\/\/noticiasribeiraopreto.com.br\/index.php\/wp-json\/wp\/v2\/media?parent=46577"}],"wp:term":[{"taxonomy":"category","embeddable":true,"href":"https:\/\/noticiasribeiraopreto.com.br\/index.php\/wp-json\/wp\/v2\/categories?post=46577"},{"taxonomy":"post_tag","embeddable":true,"href":"https:\/\/noticiasribeiraopreto.com.br\/index.php\/wp-json\/wp\/v2\/tags?post=46577"}],"curies":[{"name":"wp","href":"https:\/\/api.w.org\/{rel}","templated":true}]}}