{"id":46632,"date":"2024-04-12T17:58:42","date_gmt":"2024-04-12T20:58:42","guid":{"rendered":"https:\/\/noticiasribeiraopreto.com.br\/index.php\/2024\/04\/12\/rede-de-supermercados-da-regiao-aparece-entre-as-maiores-do-brasil-confira\/"},"modified":"2024-04-12T17:58:42","modified_gmt":"2024-04-12T20:58:42","slug":"rede-de-supermercados-da-regiao-aparece-entre-as-maiores-do-brasil-confira","status":"publish","type":"post","link":"https:\/\/noticiasribeiraopreto.com.br\/index.php\/2024\/04\/12\/rede-de-supermercados-da-regiao-aparece-entre-as-maiores-do-brasil-confira\/","title":{"rendered":"Rede de supermercados da regi\u00e3o aparece entre as maiores do Brasil; Confira"},"content":{"rendered":"<div class='code-block code-block-1' style='margin: 8px 0 8px auto; text-align: right; display: block; clear: both;'>\n<p><a href=\"https:\/\/wa.link\/vpicfd\"><img data-recalc-dims=\"1\" class=\"wp-image-4922\" style=\"aspect-ratio: 2.0253164556962027; width: 561px; height: auto;\" src=\"https:\/\/i0.wp.com\/ismaelcolosi.com.br\/wp-content\/uploads\/2023\/11\/grupo-de-empregos-whatsapp-e-facebook-ismael-colosi-vagas.jpg?ssl=1\" alt=\"\" \/><\/a><\/p>\n<!-- \/wp:image -->\n<\/div>\n<p> <br \/>\n<\/p>\n<div>\n<p>O<strong> Grupo Savegnago<\/strong>, com sede em <strong>Sert\u00e3ozinho<\/strong>, na regi\u00e3o de <strong>Ribeir\u00e3o Preto<\/strong>, subiu uma posi\u00e7\u00e3o no ranking das maiores redes de supermercados do<strong> Brasil<\/strong>. De acordo com o ranking da <strong>Abras (Associa\u00e7\u00e3o Brasileira de Supermercados),<\/strong> divulgado nesta semana, o grupo aparece na 15\u00aa coloca\u00e7\u00e3o nacional e lidera no <strong>interior de S\u00e3o Paulo.<\/strong><\/p>\n<p>O estudo tem grande relev\u00e2ncia no setor varejista brasileiro e aponta o faturamento no ano anterior. Segundo o levantamento, <mark style=\"background-color:#fcb900\" class=\"has-inline-color has-black-color\">o Savegnago movimento mais de R$ 6 bilh\u00f5es em 2023. <\/mark>O l\u00edder do ranking nacional \u00e9 o <strong>Carrefour<\/strong>, que movimentou mais de R$ 115,4 bilh\u00f5es.<\/p>\n<p>Para o presidente-executivo do grupo, Chalim Savegnago, a posi\u00e7\u00e3o no ranking \u00e9 resultado do planejamento estrat\u00e9gico de expans\u00e3o adotado pela rede.<\/p>\n<p>\u201cEm 2023, inclu\u00edmos um novo desafio em nossa jornada, que foi o lan\u00e7amento do Paulist\u00e3o Atacadista, que j\u00e1 tem quatro unidades e mais lojas ser\u00e3o inauguradas ao longo deste ano\u201d, afirma.<\/p>\n<h4 class=\"wp-block-heading\"><strong>O ranking<\/strong><\/h4>\n<p>1 \u2013<strong> Carrefour <\/strong>\u2013 R$ 115,4 bilh\u00f5es<\/p>\n<p>2 \u2013 <strong>Assa\u00ed Atacadista<\/strong> \u2013 R$ 72,7 bilh\u00f5es<\/p>\n<p>3 \u2013\u00a0 <strong>Mateus Supermercados<\/strong> \u2013 R$ 30,2 bilh\u00f5es<\/p>\n<p>4 \u2013<strong> Grupo P\u00e3o de A\u00e7\u00facar<\/strong> \u2013 R$ 20,6 bilh\u00f5es<\/p>\n<p>5 \u2013 <strong>Supermercados BH<\/strong> \u2013 R$ 17,3 bilh\u00f5es<\/p>\n<p>6 \u2013 <strong>Irm\u00e3os Muffato<\/strong> \u2013 R$ 15,6 bilh\u00f5es<\/p>\n<p>7 \u2013 <strong>Grupo Pereira<\/strong> \u2013 R$ 13,1 bilh\u00f5es<\/p>\n<p>8 \u2013 <strong>Cencosud Brasil Comercial <\/strong>\u2013 R$ 11,1 bilh\u00f5es<\/p>\n<p>9 \u2013 <strong>Mart Minas Atacado e Varejo &amp; Dom Atacadista <\/strong>\u2013 R$ 9,4 bilh\u00f5es<\/p>\n<p>10 \u2013 <strong>Koch Hipermercado <\/strong>\u2013 R$ 7,9 bilh\u00f5es<\/p>\n<p>11 \u2013<strong> DMA Distribuidora <\/strong>\u2013 R$ 7,9 bilh\u00f5es<\/p>\n<p>12 \u2013 <strong>Zaffari <\/strong>\u2013 R$ 7,6 bilh\u00f5es<\/p>\n<p>13 \u2013 <strong>Tenda Atacado <\/strong>\u2013 R$ 6,9 bilh\u00f5es<\/p>\n<p>14 \u2013 <strong>Grupo JC\/Costa Atacad\u00e3o<\/strong> \u2013 R$ 6,8 bilh\u00f5es<\/p>\n<p>15 \u2013<strong> Savegnago Supermercados <\/strong>\u2013 R$ 6 bilh\u00f5es<\/p>\n<p>16 \u2013 <strong>Sonda Supermercados <\/strong>\u2013 R$ 5,1 bilh\u00f5es<\/p>\n<p>17 \u2013 <strong>Atacad\u00e3o Dia a Dia <\/strong>\u2013 R$ 5,1 bilh\u00f5es<\/p>\n<p>18 \u2013 <strong>Dia Brasil <\/strong>\u2013 R$ 4,8 bilh\u00f5es<\/p>\n<p>19 \u2013<strong> Plurix <\/strong>\u2013 R$ 4,7 bilh\u00f5es<\/p>\n<p>20 \u2013 <strong>L\u00edder Com\u00e9rcio <\/strong>\u2013 R$ 4,6 bilh\u00f5es<\/p>\n<p>\u00a0<strong>Fonte:<\/strong> <a href=\"https:\/\/www.abras.com.br\/clipping\/noticias-abras\/116503\/ranking-abras-2024-conheca-os-novos-numeros-do-varejo-alimentar-brasileiro\" target=\"_blank\" rel=\"noreferrer noopener nofollow\">Ranking Abras<\/a><\/p>\n<p>SAIBA MAIS<br \/>Hospital Santa Lydia de Ribeir\u00e3o Preto tem processo seletivo com sal\u00e1rios de R$ 4 mil<\/p>\n<h4 class=\"wp-block-heading\"><strong>FIQUE ON<\/strong><\/h4>\n<p>Fique ligado em tudo que acontece em Ribeir\u00e3o Preto e regi\u00e3o. Siga os perfis do <strong>acidade on <\/strong>no <a href=\"https:\/\/www.instagram.com\/acidadeonribeirao\" target=\"_blank\" rel=\"noreferrer noopener nofollow\">Instagram <\/a>e no <a href=\"https:\/\/www.facebook.com\/acidadeonribeirao\" target=\"_blank\" rel=\"noreferrer noopener nofollow\">Facebook<\/a>.<\/p>\n<p>Receba not\u00edcias do <strong>acidade on<\/strong> no WhatsApp. <a href=\"https:\/\/chat.whatsapp.com\/GFH9HUMUTHNFJdnyEd0xxq\" target=\"_blank\" rel=\"noreferrer noopener nofollow\">Para entrar no grupo, basta clicar aqui.<\/a><\/p>\n<p>Fa\u00e7a uma den\u00fancia ou sugira uma reportagem sobre Ribeir\u00e3o Preto e regi\u00e3o pelo WhatsApp: 16 99117 7802.<\/p>\n<p>VEJA TAMB\u00c9M<br \/>Como assistir ao Coachella ao vivo? Festival come\u00e7a nesta sexta<\/p>\n<p><!-- AI CONTENT END 1 -->\n<\/div>\n<p><script async src=\"\/\/www.instagram.com\/embed.js\"><\/script><br \/>\n<br \/><br \/>\n<br \/><a href=\"https:\/\/www.acidadeon.com\/ribeiraopreto\/economia\/rede-de-supermercados-da-regiao-aparece-entre-as-maiores-do-brasil-confira\/\">Source link <\/a><\/p>\n<!-- CONTENT END 1 -->\n","protected":false},"excerpt":{"rendered":"<p>O Grupo Savegnago, com sede em Sert\u00e3ozinho, na regi\u00e3o de Ribeir\u00e3o Preto, subiu uma posi\u00e7\u00e3o no ranking das maiores redes de supermercados do Brasil. De&#8230;<\/p>\n","protected":false},"author":1,"featured_media":46633,"comment_status":"open","ping_status":"open","sticky":false,"template":"","format":"standard","meta":{"advanced_seo_description":"","jetpack_seo_html_title":"","jetpack_seo_noindex":false,"jetpack_post_was_ever_published":false,"_jetpack_newsletter_access":"","_jetpack_dont_email_post_to_subs":false,"_jetpack_newsletter_tier_id":0,"_jetpack_memberships_contains_paywalled_content":false,"_jetpack_memberships_contains_paid_content":false,"footnotes":"","jetpack_publicize_message":"","jetpack_publicize_feature_enabled":true,"jetpack_social_post_already_shared":true,"jetpack_social_options":{"image_generator_settings":{"template":"highway","default_image_id":0,"font":"","enabled":false},"version":2}},"categories":[11],"tags":[],"class_list":["post-46632","post","type-post","status-publish","format-standard","has-post-thumbnail","hentry","category-noticias-de-ribeirao-preto-sp-e-regiao-ismael-colosi"],"jetpack_publicize_connections":[],"jetpack_featured_media_url":"https:\/\/i0.wp.com\/noticiasribeiraopreto.com.br\/wp-content\/uploads\/2024\/04\/AnyConv.com__supermercados-1.webp.webp?fit=1200%2C800&ssl=1","jetpack-related-posts":[{"id":46450,"url":"https:\/\/noticiasribeiraopreto.com.br\/index.php\/2024\/04\/11\/veja-quais-sao-as-maiores-redes-de-supermercado-do-brasil\/","url_meta":{"origin":46632,"position":0},"title":"Veja quais s\u00e3o as maiores redes de supermercado do Brasil","author":"noticiasribeiraopreto.com.br","date":"11 de April de 2024","format":false,"excerpt":"A Abras (Associa\u00e7\u00e3o Brasileira de Supermercados) divulgou nesta semana o ranking das maiores redes de supermercado do Brasil. O ranking \u00e9 liderado pelo Carrefour, que faturou mais de R$ 115,4 bilh\u00f5es em 2023. O segundo colocado no ranking da Abras \u00e9 o Assa\u00ed Atacadista, que movimentou R$ 72,7 bilh\u00f5es. O\u2026","rel":"","context":"In &quot;Not\u00edcias de Ribeir\u00e3o Preto-SP e Regi\u00e3o&quot;","block_context":{"text":"Not\u00edcias de Ribeir\u00e3o Preto-SP e Regi\u00e3o","link":"https:\/\/noticiasribeiraopreto.com.br\/index.php\/category\/noticias-de-ribeirao-preto-sp-e-regiao-ismael-colosi\/"},"img":{"alt_text":"","src":"https:\/\/i0.wp.com\/noticiasribeiraopreto.com.br\/wp-content\/uploads\/2024\/04\/AnyConv.com__supermercados.webp.webp?fit=1170%2C780&ssl=1&resize=350%2C200","width":350,"height":200,"srcset":"https:\/\/i0.wp.com\/noticiasribeiraopreto.com.br\/wp-content\/uploads\/2024\/04\/AnyConv.com__supermercados.webp.webp?fit=1170%2C780&ssl=1&resize=350%2C200 1x, https:\/\/i0.wp.com\/noticiasribeiraopreto.com.br\/wp-content\/uploads\/2024\/04\/AnyConv.com__supermercados.webp.webp?fit=1170%2C780&ssl=1&resize=525%2C300 1.5x, https:\/\/i0.wp.com\/noticiasribeiraopreto.com.br\/wp-content\/uploads\/2024\/04\/AnyConv.com__supermercados.webp.webp?fit=1170%2C780&ssl=1&resize=700%2C400 2x, https:\/\/i0.wp.com\/noticiasribeiraopreto.com.br\/wp-content\/uploads\/2024\/04\/AnyConv.com__supermercados.webp.webp?fit=1170%2C780&ssl=1&resize=1050%2C600 3x"},"classes":[]},{"id":79007,"url":"https:\/\/noticiasribeiraopreto.com.br\/index.php\/2025\/10\/22\/rede-de-supermercados-anuncia-campanha-de-final-de-ano-com-r-5-milhoes-em-premios\/","url_meta":{"origin":46632,"position":1},"title":"Rede de supermercados anuncia campanha de final de ano com R$ 5 milh\u00f5es em pr\u00eamios","author":"noticiasribeiraopreto.com.br","date":"22 de October de 2025","format":false,"excerpt":"A rede Savegnago Supermercados lan\u00e7ou nesta quarta-feira (22) a campanha de final de ano \u2018Transforme Sua Vida com o Savegnago\u2019, que vai distribuir mais de R$ 5 milh\u00f5es. Ao todo, ser\u00e3o 66 pr\u00eamios em certificados de barra de ouro, sendo 61 no valor de R$ 50 mil e cinco no\u2026","rel":"","context":"In &quot;Not\u00edcias de Ribeir\u00e3o Preto-SP e Regi\u00e3o&quot;","block_context":{"text":"Not\u00edcias de Ribeir\u00e3o Preto-SP e Regi\u00e3o","link":"https:\/\/noticiasribeiraopreto.com.br\/index.php\/category\/noticias-de-ribeirao-preto-sp-e-regiao-ismael-colosi\/"},"img":{"alt_text":"","src":"https:\/\/i0.wp.com\/noticiasribeiraopreto.com.br\/wp-content\/uploads\/2025\/10\/savegnago_2025-10-22_15-14-52.webp.webp?fit=1200%2C750&ssl=1&resize=350%2C200","width":350,"height":200,"srcset":"https:\/\/i0.wp.com\/noticiasribeiraopreto.com.br\/wp-content\/uploads\/2025\/10\/savegnago_2025-10-22_15-14-52.webp.webp?fit=1200%2C750&ssl=1&resize=350%2C200 1x, https:\/\/i0.wp.com\/noticiasribeiraopreto.com.br\/wp-content\/uploads\/2025\/10\/savegnago_2025-10-22_15-14-52.webp.webp?fit=1200%2C750&ssl=1&resize=525%2C300 1.5x, https:\/\/i0.wp.com\/noticiasribeiraopreto.com.br\/wp-content\/uploads\/2025\/10\/savegnago_2025-10-22_15-14-52.webp.webp?fit=1200%2C750&ssl=1&resize=700%2C400 2x, https:\/\/i0.wp.com\/noticiasribeiraopreto.com.br\/wp-content\/uploads\/2025\/10\/savegnago_2025-10-22_15-14-52.webp.webp?fit=1200%2C750&ssl=1&resize=1050%2C600 3x"},"classes":[]},{"id":55410,"url":"https:\/\/noticiasribeiraopreto.com.br\/index.php\/2024\/08\/01\/rede-de-supermercados-celebra-aniversario-com-figurinhas-do-harry-potter-veja-como-participar\/","url_meta":{"origin":46632,"position":2},"title":"Rede de supermercados celebra anivers\u00e1rio com figurinhas do Harry Potter; Veja como participar","author":"noticiasribeiraopreto.com.br","date":"1 de August de 2024","format":false,"excerpt":"Durante as comemora\u00e7\u00f5es de anivers\u00e1rio dos 48 anos do Savegnago Supermercados, os clientes Save Ganhe poder\u00e3o participar da promo\u00e7\u00e3o do \u00e1lbum de figurinhas do Harry Potter. Na promo\u00e7\u00e3o, a cada R$ 50 em compras em todas as lojas da rede, o consumidor ganha um pacote com quatro figurinhas adesivas. J\u00e1\u2026","rel":"","context":"In &quot;Not\u00edcias de Ribeir\u00e3o Preto-SP e Regi\u00e3o&quot;","block_context":{"text":"Not\u00edcias de Ribeir\u00e3o Preto-SP e Regi\u00e3o","link":"https:\/\/noticiasribeiraopreto.com.br\/index.php\/category\/noticias-de-ribeirao-preto-sp-e-regiao-ismael-colosi\/"},"img":{"alt_text":"","src":"https:\/\/i0.wp.com\/noticiasribeiraopreto.com.br\/wp-content\/uploads\/2024\/08\/album-harry-potter-1_2024-08-01_20-22-02_jpg_2024-08-01_20-22-03.webp.webp?fit=1200%2C799&ssl=1&resize=350%2C200","width":350,"height":200,"srcset":"https:\/\/i0.wp.com\/noticiasribeiraopreto.com.br\/wp-content\/uploads\/2024\/08\/album-harry-potter-1_2024-08-01_20-22-02_jpg_2024-08-01_20-22-03.webp.webp?fit=1200%2C799&ssl=1&resize=350%2C200 1x, https:\/\/i0.wp.com\/noticiasribeiraopreto.com.br\/wp-content\/uploads\/2024\/08\/album-harry-potter-1_2024-08-01_20-22-02_jpg_2024-08-01_20-22-03.webp.webp?fit=1200%2C799&ssl=1&resize=525%2C300 1.5x, https:\/\/i0.wp.com\/noticiasribeiraopreto.com.br\/wp-content\/uploads\/2024\/08\/album-harry-potter-1_2024-08-01_20-22-02_jpg_2024-08-01_20-22-03.webp.webp?fit=1200%2C799&ssl=1&resize=700%2C400 2x, https:\/\/i0.wp.com\/noticiasribeiraopreto.com.br\/wp-content\/uploads\/2024\/08\/album-harry-potter-1_2024-08-01_20-22-02_jpg_2024-08-01_20-22-03.webp.webp?fit=1200%2C799&ssl=1&resize=1050%2C600 3x"},"classes":[]},{"id":74506,"url":"https:\/\/noticiasribeiraopreto.com.br\/index.php\/2025\/07\/23\/rede-de-supermercados-anuncia-campanha-de-aniversario-com-r-3-milhoes-em-premios\/","url_meta":{"origin":46632,"position":3},"title":"Rede de supermercados anuncia campanha de anivers\u00e1rio com R$ 3 milh\u00f5es em pr\u00eamios","author":"noticiasribeiraopreto.com.br","date":"23 de July de 2025","format":false,"excerpt":"Para celebrar os 49 anos do Savegnago Supermercados, que ser\u00e3o completados em agosto, a rede lan\u00e7a a campanha \u201cAnivers\u00e1rio Savegnago: \u00c9 Muito Pr\u00eamio Na M\u00e3o\u201d, que vai distribuir R$ 3 milh\u00f5es. O an\u00fancio foi realizado nesta quarta-feira (23). Ser\u00e3o realizados tr\u00eas sorteios, com 60 ganhadores no total e premia\u00e7\u00e3o de\u2026","rel":"","context":"In &quot;Not\u00edcias de Ribeir\u00e3o Preto-SP e Regi\u00e3o&quot;","block_context":{"text":"Not\u00edcias de Ribeir\u00e3o Preto-SP e Regi\u00e3o","link":"https:\/\/noticiasribeiraopreto.com.br\/index.php\/category\/noticias-de-ribeirao-preto-sp-e-regiao-ismael-colosi\/"},"img":{"alt_text":"","src":"https:\/\/i0.wp.com\/noticiasribeiraopreto.com.br\/wp-content\/uploads\/2025\/07\/campanha-savegnago_2025-07-23_19-19-01.webp.webp?fit=1200%2C800&ssl=1&resize=350%2C200","width":350,"height":200,"srcset":"https:\/\/i0.wp.com\/noticiasribeiraopreto.com.br\/wp-content\/uploads\/2025\/07\/campanha-savegnago_2025-07-23_19-19-01.webp.webp?fit=1200%2C800&ssl=1&resize=350%2C200 1x, https:\/\/i0.wp.com\/noticiasribeiraopreto.com.br\/wp-content\/uploads\/2025\/07\/campanha-savegnago_2025-07-23_19-19-01.webp.webp?fit=1200%2C800&ssl=1&resize=525%2C300 1.5x, https:\/\/i0.wp.com\/noticiasribeiraopreto.com.br\/wp-content\/uploads\/2025\/07\/campanha-savegnago_2025-07-23_19-19-01.webp.webp?fit=1200%2C800&ssl=1&resize=700%2C400 2x, https:\/\/i0.wp.com\/noticiasribeiraopreto.com.br\/wp-content\/uploads\/2025\/07\/campanha-savegnago_2025-07-23_19-19-01.webp.webp?fit=1200%2C800&ssl=1&resize=1050%2C600 3x"},"classes":[]},{"id":81132,"url":"https:\/\/noticiasribeiraopreto.com.br\/index.php\/2025\/12\/25\/botafogo-aparece-na-34a-posicao-no-ranking-nacional-de-clubes-da-cbf\/","url_meta":{"origin":46632,"position":4},"title":"Botafogo aparece na 34\u00aa posi\u00e7\u00e3o no ranking nacional de clubes da CBF","author":"noticiasribeiraopreto.com.br","date":"25 de December de 2025","format":false,"excerpt":"A CBF (Confedera\u00e7\u00e3o Brasileira de Futebol) divulgou nesta quarta-feira (24) a atualiza\u00e7\u00e3o do seu ranking nacional de clubes para 2026. O Botafogo de Ribeir\u00e3o Preto aparece na 34\u00aa coloca\u00e7\u00e3o, com 4.036 pontos \u2013 o Pantera \u00e9 a oitava equipe do estado de S\u00e3o Paulo. Atual campe\u00e3o brasileiro, o Flamengo segue\u2026","rel":"","context":"In &quot;Not\u00edcias de Ribeir\u00e3o Preto-SP e Regi\u00e3o&quot;","block_context":{"text":"Not\u00edcias de Ribeir\u00e3o Preto-SP e Regi\u00e3o","link":"https:\/\/noticiasribeiraopreto.com.br\/index.php\/category\/noticias-de-ribeirao-preto-sp-e-regiao-ismael-colosi\/"},"img":{"alt_text":"","src":"https:\/\/i0.wp.com\/noticiasribeiraopreto.com.br\/wp-content\/uploads\/2025\/12\/botafogo-de-ribeirao-preto_2025-12-24_20-21-27.webp.webp?fit=1200%2C800&ssl=1&resize=350%2C200","width":350,"height":200,"srcset":"https:\/\/i0.wp.com\/noticiasribeiraopreto.com.br\/wp-content\/uploads\/2025\/12\/botafogo-de-ribeirao-preto_2025-12-24_20-21-27.webp.webp?fit=1200%2C800&ssl=1&resize=350%2C200 1x, https:\/\/i0.wp.com\/noticiasribeiraopreto.com.br\/wp-content\/uploads\/2025\/12\/botafogo-de-ribeirao-preto_2025-12-24_20-21-27.webp.webp?fit=1200%2C800&ssl=1&resize=525%2C300 1.5x, https:\/\/i0.wp.com\/noticiasribeiraopreto.com.br\/wp-content\/uploads\/2025\/12\/botafogo-de-ribeirao-preto_2025-12-24_20-21-27.webp.webp?fit=1200%2C800&ssl=1&resize=700%2C400 2x, https:\/\/i0.wp.com\/noticiasribeiraopreto.com.br\/wp-content\/uploads\/2025\/12\/botafogo-de-ribeirao-preto_2025-12-24_20-21-27.webp.webp?fit=1200%2C800&ssl=1&resize=1050%2C600 3x"},"classes":[]},{"id":67619,"url":"https:\/\/noticiasribeiraopreto.com.br\/index.php\/2025\/04\/16\/conheca-os-30-maiores-supermercados-do-brasil-veja-os-faturamentos\/","url_meta":{"origin":46632,"position":5},"title":"Conhe\u00e7a os 30 maiores supermercados do Brasil; Veja os faturamentos","author":"noticiasribeiraopreto.com.br","date":"16 de April de 2025","format":false,"excerpt":"A Abras (Associa\u00e7\u00e3o Brasileira de Supermercados) divulgou na \u00faltima ter\u00e7a-feira (15) quais s\u00e3o os 30 maiores supermercados e atacarejos do Brasil. O levantamento abrange 424.120 lojas e 30 milh\u00f5es de consumidores em todo o Pa\u00eds, alcan\u00e7ando o faturamento de R$ 1,067 trilh\u00e3o. O n\u00famero \u00e9 equivalente a 9,12% do PIB\u2026","rel":"","context":"In &quot;Not\u00edcias de Ribeir\u00e3o Preto-SP e Regi\u00e3o&quot;","block_context":{"text":"Not\u00edcias de Ribeir\u00e3o Preto-SP e Regi\u00e3o","link":"https:\/\/noticiasribeiraopreto.com.br\/index.php\/category\/noticias-de-ribeirao-preto-sp-e-regiao-ismael-colosi\/"},"img":{"alt_text":"","src":"https:\/\/i0.wp.com\/noticiasribeiraopreto.com.br\/wp-content\/uploads\/2024\/12\/17788_2024-12-23_18-21-24_jpg_2024-12-23_18-21-24.webp.webp?fit=1200%2C800&ssl=1&resize=350%2C200","width":350,"height":200,"srcset":"https:\/\/i0.wp.com\/noticiasribeiraopreto.com.br\/wp-content\/uploads\/2024\/12\/17788_2024-12-23_18-21-24_jpg_2024-12-23_18-21-24.webp.webp?fit=1200%2C800&ssl=1&resize=350%2C200 1x, https:\/\/i0.wp.com\/noticiasribeiraopreto.com.br\/wp-content\/uploads\/2024\/12\/17788_2024-12-23_18-21-24_jpg_2024-12-23_18-21-24.webp.webp?fit=1200%2C800&ssl=1&resize=525%2C300 1.5x, https:\/\/i0.wp.com\/noticiasribeiraopreto.com.br\/wp-content\/uploads\/2024\/12\/17788_2024-12-23_18-21-24_jpg_2024-12-23_18-21-24.webp.webp?fit=1200%2C800&ssl=1&resize=700%2C400 2x, https:\/\/i0.wp.com\/noticiasribeiraopreto.com.br\/wp-content\/uploads\/2024\/12\/17788_2024-12-23_18-21-24_jpg_2024-12-23_18-21-24.webp.webp?fit=1200%2C800&ssl=1&resize=1050%2C600 3x"},"classes":[]}],"jetpack_sharing_enabled":true,"jetpack_shortlink":"https:\/\/wp.me\/peQAOb-c88","_links":{"self":[{"href":"https:\/\/noticiasribeiraopreto.com.br\/index.php\/wp-json\/wp\/v2\/posts\/46632","targetHints":{"allow":["GET"]}}],"collection":[{"href":"https:\/\/noticiasribeiraopreto.com.br\/index.php\/wp-json\/wp\/v2\/posts"}],"about":[{"href":"https:\/\/noticiasribeiraopreto.com.br\/index.php\/wp-json\/wp\/v2\/types\/post"}],"author":[{"embeddable":true,"href":"https:\/\/noticiasribeiraopreto.com.br\/index.php\/wp-json\/wp\/v2\/users\/1"}],"replies":[{"embeddable":true,"href":"https:\/\/noticiasribeiraopreto.com.br\/index.php\/wp-json\/wp\/v2\/comments?post=46632"}],"version-history":[{"count":0,"href":"https:\/\/noticiasribeiraopreto.com.br\/index.php\/wp-json\/wp\/v2\/posts\/46632\/revisions"}],"wp:featuredmedia":[{"embeddable":true,"href":"https:\/\/noticiasribeiraopreto.com.br\/index.php\/wp-json\/wp\/v2\/media\/46633"}],"wp:attachment":[{"href":"https:\/\/noticiasribeiraopreto.com.br\/index.php\/wp-json\/wp\/v2\/media?parent=46632"}],"wp:term":[{"taxonomy":"category","embeddable":true,"href":"https:\/\/noticiasribeiraopreto.com.br\/index.php\/wp-json\/wp\/v2\/categories?post=46632"},{"taxonomy":"post_tag","embeddable":true,"href":"https:\/\/noticiasribeiraopreto.com.br\/index.php\/wp-json\/wp\/v2\/tags?post=46632"}],"curies":[{"name":"wp","href":"https:\/\/api.w.org\/{rel}","templated":true}]}}