{"id":46638,"date":"2024-04-12T18:12:05","date_gmt":"2024-04-12T21:12:05","guid":{"rendered":"https:\/\/noticiasribeiraopreto.com.br\/index.php\/2024\/04\/12\/frente-fria-deixa-o-tempo-instavel-neste-final-de-semana-no-interior-de-sp-veja-a-previsao\/"},"modified":"2024-04-12T18:12:05","modified_gmt":"2024-04-12T21:12:05","slug":"frente-fria-deixa-o-tempo-instavel-neste-final-de-semana-no-interior-de-sp-veja-a-previsao","status":"publish","type":"post","link":"https:\/\/noticiasribeiraopreto.com.br\/index.php\/2024\/04\/12\/frente-fria-deixa-o-tempo-instavel-neste-final-de-semana-no-interior-de-sp-veja-a-previsao\/","title":{"rendered":"Frente fria deixa o tempo inst\u00e1vel neste final de semana no interior de SP; Veja a previs\u00e3o"},"content":{"rendered":"<div class='code-block code-block-1' style='margin: 8px 0 8px auto; text-align: right; display: block; clear: both;'>\n<p><a href=\"https:\/\/wa.link\/vpicfd\"><img data-recalc-dims=\"1\" class=\"wp-image-4922\" style=\"aspect-ratio: 2.0253164556962027; width: 561px; height: auto;\" src=\"https:\/\/i0.wp.com\/ismaelcolosi.com.br\/wp-content\/uploads\/2023\/11\/grupo-de-empregos-whatsapp-e-facebook-ismael-colosi-vagas.jpg?ssl=1\" alt=\"\" \/><\/a><\/p>\n<!-- \/wp:image -->\n<\/div>\n<p> <br \/>\n<\/p>\n<div>\n<p>Uma<strong> frente fria<\/strong> passou pelo Sul do Brasil e chegou ao <strong>estado de S\u00e3o Paulo<\/strong> na noite desta quinta-feira (11). No entanto, para a tristeza de v\u00e1rias pessoas, esse sistema <strong>n\u00e3o vai causar queda de temperatura.<\/strong><\/p>\n<p><mark style=\"background-color:#fcb900\" class=\"has-inline-color\">De acordo com a meteorologia, essa frente fria <strong>vai aumentar a umidade<\/strong> e a <strong>forma\u00e7\u00e3o de nuvens carregadas<\/strong>.<\/mark><\/p>\n<p>Nesta <strong>sexta-feira (12)<\/strong>, por exemplo, h\u00e1 grande varia\u00e7\u00e3o de nuvens e previs\u00e3o de <strong>chuva moderada<\/strong> bem <strong>isolada <\/strong>no fim do dia.<\/p>\n<h4 class=\"wp-block-heading\"><strong>Por que a frente fria n\u00e3o fez as temperaturas ca\u00edrem?<\/strong><\/h4>\n<p>A alta press\u00e3o que veio na retaguarda desse sistema trouxe um ar frio, mas ele ficou concentrado em <strong>Santa Catarina<\/strong> e no <strong>Rio Grande do Sul<\/strong>.<\/p>\n<p>No estado de <strong>S\u00e3o Paulo<\/strong>, essa frente fria atua de forma costeira, portanto, impacta no aumento de chuvas. No <strong>interior paulista<\/strong>, por exemplo, a previs\u00e3o \u00e9 de que <strong>aumentem as condi\u00e7\u00f5es para chuva por conta da umidade<\/strong>.<\/p>\n<h4 class=\"wp-block-heading\"><strong>E como ser\u00e1 o final de semana no interior de SP?<\/strong><\/h4>\n<p>De acordo com o <strong><a href=\"https:\/\/www.cpa.unicamp.br\/\" target=\"_blank\" rel=\"noreferrer noopener\">Cepagri <\/a><\/strong>(Centro de Pesquisas Meteorol\u00f3gicas e Clim\u00e1ticas Aplicadas \u00e0 Agricultura) de Campinas, as condi\u00e7\u00f5es para o final de semana s\u00e3o semelhantes. \u00a0<\/p>\n<p><mark style=\"background-color:#fcb900\" class=\"has-inline-color\">O tempo deve ficar <strong>nublado e inst\u00e1vel no litoral<\/strong>, enquanto o restante do <strong>estado, inclusive o interior, tem sol entre nuvens e chuva isolada no fim do dia.<\/strong><\/mark><\/p>\n<h4 class=\"wp-block-heading\"><strong>Quando vai chover em Ribeir\u00e3o Preto?<\/strong><\/h4>\n<p>O <strong>Instituto Nacional de Meteorologia (Inmet)<\/strong> emitiu um alerta para risco de chuvas intensas em parte do interior de S\u00e3o Paulo \u2013 <em>a lista inclui cidades da regi\u00e3o<\/em>.<\/p>\n<p><strong>Ribeir\u00e3o Preto<\/strong>, apesar de n\u00e3o estar no alerta do <strong>Inmet<\/strong>, tem possibilidade de <strong>pancadas isoladas de chuva<\/strong>, de acordo com a <strong><a href=\"https:\/\/www.climatempo.com.br\/\" target=\"_blank\" rel=\"noreferrer noopener\">Climatempo<\/a><\/strong>, durante todo o final de semana.<\/p>\n<h5 class=\"wp-block-heading\"><strong>Veja como fica o clima em Ribeir\u00e3o no final de semana<\/strong><\/h5>\n<ul>\n<li><strong>S\u00e1bado (13):<\/strong> Sol e aumento de nuvens de manh\u00e3. Pancadas de chuva \u00e0 tarde. \u00c0 noite o tempo fica aberto. M\u00ednima de 21\u00baC e m\u00e1xima de 31\u00baC;<\/li>\n<\/ul>\n<ul>\n<li><strong>Domingo (14):<\/strong> Sol e aumento de nuvens de manh\u00e3. Pancadas de chuva \u00e0 tarde e \u00e0 noite. M\u00ednima de 21\u00baC e m\u00e1xima de 29\u00baC.<\/li>\n<\/ul>\n<hr class=\"wp-block-separator has-alpha-channel-opacity\"\/>\n<p>SAIBA MAIS<\/p>\n<p>Veja o que motorista envolvido em acidente com mortes durante despedida de solteiro disse \u00e0 pol\u00edcia<\/p>\n<h4 class=\"wp-block-heading\"><strong><mark>FIQUE ON<\/mark><\/strong><\/h4>\n<p>Fique ligado em tudo que acontece em Ribeir\u00e3o Preto e regi\u00e3o. Siga os perfis do\u00a0<strong>acidade on\u00a0<\/strong>no\u00a0<a href=\"https:\/\/www.instagram.com\/acidadeonribeirao\" target=\"_blank\" rel=\"noreferrer noopener\">Instagram<\/a>\u00a0e no\u00a0<a href=\"https:\/\/www.facebook.com\/acidadeonribeirao\" target=\"_blank\" rel=\"noreferrer noopener\">Facebook<\/a>.<\/p>\n<p>Receba not\u00edcias do acidade on no WhatsApp. Para entrar no grupo, basta\u00a0<a href=\"https:\/\/chat.whatsapp.com\/GFH9HUMUTHNFJdnyEd0xxq\" target=\"_blank\" rel=\"noreferrer noopener\">clicar aqui<\/a>.<\/p>\n<p>Fa\u00e7a uma den\u00fancia ou sugira uma reportagem sobre Ribeir\u00e3o Preto e regi\u00e3o pelo WhatsApp: 16 99117 7802.<\/p>\n<p>VEJA TAMB\u00c9M<\/p>\n<p>Por que Neymar foi criticado no anivers\u00e1rio da filha?<\/p>\n<p><!-- AI CONTENT END 1 -->\n<\/div>\n<p><script async src=\"\/\/www.instagram.com\/embed.js\"><\/script><br \/>\n<br \/><br \/>\n<br \/><a href=\"https:\/\/www.acidadeon.com\/ribeiraopreto\/cotidiano\/frente-fria-deixa-o-tempo-instavel-neste-final-de-semana-no-interior-de-sp-veja-a-previsao\/\">Source link <\/a><\/p>\n<!-- CONTENT END 1 -->\n","protected":false},"excerpt":{"rendered":"<p>Uma frente fria passou pelo Sul do Brasil e chegou ao estado de S\u00e3o Paulo na noite desta quinta-feira (11). No entanto, para a tristeza&#8230;<\/p>\n","protected":false},"author":1,"featured_media":46639,"comment_status":"open","ping_status":"open","sticky":false,"template":"","format":"standard","meta":{"advanced_seo_description":"","jetpack_seo_html_title":"","jetpack_seo_noindex":false,"jetpack_seo_schema_type":"","_jetpack_newsletter_access":"","_jetpack_dont_email_post_to_subs":false,"_jetpack_newsletter_tier_id":0,"_jetpack_memberships_contains_paywalled_content":false,"_jetpack_feature_clip_id":0,"_jetpack_memberships_contains_paid_content":false,"footnotes":"","jetpack_publicize_message":"","jetpack_publicize_feature_enabled":true,"jetpack_social_post_already_shared":true,"jetpack_social_options":{"image_generator_settings":{"template":"highway","default_image_id":0,"font":"","enabled":false},"version":2},"jetpack_post_was_ever_published":false},"categories":[11],"tags":[],"class_list":["post-46638","post","type-post","status-publish","format-standard","has-post-thumbnail","hentry","category-noticias-de-ribeirao-preto-sp-e-regiao-ismael-colosi"],"jetpack_publicize_connections":[],"jetpack-related-posts":[{"id":87279,"url":"https:\/\/noticiasribeiraopreto.com.br\/index.php\/2026\/06\/30\/frente-fria-e-ar-polar-mudam-o-tempo-e-derrubam-as-temperaturas\/","url_meta":{"origin":46638,"position":0},"title":"Frente fria e ar polar mudam o tempo e derrubam as temperaturas","author":"noticiasribeiraopreto.com.br","date":"30 de June de 2026","format":false,"excerpt":"Uma nova frente fria deve mudar o tempo no estado de S\u00e3o Paulo a partir desta sexta-feira (3), trazendo aumento da nebulosidade, chuva e uma nova queda nas temperaturas. De acordo com os meteorologistas, esse sistema ser\u00e1 formado ap\u00f3s o aprofundamento de uma \u00e1rea de baixa press\u00e3o sobre o oceano,\u2026","rel":"","context":"In &quot;Not\u00edcias de Ribeir\u00e3o Preto-SP e Regi\u00e3o&quot;","block_context":{"text":"Not\u00edcias de Ribeir\u00e3o Preto-SP e Regi\u00e3o","link":"https:\/\/noticiasribeiraopreto.com.br\/index.php\/category\/noticias-de-ribeirao-preto-sp-e-regiao-ismael-colosi\/"},"img":{"alt_text":"","src":"https:\/\/i0.wp.com\/noticiasribeiraopreto.com.br\/wp-content\/uploads\/2026\/06\/Mirage-Circus_2026-06-30_20-43-29.webp.webp?fit=1200%2C675&ssl=1&resize=350%2C200","width":350,"height":200,"srcset":"https:\/\/i0.wp.com\/noticiasribeiraopreto.com.br\/wp-content\/uploads\/2026\/06\/Mirage-Circus_2026-06-30_20-43-29.webp.webp?fit=1200%2C675&ssl=1&resize=350%2C200 1x, https:\/\/i0.wp.com\/noticiasribeiraopreto.com.br\/wp-content\/uploads\/2026\/06\/Mirage-Circus_2026-06-30_20-43-29.webp.webp?fit=1200%2C675&ssl=1&resize=525%2C300 1.5x, https:\/\/i0.wp.com\/noticiasribeiraopreto.com.br\/wp-content\/uploads\/2026\/06\/Mirage-Circus_2026-06-30_20-43-29.webp.webp?fit=1200%2C675&ssl=1&resize=700%2C400 2x, https:\/\/i0.wp.com\/noticiasribeiraopreto.com.br\/wp-content\/uploads\/2026\/06\/Mirage-Circus_2026-06-30_20-43-29.webp.webp?fit=1200%2C675&ssl=1&resize=1050%2C600 3x"},"classes":[]},{"id":90733,"url":"https:\/\/noticiasribeiraopreto.com.br\/index.php\/2026\/08\/28\/calorao-com-os-dias-contados-frente-fria-avanca-e-atinge-ribeirao-preto\/","url_meta":{"origin":46638,"position":1},"title":"Calor\u00e3o com os dias contados? Frente fria avan\u00e7a e atinge interior de SP; veja quando","author":"noticiasribeiraopreto.com.br","date":"28 de August de 2026","format":false,"excerpt":"O calor\u00e3o ganha for\u00e7a nesse final de semana, e Ribeir\u00e3o Preto pode se aproximar dos 40\u00baC nos pr\u00f3ximos dias, antes da chegada de uma nova frente fria na pr\u00f3xima semana. Nesta sexta-feira (28), o dia ser\u00e1 de sol, com aumento de nuvens a partir da tarde, mas sem chances de\u2026","rel":"","context":"In &quot;Not\u00edcias de Ribeir\u00e3o Preto-SP e Regi\u00e3o&quot;","block_context":{"text":"Not\u00edcias de Ribeir\u00e3o Preto-SP e Regi\u00e3o","link":"https:\/\/noticiasribeiraopreto.com.br\/index.php\/category\/noticias-de-ribeirao-preto-sp-e-regiao-ismael-colosi\/"},"img":{"alt_text":"","src":"https:\/\/i0.wp.com\/noticiasribeiraopreto.com.br\/wp-content\/uploads\/2026\/06\/previsao-tempo-ceu-azul_2026-05-02_12-14-39.webp.webp?fit=1200%2C900&ssl=1&resize=350%2C200","width":350,"height":200,"srcset":"https:\/\/i0.wp.com\/noticiasribeiraopreto.com.br\/wp-content\/uploads\/2026\/06\/previsao-tempo-ceu-azul_2026-05-02_12-14-39.webp.webp?fit=1200%2C900&ssl=1&resize=350%2C200 1x, https:\/\/i0.wp.com\/noticiasribeiraopreto.com.br\/wp-content\/uploads\/2026\/06\/previsao-tempo-ceu-azul_2026-05-02_12-14-39.webp.webp?fit=1200%2C900&ssl=1&resize=525%2C300 1.5x, https:\/\/i0.wp.com\/noticiasribeiraopreto.com.br\/wp-content\/uploads\/2026\/06\/previsao-tempo-ceu-azul_2026-05-02_12-14-39.webp.webp?fit=1200%2C900&ssl=1&resize=700%2C400 2x, https:\/\/i0.wp.com\/noticiasribeiraopreto.com.br\/wp-content\/uploads\/2026\/06\/previsao-tempo-ceu-azul_2026-05-02_12-14-39.webp.webp?fit=1200%2C900&ssl=1&resize=1050%2C600 3x"},"classes":[]},{"id":46472,"url":"https:\/\/noticiasribeiraopreto.com.br\/index.php\/2024\/04\/11\/frente-fria-nao-derruba-temperatura-no-interior-de-sp-mas-pode-trazer-chuva-entenda\/","url_meta":{"origin":46638,"position":2},"title":"Frente fria n\u00e3o derruba temperatura no interior de SP mas pode trazer chuva; Entenda","author":"noticiasribeiraopreto.com.br","date":"11 de April de 2024","format":false,"excerpt":"A frente fria que avan\u00e7ou da Argentina, se deslocou pelo alto mar em dire\u00e7\u00e3o ao Sudeste brasileiro, nesta quinta-feira (11), e causou chuva em algumas cidades do estado de S\u00e3o Paulo. No interior paulista, a chegada desse sistema n\u00e3o vai causar queda nas temperaturas, contudo, vai aumentar a umidade e\u2026","rel":"","context":"In &quot;Not\u00edcias de Ribeir\u00e3o Preto-SP e Regi\u00e3o&quot;","block_context":{"text":"Not\u00edcias de Ribeir\u00e3o Preto-SP e Regi\u00e3o","link":"https:\/\/noticiasribeiraopreto.com.br\/index.php\/category\/noticias-de-ribeirao-preto-sp-e-regiao-ismael-colosi\/"},"img":{"alt_text":"","src":"https:\/\/i0.wp.com\/noticiasribeiraopreto.com.br\/wp-content\/uploads\/2024\/04\/chuva.jpeg?fit=1200%2C903&ssl=1&resize=350%2C200","width":350,"height":200,"srcset":"https:\/\/i0.wp.com\/noticiasribeiraopreto.com.br\/wp-content\/uploads\/2024\/04\/chuva.jpeg?fit=1200%2C903&ssl=1&resize=350%2C200 1x, https:\/\/i0.wp.com\/noticiasribeiraopreto.com.br\/wp-content\/uploads\/2024\/04\/chuva.jpeg?fit=1200%2C903&ssl=1&resize=525%2C300 1.5x, https:\/\/i0.wp.com\/noticiasribeiraopreto.com.br\/wp-content\/uploads\/2024\/04\/chuva.jpeg?fit=1200%2C903&ssl=1&resize=700%2C400 2x, https:\/\/i0.wp.com\/noticiasribeiraopreto.com.br\/wp-content\/uploads\/2024\/04\/chuva.jpeg?fit=1200%2C903&ssl=1&resize=1050%2C600 3x"},"classes":[]},{"id":88558,"url":"https:\/\/noticiasribeiraopreto.com.br\/index.php\/2026\/07\/21\/frente-fria-muda-o-tempo-em-sp-e-coloca-fim-ao-calorao-veja-o-que-esperar\/","url_meta":{"origin":46638,"position":3},"title":"Frente fria muda o tempo em SP e coloca fim ao calor\u00e3o? Veja o que esperar","author":"noticiasribeiraopreto.com.br","date":"21 de July de 2026","format":false,"excerpt":"Uma nova frente fria deve chegar ao estado de S\u00e3o Paulo nesta semana, colocando fim ao per\u00edodo de dias ensolarados e secos e provocando mudan\u00e7as no tempo. De acordo com a meteorologista Fl\u00e1via Rosso, da Meteored, al\u00e9m de levar pancadas de chuva e temporais isolados, esse sistema tamb\u00e9m vai causar\u2026","rel":"","context":"In &quot;Not\u00edcias de Ribeir\u00e3o Preto-SP e Regi\u00e3o&quot;","block_context":{"text":"Not\u00edcias de Ribeir\u00e3o Preto-SP e Regi\u00e3o","link":"https:\/\/noticiasribeiraopreto.com.br\/index.php\/category\/noticias-de-ribeirao-preto-sp-e-regiao-ismael-colosi\/"},"img":{"alt_text":"","src":"https:\/\/i0.wp.com\/noticiasribeiraopreto.com.br\/wp-content\/uploads\/2026\/07\/previsao-1.jpg?fit=1200%2C675&ssl=1&resize=350%2C200","width":350,"height":200,"srcset":"https:\/\/i0.wp.com\/noticiasribeiraopreto.com.br\/wp-content\/uploads\/2026\/07\/previsao-1.jpg?fit=1200%2C675&ssl=1&resize=350%2C200 1x, https:\/\/i0.wp.com\/noticiasribeiraopreto.com.br\/wp-content\/uploads\/2026\/07\/previsao-1.jpg?fit=1200%2C675&ssl=1&resize=525%2C300 1.5x, https:\/\/i0.wp.com\/noticiasribeiraopreto.com.br\/wp-content\/uploads\/2026\/07\/previsao-1.jpg?fit=1200%2C675&ssl=1&resize=700%2C400 2x, https:\/\/i0.wp.com\/noticiasribeiraopreto.com.br\/wp-content\/uploads\/2026\/07\/previsao-1.jpg?fit=1200%2C675&ssl=1&resize=1050%2C600 3x"},"classes":[]},{"id":70044,"url":"https:\/\/noticiasribeiraopreto.com.br\/index.php\/2025\/05\/22\/nova-frente-fria-traz-chuva-para-sp-veja-previsao-para-os-proximos-dias\/","url_meta":{"origin":46638,"position":4},"title":"Nova frente fria traz chuva para SP; Veja previs\u00e3o para os pr\u00f3ximos dias","author":"noticiasribeiraopreto.com.br","date":"22 de May de 2025","format":false,"excerpt":"A chegada de uma frente fria mudou o tempo em algumas regi\u00f5es de S\u00e3o Paulo, favorecendo a forma\u00e7\u00e3o de nuvens e aumentando as condi\u00e7\u00f5es para chuva, principalmente nas \u00e1reas mais pr\u00f3ximas ao mar. No interior paulista, no entanto, os efeitos desse sistema quase n\u00e3o devem ser sentidos. Em Ribeir\u00e3o Preto,\u2026","rel":"","context":"In &quot;Not\u00edcias de Ribeir\u00e3o Preto-SP e Regi\u00e3o&quot;","block_context":{"text":"Not\u00edcias de Ribeir\u00e3o Preto-SP e Regi\u00e3o","link":"https:\/\/noticiasribeiraopreto.com.br\/index.php\/category\/noticias-de-ribeirao-preto-sp-e-regiao-ismael-colosi\/"},"img":{"alt_text":"","src":"https:\/\/noticiasribeiraopreto.com.br\/wp-content\/uploads\/2024\/04\/whatsapp_image_2022-08-08_at_07_42_08.jpe","width":350,"height":200,"srcset":"https:\/\/noticiasribeiraopreto.com.br\/wp-content\/uploads\/2024\/04\/whatsapp_image_2022-08-08_at_07_42_08.jpe 1x, https:\/\/noticiasribeiraopreto.com.br\/wp-content\/uploads\/2024\/04\/whatsapp_image_2022-08-08_at_07_42_08.jpe 1.5x, https:\/\/noticiasribeiraopreto.com.br\/wp-content\/uploads\/2024\/04\/whatsapp_image_2022-08-08_at_07_42_08.jpe 2x, https:\/\/noticiasribeiraopreto.com.br\/wp-content\/uploads\/2024\/04\/whatsapp_image_2022-08-08_at_07_42_08.jpe 3x"},"classes":[]},{"id":46128,"url":"https:\/\/noticiasribeiraopreto.com.br\/index.php\/2024\/04\/09\/entenda-a-frente-fria-que-deve-atingir-o-estado-de-sp\/","url_meta":{"origin":46638,"position":5},"title":"Entenda a frente fria que deve atingir o estado de SP","author":"noticiasribeiraopreto.com.br","date":"9 de April de 2024","format":false,"excerpt":"Uma nova frente fria deve atingir o estado de S\u00e3o Paulo, a partir desta quinta-feira (11), trazendo mais umidade e maiores condi\u00e7\u00f5es de chuva no final desta semana, de acordo com a Climatempo. A previs\u00e3o indica que esse sistema come\u00e7a a avan\u00e7ar da Argentina, nesta ter\u00e7a-feira (09), e \u00e0 noite\u2026","rel":"","context":"In &quot;Not\u00edcias de Ribeir\u00e3o Preto-SP e Regi\u00e3o&quot;","block_context":{"text":"Not\u00edcias de Ribeir\u00e3o Preto-SP e Regi\u00e3o","link":"https:\/\/noticiasribeiraopreto.com.br\/index.php\/category\/noticias-de-ribeirao-preto-sp-e-regiao-ismael-colosi\/"},"img":{"alt_text":"","src":"https:\/\/i0.wp.com\/noticiasribeiraopreto.com.br\/wp-content\/uploads\/2024\/04\/AnyConv.com__WhatsApp-Image-2024-04-05-at-15.03.28.webp.webp?fit=1200%2C553&ssl=1&resize=350%2C200","width":350,"height":200,"srcset":"https:\/\/i0.wp.com\/noticiasribeiraopreto.com.br\/wp-content\/uploads\/2024\/04\/AnyConv.com__WhatsApp-Image-2024-04-05-at-15.03.28.webp.webp?fit=1200%2C553&ssl=1&resize=350%2C200 1x, https:\/\/i0.wp.com\/noticiasribeiraopreto.com.br\/wp-content\/uploads\/2024\/04\/AnyConv.com__WhatsApp-Image-2024-04-05-at-15.03.28.webp.webp?fit=1200%2C553&ssl=1&resize=525%2C300 1.5x, https:\/\/i0.wp.com\/noticiasribeiraopreto.com.br\/wp-content\/uploads\/2024\/04\/AnyConv.com__WhatsApp-Image-2024-04-05-at-15.03.28.webp.webp?fit=1200%2C553&ssl=1&resize=700%2C400 2x, https:\/\/i0.wp.com\/noticiasribeiraopreto.com.br\/wp-content\/uploads\/2024\/04\/AnyConv.com__WhatsApp-Image-2024-04-05-at-15.03.28.webp.webp?fit=1200%2C553&ssl=1&resize=1050%2C600 3x"},"classes":[]}],"jetpack_sharing_enabled":true,"jetpack_shortlink":"https:\/\/wp.me\/peQAOb-c8e","jetpack_featured_media_url":"https:\/\/i0.wp.com\/noticiasribeiraopreto.com.br\/wp-content\/uploads\/2024\/04\/chuva-forte.jpg?fit=1372%2C875&ssl=1","_links":{"self":[{"href":"https:\/\/noticiasribeiraopreto.com.br\/index.php\/wp-json\/wp\/v2\/posts\/46638","targetHints":{"allow":["GET"]}}],"collection":[{"href":"https:\/\/noticiasribeiraopreto.com.br\/index.php\/wp-json\/wp\/v2\/posts"}],"about":[{"href":"https:\/\/noticiasribeiraopreto.com.br\/index.php\/wp-json\/wp\/v2\/types\/post"}],"author":[{"embeddable":true,"href":"https:\/\/noticiasribeiraopreto.com.br\/index.php\/wp-json\/wp\/v2\/users\/1"}],"replies":[{"embeddable":true,"href":"https:\/\/noticiasribeiraopreto.com.br\/index.php\/wp-json\/wp\/v2\/comments?post=46638"}],"version-history":[{"count":0,"href":"https:\/\/noticiasribeiraopreto.com.br\/index.php\/wp-json\/wp\/v2\/posts\/46638\/revisions"}],"wp:featuredmedia":[{"embeddable":true,"href":"https:\/\/noticiasribeiraopreto.com.br\/index.php\/wp-json\/wp\/v2\/media\/46639"}],"wp:attachment":[{"href":"https:\/\/noticiasribeiraopreto.com.br\/index.php\/wp-json\/wp\/v2\/media?parent=46638"}],"wp:term":[{"taxonomy":"category","embeddable":true,"href":"https:\/\/noticiasribeiraopreto.com.br\/index.php\/wp-json\/wp\/v2\/categories?post=46638"},{"taxonomy":"post_tag","embeddable":true,"href":"https:\/\/noticiasribeiraopreto.com.br\/index.php\/wp-json\/wp\/v2\/tags?post=46638"}],"curies":[{"name":"wp","href":"https:\/\/api.w.org\/{rel}","templated":true}]}}