{"id":4665,"date":"2023-11-22T01:56:46","date_gmt":"2023-11-22T04:56:46","guid":{"rendered":"https:\/\/noticiasribeiraopreto.com.br\/index.php\/2023\/11\/22\/quem-e-a-mulher-que-perdeu-a-vida-apos-ter-carro-atingido-por-objeto-lancado-de-cima-de-viaduto-no-rj\/"},"modified":"2023-11-22T01:56:46","modified_gmt":"2023-11-22T04:56:46","slug":"quem-e-a-mulher-que-perdeu-a-vida-apos-ter-carro-atingido-por-objeto-lancado-de-cima-de-viaduto-no-rj","status":"publish","type":"post","link":"https:\/\/noticiasribeiraopreto.com.br\/index.php\/2023\/11\/22\/quem-e-a-mulher-que-perdeu-a-vida-apos-ter-carro-atingido-por-objeto-lancado-de-cima-de-viaduto-no-rj\/","title":{"rendered":"Quem \u00e9 a mulher que perdeu a vida ap\u00f3s ter carro atingido por objeto lan\u00e7ado de cima de viaduto no RJ"},"content":{"rendered":"<div class='code-block code-block-1' style='margin: 8px 0 8px auto; text-align: right; display: block; clear: both;'>\n<p><a href=\"https:\/\/wa.link\/vpicfd\"><img data-recalc-dims=\"1\" class=\"wp-image-4922\" style=\"aspect-ratio: 2.0253164556962027; width: 561px; height: auto;\" src=\"https:\/\/i0.wp.com\/ismaelcolosi.com.br\/wp-content\/uploads\/2023\/11\/grupo-de-empregos-whatsapp-e-facebook-ismael-colosi-vagas.jpg?ssl=1\" alt=\"\" \/><\/a><\/p>\n<!-- \/wp:image -->\n<\/div>\n<p> <br \/>\n<\/p>\n<div itemprop=\"text\">\n<p>Uma mulher de 41 anos, que perdeu a vida ap\u00f3s ser atingida por um objeto que provavelmente foi arremessado \u2013 sobre seu carro debaixo do viaduto Oscar Brito, na Avenida Brasil, em Campo Grande, estava prestes a se casar em janeiro.<\/p>\n<p>A an\u00e1lise pericial confirmou que os danos no ve\u00edculo apresentavam caracter\u00edsticas semelhantes \u00e0s provocadas por um peda\u00e7o de tronco.<\/p>\n<p>L\u00edgia Mello e seu noivo, Derlan Tavares, de 42 anos, retornavam do anivers\u00e1rio da m\u00e3e dele quando o carro foi atingido. A fam\u00edlia suspeita que o objeto tenha sido lan\u00e7ado sobre o ve\u00edculo por criminosos que pretendiam interromper o tr\u00e1fego para realizar assaltos.<\/p>\n<p>As investiga\u00e7\u00f5es est\u00e3o a cargo da delegacia de Campo Grande (35\u00aa DP). At\u00e9 o momento, o caso n\u00e3o est\u00e1 sendo tratado como homic\u00eddio. Uma per\u00edcia foi conduzida no local, e os policiais est\u00e3o em busca de imagens de c\u00e2meras de seguran\u00e7a para esclarecer as circunst\u00e2ncias da morte.<\/p>\n<p>Derlan Tavares, de 42 anos, detalhou o que aconteceu enquanto conduzia o ve\u00edculo quando foi atingido:<\/p>\n<p><i>\u201cA gente estava vindo de Sepetiba, do anivers\u00e1rio da minha m\u00e3e, quando chegamos embaixo do Oscar Brito jogaram um tronco de \u00e1rvore imenso, que caiu em cima da minha esposa, levando ela a falecer. Na hora, chovendo, consegui desesperado chegar at\u00e9 a UPA, mas infelizmente ela n\u00e3o resistiu.\u201d\u00a0<\/i><\/p>\n<p>Em sua primeira declara\u00e7\u00e3o, imediatamente ap\u00f3s o incidente, Derlan informou \u00e0 pol\u00edcia que o objeto que atingiu o carro era um fragmento de concreto, expressando suspeitas de que pudesse ter se soltado do viaduto. Contudo, ap\u00f3s o interrogat\u00f3rio inicial, a per\u00edcia esclareceu que se tratava, na verdade, de um peda\u00e7o de madeira.<\/p>\n<p>Para assistir o v\u00eddeo <a href=\"https:\/\/g1.globo.com\/rj\/rio-de-janeiro\/rj2\/video\/mulher-morre-atingida-por-um-objeto-quando-passava-de-carro-embaixo-de-um-viaduto-na-avenida-brasil-12132859.ghtml\" target=\"_blank\" rel=\"nofollow noopener\">CLIQUE AQUI!<\/a><\/p>\n<p>O homem ser\u00e1 convocado para prestar novo depoimento e retificar as informa\u00e7\u00f5es. De acordo com a fam\u00edlia, L\u00edgia foi levada a uma Unidade de Pronto Atendimento (UPA), e os profissionais de sa\u00fade indicaram que ela apresentava perfura\u00e7\u00f5es na costela, vindo a \u00f3bito devido a hemorragia e parada card\u00edaca. O sepultamento de L\u00edgia ocorreu na tarde desta ter\u00e7a-feira (21), em Sulacap, sem a realiza\u00e7\u00e3o de vel\u00f3rio.<\/p>\n<\/div>\n<p><br \/>\n<br \/><a href=\"https:\/\/fnmais.com\/quem-mulher-que-perdeu-vida-apos-ter-carro-atingido-por-objeto-lancado-cima-viaduto-no-rj-video\/\">Source link <\/a><\/p>\n<!-- CONTENT END 1 -->\n","protected":false},"excerpt":{"rendered":"<p>Uma mulher de 41 anos, que perdeu a vida ap\u00f3s ser atingida por um objeto que provavelmente foi arremessado \u2013 sobre seu carro debaixo do&#8230;<\/p>\n","protected":false},"author":1,"featured_media":4666,"comment_status":"open","ping_status":"open","sticky":false,"template":"","format":"standard","meta":{"advanced_seo_description":"","jetpack_seo_html_title":"","jetpack_seo_noindex":false,"jetpack_post_was_ever_published":false,"_jetpack_newsletter_access":"","_jetpack_dont_email_post_to_subs":false,"_jetpack_newsletter_tier_id":0,"_jetpack_memberships_contains_paywalled_content":false,"_jetpack_memberships_contains_paid_content":false,"footnotes":"","jetpack_publicize_message":"","jetpack_publicize_feature_enabled":true,"jetpack_social_post_already_shared":true,"jetpack_social_options":{"image_generator_settings":{"template":"highway","default_image_id":0,"font":"","enabled":false},"version":2}},"categories":[1],"tags":[],"class_list":["post-4665","post","type-post","status-publish","format-standard","has-post-thumbnail","hentry","category-blog"],"jetpack_publicize_connections":[],"jetpack_featured_media_url":"https:\/\/i0.wp.com\/noticiasribeiraopreto.com.br\/wp-content\/uploads\/2023\/11\/postimg-655d89af81bcb5151.jpg?fit=1200%2C628&ssl=1","jetpack-related-posts":[{"id":25926,"url":"https:\/\/noticiasribeiraopreto.com.br\/index.php\/2024\/01\/08\/homem-que-perdeu-a-vida-em-acidente-grave-apos-ser-ejetado-de-carro-e-identificado\/","url_meta":{"origin":4665,"position":0},"title":"Homem que perdeu a vida em acidente grave ap\u00f3s ser ejetado de carro \u00e9 identificado","author":"noticiasribeiraopreto.com.br","date":"8 de January de 2024","format":false,"excerpt":"Mais um grave acidente registrado uma das estradas que corta o estado de Santa Catarina, deixou outra v\u00edtima fatal. O caso esta sendo apurado pelas autoridades.De acordo com as primeiras informa\u00e7\u00f5es repassadas pelos agentes da Pol\u00edcia Rodovi\u00e1ria Federal (PRF), que foram acionados para atender a ocorr\u00eancia, a v\u00edtima fatal deste\u2026","rel":"","context":"In &quot;Blog&quot;","block_context":{"text":"Blog","link":"https:\/\/noticiasribeiraopreto.com.br\/index.php\/category\/blog\/"},"img":{"alt_text":"","src":"https:\/\/i0.wp.com\/noticiasribeiraopreto.com.br\/wp-content\/uploads\/2024\/01\/postimg-659c45ffc9e1f5667.jpg?fit=1200%2C628&ssl=1&resize=350%2C200","width":350,"height":200,"srcset":"https:\/\/i0.wp.com\/noticiasribeiraopreto.com.br\/wp-content\/uploads\/2024\/01\/postimg-659c45ffc9e1f5667.jpg?fit=1200%2C628&ssl=1&resize=350%2C200 1x, https:\/\/i0.wp.com\/noticiasribeiraopreto.com.br\/wp-content\/uploads\/2024\/01\/postimg-659c45ffc9e1f5667.jpg?fit=1200%2C628&ssl=1&resize=525%2C300 1.5x, https:\/\/i0.wp.com\/noticiasribeiraopreto.com.br\/wp-content\/uploads\/2024\/01\/postimg-659c45ffc9e1f5667.jpg?fit=1200%2C628&ssl=1&resize=700%2C400 2x, https:\/\/i0.wp.com\/noticiasribeiraopreto.com.br\/wp-content\/uploads\/2024\/01\/postimg-659c45ffc9e1f5667.jpg?fit=1200%2C628&ssl=1&resize=1050%2C600 3x"},"classes":[]},{"id":28272,"url":"https:\/\/noticiasribeiraopreto.com.br\/index.php\/2024\/01\/15\/delegado-do-rn-perde-a-vida-de-forma-tragica-apos-seu-carro-colidir-contra-poste-em-go-um-homem-honrado\/","url_meta":{"origin":4665,"position":1},"title":"Delegado do RN perde a vida de forma tr\u00e1gica ap\u00f3s seu carro colidir contra poste em GO: &#8216;Um homem honrado&#8217;","author":"noticiasribeiraopreto.com.br","date":"15 de January de 2024","format":false,"excerpt":"O delegado Donny Exodo Lima Cavalcante, de 38 anos, perdeu sua vida ap\u00f3s falecer em um tr\u00e1gico acidente de tr\u00e2nsito. A situa\u00e7\u00e3o aconteceu neste \u00faltimo domingo, dia 14 de janeiro, no Jardim Goi\u00e1s, na capital goiana. O delegado era filiado a Pol\u00edcia Civil do Rio Grande do Norte.A trag\u00e9dia aconteceu\u2026","rel":"","context":"In &quot;Blog&quot;","block_context":{"text":"Blog","link":"https:\/\/noticiasribeiraopreto.com.br\/index.php\/category\/blog\/"},"img":{"alt_text":"","src":"https:\/\/i0.wp.com\/noticiasribeiraopreto.com.br\/wp-content\/uploads\/2024\/01\/postimg-65a54cd761fb57681.jpg?fit=1200%2C628&ssl=1&resize=350%2C200","width":350,"height":200,"srcset":"https:\/\/i0.wp.com\/noticiasribeiraopreto.com.br\/wp-content\/uploads\/2024\/01\/postimg-65a54cd761fb57681.jpg?fit=1200%2C628&ssl=1&resize=350%2C200 1x, https:\/\/i0.wp.com\/noticiasribeiraopreto.com.br\/wp-content\/uploads\/2024\/01\/postimg-65a54cd761fb57681.jpg?fit=1200%2C628&ssl=1&resize=525%2C300 1.5x, https:\/\/i0.wp.com\/noticiasribeiraopreto.com.br\/wp-content\/uploads\/2024\/01\/postimg-65a54cd761fb57681.jpg?fit=1200%2C628&ssl=1&resize=700%2C400 2x, https:\/\/i0.wp.com\/noticiasribeiraopreto.com.br\/wp-content\/uploads\/2024\/01\/postimg-65a54cd761fb57681.jpg?fit=1200%2C628&ssl=1&resize=1050%2C600 3x"},"classes":[]},{"id":16146,"url":"https:\/\/noticiasribeiraopreto.com.br\/index.php\/2023\/12\/15\/quem-e-a-jovem-que-perdeu-a-vida-em-acidente-na-br-262-carro-foi-arrastado-por-cerca-de-50-metros-por-carreta-video\/","url_meta":{"origin":4665,"position":2},"title":"Quem \u00e9 a jovem que perdeu a vida em acidente na BR-262 \u2013 Carro foi arrastado por cerca de 50 metros por carreta \u2013 V\u00cdDEO","author":"noticiasribeiraopreto.com.br","date":"15 de December de 2023","format":false,"excerpt":"Na manh\u00e3 desta \u00faltima quinta-feira (14), um terr\u00edvel acidente envolvendo um carro e uma carreta terminou de maneira tr\u00e1gica. O caso aconteceu na\u00a0altura do munic\u00edpio de Ribas do Rio Pardo, localizada a cerca de 97 km da cidade de Campo Grande, capital do estado do Mato Grosso do Sul.De acordo\u2026","rel":"","context":"In &quot;Blog&quot;","block_context":{"text":"Blog","link":"https:\/\/noticiasribeiraopreto.com.br\/index.php\/category\/blog\/"},"img":{"alt_text":"","src":"https:\/\/i0.wp.com\/noticiasribeiraopreto.com.br\/wp-content\/uploads\/2023\/12\/postimg-657bcafd6f5101394.jpg?fit=1200%2C628&ssl=1&resize=350%2C200","width":350,"height":200,"srcset":"https:\/\/i0.wp.com\/noticiasribeiraopreto.com.br\/wp-content\/uploads\/2023\/12\/postimg-657bcafd6f5101394.jpg?fit=1200%2C628&ssl=1&resize=350%2C200 1x, https:\/\/i0.wp.com\/noticiasribeiraopreto.com.br\/wp-content\/uploads\/2023\/12\/postimg-657bcafd6f5101394.jpg?fit=1200%2C628&ssl=1&resize=525%2C300 1.5x, https:\/\/i0.wp.com\/noticiasribeiraopreto.com.br\/wp-content\/uploads\/2023\/12\/postimg-657bcafd6f5101394.jpg?fit=1200%2C628&ssl=1&resize=700%2C400 2x, https:\/\/i0.wp.com\/noticiasribeiraopreto.com.br\/wp-content\/uploads\/2023\/12\/postimg-657bcafd6f5101394.jpg?fit=1200%2C628&ssl=1&resize=1050%2C600 3x"},"classes":[]},{"id":82186,"url":"https:\/\/noticiasribeiraopreto.com.br\/index.php\/2026\/02\/06\/video-mulher-morre-em-acidente-na-regiao\/","url_meta":{"origin":4665,"position":3},"title":"V\u00cdDEO &#8211; Mulher morre em acidente na regi\u00e3o","author":"noticiasribeiraopreto.com.br","date":"6 de February de 2026","format":false,"excerpt":"\r Carro em que a v\u00edtima estava com a fam\u00edlia foi atingido por uma carreta em rodovia de pista simples que liga S\u00e3o Carlos a Porto Ferreira\r \r 6 de fevereiro de 2026 10:336 de fevereiro de 2026 10:34 \r Compartilhar2 Por: Adalberto Luque \u2013 Uma mulher morreu e outras\u2026","rel":"","context":"In &quot;Not\u00edcias de Ribeir\u00e3o Preto-SP e Regi\u00e3o&quot;","block_context":{"text":"Not\u00edcias de Ribeir\u00e3o Preto-SP e Regi\u00e3o","link":"https:\/\/noticiasribeiraopreto.com.br\/index.php\/category\/noticias-de-ribeirao-preto-sp-e-regiao-ismael-colosi\/"},"img":{"alt_text":"","src":"https:\/\/i0.wp.com\/noticiasribeiraopreto.com.br\/wp-content\/uploads\/2026\/02\/06-fev-2026-acidentedescalvado0-scaled.jpg?fit=963%2C780&ssl=1&resize=350%2C200","width":350,"height":200,"srcset":"https:\/\/i0.wp.com\/noticiasribeiraopreto.com.br\/wp-content\/uploads\/2026\/02\/06-fev-2026-acidentedescalvado0-scaled.jpg?fit=963%2C780&ssl=1&resize=350%2C200 1x, https:\/\/i0.wp.com\/noticiasribeiraopreto.com.br\/wp-content\/uploads\/2026\/02\/06-fev-2026-acidentedescalvado0-scaled.jpg?fit=963%2C780&ssl=1&resize=525%2C300 1.5x, https:\/\/i0.wp.com\/noticiasribeiraopreto.com.br\/wp-content\/uploads\/2026\/02\/06-fev-2026-acidentedescalvado0-scaled.jpg?fit=963%2C780&ssl=1&resize=700%2C400 2x"},"classes":[]},{"id":49828,"url":"https:\/\/noticiasribeiraopreto.com.br\/index.php\/2024\/05\/13\/mulher-e-assaltada-com-bebe-de-seis-meses-dentro-de-carro-em-ribeirao-preto-veja-video\/","url_meta":{"origin":4665,"position":4},"title":"Mulher \u00e9 assaltada com beb\u00ea de seis meses dentro de carro em Ribeir\u00e3o Preto; Veja v\u00eddeo","author":"noticiasribeiraopreto.com.br","date":"13 de May de 2024","format":false,"excerpt":"Uma mulher com um beb\u00ea de seis meses foi assaltada na sexta-feira (10), na rua Bar\u00e3o de Mau\u00e1, pr\u00f3ximo ao cruzamento com a avenida Monteiro Lobato, no Jardim Piratininga, em Ribeir\u00e3o Preto. A v\u00edtima estava estacionando o ve\u00edculo e conta que foi abordada por um homem armado que estava em\u2026","rel":"","context":"In &quot;Not\u00edcias de Ribeir\u00e3o Preto-SP e Regi\u00e3o&quot;","block_context":{"text":"Not\u00edcias de Ribeir\u00e3o Preto-SP e Regi\u00e3o","link":"https:\/\/noticiasribeiraopreto.com.br\/index.php\/category\/noticias-de-ribeirao-preto-sp-e-regiao-ismael-colosi\/"},"img":{"alt_text":"","src":"https:\/\/i0.wp.com\/noticiasribeiraopreto.com.br\/wp-content\/uploads\/2024\/05\/Copia-de-Copia-de-TAMANHO-EXATO-PARA-FOTOS-NO-SISTEMA-NOVO-36_2024-05-13_18-08-58_png_2024-05-13_18-08-58.webp.webp?fit=1200%2C675&ssl=1&resize=350%2C200","width":350,"height":200,"srcset":"https:\/\/i0.wp.com\/noticiasribeiraopreto.com.br\/wp-content\/uploads\/2024\/05\/Copia-de-Copia-de-TAMANHO-EXATO-PARA-FOTOS-NO-SISTEMA-NOVO-36_2024-05-13_18-08-58_png_2024-05-13_18-08-58.webp.webp?fit=1200%2C675&ssl=1&resize=350%2C200 1x, https:\/\/i0.wp.com\/noticiasribeiraopreto.com.br\/wp-content\/uploads\/2024\/05\/Copia-de-Copia-de-TAMANHO-EXATO-PARA-FOTOS-NO-SISTEMA-NOVO-36_2024-05-13_18-08-58_png_2024-05-13_18-08-58.webp.webp?fit=1200%2C675&ssl=1&resize=525%2C300 1.5x, https:\/\/i0.wp.com\/noticiasribeiraopreto.com.br\/wp-content\/uploads\/2024\/05\/Copia-de-Copia-de-TAMANHO-EXATO-PARA-FOTOS-NO-SISTEMA-NOVO-36_2024-05-13_18-08-58_png_2024-05-13_18-08-58.webp.webp?fit=1200%2C675&ssl=1&resize=700%2C400 2x, https:\/\/i0.wp.com\/noticiasribeiraopreto.com.br\/wp-content\/uploads\/2024\/05\/Copia-de-Copia-de-TAMANHO-EXATO-PARA-FOTOS-NO-SISTEMA-NOVO-36_2024-05-13_18-08-58_png_2024-05-13_18-08-58.webp.webp?fit=1200%2C675&ssl=1&resize=1050%2C600 3x"},"classes":[]},{"id":67639,"url":"https:\/\/noticiasribeiraopreto.com.br\/index.php\/2025\/04\/16\/dona-de-carro-atingido-por-motociclista-que-empinava-moto-estima-prejuizo-de-r-6-mil-em-ribeirao-preto\/","url_meta":{"origin":4665,"position":5},"title":"Dona de carro atingido por motociclista que empinava moto estima preju\u00edzo de R$ 6 mil em Ribeir\u00e3o Preto","author":"noticiasribeiraopreto.com.br","date":"16 de April de 2025","format":false,"excerpt":"A dona do carro atingido por uma moto que estava sendo empinada por um motociclista, em Ribeir\u00e3o Preto, calcula preju\u00edzo de aproximadamente R$ 6 mil. Assista ao v\u00eddeo abaixo. Ela disse que n\u00e3o tem seguro do ve\u00edculo, que estava estacionado nesta ter\u00e7a-feira (15), na rua Coronel Jos\u00e9 Pedro de Faria,\u2026","rel":"","context":"In &quot;Not\u00edcias de Ribeir\u00e3o Preto-SP e Regi\u00e3o&quot;","block_context":{"text":"Not\u00edcias de Ribeir\u00e3o Preto-SP e Regi\u00e3o","link":"https:\/\/noticiasribeiraopreto.com.br\/index.php\/category\/noticias-de-ribeirao-preto-sp-e-regiao-ismael-colosi\/"},"img":{"alt_text":"","src":"https:\/\/i0.wp.com\/noticiasribeiraopreto.com.br\/wp-content\/uploads\/2025\/04\/Copia-de-Copia-de-Copia-de-TAMANHO-EXATO-PARA-FOTOS-NO-SISTEMA-NOVO-2025-04-16T082850.473_2025-04-16_11-29-00_png_2025-04-16_11-29-00.webp.webp?fit=1200%2C675&ssl=1&resize=350%2C200","width":350,"height":200,"srcset":"https:\/\/i0.wp.com\/noticiasribeiraopreto.com.br\/wp-content\/uploads\/2025\/04\/Copia-de-Copia-de-Copia-de-TAMANHO-EXATO-PARA-FOTOS-NO-SISTEMA-NOVO-2025-04-16T082850.473_2025-04-16_11-29-00_png_2025-04-16_11-29-00.webp.webp?fit=1200%2C675&ssl=1&resize=350%2C200 1x, https:\/\/i0.wp.com\/noticiasribeiraopreto.com.br\/wp-content\/uploads\/2025\/04\/Copia-de-Copia-de-Copia-de-TAMANHO-EXATO-PARA-FOTOS-NO-SISTEMA-NOVO-2025-04-16T082850.473_2025-04-16_11-29-00_png_2025-04-16_11-29-00.webp.webp?fit=1200%2C675&ssl=1&resize=525%2C300 1.5x, https:\/\/i0.wp.com\/noticiasribeiraopreto.com.br\/wp-content\/uploads\/2025\/04\/Copia-de-Copia-de-Copia-de-TAMANHO-EXATO-PARA-FOTOS-NO-SISTEMA-NOVO-2025-04-16T082850.473_2025-04-16_11-29-00_png_2025-04-16_11-29-00.webp.webp?fit=1200%2C675&ssl=1&resize=700%2C400 2x, https:\/\/i0.wp.com\/noticiasribeiraopreto.com.br\/wp-content\/uploads\/2025\/04\/Copia-de-Copia-de-Copia-de-TAMANHO-EXATO-PARA-FOTOS-NO-SISTEMA-NOVO-2025-04-16T082850.473_2025-04-16_11-29-00_png_2025-04-16_11-29-00.webp.webp?fit=1200%2C675&ssl=1&resize=1050%2C600 3x"},"classes":[]}],"jetpack_sharing_enabled":true,"jetpack_shortlink":"https:\/\/wp.me\/peQAOb-1df","_links":{"self":[{"href":"https:\/\/noticiasribeiraopreto.com.br\/index.php\/wp-json\/wp\/v2\/posts\/4665","targetHints":{"allow":["GET"]}}],"collection":[{"href":"https:\/\/noticiasribeiraopreto.com.br\/index.php\/wp-json\/wp\/v2\/posts"}],"about":[{"href":"https:\/\/noticiasribeiraopreto.com.br\/index.php\/wp-json\/wp\/v2\/types\/post"}],"author":[{"embeddable":true,"href":"https:\/\/noticiasribeiraopreto.com.br\/index.php\/wp-json\/wp\/v2\/users\/1"}],"replies":[{"embeddable":true,"href":"https:\/\/noticiasribeiraopreto.com.br\/index.php\/wp-json\/wp\/v2\/comments?post=4665"}],"version-history":[{"count":0,"href":"https:\/\/noticiasribeiraopreto.com.br\/index.php\/wp-json\/wp\/v2\/posts\/4665\/revisions"}],"wp:featuredmedia":[{"embeddable":true,"href":"https:\/\/noticiasribeiraopreto.com.br\/index.php\/wp-json\/wp\/v2\/media\/4666"}],"wp:attachment":[{"href":"https:\/\/noticiasribeiraopreto.com.br\/index.php\/wp-json\/wp\/v2\/media?parent=4665"}],"wp:term":[{"taxonomy":"category","embeddable":true,"href":"https:\/\/noticiasribeiraopreto.com.br\/index.php\/wp-json\/wp\/v2\/categories?post=4665"},{"taxonomy":"post_tag","embeddable":true,"href":"https:\/\/noticiasribeiraopreto.com.br\/index.php\/wp-json\/wp\/v2\/tags?post=4665"}],"curies":[{"name":"wp","href":"https:\/\/api.w.org\/{rel}","templated":true}]}}