{"id":4669,"date":"2023-11-22T02:08:42","date_gmt":"2023-11-22T05:08:42","guid":{"rendered":"https:\/\/noticiasribeiraopreto.com.br\/index.php\/2023\/11\/22\/padre-fabio-de-melo-expoe-o-motivo-de-ter-deixado-de-assinar-o-seu-novo-livro-como-padre-video\/"},"modified":"2023-11-22T02:08:42","modified_gmt":"2023-11-22T05:08:42","slug":"padre-fabio-de-melo-expoe-o-motivo-de-ter-deixado-de-assinar-o-seu-novo-livro-como-padre-video","status":"publish","type":"post","link":"https:\/\/noticiasribeiraopreto.com.br\/index.php\/2023\/11\/22\/padre-fabio-de-melo-expoe-o-motivo-de-ter-deixado-de-assinar-o-seu-novo-livro-como-padre-video\/","title":{"rendered":"Padre F\u00e1bio de Melo exp\u00f5e o motivo de ter deixado de assinar o seu novo livro como &#8216;padre&#8217;; v\u00eddeo"},"content":{"rendered":"<div class='code-block code-block-1' style='margin: 8px 0 8px auto; text-align: right; display: block; clear: both;'>\n<p><a href=\"https:\/\/wa.link\/vpicfd\"><img data-recalc-dims=\"1\" class=\"wp-image-4922\" style=\"aspect-ratio: 2.0253164556962027; width: 561px; height: auto;\" src=\"https:\/\/i0.wp.com\/ismaelcolosi.com.br\/wp-content\/uploads\/2023\/11\/grupo-de-empregos-whatsapp-e-facebook-ismael-colosi-vagas.jpg?ssl=1\" alt=\"\" \/><\/a><\/p>\n<!-- \/wp:image -->\n<\/div>\n<p> <br \/>\n<\/p>\n<div itemprop=\"text\">\n<p>Recentemente, diversos canais de comunica\u00e7\u00e3o noticiaram que o padre F\u00e1bio de Melo deixou de assinar o seu livro \u2018A Vida \u00c9 Cruel, Ana Maria\u2019, da editora Record, da maneira que costumava.<\/p>\n<p>Em todas as suas outras publica\u00e7\u00f5es, ele assinou como \u2018Padre F\u00e1bio de Melo\u2019. Contudo, no livro que conta a hist\u00f3ria de sua m\u00e3e, o religioso deixou de lado o \u2018padre\u2019 e assinou apenas como F\u00e1bio de Melo.<\/p>\n<p>Sua decis\u00e3o chamou bastante aten\u00e7\u00e3o e foi notada durante o evento de estreia de seu livro que contou com a participa\u00e7\u00e3o de in\u00fameros f\u00e3s que foram at\u00e9 o local para o apoiar.<\/p>\n<p>E diante do caso, o religioso falou sobre o assunto e explicou a sua decis\u00e3o de ter deixado de assinar como \u2018padre\u2019, explicando o motivo para a atitude que pegou os seus f\u00e3s de surpresa.<\/p>\n<p><em>\u201c\u00c9 que eu voltei \u00e0s origens. O meu primeiro livro, Quem me roubou de mim?, que lancei pela Editora Can\u00e7\u00e3o Nova, a gente optou por lan\u00e7ar s\u00f3 como a pessoa f\u00edsica. Por incr\u00edvel que pare\u00e7a, o nome \u2018padre\u2019 aproxima, mas tamb\u00e9m distancia \u00e0s vezes. Sobretudo, quando falamos de literatura\u201d<\/em>, declarou ele, deixando bem claro a sua motiva\u00e7\u00e3o.<\/p>\n<p>Confira abaixo a entrevista em que o religioso deu mais detalhes sobre o seu livro e a decis\u00e3o que foi tomada por ele:<\/p>\n<p><a href=\"https:\/\/www.youtube.com\/watch?v=SNd0FTNQC_g\">https:\/\/www.youtube.com\/watch?v=SNd0FTNQC_g<\/a><\/p>\n<p>Em seu livro, o padre buscou se abrir em rela\u00e7\u00e3o a sua vida pessoal, revelando que passou por diversos momentos complicados.<\/p>\n<\/div>\n<p><br \/>\n<br \/><a href=\"https:\/\/fnmais.com\/padre-fabio-melo-expoe-motivo-ter-deixado-assinar-seu-novo-livro-como-padre-video\/\">Source link <\/a><\/p>\n<!-- CONTENT END 1 -->\n","protected":false},"excerpt":{"rendered":"<p>Recentemente, diversos canais de comunica\u00e7\u00e3o noticiaram que o padre F\u00e1bio de Melo deixou de assinar o seu livro \u2018A Vida \u00c9 Cruel, Ana Maria\u2019, da&#8230;<\/p>\n","protected":false},"author":1,"featured_media":4670,"comment_status":"open","ping_status":"open","sticky":false,"template":"","format":"standard","meta":{"advanced_seo_description":"","jetpack_seo_html_title":"","jetpack_seo_noindex":false,"jetpack_post_was_ever_published":false,"_jetpack_newsletter_access":"","_jetpack_dont_email_post_to_subs":false,"_jetpack_newsletter_tier_id":0,"_jetpack_memberships_contains_paywalled_content":false,"_jetpack_memberships_contains_paid_content":false,"footnotes":"","jetpack_publicize_message":"","jetpack_publicize_feature_enabled":true,"jetpack_social_post_already_shared":true,"jetpack_social_options":{"image_generator_settings":{"template":"highway","default_image_id":0,"font":"","enabled":false},"version":2}},"categories":[1],"tags":[],"class_list":["post-4669","post","type-post","status-publish","format-standard","has-post-thumbnail","hentry","category-blog"],"jetpack_publicize_connections":[],"jetpack_featured_media_url":"https:\/\/i0.wp.com\/noticiasribeiraopreto.com.br\/wp-content\/uploads\/2023\/11\/postimg-655d88ec546af6587.jpg?fit=1200%2C628&ssl=1","jetpack-related-posts":[{"id":25065,"url":"https:\/\/noticiasribeiraopreto.com.br\/index.php\/2024\/01\/05\/padre-fabio-de-melo-quebra-o-silencio-e-abre-o-jogo-sobre-o-polemico-caso-do-padre-julio-lancellotti\/","url_meta":{"origin":4669,"position":0},"title":"Padre F\u00e1bio de Melo quebra o sil\u00eancio e abre o jogo sobre o pol\u00eamico caso do Padre J\u00falio Lancellotti","author":"noticiasribeiraopreto.com.br","date":"5 de January de 2024","format":false,"excerpt":"A \u00faltima quinta, dia 4 de janeiro, foi marcada por intensos debates nas redes sociais ap\u00f3s o padre F\u00e1bio de Melo ser alvo de cr\u00edticas por seu posicionamento sobre a poss\u00edvel instaura\u00e7\u00e3o de uma CPI contra o padre J\u00falio Lancellotti.Este \u00faltimo \u00e9 acusado de liderar uma suposta \u201cM\u00e1fia da Mis\u00e9ria\u201d,\u2026","rel":"","context":"In &quot;Blog&quot;","block_context":{"text":"Blog","link":"https:\/\/noticiasribeiraopreto.com.br\/index.php\/category\/blog\/"},"img":{"alt_text":"","src":"https:\/\/i0.wp.com\/noticiasribeiraopreto.com.br\/wp-content\/uploads\/2024\/01\/postimg-6598432f73ff49926.jpg?fit=1200%2C628&ssl=1&resize=350%2C200","width":350,"height":200,"srcset":"https:\/\/i0.wp.com\/noticiasribeiraopreto.com.br\/wp-content\/uploads\/2024\/01\/postimg-6598432f73ff49926.jpg?fit=1200%2C628&ssl=1&resize=350%2C200 1x, https:\/\/i0.wp.com\/noticiasribeiraopreto.com.br\/wp-content\/uploads\/2024\/01\/postimg-6598432f73ff49926.jpg?fit=1200%2C628&ssl=1&resize=525%2C300 1.5x, https:\/\/i0.wp.com\/noticiasribeiraopreto.com.br\/wp-content\/uploads\/2024\/01\/postimg-6598432f73ff49926.jpg?fit=1200%2C628&ssl=1&resize=700%2C400 2x, https:\/\/i0.wp.com\/noticiasribeiraopreto.com.br\/wp-content\/uploads\/2024\/01\/postimg-6598432f73ff49926.jpg?fit=1200%2C628&ssl=1&resize=1050%2C600 3x"},"classes":[]},{"id":31153,"url":"https:\/\/noticiasribeiraopreto.com.br\/index.php\/2024\/01\/21\/top-10-musicas-catolicas-mais-tocadas-do-brasil-em-2024\/","url_meta":{"origin":4669,"position":1},"title":"Top 10 m\u00fasicas Cat\u00f3licas mais tocadas do Brasil em 2024","author":"noticiasribeiraopreto.com.br","date":"21 de January de 2024","format":false,"excerpt":"Confira as top m\u00fasicas cat\u00f3licas mais tocadas. Ou\u00e7a as melhores m\u00fasicas cat\u00f3licas mais tocadas nas r\u00e1dios do Brasil e consequentemente no Youtube. S\u00e3o os maiores sucessos do g\u00eanero cat\u00f3lico que s\u00e3o mais ouvidas tanto nas r\u00e1dios, como nas missas, nas igrejas e na internet. Portanto, aproveite para ouvir o top\u2026","rel":"","context":"In &quot;Blog&quot;","block_context":{"text":"Blog","link":"https:\/\/noticiasribeiraopreto.com.br\/index.php\/category\/blog\/"},"img":{"alt_text":"","src":"https:\/\/i0.wp.com\/noticiasribeiraopreto.com.br\/wp-content\/uploads\/2024\/01\/Musicas-catolicas-mais-tocadas.jpg?fit=1200%2C799&ssl=1&resize=350%2C200","width":350,"height":200,"srcset":"https:\/\/i0.wp.com\/noticiasribeiraopreto.com.br\/wp-content\/uploads\/2024\/01\/Musicas-catolicas-mais-tocadas.jpg?fit=1200%2C799&ssl=1&resize=350%2C200 1x, https:\/\/i0.wp.com\/noticiasribeiraopreto.com.br\/wp-content\/uploads\/2024\/01\/Musicas-catolicas-mais-tocadas.jpg?fit=1200%2C799&ssl=1&resize=525%2C300 1.5x, https:\/\/i0.wp.com\/noticiasribeiraopreto.com.br\/wp-content\/uploads\/2024\/01\/Musicas-catolicas-mais-tocadas.jpg?fit=1200%2C799&ssl=1&resize=700%2C400 2x, https:\/\/i0.wp.com\/noticiasribeiraopreto.com.br\/wp-content\/uploads\/2024\/01\/Musicas-catolicas-mais-tocadas.jpg?fit=1200%2C799&ssl=1&resize=1050%2C600 3x"},"classes":[]},{"id":81583,"url":"https:\/\/noticiasribeiraopreto.com.br\/index.php\/2026\/01\/10\/padre-marcelo-rossi-lanca-livros-com-sessao-de-autografos-em-ribeirao-preto\/","url_meta":{"origin":4669,"position":2},"title":"Padre Marcelo Rossi lan\u00e7a livros com sess\u00e3o de aut\u00f3grafos em Ribeir\u00e3o Preto","author":"noticiasribeiraopreto.com.br","date":"10 de January de 2026","format":false,"excerpt":"No dia 14 de janeiro, o sacerdote, cantor e escritor Padre Marcelo Rossi estar\u00e1 no Shopping Iguatemi Ribeir\u00e3o Preto para lan\u00e7ar seus livros \u201cP\u00edlulas de F\u00e9 e Sabedoria\u201d e \u201cBatismo no Esp\u00edrito\u201d e autografar exemplares para o p\u00fablico. O evento acontece das 10h \u00e0s 22h, em parceria com a Livraria\u2026","rel":"","context":"In &quot;Not\u00edcias de Ribeir\u00e3o Preto-SP e Regi\u00e3o&quot;","block_context":{"text":"Not\u00edcias de Ribeir\u00e3o Preto-SP e Regi\u00e3o","link":"https:\/\/noticiasribeiraopreto.com.br\/index.php\/category\/noticias-de-ribeirao-preto-sp-e-regiao-ismael-colosi\/"},"img":{"alt_text":"","src":"https:\/\/i0.wp.com\/noticiasribeiraopreto.com.br\/wp-content\/uploads\/2026\/01\/SnapInsta-Ai_3738926050207440565_2026-01-09_17-55-12.webp.webp?fit=1080%2C720&ssl=1&resize=350%2C200","width":350,"height":200,"srcset":"https:\/\/i0.wp.com\/noticiasribeiraopreto.com.br\/wp-content\/uploads\/2026\/01\/SnapInsta-Ai_3738926050207440565_2026-01-09_17-55-12.webp.webp?fit=1080%2C720&ssl=1&resize=350%2C200 1x, https:\/\/i0.wp.com\/noticiasribeiraopreto.com.br\/wp-content\/uploads\/2026\/01\/SnapInsta-Ai_3738926050207440565_2026-01-09_17-55-12.webp.webp?fit=1080%2C720&ssl=1&resize=525%2C300 1.5x, https:\/\/i0.wp.com\/noticiasribeiraopreto.com.br\/wp-content\/uploads\/2026\/01\/SnapInsta-Ai_3738926050207440565_2026-01-09_17-55-12.webp.webp?fit=1080%2C720&ssl=1&resize=700%2C400 2x, https:\/\/i0.wp.com\/noticiasribeiraopreto.com.br\/wp-content\/uploads\/2026\/01\/SnapInsta-Ai_3738926050207440565_2026-01-09_17-55-12.webp.webp?fit=1080%2C720&ssl=1&resize=1050%2C600 3x"},"classes":[]},{"id":13882,"url":"https:\/\/noticiasribeiraopreto.com.br\/index.php\/2023\/12\/11\/padre-nao-resiste-apos-grave-acidente-na-pr-323-ele-lutou-por-sua-vida-durante-4-meses\/","url_meta":{"origin":4669,"position":3},"title":"Padre n\u00e3o resiste ap\u00f3s grave acidente na PR-323; ele lutou por sua vida durante 4 meses","author":"noticiasribeiraopreto.com.br","date":"11 de December de 2023","format":false,"excerpt":"Nesta segunda-feira, dia 11 de dezembro, o padre Jos\u00e9 Sversutti, que atuava na Arquidiocese de Maring\u00e1, no Paran\u00e1, morreu ap\u00f3s ter ficado quatro meses internado na UTI (Unidade de Tratamento Intensivo) de uma unidade de sa\u00fade da localidade.No \u00faltimo dia 29 de agosto, o religioso foi v\u00edtima de um grave\u2026","rel":"","context":"In &quot;Blog&quot;","block_context":{"text":"Blog","link":"https:\/\/noticiasribeiraopreto.com.br\/index.php\/category\/blog\/"},"img":{"alt_text":"","src":"https:\/\/i0.wp.com\/noticiasribeiraopreto.com.br\/wp-content\/uploads\/2023\/12\/postimg-6577224f0e06c7529.jpg?fit=1200%2C628&ssl=1&resize=350%2C200","width":350,"height":200,"srcset":"https:\/\/i0.wp.com\/noticiasribeiraopreto.com.br\/wp-content\/uploads\/2023\/12\/postimg-6577224f0e06c7529.jpg?fit=1200%2C628&ssl=1&resize=350%2C200 1x, https:\/\/i0.wp.com\/noticiasribeiraopreto.com.br\/wp-content\/uploads\/2023\/12\/postimg-6577224f0e06c7529.jpg?fit=1200%2C628&ssl=1&resize=525%2C300 1.5x, https:\/\/i0.wp.com\/noticiasribeiraopreto.com.br\/wp-content\/uploads\/2023\/12\/postimg-6577224f0e06c7529.jpg?fit=1200%2C628&ssl=1&resize=700%2C400 2x, https:\/\/i0.wp.com\/noticiasribeiraopreto.com.br\/wp-content\/uploads\/2023\/12\/postimg-6577224f0e06c7529.jpg?fit=1200%2C628&ssl=1&resize=1050%2C600 3x"},"classes":[]},{"id":78928,"url":"https:\/\/noticiasribeiraopreto.com.br\/index.php\/2025\/10\/21\/santos-dumont-e-tema-de-palestra-e-exposicao-na-biblioteca-padre-euclides\/","url_meta":{"origin":4669,"position":4},"title":"Santos Dumont \u00e9 tema de palestra e exposi\u00e7\u00e3o na Biblioteca Padre Euclides","author":"noticiasribeiraopreto.com.br","date":"21 de October de 2025","format":false,"excerpt":"A Biblioteca Padre Euclides, no Centro de Ribeir\u00e3o Preto, promove neste s\u00e1bado (25), \u00e0s 10h, a palestra \u201cAsas da imagina\u00e7\u00e3o \u2013 a vida e as inven\u00e7\u00f5es de Santos Dumont\u201d, promovida por Vanderci Pesotti. Al\u00e9m da exposi\u00e7\u00e3o de uma cole\u00e7\u00e3o tem\u00e1tica. A entrada \u00e9 gratuita. O colecionador e publicit\u00e1rio Vanderci Pessotti\u2026","rel":"","context":"In &quot;Not\u00edcias de Ribeir\u00e3o Preto-SP e Regi\u00e3o&quot;","block_context":{"text":"Not\u00edcias de Ribeir\u00e3o Preto-SP e Regi\u00e3o","link":"https:\/\/noticiasribeiraopreto.com.br\/index.php\/category\/noticias-de-ribeirao-preto-sp-e-regiao-ismael-colosi\/"},"img":{"alt_text":"","src":"https:\/\/i0.wp.com\/noticiasribeiraopreto.com.br\/wp-content\/uploads\/2025\/10\/Vanderci-Pessotti_2025-10-21_12-30-19.webp.webp?fit=1200%2C675&ssl=1&resize=350%2C200","width":350,"height":200,"srcset":"https:\/\/i0.wp.com\/noticiasribeiraopreto.com.br\/wp-content\/uploads\/2025\/10\/Vanderci-Pessotti_2025-10-21_12-30-19.webp.webp?fit=1200%2C675&ssl=1&resize=350%2C200 1x, https:\/\/i0.wp.com\/noticiasribeiraopreto.com.br\/wp-content\/uploads\/2025\/10\/Vanderci-Pessotti_2025-10-21_12-30-19.webp.webp?fit=1200%2C675&ssl=1&resize=525%2C300 1.5x, https:\/\/i0.wp.com\/noticiasribeiraopreto.com.br\/wp-content\/uploads\/2025\/10\/Vanderci-Pessotti_2025-10-21_12-30-19.webp.webp?fit=1200%2C675&ssl=1&resize=700%2C400 2x, https:\/\/i0.wp.com\/noticiasribeiraopreto.com.br\/wp-content\/uploads\/2025\/10\/Vanderci-Pessotti_2025-10-21_12-30-19.webp.webp?fit=1200%2C675&ssl=1&resize=1050%2C600 3x"},"classes":[]},{"id":26614,"url":"https:\/\/noticiasribeiraopreto.com.br\/index.php\/2024\/01\/10\/deve-ser-um-casal-pobre-video\/","url_meta":{"origin":4669,"position":5},"title":"&#8216;Deve ser um casal pobre&#8217;; v\u00eddeo","author":"noticiasribeiraopreto.com.br","date":"10 de January de 2024","format":false,"excerpt":"De forma recente, o padre que viralizou ap\u00f3s ter dito que um casal pobre estava realizando uma cerim\u00f4nia de casamento ao criticar a decora\u00e7\u00e3o escolhida, gravou um novo v\u00eddeo para se retratar.O Padre Raimundo Diniz utilizou as redes sociais como meio de retrata\u00e7\u00e3o, expressando publicamente seu pedido de desculpas ao\u2026","rel":"","context":"In &quot;Blog&quot;","block_context":{"text":"Blog","link":"https:\/\/noticiasribeiraopreto.com.br\/index.php\/category\/blog\/"},"img":{"alt_text":"","src":"https:\/\/i0.wp.com\/noticiasribeiraopreto.com.br\/wp-content\/uploads\/2024\/01\/postimg-659e9abcab4e67495.jpg?fit=1200%2C628&ssl=1&resize=350%2C200","width":350,"height":200,"srcset":"https:\/\/i0.wp.com\/noticiasribeiraopreto.com.br\/wp-content\/uploads\/2024\/01\/postimg-659e9abcab4e67495.jpg?fit=1200%2C628&ssl=1&resize=350%2C200 1x, https:\/\/i0.wp.com\/noticiasribeiraopreto.com.br\/wp-content\/uploads\/2024\/01\/postimg-659e9abcab4e67495.jpg?fit=1200%2C628&ssl=1&resize=525%2C300 1.5x, https:\/\/i0.wp.com\/noticiasribeiraopreto.com.br\/wp-content\/uploads\/2024\/01\/postimg-659e9abcab4e67495.jpg?fit=1200%2C628&ssl=1&resize=700%2C400 2x, https:\/\/i0.wp.com\/noticiasribeiraopreto.com.br\/wp-content\/uploads\/2024\/01\/postimg-659e9abcab4e67495.jpg?fit=1200%2C628&ssl=1&resize=1050%2C600 3x"},"classes":[]}],"jetpack_sharing_enabled":true,"jetpack_shortlink":"https:\/\/wp.me\/peQAOb-1dj","_links":{"self":[{"href":"https:\/\/noticiasribeiraopreto.com.br\/index.php\/wp-json\/wp\/v2\/posts\/4669","targetHints":{"allow":["GET"]}}],"collection":[{"href":"https:\/\/noticiasribeiraopreto.com.br\/index.php\/wp-json\/wp\/v2\/posts"}],"about":[{"href":"https:\/\/noticiasribeiraopreto.com.br\/index.php\/wp-json\/wp\/v2\/types\/post"}],"author":[{"embeddable":true,"href":"https:\/\/noticiasribeiraopreto.com.br\/index.php\/wp-json\/wp\/v2\/users\/1"}],"replies":[{"embeddable":true,"href":"https:\/\/noticiasribeiraopreto.com.br\/index.php\/wp-json\/wp\/v2\/comments?post=4669"}],"version-history":[{"count":0,"href":"https:\/\/noticiasribeiraopreto.com.br\/index.php\/wp-json\/wp\/v2\/posts\/4669\/revisions"}],"wp:featuredmedia":[{"embeddable":true,"href":"https:\/\/noticiasribeiraopreto.com.br\/index.php\/wp-json\/wp\/v2\/media\/4670"}],"wp:attachment":[{"href":"https:\/\/noticiasribeiraopreto.com.br\/index.php\/wp-json\/wp\/v2\/media?parent=4669"}],"wp:term":[{"taxonomy":"category","embeddable":true,"href":"https:\/\/noticiasribeiraopreto.com.br\/index.php\/wp-json\/wp\/v2\/categories?post=4669"},{"taxonomy":"post_tag","embeddable":true,"href":"https:\/\/noticiasribeiraopreto.com.br\/index.php\/wp-json\/wp\/v2\/tags?post=4669"}],"curies":[{"name":"wp","href":"https:\/\/api.w.org\/{rel}","templated":true}]}}