{"id":46735,"date":"2024-04-13T21:57:52","date_gmt":"2024-04-14T00:57:52","guid":{"rendered":"https:\/\/noticiasribeiraopreto.com.br\/index.php\/2024\/04\/13\/ludmilla-divulga-carta-aberta-aos-fas-e-convoca-o-publico-para-assistir-ao-seu-show-no-coachella\/"},"modified":"2024-04-13T21:57:52","modified_gmt":"2024-04-14T00:57:52","slug":"ludmilla-divulga-carta-aberta-aos-fas-e-convoca-o-publico-para-assistir-ao-seu-show-no-coachella","status":"publish","type":"post","link":"https:\/\/noticiasribeiraopreto.com.br\/index.php\/2024\/04\/13\/ludmilla-divulga-carta-aberta-aos-fas-e-convoca-o-publico-para-assistir-ao-seu-show-no-coachella\/","title":{"rendered":"Ludmilla divulga carta aberta aos f\u00e3s e convoca o p\u00fablico para assistir ao seu show no Coachella"},"content":{"rendered":"<div class='code-block code-block-1' style='margin: 8px 0 8px auto; text-align: right; display: block; clear: both;'>\n<p><a href=\"https:\/\/wa.link\/vpicfd\"><img data-recalc-dims=\"1\" class=\"wp-image-4922\" style=\"aspect-ratio: 2.0253164556962027; width: 561px; height: auto;\" src=\"https:\/\/i0.wp.com\/ismaelcolosi.com.br\/wp-content\/uploads\/2023\/11\/grupo-de-empregos-whatsapp-e-facebook-ismael-colosi-vagas.jpg?ssl=1\" alt=\"\" \/><\/a><\/p>\n<!-- \/wp:image -->\n<\/div>\n<p> <br \/>\n<\/p>\n<div>\n<h3 class=\"fn__maintitle\"><span>Ludmilla divulga carta aberta aos f\u00e3s e convoca o p\u00fablico para assistir ao seu show no Coachella<\/span><\/h3>\n<\/div>\n<div>\n<p><strong><i>A maior artista preta da Am\u00e9rica Latina promete um grande espet\u00e1culo neste domingo (14), com transmiss\u00e3o pelo canal oficial do festival, \u00e0s 23h40<\/i><\/strong><\/p>\n<p>Um dia antes de subir ao palco do festival Coachella,\u00a0<strong>Ludmilla<\/strong>\u00a0abriu o cora\u00e7\u00e3o para escrever aos f\u00e3s que aguardam por este momento t\u00e3o especial em sua carreira. Atrav\u00e9s do Instagram, a\u00a0<strong>maior artista preta da Am\u00e9rica Latina<\/strong>\u00a0(<i>segundo dados do Spotify<\/i>) expressou sua gratid\u00e3o pelas conquistas na carreira e vida pessoal ao longo dos \u00faltimos 10 anos.<\/p>\n<p>Por meio de uma\u00a0<a href=\"https:\/\/s2404.imxsnd23.com\/link.php?code=bDpodHRwcyUzQSUyRiUyRnd3dy5pbnN0YWdyYW0uY29tJTJGcCUyRkM1dGNEQnh4MG1XJTJGJTNGaW1nX2luZGV4JTNEMTo0MTE5ODQxODI3OmZhYmlvQHBvcGl0by5jb20uYnI6OGI0NjBjOjc3\" target=\"_blank\" rel=\"noopener noreferrer\">carta aberta<\/a>, a cantora expressou o desejo de que mais \u201cLudmillas\u201d possam surgir em todos os lugares e que elas n\u00e3o tenham seus caminhos impedidos por um sistema que tenta invisibilizar pessoas como ela.<\/p>\n<p>E \u00e9 por acreditar que esta caminhada de sucesso foi constru\u00edda de maneira colaborativa que Ludmilla promete entregar excel\u00eancia naquele que promete ser o maior show de sua carreira:<\/p>\n<blockquote>\n<p><i>\u201c<\/i><i>Eu vim de lugar onde o \u2018n\u00e3o\u2019 sempre foi a palavra mais presente. Eu escutei tantos \u2018n\u00e3os\u2019 at\u00e9 aqui\u2026 Vi o \u2018n\u00e3o\u2019 nos olhares das pessoas, na televis\u00e3o, nas capas de revistas, na forma de cantar e sobre o que eu queria cantar. Eu tinha o \u2018n\u00e3o\u2019 como meu \u00fanico horizonte, mas tudo mudou quando eu entendi que o meu \u2018n\u00e3o\u2019 era mais forte que tudo isso.<\/i><\/p>\n<p><i>Eu decidi que N\u00c3O ia parar, que N\u00c3O ia aceitar o pouco, que N\u00c3O ia ser mais uma expectativa. Eu sou o \u2018n\u00e3o\u2019 que movimenta a sociedade, que muitas pessoas n\u00e3o engolem e que atrav\u00e9s dele o \u2018sim\u2019 possa ser um novo horizonte para outras Ludmillas que existem pelo Brasil e pela Am\u00e9rica Latina.<\/i><\/p>\n<p><i>Hoje eu sei o tamanho da relev\u00e2ncia que existe em mim e em cada passo que dou. Domingo, dia 14, eu darei um passo muito importante. E n\u00e3o estarei sozinha. Quero convidar todos voc\u00eas para subirem comigo no palco principal do Coachella e mais uma vez reafirmar a for\u00e7a que n\u00f3s temos JUNTOS. A Preta venceu!<\/i><\/p>\n<p><i>T\u00e1 chegando a hora da gente tremer o deserto! Fiquem do olho nas minhas redes, pq j\u00e1 j\u00e1 vou passar o hor\u00e1rio e o local da transmiss\u00e3o do\u00a0<\/i><a href=\"https:\/\/s2404.imxsnd23.com\/link.php?code=bDpodHRwcyUzQSUyRiUyRnd3dy5pbnN0YWdyYW0uY29tJTJGZXhwbG9yZSUyRnRhZ3MlMkZsdWRjaGVsbGElMkY6NDExOTg0MTgyNzpmYWJpb0Bwb3BpdG8uY29tLmJyOjg4M2E1Nzo3Nw==\" target=\"_blank\" rel=\"noopener noreferrer\">#LUDCHELLA<\/a><i>\u201c<\/i><\/p>\n<\/blockquote>\n<p><strong>Para assistir ao show da Ludmilla e acompanhar o Coachella neste domingo:\u00a0<\/strong>acesse o\u00a0<a href=\"https:\/\/www.youtube.com\/watch?v=dYTuZMRFhFY\" target=\"_blank\" rel=\"noopener noreferrer\">canal oficial<\/a>\u00a0do festival no YouTube. O\u00a0<strong>#LUDchella<\/strong>\u00a0ser\u00e1 transmitido a partir das\u00a0<strong>23h40<\/strong>\u00a0(hor\u00e1rio Bras\u00edlia). A plataforma\u00a0far\u00e1 a transmiss\u00e3o com a novidade do recurso\u00a0<i>multiview<\/i>, onde os usu\u00e1rios poder\u00e3o acompanhar at\u00e9 4 palcos simult\u00e2neos na TV, podendo escolhendo o \u00e1udio de sua prefer\u00eancia.<\/p>\n<p>\u00a0<\/p>\n<div class=\"popito_fn_votewrap\">\n<h3 class=\"vote_title\">Como voc\u00ea vota? <\/h3>\n<div class=\"popito_fn_votes \" data-id=\"2077\">\n<p>0 People voted this article. 0 Upvotes &#8211; 0 Downvotes.<\/p>\n<\/div>\n<\/div>\n<\/div>\n<p><br \/>\n<br \/><a href=\"https:\/\/popito.com.br\/ludmilla-divulga-carta-aberta-aos-fas-e-convoca-o-publico-para-assistir-ao-seu-show-no-coachella\/\">Source link <\/a><\/p>\n<!-- CONTENT END 1 -->\n","protected":false},"excerpt":{"rendered":"<p>Ludmilla divulga carta aberta aos f\u00e3s e convoca o p\u00fablico para assistir ao seu show no Coachella A maior artista preta da Am\u00e9rica Latina promete&#8230;<\/p>\n","protected":false},"author":1,"featured_media":46736,"comment_status":"open","ping_status":"open","sticky":false,"template":"","format":"standard","meta":{"advanced_seo_description":"","jetpack_seo_html_title":"","jetpack_seo_noindex":false,"jetpack_post_was_ever_published":false,"_jetpack_newsletter_access":"","_jetpack_dont_email_post_to_subs":false,"_jetpack_newsletter_tier_id":0,"_jetpack_memberships_contains_paywalled_content":false,"_jetpack_memberships_contains_paid_content":false,"footnotes":"","jetpack_publicize_message":"","jetpack_publicize_feature_enabled":true,"jetpack_social_post_already_shared":true,"jetpack_social_options":{"image_generator_settings":{"template":"highway","default_image_id":0,"font":"","enabled":false},"version":2}},"categories":[11],"tags":[5615,1428,5294,1882,5616,1788,1250,614,5614,71,282,1750,360],"class_list":["post-46735","post","type-post","status-publish","format-standard","has-post-thumbnail","hentry","category-noticias-de-ribeirao-preto-sp-e-regiao-ismael-colosi","tag-aberta","tag-aos","tag-assistir","tag-carta","tag-coachella","tag-convoca","tag-divulga","tag-fas","tag-ludmilla","tag-para","tag-publico","tag-seu","tag-show"],"jetpack_publicize_connections":[],"jetpack_featured_media_url":"https:\/\/i0.wp.com\/noticiasribeiraopreto.com.br\/wp-content\/uploads\/2024\/04\/Ludmilla-dente.jpg?fit=1200%2C800&ssl=1","jetpack-related-posts":[{"id":70545,"url":"https:\/\/noticiasribeiraopreto.com.br\/index.php\/2025\/05\/27\/ludmilla-fara-show-em-rp\/","url_meta":{"origin":46735,"position":0},"title":"Ludmilla far\u00e1 show em RP\u00a0","author":"noticiasribeiraopreto.com.br","date":"27 de May de 2025","format":false,"excerpt":"27 de maio de 2025 17:3027 de maio de 2025 09:167 Compartilhar0 Neste s\u00e1bado, 31 de maio, a cantora Ludmilla desembarca em Ribeir\u00e3o Preto com sua aclamada turn\u00ea Numanice para apresenta\u00e7\u00e3o no Est\u00e1dio Santa Cruz\/Arena NicNet. Com abertura dos port\u00f5es marcada para as 15 horas, o evento promete reunir os\u2026","rel":"","context":"In &quot;Not\u00edcias de Ribeir\u00e3o Preto-SP e Regi\u00e3o&quot;","block_context":{"text":"Not\u00edcias de Ribeir\u00e3o Preto-SP e Regi\u00e3o","link":"https:\/\/noticiasribeiraopreto.com.br\/index.php\/category\/noticias-de-ribeirao-preto-sp-e-regiao-ismael-colosi\/"},"img":{"alt_text":"","src":"https:\/\/i0.wp.com\/noticiasribeiraopreto.com.br\/wp-content\/uploads\/2025\/05\/Ludmilla-Steff-Lima-01.png?fit=1200%2C900&ssl=1&resize=350%2C200","width":350,"height":200,"srcset":"https:\/\/i0.wp.com\/noticiasribeiraopreto.com.br\/wp-content\/uploads\/2025\/05\/Ludmilla-Steff-Lima-01.png?fit=1200%2C900&ssl=1&resize=350%2C200 1x, https:\/\/i0.wp.com\/noticiasribeiraopreto.com.br\/wp-content\/uploads\/2025\/05\/Ludmilla-Steff-Lima-01.png?fit=1200%2C900&ssl=1&resize=525%2C300 1.5x, https:\/\/i0.wp.com\/noticiasribeiraopreto.com.br\/wp-content\/uploads\/2025\/05\/Ludmilla-Steff-Lima-01.png?fit=1200%2C900&ssl=1&resize=700%2C400 2x, https:\/\/i0.wp.com\/noticiasribeiraopreto.com.br\/wp-content\/uploads\/2025\/05\/Ludmilla-Steff-Lima-01.png?fit=1200%2C900&ssl=1&resize=1050%2C600 3x"},"classes":[]},{"id":16366,"url":"https:\/\/noticiasribeiraopreto.com.br\/index.php\/2023\/12\/15\/ludmilla-comemora-estreia-internacional-em-a-cor-purpura-bagulho-muito-alto\/","url_meta":{"origin":46735,"position":1},"title":"Ludmilla comemora estr\u00e9ia internacional em &#8216;A Cor P\u00farpura&#8217;: &#8220;Bagulho muito alto&#8221;","author":"noticiasribeiraopreto.com.br","date":"15 de December de 2023","format":false,"excerpt":"\u2018A Cor P\u00farpura\u2019 \u00e9 um filme musical de drama de \u00e9poca americano dirigido por Blitz Bazawule baseado no romance de Alice Walker e ser\u00e1 lan\u00e7ado em 4 de janeiro nos cinemas.O filme ter\u00e1 uma participa\u00e7\u00e3o vocal brasileira de ningu\u00e9m menos que Ludmila. \u201cBagulho muito alto\u201d comemorou a cantora ao anunciar\u2026","rel":"","context":"In &quot;Blog&quot;","block_context":{"text":"Blog","link":"https:\/\/noticiasribeiraopreto.com.br\/index.php\/category\/blog\/"},"img":{"alt_text":"","src":"https:\/\/i0.wp.com\/noticiasribeiraopreto.com.br\/wp-content\/uploads\/2023\/12\/postimg-657c6e71ed4b73910.jpg?fit=1200%2C628&ssl=1&resize=350%2C200","width":350,"height":200,"srcset":"https:\/\/i0.wp.com\/noticiasribeiraopreto.com.br\/wp-content\/uploads\/2023\/12\/postimg-657c6e71ed4b73910.jpg?fit=1200%2C628&ssl=1&resize=350%2C200 1x, https:\/\/i0.wp.com\/noticiasribeiraopreto.com.br\/wp-content\/uploads\/2023\/12\/postimg-657c6e71ed4b73910.jpg?fit=1200%2C628&ssl=1&resize=525%2C300 1.5x, https:\/\/i0.wp.com\/noticiasribeiraopreto.com.br\/wp-content\/uploads\/2023\/12\/postimg-657c6e71ed4b73910.jpg?fit=1200%2C628&ssl=1&resize=700%2C400 2x, https:\/\/i0.wp.com\/noticiasribeiraopreto.com.br\/wp-content\/uploads\/2023\/12\/postimg-657c6e71ed4b73910.jpg?fit=1200%2C628&ssl=1&resize=1050%2C600 3x"},"classes":[]},{"id":46919,"url":"https:\/\/noticiasribeiraopreto.com.br\/index.php\/2024\/04\/15\/any-gabrielly-e-dafiti-marcam-presenca-no-coachella-2024\/","url_meta":{"origin":46735,"position":2},"title":"Any Gabrielly e Dafiti marcam presen\u00e7a no Coachella 2024","author":"noticiasribeiraopreto.com.br","date":"15 de April de 2024","format":false,"excerpt":"Any Gabrielly e Dafiti marcam presen\u00e7a no Coachella 2024Cantora reconhecida internacionalmente prestigiar\u00e1 o festival de m\u00fasica e arte em parceria com a maior fashiontech da Am\u00e9rica Latina O pr\u00f3ximo fim de semana marca o in\u00edcio de mais uma edi\u00e7\u00e3o do Coachella, um dos eventos mais emblem\u00e1ticos da cultura pop contempor\u00e2nea,\u2026","rel":"","context":"In &quot;Not\u00edcias de Ribeir\u00e3o Preto-SP e Regi\u00e3o&quot;","block_context":{"text":"Not\u00edcias de Ribeir\u00e3o Preto-SP e Regi\u00e3o","link":"https:\/\/noticiasribeiraopreto.com.br\/index.php\/category\/noticias-de-ribeirao-preto-sp-e-regiao-ismael-colosi\/"},"img":{"alt_text":"","src":"https:\/\/i0.wp.com\/noticiasribeiraopreto.com.br\/wp-content\/uploads\/2024\/04\/handler-1-3.jpeg?fit=911%2C1200&ssl=1&resize=350%2C200","width":350,"height":200,"srcset":"https:\/\/i0.wp.com\/noticiasribeiraopreto.com.br\/wp-content\/uploads\/2024\/04\/handler-1-3.jpeg?fit=911%2C1200&ssl=1&resize=350%2C200 1x, https:\/\/i0.wp.com\/noticiasribeiraopreto.com.br\/wp-content\/uploads\/2024\/04\/handler-1-3.jpeg?fit=911%2C1200&ssl=1&resize=525%2C300 1.5x, https:\/\/i0.wp.com\/noticiasribeiraopreto.com.br\/wp-content\/uploads\/2024\/04\/handler-1-3.jpeg?fit=911%2C1200&ssl=1&resize=700%2C400 2x"},"classes":[]},{"id":59418,"url":"https:\/\/noticiasribeiraopreto.com.br\/index.php\/2024\/10\/23\/ludmilla-anuncia-venda-de-ingressos-para-numanice-em-ribeirao-preto-veja-precos\/","url_meta":{"origin":46735,"position":3},"title":"Ludmilla anuncia venda de ingressos para Numanice em Ribeir\u00e3o Preto; veja pre\u00e7os","author":"noticiasribeiraopreto.com.br","date":"23 de October de 2024","format":false,"excerpt":"Os f\u00e3s da cantora Ludmilla podem garantir ingressos para o show Numanice que acontece no dia 31 de mai de 2025, na Arena Nicnet em Ribeir\u00e3o Preto. As vendas dos ingressos come\u00e7aram nesta quarta-feira (23) e os pre\u00e7os variam entre R$ 130 e R$ 360, a depender da \u00e1rea escolhida.\u2026","rel":"","context":"In &quot;Not\u00edcias de Ribeir\u00e3o Preto-SP e Regi\u00e3o&quot;","block_context":{"text":"Not\u00edcias de Ribeir\u00e3o Preto-SP e Regi\u00e3o","link":"https:\/\/noticiasribeiraopreto.com.br\/index.php\/category\/noticias-de-ribeirao-preto-sp-e-regiao-ismael-colosi\/"},"img":{"alt_text":"","src":"https:\/\/i0.wp.com\/noticiasribeiraopreto.com.br\/wp-content\/uploads\/2024\/10\/Copia-de-Copia-de-Copia-de-TAMANHO-EXATO-PARA-FOTOS-NO-SISTEMA-NOVO-38_2024-10-23_18-07-44_png_2024-10-23_18-07-44.webp.webp?fit=1200%2C675&ssl=1&resize=350%2C200","width":350,"height":200,"srcset":"https:\/\/i0.wp.com\/noticiasribeiraopreto.com.br\/wp-content\/uploads\/2024\/10\/Copia-de-Copia-de-Copia-de-TAMANHO-EXATO-PARA-FOTOS-NO-SISTEMA-NOVO-38_2024-10-23_18-07-44_png_2024-10-23_18-07-44.webp.webp?fit=1200%2C675&ssl=1&resize=350%2C200 1x, https:\/\/i0.wp.com\/noticiasribeiraopreto.com.br\/wp-content\/uploads\/2024\/10\/Copia-de-Copia-de-Copia-de-TAMANHO-EXATO-PARA-FOTOS-NO-SISTEMA-NOVO-38_2024-10-23_18-07-44_png_2024-10-23_18-07-44.webp.webp?fit=1200%2C675&ssl=1&resize=525%2C300 1.5x, https:\/\/i0.wp.com\/noticiasribeiraopreto.com.br\/wp-content\/uploads\/2024\/10\/Copia-de-Copia-de-Copia-de-TAMANHO-EXATO-PARA-FOTOS-NO-SISTEMA-NOVO-38_2024-10-23_18-07-44_png_2024-10-23_18-07-44.webp.webp?fit=1200%2C675&ssl=1&resize=700%2C400 2x, https:\/\/i0.wp.com\/noticiasribeiraopreto.com.br\/wp-content\/uploads\/2024\/10\/Copia-de-Copia-de-Copia-de-TAMANHO-EXATO-PARA-FOTOS-NO-SISTEMA-NOVO-38_2024-10-23_18-07-44_png_2024-10-23_18-07-44.webp.webp?fit=1200%2C675&ssl=1&resize=1050%2C600 3x"},"classes":[]},{"id":26206,"url":"https:\/\/noticiasribeiraopreto.com.br\/index.php\/2024\/01\/09\/reta-final-do-processo-do-primeiro-filho-de-ludmilla-traz-grandes-expectativas\/","url_meta":{"origin":46735,"position":4},"title":"&#8216;Reta final&#8217; do processo do primeiro filho de Ludmilla traz grandes expectativas","author":"noticiasribeiraopreto.com.br","date":"9 de January de 2024","format":false,"excerpt":"2024 ser\u00e1 o ano em que a fam\u00edlia da cantora Ludmilla ir\u00e1 aumentar. Casada com Bruna Gon\u00e7alves, o casal anunciou no fim do ano passado que deram in\u00edcio ao processo de fertiliza\u00e7\u00e3o in vitro para engravidar.A respons\u00e1vel pelo barrig\u00e3o ser\u00e1 Bruna. Nela ser\u00e1 feito o implante do \u00f3vulo da esposa\u2026","rel":"","context":"In &quot;Blog&quot;","block_context":{"text":"Blog","link":"https:\/\/noticiasribeiraopreto.com.br\/index.php\/category\/blog\/"},"img":{"alt_text":"","src":"https:\/\/i0.wp.com\/noticiasribeiraopreto.com.br\/wp-content\/uploads\/2024\/01\/postimg-659d7cdb860601846.jpg?fit=1200%2C628&ssl=1&resize=350%2C200","width":350,"height":200,"srcset":"https:\/\/i0.wp.com\/noticiasribeiraopreto.com.br\/wp-content\/uploads\/2024\/01\/postimg-659d7cdb860601846.jpg?fit=1200%2C628&ssl=1&resize=350%2C200 1x, https:\/\/i0.wp.com\/noticiasribeiraopreto.com.br\/wp-content\/uploads\/2024\/01\/postimg-659d7cdb860601846.jpg?fit=1200%2C628&ssl=1&resize=525%2C300 1.5x, https:\/\/i0.wp.com\/noticiasribeiraopreto.com.br\/wp-content\/uploads\/2024\/01\/postimg-659d7cdb860601846.jpg?fit=1200%2C628&ssl=1&resize=700%2C400 2x, https:\/\/i0.wp.com\/noticiasribeiraopreto.com.br\/wp-content\/uploads\/2024\/01\/postimg-659d7cdb860601846.jpg?fit=1200%2C628&ssl=1&resize=1050%2C600 3x"},"classes":[]},{"id":84639,"url":"https:\/\/noticiasribeiraopreto.com.br\/index.php\/2026\/04\/13\/vozes-femininas-relembre-as-artistas-que-passaram-pelo-ribeirao-rodeo-music\/","url_meta":{"origin":46735,"position":5},"title":"Vozes femininas: relembre as artistas que passaram pelo Ribeir\u00e3o Rodeo Music","author":"noticiasribeiraopreto.com.br","date":"13 de April de 2026","format":false,"excerpt":"Ler o resumo da not\u00edcia O Ribeir\u00e3o Rodeo Music completa 20 anos com presen\u00e7a feminina em diversas edi\u00e7\u00f5es do festival. A primeira artista feminina no palco foi Joelma, com a banda Calypso, em 2006. O line-up feminino incluiu nomes como Mar\u00edlia Mendon\u00e7a, Maiara e Maraisa, Simone e Simaria, Ludmilla e\u2026","rel":"","context":"In &quot;Not\u00edcias de Ribeir\u00e3o Preto-SP e Regi\u00e3o&quot;","block_context":{"text":"Not\u00edcias de Ribeir\u00e3o Preto-SP e Regi\u00e3o","link":"https:\/\/noticiasribeiraopreto.com.br\/index.php\/category\/noticias-de-ribeirao-preto-sp-e-regiao-ismael-colosi\/"},"img":{"alt_text":"","src":"https:\/\/i0.wp.com\/noticiasribeiraopreto.com.br\/wp-content\/uploads\/2026\/04\/rrm_2026-04-13_19-49-45.webp.webp?fit=1200%2C675&ssl=1&resize=350%2C200","width":350,"height":200,"srcset":"https:\/\/i0.wp.com\/noticiasribeiraopreto.com.br\/wp-content\/uploads\/2026\/04\/rrm_2026-04-13_19-49-45.webp.webp?fit=1200%2C675&ssl=1&resize=350%2C200 1x, https:\/\/i0.wp.com\/noticiasribeiraopreto.com.br\/wp-content\/uploads\/2026\/04\/rrm_2026-04-13_19-49-45.webp.webp?fit=1200%2C675&ssl=1&resize=525%2C300 1.5x, https:\/\/i0.wp.com\/noticiasribeiraopreto.com.br\/wp-content\/uploads\/2026\/04\/rrm_2026-04-13_19-49-45.webp.webp?fit=1200%2C675&ssl=1&resize=700%2C400 2x, https:\/\/i0.wp.com\/noticiasribeiraopreto.com.br\/wp-content\/uploads\/2026\/04\/rrm_2026-04-13_19-49-45.webp.webp?fit=1200%2C675&ssl=1&resize=1050%2C600 3x"},"classes":[]}],"jetpack_sharing_enabled":true,"jetpack_shortlink":"https:\/\/wp.me\/peQAOb-c9N","_links":{"self":[{"href":"https:\/\/noticiasribeiraopreto.com.br\/index.php\/wp-json\/wp\/v2\/posts\/46735","targetHints":{"allow":["GET"]}}],"collection":[{"href":"https:\/\/noticiasribeiraopreto.com.br\/index.php\/wp-json\/wp\/v2\/posts"}],"about":[{"href":"https:\/\/noticiasribeiraopreto.com.br\/index.php\/wp-json\/wp\/v2\/types\/post"}],"author":[{"embeddable":true,"href":"https:\/\/noticiasribeiraopreto.com.br\/index.php\/wp-json\/wp\/v2\/users\/1"}],"replies":[{"embeddable":true,"href":"https:\/\/noticiasribeiraopreto.com.br\/index.php\/wp-json\/wp\/v2\/comments?post=46735"}],"version-history":[{"count":0,"href":"https:\/\/noticiasribeiraopreto.com.br\/index.php\/wp-json\/wp\/v2\/posts\/46735\/revisions"}],"wp:featuredmedia":[{"embeddable":true,"href":"https:\/\/noticiasribeiraopreto.com.br\/index.php\/wp-json\/wp\/v2\/media\/46736"}],"wp:attachment":[{"href":"https:\/\/noticiasribeiraopreto.com.br\/index.php\/wp-json\/wp\/v2\/media?parent=46735"}],"wp:term":[{"taxonomy":"category","embeddable":true,"href":"https:\/\/noticiasribeiraopreto.com.br\/index.php\/wp-json\/wp\/v2\/categories?post=46735"},{"taxonomy":"post_tag","embeddable":true,"href":"https:\/\/noticiasribeiraopreto.com.br\/index.php\/wp-json\/wp\/v2\/tags?post=46735"}],"curies":[{"name":"wp","href":"https:\/\/api.w.org\/{rel}","templated":true}]}}