{"id":46788,"date":"2024-04-15T10:18:27","date_gmt":"2024-04-15T13:18:27","guid":{"rendered":"https:\/\/noticiasribeiraopreto.com.br\/index.php\/2024\/04\/15\/celebre-o-choro-projeto-especial-choraco-no-sesc-24-de-maio\/"},"modified":"2024-04-15T10:18:27","modified_gmt":"2024-04-15T13:18:27","slug":"celebre-o-choro-projeto-especial-choraco-no-sesc-24-de-maio","status":"publish","type":"post","link":"https:\/\/noticiasribeiraopreto.com.br\/index.php\/2024\/04\/15\/celebre-o-choro-projeto-especial-choraco-no-sesc-24-de-maio\/","title":{"rendered":"Celebre o Choro: Projeto Especial &#8220;Chora\u00e7o&#8221; no Sesc 24 de Maio"},"content":{"rendered":"<div class='code-block code-block-1' style='margin: 8px 0 8px auto; text-align: right; display: block; clear: both;'>\n<p><a href=\"https:\/\/wa.link\/vpicfd\"><img data-recalc-dims=\"1\" class=\"wp-image-4922\" style=\"aspect-ratio: 2.0253164556962027; width: 561px; height: auto;\" src=\"https:\/\/i0.wp.com\/ismaelcolosi.com.br\/wp-content\/uploads\/2023\/11\/grupo-de-empregos-whatsapp-e-facebook-ismael-colosi-vagas.jpg?ssl=1\" alt=\"\" \/><\/a><\/p>\n<!-- \/wp:image -->\n<\/div>\n<p> <br \/>\n<\/p>\n<div>\n<p><strong><i>Uma homenagem ao g\u00eanero musical com grandes nomes da m\u00fasica brasileira\u00a0celebrando as sonoridades tradicionais e contempor\u00e2neas do Choro brasileiro de\u00a023\/4 a 5\/5<\/i>\u00a0<\/strong><\/p>\n<p>Em abril, m\u00eas de nascimento de\u00a0<strong>Pixinguinha (23\/04)<\/strong>, um dos maiores expoentes do Choro brasileiro, tamb\u00e9m \u00e9 celebrado o\u00a0<strong>Dia Nacional do Choro<\/strong>\u00a0e\u00a0o\u00a0<strong>Sesc 24 de Maio<\/strong>\u00a0comemora essa data com o projeto especial\u00a0<strong>\u201cChora\u00e7o\u201d<\/strong>. Trazendo artistas como\u00a0<strong>Alexandre Ribeiro<\/strong>,\u00a0<strong>Carmen Queiroz<\/strong><strong>, Hamilton de Holanda, Yamandu Costa, Nilze Carvalho, Wanderl\u00e9a<\/strong>,<strong>\u00a0<\/strong>entre outros.\u00a0Ser\u00e3o, ao todo, quatorze atra\u00e7\u00f5es\u00a0<strong>at\u00e9 5\/5<\/strong>. Ingressos para os shows \u00e0 venda a partir de 16\/4 em\u00a0<strong>sescsp\u0702org\u0702br\/24demaio<\/strong>\u00a0e nas\u00a0<strong>bilheterias da rede Sesc SP\u00a0<\/strong>a partir de 17\/4.<\/p>\n<p>O Choro surge na m\u00fasica brasileira no final do s\u00e9culo 19, na cidade do Rio de Janeiro, como uma manifesta\u00e7\u00e3o urbana, criado a partir de elementos de dan\u00e7a de sal\u00e3o, m\u00fasica popular portuguesa e africana. Mas diferente de outras sonoridades dessa mesma categoria, como o Samba, \u00e9 considerado aquele que mais se aproxima da m\u00fasica erudita, tendo como uma de suas caracter\u00edsticas o lirismo, a valoriza\u00e7\u00e3o da forma, certa sofistica\u00e7\u00e3o de arranjos e instrumenta\u00e7\u00e3o por parte da\/o compositor\/a.<\/p>\n<p>A identidade do choro enquanto g\u00eanero, no entanto, assumiu diversas novas tend\u00eancias nas manifesta\u00e7\u00f5es contempor\u00e2neas, com influ\u00eancias do pr\u00f3prio samba, valsa, polca, jazz, refletindo uma caracter\u00edstica tradicional.<\/p>\n<p>Em 29 de fevereiro, o choro foi reconhecido como Patrim\u00f4nio Cultural Imaterial do pa\u00eds, pelo Instituto do Patrim\u00f4nio Hist\u00f3rico e Art\u00edstico Nacional (Iphan). Ao propor uma s\u00e9rie de shows de conjuntos e artistas solistas dedicados ao g\u00eanero, o Sesc 24 de Maio celebra a valoriza\u00e7\u00e3o da produ\u00e7\u00e3o atual do choro, seja ela mais pr\u00f3xima da sonoridade tradicional, ou inclinada \u00e0 m\u00fasica de concerto e outras roupagens contempor\u00e2neas.<\/p>\n<p><strong>Alexandre Ribeiro &amp; Quinteto de Cordas<\/strong><\/p>\n<p>Na primeira parte desta apresenta\u00e7\u00e3o,\u00a0<strong>Alexandre Ribeiro<\/strong>\u00a0realiza uma apresenta\u00e7\u00e3o solo e, na segunda parte, convida um quinteto de cordas formado por\u00a0<strong>Amanda Martins<\/strong>,\u00a0<strong>Sung Eun Cho<\/strong>,\u00a0<strong>Maria<\/strong>\u00a0<strong>Ang\u00e9lica Cameron<\/strong>,\u00a0<strong>Sarah Nascimento<\/strong>\u00a0e\u00a0<strong>Jin Joo Doh<\/strong>, integrantes da\u00a0<strong>Osesp<\/strong>. Juntos, v\u00e3o tocar a bel\u00edssima su\u00edte \u201cObrigado, Pixinguinha\u201d<i>,<\/i>\u00a0com cinco movimentos, composta por<strong>\u00a0Alexandre Ribeiro<\/strong>\u00a0e com arranjo de\u00a0<strong>Tiago Costa.<\/strong><\/p>\n<p><strong>Servi\u00e7o:<\/strong>\u202f23\/4, ter\u00e7a, \u00e0s 20h. No Teatro (1\u00ba subsolo).\u00a0<strong>Classifica\u00e7\u00e3o:\u00a0<\/strong>12 anos.<strong>\u00a0Ingressos:\u00a0<\/strong>R\uff0450 (inteira), R\uff0425 (meia) e R\uff0415 (credencial plena), \u00e0 venda em\u00a0<a href=\"https:\/\/s2404.pr-publisher.com\/link.php?code=bDpodHRwcyUzQSUyRiUyRnd3dy5zZXNjc3Aub3JnLmJyJTJGcHJvZ3JhbWFjYW8lMkZhbGV4YW5kcmUtcmliZWlyby1xdWludGV0by1kZS1jb3JkYXMlMkY6MTU3MDAwMDM1NTpmYWJpb0Bwb3BpdG8uY29tLmJyOmQ2NGRjNDo3Nw==\" target=\"_blank\" rel=\"noopener noreferrer\"><u>sescsp\u0702org\u0702br\/24demaio<\/u><\/a>\u00a0e nas bilheterias do Sesc SP.<\/p>\n<p><strong>Carmen Queiroz<\/strong><\/p>\n<p>Considerada uma das belas vozes da MPB e com 40 anos de carreira,\u00a0<strong>Carmen Queiroz<\/strong>\u00a0\u00e9 especialista no g\u00eanero Choro. Nesta apresenta\u00e7\u00e3o, ela convida dois parceiros musicais de longa data, os cantores\u00a0<strong>Lula Barbosa<\/strong>\u00a0e\u00a0<strong>Maria Martha<\/strong>\u00a0que, como\u00a0<strong>Carmen<\/strong>, t\u00eam uma forte rela\u00e7\u00e3o com o Choro. O repert\u00f3rio apresenta a poesia de compositores letristas tradicionais, como\u00a0<strong>Catulo da Paix\u00e3o<\/strong>\u00a0<strong>Cearense<\/strong>\u00a0e\u00a0<strong>Bello de Carvalho.\u00a0<\/strong><strong>\u00a0<\/strong><\/p>\n<p><strong>Servi\u00e7o:\u202f<\/strong>24\/4, quarta, \u00e0s 20h. No Teatro (1\u00ba subsolo).\u00a0<strong>Classifica\u00e7\u00e3o:\u00a0<\/strong>12 anos.<strong>\u00a0Ingressos:\u00a0<\/strong>R\uff0450 (inteira), R\uff0425 (meia) e R\uff0415 (credencial plena), \u00e0 venda em\u00a0<a href=\"https:\/\/s2404.pr-publisher.com\/link.php?code=bDpodHRwcyUzQSUyRiUyRnd3dy5zZXNjc3Aub3JnLmJyJTJGcHJvZ3JhbWFjYW8lMkZjYXJtZW4tcXVlaXJveiUyRjoxNTcwMDAwMzU1OmZhYmlvQHBvcGl0by5jb20uYnI6ZWI2Y2VlOjc3\" target=\"_blank\" rel=\"noopener noreferrer\"><u>sescsp\u0702org\u0702br\/24demaio<\/u><\/a>\u00a0e nas bilheterias do Sesc SP.<\/p>\n<p><strong>Hamilton de Holanda<\/strong><\/p>\n<p>Neste espet\u00e1culo,\u00a0<strong>Hamilton<\/strong>\u00a0se junta a<strong>\u00a0Salom\u00e3o Soares<\/strong>, nos teclados, e\u00a0<strong>Thiago \u201cBig\u201d Rabello<\/strong>, na Bateria, para nos contar se existe e onde est\u00e1 o limiar do choro e o jazz dentro do repert\u00f3rio da M\u00fasica Brasileira. Mostrando as semelhan\u00e7as musicais, r\u00edtmicas e mel\u00f3dicas desses g\u00eaneros considerados primos queridos dentro da programa\u00e7\u00e3o do Chora\u00e7o.<\/p>\n<p><strong>Servi\u00e7o:\u202f<\/strong>25 e 26\/4, quinta e sexta, \u00e0s 20h. No Teatro (1\u00ba subsolo).\u00a0<strong>Classifica\u00e7\u00e3o:\u00a0<\/strong>12 anos.<strong>\u00a0Ingressos:\u00a0<\/strong>R\uff0460 (inteira), R\uff0430 (meia) e R\uff04 18 (credencial plena), \u00e0 venda em\u00a0<a href=\"https:\/\/s2404.pr-publisher.com\/link.php?code=bDpodHRwcyUzQSUyRiUyRnd3dy5zZXNjc3Aub3JnLmJyJTJGcHJvZ3JhbWFjYW8lMkZoYW1pbHRvbi1kZS1ob2xhbmRhLTIlMkY6MTU3MDAwMDM1NTpmYWJpb0Bwb3BpdG8uY29tLmJyOjY1MTdiMzo3Nw==\" target=\"_blank\" rel=\"noopener noreferrer\"><u>sescsp\u0702org\u0702br\/24demaio<\/u><\/a>\u00a0e nas bilheterias do Sesc SP.<\/p>\n<p><strong>Choro da Leste + Regional Mateus Santos<\/strong><\/p>\n<p><strong>Regional Mateus Santos<\/strong>\u00a0e\u00a0<strong>Choro da Leste\u00a0<\/strong>s\u00e3o coletivos que nasceram na periferia da zona leste de S\u00e3o Paulo, com intuito de formar e propagar a linguagem do choro de forma ampla e inclusiva. Unidos nessa roda, jovens musicistas reverenciam e relembram grandes refer\u00eancias do g\u00eanero, como\u00a0<strong>Pixinguinha<\/strong>,\u00a0<strong>Chiquinha Gonzaga<\/strong>,<strong>\u00a0Jacob do bandolim<\/strong>\u00a0e outros, celebrando as continuidades da escola do choro.<\/p>\n<p><strong>Servi\u00e7o:\u202f<\/strong>27\/4, s\u00e1bado, \u00e0s 15h. No Jardim da Piscina (11\u00ba andar).\u00a0<strong>Classifica\u00e7\u00e3o:\u00a0<\/strong>Livre.<strong>\u00a0Gr\u00e1tis\u00a0<\/strong><\/p>\n<p><strong>Yamandu Costa\u00a0<\/strong><\/p>\n<p><i>Chorando por Amizade<\/i>\u00a0\u00e9 um show in\u00e9dito, em homenagem ao choro, esse g\u00eanero t\u00e3o importante, especial e de origem brasileira. As m\u00fasicas escolhidas passam por cl\u00e1ssicos de\u00a0<strong>Ernesto Nazareth<\/strong>,\u00a0<strong>Jo\u00e3o Pernambuco<\/strong>,\u00a0<strong>Pixinguinha<\/strong>\u00a0e outros compositores que marcaram a hist\u00f3ria e s\u00e3o a cara deste tipo de m\u00fasica no Brasil.<\/p>\n<p><strong>Servi\u00e7o:\u00a0<\/strong>27 e 28\/4, s\u00e1bado \u00e0s 20h e domingo. No Teatro (1\u00ba subsolo).\u00a0<strong>Classifica\u00e7\u00e3o:\u00a0<\/strong>12 anos.<strong>\u00a0Ingressos:\u00a0<\/strong>R\uff0460 (inteira), R\uff0430 (meia) e R\uff0418 (credencial plena), \u00e0 venda em\u00a0<a href=\"https:\/\/s2404.pr-publisher.com\/link.php?code=bDpodHRwcyUzQSUyRiUyRnd3dy5zZXNjc3Aub3JnLmJyJTJGcHJvZ3JhbWFjYW8lMkZ5YW1hbmR1LWNvc3RhLTIlMkY6MTU3MDAwMDM1NTpmYWJpb0Bwb3BpdG8uY29tLmJyOjVmNDVkZTo3Nw==\" target=\"_blank\" rel=\"noopener noreferrer\"><u>sescsp\u0702org\u0702br\/24demaio<\/u><\/a>\u00a0e nas bilheterias do Sesc SP.<\/p>\n<p><strong>Baile do Bar\u00e3o \u2013 Com Bar\u00e3o do Pandeiro &amp; Regional\u00a0<\/strong><\/p>\n<p><strong>Bar\u00e3o do Pandeiro<\/strong>\u00a0nasceu e foi criado no meio do Choro e do Samba carioca. Desde ent\u00e3o passou a tocar o instrumento que incorporou seu nome aos cinco anos de idade, tendo por inspira\u00e7\u00e3o\u00a0<strong>Jo\u00e3o da Baiana<\/strong>. Cantor e ritmista, conviveu e acompanhou grandes nomes da m\u00fasica popular brasileira, como\u00a0<strong>Nelson Cavaquinho<\/strong>,\u00a0<strong>Clementina de Jesus<\/strong>,\u00a0<strong>Z\u00e9 K\u00e9ti<\/strong>,\u00a0<strong>Paulo Vanzolini<\/strong>\u00a0e\u00a0<strong>Cristina Buarque<\/strong>\u00a0<strong>de<\/strong>\u00a0<strong>Holanda<\/strong>.<\/p>\n<p><strong>Servi\u00e7o:\u202f<\/strong>28\/4, domingo, \u00e0s 15h. No 5\u00ba andar.\u00a0<strong>Classifica\u00e7\u00e3o:\u00a0<\/strong>Livre.<strong>\u00a0Gr\u00e1tis<\/strong><\/p>\n<p><strong>60 Anos de Choros Imortais<\/strong><\/p>\n<p>60 Anos de Choros Imortais: Tributo a\u00a0<strong>Altamiro Carrilho<\/strong><i><strong>\u00a0<\/strong><\/i>celebra um dos discos mais aclamados de\u00a0<strong>Altamiro<\/strong>. Gravado com o hist\u00f3rico Regional do Canhoto, em 1964, o \u00e1lbum permanece como obra referencial para chor\u00f5es e choronas do Brasil e do exterior. O show conta com as participa\u00e7\u00f5es dos seguintes solistas:\u00a0<strong>Morgana Moreno<\/strong>,\u00a0<strong>Andrea Ernest Dias<\/strong>\u00a0e\u00a0<strong>Toninho Carrasqueira<\/strong>.<\/p>\n<p><strong>Servi\u00e7o:\u202f<\/strong>30\/4 e 1\/5, ter\u00e7a \u00e0s 20h e quarta \u00e0s 18h. No Teatro (1\u00ba subsolo).\u00a0<strong>Classifica\u00e7\u00e3o:\u00a0<\/strong>12 anos.<strong>\u00a0Ingressos:\u00a0<\/strong>R\uff0450 (inteira), R\uff0425 (meia) e R\uff04 15 (credencial plena), \u00e0 venda em\u00a0<a href=\"https:\/\/s2404.pr-publisher.com\/link.php?code=bDpodHRwcyUzQSUyRiUyRnd3dy5zZXNjc3Aub3JnLmJyJTJGcHJvZ3JhbWFjYW8lMkY2MC1hbm9zLWRlLWNob3Jvcy1pbW9ydGFpcyUyRjoxNTcwMDAwMzU1OmZhYmlvQHBvcGl0by5jb20uYnI6NmUzMzdiOjc3\" target=\"_blank\" rel=\"noopener noreferrer\"><u>sescsp\u0702org\u0702br\/24demaio<\/u><\/a>\u00a0e nas bilheterias do Sesc SP.<\/p>\n<p><strong>Choro da Quitanda<\/strong><\/p>\n<p>Grupo formado 2016 por seis jovens instrumentistas que se encontravam frequentemente no centro de S\u00e3o Paulo, promovendo e participando de rodas de choro. Com suas m\u00faltiplas refer\u00eancias, o grupo aproveita uma instrumenta\u00e7\u00e3o caracter\u00edstica de choro para desenvolver um repert\u00f3rio com novas linguagens e sotaques.<\/p>\n<p>A proposta da apresenta\u00e7\u00e3o e de m\u00fasica e dan\u00e7a para beb\u00eas, crian\u00e7as e seus adultos de refer\u00eancia, no dia. Nessa ocasi\u00e3o, faremos um baile de choro!<\/p>\n<p><strong>Servi\u00e7o:\u202f<\/strong>1\/5, quarta, \u00e0s 14h. No Espa\u00e7o de Tecnologias e Artes (4\u00ba andar).\u00a0<strong>Classifica\u00e7\u00e3o:\u00a0<\/strong>Livre.\u00a0<strong>Gr\u00e1tis\u00a0<\/strong><\/p>\n<p><strong>Choro Interior\u00a0<\/strong><\/p>\n<p>Para essa apresenta\u00e7\u00e3o, 11 m\u00fasicos do estado de S\u00e3o Paulo se re\u00fanem para criar a maior roda de choro interior paulista. O grupo \u00e9 composto por representantes das cidades de Bauru, Ribeir\u00e3o Preto, Leme, Araraquara, S\u00e3o Carlos e Len\u00e7\u00f3is Paulista. No repert\u00f3rio trar\u00e3o can\u00e7\u00f5es como a\u00a0<i>Rosa e Lamentos<\/i>\u00a0(<strong>Pixinguinha<\/strong>),\u00a0<i>Noites Cariocas e Doce de Coco\u00a0<\/i>(<strong>Jacob do Bandolin<\/strong>).<\/p>\n<p><strong>Servi\u00e7o:\u202f<\/strong>2\/5, quinta, \u00e0s 20h. No Teatro (1\u00ba subsolo).\u00a0<strong>Classifica\u00e7\u00e3o:\u00a0<\/strong>12 anos.<strong>\u00a0Ingressos:\u00a0<\/strong>R\uff0450 (inteira), R\uff0425 (meia) e R\uff0415 (credencial plena), \u00e0 venda em\u00a0<a href=\"https:\/\/s2404.pr-publisher.com\/link.php?code=bDpodHRwcyUzQSUyRiUyRnd3dy5zZXNjc3Aub3JnLmJyJTJGcHJvZ3JhbWFjYW8lMkZjaG9yby1pbnRlcmlvciUyRjoxNTcwMDAwMzU1OmZhYmlvQHBvcGl0by5jb20uYnI6YzQ1YWE2Ojc3\" target=\"_blank\" rel=\"noopener noreferrer\"><u>sescsp\u0702org\u0702br\/24demaio<\/u><\/a>\u00a0e nas bilheterias do Sesc SP.<\/p>\n<p><strong>Nilze Carvalho<\/strong><\/p>\n<p>Em celebra\u00e7\u00e3o aos 40 anos da s\u00e9rie de LPs \u201cChoro de menina\u201d, a cantora, instrumentista e compositora,\u00a0<strong>Nilze Carvalho<\/strong>, criou um espet\u00e1culo instrumental, voltando \u00e0s ra\u00edzes, ao lado do seu cavaquinho e bandolim, em um repert\u00f3rio comemorativo \u00e0 toda a s\u00e9rie e acompanhada por um tradicional regional de choro.<\/p>\n<p><strong>Servi\u00e7o:\u202f<\/strong>3\/5, sexta, \u00e0s 20h. No Teatro (1\u00ba subsolo).\u00a0<strong>Classifica\u00e7\u00e3o:\u00a0<\/strong>12 anos.<strong>\u00a0Ingressos:\u00a0<\/strong>R\uff0450 (inteira), R\uff0425 (meia) e R\uff0415 (credencial plena), \u00e0 venda em\u00a0<a href=\"https:\/\/s2404.pr-publisher.com\/link.php?code=bDpodHRwcyUzQSUyRiUyRnd3dy5zZXNjc3Aub3JnLmJyJTJGcHJvZ3JhbWFjYW8lMkZuaWx6ZS1jYXJ2YWxoby01JTJGOjE1NzAwMDAzNTU6ZmFiaW9AcG9waXRvLmNvbS5icjpiZDc2MGU6Nzc=\" target=\"_blank\" rel=\"noopener noreferrer\"><u>sescsp\u0702org\u0702br\/24demaio<\/u><\/a>\u00a0e nas bilheterias do Sesc SP.<\/p>\n<p><strong>Vitor Lopes e convidados<\/strong><\/p>\n<p>Nesta roda, os m\u00fasicos e musicistas convidados v\u00e3o interpretar choros de grandes nomes do estilo como\u00a0<strong>Chiquinha Gonzaga<\/strong>,\u00a0<strong>Ernesto Nazareth<\/strong>,\u00a0<strong>Anacleto de Medeiros<\/strong>,\u00a0<strong>Joaquim Callado<\/strong>,\u00a0<strong>Jo\u00e3o Pernambuco<\/strong>,\u00a0<strong>Zequinha de Abreu<\/strong>,<strong>\u00a0Jacob do Bandolim<\/strong>,\u00a0<strong>Pixinguinha<\/strong>, dentre outros.<\/p>\n<p><strong>Servi\u00e7o:\u202f<\/strong>4\/5, s\u00e1bado, \u00e0s 15h. No Jardim da Piscina (11\u00ba andar).\u00a0<strong>Classifica\u00e7\u00e3o:\u00a0<\/strong>Livre.<strong>\u00a0Gr\u00e1tis<\/strong>.<\/p>\n<p><strong>Wanderl\u00e9a canta choros\u00a0<\/strong><\/p>\n<p>A escolha de\u00a0<strong>Wanderl\u00e9a<\/strong>\u00a0por explorar os chorinhos em seu novo disco \u00e9 um testemunho de sua maturidade art\u00edstica e dedica\u00e7\u00e3o \u00e0 m\u00fasica brasileira. Sua interpreta\u00e7\u00e3o \u00fanica e genu\u00edna dessas melodias cl\u00e1ssicas traz um frescor e uma energia renovada ao g\u00eanero, conquistando tanto os amantes dos chorinhos tradicionais quanto aqueles que est\u00e3o sendo apresentados a essa forma de arte pela primeira vez.<\/p>\n<p><strong>Servi\u00e7o:\u202f<\/strong>4 e 5\/5, s\u00e1bado, \u00e0s 20h e domingo \u00e0s 18h. No Teatro (1\u00ba subsolo).\u00a0<strong>Classifica\u00e7\u00e3o:\u00a0<\/strong>12 anos.<strong>\u00a0Ingressos:\u00a0<\/strong>R\uff0450 (inteira), R\uff0425 (meia) e R\uff0415 (credencial plena), \u00e0 venda em\u00a0<a href=\"https:\/\/s2404.pr-publisher.com\/link.php?code=bDpodHRwcyUzQSUyRiUyRnd3dy5zZXNjc3Aub3JnLmJyJTJGcHJvZ3JhbWFjYW8lMkZ3YW5kZXJsZWEtY2FudGEtY2hvcm9zLTIlMkY6MTU3MDAwMDM1NTpmYWJpb0Bwb3BpdG8uY29tLmJyOmQ5NzIzZjo3Nw==\" target=\"_blank\" rel=\"noopener noreferrer\"><u>sescsp\u0702org\u0702br\/24demaio<\/u><\/a>\u00a0e nas bilheterias do Sesc SP.<\/p>\n<p><strong>\u00c1gua de Vint\u00e9m<\/strong><\/p>\n<p>Em arranjos pr\u00f3prios que misturam a espontaneidade e improvisos, t\u00edpicos de uma boa roda de choro, os instrumentistas visitam p\u00e1ginas desconhecidas de compositores do s\u00e9culo XIX e mostram que a riqueza e profundidade da obra de mestres como<strong>\u00a0Ernesto Nazareth<\/strong>,\u00a0<strong>Erothides de Campos<\/strong>,\u00a0<strong>Bonfiglio de Oliveira<\/strong>\u00a0e<strong>\u00a0M\u00e1rio \u00c1lvares<\/strong>.<\/p>\n<p><strong>Servi\u00e7o:\u202f<\/strong>5\/5, domingo, \u00e0s 15h. No Jardim da Piscina (11\u00ba andar).\u00a0<strong>Classifica\u00e7\u00e3o:<\/strong>\u00a0A12.\u00a0<strong>Gr\u00e1tis<\/strong>.<\/p>\n<p>\u00a0<\/p>\n<p><strong>Sobre o Projeto Chora\u00e7o<\/strong><\/p>\n<p>Inaugurado em 2019 na unidade Sesc 24 de Maio, o projeto\u00a0<strong>Chora\u00e7o<\/strong>\u00a0busca oferecer aos p\u00fablicos um panorama do g\u00eanero na atualidade. A curadoria inclui artistas e grupos que fazem refer\u00eancia \u00e0 hist\u00f3ria do Choro e seus personagens: as obras de\u00a0<strong>Joaquim Calado<\/strong>,\u00a0<strong>Chiquinha Gonzaga<\/strong>,\u00a0<strong>Pixinguinha<\/strong>,\u00a0<strong>Iza\u00edas e seus Chor\u00f5es\u00a0<\/strong>dentre outras figuras essenciais para a m\u00fasica popular brasileira s\u00e3o celebradas a partir de arranjos e interpreta\u00e7\u00f5es contempor\u00e2neas. Paralelamente \u00e0s apresenta\u00e7\u00f5es, o projeto inclui atividades formativas que investigam a diversidade est\u00e9tica do Choro, tanto a partir da hist\u00f3ria, quanto por meio de estudo dos instrumentos e suas possibilidades expressivas.<\/p>\n<p><strong>Acompanhe nossas redes:<\/strong><\/p>\n<p>facebook\u0702com\/sesc24demaio<\/p>\n<p>instagram\u0702com\/sesc24demaio<\/p>\n<p>sescsp\u0702org\u0702br\/24demaio<\/p>\n<p><strong>Sesc 24 de Maio<\/strong><\/p>\n<p>Rua 24 de Maio, 109, Centro, S\u00e3o Paulo<\/p>\n<p>350 metros do metr\u00f4 Rep\u00fablica<\/p>\n<p>Fone: (11) 3350-6300<\/p>\n<div class=\"popito_fn_votewrap\">\n<h3 class=\"vote_title\">Como voc\u00ea vota? <\/h3>\n<div class=\"popito_fn_votes \" data-id=\"2113\">\n<p>0 People voted this article. 0 Upvotes &#8211; 0 Downvotes.<\/p>\n<\/div>\n<\/div>\n<\/div>\n<p><br \/>\n<br \/><a href=\"https:\/\/popito.com.br\/celebre-o-choro-projeto-especial-choraco-no-sesc-24-de-maio\/\">Source link <\/a><\/p>\n<!-- CONTENT END 1 -->\n","protected":false},"excerpt":{"rendered":"<p>Uma homenagem ao g\u00eanero musical com grandes nomes da m\u00fasica brasileira\u00a0celebrando as sonoridades tradicionais e contempor\u00e2neas do Choro brasileiro de\u00a023\/4 a 5\/5\u00a0 Em abril, m\u00eas&#8230;<\/p>\n","protected":false},"author":1,"featured_media":46789,"comment_status":"open","ping_status":"open","sticky":false,"template":"","format":"standard","meta":{"advanced_seo_description":"","jetpack_seo_html_title":"","jetpack_seo_noindex":false,"jetpack_post_was_ever_published":false,"_jetpack_newsletter_access":"","_jetpack_dont_email_post_to_subs":false,"_jetpack_newsletter_tier_id":0,"_jetpack_memberships_contains_paywalled_content":false,"_jetpack_memberships_contains_paid_content":false,"footnotes":"","jetpack_publicize_message":"","jetpack_publicize_feature_enabled":true,"jetpack_social_post_already_shared":true,"jetpack_social_options":{"image_generator_settings":{"template":"highway","default_image_id":0,"font":"","enabled":false},"version":2}},"categories":[11],"tags":[5617,5618,2136,923,1969,685,2916],"class_list":["post-46788","post","type-post","status-publish","format-standard","has-post-thumbnail","hentry","category-noticias-de-ribeirao-preto-sp-e-regiao-ismael-colosi","tag-celebre","tag-choraco","tag-choro","tag-especial","tag-maio","tag-projeto","tag-sesc"],"jetpack_publicize_connections":[],"jetpack_featured_media_url":"https:\/\/i0.wp.com\/noticiasribeiraopreto.com.br\/wp-content\/uploads\/2024\/04\/Yamandu-Costa-por-Rodrigo-Lopes2.jpeg?fit=1280%2C1920&ssl=1","jetpack-related-posts":[{"id":15604,"url":"https:\/\/noticiasribeiraopreto.com.br\/index.php\/2023\/12\/13\/projeto-chorinho-na-7-recebe-choro-da-casa-nesta-sexta-feira-15\/","url_meta":{"origin":46788,"position":0},"title":"Projeto \u201cChorinho na 7\u201d recebe Choro da Casa nesta sexta-feira, 15 \u2013 Folha de Ribeir\u00e3o","author":"noticiasribeiraopreto.com.br","date":"13 de December de 2023","format":false,"excerpt":"O projeto \u201cChorinho na 7\u201d, realizado pela Secretaria Municipal da Cultura e Turismo, recebe novamente o grupo Choro da Casa para uma apresenta\u00e7\u00e3o especial nesta sexta-feira, dia 15 de dezembro, \u00e0s 19h, na Pra\u00e7a Sete de Setembro, que fica no quadril\u00e1tero entre as ruas Lafaiete, Flor\u00eancio de Abreu, Sete de\u2026","rel":"","context":"In &quot;Not\u00edcias de Ribeir\u00e3o Preto-SP e Regi\u00e3o&quot;","block_context":{"text":"Not\u00edcias de Ribeir\u00e3o Preto-SP e Regi\u00e3o","link":"https:\/\/noticiasribeiraopreto.com.br\/index.php\/category\/noticias-de-ribeirao-preto-sp-e-regiao-ismael-colosi\/"},"img":{"alt_text":"","src":"https:\/\/i0.wp.com\/noticiasribeiraopreto.com.br\/wp-content\/uploads\/2023\/12\/chorinho1312_1.jpeg?fit=1024%2C473&ssl=1&resize=350%2C200","width":350,"height":200,"srcset":"https:\/\/i0.wp.com\/noticiasribeiraopreto.com.br\/wp-content\/uploads\/2023\/12\/chorinho1312_1.jpeg?fit=1024%2C473&ssl=1&resize=350%2C200 1x, https:\/\/i0.wp.com\/noticiasribeiraopreto.com.br\/wp-content\/uploads\/2023\/12\/chorinho1312_1.jpeg?fit=1024%2C473&ssl=1&resize=525%2C300 1.5x, https:\/\/i0.wp.com\/noticiasribeiraopreto.com.br\/wp-content\/uploads\/2023\/12\/chorinho1312_1.jpeg?fit=1024%2C473&ssl=1&resize=700%2C400 2x"},"classes":[]},{"id":80053,"url":"https:\/\/noticiasribeiraopreto.com.br\/index.php\/2025\/11\/13\/choro-na-esquina-recebe-multi-instrumentista-rafinha-barros-veja-quando\/","url_meta":{"origin":46788,"position":1},"title":"Choro na Esquina recebe multi-instrumentista Rafinha Barros; veja quando","author":"noticiasribeiraopreto.com.br","date":"13 de November de 2025","format":false,"excerpt":"No pr\u00f3ximo domingo (16), o projeto Choro na Esquina recebe o multi-instrumentista, compositor e produtor brasileiro Rafinha Barros. A apresenta\u00e7\u00e3o acontece no Teatro Minaz, em Ribeir\u00e3o Preto, \u00e0s 9h30, com entrada gratuita e aberta ao p\u00fablico. N\u00e3o \u00e9 necess\u00e1rio retirar ingressos. Criada em 2023 pela Cia. Minaz, a s\u00e9rie Choro\u2026","rel":"","context":"In &quot;Not\u00edcias de Ribeir\u00e3o Preto-SP e Regi\u00e3o&quot;","block_context":{"text":"Not\u00edcias de Ribeir\u00e3o Preto-SP e Regi\u00e3o","link":"https:\/\/noticiasribeiraopreto.com.br\/index.php\/category\/noticias-de-ribeirao-preto-sp-e-regiao-ismael-colosi\/"},"img":{"alt_text":"","src":"https:\/\/i0.wp.com\/noticiasribeiraopreto.com.br\/wp-content\/uploads\/2025\/11\/palace-1_2025-11-13_13-51-57.webp.webp?fit=1200%2C675&ssl=1&resize=350%2C200","width":350,"height":200,"srcset":"https:\/\/i0.wp.com\/noticiasribeiraopreto.com.br\/wp-content\/uploads\/2025\/11\/palace-1_2025-11-13_13-51-57.webp.webp?fit=1200%2C675&ssl=1&resize=350%2C200 1x, https:\/\/i0.wp.com\/noticiasribeiraopreto.com.br\/wp-content\/uploads\/2025\/11\/palace-1_2025-11-13_13-51-57.webp.webp?fit=1200%2C675&ssl=1&resize=525%2C300 1.5x, https:\/\/i0.wp.com\/noticiasribeiraopreto.com.br\/wp-content\/uploads\/2025\/11\/palace-1_2025-11-13_13-51-57.webp.webp?fit=1200%2C675&ssl=1&resize=700%2C400 2x, https:\/\/i0.wp.com\/noticiasribeiraopreto.com.br\/wp-content\/uploads\/2025\/11\/palace-1_2025-11-13_13-51-57.webp.webp?fit=1200%2C675&ssl=1&resize=1050%2C600 3x"},"classes":[]},{"id":37464,"url":"https:\/\/noticiasribeiraopreto.com.br\/index.php\/2024\/02\/16\/choro-da-casa-toca-na-sete-de-setembro\/","url_meta":{"origin":46788,"position":2},"title":"Choro da Casa toca\u00a0na Sete de Setembro\u00a0","author":"noticiasribeiraopreto.com.br","date":"16 de February de 2024","format":false,"excerpt":"16 de fevereiro de 2024 | 12:3016 de fevereiro de 2024 | 8:58 0O projeto Chorinho na 7, realizado pela Secretaria Municipal da Cultura e Turismo, recebe o grupo Choro da Casa nesta sexta-feira, 16 de fevereiro, \u00e0s 19 horas, na pra\u00e7a Sete de Setembro, que fica no quadril\u00e1tero entre\u2026","rel":"","context":"In &quot;Not\u00edcias de Ribeir\u00e3o Preto-SP e Regi\u00e3o&quot;","block_context":{"text":"Not\u00edcias de Ribeir\u00e3o Preto-SP e Regi\u00e3o","link":"https:\/\/noticiasribeiraopreto.com.br\/index.php\/category\/noticias-de-ribeirao-preto-sp-e-regiao-ismael-colosi\/"},"img":{"alt_text":"","src":"https:\/\/i0.wp.com\/noticiasribeiraopreto.com.br\/wp-content\/uploads\/2024\/02\/Choro07-Divulgacao-scaled.jpeg?fit=860%2C645&ssl=1&resize=350%2C200","width":350,"height":200,"srcset":"https:\/\/i0.wp.com\/noticiasribeiraopreto.com.br\/wp-content\/uploads\/2024\/02\/Choro07-Divulgacao-scaled.jpeg?fit=860%2C645&ssl=1&resize=350%2C200 1x, https:\/\/i0.wp.com\/noticiasribeiraopreto.com.br\/wp-content\/uploads\/2024\/02\/Choro07-Divulgacao-scaled.jpeg?fit=860%2C645&ssl=1&resize=525%2C300 1.5x, https:\/\/i0.wp.com\/noticiasribeiraopreto.com.br\/wp-content\/uploads\/2024\/02\/Choro07-Divulgacao-scaled.jpeg?fit=860%2C645&ssl=1&resize=700%2C400 2x"},"classes":[]},{"id":41520,"url":"https:\/\/noticiasribeiraopreto.com.br\/index.php\/2024\/03\/08\/choro-da-casa-toca-na-sete-de-setembro-2\/","url_meta":{"origin":46788,"position":3},"title":"Choro da Casa toca\u00a0na Sete de Setembro\u00a0","author":"noticiasribeiraopreto.com.br","date":"8 de March de 2024","format":false,"excerpt":"8 de mar\u00e7o de 2024 | 16:007 de mar\u00e7o de 2024 | 20:52 0O projeto Chorinho na 7, realizado pela Secretaria Municipal da Cultura e Turismo, recebe o grupo Choro da Casa nesta sexta-feira, 8 de mar\u00e7o, \u00e0s 19 horas, na pra\u00e7a Sete de Setembro, que fica no quadril\u00e1tero entre\u2026","rel":"","context":"In &quot;Not\u00edcias de Ribeir\u00e3o Preto-SP e Regi\u00e3o&quot;","block_context":{"text":"Not\u00edcias de Ribeir\u00e3o Preto-SP e Regi\u00e3o","link":"https:\/\/noticiasribeiraopreto.com.br\/index.php\/category\/noticias-de-ribeirao-preto-sp-e-regiao-ismael-colosi\/"},"img":{"alt_text":"","src":"https:\/\/i0.wp.com\/noticiasribeiraopreto.com.br\/wp-content\/uploads\/2024\/03\/Choro07-Divulgacao-1-scaled.jpeg?fit=860%2C645&ssl=1&resize=350%2C200","width":350,"height":200,"srcset":"https:\/\/i0.wp.com\/noticiasribeiraopreto.com.br\/wp-content\/uploads\/2024\/03\/Choro07-Divulgacao-1-scaled.jpeg?fit=860%2C645&ssl=1&resize=350%2C200 1x, https:\/\/i0.wp.com\/noticiasribeiraopreto.com.br\/wp-content\/uploads\/2024\/03\/Choro07-Divulgacao-1-scaled.jpeg?fit=860%2C645&ssl=1&resize=525%2C300 1.5x, https:\/\/i0.wp.com\/noticiasribeiraopreto.com.br\/wp-content\/uploads\/2024\/03\/Choro07-Divulgacao-1-scaled.jpeg?fit=860%2C645&ssl=1&resize=700%2C400 2x"},"classes":[]},{"id":34585,"url":"https:\/\/noticiasribeiraopreto.com.br\/index.php\/2024\/02\/02\/franca-choroes-no-chorinho-na-7\/","url_meta":{"origin":46788,"position":4},"title":"Fran\u00e7a &#038; Chor\u00f5es no Chorinho na 7 \u00a0","author":"noticiasribeiraopreto.com.br","date":"2 de February de 2024","format":false,"excerpt":"2 de fevereiro de 2024 | 16:002 de fevereiro de 2024 | 9:29 0Nesta sexta-feira, 2 de fevereiro, \u00e0s 19 horas, o projeto Chorinho na 7 recebe mais o grupo Fran\u00e7a& Chor\u00f5es para uma noite especial de muita m\u00fasica na pra\u00e7a Sete de Setembro, no quadril\u00e1tero entre as ruas Lafaiete,\u2026","rel":"","context":"In &quot;Not\u00edcias de Ribeir\u00e3o Preto-SP e Regi\u00e3o&quot;","block_context":{"text":"Not\u00edcias de Ribeir\u00e3o Preto-SP e Regi\u00e3o","link":"https:\/\/noticiasribeiraopreto.com.br\/index.php\/category\/noticias-de-ribeirao-preto-sp-e-regiao-ismael-colosi\/"},"img":{"alt_text":"","src":"https:\/\/i0.wp.com\/noticiasribeiraopreto.com.br\/wp-content\/uploads\/2024\/02\/Choro07-Fra-Divulgacao-scaled.jpg?fit=860%2C645&ssl=1&resize=350%2C200","width":350,"height":200,"srcset":"https:\/\/i0.wp.com\/noticiasribeiraopreto.com.br\/wp-content\/uploads\/2024\/02\/Choro07-Fra-Divulgacao-scaled.jpg?fit=860%2C645&ssl=1&resize=350%2C200 1x, https:\/\/i0.wp.com\/noticiasribeiraopreto.com.br\/wp-content\/uploads\/2024\/02\/Choro07-Fra-Divulgacao-scaled.jpg?fit=860%2C645&ssl=1&resize=525%2C300 1.5x, https:\/\/i0.wp.com\/noticiasribeiraopreto.com.br\/wp-content\/uploads\/2024\/02\/Choro07-Fra-Divulgacao-scaled.jpg?fit=860%2C645&ssl=1&resize=700%2C400 2x"},"classes":[]},{"id":38707,"url":"https:\/\/noticiasribeiraopreto.com.br\/index.php\/2024\/02\/21\/sotaques-do-choro-leva-musica-ao-vivo-para-a-sala-de-cinema\/","url_meta":{"origin":46788,"position":5},"title":"Sotaques do Choro leva m\u00fasica ao vivo para a sala de cinema","author":"noticiasribeiraopreto.com.br","date":"21 de February de 2024","format":false,"excerpt":"21 de fevereiro de 2024 | 10:3021 de fevereiro de 2024 | 8:59 0Nesta quinta- feira, 22 de fevereiro, Ribeir\u00e3o Preto recebe o projeto Sotaques do Choro, que promove no Cineclube Cauim o show do Choro da Casa seguido da exibi\u00e7\u00e3o do document\u00e1rio musical Plauto, um sopro musical. O evento,\u2026","rel":"","context":"In &quot;Not\u00edcias de Ribeir\u00e3o Preto-SP e Regi\u00e3o&quot;","block_context":{"text":"Not\u00edcias de Ribeir\u00e3o Preto-SP e Regi\u00e3o","link":"https:\/\/noticiasribeiraopreto.com.br\/index.php\/category\/noticias-de-ribeirao-preto-sp-e-regiao-ismael-colosi\/"},"img":{"alt_text":"","src":"https:\/\/i0.wp.com\/noticiasribeiraopreto.com.br\/wp-content\/uploads\/2024\/02\/37b2f16e-45c2-4e6d-a5f4-bd72e69cd803-scaled.jpg?fit=968%2C645&ssl=1&resize=350%2C200","width":350,"height":200,"srcset":"https:\/\/i0.wp.com\/noticiasribeiraopreto.com.br\/wp-content\/uploads\/2024\/02\/37b2f16e-45c2-4e6d-a5f4-bd72e69cd803-scaled.jpg?fit=968%2C645&ssl=1&resize=350%2C200 1x, https:\/\/i0.wp.com\/noticiasribeiraopreto.com.br\/wp-content\/uploads\/2024\/02\/37b2f16e-45c2-4e6d-a5f4-bd72e69cd803-scaled.jpg?fit=968%2C645&ssl=1&resize=525%2C300 1.5x, https:\/\/i0.wp.com\/noticiasribeiraopreto.com.br\/wp-content\/uploads\/2024\/02\/37b2f16e-45c2-4e6d-a5f4-bd72e69cd803-scaled.jpg?fit=968%2C645&ssl=1&resize=700%2C400 2x"},"classes":[]}],"jetpack_sharing_enabled":true,"jetpack_shortlink":"https:\/\/wp.me\/peQAOb-caE","_links":{"self":[{"href":"https:\/\/noticiasribeiraopreto.com.br\/index.php\/wp-json\/wp\/v2\/posts\/46788","targetHints":{"allow":["GET"]}}],"collection":[{"href":"https:\/\/noticiasribeiraopreto.com.br\/index.php\/wp-json\/wp\/v2\/posts"}],"about":[{"href":"https:\/\/noticiasribeiraopreto.com.br\/index.php\/wp-json\/wp\/v2\/types\/post"}],"author":[{"embeddable":true,"href":"https:\/\/noticiasribeiraopreto.com.br\/index.php\/wp-json\/wp\/v2\/users\/1"}],"replies":[{"embeddable":true,"href":"https:\/\/noticiasribeiraopreto.com.br\/index.php\/wp-json\/wp\/v2\/comments?post=46788"}],"version-history":[{"count":0,"href":"https:\/\/noticiasribeiraopreto.com.br\/index.php\/wp-json\/wp\/v2\/posts\/46788\/revisions"}],"wp:featuredmedia":[{"embeddable":true,"href":"https:\/\/noticiasribeiraopreto.com.br\/index.php\/wp-json\/wp\/v2\/media\/46789"}],"wp:attachment":[{"href":"https:\/\/noticiasribeiraopreto.com.br\/index.php\/wp-json\/wp\/v2\/media?parent=46788"}],"wp:term":[{"taxonomy":"category","embeddable":true,"href":"https:\/\/noticiasribeiraopreto.com.br\/index.php\/wp-json\/wp\/v2\/categories?post=46788"},{"taxonomy":"post_tag","embeddable":true,"href":"https:\/\/noticiasribeiraopreto.com.br\/index.php\/wp-json\/wp\/v2\/tags?post=46788"}],"curies":[{"name":"wp","href":"https:\/\/api.w.org\/{rel}","templated":true}]}}