{"id":4683,"date":"2023-11-22T03:09:31","date_gmt":"2023-11-22T06:09:31","guid":{"rendered":"https:\/\/noticiasribeiraopreto.com.br\/index.php\/2023\/11\/22\/concurso-publico-de-camara-de-carmo-do-paranaiba-oferece-remuneracao-de-ate-5-mil\/"},"modified":"2023-11-22T03:09:31","modified_gmt":"2023-11-22T06:09:31","slug":"concurso-publico-de-camara-de-carmo-do-paranaiba-oferece-remuneracao-de-ate-5-mil","status":"publish","type":"post","link":"https:\/\/noticiasribeiraopreto.com.br\/index.php\/2023\/11\/22\/concurso-publico-de-camara-de-carmo-do-paranaiba-oferece-remuneracao-de-ate-5-mil\/","title":{"rendered":"Concurso p\u00fablico de C\u00e2mara de Carmo do Parana\u00edba oferece remunera\u00e7\u00e3o de at\u00e9 $ 5 mil"},"content":{"rendered":"<div class='code-block code-block-1' style='margin: 8px 0 8px auto; text-align: right; display: block; clear: both;'>\n<p><a href=\"https:\/\/wa.link\/vpicfd\"><img data-recalc-dims=\"1\" class=\"wp-image-4922\" style=\"aspect-ratio: 2.0253164556962027; width: 561px; height: auto;\" src=\"https:\/\/i0.wp.com\/ismaelcolosi.com.br\/wp-content\/uploads\/2023\/11\/grupo-de-empregos-whatsapp-e-facebook-ismael-colosi-vagas.jpg?ssl=1\" alt=\"\" \/><\/a><\/p>\n<!-- \/wp:image -->\n<\/div>\n<p> <br \/>\n<\/p>\n<div>\n<div id=\"attachment_2311877\" class=\"wp-caption alignnone\">\n<div class=\"d-flex justify-content-center\" data-attachment-id=\"2311877\">\n<div class=\"position-relative d-inline-block\"><img data-recalc-dims=\"1\" data-portal-copyright=\"IStock\" decoding=\"async\" fetchpriority=\"high\" class=\"size-medium wp-image-2311877\" src=\"https:\/\/i0.wp.com\/catracalivre.com.br\/wp-content\/uploads\/2023\/11\/istock-182059956-450x294.jpg?resize=450%2C294&#038;ssl=1\" alt=\"Concurso P\u00fablico de C\u00e2mara de Carmo do Parana\u00edba\" width=\"450\" height=\"294\" srcset=\"https:\/\/catracalivre.com.br\/wp-content\/uploads\/2023\/11\/istock-182059956-450x294.jpg 450w, https:\/\/catracalivre.com.br\/wp-content\/uploads\/2023\/11\/istock-182059956-910x594.jpg 910w, https:\/\/catracalivre.com.br\/wp-content\/uploads\/2023\/11\/istock-182059956-768x501.jpg 768w, https:\/\/catracalivre.com.br\/wp-content\/uploads\/2023\/11\/istock-182059956.jpg 1267w\" sizes=\"(max-width: 450px) 100vw, 450px\"\/><\/p>\n<p>Cr\u00e9ditos: IStock<\/p>\n<\/div>\n<\/div>\n<p><span class=\"post-imagem__legenda\">Concurso P\u00fablico de C\u00e2mara de Carmo do Parana\u00edba<\/span><\/p>\n<\/div>\n<p>A C\u00e2mara de Carmo do Parana\u00edba, no estado de\u00a0Minas Gerais anuncia o edital de n\u00ba 01\/2023 para <a href=\"https:\/\/catracalivre.com.br\/educacao\/concurso-publico-9-habitos-para-quem-esta-se-preparando\/\">concurso<\/a> p\u00fablico, que visa o preenchimento de quatro vagas imediatas, al\u00e9m de formar cadastro reserva. As oportunidades s\u00e3o destinadas a profissionais alfabetizados e de n\u00edveis fundamental, m\u00e9dio e superior. Os contratados estar\u00e3o subordinados ao regime estatut\u00e1rio.<\/p>\n<p>A remunera\u00e7\u00e3o bruta inicial oferecida em c<a href=\"https:\/\/catracalivre.com.br\/carreira\/12-concursos-publicos-abrem-inscricoes-mais-de-400-vagas\/\">oncurso<\/a> p\u00fablico varia de\u00a0R$ 1.564,67 a R$ 5.035,38, por regime de trabalho de 20 ou 30 horas por semana.<\/p>\n<h2>As vagas disponibilizadas est\u00e3o distribu\u00eddas entre os seguintes cargos:<\/h2>\n<p>Consultor Legislativo \u2013 Advogado:\u00a0oportunidade de n\u00edvel superior;<\/p>\n<p>Consultor Cont\u00e1bil \u2013\u00a0Contador:\u00a0oportunidade de n\u00edvel superior;<\/p>\n<p>Oficial Legislativo:\u00a0oportunidade de n\u00edvel m\u00e9dio;<\/p>\n<p>Recepcionista:\u00a0oportunidade de n\u00edvel m\u00e9dio;<\/p>\n<p>Auxiliar Legislativo:\u00a0oportunidade de n\u00edvel fundamental;<\/p>\n<p>Motorista:\u00a0oportunidade de n\u00edvel fundamental;<\/p>\n<p>Auxiliar de Servi\u00e7os Gerais:\u00a0oportunidade para profissional alfabetizado.<\/p>\n<p>As inscri\u00e7\u00f5es devem ser realizadas atrav\u00e9s do <a href=\"https:\/\/portal.unique.selecao.site\/edital\/ver\/44\">site<\/a> oficial at\u00e9 o dia 22 de novembro de 2023. A taxa tem valor de que varia entre\u00a0R$ 35,00 a R$ 75,00.<\/p>\n<div class=\"partner d-flex rounded shadow-sm p-2 mb-3 align-items-center\" id=\"partner\" data-print=\"ignore\">\n<div class=\"image mr-2\">\n<img data-recalc-dims=\"1\" src=\"https:\/\/i0.wp.com\/robohash.org\/b730afd4cf5c5d237c7f93163ed023b6.png?resize=110%2C110&#038;ssl=1\" width=\"110\" height=\"110\" title=\"Thatyana Costa\" loading=\"lazy\" decoding=\"async\" class=\"rounded-circle\"\/>\n<\/div>\n<\/div>\n<\/div>\n<p><script>\n\t\t! function(f, b, e, v, n, t, s) {\n\t\t\tif (f.fbq) return;\n\t\t\tn = f.fbq = function() {\n\t\t\t\tn.callMethod ?\n\t\t\t\t\tn.callMethod.apply(n, arguments) : n.queue.push(arguments)\n\t\t\t};\n\t\t\tif (!f._fbq) f._fbq = n;\n\t\t\tn.push = n;\n\t\t\tn.loaded = !0;\n\t\t\tn.version = '2.0';\n\t\t\tn.queue = [];\n\t\t\tt = b.createElement(e);\n\t\t\tt.async = !0;\n\t\t\tt.src = v;\n\t\t\ts = b.getElementsByTagName(e)[0];\n\t\t\ts.parentNode.insertBefore(t, s)\n\t\t}(window, document, 'script',\n\t\t\t'https:\/\/connect.facebook.net\/en_US\/fbevents.js');\n\t\tfbq('init', '338315473262380');\n\t\tfbq('track', 'PageView');\n\t<\/script><br \/>\n<br \/><br \/>\n<br \/><a href=\"https:\/\/catracalivre.com.br\/educacao\/concurso-publico-de-camara-de-carmo-do-paranaiba-oferece-remuneracao-de-ate-5-mil\/\">Source link <\/a><\/p>\n<!-- CONTENT END 1 -->\n","protected":false},"excerpt":{"rendered":"<p>Cr\u00e9ditos: IStock Concurso P\u00fablico de C\u00e2mara de Carmo do Parana\u00edba A C\u00e2mara de Carmo do Parana\u00edba, no estado de\u00a0Minas Gerais anuncia o edital de n\u00ba&#8230;<\/p>\n","protected":false},"author":1,"featured_media":4684,"comment_status":"open","ping_status":"open","sticky":false,"template":"","format":"standard","meta":{"advanced_seo_description":"","jetpack_seo_html_title":"","jetpack_seo_noindex":false,"jetpack_post_was_ever_published":false,"_jetpack_newsletter_access":"","_jetpack_dont_email_post_to_subs":false,"_jetpack_newsletter_tier_id":0,"_jetpack_memberships_contains_paywalled_content":false,"_jetpack_memberships_contains_paid_content":false,"footnotes":"","jetpack_publicize_message":"","jetpack_publicize_feature_enabled":true,"jetpack_social_post_already_shared":true,"jetpack_social_options":{"image_generator_settings":{"template":"highway","default_image_id":0,"font":"","enabled":false},"version":2}},"categories":[19],"tags":[],"class_list":["post-4683","post","type-post","status-publish","format-standard","has-post-thumbnail","hentry","category-variedades"],"jetpack_publicize_connections":[],"jetpack_featured_media_url":"https:\/\/i0.wp.com\/noticiasribeiraopreto.com.br\/wp-content\/uploads\/2023\/11\/istock-182059956.jpg?fit=1200%2C638&ssl=1","jetpack-related-posts":[{"id":58719,"url":"https:\/\/noticiasribeiraopreto.com.br\/index.php\/2024\/10\/04\/morre-em-ribeirao-preto-o-pecuarista-adir-do-carmo-leonel\/","url_meta":{"origin":4683,"position":0},"title":"Morre em Ribeir\u00e3o Preto o pecuarista Adir do Carmo Leonel","author":"noticiasribeiraopreto.com.br","date":"4 de October de 2024","format":false,"excerpt":"Morreu em Ribeir\u00e3o Preto, nesta sexta-feira (4), o pecuarista Adir do Carmo Leonel, aos 85 anos. Adir ficou conhecido por ser uma das maiores refer\u00eancias da pecu\u00e1ria nacional. Em nota, ABCZ (Associa\u00e7\u00e3o Brasileira dos Criadores de Zebu) lamentou a morte do pecuarista. Segundo a entidade, Adir do Carmo Leonel passava,\u2026","rel":"","context":"In &quot;Not\u00edcias de Ribeir\u00e3o Preto-SP e Regi\u00e3o&quot;","block_context":{"text":"Not\u00edcias de Ribeir\u00e3o Preto-SP e Regi\u00e3o","link":"https:\/\/noticiasribeiraopreto.com.br\/index.php\/category\/noticias-de-ribeirao-preto-sp-e-regiao-ismael-colosi\/"},"img":{"alt_text":"","src":"https:\/\/i0.wp.com\/noticiasribeiraopreto.com.br\/wp-content\/uploads\/2024\/10\/adir-do-carmo-leonel_2024-10-04_17-35-12_jpg_2024-10-04_17-35-12.webp.webp?fit=1200%2C785&ssl=1&resize=350%2C200","width":350,"height":200,"srcset":"https:\/\/i0.wp.com\/noticiasribeiraopreto.com.br\/wp-content\/uploads\/2024\/10\/adir-do-carmo-leonel_2024-10-04_17-35-12_jpg_2024-10-04_17-35-12.webp.webp?fit=1200%2C785&ssl=1&resize=350%2C200 1x, https:\/\/i0.wp.com\/noticiasribeiraopreto.com.br\/wp-content\/uploads\/2024\/10\/adir-do-carmo-leonel_2024-10-04_17-35-12_jpg_2024-10-04_17-35-12.webp.webp?fit=1200%2C785&ssl=1&resize=525%2C300 1.5x, https:\/\/i0.wp.com\/noticiasribeiraopreto.com.br\/wp-content\/uploads\/2024\/10\/adir-do-carmo-leonel_2024-10-04_17-35-12_jpg_2024-10-04_17-35-12.webp.webp?fit=1200%2C785&ssl=1&resize=700%2C400 2x, https:\/\/i0.wp.com\/noticiasribeiraopreto.com.br\/wp-content\/uploads\/2024\/10\/adir-do-carmo-leonel_2024-10-04_17-35-12_jpg_2024-10-04_17-35-12.webp.webp?fit=1200%2C785&ssl=1&resize=1050%2C600 3x"},"classes":[]},{"id":5624,"url":"https:\/\/noticiasribeiraopreto.com.br\/index.php\/2023\/11\/24\/zeze-di-camargo-se-envolve-em-polemica-por-fala-sobre-gays-encara-tetra-com-ator-carmo-dalla-vecchia-e-duras-criticas-nas-web\/","url_meta":{"origin":4683,"position":1},"title":"Zez\u00e9 Di Camargo se envolve em pol\u00eamica por fala sobre gays encara tetra com ator Carmo Dalla Vecchia e duras cr\u00edticas nas web","author":"noticiasribeiraopreto.com.br","date":"24 de November de 2023","format":false,"excerpt":"O cantor sertanejo Zez\u00e9 Di Camargo acabou se envolvendo em um pol\u00eamica ap\u00f3s fazer um coment\u00e1rio considerado preconceituoso a respeito dos homossexuais.A fala de Zez\u00e9 Di Camargo atingiu em cheio o ator Carmo Dalla Vecchia, de 52 anos, que resolveu se pronunciar a respeito o que acabou chamando a aten\u00e7\u00e3o\u2026","rel":"","context":"In &quot;Blog&quot;","block_context":{"text":"Blog","link":"https:\/\/noticiasribeiraopreto.com.br\/index.php\/category\/blog\/"},"img":{"alt_text":"","src":"https:\/\/i0.wp.com\/noticiasribeiraopreto.com.br\/wp-content\/uploads\/2023\/11\/postimg-6560257e476477136.jpg?fit=1200%2C628&ssl=1&resize=350%2C200","width":350,"height":200,"srcset":"https:\/\/i0.wp.com\/noticiasribeiraopreto.com.br\/wp-content\/uploads\/2023\/11\/postimg-6560257e476477136.jpg?fit=1200%2C628&ssl=1&resize=350%2C200 1x, https:\/\/i0.wp.com\/noticiasribeiraopreto.com.br\/wp-content\/uploads\/2023\/11\/postimg-6560257e476477136.jpg?fit=1200%2C628&ssl=1&resize=525%2C300 1.5x, https:\/\/i0.wp.com\/noticiasribeiraopreto.com.br\/wp-content\/uploads\/2023\/11\/postimg-6560257e476477136.jpg?fit=1200%2C628&ssl=1&resize=700%2C400 2x, https:\/\/i0.wp.com\/noticiasribeiraopreto.com.br\/wp-content\/uploads\/2023\/11\/postimg-6560257e476477136.jpg?fit=1200%2C628&ssl=1&resize=1050%2C600 3x"},"classes":[]},{"id":73572,"url":"https:\/\/noticiasribeiraopreto.com.br\/index.php\/2025\/07\/04\/jean-vicente-e-nomeado-novo-secretario-de-governo-de-ribeirao-preto\/","url_meta":{"origin":4683,"position":2},"title":"Jean Vicente \u00e9 nomeado novo secret\u00e1rio de Governo de Ribeir\u00e3o Preto","author":"noticiasribeiraopreto.com.br","date":"4 de July de 2025","format":false,"excerpt":"O prefeito Ricardo Silva (PSD) nomeou o jornalista Jean Vicente como novo secret\u00e1rio de Governo da Prefeitura de Ribeir\u00e3o Preto, nesta sexta-feira (4). Ele ocupava a fun\u00e7\u00e3o de secret\u00e1rio adjunto da pasta e agora assume oficialmente o comando da Secretaria. Jean vai substituir o ex-secret\u00e1rio Jo\u00e3o Augusto do Carmo, que\u2026","rel":"","context":"In &quot;Not\u00edcias de Ribeir\u00e3o Preto-SP e Regi\u00e3o&quot;","block_context":{"text":"Not\u00edcias de Ribeir\u00e3o Preto-SP e Regi\u00e3o","link":"https:\/\/noticiasribeiraopreto.com.br\/index.php\/category\/noticias-de-ribeirao-preto-sp-e-regiao-ismael-colosi\/"},"img":{"alt_text":"","src":"https:\/\/i0.wp.com\/noticiasribeiraopreto.com.br\/wp-content\/uploads\/2025\/07\/Copia-de-Copia-de-Copia-de-TAMANHO-EXATO-PARA-FOTOS-NO-SISTEMA-NOVO-2025-07-04T164454.070_2025-07-04_19-45-04.webp.webp?fit=1200%2C675&ssl=1&resize=350%2C200","width":350,"height":200,"srcset":"https:\/\/i0.wp.com\/noticiasribeiraopreto.com.br\/wp-content\/uploads\/2025\/07\/Copia-de-Copia-de-Copia-de-TAMANHO-EXATO-PARA-FOTOS-NO-SISTEMA-NOVO-2025-07-04T164454.070_2025-07-04_19-45-04.webp.webp?fit=1200%2C675&ssl=1&resize=350%2C200 1x, https:\/\/i0.wp.com\/noticiasribeiraopreto.com.br\/wp-content\/uploads\/2025\/07\/Copia-de-Copia-de-Copia-de-TAMANHO-EXATO-PARA-FOTOS-NO-SISTEMA-NOVO-2025-07-04T164454.070_2025-07-04_19-45-04.webp.webp?fit=1200%2C675&ssl=1&resize=525%2C300 1.5x, https:\/\/i0.wp.com\/noticiasribeiraopreto.com.br\/wp-content\/uploads\/2025\/07\/Copia-de-Copia-de-Copia-de-TAMANHO-EXATO-PARA-FOTOS-NO-SISTEMA-NOVO-2025-07-04T164454.070_2025-07-04_19-45-04.webp.webp?fit=1200%2C675&ssl=1&resize=700%2C400 2x, https:\/\/i0.wp.com\/noticiasribeiraopreto.com.br\/wp-content\/uploads\/2025\/07\/Copia-de-Copia-de-Copia-de-TAMANHO-EXATO-PARA-FOTOS-NO-SISTEMA-NOVO-2025-07-04T164454.070_2025-07-04_19-45-04.webp.webp?fit=1200%2C675&ssl=1&resize=1050%2C600 3x"},"classes":[]},{"id":72487,"url":"https:\/\/noticiasribeiraopreto.com.br\/index.php\/2025\/06\/17\/dois-secretarios-deixam-o-governo-de-ricardo-silva\/","url_meta":{"origin":4683,"position":3},"title":"Dois secret\u00e1rios deixam o governo de Ricardo Silva","author":"noticiasribeiraopreto.com.br","date":"17 de June de 2025","format":false,"excerpt":"Pediram para sair por motivos pessoais, o secret\u00e1rio de governo, Jo\u00e3o Augusto do Carmo e o do Planejamento, Jos\u00e9 Roberto Geraldine J\u00fanior 17 de junho de 2025 17:5418 Compartilhar2 A prefeitura de Ribeir\u00e3o Preto anunciou nesta ter\u00e7a-feira, 17 de junho, a sa\u00edda de dois secret\u00e1rios municipais. Deixar\u00e3o os cargos, a\u2026","rel":"","context":"In &quot;Not\u00edcias de Ribeir\u00e3o Preto-SP e Regi\u00e3o&quot;","block_context":{"text":"Not\u00edcias de Ribeir\u00e3o Preto-SP e Regi\u00e3o","link":"https:\/\/noticiasribeiraopreto.com.br\/index.php\/category\/noticias-de-ribeirao-preto-sp-e-regiao-ismael-colosi\/"},"img":{"alt_text":"","src":"https:\/\/i0.wp.com\/noticiasribeiraopreto.com.br\/wp-content\/uploads\/2025\/06\/17-jun-2025-secretariosricardo.jpg?fit=537%2C373&ssl=1&resize=350%2C200","width":350,"height":200,"srcset":"https:\/\/i0.wp.com\/noticiasribeiraopreto.com.br\/wp-content\/uploads\/2025\/06\/17-jun-2025-secretariosricardo.jpg?fit=537%2C373&ssl=1&resize=350%2C200 1x, https:\/\/i0.wp.com\/noticiasribeiraopreto.com.br\/wp-content\/uploads\/2025\/06\/17-jun-2025-secretariosricardo.jpg?fit=537%2C373&ssl=1&resize=525%2C300 1.5x"},"classes":[]},{"id":60282,"url":"https:\/\/noticiasribeiraopreto.com.br\/index.php\/2024\/11\/10\/vice-eleito-vai-intermediar-gabinete-de-transicao-com-a-camara-de-ribeirao-preto\/","url_meta":{"origin":4683,"position":4},"title":"Vice eleito vai intermediar gabinete de transi\u00e7\u00e3o com a C\u00e2mara de Ribeir\u00e3o Preto","author":"noticiasribeiraopreto.com.br","date":"10 de November de 2024","format":false,"excerpt":"O vice-prefeito eleito de Ribeir\u00e3o Preto, Alessandro Maraca (MDB), ser\u00e1 o respons\u00e1vel por ser o interlocutor do gabinete de transi\u00e7\u00e3o com a C\u00e2mara Municipal. Atualmente, Maraca exerce o mandato de vereador no Legislativo de Ribeir\u00e3o Preto. \u201cMaraca far\u00e1 o estreitamento deste di\u00e1logo, que consideramos muito necess\u00e1rio e democr\u00e1tico\u201d, disse o\u2026","rel":"","context":"In &quot;Not\u00edcias de Ribeir\u00e3o Preto-SP e Regi\u00e3o&quot;","block_context":{"text":"Not\u00edcias de Ribeir\u00e3o Preto-SP e Regi\u00e3o","link":"https:\/\/noticiasribeiraopreto.com.br\/index.php\/category\/noticias-de-ribeirao-preto-sp-e-regiao-ismael-colosi\/"},"img":{"alt_text":"","src":"https:\/\/i0.wp.com\/noticiasribeiraopreto.com.br\/wp-content\/uploads\/2024\/10\/maraca_2024-10-27_22-59-39_jpg_2024-10-27_22-59-39.webp.webp?fit=1200%2C871&ssl=1&resize=350%2C200","width":350,"height":200,"srcset":"https:\/\/i0.wp.com\/noticiasribeiraopreto.com.br\/wp-content\/uploads\/2024\/10\/maraca_2024-10-27_22-59-39_jpg_2024-10-27_22-59-39.webp.webp?fit=1200%2C871&ssl=1&resize=350%2C200 1x, https:\/\/i0.wp.com\/noticiasribeiraopreto.com.br\/wp-content\/uploads\/2024\/10\/maraca_2024-10-27_22-59-39_jpg_2024-10-27_22-59-39.webp.webp?fit=1200%2C871&ssl=1&resize=525%2C300 1.5x, https:\/\/i0.wp.com\/noticiasribeiraopreto.com.br\/wp-content\/uploads\/2024\/10\/maraca_2024-10-27_22-59-39_jpg_2024-10-27_22-59-39.webp.webp?fit=1200%2C871&ssl=1&resize=700%2C400 2x, https:\/\/i0.wp.com\/noticiasribeiraopreto.com.br\/wp-content\/uploads\/2024\/10\/maraca_2024-10-27_22-59-39_jpg_2024-10-27_22-59-39.webp.webp?fit=1200%2C871&ssl=1&resize=1050%2C600 3x"},"classes":[]},{"id":64773,"url":"https:\/\/noticiasribeiraopreto.com.br\/index.php\/2025\/03\/12\/bairros-de-ribeirao-preto-recebem-tem-circo-na-praca-a-partir-deste-fim-de-semana\/","url_meta":{"origin":4683,"position":5},"title":"Bairros de Ribeir\u00e3o Preto recebem \u2018Tem Circo na Pra\u00e7a\u2019 a partir deste fim de semana","author":"noticiasribeiraopreto.com.br","date":"12 de March de 2025","format":false,"excerpt":"A partir deste s\u00e1bado (15), a Cia. De Lucca Circus circular\u00e1 por oito pra\u00e7as de Ribeir\u00e3o Preto com o projeto \u201cTem Circo na Pra\u00e7a\u201d. Os bairros participantes s\u00e3o: Planalto Verde, Vila Tib\u00e9rio, Vila Albertina, Jardim Alexandre Balbo, Vila Abranches, Ad\u00e3o do Carmo, Ipiranga e Jardim Paulistano. A proposta tem o\u2026","rel":"","context":"In &quot;Not\u00edcias de Ribeir\u00e3o Preto-SP e Regi\u00e3o&quot;","block_context":{"text":"Not\u00edcias de Ribeir\u00e3o Preto-SP e Regi\u00e3o","link":"https:\/\/noticiasribeiraopreto.com.br\/index.php\/category\/noticias-de-ribeirao-preto-sp-e-regiao-ismael-colosi\/"},"img":{"alt_text":"","src":"https:\/\/i0.wp.com\/noticiasribeiraopreto.com.br\/wp-content\/uploads\/2025\/03\/Copia-de-Copia-de-Copia-de-TAMANHO-EXATO-PARA-FOTOS-NO-SISTEMA-NOVO-24_2025-03-12_13-26-39_jpg_2025-03-12_13-26-39.webp.webp?fit=1200%2C675&ssl=1&resize=350%2C200","width":350,"height":200,"srcset":"https:\/\/i0.wp.com\/noticiasribeiraopreto.com.br\/wp-content\/uploads\/2025\/03\/Copia-de-Copia-de-Copia-de-TAMANHO-EXATO-PARA-FOTOS-NO-SISTEMA-NOVO-24_2025-03-12_13-26-39_jpg_2025-03-12_13-26-39.webp.webp?fit=1200%2C675&ssl=1&resize=350%2C200 1x, https:\/\/i0.wp.com\/noticiasribeiraopreto.com.br\/wp-content\/uploads\/2025\/03\/Copia-de-Copia-de-Copia-de-TAMANHO-EXATO-PARA-FOTOS-NO-SISTEMA-NOVO-24_2025-03-12_13-26-39_jpg_2025-03-12_13-26-39.webp.webp?fit=1200%2C675&ssl=1&resize=525%2C300 1.5x, https:\/\/i0.wp.com\/noticiasribeiraopreto.com.br\/wp-content\/uploads\/2025\/03\/Copia-de-Copia-de-Copia-de-TAMANHO-EXATO-PARA-FOTOS-NO-SISTEMA-NOVO-24_2025-03-12_13-26-39_jpg_2025-03-12_13-26-39.webp.webp?fit=1200%2C675&ssl=1&resize=700%2C400 2x, https:\/\/i0.wp.com\/noticiasribeiraopreto.com.br\/wp-content\/uploads\/2025\/03\/Copia-de-Copia-de-Copia-de-TAMANHO-EXATO-PARA-FOTOS-NO-SISTEMA-NOVO-24_2025-03-12_13-26-39_jpg_2025-03-12_13-26-39.webp.webp?fit=1200%2C675&ssl=1&resize=1050%2C600 3x"},"classes":[]}],"jetpack_sharing_enabled":true,"jetpack_shortlink":"https:\/\/wp.me\/peQAOb-1dx","_links":{"self":[{"href":"https:\/\/noticiasribeiraopreto.com.br\/index.php\/wp-json\/wp\/v2\/posts\/4683","targetHints":{"allow":["GET"]}}],"collection":[{"href":"https:\/\/noticiasribeiraopreto.com.br\/index.php\/wp-json\/wp\/v2\/posts"}],"about":[{"href":"https:\/\/noticiasribeiraopreto.com.br\/index.php\/wp-json\/wp\/v2\/types\/post"}],"author":[{"embeddable":true,"href":"https:\/\/noticiasribeiraopreto.com.br\/index.php\/wp-json\/wp\/v2\/users\/1"}],"replies":[{"embeddable":true,"href":"https:\/\/noticiasribeiraopreto.com.br\/index.php\/wp-json\/wp\/v2\/comments?post=4683"}],"version-history":[{"count":0,"href":"https:\/\/noticiasribeiraopreto.com.br\/index.php\/wp-json\/wp\/v2\/posts\/4683\/revisions"}],"wp:featuredmedia":[{"embeddable":true,"href":"https:\/\/noticiasribeiraopreto.com.br\/index.php\/wp-json\/wp\/v2\/media\/4684"}],"wp:attachment":[{"href":"https:\/\/noticiasribeiraopreto.com.br\/index.php\/wp-json\/wp\/v2\/media?parent=4683"}],"wp:term":[{"taxonomy":"category","embeddable":true,"href":"https:\/\/noticiasribeiraopreto.com.br\/index.php\/wp-json\/wp\/v2\/categories?post=4683"},{"taxonomy":"post_tag","embeddable":true,"href":"https:\/\/noticiasribeiraopreto.com.br\/index.php\/wp-json\/wp\/v2\/tags?post=4683"}],"curies":[{"name":"wp","href":"https:\/\/api.w.org\/{rel}","templated":true}]}}