{"id":46892,"date":"2024-04-15T16:43:11","date_gmt":"2024-04-15T19:43:11","guid":{"rendered":"https:\/\/noticiasribeiraopreto.com.br\/index.php\/2024\/04\/15\/tudo-o-que-voce-precisa-saber-sobre-o-show-do-bruce-dickinson-em-ribeirao\/"},"modified":"2024-04-15T16:43:11","modified_gmt":"2024-04-15T19:43:11","slug":"tudo-o-que-voce-precisa-saber-sobre-o-show-do-bruce-dickinson-em-ribeirao","status":"publish","type":"post","link":"https:\/\/noticiasribeiraopreto.com.br\/index.php\/2024\/04\/15\/tudo-o-que-voce-precisa-saber-sobre-o-show-do-bruce-dickinson-em-ribeirao\/","title":{"rendered":"Tudo o que voc\u00ea precisa saber sobre o show do Bruce Dickinson em Ribeir\u00e3o"},"content":{"rendered":"<div class='code-block code-block-1' style='margin: 8px 0 8px auto; text-align: right; display: block; clear: both;'>\n<p><a href=\"https:\/\/wa.link\/vpicfd\"><img data-recalc-dims=\"1\" class=\"wp-image-4922\" style=\"aspect-ratio: 2.0253164556962027; width: 561px; height: auto;\" src=\"https:\/\/i0.wp.com\/ismaelcolosi.com.br\/wp-content\/uploads\/2023\/11\/grupo-de-empregos-whatsapp-e-facebook-ismael-colosi-vagas.jpg?ssl=1\" alt=\"\" \/><\/a><\/p>\n<!-- \/wp:image -->\n<\/div>\n<p> <br \/>\n<\/p>\n<div>\n<p>O cantor <strong>Bruce Dickinson<\/strong>, do <strong>Iron Maiden<\/strong>, se apresenta com o show solo no dia <strong>2 de maio<\/strong> em <strong>Ribeir\u00e3o Preto<\/strong>. A apresenta\u00e7\u00e3o est\u00e1 marcada para \u00e0s <strong>21h<\/strong>. <\/p>\n<p>Um dos maiores vocalistas do <strong>heavy metal<\/strong> de todos os tempos, <strong>Bruce Dickinson<\/strong> anunciou o lan\u00e7amento de seu novo \u00e1lbum solo no come\u00e7o de 2024, o \u201c<strong>The Mandrake Project<\/strong>\u201d.<\/p>\n<p>Al\u00e9m de\u00a0<strong>Ribeir\u00e3o Preto<\/strong>, a turn\u00ea\u00a0<strong>The Mandrake Project\u00a0<\/strong>vai passar por\u00a0<strong>Curitiba<\/strong>\u00a0(24\/4),\u00a0<strong>Porto Alegre\u00a0<\/strong>(25\/4),<strong>\u00a0Bras\u00edlia<\/strong>\u00a0(27\/4),\u00a0<strong>Belo Horizonte\u00a0<\/strong>(28\/4),\u00a0<strong>Rio de Janeiro\u00a0<\/strong>(30\/4) e\u00a0<strong>S\u00e3o Paulo<\/strong>\u00a0(4\/5).<\/p>\n<h4 class=\"wp-block-heading\"><strong>Ingressos<\/strong><\/h4>\n<p>Os ingressos ainda est\u00e3o sendo vendidos no primeiro lote e podem ser adquiridos de forma online atrav\u00e9s do site <strong>Bilheteria Digital<\/strong> (<a href=\"https:\/\/www.bilheteriadigital.com\/bruce-dickinson-brazil-tour-2024-ribeirao-preto-02-de-maio\" target=\"_blank\" rel=\"noreferrer noopener\">clique aqui<\/a>) ou presencialmente. <span style=\"background-color:#f7cc62\" class=\"td_text_highlight_marker\">Confira os valores:<\/span><\/p>\n<ul>\n<li>Pista | R$ 300 (meia) R$ 600 (inteira)<\/li>\n<li>Pista Premium | R$ 400 (meia) R$ 800 (inteira)<\/li>\n<\/ul>\n<p>O site conta com taxa de servi\u00e7o. As vendas presenciais est\u00e3o sendo feitas na<strong> Flow Fresh Arena Eurobike<\/strong>, na <strong>pra\u00e7a Francisco Oranges, 100, na Ribeir\u00e2nia<\/strong>.<\/p>\n<p>O <strong>Quinta Linda<\/strong> abre os port\u00f5es \u00e0s <strong>18h<\/strong>. A entrada de <strong>menores de 18 anos<\/strong> s\u00f3 \u00e9 permitida, se acompanhados dos pais ou respons\u00e1vel legal.<\/p>\n<h4 class=\"wp-block-heading\"><strong>SERVI\u00c7O<\/strong><\/h4>\n<p><strong>Bruce Dickinson em Ribeir\u00e3o Preto<\/strong><\/p>\n<p>Quando: 2 de maio, quinta-feira<br \/>Local: Quinta Linda Centro de Eventos <br \/>Endere\u00e7o: Rodovia SP 330, KM303<br \/>Hor\u00e1rio: Port\u00f5es abrem \u00e0s 18h e show come\u00e7a \u00e0s 21h<br \/>Ingressos: Podem ser adquiridos no site (<a href=\"https:\/\/www.bilheteriadigital.com\/bruce-dickinson-brazil-tour-2024-ribeirao-preto-02-de-maio\" target=\"_blank\" rel=\"noreferrer noopener\">clique aqui<\/a>) ou no ponto de vendas (pra\u00e7a Francisco Oranges, 100) a partir de R$ 300<\/p>\n<p>SAIBA MAIS<br \/>Homem \u00e9 morto a tiros e mulher \u00e9 baleada na zona Norte de Ribeir\u00e3o Preto<\/p>\n<h4 class=\"wp-block-heading\"><strong>FIQUE ON<\/strong><\/h4>\n<p>Fique ligado em tudo que acontece em Ribeir\u00e3o Preto e regi\u00e3o. Siga os perfis do <strong>acidade on <\/strong>no <a href=\"https:\/\/www.instagram.com\/acidadeonribeirao\" target=\"_blank\" rel=\"noreferrer noopener\">Instagram<\/a> e no <a href=\"https:\/\/www.facebook.com\/acidadeonribeirao\" target=\"_blank\" rel=\"noreferrer noopener\">Facebook<\/a>.<\/p>\n<p>Receba not\u00edcias do <strong>acidade on <\/strong>no WhatsApp. Para entrar no grupo, basta <a href=\"https:\/\/chat.whatsapp.com\/GFH9HUMUTHNFJdnyEd0xxq\" target=\"_blank\" rel=\"noreferrer noopener\">clicar aqui<\/a>.<\/p>\n<p>Fa\u00e7a uma den\u00fancia ou sugira uma reportagem sobre Ribeir\u00e3o Preto e regi\u00e3o pelo WhatsApp: 16 99117 7802.<\/p>\n<p>VEJA TAMB\u00c9M<br \/>O que tem hoje no BBB 24? Veja din\u00e2mica desta segunda<\/p>\n<p><!-- AI CONTENT END 1 -->\n<\/div>\n<p><script async src=\"\/\/www.instagram.com\/embed.js\"><\/script><br \/>\n<br \/><br \/>\n<br \/><a href=\"https:\/\/www.acidadeon.com\/ribeiraopreto\/lazer-e-cultura\/tudo-o-que-voce-precisa-saber-sobre-show-do-bruce-dickinson-em-ribeirao\/\">Source link <\/a><\/p>\n<!-- CONTENT END 1 -->\n","protected":false},"excerpt":{"rendered":"<p>O cantor Bruce Dickinson, do Iron Maiden, se apresenta com o show solo no dia 2 de maio em Ribeir\u00e3o Preto. A apresenta\u00e7\u00e3o est\u00e1 marcada&#8230;<\/p>\n","protected":false},"author":1,"featured_media":46893,"comment_status":"open","ping_status":"open","sticky":false,"template":"","format":"standard","meta":{"advanced_seo_description":"","jetpack_seo_html_title":"","jetpack_seo_noindex":false,"jetpack_post_was_ever_published":false,"_jetpack_newsletter_access":"","_jetpack_dont_email_post_to_subs":false,"_jetpack_newsletter_tier_id":0,"_jetpack_memberships_contains_paywalled_content":false,"_jetpack_memberships_contains_paid_content":false,"footnotes":"","jetpack_publicize_message":"","jetpack_publicize_feature_enabled":true,"jetpack_social_post_already_shared":true,"jetpack_social_options":{"image_generator_settings":{"template":"highway","default_image_id":0,"font":"","enabled":false},"version":2}},"categories":[11],"tags":[],"class_list":["post-46892","post","type-post","status-publish","format-standard","has-post-thumbnail","hentry","category-noticias-de-ribeirao-preto-sp-e-regiao-ismael-colosi"],"jetpack_publicize_connections":[],"jetpack_featured_media_url":"https:\/\/i0.wp.com\/noticiasribeiraopreto.com.br\/wp-content\/uploads\/2024\/04\/BRUCE-DICKINSON.jpg?fit=900%2C621&ssl=1","jetpack-related-posts":[{"id":48317,"url":"https:\/\/noticiasribeiraopreto.com.br\/index.php\/2024\/05\/02\/ribeirao-tomato-bruce-dickinson-grava-video-sobre-show-na-cidade-assista\/","url_meta":{"origin":46892,"position":0},"title":"\u2018Ribeir\u00e3o Tomato\u2019? Bruce Dickinson grava v\u00eddeo sobre show na cidade; Assista","author":"noticiasribeiraopreto.com.br","date":"2 de May de 2024","format":false,"excerpt":"O vocalista Bruce Dickinson, do Iron Maiden, gravou um v\u00eddeo para os ribeir\u00e3o-pretanos. O astro do heavy metal se apresenta em show solo nesta quinta-feira (2), no Quinta Linda Centro de Eventos, em Ribeir\u00e3o Preto. Assista o v\u00eddeo abaixo: Os port\u00f5es do local abrem \u00e0s 19h e a apresenta\u00e7\u00e3o est\u00e1\u2026","rel":"","context":"In &quot;Not\u00edcias de Ribeir\u00e3o Preto-SP e Regi\u00e3o&quot;","block_context":{"text":"Not\u00edcias de Ribeir\u00e3o Preto-SP e Regi\u00e3o","link":"https:\/\/noticiasribeiraopreto.com.br\/index.php\/category\/noticias-de-ribeirao-preto-sp-e-regiao-ismael-colosi\/"},"img":{"alt_text":"","src":"https:\/\/i0.wp.com\/noticiasribeiraopreto.com.br\/wp-content\/uploads\/2024\/05\/AnyConv.com__bruce-dickinson-1_2024-05-02_14-07-07.webp.webp?fit=1200%2C674&ssl=1&resize=350%2C200","width":350,"height":200,"srcset":"https:\/\/i0.wp.com\/noticiasribeiraopreto.com.br\/wp-content\/uploads\/2024\/05\/AnyConv.com__bruce-dickinson-1_2024-05-02_14-07-07.webp.webp?fit=1200%2C674&ssl=1&resize=350%2C200 1x, https:\/\/i0.wp.com\/noticiasribeiraopreto.com.br\/wp-content\/uploads\/2024\/05\/AnyConv.com__bruce-dickinson-1_2024-05-02_14-07-07.webp.webp?fit=1200%2C674&ssl=1&resize=525%2C300 1.5x, https:\/\/i0.wp.com\/noticiasribeiraopreto.com.br\/wp-content\/uploads\/2024\/05\/AnyConv.com__bruce-dickinson-1_2024-05-02_14-07-07.webp.webp?fit=1200%2C674&ssl=1&resize=700%2C400 2x, https:\/\/i0.wp.com\/noticiasribeiraopreto.com.br\/wp-content\/uploads\/2024\/05\/AnyConv.com__bruce-dickinson-1_2024-05-02_14-07-07.webp.webp?fit=1200%2C674&ssl=1&resize=1050%2C600 3x"},"classes":[]},{"id":48171,"url":"https:\/\/noticiasribeiraopreto.com.br\/index.php\/2024\/05\/01\/bruce-dickinson-do-iron-maiden-se-apresenta-em-ribeirao-preto-nesta-quinta\/","url_meta":{"origin":46892,"position":1},"title":"Bruce Dickinson, do Iron Maiden, se apresenta em Ribeir\u00e3o Preto nesta quinta","author":"noticiasribeiraopreto.com.br","date":"1 de May de 2024","format":false,"excerpt":"O vocalista do Iron Maiden, Bruce Dickinson, traz seu show solo para Ribeir\u00e3o Preto nesta quinta-feira (2), no Quinta Linda Centro de Eventos. O hor\u00e1rio de abertura dos port\u00f5es foi alterado, sendo agora \u00e0s 19h e o show come\u00e7a \u00e0s 21h. O artista traz para os palcos do interior de\u2026","rel":"","context":"In &quot;Not\u00edcias de Ribeir\u00e3o Preto-SP e Regi\u00e3o&quot;","block_context":{"text":"Not\u00edcias de Ribeir\u00e3o Preto-SP e Regi\u00e3o","link":"https:\/\/noticiasribeiraopreto.com.br\/index.php\/category\/noticias-de-ribeirao-preto-sp-e-regiao-ismael-colosi\/"},"img":{"alt_text":"","src":"https:\/\/i0.wp.com\/noticiasribeiraopreto.com.br\/wp-content\/uploads\/2024\/05\/AnyConv.com__bruce-dickinson.webp.webp?fit=1078%2C812&ssl=1&resize=350%2C200","width":350,"height":200,"srcset":"https:\/\/i0.wp.com\/noticiasribeiraopreto.com.br\/wp-content\/uploads\/2024\/05\/AnyConv.com__bruce-dickinson.webp.webp?fit=1078%2C812&ssl=1&resize=350%2C200 1x, https:\/\/i0.wp.com\/noticiasribeiraopreto.com.br\/wp-content\/uploads\/2024\/05\/AnyConv.com__bruce-dickinson.webp.webp?fit=1078%2C812&ssl=1&resize=525%2C300 1.5x, https:\/\/i0.wp.com\/noticiasribeiraopreto.com.br\/wp-content\/uploads\/2024\/05\/AnyConv.com__bruce-dickinson.webp.webp?fit=1078%2C812&ssl=1&resize=700%2C400 2x, https:\/\/i0.wp.com\/noticiasribeiraopreto.com.br\/wp-content\/uploads\/2024\/05\/AnyConv.com__bruce-dickinson.webp.webp?fit=1078%2C812&ssl=1&resize=1050%2C600 3x"},"classes":[]},{"id":28078,"url":"https:\/\/noticiasribeiraopreto.com.br\/index.php\/2024\/01\/14\/veja-quais-sao-os-shows-confirmados-para-2024-em-ribeirao-preto\/","url_meta":{"origin":46892,"position":2},"title":"Veja quais s\u00e3o os shows nacionais e internacionais confirmados para 2024 em Ribeir\u00e3o Preto","author":"noticiasribeiraopreto.com.br","date":"14 de January de 2024","format":false,"excerpt":"O ano de 2024 come\u00e7ou a pouco tempo mas Ribeir\u00e3o Preto j\u00e1 possui diversos shows nacionais e internacionais confirmados para o primeiro semestre do ano. H\u00e1 op\u00e7\u00f5es para todos os estilos musicais, como rock, sertanejo, pop e tecnobrega. O portal acidade on preparou uma lista com as atra\u00e7\u00f5es confirmadas at\u00e9\u2026","rel":"","context":"In &quot;Not\u00edcias de Ribeir\u00e3o Preto-SP e Regi\u00e3o&quot;","block_context":{"text":"Not\u00edcias de Ribeir\u00e3o Preto-SP e Regi\u00e3o","link":"https:\/\/noticiasribeiraopreto.com.br\/index.php\/category\/noticias-de-ribeirao-preto-sp-e-regiao-ismael-colosi\/"},"img":{"alt_text":"","src":"https:\/\/i0.wp.com\/noticiasribeiraopreto.com.br\/wp-content\/uploads\/2024\/01\/Copia-de-Copia-de-TAMANHO-EXATO-PARA-FOTOS-NO-SISTEMA-NOVO-10.png?fit=1200%2C675&ssl=1&resize=350%2C200","width":350,"height":200,"srcset":"https:\/\/i0.wp.com\/noticiasribeiraopreto.com.br\/wp-content\/uploads\/2024\/01\/Copia-de-Copia-de-TAMANHO-EXATO-PARA-FOTOS-NO-SISTEMA-NOVO-10.png?fit=1200%2C675&ssl=1&resize=350%2C200 1x, https:\/\/i0.wp.com\/noticiasribeiraopreto.com.br\/wp-content\/uploads\/2024\/01\/Copia-de-Copia-de-TAMANHO-EXATO-PARA-FOTOS-NO-SISTEMA-NOVO-10.png?fit=1200%2C675&ssl=1&resize=525%2C300 1.5x, https:\/\/i0.wp.com\/noticiasribeiraopreto.com.br\/wp-content\/uploads\/2024\/01\/Copia-de-Copia-de-TAMANHO-EXATO-PARA-FOTOS-NO-SISTEMA-NOVO-10.png?fit=1200%2C675&ssl=1&resize=700%2C400 2x, https:\/\/i0.wp.com\/noticiasribeiraopreto.com.br\/wp-content\/uploads\/2024\/01\/Copia-de-Copia-de-TAMANHO-EXATO-PARA-FOTOS-NO-SISTEMA-NOVO-10.png?fit=1200%2C675&ssl=1&resize=1050%2C600 3x"},"classes":[]},{"id":46888,"url":"https:\/\/noticiasribeiraopreto.com.br\/index.php\/2024\/04\/15\/pericles-confirma-show-em-ribeirao-preto-veja-quando\/","url_meta":{"origin":46892,"position":3},"title":"P\u00e9ricles confirma show em Ribeir\u00e3o Preto; Veja quando","author":"noticiasribeiraopreto.com.br","date":"15 de April de 2024","format":false,"excerpt":"O cantor P\u00e9ricles far\u00e1 show em Ribeir\u00e3o Preto no pr\u00f3ximo dia 26 de maio, durante a 4\u00aa edi\u00e7\u00e3o da \u201cFeijoada do Bamba\u201d. Al\u00e9m de P\u00e9ricles, Tiee e Turma do Pagode j\u00e1 confirmaram presen\u00e7a no evento, que come\u00e7a a partir das 13h, no Alcans Hall (antigo Quinta Linda). O cantor Vitinho,\u2026","rel":"","context":"In &quot;Not\u00edcias de Ribeir\u00e3o Preto-SP e Regi\u00e3o&quot;","block_context":{"text":"Not\u00edcias de Ribeir\u00e3o Preto-SP e Regi\u00e3o","link":"https:\/\/noticiasribeiraopreto.com.br\/index.php\/category\/noticias-de-ribeirao-preto-sp-e-regiao-ismael-colosi\/"},"img":{"alt_text":"","src":"https:\/\/i0.wp.com\/noticiasribeiraopreto.com.br\/wp-content\/uploads\/2024\/04\/Copia-de-Copia-de-TAMANHO-EXATO-PARA-FOTOS-NO-SISTEMA-NOVO-40.webp.webp?fit=1200%2C675&ssl=1&resize=350%2C200","width":350,"height":200,"srcset":"https:\/\/i0.wp.com\/noticiasribeiraopreto.com.br\/wp-content\/uploads\/2024\/04\/Copia-de-Copia-de-TAMANHO-EXATO-PARA-FOTOS-NO-SISTEMA-NOVO-40.webp.webp?fit=1200%2C675&ssl=1&resize=350%2C200 1x, https:\/\/i0.wp.com\/noticiasribeiraopreto.com.br\/wp-content\/uploads\/2024\/04\/Copia-de-Copia-de-TAMANHO-EXATO-PARA-FOTOS-NO-SISTEMA-NOVO-40.webp.webp?fit=1200%2C675&ssl=1&resize=525%2C300 1.5x, https:\/\/i0.wp.com\/noticiasribeiraopreto.com.br\/wp-content\/uploads\/2024\/04\/Copia-de-Copia-de-TAMANHO-EXATO-PARA-FOTOS-NO-SISTEMA-NOVO-40.webp.webp?fit=1200%2C675&ssl=1&resize=700%2C400 2x, https:\/\/i0.wp.com\/noticiasribeiraopreto.com.br\/wp-content\/uploads\/2024\/04\/Copia-de-Copia-de-TAMANHO-EXATO-PARA-FOTOS-NO-SISTEMA-NOVO-40.webp.webp?fit=1200%2C675&ssl=1&resize=1050%2C600 3x"},"classes":[]},{"id":39301,"url":"https:\/\/noticiasribeiraopreto.com.br\/index.php\/2024\/02\/24\/confira-quais-sao-os-shows-confirmados-em-ribeirao-preto-em-2024\/","url_meta":{"origin":46892,"position":4},"title":"Confira quais s\u00e3o os shows confirmados em Ribeir\u00e3o Preto em 2024","author":"noticiasribeiraopreto.com.br","date":"24 de February de 2024","format":false,"excerpt":"Ribeir\u00e3o Preto conta com mais de variados shows confirmados para o ano de 2024, com artistas nacionais e internacionais e estilos musicais diversificados. O portal acidade on criou uma lista dos shows confirmados at\u00e9 o momento. Confira: J\u00e3o O cantor\u00a0J\u00e3o\u00a0vem a Ribeir\u00e3o Preto com os shows da \u2018Superturn\u00ea\u2019, no dia\u2026","rel":"","context":"In &quot;Not\u00edcias de Ribeir\u00e3o Preto-SP e Regi\u00e3o&quot;","block_context":{"text":"Not\u00edcias de Ribeir\u00e3o Preto-SP e Regi\u00e3o","link":"https:\/\/noticiasribeiraopreto.com.br\/index.php\/category\/noticias-de-ribeirao-preto-sp-e-regiao-ismael-colosi\/"},"img":{"alt_text":"","src":"https:\/\/i0.wp.com\/noticiasribeiraopreto.com.br\/wp-content\/uploads\/2024\/02\/Capturar-21.jpg?fit=612%2C409&ssl=1&resize=350%2C200","width":350,"height":200,"srcset":"https:\/\/i0.wp.com\/noticiasribeiraopreto.com.br\/wp-content\/uploads\/2024\/02\/Capturar-21.jpg?fit=612%2C409&ssl=1&resize=350%2C200 1x, https:\/\/i0.wp.com\/noticiasribeiraopreto.com.br\/wp-content\/uploads\/2024\/02\/Capturar-21.jpg?fit=612%2C409&ssl=1&resize=525%2C300 1.5x"},"classes":[]},{"id":48336,"url":"https:\/\/noticiasribeiraopreto.com.br\/index.php\/2024\/05\/02\/cidade-na-regiao-de-ribeirao-preto-tem-encontro-de-carros-antigos-no-final-de-semana\/","url_meta":{"origin":46892,"position":5},"title":"Cidade na regi\u00e3o de Ribeir\u00e3o Preto tem encontro de carros antigos no final de semana","author":"noticiasribeiraopreto.com.br","date":"2 de May de 2024","format":false,"excerpt":"Gosta de carros antigos? Ent\u00e3o anota na sua agenda! O 25\u00ba Encontro de Carros Antigos de Monte Alto, cidade na regi\u00e3o de Ribeir\u00e3o Preto, acontece neste s\u00e1bado (4) e domingo (5), no Centro C\u00edvico Cultural da cidade. O evento gratuito faz parte da programa\u00e7\u00e3o de anivers\u00e1rio dos 143 anos de\u2026","rel":"","context":"In &quot;Not\u00edcias de Ribeir\u00e3o Preto-SP e Regi\u00e3o&quot;","block_context":{"text":"Not\u00edcias de Ribeir\u00e3o Preto-SP e Regi\u00e3o","link":"https:\/\/noticiasribeiraopreto.com.br\/index.php\/category\/noticias-de-ribeirao-preto-sp-e-regiao-ismael-colosi\/"},"img":{"alt_text":"","src":"https:\/\/i0.wp.com\/noticiasribeiraopreto.com.br\/wp-content\/uploads\/2024\/05\/AnyConv.com__Copia-de-Copia-de-TAMANHO-EXATO-PARA-FOTOS-NO-SISTEMA-NOVO-24_2024-05-02_15-26-04.webp.webp?fit=1200%2C675&ssl=1&resize=350%2C200","width":350,"height":200,"srcset":"https:\/\/i0.wp.com\/noticiasribeiraopreto.com.br\/wp-content\/uploads\/2024\/05\/AnyConv.com__Copia-de-Copia-de-TAMANHO-EXATO-PARA-FOTOS-NO-SISTEMA-NOVO-24_2024-05-02_15-26-04.webp.webp?fit=1200%2C675&ssl=1&resize=350%2C200 1x, https:\/\/i0.wp.com\/noticiasribeiraopreto.com.br\/wp-content\/uploads\/2024\/05\/AnyConv.com__Copia-de-Copia-de-TAMANHO-EXATO-PARA-FOTOS-NO-SISTEMA-NOVO-24_2024-05-02_15-26-04.webp.webp?fit=1200%2C675&ssl=1&resize=525%2C300 1.5x, https:\/\/i0.wp.com\/noticiasribeiraopreto.com.br\/wp-content\/uploads\/2024\/05\/AnyConv.com__Copia-de-Copia-de-TAMANHO-EXATO-PARA-FOTOS-NO-SISTEMA-NOVO-24_2024-05-02_15-26-04.webp.webp?fit=1200%2C675&ssl=1&resize=700%2C400 2x, https:\/\/i0.wp.com\/noticiasribeiraopreto.com.br\/wp-content\/uploads\/2024\/05\/AnyConv.com__Copia-de-Copia-de-TAMANHO-EXATO-PARA-FOTOS-NO-SISTEMA-NOVO-24_2024-05-02_15-26-04.webp.webp?fit=1200%2C675&ssl=1&resize=1050%2C600 3x"},"classes":[]}],"jetpack_sharing_enabled":true,"jetpack_shortlink":"https:\/\/wp.me\/peQAOb-cck","_links":{"self":[{"href":"https:\/\/noticiasribeiraopreto.com.br\/index.php\/wp-json\/wp\/v2\/posts\/46892","targetHints":{"allow":["GET"]}}],"collection":[{"href":"https:\/\/noticiasribeiraopreto.com.br\/index.php\/wp-json\/wp\/v2\/posts"}],"about":[{"href":"https:\/\/noticiasribeiraopreto.com.br\/index.php\/wp-json\/wp\/v2\/types\/post"}],"author":[{"embeddable":true,"href":"https:\/\/noticiasribeiraopreto.com.br\/index.php\/wp-json\/wp\/v2\/users\/1"}],"replies":[{"embeddable":true,"href":"https:\/\/noticiasribeiraopreto.com.br\/index.php\/wp-json\/wp\/v2\/comments?post=46892"}],"version-history":[{"count":0,"href":"https:\/\/noticiasribeiraopreto.com.br\/index.php\/wp-json\/wp\/v2\/posts\/46892\/revisions"}],"wp:featuredmedia":[{"embeddable":true,"href":"https:\/\/noticiasribeiraopreto.com.br\/index.php\/wp-json\/wp\/v2\/media\/46893"}],"wp:attachment":[{"href":"https:\/\/noticiasribeiraopreto.com.br\/index.php\/wp-json\/wp\/v2\/media?parent=46892"}],"wp:term":[{"taxonomy":"category","embeddable":true,"href":"https:\/\/noticiasribeiraopreto.com.br\/index.php\/wp-json\/wp\/v2\/categories?post=46892"},{"taxonomy":"post_tag","embeddable":true,"href":"https:\/\/noticiasribeiraopreto.com.br\/index.php\/wp-json\/wp\/v2\/tags?post=46892"}],"curies":[{"name":"wp","href":"https:\/\/api.w.org\/{rel}","templated":true}]}}