{"id":46919,"date":"2024-04-15T18:23:15","date_gmt":"2024-04-15T21:23:15","guid":{"rendered":"https:\/\/noticiasribeiraopreto.com.br\/index.php\/2024\/04\/15\/any-gabrielly-e-dafiti-marcam-presenca-no-coachella-2024\/"},"modified":"2024-04-15T18:23:15","modified_gmt":"2024-04-15T21:23:15","slug":"any-gabrielly-e-dafiti-marcam-presenca-no-coachella-2024","status":"publish","type":"post","link":"https:\/\/noticiasribeiraopreto.com.br\/index.php\/2024\/04\/15\/any-gabrielly-e-dafiti-marcam-presenca-no-coachella-2024\/","title":{"rendered":"Any Gabrielly e Dafiti marcam presen\u00e7a no Coachella 2024"},"content":{"rendered":"<div class='code-block code-block-1' style='margin: 8px 0 8px auto; text-align: right; display: block; clear: both;'>\n<p><a href=\"https:\/\/wa.link\/vpicfd\"><img data-recalc-dims=\"1\" class=\"wp-image-4922\" style=\"aspect-ratio: 2.0253164556962027; width: 561px; height: auto;\" src=\"https:\/\/i0.wp.com\/ismaelcolosi.com.br\/wp-content\/uploads\/2023\/11\/grupo-de-empregos-whatsapp-e-facebook-ismael-colosi-vagas.jpg?ssl=1\" alt=\"\" \/><\/a><\/p>\n<!-- \/wp:image -->\n<\/div>\n<p> <br \/>\n<\/p>\n<div>\n<h3 class=\"fn__maintitle\"><span>Any Gabrielly e Dafiti marcam presen\u00e7a no Coachella 2024<\/span><\/h3>\n<\/div>\n<div>\n<p style=\"text-align: center;\"><strong><i>Cantora reconhecida internacionalmente prestigiar\u00e1 o festival de m\u00fasica e arte em parceria com a maior fashiontech da Am\u00e9rica Latina<\/i><\/strong><\/p>\n<p>O pr\u00f3ximo fim de semana marca o in\u00edcio de mais uma edi\u00e7\u00e3o do Coachella, um dos eventos mais emblem\u00e1ticos da cultura pop contempor\u00e2nea, combinando m\u00fasica, arte e moda em um cen\u00e1rio deslumbrante no deserto da Calif\u00f3rnia. Celebrando a diversidade e a criatividade, o festival apresenta um lineup ecl\u00e9tico de artistas de renome internacional, abrangendo g\u00eaneros que v\u00e3o do indie ao hip-hop, do rock \u00e0 eletr\u00f4nica. Al\u00e9m dos palcos musicais, o festival oferece instala\u00e7\u00f5es de arte impressionantes, experi\u00eancias interativas e uma atmosfera vibrante que atrai multid\u00f5es de todo o mundo.<\/p>\n<p>A cantora Any Gabrielly, reconhecida por sua trajet\u00f3ria musical no mega grupo global Now-United e por ser a voz de Moana nos cinemas brasileiros, celebrar\u00e1 o primeiro fim de semana do evento (de 12 a 14\/04) em uma webs\u00e9rie completa em suas redes sociais com participa\u00e7\u00e3o da Dafiti, o maior e-commerce de moda da Am\u00e9rica Latina.<\/p>\n<blockquote>\n<p>\u201cT\u00f4 muito feliz de trabalhar com a Dafiti no Coachella. Eu amo que eles fazem a moda ser mais acess\u00edvel para as pessoas, trazem marcas de outros lugares do mundo para mais pertinho do Brasil e tem tanta variedade, que te permite ser mais criativo e tamb\u00e9m descobrir a sua identidade atrav\u00e9s da diversidade de looks. T\u00f4 muito animada para o festival, acho que vai ser maravilhoso e eu vou estar, com certeza, muito linda com os meus looks Dafiti\u201d, celebra Any.<\/p>\n<\/blockquote>\n<p>Com o sucesso do Dafiti Fashion Creators, programa que procura impulsionar a carreira de micro e macro influenciadores, a fashiontech se uniu \u00e0 artista para alcan\u00e7ar novos criadores de conte\u00fado e se manter fiel ao prop\u00f3sito de uma moda cada vez mais democr\u00e1tica. \u201cA Any \u00e9 uma personalidade que fala muito com o perfil dos nossos creators, por isso enxergamos a oportunidade de expandir a nossa comunidade com esta parceria. Estamos muito animados com o desenvolvimento do projeto e temos certeza que ter a Any conosco nos levar\u00e1 ainda mais longe\u201d, conta Aline Mori, CMO da Dafiti.<\/p>\n<p>Com apenas 21 anos, Any \u00e9 uma artista reconhecida internacionalmente por integrar o Now United. Com o grupo global, Any performou no The Late Late Show; teve sua trajet\u00f3ria reconhecida pela Forbes Under 30; e se tornou a primeira brasileira a ser indicada ao VMA. Conquistou as telas do cinema em 2017 quando dublou a personagem Moana, da Disney, e interpretou a vers\u00e3o em portugu\u00eas da can\u00e7\u00e3o tema do filme, \u201cSaber Quem Sou\u201d, que tornou-se um grande sucesso na voz da cantora e somente no Youtube acumula quase 1B de plays. Atualmente, em carreira solo e empresariada por Simon Fuller, a cantora ingressou na Republic Records, mesma gravadora de Ariana Grande, Taylor Swift e The Weekend. Morando em Los Angeles, nos Estados Unidos, ela tem produzido em est\u00fadio com grandes produtores do cen\u00e1rio musical. Nas redes sociais Any Gabrielly j\u00e1 soma quase 20 milh\u00f5es de seguidores, destes, metade \u00e9 apenas no TikTok, plataforma onde ela divulga conte\u00fados de moda, beleza, m\u00fasica, viagens e entretenimento; explorando principalmente seu lado mais divertido e pessoal.<\/p>\n<div class=\"popito_fn_votewrap\">\n<h3 class=\"vote_title\">Como voc\u00ea vota? <\/h3>\n<div class=\"popito_fn_votes \" data-id=\"2144\">\n<p>0 People voted this article. 0 Upvotes &#8211; 0 Downvotes.<\/p>\n<\/div>\n<\/div>\n<\/div>\n<p><br \/>\n<br \/><a href=\"https:\/\/popito.com.br\/any-gabrielly-e-dafiti-marcam-presenca-no-coachella-2024\/\">Source link <\/a><\/p>\n<!-- CONTENT END 1 -->\n","protected":false},"excerpt":{"rendered":"<p>Any Gabrielly e Dafiti marcam presen\u00e7a no Coachella 2024 Cantora reconhecida internacionalmente prestigiar\u00e1 o festival de m\u00fasica e arte em parceria com a maior fashiontech&#8230;<\/p>\n","protected":false},"author":1,"featured_media":46921,"comment_status":"open","ping_status":"open","sticky":false,"template":"","format":"standard","meta":{"advanced_seo_description":"","jetpack_seo_html_title":"","jetpack_seo_noindex":false,"jetpack_post_was_ever_published":false,"_jetpack_newsletter_access":"","_jetpack_dont_email_post_to_subs":false,"_jetpack_newsletter_tier_id":0,"_jetpack_memberships_contains_paywalled_content":false,"_jetpack_memberships_contains_paid_content":false,"footnotes":"","jetpack_publicize_message":"","jetpack_publicize_feature_enabled":true,"jetpack_social_post_already_shared":true,"jetpack_social_options":{"image_generator_settings":{"template":"highway","default_image_id":0,"font":"","enabled":false},"version":2}},"categories":[11],"tags":[5616,5633,5632,5565,3051],"class_list":["post-46919","post","type-post","status-publish","format-standard","has-post-thumbnail","hentry","category-noticias-de-ribeirao-preto-sp-e-regiao-ismael-colosi","tag-coachella","tag-dafiti","tag-gabrielly","tag-marcam","tag-presenca"],"jetpack_publicize_connections":[],"jetpack_featured_media_url":"https:\/\/i0.wp.com\/noticiasribeiraopreto.com.br\/wp-content\/uploads\/2024\/04\/handler-1-3.jpeg?fit=1215%2C1600&ssl=1","jetpack-related-posts":[{"id":46735,"url":"https:\/\/noticiasribeiraopreto.com.br\/index.php\/2024\/04\/13\/ludmilla-divulga-carta-aberta-aos-fas-e-convoca-o-publico-para-assistir-ao-seu-show-no-coachella\/","url_meta":{"origin":46919,"position":0},"title":"Ludmilla divulga carta aberta aos f\u00e3s e convoca o p\u00fablico para assistir ao seu show no Coachella","author":"noticiasribeiraopreto.com.br","date":"13 de April de 2024","format":false,"excerpt":"Ludmilla divulga carta aberta aos f\u00e3s e convoca o p\u00fablico para assistir ao seu show no CoachellaA maior artista preta da Am\u00e9rica Latina promete um grande espet\u00e1culo neste domingo (14), com transmiss\u00e3o pelo canal oficial do festival, \u00e0s 23h40 Um dia antes de subir ao palco do festival Coachella,\u00a0Ludmilla\u00a0abriu o\u2026","rel":"","context":"In &quot;Not\u00edcias de Ribeir\u00e3o Preto-SP e Regi\u00e3o&quot;","block_context":{"text":"Not\u00edcias de Ribeir\u00e3o Preto-SP e Regi\u00e3o","link":"https:\/\/noticiasribeiraopreto.com.br\/index.php\/category\/noticias-de-ribeirao-preto-sp-e-regiao-ismael-colosi\/"},"img":{"alt_text":"","src":"https:\/\/i0.wp.com\/noticiasribeiraopreto.com.br\/wp-content\/uploads\/2024\/04\/Ludmilla-dente.jpg?fit=1200%2C800&ssl=1&resize=350%2C200","width":350,"height":200,"srcset":"https:\/\/i0.wp.com\/noticiasribeiraopreto.com.br\/wp-content\/uploads\/2024\/04\/Ludmilla-dente.jpg?fit=1200%2C800&ssl=1&resize=350%2C200 1x, https:\/\/i0.wp.com\/noticiasribeiraopreto.com.br\/wp-content\/uploads\/2024\/04\/Ludmilla-dente.jpg?fit=1200%2C800&ssl=1&resize=525%2C300 1.5x, https:\/\/i0.wp.com\/noticiasribeiraopreto.com.br\/wp-content\/uploads\/2024\/04\/Ludmilla-dente.jpg?fit=1200%2C800&ssl=1&resize=700%2C400 2x, https:\/\/i0.wp.com\/noticiasribeiraopreto.com.br\/wp-content\/uploads\/2024\/04\/Ludmilla-dente.jpg?fit=1200%2C800&ssl=1&resize=1050%2C600 3x"},"classes":[]},{"id":46474,"url":"https:\/\/noticiasribeiraopreto.com.br\/index.php\/2024\/04\/11\/celebridades-marcam-presenca-em-desfile-de-oculos-em-sao-paulo\/","url_meta":{"origin":46919,"position":1},"title":"Celebridades marcam presen\u00e7a em desfile de \u00f3culos em S\u00e3o Paulo","author":"noticiasribeiraopreto.com.br","date":"11 de April de 2024","format":false,"excerpt":"Celebridades marcam presen\u00e7a em desfile de \u00f3culos em S\u00e3o PauloNa capital paulista, nomes como Ana Hickmann, Edu Guedes, Karina Bacci e Costanza Pascolato prestigiaram o desfile da GO Eyewear Nesta quarta-feira (10), aconteceu o desfile da Fashion Eyes Week em S\u00e3o Paulo. O evento apresentou os novos modelos e as\u2026","rel":"","context":"In &quot;Not\u00edcias de Ribeir\u00e3o Preto-SP e Regi\u00e3o&quot;","block_context":{"text":"Not\u00edcias de Ribeir\u00e3o Preto-SP e Regi\u00e3o","link":"https:\/\/noticiasribeiraopreto.com.br\/index.php\/category\/noticias-de-ribeirao-preto-sp-e-regiao-ismael-colosi\/"},"img":{"alt_text":"","src":"https:\/\/i0.wp.com\/noticiasribeiraopreto.com.br\/wp-content\/uploads\/2024\/04\/Edu-Guedes-e-Ana-Hickmann_Creditos_Ale-Virgilio.jpg?fit=1200%2C799&ssl=1&resize=350%2C200","width":350,"height":200,"srcset":"https:\/\/i0.wp.com\/noticiasribeiraopreto.com.br\/wp-content\/uploads\/2024\/04\/Edu-Guedes-e-Ana-Hickmann_Creditos_Ale-Virgilio.jpg?fit=1200%2C799&ssl=1&resize=350%2C200 1x, https:\/\/i0.wp.com\/noticiasribeiraopreto.com.br\/wp-content\/uploads\/2024\/04\/Edu-Guedes-e-Ana-Hickmann_Creditos_Ale-Virgilio.jpg?fit=1200%2C799&ssl=1&resize=525%2C300 1.5x, https:\/\/i0.wp.com\/noticiasribeiraopreto.com.br\/wp-content\/uploads\/2024\/04\/Edu-Guedes-e-Ana-Hickmann_Creditos_Ale-Virgilio.jpg?fit=1200%2C799&ssl=1&resize=700%2C400 2x, https:\/\/i0.wp.com\/noticiasribeiraopreto.com.br\/wp-content\/uploads\/2024\/04\/Edu-Guedes-e-Ana-Hickmann_Creditos_Ale-Virgilio.jpg?fit=1200%2C799&ssl=1&resize=1050%2C600 3x"},"classes":[]},{"id":61138,"url":"https:\/\/noticiasribeiraopreto.com.br\/index.php\/2024\/12\/04\/saiba-tudo-sobre-o-show-do-vintage-culture-em-ribeirao-preto\/","url_meta":{"origin":46919,"position":2},"title":"Saiba tudo sobre o show do Vintage Culture em Ribeir\u00e3o Preto","author":"noticiasribeiraopreto.com.br","date":"4 de December de 2024","format":false,"excerpt":"O renomado DJ Vintage Culture chega a Ribeir\u00e3o Preto no pr\u00f3ximo s\u00e1bado (7) para sua \u00faltima apresenta\u00e7\u00e3o do ano no interior de S\u00e3o Paulo. O show acontece na Arena Nicnet e ainda h\u00e1 ingressos dispon\u00edveis. A venda dos ingressos acontece exclusivamente de forma virtual, por meio do site \u2013 clique\u2026","rel":"","context":"In &quot;Not\u00edcias de Ribeir\u00e3o Preto-SP e Regi\u00e3o&quot;","block_context":{"text":"Not\u00edcias de Ribeir\u00e3o Preto-SP e Regi\u00e3o","link":"https:\/\/noticiasribeiraopreto.com.br\/index.php\/category\/noticias-de-ribeirao-preto-sp-e-regiao-ismael-colosi\/"},"img":{"alt_text":"","src":"https:\/\/i0.wp.com\/noticiasribeiraopreto.com.br\/wp-content\/uploads\/2024\/10\/7bd4a36c-62d1-4790-a38a-21089e8bae13_2024-10-17_17-02-40_jpg_2024-10-17_17-02-41-scaled.webp.webp?fit=1200%2C800&ssl=1&resize=350%2C200","width":350,"height":200,"srcset":"https:\/\/i0.wp.com\/noticiasribeiraopreto.com.br\/wp-content\/uploads\/2024\/10\/7bd4a36c-62d1-4790-a38a-21089e8bae13_2024-10-17_17-02-40_jpg_2024-10-17_17-02-41-scaled.webp.webp?fit=1200%2C800&ssl=1&resize=350%2C200 1x, https:\/\/i0.wp.com\/noticiasribeiraopreto.com.br\/wp-content\/uploads\/2024\/10\/7bd4a36c-62d1-4790-a38a-21089e8bae13_2024-10-17_17-02-40_jpg_2024-10-17_17-02-41-scaled.webp.webp?fit=1200%2C800&ssl=1&resize=525%2C300 1.5x, https:\/\/i0.wp.com\/noticiasribeiraopreto.com.br\/wp-content\/uploads\/2024\/10\/7bd4a36c-62d1-4790-a38a-21089e8bae13_2024-10-17_17-02-40_jpg_2024-10-17_17-02-41-scaled.webp.webp?fit=1200%2C800&ssl=1&resize=700%2C400 2x, https:\/\/i0.wp.com\/noticiasribeiraopreto.com.br\/wp-content\/uploads\/2024\/10\/7bd4a36c-62d1-4790-a38a-21089e8bae13_2024-10-17_17-02-40_jpg_2024-10-17_17-02-41-scaled.webp.webp?fit=1200%2C800&ssl=1&resize=1050%2C600 3x"},"classes":[]},{"id":46486,"url":"https:\/\/noticiasribeiraopreto.com.br\/index.php\/2024\/04\/11\/lollapalloza-brasil-encerra-a-11a-edicao-com-grandes-numeros\/","url_meta":{"origin":46919,"position":3},"title":"Lollapalloza Brasil encerra a 11\u00aa edi\u00e7\u00e3o com grandes n\u00fameros","author":"noticiasribeiraopreto.com.br","date":"11 de April de 2024","format":false,"excerpt":"Lollapalloza Brasil encerra a 11\u00aa edi\u00e7\u00e3o com grandes n\u00famerosO festival, al\u00e9m de levar 240 mil pessoas ao Aut\u00f3dromo de interlagos, tamb\u00e9m revela um impacto significativo para a gera\u00e7\u00e3o de empregos na Cidade de S\u00e3o Paulo O Lollapalooza Brasil 2024 encerrou sua 11\u00aa edi\u00e7\u00e3o ap\u00f3s tr\u00eas dias de muita m\u00fasica e\u2026","rel":"","context":"In &quot;Not\u00edcias de Ribeir\u00e3o Preto-SP e Regi\u00e3o&quot;","block_context":{"text":"Not\u00edcias de Ribeir\u00e3o Preto-SP e Regi\u00e3o","link":"https:\/\/noticiasribeiraopreto.com.br\/index.php\/category\/noticias-de-ribeirao-preto-sp-e-regiao-ismael-colosi\/"},"img":{"alt_text":"","src":"https:\/\/i0.wp.com\/noticiasribeiraopreto.com.br\/wp-content\/uploads\/2024\/04\/lollapalooza.jpg?fit=1200%2C629&ssl=1&resize=350%2C200","width":350,"height":200,"srcset":"https:\/\/i0.wp.com\/noticiasribeiraopreto.com.br\/wp-content\/uploads\/2024\/04\/lollapalooza.jpg?fit=1200%2C629&ssl=1&resize=350%2C200 1x, https:\/\/i0.wp.com\/noticiasribeiraopreto.com.br\/wp-content\/uploads\/2024\/04\/lollapalooza.jpg?fit=1200%2C629&ssl=1&resize=525%2C300 1.5x, https:\/\/i0.wp.com\/noticiasribeiraopreto.com.br\/wp-content\/uploads\/2024\/04\/lollapalooza.jpg?fit=1200%2C629&ssl=1&resize=700%2C400 2x, https:\/\/i0.wp.com\/noticiasribeiraopreto.com.br\/wp-content\/uploads\/2024\/04\/lollapalooza.jpg?fit=1200%2C629&ssl=1&resize=1050%2C600 3x"},"classes":[]},{"id":64221,"url":"https:\/\/noticiasribeiraopreto.com.br\/index.php\/2025\/03\/05\/duplas-sertanejas-consagradas-marcam-presenca-no-ribeirao-rodeo-music-2025\/","url_meta":{"origin":46919,"position":4},"title":"Duplas sertanejas consagradas marcam presen\u00e7a no Ribeir\u00e3o Rodeo Music 2025","author":"noticiasribeiraopreto.com.br","date":"5 de March de 2025","format":false,"excerpt":"Um dos principais eventos da m\u00fasica sertaneja no pa\u00eds, o Ribeir\u00e3o Rodeo Music 2025 conta com a presen\u00e7a de artistas consagrados, revelando a riqueza e a for\u00e7a da cultura brasileira. Este ano duas das principais duplas sertanejas do Pa\u00eds estar\u00e3o presentes em Ribeir\u00e3o Preto. A 19\u00aa edi\u00e7\u00e3o do evento presenteia\u2026","rel":"","context":"In &quot;Not\u00edcias de Ribeir\u00e3o Preto-SP e Regi\u00e3o&quot;","block_context":{"text":"Not\u00edcias de Ribeir\u00e3o Preto-SP e Regi\u00e3o","link":"https:\/\/noticiasribeiraopreto.com.br\/index.php\/category\/noticias-de-ribeirao-preto-sp-e-regiao-ismael-colosi\/"},"img":{"alt_text":"","src":"https:\/\/i0.wp.com\/noticiasribeiraopreto.com.br\/wp-content\/uploads\/2025\/03\/chitaozinho-e-zeze_2025-03-05_19-40-08_jpg_2025-03-05_19-40-08.webp.webp?fit=1200%2C922&ssl=1&resize=350%2C200","width":350,"height":200,"srcset":"https:\/\/i0.wp.com\/noticiasribeiraopreto.com.br\/wp-content\/uploads\/2025\/03\/chitaozinho-e-zeze_2025-03-05_19-40-08_jpg_2025-03-05_19-40-08.webp.webp?fit=1200%2C922&ssl=1&resize=350%2C200 1x, https:\/\/i0.wp.com\/noticiasribeiraopreto.com.br\/wp-content\/uploads\/2025\/03\/chitaozinho-e-zeze_2025-03-05_19-40-08_jpg_2025-03-05_19-40-08.webp.webp?fit=1200%2C922&ssl=1&resize=525%2C300 1.5x, https:\/\/i0.wp.com\/noticiasribeiraopreto.com.br\/wp-content\/uploads\/2025\/03\/chitaozinho-e-zeze_2025-03-05_19-40-08_jpg_2025-03-05_19-40-08.webp.webp?fit=1200%2C922&ssl=1&resize=700%2C400 2x, https:\/\/i0.wp.com\/noticiasribeiraopreto.com.br\/wp-content\/uploads\/2025\/03\/chitaozinho-e-zeze_2025-03-05_19-40-08_jpg_2025-03-05_19-40-08.webp.webp?fit=1200%2C922&ssl=1&resize=1050%2C600 3x"},"classes":[]},{"id":71361,"url":"https:\/\/noticiasribeiraopreto.com.br\/index.php\/2025\/06\/05\/estreias-nos-cinemas-de-ribeirao-preto-acao-animacao-e-drama-marcam-a-programacao\/","url_meta":{"origin":46919,"position":5},"title":"Estreias nos cinemas de Ribeir\u00e3o Preto: a\u00e7\u00e3o, anima\u00e7\u00e3o e drama marcam a programa\u00e7\u00e3o","author":"noticiasribeiraopreto.com.br","date":"5 de June de 2025","format":false,"excerpt":"Os cinemas de Ribeir\u00e3o Preto estreiam cinco filmes nesta quinta-feira (5). Entre os destaques est\u00e1 o filme de a\u00e7\u00e3o e suspense \u201cBailarina \u2013 Do Universo de John Wick\u201d. Ribeir\u00e3o Preto conta com quatro cinemas, o\u00a0UCI\u00a0localizado no Ribeir\u00e3o Shopping, o\u00a0Cinep\u00f3lis\u00a0nos shoppings Santa \u00darsula e Iguatemi e o\u00a0Cinemark, no Novo Shopping. Bailarina\u2026","rel":"","context":"In &quot;Not\u00edcias de Ribeir\u00e3o Preto-SP e Regi\u00e3o&quot;","block_context":{"text":"Not\u00edcias de Ribeir\u00e3o Preto-SP e Regi\u00e3o","link":"https:\/\/noticiasribeiraopreto.com.br\/index.php\/category\/noticias-de-ribeirao-preto-sp-e-regiao-ismael-colosi\/"},"img":{"alt_text":"","src":"https:\/\/i0.wp.com\/noticiasribeiraopreto.com.br\/wp-content\/uploads\/2025\/06\/ballerina-john-wick_2025-06-04_15-08-09.webp.webp?fit=1200%2C675&ssl=1&resize=350%2C200","width":350,"height":200,"srcset":"https:\/\/i0.wp.com\/noticiasribeiraopreto.com.br\/wp-content\/uploads\/2025\/06\/ballerina-john-wick_2025-06-04_15-08-09.webp.webp?fit=1200%2C675&ssl=1&resize=350%2C200 1x, https:\/\/i0.wp.com\/noticiasribeiraopreto.com.br\/wp-content\/uploads\/2025\/06\/ballerina-john-wick_2025-06-04_15-08-09.webp.webp?fit=1200%2C675&ssl=1&resize=525%2C300 1.5x, https:\/\/i0.wp.com\/noticiasribeiraopreto.com.br\/wp-content\/uploads\/2025\/06\/ballerina-john-wick_2025-06-04_15-08-09.webp.webp?fit=1200%2C675&ssl=1&resize=700%2C400 2x, https:\/\/i0.wp.com\/noticiasribeiraopreto.com.br\/wp-content\/uploads\/2025\/06\/ballerina-john-wick_2025-06-04_15-08-09.webp.webp?fit=1200%2C675&ssl=1&resize=1050%2C600 3x"},"classes":[]}],"jetpack_sharing_enabled":true,"jetpack_shortlink":"https:\/\/wp.me\/peQAOb-ccL","_links":{"self":[{"href":"https:\/\/noticiasribeiraopreto.com.br\/index.php\/wp-json\/wp\/v2\/posts\/46919","targetHints":{"allow":["GET"]}}],"collection":[{"href":"https:\/\/noticiasribeiraopreto.com.br\/index.php\/wp-json\/wp\/v2\/posts"}],"about":[{"href":"https:\/\/noticiasribeiraopreto.com.br\/index.php\/wp-json\/wp\/v2\/types\/post"}],"author":[{"embeddable":true,"href":"https:\/\/noticiasribeiraopreto.com.br\/index.php\/wp-json\/wp\/v2\/users\/1"}],"replies":[{"embeddable":true,"href":"https:\/\/noticiasribeiraopreto.com.br\/index.php\/wp-json\/wp\/v2\/comments?post=46919"}],"version-history":[{"count":0,"href":"https:\/\/noticiasribeiraopreto.com.br\/index.php\/wp-json\/wp\/v2\/posts\/46919\/revisions"}],"wp:featuredmedia":[{"embeddable":true,"href":"https:\/\/noticiasribeiraopreto.com.br\/index.php\/wp-json\/wp\/v2\/media\/46921"}],"wp:attachment":[{"href":"https:\/\/noticiasribeiraopreto.com.br\/index.php\/wp-json\/wp\/v2\/media?parent=46919"}],"wp:term":[{"taxonomy":"category","embeddable":true,"href":"https:\/\/noticiasribeiraopreto.com.br\/index.php\/wp-json\/wp\/v2\/categories?post=46919"},{"taxonomy":"post_tag","embeddable":true,"href":"https:\/\/noticiasribeiraopreto.com.br\/index.php\/wp-json\/wp\/v2\/tags?post=46919"}],"curies":[{"name":"wp","href":"https:\/\/api.w.org\/{rel}","templated":true}]}}