{"id":46932,"date":"2024-04-15T19:44:28","date_gmt":"2024-04-15T22:44:28","guid":{"rendered":"https:\/\/noticiasribeiraopreto.com.br\/index.php\/2024\/04\/15\/saiba-quem-tem-direito-a-meia-entrada-no-mirage-circus-em-ribeirao-preto\/"},"modified":"2024-04-15T19:44:28","modified_gmt":"2024-04-15T22:44:28","slug":"saiba-quem-tem-direito-a-meia-entrada-no-mirage-circus-em-ribeirao-preto","status":"publish","type":"post","link":"https:\/\/noticiasribeiraopreto.com.br\/index.php\/2024\/04\/15\/saiba-quem-tem-direito-a-meia-entrada-no-mirage-circus-em-ribeirao-preto\/","title":{"rendered":"Saiba quem tem direito a meia-entrada no Mirage Circus em Ribeir\u00e3o Preto"},"content":{"rendered":"<div class='code-block code-block-1' style='margin: 8px 0 8px auto; text-align: right; display: block; clear: both;'>\n<p><a href=\"https:\/\/wa.link\/vpicfd\"><img data-recalc-dims=\"1\" class=\"wp-image-4922\" style=\"aspect-ratio: 2.0253164556962027; width: 561px; height: auto;\" src=\"https:\/\/i0.wp.com\/ismaelcolosi.com.br\/wp-content\/uploads\/2023\/11\/grupo-de-empregos-whatsapp-e-facebook-ismael-colosi-vagas.jpg?ssl=1\" alt=\"\" \/><\/a><\/p>\n<!-- \/wp:image -->\n<\/div>\n<p> <br \/>\n<\/p>\n<div data-td-block-uid=\"tdi_101\">\n<div class=\"tdb-block-inner td-fix-index\">\n<p>O <strong>Mirage Circus<\/strong>, do ator <strong>Marcos Frota<\/strong>, chegou a <strong>Ribeir\u00e3o Preto<\/strong> no dia <strong>5 de abril<\/strong> e est\u00e1 instalado na\u00a0<strong>rodovia Ant\u00f4nio Duarte Nogueira<\/strong>, pr\u00f3ximo ao Novo Shopping Center, na\u00a0<strong>zona Leste da cidade<\/strong>.<\/p>\n<p>Com <strong>estrutura inspirada nos cassinos de Las Vegas<\/strong>, o <strong>circo<\/strong> oferece ao <strong>p\u00fablico<\/strong> <strong>espet\u00e1culos<\/strong> com <strong>dura\u00e7\u00e3o <\/strong>de aproximadamente <strong>1h45<\/strong> e tem <strong>ingressos<\/strong> com <strong>valor<\/strong> a partir de<strong> R$ 25<\/strong>. <\/p>\n<p>Tem direito a meia-entrada para assistir o espet\u00e1culo:  <\/p>\n<ul>\n<li>policiais (federal, civil)<\/li>\n<li>guarda municipal<\/li>\n<li>aposentados \u2013 mesmo que tenham menos de 60 anos<\/li>\n<li>qualquer funcion\u00e1rio do setor de Educa\u00e7\u00e3o (zelador, faxineira, vigia)<\/li>\n<li>doadores de sangue ( 1 doa\u00e7\u00e3o nos \u00faltimos 90 dias ou carteirinha de doador regular) e doadores de medula<\/li>\n<li>crian\u00e7as de 2 a 12 anos<\/li>\n<li>pessoas com defici\u00eancia \u2013 apresentando carteirinha ou laudo m\u00e9dico <\/li>\n<li>idosos acima de 60 anos<\/li>\n<li>estudantes apresentando carteira de estudante ou comprovante de matr\u00edcula e documento com foto (boleto n\u00e3o serve como comprova\u00e7\u00e3o)<\/li>\n<li>pessoas inscritas no Cad\u00danico \u2013 1 benefici\u00e1rio por cadastro<\/li>\n<li>autistas e 1 acompanhante, apresentando laudo ou carteirinha<\/li>\n<\/ul>\n<p>Os <strong>ingressos<\/strong> podem ser adquiridos pelo <strong><a href=\"https:\/\/www.guicheweb.com.br\/pesquisa\/ribeir%C3%A3o%20preto\" target=\"_blank\" rel=\"noreferrer noopener nofollow\">site<\/a><\/strong> ou nas <strong>bilheterias do circo<\/strong>, que tamb\u00e9m conta com estacionamento pr\u00f3prio, com valor para\u00a0<strong>moto de R$ 20<\/strong>\u00a0e\u00a0para <strong>carro R$ 40<\/strong>.<\/p>\n<h2 class=\"wp-block-heading\"><strong>Acessibilidade<\/strong><\/h2>\n<p>Al\u00e9m da <strong>meia-entrada<\/strong>, o <strong>circo<\/strong> oferece <strong>acessibilidade para cadeirantes na \u00e1rea no setor VIP Premium<\/strong>. Cada espa\u00e7o para o cadeirante poder\u00e1 ter at\u00e9 um assento para o acompanhante. Os demais acompanhantes ficar\u00e3o em seus respectivos assentos, no setor escolhido no momento da compra.<\/p>\n<h4 class=\"wp-block-heading\"><strong>Programa\u00e7\u00e3o<\/strong><\/h4>\n<p>A\u00a0programa\u00e7\u00e3o do circo conta com apresenta\u00e7\u00f5es de artistas nacionais e internacionais\u00a0nos espet\u00e1culos que acontecem de ter\u00e7a a sexta-feira, \u00e0s 20h30; de s\u00e1bado \u00e0s 15h, 18h e 21h; e de domingo, \u00e0s 11h, 16h e 19h.<\/p>\n<p>SAIBA MAIS <\/p>\n<p>Ribeir\u00e3o Preto tem mais de 400 vagas abertas para cursos profissionalizantes gratuitos<\/p>\n<h4 class=\"wp-block-heading\"><strong>FIQUE ON<\/strong><\/h4>\n<p>Fique ligado em tudo que acontece em Ribeir\u00e3o Preto e regi\u00e3o. Siga os perfis do\u00a0<strong>acidade on\u00a0<\/strong>no<a href=\"https:\/\/www.instagram.com\/acidadeonribeirao\" target=\"_blank\" rel=\"noreferrer noopener\">\u00a0Instagram<\/a>\u00a0e no\u00a0<a href=\"https:\/\/www.facebook.com\/acidadeonribeirao\" target=\"_blank\" rel=\"noreferrer noopener\">Facebook<\/a>.<\/p>\n<p>Receba not\u00edcias do\u00a0<strong>acidade on\u00a0<\/strong>no WhatsApp.\u00a0<a href=\"https:\/\/chat.whatsapp.com\/GFH9HUMUTHNFJdnyEd0xxq\" target=\"_blank\" rel=\"noreferrer noopener\">Para entrar no grupo, basta clicar aqui.<\/a><\/p>\n<p>Fa\u00e7a uma den\u00fancia ou sugira uma reportagem sobre Ribeir\u00e3o Preto e regi\u00e3o pelo WhatsApp: 16 99117 7802.<\/p>\n<p>VEJA TAMB\u00c9M<\/p>\n<p>Isabelle e Davi se desentendem no BBB 24\u00a0<\/p>\n<p><!-- AI CONTENT END 1 -->\n<\/div>\n<\/div>\n<p><script async src=\"\/\/www.instagram.com\/embed.js\"><\/script><br \/>\n<br \/><br \/>\n<br \/><a href=\"https:\/\/www.acidadeon.com\/ribeiraopreto\/lazer-e-cultura\/saiba-quem-tem-direito-a-meia-entrada-no-mirage-circus-em-ribeirao-preto\/\">Source link <\/a><\/p>\n<!-- CONTENT END 1 -->\n","protected":false},"excerpt":{"rendered":"<p>O Mirage Circus, do ator Marcos Frota, chegou a Ribeir\u00e3o Preto no dia 5 de abril e est\u00e1 instalado na\u00a0rodovia Ant\u00f4nio Duarte Nogueira, pr\u00f3ximo ao&#8230;<\/p>\n","protected":false},"author":1,"featured_media":46933,"comment_status":"open","ping_status":"open","sticky":false,"template":"","format":"standard","meta":{"advanced_seo_description":"","jetpack_seo_html_title":"","jetpack_seo_noindex":false,"jetpack_post_was_ever_published":false,"_jetpack_newsletter_access":"","_jetpack_dont_email_post_to_subs":false,"_jetpack_newsletter_tier_id":0,"_jetpack_memberships_contains_paywalled_content":false,"_jetpack_memberships_contains_paid_content":false,"footnotes":"","jetpack_publicize_message":"","jetpack_publicize_feature_enabled":true,"jetpack_social_post_already_shared":true,"jetpack_social_options":{"image_generator_settings":{"template":"highway","default_image_id":0,"font":"","enabled":false},"version":2}},"categories":[11],"tags":[],"class_list":["post-46932","post","type-post","status-publish","format-standard","has-post-thumbnail","hentry","category-noticias-de-ribeirao-preto-sp-e-regiao-ismael-colosi"],"jetpack_publicize_connections":[],"jetpack_featured_media_url":"https:\/\/i0.wp.com\/noticiasribeiraopreto.com.br\/wp-content\/uploads\/2024\/04\/1713221069_CIRCO.jpg?fit=1200%2C800&ssl=1","jetpack-related-posts":[{"id":42853,"url":"https:\/\/noticiasribeiraopreto.com.br\/index.php\/2024\/03\/17\/veja-quando-o-mirage-circus-estreia-em-ribeirao-preto-ingressos-ja-estao-a-venda\/","url_meta":{"origin":46932,"position":0},"title":"Veja quando o Mirage Circus estreia em Ribeir\u00e3o Preto; Ingressos j\u00e1 est\u00e3o \u00e0 venda","author":"noticiasribeiraopreto.com.br","date":"17 de March de 2024","format":false,"excerpt":"Inspirado nos shows dos cassinos de Las Vegas, o Mirage Circus chega a Ribeir\u00e3o Preto no dia 5 de abril, com apresenta\u00e7\u00e3o a partir das 20h30. A estrutura ser\u00e1 montada na rodovia Anhanguera, pr\u00f3ximo ao Novo Shopping Center, na zona Leste da cidade. Os ingressos para a atra\u00e7\u00e3o que pertence\u2026","rel":"","context":"In &quot;Not\u00edcias de Ribeir\u00e3o Preto-SP e Regi\u00e3o&quot;","block_context":{"text":"Not\u00edcias de Ribeir\u00e3o Preto-SP e Regi\u00e3o","link":"https:\/\/noticiasribeiraopreto.com.br\/index.php\/category\/noticias-de-ribeirao-preto-sp-e-regiao-ismael-colosi\/"},"img":{"alt_text":"","src":"https:\/\/i0.wp.com\/noticiasribeiraopreto.com.br\/wp-content\/uploads\/2024\/03\/AnyConv.com__dd940c175d667b6d3d811b7e234990e8.webp.webp?fit=1200%2C675&ssl=1&resize=350%2C200","width":350,"height":200,"srcset":"https:\/\/i0.wp.com\/noticiasribeiraopreto.com.br\/wp-content\/uploads\/2024\/03\/AnyConv.com__dd940c175d667b6d3d811b7e234990e8.webp.webp?fit=1200%2C675&ssl=1&resize=350%2C200 1x, https:\/\/i0.wp.com\/noticiasribeiraopreto.com.br\/wp-content\/uploads\/2024\/03\/AnyConv.com__dd940c175d667b6d3d811b7e234990e8.webp.webp?fit=1200%2C675&ssl=1&resize=525%2C300 1.5x, https:\/\/i0.wp.com\/noticiasribeiraopreto.com.br\/wp-content\/uploads\/2024\/03\/AnyConv.com__dd940c175d667b6d3d811b7e234990e8.webp.webp?fit=1200%2C675&ssl=1&resize=700%2C400 2x, https:\/\/i0.wp.com\/noticiasribeiraopreto.com.br\/wp-content\/uploads\/2024\/03\/AnyConv.com__dd940c175d667b6d3d811b7e234990e8.webp.webp?fit=1200%2C675&ssl=1&resize=1050%2C600 3x"},"classes":[]},{"id":51582,"url":"https:\/\/noticiasribeiraopreto.com.br\/index.php\/2024\/05\/28\/ultima-semana-do-mirage-circus-em-ribeirao-preto-confira-os-novos-horarios\/","url_meta":{"origin":46932,"position":1},"title":"\u00daltima semana do Mirage Circus em Ribeir\u00e3o Preto; Confira os novos hor\u00e1rios","author":"noticiasribeiraopreto.com.br","date":"28 de May de 2024","format":false,"excerpt":"O Mirage Circus, do ator Marcos Frota, inspirado nos cassinos de Las Vegas, ficar\u00e1 em Ribeir\u00e3o Preto at\u00e9 o pr\u00f3ximo domingo (2). A informa\u00e7\u00e3o foi confirmada ao acidade on, nesta ter\u00e7a-feira (28). Segundo a assessoria, os \u00faltimos espet\u00e1culos, com dura\u00e7\u00e3o m\u00e9dia de 1h45, ter\u00e3o a participa\u00e7\u00e3o confirmada do ator. A\u2026","rel":"","context":"In &quot;Not\u00edcias de Ribeir\u00e3o Preto-SP e Regi\u00e3o&quot;","block_context":{"text":"Not\u00edcias de Ribeir\u00e3o Preto-SP e Regi\u00e3o","link":"https:\/\/noticiasribeiraopreto.com.br\/index.php\/category\/noticias-de-ribeirao-preto-sp-e-regiao-ismael-colosi\/"},"img":{"alt_text":"","src":"https:\/\/i0.wp.com\/noticiasribeiraopreto.com.br\/wp-content\/uploads\/2024\/05\/WhatsApp-Image-2024-05-10-at-10.52.21_2024-05-14_12-37-47_jpeg_2024-05-14_12-37-47.webp.webp?fit=1200%2C799&ssl=1&resize=350%2C200","width":350,"height":200,"srcset":"https:\/\/i0.wp.com\/noticiasribeiraopreto.com.br\/wp-content\/uploads\/2024\/05\/WhatsApp-Image-2024-05-10-at-10.52.21_2024-05-14_12-37-47_jpeg_2024-05-14_12-37-47.webp.webp?fit=1200%2C799&ssl=1&resize=350%2C200 1x, https:\/\/i0.wp.com\/noticiasribeiraopreto.com.br\/wp-content\/uploads\/2024\/05\/WhatsApp-Image-2024-05-10-at-10.52.21_2024-05-14_12-37-47_jpeg_2024-05-14_12-37-47.webp.webp?fit=1200%2C799&ssl=1&resize=525%2C300 1.5x, https:\/\/i0.wp.com\/noticiasribeiraopreto.com.br\/wp-content\/uploads\/2024\/05\/WhatsApp-Image-2024-05-10-at-10.52.21_2024-05-14_12-37-47_jpeg_2024-05-14_12-37-47.webp.webp?fit=1200%2C799&ssl=1&resize=700%2C400 2x, https:\/\/i0.wp.com\/noticiasribeiraopreto.com.br\/wp-content\/uploads\/2024\/05\/WhatsApp-Image-2024-05-10-at-10.52.21_2024-05-14_12-37-47_jpeg_2024-05-14_12-37-47.webp.webp?fit=1200%2C799&ssl=1&resize=1050%2C600 3x"},"classes":[]},{"id":45541,"url":"https:\/\/noticiasribeiraopreto.com.br\/index.php\/2024\/04\/04\/minha-historia-esta-misturada-com-ribeirao-diz-marcos-frota-antes-de-estrear-circo-na-cidade\/","url_meta":{"origin":46932,"position":2},"title":"&#8220;Minha hist\u00f3ria est\u00e1 misturada com Ribeir\u00e3o&#8221;, diz Marcos Frota, antes de estrear circo na cidade","author":"noticiasribeiraopreto.com.br","date":"4 de April de 2024","format":false,"excerpt":"\u201cA minha hist\u00f3ria est\u00e1 muito misturada com Ribeir\u00e3o Preto\u201d. \u00c9 dessa forma que Marcos Frota, o eterno Tonho da Lua, personagem de Mulheres de Areia (1993), chega ao munic\u00edpio com o Mirage Circus, considerado o maior da Am\u00e9rica Latina. Natural de Guaxup\u00e9-MG, o ator, trapezista e empres\u00e1rio viveu por muitos\u2026","rel":"","context":"In &quot;Not\u00edcias de Ribeir\u00e3o Preto-SP e Regi\u00e3o&quot;","block_context":{"text":"Not\u00edcias de Ribeir\u00e3o Preto-SP e Regi\u00e3o","link":"https:\/\/noticiasribeiraopreto.com.br\/index.php\/category\/noticias-de-ribeirao-preto-sp-e-regiao-ismael-colosi\/"},"img":{"alt_text":"","src":"https:\/\/i0.wp.com\/noticiasribeiraopreto.com.br\/wp-content\/uploads\/2024\/04\/AnyConv.com__WhatsApp-Image-2024-04-04-at-7.24.26-PM.webp.webp?fit=1200%2C828&ssl=1&resize=350%2C200","width":350,"height":200,"srcset":"https:\/\/i0.wp.com\/noticiasribeiraopreto.com.br\/wp-content\/uploads\/2024\/04\/AnyConv.com__WhatsApp-Image-2024-04-04-at-7.24.26-PM.webp.webp?fit=1200%2C828&ssl=1&resize=350%2C200 1x, https:\/\/i0.wp.com\/noticiasribeiraopreto.com.br\/wp-content\/uploads\/2024\/04\/AnyConv.com__WhatsApp-Image-2024-04-04-at-7.24.26-PM.webp.webp?fit=1200%2C828&ssl=1&resize=525%2C300 1.5x, https:\/\/i0.wp.com\/noticiasribeiraopreto.com.br\/wp-content\/uploads\/2024\/04\/AnyConv.com__WhatsApp-Image-2024-04-04-at-7.24.26-PM.webp.webp?fit=1200%2C828&ssl=1&resize=700%2C400 2x, https:\/\/i0.wp.com\/noticiasribeiraopreto.com.br\/wp-content\/uploads\/2024\/04\/AnyConv.com__WhatsApp-Image-2024-04-04-at-7.24.26-PM.webp.webp?fit=1200%2C828&ssl=1&resize=1050%2C600 3x"},"classes":[]},{"id":44834,"url":"https:\/\/noticiasribeiraopreto.com.br\/index.php\/2024\/03\/31\/veja-como-comprar-ingressos-para-o-mirage-circus-em-ribeirao-preto\/","url_meta":{"origin":46932,"position":3},"title":"Veja como comprar ingressos para o Mirage Circus em Ribeir\u00e3o Preto","author":"noticiasribeiraopreto.com.br","date":"31 de March de 2024","format":false,"excerpt":"O Mirage Circus, instalado na via Dr. Jeremias de Paula Martins, em frente a um shopping da zona Leste de Ribeir\u00e3o Preto, estreia nesta sexta-feira (5). Os ingressos est\u00e3o dispon\u00edveis e podem ser adquiridos de forma on-line \u2013 veja abaixo. Agentes de tr\u00e2nsito montaram um esquema para receber o comboio\u2026","rel":"","context":"In &quot;Not\u00edcias de Ribeir\u00e3o Preto-SP e Regi\u00e3o&quot;","block_context":{"text":"Not\u00edcias de Ribeir\u00e3o Preto-SP e Regi\u00e3o","link":"https:\/\/noticiasribeiraopreto.com.br\/index.php\/category\/noticias-de-ribeirao-preto-sp-e-regiao-ismael-colosi\/"},"img":{"alt_text":"","src":"https:\/\/i0.wp.com\/noticiasribeiraopreto.com.br\/wp-content\/uploads\/2024\/03\/3b600f435879e2d866b38d9d9a0a0e87.jpg?fit=1200%2C800&ssl=1&resize=350%2C200","width":350,"height":200,"srcset":"https:\/\/i0.wp.com\/noticiasribeiraopreto.com.br\/wp-content\/uploads\/2024\/03\/3b600f435879e2d866b38d9d9a0a0e87.jpg?fit=1200%2C800&ssl=1&resize=350%2C200 1x, https:\/\/i0.wp.com\/noticiasribeiraopreto.com.br\/wp-content\/uploads\/2024\/03\/3b600f435879e2d866b38d9d9a0a0e87.jpg?fit=1200%2C800&ssl=1&resize=525%2C300 1.5x, https:\/\/i0.wp.com\/noticiasribeiraopreto.com.br\/wp-content\/uploads\/2024\/03\/3b600f435879e2d866b38d9d9a0a0e87.jpg?fit=1200%2C800&ssl=1&resize=700%2C400 2x, https:\/\/i0.wp.com\/noticiasribeiraopreto.com.br\/wp-content\/uploads\/2024\/03\/3b600f435879e2d866b38d9d9a0a0e87.jpg?fit=1200%2C800&ssl=1&resize=1050%2C600 3x"},"classes":[]},{"id":44259,"url":"https:\/\/noticiasribeiraopreto.com.br\/index.php\/2024\/03\/26\/mirage-circus-estrutura-com-mais-de-800-toneladas-de-equipamentos-chega-a-ribeirao\/","url_meta":{"origin":46932,"position":4},"title":"Mirage Circus: Estrutura com mais de 800 toneladas de equipamentos chega a Ribeir\u00e3o","author":"noticiasribeiraopreto.com.br","date":"26 de March de 2024","format":false,"excerpt":"A estrutura do Mirage Circus, inspirado nos casinos de Las Vegas, com mais de 800 toneladas de equipamentos chega a Ribeir\u00e3o Preto na tarde de quinta-feira (28). Ao todo, 20 caminh\u00f5es puxando aproximadamente 32 carretas seguir\u00e3o em comboio at\u00e9 o local onde o circo ser\u00e1 montado, na rodovia Ant\u00f4nio Duarte\u2026","rel":"","context":"In &quot;Not\u00edcias de Ribeir\u00e3o Preto-SP e Regi\u00e3o&quot;","block_context":{"text":"Not\u00edcias de Ribeir\u00e3o Preto-SP e Regi\u00e3o","link":"https:\/\/noticiasribeiraopreto.com.br\/index.php\/category\/noticias-de-ribeirao-preto-sp-e-regiao-ismael-colosi\/"},"img":{"alt_text":"","src":"https:\/\/i0.wp.com\/noticiasribeiraopreto.com.br\/wp-content\/uploads\/2024\/03\/Copia-de-Copia-de-TAMANHO-EXATO-PARA-FOTOS-NO-SISTEMA-NOVO-86.jpg?fit=1200%2C675&ssl=1&resize=350%2C200","width":350,"height":200,"srcset":"https:\/\/i0.wp.com\/noticiasribeiraopreto.com.br\/wp-content\/uploads\/2024\/03\/Copia-de-Copia-de-TAMANHO-EXATO-PARA-FOTOS-NO-SISTEMA-NOVO-86.jpg?fit=1200%2C675&ssl=1&resize=350%2C200 1x, https:\/\/i0.wp.com\/noticiasribeiraopreto.com.br\/wp-content\/uploads\/2024\/03\/Copia-de-Copia-de-TAMANHO-EXATO-PARA-FOTOS-NO-SISTEMA-NOVO-86.jpg?fit=1200%2C675&ssl=1&resize=525%2C300 1.5x, https:\/\/i0.wp.com\/noticiasribeiraopreto.com.br\/wp-content\/uploads\/2024\/03\/Copia-de-Copia-de-TAMANHO-EXATO-PARA-FOTOS-NO-SISTEMA-NOVO-86.jpg?fit=1200%2C675&ssl=1&resize=700%2C400 2x, https:\/\/i0.wp.com\/noticiasribeiraopreto.com.br\/wp-content\/uploads\/2024\/03\/Copia-de-Copia-de-TAMANHO-EXATO-PARA-FOTOS-NO-SISTEMA-NOVO-86.jpg?fit=1200%2C675&ssl=1&resize=1050%2C600 3x"},"classes":[]},{"id":47663,"url":"https:\/\/noticiasribeiraopreto.com.br\/index.php\/2024\/04\/26\/veja-ate-quando-o-circo-do-ator-marcos-frota-vai-ficar-em-ribeirao-preto\/","url_meta":{"origin":46932,"position":5},"title":"Veja at\u00e9 quando o circo do ator Marcos Frota vai ficar em Ribeir\u00e3o Preto","author":"noticiasribeiraopreto.com.br","date":"26 de April de 2024","format":false,"excerpt":"O Mirage Circus, do ator Marcos Frota, instalado na rodovia Ant\u00f4nio Duarte Nogueira, pr\u00f3ximo ao Novo Shopping Center, na zona Leste de Ribeir\u00e3o Preto, anunciou suas \u00faltimas semanas na cidade. Com estrutura inspirada nos cassinos de Las Vegas, o circo oferece ao p\u00fablico espet\u00e1culos com dura\u00e7\u00e3o de aproximadamente 1h45 e\u2026","rel":"","context":"In &quot;Not\u00edcias de Ribeir\u00e3o Preto-SP e Regi\u00e3o&quot;","block_context":{"text":"Not\u00edcias de Ribeir\u00e3o Preto-SP e Regi\u00e3o","link":"https:\/\/noticiasribeiraopreto.com.br\/index.php\/category\/noticias-de-ribeirao-preto-sp-e-regiao-ismael-colosi\/"},"img":{"alt_text":"","src":"https:\/\/i0.wp.com\/noticiasribeiraopreto.com.br\/wp-content\/uploads\/2024\/03\/AnyConv.com__dd940c175d667b6d3d811b7e234990e8.webp.webp?fit=1200%2C675&ssl=1&resize=350%2C200","width":350,"height":200,"srcset":"https:\/\/i0.wp.com\/noticiasribeiraopreto.com.br\/wp-content\/uploads\/2024\/03\/AnyConv.com__dd940c175d667b6d3d811b7e234990e8.webp.webp?fit=1200%2C675&ssl=1&resize=350%2C200 1x, https:\/\/i0.wp.com\/noticiasribeiraopreto.com.br\/wp-content\/uploads\/2024\/03\/AnyConv.com__dd940c175d667b6d3d811b7e234990e8.webp.webp?fit=1200%2C675&ssl=1&resize=525%2C300 1.5x, https:\/\/i0.wp.com\/noticiasribeiraopreto.com.br\/wp-content\/uploads\/2024\/03\/AnyConv.com__dd940c175d667b6d3d811b7e234990e8.webp.webp?fit=1200%2C675&ssl=1&resize=700%2C400 2x, https:\/\/i0.wp.com\/noticiasribeiraopreto.com.br\/wp-content\/uploads\/2024\/03\/AnyConv.com__dd940c175d667b6d3d811b7e234990e8.webp.webp?fit=1200%2C675&ssl=1&resize=1050%2C600 3x"},"classes":[]}],"jetpack_sharing_enabled":true,"jetpack_shortlink":"https:\/\/wp.me\/peQAOb-ccY","_links":{"self":[{"href":"https:\/\/noticiasribeiraopreto.com.br\/index.php\/wp-json\/wp\/v2\/posts\/46932","targetHints":{"allow":["GET"]}}],"collection":[{"href":"https:\/\/noticiasribeiraopreto.com.br\/index.php\/wp-json\/wp\/v2\/posts"}],"about":[{"href":"https:\/\/noticiasribeiraopreto.com.br\/index.php\/wp-json\/wp\/v2\/types\/post"}],"author":[{"embeddable":true,"href":"https:\/\/noticiasribeiraopreto.com.br\/index.php\/wp-json\/wp\/v2\/users\/1"}],"replies":[{"embeddable":true,"href":"https:\/\/noticiasribeiraopreto.com.br\/index.php\/wp-json\/wp\/v2\/comments?post=46932"}],"version-history":[{"count":0,"href":"https:\/\/noticiasribeiraopreto.com.br\/index.php\/wp-json\/wp\/v2\/posts\/46932\/revisions"}],"wp:featuredmedia":[{"embeddable":true,"href":"https:\/\/noticiasribeiraopreto.com.br\/index.php\/wp-json\/wp\/v2\/media\/46933"}],"wp:attachment":[{"href":"https:\/\/noticiasribeiraopreto.com.br\/index.php\/wp-json\/wp\/v2\/media?parent=46932"}],"wp:term":[{"taxonomy":"category","embeddable":true,"href":"https:\/\/noticiasribeiraopreto.com.br\/index.php\/wp-json\/wp\/v2\/categories?post=46932"},{"taxonomy":"post_tag","embeddable":true,"href":"https:\/\/noticiasribeiraopreto.com.br\/index.php\/wp-json\/wp\/v2\/tags?post=46932"}],"curies":[{"name":"wp","href":"https:\/\/api.w.org\/{rel}","templated":true}]}}