{"id":47016,"date":"2024-04-18T10:48:40","date_gmt":"2024-04-18T13:48:40","guid":{"rendered":"https:\/\/noticiasribeiraopreto.com.br\/index.php\/2024\/04\/18\/puma-e-rihanna-apresentam-novo-creeper-phatty-em-tres-tons-terrosos\/"},"modified":"2024-04-18T10:48:40","modified_gmt":"2024-04-18T13:48:40","slug":"puma-e-rihanna-apresentam-novo-creeper-phatty-em-tres-tons-terrosos","status":"publish","type":"post","link":"https:\/\/noticiasribeiraopreto.com.br\/index.php\/2024\/04\/18\/puma-e-rihanna-apresentam-novo-creeper-phatty-em-tres-tons-terrosos\/","title":{"rendered":"PUMA e Rihanna apresentam novo Creeper Phatty em tr\u00eas tons terrosos"},"content":{"rendered":"<div class='code-block code-block-1' style='margin: 8px 0 8px auto; text-align: right; display: block; clear: both;'>\n<p><a href=\"https:\/\/wa.link\/vpicfd\"><img data-recalc-dims=\"1\" class=\"wp-image-4922\" style=\"aspect-ratio: 2.0253164556962027; width: 561px; height: auto;\" src=\"https:\/\/i0.wp.com\/ismaelcolosi.com.br\/wp-content\/uploads\/2023\/11\/grupo-de-empregos-whatsapp-e-facebook-ismael-colosi-vagas.jpg?ssl=1\" alt=\"\" \/><\/a><\/p>\n<!-- \/wp:image -->\n<\/div>\n<p> <br \/>\n<\/p>\n<div>\n<h3 class=\"fn__maintitle\"><span>PUMA e Rihanna apresentam novo Creeper Phatty em tr\u00eas tons terrosos<\/span><\/h3>\n<\/div>\n<div>\n<p>A\u00a0<strong>PUMA<\/strong>\u00a0e\u00a0<strong>Rihanna<\/strong>\u00a0apresentam o novo\u00a0<strong>FENTY x PUMA Creeper Phatty Earth Tone<\/strong>, modelo de sucesso da parceria entre a marca de esportes e a cantora Riri. O modelo segue se destacando pelos materiais luxuosos, com cabedal em couro\u00a0<i>nobuck<\/i>\u00a0e detalhes em dourado.<\/p>\n<p>O\u00a0<strong>Creeper<\/strong>\u00a0original foi lan\u00e7ado em setembro de 2015 apresentando uma vers\u00e3o plataforma do ic\u00f4nico Suede da PUMA. A silhueta foi eleita como o \u201csapato do ano\u201d pela Footwear News em 2016 e n\u00e3o apenas transformou a cultura\u00a0<i>sneaker<\/i>, como despertou o impacto e a relev\u00e2ncia da PUMA na \u00faltima d\u00e9cada. O Creeper Phatty, sua mais nova vers\u00e3o, est\u00e1 maior, mais ousado e exagerado, com\u00a0<i>design<\/i>\u00a0superdimensionado e sola de borracha empilhada.<\/p>\n<p><\/p>\n<p>O novo FENTY x PUMA Creeper Phatty Earth Tone oferece tr\u00eas cores distintas, em tamanhos adultos e infantis: castanho-acinzentado (Totally Taupe), verde neblina (Green Fog) e branco quente (warm white).<\/p>\n<p>A campanha\u00a0<strong>FENTY x PUMA<\/strong>, filmada por Philippa Price e que conta com Rihanna como diretora criativa, expande o conceito de\u00a0<i>creep<\/i>\u00a0\u2013 tentar fazer algo sem ser notado. A campanha embarca numa explora\u00e7\u00e3o da arte da camuflagem atrav\u00e9s de imagens tom sobre tom cuidadosamente compostas.<\/p>\n<p>O FENTY x PUMA Creeper Phatty cinza chega amanh\u00e3 (18) exclusivamente em\u00a0<a href=\"https:\/\/s2404.imxsnd23.com\/link.php?code=bDpodHRwcyUzQSUyRiUyRlBVTUEuY29tOjIzMTc1Njc2Nzg6ZmFiaW9AcG9waXRvLmNvbS5icjpiYmExOTU6Nzc=\" target=\"_blank\" rel=\"noopener noreferrer\">PUMA<\/a>. O modelo verde e o branco chegam no dia 26, tamb\u00e9m em PUMA e nas lojas parceiras Artwalk, Guadalupe Store e Your ID. Os modelos chegam por valores a partir de R\uff04 449,90.<\/p>\n<p><img data-recalc-dims=\"1\" loading=\"lazy\" decoding=\"async\" class=\"alignnone size-full wp-image-2217\" src=\"https:\/\/i0.wp.com\/popito.com.br\/wp-content\/uploads\/2024\/04\/CREEPER-20-scaled.jpg?resize=1920%2C2560&#038;ssl=1\" alt=\"\" width=\"1920\" height=\"2560\" srcset=\"https:\/\/popito.com.br\/wp-content\/uploads\/2024\/04\/CREEPER-20-scaled.jpg 1920w, https:\/\/popito.com.br\/wp-content\/uploads\/2024\/04\/CREEPER-20-225x300.jpg 225w, https:\/\/popito.com.br\/wp-content\/uploads\/2024\/04\/CREEPER-20-768x1024.jpg 768w, https:\/\/popito.com.br\/wp-content\/uploads\/2024\/04\/CREEPER-20-1152x1536.jpg 1152w, https:\/\/popito.com.br\/wp-content\/uploads\/2024\/04\/CREEPER-20-1536x2048.jpg 1536w, https:\/\/popito.com.br\/wp-content\/uploads\/2024\/04\/CREEPER-20-600x800.jpg 600w\" sizes=\"auto, (max-width: 1920px) 100vw, 1920px\"\/> <img data-recalc-dims=\"1\" loading=\"lazy\" decoding=\"async\" class=\"alignnone size-full wp-image-2214\" src=\"https:\/\/i0.wp.com\/popito.com.br\/wp-content\/uploads\/2024\/04\/CREEPER-29.jpg?resize=2000%2C1500&#038;ssl=1\" alt=\"\" width=\"2000\" height=\"1500\" srcset=\"https:\/\/popito.com.br\/wp-content\/uploads\/2024\/04\/CREEPER-29.jpg 2000w, https:\/\/popito.com.br\/wp-content\/uploads\/2024\/04\/CREEPER-29-300x225.jpg 300w, https:\/\/popito.com.br\/wp-content\/uploads\/2024\/04\/CREEPER-29-1024x768.jpg 1024w, https:\/\/popito.com.br\/wp-content\/uploads\/2024\/04\/CREEPER-29-768x576.jpg 768w, https:\/\/popito.com.br\/wp-content\/uploads\/2024\/04\/CREEPER-29-1536x1152.jpg 1536w, https:\/\/popito.com.br\/wp-content\/uploads\/2024\/04\/CREEPER-29-600x450.jpg 600w\" sizes=\"auto, (max-width: 2000px) 100vw, 2000px\"\/><\/p>\n<div class=\"popito_fn_votewrap\">\n<h3 class=\"vote_title\">Como voc\u00ea vota? <\/h3>\n<div class=\"popito_fn_votes \" data-id=\"2212\">\n<p>0 People voted this article. 0 Upvotes &#8211; 0 Downvotes.<\/p>\n<\/div>\n<\/div>\n<\/div>\n<p><br \/>\n<br \/><a href=\"https:\/\/popito.com.br\/puma-e-rihanna-apresentam-novo-creeper-phatty-em-tres-tons-terrosos\/\">Source link <\/a><\/p>\n<!-- CONTENT END 1 -->\n","protected":false},"excerpt":{"rendered":"<p>PUMA e Rihanna apresentam novo Creeper Phatty em tr\u00eas tons terrosos A\u00a0PUMA\u00a0e\u00a0Rihanna\u00a0apresentam o novo\u00a0FENTY x PUMA Creeper Phatty Earth Tone, modelo de sucesso da parceria&#8230;<\/p>\n","protected":false},"author":1,"featured_media":47017,"comment_status":"open","ping_status":"open","sticky":false,"template":"","format":"standard","meta":{"advanced_seo_description":"","jetpack_seo_html_title":"","jetpack_seo_noindex":false,"jetpack_post_was_ever_published":false,"_jetpack_newsletter_access":"","_jetpack_dont_email_post_to_subs":false,"_jetpack_newsletter_tier_id":0,"_jetpack_memberships_contains_paywalled_content":false,"_jetpack_memberships_contains_paid_content":false,"footnotes":"","jetpack_publicize_message":"","jetpack_publicize_feature_enabled":true,"jetpack_social_post_already_shared":true,"jetpack_social_options":{"image_generator_settings":{"template":"highway","default_image_id":0,"font":"","enabled":false},"version":2}},"categories":[11],"tags":[117,5639,381,5640,5637,5638,5642,5641,639],"class_list":["post-47016","post","type-post","status-publish","format-standard","has-post-thumbnail","hentry","category-noticias-de-ribeirao-preto-sp-e-regiao-ismael-colosi","tag-apresentam","tag-creeper","tag-novo","tag-phatty","tag-puma","tag-rihanna","tag-terrosos","tag-tons","tag-tres"],"jetpack_publicize_connections":[],"jetpack_featured_media_url":"https:\/\/i0.wp.com\/noticiasribeiraopreto.com.br\/wp-content\/uploads\/2024\/04\/CREEPER-13.jpg?fit=2000%2C2500&ssl=1","jetpack-related-posts":[{"id":47050,"url":"https:\/\/noticiasribeiraopreto.com.br\/index.php\/2024\/04\/19\/utm_sourcerssutm_mediumrssutm_campaignpuma-e-rihanna-apresentam-novo-creeper-phatty-em-tres-tons-terrosos\/","url_meta":{"origin":47016,"position":0},"title":"PUMA e Rihanna apresentam novo Creeper Phatty em tr\u00eas tons terrosos","author":"noticiasribeiraopreto.com.br","date":"19 de April de 2024","format":false,"excerpt":"PUMA e Rihanna apresentam novo Creeper Phatty em tr\u00eas tons terrososA\u00a0PUMA\u00a0e\u00a0Rihanna\u00a0apresentam o novo\u00a0FENTY x PUMA Creeper Phatty Earth Tone, modelo de sucesso da parceria entre a marca de esportes e a cantora Riri. O modelo segue se destacando pelos materiais luxuosos, com cabedal em couro\u00a0nobuck\u00a0e detalhes em dourado. O\u00a0Creeper\u00a0original foi\u2026","rel":"","context":"In &quot;Not\u00edcias de Ribeir\u00e3o Preto-SP e Regi\u00e3o&quot;","block_context":{"text":"Not\u00edcias de Ribeir\u00e3o Preto-SP e Regi\u00e3o","link":"https:\/\/noticiasribeiraopreto.com.br\/index.php\/category\/noticias-de-ribeirao-preto-sp-e-regiao-ismael-colosi\/"},"img":{"alt_text":"","src":"https:\/\/i0.wp.com\/popito.com.br\/wp-content\/uploads\/2024\/04\/CREEPER-1.jpg?resize=350%2C200&ssl=1","width":350,"height":200,"srcset":"https:\/\/i0.wp.com\/popito.com.br\/wp-content\/uploads\/2024\/04\/CREEPER-1.jpg?resize=350%2C200&ssl=1 1x, https:\/\/i0.wp.com\/popito.com.br\/wp-content\/uploads\/2024\/04\/CREEPER-1.jpg?resize=525%2C300&ssl=1 1.5x, https:\/\/i0.wp.com\/popito.com.br\/wp-content\/uploads\/2024\/04\/CREEPER-1.jpg?resize=700%2C400&ssl=1 2x, https:\/\/i0.wp.com\/popito.com.br\/wp-content\/uploads\/2024\/04\/CREEPER-1.jpg?resize=1050%2C600&ssl=1 3x, https:\/\/i0.wp.com\/popito.com.br\/wp-content\/uploads\/2024\/04\/CREEPER-1.jpg?resize=1400%2C800&ssl=1 4x"},"classes":[]},{"id":50968,"url":"https:\/\/noticiasribeiraopreto.com.br\/index.php\/2024\/05\/22\/colecao-colaborativa-de-aap-rocky-e-puma-chega-ao-brasil-veja-fotos-exclusivas\/","url_meta":{"origin":47016,"position":1},"title":"Cole\u00e7\u00e3o colaborativa de A$AP Rocky e PUMA chega ao Brasil, veja fotos exclusivas","author":"noticiasribeiraopreto.com.br","date":"22 de May de 2024","format":false,"excerpt":"Cole\u00e7\u00e3o colaborativa de A$AP Rocky e PUMA chega ao Brasil, veja fotos exclusivasA nova cole\u00e7\u00e3o colaborativa da\u00a0PUMA\u00a0com o m\u00fasico, artista criativo e\u00a0designer,\u00a0A$AP Rocky, j\u00e1 est\u00e1 dispon\u00edvel no Brasil. A\u00a0collab\u00a0apresenta pe\u00e7as que misturam moda e automobilismo, usufruindo do estilo e experi\u00eancia cultural da marca e do m\u00fasico. O destaque fica por\u2026","rel":"","context":"In &quot;Not\u00edcias de Ribeir\u00e3o Preto-SP e Regi\u00e3o&quot;","block_context":{"text":"Not\u00edcias de Ribeir\u00e3o Preto-SP e Regi\u00e3o","link":"https:\/\/noticiasribeiraopreto.com.br\/index.php\/category\/noticias-de-ribeirao-preto-sp-e-regiao-ismael-colosi\/"},"img":{"alt_text":"","src":"https:\/\/i0.wp.com\/noticiasribeiraopreto.com.br\/wp-content\/uploads\/2024\/05\/1.jpg?fit=1200%2C800&ssl=1&resize=350%2C200","width":350,"height":200,"srcset":"https:\/\/i0.wp.com\/noticiasribeiraopreto.com.br\/wp-content\/uploads\/2024\/05\/1.jpg?fit=1200%2C800&ssl=1&resize=350%2C200 1x, https:\/\/i0.wp.com\/noticiasribeiraopreto.com.br\/wp-content\/uploads\/2024\/05\/1.jpg?fit=1200%2C800&ssl=1&resize=525%2C300 1.5x, https:\/\/i0.wp.com\/noticiasribeiraopreto.com.br\/wp-content\/uploads\/2024\/05\/1.jpg?fit=1200%2C800&ssl=1&resize=700%2C400 2x, https:\/\/i0.wp.com\/noticiasribeiraopreto.com.br\/wp-content\/uploads\/2024\/05\/1.jpg?fit=1200%2C800&ssl=1&resize=1050%2C600 3x"},"classes":[]},{"id":51325,"url":"https:\/\/noticiasribeiraopreto.com.br\/index.php\/2024\/05\/25\/utm_sourcerssutm_mediumrssutm_campaigncolecao-colaborativa-de-aap-rocky-e-puma-chega-ao-brasil-veja-fotos-exclusivas\/","url_meta":{"origin":47016,"position":2},"title":"Cole\u00e7\u00e3o colaborativa de A$AP Rocky e PUMA chega ao Brasil, veja fotos exclusivas","author":"noticiasribeiraopreto.com.br","date":"25 de May de 2024","format":false,"excerpt":"Cole\u00e7\u00e3o colaborativa de A$AP Rocky e PUMA chega ao Brasil, veja fotos exclusivasA nova cole\u00e7\u00e3o colaborativa da\u00a0PUMA\u00a0com o m\u00fasico, artista criativo e\u00a0designer,\u00a0A$AP Rocky, j\u00e1 est\u00e1 dispon\u00edvel no Brasil. A\u00a0collab\u00a0apresenta pe\u00e7as que misturam moda e automobilismo, usufruindo do estilo e experi\u00eancia cultural da marca e do m\u00fasico. O destaque fica por\u2026","rel":"","context":"In &quot;Not\u00edcias de Ribeir\u00e3o Preto-SP e Regi\u00e3o&quot;","block_context":{"text":"Not\u00edcias de Ribeir\u00e3o Preto-SP e Regi\u00e3o","link":"https:\/\/noticiasribeiraopreto.com.br\/index.php\/category\/noticias-de-ribeirao-preto-sp-e-regiao-ismael-colosi\/"},"img":{"alt_text":"","src":"https:\/\/i0.wp.com\/popito.com.br\/wp-content\/uploads\/2024\/05\/4.jpg?resize=350%2C200&ssl=1","width":350,"height":200,"srcset":"https:\/\/i0.wp.com\/popito.com.br\/wp-content\/uploads\/2024\/05\/4.jpg?resize=350%2C200&ssl=1 1x, https:\/\/i0.wp.com\/popito.com.br\/wp-content\/uploads\/2024\/05\/4.jpg?resize=525%2C300&ssl=1 1.5x, https:\/\/i0.wp.com\/popito.com.br\/wp-content\/uploads\/2024\/05\/4.jpg?resize=700%2C400&ssl=1 2x, https:\/\/i0.wp.com\/popito.com.br\/wp-content\/uploads\/2024\/05\/4.jpg?resize=1050%2C600&ssl=1 3x, https:\/\/i0.wp.com\/popito.com.br\/wp-content\/uploads\/2024\/05\/4.jpg?resize=1400%2C800&ssl=1 4x"},"classes":[]},{"id":46474,"url":"https:\/\/noticiasribeiraopreto.com.br\/index.php\/2024\/04\/11\/celebridades-marcam-presenca-em-desfile-de-oculos-em-sao-paulo\/","url_meta":{"origin":47016,"position":3},"title":"Celebridades marcam presen\u00e7a em desfile de \u00f3culos em S\u00e3o Paulo","author":"noticiasribeiraopreto.com.br","date":"11 de April de 2024","format":false,"excerpt":"Celebridades marcam presen\u00e7a em desfile de \u00f3culos em S\u00e3o PauloNa capital paulista, nomes como Ana Hickmann, Edu Guedes, Karina Bacci e Costanza Pascolato prestigiaram o desfile da GO Eyewear Nesta quarta-feira (10), aconteceu o desfile da Fashion Eyes Week em S\u00e3o Paulo. O evento apresentou os novos modelos e as\u2026","rel":"","context":"In &quot;Not\u00edcias de Ribeir\u00e3o Preto-SP e Regi\u00e3o&quot;","block_context":{"text":"Not\u00edcias de Ribeir\u00e3o Preto-SP e Regi\u00e3o","link":"https:\/\/noticiasribeiraopreto.com.br\/index.php\/category\/noticias-de-ribeirao-preto-sp-e-regiao-ismael-colosi\/"},"img":{"alt_text":"","src":"https:\/\/i0.wp.com\/noticiasribeiraopreto.com.br\/wp-content\/uploads\/2024\/04\/Edu-Guedes-e-Ana-Hickmann_Creditos_Ale-Virgilio.jpg?fit=1200%2C799&ssl=1&resize=350%2C200","width":350,"height":200,"srcset":"https:\/\/i0.wp.com\/noticiasribeiraopreto.com.br\/wp-content\/uploads\/2024\/04\/Edu-Guedes-e-Ana-Hickmann_Creditos_Ale-Virgilio.jpg?fit=1200%2C799&ssl=1&resize=350%2C200 1x, https:\/\/i0.wp.com\/noticiasribeiraopreto.com.br\/wp-content\/uploads\/2024\/04\/Edu-Guedes-e-Ana-Hickmann_Creditos_Ale-Virgilio.jpg?fit=1200%2C799&ssl=1&resize=525%2C300 1.5x, https:\/\/i0.wp.com\/noticiasribeiraopreto.com.br\/wp-content\/uploads\/2024\/04\/Edu-Guedes-e-Ana-Hickmann_Creditos_Ale-Virgilio.jpg?fit=1200%2C799&ssl=1&resize=700%2C400 2x, https:\/\/i0.wp.com\/noticiasribeiraopreto.com.br\/wp-content\/uploads\/2024\/04\/Edu-Guedes-e-Ana-Hickmann_Creditos_Ale-Virgilio.jpg?fit=1200%2C799&ssl=1&resize=1050%2C600 3x"},"classes":[]},{"id":76917,"url":"https:\/\/noticiasribeiraopreto.com.br\/index.php\/2025\/09\/08\/gwm-realiza-lancamento-em-ribeirao-preto-com-test-drive-em-pista-off-road\/","url_meta":{"origin":47016,"position":4},"title":"GWM realiza lan\u00e7amento em Ribeir\u00e3o Preto com test drive em pista off-road","author":"noticiasribeiraopreto.com.br","date":"8 de September de 2025","format":false,"excerpt":"A concession\u00e1ria GWM Germ\u00e2nica de Ribeir\u00e3o Preto realiza neste s\u00e1bado (13) os lan\u00e7amentos do SUV Haval H9 e da picape Poer P30. O evento acontece das 9h \u00e0s 18h e os clientes poder\u00e3o conhecer e experimentar as caracter\u00edsticas dos modelos em test drive realizado em uma pista off-road. Tanto o\u2026","rel":"","context":"In &quot;Not\u00edcias de Ribeir\u00e3o Preto-SP e Regi\u00e3o&quot;","block_context":{"text":"Not\u00edcias de Ribeir\u00e3o Preto-SP e Regi\u00e3o","link":"https:\/\/noticiasribeiraopreto.com.br\/index.php\/category\/noticias-de-ribeirao-preto-sp-e-regiao-ismael-colosi\/"},"img":{"alt_text":"","src":"https:\/\/i0.wp.com\/noticiasribeiraopreto.com.br\/wp-content\/uploads\/2025\/09\/Haval-H9-e-Poer-P30-_2025-09-08_19-15-23.webp.webp?fit=1200%2C800&ssl=1&resize=350%2C200","width":350,"height":200,"srcset":"https:\/\/i0.wp.com\/noticiasribeiraopreto.com.br\/wp-content\/uploads\/2025\/09\/Haval-H9-e-Poer-P30-_2025-09-08_19-15-23.webp.webp?fit=1200%2C800&ssl=1&resize=350%2C200 1x, https:\/\/i0.wp.com\/noticiasribeiraopreto.com.br\/wp-content\/uploads\/2025\/09\/Haval-H9-e-Poer-P30-_2025-09-08_19-15-23.webp.webp?fit=1200%2C800&ssl=1&resize=525%2C300 1.5x, https:\/\/i0.wp.com\/noticiasribeiraopreto.com.br\/wp-content\/uploads\/2025\/09\/Haval-H9-e-Poer-P30-_2025-09-08_19-15-23.webp.webp?fit=1200%2C800&ssl=1&resize=700%2C400 2x, https:\/\/i0.wp.com\/noticiasribeiraopreto.com.br\/wp-content\/uploads\/2025\/09\/Haval-H9-e-Poer-P30-_2025-09-08_19-15-23.webp.webp?fit=1200%2C800&ssl=1&resize=1050%2C600 3x"},"classes":[]},{"id":44902,"url":"https:\/\/noticiasribeiraopreto.com.br\/index.php\/2024\/04\/01\/dilsinho-e-mumuzinho-se-apresentam-neste-final-de-semana-em-ribeirao-preto\/","url_meta":{"origin":47016,"position":5},"title":"Dilsinho e Mumuzinho se apresentam neste final de semana em Ribeir\u00e3o Preto","author":"noticiasribeiraopreto.com.br","date":"1 de April de 2024","format":false,"excerpt":"O evento Mixturinha acontece neste s\u00e1bado (6), a partir das 16h em Ribeir\u00e3o Preto, no complexo esportivo e restaurante, Kauai Sports. Entre as atra\u00e7\u00f5es confirmadas, est\u00e3o Dilsinho, Mumuzinho e Jo\u00e3o Lucas e Matheus. O Kauai Sports contar\u00e1 com uma estrutura in\u00e9dita para o Mixturinha. O evento n\u00e3o \u00e9 open bar\u2026","rel":"","context":"In &quot;Not\u00edcias de Ribeir\u00e3o Preto-SP e Regi\u00e3o&quot;","block_context":{"text":"Not\u00edcias de Ribeir\u00e3o Preto-SP e Regi\u00e3o","link":"https:\/\/noticiasribeiraopreto.com.br\/index.php\/category\/noticias-de-ribeirao-preto-sp-e-regiao-ismael-colosi\/"},"img":{"alt_text":"","src":"https:\/\/i0.wp.com\/noticiasribeiraopreto.com.br\/wp-content\/uploads\/2024\/04\/Copia-de-Copia-de-TAMANHO-EXATO-PARA-FOTOS-NO-SISTEMA-NOVO-7.jpg?fit=1200%2C675&ssl=1&resize=350%2C200","width":350,"height":200,"srcset":"https:\/\/i0.wp.com\/noticiasribeiraopreto.com.br\/wp-content\/uploads\/2024\/04\/Copia-de-Copia-de-TAMANHO-EXATO-PARA-FOTOS-NO-SISTEMA-NOVO-7.jpg?fit=1200%2C675&ssl=1&resize=350%2C200 1x, https:\/\/i0.wp.com\/noticiasribeiraopreto.com.br\/wp-content\/uploads\/2024\/04\/Copia-de-Copia-de-TAMANHO-EXATO-PARA-FOTOS-NO-SISTEMA-NOVO-7.jpg?fit=1200%2C675&ssl=1&resize=525%2C300 1.5x, https:\/\/i0.wp.com\/noticiasribeiraopreto.com.br\/wp-content\/uploads\/2024\/04\/Copia-de-Copia-de-TAMANHO-EXATO-PARA-FOTOS-NO-SISTEMA-NOVO-7.jpg?fit=1200%2C675&ssl=1&resize=700%2C400 2x, https:\/\/i0.wp.com\/noticiasribeiraopreto.com.br\/wp-content\/uploads\/2024\/04\/Copia-de-Copia-de-TAMANHO-EXATO-PARA-FOTOS-NO-SISTEMA-NOVO-7.jpg?fit=1200%2C675&ssl=1&resize=1050%2C600 3x"},"classes":[]}],"jetpack_sharing_enabled":true,"jetpack_shortlink":"https:\/\/wp.me\/peQAOb-cek","_links":{"self":[{"href":"https:\/\/noticiasribeiraopreto.com.br\/index.php\/wp-json\/wp\/v2\/posts\/47016","targetHints":{"allow":["GET"]}}],"collection":[{"href":"https:\/\/noticiasribeiraopreto.com.br\/index.php\/wp-json\/wp\/v2\/posts"}],"about":[{"href":"https:\/\/noticiasribeiraopreto.com.br\/index.php\/wp-json\/wp\/v2\/types\/post"}],"author":[{"embeddable":true,"href":"https:\/\/noticiasribeiraopreto.com.br\/index.php\/wp-json\/wp\/v2\/users\/1"}],"replies":[{"embeddable":true,"href":"https:\/\/noticiasribeiraopreto.com.br\/index.php\/wp-json\/wp\/v2\/comments?post=47016"}],"version-history":[{"count":0,"href":"https:\/\/noticiasribeiraopreto.com.br\/index.php\/wp-json\/wp\/v2\/posts\/47016\/revisions"}],"wp:featuredmedia":[{"embeddable":true,"href":"https:\/\/noticiasribeiraopreto.com.br\/index.php\/wp-json\/wp\/v2\/media\/47017"}],"wp:attachment":[{"href":"https:\/\/noticiasribeiraopreto.com.br\/index.php\/wp-json\/wp\/v2\/media?parent=47016"}],"wp:term":[{"taxonomy":"category","embeddable":true,"href":"https:\/\/noticiasribeiraopreto.com.br\/index.php\/wp-json\/wp\/v2\/categories?post=47016"},{"taxonomy":"post_tag","embeddable":true,"href":"https:\/\/noticiasribeiraopreto.com.br\/index.php\/wp-json\/wp\/v2\/tags?post=47016"}],"curies":[{"name":"wp","href":"https:\/\/api.w.org\/{rel}","templated":true}]}}