{"id":4703,"date":"2023-11-22T05:32:36","date_gmt":"2023-11-22T08:32:36","guid":{"rendered":"https:\/\/noticiasribeiraopreto.com.br\/index.php\/2023\/11\/22\/parque-ibirapuera-sp-abre-vagas-em-curso-gratuito-de-musica\/"},"modified":"2023-11-22T05:32:36","modified_gmt":"2023-11-22T08:32:36","slug":"parque-ibirapuera-sp-abre-vagas-em-curso-gratuito-de-musica","status":"publish","type":"post","link":"https:\/\/noticiasribeiraopreto.com.br\/index.php\/2023\/11\/22\/parque-ibirapuera-sp-abre-vagas-em-curso-gratuito-de-musica\/","title":{"rendered":"Parque Ibirapuera (SP) abre vagas em curso gratuito de m\u00fasica"},"content":{"rendered":"<div class='code-block code-block-1' style='margin: 8px 0 8px auto; text-align: right; display: block; clear: both;'>\n<p><a href=\"https:\/\/wa.link\/vpicfd\"><img data-recalc-dims=\"1\" class=\"wp-image-4922\" style=\"aspect-ratio: 2.0253164556962027; width: 561px; height: auto;\" src=\"https:\/\/i0.wp.com\/ismaelcolosi.com.br\/wp-content\/uploads\/2023\/11\/grupo-de-empregos-whatsapp-e-facebook-ismael-colosi-vagas.jpg?ssl=1\" alt=\"\" \/><\/a><\/p>\n<!-- \/wp:image -->\n<\/div>\n<p> <br \/>\n<\/p>\n<div>\n<p>A Escola de M\u00fasica do Parque Ibirapuera est\u00e1 com inscri\u00e7\u00e3o abertas para o curso gratuito de m\u00fasica para iniciantes. No total s\u00e3o 30 vagas direcionadas aos interessados com idades entre 10 e 12 anos.<\/p>\n<p>As inscri\u00e7\u00f5es seguem at\u00e9 o dia 15 de janeiro de 2024. Para participar \u00e9 preciso estar regularmente matriculados em uma escola, com desejo de aprender m\u00fasica e com disponibilidade de tempo no <a href=\"https:\/\/catracalivre.com.br\/educacao\/sp-escola-de-danca-abre-vagas-para-cursos-gratuitos\/\">contraturno escolar<\/a>.<\/p>\n<div id=\"attachment_2312762\" class=\"wp-caption aligncenter\">\n<div class=\"d-flex justify-content-center\" data-attachment-id=\"2312762\">\n<div class=\"position-relative d-inline-block\"><img data-recalc-dims=\"1\" data-portal-copyright=\"Divulga\u00e7\u00e3o\/Urbia Parques\" decoding=\"async\" fetchpriority=\"high\" class=\"size-full wp-image-2312762\" src=\"https:\/\/i0.wp.com\/catracalivre.com.br\/wp-content\/uploads\/2023\/11\/escola-de-musica-curso-gratuito.png?resize=886%2C591&#038;ssl=1\" alt=\"Escola de M\u00fasica do Parque Ibirapuera est\u00e1 com vagas abertas para curso gratuito\" width=\"886\" height=\"591\" srcset=\"https:\/\/catracalivre.com.br\/wp-content\/uploads\/2023\/11\/escola-de-musica-curso-gratuito.png 886w, https:\/\/catracalivre.com.br\/wp-content\/uploads\/2023\/11\/escola-de-musica-curso-gratuito-450x300.png 450w, https:\/\/catracalivre.com.br\/wp-content\/uploads\/2023\/11\/escola-de-musica-curso-gratuito-768x512.png 768w\" sizes=\"(max-width: 886px) 100vw, 886px\"\/><\/p>\n<p>Cr\u00e9ditos: Divulga\u00e7\u00e3o\/Urbia Parques<\/p>\n<\/div>\n<\/div>\n<p><span class=\"post-imagem__legenda\">Escola de M\u00fasica do Parque Ibirapuera est\u00e1 com vagas abertas para curso gratuito<\/span><\/p>\n<\/div>\n<p>O m\u00f3dulo b\u00e1sico do curso tem dura\u00e7\u00e3o de tr\u00eas anos, distribu\u00eddos em seis semestres.<\/p>\n<p>As aulas ter\u00e3o in\u00edcio em 21 de fevereiro de 2024 e ser\u00e3o ministradas nos per\u00edodos manh\u00e3 e tarde, \u00e0s quartas-feiras e s\u00e1bados no primeiro semestre do curso.<\/p>\n<p>S\u00e3o aulas de aprecia\u00e7\u00e3o musical, teoria, r\u00edtmica, hist\u00f3ria da m\u00fasica e musicaliza\u00e7\u00e3o.<\/p>\n<h2>Inscri\u00e7\u00e3o no curso gratuito de m\u00fasica<\/h2>\n<p>O processo de inscri\u00e7\u00e3o \u00e9 composto por tr\u00eas etapas obrigat\u00f3rias: inscri\u00e7\u00e3o, entrevista e avalia\u00e7\u00e3o inicial e realiza\u00e7\u00e3o da matr\u00edcula.<\/p>\n<p>O primeiro passo \u00e9 preencher a ficha de inscri\u00e7\u00e3o online (acesse <a href=\"https:\/\/forms.office.com\/pages\/responsepage.aspx?id=ThZ0SKy0fUS7RHs8qo_J9jtTeLw-rc1AgfoN3k8hFZZUOU5MSUlHOUhVWEgxVVlPMlgzVTNWR1hPQS4u\" target=\"_blank\" rel=\"noopener\">aqui<\/a>) at\u00e9 o dia 15 de janeiro de 2024. Todos os estudantes que cumprirem os crit\u00e9rios de idade e matr\u00edcula escolar regular ser\u00e3o chamados para a segunda etapa, que ocorrer\u00e1 no per\u00edodo de 29\/01 a 02\/02\/24, para a entrevista inicial.<\/p>\n<p>Nesta etapa, o estudante realizar\u00e1 exerc\u00edcios simples de ritmo e coordena\u00e7\u00e3o motora para avalia\u00e7\u00e3o.<br \/>Os estudantes aprovados na segunda etapa seguem para a terceira fase, at\u00e9 o limite de 15 estudantes, correspondente ao n\u00famero de vagas oferecidas em cada turno.<\/p>\n<p>Se houver um n\u00famero maior de estudantes aprovados do que aquele de vagas oferecidas, ser\u00e1 criada uma lista de espera.<\/p>\n<p>E a \u00faltima etapa acontece entre 15 e 19 de fevereiro com a apresenta\u00e7\u00e3o dos documentos necess\u00e1rios \u00e0 matr\u00edcula (comprovantes de matr\u00edcula escolar, de vacina\u00e7\u00e3o e de endere\u00e7o e documentos pessoais).<\/p>\n<p>Se houver alunos convocados para a terceira fase que n\u00e3o consigam apresentar todos os documentos solicitados, as vagas ser\u00e3o preenchidas por novas convoca\u00e7\u00f5es de alunos aprovados na segunda etapa e em lista de espera.<\/p>\n<p>Para d\u00favidas ou mais informa\u00e7\u00f5es, os candidatos podem enviar e-mail para: <a href=\"https:\/\/catracalivre.com.br\/educacao\/parque-ibirapuera-sp-abre-vagas-em-curso-gratuito-de-musica\/mailto:escolademusica@urbiaparques.com.br\" target=\"_blank\" rel=\"noopener\">escolademusica@urbiaparques.com.br<\/a>.<\/p>\n<\/div>\n<p><script>\n\t\t! function(f, b, e, v, n, t, s) {\n\t\t\tif (f.fbq) return;\n\t\t\tn = f.fbq = function() {\n\t\t\t\tn.callMethod ?\n\t\t\t\t\tn.callMethod.apply(n, arguments) : n.queue.push(arguments)\n\t\t\t};\n\t\t\tif (!f._fbq) f._fbq = n;\n\t\t\tn.push = n;\n\t\t\tn.loaded = !0;\n\t\t\tn.version = '2.0';\n\t\t\tn.queue = [];\n\t\t\tt = b.createElement(e);\n\t\t\tt.async = !0;\n\t\t\tt.src = v;\n\t\t\ts = b.getElementsByTagName(e)[0];\n\t\t\ts.parentNode.insertBefore(t, s)\n\t\t}(window, document, 'script',\n\t\t\t'https:\/\/connect.facebook.net\/en_US\/fbevents.js');\n\t\tfbq('init', '338315473262380');\n\t\tfbq('track', 'PageView');\n\t<\/script><br \/>\n<br \/><br \/>\n<br \/><a href=\"https:\/\/catracalivre.com.br\/educacao\/parque-ibirapuera-sp-abre-vagas-em-curso-gratuito-de-musica\/\">Source link <\/a><\/p>\n<!-- CONTENT END 1 -->\n","protected":false},"excerpt":{"rendered":"<p>A Escola de M\u00fasica do Parque Ibirapuera est\u00e1 com inscri\u00e7\u00e3o abertas para o curso gratuito de m\u00fasica para iniciantes. No total s\u00e3o 30 vagas direcionadas&#8230;<\/p>\n","protected":false},"author":1,"featured_media":4704,"comment_status":"open","ping_status":"open","sticky":false,"template":"","format":"standard","meta":{"advanced_seo_description":"","jetpack_seo_html_title":"","jetpack_seo_noindex":false,"jetpack_post_was_ever_published":false,"_jetpack_newsletter_access":"","_jetpack_dont_email_post_to_subs":false,"_jetpack_newsletter_tier_id":0,"_jetpack_memberships_contains_paywalled_content":false,"_jetpack_memberships_contains_paid_content":false,"footnotes":"","jetpack_publicize_message":"","jetpack_publicize_feature_enabled":true,"jetpack_social_post_already_shared":true,"jetpack_social_options":{"image_generator_settings":{"template":"highway","default_image_id":0,"font":"","enabled":false},"version":2}},"categories":[19],"tags":[],"class_list":["post-4703","post","type-post","status-publish","format-standard","has-post-thumbnail","hentry","category-variedades"],"jetpack_publicize_connections":[],"jetpack_featured_media_url":"https:\/\/i0.wp.com\/noticiasribeiraopreto.com.br\/wp-content\/uploads\/2023\/11\/escola-de-musica-curso-gratuito.png?fit=1200%2C638&ssl=1","jetpack-related-posts":[{"id":6678,"url":"https:\/\/noticiasribeiraopreto.com.br\/index.php\/2023\/11\/26\/guri-abre-vagas-para-cursos-on-line-gratuitos-de-musica\/","url_meta":{"origin":4703,"position":0},"title":"Guri abre vagas para cursos on-line gratuitos de m\u00fasica","author":"noticiasribeiraopreto.com.br","date":"26 de November de 2023","format":false,"excerpt":"O Projeto Guri, programa da Secretaria da Cultura, Economia e Ind\u00fastria Criativas, abriu vagas para cinco cursos on-line gratuitos, abertos a diversas faixas et\u00e1rias e n\u00edveis de ensino. Essa \u00e9 uma excelente oportunidade de aprendizado para todos.Cr\u00e9ditos: Divulga\u00e7\u00e3oGuri abre vagas para cursos on-line gratuitos de m\u00fasicaAs inscri\u00e7\u00f5es est\u00e3o abertas desde\u2026","rel":"","context":"In &quot;Variedades&quot;","block_context":{"text":"Variedades","link":"https:\/\/noticiasribeiraopreto.com.br\/index.php\/category\/variedades\/"},"img":{"alt_text":"","src":"https:\/\/i0.wp.com\/noticiasribeiraopreto.com.br\/wp-content\/uploads\/2023\/11\/projeto-guri-prorroga-inscricoes-para-cursos-de-musica.jpg?fit=1200%2C638&ssl=1&resize=350%2C200","width":350,"height":200,"srcset":"https:\/\/i0.wp.com\/noticiasribeiraopreto.com.br\/wp-content\/uploads\/2023\/11\/projeto-guri-prorroga-inscricoes-para-cursos-de-musica.jpg?fit=1200%2C638&ssl=1&resize=350%2C200 1x, https:\/\/i0.wp.com\/noticiasribeiraopreto.com.br\/wp-content\/uploads\/2023\/11\/projeto-guri-prorroga-inscricoes-para-cursos-de-musica.jpg?fit=1200%2C638&ssl=1&resize=525%2C300 1.5x, https:\/\/i0.wp.com\/noticiasribeiraopreto.com.br\/wp-content\/uploads\/2023\/11\/projeto-guri-prorroga-inscricoes-para-cursos-de-musica.jpg?fit=1200%2C638&ssl=1&resize=700%2C400 2x, https:\/\/i0.wp.com\/noticiasribeiraopreto.com.br\/wp-content\/uploads\/2023\/11\/projeto-guri-prorroga-inscricoes-para-cursos-de-musica.jpg?fit=1200%2C638&ssl=1&resize=1050%2C600 3x"},"classes":[]},{"id":33242,"url":"https:\/\/noticiasribeiraopreto.com.br\/index.php\/2024\/01\/28\/guri-abre-vagas-para-cursos-gratuitos-de-musica\/","url_meta":{"origin":4703,"position":1},"title":"Guri abre vagas para cursos gratuitos de m\u00fasica\u00a0","author":"noticiasribeiraopreto.com.br","date":"28 de January de 2024","format":false,"excerpt":"28 de janeiro de 2024 | 18:0027 de janeiro de 2024 | 19:35 0O Guri \u2013 programa de educa\u00e7\u00e3o musical da Secretaria da Cultura, Economia e Ind\u00fastria Criativas do Governo do Estado de S\u00e3o Paulo, gerido pela Santa Marcelina Cultura \u2013 abre a partir de 29 de janeiro at\u00e9 22\u2026","rel":"","context":"In &quot;Not\u00edcias de Ribeir\u00e3o Preto-SP e Regi\u00e3o&quot;","block_context":{"text":"Not\u00edcias de Ribeir\u00e3o Preto-SP e Regi\u00e3o","link":"https:\/\/noticiasribeiraopreto.com.br\/index.php\/category\/noticias-de-ribeirao-preto-sp-e-regiao-ismael-colosi\/"},"img":{"alt_text":"","src":"https:\/\/i0.wp.com\/noticiasribeiraopreto.com.br\/wp-content\/uploads\/2024\/01\/1-guri-1.png?fit=753%2C502&ssl=1&resize=350%2C200","width":350,"height":200,"srcset":"https:\/\/i0.wp.com\/noticiasribeiraopreto.com.br\/wp-content\/uploads\/2024\/01\/1-guri-1.png?fit=753%2C502&ssl=1&resize=350%2C200 1x, https:\/\/i0.wp.com\/noticiasribeiraopreto.com.br\/wp-content\/uploads\/2024\/01\/1-guri-1.png?fit=753%2C502&ssl=1&resize=525%2C300 1.5x, https:\/\/i0.wp.com\/noticiasribeiraopreto.com.br\/wp-content\/uploads\/2024\/01\/1-guri-1.png?fit=753%2C502&ssl=1&resize=700%2C400 2x"},"classes":[]},{"id":28336,"url":"https:\/\/noticiasribeiraopreto.com.br\/index.php\/2024\/01\/15\/ribeirao-preto-tem-inscricoes-para-cursos-gratuitos-de-musica-danca-e-teatro\/","url_meta":{"origin":4703,"position":2},"title":"Ribeir\u00e3o Preto tem inscri\u00e7\u00f5es para cursos gratuitos de m\u00fasica, dan\u00e7a e teatro","author":"noticiasribeiraopreto.com.br","date":"15 de January de 2024","format":false,"excerpt":"A Alma (Academia Livre de M\u00fasica e Artes) de Ribeir\u00e3o Preto abriu nesta segunda-feira (18) as inscri\u00e7\u00f5es para cursos gratuitos de dan\u00e7a, m\u00fasica e teatro. As inscri\u00e7\u00f5es podem ser realizadas at\u00e9 o dia 2 de fevereiro pelo site (clique aqui). O processo de audi\u00e7\u00e3o do curso varia conforme a modalidade\u2026","rel":"","context":"In &quot;Not\u00edcias de Ribeir\u00e3o Preto-SP e Regi\u00e3o&quot;","block_context":{"text":"Not\u00edcias de Ribeir\u00e3o Preto-SP e Regi\u00e3o","link":"https:\/\/noticiasribeiraopreto.com.br\/index.php\/category\/noticias-de-ribeirao-preto-sp-e-regiao-ismael-colosi\/"},"img":{"alt_text":"","src":"https:\/\/i0.wp.com\/noticiasribeiraopreto.com.br\/wp-content\/uploads\/2024\/01\/foto_foto-20200511171145img-8965.jpg?fit=900%2C600&ssl=1&resize=350%2C200","width":350,"height":200,"srcset":"https:\/\/i0.wp.com\/noticiasribeiraopreto.com.br\/wp-content\/uploads\/2024\/01\/foto_foto-20200511171145img-8965.jpg?fit=900%2C600&ssl=1&resize=350%2C200 1x, https:\/\/i0.wp.com\/noticiasribeiraopreto.com.br\/wp-content\/uploads\/2024\/01\/foto_foto-20200511171145img-8965.jpg?fit=900%2C600&ssl=1&resize=525%2C300 1.5x, https:\/\/i0.wp.com\/noticiasribeiraopreto.com.br\/wp-content\/uploads\/2024\/01\/foto_foto-20200511171145img-8965.jpg?fit=900%2C600&ssl=1&resize=700%2C400 2x"},"classes":[]},{"id":5124,"url":"https:\/\/noticiasribeiraopreto.com.br\/index.php\/2023\/11\/23\/fundec-abre-inscricoes-para-cursos-gratuitos-veja-requisitos\/","url_meta":{"origin":4703,"position":3},"title":"Fundec abre inscri\u00e7\u00f5es para cursos gratuitos; veja requisitos","author":"noticiasribeiraopreto.com.br","date":"23 de November de 2023","format":false,"excerpt":"A Funda\u00e7\u00e3o de Desenvolvimento Cultural (Fundec) de Sorocaba, no interior de SP, est\u00e1 com inscri\u00e7\u00f5es abertas para o processo seletivo de cursos gratuitos oferecidos pelo Instituto Municipal de M\u00fasica de Sorocaba com in\u00edcio para 2024. Interessados devem fazer as inscri\u00e7\u00f5es somente nos dias 1\u00ba e 2 de dezembro. Ao todo,\u2026","rel":"","context":"In &quot;Variedades&quot;","block_context":{"text":"Variedades","link":"https:\/\/noticiasribeiraopreto.com.br\/index.php\/category\/variedades\/"},"img":{"alt_text":"","src":"https:\/\/i0.wp.com\/noticiasribeiraopreto.com.br\/wp-content\/uploads\/2023\/11\/fundec-cursos-gratuitos.jpg?fit=1200%2C638&ssl=1&resize=350%2C200","width":350,"height":200,"srcset":"https:\/\/i0.wp.com\/noticiasribeiraopreto.com.br\/wp-content\/uploads\/2023\/11\/fundec-cursos-gratuitos.jpg?fit=1200%2C638&ssl=1&resize=350%2C200 1x, https:\/\/i0.wp.com\/noticiasribeiraopreto.com.br\/wp-content\/uploads\/2023\/11\/fundec-cursos-gratuitos.jpg?fit=1200%2C638&ssl=1&resize=525%2C300 1.5x, https:\/\/i0.wp.com\/noticiasribeiraopreto.com.br\/wp-content\/uploads\/2023\/11\/fundec-cursos-gratuitos.jpg?fit=1200%2C638&ssl=1&resize=700%2C400 2x, https:\/\/i0.wp.com\/noticiasribeiraopreto.com.br\/wp-content\/uploads\/2023\/11\/fundec-cursos-gratuitos.jpg?fit=1200%2C638&ssl=1&resize=1050%2C600 3x"},"classes":[]},{"id":4408,"url":"https:\/\/noticiasribeiraopreto.com.br\/index.php\/2023\/11\/21\/sp-oferece-dezenas-de-vagas-em-cursos-gratuitos-de-musica\/","url_meta":{"origin":4703,"position":4},"title":"SP oferece dezenas de vagas em cursos gratuitos de m\u00fasica","author":"noticiasribeiraopreto.com.br","date":"21 de November de 2023","format":false,"excerpt":"A Escola de M\u00fasica do Estado de S\u00e3o Paulo (EMESP Tom Jobim) est\u00e1 com inscri\u00e7\u00f5es abertas em mais de 200 habilita\u00e7\u00f5es e cursos gratuitos de canto e instrumentos musicais. As inscri\u00e7\u00f5es s\u00e3o gratuitas e podem ser realizadas no site da EMESP e podem ser feitas at\u00e9 22 de novembro. Cr\u00e9ditos:\u2026","rel":"","context":"In &quot;Variedades&quot;","block_context":{"text":"Variedades","link":"https:\/\/noticiasribeiraopreto.com.br\/index.php\/category\/variedades\/"},"img":{"alt_text":"","src":"https:\/\/i0.wp.com\/noticiasribeiraopreto.com.br\/wp-content\/uploads\/2023\/11\/emesp-tom-jobim.jpg?fit=1200%2C638&ssl=1&resize=350%2C200","width":350,"height":200,"srcset":"https:\/\/i0.wp.com\/noticiasribeiraopreto.com.br\/wp-content\/uploads\/2023\/11\/emesp-tom-jobim.jpg?fit=1200%2C638&ssl=1&resize=350%2C200 1x, https:\/\/i0.wp.com\/noticiasribeiraopreto.com.br\/wp-content\/uploads\/2023\/11\/emesp-tom-jobim.jpg?fit=1200%2C638&ssl=1&resize=525%2C300 1.5x, https:\/\/i0.wp.com\/noticiasribeiraopreto.com.br\/wp-content\/uploads\/2023\/11\/emesp-tom-jobim.jpg?fit=1200%2C638&ssl=1&resize=700%2C400 2x, https:\/\/i0.wp.com\/noticiasribeiraopreto.com.br\/wp-content\/uploads\/2023\/11\/emesp-tom-jobim.jpg?fit=1200%2C638&ssl=1&resize=1050%2C600 3x"},"classes":[]},{"id":8470,"url":"https:\/\/noticiasribeiraopreto.com.br\/index.php\/2023\/11\/30\/duolingo-ofecera-curso-de-musica-gratuito-com-ensino-gamificado\/","url_meta":{"origin":4703,"position":5},"title":"Duolingo ofecer\u00e1 curso de m\u00fasica gratuito com ensino gamificado","author":"noticiasribeiraopreto.com.br","date":"30 de November de 2023","format":false,"excerpt":"Sem d\u00favida, o aprendizado online se tornou uma grande tend\u00eancia. E o aplicativo Duolingo, muito conhecido por seus cursos de idiomas em formato gamificado, est\u00e1 se expandindo para a \u00e1rea musical. A novidade foi anunciada com a abertura de uma lista de espera para um curso que promete ensinar seus\u2026","rel":"","context":"In &quot;Variedades&quot;","block_context":{"text":"Variedades","link":"https:\/\/noticiasribeiraopreto.com.br\/index.php\/category\/variedades\/"},"img":{"alt_text":"","src":"https:\/\/i0.wp.com\/noticiasribeiraopreto.com.br\/wp-content\/uploads\/2023\/11\/depositphotos-319204606-xl-scaled.jpg?fit=1200%2C638&ssl=1&resize=350%2C200","width":350,"height":200,"srcset":"https:\/\/i0.wp.com\/noticiasribeiraopreto.com.br\/wp-content\/uploads\/2023\/11\/depositphotos-319204606-xl-scaled.jpg?fit=1200%2C638&ssl=1&resize=350%2C200 1x, https:\/\/i0.wp.com\/noticiasribeiraopreto.com.br\/wp-content\/uploads\/2023\/11\/depositphotos-319204606-xl-scaled.jpg?fit=1200%2C638&ssl=1&resize=525%2C300 1.5x, https:\/\/i0.wp.com\/noticiasribeiraopreto.com.br\/wp-content\/uploads\/2023\/11\/depositphotos-319204606-xl-scaled.jpg?fit=1200%2C638&ssl=1&resize=700%2C400 2x, https:\/\/i0.wp.com\/noticiasribeiraopreto.com.br\/wp-content\/uploads\/2023\/11\/depositphotos-319204606-xl-scaled.jpg?fit=1200%2C638&ssl=1&resize=1050%2C600 3x"},"classes":[]}],"jetpack_sharing_enabled":true,"jetpack_shortlink":"https:\/\/wp.me\/peQAOb-1dR","_links":{"self":[{"href":"https:\/\/noticiasribeiraopreto.com.br\/index.php\/wp-json\/wp\/v2\/posts\/4703","targetHints":{"allow":["GET"]}}],"collection":[{"href":"https:\/\/noticiasribeiraopreto.com.br\/index.php\/wp-json\/wp\/v2\/posts"}],"about":[{"href":"https:\/\/noticiasribeiraopreto.com.br\/index.php\/wp-json\/wp\/v2\/types\/post"}],"author":[{"embeddable":true,"href":"https:\/\/noticiasribeiraopreto.com.br\/index.php\/wp-json\/wp\/v2\/users\/1"}],"replies":[{"embeddable":true,"href":"https:\/\/noticiasribeiraopreto.com.br\/index.php\/wp-json\/wp\/v2\/comments?post=4703"}],"version-history":[{"count":0,"href":"https:\/\/noticiasribeiraopreto.com.br\/index.php\/wp-json\/wp\/v2\/posts\/4703\/revisions"}],"wp:featuredmedia":[{"embeddable":true,"href":"https:\/\/noticiasribeiraopreto.com.br\/index.php\/wp-json\/wp\/v2\/media\/4704"}],"wp:attachment":[{"href":"https:\/\/noticiasribeiraopreto.com.br\/index.php\/wp-json\/wp\/v2\/media?parent=4703"}],"wp:term":[{"taxonomy":"category","embeddable":true,"href":"https:\/\/noticiasribeiraopreto.com.br\/index.php\/wp-json\/wp\/v2\/categories?post=4703"},{"taxonomy":"post_tag","embeddable":true,"href":"https:\/\/noticiasribeiraopreto.com.br\/index.php\/wp-json\/wp\/v2\/tags?post=4703"}],"curies":[{"name":"wp","href":"https:\/\/api.w.org\/{rel}","templated":true}]}}