{"id":4705,"date":"2023-11-22T05:43:29","date_gmt":"2023-11-22T08:43:29","guid":{"rendered":"https:\/\/noticiasribeiraopreto.com.br\/index.php\/2023\/11\/22\/13-hospedagens-para-celebrar-natal-e-reveillon\/"},"modified":"2023-11-22T05:43:29","modified_gmt":"2023-11-22T08:43:29","slug":"13-hospedagens-para-celebrar-natal-e-reveillon","status":"publish","type":"post","link":"https:\/\/noticiasribeiraopreto.com.br\/index.php\/2023\/11\/22\/13-hospedagens-para-celebrar-natal-e-reveillon\/","title":{"rendered":"13 hospedagens para celebrar Natal e R\u00e9veillon"},"content":{"rendered":"<div class='code-block code-block-1' style='margin: 8px 0 8px auto; text-align: right; display: block; clear: both;'>\n<p><a href=\"https:\/\/wa.link\/vpicfd\"><img data-recalc-dims=\"1\" class=\"wp-image-4922\" style=\"aspect-ratio: 2.0253164556962027; width: 561px; height: auto;\" src=\"https:\/\/i0.wp.com\/ismaelcolosi.com.br\/wp-content\/uploads\/2023\/11\/grupo-de-empregos-whatsapp-e-facebook-ismael-colosi-vagas.jpg?ssl=1\" alt=\"\" \/><\/a><\/p>\n<!-- \/wp:image -->\n<\/div>\n<p> <br \/>\n<\/p>\n<div>\n<p>Faltam pouco mais de um m\u00eas para o Natal e R\u00e9veillon e j\u00e1 \u00e9 hora de se planejar para as festividades de final de ano.<\/p>\n<p>Nesta \u00e9poca, os destinos se transformam em lugares deslumbrantes, decorados com luzes brilhantes e decora\u00e7\u00f5es festivas, tornando os ambientes convidativos para <a href=\"https:\/\/catracalivre.com.br\/viagem-livre\/8-parques-aquaticos-no-brasil-para-se-refrescar-no-calorao\/\">celebrar em fam\u00edlia<\/a> ou entre amigos.<\/p>\n<div id=\"attachment_2216369\" class=\"wp-caption aligncenter\">\n<div class=\"d-flex justify-content-center\" data-attachment-id=\"2216369\">\n<div class=\"position-relative d-inline-block\"><img src=\"https:\/\/catracalivre.com.br\/viagem-livre\/sao-paulo-minas-nordeste-e-mais-13-hospedagens-para-celebrar-natal-e-reveillon\/Divulga\u00e7\u00e3o\" decoding=\"async\" fetchpriority=\"high\" class=\"size-large wp-image-2216369\" alt=\"Praia Bonita Resort , em N\u00edsia Floresta (RN), \u00e9 uma das op\u00e7\u00f5es de hospedagem no R\u00e9veillon\" width=\"910\" height=\"511\" srcset=\"https:\/\/catracalivre.com.br\/wp-content\/uploads\/2022\/06\/praia-bonita-resort-910x511.jpg 910w, https:\/\/catracalivre.com.br\/wp-content\/uploads\/2022\/06\/praia-bonita-resort-450x253.jpg 450w, https:\/\/catracalivre.com.br\/wp-content\/uploads\/2022\/06\/praia-bonita-resort-768x432.jpg 768w\" sizes=\"(max-width: 910px) 100vw, 910px\"\/><\/p>\n<p>Cr\u00e9ditos: Divulga\u00e7\u00e3o<\/p>\n<\/div>\n<\/div>\n<p><span class=\"post-imagem__legenda\">Praia Bonita Resort , em N\u00edsia Floresta (RN), \u00e9 uma das op\u00e7\u00f5es de hospedagem no R\u00e9veillon<\/span><\/p>\n<\/div>\n<p>Caso voc\u00ea ainda n\u00e3o tenha se programado para esse per\u00edodo, saiba que ainda h\u00e1 tempo, por\u00e9m \u00e9 preciso aten\u00e7\u00e3o, pois as di\u00e1rias costumam se esgotar rapidamente.<\/p>\n<p>Confira abaixo uma lista com sugest\u00f5es de hospedagem para comemorar em grande estilo.<\/p>\n<h2>13 op\u00e7\u00f5es de hot\u00e9is e pousadas para celebrar Natal e Rev\u00e9illon<\/h2>\n<h3>Hot\u00e9is e pousadas nas montanhas<\/h3>\n<h4>Summit Su\u00edtes Hotel Campos do Jord\u00e3o (Campos do Jord\u00e3o, SP)<\/h4>\n<p>Todo o charme dessa \u00e9poca do ano pode ser apreciado nos destinos de montanha, com a decora\u00e7\u00e3o natalina e o clima agrad\u00e1vel de altas altitudes. A \u201cSu\u00ed\u00e7a Brasileira\u201d \u00e9 um destino concorrido para desfrutar dessas datas.<\/p>\n<div id=\"attachment_2312843\" class=\"wp-caption aligncenter\">\n<div class=\"d-flex justify-content-center\" data-attachment-id=\"2312843\">\n<div class=\"position-relative d-inline-block\"><img loading=\"lazy\" src=\"https:\/\/catracalivre.com.br\/viagem-livre\/sao-paulo-minas-nordeste-e-mais-13-hospedagens-para-celebrar-natal-e-reveillon\/Divulga\u00e7\u00e3o\" decoding=\"async\" class=\"size-large wp-image-2312843\" alt=\"Fachada do Summit Su\u00edtes Hotel Campos do Jord\u00e3o\" width=\"910\" height=\"683\" srcset=\"https:\/\/catracalivre.com.br\/wp-content\/uploads\/2023\/11\/summit-campos-910x683.jpg 910w, https:\/\/catracalivre.com.br\/wp-content\/uploads\/2023\/11\/summit-campos-450x338.jpg 450w, https:\/\/catracalivre.com.br\/wp-content\/uploads\/2023\/11\/summit-campos-768x576.jpg 768w\" sizes=\"auto, (max-width: 910px) 100vw, 910px\"\/><\/p>\n<p>Cr\u00e9ditos: Divulga\u00e7\u00e3o<\/p>\n<\/div>\n<\/div>\n<p><span class=\"post-imagem__legenda\">Fachada do Summit Su\u00edtes Hotel Campos do Jord\u00e3o<\/span><\/p>\n<\/div>\n<p>O centro \u00e9 repleto de atra\u00e7\u00f5es para fam\u00edlias com crian\u00e7as. Al\u00e9m disso, seus belos parques, como o Horto Florestal, proporcionam trilhas c\u00eanicas e contato com a natureza durante o ano todo.<\/p>\n<p>O <a href=\"http:\/\/www.summithotels.com.br\/summit-suites-hotel-campos-do-jordao\" target=\"_blank\" rel=\"noopener\">Summit Su\u00edtes Hotel Campos do Jord\u00e3o<\/a> garante uma hospedagem de qualidade com localiza\u00e7\u00e3o privilegiada e uma vista instagram\u00e1vel da cidade.<\/p>\n<h4>Pedras e Sonhos (Monte Verde, MG)<\/h4>\n<p>Para quem gosta de um clima ameno, Monte Verde \u00e9 um destino ideal para o per\u00edodo. Na pousada <a href=\"http:\/\/www.pedrasesonhos.com.br\" target=\"_blank\" rel=\"noopener\">Pedras e Sonhos<\/a> os h\u00f3spedes podem desfrutar de acomoda\u00e7\u00f5es confort\u00e1veis e bem decoradas, cercadas por uma vegeta\u00e7\u00e3o exuberante, criando um ambiente de tranquilidade e serenidade.<\/p>\n<div id=\"attachment_2237983\" class=\"wp-caption aligncenter\">\n<div class=\"d-flex justify-content-center\" data-attachment-id=\"2237983\">\n<div class=\"position-relative d-inline-block\"><img loading=\"lazy\" src=\"https:\/\/catracalivre.com.br\/viagem-livre\/sao-paulo-minas-nordeste-e-mais-13-hospedagens-para-celebrar-natal-e-reveillon\/Tadeu Brunelli\/Divulga\u00e7\u00e3o\" decoding=\"async\" class=\"size-large wp-image-2237983\" alt=\"Um dos chal\u00e9s da Pousada Pedras e Sonhos, em Monte Verde\" width=\"910\" height=\"607\" srcset=\"https:\/\/catracalivre.com.br\/wp-content\/uploads\/2022\/11\/chale-pousada-pedras-e-sonhos-monte-verde-3-910x607.jpg 910w, https:\/\/catracalivre.com.br\/wp-content\/uploads\/2022\/11\/chale-pousada-pedras-e-sonhos-monte-verde-3-450x300.jpg 450w, https:\/\/catracalivre.com.br\/wp-content\/uploads\/2022\/11\/chale-pousada-pedras-e-sonhos-monte-verde-3-768x512.jpg 768w\" sizes=\"auto, (max-width: 910px) 100vw, 910px\"\/><\/p>\n<p>Cr\u00e9ditos: Tadeu Brunelli\/Divulga\u00e7\u00e3o<\/p>\n<\/div>\n<\/div>\n<p><span class=\"post-imagem__legenda\">Um dos chal\u00e9s da Pousada Pedras e Sonhos, em Monte Verde<\/span><\/p>\n<\/div>\n<p>As unidades contam com banheiras de hidromassagem e uma bela vista para as montanhas, e possuem um delicioso caf\u00e9 da manh\u00e3 incluso na di\u00e1ria.<\/p>\n<h4>Jardim da Mantiqueira (Monte Verde, MG)<\/h4>\n<p>Outra op\u00e7\u00e3o na regi\u00e3o \u00e9 a <a href=\"http:\/\/www.jardimdamatiqueira.com.br\" target=\"_blank\" rel=\"noopener\">Pousada Jardim da Mantiqueira<\/a>, que fica pertinho do centro, sendo poss\u00edvel chegar \u00e0 avenida principal a p\u00e9, local onde os visitantes podem apreciar a decora\u00e7\u00e3o natalina, al\u00e9m de encontrar uma variedade de lojas e restaurantes.<\/p>\n<div id=\"attachment_2216368\" class=\"wp-caption aligncenter\">\n<div class=\"d-flex justify-content-center\" data-attachment-id=\"2216368\">\n<div class=\"position-relative d-inline-block\"><img src=\"https:\/\/catracalivre.com.br\/viagem-livre\/sao-paulo-minas-nordeste-e-mais-13-hospedagens-para-celebrar-natal-e-reveillon\/Divulga\u00e7\u00e3o\" decoding=\"async\" loading=\"lazy\" class=\"size-large wp-image-2216368\" alt=\"Interior de um dos chal\u00e9s da Pousada Jardim da Mantiqueira\" width=\"910\" height=\"606\" srcset=\"https:\/\/catracalivre.com.br\/wp-content\/uploads\/2022\/06\/pousada-jardim-da-mantiqueira-910x606.jpg 910w, https:\/\/catracalivre.com.br\/wp-content\/uploads\/2022\/06\/pousada-jardim-da-mantiqueira-450x300.jpg 450w, https:\/\/catracalivre.com.br\/wp-content\/uploads\/2022\/06\/pousada-jardim-da-mantiqueira-768x512.jpg 768w\" sizes=\"auto, (max-width: 910px) 100vw, 910px\"\/><\/p>\n<p>Cr\u00e9ditos: Divulga\u00e7\u00e3o<\/p>\n<\/div>\n<\/div>\n<p><span class=\"post-imagem__legenda\">Interior de um dos chal\u00e9s da Pousada Jardim da Mantiqueira<\/span><\/p>\n<\/div>\n<p>A pousada conta com infraestrutura completa em unidades que oferecem privacidade e conforto, um caf\u00e9 da manh\u00e3 de qualidade e atrativos como hidromassagem e um jardim repleto de \u00e1rvores.<\/p>\n<h4>Encontro da Pedra (Monte Verde, MG)<\/h4>\n<p>Com uma atmosfera acolhedora e tranquila, essa pousada oferece um ambiente intimista, sendo ideal para escapar do agito da vida cotidiana e se reconectar com a natureza.<\/p>\n<div id=\"attachment_2312833\" class=\"wp-caption aligncenter\">\n<div class=\"d-flex justify-content-center\" data-attachment-id=\"2312833\">\n<div class=\"position-relative d-inline-block\"><img src=\"https:\/\/catracalivre.com.br\/viagem-livre\/sao-paulo-minas-nordeste-e-mais-13-hospedagens-para-celebrar-natal-e-reveillon\/Divulga\u00e7\u00e3o\" decoding=\"async\" loading=\"lazy\" class=\"size-large wp-image-2312833\" alt=\"Uma das su\u00edtes da Pousada Encontro da Pedra, em Monte Verde (MG)\" width=\"910\" height=\"607\" srcset=\"https:\/\/catracalivre.com.br\/wp-content\/uploads\/2023\/11\/waldir-alta-910x607.jpg 910w, https:\/\/catracalivre.com.br\/wp-content\/uploads\/2023\/11\/waldir-alta-450x300.jpg 450w, https:\/\/catracalivre.com.br\/wp-content\/uploads\/2023\/11\/waldir-alta-768x512.jpg 768w\" sizes=\"auto, (max-width: 910px) 100vw, 910px\"\/><\/p>\n<p>Cr\u00e9ditos: Divulga\u00e7\u00e3o<\/p>\n<\/div>\n<\/div>\n<p><span class=\"post-imagem__legenda\">Uma das su\u00edtes da Pousada Encontro da Pedra, em Monte Verde (MG)<\/span><\/p>\n<\/div>\n<p>S\u00e3o apenas duas su\u00edtes com acomoda\u00e7\u00f5es amplas e confort\u00e1veis. Um caf\u00e9 da manh\u00e3 delicioso, hidromassagem, lareira, rede e jardim tornam a <a href=\"http:\/\/dapedra.tripcombined.com\" target=\"_blank\" rel=\"noopener\">Pousada Encontro da Pedra<\/a> um ambiente relaxante para desfrutar das festividades de Natal e R\u00e9veillon.<\/p>\n<h3>No litoral<\/h3>\n<h4>Summit Beach Hotel Boi\u00e7ucanga (S\u00e3o Sebasti\u00e3o, SP)<\/h4>\n<p>Uma op\u00e7\u00e3o popular nessa \u00e9poca do ano \u00e9 descer para o litoral paulista e apreciar a queima de fogos. S\u00e3o Sebasti\u00e3o \u00e9 conhecido por praias como Maresias, Cambury e Juquehy, que atraem surfistas e amantes do mar.<\/p>\n<div id=\"attachment_2312835\" class=\"wp-caption aligncenter\">\n<div class=\"d-flex justify-content-center\" data-attachment-id=\"2312835\">\n<div class=\"position-relative d-inline-block\"><img src=\"https:\/\/catracalivre.com.br\/viagem-livre\/sao-paulo-minas-nordeste-e-mais-13-hospedagens-para-celebrar-natal-e-reveillon\/Divulga\u00e7\u00e3o\" decoding=\"async\" loading=\"lazy\" class=\"size-large wp-image-2312835\" alt=\"Piscina do Summit Beach Hotel Boi\u00e7ucanga tem vista para o mar\" width=\"910\" height=\"683\" srcset=\"https:\/\/catracalivre.com.br\/wp-content\/uploads\/2023\/11\/summit-beach-hotel-boicucanga-910x683.jpg 910w, https:\/\/catracalivre.com.br\/wp-content\/uploads\/2023\/11\/summit-beach-hotel-boicucanga-450x338.jpg 450w, https:\/\/catracalivre.com.br\/wp-content\/uploads\/2023\/11\/summit-beach-hotel-boicucanga-768x576.jpg 768w\" sizes=\"auto, (max-width: 910px) 100vw, 910px\"\/><\/p>\n<p>Cr\u00e9ditos: Divulga\u00e7\u00e3o<\/p>\n<\/div>\n<\/div>\n<p><span class=\"post-imagem__legenda\">Piscina do Summit Beach Hotel Boi\u00e7ucanga tem vista para o mar<\/span><\/p>\n<\/div>\n<p>Al\u00e9m disso, S\u00e3o Sebasti\u00e3o abriga o Parque Estadual da Serra do Mar, que \u00e9 um para\u00edso para trilhas e ecoturismo.<\/p>\n<p>No <a href=\"http:\/\/www.summithotels.com.br\/summit-beach-hotel-boicucanga\" target=\"_blank\" rel=\"noopener\">Summit Beach Hotel Boi\u00e7ucanga<\/a> \u00e9 poss\u00edvel desfrutar de acomoda\u00e7\u00f5es confort\u00e1veis e piscina, al\u00e9m de um excelente caf\u00e9 da manh\u00e3.<\/p>\n<h4>Summit Pousada Noah (Macei\u00f3, AL)<\/h4>\n<p>Destino queridinho das fam\u00edlias por suas praias paradis\u00edacas, Macei\u00f3 \u00e9 caracterizada por \u00e1guas l\u00edmpidas e areias douradas.\u00a0Praias como Paju\u00e7ara atraem visitantes com sua beleza natural.<\/p>\n<div id=\"attachment_2312836\" class=\"wp-caption aligncenter\">\n<div class=\"d-flex justify-content-center\" data-attachment-id=\"2312836\">\n<div class=\"position-relative d-inline-block\"><img src=\"https:\/\/catracalivre.com.br\/viagem-livre\/sao-paulo-minas-nordeste-e-mais-13-hospedagens-para-celebrar-natal-e-reveillon\/Divulga\u00e7\u00e3o\" decoding=\"async\" loading=\"lazy\" class=\"size-full wp-image-2312836\" alt=\"A Summit Pousada Noah na praia de Paju\u00e7ara\" width=\"669\" height=\"502\" srcset=\"https:\/\/catracalivre.com.br\/wp-content\/uploads\/2023\/11\/noah3.jpg 669w, https:\/\/catracalivre.com.br\/wp-content\/uploads\/2023\/11\/noah3-450x338.jpg 450w\" sizes=\"auto, (max-width: 669px) 100vw, 669px\"\/><\/p>\n<p>Cr\u00e9ditos: Divulga\u00e7\u00e3o<\/p>\n<\/div>\n<\/div>\n<p><span class=\"post-imagem__legenda\">A Summit Pousada Noah na praia de Paju\u00e7ara<\/span><\/p>\n<\/div>\n<p>A cidade tamb\u00e9m se destaca por sua culin\u00e1ria, especialmente os pratos de frutos do mar. Al\u00e9m disso, o clima tropical propicia uma estadia agrad\u00e1vel ao longo de todo o ano e \u00e9 um destino muito desejado nessa \u00e9poca.<\/p>\n<p>O <a href=\"http:\/\/www.summithotels.com.br\/summit-pousada-noah\" target=\"_blank\" rel=\"noopener\">Summit Pousada Noah<\/a> oferece hospedagem com atendimento exclusivo, boa localiza\u00e7\u00e3o, piscina e caf\u00e9 da manh\u00e3 incluso na di\u00e1ria.<\/p>\n<h4>The Westin Porto de Galinhas (Ipojuca, PE)<\/h4>\n<p>Para curtir as festas de fim de ano em um dos destinos mais paradis\u00edacos do pa\u00eds, o <a href=\"http:\/\/www.westinportodegalinhas.com.br\" target=\"_blank\" rel=\"noopener\">The Westin Porto de Galinhas<\/a> oferece servi\u00e7o all-inclusive premium e estrutura completa de n\u00edvel internacional de frente para o mar.<\/p>\n<div id=\"attachment_2270898\" class=\"wp-caption aligncenter\">\n<div class=\"d-flex justify-content-center\" data-attachment-id=\"2270898\">\n<div class=\"position-relative d-inline-block\"><img src=\"https:\/\/catracalivre.com.br\/viagem-livre\/sao-paulo-minas-nordeste-e-mais-13-hospedagens-para-celebrar-natal-e-reveillon\/Divulga\u00e7\u00e3o\" decoding=\"async\" loading=\"lazy\" class=\"size-full wp-image-2270898\" alt=\"Villas do Westin Porto de Galinhas contam com piscinas privativas\" width=\"900\" height=\"600\" srcset=\"https:\/\/catracalivre.com.br\/wp-content\/uploads\/2023\/05\/westin-porto-de-galinhas-vila.jpg 900w, https:\/\/catracalivre.com.br\/wp-content\/uploads\/2023\/05\/westin-porto-de-galinhas-vila-450x300.jpg 450w, https:\/\/catracalivre.com.br\/wp-content\/uploads\/2023\/05\/westin-porto-de-galinhas-vila-768x512.jpg 768w\" sizes=\"auto, (max-width: 900px) 100vw, 900px\"\/><\/p>\n<p>Cr\u00e9ditos: Divulga\u00e7\u00e3o<\/p>\n<\/div>\n<\/div>\n<p><span class=\"post-imagem__legenda\">Villas do Westin Porto de Galinhas contam com piscinas privativas<\/span><\/p>\n<\/div>\n<p>O resort oferece ainda uma experi\u00eancia gastron\u00f4mica sofisticada, com quatro restaurantes tem\u00e1ticos, food truck, bares e caf\u00e9. J\u00e1 as acomoda\u00e7\u00f5es s\u00e3o espa\u00e7osas e aconchegantes, entre su\u00edtes e villas com piscina privativa.<\/p>\n<h4>Praia Bonita Resort (N\u00edsia Floresta, RN)<\/h4>\n<p>O <a href=\"http:\/\/www.praiabonita.com\" target=\"_blank\" rel=\"noopener\">Praia Bonita Resort<\/a> oferece acomoda\u00e7\u00f5es de qualidade, com quartos espa\u00e7osos e bem decorados, proporcionando o m\u00e1ximo de conforto aos seus h\u00f3spedes.<\/p>\n<div id=\"attachment_2293418\" class=\"wp-caption aligncenter\">\n<div class=\"d-flex justify-content-center\" data-attachment-id=\"2293418\">\n<div class=\"position-relative d-inline-block\"><img src=\"https:\/\/catracalivre.com.br\/viagem-livre\/sao-paulo-minas-nordeste-e-mais-13-hospedagens-para-celebrar-natal-e-reveillon\/Denapoly Rodrigues\" decoding=\"async\" loading=\"lazy\" class=\"size-large wp-image-2293418\" alt=\"Lagoa de Arituba, com o mar pertinho\" width=\"910\" height=\"607\" srcset=\"https:\/\/catracalivre.com.br\/wp-content\/uploads\/2023\/08\/resorts-no-nordeste-lagoa-de-arituba-em-nisia-floresta-perto-do-hotel-praia-bonita-resort-foto-denapoly-rodrigues-910x607.jpg 910w, https:\/\/catracalivre.com.br\/wp-content\/uploads\/2023\/08\/resorts-no-nordeste-lagoa-de-arituba-em-nisia-floresta-perto-do-hotel-praia-bonita-resort-foto-denapoly-rodrigues-450x300.jpg 450w, https:\/\/catracalivre.com.br\/wp-content\/uploads\/2023\/08\/resorts-no-nordeste-lagoa-de-arituba-em-nisia-floresta-perto-do-hotel-praia-bonita-resort-foto-denapoly-rodrigues-768x512.jpg 768w\" sizes=\"auto, (max-width: 910px) 100vw, 910px\"\/><\/p>\n<p>Cr\u00e9ditos: Denapoly Rodrigues<\/p>\n<\/div>\n<\/div>\n<p><span class=\"post-imagem__legenda\">Lagoa de Arituba, com o mar pertinho<\/span><\/p>\n<\/div>\n<p>Al\u00e9m disso, o resort conta com uma ampla gama de instala\u00e7\u00f5es e servi\u00e7os, incluindo piscinas refrescantes, \u00e1reas de lazer, academia e spa.<\/p>\n<p>O resort tamb\u00e9m oferece uma excelente cozinha local e internacional em seu restaurante, al\u00e9m de atividades de lazer para entreter os h\u00f3spedes durante a estadia.<\/p>\n<h4>Vila Rica Bel\u00e9m (Bel\u00e9m, PA)<\/h4>\n<p>Com localiza\u00e7\u00e3o privilegiada, no munic\u00edpio \u00e9 poss\u00edvel encontrar praias de \u00e1gua doce e salgada. O <a href=\"http:\/\/www.hoteisvilarica.com.br\" target=\"_blank\" rel=\"noopener\">Hotel Vila Rica Bel\u00e9m<\/a> permite que os h\u00f3spedes explorem facilmente os principais pontos tur\u00edsticos da cidade. Possui 108 quartos espa\u00e7osos e elegantemente decorados.<\/p>\n<div id=\"attachment_2312842\" class=\"wp-caption aligncenter\">\n<div class=\"d-flex justify-content-center\" data-attachment-id=\"2312842\">\n<div class=\"position-relative d-inline-block\"><img src=\"https:\/\/catracalivre.com.br\/viagem-livre\/sao-paulo-minas-nordeste-e-mais-13-hospedagens-para-celebrar-natal-e-reveillon\/Divulga\u00e7\u00e3o\" decoding=\"async\" loading=\"lazy\" class=\"size-full wp-image-2312842\" alt=\"Vila Rica Bel\u00e9m tem localiza\u00e7\u00e3o privilegiada\" width=\"701\" height=\"528\" srcset=\"https:\/\/catracalivre.com.br\/wp-content\/uploads\/2023\/11\/vila-rica-belem-3.jpg 701w, https:\/\/catracalivre.com.br\/wp-content\/uploads\/2023\/11\/vila-rica-belem-3-450x339.jpg 450w\" sizes=\"auto, (max-width: 701px) 100vw, 701px\"\/><\/p>\n<p>Cr\u00e9ditos: Divulga\u00e7\u00e3o<\/p>\n<\/div>\n<\/div>\n<p><span class=\"post-imagem__legenda\">Vila Rica Bel\u00e9m tem localiza\u00e7\u00e3o privilegiada<\/span><\/p>\n<\/div>\n<p>O restaurante do hotel oferece uma deliciosa jornada culin\u00e1ria, apresentando o melhor da gastronomia paraense. Conta ainda com piscina, pista de cooper, quadra de futebol e v\u00f4lei, oferecendo momentos de lazer e tranquilidade ap\u00f3s um dia de passeios e explora\u00e7\u00e3o.<\/p>\n<h3>No interior de SP<\/h3>\n<h4>Vila Rica Campinas (Campinas)<\/h4>\n<p>O <a href=\"http:\/\/www.hoteisvilaricacampinas.com.br\" target=\"_blank\" rel=\"noopener\">Hotel Vila Rica Campinas<\/a> \u00e9 um ref\u00fagio localizado no cora\u00e7\u00e3o da cidade. Possui localiza\u00e7\u00e3o privilegiada, estando rodeado por uma \u00e1rea verde e pr\u00f3ximo a atra\u00e7\u00f5es tur\u00edsticas, shoppings e restaurantes, garantindo conveni\u00eancia e f\u00e1cil acesso a tudo o que a cidade tem a oferecer.<\/p>\n<div id=\"attachment_2312837\" class=\"wp-caption aligncenter\">\n<div class=\"d-flex justify-content-center\" data-attachment-id=\"2312837\">\n<div class=\"position-relative d-inline-block\"><img src=\"https:\/\/catracalivre.com.br\/viagem-livre\/sao-paulo-minas-nordeste-e-mais-13-hospedagens-para-celebrar-natal-e-reveillon\/Divulga\u00e7\u00e3o\" decoding=\"async\" loading=\"lazy\" class=\"size-full wp-image-2312837\" alt=\"Piscina do hotel Vila Rica Campinas, no interior de SP\" width=\"796\" height=\"531\" srcset=\"https:\/\/catracalivre.com.br\/wp-content\/uploads\/2023\/11\/piscina.jpg 796w, https:\/\/catracalivre.com.br\/wp-content\/uploads\/2023\/11\/piscina-450x300.jpg 450w, https:\/\/catracalivre.com.br\/wp-content\/uploads\/2023\/11\/piscina-768x512.jpg 768w\" sizes=\"auto, (max-width: 796px) 100vw, 796px\"\/><\/p>\n<p>Cr\u00e9ditos: Divulga\u00e7\u00e3o<\/p>\n<\/div>\n<\/div>\n<p><span class=\"post-imagem__legenda\">Piscina do hotel Vila Rica Campinas, no interior de SP<\/span><\/p>\n<\/div>\n<p>O hotel oferece instala\u00e7\u00f5es modernas, incluindo piscina, academia, espa\u00e7os para eventos, al\u00e9m de oferecer um delicioso caf\u00e9 da manh\u00e3 (incluso na di\u00e1ria) e demais refei\u00e7\u00f5es com um custo acess\u00edvel.<\/p>\n<h4>Vale das \u00c1guas Fazenda Resort (\u00c1guas de Santa B\u00e1rbara)<\/h4>\n<p>Para quem busca uma maneira especial de dar as boas-vindas ao Ano Novo, o <a href=\"http:\/\/www.hotelvaledasaguas.com.br\" target=\"_blank\" rel=\"noopener\">Vale das \u00c1guas Fazenda Resort<\/a> \u00e9 a escolha ideal.<\/p>\n<div id=\"attachment_2312838\" class=\"wp-caption aligncenter\">\n<div class=\"d-flex justify-content-center\" data-attachment-id=\"2312838\">\n<div class=\"position-relative d-inline-block\"><img src=\"https:\/\/catracalivre.com.br\/viagem-livre\/sao-paulo-minas-nordeste-e-mais-13-hospedagens-para-celebrar-natal-e-reveillon\/Divulga\u00e7\u00e3o\" decoding=\"async\" loading=\"lazy\" class=\"size-large wp-image-2312838\" alt=\"Vale das \u00c1guas \u00e9 um o\u00e1sis de serenidade em meio \u00e0 natureza\" width=\"910\" height=\"607\" srcset=\"https:\/\/catracalivre.com.br\/wp-content\/uploads\/2023\/11\/img-6734-910x607.jpg 910w, https:\/\/catracalivre.com.br\/wp-content\/uploads\/2023\/11\/img-6734-450x300.jpg 450w, https:\/\/catracalivre.com.br\/wp-content\/uploads\/2023\/11\/img-6734-768x512.jpg 768w\" sizes=\"auto, (max-width: 910px) 100vw, 910px\"\/><\/p>\n<p>Cr\u00e9ditos: Divulga\u00e7\u00e3o<\/p>\n<\/div>\n<\/div>\n<p><span class=\"post-imagem__legenda\">Vale das \u00c1guas \u00e9 um o\u00e1sis de serenidade em meio \u00e0 natureza<\/span><\/p>\n<\/div>\n<p>Localizado a 300 km da capital paulista, o resort \u00e9 um o\u00e1sis de serenidade em meio \u00e0 natureza. As op\u00e7\u00f5es de lazer incluem um bar molhado, quadra de beach tennis, tirolesa e mini golfe.<\/p>\n<p>E para as fam\u00edlias que viajam com crian\u00e7as, o resort oferece uma equipe de recrea\u00e7\u00e3o especializada, com atividades planejadas para atender a todas as idades como hidrogin\u00e1stica, jogos, gincanas, trilhas emocionantes e passeios de trenzinho para cachoeiras.<\/p>\n<h3>Na capital paulista<\/h3>\n<h4>WZ Hotel Jardins<\/h4>\n<p>A poucos passos do <a href=\"http:\/\/www.wzhoteljardins.com.br\" target=\"_blank\" rel=\"noopener\">WZ Hotel Jardins<\/a>, por exemplo, a famosa Rua Oscar Freire \u00e9 o endere\u00e7o de lojas de renomadas grifes nacionais e internacionais. Por esse e outros motivos, o hotel est\u00e1 em um dos melhores endere\u00e7os da capital paulista, a cerca de 100 metros do metr\u00f4.<\/p>\n<div id=\"attachment_2312839\" class=\"wp-caption aligncenter\">\n<div class=\"d-flex justify-content-center\" data-attachment-id=\"2312839\">\n<div class=\"position-relative d-inline-block\"><img src=\"https:\/\/catracalivre.com.br\/viagem-livre\/sao-paulo-minas-nordeste-e-mais-13-hospedagens-para-celebrar-natal-e-reveillon\/Divulga\u00e7\u00e3o\" decoding=\"async\" loading=\"lazy\" class=\"wp-image-2312839 size-large\" alt=\"O WZ Hotel Jardins \u00e9 ideal para quem pretende passar o R\u00e9veillon na capital paulista\" width=\"910\" height=\"683\" srcset=\"https:\/\/catracalivre.com.br\/wp-content\/uploads\/2023\/11\/wz-hotel-jardins-foto-por-divulgacao-910x683.jpg 910w, https:\/\/catracalivre.com.br\/wp-content\/uploads\/2023\/11\/wz-hotel-jardins-foto-por-divulgacao-450x338.jpg 450w, https:\/\/catracalivre.com.br\/wp-content\/uploads\/2023\/11\/wz-hotel-jardins-foto-por-divulgacao-768x576.jpg 768w\" sizes=\"auto, (max-width: 910px) 100vw, 910px\"\/><\/p>\n<p>Cr\u00e9ditos: Divulga\u00e7\u00e3o<\/p>\n<\/div>\n<\/div>\n<p><span class=\"post-imagem__legenda\">O WZ Hotel Jardins \u00e9 ideal para quem pretende passar o R\u00e9veillon na capital paulista<\/span><\/p>\n<\/div>\n<p>O WZ Hotel Jardins conta com quartos bem equipados e um caf\u00e9 da manh\u00e3 que acumula elogios dos h\u00f3spedes. Sua estrutura privilegia o design e os cen\u00e1rios instagram\u00e1veis, tanto nos espa\u00e7os internos quanto na ic\u00f4nica fachada que se ilumina \u00e0 noite.<\/p>\n<h4>Nikkey Palace Hotel<\/h4>\n<p>Para quem busca uma experi\u00eancia aut\u00eantica e imersiva, o bairro da Liberdade \u00e9 a escolha ideal, repleto de cultura, culin\u00e1ria diversificada e tradi\u00e7\u00f5es \u00fanicas. Nesse contexto, o <a href=\"http:\/\/www.nikkeyhotel.com.br\" target=\"_blank\" rel=\"noopener\">Nikkey Palace Hotel<\/a> se destaca como uma op\u00e7\u00e3o de hospedagem.<\/p>\n<div id=\"attachment_2262679\" class=\"wp-caption aligncenter\">\n<div class=\"d-flex justify-content-center\" data-attachment-id=\"2262679\">\n<div class=\"position-relative d-inline-block\"><img src=\"https:\/\/catracalivre.com.br\/viagem-livre\/sao-paulo-minas-nordeste-e-mais-13-hospedagens-para-celebrar-natal-e-reveillon\/Divulga\u00e7\u00e3o\" decoding=\"async\" loading=\"lazy\" class=\"wp-image-2262679 size-large\" alt=\"O Nikkey Palace Hotel fica no cora\u00e7\u00e3o do bairro da Liberdade\" width=\"910\" height=\"604\" srcset=\"https:\/\/catracalivre.com.br\/wp-content\/uploads\/2023\/03\/nikkey-palace-hotel-910x604.jpg 910w, https:\/\/catracalivre.com.br\/wp-content\/uploads\/2023\/03\/nikkey-palace-hotel-450x299.jpg 450w, https:\/\/catracalivre.com.br\/wp-content\/uploads\/2023\/03\/nikkey-palace-hotel-768x510.jpg 768w\" sizes=\"auto, (max-width: 910px) 100vw, 910px\"\/><\/p>\n<p>Cr\u00e9ditos: Divulga\u00e7\u00e3o<\/p>\n<\/div>\n<\/div>\n<p><span class=\"post-imagem__legenda\">O Nikkey Palace Hotel fica no cora\u00e7\u00e3o do bairro da Liberdade<\/span><\/p>\n<\/div>\n<p>Localizado na rua Galv\u00e3o Bueno, o hotel oferece f\u00e1cil acesso ao metr\u00f4 e conta com 99 quartos cuidadosamente decorados divididos em\u00a0 tr\u00eas categorias, sendo que algumas unidades ainda contam com ofur\u00f4 ou banheira. O espa\u00e7o conta ainda com restaurante de culin\u00e1ria oriental e brasileira, spa urbano, sal\u00e3o de beleza, karaok\u00ea e caf\u00e9.<\/p>\n<\/div>\n<p><script>\n\t\t! function(f, b, e, v, n, t, s) {\n\t\t\tif (f.fbq) return;\n\t\t\tn = f.fbq = function() {\n\t\t\t\tn.callMethod ?\n\t\t\t\t\tn.callMethod.apply(n, arguments) : n.queue.push(arguments)\n\t\t\t};\n\t\t\tif (!f._fbq) f._fbq = n;\n\t\t\tn.push = n;\n\t\t\tn.loaded = !0;\n\t\t\tn.version = '2.0';\n\t\t\tn.queue = [];\n\t\t\tt = b.createElement(e);\n\t\t\tt.async = !0;\n\t\t\tt.src = v;\n\t\t\ts = b.getElementsByTagName(e)[0];\n\t\t\ts.parentNode.insertBefore(t, s)\n\t\t}(window, document, 'script',\n\t\t\t'https:\/\/connect.facebook.net\/en_US\/fbevents.js');\n\t\tfbq('init', '338315473262380');\n\t\tfbq('track', 'PageView');\n\t<\/script><br \/>\n<br \/><br \/>\n<br \/><a href=\"https:\/\/catracalivre.com.br\/viagem-livre\/sao-paulo-minas-nordeste-e-mais-13-hospedagens-para-celebrar-natal-e-reveillon\/\">Source link <\/a><\/p>\n<!-- CONTENT END 1 -->\n","protected":false},"excerpt":{"rendered":"<p>Faltam pouco mais de um m\u00eas para o Natal e R\u00e9veillon e j\u00e1 \u00e9 hora de se planejar para as festividades de final de ano&#8230;.<\/p>\n","protected":false},"author":1,"featured_media":4706,"comment_status":"open","ping_status":"open","sticky":false,"template":"","format":"standard","meta":{"advanced_seo_description":"","jetpack_seo_html_title":"","jetpack_seo_noindex":false,"jetpack_post_was_ever_published":false,"_jetpack_newsletter_access":"","_jetpack_dont_email_post_to_subs":false,"_jetpack_newsletter_tier_id":0,"_jetpack_memberships_contains_paywalled_content":false,"_jetpack_memberships_contains_paid_content":false,"footnotes":"","jetpack_publicize_message":"","jetpack_publicize_feature_enabled":true,"jetpack_social_post_already_shared":true,"jetpack_social_options":{"image_generator_settings":{"template":"highway","default_image_id":0,"font":"","enabled":false},"version":2}},"categories":[19],"tags":[],"class_list":["post-4705","post","type-post","status-publish","format-standard","has-post-thumbnail","hentry","category-variedades"],"jetpack_publicize_connections":[],"jetpack_featured_media_url":"https:\/\/i0.wp.com\/noticiasribeiraopreto.com.br\/wp-content\/uploads\/2023\/11\/praia-bonita-resort.jpg?fit=1200%2C638&ssl=1","jetpack-related-posts":[{"id":22491,"url":"https:\/\/noticiasribeiraopreto.com.br\/index.php\/2023\/12\/29\/qual-a-origem-da-palavra-reveillon-meu-valor-digital\/","url_meta":{"origin":4705,"position":0},"title":"Qual a origem da palavra R\u00e9veillon? &#8211; Meu Valor Digital","author":"noticiasribeiraopreto.com.br","date":"29 de December de 2023","format":false,"excerpt":"Fogos, festas, divers\u00e3o, todos se abra\u00e7ando e recebendo o novo ano que est\u00e1 chegando. S\u00e3o as comemora\u00e7\u00f5es do R\u00e9veillon! Mas voc\u00ea sabe qual a origem da palavra r\u00e9veillon? A palavra \u00e9 origin\u00e1ria do idioma franc\u00eas, derivada do verbo \u201cr\u00e9veiller\u201d, que significa \u201cacordar\u201d ou \u201creanimar\u201d (em sentido figurado). Por isso, a\u2026","rel":"","context":"In &quot;Vagas de Emprego em Ribeir\u00e3o Preto-SP&quot;","block_context":{"text":"Vagas de Emprego em Ribeir\u00e3o Preto-SP","link":"https:\/\/noticiasribeiraopreto.com.br\/index.php\/category\/empregos-classificados-vagas-trabalho\/vagas-de-empregos-em-ribeirao-preto-regiao-brasil\/"},"img":{"alt_text":"","src":"https:\/\/i0.wp.com\/noticiasribeiraopreto.com.br\/wp-content\/uploads\/2023\/12\/Reveillon.jpg?fit=1200%2C800&ssl=1&resize=350%2C200","width":350,"height":200,"srcset":"https:\/\/i0.wp.com\/noticiasribeiraopreto.com.br\/wp-content\/uploads\/2023\/12\/Reveillon.jpg?fit=1200%2C800&ssl=1&resize=350%2C200 1x, https:\/\/i0.wp.com\/noticiasribeiraopreto.com.br\/wp-content\/uploads\/2023\/12\/Reveillon.jpg?fit=1200%2C800&ssl=1&resize=525%2C300 1.5x, https:\/\/i0.wp.com\/noticiasribeiraopreto.com.br\/wp-content\/uploads\/2023\/12\/Reveillon.jpg?fit=1200%2C800&ssl=1&resize=700%2C400 2x, https:\/\/i0.wp.com\/noticiasribeiraopreto.com.br\/wp-content\/uploads\/2023\/12\/Reveillon.jpg?fit=1200%2C800&ssl=1&resize=1050%2C600 3x"},"classes":[]},{"id":22782,"url":"https:\/\/noticiasribeiraopreto.com.br\/index.php\/2023\/12\/31\/os-10-shows-de-fogos-mais-incriveis-do-reveillon\/","url_meta":{"origin":4705,"position":1},"title":"Os 10 shows de fogos mais incr\u00edveis do R\u00e9veillon","author":"noticiasribeiraopreto.com.br","date":"31 de December de 2023","format":false,"excerpt":"Faltam poucos dias para o R\u00e9veillon, e pa\u00edses do mundo todo est\u00e3o se preparando para receber 2024 em grande estilo. As tradi\u00e7\u00f5es e simpatias mudam de pessoa para pessoa: tem gente que leva a s\u00e9rio a cor da roupa \u00edntima usada no R\u00e9veillon, tem quem guarde sementes de rom\u00e3 na\u2026","rel":"","context":"In &quot;Variedades&quot;","block_context":{"text":"Variedades","link":"https:\/\/noticiasribeiraopreto.com.br\/index.php\/category\/variedades\/"},"img":{"alt_text":"","src":"https:\/\/i0.wp.com\/noticiasribeiraopreto.com.br\/wp-content\/uploads\/2023\/12\/unnamed-5-1.jpg?fit=1200%2C638&ssl=1&resize=350%2C200","width":350,"height":200,"srcset":"https:\/\/i0.wp.com\/noticiasribeiraopreto.com.br\/wp-content\/uploads\/2023\/12\/unnamed-5-1.jpg?fit=1200%2C638&ssl=1&resize=350%2C200 1x, https:\/\/i0.wp.com\/noticiasribeiraopreto.com.br\/wp-content\/uploads\/2023\/12\/unnamed-5-1.jpg?fit=1200%2C638&ssl=1&resize=525%2C300 1.5x, https:\/\/i0.wp.com\/noticiasribeiraopreto.com.br\/wp-content\/uploads\/2023\/12\/unnamed-5-1.jpg?fit=1200%2C638&ssl=1&resize=700%2C400 2x, https:\/\/i0.wp.com\/noticiasribeiraopreto.com.br\/wp-content\/uploads\/2023\/12\/unnamed-5-1.jpg?fit=1200%2C638&ssl=1&resize=1050%2C600 3x"},"classes":[]},{"id":13713,"url":"https:\/\/noticiasribeiraopreto.com.br\/index.php\/2023\/12\/11\/prio-prio3-anuncia-distribuicao-de-dividendos-para-o-natal-saiba-como-receber\/","url_meta":{"origin":4705,"position":2},"title":"Prio (PRIO3) anuncia distribui\u00e7\u00e3o de dividendos para o Natal: saiba como receber","author":"noticiasribeiraopreto.com.br","date":"11 de December de 2023","format":false,"excerpt":"A Prio\u00a0(PRIO3) \u00e9 mais uma empresa a distribuir presente de Natal aos acionistas. A companhia anunciou que pagar\u00e1 dividendos intermedi\u00e1rios de R$ 60,6 \u2013 Todos os direitos: MoneyTimes Prio engrossa a lista de empresas que v\u00e3o pagar dividendos aos acionistas antes do Natal. A companhia anunciou que distribuir\u00e1 um total\u2026","rel":"","context":"In &quot;Vagas de Emprego em Ribeir\u00e3o Preto-SP&quot;","block_context":{"text":"Vagas de Emprego em Ribeir\u00e3o Preto-SP","link":"https:\/\/noticiasribeiraopreto.com.br\/index.php\/category\/empregos-classificados-vagas-trabalho\/vagas-de-empregos-em-ribeirao-preto-regiao-brasil\/"},"img":{"alt_text":"","src":"https:\/\/i0.wp.com\/noticiasribeiraopreto.com.br\/wp-content\/uploads\/2023\/12\/prio-prio3-anuncia-distribuicao-de-dividendos-para-o-natal-saiba-como-receber-830x450.jpg?fit=830%2C450&ssl=1&resize=350%2C200","width":350,"height":200,"srcset":"https:\/\/i0.wp.com\/noticiasribeiraopreto.com.br\/wp-content\/uploads\/2023\/12\/prio-prio3-anuncia-distribuicao-de-dividendos-para-o-natal-saiba-como-receber-830x450.jpg?fit=830%2C450&ssl=1&resize=350%2C200 1x, https:\/\/i0.wp.com\/noticiasribeiraopreto.com.br\/wp-content\/uploads\/2023\/12\/prio-prio3-anuncia-distribuicao-de-dividendos-para-o-natal-saiba-como-receber-830x450.jpg?fit=830%2C450&ssl=1&resize=525%2C300 1.5x, https:\/\/i0.wp.com\/noticiasribeiraopreto.com.br\/wp-content\/uploads\/2023\/12\/prio-prio3-anuncia-distribuicao-de-dividendos-para-o-natal-saiba-como-receber-830x450.jpg?fit=830%2C450&ssl=1&resize=700%2C400 2x"},"classes":[]},{"id":12488,"url":"https:\/\/noticiasribeiraopreto.com.br\/index.php\/2023\/12\/08\/10-cores-para-usar-no-ano-novo-e-seus-significados-meu-valor-digital\/","url_meta":{"origin":4705,"position":3},"title":"10 cores para usar no ano novo e seus significados &#8211; Meu Valor Digital","author":"noticiasribeiraopreto.com.br","date":"8 de December de 2023","format":false,"excerpt":"Dezembro chegou e \u00e9 hora de nos prepararmos para uma das festas mais emblem\u00e1ticas e esperadas em todo o mundo: o R\u00e9veillon. Enquanto nos despedimos do ano que passou, saudamos o pr\u00f3ximo com entusiasmo, esperan\u00e7a e alegria. Uma das tradi\u00e7\u00f5es mais cativantes deste momento especial \u00e9 a escolha das cores\u2026","rel":"","context":"In &quot;Vagas de Emprego em Ribeir\u00e3o Preto-SP&quot;","block_context":{"text":"Vagas de Emprego em Ribeir\u00e3o Preto-SP","link":"https:\/\/noticiasribeiraopreto.com.br\/index.php\/category\/empregos-classificados-vagas-trabalho\/vagas-de-empregos-em-ribeirao-preto-regiao-brasil\/"},"img":{"alt_text":"","src":"https:\/\/i0.wp.com\/noticiasribeiraopreto.com.br\/wp-content\/uploads\/2023\/12\/1-Ano-Novo.jpg?fit=1200%2C773&ssl=1&resize=350%2C200","width":350,"height":200,"srcset":"https:\/\/i0.wp.com\/noticiasribeiraopreto.com.br\/wp-content\/uploads\/2023\/12\/1-Ano-Novo.jpg?fit=1200%2C773&ssl=1&resize=350%2C200 1x, https:\/\/i0.wp.com\/noticiasribeiraopreto.com.br\/wp-content\/uploads\/2023\/12\/1-Ano-Novo.jpg?fit=1200%2C773&ssl=1&resize=525%2C300 1.5x, https:\/\/i0.wp.com\/noticiasribeiraopreto.com.br\/wp-content\/uploads\/2023\/12\/1-Ano-Novo.jpg?fit=1200%2C773&ssl=1&resize=700%2C400 2x, https:\/\/i0.wp.com\/noticiasribeiraopreto.com.br\/wp-content\/uploads\/2023\/12\/1-Ano-Novo.jpg?fit=1200%2C773&ssl=1&resize=1050%2C600 3x"},"classes":[]},{"id":60779,"url":"https:\/\/noticiasribeiraopreto.com.br\/index.php\/2024\/11\/25\/saiba-quando-comeca-o-horario-especial-de-natal-no-comercio-e-shoppings-de-ribeirao\/","url_meta":{"origin":4705,"position":4},"title":"Saiba quando come\u00e7a o hor\u00e1rio especial de Natal no com\u00e9rcio e shoppings de Ribeir\u00e3o","author":"noticiasribeiraopreto.com.br","date":"25 de November de 2024","format":false,"excerpt":"O hor\u00e1rio especial de funcionamento do com\u00e9rcio de Ribeir\u00e3o Preto para o Natal ser\u00e1 iniciado no pr\u00f3ximo domingo, 1\u00ba de dezembro. A informa\u00e7\u00e3o foi confirmada pela Acirp (Associa\u00e7\u00e3o Comercial e Industrial de Ribeir\u00e3o Preto), em an\u00fancio feito nesta segunda-feira (25). A partir de domingo, os com\u00e9rcios poder\u00e3o operar at\u00e9 as\u2026","rel":"","context":"In &quot;Not\u00edcias de Ribeir\u00e3o Preto-SP e Regi\u00e3o&quot;","block_context":{"text":"Not\u00edcias de Ribeir\u00e3o Preto-SP e Regi\u00e3o","link":"https:\/\/noticiasribeiraopreto.com.br\/index.php\/category\/noticias-de-ribeirao-preto-sp-e-regiao-ismael-colosi\/"},"img":{"alt_text":"","src":"https:\/\/i0.wp.com\/noticiasribeiraopreto.com.br\/wp-content\/uploads\/2024\/11\/horario-especial-de-natal_2024-11-25_18-34-38_jpeg_2024-11-25_18-34-38.webp.webp?fit=1024%2C639&ssl=1&resize=350%2C200","width":350,"height":200,"srcset":"https:\/\/i0.wp.com\/noticiasribeiraopreto.com.br\/wp-content\/uploads\/2024\/11\/horario-especial-de-natal_2024-11-25_18-34-38_jpeg_2024-11-25_18-34-38.webp.webp?fit=1024%2C639&ssl=1&resize=350%2C200 1x, https:\/\/i0.wp.com\/noticiasribeiraopreto.com.br\/wp-content\/uploads\/2024\/11\/horario-especial-de-natal_2024-11-25_18-34-38_jpeg_2024-11-25_18-34-38.webp.webp?fit=1024%2C639&ssl=1&resize=525%2C300 1.5x, https:\/\/i0.wp.com\/noticiasribeiraopreto.com.br\/wp-content\/uploads\/2024\/11\/horario-especial-de-natal_2024-11-25_18-34-38_jpeg_2024-11-25_18-34-38.webp.webp?fit=1024%2C639&ssl=1&resize=700%2C400 2x"},"classes":[]},{"id":20313,"url":"https:\/\/noticiasribeiraopreto.com.br\/index.php\/2023\/12\/24\/mensagens-de-natal-para-voce-compartilhar-com-seus-amigos-e-amores\/","url_meta":{"origin":4705,"position":5},"title":"Mensagens de Natal para voc\u00ea compartilhar com seus amigos e amores!","author":"noticiasribeiraopreto.com.br","date":"24 de December de 2023","format":false,"excerpt":"O Natal \u00e9 um tempo de celebra\u00e7\u00e3o, gratid\u00e3o e amor. Aqui est\u00e3o algumas mensagens natalinas que voc\u00ea pode compartilhar com seus amigos e entes queridos para expressar seus sentimentos de carinho e uni\u00e3o durante este per\u00edodo festivo. Esp\u00edrito Natalino e Esperan\u00e7a A Magia do Natal Neste per\u00edodo encantador do ano,\u2026","rel":"","context":"In &quot;Vagas de Emprego em Ribeir\u00e3o Preto-SP&quot;","block_context":{"text":"Vagas de Emprego em Ribeir\u00e3o Preto-SP","link":"https:\/\/noticiasribeiraopreto.com.br\/index.php\/category\/empregos-classificados-vagas-trabalho\/vagas-de-empregos-em-ribeirao-preto-regiao-brasil\/"},"img":{"alt_text":"","src":"","width":0,"height":0},"classes":[]}],"jetpack_sharing_enabled":true,"jetpack_shortlink":"https:\/\/wp.me\/peQAOb-1dT","_links":{"self":[{"href":"https:\/\/noticiasribeiraopreto.com.br\/index.php\/wp-json\/wp\/v2\/posts\/4705","targetHints":{"allow":["GET"]}}],"collection":[{"href":"https:\/\/noticiasribeiraopreto.com.br\/index.php\/wp-json\/wp\/v2\/posts"}],"about":[{"href":"https:\/\/noticiasribeiraopreto.com.br\/index.php\/wp-json\/wp\/v2\/types\/post"}],"author":[{"embeddable":true,"href":"https:\/\/noticiasribeiraopreto.com.br\/index.php\/wp-json\/wp\/v2\/users\/1"}],"replies":[{"embeddable":true,"href":"https:\/\/noticiasribeiraopreto.com.br\/index.php\/wp-json\/wp\/v2\/comments?post=4705"}],"version-history":[{"count":0,"href":"https:\/\/noticiasribeiraopreto.com.br\/index.php\/wp-json\/wp\/v2\/posts\/4705\/revisions"}],"wp:featuredmedia":[{"embeddable":true,"href":"https:\/\/noticiasribeiraopreto.com.br\/index.php\/wp-json\/wp\/v2\/media\/4706"}],"wp:attachment":[{"href":"https:\/\/noticiasribeiraopreto.com.br\/index.php\/wp-json\/wp\/v2\/media?parent=4705"}],"wp:term":[{"taxonomy":"category","embeddable":true,"href":"https:\/\/noticiasribeiraopreto.com.br\/index.php\/wp-json\/wp\/v2\/categories?post=4705"},{"taxonomy":"post_tag","embeddable":true,"href":"https:\/\/noticiasribeiraopreto.com.br\/index.php\/wp-json\/wp\/v2\/tags?post=4705"}],"curies":[{"name":"wp","href":"https:\/\/api.w.org\/{rel}","templated":true}]}}