{"id":47072,"date":"2024-04-19T15:42:23","date_gmt":"2024-04-19T18:42:23","guid":{"rendered":"https:\/\/noticiasribeiraopreto.com.br\/index.php\/2024\/04\/19\/vaga-para-consultor-de-vendas-em-ribeirao-pretoha-43-minutos\/"},"modified":"2024-04-19T15:42:23","modified_gmt":"2024-04-19T18:42:23","slug":"vaga-para-consultor-de-vendas-em-ribeirao-pretoha-43-minutos","status":"publish","type":"post","link":"https:\/\/noticiasribeiraopreto.com.br\/index.php\/2024\/04\/19\/vaga-para-consultor-de-vendas-em-ribeirao-pretoha-43-minutos\/","title":{"rendered":"Vaga para Consultor de Vendas em Ribeir\u00e3o Pretoh\u00e1 43 minutos"},"content":{"rendered":"<div class=\"box\"><span class=\"marker\"><\/span><a href=\"https:\/\/eventosrh.selecty.com.br\/vaga\/1966\/vaga-para-servicos-gerais-i-em-monte-alto-sp\"><span>Vaga para <strong>Servi\u00e7os Gerais I<\/strong> em Monte Alto &#8211; SP<\/span><\/a><\/div>\n<div class=\"box\"><span class=\"marker\"><\/span><a href=\"https:\/\/eventosrh.selecty.com.br\/vaga\/1964\/vaga-para-tecnico-de-controle-de-acesso-e-cftv-em-ribeirao-preto\"><span>Vaga para <strong>T\u00e9cnico de Controle de Acesso e CFTV<\/strong> em Ribeir\u00e3o Preto<\/span><small title=\"19\/04\/2024 15:29:27\">h\u00e1 12 minutos<\/small><\/a><\/div>\n<div class=\"box\"><span class=\"marker\"><\/span><a href=\"https:\/\/eventosrh.selecty.com.br\/vaga\/1963\/vaga-para-consultor-de-vendas-em-ribeirao-preto\"><span>Vaga para <strong>Consultor de Vendas<\/strong> em Ribeir\u00e3o Preto<\/span><small title=\"19\/04\/2024 14:58:36\">h\u00e1 43 minutos<\/small><\/a><\/div>\n<div class=\"box\"><span class=\"marker\"><\/span><a href=\"https:\/\/eventosrh.selecty.com.br\/vaga\/1965\/vaga-para-preparador-e-operador-de-torno-cnc-em-monte-alto-sp\"><span>1 vaga para <strong>Preparador e Operador de Torno CNC<\/strong> em Monte Alto &#8211; SP<\/span><small title=\"19\/04\/2024 14:44:21\">h\u00e1 58 minutos<\/small><\/a><\/div>\n<div class=\"box\"><span class=\"marker\"><\/span><a href=\"https:\/\/eventosrh.selecty.com.br\/vaga\/1962\/vaga-para-assistente-de-departamento-pessoal-em-ribeirao-preto\"><span>Vaga para <strong>Assistente de Departamento Pessoal<\/strong> em Ribeir\u00e3o Preto<\/span><\/a><\/div>\n<div class=\"box\"><span class=\"marker\"><\/span><a href=\"https:\/\/eventosrh.selecty.com.br\/vaga\/1961\/vaga-para-assistente-de-departamento-financeiro\"><span>Vaga para <strong>Assistente de Departamento Financeiro<\/strong><\/span><\/a><\/div>\n<div class=\"box\"><span class=\"marker\"><\/span><a href=\"https:\/\/eventosrh.selecty.com.br\/vaga\/1944\/vaga-para-assistente-contabil-em-ribeirao-preto-sp\"><span>Vaga para <strong>Assistente Cont\u00e1bil<\/strong> em Ribeir\u00e3o Preto &#8211; SP<\/span><\/a><\/div>\n<!-- CONTENT END 1 -->\n","protected":false},"excerpt":{"rendered":"<p>Vaga para Servi\u00e7os Gerais I em Monte Alto &#8211; SP Vaga para T\u00e9cnico de Controle de Acesso e CFTV em Ribeir\u00e3o Pretoh\u00e1 12 minutos Vaga&#8230;<\/p>\n","protected":false},"author":1,"featured_media":47073,"comment_status":"open","ping_status":"open","sticky":false,"template":"","format":"standard","meta":{"advanced_seo_description":"","jetpack_seo_html_title":"","jetpack_seo_noindex":false,"jetpack_post_was_ever_published":false,"_jetpack_newsletter_access":"","_jetpack_dont_email_post_to_subs":false,"_jetpack_newsletter_tier_id":0,"_jetpack_memberships_contains_paywalled_content":false,"_jetpack_memberships_contains_paid_content":false,"footnotes":"","jetpack_publicize_message":"","jetpack_publicize_feature_enabled":true,"jetpack_social_post_already_shared":true,"jetpack_social_options":{"image_generator_settings":{"template":"highway","default_image_id":0,"font":"","enabled":false},"version":2}},"categories":[7],"tags":[],"class_list":["post-47072","post","type-post","status-publish","format-standard","has-post-thumbnail","hentry","category-vagas-de-empregos-em-ribeirao-preto-regiao-brasil"],"jetpack_publicize_connections":[],"jetpack_featured_media_url":"https:\/\/i0.wp.com\/noticiasribeiraopreto.com.br\/wp-content\/uploads\/2024\/04\/262405452_1215486242308722_2311190604738008998_n.jpg?fit=554%2C454&ssl=1","jetpack-related-posts":[{"id":47074,"url":"https:\/\/noticiasribeiraopreto.com.br\/index.php\/2024\/04\/19\/vaga-para-tecnico-de-controle-de-acesso-e-cftv-em-ribeirao-pretoha-13-minutos\/","url_meta":{"origin":47072,"position":0},"title":"Vaga para T\u00e9cnico de Controle de Acesso e CFTV em Ribeir\u00e3o Pretoh\u00e1 13 minutos","author":"noticiasribeiraopreto.com.br","date":"19 de April de 2024","format":false,"excerpt":"Vaga para Servi\u00e7os Gerais I em Monte Alto - SP Vaga para T\u00e9cnico de Controle de Acesso e CFTV em Ribeir\u00e3o Pretoh\u00e1 13 minutos Vaga para Consultor de Vendas em Ribeir\u00e3o Pretoh\u00e1 44 minutos 1 vaga para Preparador e Operador de Torno CNC em Monte Alto - SPh\u00e1 58 minutos\u2026","rel":"","context":"In &quot;Vagas de Emprego em Ribeir\u00e3o Preto-SP&quot;","block_context":{"text":"Vagas de Emprego em Ribeir\u00e3o Preto-SP","link":"https:\/\/noticiasribeiraopreto.com.br\/index.php\/category\/empregos-classificados-vagas-trabalho\/vagas-de-empregos-em-ribeirao-preto-regiao-brasil\/"},"img":{"alt_text":"","src":"","width":0,"height":0},"classes":[]},{"id":14850,"url":"https:\/\/noticiasribeiraopreto.com.br\/index.php\/2023\/12\/12\/vaga-para-auxiliar-administrativo-de-logistica-em-ribeirao-pretoha-22-minutos\/","url_meta":{"origin":47072,"position":1},"title":"Vaga para Auxiliar Administrativo de Log\u00edstica em Ribeir\u00e3o Pretoh\u00e1 22 minutos","author":"noticiasribeiraopreto.com.br","date":"12 de December de 2023","format":false,"excerpt":"Vaga para Auxiliar Administrativo de Log\u00edstica em Ribeir\u00e3o Pretoh\u00e1 22 minutos Vaga para Analista de Garantia da Qualidade Jr. em Ribeir\u00e3o Preto - SP Vaga para T\u00e9cnico em Equipamento Eletr\u00f4nico em Ribeir\u00e3o Preto 1 vaga para Auxiliar de Refrigera\u00e7\u00e3o em Andradina - SPh\u00e1 5 dias 1 vaga para T\u00e9cnico de\u2026","rel":"","context":"In &quot;Vagas de Emprego em Ribeir\u00e3o Preto-SP&quot;","block_context":{"text":"Vagas de Emprego em Ribeir\u00e3o Preto-SP","link":"https:\/\/noticiasribeiraopreto.com.br\/index.php\/category\/empregos-classificados-vagas-trabalho\/vagas-de-empregos-em-ribeirao-preto-regiao-brasil\/"},"img":{"alt_text":"","src":"https:\/\/i0.wp.com\/noticiasribeiraopreto.com.br\/wp-content\/uploads\/2023\/12\/1702407928_8228989.jpg?fit=1200%2C675&ssl=1&resize=350%2C200","width":350,"height":200,"srcset":"https:\/\/i0.wp.com\/noticiasribeiraopreto.com.br\/wp-content\/uploads\/2023\/12\/1702407928_8228989.jpg?fit=1200%2C675&ssl=1&resize=350%2C200 1x, https:\/\/i0.wp.com\/noticiasribeiraopreto.com.br\/wp-content\/uploads\/2023\/12\/1702407928_8228989.jpg?fit=1200%2C675&ssl=1&resize=525%2C300 1.5x, https:\/\/i0.wp.com\/noticiasribeiraopreto.com.br\/wp-content\/uploads\/2023\/12\/1702407928_8228989.jpg?fit=1200%2C675&ssl=1&resize=700%2C400 2x, https:\/\/i0.wp.com\/noticiasribeiraopreto.com.br\/wp-content\/uploads\/2023\/12\/1702407928_8228989.jpg?fit=1200%2C675&ssl=1&resize=1050%2C600 3x"},"classes":[]},{"id":19562,"url":"https:\/\/noticiasribeiraopreto.com.br\/index.php\/2023\/12\/22\/vaga-para-assistente-de-vendas-junior-em-ribeirao-pretoha-1-hora\/","url_meta":{"origin":47072,"position":2},"title":"Vaga para Assistente de Vendas J\u00fanior em Ribeir\u00e3o Pretoh\u00e1 1 hora","author":"noticiasribeiraopreto.com.br","date":"22 de December de 2023","format":false,"excerpt":"Vaga para Assistente de Vendas J\u00fanior em Ribeir\u00e3o Pretoh\u00e1 1 hora 1 vaga para Vendedora Externa em Sert\u00e3ozinho - SPh\u00e1 5 horas Vaga para Analista Operacional de Riscos em Ribeir\u00e3o Preto - SPh\u00e1 6 horas Vaga para Assistente Financeiro PCD em Ribeir\u00e3o Preto Vaga para Recepcionista em Ribeir\u00e3o Preto Vaga\u2026","rel":"","context":"In &quot;Vagas de Emprego em Ribeir\u00e3o Preto-SP&quot;","block_context":{"text":"Vagas de Emprego em Ribeir\u00e3o Preto-SP","link":"https:\/\/noticiasribeiraopreto.com.br\/index.php\/category\/empregos-classificados-vagas-trabalho\/vagas-de-empregos-em-ribeirao-preto-regiao-brasil\/"},"img":{"alt_text":"","src":"https:\/\/i0.wp.com\/noticiasribeiraopreto.com.br\/wp-content\/uploads\/2023\/12\/1703275193_8228989.jpg?fit=1200%2C675&ssl=1&resize=350%2C200","width":350,"height":200,"srcset":"https:\/\/i0.wp.com\/noticiasribeiraopreto.com.br\/wp-content\/uploads\/2023\/12\/1703275193_8228989.jpg?fit=1200%2C675&ssl=1&resize=350%2C200 1x, https:\/\/i0.wp.com\/noticiasribeiraopreto.com.br\/wp-content\/uploads\/2023\/12\/1703275193_8228989.jpg?fit=1200%2C675&ssl=1&resize=525%2C300 1.5x, https:\/\/i0.wp.com\/noticiasribeiraopreto.com.br\/wp-content\/uploads\/2023\/12\/1703275193_8228989.jpg?fit=1200%2C675&ssl=1&resize=700%2C400 2x, https:\/\/i0.wp.com\/noticiasribeiraopreto.com.br\/wp-content\/uploads\/2023\/12\/1703275193_8228989.jpg?fit=1200%2C675&ssl=1&resize=1050%2C600 3x"},"classes":[]},{"id":20236,"url":"https:\/\/noticiasribeiraopreto.com.br\/index.php\/2023\/12\/24\/vaga-para-assistente-de-vendas-junior-em-ribeirao-pretoha-2-dias\/","url_meta":{"origin":47072,"position":3},"title":"Vaga para Assistente de Vendas J\u00fanior em Ribeir\u00e3o Pretoh\u00e1 2 dias","author":"noticiasribeiraopreto.com.br","date":"24 de December de 2023","format":false,"excerpt":"Vaga para Assistente de Vendas J\u00fanior em Ribeir\u00e3o Pretoh\u00e1 2 dias 1 vaga para Vendedora Externa em Sert\u00e3ozinho - SPh\u00e1 2 dias Vaga para Analista Operacional de Riscos em Ribeir\u00e3o Preto - SPh\u00e1 2 dias Vaga para Assistente Financeiro PCD em Ribeir\u00e3o Preto Vaga para Recepcionista em Ribeir\u00e3o Preto Vaga\u2026","rel":"","context":"In &quot;Vagas de Emprego em Ribeir\u00e3o Preto-SP&quot;","block_context":{"text":"Vagas de Emprego em Ribeir\u00e3o Preto-SP","link":"https:\/\/noticiasribeiraopreto.com.br\/index.php\/category\/empregos-classificados-vagas-trabalho\/vagas-de-empregos-em-ribeirao-preto-regiao-brasil\/"},"img":{"alt_text":"","src":"https:\/\/i0.wp.com\/noticiasribeiraopreto.com.br\/wp-content\/uploads\/2023\/12\/1703448473_8228989.jpg?fit=1200%2C675&ssl=1&resize=350%2C200","width":350,"height":200,"srcset":"https:\/\/i0.wp.com\/noticiasribeiraopreto.com.br\/wp-content\/uploads\/2023\/12\/1703448473_8228989.jpg?fit=1200%2C675&ssl=1&resize=350%2C200 1x, https:\/\/i0.wp.com\/noticiasribeiraopreto.com.br\/wp-content\/uploads\/2023\/12\/1703448473_8228989.jpg?fit=1200%2C675&ssl=1&resize=525%2C300 1.5x, https:\/\/i0.wp.com\/noticiasribeiraopreto.com.br\/wp-content\/uploads\/2023\/12\/1703448473_8228989.jpg?fit=1200%2C675&ssl=1&resize=700%2C400 2x, https:\/\/i0.wp.com\/noticiasribeiraopreto.com.br\/wp-content\/uploads\/2023\/12\/1703448473_8228989.jpg?fit=1200%2C675&ssl=1&resize=1050%2C600 3x"},"classes":[]},{"id":20871,"url":"https:\/\/noticiasribeiraopreto.com.br\/index.php\/2023\/12\/26\/vaga-para-assistente-de-vendas-junior-em-ribeirao-pretoha-4-dias\/","url_meta":{"origin":47072,"position":4},"title":"Vaga para Assistente de Vendas J\u00fanior em Ribeir\u00e3o Pretoh\u00e1 4 dias","author":"noticiasribeiraopreto.com.br","date":"26 de December de 2023","format":false,"excerpt":"1 vaga para Vendedora Externa em Sert\u00e3ozinhoh\u00e1 7 horas Vaga para Assistente de Vendas J\u00fanior em Ribeir\u00e3o Pretoh\u00e1 4 dias Vaga para Analista Operacional de Riscos em Ribeir\u00e3o Preto - SPh\u00e1 4 dias Vaga para Assistente Financeiro PCD em Ribeir\u00e3o Preto Vaga para Recepcionista em Ribeir\u00e3o Preto Vaga para Motorista\u2026","rel":"","context":"In &quot;Vagas de Emprego em Ribeir\u00e3o Preto-SP&quot;","block_context":{"text":"Vagas de Emprego em Ribeir\u00e3o Preto-SP","link":"https:\/\/noticiasribeiraopreto.com.br\/index.php\/category\/empregos-classificados-vagas-trabalho\/vagas-de-empregos-em-ribeirao-preto-regiao-brasil\/"},"img":{"alt_text":"","src":"","width":0,"height":0},"classes":[]},{"id":48816,"url":"https:\/\/noticiasribeiraopreto.com.br\/index.php\/2024\/05\/06\/vaga-para-atendente-em-ribeirao-pretoha-4-horas\/","url_meta":{"origin":47072,"position":5},"title":"Vaga para Atendente em Ribeir\u00e3o Pretoh\u00e1 4 horas","author":"noticiasribeiraopreto.com.br","date":"6 de May de 2024","format":false,"excerpt":"Vaga para Atendente em Ribeir\u00e3o Pretoh\u00e1 4 horas Vaga para Supervisor de Transportes em Ribeir\u00e3o Preto - SPh\u00e1 5 horas Vaga para Assistente de Atendimento em Ribeir\u00e3o Preto Vaga para Auxiliar Administrativo em Ribeir\u00e3o Preto Vaga para Supervisor de Produ\u00e7\u00e3o em Ribeir\u00e3o Preto Vaga para Analista Jur\u00eddico em Ribeir\u00e3o Preto\u2026","rel":"","context":"In &quot;Vagas de Emprego em Ribeir\u00e3o Preto-SP&quot;","block_context":{"text":"Vagas de Emprego em Ribeir\u00e3o Preto-SP","link":"https:\/\/noticiasribeiraopreto.com.br\/index.php\/category\/empregos-classificados-vagas-trabalho\/vagas-de-empregos-em-ribeirao-preto-regiao-brasil\/"},"img":{"alt_text":"","src":"https:\/\/i0.wp.com\/noticiasribeiraopreto.com.br\/wp-content\/uploads\/2024\/05\/8228989.jpg?fit=1200%2C675&ssl=1&resize=350%2C200","width":350,"height":200,"srcset":"https:\/\/i0.wp.com\/noticiasribeiraopreto.com.br\/wp-content\/uploads\/2024\/05\/8228989.jpg?fit=1200%2C675&ssl=1&resize=350%2C200 1x, https:\/\/i0.wp.com\/noticiasribeiraopreto.com.br\/wp-content\/uploads\/2024\/05\/8228989.jpg?fit=1200%2C675&ssl=1&resize=525%2C300 1.5x, https:\/\/i0.wp.com\/noticiasribeiraopreto.com.br\/wp-content\/uploads\/2024\/05\/8228989.jpg?fit=1200%2C675&ssl=1&resize=700%2C400 2x, https:\/\/i0.wp.com\/noticiasribeiraopreto.com.br\/wp-content\/uploads\/2024\/05\/8228989.jpg?fit=1200%2C675&ssl=1&resize=1050%2C600 3x"},"classes":[]}],"jetpack_sharing_enabled":true,"jetpack_shortlink":"https:\/\/wp.me\/peQAOb-cfe","_links":{"self":[{"href":"https:\/\/noticiasribeiraopreto.com.br\/index.php\/wp-json\/wp\/v2\/posts\/47072","targetHints":{"allow":["GET"]}}],"collection":[{"href":"https:\/\/noticiasribeiraopreto.com.br\/index.php\/wp-json\/wp\/v2\/posts"}],"about":[{"href":"https:\/\/noticiasribeiraopreto.com.br\/index.php\/wp-json\/wp\/v2\/types\/post"}],"author":[{"embeddable":true,"href":"https:\/\/noticiasribeiraopreto.com.br\/index.php\/wp-json\/wp\/v2\/users\/1"}],"replies":[{"embeddable":true,"href":"https:\/\/noticiasribeiraopreto.com.br\/index.php\/wp-json\/wp\/v2\/comments?post=47072"}],"version-history":[{"count":0,"href":"https:\/\/noticiasribeiraopreto.com.br\/index.php\/wp-json\/wp\/v2\/posts\/47072\/revisions"}],"wp:featuredmedia":[{"embeddable":true,"href":"https:\/\/noticiasribeiraopreto.com.br\/index.php\/wp-json\/wp\/v2\/media\/47073"}],"wp:attachment":[{"href":"https:\/\/noticiasribeiraopreto.com.br\/index.php\/wp-json\/wp\/v2\/media?parent=47072"}],"wp:term":[{"taxonomy":"category","embeddable":true,"href":"https:\/\/noticiasribeiraopreto.com.br\/index.php\/wp-json\/wp\/v2\/categories?post=47072"},{"taxonomy":"post_tag","embeddable":true,"href":"https:\/\/noticiasribeiraopreto.com.br\/index.php\/wp-json\/wp\/v2\/tags?post=47072"}],"curies":[{"name":"wp","href":"https:\/\/api.w.org\/{rel}","templated":true}]}}