{"id":47081,"date":"2024-04-22T09:43:08","date_gmt":"2024-04-22T12:43:08","guid":{"rendered":"https:\/\/noticiasribeiraopreto.com.br\/index.php\/2024\/04\/22\/as-melhores-ferramentas-e-muitas-dicas\/"},"modified":"2024-04-22T09:43:08","modified_gmt":"2024-04-22T12:43:08","slug":"as-melhores-ferramentas-e-muitas-dicas","status":"publish","type":"post","link":"https:\/\/noticiasribeiraopreto.com.br\/index.php\/2024\/04\/22\/as-melhores-ferramentas-e-muitas-dicas\/","title":{"rendered":"as melhores ferramentas e muitas dicas"},"content":{"rendered":"<div class='code-block code-block-1' style='margin: 8px 0 8px auto; text-align: right; display: block; clear: both;'>\n<p><a href=\"https:\/\/wa.link\/vpicfd\"><img data-recalc-dims=\"1\" class=\"wp-image-4922\" style=\"aspect-ratio: 2.0253164556962027; width: 561px; height: auto;\" src=\"https:\/\/i0.wp.com\/ismaelcolosi.com.br\/wp-content\/uploads\/2023\/11\/grupo-de-empregos-whatsapp-e-facebook-ismael-colosi-vagas.jpg?ssl=1\" alt=\"\" \/><\/a><\/p>\n<!-- \/wp:image -->\n<\/div>\n<p> <br \/>\n<\/p>\n<div>\n<p>A apresenta\u00e7\u00e3o profissional est\u00e1 presente em processos seletivos e at\u00e9 mesmo ao longo da carreira, independente do cargo e \u00e1rea de atua\u00e7\u00e3o. <\/p>\n<p>Com certeza, a tecnologia tem contribu\u00eddo significativamente para o aprimoramento do trabalho dos profissionais e o sucesso das empresas. Al\u00e9m disso, ela tem colaborado, principalmente, para a melhora na forma de como a mensagem ser\u00e1 transmitida.\u00a0<\/p>\n<p>Afinal de contas, temos diversos formatos que podem ser utilizados para trazer um melhor entendimento de dados, propostas, dentre outros assuntos que fazem parte do dia a dia de cada \u00e1rea da empresa.\u00a0<\/p>\n<p>Ent\u00e3o, quer saber como aproveitar o melhor da tecnologia para a sua apresenta\u00e7\u00e3o profissional? Fique de olho neste texto.\u00a0<\/p>\n<nav class=\"toc-container  active\">\n<hr\/>\n<\/nav>\n<h2 class=\"wp-block-heading\" id=\"Ferramentas_que_ajudam_a_criar_a_melhor_apresentacao_profissional\">Ferramentas que ajudam a criar a melhor apresenta\u00e7\u00e3o profissional\u00a0<\/h2>\n<p>Se fizermos uma busca r\u00e1pida na internet, veremos diversas op\u00e7\u00f5es de ferramentas que poder\u00e3o auxiliar quando precisamos criar uma apresenta\u00e7\u00e3o profissional.<\/p>\n<p>Seja para <a href=\"https:\/\/www.negociosemfoco.com\/parceria-de-negocios-comerciais\/\" target=\"_blank\" rel=\"noreferrer noopener\" data-wpel-link=\"external\">parcerias de neg\u00f3cios<\/a> ou para conseguir aquela vaga t\u00e3o sonhada em uma empresa. \u00c9 necess\u00e1rio conhecer cada uma para fazer a utiliza\u00e7\u00e3o da maneira correta.\u00a0<\/p>\n<p>Ao inv\u00e9s de depender apenas de slides de PowerPoint, por exemplo, voc\u00ea ter\u00e1 a oportunidade de explorar outras ferramentas de apresenta\u00e7\u00e3o multim\u00eddia. <\/p>\n<p>Entre as op\u00e7\u00f5es temos: Prezi, Google Slides ou <a href=\"https:\/\/tecnoblog.net\/responde\/como-usar-o-keynote-da-apple-guia-para-iniciantes\/\" target=\"_blank\" rel=\"noreferrer noopener\" data-wpel-link=\"external\">Keynote<\/a>. Essas s\u00e3o plataformas que oferecem recursos avan\u00e7ados de design e anima\u00e7\u00e3o que podem tornar sua apresenta\u00e7\u00e3o mais din\u00e2mica e envolvente.<\/p>\n<p>Tudo vai depender da sua necessidade. Para te ajudar, listamos algumas ferramentas que podem melhorar ainda mais uma apresenta\u00e7\u00e3o profissional.\u00a0<\/p>\n<p>\ud83d\udca1 Conhe\u00e7a dicas para melhorar as suas apresenta\u00e7\u00f5es de slide! <\/p>\n<h3 class=\"wp-block-heading\" id=\"Edicao_de_audio\">Edi\u00e7\u00e3o de \u00e1udio<\/h3>\n<p>Para editar \u00e1udio para uma apresenta\u00e7\u00e3o profissional, voc\u00ea pode usar v\u00e1rias ferramentas dispon\u00edveis. S\u00e3o elas:\u00a0<\/p>\n<ul>\n<li>Audacity: software de edi\u00e7\u00e3o de \u00e1udio gratuito, dispon\u00edvel para Windows, macOS e Linux;<\/li>\n<li>Adobe Audition: uma ferramenta profissional de edi\u00e7\u00e3o de \u00e1udio da Adobe Creative Cloud;<\/li>\n<li>GarageBand: op\u00e7\u00e3o popular para usu\u00e1rios de macOS e iOS.\u00a0<\/li>\n<\/ul>\n<h3 class=\"wp-block-heading\" id=\"Edicao_de_video\">Edi\u00e7\u00e3o de v\u00eddeo<\/h3>\n<p>Agora, se voc\u00ea prefere inserir um v\u00eddeo, existem algumas op\u00e7\u00f5es de ferramentas que podem te ajudar como, por exemplo:\u00a0<\/p>\n<ul>\n<li>Adobe Premiere Pro: Este \u00e9 um dos softwares de edi\u00e7\u00e3o de v\u00eddeo mais populares;<\/li>\n<li>Shotcut: \u00c9 um editor de v\u00eddeo que oferece uma variedade de recursos de edi\u00e7\u00e3o gratuitos;<\/li>\n<li>DaVinci Resolve: mais uma op\u00e7\u00e3o de edi\u00e7\u00e3o de v\u00eddeo gratuita, com recursos avan\u00e7ados de edi\u00e7\u00e3o, corre\u00e7\u00e3o de cor e p\u00f3s-produ\u00e7\u00e3o.<\/li>\n<\/ul>\n<h3 class=\"wp-block-heading\" id=\"Criacao_de_layout\">Cria\u00e7\u00e3o de layout<\/h3>\n<p>Uma apresenta\u00e7\u00e3o profissional precisa de um layout bonito, n\u00e3o \u00e9 mesmo? Ent\u00e3o, anote a\u00ed algumas ferramentas que podem te ajudar.\u00a0<\/p>\n<ul>\n<li>Adobe Photoshop: O Photoshop \u00e9 um dos softwares mais conhecidos para cria\u00e7\u00e3o de layouts. Ele oferece uma ampla gama de ferramentas para manipula\u00e7\u00e3o de imagens, cria\u00e7\u00e3o de gr\u00e1ficos e design de layouts;<\/li>\n<li>Adobe Illustrator: Ele \u00e9 ideal para criar layouts vetoriais, como logotipos, \u00edcones e ilustra\u00e7\u00f5es;<\/li>\n<li>Canva: \u00c9 uma ferramenta online que oferece uma ampla variedade de modelos e recursos para cria\u00e7\u00e3o de layouts de forma r\u00e1pida e f\u00e1cil, sendo especialmente \u00fatil para pessoas sem experi\u00eancia em design.<\/li>\n<\/ul>\n<h3 class=\"wp-block-heading\" id=\"Gravacao_de_tela\">Grava\u00e7\u00e3o de tela<\/h3>\n<p>Agora, se voc\u00ea precisa gravar a tela para inserir na sua apresenta\u00e7\u00e3o, abaixo est\u00e3o algumas op\u00e7\u00f5es que poder\u00e3o ajudar.\u00a0<\/p>\n<ul>\n<li>ScreenFlow: Esta \u00e9 uma ferramenta de grava\u00e7\u00e3o de tela projetada para usu\u00e1rios do macOS. Ele oferece recursos avan\u00e7ados de grava\u00e7\u00e3o de tela, edi\u00e7\u00e3o de v\u00eddeo e adi\u00e7\u00e3o de efeitos especiais;<\/li>\n<li>Bandicam: Ela \u00e9 f\u00e1cil de usar, popular entre gamers e usu\u00e1rios que precisam gravar v\u00eddeos de alta qualidade com baixo impacto no desempenho do sistema;<\/li>\n<li>Snagit: Ele oferece uma variedade de recursos para captura de tela, edi\u00e7\u00e3o de imagem e grava\u00e7\u00e3o de v\u00eddeo.<\/li>\n<\/ul>\n<h3 class=\"wp-block-heading\" id=\"Conversao_de_texto_em_voz\">Convers\u00e3o de texto em voz<\/h3>\n<p>A escolha da melhor ferramenta depende das suas necessidades espec\u00edficas, do sistema operacional que voc\u00ea est\u00e1 usando e das funcionalidades que voc\u00ea requer. Abaixo listamos algumas que est\u00e3o dispon\u00edveis para utiliza\u00e7\u00e3o:\u00a0<\/p>\n<ul>\n<li>Amazon Polly: Este \u00e9 um servi\u00e7o da Amazon Web Services (AWS) que converte texto em voz realista. Ele oferece uma variedade de vozes e suporta v\u00e1rias l\u00ednguas e variedades de idiomas;<\/li>\n<li>Balabolka: \u00c9 um software gratuito para Windows, que suporta uma variedade de formatos de texto e oferece diversas op\u00e7\u00f5es de personaliza\u00e7\u00e3o, como escolha de voz e ajuste de velocidade.<\/li>\n<\/ul>\n<h3 class=\"wp-block-heading\" id=\"Insercao_de_efeitos_em_video\">Inser\u00e7\u00e3o de efeitos em v\u00eddeo<\/h3>\n<p>Para inserir efeitos em v\u00eddeo, voc\u00ea precisar\u00e1 de um software de edi\u00e7\u00e3o de v\u00eddeo como, por exemplo:\u00a0<\/p>\n<ul>\n<li>Adobe Premiere Pro: \u00c9 um dos softwares mais utilizados para edi\u00e7\u00e3o de v\u00eddeo profissional. Ele oferece uma ampla variedade de efeitos de v\u00eddeo, transi\u00e7\u00f5es, filtros e ferramentas de corre\u00e7\u00e3o de cor;<\/li>\n<li>Final Cut Pro: Desenvolvido pela Apple, o Final Cut Pro \u00e9 uma excelente op\u00e7\u00e3o para usu\u00e1rios de macOS;<\/li>\n<li>HitFilm Express: \u00c9 uma op\u00e7\u00e3o gratuita e poderosa para edi\u00e7\u00e3o de v\u00eddeo e efeitos visuais.<\/li>\n<\/ul>\n<p>\ud83d\udca1 Aprenda a criar uma carta de apresenta\u00e7\u00e3o e seja destaque no processo seletivo! <\/p>\n<h2 class=\"wp-block-heading\" id=\"4_equipamentos_que_ajudam_a_aumentar_o_engajamento_nas_apresentacoes\">4 equipamentos que ajudam a aumentar o engajamento nas apresenta\u00e7\u00f5es<\/h2>\n<p>Pronto! Agora que voc\u00ea j\u00e1 conhece algumas ferramentas que podem te ajudar a montar a sua apresenta\u00e7\u00e3o profissional, \u00e9 importante saber quais s\u00e3o os equipamentos que podem ajudar a aumentar o engajamento nas apresenta\u00e7\u00f5es.\u00a0<\/p>\n<h3 class=\"wp-block-heading\" id=\"1_Projetores_de_bolso\">1. Projetores de bolso<\/h3>\n<p>Eles s\u00e3o dispositivos compactos e port\u00e1teis que permitem projetar imagens e v\u00eddeos em uma tela ou superf\u00edcie plana. S\u00e3o ideais para apresenta\u00e7\u00f5es em ambientes pequenos ou em movimento, como salas de reuni\u00e3o pequenas, quartos, viagens, dentre outros.<\/p>\n<p>\ud83d\udca1 Deixe o seu medo de falar em p\u00fablico de lado. Leia as nossas dicas! <\/p>\n<h3 class=\"wp-block-heading\" id=\"2_Video_mapping\">2. V\u00eddeo mapping<\/h3>\n<p>Tamb\u00e9m conhecido como proje\u00e7\u00e3o mapeada, \u00e9 uma t\u00e9cnica audiovisual que envolve o mapeamento preciso de proje\u00e7\u00f5es em superf\u00edcies tridimensionais irregulares para criar efeitos visuais impressionantes. Esta t\u00e9cnica \u00e9 amplamente utilizada em eventos, espet\u00e1culos, instala\u00e7\u00f5es art\u00edsticas, marketing de guerrilha e, claro, pode ser uma op\u00e7\u00e3o para dar mais \u201cefeito\u201d na sua apresenta\u00e7\u00e3o profissional.<\/p>\n<h3 class=\"wp-block-heading\" id=\"3_Apresentador_multimidia\">3. Apresentador multim\u00eddia<\/h3>\n<p>Um apresentador multim\u00eddia, tamb\u00e9m conhecido como \u201cclicker de apresenta\u00e7\u00e3o\u201d ou \u201ccontrolador de slides\u201d, \u00e9 um dispositivo que voc\u00ea pode utilizar durante suas apresenta\u00e7\u00f5es para controlar o avan\u00e7o de slides e outras fun\u00e7\u00f5es relacionadas.\u00a0<\/p>\n<h3 class=\"wp-block-heading\" id=\"4_Quadros_interativos\">4. Quadros interativos<\/h3>\n<p>Eles s\u00e3o dispositivos tecnol\u00f3gicos que combinam as funcionalidades de um quadro branco tradicional com as capacidades interativas de um computador ou dispositivo m\u00f3vel. <\/p>\n<p>Eles s\u00e3o projetados para facilitar a colabora\u00e7\u00e3o, a comunica\u00e7\u00e3o e a interatividade em salas de aula, salas de reuni\u00e3o, ambientes de trabalho e outros espa\u00e7os.<\/p>\n<p>Quando integramos de forma efetiva a tecnologia nas nossas apresenta\u00e7\u00f5es profissionais, podemos trazer uma melhora significativa quando falamos de qualidade, interatividade e o impacto da nossa comunica\u00e7\u00e3o. <\/p>\n<p>Desta forma, podemos ter uma \u201cgarantia\u201d que a mensagem ser\u00e1 transmitida de maneira eficaz e memor\u00e1vel para o p\u00fablico-alvo. Ent\u00e3o, bora come\u00e7ar a colocar a m\u00e3o na massa?!<\/p>\n<p>E a\u00ed, gostou do conte\u00fado sobre dicas para a sua apresenta\u00e7\u00e3o profissional? Aproveite ent\u00e3o para compartilhar com os amigos e deixar um coment\u00e1rio. At\u00e9 a pr\u00f3xima! <\/p>\n<div id=\"banner_bottom\"><img data-recalc-dims=\"1\" decoding=\"async\" style=\"with:100%\" data-gtm-event-category=\"catho:lp-carreira-sucesso\" data-gtm-event-action=\"carreira-sucesso:banner-artigo\" data-gtm-event-label=\"botao:banner\" src=\"https:\/\/i0.wp.com\/s24534.pcdn.co\/carreira-sucesso\/wp-content\/uploads\/sites\/3\/2024\/02\/Banner-Acelera-Catho-970x250-1.jpeg?ssl=1\"\/><noscript><img data-recalc-dims=\"1\" decoding=\"async\" src=\"https:\/\/i0.wp.com\/s24534.pcdn.co\/carreira-sucesso\/wp-content\/uploads\/sites\/3\/2024\/02\/Banner-Acelera-Catho-970x250-1.jpeg?ssl=1\" style=\"with:100%\" data-gtm-event-category=\"catho:lp-carreira-sucesso\" data-gtm-event-action=\"carreira-sucesso:banner-artigo\" data-gtm-event-label=\"botao:banner\"\/><\/noscript><\/div>\n<\/p><\/div>\n<p><br \/>\n<br \/><a href=\"https:\/\/www.catho.com.br\/carreira-sucesso\/apresentacao-profissional-ferramentas\/\">Source link <\/a><\/p>\n<!-- CONTENT END 1 -->\n","protected":false},"excerpt":{"rendered":"<p>A apresenta\u00e7\u00e3o profissional est\u00e1 presente em processos seletivos e at\u00e9 mesmo ao longo da carreira, independente do cargo e \u00e1rea de atua\u00e7\u00e3o. Com certeza, a&#8230;<\/p>\n","protected":false},"author":1,"featured_media":47082,"comment_status":"open","ping_status":"open","sticky":false,"template":"","format":"standard","meta":{"advanced_seo_description":"","jetpack_seo_html_title":"","jetpack_seo_noindex":false,"jetpack_post_was_ever_published":false,"_jetpack_newsletter_access":"","_jetpack_dont_email_post_to_subs":false,"_jetpack_newsletter_tier_id":0,"_jetpack_memberships_contains_paywalled_content":false,"_jetpack_memberships_contains_paid_content":false,"footnotes":"","jetpack_publicize_message":"","jetpack_publicize_feature_enabled":true,"jetpack_social_post_already_shared":true,"jetpack_social_options":{"image_generator_settings":{"template":"highway","default_image_id":0,"font":"","enabled":false},"version":2}},"categories":[1],"tags":[],"class_list":["post-47081","post","type-post","status-publish","format-standard","has-post-thumbnail","hentry","category-blog"],"jetpack_publicize_connections":[],"jetpack_featured_media_url":"https:\/\/i0.wp.com\/noticiasribeiraopreto.com.br\/wp-content\/uploads\/2024\/04\/apresentacao-profissional.jpg?fit=1200%2C675&ssl=1","jetpack-related-posts":[{"id":50275,"url":"https:\/\/noticiasribeiraopreto.com.br\/index.php\/2024\/05\/15\/flexibilidade-no-trabalho-como-funciona-e-vantagens\/","url_meta":{"origin":47081,"position":0},"title":"Flexibilidade no trabalho: como funciona e vantagens","author":"noticiasribeiraopreto.com.br","date":"15 de May de 2024","format":false,"excerpt":"Com a moderniza\u00e7\u00e3o de processos e investimento em tecnologia em empresas de todos os portes e segmentos, os debates acerca da flexibilidade no trabalho ganham cada vez mais destaque. O objetivo \u00e9\u00a0proporcionar uma melhor qualidade de vida, autonomia e produtividade\u00a0aos colaboradores. Para entender a\u00a0import\u00e2ncia do trabalho flex\u00edvel, \u00e9 preciso compreender\u2026","rel":"","context":"In &quot;Blog&quot;","block_context":{"text":"Blog","link":"https:\/\/noticiasribeiraopreto.com.br\/index.php\/category\/blog\/"},"img":{"alt_text":"","src":"https:\/\/i0.wp.com\/noticiasribeiraopreto.com.br\/wp-content\/uploads\/2024\/05\/Flexibilidade-no-trabalho.png?fit=1200%2C627&ssl=1&resize=350%2C200","width":350,"height":200,"srcset":"https:\/\/i0.wp.com\/noticiasribeiraopreto.com.br\/wp-content\/uploads\/2024\/05\/Flexibilidade-no-trabalho.png?fit=1200%2C627&ssl=1&resize=350%2C200 1x, https:\/\/i0.wp.com\/noticiasribeiraopreto.com.br\/wp-content\/uploads\/2024\/05\/Flexibilidade-no-trabalho.png?fit=1200%2C627&ssl=1&resize=525%2C300 1.5x, https:\/\/i0.wp.com\/noticiasribeiraopreto.com.br\/wp-content\/uploads\/2024\/05\/Flexibilidade-no-trabalho.png?fit=1200%2C627&ssl=1&resize=700%2C400 2x, https:\/\/i0.wp.com\/noticiasribeiraopreto.com.br\/wp-content\/uploads\/2024\/05\/Flexibilidade-no-trabalho.png?fit=1200%2C627&ssl=1&resize=1050%2C600 3x"},"classes":[]},{"id":29040,"url":"https:\/\/noticiasribeiraopreto.com.br\/index.php\/2024\/01\/17\/saiba-como-trabalhar-em-empresas-multinacionais\/","url_meta":{"origin":47081,"position":1},"title":"Saiba como trabalhar em empresas multinacionais","author":"noticiasribeiraopreto.com.br","date":"17 de January de 2024","format":false,"excerpt":"Trabalhar em multinacionais \u00e9 o sonho de muitos profissionais, afinal, quem n\u00e3o gostaria de fazer parte de uma empresa reconhecida mundialmente e que costuma oferecer \u00f3timas condi\u00e7\u00f5es de trabalho? Os desafios presentes nesse tipo de organiza\u00e7\u00e3o e o plano de carreira que elas oferecem, al\u00e9m dos altos sal\u00e1rios, s\u00e3o os\u2026","rel":"","context":"In &quot;Blog&quot;","block_context":{"text":"Blog","link":"https:\/\/noticiasribeiraopreto.com.br\/index.php\/category\/blog\/"},"img":{"alt_text":"","src":"https:\/\/i0.wp.com\/noticiasribeiraopreto.com.br\/wp-content\/uploads\/2024\/01\/multinacionais.jpg?fit=1200%2C675&ssl=1&resize=350%2C200","width":350,"height":200,"srcset":"https:\/\/i0.wp.com\/noticiasribeiraopreto.com.br\/wp-content\/uploads\/2024\/01\/multinacionais.jpg?fit=1200%2C675&ssl=1&resize=350%2C200 1x, https:\/\/i0.wp.com\/noticiasribeiraopreto.com.br\/wp-content\/uploads\/2024\/01\/multinacionais.jpg?fit=1200%2C675&ssl=1&resize=525%2C300 1.5x, https:\/\/i0.wp.com\/noticiasribeiraopreto.com.br\/wp-content\/uploads\/2024\/01\/multinacionais.jpg?fit=1200%2C675&ssl=1&resize=700%2C400 2x, https:\/\/i0.wp.com\/noticiasribeiraopreto.com.br\/wp-content\/uploads\/2024\/01\/multinacionais.jpg?fit=1200%2C675&ssl=1&resize=1050%2C600 3x"},"classes":[]},{"id":45407,"url":"https:\/\/noticiasribeiraopreto.com.br\/index.php\/2024\/04\/04\/muitas-funcionalidades-gratuitas-para-voce\/","url_meta":{"origin":47081,"position":2},"title":"muitas funcionalidades gratuitas para voc\u00ea","author":"noticiasribeiraopreto.com.br","date":"4 de April de 2024","format":false,"excerpt":"Abril \u00e9 m\u00eas de festa aqui na Catho: a nossa super plataforma de empregos est\u00e1 completando mais um ano em atividade no mercado. Para celebrar da melhor forma poss\u00edvel, selecionamos as principais funcionalidades do site e do aplicativo que voc\u00ea pode usar de gra\u00e7a e de forma ilimitada! Funcionalidades gratuitas\u2026","rel":"","context":"In &quot;Blog&quot;","block_context":{"text":"Blog","link":"https:\/\/noticiasribeiraopreto.com.br\/index.php\/category\/blog\/"},"img":{"alt_text":"","src":"https:\/\/i0.wp.com\/noticiasribeiraopreto.com.br\/wp-content\/uploads\/2024\/04\/banner-aniversario-970x250-1.jpeg?fit=970%2C250&ssl=1&resize=350%2C200","width":350,"height":200,"srcset":"https:\/\/i0.wp.com\/noticiasribeiraopreto.com.br\/wp-content\/uploads\/2024\/04\/banner-aniversario-970x250-1.jpeg?fit=970%2C250&ssl=1&resize=350%2C200 1x, https:\/\/i0.wp.com\/noticiasribeiraopreto.com.br\/wp-content\/uploads\/2024\/04\/banner-aniversario-970x250-1.jpeg?fit=970%2C250&ssl=1&resize=525%2C300 1.5x, https:\/\/i0.wp.com\/noticiasribeiraopreto.com.br\/wp-content\/uploads\/2024\/04\/banner-aniversario-970x250-1.jpeg?fit=970%2C250&ssl=1&resize=700%2C400 2x"},"classes":[]},{"id":1148,"url":"https:\/\/noticiasribeiraopreto.com.br\/index.php\/2023\/11\/10\/como-contratar-para-o-trabalho-remoto-home-office\/","url_meta":{"origin":47081,"position":3},"title":"Como Contratar para o Trabalho Remoto (Home Office)","author":"noticiasribeiraopreto.com.br","date":"10 de November de 2023","format":false,"excerpt":"Contratar bons profissionais \u00e9 fundamental, mas tamb\u00e9m extremamente dificil. Contratar trabalhadores remotos, realizando a entrevista por videochamada, pode parecer ainda mais dif\u00edcil. Mas na verdade n\u00e3o \u00e9. Seguindo algumas melhores pr\u00e1ticas, \u00e9 poss\u00edvel montar uma equipe remota altamente motivada e produtiva. Por isso desenvolvemos esse guia completo, que voc\u00ea poder\u00e1\u2026","rel":"","context":"In &quot;Vagas de Emprego em Ribeir\u00e3o Preto-SP&quot;","block_context":{"text":"Vagas de Emprego em Ribeir\u00e3o Preto-SP","link":"https:\/\/noticiasribeiraopreto.com.br\/index.php\/category\/empregos-classificados-vagas-trabalho\/vagas-de-empregos-em-ribeirao-preto-regiao-brasil\/"},"img":{"alt_text":"","src":"https:\/\/i0.wp.com\/noticiasribeiraopreto.com.br\/wp-content\/uploads\/2023\/11\/contratar-trabalho-home-office.jpg?fit=400%2C267&ssl=1&resize=350%2C200","width":350,"height":200},"classes":[]},{"id":40459,"url":"https:\/\/noticiasribeiraopreto.com.br\/index.php\/2024\/03\/04\/trabalho-hibrido-veio-para-ficar\/","url_meta":{"origin":47081,"position":4},"title":"Trabalho h\u00edbrido veio para ficar","author":"noticiasribeiraopreto.com.br","date":"4 de March de 2024","format":false,"excerpt":"Divulga\u00e7\u00e3oRegus Center Shopping Uberl\u00e2ndia (MG) O trabalho h\u00edbrido \u00e9 uma realidade que veio para ficar. \u00c0 frente da Regus, refer\u00eancia nesse modelo de trabalho, posso afirmar com convic\u00e7\u00e3o que estamos vivendo uma era de transforma\u00e7\u00e3o na vida profissional. H\u00e1 quatro anos, a pandemia de Covid-19 acelerou significativamente o crescimento do\u2026","rel":"","context":"In &quot;Blog&quot;","block_context":{"text":"Blog","link":"https:\/\/noticiasribeiraopreto.com.br\/index.php\/category\/blog\/"},"img":{"alt_text":"","src":"https:\/\/i0.wp.com\/noticiasribeiraopreto.com.br\/wp-content\/uploads\/2024\/03\/bv-regus_116-3-1024x683.jpg?fit=1024%2C683&ssl=1&resize=350%2C200","width":350,"height":200,"srcset":"https:\/\/i0.wp.com\/noticiasribeiraopreto.com.br\/wp-content\/uploads\/2024\/03\/bv-regus_116-3-1024x683.jpg?fit=1024%2C683&ssl=1&resize=350%2C200 1x, https:\/\/i0.wp.com\/noticiasribeiraopreto.com.br\/wp-content\/uploads\/2024\/03\/bv-regus_116-3-1024x683.jpg?fit=1024%2C683&ssl=1&resize=525%2C300 1.5x, https:\/\/i0.wp.com\/noticiasribeiraopreto.com.br\/wp-content\/uploads\/2024\/03\/bv-regus_116-3-1024x683.jpg?fit=1024%2C683&ssl=1&resize=700%2C400 2x"},"classes":[]},{"id":52454,"url":"https:\/\/noticiasribeiraopreto.com.br\/index.php\/2024\/06\/07\/conheca-a-area-vantagens-e-vagas-abertas\/","url_meta":{"origin":47081,"position":5},"title":"conhe\u00e7a a \u00e1rea, vantagens e vagas abertas","author":"noticiasribeiraopreto.com.br","date":"7 de June de 2024","format":false,"excerpt":"CRM \u00e9 a sigla para Customer Relationship Management e \u00e9 a \u00e1rea respons\u00e1vel por mapear perfis, comportamentos e proporcionar um relacionamento mais eficiente com os potenciais consumidores de uma marca. Uma estrat\u00e9gia anal\u00edtica que une softwares e pr\u00e1ticas de marketing,\u00a0ela \u00e9 uma ferramenta importante para aumentar a rentabilidade, atra\u00e7\u00e3o e\u2026","rel":"","context":"In &quot;Blog&quot;","block_context":{"text":"Blog","link":"https:\/\/noticiasribeiraopreto.com.br\/index.php\/category\/blog\/"},"img":{"alt_text":"","src":"https:\/\/i0.wp.com\/noticiasribeiraopreto.com.br\/wp-content\/uploads\/2024\/06\/O-que-e-CRM.png?fit=1200%2C627&ssl=1&resize=350%2C200","width":350,"height":200,"srcset":"https:\/\/i0.wp.com\/noticiasribeiraopreto.com.br\/wp-content\/uploads\/2024\/06\/O-que-e-CRM.png?fit=1200%2C627&ssl=1&resize=350%2C200 1x, https:\/\/i0.wp.com\/noticiasribeiraopreto.com.br\/wp-content\/uploads\/2024\/06\/O-que-e-CRM.png?fit=1200%2C627&ssl=1&resize=525%2C300 1.5x, https:\/\/i0.wp.com\/noticiasribeiraopreto.com.br\/wp-content\/uploads\/2024\/06\/O-que-e-CRM.png?fit=1200%2C627&ssl=1&resize=700%2C400 2x, https:\/\/i0.wp.com\/noticiasribeiraopreto.com.br\/wp-content\/uploads\/2024\/06\/O-que-e-CRM.png?fit=1200%2C627&ssl=1&resize=1050%2C600 3x"},"classes":[]}],"jetpack_sharing_enabled":true,"jetpack_shortlink":"https:\/\/wp.me\/peQAOb-cfn","_links":{"self":[{"href":"https:\/\/noticiasribeiraopreto.com.br\/index.php\/wp-json\/wp\/v2\/posts\/47081","targetHints":{"allow":["GET"]}}],"collection":[{"href":"https:\/\/noticiasribeiraopreto.com.br\/index.php\/wp-json\/wp\/v2\/posts"}],"about":[{"href":"https:\/\/noticiasribeiraopreto.com.br\/index.php\/wp-json\/wp\/v2\/types\/post"}],"author":[{"embeddable":true,"href":"https:\/\/noticiasribeiraopreto.com.br\/index.php\/wp-json\/wp\/v2\/users\/1"}],"replies":[{"embeddable":true,"href":"https:\/\/noticiasribeiraopreto.com.br\/index.php\/wp-json\/wp\/v2\/comments?post=47081"}],"version-history":[{"count":0,"href":"https:\/\/noticiasribeiraopreto.com.br\/index.php\/wp-json\/wp\/v2\/posts\/47081\/revisions"}],"wp:featuredmedia":[{"embeddable":true,"href":"https:\/\/noticiasribeiraopreto.com.br\/index.php\/wp-json\/wp\/v2\/media\/47082"}],"wp:attachment":[{"href":"https:\/\/noticiasribeiraopreto.com.br\/index.php\/wp-json\/wp\/v2\/media?parent=47081"}],"wp:term":[{"taxonomy":"category","embeddable":true,"href":"https:\/\/noticiasribeiraopreto.com.br\/index.php\/wp-json\/wp\/v2\/categories?post=47081"},{"taxonomy":"post_tag","embeddable":true,"href":"https:\/\/noticiasribeiraopreto.com.br\/index.php\/wp-json\/wp\/v2\/tags?post=47081"}],"curies":[{"name":"wp","href":"https:\/\/api.w.org\/{rel}","templated":true}]}}