{"id":47085,"date":"2024-04-22T09:44:19","date_gmt":"2024-04-22T12:44:19","guid":{"rendered":"https:\/\/noticiasribeiraopreto.com.br\/index.php\/2024\/04\/22\/como-funciona-o-trabalho-hibrido-no-nubank-com-uma-semana-presencial-por-trimestre\/"},"modified":"2024-04-22T09:44:19","modified_gmt":"2024-04-22T12:44:19","slug":"como-funciona-o-trabalho-hibrido-no-nubank-com-uma-semana-presencial-por-trimestre","status":"publish","type":"post","link":"https:\/\/noticiasribeiraopreto.com.br\/index.php\/2024\/04\/22\/como-funciona-o-trabalho-hibrido-no-nubank-com-uma-semana-presencial-por-trimestre\/","title":{"rendered":"Como funciona o trabalho h\u00edbrido no Nubank com uma semana presencial por trimestre"},"content":{"rendered":"<div class='code-block code-block-1' style='margin: 8px 0 8px auto; text-align: right; display: block; clear: both;'>\n<p><a href=\"https:\/\/wa.link\/vpicfd\"><img data-recalc-dims=\"1\" class=\"wp-image-4922\" style=\"aspect-ratio: 2.0253164556962027; width: 561px; height: auto;\" src=\"https:\/\/i0.wp.com\/ismaelcolosi.com.br\/wp-content\/uploads\/2023\/11\/grupo-de-empregos-whatsapp-e-facebook-ismael-colosi-vagas.jpg?ssl=1\" alt=\"\" \/><\/a><\/p>\n<!-- \/wp:image -->\n<\/div>\n<p> <br \/>\n<\/p>\n<div id=\"\">\n<div class=\"content-infos\">\n<div class=\"texts\">\n<p class=\"author tooltip-comp\"> Bruno Pavan<span class=\"icon-i\">i<\/span><span class=\"tooltiptext\"> <span class=\"author\"><span>Bruno Pavan<\/span> <\/span><span class=\"desc\"\/> <\/span><\/p>\n<p>19\/04\/2024 &#8211; 7:05<\/p>\n<\/div>\n<div id=\"share-modal\" class=\"share-modal\"> <button class=\"box-close btn-share\"> <img decoding=\"async\" src=\"https:\/\/istoedinheiro.com.br\/wp-content\/themes\/dinheiro-wp-theme\/assets\/img\/svg\/closeIcon.svg?x46096\" alt=\"Close icon\" class=\"close-btn lazy\"\/> <\/button><\/div>\n<\/p><\/div>\n<p><span style=\"font-weight: 400\">Com um modelo diferente de trabalho h\u00edbrido, o Nubank vem se destacando no mercado dando mais flexibilidade para mais de 7 mil funcion\u00e1rios. <\/span><\/p>\n<p>Ao contr\u00e1rio da maioria das empresas brasileiras, que adota a jornada de dois dias no escrit\u00f3rio e tr\u00eas dias de trabalho em casa, a fintech adotou o sistema de uma semana presencial a cada bimestre em 2022, modelo que foi atualizado em 2023, para uma semana a cada tr\u00eas meses. O calend\u00e1rio das semanas presenciais \u00e9 divulgado pela empresa no in\u00edcio do ano, para que os trabalhadores possam se organizar.<\/p>\n<p>+Como \u00e9 o trabalho na produtora que adotou semana de quatro dias com folga\u00a0nas\u00a0quartas<\/p>\n<p><span style=\"font-weight: 400\">De acordo com a companhia, a semana de trabalho presencial permite um maior di\u00e1logo entre a equipe e a elabora\u00e7\u00e3o de planejamentos mais estrat\u00e9gicos. As semanas de trabalho presencial s\u00e3o sempre em comum para toda a equipe de um mesmo setor, para que possam alinhar expectativas. Fora desse per\u00edodo, o funcion\u00e1rio tamb\u00e9m \u00e9 livre para ir ao escrit\u00f3rio da empresa sempre que desejar.\u00a0<\/span><\/p>\n<p><span style=\"font-weight: 400\">\u201cA ideia \u00e9 que a semana de trabalho presencial possibilite que as pessoas se aproximem e participem de eventos e rituais que s\u00e3o importantes para o Nubank. Esperamos que n\u00e3o seja uma semana de trabalho comum, mas sim uma semana em que colocamos o foco naquelas atividades em que seja importante os times estarem juntos\u201d, disse a empresa em comunicado.<\/span><\/p>\n<p><span style=\"font-weight: 400\">Uma outra novidade \u00e9 que para refor\u00e7ar a cultura do <em>anywhere office<\/em>, onde o funcion\u00e1rio trabalha de onde ele quiser, a companhia oferece desconto em passagens de avi\u00e3o, \u00f4nibus e em hospedagens na semana de trabalho presencial.\u00a0<\/span><\/p>\n<p><span style=\"font-weight: 400\">Para dar estrutura para os funcion\u00e1rios no presencial, a empresa lan\u00e7ou um novo escrit\u00f3rio em novembro de 2022, no bairro da Vila Leopoldina, zona oeste de S\u00e3o Paulo. Com 10 mil metros quadrados no condom\u00ednio Spark, o escrit\u00f3rio acomoda reuni\u00f5es de equipes com mais de 200 integrantes.<\/span><\/p>\n<div id=\"share-modal\" class=\"share-modal\"> <button class=\"box-close btn-share\"> <img decoding=\"async\" src=\"https:\/\/istoedinheiro.com.br\/wp-content\/themes\/dinheiro-wp-theme\/assets\/img\/svg\/closeIcon.svg?x46096\" alt=\"Close icon\" class=\"close-btn lazy\"\/> <\/button><\/div>\n<\/p><\/div>\n<p><script>!function(f,b,e,v,n,t,s){if(f.fbq)return;n=f.fbq=function(){n.callMethod?n.callMethod.apply(n,arguments):n.queue.push(arguments)};if(!f._fbq)f._fbq=n;n.push=n;n.loaded=!0;n.version='2.0';n.queue=[];t=b.createElement(e);t.async=!0;t.src=v;s=b.getElementsByTagName(e)[0];s.parentNode.insertBefore(t,s)}(window,document,'script','<\/script><br \/>\n<br \/><br \/>\n<br \/><a href=\"https:\/\/istoedinheiro.com.br\/como-funciona-o-trabalho-hibrido-no-nubank-com-uma-semana-presencial-por-trimestre\/\">Source link <\/a><\/p>\n<!-- CONTENT END 1 -->\n","protected":false},"excerpt":{"rendered":"<p>Bruno Pavani Bruno Pavan 19\/04\/2024 &#8211; 7:05 Com um modelo diferente de trabalho h\u00edbrido, o Nubank vem se destacando no mercado dando mais flexibilidade para&#8230;<\/p>\n","protected":false},"author":1,"featured_media":47086,"comment_status":"open","ping_status":"open","sticky":false,"template":"","format":"standard","meta":{"advanced_seo_description":"","jetpack_seo_html_title":"","jetpack_seo_noindex":false,"jetpack_post_was_ever_published":false,"_jetpack_newsletter_access":"","_jetpack_dont_email_post_to_subs":false,"_jetpack_newsletter_tier_id":0,"_jetpack_memberships_contains_paywalled_content":false,"_jetpack_memberships_contains_paid_content":false,"footnotes":"","jetpack_publicize_message":"","jetpack_publicize_feature_enabled":true,"jetpack_social_post_already_shared":true,"jetpack_social_options":{"image_generator_settings":{"template":"highway","default_image_id":0,"font":"","enabled":false},"version":2}},"categories":[3598],"tags":[],"class_list":["post-47085","post","type-post","status-publish","format-standard","has-post-thumbnail","hentry","category-empregos-classificados-vagas-trabalho"],"jetpack_publicize_connections":[],"jetpack_featured_media_url":"https:\/\/i0.wp.com\/noticiasribeiraopreto.com.br\/wp-content\/uploads\/2024\/04\/nubankspark.jpg?fit=900%2C600&ssl=1","jetpack-related-posts":[{"id":19082,"url":"https:\/\/noticiasribeiraopreto.com.br\/index.php\/2023\/12\/21\/vaga-home-office-por-que-o-remoto-esta-em-extincao\/","url_meta":{"origin":47085,"position":0},"title":"&#8220;Vaga home office\u201d: por que o remoto est\u00e1 em extin\u00e7\u00e3o","author":"noticiasribeiraopreto.com.br","date":"21 de December de 2023","format":false,"excerpt":"Enquanto profissionais querem home office, l\u00edderes de grandes empresas t\u00eam exigido o retorno aos escrit\u00f3rios Os brasileiros nunca procuraram tanto por \u201cvaga home office\u201d no Google quanto em 2023.\u00a0 As buscas pelo termo na plataforma mais que dobraram em rela\u00e7\u00e3o ao ano passado, segundo relat\u00f3rio do Google Trends. Enquanto isso,\u2026","rel":"","context":"In &quot;Blog&quot;","block_context":{"text":"Blog","link":"https:\/\/noticiasribeiraopreto.com.br\/index.php\/category\/blog\/"},"img":{"alt_text":"","src":"https:\/\/i0.wp.com\/noticiasribeiraopreto.com.br\/wp-content\/uploads\/2023\/12\/carreira-trabalho-escritorio-1024x683.jpg?fit=1024%2C683&ssl=1&resize=350%2C200","width":350,"height":200,"srcset":"https:\/\/i0.wp.com\/noticiasribeiraopreto.com.br\/wp-content\/uploads\/2023\/12\/carreira-trabalho-escritorio-1024x683.jpg?fit=1024%2C683&ssl=1&resize=350%2C200 1x, https:\/\/i0.wp.com\/noticiasribeiraopreto.com.br\/wp-content\/uploads\/2023\/12\/carreira-trabalho-escritorio-1024x683.jpg?fit=1024%2C683&ssl=1&resize=525%2C300 1.5x, https:\/\/i0.wp.com\/noticiasribeiraopreto.com.br\/wp-content\/uploads\/2023\/12\/carreira-trabalho-escritorio-1024x683.jpg?fit=1024%2C683&ssl=1&resize=700%2C400 2x"},"classes":[]},{"id":25476,"url":"https:\/\/noticiasribeiraopreto.com.br\/index.php\/2024\/01\/07\/carreira-43-pediriam-demissao-em-caso-de-retorno-ao-trabalho-100-presencial\/","url_meta":{"origin":47085,"position":1},"title":"Carreira: 43% pediriam demiss\u00e3o em caso de retorno ao trabalho 100% presencial","author":"noticiasribeiraopreto.com.br","date":"7 de January de 2024","format":false,"excerpt":"Bruno Pavani Bruno Pavan 07\/01\/2024 - 15:00 Ap\u00f3s um boom de vagas remotas ou h\u00edbridas por conta da pandemia de Covid-19, cada vez mais empresas est\u00e3o exigindo que seus funcion\u00e1rios voltem ao modelo de trabalho 100% presencial. De acordo com a plataforma Infojobs, entre novembro de 2022 e janeiro de\u2026","rel":"","context":"In &quot;Vagas de Emprego em Ribeir\u00e3o Preto-SP&quot;","block_context":{"text":"Vagas de Emprego em Ribeir\u00e3o Preto-SP","link":"https:\/\/noticiasribeiraopreto.com.br\/index.php\/category\/empregos-classificados-vagas-trabalho\/vagas-de-empregos-em-ribeirao-preto-regiao-brasil\/"},"img":{"alt_text":"","src":"https:\/\/i0.wp.com\/noticiasribeiraopreto.com.br\/wp-content\/uploads\/2024\/01\/pexels-fauxels-3183150-scaled.jpg?fit=1200%2C801&ssl=1&resize=350%2C200","width":350,"height":200,"srcset":"https:\/\/i0.wp.com\/noticiasribeiraopreto.com.br\/wp-content\/uploads\/2024\/01\/pexels-fauxels-3183150-scaled.jpg?fit=1200%2C801&ssl=1&resize=350%2C200 1x, https:\/\/i0.wp.com\/noticiasribeiraopreto.com.br\/wp-content\/uploads\/2024\/01\/pexels-fauxels-3183150-scaled.jpg?fit=1200%2C801&ssl=1&resize=525%2C300 1.5x, https:\/\/i0.wp.com\/noticiasribeiraopreto.com.br\/wp-content\/uploads\/2024\/01\/pexels-fauxels-3183150-scaled.jpg?fit=1200%2C801&ssl=1&resize=700%2C400 2x, https:\/\/i0.wp.com\/noticiasribeiraopreto.com.br\/wp-content\/uploads\/2024\/01\/pexels-fauxels-3183150-scaled.jpg?fit=1200%2C801&ssl=1&resize=1050%2C600 3x"},"classes":[]},{"id":41611,"url":"https:\/\/noticiasribeiraopreto.com.br\/index.php\/2024\/03\/09\/trabalho-hibrido-com-dois-dias-no-escritorio-e-o-mais-adotado-no-pais-diz-pesquisa\/","url_meta":{"origin":47085,"position":2},"title":"Trabalho h\u00edbrido com dois dias no escrit\u00f3rio \u00e9 o mais adotado no pa\u00eds, diz pesquisa","author":"noticiasribeiraopreto.com.br","date":"9 de March de 2024","format":false,"excerpt":"Bruno Pavani Bruno Pavan 09\/03\/2024 - 15:00 Relat\u00f3rio da consultoria JLL mostra que as empresas brasileiras adotam mais o modelo h\u00edbrido de trabalho do que as do resto do mundo. Segundo a pesquisa, 86% das empresas pesquisadas no pa\u00eds utilizam o modelo, contra 54% na Europa, Oriente M\u00e9dio e \u00c1frica;\u2026","rel":"","context":"In &quot;Empregos - Classificados&quot;","block_context":{"text":"Empregos - Classificados","link":"https:\/\/noticiasribeiraopreto.com.br\/index.php\/category\/empregos-classificados-vagas-trabalho\/"},"img":{"alt_text":"","src":"https:\/\/i0.wp.com\/noticiasribeiraopreto.com.br\/wp-content\/uploads\/2024\/03\/trabalhohibrido.jpg?fit=900%2C600&ssl=1&resize=350%2C200","width":350,"height":200,"srcset":"https:\/\/i0.wp.com\/noticiasribeiraopreto.com.br\/wp-content\/uploads\/2024\/03\/trabalhohibrido.jpg?fit=900%2C600&ssl=1&resize=350%2C200 1x, https:\/\/i0.wp.com\/noticiasribeiraopreto.com.br\/wp-content\/uploads\/2024\/03\/trabalhohibrido.jpg?fit=900%2C600&ssl=1&resize=525%2C300 1.5x, https:\/\/i0.wp.com\/noticiasribeiraopreto.com.br\/wp-content\/uploads\/2024\/03\/trabalhohibrido.jpg?fit=900%2C600&ssl=1&resize=700%2C400 2x"},"classes":[]},{"id":14280,"url":"https:\/\/noticiasribeiraopreto.com.br\/index.php\/2023\/12\/11\/bill-gates-tem-razao-como-seria-semana-de-4-dias\/","url_meta":{"origin":47085,"position":3},"title":"Bill Gates tem raz\u00e3o? Como seria semana de 4 dias","author":"noticiasribeiraopreto.com.br","date":"11 de December de 2023","format":false,"excerpt":"Elaine Thompson\/Associated PressBill Gates opinou sobre possibilidade de semana de trabalho mais curta em entrevista ao podcast What Now Em janeiro de 2024, mais de 20 empresas brasileiras v\u00e3o come\u00e7ar a testar a semana de trabalho de quatro dias, mudan\u00e7a que j\u00e1 trouxe resultados positivos para a produtividade e o\u2026","rel":"","context":"In &quot;Blog&quot;","block_context":{"text":"Blog","link":"https:\/\/noticiasribeiraopreto.com.br\/index.php\/category\/blog\/"},"img":{"alt_text":"","src":"https:\/\/i0.wp.com\/noticiasribeiraopreto.com.br\/wp-content\/uploads\/2023\/12\/carreira-bill-gates-1024x683.jpg?fit=1024%2C683&ssl=1&resize=350%2C200","width":350,"height":200,"srcset":"https:\/\/i0.wp.com\/noticiasribeiraopreto.com.br\/wp-content\/uploads\/2023\/12\/carreira-bill-gates-1024x683.jpg?fit=1024%2C683&ssl=1&resize=350%2C200 1x, https:\/\/i0.wp.com\/noticiasribeiraopreto.com.br\/wp-content\/uploads\/2023\/12\/carreira-bill-gates-1024x683.jpg?fit=1024%2C683&ssl=1&resize=525%2C300 1.5x, https:\/\/i0.wp.com\/noticiasribeiraopreto.com.br\/wp-content\/uploads\/2023\/12\/carreira-bill-gates-1024x683.jpg?fit=1024%2C683&ssl=1&resize=700%2C400 2x"},"classes":[]},{"id":33685,"url":"https:\/\/noticiasribeiraopreto.com.br\/index.php\/2024\/01\/30\/ibm-da-ultimato-para-funcionarios-voltarem-ao-escritorio\/","url_meta":{"origin":47085,"position":4},"title":"IBM d\u00e1 ultimato para funcion\u00e1rios voltarem ao escrit\u00f3rio","author":"noticiasribeiraopreto.com.br","date":"30 de January de 2024","format":false,"excerpt":"Todos os gestores da IBM nos EUA devem ir a um escrit\u00f3rio pr\u00f3prio ou de cliente da companhia pelo menos tr\u00eas vezes por semana A ibm (International Business Machines Corp.) deu um ultimato aos seus gerentes e exigiu que os funcion\u00e1rios se mudem para perto de um escrit\u00f3rio e cumpram\u2026","rel":"","context":"In &quot;Blog&quot;","block_context":{"text":"Blog","link":"https:\/\/noticiasribeiraopreto.com.br\/index.php\/category\/blog\/"},"img":{"alt_text":"","src":"https:\/\/i0.wp.com\/noticiasribeiraopreto.com.br\/wp-content\/uploads\/2024\/01\/ibm-1024x683.jpg?fit=1024%2C683&ssl=1&resize=350%2C200","width":350,"height":200,"srcset":"https:\/\/i0.wp.com\/noticiasribeiraopreto.com.br\/wp-content\/uploads\/2024\/01\/ibm-1024x683.jpg?fit=1024%2C683&ssl=1&resize=350%2C200 1x, https:\/\/i0.wp.com\/noticiasribeiraopreto.com.br\/wp-content\/uploads\/2024\/01\/ibm-1024x683.jpg?fit=1024%2C683&ssl=1&resize=525%2C300 1.5x, https:\/\/i0.wp.com\/noticiasribeiraopreto.com.br\/wp-content\/uploads\/2024\/01\/ibm-1024x683.jpg?fit=1024%2C683&ssl=1&resize=700%2C400 2x"},"classes":[]},{"id":41931,"url":"https:\/\/noticiasribeiraopreto.com.br\/index.php\/2024\/03\/12\/programa-estagio-nubank-2024-inicia-processo-seletivo-em-varias-areas-confira-vagas-e-beneficios\/","url_meta":{"origin":47085,"position":5},"title":"Programa Est\u00e1gio Nubank 2024 inicia processo seletivo em v\u00e1rias \u00e1reas; Confira vagas e benef\u00edcios.","author":"noticiasribeiraopreto.com.br","date":"12 de March de 2024","format":false,"excerpt":"O Nubank anunciou que abriu as inscri\u00e7\u00f5es para o programa de est\u00e1gio 2024 nesta segunda-feira (11). Assim, o processo seletivo \u00e9 aberto a estudantes de qualquer gradua\u00e7\u00e3o. No entanto, aqueles que devem concluir seus estudos entre dezembro de 2025 e julho de 2026 est\u00e3o aptos a participar. Continue lendo para\u2026","rel":"","context":"In &quot;Empregos - Classificados&quot;","block_context":{"text":"Empregos - Classificados","link":"https:\/\/noticiasribeiraopreto.com.br\/index.php\/category\/empregos-classificados-vagas-trabalho\/"},"img":{"alt_text":"","src":"https:\/\/i0.wp.com\/noticiasribeiraopreto.com.br\/wp-content\/uploads\/2024\/03\/cursos.webp.jpeg?fit=1200%2C630&ssl=1&resize=350%2C200","width":350,"height":200,"srcset":"https:\/\/i0.wp.com\/noticiasribeiraopreto.com.br\/wp-content\/uploads\/2024\/03\/cursos.webp.jpeg?fit=1200%2C630&ssl=1&resize=350%2C200 1x, https:\/\/i0.wp.com\/noticiasribeiraopreto.com.br\/wp-content\/uploads\/2024\/03\/cursos.webp.jpeg?fit=1200%2C630&ssl=1&resize=525%2C300 1.5x, https:\/\/i0.wp.com\/noticiasribeiraopreto.com.br\/wp-content\/uploads\/2024\/03\/cursos.webp.jpeg?fit=1200%2C630&ssl=1&resize=700%2C400 2x, https:\/\/i0.wp.com\/noticiasribeiraopreto.com.br\/wp-content\/uploads\/2024\/03\/cursos.webp.jpeg?fit=1200%2C630&ssl=1&resize=1050%2C600 3x"},"classes":[]}],"jetpack_sharing_enabled":true,"jetpack_shortlink":"https:\/\/wp.me\/peQAOb-cfr","_links":{"self":[{"href":"https:\/\/noticiasribeiraopreto.com.br\/index.php\/wp-json\/wp\/v2\/posts\/47085","targetHints":{"allow":["GET"]}}],"collection":[{"href":"https:\/\/noticiasribeiraopreto.com.br\/index.php\/wp-json\/wp\/v2\/posts"}],"about":[{"href":"https:\/\/noticiasribeiraopreto.com.br\/index.php\/wp-json\/wp\/v2\/types\/post"}],"author":[{"embeddable":true,"href":"https:\/\/noticiasribeiraopreto.com.br\/index.php\/wp-json\/wp\/v2\/users\/1"}],"replies":[{"embeddable":true,"href":"https:\/\/noticiasribeiraopreto.com.br\/index.php\/wp-json\/wp\/v2\/comments?post=47085"}],"version-history":[{"count":0,"href":"https:\/\/noticiasribeiraopreto.com.br\/index.php\/wp-json\/wp\/v2\/posts\/47085\/revisions"}],"wp:featuredmedia":[{"embeddable":true,"href":"https:\/\/noticiasribeiraopreto.com.br\/index.php\/wp-json\/wp\/v2\/media\/47086"}],"wp:attachment":[{"href":"https:\/\/noticiasribeiraopreto.com.br\/index.php\/wp-json\/wp\/v2\/media?parent=47085"}],"wp:term":[{"taxonomy":"category","embeddable":true,"href":"https:\/\/noticiasribeiraopreto.com.br\/index.php\/wp-json\/wp\/v2\/categories?post=47085"},{"taxonomy":"post_tag","embeddable":true,"href":"https:\/\/noticiasribeiraopreto.com.br\/index.php\/wp-json\/wp\/v2\/tags?post=47085"}],"curies":[{"name":"wp","href":"https:\/\/api.w.org\/{rel}","templated":true}]}}