{"id":47089,"date":"2024-04-22T09:45:56","date_gmt":"2024-04-22T12:45:56","guid":{"rendered":"https:\/\/noticiasribeiraopreto.com.br\/index.php\/2024\/04\/22\/vagas-em-ribeirao-preto-destaques-6\/"},"modified":"2024-04-22T09:45:56","modified_gmt":"2024-04-22T12:45:56","slug":"vagas-em-ribeirao-preto-destaques-6","status":"publish","type":"post","link":"https:\/\/noticiasribeiraopreto.com.br\/index.php\/2024\/04\/22\/vagas-em-ribeirao-preto-destaques-6\/","title":{"rendered":"Vagas em Ribeir\u00e3o Preto: Destaques"},"content":{"rendered":"<div class=\"elementor-element elementor-element-1279c93 e-con-full e-flex e-con e-child\" data-id=\"1279c93\" data-element_type=\"container\" data-settings='{\"jet_parallax_layout_list\":[]}'>\n<div class=\"elementor-element elementor-element-5256fac elementor-widget elementor-widget-heading\" data-id=\"5256fac\" data-element_type=\"widget\" data-widget_type=\"heading.default\">\n<div class=\"elementor-widget-container\">\n<h2 class=\"elementor-heading-title elementor-size-default\">Lista de Vagas em Ribeir\u00e3o Preto<\/h2>\n<\/p><\/div>\n<\/p><\/div>\n<div class=\"elementor-element elementor-element-fe8d544 e-con-full e-flex e-con e-child\" data-id=\"fe8d544\" data-element_type=\"container\" data-settings='{\"jet_parallax_layout_list\":[]}'>\n<div class=\"elementor-element elementor-element-507104c elementor-widget elementor-widget-jet-listing-grid\" data-id=\"507104c\" data-element_type=\"widget\" id=\"mais\" data-settings='{\"columns\":\"1\"}' data-widget_type=\"jet-listing-grid.default\">\n<div class=\"elementor-widget-container\">\n<div class=\"jet-listing-grid jet-listing\">\n<div class=\"jet-listing-grid__items grid-col-desk-1 grid-col-tablet-1 grid-col-mobile-1 jet-listing-grid--15\" data-queried-id=\"101|WP_Post\" data-nav='{\"enabled\":false,\"type\":null,\"more_el\":null,\"query\":[],\"widget_settings\":{\"lisitng_id\":15,\"posts_num\":18,\"columns\":1,\"columns_tablet\":1,\"columns_mobile\":1,\"is_archive_template\":\"\",\"post_status\":[\"publish\"],\"use_random_posts_num\":\"\",\"max_posts_num\":9,\"not_found_message\":\"No data was found\",\"is_masonry\":false,\"equal_columns_height\":\"\",\"use_load_more\":\"\",\"load_more_id\":\"\",\"load_more_type\":\"scroll\",\"load_more_offset\":{\"unit\":\"px\",\"size\":0,\"sizes\":[]},\"use_custom_post_types\":\"\",\"custom_post_types\":[],\"hide_widget_if\":\"\",\"carousel_enabled\":\"\",\"slides_to_scroll\":\"1\",\"arrows\":\"true\",\"arrow_icon\":\"fa fa-angle-left\",\"dots\":\"\",\"autoplay\":\"true\",\"pause_on_hover\":\"true\",\"autoplay_speed\":5000,\"infinite\":\"true\",\"center_mode\":\"\",\"effect\":\"slide\",\"speed\":500,\"inject_alternative_items\":\"\",\"injection_items\":[],\"scroll_slider_enabled\":\"\",\"scroll_slider_on\":[\"desktop\",\"tablet\",\"mobile\"],\"custom_query\":false,\"custom_query_id\":\"\",\"_element_id\":\"mais\"}}' data-page=\"1\" data-pages=\"1\" data-listing-source=\"posts\" data-listing-id=\"15\" data-query-id=\"\">\n<div class=\"jet-listing-grid__item jet-listing-dynamic-post-949\" data-post-id=\"949\">\n<div data-elementor-type=\"jet-listing-items\" data-elementor-id=\"15\" class=\"elementor elementor-15\" data-elementor-post-type=\"jet-engine\">\n<div class=\"elementor-element elementor-element-ad78d7c e-flex e-con-boxed e-con e-parent\" data-id=\"ad78d7c\" data-element_type=\"container\" data-settings='{\"jet_parallax_layout_list\":[]}'>\n<div class=\"e-con-inner\">\n<div data-dce-background-color=\"#FFFFFF\" class=\"elementor-element elementor-element-bd94268 e-con-full e-flex e-con e-child\" data-id=\"bd94268\" data-element_type=\"container\" data-settings='{\"background_background\":\"classic\",\"jet_parallax_layout_list\":[]}'>\n<div class=\"elementor-element elementor-element-b5c8703 e-con-full e-flex e-con e-child\" data-id=\"b5c8703\" data-element_type=\"container\" data-settings='{\"jet_parallax_layout_list\":[]}'>\n<div class=\"elementor-element elementor-element-91318af elementor-widget elementor-widget-jet-listing-dynamic-terms\" data-id=\"91318af\" data-element_type=\"widget\" data-widget_type=\"jet-listing-dynamic-terms.default\">\n<div class=\"elementor-widget-container\">\n<div class=\"jet-listing jet-listing-dynamic-terms\"><i class=\"jet-listing-dynamic-terms__icon fas fa-map-marker-alt\" aria-hidden=\"true\"><\/i><span class=\"jet-listing-dynamic-terms__link\">Ribeir\u00e3o Preto &#8211; SP<\/span><\/div>\n<\/p><\/div>\n<\/p><\/div>\n<\/p><\/div>\n<div class=\"elementor-element elementor-element-2cf5e99 elementor-widget elementor-widget-heading\" data-id=\"2cf5e99\" data-element_type=\"widget\" data-widget_type=\"heading.default\">\n<div class=\"elementor-widget-container\">\n<h2 class=\"elementor-heading-title elementor-size-default\"><a href=\"https:\/\/vagasemribeiraopreto.com.br\/vagas\/assistente-de-planejamento\/\">Assistente de Planejamento<\/a><\/h2>\n<\/p><\/div>\n<\/p><\/div>\n<div data-dce-background-color=\"#00856D\" class=\"elementor-element elementor-element-dd28f4c elementor-align-center elementor-widget elementor-widget-button\" data-id=\"dd28f4c\" data-element_type=\"widget\" data-widget_type=\"button.default\">\n<div class=\"elementor-widget-container\">\n<div class=\"elementor-button-wrapper\">\n\t\t\t<a class=\"elementor-button elementor-button-link elementor-size-md\" href=\"https:\/\/vagasemribeiraopreto.com.br\/vagas\/assistente-de-planejamento\/\"><br \/>\n\t\t\t\t\t\t<span class=\"elementor-button-content-wrapper\"><br \/>\n\t\t\t\t\t\t<span class=\"elementor-button-icon elementor-align-icon-right\"><br \/>\n\t\t\t\t<i aria-hidden=\"true\" class=\"fas fa-angle-right\"><\/i>\t\t\t<\/span><br \/>\n\t\t\t\t\t\t\t\t\t<span class=\"elementor-button-text\">Ver mais<\/span><br \/>\n\t\t\t\t\t<\/span><br \/>\n\t\t\t\t\t<\/a>\n\t\t<\/div>\n<\/p><\/div>\n<\/p><\/div>\n<\/p><\/div>\n<\/p><\/div>\n<\/p><\/div>\n<\/p><\/div>\n<\/p><\/div>\n<div class=\"jet-listing-grid__item jet-listing-dynamic-post-947\" data-post-id=\"947\">\n<div data-elementor-type=\"jet-listing-items\" data-elementor-id=\"15\" class=\"elementor elementor-15\" data-elementor-post-type=\"jet-engine\">\n<div class=\"elementor-element elementor-element-ad78d7c e-flex e-con-boxed e-con e-parent\" data-id=\"ad78d7c\" data-element_type=\"container\" data-settings='{\"jet_parallax_layout_list\":[]}'>\n<div class=\"e-con-inner\">\n<div data-dce-background-color=\"#FFFFFF\" class=\"elementor-element elementor-element-bd94268 e-con-full e-flex e-con e-child\" data-id=\"bd94268\" data-element_type=\"container\" data-settings='{\"background_background\":\"classic\",\"jet_parallax_layout_list\":[]}'>\n<div class=\"elementor-element elementor-element-b5c8703 e-con-full e-flex e-con e-child\" data-id=\"b5c8703\" data-element_type=\"container\" data-settings='{\"jet_parallax_layout_list\":[]}'>\n<div class=\"elementor-element elementor-element-91318af elementor-widget elementor-widget-jet-listing-dynamic-terms\" data-id=\"91318af\" data-element_type=\"widget\" data-widget_type=\"jet-listing-dynamic-terms.default\">\n<div class=\"elementor-widget-container\">\n<div class=\"jet-listing jet-listing-dynamic-terms\"><i class=\"jet-listing-dynamic-terms__icon fas fa-map-marker-alt\" aria-hidden=\"true\"><\/i><span class=\"jet-listing-dynamic-terms__link\">Ribeir\u00e3o Preto &#8211; SP<\/span><\/div>\n<\/p><\/div>\n<\/p><\/div>\n<\/p><\/div>\n<div class=\"elementor-element elementor-element-2cf5e99 elementor-widget elementor-widget-heading\" data-id=\"2cf5e99\" data-element_type=\"widget\" data-widget_type=\"heading.default\">\n<div class=\"elementor-widget-container\">\n<h2 class=\"elementor-heading-title elementor-size-default\"><a href=\"https:\/\/vagasemribeiraopreto.com.br\/vagas\/vendedora-de-calcados\/\">Vendedor(a) de Cal\u00e7ados<\/a><\/h2>\n<\/p><\/div>\n<\/p><\/div>\n<div data-dce-background-color=\"#00856D\" class=\"elementor-element elementor-element-dd28f4c elementor-align-center elementor-widget elementor-widget-button\" data-id=\"dd28f4c\" data-element_type=\"widget\" data-widget_type=\"button.default\">\n<div class=\"elementor-widget-container\">\n<div class=\"elementor-button-wrapper\">\n\t\t\t<a class=\"elementor-button elementor-button-link elementor-size-md\" href=\"https:\/\/vagasemribeiraopreto.com.br\/vagas\/vendedora-de-calcados\/\"><br \/>\n\t\t\t\t\t\t<span class=\"elementor-button-content-wrapper\"><br \/>\n\t\t\t\t\t\t<span class=\"elementor-button-icon elementor-align-icon-right\"><br \/>\n\t\t\t\t<i aria-hidden=\"true\" class=\"fas fa-angle-right\"><\/i>\t\t\t<\/span><br \/>\n\t\t\t\t\t\t\t\t\t<span class=\"elementor-button-text\">Ver mais<\/span><br \/>\n\t\t\t\t\t<\/span><br \/>\n\t\t\t\t\t<\/a>\n\t\t<\/div>\n<\/p><\/div>\n<\/p><\/div>\n<\/p><\/div>\n<\/p><\/div>\n<\/p><\/div>\n<\/p><\/div>\n<\/p><\/div>\n<div class=\"jet-listing-grid__item jet-listing-dynamic-post-940\" data-post-id=\"940\">\n<div data-elementor-type=\"jet-listing-items\" data-elementor-id=\"15\" class=\"elementor elementor-15\" data-elementor-post-type=\"jet-engine\">\n<div class=\"elementor-element elementor-element-ad78d7c e-flex e-con-boxed e-con e-parent\" data-id=\"ad78d7c\" data-element_type=\"container\" data-settings='{\"jet_parallax_layout_list\":[]}'>\n<div class=\"e-con-inner\">\n<div data-dce-background-color=\"#FFFFFF\" class=\"elementor-element elementor-element-bd94268 e-con-full e-flex e-con e-child\" data-id=\"bd94268\" data-element_type=\"container\" data-settings='{\"background_background\":\"classic\",\"jet_parallax_layout_list\":[]}'>\n<div class=\"elementor-element elementor-element-b5c8703 e-con-full e-flex e-con e-child\" data-id=\"b5c8703\" data-element_type=\"container\" data-settings='{\"jet_parallax_layout_list\":[]}'>\n<div class=\"elementor-element elementor-element-91318af elementor-widget elementor-widget-jet-listing-dynamic-terms\" data-id=\"91318af\" data-element_type=\"widget\" data-widget_type=\"jet-listing-dynamic-terms.default\">\n<div class=\"elementor-widget-container\">\n<div class=\"jet-listing jet-listing-dynamic-terms\"><i class=\"jet-listing-dynamic-terms__icon fas fa-map-marker-alt\" aria-hidden=\"true\"><\/i><span class=\"jet-listing-dynamic-terms__link\">Ribeir\u00e3o Preto &#8211; SP<\/span><\/div>\n<\/p><\/div>\n<\/p><\/div>\n<\/p><\/div>\n<div class=\"elementor-element elementor-element-2cf5e99 elementor-widget elementor-widget-heading\" data-id=\"2cf5e99\" data-element_type=\"widget\" data-widget_type=\"heading.default\">\n<div class=\"elementor-widget-container\">\n<h2 class=\"elementor-heading-title elementor-size-default\"><a href=\"https:\/\/vagasemribeiraopreto.com.br\/vagas\/aprendiz-estoquista\/\">Aprendiz Estoquista<\/a><\/h2>\n<\/p><\/div>\n<\/p><\/div>\n<div data-dce-background-color=\"#00856D\" class=\"elementor-element elementor-element-dd28f4c elementor-align-center elementor-widget elementor-widget-button\" data-id=\"dd28f4c\" data-element_type=\"widget\" data-widget_type=\"button.default\">\n<div class=\"elementor-widget-container\">\n<div class=\"elementor-button-wrapper\">\n\t\t\t<a class=\"elementor-button elementor-button-link elementor-size-md\" href=\"https:\/\/vagasemribeiraopreto.com.br\/vagas\/aprendiz-estoquista\/\"><br \/>\n\t\t\t\t\t\t<span class=\"elementor-button-content-wrapper\"><br \/>\n\t\t\t\t\t\t<span class=\"elementor-button-icon elementor-align-icon-right\"><br \/>\n\t\t\t\t<i aria-hidden=\"true\" class=\"fas fa-angle-right\"><\/i>\t\t\t<\/span><br \/>\n\t\t\t\t\t\t\t\t\t<span class=\"elementor-button-text\">Ver mais<\/span><br \/>\n\t\t\t\t\t<\/span><br \/>\n\t\t\t\t\t<\/a>\n\t\t<\/div>\n<\/p><\/div>\n<\/p><\/div>\n<\/p><\/div>\n<\/p><\/div>\n<\/p><\/div>\n<\/p><\/div>\n<\/p><\/div>\n<div class=\"jet-listing-grid__item jet-listing-dynamic-post-938\" data-post-id=\"938\">\n<div data-elementor-type=\"jet-listing-items\" data-elementor-id=\"15\" class=\"elementor elementor-15\" data-elementor-post-type=\"jet-engine\">\n<div class=\"elementor-element elementor-element-ad78d7c e-flex e-con-boxed e-con e-parent\" data-id=\"ad78d7c\" data-element_type=\"container\" data-settings='{\"jet_parallax_layout_list\":[]}'>\n<div class=\"e-con-inner\">\n<div data-dce-background-color=\"#FFFFFF\" class=\"elementor-element elementor-element-bd94268 e-con-full e-flex e-con e-child\" data-id=\"bd94268\" data-element_type=\"container\" data-settings='{\"background_background\":\"classic\",\"jet_parallax_layout_list\":[]}'>\n<div class=\"elementor-element elementor-element-b5c8703 e-con-full e-flex e-con e-child\" data-id=\"b5c8703\" data-element_type=\"container\" data-settings='{\"jet_parallax_layout_list\":[]}'>\n<div class=\"elementor-element elementor-element-91318af elementor-widget elementor-widget-jet-listing-dynamic-terms\" data-id=\"91318af\" data-element_type=\"widget\" data-widget_type=\"jet-listing-dynamic-terms.default\">\n<div class=\"elementor-widget-container\">\n<div class=\"jet-listing jet-listing-dynamic-terms\"><i class=\"jet-listing-dynamic-terms__icon fas fa-map-marker-alt\" aria-hidden=\"true\"><\/i><span class=\"jet-listing-dynamic-terms__link\">Ribeir\u00e3o Preto &#8211; SP<\/span><\/div>\n<\/p><\/div>\n<\/p><\/div>\n<\/p><\/div>\n<div class=\"elementor-element elementor-element-2cf5e99 elementor-widget elementor-widget-heading\" data-id=\"2cf5e99\" data-element_type=\"widget\" data-widget_type=\"heading.default\">\n<div class=\"elementor-widget-container\">\n<h2 class=\"elementor-heading-title elementor-size-default\"><a href=\"https:\/\/vagasemribeiraopreto.com.br\/vagas\/fiscal-de-caixa\/\">FISCAL DE CAIXA<\/a><\/h2>\n<\/p><\/div>\n<\/p><\/div>\n<div data-dce-background-color=\"#00856D\" class=\"elementor-element elementor-element-dd28f4c elementor-align-center elementor-widget elementor-widget-button\" data-id=\"dd28f4c\" data-element_type=\"widget\" data-widget_type=\"button.default\">\n<div class=\"elementor-widget-container\">\n<div class=\"elementor-button-wrapper\">\n\t\t\t<a class=\"elementor-button elementor-button-link elementor-size-md\" href=\"https:\/\/vagasemribeiraopreto.com.br\/vagas\/fiscal-de-caixa\/\"><br \/>\n\t\t\t\t\t\t<span class=\"elementor-button-content-wrapper\"><br \/>\n\t\t\t\t\t\t<span class=\"elementor-button-icon elementor-align-icon-right\"><br \/>\n\t\t\t\t<i aria-hidden=\"true\" class=\"fas fa-angle-right\"><\/i>\t\t\t<\/span><br \/>\n\t\t\t\t\t\t\t\t\t<span class=\"elementor-button-text\">Ver mais<\/span><br \/>\n\t\t\t\t\t<\/span><br \/>\n\t\t\t\t\t<\/a>\n\t\t<\/div>\n<\/p><\/div>\n<\/p><\/div>\n<\/p><\/div>\n<\/p><\/div>\n<\/p><\/div>\n<\/p><\/div>\n<\/p><\/div>\n<div class=\"jet-listing-grid__item jet-listing-dynamic-post-936\" data-post-id=\"936\">\n<div data-elementor-type=\"jet-listing-items\" data-elementor-id=\"15\" class=\"elementor elementor-15\" data-elementor-post-type=\"jet-engine\">\n<div class=\"elementor-element elementor-element-ad78d7c e-flex e-con-boxed e-con e-parent\" data-id=\"ad78d7c\" data-element_type=\"container\" data-settings='{\"jet_parallax_layout_list\":[]}'>\n<div class=\"e-con-inner\">\n<div data-dce-background-color=\"#FFFFFF\" class=\"elementor-element elementor-element-bd94268 e-con-full e-flex e-con e-child\" data-id=\"bd94268\" data-element_type=\"container\" data-settings='{\"background_background\":\"classic\",\"jet_parallax_layout_list\":[]}'>\n<div class=\"elementor-element elementor-element-b5c8703 e-con-full e-flex e-con e-child\" data-id=\"b5c8703\" data-element_type=\"container\" data-settings='{\"jet_parallax_layout_list\":[]}'>\n<div class=\"elementor-element elementor-element-91318af elementor-widget elementor-widget-jet-listing-dynamic-terms\" data-id=\"91318af\" data-element_type=\"widget\" data-widget_type=\"jet-listing-dynamic-terms.default\">\n<div class=\"elementor-widget-container\">\n<div class=\"jet-listing jet-listing-dynamic-terms\"><i class=\"jet-listing-dynamic-terms__icon fas fa-map-marker-alt\" aria-hidden=\"true\"><\/i><span class=\"jet-listing-dynamic-terms__link\">Ribeir\u00e3o Preto &#8211; SP<\/span><\/div>\n<\/p><\/div>\n<\/p><\/div>\n<\/p><\/div>\n<div class=\"elementor-element elementor-element-2cf5e99 elementor-widget elementor-widget-heading\" data-id=\"2cf5e99\" data-element_type=\"widget\" data-widget_type=\"heading.default\">\n<div class=\"elementor-widget-container\">\n<h2 class=\"elementor-heading-title elementor-size-default\"><a href=\"https:\/\/vagasemribeiraopreto.com.br\/vagas\/vendedora\/\">Vendedor(a)<\/a><\/h2>\n<\/p><\/div>\n<\/p><\/div>\n<div data-dce-background-color=\"#00856D\" class=\"elementor-element elementor-element-dd28f4c elementor-align-center elementor-widget elementor-widget-button\" data-id=\"dd28f4c\" data-element_type=\"widget\" data-widget_type=\"button.default\">\n<div class=\"elementor-widget-container\">\n<div class=\"elementor-button-wrapper\">\n\t\t\t<a class=\"elementor-button elementor-button-link elementor-size-md\" href=\"https:\/\/vagasemribeiraopreto.com.br\/vagas\/vendedora\/\"><br \/>\n\t\t\t\t\t\t<span class=\"elementor-button-content-wrapper\"><br \/>\n\t\t\t\t\t\t<span class=\"elementor-button-icon elementor-align-icon-right\"><br \/>\n\t\t\t\t<i aria-hidden=\"true\" class=\"fas fa-angle-right\"><\/i>\t\t\t<\/span><br \/>\n\t\t\t\t\t\t\t\t\t<span class=\"elementor-button-text\">Ver mais<\/span><br \/>\n\t\t\t\t\t<\/span><br \/>\n\t\t\t\t\t<\/a>\n\t\t<\/div>\n<\/p><\/div>\n<\/p><\/div>\n<\/p><\/div>\n<\/p><\/div>\n<\/p><\/div>\n<\/p><\/div>\n<\/p><\/div>\n<div class=\"jet-listing-grid__item jet-listing-dynamic-post-933\" data-post-id=\"933\">\n<div data-elementor-type=\"jet-listing-items\" data-elementor-id=\"15\" class=\"elementor elementor-15\" data-elementor-post-type=\"jet-engine\">\n<div class=\"elementor-element elementor-element-ad78d7c e-flex e-con-boxed e-con e-parent\" data-id=\"ad78d7c\" data-element_type=\"container\" data-settings='{\"jet_parallax_layout_list\":[]}'>\n<div class=\"e-con-inner\">\n<div data-dce-background-color=\"#FFFFFF\" class=\"elementor-element elementor-element-bd94268 e-con-full e-flex e-con e-child\" data-id=\"bd94268\" data-element_type=\"container\" data-settings='{\"background_background\":\"classic\",\"jet_parallax_layout_list\":[]}'>\n<div class=\"elementor-element elementor-element-b5c8703 e-con-full e-flex e-con e-child\" data-id=\"b5c8703\" data-element_type=\"container\" data-settings='{\"jet_parallax_layout_list\":[]}'>\n<div class=\"elementor-element elementor-element-91318af elementor-widget elementor-widget-jet-listing-dynamic-terms\" data-id=\"91318af\" data-element_type=\"widget\" data-widget_type=\"jet-listing-dynamic-terms.default\">\n<div class=\"elementor-widget-container\">\n<div class=\"jet-listing jet-listing-dynamic-terms\"><i class=\"jet-listing-dynamic-terms__icon fas fa-map-marker-alt\" aria-hidden=\"true\"><\/i><span class=\"jet-listing-dynamic-terms__link\">Ribeir\u00e3o Preto &#8211; SP<\/span><\/div>\n<\/p><\/div>\n<\/p><\/div>\n<\/p><\/div>\n<div class=\"elementor-element elementor-element-2cf5e99 elementor-widget elementor-widget-heading\" data-id=\"2cf5e99\" data-element_type=\"widget\" data-widget_type=\"heading.default\">\n<div class=\"elementor-widget-container\">\n<h2 class=\"elementor-heading-title elementor-size-default\"><a href=\"https:\/\/vagasemribeiraopreto.com.br\/vagas\/agente-escolar\/\">AGENTE ESCOLAR<\/a><\/h2>\n<\/p><\/div>\n<\/p><\/div>\n<div data-dce-background-color=\"#00856D\" class=\"elementor-element elementor-element-dd28f4c elementor-align-center elementor-widget elementor-widget-button\" data-id=\"dd28f4c\" data-element_type=\"widget\" data-widget_type=\"button.default\">\n<div class=\"elementor-widget-container\">\n<div class=\"elementor-button-wrapper\">\n\t\t\t<a class=\"elementor-button elementor-button-link elementor-size-md\" href=\"https:\/\/vagasemribeiraopreto.com.br\/vagas\/agente-escolar\/\"><br \/>\n\t\t\t\t\t\t<span class=\"elementor-button-content-wrapper\"><br \/>\n\t\t\t\t\t\t<span class=\"elementor-button-icon elementor-align-icon-right\"><br \/>\n\t\t\t\t<i aria-hidden=\"true\" class=\"fas fa-angle-right\"><\/i>\t\t\t<\/span><br \/>\n\t\t\t\t\t\t\t\t\t<span class=\"elementor-button-text\">Ver mais<\/span><br \/>\n\t\t\t\t\t<\/span><br \/>\n\t\t\t\t\t<\/a>\n\t\t<\/div>\n<\/p><\/div>\n<\/p><\/div>\n<\/p><\/div>\n<\/p><\/div>\n<\/p><\/div>\n<\/p><\/div>\n<\/p><\/div>\n<div class=\"jet-listing-grid__item jet-listing-dynamic-post-929\" data-post-id=\"929\">\n<div data-elementor-type=\"jet-listing-items\" data-elementor-id=\"15\" class=\"elementor elementor-15\" data-elementor-post-type=\"jet-engine\">\n<div class=\"elementor-element elementor-element-ad78d7c e-flex e-con-boxed e-con e-parent\" data-id=\"ad78d7c\" data-element_type=\"container\" data-settings='{\"jet_parallax_layout_list\":[]}'>\n<div class=\"e-con-inner\">\n<div data-dce-background-color=\"#FFFFFF\" class=\"elementor-element elementor-element-bd94268 e-con-full e-flex e-con e-child\" data-id=\"bd94268\" data-element_type=\"container\" data-settings='{\"background_background\":\"classic\",\"jet_parallax_layout_list\":[]}'>\n<div class=\"elementor-element elementor-element-b5c8703 e-con-full e-flex e-con e-child\" data-id=\"b5c8703\" data-element_type=\"container\" data-settings='{\"jet_parallax_layout_list\":[]}'>\n<div class=\"elementor-element elementor-element-91318af elementor-widget elementor-widget-jet-listing-dynamic-terms\" data-id=\"91318af\" data-element_type=\"widget\" data-widget_type=\"jet-listing-dynamic-terms.default\">\n<div class=\"elementor-widget-container\">\n<div class=\"jet-listing jet-listing-dynamic-terms\"><i class=\"jet-listing-dynamic-terms__icon fas fa-map-marker-alt\" aria-hidden=\"true\"><\/i><span class=\"jet-listing-dynamic-terms__link\">Ribeir\u00e3o Preto &#8211; SP<\/span><\/div>\n<\/p><\/div>\n<\/p><\/div>\n<\/p><\/div>\n<div class=\"elementor-element elementor-element-2cf5e99 elementor-widget elementor-widget-heading\" data-id=\"2cf5e99\" data-element_type=\"widget\" data-widget_type=\"heading.default\">\n<div class=\"elementor-widget-container\">\n<h2 class=\"elementor-heading-title elementor-size-default\"><a href=\"https:\/\/vagasemribeiraopreto.com.br\/vagas\/operadora-de-telemarketing\/\">OPERADOR(A) DE TELEMARKETING<\/a><\/h2>\n<\/p><\/div>\n<\/p><\/div>\n<div data-dce-background-color=\"#00856D\" class=\"elementor-element elementor-element-dd28f4c elementor-align-center elementor-widget elementor-widget-button\" data-id=\"dd28f4c\" data-element_type=\"widget\" data-widget_type=\"button.default\">\n<div class=\"elementor-widget-container\">\n<div class=\"elementor-button-wrapper\">\n\t\t\t<a class=\"elementor-button elementor-button-link elementor-size-md\" href=\"https:\/\/vagasemribeiraopreto.com.br\/vagas\/operadora-de-telemarketing\/\"><br \/>\n\t\t\t\t\t\t<span class=\"elementor-button-content-wrapper\"><br \/>\n\t\t\t\t\t\t<span class=\"elementor-button-icon elementor-align-icon-right\"><br \/>\n\t\t\t\t<i aria-hidden=\"true\" class=\"fas fa-angle-right\"><\/i>\t\t\t<\/span><br \/>\n\t\t\t\t\t\t\t\t\t<span class=\"elementor-button-text\">Ver mais<\/span><br \/>\n\t\t\t\t\t<\/span><br \/>\n\t\t\t\t\t<\/a>\n\t\t<\/div>\n<\/p><\/div>\n<\/p><\/div>\n<\/p><\/div>\n<\/p><\/div>\n<\/p><\/div>\n<\/p><\/div>\n<\/p><\/div>\n<div class=\"jet-listing-grid__item jet-listing-dynamic-post-927\" data-post-id=\"927\">\n<div data-elementor-type=\"jet-listing-items\" data-elementor-id=\"15\" class=\"elementor elementor-15\" data-elementor-post-type=\"jet-engine\">\n<div class=\"elementor-element elementor-element-ad78d7c e-flex e-con-boxed e-con e-parent\" data-id=\"ad78d7c\" data-element_type=\"container\" data-settings='{\"jet_parallax_layout_list\":[]}'>\n<div class=\"e-con-inner\">\n<div data-dce-background-color=\"#FFFFFF\" class=\"elementor-element elementor-element-bd94268 e-con-full e-flex e-con e-child\" data-id=\"bd94268\" data-element_type=\"container\" data-settings='{\"background_background\":\"classic\",\"jet_parallax_layout_list\":[]}'>\n<div class=\"elementor-element elementor-element-b5c8703 e-con-full e-flex e-con e-child\" data-id=\"b5c8703\" data-element_type=\"container\" data-settings='{\"jet_parallax_layout_list\":[]}'>\n<div class=\"elementor-element elementor-element-91318af elementor-widget elementor-widget-jet-listing-dynamic-terms\" data-id=\"91318af\" data-element_type=\"widget\" data-widget_type=\"jet-listing-dynamic-terms.default\">\n<div class=\"elementor-widget-container\">\n<div class=\"jet-listing jet-listing-dynamic-terms\"><i class=\"jet-listing-dynamic-terms__icon fas fa-map-marker-alt\" aria-hidden=\"true\"><\/i><span class=\"jet-listing-dynamic-terms__link\">Ribeir\u00e3o Preto &#8211; SP<\/span><\/div>\n<\/p><\/div>\n<\/p><\/div>\n<\/p><\/div>\n<div class=\"elementor-element elementor-element-2cf5e99 elementor-widget elementor-widget-heading\" data-id=\"2cf5e99\" data-element_type=\"widget\" data-widget_type=\"heading.default\">\n<div class=\"elementor-widget-container\">\n<h2 class=\"elementor-heading-title elementor-size-default\"><a href=\"https:\/\/vagasemribeiraopreto.com.br\/vagas\/assistente-de-qualidade\/\">Assistente de Qualidade<\/a><\/h2>\n<\/p><\/div>\n<\/p><\/div>\n<div data-dce-background-color=\"#00856D\" class=\"elementor-element elementor-element-dd28f4c elementor-align-center elementor-widget elementor-widget-button\" data-id=\"dd28f4c\" data-element_type=\"widget\" data-widget_type=\"button.default\">\n<div class=\"elementor-widget-container\">\n<div class=\"elementor-button-wrapper\">\n\t\t\t<a class=\"elementor-button elementor-button-link elementor-size-md\" href=\"https:\/\/vagasemribeiraopreto.com.br\/vagas\/assistente-de-qualidade\/\"><br \/>\n\t\t\t\t\t\t<span class=\"elementor-button-content-wrapper\"><br \/>\n\t\t\t\t\t\t<span class=\"elementor-button-icon elementor-align-icon-right\"><br \/>\n\t\t\t\t<i aria-hidden=\"true\" class=\"fas fa-angle-right\"><\/i>\t\t\t<\/span><br \/>\n\t\t\t\t\t\t\t\t\t<span class=\"elementor-button-text\">Ver mais<\/span><br \/>\n\t\t\t\t\t<\/span><br \/>\n\t\t\t\t\t<\/a>\n\t\t<\/div>\n<\/p><\/div>\n<\/p><\/div>\n<\/p><\/div>\n<\/p><\/div>\n<\/p><\/div>\n<\/p><\/div>\n<\/p><\/div>\n<div class=\"jet-listing-grid__item jet-listing-dynamic-post-925\" data-post-id=\"925\">\n<div data-elementor-type=\"jet-listing-items\" data-elementor-id=\"15\" class=\"elementor elementor-15\" data-elementor-post-type=\"jet-engine\">\n<div class=\"elementor-element elementor-element-ad78d7c e-flex e-con-boxed e-con e-parent\" data-id=\"ad78d7c\" data-element_type=\"container\" data-settings='{\"jet_parallax_layout_list\":[]}'>\n<div class=\"e-con-inner\">\n<div data-dce-background-color=\"#FFFFFF\" class=\"elementor-element elementor-element-bd94268 e-con-full e-flex e-con e-child\" data-id=\"bd94268\" data-element_type=\"container\" data-settings='{\"background_background\":\"classic\",\"jet_parallax_layout_list\":[]}'>\n<div class=\"elementor-element elementor-element-b5c8703 e-con-full e-flex e-con e-child\" data-id=\"b5c8703\" data-element_type=\"container\" data-settings='{\"jet_parallax_layout_list\":[]}'>\n<div class=\"elementor-element elementor-element-91318af elementor-widget elementor-widget-jet-listing-dynamic-terms\" data-id=\"91318af\" data-element_type=\"widget\" data-widget_type=\"jet-listing-dynamic-terms.default\">\n<div class=\"elementor-widget-container\">\n<div class=\"jet-listing jet-listing-dynamic-terms\"><i class=\"jet-listing-dynamic-terms__icon fas fa-map-marker-alt\" aria-hidden=\"true\"><\/i><span class=\"jet-listing-dynamic-terms__link\">Ribeir\u00e3o Preto &#8211; SP<\/span><\/div>\n<\/p><\/div>\n<\/p><\/div>\n<\/p><\/div>\n<div class=\"elementor-element elementor-element-2cf5e99 elementor-widget elementor-widget-heading\" data-id=\"2cf5e99\" data-element_type=\"widget\" data-widget_type=\"heading.default\">\n<div class=\"elementor-widget-container\">\n<h2 class=\"elementor-heading-title elementor-size-default\"><a href=\"https:\/\/vagasemribeiraopreto.com.br\/vagas\/vendedora-3\/\">Vendedor(a)<\/a><\/h2>\n<\/p><\/div>\n<\/p><\/div>\n<div data-dce-background-color=\"#00856D\" class=\"elementor-element elementor-element-dd28f4c elementor-align-center elementor-widget elementor-widget-button\" data-id=\"dd28f4c\" data-element_type=\"widget\" data-widget_type=\"button.default\">\n<div class=\"elementor-widget-container\">\n<div class=\"elementor-button-wrapper\">\n\t\t\t<a class=\"elementor-button elementor-button-link elementor-size-md\" href=\"https:\/\/vagasemribeiraopreto.com.br\/vagas\/vendedora-3\/\"><br \/>\n\t\t\t\t\t\t<span class=\"elementor-button-content-wrapper\"><br \/>\n\t\t\t\t\t\t<span class=\"elementor-button-icon elementor-align-icon-right\"><br \/>\n\t\t\t\t<i aria-hidden=\"true\" class=\"fas fa-angle-right\"><\/i>\t\t\t<\/span><br \/>\n\t\t\t\t\t\t\t\t\t<span class=\"elementor-button-text\">Ver mais<\/span><br \/>\n\t\t\t\t\t<\/span><br \/>\n\t\t\t\t\t<\/a>\n\t\t<\/div>\n<\/p><\/div>\n<\/p><\/div>\n<\/p><\/div>\n<\/p><\/div>\n<\/p><\/div>\n<\/p><\/div>\n<\/p><\/div>\n<div class=\"jet-listing-grid__item jet-listing-dynamic-post-921\" data-post-id=\"921\">\n<div data-elementor-type=\"jet-listing-items\" data-elementor-id=\"15\" class=\"elementor elementor-15\" data-elementor-post-type=\"jet-engine\">\n<div class=\"elementor-element elementor-element-ad78d7c e-flex e-con-boxed e-con e-parent\" data-id=\"ad78d7c\" data-element_type=\"container\" data-settings='{\"jet_parallax_layout_list\":[]}'>\n<div class=\"e-con-inner\">\n<div data-dce-background-color=\"#FFFFFF\" class=\"elementor-element elementor-element-bd94268 e-con-full e-flex e-con e-child\" data-id=\"bd94268\" data-element_type=\"container\" data-settings='{\"background_background\":\"classic\",\"jet_parallax_layout_list\":[]}'>\n<div class=\"elementor-element elementor-element-b5c8703 e-con-full e-flex e-con e-child\" data-id=\"b5c8703\" data-element_type=\"container\" data-settings='{\"jet_parallax_layout_list\":[]}'>\n<div class=\"elementor-element elementor-element-91318af elementor-widget elementor-widget-jet-listing-dynamic-terms\" data-id=\"91318af\" data-element_type=\"widget\" data-widget_type=\"jet-listing-dynamic-terms.default\">\n<div class=\"elementor-widget-container\">\n<div class=\"jet-listing jet-listing-dynamic-terms\"><i class=\"jet-listing-dynamic-terms__icon fas fa-map-marker-alt\" aria-hidden=\"true\"><\/i><span class=\"jet-listing-dynamic-terms__link\">Ribeir\u00e3o Preto &#8211; SP<\/span><\/div>\n<\/p><\/div>\n<\/p><\/div>\n<\/p><\/div>\n<div class=\"elementor-element elementor-element-2cf5e99 elementor-widget elementor-widget-heading\" data-id=\"2cf5e99\" data-element_type=\"widget\" data-widget_type=\"heading.default\">\n<div class=\"elementor-widget-container\">\n<h2 class=\"elementor-heading-title elementor-size-default\"><a href=\"https:\/\/vagasemribeiraopreto.com.br\/vagas\/conferente-logistico\/\">Conferente Log\u00edstico<\/a><\/h2>\n<\/p><\/div>\n<\/p><\/div>\n<div data-dce-background-color=\"#00856D\" class=\"elementor-element elementor-element-dd28f4c elementor-align-center elementor-widget elementor-widget-button\" data-id=\"dd28f4c\" data-element_type=\"widget\" data-widget_type=\"button.default\">\n<div class=\"elementor-widget-container\">\n<div class=\"elementor-button-wrapper\">\n\t\t\t<a class=\"elementor-button elementor-button-link elementor-size-md\" href=\"https:\/\/vagasemribeiraopreto.com.br\/vagas\/conferente-logistico\/\"><br \/>\n\t\t\t\t\t\t<span class=\"elementor-button-content-wrapper\"><br \/>\n\t\t\t\t\t\t<span class=\"elementor-button-icon elementor-align-icon-right\"><br \/>\n\t\t\t\t<i aria-hidden=\"true\" class=\"fas fa-angle-right\"><\/i>\t\t\t<\/span><br \/>\n\t\t\t\t\t\t\t\t\t<span class=\"elementor-button-text\">Ver mais<\/span><br \/>\n\t\t\t\t\t<\/span><br \/>\n\t\t\t\t\t<\/a>\n\t\t<\/div>\n<\/p><\/div>\n<\/p><\/div>\n<\/p><\/div>\n<\/p><\/div>\n<\/p><\/div>\n<\/p><\/div>\n<\/p><\/div>\n<div class=\"jet-listing-grid__item jet-listing-dynamic-post-917\" data-post-id=\"917\">\n<div data-elementor-type=\"jet-listing-items\" data-elementor-id=\"15\" class=\"elementor elementor-15\" data-elementor-post-type=\"jet-engine\">\n<div class=\"elementor-element elementor-element-ad78d7c e-flex e-con-boxed e-con e-parent\" data-id=\"ad78d7c\" data-element_type=\"container\" data-settings='{\"jet_parallax_layout_list\":[]}'>\n<div class=\"e-con-inner\">\n<div data-dce-background-color=\"#FFFFFF\" class=\"elementor-element elementor-element-bd94268 e-con-full e-flex e-con e-child\" data-id=\"bd94268\" data-element_type=\"container\" data-settings='{\"background_background\":\"classic\",\"jet_parallax_layout_list\":[]}'>\n<div class=\"elementor-element elementor-element-b5c8703 e-con-full e-flex e-con e-child\" data-id=\"b5c8703\" data-element_type=\"container\" data-settings='{\"jet_parallax_layout_list\":[]}'>\n<div class=\"elementor-element elementor-element-91318af elementor-widget elementor-widget-jet-listing-dynamic-terms\" data-id=\"91318af\" data-element_type=\"widget\" data-widget_type=\"jet-listing-dynamic-terms.default\">\n<div class=\"elementor-widget-container\">\n<div class=\"jet-listing jet-listing-dynamic-terms\"><i class=\"jet-listing-dynamic-terms__icon fas fa-map-marker-alt\" aria-hidden=\"true\"><\/i><span class=\"jet-listing-dynamic-terms__link\">Ribeir\u00e3o Preto &#8211; SP<\/span><\/div>\n<\/p><\/div>\n<\/p><\/div>\n<\/p><\/div>\n<div class=\"elementor-element elementor-element-2cf5e99 elementor-widget elementor-widget-heading\" data-id=\"2cf5e99\" data-element_type=\"widget\" data-widget_type=\"heading.default\">\n<div class=\"elementor-widget-container\">\n<h2 class=\"elementor-heading-title elementor-size-default\"><a href=\"https:\/\/vagasemribeiraopreto.com.br\/vagas\/operadora-de-telesservicos-atendimento\/\">OPERADOR(A) DE TELESSERVI\u00c7OS\/ATENDIMENTO<\/a><\/h2>\n<\/p><\/div>\n<\/p><\/div>\n<div data-dce-background-color=\"#00856D\" class=\"elementor-element elementor-element-dd28f4c elementor-align-center elementor-widget elementor-widget-button\" data-id=\"dd28f4c\" data-element_type=\"widget\" data-widget_type=\"button.default\">\n<div class=\"elementor-widget-container\">\n<div class=\"elementor-button-wrapper\">\n\t\t\t<a class=\"elementor-button elementor-button-link elementor-size-md\" href=\"https:\/\/vagasemribeiraopreto.com.br\/vagas\/operadora-de-telesservicos-atendimento\/\"><br \/>\n\t\t\t\t\t\t<span class=\"elementor-button-content-wrapper\"><br \/>\n\t\t\t\t\t\t<span class=\"elementor-button-icon elementor-align-icon-right\"><br \/>\n\t\t\t\t<i aria-hidden=\"true\" class=\"fas fa-angle-right\"><\/i>\t\t\t<\/span><br \/>\n\t\t\t\t\t\t\t\t\t<span class=\"elementor-button-text\">Ver mais<\/span><br \/>\n\t\t\t\t\t<\/span><br \/>\n\t\t\t\t\t<\/a>\n\t\t<\/div>\n<\/p><\/div>\n<\/p><\/div>\n<\/p><\/div>\n<\/p><\/div>\n<\/p><\/div>\n<\/p><\/div>\n<\/p><\/div>\n<div class=\"jet-listing-grid__item jet-listing-dynamic-post-571\" data-post-id=\"571\">\n<div data-elementor-type=\"jet-listing-items\" data-elementor-id=\"15\" class=\"elementor elementor-15\" data-elementor-post-type=\"jet-engine\">\n<div class=\"elementor-element elementor-element-ad78d7c e-flex e-con-boxed e-con e-parent\" data-id=\"ad78d7c\" data-element_type=\"container\" data-settings='{\"jet_parallax_layout_list\":[]}'>\n<div class=\"e-con-inner\">\n<div data-dce-background-color=\"#FFFFFF\" class=\"elementor-element elementor-element-bd94268 e-con-full e-flex e-con e-child\" data-id=\"bd94268\" data-element_type=\"container\" data-settings='{\"background_background\":\"classic\",\"jet_parallax_layout_list\":[]}'>\n<div class=\"elementor-element elementor-element-b5c8703 e-con-full e-flex e-con e-child\" data-id=\"b5c8703\" data-element_type=\"container\" data-settings='{\"jet_parallax_layout_list\":[]}'>\n<div class=\"elementor-element elementor-element-91318af elementor-widget elementor-widget-jet-listing-dynamic-terms\" data-id=\"91318af\" data-element_type=\"widget\" data-widget_type=\"jet-listing-dynamic-terms.default\">\n<div class=\"elementor-widget-container\">\n<div class=\"jet-listing jet-listing-dynamic-terms\"><i class=\"jet-listing-dynamic-terms__icon fas fa-map-marker-alt\" aria-hidden=\"true\"><\/i><span class=\"jet-listing-dynamic-terms__link\">Ribeir\u00e3o Preto &#8211; SP<\/span><\/div>\n<\/p><\/div>\n<\/p><\/div>\n<\/p><\/div>\n<div class=\"elementor-element elementor-element-2cf5e99 elementor-widget elementor-widget-heading\" data-id=\"2cf5e99\" data-element_type=\"widget\" data-widget_type=\"heading.default\">\n<div class=\"elementor-widget-container\">\n<h2 class=\"elementor-heading-title elementor-size-default\"><a href=\"https:\/\/vagasemribeiraopreto.com.br\/vagas\/assistente-de-vendas\/\">Assistente de Vendas<\/a><\/h2>\n<\/p><\/div>\n<\/p><\/div>\n<div data-dce-background-color=\"#00856D\" class=\"elementor-element elementor-element-dd28f4c elementor-align-center elementor-widget elementor-widget-button\" data-id=\"dd28f4c\" data-element_type=\"widget\" data-widget_type=\"button.default\">\n<div class=\"elementor-widget-container\">\n<div class=\"elementor-button-wrapper\">\n\t\t\t<a class=\"elementor-button elementor-button-link elementor-size-md\" href=\"https:\/\/vagasemribeiraopreto.com.br\/vagas\/assistente-de-vendas\/\"><br \/>\n\t\t\t\t\t\t<span class=\"elementor-button-content-wrapper\"><br \/>\n\t\t\t\t\t\t<span class=\"elementor-button-icon elementor-align-icon-right\"><br \/>\n\t\t\t\t<i aria-hidden=\"true\" class=\"fas fa-angle-right\"><\/i>\t\t\t<\/span><br \/>\n\t\t\t\t\t\t\t\t\t<span class=\"elementor-button-text\">Ver mais<\/span><br \/>\n\t\t\t\t\t<\/span><br \/>\n\t\t\t\t\t<\/a>\n\t\t<\/div>\n<\/p><\/div>\n<\/p><\/div>\n<\/p><\/div>\n<\/p><\/div>\n<\/p><\/div>\n<\/p><\/div>\n<\/p><\/div>\n<\/div>\n<\/div><\/div>\n<\/p><\/div>\n<div class=\"elementor-element elementor-element-f2e2dd2 elementor-widget elementor-widget-jet-smart-filters-pagination\" data-id=\"f2e2dd2\" data-element_type=\"widget\" data-widget_type=\"jet-smart-filters-pagination.default\">\n<div class=\"elementor-widget-container\">\n<div class=\"jet-smart-filters-pagination jet-filter\" data-apply-provider=\"jet-engine\" data-content-provider=\"jet-engine\" data-query-id=\"mais\" data-controls='{\"items_enabled\":true,\"pages_mid_size\":0,\"pages_end_size\":0,\"nav_enabled\":false,\"load_more_enabled\":false,\"provider_top_offset\":0}' data-apply-type=\"ajax\"><\/div>\n<\/p><\/div>\n<\/p><\/div>\n<\/p><\/div>\n<\/p><\/div>\n<!-- CONTENT END 1 -->\n","protected":false},"excerpt":{"rendered":"<p>Lista de Vagas em Ribeir\u00e3o Preto Ribeir\u00e3o Preto &#8211; SP Assistente de Planejamento Ver mais Ribeir\u00e3o Preto &#8211; SP Vendedor(a) de Cal\u00e7ados Ver mais Ribeir\u00e3o&#8230;<\/p>\n","protected":false},"author":1,"featured_media":47090,"comment_status":"open","ping_status":"open","sticky":false,"template":"","format":"standard","meta":{"advanced_seo_description":"","jetpack_seo_html_title":"","jetpack_seo_noindex":false,"jetpack_post_was_ever_published":false,"_jetpack_newsletter_access":"","_jetpack_dont_email_post_to_subs":false,"_jetpack_newsletter_tier_id":0,"_jetpack_memberships_contains_paywalled_content":false,"_jetpack_memberships_contains_paid_content":false,"footnotes":"","jetpack_publicize_message":"","jetpack_publicize_feature_enabled":true,"jetpack_social_post_already_shared":true,"jetpack_social_options":{"image_generator_settings":{"template":"highway","default_image_id":0,"font":"","enabled":false},"version":2}},"categories":[7],"tags":[],"class_list":["post-47089","post","type-post","status-publish","format-standard","has-post-thumbnail","hentry","category-vagas-de-empregos-em-ribeirao-preto-regiao-brasil"],"jetpack_publicize_connections":[],"jetpack_featured_media_url":"https:\/\/i0.wp.com\/noticiasribeiraopreto.com.br\/wp-content\/uploads\/2024\/04\/1713789957_images.jpeg?fit=300%2C168&ssl=1","jetpack-related-posts":[{"id":16872,"url":"https:\/\/noticiasribeiraopreto.com.br\/index.php\/2023\/12\/16\/vagas-em-ribeirao-preto-destaques-2\/","url_meta":{"origin":47089,"position":0},"title":"Vagas em Ribeir\u00e3o Preto: Destaques","author":"noticiasribeiraopreto.com.br","date":"16 de December de 2023","format":false,"excerpt":"Lista de Vagas em Ribeir\u00e3o Preto","rel":"","context":"In &quot;Vagas de Emprego em Ribeir\u00e3o Preto-SP&quot;","block_context":{"text":"Vagas de Emprego em Ribeir\u00e3o Preto-SP","link":"https:\/\/noticiasribeiraopreto.com.br\/index.php\/category\/empregos-classificados-vagas-trabalho\/vagas-de-empregos-em-ribeirao-preto-regiao-brasil\/"},"img":{"alt_text":"","src":"https:\/\/i0.wp.com\/noticiasribeiraopreto.com.br\/wp-content\/uploads\/2023\/12\/1702762513_maxresdefault.jpg?fit=1200%2C675&ssl=1&resize=350%2C200","width":350,"height":200,"srcset":"https:\/\/i0.wp.com\/noticiasribeiraopreto.com.br\/wp-content\/uploads\/2023\/12\/1702762513_maxresdefault.jpg?fit=1200%2C675&ssl=1&resize=350%2C200 1x, https:\/\/i0.wp.com\/noticiasribeiraopreto.com.br\/wp-content\/uploads\/2023\/12\/1702762513_maxresdefault.jpg?fit=1200%2C675&ssl=1&resize=525%2C300 1.5x, https:\/\/i0.wp.com\/noticiasribeiraopreto.com.br\/wp-content\/uploads\/2023\/12\/1702762513_maxresdefault.jpg?fit=1200%2C675&ssl=1&resize=700%2C400 2x, https:\/\/i0.wp.com\/noticiasribeiraopreto.com.br\/wp-content\/uploads\/2023\/12\/1702762513_maxresdefault.jpg?fit=1200%2C675&ssl=1&resize=1050%2C600 3x"},"classes":[]},{"id":35823,"url":"https:\/\/noticiasribeiraopreto.com.br\/index.php\/2024\/02\/07\/vagas-em-ribeirao-preto-destaques-4\/","url_meta":{"origin":47089,"position":1},"title":"Vagas em Ribeir\u00e3o Preto: Destaques","author":"noticiasribeiraopreto.com.br","date":"7 de February de 2024","format":false,"excerpt":"Lista de Vagas em Ribeir\u00e3o Preto Ribeir\u00e3o Preto - SP Auxiliar de Estoque Ver mais Ribeir\u00e3o Preto - SP Gerente de Loja Ver mais Ribeir\u00e3o Preto - SP Santa Casa de Ribeir\u00e3o Preto: Confira as vagas dispon\u00edveis Ver mais Ribeir\u00e3o Preto - SP Balconista Ver mais Ribeir\u00e3o Preto - SP\u2026","rel":"","context":"In &quot;Vagas de Emprego em Ribeir\u00e3o Preto-SP&quot;","block_context":{"text":"Vagas de Emprego em Ribeir\u00e3o Preto-SP","link":"https:\/\/noticiasribeiraopreto.com.br\/index.php\/category\/empregos-classificados-vagas-trabalho\/vagas-de-empregos-em-ribeirao-preto-regiao-brasil\/"},"img":{"alt_text":"","src":"https:\/\/i0.wp.com\/noticiasribeiraopreto.com.br\/wp-content\/uploads\/2024\/02\/1707332188_maxresdefault.jpg?fit=1200%2C675&ssl=1&resize=350%2C200","width":350,"height":200,"srcset":"https:\/\/i0.wp.com\/noticiasribeiraopreto.com.br\/wp-content\/uploads\/2024\/02\/1707332188_maxresdefault.jpg?fit=1200%2C675&ssl=1&resize=350%2C200 1x, https:\/\/i0.wp.com\/noticiasribeiraopreto.com.br\/wp-content\/uploads\/2024\/02\/1707332188_maxresdefault.jpg?fit=1200%2C675&ssl=1&resize=525%2C300 1.5x, https:\/\/i0.wp.com\/noticiasribeiraopreto.com.br\/wp-content\/uploads\/2024\/02\/1707332188_maxresdefault.jpg?fit=1200%2C675&ssl=1&resize=700%2C400 2x, https:\/\/i0.wp.com\/noticiasribeiraopreto.com.br\/wp-content\/uploads\/2024\/02\/1707332188_maxresdefault.jpg?fit=1200%2C675&ssl=1&resize=1050%2C600 3x"},"classes":[]},{"id":14913,"url":"https:\/\/noticiasribeiraopreto.com.br\/index.php\/2023\/12\/12\/vagas-em-ribeirao-preto-destaques\/","url_meta":{"origin":47089,"position":2},"title":"Vagas em Ribeir\u00e3o Preto: Destaques","author":"noticiasribeiraopreto.com.br","date":"12 de December de 2023","format":false,"excerpt":"Vagas em Ribeir\u00e3o Preto: Destaques No data was found Lista de Vagas em Ribeir\u00e3o Preto Ribeir\u00e3o Preto - SP Cacau Show- Consultor Comercial Ver mais Ribeir\u00e3o Preto - SP Vendedor | Vans Ribeir\u00e3o Ver mais Ribeir\u00e3o Preto - SP MR. KITSCH \u2013 Vendedor(a) Ver mais Ribeir\u00e3o Preto - SP OCULARIUM\u2026","rel":"","context":"In &quot;Vagas de Emprego em Ribeir\u00e3o Preto-SP&quot;","block_context":{"text":"Vagas de Emprego em Ribeir\u00e3o Preto-SP","link":"https:\/\/noticiasribeiraopreto.com.br\/index.php\/category\/empregos-classificados-vagas-trabalho\/vagas-de-empregos-em-ribeirao-preto-regiao-brasil\/"},"img":{"alt_text":"","src":"https:\/\/i0.wp.com\/noticiasribeiraopreto.com.br\/wp-content\/uploads\/2023\/12\/1702416303_maxresdefault.jpg?fit=1200%2C675&ssl=1&resize=350%2C200","width":350,"height":200,"srcset":"https:\/\/i0.wp.com\/noticiasribeiraopreto.com.br\/wp-content\/uploads\/2023\/12\/1702416303_maxresdefault.jpg?fit=1200%2C675&ssl=1&resize=350%2C200 1x, https:\/\/i0.wp.com\/noticiasribeiraopreto.com.br\/wp-content\/uploads\/2023\/12\/1702416303_maxresdefault.jpg?fit=1200%2C675&ssl=1&resize=525%2C300 1.5x, https:\/\/i0.wp.com\/noticiasribeiraopreto.com.br\/wp-content\/uploads\/2023\/12\/1702416303_maxresdefault.jpg?fit=1200%2C675&ssl=1&resize=700%2C400 2x, https:\/\/i0.wp.com\/noticiasribeiraopreto.com.br\/wp-content\/uploads\/2023\/12\/1702416303_maxresdefault.jpg?fit=1200%2C675&ssl=1&resize=1050%2C600 3x"},"classes":[]},{"id":40777,"url":"https:\/\/noticiasribeiraopreto.com.br\/index.php\/2024\/03\/05\/vagas-em-ribeirao-preto-destaques-5\/","url_meta":{"origin":47089,"position":3},"title":"Vagas em Ribeir\u00e3o Preto: Destaques","author":"noticiasribeiraopreto.com.br","date":"5 de March de 2024","format":false,"excerpt":"Lista de Vagas em Ribeir\u00e3o Preto Ribeir\u00e3o Preto - SP Auxiliar L\u00edder de dep\u00f3sito Ver mais Ribeir\u00e3o Preto - SP Atendente Ver mais Ribeir\u00e3o Preto - SP OPERADOR(A) DE TELESERVI\u00c7OS \/ ATENDIMENTO Ver mais Ribeir\u00e3o Preto - SP Auxiliar DP Ver mais Ribeir\u00e3o Preto - SP Operador(a) Produ\u00e7\u00e3o I Ver\u2026","rel":"","context":"In &quot;Vagas de Emprego em Ribeir\u00e3o Preto-SP&quot;","block_context":{"text":"Vagas de Emprego em Ribeir\u00e3o Preto-SP","link":"https:\/\/noticiasribeiraopreto.com.br\/index.php\/category\/empregos-classificados-vagas-trabalho\/vagas-de-empregos-em-ribeirao-preto-regiao-brasil\/"},"img":{"alt_text":"","src":"https:\/\/i0.wp.com\/noticiasribeiraopreto.com.br\/wp-content\/uploads\/2024\/03\/1709665072_maxresdefault.jpg?fit=1200%2C675&ssl=1&resize=350%2C200","width":350,"height":200,"srcset":"https:\/\/i0.wp.com\/noticiasribeiraopreto.com.br\/wp-content\/uploads\/2024\/03\/1709665072_maxresdefault.jpg?fit=1200%2C675&ssl=1&resize=350%2C200 1x, https:\/\/i0.wp.com\/noticiasribeiraopreto.com.br\/wp-content\/uploads\/2024\/03\/1709665072_maxresdefault.jpg?fit=1200%2C675&ssl=1&resize=525%2C300 1.5x, https:\/\/i0.wp.com\/noticiasribeiraopreto.com.br\/wp-content\/uploads\/2024\/03\/1709665072_maxresdefault.jpg?fit=1200%2C675&ssl=1&resize=700%2C400 2x, https:\/\/i0.wp.com\/noticiasribeiraopreto.com.br\/wp-content\/uploads\/2024\/03\/1709665072_maxresdefault.jpg?fit=1200%2C675&ssl=1&resize=1050%2C600 3x"},"classes":[]},{"id":14848,"url":"https:\/\/noticiasribeiraopreto.com.br\/index.php\/2023\/12\/12\/20-vagas-de-empregos-entre-e-veja-oportunidades-de-trabalho-em-ribeirao-preto-sp\/","url_meta":{"origin":47089,"position":4},"title":"20 vagas de empregos: entre e veja oportunidades de trabalho em Ribeir\u00e3o Preto-SP","author":"noticiasribeiraopreto.com.br","date":"12 de December de 2023","format":false,"excerpt":"Vagas em Ribeir\u00e3o Preto: Destaques No data was found Lista de Vagas em Ribeir\u00e3o Preto Ribeir\u00e3o Preto - SP Cacau Show- Consultor Comercial Ver mais Ribeir\u00e3o Preto - SP Vendedor | Vans Ribeir\u00e3o Ver mais Ribeir\u00e3o Preto - SP MR. KITSCH \u2013 Vendedor(a) Ver mais Ribeir\u00e3o Preto - SP OCULARIUM\u2026","rel":"","context":"In &quot;Vagas de Emprego em Ribeir\u00e3o Preto-SP&quot;","block_context":{"text":"Vagas de Emprego em Ribeir\u00e3o Preto-SP","link":"https:\/\/noticiasribeiraopreto.com.br\/index.php\/category\/empregos-classificados-vagas-trabalho\/vagas-de-empregos-em-ribeirao-preto-regiao-brasil\/"},"img":{"alt_text":"","src":"https:\/\/i0.wp.com\/noticiasribeiraopreto.com.br\/wp-content\/uploads\/2023\/12\/1702407740_maxresdefault.jpg?fit=1200%2C675&ssl=1&resize=350%2C200","width":350,"height":200,"srcset":"https:\/\/i0.wp.com\/noticiasribeiraopreto.com.br\/wp-content\/uploads\/2023\/12\/1702407740_maxresdefault.jpg?fit=1200%2C675&ssl=1&resize=350%2C200 1x, https:\/\/i0.wp.com\/noticiasribeiraopreto.com.br\/wp-content\/uploads\/2023\/12\/1702407740_maxresdefault.jpg?fit=1200%2C675&ssl=1&resize=525%2C300 1.5x, https:\/\/i0.wp.com\/noticiasribeiraopreto.com.br\/wp-content\/uploads\/2023\/12\/1702407740_maxresdefault.jpg?fit=1200%2C675&ssl=1&resize=700%2C400 2x, https:\/\/i0.wp.com\/noticiasribeiraopreto.com.br\/wp-content\/uploads\/2023\/12\/1702407740_maxresdefault.jpg?fit=1200%2C675&ssl=1&resize=1050%2C600 3x"},"classes":[]},{"id":27147,"url":"https:\/\/noticiasribeiraopreto.com.br\/index.php\/2024\/01\/11\/vagas-em-ribeirao-preto-destaques-3\/","url_meta":{"origin":47089,"position":5},"title":"Vagas em Ribeir\u00e3o Preto: Destaques","author":"noticiasribeiraopreto.com.br","date":"11 de January de 2024","format":false,"excerpt":"Lista de Vagas em Ribeir\u00e3o Preto Ribeir\u00e3o Preto - SP AMBEV \u2013 Vendas \u2013 Representante de Neg\u00f3cio II Ver mais Ribeir\u00e3o Preto - SP L\u00edder de Cart\u00e3o Ver mais Ribeir\u00e3o Preto - SP Comercial | Gerente de Neg\u00f3cios I Ver mais Ribeir\u00e3o Preto - SP Santa Casa de Ribeir\u00e3o Preto:\u2026","rel":"","context":"In &quot;Vagas de Emprego em Ribeir\u00e3o Preto-SP&quot;","block_context":{"text":"Vagas de Emprego em Ribeir\u00e3o Preto-SP","link":"https:\/\/noticiasribeiraopreto.com.br\/index.php\/category\/empregos-classificados-vagas-trabalho\/vagas-de-empregos-em-ribeirao-preto-regiao-brasil\/"},"img":{"alt_text":"","src":"https:\/\/i0.wp.com\/noticiasribeiraopreto.com.br\/wp-content\/uploads\/2024\/01\/1704997367_maxresdefault.jpg?fit=1200%2C675&ssl=1&resize=350%2C200","width":350,"height":200,"srcset":"https:\/\/i0.wp.com\/noticiasribeiraopreto.com.br\/wp-content\/uploads\/2024\/01\/1704997367_maxresdefault.jpg?fit=1200%2C675&ssl=1&resize=350%2C200 1x, https:\/\/i0.wp.com\/noticiasribeiraopreto.com.br\/wp-content\/uploads\/2024\/01\/1704997367_maxresdefault.jpg?fit=1200%2C675&ssl=1&resize=525%2C300 1.5x, https:\/\/i0.wp.com\/noticiasribeiraopreto.com.br\/wp-content\/uploads\/2024\/01\/1704997367_maxresdefault.jpg?fit=1200%2C675&ssl=1&resize=700%2C400 2x, https:\/\/i0.wp.com\/noticiasribeiraopreto.com.br\/wp-content\/uploads\/2024\/01\/1704997367_maxresdefault.jpg?fit=1200%2C675&ssl=1&resize=1050%2C600 3x"},"classes":[]}],"jetpack_sharing_enabled":true,"jetpack_shortlink":"https:\/\/wp.me\/peQAOb-cfv","_links":{"self":[{"href":"https:\/\/noticiasribeiraopreto.com.br\/index.php\/wp-json\/wp\/v2\/posts\/47089","targetHints":{"allow":["GET"]}}],"collection":[{"href":"https:\/\/noticiasribeiraopreto.com.br\/index.php\/wp-json\/wp\/v2\/posts"}],"about":[{"href":"https:\/\/noticiasribeiraopreto.com.br\/index.php\/wp-json\/wp\/v2\/types\/post"}],"author":[{"embeddable":true,"href":"https:\/\/noticiasribeiraopreto.com.br\/index.php\/wp-json\/wp\/v2\/users\/1"}],"replies":[{"embeddable":true,"href":"https:\/\/noticiasribeiraopreto.com.br\/index.php\/wp-json\/wp\/v2\/comments?post=47089"}],"version-history":[{"count":0,"href":"https:\/\/noticiasribeiraopreto.com.br\/index.php\/wp-json\/wp\/v2\/posts\/47089\/revisions"}],"wp:featuredmedia":[{"embeddable":true,"href":"https:\/\/noticiasribeiraopreto.com.br\/index.php\/wp-json\/wp\/v2\/media\/47090"}],"wp:attachment":[{"href":"https:\/\/noticiasribeiraopreto.com.br\/index.php\/wp-json\/wp\/v2\/media?parent=47089"}],"wp:term":[{"taxonomy":"category","embeddable":true,"href":"https:\/\/noticiasribeiraopreto.com.br\/index.php\/wp-json\/wp\/v2\/categories?post=47089"},{"taxonomy":"post_tag","embeddable":true,"href":"https:\/\/noticiasribeiraopreto.com.br\/index.php\/wp-json\/wp\/v2\/tags?post=47089"}],"curies":[{"name":"wp","href":"https:\/\/api.w.org\/{rel}","templated":true}]}}