{"id":47105,"date":"2024-04-22T10:02:23","date_gmt":"2024-04-22T13:02:23","guid":{"rendered":"https:\/\/noticiasribeiraopreto.com.br\/index.php\/2024\/04\/22\/contrata-se-auxiliar-administrativo\/"},"modified":"2024-04-22T10:02:23","modified_gmt":"2024-04-22T13:02:23","slug":"contrata-se-auxiliar-administrativo","status":"publish","type":"post","link":"https:\/\/noticiasribeiraopreto.com.br\/index.php\/2024\/04\/22\/contrata-se-auxiliar-administrativo\/","title":{"rendered":"CONTRATA-SE AUXILIAR ADMINISTRATIVO"},"content":{"rendered":"<div id=\"main\">\n<h5>An\u00fancios<\/h5>\n<ul class=\"listing-card-list \" id=\"listing-card-list\">\n<li class=\"listing-card \">\n<a class=\"listing-thumb\" href=\"https:\/\/www.tribunaribeirao.com.br\/classificadostribuna\/index.php?page=item&amp;id=3608\" title=\"CONTRATA-SE AUXILIAR ADMINISTRATIVO\"><img data-recalc-dims=\"1\" loading=\"lazy\" decoding=\"async\" src=\"https:\/\/i0.wp.com\/www.tribunaribeirao.com.br\/classificadostribuna\/oc-content\/uploads\/36\/4120_thumbnail.jpg?resize=240%2C200&#038;ssl=1\" title=\"\" alt=\"CONTRATA-SE AUXILIAR ADMINISTRATIVO\" width=\"240\" height=\"200\" \/><\/a><\/p>\n<div class=\"listing-detail\">\n<div class=\"listing-cell\">\n<div class=\"listing-data\">\n<div class=\"listing-basicinfo\">\n<a href=\"https:\/\/www.tribunaribeirao.com.br\/classificadostribuna\/index.php?page=item&amp;id=3608\" class=\"title\" title=\"CONTRATA-SE AUXILIAR ADMINISTRATIVO\">CONTRATA-SE AUXILIAR ADMINISTRATIVO<\/a><\/p>\n<p>\n<span class=\"category\">Empregos<\/span> &#8211;<br \/>\n<span class=\"location\"> <\/span> <span class=\"g-hide\">&#8211;<\/span> 18\/04\/2024 <\/p>\n<p>Qualifica\u00e7\u00e3o: Ensino m\u00e9dio completo, conhecimento b\u00e1sico em inform\u00e1tica e pacote Office, din\u00e2mico, proativo. Sal\u00e1rio + benef\u00edcios (cesta, ticket, vale transporte). Disponibilidade de hor\u00e1rio, segunda a s\u00e1bado. Email:\u00a0<a href=\"https:\/\/www.tribunaribeirao.com.br\/cdn-cgi\/l\/email-protection\" class=\"__cf_email__\" data-cfemail=\"75071d350710111006141a1f001114065b161a185b1707\">[email\u00a0protected]<\/a><\/p>\n<\/div>\n<\/div>\n<\/div>\n<\/div>\n<\/li>\n<li class=\"listing-card \">\n<a class=\"listing-thumb\" href=\"https:\/\/www.tribunaribeirao.com.br\/classificadostribuna\/index.php?page=item&amp;id=3607\" title=\"CONTRATA-SE BAB\u00c1\"><img data-recalc-dims=\"1\" loading=\"lazy\" decoding=\"async\" src=\"https:\/\/i0.wp.com\/www.tribunaribeirao.com.br\/classificadostribuna\/oc-content\/uploads\/36\/4119_thumbnail.jpg?resize=240%2C200&#038;ssl=1\" title=\"\" alt=\"CONTRATA-SE BAB\u00c1\" width=\"240\" height=\"200\" \/><\/a><\/p>\n<div class=\"listing-detail\">\n<div class=\"listing-cell\">\n<div class=\"listing-data\">\n<div class=\"listing-basicinfo\">\n<a href=\"https:\/\/www.tribunaribeirao.com.br\/classificadostribuna\/index.php?page=item&amp;id=3607\" class=\"title\" title=\"CONTRATA-SE BAB\u00c1\">CONTRATA-SE BAB\u00c1<\/a><\/p>\n<p>\n<span class=\"category\">Empregos<\/span> &#8211;<br \/>\n<span class=\"location\"> <\/span> <span class=\"g-hide\">&#8211;<\/span> 17\/04\/2024 <\/p>\n<p>Contrata-se. Qualifica\u00e7\u00e3o: Pessoa din\u00e2mica, proativa e atenciosa. Sal\u00e1rio a combinar, o inicial ser\u00e1 R$ 2.000,00 (dois mil reais), carga hor\u00e1ria de segunda a sexta-feira. Enviar curr\u00edculo para o Email:\u00a0<a href=\"https:\/\/www.tribunaribeirao.com.br\/cdn-cgi\/l\/email-protection\" class=\"__cf_email__\" data-cfemail=\"335f46505240735f465052405946415a575a505c1d505c5e\">[email\u00a0protected]<\/a><\/p>\n<\/div>\n<\/div>\n<\/div>\n<\/div>\n<\/li>\n<li class=\"listing-card \">\n<a class=\"listing-thumb\" href=\"https:\/\/www.tribunaribeirao.com.br\/classificadostribuna\/index.php?page=item&amp;id=3579\" title=\"CONTRATA-SE LAVADOR, ACABADOR, POLIDOR\"><img data-recalc-dims=\"1\" loading=\"lazy\" decoding=\"async\" src=\"https:\/\/i0.wp.com\/www.tribunaribeirao.com.br\/classificadostribuna\/oc-content\/uploads\/35\/4081_thumbnail.jpg?resize=240%2C200&#038;ssl=1\" title=\"\" alt=\"CONTRATA-SE LAVADOR, ACABADOR, POLIDOR\" width=\"240\" height=\"200\" \/><\/a><\/p>\n<\/li>\n<li class=\"listing-card last\">\n<a class=\"listing-thumb\" href=\"https:\/\/www.tribunaribeirao.com.br\/classificadostribuna\/index.php?page=item&amp;id=3574\" title=\"CONTRATA-SE SECRET\u00c1RIA\"><img data-recalc-dims=\"1\" loading=\"lazy\" decoding=\"async\" src=\"https:\/\/i0.wp.com\/www.tribunaribeirao.com.br\/classificadostribuna\/oc-content\/uploads\/35\/4076_thumbnail.jpg?resize=240%2C200&#038;ssl=1\" title=\"\" alt=\"CONTRATA-SE SECRET\u00c1RIA\" width=\"240\" height=\"200\" \/><\/a><\/p>\n<div class=\"listing-detail\">\n<div class=\"listing-cell\">\n<div class=\"listing-data\">\n<div class=\"listing-basicinfo\">\n<a href=\"https:\/\/www.tribunaribeirao.com.br\/classificadostribuna\/index.php?page=item&amp;id=3574\" class=\"title\" title=\"CONTRATA-SE SECRET\u00c1RIA\">CONTRATA-SE SECRET\u00c1RIA<\/a><\/p>\n<p>\n<span class=\"category\">Empregos<\/span> &#8211;<br \/>\n<span class=\"location\"> <\/span> <span class=\"g-hide\">&#8211;<\/span> 05\/04\/2024 <\/p>\n<p>Precisa-se para consult\u00f3rio m\u00e9dico. Com experi\u00eancia em conv\u00eanio m\u00e9dico. Meio per\u00edodo. Tratar (16) 99109-3032<\/p>\n<\/div>\n<\/div>\n<\/div>\n<\/div>\n<\/li>\n<li class=\"listing-card \">\n<a class=\"listing-thumb\" href=\"https:\/\/www.tribunaribeirao.com.br\/classificadostribuna\/index.php?page=item&amp;id=3568\" title=\"CONTRATA-SE REPRESENTANTE COMERCIAL\"><img data-recalc-dims=\"1\" loading=\"lazy\" decoding=\"async\" src=\"https:\/\/i0.wp.com\/www.tribunaribeirao.com.br\/classificadostribuna\/oc-content\/uploads\/35\/4071_thumbnail.jpg?resize=240%2C200&#038;ssl=1\" title=\"\" alt=\"CONTRATA-SE REPRESENTANTE COMERCIAL\" width=\"240\" height=\"200\" \/><\/a><\/p>\n<div class=\"listing-detail\">\n<div class=\"listing-cell\">\n<div class=\"listing-data\">\n<div class=\"listing-basicinfo\">\n<a href=\"https:\/\/www.tribunaribeirao.com.br\/classificadostribuna\/index.php?page=item&amp;id=3568\" class=\"title\" title=\"CONTRATA-SE REPRESENTANTE COMERCIAL\">CONTRATA-SE REPRESENTANTE COMERCIAL<\/a><\/p>\n<p>\n<span class=\"category\">Empregos<\/span> &#8211;<br \/>\n<span class=\"location\"> <\/span> <span class=\"g-hide\">&#8211;<\/span> 04\/04\/2024 <\/p>\n<p>Maxqualy empresa da linha de Puericultura leve e perfumaria contrata. Para a \u00e1rea de Ribeir\u00e3o Preto e cidades vizinhas. \u00d3timos ganhos. Contato pelo e-mail\u00a0<a href=\"https:\/\/www.tribunaribeirao.com.br\/cdn-cgi\/l\/email-protection\" class=\"__cf_email__\" data-cfemail=\"dab8bba8bdafb39aaebfa8a8bbf4b9b5b7f4b8a8\">[email\u00a0protected]<\/a>\u00a0ou WhastsApp (19) 99267-7869.<\/p>\n<\/div>\n<\/div>\n<\/div>\n<\/div>\n<\/li>\n<li class=\"listing-card \">\n<a class=\"listing-thumb\" href=\"https:\/\/www.tribunaribeirao.com.br\/classificadostribuna\/index.php?page=item&amp;id=3563\" title=\"CONTRATA-SE PROMOTOR DE VENDAS\"><img data-recalc-dims=\"1\" loading=\"lazy\" decoding=\"async\" src=\"https:\/\/i0.wp.com\/www.tribunaribeirao.com.br\/classificadostribuna\/oc-content\/uploads\/35\/4066_thumbnail.jpg?resize=240%2C200&#038;ssl=1\" title=\"\" alt=\"CONTRATA-SE PROMOTOR DE VENDAS\" width=\"240\" height=\"200\" \/><\/a><\/p>\n<div class=\"listing-detail\">\n<div class=\"listing-cell\">\n<div class=\"listing-data\">\n<div class=\"listing-basicinfo\">\n<a href=\"https:\/\/www.tribunaribeirao.com.br\/classificadostribuna\/index.php?page=item&amp;id=3563\" class=\"title\" title=\"CONTRATA-SE PROMOTOR DE VENDAS\">CONTRATA-SE PROMOTOR DE VENDAS<\/a><\/p>\n<p>\n<span class=\"category\">Empregos<\/span> &#8211;<br \/>\n<span class=\"location\"> <\/span> <span class=\"g-hide\">&#8211;<\/span> 02\/04\/2024 <\/p>\n<p>Empresa \u2013 Action RH \u2013 contrata:\u00a0Para Ribeir\u00e3o Preto \u2013 Franca \u2013 Orl\u00e2ndia \u2013 S\u00e3o Joaquim da Barra e Ara\u00e7atuba \u2013 Produtos Cosm\u00e9ticos Haskell \u2013 Sal\u00e1rio fixo + Benef\u00edcios.\u00a0Curr\u00edculos\u00a0www.actionrh.com.br ou (17) 98118 3876 (whatsApp).<\/p>\n<\/div>\n<\/div>\n<\/div>\n<\/div>\n<\/li>\n<div class='code-block code-block-1' style='margin: 8px 0 8px auto; text-align: right; display: block; clear: both;'>\n<p><a href=\"https:\/\/wa.link\/vpicfd\"><img data-recalc-dims=\"1\" class=\"wp-image-4922\" style=\"aspect-ratio: 2.0253164556962027; width: 561px; height: auto;\" src=\"https:\/\/i0.wp.com\/ismaelcolosi.com.br\/wp-content\/uploads\/2023\/11\/grupo-de-empregos-whatsapp-e-facebook-ismael-colosi-vagas.jpg?ssl=1\" alt=\"\" \/><\/a><\/p>\n<!-- \/wp:image -->\n<\/div>\n<p>\n<script data-cfasync=\"false\" src=\"https:\/\/www.tribunaribeirao.com.br\/cdn-cgi\/scripts\/5c5dd728\/cloudflare-static\/email-decode.min.js\"><\/script><script async=\"\" src=\"https:\/\/pagead2.googlesyndication.com\/pagead\/js\/adsbygoogle.js\"><\/script><\/p>\n<p><ins class=\"adsbygoogle\" style=\"display:block\" data-ad-client=\"ca-pub-6472940315473977\" data-ad-slot=\"9527135572\" data-ad-format=\"auto\" data-full-width-responsive=\"true\"><\/ins><br \/>\n<script><![CDATA[\n     (adsbygoogle = window.adsbygoogle || []).push({});\n]]><\/script><\/p>\n<li class=\"listing-card \">\n<a class=\"listing-thumb\" href=\"https:\/\/www.tribunaribeirao.com.br\/classificadostribuna\/index.php?page=item&amp;id=3562\" title=\"CONTRATA-SE VENDEDOR EXTERNO\"><img data-recalc-dims=\"1\" loading=\"lazy\" decoding=\"async\" src=\"https:\/\/i0.wp.com\/www.tribunaribeirao.com.br\/classificadostribuna\/oc-content\/uploads\/35\/4065_thumbnail.jpg?resize=240%2C200&#038;ssl=1\" title=\"\" alt=\"CONTRATA-SE VENDEDOR EXTERNO\" width=\"240\" height=\"200\" \/><\/a><\/p>\n<div class=\"listing-detail\">\n<div class=\"listing-cell\">\n<div class=\"listing-data\">\n<div class=\"listing-basicinfo\">\n<a href=\"https:\/\/www.tribunaribeirao.com.br\/classificadostribuna\/index.php?page=item&amp;id=3562\" class=\"title\" title=\"CONTRATA-SE VENDEDOR EXTERNO\">CONTRATA-SE VENDEDOR EXTERNO<\/a><\/p>\n<p>\n<span class=\"category\">Empregos<\/span> &#8211;<br \/>\n<span class=\"location\"> <\/span> <span class=\"g-hide\">&#8211;<\/span> 02\/04\/2024 <\/p>\n<p>Empresa \u2013 Action RH \u2013 contrata.\u00a0Sal\u00e1rio Fixo + Comiss\u00e3o + Benef\u00edcios\u00a0para Ribeir\u00e3o Preto \u2013 Araraquara \u2013 S\u00e3o Carlos &#8211; Franca &#8211; Curr\u00edculos\u00a0www.actionrh.com.br ou (17) 98185 6425 (whatsApp). Necess\u00e1rio ve\u00edculo pr\u00f3prio.<\/p>\n<\/div>\n<\/div>\n<\/div>\n<\/div>\n<\/li>\n<li class=\"listing-card last\">\n<a class=\"listing-thumb\" href=\"https:\/\/www.tribunaribeirao.com.br\/classificadostribuna\/index.php?page=item&amp;id=3312\" title=\"CONTRATA-SE T\u00c9CNICO ELETROMEC\u00c2NICO\"><img data-recalc-dims=\"1\" loading=\"lazy\" decoding=\"async\" src=\"https:\/\/i0.wp.com\/www.tribunaribeirao.com.br\/classificadostribuna\/oc-content\/uploads\/33\/3793_thumbnail.jpg?resize=240%2C200&#038;ssl=1\" title=\"\" alt=\"CONTRATA-SE T\u00c9CNICO ELETROMEC\u00c2NICO\" width=\"240\" height=\"200\" \/><\/a><\/p>\n<div class=\"listing-detail\">\n<div class=\"listing-cell\">\n<div class=\"listing-data\">\n<div class=\"listing-basicinfo\">\n<a href=\"https:\/\/www.tribunaribeirao.com.br\/classificadostribuna\/index.php?page=item&amp;id=3312\" class=\"title\" title=\"CONTRATA-SE T\u00c9CNICO ELETROMEC\u00c2NICO\">CONTRATA-SE T\u00c9CNICO ELETROMEC\u00c2NICO<\/a><\/p>\n<p>\n<span class=\"category\">Empregos<\/span> &#8211;<br \/>\n<span class=\"location\"> <\/span> <span class=\"g-hide\">&#8211;<\/span> 09\/01\/2024 <\/p>\n<p>Estamos contratando para INICIO IMEDIATO, manuten\u00e7\u00e3o de equipamentos eletromec\u00e2nico, CNH, CONHECIMENTO T\u00c9CNICO (R$ 2.031,00 + VT em dinheiro, R$250,00 + R$50,00 POR ASSIDUIDADE de V.A\/ V.R + CONV\u00caNIO M\u00c9DICO 50%). Enviar e-mail:\u00a0<a href=\"https:\/\/www.tribunaribeirao.com.br\/cdn-cgi\/l\/email-protection\" class=\"__cf_email__\" data-cfemail=\"91f0f5fcd1fcf4e5e3fefde5f4f2fffefdfef6f8f0bff2\">[email\u00a0protected]<\/a>&#8230;<\/p>\n<\/div>\n<\/div>\n<\/div>\n<\/div>\n<\/li>\n<\/ul>\n<\/div>\n<!-- CONTENT END 1 -->\n","protected":false},"excerpt":{"rendered":"<p>An\u00fancios CONTRATA-SE AUXILIAR ADMINISTRATIVO Empregos &#8211; &#8211; 18\/04\/2024 Qualifica\u00e7\u00e3o: Ensino m\u00e9dio completo, conhecimento b\u00e1sico em inform\u00e1tica e pacote Office, din\u00e2mico, proativo. Sal\u00e1rio + benef\u00edcios (cesta,&#8230;<\/p>\n","protected":false},"author":1,"featured_media":47106,"comment_status":"open","ping_status":"open","sticky":false,"template":"","format":"standard","meta":{"advanced_seo_description":"","jetpack_seo_html_title":"","jetpack_seo_noindex":false,"jetpack_post_was_ever_published":false,"_jetpack_newsletter_access":"","_jetpack_dont_email_post_to_subs":false,"_jetpack_newsletter_tier_id":0,"_jetpack_memberships_contains_paywalled_content":false,"_jetpack_memberships_contains_paid_content":false,"footnotes":"","jetpack_publicize_message":"","jetpack_publicize_feature_enabled":true,"jetpack_social_post_already_shared":true,"jetpack_social_options":{"image_generator_settings":{"template":"highway","default_image_id":0,"font":"","enabled":false},"version":2}},"categories":[7],"tags":[],"class_list":["post-47105","post","type-post","status-publish","format-standard","has-post-thumbnail","hentry","category-vagas-de-empregos-em-ribeirao-preto-regiao-brasil"],"jetpack_publicize_connections":[],"jetpack_featured_media_url":"https:\/\/i0.wp.com\/noticiasribeiraopreto.com.br\/wp-content\/uploads\/2024\/04\/1713790943_4120_thumbnail.jpg?fit=240%2C200&ssl=1","jetpack-related-posts":[{"id":34933,"url":"https:\/\/noticiasribeiraopreto.com.br\/index.php\/2024\/02\/04\/contrata-se-assistente-contabil-feminino\/","url_meta":{"origin":47105,"position":0},"title":"CONTRATA-SE ASSISTENTE CONT\u00c1BIL (FEMININO)","author":"noticiasribeiraopreto.com.br","date":"4 de February de 2024","format":false,"excerpt":"An\u00fancios CONTRATA-SE ASSISTENTE CONT\u00c1BIL (FEMININO) Empregos - - 02\/02\/2024 Contrata-se. Carga hor\u00e1ria: 40 horas semanais. Dias trabalhados: de segunda a sexta. Sal\u00e1rio: R$ 2.500,00 bruto. Benef\u00edcios: R$ 27,50 de vale alimenta\u00e7\u00e3o por dia \u00fatil; Seguro de vida; Conv\u00eanio m\u00e9dico ap\u00f3s experi\u00eancia sem desconto; PLR ap\u00f3s 1 ano de r... CONTRATA-SE\u2026","rel":"","context":"In &quot;Vagas de Emprego em Ribeir\u00e3o Preto-SP&quot;","block_context":{"text":"Vagas de Emprego em Ribeir\u00e3o Preto-SP","link":"https:\/\/noticiasribeiraopreto.com.br\/index.php\/category\/empregos-classificados-vagas-trabalho\/vagas-de-empregos-em-ribeirao-preto-regiao-brasil\/"},"img":{"alt_text":"CONTRATA-SE ASSISTENTE CONT\u00c1BIL (FEMININO)","src":"https:\/\/i0.wp.com\/www.tribunaribeirao.com.br\/classificadostribuna\/oc-content\/uploads\/33\/3879_thumbnail.jpg?resize=350%2C200&ssl=1","width":350,"height":200},"classes":[]},{"id":32509,"url":"https:\/\/noticiasribeiraopreto.com.br\/index.php\/2024\/01\/25\/contrata-se-mecanico-de-manutencao\/","url_meta":{"origin":47105,"position":1},"title":"CONTRATA-SE MEC\u00c2NICO DE MANUTEN\u00c7\u00c3O","author":"noticiasribeiraopreto.com.br","date":"25 de January de 2024","format":false,"excerpt":"An\u00fancios CONTRATA-SE MEC\u00c2NICO DE MANUTEN\u00c7\u00c3O Empregos - - 23\/01\/2024 mpresa de reciclagem contrata mec\u00e2nico de manuten\u00e7\u00e3o, com experi\u00eancia de manuten\u00e7\u00e3o mec\u00e2nica em geral (manuten\u00e7\u00e3o de moinhos de moer pl\u00e1sticos, trocar rolamentos, conhecimento el\u00e9trico, solda, e demais atividades pertinentes a fun\u00e7\u00e3o. interessados, e... CONTRATA-SE JARDINEIRO Empregos - - 22\/01\/2024 Acima 18\u2026","rel":"","context":"In &quot;Vagas de Emprego em Ribeir\u00e3o Preto-SP&quot;","block_context":{"text":"Vagas de Emprego em Ribeir\u00e3o Preto-SP","link":"https:\/\/noticiasribeiraopreto.com.br\/index.php\/category\/empregos-classificados-vagas-trabalho\/vagas-de-empregos-em-ribeirao-preto-regiao-brasil\/"},"img":{"alt_text":"CONTRATA-SE MEC\u00c2NICO DE MANUTEN\u00c7\u00c3O","src":"https:\/\/i0.wp.com\/www.tribunaribeirao.com.br\/classificadostribuna\/oc-content\/uploads\/33\/3857_thumbnail.jpg?resize=350%2C200&ssl=1","width":350,"height":200},"classes":[]},{"id":54582,"url":"https:\/\/noticiasribeiraopreto.com.br\/index.php\/2024\/07\/13\/contrata-se-tosadora-com-experiencia\/","url_meta":{"origin":47105,"position":2},"title":"CONTRATA-SE TOSADORA COM EXPERI\u00caNCIA","author":"noticiasribeiraopreto.com.br","date":"13 de July de 2024","format":false,"excerpt":"An\u00fancios VAGAS PARA PCD E REABILITADOS Empregos - - 11\/07\/2024 Empresa em grande expans\u00e3o no mercado, contrata Recuperadores de Cr\u00e9ditos (Vagas para PCD e Reabilitados). Carga hor\u00e1ria de 6 horas di\u00e1rias de Segunda a S\u00e1bado (das 08h \u00e0s 14h ou das 14h \u00e0s 20h). Interessados favor encaminhar o curr\u00edculo no\u2026","rel":"","context":"In &quot;Vagas de Emprego em Ribeir\u00e3o Preto-SP&quot;","block_context":{"text":"Vagas de Emprego em Ribeir\u00e3o Preto-SP","link":"https:\/\/noticiasribeiraopreto.com.br\/index.php\/category\/empregos-classificados-vagas-trabalho\/vagas-de-empregos-em-ribeirao-preto-regiao-brasil\/"},"img":{"alt_text":"CONTRATA-SE TOSADORA COM EXPERI\u00caNCIA","src":"https:\/\/i0.wp.com\/tribunaribeirao.com.br\/classificadostribuna\/oc-content\/uploads\/39\/4438_thumbnail.jpg?resize=350%2C200&ssl=1","width":350,"height":200},"classes":[]},{"id":54178,"url":"https:\/\/noticiasribeiraopreto.com.br\/index.php\/2024\/07\/02\/contrata-se-costureira\/","url_meta":{"origin":47105,"position":3},"title":"CONTRATA-SE COSTUREIRA","author":"noticiasribeiraopreto.com.br","date":"2 de July de 2024","format":false,"excerpt":"An\u00fancios CONTRATA-SE COSTUREIRA Empregos - - 02\/07\/2024 Confec\u00e7\u00e3o de moda praia precisa de costureira com pr\u00e1tica. Interessados comparecer \u00e0 Avenida Jo\u00e3o Fiusa, 1287 \u2013 Ribeir\u00e3o Preto\/SP em hor\u00e1rio comercial. CONTRATA-SE ASSISTENTE CONT\u00c1BIL (FEMININO) Empregos - - 02\/07\/2024 Carga hor\u00e1ria: 40 horas semanais.Dias trabalhados: de segunda a sexta. Sal\u00e1rio: R$ 2.500,00\u2026","rel":"","context":"In &quot;Vagas de Emprego em Ribeir\u00e3o Preto-SP&quot;","block_context":{"text":"Vagas de Emprego em Ribeir\u00e3o Preto-SP","link":"https:\/\/noticiasribeiraopreto.com.br\/index.php\/category\/empregos-classificados-vagas-trabalho\/vagas-de-empregos-em-ribeirao-preto-regiao-brasil\/"},"img":{"alt_text":"CONTRATA-SE COSTUREIRA","src":"https:\/\/i0.wp.com\/tribunaribeirao.com.br\/classificadostribuna\/oc-content\/uploads\/37\/4315_thumbnail.jpg?resize=350%2C200&ssl=1","width":350,"height":200},"classes":[]},{"id":55475,"url":"https:\/\/noticiasribeiraopreto.com.br\/index.php\/2024\/08\/02\/contrata-se-operadora-de-brinquedos-pcd-2\/","url_meta":{"origin":47105,"position":4},"title":"CONTRATA-SE OPERADOR(A) DE BRINQUEDOS PCD","author":"noticiasribeiraopreto.com.br","date":"2 de August de 2024","format":false,"excerpt":"An\u00fancios CONTRATA-SE OPERADOR(A) DE BRINQUEDOS PCD Empregos - - 14\/07\/2024 Park do Goril\u00e3o - Ir\u00e1 tirar d\u00favidas dos clientes sobre os brinquedos, zelar pela limpeza dos brinquedos, operar brinquedos. Hor\u00e1rio das 13h40\u00e0s 22h - escala 6x1. Sal\u00e1rio R$ 1.441,30 + Vale Alim. + Vale Ref. + Vale Transp. + Conv\u00eanio\u2026","rel":"","context":"In &quot;Vagas de Emprego em Ribeir\u00e3o Preto-SP&quot;","block_context":{"text":"Vagas de Emprego em Ribeir\u00e3o Preto-SP","link":"https:\/\/noticiasribeiraopreto.com.br\/index.php\/category\/empregos-classificados-vagas-trabalho\/vagas-de-empregos-em-ribeirao-preto-regiao-brasil\/"},"img":{"alt_text":"CONTRATA-SE OPERADOR(A) DE BRINQUEDOS PCD","src":"https:\/\/i0.wp.com\/tribunaribeirao.com.br\/classificadostribuna\/oc-content\/uploads\/39\/4455_thumbnail.jpg?resize=350%2C200&ssl=1","width":350,"height":200},"classes":[]},{"id":54799,"url":"https:\/\/noticiasribeiraopreto.com.br\/index.php\/2024\/07\/23\/contrata-se-operadora-de-brinquedos-pcd\/","url_meta":{"origin":47105,"position":5},"title":"CONTRATA-SE OPERADOR(A) DE BRINQUEDOS PCD","author":"noticiasribeiraopreto.com.br","date":"23 de July de 2024","format":false,"excerpt":"An\u00fancios CONTRATA-SE OPERADOR(A) DE BRINQUEDOS PCD Empregos - - 14\/07\/2024 Park do Goril\u00e3o - Ir\u00e1 tirar d\u00favidas dos clientes sobre os brinquedos, zelar pela limpeza dos brinquedos, operar brinquedos. Hor\u00e1rio das 13h40\u00e0s 22h - escala 6x1. Sal\u00e1rio R$ 1.441,30 + Vale Alim. + Vale Ref. + Vale Transp. + Conv\u00eanio\u2026","rel":"","context":"In &quot;Vagas de Emprego em Ribeir\u00e3o Preto-SP&quot;","block_context":{"text":"Vagas de Emprego em Ribeir\u00e3o Preto-SP","link":"https:\/\/noticiasribeiraopreto.com.br\/index.php\/category\/empregos-classificados-vagas-trabalho\/vagas-de-empregos-em-ribeirao-preto-regiao-brasil\/"},"img":{"alt_text":"CONTRATA-SE OPERADOR(A) DE BRINQUEDOS PCD","src":"https:\/\/i0.wp.com\/tribunaribeirao.com.br\/classificadostribuna\/oc-content\/uploads\/39\/4455_thumbnail.jpg?resize=350%2C200&ssl=1","width":350,"height":200},"classes":[]}],"jetpack_sharing_enabled":true,"jetpack_shortlink":"https:\/\/wp.me\/peQAOb-cfL","_links":{"self":[{"href":"https:\/\/noticiasribeiraopreto.com.br\/index.php\/wp-json\/wp\/v2\/posts\/47105","targetHints":{"allow":["GET"]}}],"collection":[{"href":"https:\/\/noticiasribeiraopreto.com.br\/index.php\/wp-json\/wp\/v2\/posts"}],"about":[{"href":"https:\/\/noticiasribeiraopreto.com.br\/index.php\/wp-json\/wp\/v2\/types\/post"}],"author":[{"embeddable":true,"href":"https:\/\/noticiasribeiraopreto.com.br\/index.php\/wp-json\/wp\/v2\/users\/1"}],"replies":[{"embeddable":true,"href":"https:\/\/noticiasribeiraopreto.com.br\/index.php\/wp-json\/wp\/v2\/comments?post=47105"}],"version-history":[{"count":0,"href":"https:\/\/noticiasribeiraopreto.com.br\/index.php\/wp-json\/wp\/v2\/posts\/47105\/revisions"}],"wp:featuredmedia":[{"embeddable":true,"href":"https:\/\/noticiasribeiraopreto.com.br\/index.php\/wp-json\/wp\/v2\/media\/47106"}],"wp:attachment":[{"href":"https:\/\/noticiasribeiraopreto.com.br\/index.php\/wp-json\/wp\/v2\/media?parent=47105"}],"wp:term":[{"taxonomy":"category","embeddable":true,"href":"https:\/\/noticiasribeiraopreto.com.br\/index.php\/wp-json\/wp\/v2\/categories?post=47105"},{"taxonomy":"post_tag","embeddable":true,"href":"https:\/\/noticiasribeiraopreto.com.br\/index.php\/wp-json\/wp\/v2\/tags?post=47105"}],"curies":[{"name":"wp","href":"https:\/\/api.w.org\/{rel}","templated":true}]}}