{"id":47114,"date":"2024-04-22T10:14:31","date_gmt":"2024-04-22T13:14:31","guid":{"rendered":"https:\/\/noticiasribeiraopreto.com.br\/index.php\/2024\/04\/22\/9-vagas-em-ribeirao-preto-sp\/"},"modified":"2024-04-22T10:14:31","modified_gmt":"2024-04-22T13:14:31","slug":"9-vagas-em-ribeirao-preto-sp","status":"publish","type":"post","link":"https:\/\/noticiasribeiraopreto.com.br\/index.php\/2024\/04\/22\/9-vagas-em-ribeirao-preto-sp\/","title":{"rendered":"9 vagas em Ribeir\u00e3o Preto\/SP"},"content":{"rendered":"<div data-reactid=\".nprxmsmv0a.2.0.2.0\"><noscript data-reactid=\".nprxmsmv0a.2.0.2.0.0\"><\/noscript><\/p>\n<div id=\"job-alert-box\" class=\"section-group\" data-reactid=\".nprxmsmv0a.2.0.2.0.1\"><noscript data-reactid=\".nprxmsmv0a.2.0.2.0.1.0\"><\/noscript><\/div>\n<div class=\"spaced-bottom-sm\" data-reactid=\".nprxmsmv0a.2.0.2.0.2\">\n<h1 style=\"font-size:1rem;\" data-reactid=\".nprxmsmv0a.2.0.2.0.2.0\">9 vagas em Ribeir\u00e3o Preto\/SP<\/h1>\n<\/div>\n<div class=\"card-clickable\" data-reactid=\".nprxmsmv0a.2.0.2.0.3:$job--NuyfECPFbeLCc2HtXRw\">\n<div data-reactid=\".nprxmsmv0a.2.0.2.0.3:$job--NuyfECPFbeLCc2HtXRw.0\">\n<h2 class=\"job-card-title\" data-reactid=\".nprxmsmv0a.2.0.2.0.3:$job--NuyfECPFbeLCc2HtXRw.0.0\"><a href=\"https:\/\/www.recrutasimples.com.br\/vaga\/analista-pcp\/ribeirao-preto-sp\/-NuyfECPFbeLCc2HtXRw\" data-reactid=\".nprxmsmv0a.2.0.2.0.3:$job--NuyfECPFbeLCc2HtXRw.0.0.0\">ANALISTA PCP<\/a><\/h2>\n<\/div>\n<div class=\"job-card-info\" data-reactid=\".nprxmsmv0a.2.0.2.0.3:$job--NuyfECPFbeLCc2HtXRw.1\"><a href=\"https:\/\/www.recrutasimples.com.br\/vagas\/ribeirao-preto-sp\" data-reactid=\".nprxmsmv0a.2.0.2.0.3:$job--NuyfECPFbeLCc2HtXRw.1.1\"><span data-reactid=\".nprxmsmv0a.2.0.2.0.3:$job--NuyfECPFbeLCc2HtXRw.1.1.0\"><i class=\"zmdi zmdi-pin\" data-reactid=\".nprxmsmv0a.2.0.2.0.3:$job--NuyfECPFbeLCc2HtXRw.1.1.0.0\"><\/i><span class=\"spaced-left-sm\" data-reactid=\".nprxmsmv0a.2.0.2.0.3:$job--NuyfECPFbeLCc2HtXRw.1.1.0.1\">Ribeir\u00e3o Preto, SP<\/span><\/span><\/a><\/div>\n<div class=\"job-card-details\" data-reactid=\".nprxmsmv0a.2.0.2.0.3:$job--NuyfECPFbeLCc2HtXRw.2\">\n<div data-reactid=\".nprxmsmv0a.2.0.2.0.3:$job--NuyfECPFbeLCc2HtXRw.2.0\"><span class=\"secondary-label\" data-reactid=\".nprxmsmv0a.2.0.2.0.3:$job--NuyfECPFbeLCc2HtXRw.2.0.0\">Sal\u00e1rio<\/span><span class=\"spaced-left-sm\" data-reactid=\".nprxmsmv0a.2.0.2.0.3:$job--NuyfECPFbeLCc2HtXRw.2.0.1\">A combinar<\/span><\/div>\n<div data-reactid=\".nprxmsmv0a.2.0.2.0.3:$job--NuyfECPFbeLCc2HtXRw.2.2\"><span class=\"secondary-label\" data-reactid=\".nprxmsmv0a.2.0.2.0.3:$job--NuyfECPFbeLCc2HtXRw.2.2.0\">Contrato<\/span><span class=\"spaced-left-sm\" data-reactid=\".nprxmsmv0a.2.0.2.0.3:$job--NuyfECPFbeLCc2HtXRw.2.2.1\">CLT (Efetivo)<\/span><\/div>\n<\/div>\n<div class=\"secondary-label spaced-top-sm\" data-reactid=\".nprxmsmv0a.2.0.2.0.3:$job--NuyfECPFbeLCc2HtXRw.3\">Estamos em busca de um(a) Analista de PCP para fazer parte do nosso time.<\/p>\n<div class='code-block code-block-1' style='margin: 8px 0 8px auto; text-align: right; display: block; clear: both;'>\n<p><a href=\"https:\/\/wa.link\/vpicfd\"><img data-recalc-dims=\"1\" class=\"wp-image-4922\" style=\"aspect-ratio: 2.0253164556962027; width: 561px; height: auto;\" src=\"https:\/\/i0.wp.com\/ismaelcolosi.com.br\/wp-content\/uploads\/2023\/11\/grupo-de-empregos-whatsapp-e-facebook-ismael-colosi-vagas.jpg?ssl=1\" alt=\"\" \/><\/a><\/p>\n<!-- \/wp:image -->\n<\/div>\n<p>Atividades:<\/p>\n<p>&#8211; Controle de produ\u00e7\u00e3o;<br \/>\n&#8211; Controlar ordens e produ\u00e7\u00e3o;<br \/>\n&#8211; Controlar f\u00e1brica.<\/p><\/div>\n<\/div>\n<div class=\"card-clickable\" data-reactid=\".nprxmsmv0a.2.0.2.0.3:$job--Nuxw0rFil16VJHfyibX\">\n<div data-reactid=\".nprxmsmv0a.2.0.2.0.3:$job--Nuxw0rFil16VJHfyibX.0\">\n<h2 class=\"job-card-title\" data-reactid=\".nprxmsmv0a.2.0.2.0.3:$job--Nuxw0rFil16VJHfyibX.0.0\"><a href=\"https:\/\/www.recrutasimples.com.br\/vaga\/inspetora-de-qualidade\/ribeirao-preto-sp\/-Nuxw0rFil16VJHfyibX\" data-reactid=\".nprxmsmv0a.2.0.2.0.3:$job--Nuxw0rFil16VJHfyibX.0.0.0\">Inspetor(a) de Qualidade<\/a><\/h2>\n<\/div>\n<div class=\"job-card-info\" data-reactid=\".nprxmsmv0a.2.0.2.0.3:$job--Nuxw0rFil16VJHfyibX.1\"><a href=\"https:\/\/www.recrutasimples.com.br\/vagas\/ribeirao-preto-sp\" data-reactid=\".nprxmsmv0a.2.0.2.0.3:$job--Nuxw0rFil16VJHfyibX.1.1\"><span data-reactid=\".nprxmsmv0a.2.0.2.0.3:$job--Nuxw0rFil16VJHfyibX.1.1.0\"><i class=\"zmdi zmdi-pin\" data-reactid=\".nprxmsmv0a.2.0.2.0.3:$job--Nuxw0rFil16VJHfyibX.1.1.0.0\"><\/i><span class=\"spaced-left-sm\" data-reactid=\".nprxmsmv0a.2.0.2.0.3:$job--Nuxw0rFil16VJHfyibX.1.1.0.1\">Ribeir\u00e3o Preto, SP<\/span><\/span><\/a><\/div>\n<div class=\"job-card-details\" data-reactid=\".nprxmsmv0a.2.0.2.0.3:$job--Nuxw0rFil16VJHfyibX.2\">\n<div data-reactid=\".nprxmsmv0a.2.0.2.0.3:$job--Nuxw0rFil16VJHfyibX.2.0\"><span class=\"secondary-label\" data-reactid=\".nprxmsmv0a.2.0.2.0.3:$job--Nuxw0rFil16VJHfyibX.2.0.0\">Sal\u00e1rio<\/span><span class=\"spaced-left-sm\" data-reactid=\".nprxmsmv0a.2.0.2.0.3:$job--Nuxw0rFil16VJHfyibX.2.0.1\">A combinar<\/span><\/div>\n<div data-reactid=\".nprxmsmv0a.2.0.2.0.3:$job--Nuxw0rFil16VJHfyibX.2.2\"><span class=\"secondary-label\" data-reactid=\".nprxmsmv0a.2.0.2.0.3:$job--Nuxw0rFil16VJHfyibX.2.2.0\">Contrato<\/span><span class=\"spaced-left-sm\" data-reactid=\".nprxmsmv0a.2.0.2.0.3:$job--Nuxw0rFil16VJHfyibX.2.2.1\">CLT (Efetivo)<\/span><\/div>\n<\/div>\n<div class=\"secondary-label spaced-top-sm\" data-reactid=\".nprxmsmv0a.2.0.2.0.3:$job--Nuxw0rFil16VJHfyibX.3\">Estamos em busca de um(a) Inspetor(a) de Qualidade para fazer parte do nosso time. <\/p>\n<p>Atividades: <\/p>\n<p>&#8211; Inspe\u00e7\u00e3o de solda;<br \/>\n&#8211; Inspe\u00e7\u00e3o de usinagem;<br \/>\n&#8211; Inspe\u00e7\u00e3o em campo;<br \/>\n&#8211; Elaborar pit;<br \/>\n&#8211; Elaborar databook.<\/p><\/div>\n<\/div>\n<div class=\"card-clickable\" data-reactid=\".nprxmsmv0a.2.0.2.0.3:$job--NvCRyWAOVFL6g2N6SMR\">\n<div data-reactid=\".nprxmsmv0a.2.0.2.0.3:$job--NvCRyWAOVFL6g2N6SMR.0\">\n<h2 class=\"job-card-title\" data-reactid=\".nprxmsmv0a.2.0.2.0.3:$job--NvCRyWAOVFL6g2N6SMR.0.0\"><a href=\"https:\/\/www.recrutasimples.com.br\/vaga\/vendedora-tecnicoa\/ribeirao-preto-sp\/-NvCRyWAOVFL6g2N6SMR\" data-reactid=\".nprxmsmv0a.2.0.2.0.3:$job--NvCRyWAOVFL6g2N6SMR.0.0.0\">Vendedor(a) T\u00e9cnico(a)<\/a><\/h2>\n<\/div>\n<div class=\"job-card-info\" data-reactid=\".nprxmsmv0a.2.0.2.0.3:$job--NvCRyWAOVFL6g2N6SMR.1\"><a href=\"https:\/\/www.recrutasimples.com.br\/vagas\/ribeirao-preto-sp\" data-reactid=\".nprxmsmv0a.2.0.2.0.3:$job--NvCRyWAOVFL6g2N6SMR.1.1\"><span data-reactid=\".nprxmsmv0a.2.0.2.0.3:$job--NvCRyWAOVFL6g2N6SMR.1.1.0\"><i class=\"zmdi zmdi-pin\" data-reactid=\".nprxmsmv0a.2.0.2.0.3:$job--NvCRyWAOVFL6g2N6SMR.1.1.0.0\"><\/i><span class=\"spaced-left-sm\" data-reactid=\".nprxmsmv0a.2.0.2.0.3:$job--NvCRyWAOVFL6g2N6SMR.1.1.0.1\">Ribeir\u00e3o Preto, SP<\/span><\/span><\/a><\/div>\n<div class=\"job-card-details\" data-reactid=\".nprxmsmv0a.2.0.2.0.3:$job--NvCRyWAOVFL6g2N6SMR.2\">\n<div data-reactid=\".nprxmsmv0a.2.0.2.0.3:$job--NvCRyWAOVFL6g2N6SMR.2.0\"><span class=\"secondary-label\" data-reactid=\".nprxmsmv0a.2.0.2.0.3:$job--NvCRyWAOVFL6g2N6SMR.2.0.0\">Sal\u00e1rio<\/span><span class=\"spaced-left-sm\" data-reactid=\".nprxmsmv0a.2.0.2.0.3:$job--NvCRyWAOVFL6g2N6SMR.2.0.1\">A combinar<\/span><\/div>\n<div data-reactid=\".nprxmsmv0a.2.0.2.0.3:$job--NvCRyWAOVFL6g2N6SMR.2.2\"><span class=\"secondary-label\" data-reactid=\".nprxmsmv0a.2.0.2.0.3:$job--NvCRyWAOVFL6g2N6SMR.2.2.0\">Contrato<\/span><span class=\"spaced-left-sm\" data-reactid=\".nprxmsmv0a.2.0.2.0.3:$job--NvCRyWAOVFL6g2N6SMR.2.2.1\">CLT (Efetivo)<\/span><\/div>\n<\/div>\n<div class=\"secondary-label spaced-top-sm\" data-reactid=\".nprxmsmv0a.2.0.2.0.3:$job--NvCRyWAOVFL6g2N6SMR.3\">N\u00f3s da  estamos em busca de um(a) Vendedor(a) T\u00e9cnico(a) para se juntar ao nosso time.<\/p>\n<p>Somos uma empresa, inovadora, consolidada da \u00e1rea de Ind\u00fastria Mec\u00e2nica<\/p>\n<p>Nosso ambiente de trabalho \u00e9 descontra\u00eddo, diversificado, profissional e gostamos de trabalhar com pessoas que colocam a m\u00e3o na massa, respons\u00e1veis, comprometidas.<\/p>\n<p>Responsabilidades:<\/p>\n<p>&#8211; Apresentar e vender produtos e servi\u00e7os para clientes novos e j\u00e1 existentes<br \/>\n&#8211; Prospectar e contatar clientes potenciais<br \/>\n&#8211; Alcan\u00e7ar metas de vendas acord &#8230;<\/p><\/div>\n<\/div>\n<div class=\"card-clickable\" data-reactid=\".nprxmsmv0a.2.0.2.0.3:$job--NvCLJCP_kFpTMvZLrDp\">\n<div data-reactid=\".nprxmsmv0a.2.0.2.0.3:$job--NvCLJCP_kFpTMvZLrDp.0\">\n<h2 class=\"job-card-title\" data-reactid=\".nprxmsmv0a.2.0.2.0.3:$job--NvCLJCP_kFpTMvZLrDp.0.0\"><a href=\"https:\/\/www.recrutasimples.com.br\/vaga\/engenheiroa-de-vendas\/ribeirao-preto-sp\/-NvCLJCP_kFpTMvZLrDp\" data-reactid=\".nprxmsmv0a.2.0.2.0.3:$job--NvCLJCP_kFpTMvZLrDp.0.0.0\">Engenheiro(a) de Vendas<\/a><\/h2>\n<\/div>\n<div class=\"job-card-info\" data-reactid=\".nprxmsmv0a.2.0.2.0.3:$job--NvCLJCP_kFpTMvZLrDp.1\"><a href=\"https:\/\/www.recrutasimples.com.br\/vagas\/ribeirao-preto-sp\" data-reactid=\".nprxmsmv0a.2.0.2.0.3:$job--NvCLJCP_kFpTMvZLrDp.1.1\"><span data-reactid=\".nprxmsmv0a.2.0.2.0.3:$job--NvCLJCP_kFpTMvZLrDp.1.1.0\"><i class=\"zmdi zmdi-pin\" data-reactid=\".nprxmsmv0a.2.0.2.0.3:$job--NvCLJCP_kFpTMvZLrDp.1.1.0.0\"><\/i><span class=\"spaced-left-sm\" data-reactid=\".nprxmsmv0a.2.0.2.0.3:$job--NvCLJCP_kFpTMvZLrDp.1.1.0.1\">Ribeir\u00e3o Preto, SP<\/span><\/span><\/a><\/div>\n<div class=\"job-card-details\" data-reactid=\".nprxmsmv0a.2.0.2.0.3:$job--NvCLJCP_kFpTMvZLrDp.2\">\n<div data-reactid=\".nprxmsmv0a.2.0.2.0.3:$job--NvCLJCP_kFpTMvZLrDp.2.0\"><span class=\"secondary-label\" data-reactid=\".nprxmsmv0a.2.0.2.0.3:$job--NvCLJCP_kFpTMvZLrDp.2.0.0\">Sal\u00e1rio<\/span><span class=\"spaced-left-sm\" data-reactid=\".nprxmsmv0a.2.0.2.0.3:$job--NvCLJCP_kFpTMvZLrDp.2.0.1\">A combinar<\/span><\/div>\n<div data-reactid=\".nprxmsmv0a.2.0.2.0.3:$job--NvCLJCP_kFpTMvZLrDp.2.2\"><span class=\"secondary-label\" data-reactid=\".nprxmsmv0a.2.0.2.0.3:$job--NvCLJCP_kFpTMvZLrDp.2.2.0\">Contrato<\/span><span class=\"spaced-left-sm\" data-reactid=\".nprxmsmv0a.2.0.2.0.3:$job--NvCLJCP_kFpTMvZLrDp.2.2.1\">CLT (Efetivo)<\/span><\/div>\n<\/div>\n<div class=\"secondary-label spaced-top-sm\" data-reactid=\".nprxmsmv0a.2.0.2.0.3:$job--NvCLJCP_kFpTMvZLrDp.3\">Estamos em busca de um(a) Engenheiro(a) de Vendas para fazer parte do nosso time.<\/p>\n<p>Atividades:<\/p>\n<p>&#8211; Vendas t\u00e9cnics de equipamento em a\u00e7o inox para diversas finalidades industriais.<\/p><\/div>\n<\/div>\n<div class=\"card-clickable\" data-reactid=\".nprxmsmv0a.2.0.2.0.3:$job--NvCWsyE82TM62Q6RU4L\">\n<div data-reactid=\".nprxmsmv0a.2.0.2.0.3:$job--NvCWsyE82TM62Q6RU4L.0\">\n<h2 class=\"job-card-title\" data-reactid=\".nprxmsmv0a.2.0.2.0.3:$job--NvCWsyE82TM62Q6RU4L.0.0\"><a href=\"https:\/\/www.recrutasimples.com.br\/vaga\/soldador-tig\/ribeirao-preto-sp\/-NvCWsyE82TM62Q6RU4L\" data-reactid=\".nprxmsmv0a.2.0.2.0.3:$job--NvCWsyE82TM62Q6RU4L.0.0.0\">SOLDADOR TIG<\/a><\/h2>\n<\/div>\n<div class=\"job-card-info\" data-reactid=\".nprxmsmv0a.2.0.2.0.3:$job--NvCWsyE82TM62Q6RU4L.1\"><a href=\"https:\/\/www.recrutasimples.com.br\/vagas\/ribeirao-preto-sp\" data-reactid=\".nprxmsmv0a.2.0.2.0.3:$job--NvCWsyE82TM62Q6RU4L.1.1\"><span data-reactid=\".nprxmsmv0a.2.0.2.0.3:$job--NvCWsyE82TM62Q6RU4L.1.1.0\"><i class=\"zmdi zmdi-pin\" data-reactid=\".nprxmsmv0a.2.0.2.0.3:$job--NvCWsyE82TM62Q6RU4L.1.1.0.0\"><\/i><span class=\"spaced-left-sm\" data-reactid=\".nprxmsmv0a.2.0.2.0.3:$job--NvCWsyE82TM62Q6RU4L.1.1.0.1\">Ribeir\u00e3o Preto, SP<\/span><\/span><\/a><\/div>\n<div class=\"job-card-details\" data-reactid=\".nprxmsmv0a.2.0.2.0.3:$job--NvCWsyE82TM62Q6RU4L.2\">\n<div data-reactid=\".nprxmsmv0a.2.0.2.0.3:$job--NvCWsyE82TM62Q6RU4L.2.0\"><span class=\"secondary-label\" data-reactid=\".nprxmsmv0a.2.0.2.0.3:$job--NvCWsyE82TM62Q6RU4L.2.0.0\">Sal\u00e1rio<\/span><span class=\"spaced-left-sm\" data-reactid=\".nprxmsmv0a.2.0.2.0.3:$job--NvCWsyE82TM62Q6RU4L.2.0.1\">A combinar<\/span><\/div>\n<div data-reactid=\".nprxmsmv0a.2.0.2.0.3:$job--NvCWsyE82TM62Q6RU4L.2.2\"><span class=\"secondary-label\" data-reactid=\".nprxmsmv0a.2.0.2.0.3:$job--NvCWsyE82TM62Q6RU4L.2.2.0\">Contrato<\/span><span class=\"spaced-left-sm\" data-reactid=\".nprxmsmv0a.2.0.2.0.3:$job--NvCWsyE82TM62Q6RU4L.2.2.1\">CLT (Efetivo)<\/span><\/div>\n<\/div>\n<div class=\"secondary-label spaced-top-sm\" data-reactid=\".nprxmsmv0a.2.0.2.0.3:$job--NvCWsyE82TM62Q6RU4L.3\">Estamos em busca de um(a) Soldador(a) TIG para fazer parte do nosso time.<\/p>\n<p>Atividades:<\/p>\n<p>&#8211; Experi\u00eancia em soldagem e montagem em solda TIG;<br \/>\n&#8211; Montagem.<\/p><\/div>\n<\/div>\n<div class=\"card-clickable\" data-reactid=\".nprxmsmv0a.2.0.2.0.3:$job--NvCZyBxmTq5u6a_Njo8\">\n<div data-reactid=\".nprxmsmv0a.2.0.2.0.3:$job--NvCZyBxmTq5u6a_Njo8.0\">\n<h2 class=\"job-card-title\" data-reactid=\".nprxmsmv0a.2.0.2.0.3:$job--NvCZyBxmTq5u6a_Njo8.0.0\"><a href=\"https:\/\/www.recrutasimples.com.br\/vaga\/projetista-industrial\/ribeirao-preto-sp\/-NvCZyBxmTq5u6a_Njo8\" data-reactid=\".nprxmsmv0a.2.0.2.0.3:$job--NvCZyBxmTq5u6a_Njo8.0.0.0\">Projetista Industrial<\/a><\/h2>\n<\/div>\n<div class=\"job-card-info\" data-reactid=\".nprxmsmv0a.2.0.2.0.3:$job--NvCZyBxmTq5u6a_Njo8.1\"><a href=\"https:\/\/www.recrutasimples.com.br\/vagas\/ribeirao-preto-sp\" data-reactid=\".nprxmsmv0a.2.0.2.0.3:$job--NvCZyBxmTq5u6a_Njo8.1.1\"><span data-reactid=\".nprxmsmv0a.2.0.2.0.3:$job--NvCZyBxmTq5u6a_Njo8.1.1.0\"><i class=\"zmdi zmdi-pin\" data-reactid=\".nprxmsmv0a.2.0.2.0.3:$job--NvCZyBxmTq5u6a_Njo8.1.1.0.0\"><\/i><span class=\"spaced-left-sm\" data-reactid=\".nprxmsmv0a.2.0.2.0.3:$job--NvCZyBxmTq5u6a_Njo8.1.1.0.1\">Ribeir\u00e3o Preto, SP<\/span><\/span><\/a><\/div>\n<div class=\"job-card-details\" data-reactid=\".nprxmsmv0a.2.0.2.0.3:$job--NvCZyBxmTq5u6a_Njo8.2\">\n<div data-reactid=\".nprxmsmv0a.2.0.2.0.3:$job--NvCZyBxmTq5u6a_Njo8.2.0\"><span class=\"secondary-label\" data-reactid=\".nprxmsmv0a.2.0.2.0.3:$job--NvCZyBxmTq5u6a_Njo8.2.0.0\">Sal\u00e1rio<\/span><span class=\"spaced-left-sm\" data-reactid=\".nprxmsmv0a.2.0.2.0.3:$job--NvCZyBxmTq5u6a_Njo8.2.0.1\">A combinar<\/span><\/div>\n<div data-reactid=\".nprxmsmv0a.2.0.2.0.3:$job--NvCZyBxmTq5u6a_Njo8.2.2\"><span class=\"secondary-label\" data-reactid=\".nprxmsmv0a.2.0.2.0.3:$job--NvCZyBxmTq5u6a_Njo8.2.2.0\">Contrato<\/span><span class=\"spaced-left-sm\" data-reactid=\".nprxmsmv0a.2.0.2.0.3:$job--NvCZyBxmTq5u6a_Njo8.2.2.1\">CLT (Efetivo)<\/span><\/div>\n<\/div>\n<div class=\"secondary-label spaced-top-sm\" data-reactid=\".nprxmsmv0a.2.0.2.0.3:$job--NvCZyBxmTq5u6a_Njo8.3\">Estamos em busca de um Projetista Industrial para nossa equipe. <\/p>\n<p>Responsabilidades:<\/p>\n<p>&#8211; Projetar maquinas<br \/>\n&#8211; Projetar tanques<br \/>\n&#8211; Vaso de Press\u00e3o<br \/>\n&#8211; Estruturas met\u00e1licas<br \/>\n&#8211; Desenvolver e projetar produtos industriais de acordo com especifica\u00e7\u00f5es e requisitos.<br \/>\n&#8211; Crie esbo\u00e7os, desenhos t\u00e9cnicos e modelos 3D detalhados.<br \/>\n&#8211; Colaborar com equipes multidisciplinares para garantir a previs\u00e3o do projeto.<br \/>\n&#8211; Realizar an\u00e1lises de custos e otimiza\u00e7\u00e3o de processos de fabrica\u00e7\u00e3o.<br \/>\n&#8211; Garantir a conformidade com norm &#8230;<\/p><\/div>\n<\/div>\n<div class=\"card-clickable\" data-reactid=\".nprxmsmv0a.2.0.2.0.3:$job--NuhwREZbzHbr97kN5i6\">\n<div data-reactid=\".nprxmsmv0a.2.0.2.0.3:$job--NuhwREZbzHbr97kN5i6.0\">\n<h2 class=\"job-card-title\" data-reactid=\".nprxmsmv0a.2.0.2.0.3:$job--NuhwREZbzHbr97kN5i6.0.0\"><a href=\"https:\/\/www.recrutasimples.com.br\/vaga\/analista-contabil-senior\/ribeirao-preto-sp\/-NuhwREZbzHbr97kN5i6\" data-reactid=\".nprxmsmv0a.2.0.2.0.3:$job--NuhwREZbzHbr97kN5i6.0.0.0\">Analista Cont\u00e1bil S\u00eanior<\/a><\/h2>\n<\/div>\n<div class=\"job-card-info\" data-reactid=\".nprxmsmv0a.2.0.2.0.3:$job--NuhwREZbzHbr97kN5i6.1\"><a href=\"https:\/\/www.recrutasimples.com.br\/vagas\/ribeirao-preto-sp\" data-reactid=\".nprxmsmv0a.2.0.2.0.3:$job--NuhwREZbzHbr97kN5i6.1.1\"><span data-reactid=\".nprxmsmv0a.2.0.2.0.3:$job--NuhwREZbzHbr97kN5i6.1.1.0\"><i class=\"zmdi zmdi-pin\" data-reactid=\".nprxmsmv0a.2.0.2.0.3:$job--NuhwREZbzHbr97kN5i6.1.1.0.0\"><\/i><span class=\"spaced-left-sm\" data-reactid=\".nprxmsmv0a.2.0.2.0.3:$job--NuhwREZbzHbr97kN5i6.1.1.0.1\">Ribeir\u00e3o Preto, SP<\/span><\/span><\/a><\/div>\n<div class=\"job-card-details\" data-reactid=\".nprxmsmv0a.2.0.2.0.3:$job--NuhwREZbzHbr97kN5i6.2\">\n<div data-reactid=\".nprxmsmv0a.2.0.2.0.3:$job--NuhwREZbzHbr97kN5i6.2.0\"><span class=\"secondary-label\" data-reactid=\".nprxmsmv0a.2.0.2.0.3:$job--NuhwREZbzHbr97kN5i6.2.0.0\">Sal\u00e1rio<\/span><span class=\"spaced-left-sm\" data-reactid=\".nprxmsmv0a.2.0.2.0.3:$job--NuhwREZbzHbr97kN5i6.2.0.1\">A combinar<\/span><\/div>\n<div data-reactid=\".nprxmsmv0a.2.0.2.0.3:$job--NuhwREZbzHbr97kN5i6.2.1\"><span class=\"secondary-label\" data-reactid=\".nprxmsmv0a.2.0.2.0.3:$job--NuhwREZbzHbr97kN5i6.2.1.0\">Benef\u00edcios<\/span><span class=\"spaced-left-sm\" data-reactid=\".nprxmsmv0a.2.0.2.0.3:$job--NuhwREZbzHbr97kN5i6.2.1.1\">Vale Transporte, Vale Refei\u00e7\u00e3o, Vale Alimenta\u00e7\u00e3o, Assist\u00eancia M\u00e9dica, Assist\u00eancia Odontol\u00f3gica, Seguro de Vida<\/span><\/div>\n<div data-reactid=\".nprxmsmv0a.2.0.2.0.3:$job--NuhwREZbzHbr97kN5i6.2.2\"><span class=\"secondary-label\" data-reactid=\".nprxmsmv0a.2.0.2.0.3:$job--NuhwREZbzHbr97kN5i6.2.2.0\">Contrato<\/span><span class=\"spaced-left-sm\" data-reactid=\".nprxmsmv0a.2.0.2.0.3:$job--NuhwREZbzHbr97kN5i6.2.2.1\">CLT (Efetivo)<\/span><\/div>\n<\/div>\n<div class=\"secondary-label spaced-top-sm\" data-reactid=\".nprxmsmv0a.2.0.2.0.3:$job--NuhwREZbzHbr97kN5i6.3\">Estamos em busca de um(a) Analista Cont\u00e1bil S\u00eanior para fazer parte do nosso time.<\/p>\n<p>Realizar as seguintes atividades pertinentes ao cargo.<\/p>\n<p>&#8211; An\u00e1lise e encerramento do balan\u00e7o;<br \/>\n&#8211; Fechamento de impostos;<br \/>\n&#8211; Entrega de obriga\u00e7\u00f5es acess\u00f3rias.<\/p><\/div>\n<\/div>\n<div class=\"card-clickable\" data-reactid=\".nprxmsmv0a.2.0.2.0.3:$job--NvhDSNYTXCNWZ67UJsF\">\n<div data-reactid=\".nprxmsmv0a.2.0.2.0.3:$job--NvhDSNYTXCNWZ67UJsF.0\">\n<h2 class=\"job-card-title\" data-reactid=\".nprxmsmv0a.2.0.2.0.3:$job--NvhDSNYTXCNWZ67UJsF.0.0\"><a href=\"https:\/\/www.recrutasimples.com.br\/vaga\/analista-fiscal\/ribeirao-preto-sp\/-NvhDSNYTXCNWZ67UJsF\" data-reactid=\".nprxmsmv0a.2.0.2.0.3:$job--NvhDSNYTXCNWZ67UJsF.0.0.0\">Analista Fiscal<\/a><\/h2>\n<\/div>\n<div class=\"job-card-info\" data-reactid=\".nprxmsmv0a.2.0.2.0.3:$job--NvhDSNYTXCNWZ67UJsF.1\"><a href=\"https:\/\/www.recrutasimples.com.br\/vagas\/ribeirao-preto-sp\" data-reactid=\".nprxmsmv0a.2.0.2.0.3:$job--NvhDSNYTXCNWZ67UJsF.1.1\"><span data-reactid=\".nprxmsmv0a.2.0.2.0.3:$job--NvhDSNYTXCNWZ67UJsF.1.1.0\"><i class=\"zmdi zmdi-pin\" data-reactid=\".nprxmsmv0a.2.0.2.0.3:$job--NvhDSNYTXCNWZ67UJsF.1.1.0.0\"><\/i><span class=\"spaced-left-sm\" data-reactid=\".nprxmsmv0a.2.0.2.0.3:$job--NvhDSNYTXCNWZ67UJsF.1.1.0.1\">Ribeir\u00e3o Preto, SP<\/span><\/span><\/a><\/div>\n<div class=\"job-card-details\" data-reactid=\".nprxmsmv0a.2.0.2.0.3:$job--NvhDSNYTXCNWZ67UJsF.2\">\n<div data-reactid=\".nprxmsmv0a.2.0.2.0.3:$job--NvhDSNYTXCNWZ67UJsF.2.0\"><span class=\"secondary-label\" data-reactid=\".nprxmsmv0a.2.0.2.0.3:$job--NvhDSNYTXCNWZ67UJsF.2.0.0\">Sal\u00e1rio<\/span><span class=\"spaced-left-sm\" data-reactid=\".nprxmsmv0a.2.0.2.0.3:$job--NvhDSNYTXCNWZ67UJsF.2.0.1\">A combinar<\/span><\/div>\n<div data-reactid=\".nprxmsmv0a.2.0.2.0.3:$job--NvhDSNYTXCNWZ67UJsF.2.2\"><span class=\"secondary-label\" data-reactid=\".nprxmsmv0a.2.0.2.0.3:$job--NvhDSNYTXCNWZ67UJsF.2.2.0\">Contrato<\/span><span class=\"spaced-left-sm\" data-reactid=\".nprxmsmv0a.2.0.2.0.3:$job--NvhDSNYTXCNWZ67UJsF.2.2.1\">CLT (Efetivo)<\/span><\/div>\n<\/div>\n<div class=\"secondary-label spaced-top-sm\" data-reactid=\".nprxmsmv0a.2.0.2.0.3:$job--NvhDSNYTXCNWZ67UJsF.3\">&#8211; Atuar em processos de rotinas fiscais e confer\u00eancia de notas fiscais de de entrada e de sa\u00edda.<br \/>\n&#8211; Realizar o c\u00e1lculo de apura\u00e7\u00e3o e recolhimento de impostos diretos e indiretos (ICMS, ICMS ST, DIFAL, IPI, ISS tomado).<br \/>\n&#8211; Respons\u00e1vel pela entrega das obriga\u00e7\u00f5es acess\u00f3rias e obriga\u00e7\u00f5es espec\u00edficas: SISCOSERV e Perdcomp.<br \/>\n&#8211; Fazer a escritura\u00e7\u00e3o fiscal e reten\u00e7\u00f5es na fonte (PIS, COFINS, CSLL, IRRF, INSS).<br \/>\n&#8211; Realizar o Sped REINF \u2013 DCTF WEB.<\/div>\n<\/div>\n<div class=\"card-clickable\" data-reactid=\".nprxmsmv0a.2.0.2.0.3:$job--NvCVkzWMde2oiB82aXf\">\n<div data-reactid=\".nprxmsmv0a.2.0.2.0.3:$job--NvCVkzWMde2oiB82aXf.0\">\n<h2 class=\"job-card-title\" data-reactid=\".nprxmsmv0a.2.0.2.0.3:$job--NvCVkzWMde2oiB82aXf.0.0\"><a href=\"https:\/\/www.recrutasimples.com.br\/vaga\/gerente-comercial\/ribeirao-preto-sp\/-NvCVkzWMde2oiB82aXf\" data-reactid=\".nprxmsmv0a.2.0.2.0.3:$job--NvCVkzWMde2oiB82aXf.0.0.0\">GERENTE COMERCIAL<\/a><\/h2>\n<\/div>\n<div class=\"job-card-info\" data-reactid=\".nprxmsmv0a.2.0.2.0.3:$job--NvCVkzWMde2oiB82aXf.1\"><a href=\"https:\/\/www.recrutasimples.com.br\/vagas\/ribeirao-preto-sp\" data-reactid=\".nprxmsmv0a.2.0.2.0.3:$job--NvCVkzWMde2oiB82aXf.1.1\"><span data-reactid=\".nprxmsmv0a.2.0.2.0.3:$job--NvCVkzWMde2oiB82aXf.1.1.0\"><i class=\"zmdi zmdi-pin\" data-reactid=\".nprxmsmv0a.2.0.2.0.3:$job--NvCVkzWMde2oiB82aXf.1.1.0.0\"><\/i><span class=\"spaced-left-sm\" data-reactid=\".nprxmsmv0a.2.0.2.0.3:$job--NvCVkzWMde2oiB82aXf.1.1.0.1\">Ribeir\u00e3o Preto, SP<\/span><\/span><\/a><\/div>\n<div class=\"job-card-details\" data-reactid=\".nprxmsmv0a.2.0.2.0.3:$job--NvCVkzWMde2oiB82aXf.2\">\n<div data-reactid=\".nprxmsmv0a.2.0.2.0.3:$job--NvCVkzWMde2oiB82aXf.2.0\"><span class=\"secondary-label\" data-reactid=\".nprxmsmv0a.2.0.2.0.3:$job--NvCVkzWMde2oiB82aXf.2.0.0\">Sal\u00e1rio<\/span><span class=\"spaced-left-sm\" data-reactid=\".nprxmsmv0a.2.0.2.0.3:$job--NvCVkzWMde2oiB82aXf.2.0.1\">A combinar<\/span><\/div>\n<div data-reactid=\".nprxmsmv0a.2.0.2.0.3:$job--NvCVkzWMde2oiB82aXf.2.2\"><span class=\"secondary-label\" data-reactid=\".nprxmsmv0a.2.0.2.0.3:$job--NvCVkzWMde2oiB82aXf.2.2.0\">Contrato<\/span><span class=\"spaced-left-sm\" data-reactid=\".nprxmsmv0a.2.0.2.0.3:$job--NvCVkzWMde2oiB82aXf.2.2.1\">CLT (Efetivo)<\/span><\/div>\n<\/div>\n<div class=\"secondary-label spaced-top-sm\" data-reactid=\".nprxmsmv0a.2.0.2.0.3:$job--NvCVkzWMde2oiB82aXf.3\">Estamos em busca de um(a) Coordenador(a) de Vendas para se juntar ao nosso time.<\/p>\n<p>Responsabilidades:<\/p>\n<p>&#8211; Gerenciar e coordenar as atividades do time de vendas;<br \/>\n&#8211; Estabelecer regionais de vendas, cotas e metas para o time;<br \/>\n&#8211; Analisar estat\u00edsticas de vendas para identificar possibilidades de melhoras;<br \/>\n&#8211; Acompanhar resultados e tend\u00eancias regularmente para proje\u00e7\u00e3o de receitas;<br \/>\n&#8211;  Dar feedback ao time e individualmente sobre performance;<br \/>\n&#8211; Desenvolver e executar estrat\u00e9gias de vendas inovadoras;<br \/>\n&#8211; C &#8230;<\/p><\/div>\n<\/div>\n<div class=\"text-center\" data-reactid=\".nprxmsmv0a.2.0.2.0.7\">\n<h5 data-reactid=\".nprxmsmv0a.2.0.2.0.7.0\">Curta a nossa p\u00e1gina do Facebook e receba alerta de novas vagas de interesse!<\/h5>\n<div class=\"fb-page\" data-href=\"https:\/\/www.facebook.com\/oportunidadesevagasdeemprego\/\" data-small-header=\"false\" data-adapt-container-width=\"true\" data-hide-cover=\"false\" data-show-facepile=\"true\" data-reactid=\".nprxmsmv0a.2.0.2.0.7.1\">\n<blockquote class=\"fb-xfbml-parse-ignore\" data-reactid=\".nprxmsmv0a.2.0.2.0.7.1.0\"><p><a href=\"https:\/\/www.facebook.com\/oportunidadesevagasdeemprego\/\" data-reactid=\".nprxmsmv0a.2.0.2.0.7.1.0.0\">Recruta Simples Vagas<\/a><\/p><\/blockquote>\n<\/div>\n<\/div>\n<p><noscript data-reactid=\".nprxmsmv0a.2.0.2.0.8\"><\/noscript><\/div>\n<!-- CONTENT END 1 -->\n","protected":false},"excerpt":{"rendered":"<p>9 vagas em Ribeir\u00e3o Preto\/SP ANALISTA PCP Ribeir\u00e3o Preto, SP Sal\u00e1rioA combinar ContratoCLT (Efetivo) Estamos em busca de um(a) Analista de PCP para fazer parte&#8230;<\/p>\n","protected":false},"author":1,"featured_media":47115,"comment_status":"open","ping_status":"open","sticky":false,"template":"","format":"standard","meta":{"advanced_seo_description":"","jetpack_seo_html_title":"","jetpack_seo_noindex":false,"jetpack_post_was_ever_published":false,"_jetpack_newsletter_access":"","_jetpack_dont_email_post_to_subs":false,"_jetpack_newsletter_tier_id":0,"_jetpack_memberships_contains_paywalled_content":false,"_jetpack_memberships_contains_paid_content":false,"footnotes":"","jetpack_publicize_message":"","jetpack_publicize_feature_enabled":true,"jetpack_social_post_already_shared":true,"jetpack_social_options":{"image_generator_settings":{"template":"highway","default_image_id":0,"font":"","enabled":false},"version":2}},"categories":[7],"tags":[],"class_list":["post-47114","post","type-post","status-publish","format-standard","has-post-thumbnail","hentry","category-vagas-de-empregos-em-ribeirao-preto-regiao-brasil"],"jetpack_publicize_connections":[],"jetpack_featured_media_url":"https:\/\/i0.wp.com\/noticiasribeiraopreto.com.br\/wp-content\/uploads\/2024\/04\/1713791672_a3e97088f30f8acd4c21ea69ffbecb43.jpg?fit=1080%2C981&ssl=1","jetpack-related-posts":[{"id":24588,"url":"https:\/\/noticiasribeiraopreto.com.br\/index.php\/2024\/01\/04\/confira-mais-de-571-vagas-disponiveis\/","url_meta":{"origin":47114,"position":0},"title":"Confira mais de 571 vagas dispon\u00edveis.","author":"noticiasribeiraopreto.com.br","date":"4 de January de 2024","format":false,"excerpt":"Confira mais de 571 vagas dispon\u00edveis.Vagas por cidadeTodas(498)Mat\u00e3o(203)Araras(201)Ribeir\u00e3o Preto(72)Santos(9)Monte Alto(3)Andradina(2)Vagas por \u00e1reaTodas(572)Produ\u00e7\u00e3o\/Fabrica\u00e7\u00e3o(214)Industrial, Produ\u00e7\u00e3o...(208)Transporte Terrestre(76)Industrial,Produ\u00e7\u00e3o...(10)Log\u00edstica(9)Administra\u00e7\u00e3o de...(9)Vagas por cargoTodas(572)Ajudante de Produ\u00e7\u00e3o -...(401)Motorista - V\u00e1rias...(72)Auxiliar de Produ\u00e7\u00e3o...(12)Operador de Produ\u00e7\u00e3o -...(9)Auxiliar de Produ\u00e7\u00e3o(5)Assistente Administrativo...(4) Vagas recentesVaga para Analista de PCP em Ribeir\u00e3o Preto ou Bauru - SPh\u00e1 7 horasVaga para Motorista Entregador em Ribeir\u00e3o\u2026","rel":"","context":"In &quot;Vagas de Emprego em Ribeir\u00e3o Preto-SP&quot;","block_context":{"text":"Vagas de Emprego em Ribeir\u00e3o Preto-SP","link":"https:\/\/noticiasribeiraopreto.com.br\/index.php\/category\/empregos-classificados-vagas-trabalho\/vagas-de-empregos-em-ribeirao-preto-regiao-brasil\/"},"img":{"alt_text":"","src":"","width":0,"height":0},"classes":[]},{"id":26301,"url":"https:\/\/noticiasribeiraopreto.com.br\/index.php\/2024\/01\/09\/encontre-aqui-a-sua-oportunidade-de-emprego-9\/","url_meta":{"origin":47114,"position":1},"title":"Encontre aqui a sua oportunidade de emprego","author":"noticiasribeiraopreto.com.br","date":"9 de January de 2024","format":false,"excerpt":"Confira mais de 577 vagas dispon\u00edveis.Vagas por cidadeTodas(497)Mat\u00e3o(203)Araras(201)Ribeir\u00e3o Preto(72)Santos(9)Monte Alto(3)Andradina(2)Vagas por \u00e1reaTodas(578)Produ\u00e7\u00e3o\/Fabrica\u00e7\u00e3o(214)Industrial, Produ\u00e7\u00e3o...(209)Transporte Terrestre(76)Administra\u00e7\u00e3o Comercial...(11)Industrial,Produ\u00e7\u00e3o...(10)Log\u00edstica(9)Vagas por cargoTodas(578)Ajudante de Produ\u00e7\u00e3o -...(401)Motorista - V\u00e1rias...(72)Auxiliar de Produ\u00e7\u00e3o...(12)Operador de Produ\u00e7\u00e3o -...(9)Estagi\u00e1rio Comercial -...(5)Auxiliar de Produ\u00e7\u00e3o(5) Vagas recentes1 vaga para Lavador de Carros em S\u00e3o Paulo - SPh\u00e1 1 diaVaga para Assistente Financeiro em Ribeir\u00e3o\u2026","rel":"","context":"In &quot;Vagas de Emprego em Ribeir\u00e3o Preto-SP&quot;","block_context":{"text":"Vagas de Emprego em Ribeir\u00e3o Preto-SP","link":"https:\/\/noticiasribeiraopreto.com.br\/index.php\/category\/empregos-classificados-vagas-trabalho\/vagas-de-empregos-em-ribeirao-preto-regiao-brasil\/"},"img":{"alt_text":"","src":"https:\/\/i0.wp.com\/noticiasribeiraopreto.com.br\/wp-content\/uploads\/2024\/01\/1704836514_maxresdefault.jpg?fit=1200%2C675&ssl=1&resize=350%2C200","width":350,"height":200,"srcset":"https:\/\/i0.wp.com\/noticiasribeiraopreto.com.br\/wp-content\/uploads\/2024\/01\/1704836514_maxresdefault.jpg?fit=1200%2C675&ssl=1&resize=350%2C200 1x, https:\/\/i0.wp.com\/noticiasribeiraopreto.com.br\/wp-content\/uploads\/2024\/01\/1704836514_maxresdefault.jpg?fit=1200%2C675&ssl=1&resize=525%2C300 1.5x, https:\/\/i0.wp.com\/noticiasribeiraopreto.com.br\/wp-content\/uploads\/2024\/01\/1704836514_maxresdefault.jpg?fit=1200%2C675&ssl=1&resize=700%2C400 2x, https:\/\/i0.wp.com\/noticiasribeiraopreto.com.br\/wp-content\/uploads\/2024\/01\/1704836514_maxresdefault.jpg?fit=1200%2C675&ssl=1&resize=1050%2C600 3x"},"classes":[]},{"id":25036,"url":"https:\/\/noticiasribeiraopreto.com.br\/index.php\/2024\/01\/05\/encontre-aqui-a-sua-oportunidade-de-emprego-8\/","url_meta":{"origin":47114,"position":2},"title":"Encontre aqui a sua oportunidade de emprego","author":"noticiasribeiraopreto.com.br","date":"5 de January de 2024","format":false,"excerpt":"Confira mais de 577 vagas dispon\u00edveis.Vagas por cidadeTodas(497)Mat\u00e3o(203)Araras(201)Ribeir\u00e3o Preto(72)Santos(9)Monte Alto(3)Andradina(2)Vagas por \u00e1reaTodas(578)Produ\u00e7\u00e3o\/Fabrica\u00e7\u00e3o(214)Industrial, Produ\u00e7\u00e3o...(208)Transporte Terrestre(76)Administra\u00e7\u00e3o Comercial...(11)Industrial,Produ\u00e7\u00e3o...(10)Log\u00edstica(9)Vagas por cargoTodas(578)Ajudante de Produ\u00e7\u00e3o -...(401)Motorista - V\u00e1rias...(72)Auxiliar de Produ\u00e7\u00e3o...(12)Operador de Produ\u00e7\u00e3o -...(9)Estagi\u00e1rio Comercial -...(5)Auxiliar de Produ\u00e7\u00e3o(5) Vagas recentesVaga para Vendedor Externo em Regi\u00e3o de Mar\u00edlia\/SP e Belo Horizonte\/MGh\u00e1 1 horaVaga para Estagi\u00e1rio Comercial - Home\u2026","rel":"","context":"In &quot;Vagas de Emprego em Ribeir\u00e3o Preto-SP&quot;","block_context":{"text":"Vagas de Emprego em Ribeir\u00e3o Preto-SP","link":"https:\/\/noticiasribeiraopreto.com.br\/index.php\/category\/empregos-classificados-vagas-trabalho\/vagas-de-empregos-em-ribeirao-preto-regiao-brasil\/"},"img":{"alt_text":"","src":"https:\/\/i0.wp.com\/noticiasribeiraopreto.com.br\/wp-content\/uploads\/2024\/01\/1704489929_maxresdefault.jpg?fit=1200%2C675&ssl=1&resize=350%2C200","width":350,"height":200,"srcset":"https:\/\/i0.wp.com\/noticiasribeiraopreto.com.br\/wp-content\/uploads\/2024\/01\/1704489929_maxresdefault.jpg?fit=1200%2C675&ssl=1&resize=350%2C200 1x, https:\/\/i0.wp.com\/noticiasribeiraopreto.com.br\/wp-content\/uploads\/2024\/01\/1704489929_maxresdefault.jpg?fit=1200%2C675&ssl=1&resize=525%2C300 1.5x, https:\/\/i0.wp.com\/noticiasribeiraopreto.com.br\/wp-content\/uploads\/2024\/01\/1704489929_maxresdefault.jpg?fit=1200%2C675&ssl=1&resize=700%2C400 2x, https:\/\/i0.wp.com\/noticiasribeiraopreto.com.br\/wp-content\/uploads\/2024\/01\/1704489929_maxresdefault.jpg?fit=1200%2C675&ssl=1&resize=1050%2C600 3x"},"classes":[]},{"id":25528,"url":"https:\/\/noticiasribeiraopreto.com.br\/index.php\/2024\/01\/07\/vaga-para-analista-de-pcp-em-ribeirao-preto-ou-bauru-spha-3-dias\/","url_meta":{"origin":47114,"position":3},"title":"Vaga para Analista de PCP em Ribeir\u00e3o Preto ou Bauru &#8211; SPh\u00e1 3 dias","author":"noticiasribeiraopreto.com.br","date":"7 de January de 2024","format":false,"excerpt":"Vaga para Vendedor Externo em Regi\u00e3o de Mar\u00edlia\/SP e Belo Horizonte\/MGh\u00e1 2 dias Vaga para Estagi\u00e1rio Comercial - Home Office Vaga para Analista de PCP em Ribeir\u00e3o Preto ou Bauru - SPh\u00e1 3 dias Vaga para Motorista Entregador em Ribeir\u00e3o Preto Vaga para Operador de Empilhadeira em Ribeir\u00e3o Preto Vaga\u2026","rel":"","context":"In &quot;Vagas de Emprego em Ribeir\u00e3o Preto-SP&quot;","block_context":{"text":"Vagas de Emprego em Ribeir\u00e3o Preto-SP","link":"https:\/\/noticiasribeiraopreto.com.br\/index.php\/category\/empregos-classificados-vagas-trabalho\/vagas-de-empregos-em-ribeirao-preto-regiao-brasil\/"},"img":{"alt_text":"","src":"","width":0,"height":0},"classes":[]},{"id":25527,"url":"https:\/\/noticiasribeiraopreto.com.br\/index.php\/2024\/01\/07\/confira-mais-de-577-vagas-disponiveis\/","url_meta":{"origin":47114,"position":4},"title":"Confira mais de 577 vagas dispon\u00edveis.","author":"noticiasribeiraopreto.com.br","date":"7 de January de 2024","format":false,"excerpt":"Confira mais de 577 vagas dispon\u00edveis.Vagas por cidadeTodas(497)Mat\u00e3o(203)Araras(201)Ribeir\u00e3o Preto(72)Santos(9)Monte Alto(3)Andradina(2)Vagas por \u00e1reaTodas(578)Produ\u00e7\u00e3o\/Fabrica\u00e7\u00e3o(214)Industrial, Produ\u00e7\u00e3o...(208)Transporte Terrestre(76)Administra\u00e7\u00e3o Comercial...(11)Industrial,Produ\u00e7\u00e3o...(10)Log\u00edstica(9)Vagas por cargoTodas(578)Ajudante de Produ\u00e7\u00e3o -...(401)Motorista - V\u00e1rias...(72)Auxiliar de Produ\u00e7\u00e3o...(12)Operador de Produ\u00e7\u00e3o -...(9)Estagi\u00e1rio Comercial -...(5)Auxiliar de Produ\u00e7\u00e3o(5) Vagas recentesVaga para Vendedor Externo em Regi\u00e3o de Mar\u00edlia\/SP e Belo Horizonte\/MGh\u00e1 2 diasVaga para Estagi\u00e1rio Comercial - Home\u2026","rel":"","context":"In &quot;Vagas de Emprego em Ribeir\u00e3o Preto-SP&quot;","block_context":{"text":"Vagas de Emprego em Ribeir\u00e3o Preto-SP","link":"https:\/\/noticiasribeiraopreto.com.br\/index.php\/category\/empregos-classificados-vagas-trabalho\/vagas-de-empregos-em-ribeirao-preto-regiao-brasil\/"},"img":{"alt_text":"","src":"","width":0,"height":0},"classes":[]},{"id":32609,"url":"https:\/\/noticiasribeiraopreto.com.br\/index.php\/2024\/01\/25\/encontre-aqui-a-sua-oportunidade-de-emprego-13\/","url_meta":{"origin":47114,"position":5},"title":"Encontre aqui a sua oportunidade de emprego","author":"noticiasribeiraopreto.com.br","date":"25 de January de 2024","format":false,"excerpt":"Confira mais de 532 vagas dispon\u00edveis.Vagas por cidadeTodas(524)Mat\u00e3o(204)Araras(200)Ribeir\u00e3o Preto(78)Monte Alto(25)Santos(9)Cravinhos(3)Vagas por \u00e1reaTodas(533)Produ\u00e7\u00e3o\/Fabrica\u00e7\u00e3o(237)Industrial, Produ\u00e7\u00e3o...(209)Administra\u00e7\u00e3o Comercial...(14)Industrial,Produ\u00e7\u00e3o...(10)Administra\u00e7\u00e3o de...(9)Log\u00edstica(8)Vagas por cargoTodas(533)Ajudante de Produ\u00e7\u00e3o -...(401)Ajudante Geral de...(20)Auxiliar de Produ\u00e7\u00e3o...(11)Auxiliar de Produ\u00e7\u00e3o(10)Operador de Produ\u00e7\u00e3o -...(9)Estagi\u00e1rio Comercial -...(5) Vagas recentesVaga para Auxiliar Administrativo em Ribeir\u00e3o Preto - SPVaga para Analista Tribut\u00e1rio em Ribeir\u00e3o PretoVaga para Auxiliar de\u2026","rel":"","context":"In &quot;Vagas de Emprego em Ribeir\u00e3o Preto-SP&quot;","block_context":{"text":"Vagas de Emprego em Ribeir\u00e3o Preto-SP","link":"https:\/\/noticiasribeiraopreto.com.br\/index.php\/category\/empregos-classificados-vagas-trabalho\/vagas-de-empregos-em-ribeirao-preto-regiao-brasil\/"},"img":{"alt_text":"","src":"https:\/\/i0.wp.com\/noticiasribeiraopreto.com.br\/wp-content\/uploads\/2024\/01\/1706222190_maxresdefault.jpg?fit=1200%2C675&ssl=1&resize=350%2C200","width":350,"height":200,"srcset":"https:\/\/i0.wp.com\/noticiasribeiraopreto.com.br\/wp-content\/uploads\/2024\/01\/1706222190_maxresdefault.jpg?fit=1200%2C675&ssl=1&resize=350%2C200 1x, https:\/\/i0.wp.com\/noticiasribeiraopreto.com.br\/wp-content\/uploads\/2024\/01\/1706222190_maxresdefault.jpg?fit=1200%2C675&ssl=1&resize=525%2C300 1.5x, https:\/\/i0.wp.com\/noticiasribeiraopreto.com.br\/wp-content\/uploads\/2024\/01\/1706222190_maxresdefault.jpg?fit=1200%2C675&ssl=1&resize=700%2C400 2x, https:\/\/i0.wp.com\/noticiasribeiraopreto.com.br\/wp-content\/uploads\/2024\/01\/1706222190_maxresdefault.jpg?fit=1200%2C675&ssl=1&resize=1050%2C600 3x"},"classes":[]}],"jetpack_sharing_enabled":true,"jetpack_shortlink":"https:\/\/wp.me\/peQAOb-cfU","_links":{"self":[{"href":"https:\/\/noticiasribeiraopreto.com.br\/index.php\/wp-json\/wp\/v2\/posts\/47114","targetHints":{"allow":["GET"]}}],"collection":[{"href":"https:\/\/noticiasribeiraopreto.com.br\/index.php\/wp-json\/wp\/v2\/posts"}],"about":[{"href":"https:\/\/noticiasribeiraopreto.com.br\/index.php\/wp-json\/wp\/v2\/types\/post"}],"author":[{"embeddable":true,"href":"https:\/\/noticiasribeiraopreto.com.br\/index.php\/wp-json\/wp\/v2\/users\/1"}],"replies":[{"embeddable":true,"href":"https:\/\/noticiasribeiraopreto.com.br\/index.php\/wp-json\/wp\/v2\/comments?post=47114"}],"version-history":[{"count":0,"href":"https:\/\/noticiasribeiraopreto.com.br\/index.php\/wp-json\/wp\/v2\/posts\/47114\/revisions"}],"wp:featuredmedia":[{"embeddable":true,"href":"https:\/\/noticiasribeiraopreto.com.br\/index.php\/wp-json\/wp\/v2\/media\/47115"}],"wp:attachment":[{"href":"https:\/\/noticiasribeiraopreto.com.br\/index.php\/wp-json\/wp\/v2\/media?parent=47114"}],"wp:term":[{"taxonomy":"category","embeddable":true,"href":"https:\/\/noticiasribeiraopreto.com.br\/index.php\/wp-json\/wp\/v2\/categories?post=47114"},{"taxonomy":"post_tag","embeddable":true,"href":"https:\/\/noticiasribeiraopreto.com.br\/index.php\/wp-json\/wp\/v2\/tags?post=47114"}],"curies":[{"name":"wp","href":"https:\/\/api.w.org\/{rel}","templated":true}]}}