{"id":47121,"date":"2024-04-22T17:50:58","date_gmt":"2024-04-22T20:50:58","guid":{"rendered":"https:\/\/noticiasribeiraopreto.com.br\/?p=47121"},"modified":"2024-04-22T17:51:03","modified_gmt":"2024-04-22T20:51:03","slug":"ibee-divulga-433-vagas-de-emprego-em-ribeirao-preto","status":"publish","type":"post","link":"https:\/\/noticiasribeiraopreto.com.br\/index.php\/2024\/04\/22\/ibee-divulga-433-vagas-de-emprego-em-ribeirao-preto\/","title":{"rendered":"iBEE divulga 433 vagas de emprego em Ribeir\u00e3o Preto"},"content":{"rendered":"\n<h1 class=\"wp-block-heading\"><\/h1>\n\n\n\n<div class='code-block code-block-1' style='margin: 8px 0 8px auto; text-align: right; display: block; clear: both;'>\n<p><a href=\"https:\/\/wa.link\/vpicfd\"><img data-recalc-dims=\"1\" class=\"wp-image-4922\" style=\"aspect-ratio: 2.0253164556962027; width: 561px; height: auto;\" src=\"https:\/\/i0.wp.com\/ismaelcolosi.com.br\/wp-content\/uploads\/2023\/11\/grupo-de-empregos-whatsapp-e-facebook-ismael-colosi-vagas.jpg?ssl=1\" alt=\"\" \/><\/a><\/p>\n<!-- \/wp:image -->\n<\/div>\n<p><\/p>\n\n\n\n<figure class=\"wp-block-image\"><img data-recalc-dims=\"1\" decoding=\"async\" src=\"https:\/\/i0.wp.com\/ibee.net.br\/wp-content\/uploads\/2024\/04\/entrevista-emprego-novo3_widelg-ISMAEL-COLOSI-SEM-EXPERIENCIA-RIBEIRAO-PRETO.jpg?ssl=1\" alt=\"\" class=\"wp-image-54\"\/><\/figure>\n\n\n\n<p>iBEE divulga 433 vagas de emprego em Ribeir\u00e3o Preto<\/p>\n\n\n\n<p>O iBEE \u2013 Instituto Brasileiro do Emprego e do Empreendedorismo, sediado em Ribeir\u00e3o Preto, est\u00e1 divulgando um total de 433 oportunidades de emprego, est\u00e1gio e programa de jovem aprendiz para a cidade . Essas vagas representam uma excelente oportunidade para os residentes locais avan\u00e7arem em suas carreiras ou darem os primeiros passos no mundo profissional.<\/p>\n\n\n\n<p>As vagas abrangem uma variedade de setores e n\u00edveis de experi\u00eancia, proporcionando oportunidades para uma ampla gama de profissionais. Desde cargos de entrada at\u00e9 posi\u00e7\u00f5es mais especializadas, o iBEE est\u00e1 empenhado em conectar candidatos qualificados com empregadores em busca de talento.<\/p>\n\n\n\n<p>Essa iniciativa do iBEE \u00e9 fundamental n\u00e3o apenas para o crescimento econ\u00f4mico da regi\u00e3o, mas tamb\u00e9m para o desenvolvimento pessoal e profissional dos residentes de Ribeir\u00e3o Preto. Ao oferecer uma plataforma para a divulga\u00e7\u00e3o de vagas de emprego e programas de desenvolvimento profissional, o iBEE est\u00e1 contribuindo significativamente para o fortalecimento da comunidade local.<\/p>\n\n\n\n<p>Se voc\u00ea est\u00e1 em busca de uma nova oportunidade de emprego, est\u00e1gio ou programa de jovem aprendiz em Ribeir\u00e3o Preto, n\u00e3o deixe de conferir as vagas divulgadas pelo iBEE. Essa pode ser a sua chance de dar um salto em sua carreira e alcan\u00e7ar seus objetivos profissionais.<\/p>\n\n\n\n<p>Os interessados devem encaminhar seu curr\u00edculo para&nbsp;<a href=\"mailto:missaoemprego@ibee.net.br\">missaoemprego@ibee.net.br<\/a>&nbsp;que ser\u00e1 encaminhado para os empregadores.<\/p>\n\n\n\n<p>Confira a lista completa&nbsp;<\/p>\n\n\n\n<p>Fiscal de Obras -1 vaga<\/p>\n\n\n\n<p>Supervisor de Produ\u00e7\u00e3o -1 vaga&nbsp;<\/p>\n\n\n\n<p>Operador de Caixa -1 vaga<\/p>\n\n\n\n<p>T\u00e9cnico de Controle de Qualidade -1 vaga&nbsp;<\/p>\n\n\n\n<p>Supervisor de Produ\u00e7\u00e3o -1 vaga<br>Auxiliar de Produ\u00e7\u00e3o -1 vaga&nbsp;<\/p>\n\n\n\n<p>Supervisor de Manuten\u00e7\u00e3o -1 vaga&nbsp;<\/p>\n\n\n\n<p>Auxiliar de Expedi\u00e7\u00e3o -2 vaga&nbsp;<\/p>\n\n\n\n<p>Auxiliar de Produ\u00e7\u00e3o -1 vaga&nbsp;<\/p>\n\n\n\n<p>Auxiliar de Produ\u00e7\u00e3o -76 vagas&nbsp;<\/p>\n\n\n\n<p>Auxiliar Administrativo -1 vaga&nbsp;<\/p>\n\n\n\n<p>Analista de Qualidade -1 vaga<\/p>\n\n\n\n<p>L\u00edder de Manuten\u00e7\u00e3o -1 vaga<\/p>\n\n\n\n<p>Analista de Folha de Pagamento -1 vaga&nbsp;<\/p>\n\n\n\n<p>Assistente Financeiro -1 vaga&nbsp;<\/p>\n\n\n\n<p>Auxiliar de Compras -1 vaga&nbsp;<\/p>\n\n\n\n<p>Auxiliar Administrativo -1 vaga&nbsp;<\/p>\n\n\n\n<p>Auxiliar de Log\u00edstica -1 vaga&nbsp;<\/p>\n\n\n\n<p>Assistente de Compras -1 vaga<\/p>\n\n\n\n<p>Analista FP&amp;A (Financial Planning and Analysis) -1 vaga&nbsp;<\/p>\n\n\n\n<p>Assistente Cont\u00e1bil -1 vaga<\/p>\n\n\n\n<p>Analista de RH -1 vaga&nbsp;<\/p>\n\n\n\n<p>Estagi\u00e1rio Administrativo -1 vagas&nbsp;<\/p>\n\n\n\n<p>Auxiliar de Almoxarifado -1 vagas&nbsp;<\/p>\n\n\n\n<p>Assistente Administrativo -12 vagas&nbsp;<\/p>\n\n\n\n<p>Auxiliar de Manuten\u00e7\u00e3o -1 vaga<\/p>\n\n\n\n<p>Vendedor em Domic\u00edlio -6 vagas&nbsp;<\/p>\n\n\n\n<p>Vendedor B2B -6 vagas<\/p>\n\n\n\n<p>Vendedor de Servi\u00e7os&nbsp; -1 vaga<\/p>\n\n\n\n<p>Promotor de vendas&nbsp; -2 vagas<\/p>\n\n\n\n<p>Assistente Financeiro -1 vaga<\/p>\n\n\n\n<p>Aux de Atendimento -2 vagas<\/p>\n\n\n\n<p>Assistente Administrativo (estar cursando tec ou superior em adm ou secretariado)<br>Recepcionista em Cl\u00ednica Psicol\u00f3gica (Ensino m\u00e9dio ou psicologia)<br>Atendente de a\u00e7aiteria (Ensino m\u00e9dio 1\u00b0 ou 2\u00b0 ano)<br>Atendente de padaria (Ensino m\u00e9dio)<br>Atendente de sorveteria (Ensino m\u00e9dio)<br>Est\u00e1gio Ensino M\u00e9dio (1\u00b0,2\u00b0 e 3\u00b0 ano) \u2013 120 vagas<br>Ajudante de motorista -1 vaga&nbsp;<\/p>\n\n\n\n<p>Ajudante de Produ\u00e7\u00e3o em Metal\u00fargica&nbsp; -1 vaga<br>Assistente Comercial -1 vaga<br>Desenhista Industrial -1 vaga<\/p>\n\n\n\n<p>projetista -1 vaga<\/p>\n\n\n\n<p>Atendente de farm\u00e1cia -1 vaga&nbsp;<\/p>\n\n\n\n<p>Auxiliar de opera\u00e7\u00f5es&nbsp; 8- vagas (PCD)<\/p>\n\n\n\n<p>Ajudante Geral 1-vaga&nbsp;<\/p>\n\n\n\n<p>Recepcionista -1 vaga (Ensino m\u00e9dio completo e desej\u00e1vel experi\u00eancia com atendimento ao p\u00fablico)<\/p>\n\n\n\n<p>Portaria 12X36 (Bonfim)&nbsp; \u2013 1 vaga<\/p>\n\n\n\n<p>Sal\u00e1rio R$1671,51<\/p>\n\n\n\n<p>Alimenta\u00e7\u00e3o R$362,00<\/p>\n\n\n\n<p>Ajuda de custo.<\/p>\n\n\n\n<p>Aux de manuten\u00e7\u00e3o\/Conserva\u00e7\u00e3o. (Bonfim)&nbsp; -1 vaga<\/p>\n\n\n\n<p>Sal\u00e1rio R$1671,51<\/p>\n\n\n\n<p>Alimenta\u00e7\u00e3o R$362<\/p>\n\n\n\n<p>Ajuda de custo<\/p>\n\n\n\n<p>Consultor de vendas (ensino m\u00e9dio completo)&nbsp; -1 vaga<\/p>\n\n\n\n<p>Corretor de im\u00f3veis&nbsp; -1 vaga<\/p>\n\n\n\n<p>Auxiliar Operacional (PCD)&nbsp; -1 vaga<\/p>\n\n\n\n<p>Auxiliar Administrativo (PCD)&nbsp; -1 vaga<\/p>\n\n\n\n<p>Limpador de vidros (Sal\u00e1rio de R$1.368,11 a R$1.590,00 por m\u00eas) -1 vaga<\/p>\n\n\n\n<p>Auxiliar de Produ\u00e7\u00e3o (Cravinhos)&nbsp; -vaga<\/p>\n\n\n\n<p>Auxiliar de Oficina<\/p>\n\n\n\n<p>Assistente recebimento e faturamento fiscal<\/p>\n\n\n\n<p>Auxiliar administrativo<\/p>\n\n\n\n<p>Consultor de vendas (PCP)<\/p>\n\n\n\n<p>Auxiliar de Limpeza<\/p>\n\n\n\n<p>Auxiliar fiscal<\/p>\n\n\n\n<p>Analista financeiro<\/p>\n\n\n\n<p>Auxiliar e Analista Cont\u00e1bil<\/p>\n\n\n\n<p>Recepcionista\/ Secret\u00e1ria<\/p>\n\n\n\n<p>Vendedor (A) internos e externos<\/p>\n\n\n\n<p>Atendente de shopping iguatemi<\/p>\n\n\n\n<p>Operador de Caixa \u2013 Vaga Feminina&nbsp;<\/p>\n\n\n\n<p>Balconista<\/p>\n\n\n\n<p>Estoquista<\/p>\n\n\n\n<p>Agente de limpeza<\/p>\n\n\n\n<p>L\u00edder de limpeza<\/p>\n\n\n\n<p>Encarregado de Limpeza<\/p>\n\n\n\n<p>Porteiro<\/p>\n\n\n\n<p>Motorista -1 vaga<br>Operador de empilhadeira 1- vaga<\/p>\n\n\n\n<p>Auxiliar de Log\u00edstica&nbsp; -1 vaga<\/p>\n\n\n\n<p>Aprendiz Estoquista&nbsp; -1 vaga<\/p>\n\n\n\n<p>Auxiliar de produ\u00e7\u00e3o &nbsp; 1- vaga<\/p>\n\n\n\n<p>Motorista entregador &nbsp; 1- vaga<\/p>\n\n\n\n<p>Assistente comercial &nbsp; 1- vaga<\/p>\n\n\n\n<p>Auxiliar Administrativo 1- vaga<\/p>\n\n\n\n<p>Executivo de vendas &nbsp; 1- vaga<\/p>\n\n\n\n<p>Vendedor Ferista &nbsp; &nbsp; &nbsp; &nbsp; 1- vaga<\/p>\n<!-- CONTENT END 1 -->\n","protected":false},"excerpt":{"rendered":"<p>iBEE divulga 433 vagas de emprego em Ribeir\u00e3o Preto O iBEE \u2013 Instituto Brasileiro do Emprego e do Empreendedorismo, sediado em Ribeir\u00e3o Preto, est\u00e1 divulgando&#8230;<\/p>\n","protected":false},"author":1,"featured_media":0,"comment_status":"open","ping_status":"open","sticky":false,"template":"","format":"standard","meta":{"advanced_seo_description":"","jetpack_seo_html_title":"","jetpack_seo_noindex":false,"jetpack_post_was_ever_published":false,"_jetpack_newsletter_access":"","_jetpack_dont_email_post_to_subs":false,"_jetpack_newsletter_tier_id":0,"_jetpack_memberships_contains_paywalled_content":false,"_jetpack_memberships_contains_paid_content":false,"footnotes":"","jetpack_publicize_message":"","jetpack_publicize_feature_enabled":true,"jetpack_social_post_already_shared":true,"jetpack_social_options":{"image_generator_settings":{"template":"highway","default_image_id":0,"font":"","enabled":false},"version":2}},"categories":[1],"tags":[],"class_list":["post-47121","post","type-post","status-publish","format-standard","hentry","category-blog"],"jetpack_publicize_connections":[],"jetpack_featured_media_url":"","jetpack-related-posts":[{"id":73247,"url":"https:\/\/noticiasribeiraopreto.com.br\/index.php\/2025\/06\/27\/ribeirao-lanca-programa-que-vai-oferecer-16-mil-oportunidades-de-emprego-ate-o-fim-do-ano\/","url_meta":{"origin":47121,"position":0},"title":"Ribeir\u00e3o lan\u00e7a programa que vai oferecer 16 mil oportunidades de emprego at\u00e9 o fim do ano","author":"noticiasribeiraopreto.com.br","date":"27 de June de 2025","format":false,"excerpt":"A Prefeitura de Ribeir\u00e3o Preto lan\u00e7ou nesta sexta-feira (27), o programa \u201cEmprega Mais Ribeir\u00e3o\u201d, considerada a maior mobiliza\u00e7\u00e3o por empregabilidade do munic\u00edpio. De acordo com a Administra\u00e7\u00e3o, entre julho e dezembro deste ano, ser\u00e3o realizados 14 mutir\u00f5es de emprego, com expectativa de ofertar aproximadamente 16 mil vagas em diversos setores.\u2026","rel":"","context":"In &quot;Not\u00edcias de Ribeir\u00e3o Preto-SP e Regi\u00e3o&quot;","block_context":{"text":"Not\u00edcias de Ribeir\u00e3o Preto-SP e Regi\u00e3o","link":"https:\/\/noticiasribeiraopreto.com.br\/index.php\/category\/noticias-de-ribeirao-preto-sp-e-regiao-ismael-colosi\/"},"img":{"alt_text":"","src":"https:\/\/i0.wp.com\/noticiasribeiraopreto.com.br\/wp-content\/uploads\/2025\/06\/coletiva_emprega_mais_ribeirao_-_foto_guilherme_sircili_3_2025-06-27_21-08-20.webp.webp?fit=1200%2C800&ssl=1&resize=350%2C200","width":350,"height":200,"srcset":"https:\/\/i0.wp.com\/noticiasribeiraopreto.com.br\/wp-content\/uploads\/2025\/06\/coletiva_emprega_mais_ribeirao_-_foto_guilherme_sircili_3_2025-06-27_21-08-20.webp.webp?fit=1200%2C800&ssl=1&resize=350%2C200 1x, https:\/\/i0.wp.com\/noticiasribeiraopreto.com.br\/wp-content\/uploads\/2025\/06\/coletiva_emprega_mais_ribeirao_-_foto_guilherme_sircili_3_2025-06-27_21-08-20.webp.webp?fit=1200%2C800&ssl=1&resize=525%2C300 1.5x, https:\/\/i0.wp.com\/noticiasribeiraopreto.com.br\/wp-content\/uploads\/2025\/06\/coletiva_emprega_mais_ribeirao_-_foto_guilherme_sircili_3_2025-06-27_21-08-20.webp.webp?fit=1200%2C800&ssl=1&resize=700%2C400 2x, https:\/\/i0.wp.com\/noticiasribeiraopreto.com.br\/wp-content\/uploads\/2025\/06\/coletiva_emprega_mais_ribeirao_-_foto_guilherme_sircili_3_2025-06-27_21-08-20.webp.webp?fit=1200%2C800&ssl=1&resize=1050%2C600 3x"},"classes":[]},{"id":74422,"url":"https:\/\/noticiasribeiraopreto.com.br\/index.php\/2025\/07\/22\/em-busca-de-emprego-ribeirao-preto-tera-mutirao-com-mais-de-500-vagas\/","url_meta":{"origin":47121,"position":1},"title":"Em busca de emprego? Ribeir\u00e3o Preto ter\u00e1 mutir\u00e3o com mais de 500 vagas","author":"noticiasribeiraopreto.com.br","date":"22 de July de 2025","format":false,"excerpt":"O Terminal Rodovi\u00e1rio de Ribeir\u00e3o Preto recebe, nos dias 24 e 25 de julho, das 10h \u00e0s 13h, mais uma edi\u00e7\u00e3o do Mutir\u00e3o do Emprego. A iniciativa, realizada em parceria com o Instituto Brasileiro do Emprego e do Empreendedorismo (IBEE), vai oferecer mais de 500 vagas em empresas da cidade,\u2026","rel":"","context":"In &quot;Not\u00edcias de Ribeir\u00e3o Preto-SP e Regi\u00e3o&quot;","block_context":{"text":"Not\u00edcias de Ribeir\u00e3o Preto-SP e Regi\u00e3o","link":"https:\/\/noticiasribeiraopreto.com.br\/index.php\/category\/noticias-de-ribeirao-preto-sp-e-regiao-ismael-colosi\/"},"img":{"alt_text":"","src":"https:\/\/i0.wp.com\/noticiasribeiraopreto.com.br\/wp-content\/uploads\/2025\/07\/carteira_de_1024x576_27092020203402_2025-07-07_21-38-43.webp.webp?fit=1024%2C576&ssl=1&resize=350%2C200","width":350,"height":200,"srcset":"https:\/\/i0.wp.com\/noticiasribeiraopreto.com.br\/wp-content\/uploads\/2025\/07\/carteira_de_1024x576_27092020203402_2025-07-07_21-38-43.webp.webp?fit=1024%2C576&ssl=1&resize=350%2C200 1x, https:\/\/i0.wp.com\/noticiasribeiraopreto.com.br\/wp-content\/uploads\/2025\/07\/carteira_de_1024x576_27092020203402_2025-07-07_21-38-43.webp.webp?fit=1024%2C576&ssl=1&resize=525%2C300 1.5x, https:\/\/i0.wp.com\/noticiasribeiraopreto.com.br\/wp-content\/uploads\/2025\/07\/carteira_de_1024x576_27092020203402_2025-07-07_21-38-43.webp.webp?fit=1024%2C576&ssl=1&resize=700%2C400 2x"},"classes":[]},{"id":74433,"url":"https:\/\/noticiasribeiraopreto.com.br\/index.php\/2025\/07\/22\/novo-mutirao-tem-500-vagas\/","url_meta":{"origin":47121,"position":2},"title":"Novo mutir\u00e3o tem 500 vagas","author":"noticiasribeiraopreto.com.br","date":"22 de July de 2025","format":false,"excerpt":"Nesta quinta (24) e na sexta-feira, 25 de julho, o Terminal Rodovi\u00e1rio de Ribeir\u00e3o Preto ser\u00e1 palco do Mini Mutir\u00e3o, o segundo da programa\u00e7\u00e3o 2025 do Programa Emprega Mais Ribeir\u00e3o, a maior mobiliza\u00e7\u00e3o por empregabilidade j\u00e1 realizada na cidade, uma iniciativa da Secretaria de Inova\u00e7\u00e3o e Desenvolvimento Econ\u00f4mico e entidades\u2026","rel":"","context":"In &quot;Not\u00edcias de Ribeir\u00e3o Preto-SP e Regi\u00e3o&quot;","block_context":{"text":"Not\u00edcias de Ribeir\u00e3o Preto-SP e Regi\u00e3o","link":"https:\/\/noticiasribeiraopreto.com.br\/index.php\/category\/noticias-de-ribeirao-preto-sp-e-regiao-ismael-colosi\/"},"img":{"alt_text":"","src":"https:\/\/i0.wp.com\/noticiasribeiraopreto.com.br\/wp-content\/uploads\/2025\/07\/MutiraoP-Guilherme-Sircili-scaled.jpg?fit=1171%2C780&ssl=1&resize=350%2C200","width":350,"height":200,"srcset":"https:\/\/i0.wp.com\/noticiasribeiraopreto.com.br\/wp-content\/uploads\/2025\/07\/MutiraoP-Guilherme-Sircili-scaled.jpg?fit=1171%2C780&ssl=1&resize=350%2C200 1x, https:\/\/i0.wp.com\/noticiasribeiraopreto.com.br\/wp-content\/uploads\/2025\/07\/MutiraoP-Guilherme-Sircili-scaled.jpg?fit=1171%2C780&ssl=1&resize=525%2C300 1.5x, https:\/\/i0.wp.com\/noticiasribeiraopreto.com.br\/wp-content\/uploads\/2025\/07\/MutiraoP-Guilherme-Sircili-scaled.jpg?fit=1171%2C780&ssl=1&resize=700%2C400 2x, https:\/\/i0.wp.com\/noticiasribeiraopreto.com.br\/wp-content\/uploads\/2025\/07\/MutiraoP-Guilherme-Sircili-scaled.jpg?fit=1171%2C780&ssl=1&resize=1050%2C600 3x"},"classes":[]},{"id":76963,"url":"https:\/\/noticiasribeiraopreto.com.br\/index.php\/2025\/09\/09\/ribeirao-tem-mutirao-do-emprego-com-500-vagas-saiba-como-participar\/","url_meta":{"origin":47121,"position":3},"title":"Ribeir\u00e3o tem mutir\u00e3o do emprego com 500 vagas; Saiba como participar","author":"noticiasribeiraopreto.com.br","date":"9 de September de 2025","format":false,"excerpt":"Ribeir\u00e3o Preto recebe nesta quinta-feira (11), das 10h \u00e0s 13h, um novo mutir\u00e3o do emprego com cerca de 500 vagas de trabalho, incluindo empregos formais, est\u00e1gios e oportunidades para jovens aprendizes. A a\u00e7\u00e3o \u00e9 totalmente gratuita e acontecer\u00e1 na sede do SINCOVARP (Sindicato do Com\u00e9rcio Varejista de Ribeir\u00e3o Preto), localizada\u2026","rel":"","context":"In &quot;Not\u00edcias de Ribeir\u00e3o Preto-SP e Regi\u00e3o&quot;","block_context":{"text":"Not\u00edcias de Ribeir\u00e3o Preto-SP e Regi\u00e3o","link":"https:\/\/noticiasribeiraopreto.com.br\/index.php\/category\/noticias-de-ribeirao-preto-sp-e-regiao-ismael-colosi\/"},"img":{"alt_text":"","src":"https:\/\/i0.wp.com\/noticiasribeiraopreto.com.br\/wp-content\/uploads\/2025\/09\/1vagas_pat_-_foto_guilherme_sircili_4.jpg?fit=1200%2C799&ssl=1&resize=350%2C200","width":350,"height":200,"srcset":"https:\/\/i0.wp.com\/noticiasribeiraopreto.com.br\/wp-content\/uploads\/2025\/09\/1vagas_pat_-_foto_guilherme_sircili_4.jpg?fit=1200%2C799&ssl=1&resize=350%2C200 1x, https:\/\/i0.wp.com\/noticiasribeiraopreto.com.br\/wp-content\/uploads\/2025\/09\/1vagas_pat_-_foto_guilherme_sircili_4.jpg?fit=1200%2C799&ssl=1&resize=525%2C300 1.5x, https:\/\/i0.wp.com\/noticiasribeiraopreto.com.br\/wp-content\/uploads\/2025\/09\/1vagas_pat_-_foto_guilherme_sircili_4.jpg?fit=1200%2C799&ssl=1&resize=700%2C400 2x, https:\/\/i0.wp.com\/noticiasribeiraopreto.com.br\/wp-content\/uploads\/2025\/09\/1vagas_pat_-_foto_guilherme_sircili_4.jpg?fit=1200%2C799&ssl=1&resize=1050%2C600 3x"},"classes":[]},{"id":73699,"url":"https:\/\/noticiasribeiraopreto.com.br\/index.php\/2025\/07\/08\/primeiro-de-14-mutiroes-oferece-duas-mil-vagas\/","url_meta":{"origin":47121,"position":4},"title":"Primeiro de 14 mutir\u00f5es oferece duas mil vagas","author":"noticiasribeiraopreto.com.br","date":"8 de July de 2025","format":false,"excerpt":"A prefeitura de Ribeir\u00e3o Preto, por meio da Secretaria de Inova\u00e7\u00e3o e Desenvolvimento Econ\u00f4mico, realizar\u00e1 neste s\u00e1bado, 12 de julho, das nove \u00e0s 14 horas, no Gin\u00e1sio Gavino Virdes (Cava do Bosque), o Mega Mutir\u00e3o Emprega Ribeir\u00e3o. A iniciativa marca o in\u00edcio oficial da programa\u00e7\u00e3o 2025 do Programa Emprega Mais\u2026","rel":"","context":"In &quot;Not\u00edcias de Ribeir\u00e3o Preto-SP e Regi\u00e3o&quot;","block_context":{"text":"Not\u00edcias de Ribeir\u00e3o Preto-SP e Regi\u00e3o","link":"https:\/\/noticiasribeiraopreto.com.br\/index.php\/category\/noticias-de-ribeirao-preto-sp-e-regiao-ismael-colosi\/"},"img":{"alt_text":"","src":"https:\/\/i0.wp.com\/noticiasribeiraopreto.com.br\/wp-content\/uploads\/2025\/07\/carteira-trabalho-scaled-1.jpg?fit=970%2C645&ssl=1&resize=350%2C200","width":350,"height":200,"srcset":"https:\/\/i0.wp.com\/noticiasribeiraopreto.com.br\/wp-content\/uploads\/2025\/07\/carteira-trabalho-scaled-1.jpg?fit=970%2C645&ssl=1&resize=350%2C200 1x, https:\/\/i0.wp.com\/noticiasribeiraopreto.com.br\/wp-content\/uploads\/2025\/07\/carteira-trabalho-scaled-1.jpg?fit=970%2C645&ssl=1&resize=525%2C300 1.5x, https:\/\/i0.wp.com\/noticiasribeiraopreto.com.br\/wp-content\/uploads\/2025\/07\/carteira-trabalho-scaled-1.jpg?fit=970%2C645&ssl=1&resize=700%2C400 2x"},"classes":[]},{"id":73913,"url":"https:\/\/noticiasribeiraopreto.com.br\/index.php\/2025\/07\/12\/primeiro-mutirao-tem-25-mil-vagas\/","url_meta":{"origin":47121,"position":5},"title":"Primeiro mutir\u00e3o tem 2,5 mil vagas","author":"noticiasribeiraopreto.com.br","date":"12 de July de 2025","format":false,"excerpt":"12 de julho de 2025 08:3011 de julho de 2025 21:509 Compartilhar0 A prefeitura de Ribeir\u00e3o Preto, por meio da Secretaria de Inova\u00e7\u00e3o e Desenvolvimento Econ\u00f4mico, realizar\u00e1 neste s\u00e1bado, 12 de julho, das nove \u00e0s 14 horas, no Gin\u00e1sio Gavino Virdes (Cava do Bosque), o Mega Mutir\u00e3o Emprega Ribeir\u00e3o. A\u2026","rel":"","context":"In &quot;Not\u00edcias de Ribeir\u00e3o Preto-SP e Regi\u00e3o&quot;","block_context":{"text":"Not\u00edcias de Ribeir\u00e3o Preto-SP e Regi\u00e3o","link":"https:\/\/noticiasribeiraopreto.com.br\/index.php\/category\/noticias-de-ribeirao-preto-sp-e-regiao-ismael-colosi\/"},"img":{"alt_text":"","src":"https:\/\/i0.wp.com\/noticiasribeiraopreto.com.br\/wp-content\/uploads\/2025\/07\/CagedRP-Guilherme-Sircili-scaled.jpg?fit=752%2C500&ssl=1&resize=350%2C200","width":350,"height":200,"srcset":"https:\/\/i0.wp.com\/noticiasribeiraopreto.com.br\/wp-content\/uploads\/2025\/07\/CagedRP-Guilherme-Sircili-scaled.jpg?fit=752%2C500&ssl=1&resize=350%2C200 1x, https:\/\/i0.wp.com\/noticiasribeiraopreto.com.br\/wp-content\/uploads\/2025\/07\/CagedRP-Guilherme-Sircili-scaled.jpg?fit=752%2C500&ssl=1&resize=525%2C300 1.5x, https:\/\/i0.wp.com\/noticiasribeiraopreto.com.br\/wp-content\/uploads\/2025\/07\/CagedRP-Guilherme-Sircili-scaled.jpg?fit=752%2C500&ssl=1&resize=700%2C400 2x"},"classes":[]}],"jetpack_sharing_enabled":true,"jetpack_shortlink":"https:\/\/wp.me\/peQAOb-cg1","_links":{"self":[{"href":"https:\/\/noticiasribeiraopreto.com.br\/index.php\/wp-json\/wp\/v2\/posts\/47121","targetHints":{"allow":["GET"]}}],"collection":[{"href":"https:\/\/noticiasribeiraopreto.com.br\/index.php\/wp-json\/wp\/v2\/posts"}],"about":[{"href":"https:\/\/noticiasribeiraopreto.com.br\/index.php\/wp-json\/wp\/v2\/types\/post"}],"author":[{"embeddable":true,"href":"https:\/\/noticiasribeiraopreto.com.br\/index.php\/wp-json\/wp\/v2\/users\/1"}],"replies":[{"embeddable":true,"href":"https:\/\/noticiasribeiraopreto.com.br\/index.php\/wp-json\/wp\/v2\/comments?post=47121"}],"version-history":[{"count":1,"href":"https:\/\/noticiasribeiraopreto.com.br\/index.php\/wp-json\/wp\/v2\/posts\/47121\/revisions"}],"predecessor-version":[{"id":47122,"href":"https:\/\/noticiasribeiraopreto.com.br\/index.php\/wp-json\/wp\/v2\/posts\/47121\/revisions\/47122"}],"wp:attachment":[{"href":"https:\/\/noticiasribeiraopreto.com.br\/index.php\/wp-json\/wp\/v2\/media?parent=47121"}],"wp:term":[{"taxonomy":"category","embeddable":true,"href":"https:\/\/noticiasribeiraopreto.com.br\/index.php\/wp-json\/wp\/v2\/categories?post=47121"},{"taxonomy":"post_tag","embeddable":true,"href":"https:\/\/noticiasribeiraopreto.com.br\/index.php\/wp-json\/wp\/v2\/tags?post=47121"}],"curies":[{"name":"wp","href":"https:\/\/api.w.org\/{rel}","templated":true}]}}