{"id":47125,"date":"2024-04-22T19:01:36","date_gmt":"2024-04-22T22:01:36","guid":{"rendered":"https:\/\/noticiasribeiraopreto.com.br\/index.php\/2024\/04\/22\/ribeirao-preto-tem-baixa-procura-por-vacina-da-dengue-de-10-a-14-anos-veja-onde-se-vacinar\/"},"modified":"2024-04-22T19:01:36","modified_gmt":"2024-04-22T22:01:36","slug":"ribeirao-preto-tem-baixa-procura-por-vacina-da-dengue-de-10-a-14-anos-veja-onde-se-vacinar","status":"publish","type":"post","link":"https:\/\/noticiasribeiraopreto.com.br\/index.php\/2024\/04\/22\/ribeirao-preto-tem-baixa-procura-por-vacina-da-dengue-de-10-a-14-anos-veja-onde-se-vacinar\/","title":{"rendered":"Ribeir\u00e3o Preto tem baixa procura por vacina da dengue de 10 a 14 anos; Veja onde se vacinar"},"content":{"rendered":"<div class='code-block code-block-1' style='margin: 8px 0 8px auto; text-align: right; display: block; clear: both;'>\n<p><a href=\"https:\/\/wa.link\/vpicfd\"><img data-recalc-dims=\"1\" class=\"wp-image-4922\" style=\"aspect-ratio: 2.0253164556962027; width: 561px; height: auto;\" src=\"https:\/\/i0.wp.com\/ismaelcolosi.com.br\/wp-content\/uploads\/2023\/11\/grupo-de-empregos-whatsapp-e-facebook-ismael-colosi-vagas.jpg?ssl=1\" alt=\"\" \/><\/a><\/p>\n<!-- \/wp:image -->\n<\/div>\n<p> <br \/>\n<\/p>\n<div>\n<p>A <strong>Secretaria de Sa\u00fade de Ribeir\u00e3o Preto<\/strong> alertou, nesta segunda-feira (22), para a <strong>baixa procura<\/strong> pela vacina\u00e7\u00e3o da <strong>primeira dose contra dengue<\/strong> para crian\u00e7as e adolescentes de 10 a 14 anos de idade no munic\u00edpio.<\/p>\n<p>De acordo com o programa de imuniza\u00e7\u00e3o da pasta, foram aplicadas em<strong> Ribeir\u00e3o Preto<\/strong>, desde o in\u00edcio da campanha, <strong>5.542 doses<\/strong>, cerca de <strong>50% da quantidade recebidas pelo Minist\u00e9rio da Sa\u00fade<\/strong>. <mark style=\"background-color:#fcb900\" class=\"has-inline-color\">A cidade recebeu <strong>11 mil doses <\/strong>da vacina.<\/mark><\/p>\n<p>Ainda segundo o \u00f3rg\u00e3o, membros do <strong>Departamento de Vigil\u00e2ncia em Sa\u00fade<\/strong> se reuniram, nesta segunda, com <strong>diretores de escolas municipais de ensino fundamental I<\/strong>, para \u201cpara definir estrat\u00e9gias e orienta\u00e7\u00f5es aos pais e respons\u00e1veis sobre a import\u00e2ncia da vacina\u00e7\u00e3o contra dengue\u201d em<strong> Ribeir\u00e3o Preto<\/strong>.<\/p>\n<h3 class=\"wp-block-heading\"><strong>Como se vacinar?<\/strong><\/h3>\n<p>Para se vacinar, <strong>crian\u00e7as ou adolescentes <\/strong>devem estar acompanhadas dos pais ou respons\u00e1veis, e dever\u00e3o se dirigir a uma das <strong>35 salas de vacinas<\/strong> com documento pessoal com foto e comprovante de resid\u00eancia. <strong><mark style=\"background-color:#fcb900\" class=\"has-inline-color\">N\u00e3o existe necessidade de agendamento.<\/mark><\/strong><\/p>\n<h4 class=\"wp-block-heading\"><strong>Confira as salas de vacinas em Ribeir\u00e3o Preto<\/strong>:<\/h4>\n<p>CSE VILA TIB\u00c9RIO \u2013 Rua Gon\u00e7alves Dias, 790<\/p>\n<p>UBS VILA TIB\u00c9RIO \u2013 Rua 21 de Abril, 779<\/p>\n<p>UBS CAMPOS EL\u00cdSEOS \u2013 Av. da Saudade, 1.452<\/p>\n<p>UBS JO\u00c3O ROSSI \u2013 Av. Independ\u00eancia, 4.315<\/p>\n<p>CSE JD AEROPORTO \u2013 Estrada Ant\u00f4nia Mugnato Marinceck, 994<\/p>\n<p>UBS QUINTINO I \u2013 Rua C\u00e9sar Montagnana, 35<\/p>\n<p>UBS RIBEIR\u00c3O VERDE \u2013 Rua Jo\u00e3o Toniolli, 3.461<\/p>\n<p>UBS SIMIONI \u2013 Rua Ant\u00f4nio Augusto Carvalho, 672<\/p>\n<p>UBS VILA MARIANA \u2013 Rua Ribeir\u00e3o Preto, 1.070<\/p>\n<p>USF JD HEITOR RIGON \u2013 Av. Maestro Alfredo Pires, 391<\/p>\n<p>UBS VALENTINA FIGUEIREDO \u2013 Rua Jo\u00e3o Felipe Elias de Andrade, 451<\/p>\n<p>UBS CRISTO REDENTOR \u2013 Rua Zilda Faria, 675<\/p>\n<p>UBDS CASTELO BRANCO \u2013 Rua Dom Luiz do Amaral Mousinho, 3.300<\/p>\n<p>UBS SANTA CRUZ \u2013 Rua Triunfo, 1.070<\/p>\n<p>UBS BONFIM PAULISTA \u2013 Rua Azarias Vieira de Almeida, 620<\/p>\n<p>UBS JD JULIANA \u2013 Av. Dr. Marcos Ant\u00f4nio Mac\u00e1rio dos Santos, 602<\/p>\n<p>UBS S\u00c3O JOS\u00c9 \u2013 Rua Madre Maria Teodora Voiron, 110<\/p>\n<p>UBS VILA ABRANCHES \u2013 Rua Maria Abranches de Faria, 550<\/p>\n<p>UBS JD ZARA \u2013 Rua St\u00e9fano Barufi, 1.639<\/p>\n<p>UBS VILA VIRG\u00cdNIA \u2013 Rua Franco da Rocha, 1.110<\/p>\n<p>UBS AD\u00c3O DO CARMO \u2013 Rua Ant\u00f4nio Vicco, 201<\/p>\n<p>UBS JD MARIA DAS GRA\u00c7AS \u2013 Rua Cruz e Souza, 3.170<\/p>\n<p>UBS PARQUE RIBEIR\u00c3O PRETO \u2013 Rua Guy Saad Salom\u00e3o, 225<\/p>\n<p>USF JD MARCHESI \u2013 Rua Professor Renato Jardim, 925<\/p>\n<p>CSE SUMAREZINHO \u2013 Rua Terezina, 690<\/p>\n<p>CSE IPIRANGA \u2013 Avenida Dom Pedro I, 753<\/p>\n<p>UBS DOM MIELLE \u2013 Rua Cec\u00edlio Elias Seba, 139<\/p>\n<p>UBS JD PAIVA \u2013 Rua Francisco Peixoto, 195<\/p>\n<p>UBS PRESIDENTE DUTRA \u2013 Rua Carolina Maria de Jesus, 365<\/p>\n<p>UBS JOS\u00c9 SAMPAIO \u2013 Rua Elydio Vieira de Souza, 50<\/p>\n<p>UBS VILA RECREIO \u2013 Rua Tabatinga, 320<\/p>\n<p>USF MARIA CASAGRANDE \u2013 Rua Paulo Gerardi, 350<\/p>\n<p>USF VILA ALBERTINA \u2013 Rua Apeninos, 941<\/p>\n<p>CMSC VILA LOBATO \u2013 Rua Jo\u00e3o Alves Pereira, 175<\/p>\n<p>USF PAULO GOMES ROMEO \u2013 Rua Victor Jo\u00e3o Castania, 960<\/p>\n<hr class=\"wp-block-separator has-alpha-channel-opacity\"\/>\n<p>SAIBA MAIS<\/p>\n<p>Entenda por que a pedra da ves\u00edcula de boi virou alvo de bandidos no interior de SP<\/p>\n<h4 class=\"wp-block-heading\"><strong><mark style=\"background-color:#fcb900\" class=\"has-inline-color\">FIQUE ON<\/mark><\/strong><\/h4>\n<p>Fique ligado em tudo que acontece em Ribeir\u00e3o Preto e regi\u00e3o. Siga os perfis do\u00a0<strong>acidade on<\/strong>\u00a0no\u00a0<a href=\"https:\/\/www.instagram.com\/acidadeonribeirao\" target=\"_blank\" rel=\"noreferrer noopener\">Instagram\u00a0<\/a>e no\u00a0<a href=\"https:\/\/www.facebook.com\/acidadeonribeirao\" target=\"_blank\" rel=\"noreferrer noopener\">Facebook<\/a>.<\/p>\n<p>Receba not\u00edcias do\u00a0<strong>acidade on<\/strong>\u00a0no WhatsApp.<a href=\"https:\/\/chat.whatsapp.com\/GFH9HUMUTHNFJdnyEd0xxq\" target=\"_blank\" rel=\"noreferrer noopener\">\u00a0Para entrar no grupo, basta clicar aqui.<\/a><\/p>\n<p>Fa\u00e7a uma den\u00fancia ou sugira uma reportagem sobre Ribeir\u00e3o Preto e regi\u00e3o pelo WhatsApp: 16 99117 7802.<\/p>\n<p>VEJA TAMB\u00c9M<\/p>\n<p>O que aconteceu com Daniela Lima? Jornalista volta \u00e0 GloboNews<\/p>\n<p><!-- AI CONTENT END 1 -->\n<\/div>\n<p><script async src=\"\/\/www.instagram.com\/embed.js\"><\/script><br \/>\n<br \/><br \/>\n<br \/><a href=\"https:\/\/www.acidadeon.com\/ribeiraopreto\/cotidiano\/ribeirao-preto-tem-baixa-procura-por-vacina-da-dengue-de-10-a-14-anos-veja-onde-se-vacinar\/\">Source link <\/a><\/p>\n<!-- CONTENT END 1 -->\n","protected":false},"excerpt":{"rendered":"<p>A Secretaria de Sa\u00fade de Ribeir\u00e3o Preto alertou, nesta segunda-feira (22), para a baixa procura pela vacina\u00e7\u00e3o da primeira dose contra dengue para crian\u00e7as e&#8230;<\/p>\n","protected":false},"author":1,"featured_media":47126,"comment_status":"open","ping_status":"open","sticky":false,"template":"","format":"standard","meta":{"advanced_seo_description":"","jetpack_seo_html_title":"","jetpack_seo_noindex":false,"jetpack_post_was_ever_published":false,"_jetpack_newsletter_access":"","_jetpack_dont_email_post_to_subs":false,"_jetpack_newsletter_tier_id":0,"_jetpack_memberships_contains_paywalled_content":false,"_jetpack_memberships_contains_paid_content":false,"footnotes":"","jetpack_publicize_message":"","jetpack_publicize_feature_enabled":true,"jetpack_social_post_already_shared":true,"jetpack_social_options":{"image_generator_settings":{"template":"highway","default_image_id":0,"font":"","enabled":false},"version":2}},"categories":[11],"tags":[],"class_list":["post-47125","post","type-post","status-publish","format-standard","has-post-thumbnail","hentry","category-noticias-de-ribeirao-preto-sp-e-regiao-ismael-colosi"],"jetpack_publicize_connections":[],"jetpack_featured_media_url":"https:\/\/i0.wp.com\/noticiasribeiraopreto.com.br\/wp-content\/uploads\/2024\/04\/1713823296_VACINA-DENGUE.jpg?fit=2000%2C1354&ssl=1","jetpack-related-posts":[{"id":46438,"url":"https:\/\/noticiasribeiraopreto.com.br\/index.php\/2024\/04\/11\/vacinacao-contra-dengue-comeca-nesta-sexta-feira-em-ribeirao-preto-saiba-mais\/","url_meta":{"origin":47125,"position":0},"title":"Vacina\u00e7\u00e3o contra dengue come\u00e7a nesta sexta-feira em Ribeir\u00e3o Preto; Saiba mais","author":"noticiasribeiraopreto.com.br","date":"11 de April de 2024","format":false,"excerpt":"A vacina\u00e7\u00e3o contra dengue para crian\u00e7as de 10 e 11 anos de idade come\u00e7a nesta sexta-feira (12) em Ribeir\u00e3o Preto, nas 34 salas de vacinas nas unidades de sa\u00fade. Com 11 mil doses dispon\u00edveis, a\u00a0imuniza\u00e7\u00e3o\u00a0segue na\u00a0segunda-feira\u00a0(15) e pode ser agendada pelo site da Prefeitura de Ribeir\u00e3o Preto. Para receber a\u2026","rel":"","context":"In &quot;Not\u00edcias de Ribeir\u00e3o Preto-SP e Regi\u00e3o&quot;","block_context":{"text":"Not\u00edcias de Ribeir\u00e3o Preto-SP e Regi\u00e3o","link":"https:\/\/noticiasribeiraopreto.com.br\/index.php\/category\/noticias-de-ribeirao-preto-sp-e-regiao-ismael-colosi\/"},"img":{"alt_text":"","src":"https:\/\/i0.wp.com\/noticiasribeiraopreto.com.br\/wp-content\/uploads\/2024\/04\/Copia-de-Copia-de-TAMANHO-EXATO-PARA-FOTOS-NO-SISTEMA-NOVO-21-1.jpg?fit=1200%2C675&ssl=1&resize=350%2C200","width":350,"height":200,"srcset":"https:\/\/i0.wp.com\/noticiasribeiraopreto.com.br\/wp-content\/uploads\/2024\/04\/Copia-de-Copia-de-TAMANHO-EXATO-PARA-FOTOS-NO-SISTEMA-NOVO-21-1.jpg?fit=1200%2C675&ssl=1&resize=350%2C200 1x, https:\/\/i0.wp.com\/noticiasribeiraopreto.com.br\/wp-content\/uploads\/2024\/04\/Copia-de-Copia-de-TAMANHO-EXATO-PARA-FOTOS-NO-SISTEMA-NOVO-21-1.jpg?fit=1200%2C675&ssl=1&resize=525%2C300 1.5x, https:\/\/i0.wp.com\/noticiasribeiraopreto.com.br\/wp-content\/uploads\/2024\/04\/Copia-de-Copia-de-TAMANHO-EXATO-PARA-FOTOS-NO-SISTEMA-NOVO-21-1.jpg?fit=1200%2C675&ssl=1&resize=700%2C400 2x, https:\/\/i0.wp.com\/noticiasribeiraopreto.com.br\/wp-content\/uploads\/2024\/04\/Copia-de-Copia-de-TAMANHO-EXATO-PARA-FOTOS-NO-SISTEMA-NOVO-21-1.jpg?fit=1200%2C675&ssl=1&resize=1050%2C600 3x"},"classes":[]},{"id":63535,"url":"https:\/\/noticiasribeiraopreto.com.br\/index.php\/2025\/02\/15\/saude-amplia-idade-para-vacinacao-contra-dengue-confira-nova-faixa-etaria\/","url_meta":{"origin":47125,"position":1},"title":"Sa\u00fade amplia idade para vacina\u00e7\u00e3o contra dengue; confira nova faixa et\u00e1ria","author":"noticiasribeiraopreto.com.br","date":"15 de February de 2025","format":false,"excerpt":"Na sexta-feira (14), o Minist\u00e9rio da Sa\u00fade anunciou uma nova medida que autoriza estados e o Distrito Federal a ampliar o p\u00fablico-alvo da vacina contra a dengue, al\u00e9m de permitir o remanejamento de doses para novos munic\u00edpios. A medida \u00e9 uma resposta \u00e0 baixa ades\u00e3o \u00e0 vacina contra a dengue.\u2026","rel":"","context":"In &quot;Not\u00edcias de Ribeir\u00e3o Preto-SP e Regi\u00e3o&quot;","block_context":{"text":"Not\u00edcias de Ribeir\u00e3o Preto-SP e Regi\u00e3o","link":"https:\/\/noticiasribeiraopreto.com.br\/index.php\/category\/noticias-de-ribeirao-preto-sp-e-regiao-ismael-colosi\/"},"img":{"alt_text":"","src":"https:\/\/i0.wp.com\/noticiasribeiraopreto.com.br\/wp-content\/uploads\/2024\/06\/Capturar_2024-06-26_21-15-26_jpg_2024-06-26_21-15-26.webp.webp?fit=825%2C477&ssl=1&resize=350%2C200","width":350,"height":200,"srcset":"https:\/\/i0.wp.com\/noticiasribeiraopreto.com.br\/wp-content\/uploads\/2024\/06\/Capturar_2024-06-26_21-15-26_jpg_2024-06-26_21-15-26.webp.webp?fit=825%2C477&ssl=1&resize=350%2C200 1x, https:\/\/i0.wp.com\/noticiasribeiraopreto.com.br\/wp-content\/uploads\/2024\/06\/Capturar_2024-06-26_21-15-26_jpg_2024-06-26_21-15-26.webp.webp?fit=825%2C477&ssl=1&resize=525%2C300 1.5x, https:\/\/i0.wp.com\/noticiasribeiraopreto.com.br\/wp-content\/uploads\/2024\/06\/Capturar_2024-06-26_21-15-26_jpg_2024-06-26_21-15-26.webp.webp?fit=825%2C477&ssl=1&resize=700%2C400 2x"},"classes":[]},{"id":53867,"url":"https:\/\/noticiasribeiraopreto.com.br\/index.php\/2024\/06\/25\/ribeirao-chega-perto-de-zerar-estoque-de-vacina-contra-dengue-e-faixa-etaria-e-mantida\/","url_meta":{"origin":47125,"position":2},"title":"\u200b\u200bRibeir\u00e3o chega perto de zerar estoque de vacina contra dengue e faixa et\u00e1ria \u00e9 mantida","author":"noticiasribeiraopreto.com.br","date":"25 de June de 2024","format":false,"excerpt":"A vacina\u00e7\u00e3o contra dengue em Ribeir\u00e3o Preto est\u00e1 pr\u00f3xima de atingir a meta de aplicar as 11 mil doses recebidas pelo Minist\u00e9rio da Sa\u00fade, em abril, deste ano. Segundo a Secretaria Municipal da Sa\u00fade, diante do alcance da vacina\u00e7\u00e3o no p\u00fablico-alvo, que \u00e9 de crian\u00e7as e adolescentes de 10 a\u2026","rel":"","context":"In &quot;Not\u00edcias de Ribeir\u00e3o Preto-SP e Regi\u00e3o&quot;","block_context":{"text":"Not\u00edcias de Ribeir\u00e3o Preto-SP e Regi\u00e3o","link":"https:\/\/noticiasribeiraopreto.com.br\/index.php\/category\/noticias-de-ribeirao-preto-sp-e-regiao-ismael-colosi\/"},"img":{"alt_text":"","src":"https:\/\/i0.wp.com\/noticiasribeiraopreto.com.br\/wp-content\/uploads\/2024\/06\/Copia-de-Copia-de-TAMANHO-EXATO-PARA-FOTOS-NO-SISTEMA-NOVO-16_2024-06-25_19-10-16_jpg_2024-06-25_19-10-16.webp.webp?fit=1200%2C675&ssl=1&resize=350%2C200","width":350,"height":200,"srcset":"https:\/\/i0.wp.com\/noticiasribeiraopreto.com.br\/wp-content\/uploads\/2024\/06\/Copia-de-Copia-de-TAMANHO-EXATO-PARA-FOTOS-NO-SISTEMA-NOVO-16_2024-06-25_19-10-16_jpg_2024-06-25_19-10-16.webp.webp?fit=1200%2C675&ssl=1&resize=350%2C200 1x, https:\/\/i0.wp.com\/noticiasribeiraopreto.com.br\/wp-content\/uploads\/2024\/06\/Copia-de-Copia-de-TAMANHO-EXATO-PARA-FOTOS-NO-SISTEMA-NOVO-16_2024-06-25_19-10-16_jpg_2024-06-25_19-10-16.webp.webp?fit=1200%2C675&ssl=1&resize=525%2C300 1.5x, https:\/\/i0.wp.com\/noticiasribeiraopreto.com.br\/wp-content\/uploads\/2024\/06\/Copia-de-Copia-de-TAMANHO-EXATO-PARA-FOTOS-NO-SISTEMA-NOVO-16_2024-06-25_19-10-16_jpg_2024-06-25_19-10-16.webp.webp?fit=1200%2C675&ssl=1&resize=700%2C400 2x, https:\/\/i0.wp.com\/noticiasribeiraopreto.com.br\/wp-content\/uploads\/2024\/06\/Copia-de-Copia-de-TAMANHO-EXATO-PARA-FOTOS-NO-SISTEMA-NOVO-16_2024-06-25_19-10-16_jpg_2024-06-25_19-10-16.webp.webp?fit=1200%2C675&ssl=1&resize=1050%2C600 3x"},"classes":[]},{"id":46098,"url":"https:\/\/noticiasribeiraopreto.com.br\/index.php\/2024\/04\/09\/ribeirao-preto-abre-agendamento-para-vacinacao-contra-dengue-saiba-mais\/","url_meta":{"origin":47125,"position":3},"title":"Ribeir\u00e3o Preto abre agendamento para vacina\u00e7\u00e3o contra dengue; Saiba mais","author":"noticiasribeiraopreto.com.br","date":"9 de April de 2024","format":false,"excerpt":"A Secretaria Municipal da Sa\u00fade abrir\u00e1 a partir das 10h desta quarta-feira (10) o agendamento da primeira dose da vacina contra dengue para crian\u00e7as de 10 e 11 anos. Para agendar basta acessar o site da Prefeitura de Ribeir\u00e3o Preto. A imuniza\u00e7\u00e3o acontecer\u00e1 na sexta-feira (12) e na segunda-feira (15),\u2026","rel":"","context":"In &quot;Not\u00edcias de Ribeir\u00e3o Preto-SP e Regi\u00e3o&quot;","block_context":{"text":"Not\u00edcias de Ribeir\u00e3o Preto-SP e Regi\u00e3o","link":"https:\/\/noticiasribeiraopreto.com.br\/index.php\/category\/noticias-de-ribeirao-preto-sp-e-regiao-ismael-colosi\/"},"img":{"alt_text":"","src":"https:\/\/i0.wp.com\/noticiasribeiraopreto.com.br\/wp-content\/uploads\/2024\/03\/AnyConv.com__vacina-dengue-1.webp.webp?fit=845%2C561&ssl=1&resize=350%2C200","width":350,"height":200,"srcset":"https:\/\/i0.wp.com\/noticiasribeiraopreto.com.br\/wp-content\/uploads\/2024\/03\/AnyConv.com__vacina-dengue-1.webp.webp?fit=845%2C561&ssl=1&resize=350%2C200 1x, https:\/\/i0.wp.com\/noticiasribeiraopreto.com.br\/wp-content\/uploads\/2024\/03\/AnyConv.com__vacina-dengue-1.webp.webp?fit=845%2C561&ssl=1&resize=525%2C300 1.5x, https:\/\/i0.wp.com\/noticiasribeiraopreto.com.br\/wp-content\/uploads\/2024\/03\/AnyConv.com__vacina-dengue-1.webp.webp?fit=845%2C561&ssl=1&resize=700%2C400 2x"},"classes":[]},{"id":46195,"url":"https:\/\/noticiasribeiraopreto.com.br\/index.php\/2024\/04\/10\/veja-como-agendar-a-vacinacao-contra-dengue-em-ribeirao-preto\/","url_meta":{"origin":47125,"position":4},"title":"Veja como agendar a vacina\u00e7\u00e3o contra dengue em Ribeir\u00e3o Preto","author":"noticiasribeiraopreto.com.br","date":"10 de April de 2024","format":false,"excerpt":"Come\u00e7ou nesta quarta-feira (10), \u00e0s 10h, o agendamento para vacina\u00e7\u00e3o contra a dengue para crian\u00e7as com idades entre 10 e 11 anos. O cadastro deve ser realizado no site da Secretaria da Sa\u00fade de Ribeir\u00e3o Preto (clique aqui). A vacina\u00e7\u00e3o acontecer\u00e1 na sexta-feira (12) e na segunda-feira (15), nas 34\u2026","rel":"","context":"In &quot;Not\u00edcias de Ribeir\u00e3o Preto-SP e Regi\u00e3o&quot;","block_context":{"text":"Not\u00edcias de Ribeir\u00e3o Preto-SP e Regi\u00e3o","link":"https:\/\/noticiasribeiraopreto.com.br\/index.php\/category\/noticias-de-ribeirao-preto-sp-e-regiao-ismael-colosi\/"},"img":{"alt_text":"","src":"https:\/\/i0.wp.com\/noticiasribeiraopreto.com.br\/wp-content\/uploads\/2024\/04\/2021_09_03_vacinacao_bonfim_18_-_foto_guilherme_sircili_24.jpg?fit=1200%2C800&ssl=1&resize=350%2C200","width":350,"height":200,"srcset":"https:\/\/i0.wp.com\/noticiasribeiraopreto.com.br\/wp-content\/uploads\/2024\/04\/2021_09_03_vacinacao_bonfim_18_-_foto_guilherme_sircili_24.jpg?fit=1200%2C800&ssl=1&resize=350%2C200 1x, https:\/\/i0.wp.com\/noticiasribeiraopreto.com.br\/wp-content\/uploads\/2024\/04\/2021_09_03_vacinacao_bonfim_18_-_foto_guilherme_sircili_24.jpg?fit=1200%2C800&ssl=1&resize=525%2C300 1.5x, https:\/\/i0.wp.com\/noticiasribeiraopreto.com.br\/wp-content\/uploads\/2024\/04\/2021_09_03_vacinacao_bonfim_18_-_foto_guilherme_sircili_24.jpg?fit=1200%2C800&ssl=1&resize=700%2C400 2x, https:\/\/i0.wp.com\/noticiasribeiraopreto.com.br\/wp-content\/uploads\/2024\/04\/2021_09_03_vacinacao_bonfim_18_-_foto_guilherme_sircili_24.jpg?fit=1200%2C800&ssl=1&resize=1050%2C600 3x"},"classes":[]},{"id":79601,"url":"https:\/\/noticiasribeiraopreto.com.br\/index.php\/2025\/11\/04\/ribeirao-preto-tem-dia-d-de-vacinacao-contra-dengue-e-hpv-saiba-quando\/","url_meta":{"origin":47125,"position":5},"title":"Ribeir\u00e3o Preto tem Dia D de vacina\u00e7\u00e3o contra dengue e HPV; Saiba quando","author":"noticiasribeiraopreto.com.br","date":"4 de November de 2025","format":false,"excerpt":"Ribeir\u00e3o Preto promove o Dia D de vacina\u00e7\u00e3o contra a dengue e o HPV, para crian\u00e7as e adolescentes. A a\u00e7\u00e3o acontece no pr\u00f3ximo s\u00e1bado (8) em todas as 38 salas de vacina do munic\u00edpio, das 8h \u00e0s 16h30. Clique aqui e veja os endere\u00e7os. Para a imuniza\u00e7\u00e3o \u00e9 necess\u00e1rio apresentar\u2026","rel":"","context":"In &quot;Not\u00edcias de Ribeir\u00e3o Preto-SP e Regi\u00e3o&quot;","block_context":{"text":"Not\u00edcias de Ribeir\u00e3o Preto-SP e Regi\u00e3o","link":"https:\/\/noticiasribeiraopreto.com.br\/index.php\/category\/noticias-de-ribeirao-preto-sp-e-regiao-ismael-colosi\/"},"img":{"alt_text":"","src":"https:\/\/i0.wp.com\/noticiasribeiraopreto.com.br\/wp-content\/uploads\/2025\/11\/vacinacao_h1n1_-_foto_fernando_gonzaga_1_2025-11-04_16-59-11.webp.webp?fit=1200%2C800&ssl=1&resize=350%2C200","width":350,"height":200,"srcset":"https:\/\/i0.wp.com\/noticiasribeiraopreto.com.br\/wp-content\/uploads\/2025\/11\/vacinacao_h1n1_-_foto_fernando_gonzaga_1_2025-11-04_16-59-11.webp.webp?fit=1200%2C800&ssl=1&resize=350%2C200 1x, https:\/\/i0.wp.com\/noticiasribeiraopreto.com.br\/wp-content\/uploads\/2025\/11\/vacinacao_h1n1_-_foto_fernando_gonzaga_1_2025-11-04_16-59-11.webp.webp?fit=1200%2C800&ssl=1&resize=525%2C300 1.5x, https:\/\/i0.wp.com\/noticiasribeiraopreto.com.br\/wp-content\/uploads\/2025\/11\/vacinacao_h1n1_-_foto_fernando_gonzaga_1_2025-11-04_16-59-11.webp.webp?fit=1200%2C800&ssl=1&resize=700%2C400 2x, https:\/\/i0.wp.com\/noticiasribeiraopreto.com.br\/wp-content\/uploads\/2025\/11\/vacinacao_h1n1_-_foto_fernando_gonzaga_1_2025-11-04_16-59-11.webp.webp?fit=1200%2C800&ssl=1&resize=1050%2C600 3x"},"classes":[]}],"jetpack_sharing_enabled":true,"jetpack_shortlink":"https:\/\/wp.me\/peQAOb-cg5","_links":{"self":[{"href":"https:\/\/noticiasribeiraopreto.com.br\/index.php\/wp-json\/wp\/v2\/posts\/47125","targetHints":{"allow":["GET"]}}],"collection":[{"href":"https:\/\/noticiasribeiraopreto.com.br\/index.php\/wp-json\/wp\/v2\/posts"}],"about":[{"href":"https:\/\/noticiasribeiraopreto.com.br\/index.php\/wp-json\/wp\/v2\/types\/post"}],"author":[{"embeddable":true,"href":"https:\/\/noticiasribeiraopreto.com.br\/index.php\/wp-json\/wp\/v2\/users\/1"}],"replies":[{"embeddable":true,"href":"https:\/\/noticiasribeiraopreto.com.br\/index.php\/wp-json\/wp\/v2\/comments?post=47125"}],"version-history":[{"count":0,"href":"https:\/\/noticiasribeiraopreto.com.br\/index.php\/wp-json\/wp\/v2\/posts\/47125\/revisions"}],"wp:featuredmedia":[{"embeddable":true,"href":"https:\/\/noticiasribeiraopreto.com.br\/index.php\/wp-json\/wp\/v2\/media\/47126"}],"wp:attachment":[{"href":"https:\/\/noticiasribeiraopreto.com.br\/index.php\/wp-json\/wp\/v2\/media?parent=47125"}],"wp:term":[{"taxonomy":"category","embeddable":true,"href":"https:\/\/noticiasribeiraopreto.com.br\/index.php\/wp-json\/wp\/v2\/categories?post=47125"},{"taxonomy":"post_tag","embeddable":true,"href":"https:\/\/noticiasribeiraopreto.com.br\/index.php\/wp-json\/wp\/v2\/tags?post=47125"}],"curies":[{"name":"wp","href":"https:\/\/api.w.org\/{rel}","templated":true}]}}