{"id":47130,"date":"2024-04-22T19:28:27","date_gmt":"2024-04-22T22:28:27","guid":{"rendered":"https:\/\/noticiasribeiraopreto.com.br\/index.php\/2024\/04\/22\/apple-abriu-15-vagas-no-brasil-com-diversos-beneficios\/"},"modified":"2024-04-22T19:28:27","modified_gmt":"2024-04-22T22:28:27","slug":"apple-abriu-15-vagas-no-brasil-com-diversos-beneficios","status":"publish","type":"post","link":"https:\/\/noticiasribeiraopreto.com.br\/index.php\/2024\/04\/22\/apple-abriu-15-vagas-no-brasil-com-diversos-beneficios\/","title":{"rendered":"Apple abriu 15 vagas no Brasil com diversos benef\u00edcios"},"content":{"rendered":"<p> <br \/>\n<\/p>\n<div>\n<h3>A Apple, dona do iPhone, est\u00e1 com 15 vagas abertas no Brasil com diversos benef\u00edcios, confira<\/h3>\n<h3>Sobre a Apple<\/h3>\n<p>A Apple Inc. \u00e9 uma pot\u00eancia global em tecnologia, conhecida por definir tend\u00eancias e elevar padr\u00f5es no setor de eletr\u00f4nicos de consumo. Fundada em 1976 por Steve Jobs, Steve Wozniak e Ronald Wayne, a empresa tem sede em Cupertino, Calif\u00f3rnia, e \u00e9 celebrada por seus produtos inovadores, como iPhone, iPad, Mac, Apple Watch e Apple TV.<\/p>\n<p>Al\u00e9m disso, a Apple oferece uma variedade de servi\u00e7os populares, incluindo a App Store, Apple Music, Apple Pay e iCloud, que complementam e enriquecem a experi\u00eancia do usu\u00e1rio com seus dispositivos. Conhecida por seu design elegante e funcionalidades intuitivas, a Apple n\u00e3o s\u00f3 lidera em inova\u00e7\u00e3o tecnol\u00f3gica, mas tamb\u00e9m se empenha em pr\u00e1ticas sustent\u00e1veis e \u00e9ticas.<\/p>\n<p>A empresa \u00e9 proativa em reduzir sua pegada ecol\u00f3gica e em melhorar as condi\u00e7\u00f5es de trabalho ao longo de sua cadeia de suprimentos, estabelecendo novos paradigmas para a responsabilidade corporativa no mundo da tecnologia. Esta abordagem hol\u00edstica solidifica seu lugar como l\u00edder de mercado, continuamente atraindo consumidores e investidores que valorizam tanto a inova\u00e7\u00e3o quanto a responsabilidade ambiental e social.<\/p>\n<h3>Benef\u00edcios \u2013 Apple<\/h3>\n<p>Segundo Glassdoor, os benef\u00edcios mais citados por funcion\u00e1rios da Apple s\u00e3o:<\/p>\n<p>Plano de Sa\u00fade<\/p>\n<p>Vale refei\u00e7\u00e3o<\/p>\n<p>Plano odontol\u00f3gico<\/p>\n<p>Subs\u00eddio para academia<\/p>\n<p>Vale transporte<\/p>\n<h3>Apple \u2013 Vagas abertas no Brasil<\/h3>\n<table border=\"1\">\n<thead>\n<tr>\n<th>Cargo<\/th>\n<th>Equipe<\/th>\n<th>Local<\/th>\n<\/tr>\n<\/thead>\n<tbody>\n<tr>\n<td>BR-Criativo<\/td>\n<td>Apple Retail<\/td>\n<td>V\u00e1rios locais dentro de Brasil<\/td>\n<\/tr>\n<tr>\n<td>BR-Expert em neg\u00f3cios<\/td>\n<td>Apple Retail<\/td>\n<td>V\u00e1rios locais dentro de Brasil<\/td>\n<\/tr>\n<tr>\n<td>BR-Especialista<\/td>\n<td>Apple Retail<\/td>\n<td>V\u00e1rios locais dentro de Brasil<\/td>\n<\/tr>\n<tr>\n<td>BR-Business Pro<\/td>\n<td>Apple Retail<\/td>\n<td>V\u00e1rios locais dentro de Brasil<\/td>\n<\/tr>\n<tr>\n<td>BR-Genius<\/td>\n<td>Apple Retail<\/td>\n<td>V\u00e1rios locais dentro de Brasil<\/td>\n<\/tr>\n<tr>\n<td>BR-Expert em opera\u00e7\u00f5es<\/td>\n<td>Apple Retail<\/td>\n<td>V\u00e1rios locais dentro de Brasil<\/td>\n<\/tr>\n<tr>\n<td>BR-Expert<\/td>\n<td>Apple Retail<\/td>\n<td>V\u00e1rios locais dentro de Brasil<\/td>\n<\/tr>\n<tr>\n<td>BR-Gerente s\u00eanior<\/td>\n<td>Apple Retail<\/td>\n<td>VillageMall<\/td>\n<\/tr>\n<tr>\n<td>Ad Platforms \u2013 LATAM, Growth Accounts \u2013 Client Strategist<\/td>\n<td>Marketing<\/td>\n<td>S\u00e3o Paulo<\/td>\n<\/tr>\n<tr>\n<td>Ad Platforms \u2013 LATAM, Strategic Accounts, Platform Specialist<\/td>\n<td>Marketing<\/td>\n<td>S\u00e3o Paulo<\/td>\n<\/tr>\n<tr>\n<td>Ad Platforms \u2013 LATAM, Strategic Accounts, Client Partner<\/td>\n<td>Marketing<\/td>\n<td>S\u00e3o Paulo<\/td>\n<\/tr>\n<tr>\n<td>eCommerce CX Specialist<\/td>\n<td>Vendas e desenvolvimento de neg\u00f3cios<\/td>\n<td>S\u00e3o Paulo<\/td>\n<\/tr>\n<tr>\n<td>Apple Customer Experience (ACE) Leader<\/td>\n<td>Vendas e desenvolvimento de neg\u00f3cios<\/td>\n<td>Rio de Janeiro<\/td>\n<\/tr>\n<tr>\n<td>Executive Assistant<\/td>\n<td>Fun\u00e7\u00f5es corporativas<\/td>\n<td>S\u00e3o Paulo<\/td>\n<\/tr>\n<tr>\n<td>Ad Platforms Head of LATAM<\/td>\n<td>Marketing<\/td>\n<td>S\u00e3o Paulo<\/td>\n<\/tr>\n<\/tbody>\n<\/table>\n<h3>Inscri\u00e7\u00f5es \u2013 Apple<\/h3>\n<p>Para se inscrever: <strong><a href=\"https:\/\/jobs.apple.com\/pt-br\/search?location=brazil-BRAC\" target=\"_blank\" rel=\"noopener\">[Clique aqui]<\/a><\/strong><\/p>\n<h2>Veduca &#8211; Cursos online gratuitos de professores USP e outras institui\u00e7\u00f5es renomadas\u00a0<\/h2>\n<p>O Veduca \u00e9 um site que j\u00e1 ultrapassou mais de 4 milh\u00f5es de alunos e oferece cursos online gratuitos com professores da USP e profissionais de mercado. S\u00e3o cursos que far\u00e3o a diferen\u00e7a na sua carreira, pois combinam conceitos fundamentais dos mais diferentes assuntos com exemplos pr\u00e1ticos e depoimentos.<\/p>\n<ol>&#13;<\/p>\n<li><a href=\"https:\/\/veduca.org\/courses\/ingles\/?ref=artigo\"><strong>Ingl\u00eas: <\/strong><\/a>compreende os conceitos essenciais do ingl\u00eas, voc\u00ea ir\u00e1 aprender sobre o verbo to be, dias da semana, n\u00fameros, continentes, pa\u00edses, nacionalidades, vocabul\u00e1rio, frases, adjetivos, sentimentos, imperativo e at\u00e9 sobre empregos.<\/li>\n<p>&#13;<\/p>\n<li><a href=\"https:\/\/veduca.org\/courses\/fundamentos-de-administracao\/?ref=artigo\"><strong>Fundamentos da Administra\u00e7\u00e3o:<\/strong><\/a>\u00a0voc\u00ea ir\u00e1 aprender conceitos e metodologias para colocar na pr\u00e1tica o melhor da fun\u00e7\u00e3o administrativa, planejamento, organiza\u00e7\u00e3o, dire\u00e7\u00e3o e controle, casos de sucesso no Brasil, no mundo e muito mais.<\/li>\n<p>&#13;<\/p>\n<li><a href=\"https:\/\/veduca.org\/courses\/gestao-de-projetos\/?ref=artigo\"><strong>Gest\u00e3o de Projetos:<\/strong><\/a>\u00a0nesse curso, voc\u00ea aprender\u00e1 gest\u00e3o de stakeholders. Como administrar o escopo de um projeto. M\u00e9todos de an\u00e1lise de um projeto. Como fazer um planejamento excelente.<\/li>\n<p>&#13;<\/p>\n<li><a href=\"https:\/\/veduca.org\/courses\/engenharia-economica\/?ref=artigo\"><strong>Engenharia Econ\u00f4mica:<\/strong><\/a>\u00a0voc\u00ea ir\u00e1 aprender sobre juros.Taxa de mercado. Dinheiro no tempo. Sistema de amortiza\u00e7\u00e3o de financiamento. Payback e VPL. Taxa interna de retorno.Op\u00e7\u00f5es e fechamento. Estimativa do custo de capital. Modelando um projeto de gera\u00e7\u00e3o de energia e\u00f3lica.<\/li>\n<p>&#13;<\/p>\n<li><a href=\"https:\/\/veduca.org\/courses\/gestao-da-inovacao\/?ref=artigo\"><strong>Gest\u00e3o da Inova\u00e7\u00e3o:<\/strong><\/a>\u00a0voc\u00ea aprender\u00e1 sobre o\u00a0que \u00e9 inova\u00e7\u00e3o, princ\u00edpios da criatividade, financiamento de ideias, lean startup, gerenciamento de incertezas.<\/li>\n<p>&#13;<\/p>\n<li><strong><a href=\"https:\/\/veduca.org\/courses\/desenvolvimento-de-produtos-e-servicos\/?ref=artigo\">Desenvolvimento de Produtos e Servi\u00e7os:<\/a>\u00a0<\/strong>A cria\u00e7\u00e3o de um novo produto ou servi\u00e7o requer estrat\u00e9gia, organiza\u00e7\u00e3o e planejamento. Saiba neste curso quais as etapas, atividades e m\u00e9todos para desenvolver novos produtos e servi\u00e7os desde a sua concep\u00e7\u00e3o at\u00e9 o primeiro contato com o cliente.<\/li>\n<p>&#13;<\/p>\n<li><a href=\"https:\/\/veduca.org\/courses\/eletromagnetismo\/?ref=artigo\"><strong>Eletromagnetismo:<\/strong><\/a>\u00a0O curso online gratuito compreende os conceitos b\u00e1sicos de eletromagnetismo, o conceito de cargas e de como elas interagem entre si, o movimento de carga denominado corrente el\u00e9trica, as leis b\u00e1sicas da corrente el\u00e9trica, o circuito onde elas percorrem e o conceito de magnetismo. O objetivo do curso \u00e9 mostrar a conex\u00e3o entre a eletricidade e o magnetismo em uma unifica\u00e7\u00e3o atrav\u00e9s das equa\u00e7\u00f5es de Maxwell.<\/li>\n<p>&#13;<\/p>\n<li><a href=\"https:\/\/veduca.org\/courses\/fisica-basica\/?ref=artigo\"><strong>F\u00edsica B\u00e1sica:<\/strong><\/a>\u00a0O curso online de F\u00edsica B\u00e1sica, ministrado pelo professor doutor Vanderlei Salvador Bagnato, traz um estudo te\u00f3rico e pr\u00e1tico sobre o movimento, as leis de Newton, energia, a evolu\u00e7\u00e3o no tempo e seus deslocamentos sob a a\u00e7\u00e3o de for\u00e7as e seus efeitos subsequentes sobre seu ambiente. O curso traz uma vis\u00e3o aprofundada e precisa, com descri\u00e7\u00e3o das fun\u00e7\u00f5es matem\u00e1ticas da f\u00edsica, seu prop\u00f3sito e aplica\u00e7\u00e3o, com exemplos trazidos do mundo real.<\/li>\n<p>&#13;<\/p>\n<li><a href=\"https:\/\/veduca.org\/courses\/gestao-ambiental\/?ref=artigo\"><strong>Gest\u00e3o Ambiental:<\/strong><\/a>\u00a0Conhec\u0327a os fundamentos que orientam a implementac\u0327a\u0303o de poli\u0301ticas de meio ambiente e sistemas de gesta\u0303o ambiental no contexto da gesta\u0303o da sustentabilidade empresarial. Entenda como acontecem as relac\u0327o\u0303es entre as esferas pu\u0301blica e privada da gesta\u0303o ambiental no Brasil.<\/li>\n<p>&#13;<\/p>\n<li><a href=\"https:\/\/veduca.org\/courses\/medicina-do-sono\/?ref=artigo\"><strong>Medicina do Sono:<\/strong><\/a>\u00a0O curso online gratuito trata de diversos aspectos relacionado ao sono. Com uma vis\u00e3o cient\u00edfica e psicol\u00f3gica, o curso aborda os principais transtornos do sono, com enfoque pr\u00e1tico para os interessados na \u00e1rea da medicina do sono. O curso \u00e9 voltado para estudantes de medicina, fisioterapia, enfermagem e toda \u00e1rea de ci\u00eancias biol\u00f3gicas, al\u00e9m das pessoas que se interessam em entender os transtornos do sono, fen\u00f4meno que afeta mais de 33% da popula\u00e7\u00e3o.<\/li>\n<p>&#13;<\/p>\n<li><a href=\"https:\/\/veduca.org\/courses\/ecoinovacao\/?ref=artigo\"><strong>Ecoinova\u00e7\u00e3o:<\/strong><\/a>\u00a0Neste curso voc\u00ea ver\u00e1 conte\u00fados relacionados a sustentabilidade e gest\u00e3o ambiental, ser\u00e1 abordado alguns conceitos e aplica\u00e7\u00f5es para a \u00e1rea de engenharia e inova\u00e7\u00e3o. Entre os assuntos discutidos est\u00e3o as \u201cpegadas ecol\u00f3gicas\u201d, gest\u00e3o e avalia\u00e7\u00e3o do ciclo de vida e novas tecnologias em energia.<\/li>\n<p>&#13;<\/p>\n<li><a href=\"https:\/\/veduca.org\/courses\/coronavirus\/?ref=artigo\"><strong>Coronav\u00edrus:<\/strong><\/a>\u00a0Este curso, produzido pela Faculdade de Medicina de Ribeir\u00e3o Preto USP e disponibilizado gratuitamente pelo Veduca, tem como objetivo informar toda a SOCIEDADE sobre a pandemia do coronav\u00edrus (SARS-CoV-2). O Brasil est\u00e1 reduzindo suas atividades e todos devemos saber o PORQU\u00ca que essas medidas s\u00e3o necess\u00e1rias e COMO podemos contribuir para minimizar a dissemina\u00e7\u00e3o da doen\u00e7a no pa\u00eds. S\u00e3o quatro m\u00f3dulos curtos e bem simples. Esperamos que este curso ajude voc\u00ea a entender melhor o que est\u00e1 acontecendo, sendo uma fonte segura e confi\u00e1vel de informa\u00e7\u00e3o sobre o coronav\u00edrus para seus amigos, familiares e contatos.<\/li>\n<p>&#13;<\/p>\n<li><strong><a href=\"https:\/\/veduca.org\/courses\/ecologia-industrial\/?ref=artigo\">Ecologia Industrial<\/a>:<\/strong>\u00a0Neste curso apresentamos a defini\u00e7\u00e3o do conceito de P+L (Produ\u00e7\u00e3o Mais Limpa) e o roteiro para a sua aplica\u00e7\u00e3o e seus indicadores de desempenho numa empresa. Ao final do curso voc\u00ea ter\u00e1 uma vis\u00e3o n\u00e3o apenas da Ecologia Industrial, mas de alternativas para desenvolver processos produtivos mais limpos.<\/li>\n<p>&#13;<\/p>\n<li><a href=\"https:\/\/veduca.org\/courses\/metodologia-cientifica\/?ref=artigo\"><strong>Metodologia Cient\u00edfica:<\/strong><\/a>\u00a0Metodologia cient\u00edfica \u00e9 um conjunto de t\u00e9cnicas e processos empregados para a pesquisa e a formula\u00e7\u00e3o de uma produ\u00e7\u00e3o cient\u00edfica. Aprenda a elaborar um trabalho de conclus\u00e3o de curso (TCC), e saiba como selecionar um tema, definir objetivos, identificar e descrever um problema, fundamentar sua argumenta\u00e7\u00e3o com base em trabalhos de outros autores, coletar e analisar dados e como apresentar resultados e conclus\u00f5es de forma concisa e clara.<\/li>\n<p>&#13;<\/p>\n<li><a href=\"https:\/\/veduca.org\/courses\/probabilidade-e-estatistica\/?ref=artigo\"><strong>Probabilidade e Estat\u00edstica:<\/strong><\/a>\u00a0Neste curso online gratuito voc\u00ea ver\u00e1 como o c\u00e1lculo de probabilidade \u00e9 uma importante ferramenta estat\u00edstica e como trata de situa\u00e7\u00f5es que n\u00e3o s\u00e3o totalmente previs\u00edveis. Esse conhecimento \u00e9 fundamental para interpretar resultados obtidos pelos m\u00e9todos estat\u00edsticos e pode ser aplicado de diversas formas no dia a dia.<\/li>\n<p>&#13;<\/p>\n<li><a href=\"https:\/\/veduca.org\/courses\/planejamento-estrategico\/?ref=artigo\"><strong>Planejamento Estrat\u00e9gico:<\/strong><\/a>\u00a0voc\u00ea ir\u00e1 aprender conceitos e ferramentas da estrat\u00e9gia empresarial para utiliz\u00e1-los em suas organiza\u00e7\u00f5es, construindo um planejamento estrat\u00e9gico de neg\u00f3cio adequado a din\u00e2mica do mercado em que se encontram e um acompanhamento alinhado com as ferramentas de gest\u00e3o mais utilizadas.<\/li>\n<p>&#13;<\/p>\n<li><a href=\"https:\/\/veduca.org\/courses\/lgbtqia-conceitos-e-historias\/?ref=artigo\"><strong>LGBTQIA+ Conceitos e Hist\u00f3rias:<\/strong><\/a>\u00a0O curso oferece uma vis\u00e3o geral sobre quest\u00f5es que envolvem a sexualidade humana e a identidade de g\u00eanero. S\u00e3o apresentados conceitos e informa\u00e7\u00f5es sobre quatro caracter\u00edsticas \u2013 Sexo Biol\u00f3gico, Identidade de G\u00eanero, Express\u00e3o de G\u00eanero e Orienta\u00e7\u00e3o Afetivo-sexual \u2013 e tamb\u00e9m sobre o significado da sigla LGBT+. As hist\u00f3rias de vida s\u00e3o um convite para que voc\u00ea amplie seu olhar de mundo. Esses v\u00eddeos contam com a participa\u00e7\u00e3o de colaboradores do Veduca, da Serasa e tamb\u00e9m de convidados e convidadas que compartilham suas experi\u00eancias e vis\u00f5es.<\/li>\n<p>&#13;\n<\/ol>\n<h2>Inscri\u00e7\u00e3o Cursos Online Gratuitos Veduca<\/h2>\n<p>Para se inscrever nos cursos da Veduca:\u00a0<span style=\"color: #008080;\"><strong><a style=\"color: #008080;\" href=\"https:\/\/veduca.org\/?ref=artigo\" target=\"_blank\" rel=\"noopener noreferrer\">[Acesse aqui]<\/a><\/strong><\/span><\/p>\n<p>\u00a0<\/p>\n<p><!-- CONTENT END 2 --><\/p>\n<p><!-- #comments --><\/p>\n<\/div>\n<p><script>\n                    (function(d, s, id) {\n                        var js, fjs = d.getElementsByTagName(s)[0];\n                        if (d.getElementById(id)) return;\n                        js = d.createElement(s);\n                        js.id = id;\n                        js.src = \"\/\/connect.facebook.net\/pt_PT\/sdk.js#xfbml=1&version=v2.5\";\n                        fjs.parentNode.insertBefore(js, fjs);\n                    }(document, 'script', 'facebook-jssdk'));\n                <\/script><script type=\"text\/javascript\">\n\t    (function(d){\n\t        var js, id = 'facebook-jssdk', ref = d.getElementsByTagName('script')[0];\n\t        if (d.getElementById(id)) {return;}\n\t        js = d.createElement('script'); js.id = id; js.async = true;\n\t        js.src = \"https:\/\/connect.facebook.net\/en_US\/all.js\";\n\t        ref.parentNode.insertBefore(js, ref);\n\t    }(document));\n\t    window.fbAsyncInit = function() {\n\t      \t\tFB.init({\n\t            \tappId: facebook_app_ID,\n\t            \tstatus: true,\n\t            \tcookie: true,\n\t            \txfbml: true\n\t        \t});  \n\t    };\n\t\tfunction login() {\n\t\t\tFB.login(function(response) {\n\t\t\t\tFB.api('\/me', { locale: 'en_US', fields: 'name, email' },\n\t\t\t\t\tfunction(response2) {\n\t\t\t\t\t\tif (typeof response2.error == 'undefined') {\n\t\t\t\t\t\t\tjQuery(document).ready(function($){'use strict';\n      \t\t\t\t\t\/\/console.log(response2);\n\t\t\t\t\t\t\t\t$.ajax({\n\t\t\t\t\t\t\t        type: 'POST',\n\t\t\t\t\t\t\t        dataType: 'json',\n\t\t\t\t\t\t\t        url: ajax_object.ajaxurl,\n\t\t\t\t\t\t\t        data: { \n\t\t\t\t\t\t\t            'action': 'ajaxfacebooklogin', \/\/calls wp_ajax_nopriv_ajaxlogin\n\t\t\t\t\t\t\t            'id_token': response.authResponse.accessToken,\n\t\t\t\t\t\t\t            'useremail': response2.email,\n\t\t\t\t\t\t\t            'username': response2.name,\n\t\t\t\t\t\t\t            'security': $( 'form#login #security2').val() },\n\t\t\t\t\t\t\t        success: function(data){\n\t\t\t\t\t\t\t            \/\/$('form#login div.login-error').text(data.message);\n\t\t\t\t\t\t\t            if (data.loggedin == true){\n      \t\t\t\t\t\t\t\t\t\t\t\t$('form#login div.login-error').removeClass('alert-danger').addClass('alert-success');\n      \t\t\t\t\t\t\t\t\t\t\t\t$('form#login div.login-error').text(data.message);\n\t\t\t\t\t\t\t                document.location.href = ajax_object.redirecturl;\n\t\t\t\t\t\t\t            }else{\n      \t\t\t\t\t\t\t\t\t\t\t\t$('form#login div.login-error').removeClass('alert-success').addClass('alert-danger');\n      \t\t\t\t\t\t\t\t\t\t\t\t$('form#login div.login-error').text(data.message);\n      \t\t\t\t\t\t\t\t\t\t}\n\t\t\t\t\t\t\t            if($('.login-error').text() == ''){\n\t\t\t\t\t\t\t                $('form#login div.login-error').hide();\n\t\t\t\t\t\t\t            }else{\n\t\t\t\t\t\t\t                $('form#login div.login-error').show();\n\t\t\t\t\t\t\t            }\n\t\t\t\t\t\t\t        }\n\t\t\t\t\t\t\t    });\n\t\t\t\t\t\t    });\n\t\t\t\t\t\t\t\/\/ console.log('FB Login Working!');\n\t\t\t\t\t\t\t\/\/ console.log(response2);\n\t\t\t\t\t\t}else{\n\t\t\t\t\t\t\t\/\/ console.log('FB Login Error!');\n\t\t\t\t\t\t\t\/\/ console.log(response);\n\t\t\t\t\t\t}\n\t\t\t\t\t}\n\t\t\t\t);\n\t\t\t}, {scope: 'public_profile,user_friends,email'});    \n\t\t}\n\t<\/script><br \/>\n<br \/><br \/>\n<br \/><a href=\"https:\/\/veduca.org\/apple-abriu-15-vagas-no-brasil-com-diversos-beneficios\/\">Source link <\/a><\/p>\n","protected":false},"excerpt":{"rendered":"<p>A Apple, dona do iPhone, est\u00e1 com 15 vagas abertas no Brasil com diversos benef\u00edcios, confira Sobre a Apple A Apple Inc. \u00e9 uma pot\u00eancia&#8230;<\/p>\n","protected":false},"author":1,"featured_media":47131,"comment_status":"open","ping_status":"open","sticky":false,"template":"","format":"standard","meta":{"advanced_seo_description":"","jetpack_seo_html_title":"","jetpack_seo_noindex":false,"jetpack_post_was_ever_published":false,"_jetpack_newsletter_access":"","_jetpack_dont_email_post_to_subs":false,"_jetpack_newsletter_tier_id":0,"_jetpack_memberships_contains_paywalled_content":false,"_jetpack_memberships_contains_paid_content":false,"footnotes":"","jetpack_publicize_message":"","jetpack_publicize_feature_enabled":true,"jetpack_social_post_already_shared":true,"jetpack_social_options":{"image_generator_settings":{"template":"highway","default_image_id":0,"font":"","enabled":false},"version":2}},"categories":[3598],"tags":[],"class_list":["post-47130","post","type-post","status-publish","format-standard","has-post-thumbnail","hentry","category-empregos-classificados-vagas-trabalho"],"jetpack_publicize_connections":[],"jetpack_featured_media_url":"https:\/\/i0.wp.com\/noticiasribeiraopreto.com.br\/wp-content\/uploads\/2024\/04\/Untitled-design-6.png?fit=1200%2C628&ssl=1","jetpack-related-posts":[{"id":34577,"url":"https:\/\/noticiasribeiraopreto.com.br\/index.php\/2024\/02\/02\/china-vai-passar-por-cima-da-apple-5-desafios-da-dona-do-iphone\/","url_meta":{"origin":47130,"position":0},"title":"China vai passar por cima da Apple? 5 desafios da dona do iPhone","author":"noticiasribeiraopreto.com.br","date":"2 de February de 2024","format":false,"excerpt":"A Apple (AAPL; AAPL34) apresentou na quinta-feira (1) \u00e0 noite resultados financeiros que superaram as estimativas \u2014 algo que n\u00e3o acontecia h\u00e1 muito tempo. Mas as a\u00e7\u00f5es da dona do Iphone reagiram mal no after market em Nova York e entram a sexta-feira (2) operando no vermelho. A mordida que\u2026","rel":"","context":"In &quot;Dinheiro e Investimento&quot;","block_context":{"text":"Dinheiro e Investimento","link":"https:\/\/noticiasribeiraopreto.com.br\/index.php\/category\/dinheiro-e-investimento-como-fazer-como-ganhar\/"},"img":{"alt_text":"","src":"https:\/\/i0.wp.com\/noticiasribeiraopreto.com.br\/wp-content\/uploads\/2024\/02\/Apple-628x353.png?fit=628%2C353&ssl=1&resize=350%2C200","width":350,"height":200,"srcset":"https:\/\/i0.wp.com\/noticiasribeiraopreto.com.br\/wp-content\/uploads\/2024\/02\/Apple-628x353.png?fit=628%2C353&ssl=1&resize=350%2C200 1x, https:\/\/i0.wp.com\/noticiasribeiraopreto.com.br\/wp-content\/uploads\/2024\/02\/Apple-628x353.png?fit=628%2C353&ssl=1&resize=525%2C300 1.5x"},"classes":[]},{"id":16558,"url":"https:\/\/noticiasribeiraopreto.com.br\/index.php\/2023\/12\/15\/quem-e-maior-que-a-apple-apenas-6-paises-no-mundo-superam-a-fabricante-do-iphone-e-o-brasil-nao-e-um-deles\/","url_meta":{"origin":47130,"position":1},"title":"Quem \u00e9 maior que a Apple? Apenas 6 pa\u00edses no mundo superam a fabricante do iPhone \u2014 e o Brasil n\u00e3o \u00e9 um deles","author":"noticiasribeiraopreto.com.br","date":"15 de December de 2023","format":false,"excerpt":"As a\u00e7\u00f5es da Apple atingiram novas m\u00e1ximas nesta semana, elevando o valor de mercado da fabricante de iPhones para mais de US$ 3 trilh\u00f5es. Na sexta-feira (15), as a\u00e7\u00f5es da Apple ca\u00edram 0,27%, cotadas a US$ 197,57 em Nova York \u2014 um valor que avalia a empresa em US$ 3,073\u2026","rel":"","context":"In &quot;Dinheiro e Investimento&quot;","block_context":{"text":"Dinheiro e Investimento","link":"https:\/\/noticiasribeiraopreto.com.br\/index.php\/category\/dinheiro-e-investimento-como-fazer-como-ganhar\/"},"img":{"alt_text":"","src":"https:\/\/i0.wp.com\/noticiasribeiraopreto.com.br\/wp-content\/uploads\/2023\/12\/shutterstock_250627207-628x353.jpg?fit=628%2C353&ssl=1&resize=350%2C200","width":350,"height":200,"srcset":"https:\/\/i0.wp.com\/noticiasribeiraopreto.com.br\/wp-content\/uploads\/2023\/12\/shutterstock_250627207-628x353.jpg?fit=628%2C353&ssl=1&resize=350%2C200 1x, https:\/\/i0.wp.com\/noticiasribeiraopreto.com.br\/wp-content\/uploads\/2023\/12\/shutterstock_250627207-628x353.jpg?fit=628%2C353&ssl=1&resize=525%2C300 1.5x"},"classes":[]},{"id":39754,"url":"https:\/\/noticiasribeiraopreto.com.br\/index.php\/2024\/02\/28\/o-dia-em-que-me-chamaram-para-uma-posicao-global-na-apple\/","url_meta":{"origin":47130,"position":2},"title":"O dia em que me chamaram para uma posi\u00e7\u00e3o global na Apple","author":"noticiasribeiraopreto.com.br","date":"28 de February de 2024","format":false,"excerpt":"Aprendi com Steve Jobs, e com a Apple, que voc\u00ea precisa confiar em algo \u2013 seja no seu instinto, destino, vida, carma.\u00a0 Todo mundo pode duvidar de voc\u00ea. Menos voc\u00ea. Era o meu pen\u00faltimo dia de f\u00e9rias. Minhas filhas estavam no quarto ao lado e combinamos de acordar mais tarde.\u2026","rel":"","context":"In &quot;Blog&quot;","block_context":{"text":"Blog","link":"https:\/\/noticiasribeiraopreto.com.br\/index.php\/category\/blog\/"},"img":{"alt_text":"","src":"https:\/\/i0.wp.com\/noticiasribeiraopreto.com.br\/wp-content\/uploads\/2024\/02\/careira-lu-odrigues-steve-jobs-apple-1024x683.jpg?fit=1024%2C683&ssl=1&resize=350%2C200","width":350,"height":200,"srcset":"https:\/\/i0.wp.com\/noticiasribeiraopreto.com.br\/wp-content\/uploads\/2024\/02\/careira-lu-odrigues-steve-jobs-apple-1024x683.jpg?fit=1024%2C683&ssl=1&resize=350%2C200 1x, https:\/\/i0.wp.com\/noticiasribeiraopreto.com.br\/wp-content\/uploads\/2024\/02\/careira-lu-odrigues-steve-jobs-apple-1024x683.jpg?fit=1024%2C683&ssl=1&resize=525%2C300 1.5x, https:\/\/i0.wp.com\/noticiasribeiraopreto.com.br\/wp-content\/uploads\/2024\/02\/careira-lu-odrigues-steve-jobs-apple-1024x683.jpg?fit=1024%2C683&ssl=1&resize=700%2C400 2x"},"classes":[]},{"id":24568,"url":"https:\/\/noticiasribeiraopreto.com.br\/index.php\/2024\/01\/04\/o-que-acontece-com-a-apple-acoes-caem-pelo-terceiro-dia-e-levam-nasdaq-ao-pior-desempenho-em-tres-meses\/","url_meta":{"origin":47130,"position":3},"title":"O que acontece com a Apple? A\u00e7\u00f5es caem pelo terceiro dia e levam Nasdaq ao pior desempenho em tr\u00eas meses\u00a0","author":"noticiasribeiraopreto.com.br","date":"4 de January de 2024","format":false,"excerpt":"H\u00e1 quem acredite em signos e hor\u00f3scopos. Outros que botam f\u00e9 em cartas e leituras de x\u00edcaras de ch\u00e1. Mas, para o banco brit\u00e2nico Barclays, a cren\u00e7a para o ano de 2024 \u00e9 de um agouro negativo para a Apple. As a\u00e7\u00f5es da fabricante do iPhone registram um raro momento\u2026","rel":"","context":"In &quot;Dinheiro e Investimento&quot;","block_context":{"text":"Dinheiro e Investimento","link":"https:\/\/noticiasribeiraopreto.com.br\/index.php\/category\/dinheiro-e-investimento-como-fazer-como-ganhar\/"},"img":{"alt_text":"","src":"https:\/\/i0.wp.com\/noticiasribeiraopreto.com.br\/wp-content\/uploads\/2024\/01\/Apple-acaba-de-anunciar-que-a-producao-do-iPhone-14-esta-ameacada-entenda-porque-acoes-caem-hoje-1-628x353.png?fit=628%2C353&ssl=1&resize=350%2C200","width":350,"height":200,"srcset":"https:\/\/i0.wp.com\/noticiasribeiraopreto.com.br\/wp-content\/uploads\/2024\/01\/Apple-acaba-de-anunciar-que-a-producao-do-iPhone-14-esta-ameacada-entenda-porque-acoes-caem-hoje-1-628x353.png?fit=628%2C353&ssl=1&resize=350%2C200 1x, https:\/\/i0.wp.com\/noticiasribeiraopreto.com.br\/wp-content\/uploads\/2024\/01\/Apple-acaba-de-anunciar-que-a-producao-do-iPhone-14-esta-ameacada-entenda-porque-acoes-caem-hoje-1-628x353.png?fit=628%2C353&ssl=1&resize=525%2C300 1.5x"},"classes":[]},{"id":66847,"url":"https:\/\/noticiasribeiraopreto.com.br\/index.php\/2025\/04\/06\/jornal-da-franca-apple-alerta-para-nao-dormir-perto-do-celular-durante-carregamento-veja-motivo\/","url_meta":{"origin":47130,"position":4},"title":"Jornal da Franca &#8211; Apple alerta para n\u00e3o dormir perto do celular durante carregamento; veja motivo","author":"noticiasribeiraopreto.com.br","date":"6 de April de 2025","format":false,"excerpt":"compartilhar no whatsapp compartilhar no telegram compartilhar no facebook compartilhar no linkedin A empresa orienta que o iPhone e seus acess\u00f3rios sejam mantidos em locais bem ventilados durante o uso ou carregamento \u00a0 Apple alertou usu\u00e1rios sobre o risco de ficar pr\u00f3ximo ao aparelho enquanto estiver carregando \u2013 foto Freepik\u2026","rel":"","context":"In &quot;Not\u00edcias de Franca-SP&quot;","block_context":{"text":"Not\u00edcias de Franca-SP","link":"https:\/\/noticiasribeiraopreto.com.br\/index.php\/category\/noticias-de-ribeirao-preto-sp-e-regiao-ismael-colosi\/noticias-franca-sp\/"},"img":{"alt_text":"","src":"https:\/\/i0.wp.com\/noticiasribeiraopreto.com.br\/wp-content\/uploads\/2025\/04\/apple-iphone-carregando-scaled.jpg?fit=1200%2C801&ssl=1&resize=350%2C200","width":350,"height":200,"srcset":"https:\/\/i0.wp.com\/noticiasribeiraopreto.com.br\/wp-content\/uploads\/2025\/04\/apple-iphone-carregando-scaled.jpg?fit=1200%2C801&ssl=1&resize=350%2C200 1x, https:\/\/i0.wp.com\/noticiasribeiraopreto.com.br\/wp-content\/uploads\/2025\/04\/apple-iphone-carregando-scaled.jpg?fit=1200%2C801&ssl=1&resize=525%2C300 1.5x, https:\/\/i0.wp.com\/noticiasribeiraopreto.com.br\/wp-content\/uploads\/2025\/04\/apple-iphone-carregando-scaled.jpg?fit=1200%2C801&ssl=1&resize=700%2C400 2x, https:\/\/i0.wp.com\/noticiasribeiraopreto.com.br\/wp-content\/uploads\/2025\/04\/apple-iphone-carregando-scaled.jpg?fit=1200%2C801&ssl=1&resize=1050%2C600 3x"},"classes":[]},{"id":20096,"url":"https:\/\/noticiasribeiraopreto.com.br\/index.php\/2023\/12\/24\/5-series-para-curtir-o-recesso-de-fim-de-ano\/","url_meta":{"origin":47130,"position":5},"title":"5 s\u00e9ries para curtir o recesso de fim de ano","author":"noticiasribeiraopreto.com.br","date":"24 de December de 2023","format":false,"excerpt":"Divulga\u00e7\u00e3o\/Apple TV+Reese Witherspoon e Jennifer Aniston s\u00e3o as protagonistas da s\u00e9rie \u201cThe Morning Show\u201d, do Apple TV+ \u201cVoc\u00ea perde 100% das vezes em que n\u00e3o se arrisca.\u201d A frase do ic\u00f4nico Michael Scott, personagem vivido por Steve Carell em \u201cThe Office\u201d, est\u00e1 entre os muitos aprendizados da s\u00e9rie que podemos\u2026","rel":"","context":"In &quot;Blog&quot;","block_context":{"text":"Blog","link":"https:\/\/noticiasribeiraopreto.com.br\/index.php\/category\/blog\/"},"img":{"alt_text":"","src":"https:\/\/i0.wp.com\/noticiasribeiraopreto.com.br\/wp-content\/uploads\/2023\/12\/carreira-series-destaque-the-morning-show-1024x683.jpg?fit=1024%2C683&ssl=1&resize=350%2C200","width":350,"height":200,"srcset":"https:\/\/i0.wp.com\/noticiasribeiraopreto.com.br\/wp-content\/uploads\/2023\/12\/carreira-series-destaque-the-morning-show-1024x683.jpg?fit=1024%2C683&ssl=1&resize=350%2C200 1x, https:\/\/i0.wp.com\/noticiasribeiraopreto.com.br\/wp-content\/uploads\/2023\/12\/carreira-series-destaque-the-morning-show-1024x683.jpg?fit=1024%2C683&ssl=1&resize=525%2C300 1.5x, https:\/\/i0.wp.com\/noticiasribeiraopreto.com.br\/wp-content\/uploads\/2023\/12\/carreira-series-destaque-the-morning-show-1024x683.jpg?fit=1024%2C683&ssl=1&resize=700%2C400 2x"},"classes":[]}],"jetpack_sharing_enabled":true,"jetpack_shortlink":"https:\/\/wp.me\/peQAOb-cga","_links":{"self":[{"href":"https:\/\/noticiasribeiraopreto.com.br\/index.php\/wp-json\/wp\/v2\/posts\/47130","targetHints":{"allow":["GET"]}}],"collection":[{"href":"https:\/\/noticiasribeiraopreto.com.br\/index.php\/wp-json\/wp\/v2\/posts"}],"about":[{"href":"https:\/\/noticiasribeiraopreto.com.br\/index.php\/wp-json\/wp\/v2\/types\/post"}],"author":[{"embeddable":true,"href":"https:\/\/noticiasribeiraopreto.com.br\/index.php\/wp-json\/wp\/v2\/users\/1"}],"replies":[{"embeddable":true,"href":"https:\/\/noticiasribeiraopreto.com.br\/index.php\/wp-json\/wp\/v2\/comments?post=47130"}],"version-history":[{"count":0,"href":"https:\/\/noticiasribeiraopreto.com.br\/index.php\/wp-json\/wp\/v2\/posts\/47130\/revisions"}],"wp:featuredmedia":[{"embeddable":true,"href":"https:\/\/noticiasribeiraopreto.com.br\/index.php\/wp-json\/wp\/v2\/media\/47131"}],"wp:attachment":[{"href":"https:\/\/noticiasribeiraopreto.com.br\/index.php\/wp-json\/wp\/v2\/media?parent=47130"}],"wp:term":[{"taxonomy":"category","embeddable":true,"href":"https:\/\/noticiasribeiraopreto.com.br\/index.php\/wp-json\/wp\/v2\/categories?post=47130"},{"taxonomy":"post_tag","embeddable":true,"href":"https:\/\/noticiasribeiraopreto.com.br\/index.php\/wp-json\/wp\/v2\/tags?post=47130"}],"curies":[{"name":"wp","href":"https:\/\/api.w.org\/{rel}","templated":true}]}}