{"id":47146,"date":"2024-04-24T11:55:26","date_gmt":"2024-04-24T14:55:26","guid":{"rendered":"https:\/\/noticiasribeiraopreto.com.br\/index.php\/2024\/04\/24\/vagas-de-emprego-na-area-de-logistica-em-ribeirao-preto-sp-3\/"},"modified":"2024-04-24T11:55:26","modified_gmt":"2024-04-24T14:55:26","slug":"vagas-de-emprego-na-area-de-logistica-em-ribeirao-preto-sp-3","status":"publish","type":"post","link":"https:\/\/noticiasribeiraopreto.com.br\/index.php\/2024\/04\/24\/vagas-de-emprego-na-area-de-logistica-em-ribeirao-preto-sp-3\/","title":{"rendered":"Vagas de emprego na \u00e1rea de log\u00edstica em Ribeir\u00e3o Preto-SP"},"content":{"rendered":"<div class='code-block code-block-1' style='margin: 8px 0 8px auto; text-align: right; display: block; clear: both;'>\n<p><a href=\"https:\/\/wa.link\/vpicfd\"><img data-recalc-dims=\"1\" class=\"wp-image-4922\" style=\"aspect-ratio: 2.0253164556962027; width: 561px; height: auto;\" src=\"https:\/\/i0.wp.com\/ismaelcolosi.com.br\/wp-content\/uploads\/2023\/11\/grupo-de-empregos-whatsapp-e-facebook-ismael-colosi-vagas.jpg?ssl=1\" alt=\"\" \/><\/a><\/p>\n<!-- \/wp:image -->\n<\/div>\n<p><a class=\"base-card__full-link absolute top-0 right-0 bottom-0 left-0 p-0 z-[2]\" href=\"https:\/\/br.linkedin.com\/jobs\/view\/auxiliar-de-estoque-at-mobly-3865661404?position=1&amp;pageNum=0&amp;refId=Yg9T2mr%2FGOX%2B8MleSRsTUQ%3D%3D&amp;trackingId=9wBxcNKm%2Fw3aZ9ww3hKEwA%3D%3D&amp;trk=public_jobs_jserp-result_search-card\" data-tracking-control-name=\"public_jobs_jserp-result_search-card\" data-tracking-client-ingraph data-tracking-will-navigate><\/p>\n<p>          <span class=\"sr-only\"><\/p>\n<p>        Auxiliar de Estoque<\/p>\n<p>          <\/span><br \/>\n        <\/a><br \/>\n<a class=\"base-card__full-link absolute top-0 right-0 bottom-0 left-0 p-0 z-[2]\" href=\"https:\/\/br.linkedin.com\/jobs\/view\/auxiliar-de-expedi%C3%A7%C3%A3o-at-resispar-3813964801?position=2&amp;pageNum=0&amp;refId=Yg9T2mr%2FGOX%2B8MleSRsTUQ%3D%3D&amp;trackingId=zS6IdwQ%2FlJv%2BS60HEy6Esw%3D%3D&amp;trk=public_jobs_jserp-result_search-card\" data-tracking-control-name=\"public_jobs_jserp-result_search-card\" data-tracking-client-ingraph data-tracking-will-navigate><\/p>\n<p>          <span class=\"sr-only\"><\/p>\n<p>        Auxiliar De Expedi\u00e7\u00e3o<\/p>\n<p>          <\/span><br \/>\n        <\/a><br \/>\n<a class=\"base-card__full-link absolute top-0 right-0 bottom-0 left-0 p-0 z-[2]\" href=\"https:\/\/br.linkedin.com\/jobs\/view\/auxiliar-de-produ%C3%A7%C3%A3o-log%C3%ADstica-at-alliage-s-a-3897514575?position=3&amp;pageNum=0&amp;refId=Yg9T2mr%2FGOX%2B8MleSRsTUQ%3D%3D&amp;trackingId=jhMqwwk9zoHkP1Phy6k6TQ%3D%3D&amp;trk=public_jobs_jserp-result_search-card\" data-tracking-control-name=\"public_jobs_jserp-result_search-card\" data-tracking-client-ingraph data-tracking-will-navigate><\/p>\n<p>          <span class=\"sr-only\"><\/p>\n<p>        Auxiliar de Produ\u00e7\u00e3o\/Log\u00edstica<\/p>\n<p>          <\/span><br \/>\n        <\/a><br \/>\n<a class=\"base-card__full-link absolute top-0 right-0 bottom-0 left-0 p-0 z-[2]\" href=\"https:\/\/br.linkedin.com\/jobs\/view\/estoquista-sephora-ribeir%C3%A3o-preto-at-randstad-3632788949?position=4&amp;pageNum=0&amp;refId=Yg9T2mr%2FGOX%2B8MleSRsTUQ%3D%3D&amp;trackingId=ojDp3gx81gD47JhYSxEhMQ%3D%3D&amp;trk=public_jobs_jserp-result_search-card\" data-tracking-control-name=\"public_jobs_jserp-result_search-card\" data-tracking-client-ingraph data-tracking-will-navigate><\/p>\n<p>          <span class=\"sr-only\"><\/p>\n<p>        Estoquista &#8211; Sephora Ribeir\u00e3o Preto<\/p>\n<p>          <\/span><br \/>\n        <\/a><br \/>\n<a class=\"base-card__full-link absolute top-0 right-0 bottom-0 left-0 p-0 z-[2]\" href=\"https:\/\/br.linkedin.com\/jobs\/view\/estoquista-sephora-ribeir%C3%A3o-preto-at-randstad-3632788949?position=4&amp;pageNum=0&amp;refId=Yg9T2mr%2FGOX%2B8MleSRsTUQ%3D%3D&amp;trackingId=ojDp3gx81gD47JhYSxEhMQ%3D%3D&amp;trk=public_jobs_jserp-result_search-card\" data-tracking-control-name=\"public_jobs_jserp-result_search-card\" data-tracking-client-ingraph data-tracking-will-navigate><\/p>\n<p>          <span class=\"sr-only\"><\/p>\n<p>        Estoquista &#8211; Sephora Ribeir\u00e3o Preto<\/p>\n<p>          <\/span><br \/>\n        <\/a><br \/>\n<a class=\"base-card__full-link absolute top-0 right-0 bottom-0 left-0 p-0 z-[2]\" href=\"https:\/\/br.linkedin.com\/jobs\/view\/auxiliar-de-log%C3%ADstica-ribeir%C3%A3o-preto-sp-at-clima-rio-3841649267?position=5&amp;pageNum=0&amp;refId=Yg9T2mr%2FGOX%2B8MleSRsTUQ%3D%3D&amp;trackingId=%2BTDGVFL2nRw7%2FBskxrTzXQ%3D%3D&amp;trk=public_jobs_jserp-result_search-card\" data-tracking-control-name=\"public_jobs_jserp-result_search-card\" data-tracking-client-ingraph data-tracking-will-navigate><\/p>\n<p>          <span class=\"sr-only\"><\/p>\n<p>        Auxiliar de Log\u00edstica &#8211; Ribeir\u00e3o Preto &#8211; SP<\/p>\n<p>          <\/span><br \/>\n        <\/a><br \/>\n<a class=\"base-card__full-link absolute top-0 right-0 bottom-0 left-0 p-0 z-[2]\" href=\"https:\/\/br.linkedin.com\/jobs\/view\/operador-log%C3%ADstico-com-experi%C3%AAncia-at-rhbrasil-recursos-humanos-itaja%C3%AD-3865341395?position=10&amp;pageNum=0&amp;refId=Yg9T2mr%2FGOX%2B8MleSRsTUQ%3D%3D&amp;trackingId=HGigr%2B17nl1Wh6kTVG40mw%3D%3D&amp;trk=public_jobs_jserp-result_search-card\" data-tracking-control-name=\"public_jobs_jserp-result_search-card\" data-tracking-client-ingraph data-tracking-will-navigate><\/p>\n<p>          <span class=\"sr-only\"><\/p>\n<p>        Operador Log\u00edstico &#8211; Com Experi\u00eancia<\/p>\n<p>          <\/span><br \/>\n        <\/a><br \/>\n<main id=\"main-content\" class=\"two-pane-serp-page__results\" role=\"main\"><\/p>\n<section class=\"two-pane-serp-page__search-header\">\n<p><!----><\/p>\n<section class=\"job-alert-redirect-section job-alert-redirect-section--jserp\">\n      <icon class=\"job-alert-redirect-section__icon\" data-delayed-url=\"https:\/\/static.licdn.com\/aero-v1\/sc\/h\/dd4yq8pu9gycnw9c7p5uro8qn\"><\/icon><\/p>\n<div class=\"job-alert-redirect-section__container\">\n<p>\n           Get notified about new <span class=\"break-words t-bold\">Log\u00edstica<\/span> jobs in <strong>Ribeir\u00e3o Preto, SP<\/strong>.\n        <\/p>\n<p>        <a class=\"job-alert-redirect-section__cta\" href=\"https:\/\/www.linkedin.com\/login?emailAddress=&amp;fromSignIn=&amp;session_redirect=https%3A%2F%2Fwww.linkedin.com%2Fjobs%2Fsearch%2F%3FcurrentJobId%3D3698141532%26geoId%3D100030857%26keywords%3Dlog%25C3%25ADstica%26location%3DRibeir%25C3%25A3o%2520Preto%252C%2520S%25C3%25A3o%2520Paulo%252C%2520Brasil%26origin%3DJOB_SEARCH_PAGE_LOCATION_AUTOCOMPLETE%26refresh%3Dtrue&amp;trk=public_jobs_job-alert-guest-redirect-cta\" data-impression-id=\"public_jobs_job-alert-guest-redirect-cta\" data-tracking-control-name=\"public_jobs_job-alert-guest-redirect-cta\" data-tracking-will-navigate><br \/>\n            Sign in to create job alert<br \/>\n        <\/a>\n      <\/div>\n<\/section>\n<\/section>\n<p><!----><\/p>\n<div class=\"results-context-header\">\n<h1 class=\"results-context-header__context\">\n          <span class=\"results-context-header__job-count\">412<\/span> <span class=\"results-context-header__query-search\">Log\u00edstica Jobs in Ribeir\u00e3o Preto, SP<\/span><br \/>\n      <\/h1>\n<\/p><\/div>\n<section class=\"two-pane-serp-page__results-list\">\n<ul class=\"jobs-search__results-list\">\n<li>\n<div class=\"base-card relative w-full hover:no-underline focus:no-underline base-card--link base-search-card base-search-card--link job-search-card\" data-entity-urn=\"urn:li:jobPosting:3865661404\" data-impression-id=\"jobs-search-desktop-0\" data-reference-id=\"Yg9T2mr\/GOX+8MleSRsTUQ==\" data-tracking-id=\"9wBxcNKm\/w3aZ9ww3hKEwA==\" data-column=\"1\" data-row=\"1\">\n<p>        <a class=\"base-card__full-link absolute top-0 right-0 bottom-0 left-0 p-0 z-[2]\" href=\"https:\/\/br.linkedin.com\/jobs\/view\/auxiliar-de-estoque-at-mobly-3865661404?position=1&amp;pageNum=0&amp;refId=Yg9T2mr%2FGOX%2B8MleSRsTUQ%3D%3D&amp;trackingId=9wBxcNKm%2Fw3aZ9ww3hKEwA%3D%3D&amp;trk=public_jobs_jserp-result_search-card\" data-tracking-control-name=\"public_jobs_jserp-result_search-card\" data-tracking-client-ingraph data-tracking-will-navigate><\/p>\n<p>          <span class=\"sr-only\"><\/p>\n<p>        Auxiliar de Estoque<\/p>\n<p>          <\/span><br \/>\n        <\/a><\/p>\n<div class=\"search-entity-media\">\n<p>      <img class=\"artdeco-entity-image artdeco-entity-image--square-4\n          \" data-delayed-url=\"https:\/\/media.licdn.com\/dms\/image\/D4D0BAQF283lwd1LYsQ\/company-logo_100_100\/0\/1688569012612\/mobly_logo?e=2147483647&amp;v=beta&amp;t=35-KI96d33bwobPLdrFOIS5RWnDkvbBmJmND22O25Eg\" data-ghost-classes=\"artdeco-entity-image--ghost\" data-ghost-url=\"https:\/\/static.licdn.com\/aero-v1\/sc\/h\/9a9u41thxt325ucfh5z8ga4m8\" alt><\/p><\/div>\n<div class=\"base-search-card__info\">\n<h3 class=\"base-search-card__title\">\n<p>        Auxiliar de Estoque<\/p>\n<\/h3>\n<h4 class=\"base-search-card__subtitle\">\n<p>          <a class=\"hidden-nested-link\" data-tracking-client-ingraph data-tracking-control-name=\"public_jobs_jserp-result_job-search-card-subtitle\" data-tracking-will-navigate href=\"https:\/\/br.linkedin.com\/company\/mobly?trk=public_jobs_jserp-result_job-search-card-subtitle\"><br \/>\n            Mobly<br \/>\n          <\/a><\/p>\n<\/h4>\n<p><!----><\/p>\n<div class=\"base-search-card__metadata\">\n<p>          <span class=\"job-search-card__location\"><br \/>\n            Ribeir\u00e3o Preto, S\u00e3o Paulo, Brazil<br \/>\n          <\/span><\/p>\n<div class=\"job-posting-benefits text-sm\">\n        <icon class=\"job-posting-benefits__icon\" data-delayed-url=\"https:\/\/static.licdn.com\/aero-v1\/sc\/h\/8zmuwb93gzlb935fk4ao4z779\" data-svg-class-name=\"job-posting-benefits__icon-svg\"><\/icon><br \/>\n        <span class=\"job-posting-benefits__text\"><br \/>\n          Be an early applicant<br \/>\n<!---->        <\/span>\n      <\/div>\n<p>          <time class=\"job-search-card__listdate\" datetime=\"2024-03-20\"><\/p>\n<p>      1 month ago<\/p>\n<p>          <\/time><\/p>\n<p><!---->\n            <\/div>\n<\/p><\/div>\n<p><!---->      <\/p><\/div>\n<\/li>\n<li>\n<div class=\"base-card relative w-full hover:no-underline focus:no-underline base-card--link base-search-card base-search-card--link job-search-card\" data-entity-urn=\"urn:li:jobPosting:3813964801\" data-impression-id=\"jobs-search-desktop-1\" data-reference-id=\"Yg9T2mr\/GOX+8MleSRsTUQ==\" data-tracking-id=\"zS6IdwQ\/lJv+S60HEy6Esw==\" data-column=\"1\" data-row=\"2\">\n<p>        <a class=\"base-card__full-link absolute top-0 right-0 bottom-0 left-0 p-0 z-[2]\" href=\"https:\/\/br.linkedin.com\/jobs\/view\/auxiliar-de-expedi%C3%A7%C3%A3o-at-resispar-3813964801?position=2&amp;pageNum=0&amp;refId=Yg9T2mr%2FGOX%2B8MleSRsTUQ%3D%3D&amp;trackingId=zS6IdwQ%2FlJv%2BS60HEy6Esw%3D%3D&amp;trk=public_jobs_jserp-result_search-card\" data-tracking-control-name=\"public_jobs_jserp-result_search-card\" data-tracking-client-ingraph data-tracking-will-navigate><\/p>\n<p>          <span class=\"sr-only\"><\/p>\n<p>        Auxiliar De Expedi\u00e7\u00e3o<\/p>\n<p>          <\/span><br \/>\n        <\/a><\/p>\n<div class=\"search-entity-media\">\n<p>      <img class=\"artdeco-entity-image artdeco-entity-image--square-4\n          \" data-delayed-url=\"https:\/\/media.licdn.com\/dms\/image\/C4D0BAQFToouQE3dz7w\/company-logo_100_100\/0\/1630496578684?e=2147483647&amp;v=beta&amp;t=MQPGsxOcI5gRCbBoiagjXaBITFP48KGKRvPkGhiJk9E\" data-ghost-classes=\"artdeco-entity-image--ghost\" data-ghost-url=\"https:\/\/static.licdn.com\/aero-v1\/sc\/h\/9a9u41thxt325ucfh5z8ga4m8\" alt><\/p><\/div>\n<div class=\"base-search-card__info\">\n<h3 class=\"base-search-card__title\">\n<p>        Auxiliar De Expedi\u00e7\u00e3o<\/p>\n<\/h3>\n<h4 class=\"base-search-card__subtitle\">\n<p>          <a class=\"hidden-nested-link\" data-tracking-client-ingraph data-tracking-control-name=\"public_jobs_jserp-result_job-search-card-subtitle\" data-tracking-will-navigate href=\"https:\/\/br.linkedin.com\/company\/resispar?trk=public_jobs_jserp-result_job-search-card-subtitle\"><br \/>\n            Resispar<br \/>\n          <\/a><\/p>\n<\/h4>\n<p><!----><\/p>\n<div class=\"base-search-card__metadata\">\n<p>          <span class=\"job-search-card__location\"><br \/>\n            Ribeir\u00e3o Preto, S\u00e3o Paulo, Brazil<br \/>\n          <\/span><\/p>\n<div class=\"job-posting-benefits text-sm\">\n        <icon class=\"job-posting-benefits__icon\" data-delayed-url=\"https:\/\/static.licdn.com\/aero-v1\/sc\/h\/8zmuwb93gzlb935fk4ao4z779\" data-svg-class-name=\"job-posting-benefits__icon-svg\"><\/icon><br \/>\n        <span class=\"job-posting-benefits__text\"><br \/>\n          Be an early applicant<br \/>\n<!---->        <\/span>\n      <\/div>\n<p>          <time class=\"job-search-card__listdate\" datetime=\"2024-01-24\"><\/p>\n<p>      3 months ago<\/p>\n<p>          <\/time><\/p>\n<p><!---->\n            <\/div>\n<\/p><\/div>\n<p><!---->      <\/p><\/div>\n<\/li>\n<li>\n<div class=\"base-card relative w-full hover:no-underline focus:no-underline base-card--link base-search-card base-search-card--link job-search-card\" data-entity-urn=\"urn:li:jobPosting:3897514575\" data-impression-id=\"jobs-search-desktop-2\" data-reference-id=\"Yg9T2mr\/GOX+8MleSRsTUQ==\" data-tracking-id=\"jhMqwwk9zoHkP1Phy6k6TQ==\" data-column=\"1\" data-row=\"3\">\n<p>        <a class=\"base-card__full-link absolute top-0 right-0 bottom-0 left-0 p-0 z-[2]\" href=\"https:\/\/br.linkedin.com\/jobs\/view\/auxiliar-de-produ%C3%A7%C3%A3o-log%C3%ADstica-at-alliage-s-a-3897514575?position=3&amp;pageNum=0&amp;refId=Yg9T2mr%2FGOX%2B8MleSRsTUQ%3D%3D&amp;trackingId=jhMqwwk9zoHkP1Phy6k6TQ%3D%3D&amp;trk=public_jobs_jserp-result_search-card\" data-tracking-control-name=\"public_jobs_jserp-result_search-card\" data-tracking-client-ingraph data-tracking-will-navigate><\/p>\n<p>          <span class=\"sr-only\"><\/p>\n<p>        Auxiliar de Produ\u00e7\u00e3o\/Log\u00edstica<\/p>\n<p>          <\/span><br \/>\n        <\/a><\/p>\n<div class=\"search-entity-media\">\n<p>      <img class=\"artdeco-entity-image artdeco-entity-image--square-4\n          \" data-delayed-url=\"https:\/\/media.licdn.com\/dms\/image\/D4D0BAQGRTdJs9t1YAQ\/company-logo_100_100\/0\/1698840764642\/alliage_s_a__logo?e=2147483647&amp;v=beta&amp;t=W_z3ENvXpN6c2BZ1UV9UoxvL65MCSMjeU9dIuwLSKTY\" data-ghost-classes=\"artdeco-entity-image--ghost\" data-ghost-url=\"https:\/\/static.licdn.com\/aero-v1\/sc\/h\/9a9u41thxt325ucfh5z8ga4m8\" alt><\/p><\/div>\n<div class=\"base-search-card__info\">\n<h3 class=\"base-search-card__title\">\n<p>        Auxiliar de Produ\u00e7\u00e3o\/Log\u00edstica<\/p>\n<\/h3>\n<h4 class=\"base-search-card__subtitle\">\n<p>          <a class=\"hidden-nested-link\" data-tracking-client-ingraph data-tracking-control-name=\"public_jobs_jserp-result_job-search-card-subtitle\" data-tracking-will-navigate href=\"https:\/\/br.linkedin.com\/company\/alliage-s-a-?trk=public_jobs_jserp-result_job-search-card-subtitle\"><br \/>\n            Alliage S\/A.<br \/>\n          <\/a><\/p>\n<\/h4>\n<p><!----><\/p>\n<div class=\"base-search-card__metadata\">\n<p>          <span class=\"job-search-card__location\"><br \/>\n            Ribeir\u00e3o Preto, S\u00e3o Paulo, Brazil<br \/>\n          <\/span><\/p>\n<div class=\"job-posting-benefits text-sm\">\n        <icon class=\"job-posting-benefits__icon\" data-delayed-url=\"https:\/\/static.licdn.com\/aero-v1\/sc\/h\/3p1v0uhy7uq0cm5zdvzp4eo18\" data-svg-class-name=\"job-posting-benefits__icon-svg\"><\/icon><br \/>\n        <span class=\"job-posting-benefits__text\"><br \/>\n          Actively Hiring<br \/>\n<!---->        <\/span>\n      <\/div>\n<p>          <time class=\"job-search-card__listdate\" datetime=\"2024-04-13\"><\/p>\n<p>      1 week ago<\/p>\n<p>          <\/time><\/p>\n<p><!---->\n            <\/div>\n<\/p><\/div>\n<p><!---->      <\/p><\/div>\n<\/li>\n<li>\n<div class=\"base-card relative w-full hover:no-underline focus:no-underline base-card--link base-search-card base-search-card--link job-search-card\" data-entity-urn=\"urn:li:jobPosting:3632788949\" data-impression-id=\"jobs-search-desktop-3\" data-reference-id=\"Yg9T2mr\/GOX+8MleSRsTUQ==\" data-tracking-id=\"ojDp3gx81gD47JhYSxEhMQ==\" data-column=\"1\" data-row=\"4\">\n<p>        <a class=\"base-card__full-link absolute top-0 right-0 bottom-0 left-0 p-0 z-[2]\" href=\"https:\/\/br.linkedin.com\/jobs\/view\/estoquista-sephora-ribeir%C3%A3o-preto-at-randstad-3632788949?position=4&amp;pageNum=0&amp;refId=Yg9T2mr%2FGOX%2B8MleSRsTUQ%3D%3D&amp;trackingId=ojDp3gx81gD47JhYSxEhMQ%3D%3D&amp;trk=public_jobs_jserp-result_search-card\" data-tracking-control-name=\"public_jobs_jserp-result_search-card\" data-tracking-client-ingraph data-tracking-will-navigate><\/p>\n<p>          <span class=\"sr-only\"><\/p>\n<p>        Estoquista &#8211; Sephora Ribeir\u00e3o Preto<\/p>\n<p>          <\/span><br \/>\n        <\/a><\/p>\n<div class=\"search-entity-media\">\n<p>      <img class=\"artdeco-entity-image artdeco-entity-image--square-4\n          \" data-delayed-url=\"https:\/\/media.licdn.com\/dms\/image\/C4E0BAQFqC--DBWZjDA\/company-logo_100_100\/0\/1631305862414?e=2147483647&amp;v=beta&amp;t=Sw7XMCiBQcYpqKxklG68zxVq2IGAKjRLKRzQvPmG7rc\" data-ghost-classes=\"artdeco-entity-image--ghost\" data-ghost-url=\"https:\/\/static.licdn.com\/aero-v1\/sc\/h\/9a9u41thxt325ucfh5z8ga4m8\" alt><\/p><\/div>\n<div class=\"base-search-card__info\">\n<h3 class=\"base-search-card__title\">\n<p>        Estoquista &#8211; Sephora Ribeir\u00e3o Preto<\/p>\n<\/h3>\n<h4 class=\"base-search-card__subtitle\">\n<p>          <a class=\"hidden-nested-link\" data-tracking-client-ingraph data-tracking-control-name=\"public_jobs_jserp-result_job-search-card-subtitle\" data-tracking-will-navigate href=\"https:\/\/nl.linkedin.com\/company\/randstad?trk=public_jobs_jserp-result_job-search-card-subtitle\"><br \/>\n            Randstad<br \/>\n          <\/a><\/p>\n<\/h4>\n<p><!----><\/p>\n<div class=\"base-search-card__metadata\">\n<p>          <span class=\"job-search-card__location\"><br \/>\n            Ribeir\u00e3o Preto, S\u00e3o Paulo, Brazil<br \/>\n          <\/span><\/p>\n<div class=\"job-posting-benefits text-sm\">\n        <icon class=\"job-posting-benefits__icon\" data-delayed-url=\"https:\/\/static.licdn.com\/aero-v1\/sc\/h\/3p1v0uhy7uq0cm5zdvzp4eo18\" data-svg-class-name=\"job-posting-benefits__icon-svg\"><\/icon><br \/>\n        <span class=\"job-posting-benefits__text\"><br \/>\n          Actively Hiring<br \/>\n<!---->        <\/span>\n      <\/div>\n<p>          <time class=\"job-search-card__listdate\" datetime=\"2023-06-08\"><\/p>\n<p>      10 months ago<\/p>\n<p>          <\/time><\/p>\n<p><!---->\n            <\/div>\n<\/p><\/div>\n<p><!---->      <\/p><\/div>\n<\/li>\n<li>\n<div class=\"base-card relative w-full hover:no-underline focus:no-underline base-card--link base-search-card base-search-card--link job-search-card\" data-entity-urn=\"urn:li:jobPosting:3841649267\" data-impression-id=\"jobs-search-desktop-4\" data-reference-id=\"Yg9T2mr\/GOX+8MleSRsTUQ==\" data-tracking-id=\"+TDGVFL2nRw7\/BskxrTzXQ==\" data-column=\"1\" data-row=\"5\">\n<p>        <a class=\"base-card__full-link absolute top-0 right-0 bottom-0 left-0 p-0 z-[2]\" href=\"https:\/\/br.linkedin.com\/jobs\/view\/auxiliar-de-log%C3%ADstica-ribeir%C3%A3o-preto-sp-at-clima-rio-3841649267?position=5&amp;pageNum=0&amp;refId=Yg9T2mr%2FGOX%2B8MleSRsTUQ%3D%3D&amp;trackingId=%2BTDGVFL2nRw7%2FBskxrTzXQ%3D%3D&amp;trk=public_jobs_jserp-result_search-card\" data-tracking-control-name=\"public_jobs_jserp-result_search-card\" data-tracking-client-ingraph data-tracking-will-navigate><\/p>\n<p>          <span class=\"sr-only\"><\/p>\n<p>        Auxiliar de Log\u00edstica &#8211; Ribeir\u00e3o Preto &#8211; SP<\/p>\n<p>          <\/span><br \/>\n        <\/a><\/p>\n<div class=\"search-entity-media\">\n<p>      <img class=\"artdeco-entity-image artdeco-entity-image--square-4\n          \" data-delayed-url=\"https:\/\/media.licdn.com\/dms\/image\/D4D0BAQH4XCfxXd94jw\/company-logo_100_100\/0\/1701699144812\/clima_rio_logo?e=2147483647&amp;v=beta&amp;t=_C2j6EX4JeJEZEB6Bmub5B0sZ1kLSb9oAO6-gaZYfhU\" data-ghost-classes=\"artdeco-entity-image--ghost\" data-ghost-url=\"https:\/\/static.licdn.com\/aero-v1\/sc\/h\/9a9u41thxt325ucfh5z8ga4m8\" alt><\/p><\/div>\n<div class=\"base-search-card__info\">\n<h3 class=\"base-search-card__title\">\n<p>        Auxiliar de Log\u00edstica &#8211; Ribeir\u00e3o Preto &#8211; SP<\/p>\n<\/h3>\n<h4 class=\"base-search-card__subtitle\">\n<p>          <a class=\"hidden-nested-link\" data-tracking-client-ingraph data-tracking-control-name=\"public_jobs_jserp-result_job-search-card-subtitle\" data-tracking-will-navigate href=\"https:\/\/br.linkedin.com\/company\/clima-rio?trk=public_jobs_jserp-result_job-search-card-subtitle\"><br \/>\n            Clima Rio<br \/>\n          <\/a><\/p>\n<\/h4>\n<p><!----><\/p>\n<div class=\"base-search-card__metadata\">\n<p>          <span class=\"job-search-card__location\"><br \/>\n            Ribeir\u00e3o Preto, S\u00e3o Paulo, Brazil<br \/>\n          <\/span><\/p>\n<div class=\"job-posting-benefits text-sm\">\n        <icon class=\"job-posting-benefits__icon\" data-delayed-url=\"https:\/\/static.licdn.com\/aero-v1\/sc\/h\/8zmuwb93gzlb935fk4ao4z779\" data-svg-class-name=\"job-posting-benefits__icon-svg\"><\/icon><br \/>\n        <span class=\"job-posting-benefits__text\"><br \/>\n          Be an early applicant<br \/>\n<!---->        <\/span>\n      <\/div>\n<p>          <time class=\"job-search-card__listdate\" datetime=\"2024-02-28\"><\/p>\n<p>      1 month ago<\/p>\n<p>          <\/time><\/p>\n<p><!---->\n            <\/div>\n<\/p><\/div>\n<p><!---->      <\/p><\/div>\n<\/li>\n<li>\n<div class=\"base-card relative w-full hover:no-underline focus:no-underline base-card--link base-search-card base-search-card--link job-search-card\" data-entity-urn=\"urn:li:jobPosting:3897066256\" data-impression-id=\"jobs-search-desktop-5\" data-reference-id=\"Yg9T2mr\/GOX+8MleSRsTUQ==\" data-tracking-id=\"p\/GE6zwL3gkFPj8xypiYJw==\" data-column=\"1\" data-row=\"6\">\n<p>        <a class=\"base-card__full-link absolute top-0 right-0 bottom-0 left-0 p-0 z-[2]\" href=\"https:\/\/br.linkedin.com\/jobs\/view\/aprendiz-administrativo-log%C3%ADstica-rib-preto-at-eurofarma-3897066256?position=6&amp;pageNum=0&amp;refId=Yg9T2mr%2FGOX%2B8MleSRsTUQ%3D%3D&amp;trackingId=p%2FGE6zwL3gkFPj8xypiYJw%3D%3D&amp;trk=public_jobs_jserp-result_search-card\" data-tracking-control-name=\"public_jobs_jserp-result_search-card\" data-tracking-client-ingraph data-tracking-will-navigate><\/p>\n<p>          <span class=\"sr-only\"><\/p>\n<p>        Aprendiz Administrativo &#8211; Log\u00edstica &#8211; Rib. Preto<\/p>\n<p>          <\/span><br \/>\n        <\/a><\/p>\n<div class=\"search-entity-media\">\n<p>      <img class=\"artdeco-entity-image artdeco-entity-image--square-4\n          \" data-delayed-url=\"https:\/\/media.licdn.com\/dms\/image\/C4D0BAQFYrX8TfTdulQ\/company-logo_100_100\/0\/1649075929847\/eurofarma_logo?e=2147483647&amp;v=beta&amp;t=iIqrwu8kY-NGnS3vxh-nlNpX4RJ8Bm3cmkCAMaSsaws\" data-ghost-classes=\"artdeco-entity-image--ghost\" data-ghost-url=\"https:\/\/static.licdn.com\/aero-v1\/sc\/h\/9a9u41thxt325ucfh5z8ga4m8\" alt><\/p><\/div>\n<div class=\"base-search-card__info\">\n<h3 class=\"base-search-card__title\">\n<p>        Aprendiz Administrativo &#8211; Log\u00edstica &#8211; Rib. Preto<\/p>\n<\/h3>\n<h4 class=\"base-search-card__subtitle\">\n<p>          <a class=\"hidden-nested-link\" data-tracking-client-ingraph data-tracking-control-name=\"public_jobs_jserp-result_job-search-card-subtitle\" data-tracking-will-navigate href=\"https:\/\/br.linkedin.com\/company\/eurofarma?trk=public_jobs_jserp-result_job-search-card-subtitle\"><br \/>\n            Eurofarma<br \/>\n          <\/a><\/p>\n<\/h4>\n<p><!----><\/p>\n<div class=\"base-search-card__metadata\">\n<p>          <span class=\"job-search-card__location\"><br \/>\n            Ribeir\u00e3o Preto, S\u00e3o Paulo, Brazil<br \/>\n          <\/span><\/p>\n<div class=\"job-posting-benefits text-sm\">\n        <icon class=\"job-posting-benefits__icon\" data-delayed-url=\"https:\/\/static.licdn.com\/aero-v1\/sc\/h\/3p1v0uhy7uq0cm5zdvzp4eo18\" data-svg-class-name=\"job-posting-benefits__icon-svg\"><\/icon><br \/>\n        <span class=\"job-posting-benefits__text\"><br \/>\n          Actively Hiring<br \/>\n<!---->        <\/span>\n      <\/div>\n<p>          <time class=\"job-search-card__listdate\" datetime=\"2024-04-12\"><\/p>\n<p>      1 week ago<\/p>\n<p>          <\/time><\/p>\n<p><!---->\n            <\/div>\n<\/p><\/div>\n<p><!---->      <\/p><\/div>\n<\/li>\n<li>\n<div class=\"base-card relative w-full hover:no-underline focus:no-underline base-card--link base-search-card base-search-card--link job-search-card\" data-entity-urn=\"urn:li:jobPosting:3892159827\" data-impression-id=\"jobs-search-desktop-6\" data-reference-id=\"Yg9T2mr\/GOX+8MleSRsTUQ==\" data-tracking-id=\"0aouu2OWGXUKkFyLU7sNxg==\" data-column=\"1\" data-row=\"7\">\n<p>        <a class=\"base-card__full-link absolute top-0 right-0 bottom-0 left-0 p-0 z-[2]\" href=\"https:\/\/br.linkedin.com\/jobs\/view\/assistente-de-log%C3%ADstica-at-grupo-los-3892159827?position=7&amp;pageNum=0&amp;refId=Yg9T2mr%2FGOX%2B8MleSRsTUQ%3D%3D&amp;trackingId=0aouu2OWGXUKkFyLU7sNxg%3D%3D&amp;trk=public_jobs_jserp-result_search-card\" data-tracking-control-name=\"public_jobs_jserp-result_search-card\" data-tracking-client-ingraph data-tracking-will-navigate><\/p>\n<p>          <span class=\"sr-only\"><\/p>\n<p>        Assistente de log\u00edstica<\/p>\n<p>          <\/span><br \/>\n        <\/a><\/p>\n<div class=\"search-entity-media\">\n<p>      <img class=\"artdeco-entity-image artdeco-entity-image--square-4\n          \" data-delayed-url=\"https:\/\/media.licdn.com\/dms\/image\/D4D0BAQFsL_Gt5RG5vQ\/company-logo_100_100\/0\/1701440111296\/grupolostransportes_logo?e=2147483647&amp;v=beta&amp;t=lYGWej9gVaabi_Rg8jXDZ37RWytf92uEzRnBsNYIHV8\" data-ghost-classes=\"artdeco-entity-image--ghost\" data-ghost-url=\"https:\/\/static.licdn.com\/aero-v1\/sc\/h\/9a9u41thxt325ucfh5z8ga4m8\" alt><\/p><\/div>\n<div class=\"base-search-card__info\">\n<h3 class=\"base-search-card__title\">\n<p>        Assistente de log\u00edstica<\/p>\n<\/h3>\n<h4 class=\"base-search-card__subtitle\">\n<p>          <a class=\"hidden-nested-link\" data-tracking-client-ingraph data-tracking-control-name=\"public_jobs_jserp-result_job-search-card-subtitle\" data-tracking-will-navigate href=\"https:\/\/br.linkedin.com\/company\/grupolostransportes?trk=public_jobs_jserp-result_job-search-card-subtitle\"><br \/>\n            Grupo LOS<br \/>\n          <\/a><\/p>\n<\/h4>\n<p><!----><\/p>\n<div class=\"base-search-card__metadata\">\n<p>          <span class=\"job-search-card__location\"><br \/>\n            Ribeir\u00e3o Preto, S\u00e3o Paulo, Brazil<br \/>\n          <\/span><\/p>\n<p><!---->  <\/p>\n<p>          <time class=\"job-search-card__listdate\" datetime=\"2024-04-10\"><\/p>\n<p>      2 weeks ago<\/p>\n<p>          <\/time><\/p>\n<p><!---->\n            <\/div>\n<\/p><\/div>\n<p><!---->      <\/p><\/div>\n<\/li>\n<li>\n<div class=\"base-card relative w-full hover:no-underline focus:no-underline base-card--link base-search-card base-search-card--link job-search-card\" data-entity-urn=\"urn:li:jobPosting:3807756458\" data-impression-id=\"jobs-search-desktop-7\" data-reference-id=\"Yg9T2mr\/GOX+8MleSRsTUQ==\" data-tracking-id=\"cUZbLvhZBwcUgIl4aogNNA==\" data-column=\"1\" data-row=\"8\">\n<p>        <a class=\"base-card__full-link absolute top-0 right-0 bottom-0 left-0 p-0 z-[2]\" href=\"https:\/\/br.linkedin.com\/jobs\/view\/estoquista-assistente-at-jumori-comercio-de-auto-pecas-3807756458?position=8&amp;pageNum=0&amp;refId=Yg9T2mr%2FGOX%2B8MleSRsTUQ%3D%3D&amp;trackingId=cUZbLvhZBwcUgIl4aogNNA%3D%3D&amp;trk=public_jobs_jserp-result_search-card\" data-tracking-control-name=\"public_jobs_jserp-result_search-card\" data-tracking-client-ingraph data-tracking-will-navigate><\/p>\n<p>          <span class=\"sr-only\"><\/p>\n<p>        Estoquista Assistente<\/p>\n<p>          <\/span><br \/>\n        <\/a><\/p>\n<div class=\"search-entity-media\">\n<p>      <img class=\"artdeco-entity-image artdeco-entity-image--square-4\n          \" data-delayed-url=\"https:\/\/media.licdn.com\/dms\/image\/D4E0BAQHkocj0H1uZ6A\/company-logo_100_100\/0\/1689959328158\/jumori_comercio_de_auto_pecas_logo?e=2147483647&amp;v=beta&amp;t=6JaY0tK8jqclW9HmNLC74uVQRtF6IKQS5D0qbeewa_o\" data-ghost-classes=\"artdeco-entity-image--ghost\" data-ghost-url=\"https:\/\/static.licdn.com\/aero-v1\/sc\/h\/9a9u41thxt325ucfh5z8ga4m8\" alt><\/p><\/div>\n<div class=\"base-search-card__info\">\n<h3 class=\"base-search-card__title\">\n<p>        Estoquista Assistente<\/p>\n<\/h3>\n<h4 class=\"base-search-card__subtitle\">\n<p>          <a class=\"hidden-nested-link\" data-tracking-client-ingraph data-tracking-control-name=\"public_jobs_jserp-result_job-search-card-subtitle\" data-tracking-will-navigate href=\"https:\/\/br.linkedin.com\/company\/jumori-comercio-de-auto-pecas?trk=public_jobs_jserp-result_job-search-card-subtitle\"><br \/>\n            Jumori Comercio De Auto Pecas<br \/>\n          <\/a><\/p>\n<\/h4>\n<p><!----><\/p>\n<div class=\"base-search-card__metadata\">\n<p>          <span class=\"job-search-card__location\"><br \/>\n            Ribeir\u00e3o Preto, S\u00e3o Paulo, Brazil<br \/>\n          <\/span><\/p>\n<div class=\"job-posting-benefits text-sm\">\n        <icon class=\"job-posting-benefits__icon\" data-delayed-url=\"https:\/\/static.licdn.com\/aero-v1\/sc\/h\/8zmuwb93gzlb935fk4ao4z779\" data-svg-class-name=\"job-posting-benefits__icon-svg\"><\/icon><br \/>\n        <span class=\"job-posting-benefits__text\"><br \/>\n          Be an early applicant<br \/>\n<!---->        <\/span>\n      <\/div>\n<p>          <time class=\"job-search-card__listdate\" datetime=\"2024-01-16\"><\/p>\n<p>      3 months ago<\/p>\n<p>          <\/time><\/p>\n<p><!---->\n            <\/div>\n<\/p><\/div>\n<p><!---->      <\/p><\/div>\n<\/li>\n<li>\n<p>      <a href=\"https:\/\/br.linkedin.com\/jobs\/view\/estoquista-3894918564?position=9&amp;pageNum=0&amp;refId=Yg9T2mr%2FGOX%2B8MleSRsTUQ%3D%3D&amp;trackingId=u%2FOqFVWi50CrwCiH94fdHQ%3D%3D&amp;trk=public_jobs_jserp-result_search-card\" target=\"_self\" data-impression-id=\"jobs-search-desktop-8\" data-tracking-control-name=\"public_jobs_jserp-result_search-card\" data-tracking-will-navigate class=\"base-card relative w-full hover:no-underline focus:no-underline base-card--link base-search-card base-search-card--link job-search-card\" data-tracking-client-ingraph data-entity-urn=\"urn:li:jobPosting:3894918564\" data-reference-id=\"Yg9T2mr\/GOX+8MleSRsTUQ==\" data-tracking-id=\"u\/OqFVWi50CrwCiH94fdHQ==\" data-column=\"1\" data-row=\"9\" rel=\"noopener\"><\/p>\n<p><!----><\/p>\n<div class=\"search-entity-media\">\n<p>      <img class=\"artdeco-entity-image artdeco-entity-image--square-4\n          artdeco-entity-image--ghost\" data-delayed-url=\"https:\/\/static.licdn.com\/aero-v1\/sc\/h\/9a9u41thxt325ucfh5z8ga4m8\" data-ghost-classes=\"artdeco-entity-image--ghost\" data-ghost-url=\"https:\/\/static.licdn.com\/aero-v1\/sc\/h\/9a9u41thxt325ucfh5z8ga4m8\" alt><\/p><\/div>\n<div class=\"base-search-card__info\">\n<h3 class=\"base-search-card__title\">\n<p>        Estoquista<\/p>\n<\/h3>\n<h4 class=\"base-search-card__subtitle\">\n<p>          FORTIS TALENTOS HUMANOS<\/p>\n<\/h4>\n<p><!----><\/p>\n<div class=\"base-search-card__metadata\">\n<p>          <span class=\"job-search-card__location\"><br \/>\n            Ribeir\u00e3o Preto, S\u00e3o Paulo, Brazil<br \/>\n          <\/span><\/p>\n<div class=\"job-posting-benefits text-sm\">\n        <icon class=\"job-posting-benefits__icon\" data-delayed-url=\"https:\/\/static.licdn.com\/aero-v1\/sc\/h\/8zmuwb93gzlb935fk4ao4z779\" data-svg-class-name=\"job-posting-benefits__icon-svg\"><\/icon><br \/>\n        <span class=\"job-posting-benefits__text\"><br \/>\n          Be an early applicant<br \/>\n<!---->        <\/span>\n      <\/div>\n<p>          <time class=\"job-search-card__listdate\" datetime=\"2024-04-11\"><\/p>\n<p>      1 week ago<\/p>\n<p>          <\/time><\/p>\n<p><!---->\n            <\/div>\n<\/p><\/div>\n<p><!---->      <\/p>\n<p>      <\/a><\/p>\n<\/li>\n<li>\n<div class=\"base-card relative w-full hover:no-underline focus:no-underline base-card--link base-search-card base-search-card--link job-search-card\" data-entity-urn=\"urn:li:jobPosting:3865341395\" data-impression-id=\"jobs-search-desktop-9\" data-reference-id=\"Yg9T2mr\/GOX+8MleSRsTUQ==\" data-tracking-id=\"HGigr+17nl1Wh6kTVG40mw==\" data-column=\"1\" data-row=\"10\">\n<p>        <a class=\"base-card__full-link absolute top-0 right-0 bottom-0 left-0 p-0 z-[2]\" href=\"https:\/\/br.linkedin.com\/jobs\/view\/operador-log%C3%ADstico-com-experi%C3%AAncia-at-rhbrasil-recursos-humanos-itaja%C3%AD-3865341395?position=10&amp;pageNum=0&amp;refId=Yg9T2mr%2FGOX%2B8MleSRsTUQ%3D%3D&amp;trackingId=HGigr%2B17nl1Wh6kTVG40mw%3D%3D&amp;trk=public_jobs_jserp-result_search-card\" data-tracking-control-name=\"public_jobs_jserp-result_search-card\" data-tracking-client-ingraph data-tracking-will-navigate><\/p>\n<p>          <span class=\"sr-only\"><\/p>\n<p>        Operador Log\u00edstico &#8211; Com Experi\u00eancia<\/p>\n<p>          <\/span><br \/>\n        <\/a><\/p>\n<div class=\"search-entity-media\">\n<p>      <img class=\"artdeco-entity-image artdeco-entity-image--square-4\n          \" data-delayed-url=\"https:\/\/media.licdn.com\/dms\/image\/D4D0BAQFHNOledJ7Ciw\/company-logo_100_100\/0\/1683921468954\/rhbrasil_recursos_humanos_itaja_logo?e=2147483647&amp;v=beta&amp;t=t1Mt_7Wn-1FHgjbDlpWaMiHdazmyx4ySpXk74okHA1I\" data-ghost-classes=\"artdeco-entity-image--ghost\" data-ghost-url=\"https:\/\/static.licdn.com\/aero-v1\/sc\/h\/9a9u41thxt325ucfh5z8ga4m8\" alt><\/p><\/div>\n<div class=\"base-search-card__info\">\n<h3 class=\"base-search-card__title\">\n<p>        Operador Log\u00edstico &#8211; Com Experi\u00eancia<\/p>\n<\/h3>\n<h4 class=\"base-search-card__subtitle\">\n<p>          <a class=\"hidden-nested-link\" data-tracking-client-ingraph data-tracking-control-name=\"public_jobs_jserp-result_job-search-card-subtitle\" data-tracking-will-navigate href=\"https:\/\/br.linkedin.com\/company\/rhbrasil-recursos-humanos-itaja%C3%AD?trk=public_jobs_jserp-result_job-search-card-subtitle\"><br \/>\n            RHBrasil Recursos Humanos &#8211; Itaja\u00ed<br \/>\n          <\/a><\/p>\n<\/h4>\n<p><!----><\/p>\n<div class=\"base-search-card__metadata\">\n<p>          <span class=\"job-search-card__location\"><br \/>\n            Ribeir\u00e3o Preto, S\u00e3o Paulo, Brazil<br \/>\n          <\/span><\/p>\n<div class=\"job-posting-benefits text-sm\">\n        <icon class=\"job-posting-benefits__icon\" data-delayed-url=\"https:\/\/static.licdn.com\/aero-v1\/sc\/h\/8zmuwb93gzlb935fk4ao4z779\" data-svg-class-name=\"job-posting-benefits__icon-svg\"><\/icon><br \/>\n        <span class=\"job-posting-benefits__text\"><br \/>\n          Be an early applicant<br \/>\n<!---->        <\/span>\n      <\/div>\n<p>          <time class=\"job-search-card__listdate\" datetime=\"2024-03-20\"><\/p>\n<p>      1 month ago<\/p>\n<p>          <\/time><\/p>\n<p><!---->\n            <\/div>\n<\/p><\/div>\n<p><!---->      <\/p><\/div>\n<\/li>\n<li>\n<div class=\"base-card relative w-full hover:no-underline focus:no-underline base-card--link base-search-card base-search-card--link job-search-card\" data-entity-urn=\"urn:li:jobPosting:3828297843\" data-impression-id=\"jobs-search-desktop-10\" data-reference-id=\"Yg9T2mr\/GOX+8MleSRsTUQ==\" data-tracking-id=\"5sE7U0Q0\/\/FIBIm5r3ftFg==\" data-column=\"1\" data-row=\"11\">\n<p>        <a class=\"base-card__full-link absolute top-0 right-0 bottom-0 left-0 p-0 z-[2]\" href=\"https:\/\/br.linkedin.com\/jobs\/view\/conferente-de-mercadoria-at-della-volpe-transportes-3828297843?position=11&amp;pageNum=0&amp;refId=Yg9T2mr%2FGOX%2B8MleSRsTUQ%3D%3D&amp;trackingId=5sE7U0Q0%2F%2FFIBIm5r3ftFg%3D%3D&amp;trk=public_jobs_jserp-result_search-card\" data-tracking-control-name=\"public_jobs_jserp-result_search-card\" data-tracking-client-ingraph data-tracking-will-navigate><\/p>\n<p>          <span class=\"sr-only\"><\/p>\n<p>        Conferente de Mercadoria<\/p>\n<p>          <\/span><br \/>\n        <\/a><\/p>\n<div class=\"search-entity-media\">\n<p>      <img class=\"artdeco-entity-image artdeco-entity-image--square-4\n          \" data-delayed-url=\"https:\/\/media.licdn.com\/dms\/image\/C4D0BAQGkJSHVDnS0RA\/company-logo_100_100\/0\/1630530813633\/della_volpe_transportes_logo?e=2147483647&amp;v=beta&amp;t=rVR2leoTZU_0CVaAXb4LF2FXKIibsNvJw53ycw9lvFY\" data-ghost-classes=\"artdeco-entity-image--ghost\" data-ghost-url=\"https:\/\/static.licdn.com\/aero-v1\/sc\/h\/9a9u41thxt325ucfh5z8ga4m8\" alt><\/p><\/div>\n<div class=\"base-search-card__info\">\n<h3 class=\"base-search-card__title\">\n<p>        Conferente de Mercadoria<\/p>\n<\/h3>\n<h4 class=\"base-search-card__subtitle\">\n<p>          <a class=\"hidden-nested-link\" data-tracking-client-ingraph data-tracking-control-name=\"public_jobs_jserp-result_job-search-card-subtitle\" data-tracking-will-navigate href=\"https:\/\/br.linkedin.com\/company\/della-volpe-transportes?trk=public_jobs_jserp-result_job-search-card-subtitle\"><br \/>\n            Della Volpe Transportes<br \/>\n          <\/a><\/p>\n<\/h4>\n<p><!----><\/p>\n<div class=\"base-search-card__metadata\">\n<p>          <span class=\"job-search-card__location\"><br \/>\n            Ribeir\u00e3o Preto, S\u00e3o Paulo, Brazil<br \/>\n          <\/span><\/p>\n<p><!---->  <\/p>\n<p>          <time class=\"job-search-card__listdate\" datetime=\"2024-02-13\"><\/p>\n<p>      2 months ago<\/p>\n<p>          <\/time><\/p>\n<p><!---->\n            <\/div>\n<\/p><\/div>\n<p><!---->      <\/p><\/div>\n<\/li>\n<li>\n<div class=\"base-card relative w-full hover:no-underline focus:no-underline base-card--link base-search-card base-search-card--link job-search-card\" data-entity-urn=\"urn:li:jobPosting:3832494514\" data-impression-id=\"jobs-search-desktop-11\" data-reference-id=\"Yg9T2mr\/GOX+8MleSRsTUQ==\" data-tracking-id=\"HagD+LGrJaNmfux7fYRG+g==\" data-column=\"1\" data-row=\"12\">\n<p>        <a class=\"base-card__full-link absolute top-0 right-0 bottom-0 left-0 p-0 z-[2]\" href=\"https:\/\/br.linkedin.com\/jobs\/view\/auxiliar-de-log%C3%ADstica-at-gp-tempor%C3%A1rios-e-recursos-humanos-3832494514?position=12&amp;pageNum=0&amp;refId=Yg9T2mr%2FGOX%2B8MleSRsTUQ%3D%3D&amp;trackingId=HagD%2BLGrJaNmfux7fYRG%2Bg%3D%3D&amp;trk=public_jobs_jserp-result_search-card\" data-tracking-control-name=\"public_jobs_jserp-result_search-card\" data-tracking-client-ingraph data-tracking-will-navigate><\/p>\n<p>          <span class=\"sr-only\"><\/p>\n<p>        Auxiliar de Log\u00edstica<\/p>\n<p>          <\/span><br \/>\n        <\/a><\/p>\n<div class=\"search-entity-media\">\n<p>      <img class=\"artdeco-entity-image artdeco-entity-image--square-4\n          \" data-delayed-url=\"https:\/\/media.licdn.com\/dms\/image\/C4D0BAQGlyUCSjjEPRA\/company-logo_100_100\/0\/1669994988298\/gptemporarios_logo?e=2147483647&amp;v=beta&amp;t=FnfaeaWUPqdBvXwKsw392EJXHI9c6Egple6qUU_CClA\" data-ghost-classes=\"artdeco-entity-image--ghost\" data-ghost-url=\"https:\/\/static.licdn.com\/aero-v1\/sc\/h\/9a9u41thxt325ucfh5z8ga4m8\" alt><\/p><\/div>\n<div class=\"base-search-card__info\">\n<h3 class=\"base-search-card__title\">\n<p>        Auxiliar de Log\u00edstica<\/p>\n<\/h3>\n<h4 class=\"base-search-card__subtitle\">\n<p>          <a class=\"hidden-nested-link\" data-tracking-client-ingraph data-tracking-control-name=\"public_jobs_jserp-result_job-search-card-subtitle\" data-tracking-will-navigate href=\"https:\/\/br.linkedin.com\/company\/gptemporarios?trk=public_jobs_jserp-result_job-search-card-subtitle\"><br \/>\n            GP Tempor\u00e1rios e Recursos Humanos<br \/>\n          <\/a><\/p>\n<\/h4>\n<p><!----><\/p>\n<div class=\"base-search-card__metadata\">\n<p>          <span class=\"job-search-card__location\"><br \/>\n            Ribeir\u00e3o Preto, S\u00e3o Paulo, Brazil<br \/>\n          <\/span><\/p>\n<div class=\"job-posting-benefits text-sm\">\n        <icon class=\"job-posting-benefits__icon\" data-delayed-url=\"https:\/\/static.licdn.com\/aero-v1\/sc\/h\/3p1v0uhy7uq0cm5zdvzp4eo18\" data-svg-class-name=\"job-posting-benefits__icon-svg\"><\/icon><br \/>\n        <span class=\"job-posting-benefits__text\"><br \/>\n          Actively Hiring<br \/>\n<!---->        <\/span>\n      <\/div>\n<p>          <time class=\"job-search-card__listdate\" datetime=\"2024-02-16\"><\/p>\n<p>      2 months ago<\/p>\n<p>          <\/time><\/p>\n<p><!---->\n            <\/div>\n<\/p><\/div>\n<p><!---->      <\/p><\/div>\n<\/li>\n<li>\n<div class=\"base-card relative w-full hover:no-underline focus:no-underline base-card--link base-search-card base-search-card--link job-search-card\" data-entity-urn=\"urn:li:jobPosting:3823749740\" data-impression-id=\"jobs-search-desktop-12\" data-reference-id=\"Yg9T2mr\/GOX+8MleSRsTUQ==\" data-tracking-id=\"URPKZnpHEvU9O6LS9PHVWg==\" data-column=\"1\" data-row=\"13\">\n<p>        <a class=\"base-card__full-link absolute top-0 right-0 bottom-0 left-0 p-0 z-[2]\" href=\"https:\/\/br.linkedin.com\/jobs\/view\/conferente-de-estoque-at-della-volpe-transportes-3823749740?position=13&amp;pageNum=0&amp;refId=Yg9T2mr%2FGOX%2B8MleSRsTUQ%3D%3D&amp;trackingId=URPKZnpHEvU9O6LS9PHVWg%3D%3D&amp;trk=public_jobs_jserp-result_search-card\" data-tracking-control-name=\"public_jobs_jserp-result_search-card\" data-tracking-client-ingraph data-tracking-will-navigate><\/p>\n<p>          <span class=\"sr-only\"><\/p>\n<p>        Conferente de Estoque<\/p>\n<p>          <\/span><br \/>\n        <\/a><\/p>\n<div class=\"search-entity-media\">\n<p>      <img class=\"artdeco-entity-image artdeco-entity-image--square-4\n          \" data-delayed-url=\"https:\/\/media.licdn.com\/dms\/image\/C4D0BAQGkJSHVDnS0RA\/company-logo_100_100\/0\/1630530813633\/della_volpe_transportes_logo?e=2147483647&amp;v=beta&amp;t=rVR2leoTZU_0CVaAXb4LF2FXKIibsNvJw53ycw9lvFY\" data-ghost-classes=\"artdeco-entity-image--ghost\" data-ghost-url=\"https:\/\/static.licdn.com\/aero-v1\/sc\/h\/9a9u41thxt325ucfh5z8ga4m8\" alt><\/p><\/div>\n<div class=\"base-search-card__info\">\n<h3 class=\"base-search-card__title\">\n<p>        Conferente de Estoque<\/p>\n<\/h3>\n<h4 class=\"base-search-card__subtitle\">\n<p>          <a class=\"hidden-nested-link\" data-tracking-client-ingraph data-tracking-control-name=\"public_jobs_jserp-result_job-search-card-subtitle\" data-tracking-will-navigate href=\"https:\/\/br.linkedin.com\/company\/della-volpe-transportes?trk=public_jobs_jserp-result_job-search-card-subtitle\"><br \/>\n            Della Volpe Transportes<br \/>\n          <\/a><\/p>\n<\/h4>\n<p><!----><\/p>\n<div class=\"base-search-card__metadata\">\n<p>          <span class=\"job-search-card__location\"><br \/>\n            Greater Ribeir\u00e3o Preto<br \/>\n          <\/span><\/p>\n<p><!---->  <\/p>\n<p>          <time class=\"job-search-card__listdate\" datetime=\"2024-02-12\"><\/p>\n<p>      2 months ago<\/p>\n<p>          <\/time><\/p>\n<p><!---->\n            <\/div>\n<\/p><\/div>\n<p><!---->      <\/p><\/div>\n<\/li>\n<li>\n<div class=\"base-card relative w-full hover:no-underline focus:no-underline base-card--link base-search-card base-search-card--link job-search-card\" data-entity-urn=\"urn:li:jobPosting:3764305417\" data-impression-id=\"jobs-search-desktop-13\" data-reference-id=\"Yg9T2mr\/GOX+8MleSRsTUQ==\" data-tracking-id=\"CJzMw5lXot00HwY1nwBX+Q==\" data-column=\"1\" data-row=\"14\">\n<p>        <a class=\"base-card__full-link absolute top-0 right-0 bottom-0 left-0 p-0 z-[2]\" href=\"https:\/\/br.linkedin.com\/jobs\/view\/auxiliar-de-log%C3%ADstica-banco-de-talentos-at-netafim-3764305417?position=14&amp;pageNum=0&amp;refId=Yg9T2mr%2FGOX%2B8MleSRsTUQ%3D%3D&amp;trackingId=CJzMw5lXot00HwY1nwBX%2BQ%3D%3D&amp;trk=public_jobs_jserp-result_search-card\" data-tracking-control-name=\"public_jobs_jserp-result_search-card\" data-tracking-client-ingraph data-tracking-will-navigate><\/p>\n<p>          <span class=\"sr-only\"><\/p>\n<p>        Auxiliar de Log\u00edstica (Banco de Talentos)<\/p>\n<p>          <\/span><br \/>\n        <\/a><\/p>\n<div class=\"search-entity-media\">\n<p>      <img class=\"artdeco-entity-image artdeco-entity-image--square-4\n          \" data-delayed-url=\"https:\/\/media.licdn.com\/dms\/image\/D4E0BAQG9MavBAWZ75A\/company-logo_100_100\/0\/1698959528502\/netafim_logo?e=2147483647&amp;v=beta&amp;t=JxJJiQKWhVHzELun0GuMPCIqraGRF2lp4FeUwAlp5bE\" data-ghost-classes=\"artdeco-entity-image--ghost\" data-ghost-url=\"https:\/\/static.licdn.com\/aero-v1\/sc\/h\/9a9u41thxt325ucfh5z8ga4m8\" alt><\/p><\/div>\n<div class=\"base-search-card__info\">\n<h3 class=\"base-search-card__title\">\n<p>        Auxiliar de Log\u00edstica (Banco de Talentos)<\/p>\n<\/h3>\n<h4 class=\"base-search-card__subtitle\">\n<p>          <a class=\"hidden-nested-link\" data-tracking-client-ingraph data-tracking-control-name=\"public_jobs_jserp-result_job-search-card-subtitle\" data-tracking-will-navigate href=\"https:\/\/il.linkedin.com\/company\/netafim?trk=public_jobs_jserp-result_job-search-card-subtitle\"><br \/>\n            Netafim<br \/>\n          <\/a><\/p>\n<\/h4>\n<p><!----><\/p>\n<div class=\"base-search-card__metadata\">\n<p>          <span class=\"job-search-card__location\"><br \/>\n            Ribeir\u00e3o Preto, S\u00e3o Paulo, Brazil<br \/>\n          <\/span><\/p>\n<p><!---->  <\/p>\n<p>          <time class=\"job-search-card__listdate\" datetime=\"2023-11-22\"><\/p>\n<p>      5 months ago<\/p>\n<p>          <\/time><\/p>\n<p><!---->\n            <\/div>\n<\/p><\/div>\n<p><!---->      <\/p><\/div>\n<\/li>\n<li>\n<div class=\"base-card relative w-full hover:no-underline focus:no-underline base-card--link base-search-card base-search-card--link job-search-card\" data-entity-urn=\"urn:li:jobPosting:3656319327\" data-impression-id=\"jobs-search-desktop-14\" data-reference-id=\"Yg9T2mr\/GOX+8MleSRsTUQ==\" data-tracking-id=\"l\/xi\/wxViKo68MrLNavEYQ==\" data-column=\"1\" data-row=\"15\">\n<p>        <a class=\"base-card__full-link absolute top-0 right-0 bottom-0 left-0 p-0 z-[2]\" href=\"https:\/\/br.linkedin.com\/jobs\/view\/auxiliar-de-logistica-repositor-at-idealize-gest%C3%A3o-de-pessoas-3656319327?position=15&amp;pageNum=0&amp;refId=Yg9T2mr%2FGOX%2B8MleSRsTUQ%3D%3D&amp;trackingId=l%2Fxi%2FwxViKo68MrLNavEYQ%3D%3D&amp;trk=public_jobs_jserp-result_search-card\" data-tracking-control-name=\"public_jobs_jserp-result_search-card\" data-tracking-client-ingraph data-tracking-will-navigate><\/p>\n<p>          <span class=\"sr-only\"><\/p>\n<p>        Auxiliar de Logistica &#8211; Repositor<\/p>\n<p>          <\/span><br \/>\n        <\/a><\/p>\n<div class=\"search-entity-media\">\n<p>      <img class=\"artdeco-entity-image artdeco-entity-image--square-4\n          \" data-delayed-url=\"https:\/\/media.licdn.com\/dms\/image\/C4D0BAQH8J0kvWEJOnQ\/company-logo_100_100\/0\/1630563637160?e=2147483647&amp;v=beta&amp;t=6XBVGMJrVg7Ca5iYW6hOW3yUxV1ysyNPNDAIoAggOl8\" data-ghost-classes=\"artdeco-entity-image--ghost\" data-ghost-url=\"https:\/\/static.licdn.com\/aero-v1\/sc\/h\/9a9u41thxt325ucfh5z8ga4m8\" alt><\/p><\/div>\n<div class=\"base-search-card__info\">\n<h3 class=\"base-search-card__title\">\n<p>        Auxiliar de Logistica &#8211; Repositor<\/p>\n<\/h3>\n<h4 class=\"base-search-card__subtitle\">\n<p>          <a class=\"hidden-nested-link\" data-tracking-client-ingraph data-tracking-control-name=\"public_jobs_jserp-result_job-search-card-subtitle\" data-tracking-will-navigate href=\"https:\/\/br.linkedin.com\/company\/idealize-gest%C3%A3o-de-pessoas?trk=public_jobs_jserp-result_job-search-card-subtitle\"><br \/>\n            Idealize Gest\u00e3o de Pessoas<br \/>\n          <\/a><\/p>\n<\/h4>\n<p><!----><\/p>\n<div class=\"base-search-card__metadata\">\n<p>          <span class=\"job-search-card__location\"><br \/>\n            Ribeir\u00e3o Preto, S\u00e3o Paulo, Brazil<br \/>\n          <\/span><\/p>\n<p><!---->  <\/p>\n<p>          <time class=\"job-search-card__listdate\" datetime=\"2023-07-11\"><\/p>\n<p>      9 months ago<\/p>\n<p>          <\/time><\/p>\n<p><!---->\n            <\/div>\n<\/p><\/div>\n<p><!---->      <\/p><\/div>\n<\/li>\n<li>\n<div class=\"base-card relative w-full hover:no-underline focus:no-underline base-card--link base-search-card base-search-card--link job-search-card\" data-entity-urn=\"urn:li:jobPosting:3772672113\" data-impression-id=\"jobs-search-desktop-15\" data-reference-id=\"Yg9T2mr\/GOX+8MleSRsTUQ==\" data-tracking-id=\"4Ml+M6YCqeKPBTLf3SfuHg==\" data-column=\"1\" data-row=\"16\">\n<p>        <a class=\"base-card__full-link absolute top-0 right-0 bottom-0 left-0 p-0 z-[2]\" href=\"https:\/\/br.linkedin.com\/jobs\/view\/auxiliar-de-dep%C3%B3sito-banco-de-talentos-at-riberfoods-3772672113?position=16&amp;pageNum=0&amp;refId=Yg9T2mr%2FGOX%2B8MleSRsTUQ%3D%3D&amp;trackingId=4Ml%2BM6YCqeKPBTLf3SfuHg%3D%3D&amp;trk=public_jobs_jserp-result_search-card\" data-tracking-control-name=\"public_jobs_jserp-result_search-card\" data-tracking-client-ingraph data-tracking-will-navigate><\/p>\n<p>          <span class=\"sr-only\"><\/p>\n<p>        AUXILIAR DE DEP\u00d3SITO &#8211; BANCO DE TALENTOS<\/p>\n<p>          <\/span><br \/>\n        <\/a><\/p>\n<div class=\"search-entity-media\">\n<p>      <img class=\"artdeco-entity-image artdeco-entity-image--square-4\n          \" data-delayed-url=\"https:\/\/media.licdn.com\/dms\/image\/C4E0BAQHexJh_WQV6aw\/company-logo_100_100\/0\/1630570276433\/riberdoces_logo?e=2147483647&amp;v=beta&amp;t=oqqp7NO-nR9YYnD3E2iXHCpk7XIsIlC4k2hvlmO_8M0\" data-ghost-classes=\"artdeco-entity-image--ghost\" data-ghost-url=\"https:\/\/static.licdn.com\/aero-v1\/sc\/h\/9a9u41thxt325ucfh5z8ga4m8\" alt><\/p><\/div>\n<div class=\"base-search-card__info\">\n<h3 class=\"base-search-card__title\">\n<p>        AUXILIAR DE DEP\u00d3SITO &#8211; BANCO DE TALENTOS<\/p>\n<\/h3>\n<h4 class=\"base-search-card__subtitle\">\n<p>          <a class=\"hidden-nested-link\" data-tracking-client-ingraph data-tracking-control-name=\"public_jobs_jserp-result_job-search-card-subtitle\" data-tracking-will-navigate href=\"https:\/\/br.linkedin.com\/company\/riberfoods?trk=public_jobs_jserp-result_job-search-card-subtitle\"><br \/>\n            Riberfoods<br \/>\n          <\/a><\/p>\n<\/h4>\n<p><!----><\/p>\n<div class=\"base-search-card__metadata\">\n<p>          <span class=\"job-search-card__location\"><br \/>\n            Ribeir\u00e3o Preto, S\u00e3o Paulo, Brazil<br \/>\n          <\/span><\/p>\n<div class=\"job-posting-benefits text-sm\">\n        <icon class=\"job-posting-benefits__icon\" data-delayed-url=\"https:\/\/static.licdn.com\/aero-v1\/sc\/h\/8zmuwb93gzlb935fk4ao4z779\" data-svg-class-name=\"job-posting-benefits__icon-svg\"><\/icon><br \/>\n        <span class=\"job-posting-benefits__text\"><br \/>\n          Be an early applicant<br \/>\n<!---->        <\/span>\n      <\/div>\n<p>          <time class=\"job-search-card__listdate\" datetime=\"2023-11-03\"><\/p>\n<p>      5 months ago<\/p>\n<p>          <\/time><\/p>\n<p><!---->\n            <\/div>\n<\/p><\/div>\n<p><!---->      <\/p><\/div>\n<\/li>\n<li>\n<div class=\"base-card relative w-full hover:no-underline focus:no-underline base-card--link base-search-card base-search-card--link job-search-card\" data-entity-urn=\"urn:li:jobPosting:3898411169\" data-impression-id=\"jobs-search-desktop-16\" data-reference-id=\"Yg9T2mr\/GOX+8MleSRsTUQ==\" data-tracking-id=\"EpeZT52FxkKZP0XbUFNorg==\" data-column=\"1\" data-row=\"17\">\n<p>        <a class=\"base-card__full-link absolute top-0 right-0 bottom-0 left-0 p-0 z-[2]\" href=\"https:\/\/br.linkedin.com\/jobs\/view\/auxiliar-de-log%C3%ADstica-at-ebeg-3898411169?position=17&amp;pageNum=0&amp;refId=Yg9T2mr%2FGOX%2B8MleSRsTUQ%3D%3D&amp;trackingId=EpeZT52FxkKZP0XbUFNorg%3D%3D&amp;trk=public_jobs_jserp-result_search-card\" data-tracking-control-name=\"public_jobs_jserp-result_search-card\" data-tracking-client-ingraph data-tracking-will-navigate><\/p>\n<p>          <span class=\"sr-only\"><\/p>\n<p>        AUXILIAR DE LOG\u00cdSTICA<\/p>\n<p>          <\/span><br \/>\n        <\/a><\/p>\n<div class=\"search-entity-media\">\n<p>      <img class=\"artdeco-entity-image artdeco-entity-image--square-4\n          \" data-delayed-url=\"https:\/\/media.licdn.com\/dms\/image\/D4D0BAQF_FMfzXjjltQ\/company-logo_100_100\/0\/1698852476805\/ebeg_logo?e=2147483647&amp;v=beta&amp;t=DdZGniMgfDXLZe7hfZxOkx8dh_GmfjqeTze4X5TY_gI\" data-ghost-classes=\"artdeco-entity-image--ghost\" data-ghost-url=\"https:\/\/static.licdn.com\/aero-v1\/sc\/h\/9a9u41thxt325ucfh5z8ga4m8\" alt><\/p><\/div>\n<div class=\"base-search-card__info\">\n<h3 class=\"base-search-card__title\">\n<p>        AUXILIAR DE LOG\u00cdSTICA<\/p>\n<\/h3>\n<h4 class=\"base-search-card__subtitle\">\n<p>          <a class=\"hidden-nested-link\" data-tracking-client-ingraph data-tracking-control-name=\"public_jobs_jserp-result_job-search-card-subtitle\" data-tracking-will-navigate href=\"https:\/\/www.linkedin.com\/company\/ebeg?trk=public_jobs_jserp-result_job-search-card-subtitle\"><br \/>\n            EBEG<br \/>\n          <\/a><\/p>\n<\/h4>\n<p><!----><\/p>\n<div class=\"base-search-card__metadata\">\n<p>          <span class=\"job-search-card__location\"><br \/>\n            Ribeir\u00e3o Preto, S\u00e3o Paulo, Brazil<br \/>\n          <\/span><\/p>\n<div class=\"job-posting-benefits text-sm\">\n        <icon class=\"job-posting-benefits__icon\" data-delayed-url=\"https:\/\/static.licdn.com\/aero-v1\/sc\/h\/8zmuwb93gzlb935fk4ao4z779\" data-svg-class-name=\"job-posting-benefits__icon-svg\"><\/icon><br \/>\n        <span class=\"job-posting-benefits__text\"><br \/>\n          Be an early applicant<br \/>\n<!---->        <\/span>\n      <\/div>\n<p>          <time class=\"job-search-card__listdate\" datetime=\"2024-04-13\"><\/p>\n<p>      1 week ago<\/p>\n<p>          <\/time><\/p>\n<p><!---->\n            <\/div>\n<\/p><\/div>\n<p><!---->      <\/p><\/div>\n<\/li>\n<li>\n<div class=\"base-card relative w-full hover:no-underline focus:no-underline base-card--link base-search-card base-search-card--link job-search-card\" data-entity-urn=\"urn:li:jobPosting:3808027130\" data-impression-id=\"jobs-search-desktop-17\" data-reference-id=\"Yg9T2mr\/GOX+8MleSRsTUQ==\" data-tracking-id=\"KNci+Jl3Cs+EgRnTKeCPVA==\" data-column=\"1\" data-row=\"18\">\n<p>        <a class=\"base-card__full-link absolute top-0 right-0 bottom-0 left-0 p-0 z-[2]\" href=\"https:\/\/br.linkedin.com\/jobs\/view\/auxiliar-operacional-de-log%C3%ADstica-at-amerinode-3808027130?position=18&amp;pageNum=0&amp;refId=Yg9T2mr%2FGOX%2B8MleSRsTUQ%3D%3D&amp;trackingId=KNci%2BJl3Cs%2BEgRnTKeCPVA%3D%3D&amp;trk=public_jobs_jserp-result_search-card\" data-tracking-control-name=\"public_jobs_jserp-result_search-card\" data-tracking-client-ingraph data-tracking-will-navigate><\/p>\n<p>          <span class=\"sr-only\"><\/p>\n<p>        Auxiliar operacional de log\u00edstica<\/p>\n<p>          <\/span><br \/>\n        <\/a><\/p>\n<div class=\"search-entity-media\">\n<p>      <img class=\"artdeco-entity-image artdeco-entity-image--square-4\n          \" data-delayed-url=\"https:\/\/media.licdn.com\/dms\/image\/C4D0BAQETz0KhyT0Egg\/company-logo_100_100\/0\/1630498148634\/amerinode_logo?e=2147483647&amp;v=beta&amp;t=9uqulotj5gPPJVYMMJGLL5WoCVvIVYU0uaFNjDtAAT0\" data-ghost-classes=\"artdeco-entity-image--ghost\" data-ghost-url=\"https:\/\/static.licdn.com\/aero-v1\/sc\/h\/9a9u41thxt325ucfh5z8ga4m8\" alt><\/p><\/div>\n<div class=\"base-search-card__info\">\n<h3 class=\"base-search-card__title\">\n<p>        Auxiliar operacional de log\u00edstica<\/p>\n<\/h3>\n<h4 class=\"base-search-card__subtitle\">\n<p>          <a class=\"hidden-nested-link\" data-tracking-client-ingraph data-tracking-control-name=\"public_jobs_jserp-result_job-search-card-subtitle\" data-tracking-will-navigate href=\"https:\/\/br.linkedin.com\/company\/amerinode?trk=public_jobs_jserp-result_job-search-card-subtitle\"><br \/>\n            Amerinode<br \/>\n          <\/a><\/p>\n<\/h4>\n<p><!----><\/p>\n<div class=\"base-search-card__metadata\">\n<p>          <span class=\"job-search-card__location\"><br \/>\n            Greater Ribeir\u00e3o Preto<br \/>\n          <\/span><\/p>\n<p><!---->  <\/p>\n<p>          <time class=\"job-search-card__listdate\" datetime=\"2024-01-22\"><\/p>\n<p>      3 months ago<\/p>\n<p>          <\/time><\/p>\n<p><!---->\n            <\/div>\n<\/p><\/div>\n<p><!---->      <\/p><\/div>\n<\/li>\n<li>\n<div class=\"base-card relative w-full hover:no-underline focus:no-underline base-card--link base-search-card base-search-card--link job-search-card\" data-entity-urn=\"urn:li:jobPosting:3902845751\" data-impression-id=\"jobs-search-desktop-18\" data-reference-id=\"Yg9T2mr\/GOX+8MleSRsTUQ==\" data-tracking-id=\"gosThikAMoaWGTiHCcfsBg==\" data-column=\"1\" data-row=\"19\">\n<p>        <a class=\"base-card__full-link absolute top-0 right-0 bottom-0 left-0 p-0 z-[2]\" href=\"https:\/\/br.linkedin.com\/jobs\/view\/auxiliar-de-dep%C3%B3sito-turno-17h30-centro-de-distribui%C3%A7%C3%A3o-at-riberfoods-3902845751?position=19&amp;pageNum=0&amp;refId=Yg9T2mr%2FGOX%2B8MleSRsTUQ%3D%3D&amp;trackingId=gosThikAMoaWGTiHCcfsBg%3D%3D&amp;trk=public_jobs_jserp-result_search-card\" data-tracking-control-name=\"public_jobs_jserp-result_search-card\" data-tracking-client-ingraph data-tracking-will-navigate><\/p>\n<p>          <span class=\"sr-only\"><\/p>\n<p>        AUXILIAR DE DEP\u00d3SITO (Turno 17h30) &#8211; CENTRO DE DISTRIBUI\u00c7\u00c3O<\/p>\n<p>          <\/span><br \/>\n        <\/a><\/p>\n<div class=\"search-entity-media\">\n<p>      <img class=\"artdeco-entity-image artdeco-entity-image--square-4\n          \" data-delayed-url=\"https:\/\/media.licdn.com\/dms\/image\/C4E0BAQHexJh_WQV6aw\/company-logo_100_100\/0\/1630570276433\/riberdoces_logo?e=2147483647&amp;v=beta&amp;t=oqqp7NO-nR9YYnD3E2iXHCpk7XIsIlC4k2hvlmO_8M0\" data-ghost-classes=\"artdeco-entity-image--ghost\" data-ghost-url=\"https:\/\/static.licdn.com\/aero-v1\/sc\/h\/9a9u41thxt325ucfh5z8ga4m8\" alt><\/p><\/div>\n<div class=\"base-search-card__info\">\n<h3 class=\"base-search-card__title\">\n<p>        AUXILIAR DE DEP\u00d3SITO (Turno 17h30) &#8211; CENTRO DE DISTRIBUI\u00c7\u00c3O<\/p>\n<\/h3>\n<h4 class=\"base-search-card__subtitle\">\n<p>          <a class=\"hidden-nested-link\" data-tracking-client-ingraph data-tracking-control-name=\"public_jobs_jserp-result_job-search-card-subtitle\" data-tracking-will-navigate href=\"https:\/\/br.linkedin.com\/company\/riberfoods?trk=public_jobs_jserp-result_job-search-card-subtitle\"><br \/>\n            Riberfoods<br \/>\n          <\/a><\/p>\n<\/h4>\n<p><!----><\/p>\n<div class=\"base-search-card__metadata\">\n<p>          <span class=\"job-search-card__location\"><br \/>\n            Ribeir\u00e3o Preto, S\u00e3o Paulo, Brazil<br \/>\n          <\/span><\/p>\n<p><!---->  <\/p>\n<p>          <time class=\"job-search-card__listdate\" datetime=\"2024-04-19\"><\/p>\n<p>      4 days ago<\/p>\n<p>          <\/time><\/p>\n<p><!---->\n            <\/div>\n<\/p><\/div>\n<p><!---->      <\/p><\/div>\n<\/li>\n<li>\n<div class=\"base-card relative w-full hover:no-underline focus:no-underline base-card--link base-search-card base-search-card--link job-search-card\" data-entity-urn=\"urn:li:jobPosting:3901257306\" data-impression-id=\"jobs-search-desktop-19\" data-reference-id=\"Yg9T2mr\/GOX+8MleSRsTUQ==\" data-tracking-id=\"V7kcKYlUzRExKxBFTQ2YOQ==\" data-column=\"1\" data-row=\"20\">\n<p>        <a class=\"base-card__full-link absolute top-0 right-0 bottom-0 left-0 p-0 z-[2]\" href=\"https:\/\/br.linkedin.com\/jobs\/view\/assistente-iii-gente-e-gest%C3%A3o-toca-do-urso-at-ambev-3901257306?position=20&amp;pageNum=0&amp;refId=Yg9T2mr%2FGOX%2B8MleSRsTUQ%3D%3D&amp;trackingId=V7kcKYlUzRExKxBFTQ2YOQ%3D%3D&amp;trk=public_jobs_jserp-result_search-card\" data-tracking-control-name=\"public_jobs_jserp-result_search-card\" data-tracking-client-ingraph data-tracking-will-navigate><\/p>\n<p>          <span class=\"sr-only\"><\/p>\n<p>        Assistente III (Gente e Gest\u00e3o &#8211; Toca do Urso)<\/p>\n<p>          <\/span><br \/>\n        <\/a><\/p>\n<div class=\"search-entity-media\">\n<p>      <img class=\"artdeco-entity-image artdeco-entity-image--square-4\n          \" data-delayed-url=\"https:\/\/media.licdn.com\/dms\/image\/D560BAQHjuqzBd5qPnA\/company-logo_100_100\/0\/1709750536547?e=2147483647&amp;v=beta&amp;t=LasrQKznN1ZIzqbgSfuy8b3APuntvditmLyAYfsWauY\" data-ghost-classes=\"artdeco-entity-image--ghost\" data-ghost-url=\"https:\/\/static.licdn.com\/aero-v1\/sc\/h\/9a9u41thxt325ucfh5z8ga4m8\" alt><\/p><\/div>\n<div class=\"base-search-card__info\">\n<h3 class=\"base-search-card__title\">\n<p>        Assistente III (Gente e Gest\u00e3o &#8211; Toca do Urso)<\/p>\n<\/h3>\n<h4 class=\"base-search-card__subtitle\">\n<p>          <a class=\"hidden-nested-link\" data-tracking-client-ingraph data-tracking-control-name=\"public_jobs_jserp-result_job-search-card-subtitle\" data-tracking-will-navigate href=\"https:\/\/br.linkedin.com\/company\/ambev?trk=public_jobs_jserp-result_job-search-card-subtitle\"><br \/>\n            Ambev<br \/>\n          <\/a><\/p>\n<\/h4>\n<p><!----><\/p>\n<div class=\"base-search-card__metadata\">\n<p>          <span class=\"job-search-card__location\"><br \/>\n            Ribeir\u00e3o Preto, S\u00e3o Paulo, Brazil<br \/>\n          <\/span><\/p>\n<div class=\"job-posting-benefits text-sm\">\n        <icon class=\"job-posting-benefits__icon\" data-delayed-url=\"https:\/\/static.licdn.com\/aero-v1\/sc\/h\/3p1v0uhy7uq0cm5zdvzp4eo18\" data-svg-class-name=\"job-posting-benefits__icon-svg\"><\/icon><br \/>\n        <span class=\"job-posting-benefits__text\"><br \/>\n          Actively Hiring<br \/>\n<!---->        <\/span>\n      <\/div>\n<p>          <time class=\"job-search-card__listdate\" datetime=\"2024-04-15\"><\/p>\n<p>      1 week ago<\/p>\n<p>          <\/time><\/p>\n<p><!---->\n            <\/div>\n<\/p><\/div>\n<p><!---->      <\/p><\/div>\n<\/li>\n<li>\n<div class=\"base-card relative w-full hover:no-underline focus:no-underline base-card--link base-search-card base-search-card--link job-search-card\" data-entity-urn=\"urn:li:jobPosting:3896668034\" data-impression-id=\"jobs-search-desktop-20\" data-reference-id=\"Yg9T2mr\/GOX+8MleSRsTUQ==\" data-tracking-id=\"38uP8tWfKEBFUlCp2SmWjw==\" data-column=\"1\" data-row=\"21\">\n<p>        <a class=\"base-card__full-link absolute top-0 right-0 bottom-0 left-0 p-0 z-[2]\" href=\"https:\/\/br.linkedin.com\/jobs\/view\/auxiliar-administrativo-de-transportes-at-jlog-transportes-3896668034?position=21&amp;pageNum=0&amp;refId=Yg9T2mr%2FGOX%2B8MleSRsTUQ%3D%3D&amp;trackingId=38uP8tWfKEBFUlCp2SmWjw%3D%3D&amp;trk=public_jobs_jserp-result_search-card\" data-tracking-control-name=\"public_jobs_jserp-result_search-card\" data-tracking-client-ingraph data-tracking-will-navigate><\/p>\n<p>          <span class=\"sr-only\"><\/p>\n<p>        Auxiliar Administrativo de Transportes<\/p>\n<p>          <\/span><br \/>\n        <\/a><\/p>\n<div class=\"search-entity-media\">\n<p>      <img class=\"artdeco-entity-image artdeco-entity-image--square-4\n          \" data-delayed-url=\"https:\/\/media.licdn.com\/dms\/image\/D4D0BAQHP43qf1_I4tA\/company-logo_100_100\/0\/1688392533319\/j_log_transportes_logo?e=2147483647&amp;v=beta&amp;t=XNjcjtrfJ5tKFdAERGvb2Qaa6BJZ9Rhf-b8SDhPLrC4\" data-ghost-classes=\"artdeco-entity-image--ghost\" data-ghost-url=\"https:\/\/static.licdn.com\/aero-v1\/sc\/h\/9a9u41thxt325ucfh5z8ga4m8\" alt><\/p><\/div>\n<div class=\"base-search-card__info\">\n<h3 class=\"base-search-card__title\">\n<p>        Auxiliar Administrativo de Transportes<\/p>\n<\/h3>\n<h4 class=\"base-search-card__subtitle\">\n<p>          <a class=\"hidden-nested-link\" data-tracking-client-ingraph data-tracking-control-name=\"public_jobs_jserp-result_job-search-card-subtitle\" data-tracking-will-navigate href=\"https:\/\/br.linkedin.com\/company\/j-log-transportes?trk=public_jobs_jserp-result_job-search-card-subtitle\"><br \/>\n            JLOG Transportes<br \/>\n          <\/a><\/p>\n<\/h4>\n<p><!----><\/p>\n<div class=\"base-search-card__metadata\">\n<p>          <span class=\"job-search-card__location\"><br \/>\n            Ribeir\u00e3o Preto, S\u00e3o Paulo, Brazil<br \/>\n          <\/span><\/p>\n<div class=\"job-posting-benefits text-sm\">\n        <icon class=\"job-posting-benefits__icon\" data-delayed-url=\"https:\/\/static.licdn.com\/aero-v1\/sc\/h\/8zmuwb93gzlb935fk4ao4z779\" data-svg-class-name=\"job-posting-benefits__icon-svg\"><\/icon><br \/>\n        <span class=\"job-posting-benefits__text\"><br \/>\n          Be an early applicant<br \/>\n<!---->        <\/span>\n      <\/div>\n<p>          <time class=\"job-search-card__listdate\" datetime=\"2024-04-12\"><\/p>\n<p>      1 week ago<\/p>\n<p>          <\/time><\/p>\n<p><!---->\n            <\/div>\n<\/p><\/div>\n<p><!---->      <\/p><\/div>\n<\/li>\n<li>\n<div class=\"base-card relative w-full hover:no-underline focus:no-underline base-card--link base-search-card base-search-card--link job-search-card\" data-entity-urn=\"urn:li:jobPosting:3824186995\" data-impression-id=\"jobs-search-desktop-21\" data-reference-id=\"Yg9T2mr\/GOX+8MleSRsTUQ==\" data-tracking-id=\"bk1vaCdKr8+Q0xpuHvNcAQ==\" data-column=\"1\" data-row=\"22\">\n<p>        <a class=\"base-card__full-link absolute top-0 right-0 bottom-0 left-0 p-0 z-[2]\" href=\"https:\/\/br.linkedin.com\/jobs\/view\/auxiliar-de-transportes-at-patrus-transportes-3824186995?position=22&amp;pageNum=0&amp;refId=Yg9T2mr%2FGOX%2B8MleSRsTUQ%3D%3D&amp;trackingId=bk1vaCdKr8%2BQ0xpuHvNcAQ%3D%3D&amp;trk=public_jobs_jserp-result_search-card\" data-tracking-control-name=\"public_jobs_jserp-result_search-card\" data-tracking-client-ingraph data-tracking-will-navigate><\/p>\n<p>          <span class=\"sr-only\"><\/p>\n<p>        Auxiliar de Transportes<\/p>\n<p>          <\/span><br \/>\n        <\/a><\/p>\n<div class=\"search-entity-media\">\n<p>      <img class=\"artdeco-entity-image artdeco-entity-image--square-4\n          \" data-delayed-url=\"https:\/\/media.licdn.com\/dms\/image\/C4D0BAQEhbiByXKNmYw\/company-logo_100_100\/0\/1672687663042\/patrus_transportes_logo?e=2147483647&amp;v=beta&amp;t=tK-mv_jA89ohAL4PnuOv5YmzzGnZ6YV7JT3Qescey7Y\" data-ghost-classes=\"artdeco-entity-image--ghost\" data-ghost-url=\"https:\/\/static.licdn.com\/aero-v1\/sc\/h\/9a9u41thxt325ucfh5z8ga4m8\" alt><\/p><\/div>\n<div class=\"base-search-card__info\">\n<h3 class=\"base-search-card__title\">\n<p>        Auxiliar de Transportes<\/p>\n<\/h3>\n<h4 class=\"base-search-card__subtitle\">\n<p>          <a class=\"hidden-nested-link\" data-tracking-client-ingraph data-tracking-control-name=\"public_jobs_jserp-result_job-search-card-subtitle\" data-tracking-will-navigate href=\"https:\/\/br.linkedin.com\/company\/patrus-transportes?trk=public_jobs_jserp-result_job-search-card-subtitle\"><br \/>\n            Patrus Transportes<br \/>\n          <\/a><\/p>\n<\/h4>\n<p><!----><\/p>\n<div class=\"base-search-card__metadata\">\n<p>          <span class=\"job-search-card__location\"><br \/>\n            Ribeir\u00e3o Preto, S\u00e3o Paulo, Brazil<br \/>\n          <\/span><\/p>\n<div class=\"job-posting-benefits text-sm\">\n        <icon class=\"job-posting-benefits__icon\" data-delayed-url=\"https:\/\/static.licdn.com\/aero-v1\/sc\/h\/3p1v0uhy7uq0cm5zdvzp4eo18\" data-svg-class-name=\"job-posting-benefits__icon-svg\"><\/icon><br \/>\n        <span class=\"job-posting-benefits__text\"><br \/>\n          Actively Hiring<br \/>\n<!---->        <\/span>\n      <\/div>\n<p>          <time class=\"job-search-card__listdate\" datetime=\"2024-01-13\"><\/p>\n<p>      3 months ago<\/p>\n<p>          <\/time><\/p>\n<p><!---->\n            <\/div>\n<\/p><\/div>\n<p><!---->      <\/p><\/div>\n<\/li>\n<li>\n<div class=\"base-card relative w-full hover:no-underline focus:no-underline base-card--link base-search-card base-search-card--link job-search-card\" data-entity-urn=\"urn:li:jobPosting:3888364971\" data-impression-id=\"jobs-search-desktop-22\" data-reference-id=\"Yg9T2mr\/GOX+8MleSRsTUQ==\" data-tracking-id=\"l\/iDYp1VH53R0qdYmzxADw==\" data-column=\"1\" data-row=\"23\">\n<p>        <a class=\"base-card__full-link absolute top-0 right-0 bottom-0 left-0 p-0 z-[2]\" href=\"https:\/\/br.linkedin.com\/jobs\/view\/auxiliar-de-armaz%C3%A9m-at-exclusiva-rh-3888364971?position=23&amp;pageNum=0&amp;refId=Yg9T2mr%2FGOX%2B8MleSRsTUQ%3D%3D&amp;trackingId=l%2FiDYp1VH53R0qdYmzxADw%3D%3D&amp;trk=public_jobs_jserp-result_search-card\" data-tracking-control-name=\"public_jobs_jserp-result_search-card\" data-tracking-client-ingraph data-tracking-will-navigate><\/p>\n<p>          <span class=\"sr-only\"><\/p>\n<p>        Auxiliar de Armaz\u00e9m<\/p>\n<p>          <\/span><br \/>\n        <\/a><\/p>\n<div class=\"search-entity-media\">\n<p>      <img class=\"artdeco-entity-image artdeco-entity-image--square-4\n          \" data-delayed-url=\"https:\/\/media.licdn.com\/dms\/image\/C4D0BAQGke8nnpATU_Q\/company-logo_100_100\/0\/1649444311007?e=2147483647&amp;v=beta&amp;t=54RUK4D1goXPfXcJQ8knbIo0W_zTrxS8vHWogPwbx0I\" data-ghost-classes=\"artdeco-entity-image--ghost\" data-ghost-url=\"https:\/\/static.licdn.com\/aero-v1\/sc\/h\/9a9u41thxt325ucfh5z8ga4m8\" alt><\/p><\/div>\n<div class=\"base-search-card__info\">\n<h3 class=\"base-search-card__title\">\n<p>        Auxiliar de Armaz\u00e9m<\/p>\n<\/h3>\n<h4 class=\"base-search-card__subtitle\">\n<p>          <a class=\"hidden-nested-link\" data-tracking-client-ingraph data-tracking-control-name=\"public_jobs_jserp-result_job-search-card-subtitle\" data-tracking-will-navigate href=\"https:\/\/br.linkedin.com\/company\/exclusiva-rh?trk=public_jobs_jserp-result_job-search-card-subtitle\"><br \/>\n            Exclusiva RH<br \/>\n          <\/a><\/p>\n<\/h4>\n<p><!----><\/p>\n<div class=\"base-search-card__metadata\">\n<p>          <span class=\"job-search-card__location\"><br \/>\n            Greater Ribeir\u00e3o Preto<br \/>\n          <\/span><\/p>\n<div class=\"job-posting-benefits text-sm\">\n        <icon class=\"job-posting-benefits__icon\" data-delayed-url=\"https:\/\/static.licdn.com\/aero-v1\/sc\/h\/8zmuwb93gzlb935fk4ao4z779\" data-svg-class-name=\"job-posting-benefits__icon-svg\"><\/icon><br \/>\n        <span class=\"job-posting-benefits__text\"><br \/>\n          Be an early applicant<br \/>\n<!---->        <\/span>\n      <\/div>\n<p>          <time class=\"job-search-card__listdate\" datetime=\"2024-04-08\"><\/p>\n<p>      2 weeks ago<\/p>\n<p>          <\/time><\/p>\n<p><!---->\n            <\/div>\n<\/p><\/div>\n<p><!---->      <\/p><\/div>\n<\/li>\n<li>\n<p>      <a href=\"https:\/\/br.linkedin.com\/jobs\/view\/estoquista-estoquista-3885470143?position=24&amp;pageNum=0&amp;refId=Yg9T2mr%2FGOX%2B8MleSRsTUQ%3D%3D&amp;trackingId=pgzaY9EmEyikvc9su1kJfQ%3D%3D&amp;trk=public_jobs_jserp-result_search-card\" target=\"_self\" data-impression-id=\"jobs-search-desktop-23\" data-tracking-control-name=\"public_jobs_jserp-result_search-card\" data-tracking-will-navigate class=\"base-card relative w-full hover:no-underline focus:no-underline base-card--link base-search-card base-search-card--link job-search-card\" data-tracking-client-ingraph data-entity-urn=\"urn:li:jobPosting:3885470143\" data-reference-id=\"Yg9T2mr\/GOX+8MleSRsTUQ==\" data-tracking-id=\"pgzaY9EmEyikvc9su1kJfQ==\" data-column=\"1\" data-row=\"24\" rel=\"noopener\"><\/p>\n<p><!----><\/p>\n<div class=\"search-entity-media\">\n<p>      <img class=\"artdeco-entity-image artdeco-entity-image--square-4\n          artdeco-entity-image--ghost\" data-delayed-url=\"https:\/\/static.licdn.com\/aero-v1\/sc\/h\/9a9u41thxt325ucfh5z8ga4m8\" data-ghost-classes=\"artdeco-entity-image--ghost\" data-ghost-url=\"https:\/\/static.licdn.com\/aero-v1\/sc\/h\/9a9u41thxt325ucfh5z8ga4m8\" alt><\/p><\/div>\n<div class=\"base-search-card__info\">\n<h3 class=\"base-search-card__title\">\n<p>        Estoquista &#8211; Estoquista<\/p>\n<\/h3>\n<h4 class=\"base-search-card__subtitle\">\n<p>          COLISEU HOME STORE LTDA<\/p>\n<\/h4>\n<p><!----><\/p>\n<div class=\"base-search-card__metadata\">\n<p>          <span class=\"job-search-card__location\"><br \/>\n            Ribeir\u00e3o Preto, S\u00e3o Paulo, Brazil<br \/>\n          <\/span><\/p>\n<div class=\"job-posting-benefits text-sm\">\n        <icon class=\"job-posting-benefits__icon\" data-delayed-url=\"https:\/\/static.licdn.com\/aero-v1\/sc\/h\/8zmuwb93gzlb935fk4ao4z779\" data-svg-class-name=\"job-posting-benefits__icon-svg\"><\/icon><br \/>\n        <span class=\"job-posting-benefits__text\"><br \/>\n          Be an early applicant<br \/>\n<!---->        <\/span>\n      <\/div>\n<p>          <time class=\"job-search-card__listdate\" datetime=\"2024-04-04\"><\/p>\n<p>      2 weeks ago<\/p>\n<p>          <\/time><\/p>\n<p><!---->\n            <\/div>\n<\/p><\/div>\n<p><!---->      <\/p>\n<p>      <\/a><\/p>\n<\/li>\n<li>\n<div class=\"base-card relative w-full hover:no-underline focus:no-underline base-card--link base-search-card base-search-card--link job-search-card\" data-entity-urn=\"urn:li:jobPosting:3882395342\" data-impression-id=\"jobs-search-desktop-24\" data-reference-id=\"Yg9T2mr\/GOX+8MleSRsTUQ==\" data-tracking-id=\"vMD0ni4l\/upYAUmb8mk9cw==\" data-column=\"1\" data-row=\"25\">\n<p>        <a class=\"base-card__full-link absolute top-0 right-0 bottom-0 left-0 p-0 z-[2]\" href=\"https:\/\/br.linkedin.com\/jobs\/view\/almoxarife-jr-at-apis-flora-industrial-e-comercial-ltda-3882395342?position=25&amp;pageNum=0&amp;refId=Yg9T2mr%2FGOX%2B8MleSRsTUQ%3D%3D&amp;trackingId=vMD0ni4l%2FupYAUmb8mk9cw%3D%3D&amp;trk=public_jobs_jserp-result_search-card\" data-tracking-control-name=\"public_jobs_jserp-result_search-card\" data-tracking-client-ingraph data-tracking-will-navigate><\/p>\n<p>          <span class=\"sr-only\"><\/p>\n<p>        Almoxarife Jr<\/p>\n<p>          <\/span><br \/>\n        <\/a><\/p>\n<div class=\"search-entity-media\">\n<p>      <img class=\"artdeco-entity-image artdeco-entity-image--square-4\n          \" data-delayed-url=\"https:\/\/media.licdn.com\/dms\/image\/D4D0BAQFT1_6dEbWu1A\/company-logo_100_100\/0\/1666751057195\/apis_flora_industrial_e_comercial_ltda__logo?e=2147483647&amp;v=beta&amp;t=-VCyuyLOgQ3pj89iJ-Z96lq9vtxVoyS2T505oi0gAT0\" data-ghost-classes=\"artdeco-entity-image--ghost\" data-ghost-url=\"https:\/\/static.licdn.com\/aero-v1\/sc\/h\/9a9u41thxt325ucfh5z8ga4m8\" alt><\/p><\/div>\n<div class=\"base-search-card__info\">\n<h3 class=\"base-search-card__title\">\n<p>        Almoxarife Jr<\/p>\n<\/h3>\n<h4 class=\"base-search-card__subtitle\">\n<p>          <a class=\"hidden-nested-link\" data-tracking-client-ingraph data-tracking-control-name=\"public_jobs_jserp-result_job-search-card-subtitle\" data-tracking-will-navigate href=\"https:\/\/br.linkedin.com\/company\/apisflora?trk=public_jobs_jserp-result_job-search-card-subtitle\"><br \/>\n            Apis Flora Industrial e Comercial Ltda.<br \/>\n          <\/a><\/p>\n<\/h4>\n<p><!----><\/p>\n<div class=\"base-search-card__metadata\">\n<p>          <span class=\"job-search-card__location\"><br \/>\n            Ribeir\u00e3o Preto, S\u00e3o Paulo, Brazil<br \/>\n          <\/span><\/p>\n<p><!---->  <\/p>\n<p>          <time class=\"job-search-card__listdate\" datetime=\"2024-04-04\"><\/p>\n<p>      2 weeks ago<\/p>\n<p>          <\/time><\/p>\n<p><!---->\n            <\/div>\n<\/p><\/div>\n<p><!---->      <\/p><\/div>\n<\/li>\n<li>\n<div class=\"base-card relative w-full hover:no-underline focus:no-underline base-card--link base-search-card base-search-card--link job-search-card\" data-entity-urn=\"urn:li:jobPosting:3903526448\" data-impression-id=\"jobs-search-desktop-25\" data-reference-id=\"Yg9T2mr\/GOX+8MleSRsTUQ==\" data-tracking-id=\"ShZvDjAFYfWF860bFiyn+w==\" data-column=\"1\" data-row=\"26\">\n<p>        <a class=\"base-card__full-link absolute top-0 right-0 bottom-0 left-0 p-0 z-[2]\" href=\"https:\/\/br.linkedin.com\/jobs\/view\/analista-de-log%C3%ADstica-transportes-at-ourofino-agroci%C3%AAncia-3903526448?position=26&amp;pageNum=0&amp;refId=Yg9T2mr%2FGOX%2B8MleSRsTUQ%3D%3D&amp;trackingId=ShZvDjAFYfWF860bFiyn%2Bw%3D%3D&amp;trk=public_jobs_jserp-result_search-card\" data-tracking-control-name=\"public_jobs_jserp-result_search-card\" data-tracking-client-ingraph data-tracking-will-navigate><\/p>\n<p>          <span class=\"sr-only\"><\/p>\n<p>        Analista de Log\u00edstica (Transportes)<\/p>\n<p>          <\/span><br \/>\n        <\/a><\/p>\n<div class=\"search-entity-media\">\n<p>      <img class=\"artdeco-entity-image artdeco-entity-image--square-4\n          \" data-delayed-url=\"https:\/\/media.licdn.com\/dms\/image\/D4D0BAQE92TuonefX-w\/company-logo_100_100\/0\/1702341521376\/ourofinoagrociencia_logo?e=2147483647&amp;v=beta&amp;t=Iao8HiNV_YwWiEQuo6SR_q-NMfZbG4vgtZOKKW2YE0s\" data-ghost-classes=\"artdeco-entity-image--ghost\" data-ghost-url=\"https:\/\/static.licdn.com\/aero-v1\/sc\/h\/9a9u41thxt325ucfh5z8ga4m8\" alt><\/p><\/div>\n<div class=\"base-search-card__info\">\n<h3 class=\"base-search-card__title\">\n<p>        Analista de Log\u00edstica (Transportes)<\/p>\n<\/h3>\n<h4 class=\"base-search-card__subtitle\">\n<p>          <a class=\"hidden-nested-link\" data-tracking-client-ingraph data-tracking-control-name=\"public_jobs_jserp-result_job-search-card-subtitle\" data-tracking-will-navigate href=\"https:\/\/br.linkedin.com\/company\/ourofinoagrociencia?trk=public_jobs_jserp-result_job-search-card-subtitle\"><br \/>\n            Ourofino Agroci\u00eancia<br \/>\n          <\/a><\/p>\n<\/h4>\n<p><!----><\/p>\n<div class=\"base-search-card__metadata\">\n<p>          <span class=\"job-search-card__location\"><br \/>\n            Ribeir\u00e3o Preto, S\u00e3o Paulo, Brazil<br \/>\n          <\/span><\/p>\n<p><!---->  <\/p>\n<p>          <time class=\"job-search-card__listdate\" datetime=\"2024-04-17\"><\/p>\n<p>      1 week ago<\/p>\n<p>          <\/time><\/p>\n<p><!---->\n            <\/div>\n<\/p><\/div>\n<p><!---->      <\/p><\/div>\n<\/li>\n<li>\n<div class=\"base-card relative w-full hover:no-underline focus:no-underline base-card--link base-search-card base-search-card--link job-search-card\" data-entity-urn=\"urn:li:jobPosting:3858589227\" data-impression-id=\"jobs-search-desktop-26\" data-reference-id=\"Yg9T2mr\/GOX+8MleSRsTUQ==\" data-tracking-id=\"DLSCRC1U4g\/PsIkgG6yKGg==\" data-column=\"1\" data-row=\"27\">\n<p>        <a class=\"base-card__full-link absolute top-0 right-0 bottom-0 left-0 p-0 z-[2]\" href=\"https:\/\/br.linkedin.com\/jobs\/view\/auxiliar-de-logistica-at-toli-distribuidora-3858589227?position=27&amp;pageNum=0&amp;refId=Yg9T2mr%2FGOX%2B8MleSRsTUQ%3D%3D&amp;trackingId=DLSCRC1U4g%2FPsIkgG6yKGg%3D%3D&amp;trk=public_jobs_jserp-result_search-card\" data-tracking-control-name=\"public_jobs_jserp-result_search-card\" data-tracking-client-ingraph data-tracking-will-navigate><\/p>\n<p>          <span class=\"sr-only\"><\/p>\n<p>        Auxiliar de logistica<\/p>\n<p>          <\/span><br \/>\n        <\/a><\/p>\n<div class=\"search-entity-media\">\n<p>      <img class=\"artdeco-entity-image artdeco-entity-image--square-4\n          \" data-delayed-url=\"https:\/\/media.licdn.com\/dms\/image\/D4D0BAQGQOhpc3CvR0Q\/company-logo_100_100\/0\/1696853281730\/toli_distribuidora_logo?e=2147483647&amp;v=beta&amp;t=r3O81OmQoGMf-sgKj4bJoQiffoCO-x16itJL5QKDI5k\" data-ghost-classes=\"artdeco-entity-image--ghost\" data-ghost-url=\"https:\/\/static.licdn.com\/aero-v1\/sc\/h\/9a9u41thxt325ucfh5z8ga4m8\" alt><\/p><\/div>\n<div class=\"base-search-card__info\">\n<h3 class=\"base-search-card__title\">\n<p>        Auxiliar de logistica<\/p>\n<\/h3>\n<h4 class=\"base-search-card__subtitle\">\n<p>          <a class=\"hidden-nested-link\" data-tracking-client-ingraph data-tracking-control-name=\"public_jobs_jserp-result_job-search-card-subtitle\" data-tracking-will-navigate href=\"https:\/\/br.linkedin.com\/company\/toli-distribuidora?trk=public_jobs_jserp-result_job-search-card-subtitle\"><br \/>\n            Toli Distribuidora<br \/>\n          <\/a><\/p>\n<\/h4>\n<p><!----><\/p>\n<div class=\"base-search-card__metadata\">\n<p>          <span class=\"job-search-card__location\"><br \/>\n            Greater Ribeir\u00e3o Preto<br \/>\n          <\/span><\/p>\n<div class=\"job-posting-benefits text-sm\">\n        <icon class=\"job-posting-benefits__icon\" data-delayed-url=\"https:\/\/static.licdn.com\/aero-v1\/sc\/h\/3p1v0uhy7uq0cm5zdvzp4eo18\" data-svg-class-name=\"job-posting-benefits__icon-svg\"><\/icon><br \/>\n        <span class=\"job-posting-benefits__text\"><br \/>\n          Actively Hiring<br \/>\n<!---->        <\/span>\n      <\/div>\n<p>          <time class=\"job-search-card__listdate\" datetime=\"2024-03-18\"><\/p>\n<p>      1 month ago<\/p>\n<p>          <\/time><\/p>\n<p><!---->\n            <\/div>\n<\/p><\/div>\n<p><!---->      <\/p><\/div>\n<\/li>\n<li>\n<p>      <a href=\"https:\/\/br.linkedin.com\/jobs\/view\/conferente-de-cargas-3890236131?position=28&amp;pageNum=0&amp;refId=Yg9T2mr%2FGOX%2B8MleSRsTUQ%3D%3D&amp;trackingId=d%2Fg0Ux0MFUJ9Qws6w8fk7Q%3D%3D&amp;trk=public_jobs_jserp-result_search-card\" target=\"_self\" data-impression-id=\"jobs-search-desktop-27\" data-tracking-control-name=\"public_jobs_jserp-result_search-card\" data-tracking-will-navigate class=\"base-card relative w-full hover:no-underline focus:no-underline base-card--link base-search-card base-search-card--link job-search-card\" data-tracking-client-ingraph data-entity-urn=\"urn:li:jobPosting:3890236131\" data-reference-id=\"Yg9T2mr\/GOX+8MleSRsTUQ==\" data-tracking-id=\"d\/g0Ux0MFUJ9Qws6w8fk7Q==\" data-column=\"1\" data-row=\"28\" rel=\"noopener\"><\/p>\n<p><!----><\/p>\n<div class=\"search-entity-media\">\n<p>      <img class=\"artdeco-entity-image artdeco-entity-image--square-4\n          artdeco-entity-image--ghost\" data-delayed-url=\"https:\/\/static.licdn.com\/aero-v1\/sc\/h\/9a9u41thxt325ucfh5z8ga4m8\" data-ghost-classes=\"artdeco-entity-image--ghost\" data-ghost-url=\"https:\/\/static.licdn.com\/aero-v1\/sc\/h\/9a9u41thxt325ucfh5z8ga4m8\" alt><\/p><\/div>\n<div class=\"base-search-card__info\">\n<h3 class=\"base-search-card__title\">\n<p>        Conferente de Cargas<\/p>\n<\/h3>\n<h4 class=\"base-search-card__subtitle\">\n<p>          ARSLAN BRASIL<\/p>\n<\/h4>\n<p><!----><\/p>\n<div class=\"base-search-card__metadata\">\n<p>          <span class=\"job-search-card__location\"><br \/>\n            Ribeir\u00e3o Preto, S\u00e3o Paulo, Brazil<br \/>\n          <\/span><\/p>\n<div class=\"job-posting-benefits text-sm\">\n        <icon class=\"job-posting-benefits__icon\" data-delayed-url=\"https:\/\/static.licdn.com\/aero-v1\/sc\/h\/8zmuwb93gzlb935fk4ao4z779\" data-svg-class-name=\"job-posting-benefits__icon-svg\"><\/icon><br \/>\n        <span class=\"job-posting-benefits__text\"><br \/>\n          Be an early applicant<br \/>\n<!---->        <\/span>\n      <\/div>\n<p>          <time class=\"job-search-card__listdate\" datetime=\"2024-04-09\"><\/p>\n<p>      2 weeks ago<\/p>\n<p>          <\/time><\/p>\n<p><!---->\n            <\/div>\n<\/p><\/div>\n<p><!---->      <\/p>\n<p>      <\/a><\/p>\n<\/li>\n<li>\n<p>      <a href=\"https:\/\/br.linkedin.com\/jobs\/view\/auxiliar-de-log%C3%ADstica-3883691579?position=29&amp;pageNum=0&amp;refId=Yg9T2mr%2FGOX%2B8MleSRsTUQ%3D%3D&amp;trackingId=3RJTkR12fzWQ%2FuF7PB0FXA%3D%3D&amp;trk=public_jobs_jserp-result_search-card\" target=\"_self\" data-impression-id=\"jobs-search-desktop-28\" data-tracking-control-name=\"public_jobs_jserp-result_search-card\" data-tracking-will-navigate class=\"base-card relative w-full hover:no-underline focus:no-underline base-card--link base-search-card base-search-card--link job-search-card\" data-tracking-client-ingraph data-entity-urn=\"urn:li:jobPosting:3883691579\" data-reference-id=\"Yg9T2mr\/GOX+8MleSRsTUQ==\" data-tracking-id=\"3RJTkR12fzWQ\/uF7PB0FXA==\" data-column=\"1\" data-row=\"29\" rel=\"noopener\"><\/p>\n<p><!----><\/p>\n<div class=\"search-entity-media\">\n<p>      <img class=\"artdeco-entity-image artdeco-entity-image--square-4\n          artdeco-entity-image--ghost\" data-delayed-url=\"https:\/\/static.licdn.com\/aero-v1\/sc\/h\/9a9u41thxt325ucfh5z8ga4m8\" data-ghost-classes=\"artdeco-entity-image--ghost\" data-ghost-url=\"https:\/\/static.licdn.com\/aero-v1\/sc\/h\/9a9u41thxt325ucfh5z8ga4m8\" alt><\/p><\/div>\n<div class=\"base-search-card__info\">\n<h3 class=\"base-search-card__title\">\n<p>        Auxiliar de Log\u00edstica<\/p>\n<\/h3>\n<h4 class=\"base-search-card__subtitle\">\n<p>          A J Macedo<\/p>\n<\/h4>\n<p><!----><\/p>\n<div class=\"base-search-card__metadata\">\n<p>          <span class=\"job-search-card__location\"><br \/>\n            Greater Ribeir\u00e3o Preto<br \/>\n          <\/span><\/p>\n<div class=\"job-posting-benefits text-sm\">\n        <icon class=\"job-posting-benefits__icon\" data-delayed-url=\"https:\/\/static.licdn.com\/aero-v1\/sc\/h\/8zmuwb93gzlb935fk4ao4z779\" data-svg-class-name=\"job-posting-benefits__icon-svg\"><\/icon><br \/>\n        <span class=\"job-posting-benefits__text\"><br \/>\n          Be an early applicant<br \/>\n<!---->        <\/span>\n      <\/div>\n<p>          <time class=\"job-search-card__listdate\" datetime=\"2024-04-05\"><\/p>\n<p>      2 weeks ago<\/p>\n<p>          <\/time><\/p>\n<p><!---->\n            <\/div>\n<\/p><\/div>\n<p><!---->      <\/p>\n<p>      <\/a><\/p>\n<\/li>\n<li>\n<div class=\"base-card relative w-full hover:no-underline focus:no-underline base-card--link base-search-card base-search-card--link job-search-card\" data-entity-urn=\"urn:li:jobPosting:3818741257\" data-impression-id=\"jobs-search-desktop-29\" data-reference-id=\"Yg9T2mr\/GOX+8MleSRsTUQ==\" data-tracking-id=\"QlpyQX72KogtT85Itmwzcg==\" data-column=\"1\" data-row=\"30\">\n<p>        <a class=\"base-card__full-link absolute top-0 right-0 bottom-0 left-0 p-0 z-[2]\" href=\"https:\/\/br.linkedin.com\/jobs\/view\/auxiliar-de-expedi%C3%A7%C3%A3o-at-%C3%AAxito-log%C3%ADstica-3818741257?position=30&amp;pageNum=0&amp;refId=Yg9T2mr%2FGOX%2B8MleSRsTUQ%3D%3D&amp;trackingId=QlpyQX72KogtT85Itmwzcg%3D%3D&amp;trk=public_jobs_jserp-result_search-card\" data-tracking-control-name=\"public_jobs_jserp-result_search-card\" data-tracking-client-ingraph data-tracking-will-navigate><\/p>\n<p>          <span class=\"sr-only\"><\/p>\n<p>        Auxiliar de Expedi\u00e7\u00e3o<\/p>\n<p>          <\/span><br \/>\n        <\/a><\/p>\n<div class=\"search-entity-media\">\n<p>      <img class=\"artdeco-entity-image artdeco-entity-image--square-4\n          artdeco-entity-image--ghost\" data-delayed-url=\"https:\/\/static.licdn.com\/aero-v1\/sc\/h\/9a9u41thxt325ucfh5z8ga4m8\" data-ghost-classes=\"artdeco-entity-image--ghost\" data-ghost-url=\"https:\/\/static.licdn.com\/aero-v1\/sc\/h\/9a9u41thxt325ucfh5z8ga4m8\" alt><\/p><\/div>\n<div class=\"base-search-card__info\">\n<h3 class=\"base-search-card__title\">\n<p>        Auxiliar de Expedi\u00e7\u00e3o<\/p>\n<\/h3>\n<h4 class=\"base-search-card__subtitle\">\n<p>          <a class=\"hidden-nested-link\" data-tracking-client-ingraph data-tracking-control-name=\"public_jobs_jserp-result_job-search-card-subtitle\" data-tracking-will-navigate href=\"https:\/\/www.linkedin.com\/company\/%C3%AAxito-log%C3%ADstica?trk=public_jobs_jserp-result_job-search-card-subtitle\"><br \/>\n            \u00caxito Log\u00edstica<br \/>\n          <\/a><\/p>\n<\/h4>\n<p><!----><\/p>\n<div class=\"base-search-card__metadata\">\n<p>          <span class=\"job-search-card__location\"><br \/>\n            Ribeir\u00e3o Preto, S\u00e3o Paulo, Brazil<br \/>\n          <\/span><\/p>\n<div class=\"job-posting-benefits text-sm\">\n        <icon class=\"job-posting-benefits__icon\" data-delayed-url=\"https:\/\/static.licdn.com\/aero-v1\/sc\/h\/8zmuwb93gzlb935fk4ao4z779\" data-svg-class-name=\"job-posting-benefits__icon-svg\"><\/icon><br \/>\n        <span class=\"job-posting-benefits__text\"><br \/>\n          Be an early applicant<br \/>\n<!---->        <\/span>\n      <\/div>\n<p>          <time class=\"job-search-card__listdate\" datetime=\"2024-01-31\"><\/p>\n<p>      2 months ago<\/p>\n<p>          <\/time><\/p>\n<p><!---->\n            <\/div>\n<\/p><\/div>\n<p><!---->      <\/p><\/div>\n<\/li>\n<li>\n<p>      <a href=\"https:\/\/br.linkedin.com\/jobs\/view\/contagem-de-estoque-log%C3%ADstica-sem-experi%C3%AAncia-e-in%C3%ADcio-imediato-3865340345?position=31&amp;pageNum=0&amp;refId=Yg9T2mr%2FGOX%2B8MleSRsTUQ%3D%3D&amp;trackingId=BmtIx3xCgH2WXrDBfCdYsw%3D%3D&amp;trk=public_jobs_jserp-result_search-card\" target=\"_self\" data-impression-id=\"jobs-search-desktop-30\" data-tracking-control-name=\"public_jobs_jserp-result_search-card\" data-tracking-will-navigate class=\"base-card relative w-full hover:no-underline focus:no-underline base-card--link base-search-card base-search-card--link job-search-card\" data-tracking-client-ingraph data-entity-urn=\"urn:li:jobPosting:3865340345\" data-reference-id=\"Yg9T2mr\/GOX+8MleSRsTUQ==\" data-tracking-id=\"BmtIx3xCgH2WXrDBfCdYsw==\" data-column=\"1\" data-row=\"31\" rel=\"noopener\"><\/p>\n<p><!----><\/p>\n<div class=\"search-entity-media\">\n<p>      <img class=\"artdeco-entity-image artdeco-entity-image--square-4\n          artdeco-entity-image--ghost\" data-delayed-url=\"https:\/\/static.licdn.com\/aero-v1\/sc\/h\/9a9u41thxt325ucfh5z8ga4m8\" data-ghost-classes=\"artdeco-entity-image--ghost\" data-ghost-url=\"https:\/\/static.licdn.com\/aero-v1\/sc\/h\/9a9u41thxt325ucfh5z8ga4m8\" alt><\/p><\/div>\n<div class=\"base-search-card__info\">\n<h3 class=\"base-search-card__title\">\n<p>        Contagem De Estoque (Log\u00edstica) Sem Experi\u00eancia E In\u00edcio Imediato<\/p>\n<\/h3>\n<h4 class=\"base-search-card__subtitle\">\n<p>          ZAFER RH<\/p>\n<\/h4>\n<p><!----><\/p>\n<div class=\"base-search-card__metadata\">\n<p>          <span class=\"job-search-card__location\"><br \/>\n            Ribeir\u00e3o Preto, S\u00e3o Paulo, Brazil<br \/>\n          <\/span><\/p>\n<div class=\"job-posting-benefits text-sm\">\n        <icon class=\"job-posting-benefits__icon\" data-delayed-url=\"https:\/\/static.licdn.com\/aero-v1\/sc\/h\/8zmuwb93gzlb935fk4ao4z779\" data-svg-class-name=\"job-posting-benefits__icon-svg\"><\/icon><br \/>\n        <span class=\"job-posting-benefits__text\"><br \/>\n          Be an early applicant<br \/>\n<!---->        <\/span>\n      <\/div>\n<p>          <time class=\"job-search-card__listdate\" datetime=\"2024-03-20\"><\/p>\n<p>      1 month ago<\/p>\n<p>          <\/time><\/p>\n<p><!---->\n            <\/div>\n<\/p><\/div>\n<p><!---->      <\/p>\n<p>      <\/a><\/p>\n<\/li>\n<li>\n<div class=\"base-card relative w-full hover:no-underline focus:no-underline base-card--link base-search-card base-search-card--link job-search-card\" data-entity-urn=\"urn:li:jobPosting:3884168095\" data-impression-id=\"jobs-search-desktop-31\" data-reference-id=\"Yg9T2mr\/GOX+8MleSRsTUQ==\" data-tracking-id=\"JnlC+6GLgzAQW4Bur9o9RA==\" data-column=\"1\" data-row=\"32\">\n<p>        <a class=\"base-card__full-link absolute top-0 right-0 bottom-0 left-0 p-0 z-[2]\" href=\"https:\/\/br.linkedin.com\/jobs\/view\/auxiliar-operacional-de-log%C3%ADstica-at-grupo-polly-service-3884168095?position=32&amp;pageNum=0&amp;refId=Yg9T2mr%2FGOX%2B8MleSRsTUQ%3D%3D&amp;trackingId=JnlC%2B6GLgzAQW4Bur9o9RA%3D%3D&amp;trk=public_jobs_jserp-result_search-card\" data-tracking-control-name=\"public_jobs_jserp-result_search-card\" data-tracking-client-ingraph data-tracking-will-navigate><\/p>\n<p>          <span class=\"sr-only\"><\/p>\n<p>        Auxiliar Operacional de Log\u00edstica<\/p>\n<p>          <\/span><br \/>\n        <\/a><\/p>\n<div class=\"search-entity-media\">\n<p>      <img class=\"artdeco-entity-image artdeco-entity-image--square-4\n          \" data-delayed-url=\"https:\/\/media.licdn.com\/dms\/image\/D4D0BAQF2cETDn2qtZQ\/company-logo_100_100\/0\/1689344170634\/pollyservice_logo?e=2147483647&amp;v=beta&amp;t=lm_1iRGCU_k8RBQFUfJi6vxBTLSINozaYQQgsQLS3cU\" data-ghost-classes=\"artdeco-entity-image--ghost\" data-ghost-url=\"https:\/\/static.licdn.com\/aero-v1\/sc\/h\/9a9u41thxt325ucfh5z8ga4m8\" alt><\/p><\/div>\n<div class=\"base-search-card__info\">\n<h3 class=\"base-search-card__title\">\n<p>        Auxiliar Operacional de Log\u00edstica<\/p>\n<\/h3>\n<h4 class=\"base-search-card__subtitle\">\n<p>          <a class=\"hidden-nested-link\" data-tracking-client-ingraph data-tracking-control-name=\"public_jobs_jserp-result_job-search-card-subtitle\" data-tracking-will-navigate href=\"https:\/\/br.linkedin.com\/company\/pollyservice?trk=public_jobs_jserp-result_job-search-card-subtitle\"><br \/>\n            Grupo Polly service<br \/>\n          <\/a><\/p>\n<\/h4>\n<p><!----><\/p>\n<div class=\"base-search-card__metadata\">\n<p>          <span class=\"job-search-card__location\"><br \/>\n            Ribeir\u00e3o Preto, S\u00e3o Paulo, Brazil<br \/>\n          <\/span><\/p>\n<div class=\"job-posting-benefits text-sm\">\n        <icon class=\"job-posting-benefits__icon\" data-delayed-url=\"https:\/\/static.licdn.com\/aero-v1\/sc\/h\/8zmuwb93gzlb935fk4ao4z779\" data-svg-class-name=\"job-posting-benefits__icon-svg\"><\/icon><br \/>\n        <span class=\"job-posting-benefits__text\"><br \/>\n          Be an early applicant<br \/>\n<!---->        <\/span>\n      <\/div>\n<p>          <time class=\"job-search-card__listdate\" datetime=\"2024-04-04\"><\/p>\n<p>      2 weeks ago<\/p>\n<p>          <\/time><\/p>\n<p><!---->\n            <\/div>\n<\/p><\/div>\n<p><!---->      <\/p><\/div>\n<\/li>\n<li>\n<p>      <a href=\"https:\/\/br.linkedin.com\/jobs\/view\/atendente-operacional-logistico-3880279255?position=33&amp;pageNum=0&amp;refId=Yg9T2mr%2FGOX%2B8MleSRsTUQ%3D%3D&amp;trackingId=XiDjfWdlweSXHCJ60qy4cw%3D%3D&amp;trk=public_jobs_jserp-result_search-card\" target=\"_self\" data-impression-id=\"jobs-search-desktop-32\" data-tracking-control-name=\"public_jobs_jserp-result_search-card\" data-tracking-will-navigate class=\"base-card relative w-full hover:no-underline focus:no-underline base-card--link base-search-card base-search-card--link job-search-card\" data-tracking-client-ingraph data-entity-urn=\"urn:li:jobPosting:3880279255\" data-reference-id=\"Yg9T2mr\/GOX+8MleSRsTUQ==\" data-tracking-id=\"XiDjfWdlweSXHCJ60qy4cw==\" data-column=\"1\" data-row=\"33\" rel=\"noopener\"><\/p>\n<p><!----><\/p>\n<div class=\"search-entity-media\">\n<p>      <img class=\"artdeco-entity-image artdeco-entity-image--square-4\n          artdeco-entity-image--ghost\" data-delayed-url=\"https:\/\/static.licdn.com\/aero-v1\/sc\/h\/9a9u41thxt325ucfh5z8ga4m8\" data-ghost-classes=\"artdeco-entity-image--ghost\" data-ghost-url=\"https:\/\/static.licdn.com\/aero-v1\/sc\/h\/9a9u41thxt325ucfh5z8ga4m8\" alt><\/p><\/div>\n<div class=\"base-search-card__info\">\n<h3 class=\"base-search-card__title\">\n<p>        Atendente Operacional Logistico<\/p>\n<\/h3>\n<h4 class=\"base-search-card__subtitle\">\n<p>          Master Assisten<\/p>\n<\/h4>\n<p><!----><\/p>\n<div class=\"base-search-card__metadata\">\n<p>          <span class=\"job-search-card__location\"><br \/>\n            Ribeir\u00e3o Preto, S\u00e3o Paulo, Brazil<br \/>\n          <\/span><\/p>\n<div class=\"job-posting-benefits text-sm\">\n        <icon class=\"job-posting-benefits__icon\" data-delayed-url=\"https:\/\/static.licdn.com\/aero-v1\/sc\/h\/8zmuwb93gzlb935fk4ao4z779\" data-svg-class-name=\"job-posting-benefits__icon-svg\"><\/icon><br \/>\n        <span class=\"job-posting-benefits__text\"><br \/>\n          Be an early applicant<br \/>\n<!---->        <\/span>\n      <\/div>\n<p>          <time class=\"job-search-card__listdate\" datetime=\"2024-04-01\"><\/p>\n<p>      3 weeks ago<\/p>\n<p>          <\/time><\/p>\n<p><!---->\n            <\/div>\n<\/p><\/div>\n<p><!---->      <\/p>\n<p>      <\/a><\/p>\n<\/li>\n<li>\n<div class=\"base-card relative w-full hover:no-underline focus:no-underline base-card--link base-search-card base-search-card--link job-search-card\" data-entity-urn=\"urn:li:jobPosting:3880722748\" data-impression-id=\"jobs-search-desktop-33\" data-reference-id=\"Yg9T2mr\/GOX+8MleSRsTUQ==\" data-tracking-id=\"mqnu3CSA3VUuCPG5IgoYng==\" data-column=\"1\" data-row=\"34\">\n<p>        <a class=\"base-card__full-link absolute top-0 right-0 bottom-0 left-0 p-0 z-[2]\" href=\"https:\/\/br.linkedin.com\/jobs\/view\/supervisor-de-armaz%C3%A9m-noturno-at-grupo-passalacqua-3880722748?position=34&amp;pageNum=0&amp;refId=Yg9T2mr%2FGOX%2B8MleSRsTUQ%3D%3D&amp;trackingId=mqnu3CSA3VUuCPG5IgoYng%3D%3D&amp;trk=public_jobs_jserp-result_search-card\" data-tracking-control-name=\"public_jobs_jserp-result_search-card\" data-tracking-client-ingraph data-tracking-will-navigate><\/p>\n<p>          <span class=\"sr-only\"><\/p>\n<p>        Supervisor de Armaz\u00e9m &#8211; Noturno<\/p>\n<p>          <\/span><br \/>\n        <\/a><\/p>\n<div class=\"search-entity-media\">\n<p>      <img class=\"artdeco-entity-image artdeco-entity-image--square-4\n          \" data-delayed-url=\"https:\/\/media.licdn.com\/dms\/image\/D4D0BAQGd2SP_4Jqe-w\/company-logo_100_100\/0\/1706796106140\/grupo_passalacqua_logo?e=2147483647&amp;v=beta&amp;t=F4Uk6q3e0jJ4oX3p7D_1qohkUOReu7g-htAD3Shssi4\" data-ghost-classes=\"artdeco-entity-image--ghost\" data-ghost-url=\"https:\/\/static.licdn.com\/aero-v1\/sc\/h\/9a9u41thxt325ucfh5z8ga4m8\" alt><\/p><\/div>\n<div class=\"base-search-card__info\">\n<h3 class=\"base-search-card__title\">\n<p>        Supervisor de Armaz\u00e9m &#8211; Noturno<\/p>\n<\/h3>\n<h4 class=\"base-search-card__subtitle\">\n<p>          <a class=\"hidden-nested-link\" data-tracking-client-ingraph data-tracking-control-name=\"public_jobs_jserp-result_job-search-card-subtitle\" data-tracking-will-navigate href=\"https:\/\/br.linkedin.com\/company\/grupo-passalacqua?trk=public_jobs_jserp-result_job-search-card-subtitle\"><br \/>\n            Grupo Passalacqua<br \/>\n          <\/a><\/p>\n<\/h4>\n<p><!----><\/p>\n<div class=\"base-search-card__metadata\">\n<p>          <span class=\"job-search-card__location\"><br \/>\n            Ribeir\u00e3o Preto, S\u00e3o Paulo, Brazil<br \/>\n          <\/span><\/p>\n<p><!---->  <\/p>\n<p>          <time class=\"job-search-card__listdate\" datetime=\"2024-04-01\"><\/p>\n<p>      3 weeks ago<\/p>\n<p>          <\/time><\/p>\n<p><!---->\n            <\/div>\n<\/p><\/div>\n<p><!---->      <\/p><\/div>\n<\/li>\n<li>\n<div class=\"base-card relative w-full hover:no-underline focus:no-underline base-card--link base-search-card base-search-card--link job-search-card\" data-entity-urn=\"urn:li:jobPosting:3893770190\" data-impression-id=\"jobs-search-desktop-34\" data-reference-id=\"Yg9T2mr\/GOX+8MleSRsTUQ==\" data-tracking-id=\"XVoDKyRMAWUUsE5CTPuCPg==\" data-column=\"1\" data-row=\"35\">\n<p>        <a class=\"base-card__full-link absolute top-0 right-0 bottom-0 left-0 p-0 z-[2]\" href=\"https:\/\/br.linkedin.com\/jobs\/view\/supervisor-de-opera%C3%A7%C3%B5es-ribeir%C3%A3o-preto-log%C3%ADstica-at-shopper-com-br-3893770190?position=35&amp;pageNum=0&amp;refId=Yg9T2mr%2FGOX%2B8MleSRsTUQ%3D%3D&amp;trackingId=XVoDKyRMAWUUsE5CTPuCPg%3D%3D&amp;trk=public_jobs_jserp-result_search-card\" data-tracking-control-name=\"public_jobs_jserp-result_search-card\" data-tracking-client-ingraph data-tracking-will-navigate><\/p>\n<p>          <span class=\"sr-only\"><\/p>\n<p>        Supervisor de Opera\u00e7\u00f5es &#8211; Ribeir\u00e3o Preto (Log\u00edstica)<\/p>\n<p>          <\/span><br \/>\n        <\/a><\/p>\n<div class=\"search-entity-media\">\n<p>      <img class=\"artdeco-entity-image artdeco-entity-image--square-4\n          \" data-delayed-url=\"https:\/\/media.licdn.com\/dms\/image\/C4D0BAQFEJ0yrCSp-fw\/company-logo_100_100\/0\/1630494268935?e=2147483647&amp;v=beta&amp;t=xKeZIP0WmVSwqtNdG_krHRfO83RYhlynJkbI0ERhxtU\" data-ghost-classes=\"artdeco-entity-image--ghost\" data-ghost-url=\"https:\/\/static.licdn.com\/aero-v1\/sc\/h\/9a9u41thxt325ucfh5z8ga4m8\" alt><\/p><\/div>\n<div class=\"base-search-card__info\">\n<h3 class=\"base-search-card__title\">\n<p>        Supervisor de Opera\u00e7\u00f5es &#8211; Ribeir\u00e3o Preto (Log\u00edstica)<\/p>\n<\/h3>\n<h4 class=\"base-search-card__subtitle\">\n<p>          <a class=\"hidden-nested-link\" data-tracking-client-ingraph data-tracking-control-name=\"public_jobs_jserp-result_job-search-card-subtitle\" data-tracking-will-navigate href=\"https:\/\/br.linkedin.com\/company\/shopper.com.br?trk=public_jobs_jserp-result_job-search-card-subtitle\"><br \/>\n            Shopper.com.br<br \/>\n          <\/a><\/p>\n<\/h4>\n<p><!----><\/p>\n<div class=\"base-search-card__metadata\">\n<p>          <span class=\"job-search-card__location\"><br \/>\n            Ribeir\u00e3o Preto, S\u00e3o Paulo, Brazil<br \/>\n          <\/span><\/p>\n<p><!---->  <\/p>\n<p>          <time class=\"job-search-card__listdate\" datetime=\"2024-04-11\"><\/p>\n<p>      1 week ago<\/p>\n<p>          <\/time><\/p>\n<p><!---->\n            <\/div>\n<\/p><\/div>\n<p><!---->      <\/p><\/div>\n<\/li>\n<li>\n<p>      <a href=\"https:\/\/br.linkedin.com\/jobs\/view\/auxiliar-de-almoxarifado-3841191954?position=36&amp;pageNum=0&amp;refId=Yg9T2mr%2FGOX%2B8MleSRsTUQ%3D%3D&amp;trackingId=t95n28CAB5kd5NdB7nKiGQ%3D%3D&amp;trk=public_jobs_jserp-result_search-card\" target=\"_self\" data-impression-id=\"jobs-search-desktop-35\" data-tracking-control-name=\"public_jobs_jserp-result_search-card\" data-tracking-will-navigate class=\"base-card relative w-full hover:no-underline focus:no-underline base-card--link base-search-card base-search-card--link job-search-card\" data-tracking-client-ingraph data-entity-urn=\"urn:li:jobPosting:3841191954\" data-reference-id=\"Yg9T2mr\/GOX+8MleSRsTUQ==\" data-tracking-id=\"t95n28CAB5kd5NdB7nKiGQ==\" data-column=\"1\" data-row=\"36\" rel=\"noopener\"><\/p>\n<p><!----><\/p>\n<div class=\"search-entity-media\">\n<p>      <img class=\"artdeco-entity-image artdeco-entity-image--square-4\n          artdeco-entity-image--ghost\" data-delayed-url=\"https:\/\/static.licdn.com\/aero-v1\/sc\/h\/9a9u41thxt325ucfh5z8ga4m8\" data-ghost-classes=\"artdeco-entity-image--ghost\" data-ghost-url=\"https:\/\/static.licdn.com\/aero-v1\/sc\/h\/9a9u41thxt325ucfh5z8ga4m8\" alt><\/p><\/div>\n<div class=\"base-search-card__info\">\n<h3 class=\"base-search-card__title\">\n<p>        Auxiliar de Almoxarifado<\/p>\n<\/h3>\n<h4 class=\"base-search-card__subtitle\">\n<p>          Deltronix Equipamentos Ltda<\/p>\n<\/h4>\n<p><!----><\/p>\n<div class=\"base-search-card__metadata\">\n<p>          <span class=\"job-search-card__location\"><br \/>\n            Ribeir\u00e3o Preto, S\u00e3o Paulo, Brazil<br \/>\n          <\/span><\/p>\n<div class=\"job-posting-benefits text-sm\">\n        <icon class=\"job-posting-benefits__icon\" data-delayed-url=\"https:\/\/static.licdn.com\/aero-v1\/sc\/h\/8zmuwb93gzlb935fk4ao4z779\" data-svg-class-name=\"job-posting-benefits__icon-svg\"><\/icon><br \/>\n        <span class=\"job-posting-benefits__text\"><br \/>\n          Be an early applicant<br \/>\n<!---->        <\/span>\n      <\/div>\n<p>          <time class=\"job-search-card__listdate\" datetime=\"2024-02-27\"><\/p>\n<p>      1 month ago<\/p>\n<p>          <\/time><\/p>\n<p><!---->\n            <\/div>\n<\/p><\/div>\n<p><!---->      <\/p>\n<p>      <\/a><\/p>\n<\/li>\n<li>\n<div class=\"base-card relative w-full hover:no-underline focus:no-underline base-card--link base-search-card base-search-card--link job-search-card\" data-entity-urn=\"urn:li:jobPosting:3820046717\" data-impression-id=\"jobs-search-desktop-36\" data-reference-id=\"Yg9T2mr\/GOX+8MleSRsTUQ==\" data-tracking-id=\"lSPKoujywJABEAxrJ6HYkw==\" data-column=\"1\" data-row=\"37\">\n<p>        <a class=\"base-card__full-link absolute top-0 right-0 bottom-0 left-0 p-0 z-[2]\" href=\"https:\/\/br.linkedin.com\/jobs\/view\/almoxarife-jr-em-ribeir%C3%A3o-preto-sp-at-manpowergroup-brasil-3820046717?position=37&amp;pageNum=0&amp;refId=Yg9T2mr%2FGOX%2B8MleSRsTUQ%3D%3D&amp;trackingId=lSPKoujywJABEAxrJ6HYkw%3D%3D&amp;trk=public_jobs_jserp-result_search-card\" data-tracking-control-name=\"public_jobs_jserp-result_search-card\" data-tracking-client-ingraph data-tracking-will-navigate><\/p>\n<p>          <span class=\"sr-only\"><\/p>\n<p>        Almoxarife Jr. em Ribeir\u00e3o Preto &#8211; SP<\/p>\n<p>          <\/span><br \/>\n        <\/a><\/p>\n<div class=\"search-entity-media\">\n<p>      <img class=\"artdeco-entity-image artdeco-entity-image--square-4\n          \" data-delayed-url=\"https:\/\/media.licdn.com\/dms\/image\/D4D0BAQHvkaBAs6nHPA\/company-logo_100_100\/0\/1688391087707\/manpowergroup_brasil_logo?e=2147483647&amp;v=beta&amp;t=kuiPyAY5bSBKvv-mmqK_pleclklHJLnk6rAOXbe3iQw\" data-ghost-classes=\"artdeco-entity-image--ghost\" data-ghost-url=\"https:\/\/static.licdn.com\/aero-v1\/sc\/h\/9a9u41thxt325ucfh5z8ga4m8\" alt><\/p><\/div>\n<div class=\"base-search-card__info\">\n<h3 class=\"base-search-card__title\">\n<p>        Almoxarife Jr. em Ribeir\u00e3o Preto &#8211; SP<\/p>\n<\/h3>\n<h4 class=\"base-search-card__subtitle\">\n<p>          <a class=\"hidden-nested-link\" data-tracking-client-ingraph data-tracking-control-name=\"public_jobs_jserp-result_job-search-card-subtitle\" data-tracking-will-navigate href=\"https:\/\/br.linkedin.com\/company\/manpowergroup-brasil?trk=public_jobs_jserp-result_job-search-card-subtitle\"><br \/>\n            ManpowerGroup Brasil<br \/>\n          <\/a><\/p>\n<\/h4>\n<p><!----><\/p>\n<div class=\"base-search-card__metadata\">\n<p>          <span class=\"job-search-card__location\"><br \/>\n            Ribeir\u00e3o Preto, S\u00e3o Paulo, Brazil<br \/>\n          <\/span><\/p>\n<div class=\"job-posting-benefits text-sm\">\n        <icon class=\"job-posting-benefits__icon\" data-delayed-url=\"https:\/\/static.licdn.com\/aero-v1\/sc\/h\/3p1v0uhy7uq0cm5zdvzp4eo18\" data-svg-class-name=\"job-posting-benefits__icon-svg\"><\/icon><br \/>\n        <span class=\"job-posting-benefits__text\"><br \/>\n          Actively Hiring<br \/>\n<!---->        <\/span>\n      <\/div>\n<p>          <time class=\"job-search-card__listdate\" datetime=\"2024-02-01\"><\/p>\n<p>      2 months ago<\/p>\n<p>          <\/time><\/p>\n<p><!---->\n            <\/div>\n<\/p><\/div>\n<p><!---->      <\/p><\/div>\n<\/li>\n<li>\n<div class=\"base-card relative w-full hover:no-underline focus:no-underline base-card--link base-search-card base-search-card--link job-search-card\" data-entity-urn=\"urn:li:jobPosting:3905114610\" data-impression-id=\"jobs-search-desktop-37\" data-reference-id=\"Yg9T2mr\/GOX+8MleSRsTUQ==\" data-tracking-id=\"kVSefUQnKdQTVlrB6hwyyQ==\" data-column=\"1\" data-row=\"38\">\n<p>        <a class=\"base-card__full-link absolute top-0 right-0 bottom-0 left-0 p-0 z-[2]\" href=\"https:\/\/br.linkedin.com\/jobs\/view\/operador-logistico-at-adeo-services-3905114610?position=38&amp;pageNum=0&amp;refId=Yg9T2mr%2FGOX%2B8MleSRsTUQ%3D%3D&amp;trackingId=kVSefUQnKdQTVlrB6hwyyQ%3D%3D&amp;trk=public_jobs_jserp-result_search-card\" data-tracking-control-name=\"public_jobs_jserp-result_search-card\" data-tracking-client-ingraph data-tracking-will-navigate><\/p>\n<p>          <span class=\"sr-only\"><\/p>\n<p>        Operador Logistico<\/p>\n<p>          <\/span><br \/>\n        <\/a><\/p>\n<div class=\"search-entity-media\">\n<p>      <img class=\"artdeco-entity-image artdeco-entity-image--square-4\n          \" data-delayed-url=\"https:\/\/media.licdn.com\/dms\/image\/C4D0BAQGc0tDAzkpMog\/company-logo_100_100\/0\/1630537268957\/adeo_services_logo?e=2147483647&amp;v=beta&amp;t=P7uhAyJO7FIAQMYWjdCKLkpoFvQ20fUxQ-qYm6QYo3w\" data-ghost-classes=\"artdeco-entity-image--ghost\" data-ghost-url=\"https:\/\/static.licdn.com\/aero-v1\/sc\/h\/9a9u41thxt325ucfh5z8ga4m8\" alt><\/p><\/div>\n<div class=\"base-search-card__info\">\n<h3 class=\"base-search-card__title\">\n<p>        Operador Logistico<\/p>\n<\/h3>\n<h4 class=\"base-search-card__subtitle\">\n<p>          <a class=\"hidden-nested-link\" data-tracking-client-ingraph data-tracking-control-name=\"public_jobs_jserp-result_job-search-card-subtitle\" data-tracking-will-navigate href=\"https:\/\/fr.linkedin.com\/company\/adeo-services?trk=public_jobs_jserp-result_job-search-card-subtitle\"><br \/>\n            ADEO Services<br \/>\n          <\/a><\/p>\n<\/h4>\n<p><!----><\/p>\n<div class=\"base-search-card__metadata\">\n<p>          <span class=\"job-search-card__location\"><br \/>\n            Ribeir\u00e3o Preto, S\u00e3o Paulo, Brazil<br \/>\n          <\/span><\/p>\n<div class=\"job-posting-benefits text-sm\">\n        <icon class=\"job-posting-benefits__icon\" data-delayed-url=\"https:\/\/static.licdn.com\/aero-v1\/sc\/h\/8zmuwb93gzlb935fk4ao4z779\" data-svg-class-name=\"job-posting-benefits__icon-svg\"><\/icon><br \/>\n        <span class=\"job-posting-benefits__text\"><br \/>\n          Be an early applicant<br \/>\n<!---->        <\/span>\n      <\/div>\n<p>          <time class=\"job-search-card__listdate\" datetime=\"2024-04-18\"><\/p>\n<p>      6 days ago<\/p>\n<p>          <\/time><\/p>\n<p><!---->\n            <\/div>\n<\/p><\/div>\n<p><!---->      <\/p><\/div>\n<\/li>\n<li>\n<div class=\"base-card relative w-full hover:no-underline focus:no-underline base-card--link base-search-card base-search-card--link job-search-card\" data-entity-urn=\"urn:li:jobPosting:3900989475\" data-impression-id=\"jobs-search-desktop-38\" data-reference-id=\"Yg9T2mr\/GOX+8MleSRsTUQ==\" data-tracking-id=\"ODdSb+oHtKXFVl+Qz\/GHxA==\" data-column=\"1\" data-row=\"39\">\n<p>        <a class=\"base-card__full-link absolute top-0 right-0 bottom-0 left-0 p-0 z-[2]\" href=\"https:\/\/br.linkedin.com\/jobs\/view\/encarregado-de-opera%C3%A7%C3%B5es-ribeir%C3%A3o-preto-at-sertran-transportes-3900989475?position=39&amp;pageNum=0&amp;refId=Yg9T2mr%2FGOX%2B8MleSRsTUQ%3D%3D&amp;trackingId=ODdSb%2BoHtKXFVl%2BQz%2FGHxA%3D%3D&amp;trk=public_jobs_jserp-result_search-card\" data-tracking-control-name=\"public_jobs_jserp-result_search-card\" data-tracking-client-ingraph data-tracking-will-navigate><\/p>\n<p>          <span class=\"sr-only\"><\/p>\n<p>        Encarregado de Opera\u00e7\u00f5es &#8211; Ribeir\u00e3o Preto<\/p>\n<p>          <\/span><br \/>\n        <\/a><\/p>\n<div class=\"search-entity-media\">\n<p>      <img class=\"artdeco-entity-image artdeco-entity-image--square-4\n          \" data-delayed-url=\"https:\/\/media.licdn.com\/dms\/image\/D560BAQECvWaV-CabTQ\/company-logo_100_100\/0\/1701689541652\/sertran_transportes_e_servios_logo?e=2147483647&amp;v=beta&amp;t=NZb7JsD7I-gynB3UQ24YAGgv7UU4vEHMVt024wlxgts\" data-ghost-classes=\"artdeco-entity-image--ghost\" data-ghost-url=\"https:\/\/static.licdn.com\/aero-v1\/sc\/h\/9a9u41thxt325ucfh5z8ga4m8\" alt><\/p><\/div>\n<div class=\"base-search-card__info\">\n<h3 class=\"base-search-card__title\">\n<p>        Encarregado de Opera\u00e7\u00f5es &#8211; Ribeir\u00e3o Preto<\/p>\n<\/h3>\n<h4 class=\"base-search-card__subtitle\">\n<p>          <a class=\"hidden-nested-link\" data-tracking-client-ingraph data-tracking-control-name=\"public_jobs_jserp-result_job-search-card-subtitle\" data-tracking-will-navigate href=\"https:\/\/br.linkedin.com\/company\/sertran-transportes-e-servi%C3%A7os?trk=public_jobs_jserp-result_job-search-card-subtitle\"><br \/>\n            Sertran Transportes<br \/>\n          <\/a><\/p>\n<\/h4>\n<p><!----><\/p>\n<div class=\"base-search-card__metadata\">\n<p>          <span class=\"job-search-card__location\"><br \/>\n            Ribeir\u00e3o Preto, S\u00e3o Paulo, Brazil<br \/>\n          <\/span><\/p>\n<p><!---->  <\/p>\n<p>          <time class=\"job-search-card__listdate\" datetime=\"2024-04-18\"><\/p>\n<p>      6 days ago<\/p>\n<p>          <\/time><\/p>\n<p><!---->\n            <\/div>\n<\/p><\/div>\n<p><!---->      <\/p><\/div>\n<\/li>\n<li>\n<div class=\"base-card relative w-full hover:no-underline focus:no-underline base-card--link base-search-card base-search-card--link job-search-card\" data-entity-urn=\"urn:li:jobPosting:3873638110\" data-impression-id=\"jobs-search-desktop-39\" data-reference-id=\"Yg9T2mr\/GOX+8MleSRsTUQ==\" data-tracking-id=\"Hd8OhWXDroljaP7jbWsAiA==\" data-column=\"1\" data-row=\"40\">\n<p>        <a class=\"base-card__full-link absolute top-0 right-0 bottom-0 left-0 p-0 z-[2]\" href=\"https:\/\/br.linkedin.com\/jobs\/view\/auxiliar-de-log%C3%ADstica-ribeir%C3%A3o-preto-at-atacado-vila-nova-3873638110?position=40&amp;pageNum=0&amp;refId=Yg9T2mr%2FGOX%2B8MleSRsTUQ%3D%3D&amp;trackingId=Hd8OhWXDroljaP7jbWsAiA%3D%3D&amp;trk=public_jobs_jserp-result_search-card\" data-tracking-control-name=\"public_jobs_jserp-result_search-card\" data-tracking-client-ingraph data-tracking-will-navigate><\/p>\n<p>          <span class=\"sr-only\"><\/p>\n<p>        Auxiliar de Log\u00edstica &#8211; RIBEIR\u00c3O PRETO<\/p>\n<p>          <\/span><br \/>\n        <\/a><\/p>\n<div class=\"search-entity-media\">\n<p>      <img class=\"artdeco-entity-image artdeco-entity-image--square-4\n          \" data-delayed-url=\"https:\/\/media.licdn.com\/dms\/image\/C4D0BAQFJ_iZvkJ4lgA\/company-logo_100_100\/0\/1660250876571\/grupovilanova_logo?e=2147483647&amp;v=beta&amp;t=yrVG3aYxweY33KeTLLxmcPy_M2q3U9mV3qtdYw6q7f0\" data-ghost-classes=\"artdeco-entity-image--ghost\" data-ghost-url=\"https:\/\/static.licdn.com\/aero-v1\/sc\/h\/9a9u41thxt325ucfh5z8ga4m8\" alt><\/p><\/div>\n<div class=\"base-search-card__info\">\n<h3 class=\"base-search-card__title\">\n<p>        Auxiliar de Log\u00edstica &#8211; RIBEIR\u00c3O PRETO<\/p>\n<\/h3>\n<h4 class=\"base-search-card__subtitle\">\n<p>          <a class=\"hidden-nested-link\" data-tracking-client-ingraph data-tracking-control-name=\"public_jobs_jserp-result_job-search-card-subtitle\" data-tracking-will-navigate href=\"https:\/\/br.linkedin.com\/company\/grupovilanova?trk=public_jobs_jserp-result_job-search-card-subtitle\"><br \/>\n            Atacado Vila Nova<br \/>\n          <\/a><\/p>\n<\/h4>\n<p><!----><\/p>\n<div class=\"base-search-card__metadata\">\n<p>          <span class=\"job-search-card__location\"><br \/>\n            Ribeir\u00e3o Preto, S\u00e3o Paulo, Brazil<br \/>\n          <\/span><\/p>\n<div class=\"job-posting-benefits text-sm\">\n        <icon class=\"job-posting-benefits__icon\" data-delayed-url=\"https:\/\/static.licdn.com\/aero-v1\/sc\/h\/8zmuwb93gzlb935fk4ao4z779\" data-svg-class-name=\"job-posting-benefits__icon-svg\"><\/icon><br \/>\n        <span class=\"job-posting-benefits__text\"><br \/>\n          Be an early applicant<br \/>\n<!---->        <\/span>\n      <\/div>\n<p>          <time class=\"job-search-card__listdate\" datetime=\"2024-03-27\"><\/p>\n<p>      3 weeks ago<\/p>\n<p>          <\/time><\/p>\n<p><!---->\n            <\/div>\n<\/p><\/div>\n<p><!---->      <\/p><\/div>\n<\/li>\n<li>\n<div class=\"base-card relative w-full hover:no-underline focus:no-underline base-card--link base-search-card base-search-card--link job-search-card\" data-entity-urn=\"urn:li:jobPosting:3908284258\" data-impression-id=\"jobs-search-desktop-40\" data-reference-id=\"Yg9T2mr\/GOX+8MleSRsTUQ==\" data-tracking-id=\"DfkF4HvO2VQj5Fe7nUxiUQ==\" data-column=\"1\" data-row=\"41\">\n<p>        <a class=\"base-card__full-link absolute top-0 right-0 bottom-0 left-0 p-0 z-[2]\" href=\"https:\/\/br.linkedin.com\/jobs\/view\/repositor-de-lojas-ribeir%C3%A3o-preto-at-shopper-com-br-3908284258?position=41&amp;pageNum=0&amp;refId=Yg9T2mr%2FGOX%2B8MleSRsTUQ%3D%3D&amp;trackingId=DfkF4HvO2VQj5Fe7nUxiUQ%3D%3D&amp;trk=public_jobs_jserp-result_search-card\" data-tracking-control-name=\"public_jobs_jserp-result_search-card\" data-tracking-client-ingraph data-tracking-will-navigate><\/p>\n<p>          <span class=\"sr-only\"><\/p>\n<p>        Repositor de Lojas &#8211; Ribeir\u00e3o Preto<\/p>\n<p>          <\/span><br \/>\n        <\/a><\/p>\n<div class=\"search-entity-media\">\n<p>      <img class=\"artdeco-entity-image artdeco-entity-image--square-4\n          \" data-delayed-url=\"https:\/\/media.licdn.com\/dms\/image\/C4D0BAQFEJ0yrCSp-fw\/company-logo_100_100\/0\/1630494268935?e=2147483647&amp;v=beta&amp;t=xKeZIP0WmVSwqtNdG_krHRfO83RYhlynJkbI0ERhxtU\" data-ghost-classes=\"artdeco-entity-image--ghost\" data-ghost-url=\"https:\/\/static.licdn.com\/aero-v1\/sc\/h\/9a9u41thxt325ucfh5z8ga4m8\" alt><\/p><\/div>\n<div class=\"base-search-card__info\">\n<h3 class=\"base-search-card__title\">\n<p>        Repositor de Lojas &#8211; Ribeir\u00e3o Preto<\/p>\n<\/h3>\n<h4 class=\"base-search-card__subtitle\">\n<p>          <a class=\"hidden-nested-link\" data-tracking-client-ingraph data-tracking-control-name=\"public_jobs_jserp-result_job-search-card-subtitle\" data-tracking-will-navigate href=\"https:\/\/br.linkedin.com\/company\/shopper.com.br?trk=public_jobs_jserp-result_job-search-card-subtitle\"><br \/>\n            Shopper.com.br<br \/>\n          <\/a><\/p>\n<\/h4>\n<p><!----><\/p>\n<div class=\"base-search-card__metadata\">\n<p>          <span class=\"job-search-card__location\"><br \/>\n            Ribeir\u00e3o Preto, S\u00e3o Paulo, Brazil<br \/>\n          <\/span><\/p>\n<div class=\"job-posting-benefits text-sm\">\n        <icon class=\"job-posting-benefits__icon\" data-delayed-url=\"https:\/\/static.licdn.com\/aero-v1\/sc\/h\/8zmuwb93gzlb935fk4ao4z779\" data-svg-class-name=\"job-posting-benefits__icon-svg\"><\/icon><br \/>\n        <span class=\"job-posting-benefits__text\"><br \/>\n          Be an early applicant<br \/>\n<!---->        <\/span>\n      <\/div>\n<p>          <time class=\"job-search-card__listdate--new\" datetime=\"2024-04-24\"><\/p>\n<p>      46 minutes ago<\/p>\n<p>          <\/time><\/p>\n<p><!---->\n            <\/div>\n<\/p><\/div>\n<p><!---->      <\/p><\/div>\n<\/li>\n<li>\n<div class=\"base-card relative w-full hover:no-underline focus:no-underline base-card--link base-search-card base-search-card--link job-search-card\" data-entity-urn=\"urn:li:jobPosting:3908951273\" data-impression-id=\"jobs-search-desktop-41\" data-reference-id=\"Yg9T2mr\/GOX+8MleSRsTUQ==\" data-tracking-id=\"j49JugHCm5REf6+hkW73Cw==\" data-column=\"1\" data-row=\"42\">\n<p>        <a class=\"base-card__full-link absolute top-0 right-0 bottom-0 left-0 p-0 z-[2]\" href=\"https:\/\/br.linkedin.com\/jobs\/view\/auxiliar-de-log%C3%ADstica-i-at-allis-field-marketing-3908951273?position=42&amp;pageNum=0&amp;refId=Yg9T2mr%2FGOX%2B8MleSRsTUQ%3D%3D&amp;trackingId=j49JugHCm5REf6%2BhkW73Cw%3D%3D&amp;trk=public_jobs_jserp-result_search-card\" data-tracking-control-name=\"public_jobs_jserp-result_search-card\" data-tracking-client-ingraph data-tracking-will-navigate><\/p>\n<p>          <span class=\"sr-only\"><\/p>\n<p>        Auxiliar de log\u00edstica I<\/p>\n<p>          <\/span><br \/>\n        <\/a><\/p>\n<div class=\"search-entity-media\">\n<p>      <img class=\"artdeco-entity-image artdeco-entity-image--square-4\n          \" data-delayed-url=\"https:\/\/media.licdn.com\/dms\/image\/C4D0BAQEu3OlrZjigmQ\/company-logo_100_100\/0\/1659364756394\/allis_logo?e=2147483647&amp;v=beta&amp;t=0uXmiPorFNQnPAfewTX1Yj_Cr62sh7P2b_ysIXbkPhY\" data-ghost-classes=\"artdeco-entity-image--ghost\" data-ghost-url=\"https:\/\/static.licdn.com\/aero-v1\/sc\/h\/9a9u41thxt325ucfh5z8ga4m8\" alt><\/p><\/div>\n<div class=\"base-search-card__info\">\n<h3 class=\"base-search-card__title\">\n<p>        Auxiliar de log\u00edstica I<\/p>\n<\/h3>\n<h4 class=\"base-search-card__subtitle\">\n<p>          <a class=\"hidden-nested-link\" data-tracking-client-ingraph data-tracking-control-name=\"public_jobs_jserp-result_job-search-card-subtitle\" data-tracking-will-navigate href=\"https:\/\/br.linkedin.com\/company\/allis?trk=public_jobs_jserp-result_job-search-card-subtitle\"><br \/>\n            Allis &#8211; Field Marketing<br \/>\n          <\/a><\/p>\n<\/h4>\n<p><!----><\/p>\n<div class=\"base-search-card__metadata\">\n<p>          <span class=\"job-search-card__location\"><br \/>\n            Ribeir\u00e3o Preto, S\u00e3o Paulo, Brazil<br \/>\n          <\/span><\/p>\n<div class=\"job-posting-benefits text-sm\">\n        <icon class=\"job-posting-benefits__icon\" data-delayed-url=\"https:\/\/static.licdn.com\/aero-v1\/sc\/h\/8zmuwb93gzlb935fk4ao4z779\" data-svg-class-name=\"job-posting-benefits__icon-svg\"><\/icon><br \/>\n        <span class=\"job-posting-benefits__text\"><br \/>\n          Be an early applicant<br \/>\n<!---->        <\/span>\n      <\/div>\n<p>          <time class=\"job-search-card__listdate--new\" datetime=\"2024-04-23\"><\/p>\n<p>      18 hours ago<\/p>\n<p>          <\/time><\/p>\n<p><!---->\n            <\/div>\n<\/p><\/div>\n<p><!---->      <\/p><\/div>\n<\/li>\n<li>\n<div class=\"base-card relative w-full hover:no-underline focus:no-underline base-card--link base-search-card base-search-card--link job-search-card\" data-entity-urn=\"urn:li:jobPosting:3632792368\" data-impression-id=\"jobs-search-desktop-42\" data-reference-id=\"Yg9T2mr\/GOX+8MleSRsTUQ==\" data-tracking-id=\"g2nnOSrIiyNLSiKi6UT71Q==\" data-column=\"1\" data-row=\"43\">\n<p>        <a class=\"base-card__full-link absolute top-0 right-0 bottom-0 left-0 p-0 z-[2]\" href=\"https:\/\/br.linkedin.com\/jobs\/view\/analista-de-atendimento-ao-cliente-log%C3%ADstica-at-randstad-3632792368?position=43&amp;pageNum=0&amp;refId=Yg9T2mr%2FGOX%2B8MleSRsTUQ%3D%3D&amp;trackingId=g2nnOSrIiyNLSiKi6UT71Q%3D%3D&amp;trk=public_jobs_jserp-result_search-card\" data-tracking-control-name=\"public_jobs_jserp-result_search-card\" data-tracking-client-ingraph data-tracking-will-navigate><\/p>\n<p>          <span class=\"sr-only\"><\/p>\n<p>        Analista de atendimento ao cliente(Log\u00edstica)<\/p>\n<p>          <\/span><br \/>\n        <\/a><\/p>\n<div class=\"search-entity-media\">\n<p>      <img class=\"artdeco-entity-image artdeco-entity-image--square-4\n          \" data-delayed-url=\"https:\/\/media.licdn.com\/dms\/image\/C4E0BAQFqC--DBWZjDA\/company-logo_100_100\/0\/1631305862414?e=2147483647&amp;v=beta&amp;t=Sw7XMCiBQcYpqKxklG68zxVq2IGAKjRLKRzQvPmG7rc\" data-ghost-classes=\"artdeco-entity-image--ghost\" data-ghost-url=\"https:\/\/static.licdn.com\/aero-v1\/sc\/h\/9a9u41thxt325ucfh5z8ga4m8\" alt><\/p><\/div>\n<div class=\"base-search-card__info\">\n<h3 class=\"base-search-card__title\">\n<p>        Analista de atendimento ao cliente(Log\u00edstica)<\/p>\n<\/h3>\n<h4 class=\"base-search-card__subtitle\">\n<p>          <a class=\"hidden-nested-link\" data-tracking-client-ingraph data-tracking-control-name=\"public_jobs_jserp-result_job-search-card-subtitle\" data-tracking-will-navigate href=\"https:\/\/nl.linkedin.com\/company\/randstad?trk=public_jobs_jserp-result_job-search-card-subtitle\"><br \/>\n            Randstad<br \/>\n          <\/a><\/p>\n<\/h4>\n<p><!----><\/p>\n<div class=\"base-search-card__metadata\">\n<p>          <span class=\"job-search-card__location\"><br \/>\n            Ribeir\u00e3o Preto, S\u00e3o Paulo, Brazil<br \/>\n          <\/span><\/p>\n<div class=\"job-posting-benefits text-sm\">\n        <icon class=\"job-posting-benefits__icon\" data-delayed-url=\"https:\/\/static.licdn.com\/aero-v1\/sc\/h\/3p1v0uhy7uq0cm5zdvzp4eo18\" data-svg-class-name=\"job-posting-benefits__icon-svg\"><\/icon><br \/>\n        <span class=\"job-posting-benefits__text\"><br \/>\n          Actively Hiring<br \/>\n<!---->        <\/span>\n      <\/div>\n<p>          <time class=\"job-search-card__listdate\" datetime=\"2023-06-08\"><\/p>\n<p>      10 months ago<\/p>\n<p>          <\/time><\/p>\n<p><!---->\n            <\/div>\n<\/p><\/div>\n<p><!---->      <\/p><\/div>\n<\/li>\n<li>\n<p>      <a href=\"https:\/\/br.linkedin.com\/jobs\/view\/conferente-de-estoque-3877879595?position=44&amp;pageNum=0&amp;refId=Yg9T2mr%2FGOX%2B8MleSRsTUQ%3D%3D&amp;trackingId=2gnOQl1MFrurzhWpW%2F%2FD2w%3D%3D&amp;trk=public_jobs_jserp-result_search-card\" target=\"_self\" data-impression-id=\"jobs-search-desktop-43\" data-tracking-control-name=\"public_jobs_jserp-result_search-card\" data-tracking-will-navigate class=\"base-card relative w-full hover:no-underline focus:no-underline base-card--link base-search-card base-search-card--link job-search-card\" data-tracking-client-ingraph data-entity-urn=\"urn:li:jobPosting:3877879595\" data-reference-id=\"Yg9T2mr\/GOX+8MleSRsTUQ==\" data-tracking-id=\"2gnOQl1MFrurzhWpW\/\/D2w==\" data-column=\"1\" data-row=\"44\" rel=\"noopener\"><\/p>\n<p><!----><\/p>\n<div class=\"search-entity-media\">\n<p>      <img class=\"artdeco-entity-image artdeco-entity-image--square-4\n          artdeco-entity-image--ghost\" data-delayed-url=\"https:\/\/static.licdn.com\/aero-v1\/sc\/h\/9a9u41thxt325ucfh5z8ga4m8\" data-ghost-classes=\"artdeco-entity-image--ghost\" data-ghost-url=\"https:\/\/static.licdn.com\/aero-v1\/sc\/h\/9a9u41thxt325ucfh5z8ga4m8\" alt><\/p><\/div>\n<div class=\"base-search-card__info\">\n<h3 class=\"base-search-card__title\">\n<p>        Conferente de Estoque<\/p>\n<\/h3>\n<h4 class=\"base-search-card__subtitle\">\n<p>          Della Volpe<\/p>\n<\/h4>\n<p><!----><\/p>\n<div class=\"base-search-card__metadata\">\n<p>          <span class=\"job-search-card__location\"><br \/>\n            Greater Ribeir\u00e3o Preto<br \/>\n          <\/span><\/p>\n<div class=\"job-posting-benefits text-sm\">\n        <icon class=\"job-posting-benefits__icon\" data-delayed-url=\"https:\/\/static.licdn.com\/aero-v1\/sc\/h\/8zmuwb93gzlb935fk4ao4z779\" data-svg-class-name=\"job-posting-benefits__icon-svg\"><\/icon><br \/>\n        <span class=\"job-posting-benefits__text\"><br \/>\n          Be an early applicant<br \/>\n<!---->        <\/span>\n      <\/div>\n<p>          <time class=\"job-search-card__listdate\" datetime=\"2024-04-02\"><\/p>\n<p>      3 weeks ago<\/p>\n<p>          <\/time><\/p>\n<p><!---->\n            <\/div>\n<\/p><\/div>\n<p><!---->      <\/p>\n<p>      <\/a><\/p>\n<\/li>\n<li>\n<p>      <a href=\"https:\/\/br.linkedin.com\/jobs\/view\/analista-de-log%C3%ADstica-3854600905?position=45&amp;pageNum=0&amp;refId=Yg9T2mr%2FGOX%2B8MleSRsTUQ%3D%3D&amp;trackingId=6BWNYvI6vIkTxrHxvX6zPQ%3D%3D&amp;trk=public_jobs_jserp-result_search-card\" target=\"_self\" data-impression-id=\"jobs-search-desktop-44\" data-tracking-control-name=\"public_jobs_jserp-result_search-card\" data-tracking-will-navigate class=\"base-card relative w-full hover:no-underline focus:no-underline base-card--link base-search-card base-search-card--link job-search-card\" data-tracking-client-ingraph data-entity-urn=\"urn:li:jobPosting:3854600905\" data-reference-id=\"Yg9T2mr\/GOX+8MleSRsTUQ==\" data-tracking-id=\"6BWNYvI6vIkTxrHxvX6zPQ==\" data-column=\"1\" data-row=\"45\" rel=\"noopener\"><\/p>\n<p><!----><\/p>\n<div class=\"search-entity-media\">\n<p>      <img class=\"artdeco-entity-image artdeco-entity-image--square-4\n          artdeco-entity-image--ghost\" data-delayed-url=\"https:\/\/static.licdn.com\/aero-v1\/sc\/h\/9a9u41thxt325ucfh5z8ga4m8\" data-ghost-classes=\"artdeco-entity-image--ghost\" data-ghost-url=\"https:\/\/static.licdn.com\/aero-v1\/sc\/h\/9a9u41thxt325ucfh5z8ga4m8\" alt><\/p><\/div>\n<div class=\"base-search-card__info\">\n<h3 class=\"base-search-card__title\">\n<p>        Analista de Log\u00edstica<\/p>\n<\/h3>\n<h4 class=\"base-search-card__subtitle\">\n<p>          Srm Administra\u00e7\u00e3o LTDA-ME<\/p>\n<\/h4>\n<p><!----><\/p>\n<div class=\"base-search-card__metadata\">\n<p>          <span class=\"job-search-card__location\"><br \/>\n            Ribeir\u00e3o Preto, S\u00e3o Paulo, Brazil<br \/>\n          <\/span><\/p>\n<p><!---->  <\/p>\n<p>          <time class=\"job-search-card__listdate\" datetime=\"2024-03-12\"><\/p>\n<p>      1 month ago<\/p>\n<p>          <\/time><\/p>\n<p><!---->\n            <\/div>\n<\/p><\/div>\n<p><!---->      <\/p>\n<p>      <\/a><\/p>\n<\/li>\n<li>\n<div class=\"base-card relative w-full hover:no-underline focus:no-underline base-card--link base-search-card base-search-card--link job-search-card\" data-entity-urn=\"urn:li:jobPosting:3908943698\" data-impression-id=\"jobs-search-desktop-45\" data-reference-id=\"Yg9T2mr\/GOX+8MleSRsTUQ==\" data-tracking-id=\"uZH5q6pAKQKGhVNpjeQ7Mw==\" data-column=\"1\" data-row=\"46\">\n<p>        <a class=\"base-card__full-link absolute top-0 right-0 bottom-0 left-0 p-0 z-[2]\" href=\"https:\/\/br.linkedin.com\/jobs\/view\/auxiliar-log%C3%ADstica-i-at-allis-field-marketing-3908943698?position=46&amp;pageNum=0&amp;refId=Yg9T2mr%2FGOX%2B8MleSRsTUQ%3D%3D&amp;trackingId=uZH5q6pAKQKGhVNpjeQ7Mw%3D%3D&amp;trk=public_jobs_jserp-result_search-card\" data-tracking-control-name=\"public_jobs_jserp-result_search-card\" data-tracking-client-ingraph data-tracking-will-navigate><\/p>\n<p>          <span class=\"sr-only\"><\/p>\n<p>        Auxiliar log\u00edstica I<\/p>\n<p>          <\/span><br \/>\n        <\/a><\/p>\n<div class=\"search-entity-media\">\n<p>      <img class=\"artdeco-entity-image artdeco-entity-image--square-4\n          \" data-delayed-url=\"https:\/\/media.licdn.com\/dms\/image\/C4D0BAQEu3OlrZjigmQ\/company-logo_100_100\/0\/1659364756394\/allis_logo?e=2147483647&amp;v=beta&amp;t=0uXmiPorFNQnPAfewTX1Yj_Cr62sh7P2b_ysIXbkPhY\" data-ghost-classes=\"artdeco-entity-image--ghost\" data-ghost-url=\"https:\/\/static.licdn.com\/aero-v1\/sc\/h\/9a9u41thxt325ucfh5z8ga4m8\" alt><\/p><\/div>\n<div class=\"base-search-card__info\">\n<h3 class=\"base-search-card__title\">\n<p>        Auxiliar log\u00edstica I<\/p>\n<\/h3>\n<h4 class=\"base-search-card__subtitle\">\n<p>          <a class=\"hidden-nested-link\" data-tracking-client-ingraph data-tracking-control-name=\"public_jobs_jserp-result_job-search-card-subtitle\" data-tracking-will-navigate href=\"https:\/\/br.linkedin.com\/company\/allis?trk=public_jobs_jserp-result_job-search-card-subtitle\"><br \/>\n            Allis &#8211; Field Marketing<br \/>\n          <\/a><\/p>\n<\/h4>\n<p><!----><\/p>\n<div class=\"base-search-card__metadata\">\n<p>          <span class=\"job-search-card__location\"><br \/>\n            Ribeir\u00e3o Preto, S\u00e3o Paulo, Brazil<br \/>\n          <\/span><\/p>\n<div class=\"job-posting-benefits text-sm\">\n        <icon class=\"job-posting-benefits__icon\" data-delayed-url=\"https:\/\/static.licdn.com\/aero-v1\/sc\/h\/8zmuwb93gzlb935fk4ao4z779\" data-svg-class-name=\"job-posting-benefits__icon-svg\"><\/icon><br \/>\n        <span class=\"job-posting-benefits__text\"><br \/>\n          Be an early applicant<br \/>\n<!---->        <\/span>\n      <\/div>\n<p>          <time class=\"job-search-card__listdate--new\" datetime=\"2024-04-23\"><\/p>\n<p>      18 hours ago<\/p>\n<p>          <\/time><\/p>\n<p><!---->\n            <\/div>\n<\/p><\/div>\n<p><!---->      <\/p><\/div>\n<\/li>\n<li>\n<div class=\"base-card relative w-full hover:no-underline focus:no-underline base-card--link base-search-card base-search-card--link job-search-card\" data-entity-urn=\"urn:li:jobPosting:3883521257\" data-impression-id=\"jobs-search-desktop-46\" data-reference-id=\"Yg9T2mr\/GOX+8MleSRsTUQ==\" data-tracking-id=\"h0CBiCZia7xrWe9RDFDbKA==\" data-column=\"1\" data-row=\"47\">\n<p>        <a class=\"base-card__full-link absolute top-0 right-0 bottom-0 left-0 p-0 z-[2]\" href=\"https:\/\/br.linkedin.com\/jobs\/view\/operador-jr-log%C3%ADstica-ribeir%C3%A3o-preto-at-shopper-com-br-3883521257?position=47&amp;pageNum=0&amp;refId=Yg9T2mr%2FGOX%2B8MleSRsTUQ%3D%3D&amp;trackingId=h0CBiCZia7xrWe9RDFDbKA%3D%3D&amp;trk=public_jobs_jserp-result_search-card\" data-tracking-control-name=\"public_jobs_jserp-result_search-card\" data-tracking-client-ingraph data-tracking-will-navigate><\/p>\n<p>          <span class=\"sr-only\"><\/p>\n<p>        Operador Jr (Log\u00edstica) &#8211; RIBEIR\u00c3O PRETO<\/p>\n<p>          <\/span><br \/>\n        <\/a><\/p>\n<div class=\"search-entity-media\">\n<p>      <img class=\"artdeco-entity-image artdeco-entity-image--square-4\n          \" data-delayed-url=\"https:\/\/media.licdn.com\/dms\/image\/C4D0BAQFEJ0yrCSp-fw\/company-logo_100_100\/0\/1630494268935?e=2147483647&amp;v=beta&amp;t=xKeZIP0WmVSwqtNdG_krHRfO83RYhlynJkbI0ERhxtU\" data-ghost-classes=\"artdeco-entity-image--ghost\" data-ghost-url=\"https:\/\/static.licdn.com\/aero-v1\/sc\/h\/9a9u41thxt325ucfh5z8ga4m8\" alt><\/p><\/div>\n<div class=\"base-search-card__info\">\n<h3 class=\"base-search-card__title\">\n<p>        Operador Jr (Log\u00edstica) &#8211; RIBEIR\u00c3O PRETO<\/p>\n<\/h3>\n<h4 class=\"base-search-card__subtitle\">\n<p>          <a class=\"hidden-nested-link\" data-tracking-client-ingraph data-tracking-control-name=\"public_jobs_jserp-result_job-search-card-subtitle\" data-tracking-will-navigate href=\"https:\/\/br.linkedin.com\/company\/shopper.com.br?trk=public_jobs_jserp-result_job-search-card-subtitle\"><br \/>\n            Shopper.com.br<br \/>\n          <\/a><\/p>\n<\/h4>\n<p><!----><\/p>\n<div class=\"base-search-card__metadata\">\n<p>          <span class=\"job-search-card__location\"><br \/>\n            Ribeir\u00e3o Preto, S\u00e3o Paulo, Brazil<br \/>\n          <\/span><\/p>\n<p><!---->  <\/p>\n<p>          <time class=\"job-search-card__listdate\" datetime=\"2024-04-03\"><\/p>\n<p>      2 weeks ago<\/p>\n<p>          <\/time><\/p>\n<p><!---->\n            <\/div>\n<\/p><\/div>\n<p><!---->      <\/p><\/div>\n<\/li>\n<li>\n<div class=\"base-card relative w-full hover:no-underline focus:no-underline base-card--link base-search-card base-search-card--link job-search-card\" data-entity-urn=\"urn:li:jobPosting:3908949975\" data-impression-id=\"jobs-search-desktop-47\" data-reference-id=\"Yg9T2mr\/GOX+8MleSRsTUQ==\" data-tracking-id=\"gikxM0imJrZ+WKLDUj5A3w==\" data-column=\"1\" data-row=\"48\">\n<p>        <a class=\"base-card__full-link absolute top-0 right-0 bottom-0 left-0 p-0 z-[2]\" href=\"https:\/\/br.linkedin.com\/jobs\/view\/auxiliar-de-log%C3%ADstica-i-at-allis-field-marketing-3908949975?position=48&amp;pageNum=0&amp;refId=Yg9T2mr%2FGOX%2B8MleSRsTUQ%3D%3D&amp;trackingId=gikxM0imJrZ%2BWKLDUj5A3w%3D%3D&amp;trk=public_jobs_jserp-result_search-card\" data-tracking-control-name=\"public_jobs_jserp-result_search-card\" data-tracking-client-ingraph data-tracking-will-navigate><\/p>\n<p>          <span class=\"sr-only\"><\/p>\n<p>        Auxiliar de log\u00edstica I<\/p>\n<p>          <\/span><br \/>\n        <\/a><\/p>\n<div class=\"search-entity-media\">\n<p>      <img class=\"artdeco-entity-image artdeco-entity-image--square-4\n          \" data-delayed-url=\"https:\/\/media.licdn.com\/dms\/image\/C4D0BAQEu3OlrZjigmQ\/company-logo_100_100\/0\/1659364756394\/allis_logo?e=2147483647&amp;v=beta&amp;t=0uXmiPorFNQnPAfewTX1Yj_Cr62sh7P2b_ysIXbkPhY\" data-ghost-classes=\"artdeco-entity-image--ghost\" data-ghost-url=\"https:\/\/static.licdn.com\/aero-v1\/sc\/h\/9a9u41thxt325ucfh5z8ga4m8\" alt><\/p><\/div>\n<div class=\"base-search-card__info\">\n<h3 class=\"base-search-card__title\">\n<p>        Auxiliar de log\u00edstica I<\/p>\n<\/h3>\n<h4 class=\"base-search-card__subtitle\">\n<p>          <a class=\"hidden-nested-link\" data-tracking-client-ingraph data-tracking-control-name=\"public_jobs_jserp-result_job-search-card-subtitle\" data-tracking-will-navigate href=\"https:\/\/br.linkedin.com\/company\/allis?trk=public_jobs_jserp-result_job-search-card-subtitle\"><br \/>\n            Allis &#8211; Field Marketing<br \/>\n          <\/a><\/p>\n<\/h4>\n<p><!----><\/p>\n<div class=\"base-search-card__metadata\">\n<p>          <span class=\"job-search-card__location\"><br \/>\n            Ribeir\u00e3o Preto, S\u00e3o Paulo, Brazil<br \/>\n          <\/span><\/p>\n<div class=\"job-posting-benefits text-sm\">\n        <icon class=\"job-posting-benefits__icon\" data-delayed-url=\"https:\/\/static.licdn.com\/aero-v1\/sc\/h\/8zmuwb93gzlb935fk4ao4z779\" data-svg-class-name=\"job-posting-benefits__icon-svg\"><\/icon><br \/>\n        <span class=\"job-posting-benefits__text\"><br \/>\n          Be an early applicant<br \/>\n<!---->        <\/span>\n      <\/div>\n<p>          <time class=\"job-search-card__listdate--new\" datetime=\"2024-04-23\"><\/p>\n<p>      18 hours ago<\/p>\n<p>          <\/time><\/p>\n<p><!---->\n            <\/div>\n<\/p><\/div>\n<p><!---->      <\/p><\/div>\n<\/li>\n<li>\n<div class=\"base-card relative w-full hover:no-underline focus:no-underline base-card--link base-search-card base-search-card--link job-search-card\" data-entity-urn=\"urn:li:jobPosting:3758785206\" data-impression-id=\"jobs-search-desktop-48\" data-reference-id=\"Yg9T2mr\/GOX+8MleSRsTUQ==\" data-tracking-id=\"syxkkDGSJQQTvpibb+AmZQ==\" data-column=\"1\" data-row=\"49\">\n<p>        <a class=\"base-card__full-link absolute top-0 right-0 bottom-0 left-0 p-0 z-[2]\" href=\"https:\/\/br.linkedin.com\/jobs\/view\/auxiliar-operacional-de-log%C3%ADstica-ribeir%C3%A3o-preto-sp-at-grupo-moura-3758785206?position=49&amp;pageNum=0&amp;refId=Yg9T2mr%2FGOX%2B8MleSRsTUQ%3D%3D&amp;trackingId=syxkkDGSJQQTvpibb%2BAmZQ%3D%3D&amp;trk=public_jobs_jserp-result_search-card\" data-tracking-control-name=\"public_jobs_jserp-result_search-card\" data-tracking-client-ingraph data-tracking-will-navigate><\/p>\n<p>          <span class=\"sr-only\"><\/p>\n<p>        Auxiliar Operacional de Log\u00edstica | Ribeir\u00e3o Preto SP<\/p>\n<p>          <\/span><br \/>\n        <\/a><\/p>\n<div class=\"search-entity-media\">\n<p>      <img class=\"artdeco-entity-image artdeco-entity-image--square-4\n          \" data-delayed-url=\"https:\/\/media.licdn.com\/dms\/image\/C4D0BAQFTfjzTJeCJFQ\/company-logo_100_100\/0\/1660053169903\/grupo_moura_logo?e=2147483647&amp;v=beta&amp;t=L28d6XOFYWtnQRAmjfHSjC9rxOhquSyXGR3hgWxezDs\" data-ghost-classes=\"artdeco-entity-image--ghost\" data-ghost-url=\"https:\/\/static.licdn.com\/aero-v1\/sc\/h\/9a9u41thxt325ucfh5z8ga4m8\" alt><\/p><\/div>\n<div class=\"base-search-card__info\">\n<h3 class=\"base-search-card__title\">\n<p>        Auxiliar Operacional de Log\u00edstica | Ribeir\u00e3o Preto SP<\/p>\n<\/h3>\n<h4 class=\"base-search-card__subtitle\">\n<p>          <a class=\"hidden-nested-link\" data-tracking-client-ingraph data-tracking-control-name=\"public_jobs_jserp-result_job-search-card-subtitle\" data-tracking-will-navigate href=\"https:\/\/br.linkedin.com\/company\/grupo-moura?trk=public_jobs_jserp-result_job-search-card-subtitle\"><br \/>\n            Grupo Moura<br \/>\n          <\/a><\/p>\n<\/h4>\n<p><!----><\/p>\n<div class=\"base-search-card__metadata\">\n<p>          <span class=\"job-search-card__location\"><br \/>\n            Ribeir\u00e3o Preto, S\u00e3o Paulo, Brazil<br \/>\n          <\/span><\/p>\n<div class=\"job-posting-benefits text-sm\">\n        <icon class=\"job-posting-benefits__icon\" data-delayed-url=\"https:\/\/static.licdn.com\/aero-v1\/sc\/h\/3p1v0uhy7uq0cm5zdvzp4eo18\" data-svg-class-name=\"job-posting-benefits__icon-svg\"><\/icon><br \/>\n        <span class=\"job-posting-benefits__text\"><br \/>\n          Actively Hiring<br \/>\n<!---->        <\/span>\n      <\/div>\n<p>          <time class=\"job-search-card__listdate\" datetime=\"2023-11-08\"><\/p>\n<p>      5 months ago<\/p>\n<p>          <\/time><\/p>\n<p><!---->\n            <\/div>\n<\/p><\/div>\n<p><!---->      <\/p><\/div>\n<\/li>\n<li>\n<div class=\"base-card relative w-full hover:no-underline focus:no-underline base-card--link base-search-card base-search-card--link job-search-card\" data-entity-urn=\"urn:li:jobPosting:3881856971\" data-impression-id=\"jobs-search-desktop-49\" data-reference-id=\"Yg9T2mr\/GOX+8MleSRsTUQ==\" data-tracking-id=\"JZxORX81G+Sgk3KTt7Rk+w==\" data-column=\"1\" data-row=\"50\">\n<p>        <a class=\"base-card__full-link absolute top-0 right-0 bottom-0 left-0 p-0 z-[2]\" href=\"https:\/\/br.linkedin.com\/jobs\/view\/assistente-de-transportes-at-%C3%AAxito-log%C3%ADstica-3881856971?position=50&amp;pageNum=0&amp;refId=Yg9T2mr%2FGOX%2B8MleSRsTUQ%3D%3D&amp;trackingId=JZxORX81G%2BSgk3KTt7Rk%2Bw%3D%3D&amp;trk=public_jobs_jserp-result_search-card\" data-tracking-control-name=\"public_jobs_jserp-result_search-card\" data-tracking-client-ingraph data-tracking-will-navigate><\/p>\n<p>          <span class=\"sr-only\"><\/p>\n<p>        Assistente de Transportes<\/p>\n<p>          <\/span><br \/>\n        <\/a><\/p>\n<div class=\"search-entity-media\">\n<p>      <img class=\"artdeco-entity-image artdeco-entity-image--square-4\n          artdeco-entity-image--ghost\" data-delayed-url=\"https:\/\/static.licdn.com\/aero-v1\/sc\/h\/9a9u41thxt325ucfh5z8ga4m8\" data-ghost-classes=\"artdeco-entity-image--ghost\" data-ghost-url=\"https:\/\/static.licdn.com\/aero-v1\/sc\/h\/9a9u41thxt325ucfh5z8ga4m8\" alt><\/p><\/div>\n<div class=\"base-search-card__info\">\n<h3 class=\"base-search-card__title\">\n<p>        Assistente de Transportes<\/p>\n<\/h3>\n<h4 class=\"base-search-card__subtitle\">\n<p>          <a class=\"hidden-nested-link\" data-tracking-client-ingraph data-tracking-control-name=\"public_jobs_jserp-result_job-search-card-subtitle\" data-tracking-will-navigate href=\"https:\/\/www.linkedin.com\/company\/%C3%AAxito-log%C3%ADstica?trk=public_jobs_jserp-result_job-search-card-subtitle\"><br \/>\n            \u00caxito Log\u00edstica<br \/>\n          <\/a><\/p>\n<\/h4>\n<p><!----><\/p>\n<div class=\"base-search-card__metadata\">\n<p>          <span class=\"job-search-card__location\"><br \/>\n            Ribeir\u00e3o Preto, S\u00e3o Paulo, Brazil<br \/>\n          <\/span><\/p>\n<div class=\"job-posting-benefits text-sm\">\n        <icon class=\"job-posting-benefits__icon\" data-delayed-url=\"https:\/\/static.licdn.com\/aero-v1\/sc\/h\/8zmuwb93gzlb935fk4ao4z779\" data-svg-class-name=\"job-posting-benefits__icon-svg\"><\/icon><br \/>\n        <span class=\"job-posting-benefits__text\"><br \/>\n          Be an early applicant<br \/>\n<!---->        <\/span>\n      <\/div>\n<p>          <time class=\"job-search-card__listdate\" datetime=\"2024-04-02\"><\/p>\n<p>      3 weeks ago<\/p>\n<p>          <\/time><\/p>\n<p><!---->\n            <\/div>\n<\/p><\/div>\n<p><!---->      <\/p><\/div>\n<\/li>\n<li>\n<div class=\"base-card relative w-full hover:no-underline focus:no-underline base-card--link base-search-card base-search-card--link job-search-card\" data-entity-urn=\"urn:li:jobPosting:3908952773\" data-impression-id=\"jobs-search-desktop-50\" data-reference-id=\"Yg9T2mr\/GOX+8MleSRsTUQ==\" data-tracking-id=\"sFQetOfy86QGir3Nfy12Eg==\" data-column=\"1\" data-row=\"51\">\n<p>        <a class=\"base-card__full-link absolute top-0 right-0 bottom-0 left-0 p-0 z-[2]\" href=\"https:\/\/br.linkedin.com\/jobs\/view\/auxiliar-de-log%C3%ADstica-i-at-allis-field-marketing-3908952773?position=51&amp;pageNum=0&amp;refId=Yg9T2mr%2FGOX%2B8MleSRsTUQ%3D%3D&amp;trackingId=sFQetOfy86QGir3Nfy12Eg%3D%3D&amp;trk=public_jobs_jserp-result_search-card\" data-tracking-control-name=\"public_jobs_jserp-result_search-card\" data-tracking-client-ingraph data-tracking-will-navigate><\/p>\n<p>          <span class=\"sr-only\"><\/p>\n<p>        Auxiliar de log\u00edstica I<\/p>\n<p>          <\/span><br \/>\n        <\/a><\/p>\n<div class=\"search-entity-media\">\n<p>      <img class=\"artdeco-entity-image artdeco-entity-image--square-4\n          \" data-delayed-url=\"https:\/\/media.licdn.com\/dms\/image\/C4D0BAQEu3OlrZjigmQ\/company-logo_100_100\/0\/1659364756394\/allis_logo?e=2147483647&amp;v=beta&amp;t=0uXmiPorFNQnPAfewTX1Yj_Cr62sh7P2b_ysIXbkPhY\" data-ghost-classes=\"artdeco-entity-image--ghost\" data-ghost-url=\"https:\/\/static.licdn.com\/aero-v1\/sc\/h\/9a9u41thxt325ucfh5z8ga4m8\" alt><\/p><\/div>\n<div class=\"base-search-card__info\">\n<h3 class=\"base-search-card__title\">\n<p>        Auxiliar de log\u00edstica I<\/p>\n<\/h3>\n<h4 class=\"base-search-card__subtitle\">\n<p>          <a class=\"hidden-nested-link\" data-tracking-client-ingraph data-tracking-control-name=\"public_jobs_jserp-result_job-search-card-subtitle\" data-tracking-will-navigate href=\"https:\/\/br.linkedin.com\/company\/allis?trk=public_jobs_jserp-result_job-search-card-subtitle\"><br \/>\n            Allis &#8211; Field Marketing<br \/>\n          <\/a><\/p>\n<\/h4>\n<p><!----><\/p>\n<div class=\"base-search-card__metadata\">\n<p>          <span class=\"job-search-card__location\"><br \/>\n            Ribeir\u00e3o Preto, S\u00e3o Paulo, Brazil<br \/>\n          <\/span><\/p>\n<div class=\"job-posting-benefits text-sm\">\n        <icon class=\"job-posting-benefits__icon\" data-delayed-url=\"https:\/\/static.licdn.com\/aero-v1\/sc\/h\/8zmuwb93gzlb935fk4ao4z779\" data-svg-class-name=\"job-posting-benefits__icon-svg\"><\/icon><br \/>\n        <span class=\"job-posting-benefits__text\"><br \/>\n          Be an early applicant<br \/>\n<!---->        <\/span>\n      <\/div>\n<p>          <time class=\"job-search-card__listdate--new\" datetime=\"2024-04-23\"><\/p>\n<p>      18 hours ago<\/p>\n<p>          <\/time><\/p>\n<p><!---->\n            <\/div>\n<\/p><\/div>\n<p><!---->      <\/p><\/div>\n<\/li>\n<li>\n<div class=\"base-card relative w-full hover:no-underline focus:no-underline base-card--link base-search-card base-search-card--link job-search-card\" data-entity-urn=\"urn:li:jobPosting:3908947651\" data-impression-id=\"jobs-search-desktop-51\" data-reference-id=\"Yg9T2mr\/GOX+8MleSRsTUQ==\" data-tracking-id=\"j\/Xmo9dwpGqkNRy0h8TnFg==\" data-column=\"1\" data-row=\"52\">\n<p>        <a class=\"base-card__full-link absolute top-0 right-0 bottom-0 left-0 p-0 z-[2]\" href=\"https:\/\/br.linkedin.com\/jobs\/view\/l%C3%ADder-operacional-at-exclusiva-b-v-3908947651?position=52&amp;pageNum=0&amp;refId=Yg9T2mr%2FGOX%2B8MleSRsTUQ%3D%3D&amp;trackingId=j%2FXmo9dwpGqkNRy0h8TnFg%3D%3D&amp;trk=public_jobs_jserp-result_search-card\" data-tracking-control-name=\"public_jobs_jserp-result_search-card\" data-tracking-client-ingraph data-tracking-will-navigate><\/p>\n<p>          <span class=\"sr-only\"><\/p>\n<p>        L\u00edder Operacional<\/p>\n<p>          <\/span><br \/>\n        <\/a><\/p>\n<div class=\"search-entity-media\">\n<p>      <img class=\"artdeco-entity-image artdeco-entity-image--square-4\n          \" data-delayed-url=\"https:\/\/media.licdn.com\/dms\/image\/C4E0BAQErnZMEYV8QNA\/company-logo_100_100\/0\/1631347848404?e=2147483647&amp;v=beta&amp;t=H94plJCtfqEHuaDlsq5ARYxDykImXNyjZROmlFICs38\" data-ghost-classes=\"artdeco-entity-image--ghost\" data-ghost-url=\"https:\/\/static.licdn.com\/aero-v1\/sc\/h\/9a9u41thxt325ucfh5z8ga4m8\" alt><\/p><\/div>\n<div class=\"base-search-card__info\">\n<h3 class=\"base-search-card__title\">\n<p>        L\u00edder Operacional<\/p>\n<\/h3>\n<h4 class=\"base-search-card__subtitle\">\n<p>          <a class=\"hidden-nested-link\" data-tracking-client-ingraph data-tracking-control-name=\"public_jobs_jserp-result_job-search-card-subtitle\" data-tracking-will-navigate href=\"https:\/\/nl.linkedin.com\/company\/exclusiva-b.v.?trk=public_jobs_jserp-result_job-search-card-subtitle\"><br \/>\n            exclusiva b.v.<br \/>\n          <\/a><\/p>\n<\/h4>\n<p><!----><\/p>\n<div class=\"base-search-card__metadata\">\n<p>          <span class=\"job-search-card__location\"><br \/>\n            Ribeir\u00e3o Preto, S\u00e3o Paulo, Brazil<br \/>\n          <\/span><\/p>\n<div class=\"job-posting-benefits text-sm\">\n        <icon class=\"job-posting-benefits__icon\" data-delayed-url=\"https:\/\/static.licdn.com\/aero-v1\/sc\/h\/8zmuwb93gzlb935fk4ao4z779\" data-svg-class-name=\"job-posting-benefits__icon-svg\"><\/icon><br \/>\n        <span class=\"job-posting-benefits__text\"><br \/>\n          Be an early applicant<br \/>\n<!---->        <\/span>\n      <\/div>\n<p>          <time class=\"job-search-card__listdate--new\" datetime=\"2024-04-23\"><\/p>\n<p>      18 hours ago<\/p>\n<p>          <\/time><\/p>\n<p><!---->\n            <\/div>\n<\/p><\/div>\n<p><!---->      <\/p><\/div>\n<\/li>\n<li>\n<div class=\"base-card relative w-full hover:no-underline focus:no-underline base-card--link base-search-card base-search-card--link job-search-card\" data-entity-urn=\"urn:li:jobPosting:3908950894\" data-impression-id=\"jobs-search-desktop-52\" data-reference-id=\"Yg9T2mr\/GOX+8MleSRsTUQ==\" data-tracking-id=\"VKxrPhilNlv6AXj4xzPlwg==\" data-column=\"1\" data-row=\"53\">\n<p>        <a class=\"base-card__full-link absolute top-0 right-0 bottom-0 left-0 p-0 z-[2]\" href=\"https:\/\/br.linkedin.com\/jobs\/view\/auxiliar-de-log%C3%ADstica-i-at-allis-field-marketing-3908950894?position=53&amp;pageNum=0&amp;refId=Yg9T2mr%2FGOX%2B8MleSRsTUQ%3D%3D&amp;trackingId=VKxrPhilNlv6AXj4xzPlwg%3D%3D&amp;trk=public_jobs_jserp-result_search-card\" data-tracking-control-name=\"public_jobs_jserp-result_search-card\" data-tracking-client-ingraph data-tracking-will-navigate><\/p>\n<p>          <span class=\"sr-only\"><\/p>\n<p>        Auxiliar de log\u00edstica I<\/p>\n<p>          <\/span><br \/>\n        <\/a><\/p>\n<div class=\"search-entity-media\">\n<p>      <img class=\"artdeco-entity-image artdeco-entity-image--square-4\n          \" data-delayed-url=\"https:\/\/media.licdn.com\/dms\/image\/C4D0BAQEu3OlrZjigmQ\/company-logo_100_100\/0\/1659364756394\/allis_logo?e=2147483647&amp;v=beta&amp;t=0uXmiPorFNQnPAfewTX1Yj_Cr62sh7P2b_ysIXbkPhY\" data-ghost-classes=\"artdeco-entity-image--ghost\" data-ghost-url=\"https:\/\/static.licdn.com\/aero-v1\/sc\/h\/9a9u41thxt325ucfh5z8ga4m8\" alt><\/p><\/div>\n<div class=\"base-search-card__info\">\n<h3 class=\"base-search-card__title\">\n<p>        Auxiliar de log\u00edstica I<\/p>\n<\/h3>\n<h4 class=\"base-search-card__subtitle\">\n<p>          <a class=\"hidden-nested-link\" data-tracking-client-ingraph data-tracking-control-name=\"public_jobs_jserp-result_job-search-card-subtitle\" data-tracking-will-navigate href=\"https:\/\/br.linkedin.com\/company\/allis?trk=public_jobs_jserp-result_job-search-card-subtitle\"><br \/>\n            Allis &#8211; Field Marketing<br \/>\n          <\/a><\/p>\n<\/h4>\n<p><!----><\/p>\n<div class=\"base-search-card__metadata\">\n<p>          <span class=\"job-search-card__location\"><br \/>\n            Ribeir\u00e3o Preto, S\u00e3o Paulo, Brazil<br \/>\n          <\/span><\/p>\n<div class=\"job-posting-benefits text-sm\">\n        <icon class=\"job-posting-benefits__icon\" data-delayed-url=\"https:\/\/static.licdn.com\/aero-v1\/sc\/h\/8zmuwb93gzlb935fk4ao4z779\" data-svg-class-name=\"job-posting-benefits__icon-svg\"><\/icon><br \/>\n        <span class=\"job-posting-benefits__text\"><br \/>\n          Be an early applicant<br \/>\n<!---->        <\/span>\n      <\/div>\n<p>          <time class=\"job-search-card__listdate--new\" datetime=\"2024-04-23\"><\/p>\n<p>      18 hours ago<\/p>\n<p>          <\/time><\/p>\n<p><!---->\n            <\/div>\n<\/p><\/div>\n<p><!---->      <\/p><\/div>\n<\/li>\n<li>\n<div class=\"base-card relative w-full hover:no-underline focus:no-underline base-card--link base-search-card base-search-card--link job-search-card\" data-entity-urn=\"urn:li:jobPosting:3882584227\" data-impression-id=\"jobs-search-desktop-53\" data-reference-id=\"Yg9T2mr\/GOX+8MleSRsTUQ==\" data-tracking-id=\"3e9wELe43ZO2HF7jLPWxIg==\" data-column=\"1\" data-row=\"54\">\n<p>        <a class=\"base-card__full-link absolute top-0 right-0 bottom-0 left-0 p-0 z-[2]\" href=\"https:\/\/br.linkedin.com\/jobs\/view\/auxiliar-de-estoque-ribeir%C3%A3o-preto-at-grupo-comolatti-3882584227?position=54&amp;pageNum=0&amp;refId=Yg9T2mr%2FGOX%2B8MleSRsTUQ%3D%3D&amp;trackingId=3e9wELe43ZO2HF7jLPWxIg%3D%3D&amp;trk=public_jobs_jserp-result_search-card\" data-tracking-control-name=\"public_jobs_jserp-result_search-card\" data-tracking-client-ingraph data-tracking-will-navigate><\/p>\n<p>          <span class=\"sr-only\"><\/p>\n<p>        Auxiliar de estoque  Ribeir\u00e3o Preto<\/p>\n<p>          <\/span><br \/>\n        <\/a><\/p>\n<div class=\"search-entity-media\">\n<p>      <img class=\"artdeco-entity-image artdeco-entity-image--square-4\n          \" data-delayed-url=\"https:\/\/media.licdn.com\/dms\/image\/D4D0BAQFX6gFy8kN-yw\/company-logo_100_100\/0\/1689789575541\/comolatti_grupo_logo?e=2147483647&amp;v=beta&amp;t=i3GCZGm71uN5eTnyYjg-j_pfZRhBbGrRxF_BBSxiz-Y\" data-ghost-classes=\"artdeco-entity-image--ghost\" data-ghost-url=\"https:\/\/static.licdn.com\/aero-v1\/sc\/h\/9a9u41thxt325ucfh5z8ga4m8\" alt><\/p><\/div>\n<div class=\"base-search-card__info\">\n<h3 class=\"base-search-card__title\">\n<p>        Auxiliar de estoque  Ribeir\u00e3o Preto<\/p>\n<\/h3>\n<h4 class=\"base-search-card__subtitle\">\n<p>          <a class=\"hidden-nested-link\" data-tracking-client-ingraph data-tracking-control-name=\"public_jobs_jserp-result_job-search-card-subtitle\" data-tracking-will-navigate href=\"https:\/\/br.linkedin.com\/company\/comolatti-grupo?trk=public_jobs_jserp-result_job-search-card-subtitle\"><br \/>\n            Grupo Comolatti<br \/>\n          <\/a><\/p>\n<\/h4>\n<p><!----><\/p>\n<div class=\"base-search-card__metadata\">\n<p>          <span class=\"job-search-card__location\"><br \/>\n            Ribeir\u00e3o Preto, S\u00e3o Paulo, Brazil<br \/>\n          <\/span><\/p>\n<div class=\"job-posting-benefits text-sm\">\n        <icon class=\"job-posting-benefits__icon\" data-delayed-url=\"https:\/\/static.licdn.com\/aero-v1\/sc\/h\/3p1v0uhy7uq0cm5zdvzp4eo18\" data-svg-class-name=\"job-posting-benefits__icon-svg\"><\/icon><br \/>\n        <span class=\"job-posting-benefits__text\"><br \/>\n          Actively Hiring<br \/>\n<!---->        <\/span>\n      <\/div>\n<p>          <time class=\"job-search-card__listdate\" datetime=\"2024-04-03\"><\/p>\n<p>      3 weeks ago<\/p>\n<p>          <\/time><\/p>\n<p><!---->\n            <\/div>\n<\/p><\/div>\n<p><!---->      <\/p><\/div>\n<\/li>\n<li>\n<div class=\"base-card relative w-full hover:no-underline focus:no-underline base-card--link base-search-card base-search-card--link job-search-card\" data-entity-urn=\"urn:li:jobPosting:3755906407\" data-impression-id=\"jobs-search-desktop-54\" data-reference-id=\"Yg9T2mr\/GOX+8MleSRsTUQ==\" data-tracking-id=\"TFAK4l5Zh9YdX0g\/zdKuNg==\" data-column=\"1\" data-row=\"55\">\n<p>        <a class=\"base-card__full-link absolute top-0 right-0 bottom-0 left-0 p-0 z-[2]\" href=\"https:\/\/br.linkedin.com\/jobs\/view\/l%C3%ADder-de-log%C3%ADstica-pegasus-ribeir%C3%A3o-preto-at-fortbras-3755906407?position=55&amp;pageNum=0&amp;refId=Yg9T2mr%2FGOX%2B8MleSRsTUQ%3D%3D&amp;trackingId=TFAK4l5Zh9YdX0g%2FzdKuNg%3D%3D&amp;trk=public_jobs_jserp-result_search-card\" data-tracking-control-name=\"public_jobs_jserp-result_search-card\" data-tracking-client-ingraph data-tracking-will-navigate><\/p>\n<p>          <span class=\"sr-only\"><\/p>\n<p>        L\u00edder de log\u00edstica &#8211; Pegasus Ribeir\u00e3o Preto<\/p>\n<p>          <\/span><br \/>\n        <\/a><\/p>\n<div class=\"search-entity-media\">\n<p>      <img class=\"artdeco-entity-image artdeco-entity-image--square-4\n          \" data-delayed-url=\"https:\/\/media.licdn.com\/dms\/image\/C4E0BAQFc6-83Ez2aqQ\/company-logo_100_100\/0\/1631365428580\/fortbras_logo?e=2147483647&amp;v=beta&amp;t=YsEqqP1GNPSGxx8ZfqGJ04FcnDl968pvV7JLQ0BYDEY\" data-ghost-classes=\"artdeco-entity-image--ghost\" data-ghost-url=\"https:\/\/static.licdn.com\/aero-v1\/sc\/h\/9a9u41thxt325ucfh5z8ga4m8\" alt><\/p><\/div>\n<div class=\"base-search-card__info\">\n<h3 class=\"base-search-card__title\">\n<p>        L\u00edder de log\u00edstica &#8211; Pegasus Ribeir\u00e3o Preto<\/p>\n<\/h3>\n<h4 class=\"base-search-card__subtitle\">\n<p>          <a class=\"hidden-nested-link\" data-tracking-client-ingraph data-tracking-control-name=\"public_jobs_jserp-result_job-search-card-subtitle\" data-tracking-will-navigate href=\"https:\/\/br.linkedin.com\/company\/fortbras?trk=public_jobs_jserp-result_job-search-card-subtitle\"><br \/>\n            Fortbras<br \/>\n          <\/a><\/p>\n<\/h4>\n<p><!----><\/p>\n<div class=\"base-search-card__metadata\">\n<p>          <span class=\"job-search-card__location\"><br \/>\n            Ribeir\u00e3o Preto, S\u00e3o Paulo, Brazil<br \/>\n          <\/span><\/p>\n<div class=\"job-posting-benefits text-sm\">\n        <icon class=\"job-posting-benefits__icon\" data-delayed-url=\"https:\/\/static.licdn.com\/aero-v1\/sc\/h\/3p1v0uhy7uq0cm5zdvzp4eo18\" data-svg-class-name=\"job-posting-benefits__icon-svg\"><\/icon><br \/>\n        <span class=\"job-posting-benefits__text\"><br \/>\n          Actively Hiring<br \/>\n<!---->        <\/span>\n      <\/div>\n<p>          <time class=\"job-search-card__listdate\" datetime=\"2023-11-02\"><\/p>\n<p>      5 months ago<\/p>\n<p>          <\/time><\/p>\n<p><!---->\n            <\/div>\n<\/p><\/div>\n<p><!---->      <\/p><\/div>\n<\/li>\n<li>\n<p>      <a href=\"https:\/\/br.linkedin.com\/jobs\/view\/estoquista-estoquista-montador-3825930928?position=56&amp;pageNum=0&amp;refId=Yg9T2mr%2FGOX%2B8MleSRsTUQ%3D%3D&amp;trackingId=X5v9EP5SQghp%2BtlikaETuA%3D%3D&amp;trk=public_jobs_jserp-result_search-card\" target=\"_self\" data-impression-id=\"jobs-search-desktop-55\" data-tracking-control-name=\"public_jobs_jserp-result_search-card\" data-tracking-will-navigate class=\"base-card relative w-full hover:no-underline focus:no-underline base-card--link base-search-card base-search-card--link job-search-card\" data-tracking-client-ingraph data-entity-urn=\"urn:li:jobPosting:3825930928\" data-reference-id=\"Yg9T2mr\/GOX+8MleSRsTUQ==\" data-tracking-id=\"X5v9EP5SQghp+tlikaETuA==\" data-column=\"1\" data-row=\"56\" rel=\"noopener\"><\/p>\n<p><!----><\/p>\n<div class=\"search-entity-media\">\n<p>      <img class=\"artdeco-entity-image artdeco-entity-image--square-4\n          artdeco-entity-image--ghost\" data-delayed-url=\"https:\/\/static.licdn.com\/aero-v1\/sc\/h\/9a9u41thxt325ucfh5z8ga4m8\" data-ghost-classes=\"artdeco-entity-image--ghost\" data-ghost-url=\"https:\/\/static.licdn.com\/aero-v1\/sc\/h\/9a9u41thxt325ucfh5z8ga4m8\" alt><\/p><\/div>\n<div class=\"base-search-card__info\">\n<h3 class=\"base-search-card__title\">\n<p>        Estoquista &#8211; Estoquista\/Montador<\/p>\n<\/h3>\n<h4 class=\"base-search-card__subtitle\">\n<p>          Casa do Brasil &#8211; Atelier na Rua<\/p>\n<\/h4>\n<p><!----><\/p>\n<div class=\"base-search-card__metadata\">\n<p>          <span class=\"job-search-card__location\"><br \/>\n            Ribeir\u00e3o Preto, S\u00e3o Paulo, Brazil<br \/>\n          <\/span><\/p>\n<div class=\"job-posting-benefits text-sm\">\n        <icon class=\"job-posting-benefits__icon\" data-delayed-url=\"https:\/\/static.licdn.com\/aero-v1\/sc\/h\/8zmuwb93gzlb935fk4ao4z779\" data-svg-class-name=\"job-posting-benefits__icon-svg\"><\/icon><br \/>\n        <span class=\"job-posting-benefits__text\"><br \/>\n          Be an early applicant<br \/>\n<!---->        <\/span>\n      <\/div>\n<p>          <time class=\"job-search-card__listdate\" datetime=\"2024-02-08\"><\/p>\n<p>      2 months ago<\/p>\n<p>          <\/time><\/p>\n<p><!---->\n            <\/div>\n<\/p><\/div>\n<p><!---->      <\/p>\n<p>      <\/a><\/p>\n<\/li>\n<li>\n<div class=\"base-card relative w-full hover:no-underline focus:no-underline base-card--link base-search-card base-search-card--link job-search-card\" data-entity-urn=\"urn:li:jobPosting:3903351417\" data-impression-id=\"jobs-search-desktop-56\" data-reference-id=\"Yg9T2mr\/GOX+8MleSRsTUQ==\" data-tracking-id=\"07gwVnK9l0AJa\/1cnm0C\/w==\" data-column=\"1\" data-row=\"57\">\n<p>        <a class=\"base-card__full-link absolute top-0 right-0 bottom-0 left-0 p-0 z-[2]\" href=\"https:\/\/br.linkedin.com\/jobs\/view\/assistente-de-compras-mafra-especialidades-ribeir%C3%A3o-preto-sp-at-viveo-3903351417?position=57&amp;pageNum=0&amp;refId=Yg9T2mr%2FGOX%2B8MleSRsTUQ%3D%3D&amp;trackingId=07gwVnK9l0AJa%2F1cnm0C%2Fw%3D%3D&amp;trk=public_jobs_jserp-result_search-card\" data-tracking-control-name=\"public_jobs_jserp-result_search-card\" data-tracking-client-ingraph data-tracking-will-navigate><\/p>\n<p>          <span class=\"sr-only\"><\/p>\n<p>        Assistente de Compras | Mafra Especialidades | Ribeir\u00e3o Preto &#8211; SP<\/p>\n<p>          <\/span><br \/>\n        <\/a><\/p>\n<div class=\"search-entity-media\">\n<p>      <img class=\"artdeco-entity-image artdeco-entity-image--square-4\n          \" data-delayed-url=\"https:\/\/media.licdn.com\/dms\/image\/C4D0BAQF7ti0nEPYEOQ\/company-logo_100_100\/0\/1630556268763\/viveosaude_logo?e=2147483647&amp;v=beta&amp;t=23DHvqgb5uH_H7rBg8Kceq4qMubSEfP9WCSmmP8r8TM\" data-ghost-classes=\"artdeco-entity-image--ghost\" data-ghost-url=\"https:\/\/static.licdn.com\/aero-v1\/sc\/h\/9a9u41thxt325ucfh5z8ga4m8\" alt><\/p><\/div>\n<div class=\"base-search-card__info\">\n<h3 class=\"base-search-card__title\">\n<p>        Assistente de Compras | Mafra Especialidades | Ribeir\u00e3o Preto &#8211; SP<\/p>\n<\/h3>\n<h4 class=\"base-search-card__subtitle\">\n<p>          <a class=\"hidden-nested-link\" data-tracking-client-ingraph data-tracking-control-name=\"public_jobs_jserp-result_job-search-card-subtitle\" data-tracking-will-navigate href=\"https:\/\/br.linkedin.com\/company\/viveooficial?trk=public_jobs_jserp-result_job-search-card-subtitle\"><br \/>\n            Viveo<br \/>\n          <\/a><\/p>\n<\/h4>\n<p><!----><\/p>\n<div class=\"base-search-card__metadata\">\n<p>          <span class=\"job-search-card__location\"><br \/>\n            Ribeir\u00e3o Preto, S\u00e3o Paulo, Brazil<br \/>\n          <\/span><\/p>\n<div class=\"job-posting-benefits text-sm\">\n        <icon class=\"job-posting-benefits__icon\" data-delayed-url=\"https:\/\/static.licdn.com\/aero-v1\/sc\/h\/3p1v0uhy7uq0cm5zdvzp4eo18\" data-svg-class-name=\"job-posting-benefits__icon-svg\"><\/icon><br \/>\n        <span class=\"job-posting-benefits__text\"><br \/>\n          Actively Hiring<br \/>\n<!---->        <\/span>\n      <\/div>\n<p>          <time class=\"job-search-card__listdate\" datetime=\"2024-04-16\"><\/p>\n<p>      1 week ago<\/p>\n<p>          <\/time><\/p>\n<p><!---->\n            <\/div>\n<\/p><\/div>\n<p><!---->      <\/p><\/div>\n<\/li>\n<li>\n<p>      <a href=\"https:\/\/br.linkedin.com\/jobs\/view\/auxiliar-de-log%C3%ADstica-3903992414?position=58&amp;pageNum=0&amp;refId=Yg9T2mr%2FGOX%2B8MleSRsTUQ%3D%3D&amp;trackingId=NrOg7UIR2YQescHktJ9xyQ%3D%3D&amp;trk=public_jobs_jserp-result_search-card\" target=\"_self\" data-impression-id=\"jobs-search-desktop-57\" data-tracking-control-name=\"public_jobs_jserp-result_search-card\" data-tracking-will-navigate class=\"base-card relative w-full hover:no-underline focus:no-underline base-card--link base-search-card base-search-card--link job-search-card\" data-tracking-client-ingraph data-entity-urn=\"urn:li:jobPosting:3903992414\" data-reference-id=\"Yg9T2mr\/GOX+8MleSRsTUQ==\" data-tracking-id=\"NrOg7UIR2YQescHktJ9xyQ==\" data-column=\"1\" data-row=\"58\" rel=\"noopener\"><\/p>\n<p><!----><\/p>\n<div class=\"search-entity-media\">\n<p>      <img class=\"artdeco-entity-image artdeco-entity-image--square-4\n          artdeco-entity-image--ghost\" data-delayed-url=\"https:\/\/static.licdn.com\/aero-v1\/sc\/h\/9a9u41thxt325ucfh5z8ga4m8\" data-ghost-classes=\"artdeco-entity-image--ghost\" data-ghost-url=\"https:\/\/static.licdn.com\/aero-v1\/sc\/h\/9a9u41thxt325ucfh5z8ga4m8\" alt><\/p><\/div>\n<div class=\"base-search-card__info\">\n<h3 class=\"base-search-card__title\">\n<p>        Auxiliar de Log\u00edstica<\/p>\n<\/h3>\n<h4 class=\"base-search-card__subtitle\">\n<p>          R.B. Ercole Recursos Humanos &#8211; Eireli<\/p>\n<\/h4>\n<p><!----><\/p>\n<div class=\"base-search-card__metadata\">\n<p>          <span class=\"job-search-card__location\"><br \/>\n            Ribeir\u00e3o Preto, S\u00e3o Paulo, Brazil<br \/>\n          <\/span><\/p>\n<div class=\"job-posting-benefits text-sm\">\n        <icon class=\"job-posting-benefits__icon\" data-delayed-url=\"https:\/\/static.licdn.com\/aero-v1\/sc\/h\/8zmuwb93gzlb935fk4ao4z779\" data-svg-class-name=\"job-posting-benefits__icon-svg\"><\/icon><br \/>\n        <span class=\"job-posting-benefits__text\"><br \/>\n          Be an early applicant<br \/>\n<!---->        <\/span>\n      <\/div>\n<p>          <time class=\"job-search-card__listdate\" datetime=\"2024-04-17\"><\/p>\n<p>      6 days ago<\/p>\n<p>          <\/time><\/p>\n<p><!---->\n            <\/div>\n<\/p><\/div>\n<p><!---->      <\/p>\n<p>      <\/a><\/p>\n<\/li>\n<li>\n<div class=\"base-card relative w-full hover:no-underline focus:no-underline base-card--link base-search-card base-search-card--link job-search-card\" data-entity-urn=\"urn:li:jobPosting:3882213593\" data-impression-id=\"jobs-search-desktop-58\" data-reference-id=\"Yg9T2mr\/GOX+8MleSRsTUQ==\" data-tracking-id=\"0K1FFbJgfFXf+BhPFBpILQ==\" data-column=\"1\" data-row=\"59\">\n<p>        <a class=\"base-card__full-link absolute top-0 right-0 bottom-0 left-0 p-0 z-[2]\" href=\"https:\/\/br.linkedin.com\/jobs\/view\/analista-de-invent%C3%A1rio-at-grupo-passalacqua-3882213593?position=59&amp;pageNum=0&amp;refId=Yg9T2mr%2FGOX%2B8MleSRsTUQ%3D%3D&amp;trackingId=0K1FFbJgfFXf%2BBhPFBpILQ%3D%3D&amp;trk=public_jobs_jserp-result_search-card\" data-tracking-control-name=\"public_jobs_jserp-result_search-card\" data-tracking-client-ingraph data-tracking-will-navigate><\/p>\n<p>          <span class=\"sr-only\"><\/p>\n<p>        Analista de Invent\u00e1rio<\/p>\n<p>          <\/span><br \/>\n        <\/a><\/p>\n<div class=\"search-entity-media\">\n<p>      <img class=\"artdeco-entity-image artdeco-entity-image--square-4\n          \" data-delayed-url=\"https:\/\/media.licdn.com\/dms\/image\/D4D0BAQGd2SP_4Jqe-w\/company-logo_100_100\/0\/1706796106140\/grupo_passalacqua_logo?e=2147483647&amp;v=beta&amp;t=F4Uk6q3e0jJ4oX3p7D_1qohkUOReu7g-htAD3Shssi4\" data-ghost-classes=\"artdeco-entity-image--ghost\" data-ghost-url=\"https:\/\/static.licdn.com\/aero-v1\/sc\/h\/9a9u41thxt325ucfh5z8ga4m8\" alt><\/p><\/div>\n<div class=\"base-search-card__info\">\n<h3 class=\"base-search-card__title\">\n<p>        Analista de Invent\u00e1rio<\/p>\n<\/h3>\n<h4 class=\"base-search-card__subtitle\">\n<p>          <a class=\"hidden-nested-link\" data-tracking-client-ingraph data-tracking-control-name=\"public_jobs_jserp-result_job-search-card-subtitle\" data-tracking-will-navigate href=\"https:\/\/br.linkedin.com\/company\/grupo-passalacqua?trk=public_jobs_jserp-result_job-search-card-subtitle\"><br \/>\n            Grupo Passalacqua<br \/>\n          <\/a><\/p>\n<\/h4>\n<p><!----><\/p>\n<div class=\"base-search-card__metadata\">\n<p>          <span class=\"job-search-card__location\"><br \/>\n            Ribeir\u00e3o Preto, S\u00e3o Paulo, Brazil<br \/>\n          <\/span><\/p>\n<p><!---->  <\/p>\n<p>          <time class=\"job-search-card__listdate\" datetime=\"2024-04-02\"><\/p>\n<p>      3 weeks ago<\/p>\n<p>          <\/time><\/p>\n<p><!---->\n            <\/div>\n<\/p><\/div>\n<p><!---->      <\/p><\/div>\n<\/li>\n<li>\n<div class=\"base-card relative w-full hover:no-underline focus:no-underline base-card--link base-search-card base-search-card--link job-search-card\" data-entity-urn=\"urn:li:jobPosting:3868367621\" data-impression-id=\"jobs-search-desktop-59\" data-reference-id=\"Yg9T2mr\/GOX+8MleSRsTUQ==\" data-tracking-id=\"k1M0VEgi72Qqp+Llm4W+ww==\" data-column=\"1\" data-row=\"60\">\n<p>        <a class=\"base-card__full-link absolute top-0 right-0 bottom-0 left-0 p-0 z-[2]\" href=\"https:\/\/br.linkedin.com\/jobs\/view\/est%C3%A1gio-na-%C3%A1rea-de-almoxarifado-ribeir%C3%A3o-preto-sp-at-brasif-m%C3%A1quinas-3868367621?position=60&amp;pageNum=0&amp;refId=Yg9T2mr%2FGOX%2B8MleSRsTUQ%3D%3D&amp;trackingId=k1M0VEgi72Qqp%2BLlm4W%2Bww%3D%3D&amp;trk=public_jobs_jserp-result_search-card\" data-tracking-control-name=\"public_jobs_jserp-result_search-card\" data-tracking-client-ingraph data-tracking-will-navigate><\/p>\n<p>          <span class=\"sr-only\"><\/p>\n<p>        Est\u00e1gio na \u00e1rea de Almoxarifado (RIBEIR\u00c3O PRETO-SP)<\/p>\n<p>          <\/span><br \/>\n        <\/a><\/p>\n<div class=\"search-entity-media\">\n<p>      <img class=\"artdeco-entity-image artdeco-entity-image--square-4\n          \" data-delayed-url=\"https:\/\/media.licdn.com\/dms\/image\/C4E0BAQHfa0-ItrKOgw\/company-logo_100_100\/0\/1638407437180?e=2147483647&amp;v=beta&amp;t=Wd3aEr46cXNkvx_w46TX16c1Am2rDcimi7VCVr6OXkA\" data-ghost-classes=\"artdeco-entity-image--ghost\" data-ghost-url=\"https:\/\/static.licdn.com\/aero-v1\/sc\/h\/9a9u41thxt325ucfh5z8ga4m8\" alt><\/p><\/div>\n<div class=\"base-search-card__info\">\n<h3 class=\"base-search-card__title\">\n<p>        Est\u00e1gio na \u00e1rea de Almoxarifado (RIBEIR\u00c3O PRETO-SP)<\/p>\n<\/h3>\n<h4 class=\"base-search-card__subtitle\">\n<p>          <a class=\"hidden-nested-link\" data-tracking-client-ingraph data-tracking-control-name=\"public_jobs_jserp-result_job-search-card-subtitle\" data-tracking-will-navigate href=\"https:\/\/br.linkedin.com\/company\/brasif?trk=public_jobs_jserp-result_job-search-card-subtitle\"><br \/>\n            Brasif M\u00e1quinas<br \/>\n          <\/a><\/p>\n<\/h4>\n<p><!----><\/p>\n<div class=\"base-search-card__metadata\">\n<p>          <span class=\"job-search-card__location\"><br \/>\n            Ribeir\u00e3o Preto, S\u00e3o Paulo, Brazil<br \/>\n          <\/span><\/p>\n<div class=\"job-posting-benefits text-sm\">\n        <icon class=\"job-posting-benefits__icon\" data-delayed-url=\"https:\/\/static.licdn.com\/aero-v1\/sc\/h\/8zmuwb93gzlb935fk4ao4z779\" data-svg-class-name=\"job-posting-benefits__icon-svg\"><\/icon><br \/>\n        <span class=\"job-posting-benefits__text\"><br \/>\n          Be an early applicant<br \/>\n<!---->        <\/span>\n      <\/div>\n<p>          <time class=\"job-search-card__listdate\" datetime=\"2024-03-22\"><\/p>\n<p>      1 month ago<\/p>\n<p>          <\/time><\/p>\n<p><!---->\n            <\/div>\n<\/p><\/div>\n<p><!---->      <\/p><\/div>\n<\/li>\n<\/ul>\n<div class=\"loader\">\n<div class=\"loader__container mb-2 overflow-hidden\">\n        <icon class=\"loader__icon inline-block loader__icon--default text-color-progress-loading\" data-delayed-url=\"https:\/\/static.licdn.com\/aero-v1\/sc\/h\/ddi43qwelxeqjxdd45pe3fvs1\" data-svg-class-name=\"loader__icon-svg--small fill-currentColor h-[30px] min-h-[30px] w-[30px] min-w-[30px]\"><\/icon>\n      <\/div>\n<\/p><\/div>\n<p>      <button aria-label=\"See more jobs\" class=\"infinite-scroller__show-more-button\" data-tracking-control-name=\"infinite-scroller_show-more\"><\/p>\n<p>                See more jobs<\/p>\n<p>      <\/button><\/p>\n<div class=\"px-1.5 flex inline-notification hidden text-color-signal-positive see-more-jobs__viewed-all\" role=\"alert\" type=\"success\">\n      <icon class=\"inline-notification__icon w-[20px] h-[20px] shrink-0 mr-[10px] inline-block\" data-delayed-url=\"https:\/\/static.licdn.com\/aero-v1\/sc\/h\/5y10kyxw0tpa4rk80dkbjhk6b\"><\/icon><\/p>\n<p class=\"inline-notification__text text-sm leading-regular\">\n        You&#8217;ve viewed all jobs for this search<br \/>\n<!---->      <\/p>\n<\/p><\/div>\n<section class=\"similar-titles\">\n<h3 class=\"similar-titles__heading\">\n          Search similar titles<br \/>\n        <\/h3>\n<ul class=\"similar-titles__list\">\n<li class=\"similar-titles__title\">\n              <a class=\"similar-titles__link\" data-tracking-control-name=\"public_jobs_similar-title\" data-tracking-will-navigate href=\"https:\/\/www.linkedin.com\/jobs\/purchase-specialist-jobs?trk=public_jobs_similar-title\"><br \/>\n                Purchase Specialist jobs<br \/>\n              <\/a>\n            <\/li>\n<li class=\"similar-titles__title\">\n              <a class=\"similar-titles__link\" data-tracking-control-name=\"public_jobs_similar-title\" data-tracking-will-navigate href=\"https:\/\/www.linkedin.com\/jobs\/custom-broker-jobs?trk=public_jobs_similar-title\"><br \/>\n                Custom Broker jobs<br \/>\n              <\/a>\n            <\/li>\n<li class=\"similar-titles__title\">\n              <a class=\"similar-titles__link\" data-tracking-control-name=\"public_jobs_similar-title\" data-tracking-will-navigate href=\"https:\/\/www.linkedin.com\/jobs\/transportation-analyst-jobs?trk=public_jobs_similar-title\"><br \/>\n                Transportation Analyst jobs<br \/>\n              <\/a>\n            <\/li>\n<\/ul>\n<\/section>\n<\/section>\n<p>        <\/main><br \/>\n<a class=\"base-card__full-link absolute top-0 right-0 bottom-0 left-0 p-0 z-[2]\" href=\"https:\/\/br.linkedin.com\/jobs\/view\/auxiliar-de-expedi%C3%A7%C3%A3o-at-resispar-3813964801?position=2&amp;pageNum=0&amp;refId=Yg9T2mr%2FGOX%2B8MleSRsTUQ%3D%3D&amp;trackingId=zS6IdwQ%2FlJv%2BS60HEy6Esw%3D%3D&amp;trk=public_jobs_jserp-result_search-card\" data-tracking-control-name=\"public_jobs_jserp-result_search-card\" data-tracking-client-ingraph data-tracking-will-navigate><\/p>\n<p>          <span class=\"sr-only\"><\/p>\n<p>        Auxiliar De Expedi\u00e7\u00e3o<\/p>\n<p>          <\/span><br \/>\n        <\/a><br \/>\n<a class=\"base-card__full-link absolute top-0 right-0 bottom-0 left-0 p-0 z-[2]\" href=\"https:\/\/br.linkedin.com\/jobs\/view\/conferente-de-mercadoria-at-della-volpe-transportes-3828297843?position=11&amp;pageNum=0&amp;refId=Yg9T2mr%2FGOX%2B8MleSRsTUQ%3D%3D&amp;trackingId=5sE7U0Q0%2F%2FFIBIm5r3ftFg%3D%3D&amp;trk=public_jobs_jserp-result_search-card\" data-tracking-control-name=\"public_jobs_jserp-result_search-card\" data-tracking-client-ingraph data-tracking-will-navigate><\/p>\n<p>          <span class=\"sr-only\"><\/p>\n<p>        Conferente de Mercadoria<\/p>\n<p>          <\/span><br \/>\n        <\/a><\/p>\n<!-- CONTENT END 1 -->\n","protected":false},"excerpt":{"rendered":"<p>Auxiliar de Estoque Auxiliar De Expedi\u00e7\u00e3o Auxiliar de Produ\u00e7\u00e3o\/Log\u00edstica Estoquista &#8211; Sephora Ribeir\u00e3o Preto Estoquista &#8211; Sephora Ribeir\u00e3o Preto Auxiliar de Log\u00edstica &#8211; Ribeir\u00e3o Preto&#8230;<\/p>\n","protected":false},"author":1,"featured_media":47147,"comment_status":"open","ping_status":"open","sticky":false,"template":"","format":"standard","meta":{"advanced_seo_description":"","jetpack_seo_html_title":"","jetpack_seo_noindex":false,"jetpack_post_was_ever_published":false,"_jetpack_newsletter_access":"","_jetpack_dont_email_post_to_subs":false,"_jetpack_newsletter_tier_id":0,"_jetpack_memberships_contains_paywalled_content":false,"_jetpack_memberships_contains_paid_content":false,"footnotes":"","jetpack_publicize_message":"","jetpack_publicize_feature_enabled":true,"jetpack_social_post_already_shared":true,"jetpack_social_options":{"image_generator_settings":{"template":"highway","default_image_id":0,"font":"","enabled":false},"version":2}},"categories":[7],"tags":[],"class_list":["post-47146","post","type-post","status-publish","format-standard","has-post-thumbnail","hentry","category-vagas-de-empregos-em-ribeirao-preto-regiao-brasil"],"jetpack_publicize_connections":[],"jetpack_featured_media_url":"https:\/\/i0.wp.com\/noticiasribeiraopreto.com.br\/wp-content\/uploads\/2024\/04\/1713970527_Novas-vagas-de-emprego-na-area-de-logistica-Saiba-como-enviar-seu-curriculo.jpg?fit=1199%2C675&ssl=1","jetpack-related-posts":[{"id":32647,"url":"https:\/\/noticiasribeiraopreto.com.br\/index.php\/2024\/01\/25\/20-vagas-de-empregos-entre-e-veja-oportunidades-de-trabalho-em-ribeirao-preto-sp-18\/","url_meta":{"origin":47146,"position":0},"title":"20 vagas de empregos: entre e veja oportunidades de trabalho em Ribeir\u00e3o Preto-SP","author":"noticiasribeiraopreto.com.br","date":"25 de January de 2024","format":false,"excerpt":"Lista de Vagas em Ribeir\u00e3o Preto Ribeir\u00e3o Preto - SP Balconista Ver mais Ribeir\u00e3o Preto - SP Auxiliar de Produ\u00e7\u00e3o Ver mais Atendente de restaurante Ver mais Ribeir\u00e3o Preto - SP Recepcionista Ver mais Ribeir\u00e3o Preto - SP Gerente Comercial PJ Ver mais Ribeir\u00e3o Preto - SP ASSISTENTE DE LOJA\u2026","rel":"","context":"In &quot;Vagas de Emprego em Ribeir\u00e3o Preto-SP&quot;","block_context":{"text":"Vagas de Emprego em Ribeir\u00e3o Preto-SP","link":"https:\/\/noticiasribeiraopreto.com.br\/index.php\/category\/empregos-classificados-vagas-trabalho\/vagas-de-empregos-em-ribeirao-preto-regiao-brasil\/"},"img":{"alt_text":"","src":"","width":0,"height":0},"classes":[]},{"id":45324,"url":"https:\/\/noticiasribeiraopreto.com.br\/index.php\/2024\/04\/03\/vagas-de-emprego-na-area-de-logistica-em-ribeirao-preto-sp-2\/","url_meta":{"origin":47146,"position":1},"title":"Vagas de emprego na \u00e1rea de log\u00edstica em Ribeir\u00e3o Preto-SP","author":"noticiasribeiraopreto.com.br","date":"3 de April de 2024","format":false,"excerpt":"Auxiliar de Estoque Assistente de Log\u00edstica Auxiliar de Produ\u00e7\u00e3o\/Log\u00edstica Estoquista - Sephora Ribeir\u00e3o Preto Estoquista - Sephora Ribeir\u00e3o Preto Auxiliar De Expedi\u00e7\u00e3o Estoquista Assistente Auxiliar de Log\u00edstica - Ribeir\u00e3o Preto - SP Get notified about new Log\u00edstica jobs in Ribeir\u00e3o Preto, SP. Sign in to create job alert 393 Log\u00edstica\u2026","rel":"","context":"In &quot;Vagas de Emprego em Ribeir\u00e3o Preto-SP&quot;","block_context":{"text":"Vagas de Emprego em Ribeir\u00e3o Preto-SP","link":"https:\/\/noticiasribeiraopreto.com.br\/index.php\/category\/empregos-classificados-vagas-trabalho\/vagas-de-empregos-em-ribeirao-preto-regiao-brasil\/"},"img":{"alt_text":"","src":"https:\/\/i0.wp.com\/noticiasribeiraopreto.com.br\/wp-content\/uploads\/2024\/04\/Novas-vagas-de-emprego-na-area-de-logistica-Saiba-como-enviar-seu-curriculo.jpg?fit=1199%2C675&ssl=1&resize=350%2C200","width":350,"height":200,"srcset":"https:\/\/i0.wp.com\/noticiasribeiraopreto.com.br\/wp-content\/uploads\/2024\/04\/Novas-vagas-de-emprego-na-area-de-logistica-Saiba-como-enviar-seu-curriculo.jpg?fit=1199%2C675&ssl=1&resize=350%2C200 1x, https:\/\/i0.wp.com\/noticiasribeiraopreto.com.br\/wp-content\/uploads\/2024\/04\/Novas-vagas-de-emprego-na-area-de-logistica-Saiba-como-enviar-seu-curriculo.jpg?fit=1199%2C675&ssl=1&resize=525%2C300 1.5x, https:\/\/i0.wp.com\/noticiasribeiraopreto.com.br\/wp-content\/uploads\/2024\/04\/Novas-vagas-de-emprego-na-area-de-logistica-Saiba-como-enviar-seu-curriculo.jpg?fit=1199%2C675&ssl=1&resize=700%2C400 2x, https:\/\/i0.wp.com\/noticiasribeiraopreto.com.br\/wp-content\/uploads\/2024\/04\/Novas-vagas-de-emprego-na-area-de-logistica-Saiba-como-enviar-seu-curriculo.jpg?fit=1199%2C675&ssl=1&resize=1050%2C600 3x"},"classes":[]},{"id":29993,"url":"https:\/\/noticiasribeiraopreto.com.br\/index.php\/2024\/01\/19\/20-vagas-de-empregos-entre-e-veja-oportunidades-de-trabalho-em-ribeirao-preto-sp-16\/","url_meta":{"origin":47146,"position":2},"title":"20 vagas de empregos: entre e veja oportunidades de trabalho em Ribeir\u00e3o Preto-SP","author":"noticiasribeiraopreto.com.br","date":"19 de January de 2024","format":false,"excerpt":"Lista de Vagas em Ribeir\u00e3o Preto Ribeir\u00e3o Preto - SP ASSISTENTE DE LOJA Ver mais Ribeir\u00e3o Preto - SP Terapeuta Ocupacional Ver mais Ribeir\u00e3o Preto - SP Jovem Aprendiz Administrativo Ver mais Ribeir\u00e3o Preto - SP Vendedor(a) \u00d3tica Ver mais Ribeir\u00e3o Preto - SP Auxiliar de Estoque Ver mais Ribeir\u00e3o\u2026","rel":"","context":"In &quot;Vagas de Emprego em Ribeir\u00e3o Preto-SP&quot;","block_context":{"text":"Vagas de Emprego em Ribeir\u00e3o Preto-SP","link":"https:\/\/noticiasribeiraopreto.com.br\/index.php\/category\/empregos-classificados-vagas-trabalho\/vagas-de-empregos-em-ribeirao-preto-regiao-brasil\/"},"img":{"alt_text":"","src":"https:\/\/i0.wp.com\/noticiasribeiraopreto.com.br\/wp-content\/uploads\/2024\/01\/1705707376_maxresdefault.jpg?fit=1200%2C675&ssl=1&resize=350%2C200","width":350,"height":200,"srcset":"https:\/\/i0.wp.com\/noticiasribeiraopreto.com.br\/wp-content\/uploads\/2024\/01\/1705707376_maxresdefault.jpg?fit=1200%2C675&ssl=1&resize=350%2C200 1x, https:\/\/i0.wp.com\/noticiasribeiraopreto.com.br\/wp-content\/uploads\/2024\/01\/1705707376_maxresdefault.jpg?fit=1200%2C675&ssl=1&resize=525%2C300 1.5x, https:\/\/i0.wp.com\/noticiasribeiraopreto.com.br\/wp-content\/uploads\/2024\/01\/1705707376_maxresdefault.jpg?fit=1200%2C675&ssl=1&resize=700%2C400 2x, https:\/\/i0.wp.com\/noticiasribeiraopreto.com.br\/wp-content\/uploads\/2024\/01\/1705707376_maxresdefault.jpg?fit=1200%2C675&ssl=1&resize=1050%2C600 3x"},"classes":[]},{"id":31988,"url":"https:\/\/noticiasribeiraopreto.com.br\/index.php\/2024\/01\/23\/20-vagas-de-empregos-entre-e-veja-oportunidades-de-trabalho-em-ribeirao-preto-sp-17\/","url_meta":{"origin":47146,"position":3},"title":"20 vagas de empregos: entre e veja oportunidades de trabalho em Ribeir\u00e3o Preto-SP","author":"noticiasribeiraopreto.com.br","date":"23 de January de 2024","format":false,"excerpt":"Lista de Vagas em Ribeir\u00e3o Preto Ribeir\u00e3o Preto - SP Recepcionista Ver mais Ribeir\u00e3o Preto - SP Gerente Comercial PJ Ver mais Ribeir\u00e3o Preto - SP ASSISTENTE DE LOJA Ver mais Ribeir\u00e3o Preto - SP Terapeuta Ocupacional Ver mais Ribeir\u00e3o Preto - SP Jovem Aprendiz Administrativo Ver mais Ribeir\u00e3o Preto\u2026","rel":"","context":"In &quot;Vagas de Emprego em Ribeir\u00e3o Preto-SP&quot;","block_context":{"text":"Vagas de Emprego em Ribeir\u00e3o Preto-SP","link":"https:\/\/noticiasribeiraopreto.com.br\/index.php\/category\/empregos-classificados-vagas-trabalho\/vagas-de-empregos-em-ribeirao-preto-regiao-brasil\/"},"img":{"alt_text":"","src":"","width":0,"height":0},"classes":[]},{"id":39221,"url":"https:\/\/noticiasribeiraopreto.com.br\/index.php\/2024\/02\/23\/20-vagas-de-empregos-entre-e-veja-oportunidades-de-trabalho-em-ribeirao-preto-sp-19\/","url_meta":{"origin":47146,"position":4},"title":"20 vagas de empregos: entre e veja oportunidades de trabalho em Ribeir\u00e3o Preto-SP","author":"noticiasribeiraopreto.com.br","date":"23 de February de 2024","format":false,"excerpt":"Lista de Vagas em Ribeir\u00e3o Preto Ribeir\u00e3o Preto - SP Caixa Ver mais Ribeir\u00e3o Preto - SP AUXILIAR DE ALMOXARIFE Ver mais Ribeir\u00e3o Preto - SP VIGILANTE Ver mais Ribeir\u00e3o Preto - SP Operador de Rastreamento Ver mais Ribeir\u00e3o Preto - SP Almoxarife Ver mais Ribeir\u00e3o Preto - SP Vendedor(a)\u2026","rel":"","context":"In &quot;Vagas de Emprego em Ribeir\u00e3o Preto-SP&quot;","block_context":{"text":"Vagas de Emprego em Ribeir\u00e3o Preto-SP","link":"https:\/\/noticiasribeiraopreto.com.br\/index.php\/category\/empregos-classificados-vagas-trabalho\/vagas-de-empregos-em-ribeirao-preto-regiao-brasil\/"},"img":{"alt_text":"","src":"","width":0,"height":0},"classes":[]},{"id":29253,"url":"https:\/\/noticiasribeiraopreto.com.br\/index.php\/2024\/01\/17\/20-vagas-de-empregos-entre-e-veja-oportunidades-de-trabalho-em-ribeirao-preto-sp-15\/","url_meta":{"origin":47146,"position":5},"title":"20 vagas de empregos: entre e veja oportunidades de trabalho em Ribeir\u00e3o Preto-SP","author":"noticiasribeiraopreto.com.br","date":"17 de January de 2024","format":false,"excerpt":"Lista de Vagas em Ribeir\u00e3o Preto Ribeir\u00e3o Preto - SP Jovem Aprendiz Administrativo Ver mais Ribeir\u00e3o Preto - SP Vendedor(a) \u00d3tica Ver mais Ribeir\u00e3o Preto - SP Auxiliar de Estoque Ver mais Ribeir\u00e3o Preto - SP Atendente de Cafeteria Ver mais Ribeir\u00e3o Preto - SP Ajudante de Cozinha Ver mais\u2026","rel":"","context":"In &quot;Vagas de Emprego em Ribeir\u00e3o Preto-SP&quot;","block_context":{"text":"Vagas de Emprego em Ribeir\u00e3o Preto-SP","link":"https:\/\/noticiasribeiraopreto.com.br\/index.php\/category\/empregos-classificados-vagas-trabalho\/vagas-de-empregos-em-ribeirao-preto-regiao-brasil\/"},"img":{"alt_text":"","src":"https:\/\/i0.wp.com\/noticiasribeiraopreto.com.br\/wp-content\/uploads\/2024\/01\/1705534154_RibeiroPretoterfeirocommaisde800vagasdeempregonestaquinta_Tamanho_2_image.jpg?fit=1200%2C900&ssl=1&resize=350%2C200","width":350,"height":200,"srcset":"https:\/\/i0.wp.com\/noticiasribeiraopreto.com.br\/wp-content\/uploads\/2024\/01\/1705534154_RibeiroPretoterfeirocommaisde800vagasdeempregonestaquinta_Tamanho_2_image.jpg?fit=1200%2C900&ssl=1&resize=350%2C200 1x, https:\/\/i0.wp.com\/noticiasribeiraopreto.com.br\/wp-content\/uploads\/2024\/01\/1705534154_RibeiroPretoterfeirocommaisde800vagasdeempregonestaquinta_Tamanho_2_image.jpg?fit=1200%2C900&ssl=1&resize=525%2C300 1.5x, https:\/\/i0.wp.com\/noticiasribeiraopreto.com.br\/wp-content\/uploads\/2024\/01\/1705534154_RibeiroPretoterfeirocommaisde800vagasdeempregonestaquinta_Tamanho_2_image.jpg?fit=1200%2C900&ssl=1&resize=700%2C400 2x, https:\/\/i0.wp.com\/noticiasribeiraopreto.com.br\/wp-content\/uploads\/2024\/01\/1705534154_RibeiroPretoterfeirocommaisde800vagasdeempregonestaquinta_Tamanho_2_image.jpg?fit=1200%2C900&ssl=1&resize=1050%2C600 3x"},"classes":[]}],"jetpack_sharing_enabled":true,"jetpack_shortlink":"https:\/\/wp.me\/peQAOb-cgq","_links":{"self":[{"href":"https:\/\/noticiasribeiraopreto.com.br\/index.php\/wp-json\/wp\/v2\/posts\/47146","targetHints":{"allow":["GET"]}}],"collection":[{"href":"https:\/\/noticiasribeiraopreto.com.br\/index.php\/wp-json\/wp\/v2\/posts"}],"about":[{"href":"https:\/\/noticiasribeiraopreto.com.br\/index.php\/wp-json\/wp\/v2\/types\/post"}],"author":[{"embeddable":true,"href":"https:\/\/noticiasribeiraopreto.com.br\/index.php\/wp-json\/wp\/v2\/users\/1"}],"replies":[{"embeddable":true,"href":"https:\/\/noticiasribeiraopreto.com.br\/index.php\/wp-json\/wp\/v2\/comments?post=47146"}],"version-history":[{"count":0,"href":"https:\/\/noticiasribeiraopreto.com.br\/index.php\/wp-json\/wp\/v2\/posts\/47146\/revisions"}],"wp:featuredmedia":[{"embeddable":true,"href":"https:\/\/noticiasribeiraopreto.com.br\/index.php\/wp-json\/wp\/v2\/media\/47147"}],"wp:attachment":[{"href":"https:\/\/noticiasribeiraopreto.com.br\/index.php\/wp-json\/wp\/v2\/media?parent=47146"}],"wp:term":[{"taxonomy":"category","embeddable":true,"href":"https:\/\/noticiasribeiraopreto.com.br\/index.php\/wp-json\/wp\/v2\/categories?post=47146"},{"taxonomy":"post_tag","embeddable":true,"href":"https:\/\/noticiasribeiraopreto.com.br\/index.php\/wp-json\/wp\/v2\/tags?post=47146"}],"curies":[{"name":"wp","href":"https:\/\/api.w.org\/{rel}","templated":true}]}}