{"id":47148,"date":"2024-04-24T11:55:44","date_gmt":"2024-04-24T14:55:44","guid":{"rendered":"https:\/\/noticiasribeiraopreto.com.br\/index.php\/2024\/04\/24\/vagas-de-emprego-para-vigilante-em-ribeirao-preto-sp-3\/"},"modified":"2024-04-24T11:55:44","modified_gmt":"2024-04-24T14:55:44","slug":"vagas-de-emprego-para-vigilante-em-ribeirao-preto-sp-3","status":"publish","type":"post","link":"https:\/\/noticiasribeiraopreto.com.br\/index.php\/2024\/04\/24\/vagas-de-emprego-para-vigilante-em-ribeirao-preto-sp-3\/","title":{"rendered":"Vagas de emprego para Vigilante em Ribeir\u00e3o Preto-SP"},"content":{"rendered":"<div class='code-block code-block-1' style='margin: 8px 0 8px auto; text-align: right; display: block; clear: both;'>\n<p><a href=\"https:\/\/wa.link\/vpicfd\"><img data-recalc-dims=\"1\" class=\"wp-image-4922\" style=\"aspect-ratio: 2.0253164556962027; width: 561px; height: auto;\" src=\"https:\/\/i0.wp.com\/ismaelcolosi.com.br\/wp-content\/uploads\/2023\/11\/grupo-de-empregos-whatsapp-e-facebook-ismael-colosi-vagas.jpg?ssl=1\" alt=\"\" \/><\/a><\/p>\n<!-- \/wp:image -->\n<\/div>\n<p><a class=\"base-card__full-link absolute top-0 right-0 bottom-0 left-0 p-0 z-[2]\" href=\"https:\/\/br.linkedin.com\/jobs\/view\/vigilante-at-security-seguran%C3%A7a-e-servi%C3%A7os-3767098288?position=1&amp;pageNum=0&amp;refId=sFLBNCgs%2FQShCFlvHOeIkA%3D%3D&amp;trackingId=Mv5nU8movf%2BKpgTXHKkeuw%3D%3D&amp;trk=public_jobs_jserp-result_search-card\" data-tracking-control-name=\"public_jobs_jserp-result_search-card\" data-tracking-client-ingraph data-tracking-will-navigate><\/p>\n<p>          <span class=\"sr-only\"><\/p>\n<p>        Vigilante<\/p>\n<p>          <\/span><br \/>\n        <\/a><br \/>\n<a class=\"base-card__full-link absolute top-0 right-0 bottom-0 left-0 p-0 z-[2]\" href=\"https:\/\/br.linkedin.com\/jobs\/view\/vigilante-at-security-seguran%C3%A7a-e-servi%C3%A7os-3781912770?position=2&amp;pageNum=0&amp;refId=sFLBNCgs%2FQShCFlvHOeIkA%3D%3D&amp;trackingId=FIIBzvzpBWfyq7e66cBjXQ%3D%3D&amp;trk=public_jobs_jserp-result_search-card\" data-tracking-control-name=\"public_jobs_jserp-result_search-card\" data-tracking-client-ingraph data-tracking-will-navigate><\/p>\n<p>          <span class=\"sr-only\"><\/p>\n<p>        VIGILANTE<\/p>\n<p>          <\/span><br \/>\n        <\/a><br \/>\n<a class=\"base-card__full-link absolute top-0 right-0 bottom-0 left-0 p-0 z-[2]\" href=\"https:\/\/br.linkedin.com\/jobs\/view\/vigilante-at-grupo-campseg-seguran%C3%A7a-e-facilities-3823750987?position=3&amp;pageNum=0&amp;refId=sFLBNCgs%2FQShCFlvHOeIkA%3D%3D&amp;trackingId=XPiYC77FbhMmNQoXlSUMzQ%3D%3D&amp;trk=public_jobs_jserp-result_search-card\" data-tracking-control-name=\"public_jobs_jserp-result_search-card\" data-tracking-client-ingraph data-tracking-will-navigate><\/p>\n<p>          <span class=\"sr-only\"><\/p>\n<p>        Vigilante<\/p>\n<p>          <\/span><br \/>\n        <\/a><br \/>\n<a class=\"base-card__full-link absolute top-0 right-0 bottom-0 left-0 p-0 z-[2]\" href=\"https:\/\/br.linkedin.com\/jobs\/view\/vigilante-noturno-at-stanley-s-holding-3880746115?position=4&amp;pageNum=0&amp;refId=sFLBNCgs%2FQShCFlvHOeIkA%3D%3D&amp;trackingId=ORF3WtndefCGnhB1%2FSVySA%3D%3D&amp;trk=public_jobs_jserp-result_search-card\" data-tracking-control-name=\"public_jobs_jserp-result_search-card\" data-tracking-client-ingraph data-tracking-will-navigate><\/p>\n<p>          <span class=\"sr-only\"><\/p>\n<p>        Vigilante Noturno<\/p>\n<p>          <\/span><br \/>\n        <\/a><br \/>\n<a class=\"base-card__full-link absolute top-0 right-0 bottom-0 left-0 p-0 z-[2]\" href=\"https:\/\/br.linkedin.com\/jobs\/view\/vigilante-noturno-at-stanley-s-holding-3880746115?position=4&amp;pageNum=0&amp;refId=sFLBNCgs%2FQShCFlvHOeIkA%3D%3D&amp;trackingId=ORF3WtndefCGnhB1%2FSVySA%3D%3D&amp;trk=public_jobs_jserp-result_search-card\" data-tracking-control-name=\"public_jobs_jserp-result_search-card\" data-tracking-client-ingraph data-tracking-will-navigate><\/p>\n<p>          <span class=\"sr-only\"><\/p>\n<p>        Vigilante Noturno<\/p>\n<p>          <\/span><br \/>\n        <\/a><br \/>\n<a class=\"base-card__full-link absolute top-0 right-0 bottom-0 left-0 p-0 z-[2]\" href=\"https:\/\/br.linkedin.com\/jobs\/view\/vigilante-lider-at-resolv-3903844408?position=5&amp;pageNum=0&amp;refId=sFLBNCgs%2FQShCFlvHOeIkA%3D%3D&amp;trackingId=EhJTYOVTVaDnp5H4RO0CVg%3D%3D&amp;trk=public_jobs_jserp-result_search-card\" data-tracking-control-name=\"public_jobs_jserp-result_search-card\" data-tracking-client-ingraph data-tracking-will-navigate><\/p>\n<p>          <span class=\"sr-only\"><\/p>\n<p>        VIGILANTE LIDER<\/p>\n<p>          <\/span><br \/>\n        <\/a><br \/>\n<main id=\"main-content\" class=\"two-pane-serp-page__results\" role=\"main\"><\/p>\n<section class=\"two-pane-serp-page__search-header\">\n<p><!----><\/p>\n<section class=\"job-alert-redirect-section job-alert-redirect-section--jserp\">\n      <icon class=\"job-alert-redirect-section__icon\" data-delayed-url=\"https:\/\/static.licdn.com\/aero-v1\/sc\/h\/dd4yq8pu9gycnw9c7p5uro8qn\"><\/icon><\/p>\n<div class=\"job-alert-redirect-section__container\">\n<p>\n           Get notified about new <span class=\"break-words t-bold\">Vigilante<\/span> jobs in <strong>Ribeir\u00e3o Preto, SP<\/strong>.\n        <\/p>\n<p>        <a class=\"job-alert-redirect-section__cta\" href=\"https:\/\/www.linkedin.com\/login?emailAddress=&amp;fromSignIn=&amp;session_redirect=https%3A%2F%2Fwww.linkedin.com%2Fjobs%2Fsearch%2F%3FcurrentJobId%3D3781912770%26geoId%3D100030857%26keywords%3Dvigilante%26location%3DRibeir%25C3%25A3o%2520Preto%252C%2520S%25C3%25A3o%2520Paulo%252C%2520Brasil%26origin%3DJOB_SEARCH_PAGE_SEARCH_BUTTON%26originalSubdomain%3Dbr%26refresh%3Dtrue&amp;trk=public_jobs_job-alert-guest-redirect-cta\" data-impression-id=\"public_jobs_job-alert-guest-redirect-cta\" data-tracking-control-name=\"public_jobs_job-alert-guest-redirect-cta\" data-tracking-will-navigate><br \/>\n            Sign in to create job alert<br \/>\n        <\/a>\n      <\/div>\n<\/section>\n<\/section>\n<p><!----><\/p>\n<div class=\"results-context-header\">\n<h1 class=\"results-context-header__context\">\n          <span class=\"results-context-header__job-count\">6<\/span> <span class=\"results-context-header__query-search\">Vigilante Jobs in Ribeir\u00e3o Preto, SP<\/span><br \/>\n      <\/h1>\n<\/p><\/div>\n<section class=\"two-pane-serp-page__results-list\">\n<ul class=\"jobs-search__results-list\">\n<li>\n<div class=\"base-card relative w-full hover:no-underline focus:no-underline base-card--link base-search-card base-search-card--link job-search-card\" data-entity-urn=\"urn:li:jobPosting:3767098288\" data-impression-id=\"jobs-search-desktop-0\" data-reference-id=\"sFLBNCgs\/QShCFlvHOeIkA==\" data-tracking-id=\"Mv5nU8movf+KpgTXHKkeuw==\" data-column=\"1\" data-row=\"1\">\n<p>        <a class=\"base-card__full-link absolute top-0 right-0 bottom-0 left-0 p-0 z-[2]\" href=\"https:\/\/br.linkedin.com\/jobs\/view\/vigilante-at-security-seguran%C3%A7a-e-servi%C3%A7os-3767098288?position=1&amp;pageNum=0&amp;refId=sFLBNCgs%2FQShCFlvHOeIkA%3D%3D&amp;trackingId=Mv5nU8movf%2BKpgTXHKkeuw%3D%3D&amp;trk=public_jobs_jserp-result_search-card\" data-tracking-control-name=\"public_jobs_jserp-result_search-card\" data-tracking-client-ingraph data-tracking-will-navigate><\/p>\n<p>          <span class=\"sr-only\"><\/p>\n<p>        Vigilante<\/p>\n<p>          <\/span><br \/>\n        <\/a><\/p>\n<div class=\"search-entity-media\">\n<p>      <img class=\"artdeco-entity-image artdeco-entity-image--square-4\n          \" data-delayed-url=\"https:\/\/media.licdn.com\/dms\/image\/D4D0BAQHAHRVdM9TrHQ\/company-logo_100_100\/0\/1701458919333\/sou_security_logo?e=2147483647&amp;v=beta&amp;t=YVbzpt-xbcbrZzB9fvpqXm6J9CjnNAhhUd63IRntdZc\" data-ghost-classes=\"artdeco-entity-image--ghost\" data-ghost-url=\"https:\/\/static.licdn.com\/aero-v1\/sc\/h\/9a9u41thxt325ucfh5z8ga4m8\" alt><\/p><\/div>\n<div class=\"base-search-card__info\">\n<h3 class=\"base-search-card__title\">\n<p>        Vigilante<\/p>\n<\/h3>\n<h4 class=\"base-search-card__subtitle\">\n<p>          <a class=\"hidden-nested-link\" data-tracking-client-ingraph data-tracking-control-name=\"public_jobs_jserp-result_job-search-card-subtitle\" data-tracking-will-navigate href=\"https:\/\/br.linkedin.com\/company\/sou-security?trk=public_jobs_jserp-result_job-search-card-subtitle\"><br \/>\n            Security Seguran\u00e7a e Servi\u00e7os<br \/>\n          <\/a><\/p>\n<\/h4>\n<p><!----><\/p>\n<div class=\"base-search-card__metadata\">\n<p>          <span class=\"job-search-card__location\"><br \/>\n            Ribeir\u00e3o Preto, S\u00e3o Paulo, Brazil<br \/>\n          <\/span><\/p>\n<p><!---->  <\/p>\n<p>          <time class=\"job-search-card__listdate\" datetime=\"2023-11-16\"><\/p>\n<p>      5 months ago<\/p>\n<p>          <\/time><\/p>\n<p><!---->\n            <\/div>\n<\/p><\/div>\n<p><!---->      <\/p><\/div>\n<\/li>\n<li>\n<div class=\"base-card relative w-full hover:no-underline focus:no-underline base-card--link base-search-card base-search-card--link job-search-card\" data-entity-urn=\"urn:li:jobPosting:3781912770\" data-impression-id=\"jobs-search-desktop-1\" data-reference-id=\"sFLBNCgs\/QShCFlvHOeIkA==\" data-tracking-id=\"FIIBzvzpBWfyq7e66cBjXQ==\" data-column=\"1\" data-row=\"2\">\n<p>        <a class=\"base-card__full-link absolute top-0 right-0 bottom-0 left-0 p-0 z-[2]\" href=\"https:\/\/br.linkedin.com\/jobs\/view\/vigilante-at-security-seguran%C3%A7a-e-servi%C3%A7os-3781912770?position=2&amp;pageNum=0&amp;refId=sFLBNCgs%2FQShCFlvHOeIkA%3D%3D&amp;trackingId=FIIBzvzpBWfyq7e66cBjXQ%3D%3D&amp;trk=public_jobs_jserp-result_search-card\" data-tracking-control-name=\"public_jobs_jserp-result_search-card\" data-tracking-client-ingraph data-tracking-will-navigate><\/p>\n<p>          <span class=\"sr-only\"><\/p>\n<p>        VIGILANTE<\/p>\n<p>          <\/span><br \/>\n        <\/a><\/p>\n<div class=\"search-entity-media\">\n<p>      <img class=\"artdeco-entity-image artdeco-entity-image--square-4\n          \" data-delayed-url=\"https:\/\/media.licdn.com\/dms\/image\/D4D0BAQHAHRVdM9TrHQ\/company-logo_100_100\/0\/1701458919333\/sou_security_logo?e=2147483647&amp;v=beta&amp;t=YVbzpt-xbcbrZzB9fvpqXm6J9CjnNAhhUd63IRntdZc\" data-ghost-classes=\"artdeco-entity-image--ghost\" data-ghost-url=\"https:\/\/static.licdn.com\/aero-v1\/sc\/h\/9a9u41thxt325ucfh5z8ga4m8\" alt><\/p><\/div>\n<div class=\"base-search-card__info\">\n<h3 class=\"base-search-card__title\">\n<p>        VIGILANTE<\/p>\n<\/h3>\n<h4 class=\"base-search-card__subtitle\">\n<p>          <a class=\"hidden-nested-link\" data-tracking-client-ingraph data-tracking-control-name=\"public_jobs_jserp-result_job-search-card-subtitle\" data-tracking-will-navigate href=\"https:\/\/br.linkedin.com\/company\/sou-security?trk=public_jobs_jserp-result_job-search-card-subtitle\"><br \/>\n            Security Seguran\u00e7a e Servi\u00e7os<br \/>\n          <\/a><\/p>\n<\/h4>\n<p><!----><\/p>\n<div class=\"base-search-card__metadata\">\n<p>          <span class=\"job-search-card__location\"><br \/>\n            Ribeir\u00e3o Preto, S\u00e3o Paulo, Brazil<br \/>\n          <\/span><\/p>\n<p><!---->  <\/p>\n<p>          <time class=\"job-search-card__listdate\" datetime=\"2023-12-07\"><\/p>\n<p>      4 months ago<\/p>\n<p>          <\/time><\/p>\n<p><!---->\n            <\/div>\n<\/p><\/div>\n<p><!---->      <\/p><\/div>\n<\/li>\n<li>\n<div class=\"base-card relative w-full hover:no-underline focus:no-underline base-card--link base-search-card base-search-card--link job-search-card\" data-entity-urn=\"urn:li:jobPosting:3823750987\" data-impression-id=\"jobs-search-desktop-2\" data-reference-id=\"sFLBNCgs\/QShCFlvHOeIkA==\" data-tracking-id=\"XPiYC77FbhMmNQoXlSUMzQ==\" data-column=\"1\" data-row=\"3\">\n<p>        <a class=\"base-card__full-link absolute top-0 right-0 bottom-0 left-0 p-0 z-[2]\" href=\"https:\/\/br.linkedin.com\/jobs\/view\/vigilante-at-grupo-campseg-seguran%C3%A7a-e-facilities-3823750987?position=3&amp;pageNum=0&amp;refId=sFLBNCgs%2FQShCFlvHOeIkA%3D%3D&amp;trackingId=XPiYC77FbhMmNQoXlSUMzQ%3D%3D&amp;trk=public_jobs_jserp-result_search-card\" data-tracking-control-name=\"public_jobs_jserp-result_search-card\" data-tracking-client-ingraph data-tracking-will-navigate><\/p>\n<p>          <span class=\"sr-only\"><\/p>\n<p>        Vigilante<\/p>\n<p>          <\/span><br \/>\n        <\/a><\/p>\n<div class=\"search-entity-media\">\n<p>      <img class=\"artdeco-entity-image artdeco-entity-image--square-4\n          \" data-delayed-url=\"https:\/\/media.licdn.com\/dms\/image\/C4D0BAQGW3_4Gt7HFsA\/company-logo_100_100\/0\/1676730905818?e=2147483647&amp;v=beta&amp;t=jCyisisxzTURD9yfHAL-kbmtbswsqXIel5FbZXciLvM\" data-ghost-classes=\"artdeco-entity-image--ghost\" data-ghost-url=\"https:\/\/static.licdn.com\/aero-v1\/sc\/h\/9a9u41thxt325ucfh5z8ga4m8\" alt><\/p><\/div>\n<div class=\"base-search-card__info\">\n<h3 class=\"base-search-card__title\">\n<p>        Vigilante<\/p>\n<\/h3>\n<h4 class=\"base-search-card__subtitle\">\n<p>          <a class=\"hidden-nested-link\" data-tracking-client-ingraph data-tracking-control-name=\"public_jobs_jserp-result_job-search-card-subtitle\" data-tracking-will-navigate href=\"https:\/\/br.linkedin.com\/company\/grupo-campseg?trk=public_jobs_jserp-result_job-search-card-subtitle\"><br \/>\n            GRUPO CAMPSEG &#8211; SEGURAN\u00c7A E FACILITIES<br \/>\n          <\/a><\/p>\n<\/h4>\n<p><!----><\/p>\n<div class=\"base-search-card__metadata\">\n<p>          <span class=\"job-search-card__location\"><br \/>\n            Greater Ribeir\u00e3o Preto<br \/>\n          <\/span><\/p>\n<div class=\"job-posting-benefits text-sm\">\n        <icon class=\"job-posting-benefits__icon\" data-delayed-url=\"https:\/\/static.licdn.com\/aero-v1\/sc\/h\/3p1v0uhy7uq0cm5zdvzp4eo18\" data-svg-class-name=\"job-posting-benefits__icon-svg\"><\/icon><br \/>\n        <span class=\"job-posting-benefits__text\"><br \/>\n          Actively Hiring<br \/>\n<!---->        <\/span>\n      <\/div>\n<p>          <time class=\"job-search-card__listdate\" datetime=\"2024-02-12\"><\/p>\n<p>      2 months ago<\/p>\n<p>          <\/time><\/p>\n<p><!---->\n            <\/div>\n<\/p><\/div>\n<p><!---->      <\/p><\/div>\n<\/li>\n<li>\n<div class=\"base-card relative w-full hover:no-underline focus:no-underline base-card--link base-search-card base-search-card--link job-search-card\" data-entity-urn=\"urn:li:jobPosting:3880746115\" data-impression-id=\"jobs-search-desktop-3\" data-reference-id=\"sFLBNCgs\/QShCFlvHOeIkA==\" data-tracking-id=\"ORF3WtndefCGnhB1\/SVySA==\" data-column=\"1\" data-row=\"4\">\n<p>        <a class=\"base-card__full-link absolute top-0 right-0 bottom-0 left-0 p-0 z-[2]\" href=\"https:\/\/br.linkedin.com\/jobs\/view\/vigilante-noturno-at-stanley-s-holding-3880746115?position=4&amp;pageNum=0&amp;refId=sFLBNCgs%2FQShCFlvHOeIkA%3D%3D&amp;trackingId=ORF3WtndefCGnhB1%2FSVySA%3D%3D&amp;trk=public_jobs_jserp-result_search-card\" data-tracking-control-name=\"public_jobs_jserp-result_search-card\" data-tracking-client-ingraph data-tracking-will-navigate><\/p>\n<p>          <span class=\"sr-only\"><\/p>\n<p>        Vigilante Noturno<\/p>\n<p>          <\/span><br \/>\n        <\/a><\/p>\n<div class=\"search-entity-media\">\n<p>      <img class=\"artdeco-entity-image artdeco-entity-image--square-4\n          \" data-delayed-url=\"https:\/\/media.licdn.com\/dms\/image\/C4D0BAQG9QWMy_IUt9g\/company-logo_100_100\/0\/1677095106486\/stanleysholding_logo?e=2147483647&amp;v=beta&amp;t=LMSUApk_RLpkcLkCVn3f8KlSQjIDChcXTTF7BSlZbSA\" data-ghost-classes=\"artdeco-entity-image--ghost\" data-ghost-url=\"https:\/\/static.licdn.com\/aero-v1\/sc\/h\/9a9u41thxt325ucfh5z8ga4m8\" alt><\/p><\/div>\n<div class=\"base-search-card__info\">\n<h3 class=\"base-search-card__title\">\n<p>        Vigilante Noturno<\/p>\n<\/h3>\n<h4 class=\"base-search-card__subtitle\">\n<p>          <a class=\"hidden-nested-link\" data-tracking-client-ingraph data-tracking-control-name=\"public_jobs_jserp-result_job-search-card-subtitle\" data-tracking-will-navigate href=\"https:\/\/br.linkedin.com\/company\/stanleysholding?trk=public_jobs_jserp-result_job-search-card-subtitle\"><br \/>\n            Stanley&#8217;s Holding<br \/>\n          <\/a><\/p>\n<\/h4>\n<p><!----><\/p>\n<div class=\"base-search-card__metadata\">\n<p>          <span class=\"job-search-card__location\"><br \/>\n            Ribeir\u00e3o Preto, S\u00e3o Paulo, Brazil<br \/>\n          <\/span><\/p>\n<p><!---->  <\/p>\n<p>          <time class=\"job-search-card__listdate\" datetime=\"2024-04-01\"><\/p>\n<p>      3 weeks ago<\/p>\n<p>          <\/time><\/p>\n<p><!---->\n            <\/div>\n<\/p><\/div>\n<p><!---->      <\/p><\/div>\n<\/li>\n<li>\n<div class=\"base-card relative w-full hover:no-underline focus:no-underline base-card--link base-search-card base-search-card--link job-search-card\" data-entity-urn=\"urn:li:jobPosting:3903844408\" data-impression-id=\"jobs-search-desktop-4\" data-reference-id=\"sFLBNCgs\/QShCFlvHOeIkA==\" data-tracking-id=\"EhJTYOVTVaDnp5H4RO0CVg==\" data-column=\"1\" data-row=\"5\">\n<p>        <a class=\"base-card__full-link absolute top-0 right-0 bottom-0 left-0 p-0 z-[2]\" href=\"https:\/\/br.linkedin.com\/jobs\/view\/vigilante-lider-at-resolv-3903844408?position=5&amp;pageNum=0&amp;refId=sFLBNCgs%2FQShCFlvHOeIkA%3D%3D&amp;trackingId=EhJTYOVTVaDnp5H4RO0CVg%3D%3D&amp;trk=public_jobs_jserp-result_search-card\" data-tracking-control-name=\"public_jobs_jserp-result_search-card\" data-tracking-client-ingraph data-tracking-will-navigate><\/p>\n<p>          <span class=\"sr-only\"><\/p>\n<p>        VIGILANTE LIDER<\/p>\n<p>          <\/span><br \/>\n        <\/a><\/p>\n<div class=\"search-entity-media\">\n<p>      <img class=\"artdeco-entity-image artdeco-entity-image--square-4\n          \" data-delayed-url=\"https:\/\/media.licdn.com\/dms\/image\/C560BAQFXEKAzSZc1Ww\/company-logo_100_100\/0\/1657827516184?e=2147483647&amp;v=beta&amp;t=M3E_Lkb6RjAN56XFfxtQvKHq1T_O0W4zkVaAQCZEINA\" data-ghost-classes=\"artdeco-entity-image--ghost\" data-ghost-url=\"https:\/\/static.licdn.com\/aero-v1\/sc\/h\/9a9u41thxt325ucfh5z8ga4m8\" alt><\/p><\/div>\n<div class=\"base-search-card__info\">\n<h3 class=\"base-search-card__title\">\n<p>        VIGILANTE LIDER<\/p>\n<\/h3>\n<h4 class=\"base-search-card__subtitle\">\n<p>          <a class=\"hidden-nested-link\" data-tracking-client-ingraph data-tracking-control-name=\"public_jobs_jserp-result_job-search-card-subtitle\" data-tracking-will-navigate href=\"https:\/\/br.linkedin.com\/company\/resolv?trk=public_jobs_jserp-result_job-search-card-subtitle\"><br \/>\n            Resolv<br \/>\n          <\/a><\/p>\n<\/h4>\n<p><!----><\/p>\n<div class=\"base-search-card__metadata\">\n<p>          <span class=\"job-search-card__location\"><br \/>\n            Ribeir\u00e3o Preto, S\u00e3o Paulo, Brazil<br \/>\n          <\/span><\/p>\n<div class=\"job-posting-benefits text-sm\">\n        <icon class=\"job-posting-benefits__icon\" data-delayed-url=\"https:\/\/static.licdn.com\/aero-v1\/sc\/h\/3p1v0uhy7uq0cm5zdvzp4eo18\" data-svg-class-name=\"job-posting-benefits__icon-svg\"><\/icon><br \/>\n        <span class=\"job-posting-benefits__text\"><br \/>\n          Actively Hiring<br \/>\n<!---->        <\/span>\n      <\/div>\n<p>          <time class=\"job-search-card__listdate\" datetime=\"2024-04-18\"><\/p>\n<p>      5 days ago<\/p>\n<p>          <\/time><\/p>\n<p><!---->\n            <\/div>\n<\/p><\/div>\n<p><!---->      <\/p><\/div>\n<\/li>\n<li>\n<div class=\"base-card relative w-full hover:no-underline focus:no-underline base-card--link base-search-card base-search-card--link job-search-card\" data-entity-urn=\"urn:li:jobPosting:3783676799\" data-impression-id=\"jobs-search-desktop-5\" data-reference-id=\"sFLBNCgs\/QShCFlvHOeIkA==\" data-tracking-id=\"V4SpGlcrVooHLTd9QV3Q2g==\" data-column=\"1\" data-row=\"6\">\n<p>        <a class=\"base-card__full-link absolute top-0 right-0 bottom-0 left-0 p-0 z-[2]\" href=\"https:\/\/br.linkedin.com\/jobs\/view\/vigilante-ferista-at-security-seguran%C3%A7a-e-servi%C3%A7os-3783676799?position=6&amp;pageNum=0&amp;refId=sFLBNCgs%2FQShCFlvHOeIkA%3D%3D&amp;trackingId=V4SpGlcrVooHLTd9QV3Q2g%3D%3D&amp;trk=public_jobs_jserp-result_search-card\" data-tracking-control-name=\"public_jobs_jserp-result_search-card\" data-tracking-client-ingraph data-tracking-will-navigate><\/p>\n<p>          <span class=\"sr-only\"><\/p>\n<p>        VIGILANTE FERISTA<\/p>\n<p>          <\/span><br \/>\n        <\/a><\/p>\n<div class=\"search-entity-media\">\n<p>      <img class=\"artdeco-entity-image artdeco-entity-image--square-4\n          \" data-delayed-url=\"https:\/\/media.licdn.com\/dms\/image\/D4D0BAQHAHRVdM9TrHQ\/company-logo_100_100\/0\/1701458919333\/sou_security_logo?e=2147483647&amp;v=beta&amp;t=YVbzpt-xbcbrZzB9fvpqXm6J9CjnNAhhUd63IRntdZc\" data-ghost-classes=\"artdeco-entity-image--ghost\" data-ghost-url=\"https:\/\/static.licdn.com\/aero-v1\/sc\/h\/9a9u41thxt325ucfh5z8ga4m8\" alt><\/p><\/div>\n<div class=\"base-search-card__info\">\n<h3 class=\"base-search-card__title\">\n<p>        VIGILANTE FERISTA<\/p>\n<\/h3>\n<h4 class=\"base-search-card__subtitle\">\n<p>          <a class=\"hidden-nested-link\" data-tracking-client-ingraph data-tracking-control-name=\"public_jobs_jserp-result_job-search-card-subtitle\" data-tracking-will-navigate href=\"https:\/\/br.linkedin.com\/company\/sou-security?trk=public_jobs_jserp-result_job-search-card-subtitle\"><br \/>\n            Security Seguran\u00e7a e Servi\u00e7os<br \/>\n          <\/a><\/p>\n<\/h4>\n<p><!----><\/p>\n<div class=\"base-search-card__metadata\">\n<p>          <span class=\"job-search-card__location\"><br \/>\n            Sert\u00e3ozinho, S\u00e3o Paulo, Brazil<br \/>\n          <\/span><\/p>\n<p><!---->  <\/p>\n<p>          <time class=\"job-search-card__listdate\" datetime=\"2023-12-11\"><\/p>\n<p>      4 months ago<\/p>\n<p>          <\/time><\/p>\n<p><!---->\n            <\/div>\n<\/p><\/div>\n<p><!---->      <\/p><\/div>\n<\/li>\n<\/ul>\n<p><!----><\/p>\n<div class=\"px-1.5 flex inline-notification text-color-signal-positive see-more-jobs__viewed-all\" role=\"alert\" type=\"success\">\n      <icon class=\"inline-notification__icon w-[20px] h-[20px] shrink-0 mr-[10px] inline-block\" data-delayed-url=\"https:\/\/static.licdn.com\/aero-v1\/sc\/h\/5y10kyxw0tpa4rk80dkbjhk6b\"><\/icon><\/p>\n<p class=\"inline-notification__text text-sm leading-regular\">\n        You&#8217;ve viewed all jobs for this search<br \/>\n<!---->      <\/p>\n<\/p><\/div>\n<p><!---->  <\/p>\n<\/section>\n<p>        <\/main><br \/>\n<a class=\"base-card__full-link absolute top-0 right-0 bottom-0 left-0 p-0 z-[2]\" href=\"https:\/\/br.linkedin.com\/jobs\/view\/vigilante-at-security-seguran%C3%A7a-e-servi%C3%A7os-3781912770?position=2&amp;pageNum=0&amp;refId=sFLBNCgs%2FQShCFlvHOeIkA%3D%3D&amp;trackingId=FIIBzvzpBWfyq7e66cBjXQ%3D%3D&amp;trk=public_jobs_jserp-result_search-card\" data-tracking-control-name=\"public_jobs_jserp-result_search-card\" data-tracking-client-ingraph data-tracking-will-navigate><\/p>\n<p>          <span class=\"sr-only\"><\/p>\n<p>        VIGILANTE<\/p>\n<p>          <\/span><br \/>\n        <\/a><\/p>\n<!-- CONTENT END 1 -->\n","protected":false},"excerpt":{"rendered":"<p>Vigilante VIGILANTE Vigilante Vigilante Noturno Vigilante Noturno VIGILANTE LIDER Get notified about new Vigilante jobs in Ribeir\u00e3o Preto, SP. Sign in to create job alert&#8230;<\/p>\n","protected":false},"author":1,"featured_media":47149,"comment_status":"open","ping_status":"open","sticky":false,"template":"","format":"standard","meta":{"advanced_seo_description":"","jetpack_seo_html_title":"","jetpack_seo_noindex":false,"jetpack_post_was_ever_published":false,"_jetpack_newsletter_access":"","_jetpack_dont_email_post_to_subs":false,"_jetpack_newsletter_tier_id":0,"_jetpack_memberships_contains_paywalled_content":false,"_jetpack_memberships_contains_paid_content":false,"footnotes":"","jetpack_publicize_message":"","jetpack_publicize_feature_enabled":true,"jetpack_social_post_already_shared":true,"jetpack_social_options":{"image_generator_settings":{"template":"highway","default_image_id":0,"font":"","enabled":false},"version":2}},"categories":[7],"tags":[],"class_list":["post-47148","post","type-post","status-publish","format-standard","has-post-thumbnail","hentry","category-vagas-de-empregos-em-ribeirao-preto-regiao-brasil"],"jetpack_publicize_connections":[],"jetpack_featured_media_url":"https:\/\/i0.wp.com\/noticiasribeiraopreto.com.br\/wp-content\/uploads\/2024\/04\/205fd688b5ca619540e03c4414fa7387.jpg?fit=600%2C315&ssl=1","jetpack-related-posts":[{"id":51017,"url":"https:\/\/noticiasribeiraopreto.com.br\/index.php\/2024\/05\/22\/vagas-de-emprego-para-vigilante-em-ribeirao-preto-sp-4\/","url_meta":{"origin":47148,"position":0},"title":"Vagas de emprego para Vigilante em Ribeir\u00e3o Preto-SP","author":"noticiasribeiraopreto.com.br","date":"22 de May de 2024","format":false,"excerpt":"Vigilante VIGILANTE VIGILANTE Vigilante Vigilante VIGILANTE VIGILANTE FERISTA VIGILANTE - BANCO DE TALENTOS Get notified about new Vigilante jobs in Ribeir\u00e3o Preto, SP. Sign in to create job alert 15 Vigilante Jobs in Ribeir\u00e3o Preto, SP Vigilante Vigilante Resolv Ribeir\u00e3o Preto, S\u00e3o Paulo, Brazil Actively Hiring 1 week ago VIGILANTE\u2026","rel":"","context":"In &quot;Vagas de Emprego em Ribeir\u00e3o Preto-SP&quot;","block_context":{"text":"Vagas de Emprego em Ribeir\u00e3o Preto-SP","link":"https:\/\/noticiasribeiraopreto.com.br\/index.php\/category\/empregos-classificados-vagas-trabalho\/vagas-de-empregos-em-ribeirao-preto-regiao-brasil\/"},"img":{"alt_text":"","src":"https:\/\/i0.wp.com\/noticiasribeiraopreto.com.br\/wp-content\/uploads\/2024\/05\/205fd688b5ca619540e03c4414fa7387.jpg?fit=600%2C315&ssl=1&resize=350%2C200","width":350,"height":200,"srcset":"https:\/\/i0.wp.com\/noticiasribeiraopreto.com.br\/wp-content\/uploads\/2024\/05\/205fd688b5ca619540e03c4414fa7387.jpg?fit=600%2C315&ssl=1&resize=350%2C200 1x, https:\/\/i0.wp.com\/noticiasribeiraopreto.com.br\/wp-content\/uploads\/2024\/05\/205fd688b5ca619540e03c4414fa7387.jpg?fit=600%2C315&ssl=1&resize=525%2C300 1.5x"},"classes":[]},{"id":40041,"url":"https:\/\/noticiasribeiraopreto.com.br\/index.php\/2024\/02\/29\/vagas-de-emprego-para-vigilante-em-ribeirao-preto-sp\/","url_meta":{"origin":47148,"position":1},"title":"Vagas de emprego para Vigilante em Ribeir\u00e3o Preto-SP","author":"noticiasribeiraopreto.com.br","date":"29 de February de 2024","format":false,"excerpt":"Vigilante VIGILANTE Vigilante Vigilante Vigilante Vigilante de Escolta ENGEFORT Ribeir\u00e3o Preto, S\u00e3o Paulo, Brazil Be an early applicant 1 day ago VIGILANTE FERISTA Vigilante Ferista Ribeir\u00e3o Preto\/SP Get notified about new Vigilante jobs in Ribeir\u00e3o Preto, S\u00e3o Paulo, Brazil. Sign in to create job alert 12 Vigilante Jobs in Ribeir\u00e3o\u2026","rel":"","context":"In &quot;Vagas de Emprego em Ribeir\u00e3o Preto-SP&quot;","block_context":{"text":"Vagas de Emprego em Ribeir\u00e3o Preto-SP","link":"https:\/\/noticiasribeiraopreto.com.br\/index.php\/category\/empregos-classificados-vagas-trabalho\/vagas-de-empregos-em-ribeirao-preto-regiao-brasil\/"},"img":{"alt_text":"","src":"https:\/\/i0.wp.com\/noticiasribeiraopreto.com.br\/wp-content\/uploads\/2024\/02\/1709236857_205fd688b5ca619540e03c4414fa7387.jpg?fit=600%2C315&ssl=1&resize=350%2C200","width":350,"height":200,"srcset":"https:\/\/i0.wp.com\/noticiasribeiraopreto.com.br\/wp-content\/uploads\/2024\/02\/1709236857_205fd688b5ca619540e03c4414fa7387.jpg?fit=600%2C315&ssl=1&resize=350%2C200 1x, https:\/\/i0.wp.com\/noticiasribeiraopreto.com.br\/wp-content\/uploads\/2024\/02\/1709236857_205fd688b5ca619540e03c4414fa7387.jpg?fit=600%2C315&ssl=1&resize=525%2C300 1.5x"},"classes":[]},{"id":53373,"url":"https:\/\/noticiasribeiraopreto.com.br\/index.php\/2024\/06\/19\/vagas-de-emprego-para-vigilante-em-ribeirao-preto-sp-5\/","url_meta":{"origin":47148,"position":2},"title":"Vagas de emprego para Vigilante em Ribeir\u00e3o Preto-SP","author":"noticiasribeiraopreto.com.br","date":"19 de June de 2024","format":false,"excerpt":"Vigilante Vigilante Vigilante Vigilante Vigilante VIGILANTE VIGILANTE - BANCO DE TALENTOS Vigilante Noturno Get notified about new Vigilante jobs in Ribeir\u00e3o Preto, SP. Sign in to create job alert 16 Vigilante Jobs in Ribeir\u00e3o Preto, SP Vigilante Vigilante Resolv Ribeir\u00e3o Preto, S\u00e3o Paulo, Brazil Be an early applicant 1 day\u2026","rel":"","context":"In &quot;Vagas de Emprego em Ribeir\u00e3o Preto-SP&quot;","block_context":{"text":"Vagas de Emprego em Ribeir\u00e3o Preto-SP","link":"https:\/\/noticiasribeiraopreto.com.br\/index.php\/category\/empregos-classificados-vagas-trabalho\/vagas-de-empregos-em-ribeirao-preto-regiao-brasil\/"},"img":{"alt_text":"","src":"https:\/\/i0.wp.com\/noticiasribeiraopreto.com.br\/wp-content\/uploads\/2024\/06\/205fd688b5ca619540e03c4414fa7387.jpg?fit=600%2C315&ssl=1&resize=350%2C200","width":350,"height":200,"srcset":"https:\/\/i0.wp.com\/noticiasribeiraopreto.com.br\/wp-content\/uploads\/2024\/06\/205fd688b5ca619540e03c4414fa7387.jpg?fit=600%2C315&ssl=1&resize=350%2C200 1x, https:\/\/i0.wp.com\/noticiasribeiraopreto.com.br\/wp-content\/uploads\/2024\/06\/205fd688b5ca619540e03c4414fa7387.jpg?fit=600%2C315&ssl=1&resize=525%2C300 1.5x"},"classes":[]},{"id":44591,"url":"https:\/\/noticiasribeiraopreto.com.br\/index.php\/2024\/03\/28\/vagas-de-emprego-para-vigilante-em-ribeirao-preto-sp-2\/","url_meta":{"origin":47148,"position":3},"title":"Vagas de emprego para Vigilante em Ribeir\u00e3o Preto-SP","author":"noticiasribeiraopreto.com.br","date":"28 de March de 2024","format":false,"excerpt":"Vigilante Vigilante VIGILANTE VIGILANTE - RIBEIR\u00c3O PRETO VIGILANTE - RIBEIR\u00c3O PRETO Vigilante Vigilante Grupo Tertius multisservi\u00e7os Ribeir\u00e3o Preto, S\u00e3o Paulo, Brazil Be an early applicant 1 month ago VIGILANTE FERISTA Vigilante Ribeir\u00e3o Preto Get notified about new Vigilante jobs in Ribeir\u00e3o Preto, SP. Sign in to create job alert 11\u2026","rel":"","context":"In &quot;Vagas de Emprego em Ribeir\u00e3o Preto-SP&quot;","block_context":{"text":"Vagas de Emprego em Ribeir\u00e3o Preto-SP","link":"https:\/\/noticiasribeiraopreto.com.br\/index.php\/category\/empregos-classificados-vagas-trabalho\/vagas-de-empregos-em-ribeirao-preto-regiao-brasil\/"},"img":{"alt_text":"","src":"https:\/\/i0.wp.com\/noticiasribeiraopreto.com.br\/wp-content\/uploads\/2024\/03\/205fd688b5ca619540e03c4414fa7387.jpg?fit=600%2C315&ssl=1&resize=350%2C200","width":350,"height":200,"srcset":"https:\/\/i0.wp.com\/noticiasribeiraopreto.com.br\/wp-content\/uploads\/2024\/03\/205fd688b5ca619540e03c4414fa7387.jpg?fit=600%2C315&ssl=1&resize=350%2C200 1x, https:\/\/i0.wp.com\/noticiasribeiraopreto.com.br\/wp-content\/uploads\/2024\/03\/205fd688b5ca619540e03c4414fa7387.jpg?fit=600%2C315&ssl=1&resize=525%2C300 1.5x"},"classes":[]},{"id":39221,"url":"https:\/\/noticiasribeiraopreto.com.br\/index.php\/2024\/02\/23\/20-vagas-de-empregos-entre-e-veja-oportunidades-de-trabalho-em-ribeirao-preto-sp-19\/","url_meta":{"origin":47148,"position":4},"title":"20 vagas de empregos: entre e veja oportunidades de trabalho em Ribeir\u00e3o Preto-SP","author":"noticiasribeiraopreto.com.br","date":"23 de February de 2024","format":false,"excerpt":"Lista de Vagas em Ribeir\u00e3o Preto Ribeir\u00e3o Preto - SP Caixa Ver mais Ribeir\u00e3o Preto - SP AUXILIAR DE ALMOXARIFE Ver mais Ribeir\u00e3o Preto - SP VIGILANTE Ver mais Ribeir\u00e3o Preto - SP Operador de Rastreamento Ver mais Ribeir\u00e3o Preto - SP Almoxarife Ver mais Ribeir\u00e3o Preto - SP Vendedor(a)\u2026","rel":"","context":"In &quot;Vagas de Emprego em Ribeir\u00e3o Preto-SP&quot;","block_context":{"text":"Vagas de Emprego em Ribeir\u00e3o Preto-SP","link":"https:\/\/noticiasribeiraopreto.com.br\/index.php\/category\/empregos-classificados-vagas-trabalho\/vagas-de-empregos-em-ribeirao-preto-regiao-brasil\/"},"img":{"alt_text":"","src":"","width":0,"height":0},"classes":[]},{"id":12729,"url":"https:\/\/noticiasribeiraopreto.com.br\/index.php\/2023\/12\/08\/vagas-de-empregos-para-trabalhar-em-ribeirao-preto-sp-ou-qualquer-lugar-do-brasil-vagas-home-office-ems-2\/","url_meta":{"origin":47148,"position":5},"title":"Vagas de empregos para trabalhar em Ribeir\u00e3o Preto-SP ou qualquer lugar do Brasil (vagas home office EMS)","author":"noticiasribeiraopreto.com.br","date":"8 de December de 2023","format":false,"excerpt":"1 vaga para Auxiliar de Refrigera\u00e7\u00e3o em Andradina - SPh\u00e1 22 horas 1 vaga para T\u00e9cnico de Refrigera\u00e7\u00e3o em Andradina - SPh\u00e1 22 horas Vaga para Estagi\u00e1rio Marketing Estrat\u00e9gico em Ribeir\u00e3o Preto Vaga para Estagi\u00e1rio em Com\u00e9rcio Exterior em Ribeir\u00e3o Preto Vaga para Auxiliar de Dep\u00f3sito (tempor\u00e1rio) em Ribeir\u00e3o Preto\u2026","rel":"","context":"In &quot;Vagas de Emprego em Ribeir\u00e3o Preto-SP&quot;","block_context":{"text":"Vagas de Emprego em Ribeir\u00e3o Preto-SP","link":"https:\/\/noticiasribeiraopreto.com.br\/index.php\/category\/empregos-classificados-vagas-trabalho\/vagas-de-empregos-em-ribeirao-preto-regiao-brasil\/"},"img":{"alt_text":"","src":"https:\/\/i0.wp.com\/noticiasribeiraopreto.com.br\/wp-content\/uploads\/2023\/12\/1702053735_ems.jpg?fit=1200%2C675&ssl=1&resize=350%2C200","width":350,"height":200,"srcset":"https:\/\/i0.wp.com\/noticiasribeiraopreto.com.br\/wp-content\/uploads\/2023\/12\/1702053735_ems.jpg?fit=1200%2C675&ssl=1&resize=350%2C200 1x, https:\/\/i0.wp.com\/noticiasribeiraopreto.com.br\/wp-content\/uploads\/2023\/12\/1702053735_ems.jpg?fit=1200%2C675&ssl=1&resize=525%2C300 1.5x, https:\/\/i0.wp.com\/noticiasribeiraopreto.com.br\/wp-content\/uploads\/2023\/12\/1702053735_ems.jpg?fit=1200%2C675&ssl=1&resize=700%2C400 2x, https:\/\/i0.wp.com\/noticiasribeiraopreto.com.br\/wp-content\/uploads\/2023\/12\/1702053735_ems.jpg?fit=1200%2C675&ssl=1&resize=1050%2C600 3x"},"classes":[]}],"jetpack_sharing_enabled":true,"jetpack_shortlink":"https:\/\/wp.me\/peQAOb-cgs","_links":{"self":[{"href":"https:\/\/noticiasribeiraopreto.com.br\/index.php\/wp-json\/wp\/v2\/posts\/47148","targetHints":{"allow":["GET"]}}],"collection":[{"href":"https:\/\/noticiasribeiraopreto.com.br\/index.php\/wp-json\/wp\/v2\/posts"}],"about":[{"href":"https:\/\/noticiasribeiraopreto.com.br\/index.php\/wp-json\/wp\/v2\/types\/post"}],"author":[{"embeddable":true,"href":"https:\/\/noticiasribeiraopreto.com.br\/index.php\/wp-json\/wp\/v2\/users\/1"}],"replies":[{"embeddable":true,"href":"https:\/\/noticiasribeiraopreto.com.br\/index.php\/wp-json\/wp\/v2\/comments?post=47148"}],"version-history":[{"count":0,"href":"https:\/\/noticiasribeiraopreto.com.br\/index.php\/wp-json\/wp\/v2\/posts\/47148\/revisions"}],"wp:featuredmedia":[{"embeddable":true,"href":"https:\/\/noticiasribeiraopreto.com.br\/index.php\/wp-json\/wp\/v2\/media\/47149"}],"wp:attachment":[{"href":"https:\/\/noticiasribeiraopreto.com.br\/index.php\/wp-json\/wp\/v2\/media?parent=47148"}],"wp:term":[{"taxonomy":"category","embeddable":true,"href":"https:\/\/noticiasribeiraopreto.com.br\/index.php\/wp-json\/wp\/v2\/categories?post=47148"},{"taxonomy":"post_tag","embeddable":true,"href":"https:\/\/noticiasribeiraopreto.com.br\/index.php\/wp-json\/wp\/v2\/tags?post=47148"}],"curies":[{"name":"wp","href":"https:\/\/api.w.org\/{rel}","templated":true}]}}