{"id":47166,"date":"2024-04-25T02:06:45","date_gmt":"2024-04-25T05:06:45","guid":{"rendered":"https:\/\/noticiasribeiraopreto.com.br\/index.php\/2024\/04\/25\/vagas-de-emprego-para-atendente-em-ribeirao-preto-sp-2\/"},"modified":"2024-04-25T02:06:45","modified_gmt":"2024-04-25T05:06:45","slug":"vagas-de-emprego-para-atendente-em-ribeirao-preto-sp-2","status":"publish","type":"post","link":"https:\/\/noticiasribeiraopreto.com.br\/index.php\/2024\/04\/25\/vagas-de-emprego-para-atendente-em-ribeirao-preto-sp-2\/","title":{"rendered":"Vagas de emprego para Atendente em Ribeir\u00e3o Preto-SP"},"content":{"rendered":"<div class='code-block code-block-1' style='margin: 8px 0 8px auto; text-align: right; display: block; clear: both;'>\n<p><a href=\"https:\/\/wa.link\/vpicfd\"><img data-recalc-dims=\"1\" class=\"wp-image-4922\" style=\"aspect-ratio: 2.0253164556962027; width: 561px; height: auto;\" src=\"https:\/\/i0.wp.com\/ismaelcolosi.com.br\/wp-content\/uploads\/2023\/11\/grupo-de-empregos-whatsapp-e-facebook-ismael-colosi-vagas.jpg?ssl=1\" alt=\"\" \/><\/a><\/p>\n<!-- \/wp:image -->\n<\/div>\n<p><a class=\"base-card__full-link absolute top-0 right-0 bottom-0 left-0 p-0 z-[2]\" href=\"https:\/\/br.linkedin.com\/jobs\/view\/atendente-telefonista-padaria-at-solutions-rh-3903192045?refId=cDvu7tzVozHTFIGtJUxZmA%3D%3D&amp;trackingId=NvHdKoR5srQBGGC8pokhug%3D%3D&amp;position=1&amp;pageNum=0&amp;trk=public_jobs_jserp-result_search-card\" data-tracking-control-name=\"public_jobs_jserp-result_search-card\" data-tracking-client-ingraph data-tracking-will-navigate><\/p>\n<p>          <span class=\"sr-only\"><\/p>\n<p>        Atendente Telefonista Padaria<\/p>\n<p>          <\/span><br \/>\n        <\/a><br \/>\n<a class=\"base-card__full-link absolute top-0 right-0 bottom-0 left-0 p-0 z-[2]\" href=\"https:\/\/br.linkedin.com\/jobs\/view\/atendente-repositor-at-f-f-prestadora-de-servi%C3%A7os-3772371264?refId=cDvu7tzVozHTFIGtJUxZmA%3D%3D&amp;trackingId=7O9Yy4VgAsqqi8r%2BdHmxrA%3D%3D&amp;position=2&amp;pageNum=0&amp;trk=public_jobs_jserp-result_search-card\" data-tracking-control-name=\"public_jobs_jserp-result_search-card\" data-tracking-client-ingraph data-tracking-will-navigate><\/p>\n<p>          <span class=\"sr-only\"><\/p>\n<p>        ATENDENTE REPOSITOR<\/p>\n<p>          <\/span><br \/>\n        <\/a><br \/>\n<a class=\"base-card__full-link absolute top-0 right-0 bottom-0 left-0 p-0 z-[2]\" href=\"https:\/\/br.linkedin.com\/jobs\/view\/atendente-repositor-at-f-f-prestadora-de-servi%C3%A7os-3873654297?refId=cDvu7tzVozHTFIGtJUxZmA%3D%3D&amp;trackingId=7aBFSJ8w4WHPNPfP9unxrw%3D%3D&amp;position=3&amp;pageNum=0&amp;trk=public_jobs_jserp-result_search-card\" data-tracking-control-name=\"public_jobs_jserp-result_search-card\" data-tracking-client-ingraph data-tracking-will-navigate><\/p>\n<p>          <span class=\"sr-only\"><\/p>\n<p>        ATENDENTE REPOSITOR<\/p>\n<p>          <\/span><br \/>\n        <\/a><br \/>\n<input aria-autocomplete=\"list\" aria-controls=\"job-search-bar-keywords-typeahead-list\" aria-haspopup=\"listbox\" aria-label=\"Search job titles or companies\" autocomplete=\"off\" class=\"dismissable-input__input font-sans text-md text-color-text bg-color-transparent flex items-center flex-1 focus:outline-none placeholder:text-color-text-secondary\" data-tracking-control-name=\"public_jobs_dismissable-input\" id=\"job-search-bar-keywords\" maxlength=\"500\" name=\"keywords\" placeholder=\"Search job titles or companies\" role=\"combobox\" value=\"Atendente\" type=\"search\"><br \/>\n<a class=\"base-card__full-link absolute top-0 right-0 bottom-0 left-0 p-0 z-[2]\" href=\"https:\/\/br.linkedin.com\/jobs\/view\/atendente-repositor-at-f-f-prestadora-de-servi%C3%A7os-3772371254?refId=cDvu7tzVozHTFIGtJUxZmA%3D%3D&amp;trackingId=kTYmVlQO3jRkqUrXBoWoiA%3D%3D&amp;position=4&amp;pageNum=0&amp;trk=public_jobs_jserp-result_search-card\" data-tracking-control-name=\"public_jobs_jserp-result_search-card\" data-tracking-client-ingraph data-tracking-will-navigate><\/p>\n<p>          <span class=\"sr-only\"><\/p>\n<p>        ATENDENTE REPOSITOR<\/p>\n<p>          <\/span><br \/>\n        <\/a><br \/>\n<a class=\"base-card__full-link absolute top-0 right-0 bottom-0 left-0 p-0 z-[2]\" href=\"https:\/\/br.linkedin.com\/jobs\/view\/camareira-camarista-escala-6x1-at-integrarh-consultoria-3893844839?refId=cDvu7tzVozHTFIGtJUxZmA%3D%3D&amp;trackingId=kwuwx8VAVUcKUqZu6pDnTw%3D%3D&amp;position=10&amp;pageNum=0&amp;trk=public_jobs_jserp-result_search-card\" data-tracking-control-name=\"public_jobs_jserp-result_search-card\" data-tracking-client-ingraph data-tracking-will-navigate><\/p>\n<p>          <span class=\"sr-only\"><\/p>\n<p>        Camareira \/ Camarista (Escala 6&#215;1)<\/p>\n<p>          <\/span><br \/>\n        <\/a><br \/>\n<a class=\"base-card__full-link absolute top-0 right-0 bottom-0 left-0 p-0 z-[2]\" href=\"https:\/\/br.linkedin.com\/jobs\/view\/atendente-de-loja-fast-food-ribeir%C3%A3o-preto-at-vivenda-do-camar%C3%A3o-oficial-3860225452?refId=cDvu7tzVozHTFIGtJUxZmA%3D%3D&amp;trackingId=cXhcDY%2BrqwNzwql%2BfjY94A%3D%3D&amp;position=9&amp;pageNum=0&amp;trk=public_jobs_jserp-result_search-card\" data-tracking-control-name=\"public_jobs_jserp-result_search-card\" data-tracking-client-ingraph data-tracking-will-navigate><\/p>\n<p>          <span class=\"sr-only\"><\/p>\n<p>        Atendente de Loja &#8211; Fast Food &#8211; Ribeir\u00e3o Preto<\/p>\n<p>          <\/span><br \/>\n        <\/a><br \/>\n<a class=\"base-card__full-link absolute top-0 right-0 bottom-0 left-0 p-0 z-[2]\" href=\"https:\/\/br.linkedin.com\/jobs\/view\/camareira-camarista-escala-6x1-at-integrarh-consultoria-3893844839?refId=cDvu7tzVozHTFIGtJUxZmA%3D%3D&amp;trackingId=kwuwx8VAVUcKUqZu6pDnTw%3D%3D&amp;position=10&amp;pageNum=0&amp;trk=public_jobs_jserp-result_search-card\" data-tracking-control-name=\"public_jobs_jserp-result_search-card\" data-tracking-client-ingraph data-tracking-will-navigate><\/p>\n<p>          <span class=\"sr-only\"><\/p>\n<p>        Camareira \/ Camarista (Escala 6&#215;1)<\/p>\n<p>          <\/span><br \/>\n        <\/a><br \/>\n<a class=\"base-card__full-link absolute top-0 right-0 bottom-0 left-0 p-0 z-[2]\" href=\"https:\/\/br.linkedin.com\/jobs\/view\/camareira-camarista-escala-6x1-at-integrarh-consultoria-3893844839?refId=cDvu7tzVozHTFIGtJUxZmA%3D%3D&amp;trackingId=kwuwx8VAVUcKUqZu6pDnTw%3D%3D&amp;position=10&amp;pageNum=0&amp;trk=public_jobs_jserp-result_search-card\" data-tracking-control-name=\"public_jobs_jserp-result_search-card\" data-tracking-client-ingraph data-tracking-will-navigate><\/p>\n<p>          <span class=\"sr-only\"><\/p>\n<p>        Camareira \/ Camarista (Escala 6&#215;1)<\/p>\n<p>          <\/span><br \/>\n        <\/a><\/p>\n<!-- CONTENT END 1 -->\n","protected":false},"excerpt":{"rendered":"<p>Atendente Telefonista Padaria ATENDENTE REPOSITOR ATENDENTE REPOSITOR ATENDENTE REPOSITOR Camareira \/ Camarista (Escala 6&#215;1) Atendente de Loja &#8211; Fast Food &#8211; Ribeir\u00e3o Preto Camareira \/&#8230;<\/p>\n","protected":false},"author":1,"featured_media":47167,"comment_status":"open","ping_status":"open","sticky":false,"template":"","format":"standard","meta":{"advanced_seo_description":"","jetpack_seo_html_title":"","jetpack_seo_noindex":false,"jetpack_post_was_ever_published":false,"_jetpack_newsletter_access":"","_jetpack_dont_email_post_to_subs":false,"_jetpack_newsletter_tier_id":0,"_jetpack_memberships_contains_paywalled_content":false,"_jetpack_memberships_contains_paid_content":false,"footnotes":"","jetpack_publicize_message":"","jetpack_publicize_feature_enabled":true,"jetpack_social_post_already_shared":true,"jetpack_social_options":{"image_generator_settings":{"template":"highway","default_image_id":0,"font":"","enabled":false},"version":2}},"categories":[7],"tags":[],"class_list":["post-47166","post","type-post","status-publish","format-standard","has-post-thumbnail","hentry","category-vagas-de-empregos-em-ribeirao-preto-regiao-brasil"],"jetpack_publicize_connections":[],"jetpack_featured_media_url":"https:\/\/i0.wp.com\/noticiasribeiraopreto.com.br\/wp-content\/uploads\/2024\/04\/latest.jpeg?fit=1280%2C720&ssl=1","jetpack-related-posts":[{"id":54683,"url":"https:\/\/noticiasribeiraopreto.com.br\/index.php\/2024\/07\/18\/vagas-de-emprego-para-atendente-em-ribeirao-preto-sp-5\/","url_meta":{"origin":47166,"position":0},"title":"Vagas de emprego para Atendente em Ribeir\u00e3o Preto-SP","author":"noticiasribeiraopreto.com.br","date":"18 de July de 2024","format":false,"excerpt":"Atendente ATENDENTE REPOSITOR ATENDENTE REPOSITOR Atendente de Loja - Fast Food - Ribeir\u00e3o Preto Ribeir\u00e3o Preto - SP Efetivo Atendente de Polo - Ribeir\u00e3o Preto\/SP Atendente de Hospedagem Noturno - ibis Styles Maurilio Biagi Atendente de Restaurante Atendente de Hospedagem Noturno - ibis Styles Maurilio Biagi Atendente de Hospedagem Noturno\u2026","rel":"","context":"In &quot;Vagas de Emprego em Ribeir\u00e3o Preto-SP&quot;","block_context":{"text":"Vagas de Emprego em Ribeir\u00e3o Preto-SP","link":"https:\/\/noticiasribeiraopreto.com.br\/index.php\/category\/empregos-classificados-vagas-trabalho\/vagas-de-empregos-em-ribeirao-preto-regiao-brasil\/"},"img":{"alt_text":"","src":"https:\/\/i0.wp.com\/noticiasribeiraopreto.com.br\/wp-content\/uploads\/2024\/07\/latest.jpeg?fit=1200%2C675&ssl=1&resize=350%2C200","width":350,"height":200,"srcset":"https:\/\/i0.wp.com\/noticiasribeiraopreto.com.br\/wp-content\/uploads\/2024\/07\/latest.jpeg?fit=1200%2C675&ssl=1&resize=350%2C200 1x, https:\/\/i0.wp.com\/noticiasribeiraopreto.com.br\/wp-content\/uploads\/2024\/07\/latest.jpeg?fit=1200%2C675&ssl=1&resize=525%2C300 1.5x, https:\/\/i0.wp.com\/noticiasribeiraopreto.com.br\/wp-content\/uploads\/2024\/07\/latest.jpeg?fit=1200%2C675&ssl=1&resize=700%2C400 2x, https:\/\/i0.wp.com\/noticiasribeiraopreto.com.br\/wp-content\/uploads\/2024\/07\/latest.jpeg?fit=1200%2C675&ssl=1&resize=1050%2C600 3x"},"classes":[]},{"id":39268,"url":"https:\/\/noticiasribeiraopreto.com.br\/index.php\/2024\/02\/24\/vagas-de-emprego-para-atendente-em-ribeirao-preto-sp\/","url_meta":{"origin":47166,"position":1},"title":"Vagas de emprego para Atendente em Ribeir\u00e3o Preto-SP","author":"noticiasribeiraopreto.com.br","date":"24 de February de 2024","format":false,"excerpt":"Atendente de Loja - C&C Ribeir\u00e3o Preto Atendente de Balc\u00e3o ATENDENTE REPOSITOR ATENDENTE REPOSITOR ATENDENTE REPOSITOR Camareira \/ Camarista (Escala 6x1) Atendente Barista -Ribeir\u00e3o Shopping\/SP Camareira \/ Camarista (Escala 6x1) Camareira \/ Camarista (Escala 6x1)","rel":"","context":"In &quot;Vagas de Emprego em Ribeir\u00e3o Preto-SP&quot;","block_context":{"text":"Vagas de Emprego em Ribeir\u00e3o Preto-SP","link":"https:\/\/noticiasribeiraopreto.com.br\/index.php\/category\/empregos-classificados-vagas-trabalho\/vagas-de-empregos-em-ribeirao-preto-regiao-brasil\/"},"img":{"alt_text":"","src":"https:\/\/i0.wp.com\/noticiasribeiraopreto.com.br\/wp-content\/uploads\/2024\/02\/1708786762_latest.jpeg?fit=1200%2C675&ssl=1&resize=350%2C200","width":350,"height":200,"srcset":"https:\/\/i0.wp.com\/noticiasribeiraopreto.com.br\/wp-content\/uploads\/2024\/02\/1708786762_latest.jpeg?fit=1200%2C675&ssl=1&resize=350%2C200 1x, https:\/\/i0.wp.com\/noticiasribeiraopreto.com.br\/wp-content\/uploads\/2024\/02\/1708786762_latest.jpeg?fit=1200%2C675&ssl=1&resize=525%2C300 1.5x, https:\/\/i0.wp.com\/noticiasribeiraopreto.com.br\/wp-content\/uploads\/2024\/02\/1708786762_latest.jpeg?fit=1200%2C675&ssl=1&resize=700%2C400 2x, https:\/\/i0.wp.com\/noticiasribeiraopreto.com.br\/wp-content\/uploads\/2024\/02\/1708786762_latest.jpeg?fit=1200%2C675&ssl=1&resize=1050%2C600 3x"},"classes":[]},{"id":53445,"url":"https:\/\/noticiasribeiraopreto.com.br\/index.php\/2024\/06\/20\/vagas-de-emprego-para-atendente-em-ribeirao-preto-sp-4\/","url_meta":{"origin":47166,"position":2},"title":"Vagas de emprego para Atendente em Ribeir\u00e3o Preto-SP","author":"noticiasribeiraopreto.com.br","date":"20 de June de 2024","format":false,"excerpt":"ATENDENTE DE CAIXA Atendente de Loja - Presidente Vargas Atendente de Restaurante ATENDENTE REPOSITOR ATENDENTE REPOSITOR Camareira \/ Camarista (Escala 6x1) Atendente de Loja - Fast Food - Ribeir\u00e3o Preto Ribeir\u00e3o Preto - SP Efetivo Camareira \/ Camarista (Escala 6x1) Camareira \/ Camarista (Escala 6x1)","rel":"","context":"In &quot;Vagas de Emprego em Ribeir\u00e3o Preto-SP&quot;","block_context":{"text":"Vagas de Emprego em Ribeir\u00e3o Preto-SP","link":"https:\/\/noticiasribeiraopreto.com.br\/index.php\/category\/empregos-classificados-vagas-trabalho\/vagas-de-empregos-em-ribeirao-preto-regiao-brasil\/"},"img":{"alt_text":"","src":"https:\/\/i0.wp.com\/noticiasribeiraopreto.com.br\/wp-content\/uploads\/2024\/06\/latest.jpeg?fit=1200%2C675&ssl=1&resize=350%2C200","width":350,"height":200,"srcset":"https:\/\/i0.wp.com\/noticiasribeiraopreto.com.br\/wp-content\/uploads\/2024\/06\/latest.jpeg?fit=1200%2C675&ssl=1&resize=350%2C200 1x, https:\/\/i0.wp.com\/noticiasribeiraopreto.com.br\/wp-content\/uploads\/2024\/06\/latest.jpeg?fit=1200%2C675&ssl=1&resize=525%2C300 1.5x, https:\/\/i0.wp.com\/noticiasribeiraopreto.com.br\/wp-content\/uploads\/2024\/06\/latest.jpeg?fit=1200%2C675&ssl=1&resize=700%2C400 2x, https:\/\/i0.wp.com\/noticiasribeiraopreto.com.br\/wp-content\/uploads\/2024\/06\/latest.jpeg?fit=1200%2C675&ssl=1&resize=1050%2C600 3x"},"classes":[]},{"id":51081,"url":"https:\/\/noticiasribeiraopreto.com.br\/index.php\/2024\/05\/23\/vagas-de-emprego-para-atendente-em-ribeirao-preto-sp-3\/","url_meta":{"origin":47166,"position":3},"title":"Vagas de emprego para Atendente em Ribeir\u00e3o Preto-SP","author":"noticiasribeiraopreto.com.br","date":"23 de May de 2024","format":false,"excerpt":"Atendente de Loja - Presidente Vargas ATENDENTE REPOSITOR ATENDENTE REPOSITOR ATENDENTE REPOSITOR Atendente de Lanchonete Atendente de Hospedagem - ibis Styles Maurilio Biagi Atendente de Lanchonete Atendente de Lanchonete","rel":"","context":"In &quot;Vagas de Emprego em Ribeir\u00e3o Preto-SP&quot;","block_context":{"text":"Vagas de Emprego em Ribeir\u00e3o Preto-SP","link":"https:\/\/noticiasribeiraopreto.com.br\/index.php\/category\/empregos-classificados-vagas-trabalho\/vagas-de-empregos-em-ribeirao-preto-regiao-brasil\/"},"img":{"alt_text":"","src":"https:\/\/i0.wp.com\/noticiasribeiraopreto.com.br\/wp-content\/uploads\/2024\/05\/latest.jpeg?fit=1200%2C675&ssl=1&resize=350%2C200","width":350,"height":200,"srcset":"https:\/\/i0.wp.com\/noticiasribeiraopreto.com.br\/wp-content\/uploads\/2024\/05\/latest.jpeg?fit=1200%2C675&ssl=1&resize=350%2C200 1x, https:\/\/i0.wp.com\/noticiasribeiraopreto.com.br\/wp-content\/uploads\/2024\/05\/latest.jpeg?fit=1200%2C675&ssl=1&resize=525%2C300 1.5x, https:\/\/i0.wp.com\/noticiasribeiraopreto.com.br\/wp-content\/uploads\/2024\/05\/latest.jpeg?fit=1200%2C675&ssl=1&resize=700%2C400 2x, https:\/\/i0.wp.com\/noticiasribeiraopreto.com.br\/wp-content\/uploads\/2024\/05\/latest.jpeg?fit=1200%2C675&ssl=1&resize=1050%2C600 3x"},"classes":[]},{"id":42873,"url":"https:\/\/noticiasribeiraopreto.com.br\/index.php\/2024\/03\/17\/vaga-para-atendente-de-loja-em-ribeirao-preto-sp\/","url_meta":{"origin":47166,"position":4},"title":"Vaga para Atendente de loja em Ribeir\u00e3o Preto &#8211; SP","author":"noticiasribeiraopreto.com.br","date":"17 de March de 2024","format":false,"excerpt":"Vaga para Atendente de loja em Ribeir\u00e3o Preto - SP Vaga para Auxiliar de Produ\u00e7\u00e3o (tempor\u00e1rio) em Barretos - SP Vaga para Auxiliar de Dep\u00f3sito (tempor\u00e1rio) em Ribeir\u00e3o Preto - SP Vaga para Ajudante de Fertirriga\u00e7\u00e3o - Tempor\u00e1rio em Catanduvah\u00e1 3 dias Vaga para Auxiliar Administrativo em Ribeir\u00e3o Preto Vaga\u2026","rel":"","context":"In &quot;Vagas de Emprego em Ribeir\u00e3o Preto-SP&quot;","block_context":{"text":"Vagas de Emprego em Ribeir\u00e3o Preto-SP","link":"https:\/\/noticiasribeiraopreto.com.br\/index.php\/category\/empregos-classificados-vagas-trabalho\/vagas-de-empregos-em-ribeirao-preto-regiao-brasil\/"},"img":{"alt_text":"","src":"","width":0,"height":0},"classes":[]},{"id":48816,"url":"https:\/\/noticiasribeiraopreto.com.br\/index.php\/2024\/05\/06\/vaga-para-atendente-em-ribeirao-pretoha-4-horas\/","url_meta":{"origin":47166,"position":5},"title":"Vaga para Atendente em Ribeir\u00e3o Pretoh\u00e1 4 horas","author":"noticiasribeiraopreto.com.br","date":"6 de May de 2024","format":false,"excerpt":"Vaga para Atendente em Ribeir\u00e3o Pretoh\u00e1 4 horas Vaga para Supervisor de Transportes em Ribeir\u00e3o Preto - SPh\u00e1 5 horas Vaga para Assistente de Atendimento em Ribeir\u00e3o Preto Vaga para Auxiliar Administrativo em Ribeir\u00e3o Preto Vaga para Supervisor de Produ\u00e7\u00e3o em Ribeir\u00e3o Preto Vaga para Analista Jur\u00eddico em Ribeir\u00e3o Preto\u2026","rel":"","context":"In &quot;Vagas de Emprego em Ribeir\u00e3o Preto-SP&quot;","block_context":{"text":"Vagas de Emprego em Ribeir\u00e3o Preto-SP","link":"https:\/\/noticiasribeiraopreto.com.br\/index.php\/category\/empregos-classificados-vagas-trabalho\/vagas-de-empregos-em-ribeirao-preto-regiao-brasil\/"},"img":{"alt_text":"","src":"https:\/\/i0.wp.com\/noticiasribeiraopreto.com.br\/wp-content\/uploads\/2024\/05\/8228989.jpg?fit=1200%2C675&ssl=1&resize=350%2C200","width":350,"height":200,"srcset":"https:\/\/i0.wp.com\/noticiasribeiraopreto.com.br\/wp-content\/uploads\/2024\/05\/8228989.jpg?fit=1200%2C675&ssl=1&resize=350%2C200 1x, https:\/\/i0.wp.com\/noticiasribeiraopreto.com.br\/wp-content\/uploads\/2024\/05\/8228989.jpg?fit=1200%2C675&ssl=1&resize=525%2C300 1.5x, https:\/\/i0.wp.com\/noticiasribeiraopreto.com.br\/wp-content\/uploads\/2024\/05\/8228989.jpg?fit=1200%2C675&ssl=1&resize=700%2C400 2x, https:\/\/i0.wp.com\/noticiasribeiraopreto.com.br\/wp-content\/uploads\/2024\/05\/8228989.jpg?fit=1200%2C675&ssl=1&resize=1050%2C600 3x"},"classes":[]}],"jetpack_sharing_enabled":true,"jetpack_shortlink":"https:\/\/wp.me\/peQAOb-cgK","_links":{"self":[{"href":"https:\/\/noticiasribeiraopreto.com.br\/index.php\/wp-json\/wp\/v2\/posts\/47166","targetHints":{"allow":["GET"]}}],"collection":[{"href":"https:\/\/noticiasribeiraopreto.com.br\/index.php\/wp-json\/wp\/v2\/posts"}],"about":[{"href":"https:\/\/noticiasribeiraopreto.com.br\/index.php\/wp-json\/wp\/v2\/types\/post"}],"author":[{"embeddable":true,"href":"https:\/\/noticiasribeiraopreto.com.br\/index.php\/wp-json\/wp\/v2\/users\/1"}],"replies":[{"embeddable":true,"href":"https:\/\/noticiasribeiraopreto.com.br\/index.php\/wp-json\/wp\/v2\/comments?post=47166"}],"version-history":[{"count":0,"href":"https:\/\/noticiasribeiraopreto.com.br\/index.php\/wp-json\/wp\/v2\/posts\/47166\/revisions"}],"wp:featuredmedia":[{"embeddable":true,"href":"https:\/\/noticiasribeiraopreto.com.br\/index.php\/wp-json\/wp\/v2\/media\/47167"}],"wp:attachment":[{"href":"https:\/\/noticiasribeiraopreto.com.br\/index.php\/wp-json\/wp\/v2\/media?parent=47166"}],"wp:term":[{"taxonomy":"category","embeddable":true,"href":"https:\/\/noticiasribeiraopreto.com.br\/index.php\/wp-json\/wp\/v2\/categories?post=47166"},{"taxonomy":"post_tag","embeddable":true,"href":"https:\/\/noticiasribeiraopreto.com.br\/index.php\/wp-json\/wp\/v2\/tags?post=47166"}],"curies":[{"name":"wp","href":"https:\/\/api.w.org\/{rel}","templated":true}]}}